{"id":10199,"date":"2021-07-21T07:00:43","date_gmt":"2021-07-21T10:00:43","guid":{"rendered":"https:\/\/chelso.com.br\/site\/?p=10199"},"modified":"2021-07-20T17:59:02","modified_gmt":"2021-07-20T20:59:02","slug":"a-bicicleta-e-o-amor-pelas-criancas","status":"publish","type":"post","link":"https:\/\/chelso.com.br\/site\/a-bicicleta-e-o-amor-pelas-criancas\/","title":{"rendered":"A bicicleta e o amor pelas crian\u00e7as"},"content":{"rendered":"\t\t<div data-elementor-type=\"wp-post\" data-elementor-id=\"10199\" class=\"elementor elementor-10199\" data-elementor-post-type=\"post\">\n\t\t\t\t\t\t<section class=\"elementor-section elementor-top-section elementor-element elementor-element-c44339b elementor-section-boxed elementor-section-height-default elementor-section-height-default\" data-id=\"c44339b\" data-element_type=\"section\" data-e-type=\"section\">\n\t\t\t\t\t\t<div class=\"elementor-container elementor-column-gap-default\">\n\t\t\t\t\t<div class=\"elementor-column elementor-col-100 elementor-top-column elementor-element elementor-element-59e7ce71\" data-id=\"59e7ce71\" data-element_type=\"column\" data-e-type=\"column\">\n\t\t\t<div class=\"elementor-widget-wrap elementor-element-populated\">\n\t\t\t\t\t\t<div class=\"elementor-element elementor-element-3ae6e0f2 elementor-widget elementor-widget-text-editor\" data-id=\"3ae6e0f2\" data-element_type=\"widget\" data-e-type=\"widget\" data-widget_type=\"text-editor.default\">\n\t\t\t\t<div class=\"elementor-widget-container\">\n\t\t\t\t\t\t\t\t\t<p>Muitos pais limitam seus filhos por serem crian\u00e7as especiais, principalmente aqueles que possuem a S\u00edndrome de Down ou autismo.<\/p><p>\u00c9 muito importante atividade para sa\u00fade mental, f\u00edsica e social, principalmente a bicicleta, que faz parte de nossas vidas desde a inf\u00e2ncia.<\/p><p>Ensino a andar de bicicleta v\u00e1rias crian\u00e7as nessas condi\u00e7\u00f5es e posso afirmar com toda autonomia que s\u00e3o totalmente capazes!<\/p><p><a href=\"https:\/\/chelso.com.br\/site\/o-que-e-bike-trainer\/\">+ O que \u00e9 bike trainer?<\/a><\/p><p>Tem os que chegam com timidez, os que chegam ansiosos e os que j\u00e1 chegam sorrindo! Cada um aprende no seu tempo e momento. Trabalho de forma com que a crian\u00e7a se sinta bem, a vontade e n\u00e3o pressionada.<\/p><p><a href=\"http:\/\/www.runfor.com.br\"><img fetchpriority=\"high\" decoding=\"async\" class=\"alignnone\" src=\"https:\/\/chelso.com.br\/site\/wp-content\/uploads\/2020\/12\/banner-site.png\" alt=\"A bicicleta e o amor pelas crian\u00e7as\" width=\"728\" height=\"90\" \/><\/a><\/p><p>Quando eles aprendem a pedalar e olham para mim com aquele sorriso, \u00e9 muito, muuuuuito gratificante, ai eu ou\u00e7o:<\/p><blockquote><p>\u00a0Tia, voc\u00ea n\u00e3o estava me segurando e eu consegui ir sozinha!<\/p><p>Tia, eu fui sozinho!<\/p><p>Tia, eu aprendi, voc\u00ea viu!?<\/p><\/blockquote><p>O amor para eles muda tudo, e quando s\u00e3o inseridos n\u00e3o se sentem sozinhos nem fragilizados.<\/p><p>O respeito, igualdade, acessibilidade e inclus\u00e3o dessas pessoas os torna mais felizes, capacitados e \u00e9 de extrema import\u00e2ncia para o crescimento e desenvolvimento, tanto para a crian\u00e7a, quanto para o adulto.<\/p><p><a href=\"http:\/\/chelso.com.br\/\"><strong>+ J\u00e1 conhece nosso calend\u00e1rio de desafios? Acesse aqui.<\/strong><\/a><\/p>\t\t\t\t\t\t\t\t<\/div>\n\t\t\t\t<\/div>\n\t\t\t\t\t<\/div>\n\t\t<\/div>\n\t\t\t\t\t<\/div>\n\t\t<\/section>\n\t\t\t\t<\/div>\n\t\t","protected":false},"excerpt":{"rendered":"<p>Muitos pais limitam seus filhos por serem crian\u00e7as especiais, principalmente aqueles que possuem a S\u00edndrome de Down ou autismo. \u00c9 muito importante atividade para sa\u00fade mental, f\u00edsica e social, principalmente a bicicleta, que faz parte de nossas vidas desde a inf\u00e2ncia. Ensino a andar de bicicleta v\u00e1rias crian\u00e7as nessas condi\u00e7\u00f5es e posso afirmar com toda<\/p>\n","protected":false},"author":24,"featured_media":0,"comment_status":"open","ping_status":"closed","sticky":false,"template":"","format":"standard","meta":{"om_disable_all_campaigns":false,"_monsterinsights_skip_tracking":false,"_monsterinsights_sitenote_active":false,"_monsterinsights_sitenote_note":"","_monsterinsights_sitenote_category":0,"footnotes":""},"categories":[500,1,31],"tags":[797,796,817,730,168,795,735,41,816,95,129],"class_list":{"0":"post-10199","1":"post","2":"type-post","3":"status-publish","4":"format-standard","6":"category-historias-de-superacao","7":"category-sem-categoria","8":"category-treinos","9":"tag-andar-de-bicicleta","10":"tag-andar-de-bike","11":"tag-autismo","12":"tag-bicicleta","13":"tag-bike","14":"tag-bike-trainer","15":"tag-chelso","16":"tag-chelso-sports","17":"tag-down","18":"tag-esporte","19":"tag-superacao"},"aioseo_notices":[],"yoast_head":"<!-- This site is optimized with the Yoast SEO plugin v27.5 - https:\/\/yoast.com\/product\/yoast-seo-wordpress\/ -->\n<title>A bicicleta e o amor pelas crian\u00e7as - Portal Chelso Sports<\/title>\n<meta name=\"description\" content=\"No texto dessa semana, nossa colunista Alessandra Cardoso fala sobre a bicicleta e o amor pelas crian\u00e7a. Confira no blog da Chelso.\" \/>\n<meta name=\"robots\" content=\"index, follow, max-snippet:-1, max-image-preview:large, max-video-preview:-1\" \/>\n<link rel=\"canonical\" href=\"https:\/\/chelso.com.br\/site\/a-bicicleta-e-o-amor-pelas-criancas\/\" \/>\n<meta property=\"og:locale\" content=\"pt_BR\" \/>\n<meta property=\"og:type\" content=\"article\" \/>\n<meta property=\"og:title\" content=\"A bicicleta e o amor pelas crian\u00e7as - Portal Chelso Sports\" \/>\n<meta property=\"og:description\" content=\"No texto dessa semana, nossa colunista Alessandra Cardoso fala sobre a bicicleta e o amor pelas crian\u00e7a. Confira no blog da Chelso.\" \/>\n<meta property=\"og:url\" content=\"https:\/\/chelso.com.br\/site\/a-bicicleta-e-o-amor-pelas-criancas\/\" \/>\n<meta property=\"og:site_name\" content=\"Portal Chelso Sports\" \/>\n<meta property=\"article:published_time\" content=\"2021-07-21T10:00:43+00:00\" \/>\n<meta property=\"og:image\" content=\"https:\/\/chelso.com.br\/site\/wp-content\/uploads\/2021\/07\/WhatsApp-Image-2021-07-19-at-16.52.41-1.jpeg\" \/>\n\t<meta property=\"og:image:width\" content=\"1080\" \/>\n\t<meta property=\"og:image:height\" content=\"1451\" \/>\n\t<meta property=\"og:image:type\" content=\"image\/jpeg\" \/>\n<meta name=\"author\" content=\"Alessandra Cardoso\" \/>\n<meta name=\"twitter:card\" content=\"summary_large_image\" \/>\n<meta name=\"twitter:label1\" content=\"Escrito por\" \/>\n\t<meta name=\"twitter:data1\" content=\"Alessandra Cardoso\" \/>\n\t<meta name=\"twitter:label2\" content=\"Est. tempo de leitura\" \/>\n\t<meta name=\"twitter:data2\" content=\"2 minutos\" \/>\n<script type=\"application\/ld+json\" class=\"yoast-schema-graph\">{\"@context\":\"https:\\\/\\\/schema.org\",\"@graph\":[{\"@type\":\"Article\",\"@id\":\"https:\\\/\\\/chelso.com.br\\\/site\\\/a-bicicleta-e-o-amor-pelas-criancas\\\/#article\",\"isPartOf\":{\"@id\":\"https:\\\/\\\/chelso.com.br\\\/site\\\/a-bicicleta-e-o-amor-pelas-criancas\\\/\"},\"author\":{\"name\":\"Alessandra Cardoso\",\"@id\":\"https:\\\/\\\/chelso.com.br\\\/site\\\/#\\\/schema\\\/person\\\/3c7d7694843ca3e85839087163693222\"},\"headline\":\"A bicicleta e o amor pelas crian\u00e7as\",\"datePublished\":\"2021-07-21T10:00:43+00:00\",\"mainEntityOfPage\":{\"@id\":\"https:\\\/\\\/chelso.com.br\\\/site\\\/a-bicicleta-e-o-amor-pelas-criancas\\\/\"},\"wordCount\":221,\"commentCount\":0,\"image\":{\"@id\":\"https:\\\/\\\/chelso.com.br\\\/site\\\/a-bicicleta-e-o-amor-pelas-criancas\\\/#primaryimage\"},\"thumbnailUrl\":\"https:\\\/\\\/chelso.com.br\\\/site\\\/wp-content\\\/uploads\\\/2020\\\/12\\\/banner-site.png\",\"keywords\":[\"andar de bicicleta\",\"andar de bike\",\"autismo\",\"Bicicleta\",\"bike\",\"bike trainer\",\"Chelso\",\"chelso sports\",\"down\",\"esporte\",\"Supera\u00e7\u00e3o\"],\"articleSection\":{\"0\":\"Hist\u00f3rias de Supera\u00e7\u00e3o\",\"2\":\"Treinos\"},\"inLanguage\":\"pt-BR\",\"potentialAction\":[{\"@type\":\"CommentAction\",\"name\":\"Comment\",\"target\":[\"https:\\\/\\\/chelso.com.br\\\/site\\\/a-bicicleta-e-o-amor-pelas-criancas\\\/#respond\"]}]},{\"@type\":\"WebPage\",\"@id\":\"https:\\\/\\\/chelso.com.br\\\/site\\\/a-bicicleta-e-o-amor-pelas-criancas\\\/\",\"url\":\"https:\\\/\\\/chelso.com.br\\\/site\\\/a-bicicleta-e-o-amor-pelas-criancas\\\/\",\"name\":\"A bicicleta e o amor pelas crian\u00e7as - Portal Chelso Sports\",\"isPartOf\":{\"@id\":\"https:\\\/\\\/chelso.com.br\\\/site\\\/#website\"},\"primaryImageOfPage\":{\"@id\":\"https:\\\/\\\/chelso.com.br\\\/site\\\/a-bicicleta-e-o-amor-pelas-criancas\\\/#primaryimage\"},\"image\":{\"@id\":\"https:\\\/\\\/chelso.com.br\\\/site\\\/a-bicicleta-e-o-amor-pelas-criancas\\\/#primaryimage\"},\"thumbnailUrl\":\"https:\\\/\\\/chelso.com.br\\\/site\\\/wp-content\\\/uploads\\\/2020\\\/12\\\/banner-site.png\",\"datePublished\":\"2021-07-21T10:00:43+00:00\",\"author\":{\"@id\":\"https:\\\/\\\/chelso.com.br\\\/site\\\/#\\\/schema\\\/person\\\/3c7d7694843ca3e85839087163693222\"},\"description\":\"No texto dessa semana, nossa colunista Alessandra Cardoso fala sobre a bicicleta e o amor pelas crian\u00e7a. Confira no blog da Chelso.\",\"breadcrumb\":{\"@id\":\"https:\\\/\\\/chelso.com.br\\\/site\\\/a-bicicleta-e-o-amor-pelas-criancas\\\/#breadcrumb\"},\"inLanguage\":\"pt-BR\",\"potentialAction\":[{\"@type\":\"ReadAction\",\"target\":[\"https:\\\/\\\/chelso.com.br\\\/site\\\/a-bicicleta-e-o-amor-pelas-criancas\\\/\"]}]},{\"@type\":\"ImageObject\",\"inLanguage\":\"pt-BR\",\"@id\":\"https:\\\/\\\/chelso.com.br\\\/site\\\/a-bicicleta-e-o-amor-pelas-criancas\\\/#primaryimage\",\"url\":\"\",\"contentUrl\":\"\"},{\"@type\":\"BreadcrumbList\",\"@id\":\"https:\\\/\\\/chelso.com.br\\\/site\\\/a-bicicleta-e-o-amor-pelas-criancas\\\/#breadcrumb\",\"itemListElement\":[{\"@type\":\"ListItem\",\"position\":1,\"name\":\"In\u00edcio\",\"item\":\"https:\\\/\\\/chelso.com.br\\\/site\\\/\"},{\"@type\":\"ListItem\",\"position\":2,\"name\":\"A bicicleta e o amor pelas crian\u00e7as\"}]},{\"@type\":\"WebSite\",\"@id\":\"https:\\\/\\\/chelso.com.br\\\/site\\\/#website\",\"url\":\"https:\\\/\\\/chelso.com.br\\\/site\\\/\",\"name\":\"Portal Chelso Sports\",\"description\":\"Conte\u00fado especializado em corrida de rua e triathlon\",\"potentialAction\":[{\"@type\":\"SearchAction\",\"target\":{\"@type\":\"EntryPoint\",\"urlTemplate\":\"https:\\\/\\\/chelso.com.br\\\/site\\\/?s={search_term_string}\"},\"query-input\":{\"@type\":\"PropertyValueSpecification\",\"valueRequired\":true,\"valueName\":\"search_term_string\"}}],\"inLanguage\":\"pt-BR\"},{\"@type\":\"Person\",\"@id\":\"https:\\\/\\\/chelso.com.br\\\/site\\\/#\\\/schema\\\/person\\\/3c7d7694843ca3e85839087163693222\",\"name\":\"Alessandra Cardoso\",\"image\":{\"@type\":\"ImageObject\",\"inLanguage\":\"pt-BR\",\"@id\":\"https:\\\/\\\/secure.gravatar.com\\\/avatar\\\/db468fe96559553506ed5b4f00a01e8c0f73fe00398ee9ebf931b76fafef6384?s=96&d=mm&r=g\",\"url\":\"https:\\\/\\\/secure.gravatar.com\\\/avatar\\\/db468fe96559553506ed5b4f00a01e8c0f73fe00398ee9ebf931b76fafef6384?s=96&d=mm&r=g\",\"contentUrl\":\"https:\\\/\\\/secure.gravatar.com\\\/avatar\\\/db468fe96559553506ed5b4f00a01e8c0f73fe00398ee9ebf931b76fafef6384?s=96&d=mm&r=g\",\"caption\":\"Alessandra Cardoso\"},\"description\":\"Alessandra Cardoso, atleta, empres\u00e1ria administradora, ex-maratonista de mountain bike e corredora de rua. Credenciada em condu\u00e7\u00e3o de bicicletas pela \u201cFedera\u00e7\u00e3o Paulista de Ciclismo\u201d e multiplicadora de educa\u00e7\u00e3o para o tr\u00e2nsito, pelo \u201cDetran-SP\u201d, al\u00e9m de treinadora de pessoas em bicicleta e vida saud\u00e1vel, com mais de 25 anos de experi\u00eancia.\",\"sameAs\":[\"http:\\\/\\\/ale_cardosobiketrainer\"],\"url\":\"https:\\\/\\\/chelso.com.br\\\/site\\\/author\\\/alecardoso\\\/\"}]}<\/script>\n<!-- \/ Yoast SEO plugin. -->","yoast_head_json":{"title":"A bicicleta e o amor pelas crian\u00e7as - Portal Chelso Sports","description":"No texto dessa semana, nossa colunista Alessandra Cardoso fala sobre a bicicleta e o amor pelas crian\u00e7a. Confira no blog da Chelso.","robots":{"index":"index","follow":"follow","max-snippet":"max-snippet:-1","max-image-preview":"max-image-preview:large","max-video-preview":"max-video-preview:-1"},"canonical":"https:\/\/chelso.com.br\/site\/a-bicicleta-e-o-amor-pelas-criancas\/","og_locale":"pt_BR","og_type":"article","og_title":"A bicicleta e o amor pelas crian\u00e7as - Portal Chelso Sports","og_description":"No texto dessa semana, nossa colunista Alessandra Cardoso fala sobre a bicicleta e o amor pelas crian\u00e7a. Confira no blog da Chelso.","og_url":"https:\/\/chelso.com.br\/site\/a-bicicleta-e-o-amor-pelas-criancas\/","og_site_name":"Portal Chelso Sports","article_published_time":"2021-07-21T10:00:43+00:00","og_image":[{"width":1080,"height":1451,"url":"https:\/\/chelso.com.br\/site\/wp-content\/uploads\/2021\/07\/WhatsApp-Image-2021-07-19-at-16.52.41-1.jpeg","type":"image\/jpeg"}],"author":"Alessandra Cardoso","twitter_card":"summary_large_image","twitter_misc":{"Escrito por":"Alessandra Cardoso","Est. tempo de leitura":"2 minutos"},"schema":{"@context":"https:\/\/schema.org","@graph":[{"@type":"Article","@id":"https:\/\/chelso.com.br\/site\/a-bicicleta-e-o-amor-pelas-criancas\/#article","isPartOf":{"@id":"https:\/\/chelso.com.br\/site\/a-bicicleta-e-o-amor-pelas-criancas\/"},"author":{"name":"Alessandra Cardoso","@id":"https:\/\/chelso.com.br\/site\/#\/schema\/person\/3c7d7694843ca3e85839087163693222"},"headline":"A bicicleta e o amor pelas crian\u00e7as","datePublished":"2021-07-21T10:00:43+00:00","mainEntityOfPage":{"@id":"https:\/\/chelso.com.br\/site\/a-bicicleta-e-o-amor-pelas-criancas\/"},"wordCount":221,"commentCount":0,"image":{"@id":"https:\/\/chelso.com.br\/site\/a-bicicleta-e-o-amor-pelas-criancas\/#primaryimage"},"thumbnailUrl":"https:\/\/chelso.com.br\/site\/wp-content\/uploads\/2020\/12\/banner-site.png","keywords":["andar de bicicleta","andar de bike","autismo","Bicicleta","bike","bike trainer","Chelso","chelso sports","down","esporte","Supera\u00e7\u00e3o"],"articleSection":{"0":"Hist\u00f3rias de Supera\u00e7\u00e3o","2":"Treinos"},"inLanguage":"pt-BR","potentialAction":[{"@type":"CommentAction","name":"Comment","target":["https:\/\/chelso.com.br\/site\/a-bicicleta-e-o-amor-pelas-criancas\/#respond"]}]},{"@type":"WebPage","@id":"https:\/\/chelso.com.br\/site\/a-bicicleta-e-o-amor-pelas-criancas\/","url":"https:\/\/chelso.com.br\/site\/a-bicicleta-e-o-amor-pelas-criancas\/","name":"A bicicleta e o amor pelas crian\u00e7as - Portal Chelso Sports","isPartOf":{"@id":"https:\/\/chelso.com.br\/site\/#website"},"primaryImageOfPage":{"@id":"https:\/\/chelso.com.br\/site\/a-bicicleta-e-o-amor-pelas-criancas\/#primaryimage"},"image":{"@id":"https:\/\/chelso.com.br\/site\/a-bicicleta-e-o-amor-pelas-criancas\/#primaryimage"},"thumbnailUrl":"https:\/\/chelso.com.br\/site\/wp-content\/uploads\/2020\/12\/banner-site.png","datePublished":"2021-07-21T10:00:43+00:00","author":{"@id":"https:\/\/chelso.com.br\/site\/#\/schema\/person\/3c7d7694843ca3e85839087163693222"},"description":"No texto dessa semana, nossa colunista Alessandra Cardoso fala sobre a bicicleta e o amor pelas crian\u00e7a. Confira no blog da Chelso.","breadcrumb":{"@id":"https:\/\/chelso.com.br\/site\/a-bicicleta-e-o-amor-pelas-criancas\/#breadcrumb"},"inLanguage":"pt-BR","potentialAction":[{"@type":"ReadAction","target":["https:\/\/chelso.com.br\/site\/a-bicicleta-e-o-amor-pelas-criancas\/"]}]},{"@type":"ImageObject","inLanguage":"pt-BR","@id":"https:\/\/chelso.com.br\/site\/a-bicicleta-e-o-amor-pelas-criancas\/#primaryimage","url":"","contentUrl":""},{"@type":"BreadcrumbList","@id":"https:\/\/chelso.com.br\/site\/a-bicicleta-e-o-amor-pelas-criancas\/#breadcrumb","itemListElement":[{"@type":"ListItem","position":1,"name":"In\u00edcio","item":"https:\/\/chelso.com.br\/site\/"},{"@type":"ListItem","position":2,"name":"A bicicleta e o amor pelas crian\u00e7as"}]},{"@type":"WebSite","@id":"https:\/\/chelso.com.br\/site\/#website","url":"https:\/\/chelso.com.br\/site\/","name":"Portal Chelso Sports","description":"Conte\u00fado especializado em corrida de rua e triathlon","potentialAction":[{"@type":"SearchAction","target":{"@type":"EntryPoint","urlTemplate":"https:\/\/chelso.com.br\/site\/?s={search_term_string}"},"query-input":{"@type":"PropertyValueSpecification","valueRequired":true,"valueName":"search_term_string"}}],"inLanguage":"pt-BR"},{"@type":"Person","@id":"https:\/\/chelso.com.br\/site\/#\/schema\/person\/3c7d7694843ca3e85839087163693222","name":"Alessandra Cardoso","image":{"@type":"ImageObject","inLanguage":"pt-BR","@id":"https:\/\/secure.gravatar.com\/avatar\/db468fe96559553506ed5b4f00a01e8c0f73fe00398ee9ebf931b76fafef6384?s=96&d=mm&r=g","url":"https:\/\/secure.gravatar.com\/avatar\/db468fe96559553506ed5b4f00a01e8c0f73fe00398ee9ebf931b76fafef6384?s=96&d=mm&r=g","contentUrl":"https:\/\/secure.gravatar.com\/avatar\/db468fe96559553506ed5b4f00a01e8c0f73fe00398ee9ebf931b76fafef6384?s=96&d=mm&r=g","caption":"Alessandra Cardoso"},"description":"Alessandra Cardoso, atleta, empres\u00e1ria administradora, ex-maratonista de mountain bike e corredora de rua. Credenciada em condu\u00e7\u00e3o de bicicletas pela \u201cFedera\u00e7\u00e3o Paulista de Ciclismo\u201d e multiplicadora de educa\u00e7\u00e3o para o tr\u00e2nsito, pelo \u201cDetran-SP\u201d, al\u00e9m de treinadora de pessoas em bicicleta e vida saud\u00e1vel, com mais de 25 anos de experi\u00eancia.","sameAs":["http:\/\/ale_cardosobiketrainer"],"url":"https:\/\/chelso.com.br\/site\/author\/alecardoso\/"}]}},"amp_enabled":true,"_links":{"self":[{"href":"https:\/\/chelso.com.br\/site\/wp-json\/wp\/v2\/posts\/10199","targetHints":{"allow":["GET"]}}],"collection":[{"href":"https:\/\/chelso.com.br\/site\/wp-json\/wp\/v2\/posts"}],"about":[{"href":"https:\/\/chelso.com.br\/site\/wp-json\/wp\/v2\/types\/post"}],"author":[{"embeddable":true,"href":"https:\/\/chelso.com.br\/site\/wp-json\/wp\/v2\/users\/24"}],"replies":[{"embeddable":true,"href":"https:\/\/chelso.com.br\/site\/wp-json\/wp\/v2\/comments?post=10199"}],"version-history":[{"count":1,"href":"https:\/\/chelso.com.br\/site\/wp-json\/wp\/v2\/posts\/10199\/revisions"}],"predecessor-version":[{"id":10202,"href":"https:\/\/chelso.com.br\/site\/wp-json\/wp\/v2\/posts\/10199\/revisions\/10202"}],"wp:attachment":[{"href":"https:\/\/chelso.com.br\/site\/wp-json\/wp\/v2\/media?parent=10199"}],"wp:term":[{"taxonomy":"category","embeddable":true,"href":"https:\/\/chelso.com.br\/site\/wp-json\/wp\/v2\/categories?post=10199"},{"taxonomy":"post_tag","embeddable":true,"href":"https:\/\/chelso.com.br\/site\/wp-json\/wp\/v2\/tags?post=10199"}],"curies":[{"name":"wp","href":"https:\/\/api.w.org\/{rel}","templated":true}]}}