{"id":10635,"date":"2021-07-29T13:54:27","date_gmt":"2021-07-29T16:54:27","guid":{"rendered":"https:\/\/chelso.com.br\/site\/?p=10635"},"modified":"2021-07-29T13:54:27","modified_gmt":"2021-07-29T16:54:27","slug":"atletismo-do-brasil-nas-olimpiadas-de-toquio","status":"publish","type":"post","link":"https:\/\/chelso.com.br\/site\/atletismo-do-brasil-nas-olimpiadas-de-toquio\/","title":{"rendered":"Atletismo do Brasil nas Olimp\u00edadas de T\u00f3quio"},"content":{"rendered":"<p>Com 55 inscritos, a equipe de atletismo do Brasil estreia nesta quinta-feira (29\/7), a partir das 21:15 de Bras\u00edlia, nos Jogos Ol\u00edmpicos de T\u00f3quio. As competi\u00e7\u00f5es do primeiro dia est\u00e3o previstas para o Est\u00e1dio Ol\u00edmpico do Jap\u00e3o, sem a presen\u00e7a de p\u00fablico, mas com os sonhos de uma gera\u00e7\u00e3o que teve que ver adiado o evento, inicialmente previsto para 2020, devido \u00e0 pandemia da COVID-19. O atletismo, um dos principais esportes da programa\u00e7\u00e3o ol\u00edmpica, reunir\u00e1 cerca de 1.900 atletas de 190 pa\u00edses at\u00e9 o dia 8 de agosto.<\/p>\n<p>Os desafios foram in\u00fameros com o fechamento de fronteiras, de Centros de Treinamento, cancelamento e adiamento de eventos, como os pr\u00f3prios Jogos, e a tristeza provocada pelos milhares de mortos e de contaminados pela doen\u00e7a. T\u00f3quio ser\u00e1 sede das provas de pista e campo, e Sapporo, que fica a cerca de 800 km da capital japonesa, receber\u00e1 as maratonas e as provas de marcha atl\u00e9tica.<\/p>\n<p><a href=\"https:\/\/chelso.com.br\/site\/provas-presenciais\/\">Saiba tudo sobre o nosso calend\u00e1rio de provas presenciais<\/a><\/p>\n<h2>Estreia do Atletismo do Brasil nas Olimp\u00edadas de T\u00f3quio<\/h2>\n<p>Nesta quinta-feira do Brasil (29\/7), est\u00e1 prevista a participa\u00e7\u00e3o de sete dos 55 atletas da delega\u00e7\u00e3o em qualifica\u00e7\u00f5es e eliminat\u00f3rias (a World Athletics publicar\u00e1 as listas de sa\u00edda). Mas est\u00e3o marcadas a qualifica\u00e7\u00e3o do salto em altura, com Fernando Ferreira e Thiago Moura, a partir das 21:15, as eliminat\u00f3rias dos 3.000 m com obst\u00e1culos, com Altobeli Santos Silva, \u00e0s 21:30, dos 400 m com barreiras, com Alison dos Santos e Marcio Teles, \u00e0s 23:25, e fechando a programa\u00e7\u00e3o as eliminat\u00f3rias dos 100 m, com Vitoria Rosa e Rosangela Santos, j\u00e1 \u00e0s 00:15 de sexta-feira (30\/7) \u2013 todos hor\u00e1rios de Bras\u00edlia.<\/p>\n<p>Apontado como um dos destaques da competi\u00e7\u00e3o pela WA, Alison dos Santos, l\u00edder da prova dos 400 m com barreiras da Liga Diamante, o principal circuito internacional de competi\u00e7\u00f5es do esporte, compete a partir das 23:25 de Bras\u00edlia. \u201cQuero muito passar para a semifinal e fazer a final, ser medalhista e obter meu recorde pessoal\u201d, comentou o atleta paulista de 21 anos, que quebrou quatro vezes o recorde sul-americano da especialidade em 2021 e ocupa o terceiro lugar no Ranking Mundial, com 47.34, tempo obtido no dia 4 de julho, na etapa da Liga Diamante de Estocolmo, na Su\u00e9cia.<\/p>\n<p>A velocista Rosangela Santos, medalha de bronze no revezamento 4&#215;100 m de Pequim-2008, n\u00e3o esconde a sua ansiedade para a estreia ol\u00edmpica em T\u00f3quio. \u201cMeu objetivo \u00e9 chegar \u00e0 final e melhorar minha marca\u201d, disse a atleta nascida em Washington DC, nos Estados Unidos, mas criada desde beb\u00ea no Rio de Janeiro. \u201cTor\u00e7o ainda para uma boa apresenta\u00e7\u00e3o do 4&#215;100 m feminino\u201d, completou a recordista sul-americana dos 100 m, com 10.91, tempo obtido na final do Mundial de Londres-2017.<\/p>\n<h4><em>Confira o v\u00eddeo que n\u00f3s fizemos em nosso canal do Youtube sobre o Atletismo do Brasil nas Olimp\u00edadas de T\u00f3quio<\/em><\/h4>\n<iframe  id=\"_ytid_29890\"  width=\"788\" height=\"443\"  data-origwidth=\"788\" data-origheight=\"443\" src=\"https:\/\/www.youtube.com\/embed\/ZpkqXMj9mHE?enablejsapi=1&autoplay=0&cc_load_policy=0&cc_lang_pref=&iv_load_policy=1&loop=0&rel=1&fs=1&playsinline=0&autohide=2&theme=dark&color=red&controls=1&disablekb=0&\" class=\"__youtube_prefs__  no-lazyload\" title=\"YouTube player\"  allow=\"fullscreen; accelerometer; autoplay; clipboard-write; encrypted-media; gyroscope; picture-in-picture; web-share\" referrerpolicy=\"strict-origin-when-cross-origin\" allowfullscreen data-no-lazy=\"1\" data-skipgform_ajax_framebjll=\"\"><\/iframe>\n<p>A maioria dos atletas convocados passou pelo per\u00edodo de aclimata\u00e7\u00e3o na cidade de Saitama, a cerca de 30 km de T\u00f3quio, a\u00e7\u00e3o fundamental para adapta\u00e7\u00e3o \u00e0 mudan\u00e7a de fuso hor\u00e1rio e ao calor. Todos tiveram condi\u00e7\u00f5es de treinar e o acompanhamento de sa\u00fade (m\u00e9dicos, fisioterapeutas e massoterapeutas), al\u00e9m de ter comida brasileira \u2013 todas as medidas proporcionadas pelo programa do Comit\u00ea Ol\u00edmpico do Brasil (COB) em parceria com a Confedera\u00e7\u00e3o Brasileira de Atletismo (CBAt).<\/p>\n<p>Todos os integrantes da delega\u00e7\u00e3o brasileira est\u00e3o passando por rigorosos controles, fazendo PCR todos os dias pela manh\u00e3, em jejum, e respondendo question\u00e1rio espec\u00edfico, tamb\u00e9m di\u00e1rios, sobre sa\u00fade, al\u00e9m de seguir os protocolos sanit\u00e1rios com o uso de m\u00e1scaras e o uso constante de \u00e1lcool em gel.<\/p>\n<p>A previs\u00e3o do clima para esta sexta-feira, no hor\u00e1rio do Jap\u00e3o, \u00e9 de calor de 32 graus, com sensa\u00e7\u00e3o de 35, e pancadas de chuva \u00e0 tarde, condi\u00e7\u00f5es t\u00edpicas do ver\u00e3o asi\u00e1tico.<\/p>\n<p>\u201cTenho certeza de que o Brasil estar\u00e1 bem representado no Jap\u00e3o porque todos conquistaram as suas vagas em competi\u00e7\u00f5es oficiais. Vou torcer para que todos possam fazer o seu melhor\u201d, comentou o presidente do Conselho de Administra\u00e7\u00e3o da CBAt, Wlamir Motta Campos.<\/p>\n<p><a href=\"https:\/\/chelso.com.br\/site\/category\/noticias\/\">Acompanhe nossa cobertura especial do Atletismo nas Olimp\u00edadas<\/a><\/p>\n<p>\u201cO desafio para a defini\u00e7\u00e3o da sele\u00e7\u00e3o brasileira foi enorme por causa das dificuldades enfrentadas em todo o mundo. Assim como est\u00e1 sendo a log\u00edstica da prepara\u00e7\u00e3o final dos atletas para os Jogos. Por isso, a partir do dia 9 de agosto, ap\u00f3s o encerramento da Olimp\u00edada de T\u00f3quio, j\u00e1 come\u00e7aremos a trabalhar para Paris-2024\u201d, disse Claudio Castilho, diretor executivo da CBAt e chefe de miss\u00e3o da equipe.<\/p>\n<p>Mais informa\u00e7\u00f5es sobre o atletismo no Jap\u00e3o, como perfis dos atletas e programa hor\u00e1rio\u00a0<a href=\"https:\/\/cbat.org.br\/novo\/competicoes\/toquio_2020\/\" target=\"_blank\" rel=\"noopener noreferrer\">CLIQUE AQUI<\/a><\/p>\n<p>*Com informa\u00e7\u00f5es da CBAt<\/p>\n","protected":false},"excerpt":{"rendered":"<p>Com 55 inscritos, a equipe de atletismo do Brasil estreia nesta quinta-feira (29\/7), a partir das 21:15 de Bras\u00edlia, nos Jogos Ol\u00edmpicos de T\u00f3quio. As competi\u00e7\u00f5es do primeiro dia est\u00e3o previstas para o Est\u00e1dio Ol\u00edmpico do Jap\u00e3o, sem a presen\u00e7a de p\u00fablico, mas com os sonhos de uma gera\u00e7\u00e3o que teve que ver adiado o<\/p>\n","protected":false},"author":21,"featured_media":0,"comment_status":"open","ping_status":"closed","sticky":false,"template":"","format":"standard","meta":{"om_disable_all_campaigns":false,"_monsterinsights_skip_tracking":false,"_monsterinsights_sitenote_active":false,"_monsterinsights_sitenote_note":"","_monsterinsights_sitenote_category":0,"footnotes":""},"categories":[30],"tags":[733,801,800,752,52,747,833,834],"class_list":{"0":"post-10635","1":"post","2":"type-post","3":"status-publish","4":"format-standard","6":"category-noticias","7":"tag-atletismo","8":"tag-brasil","9":"tag-cbat","10":"tag-jogos-olimpicos","11":"tag-maratona","12":"tag-olimpiadas","13":"tag-time-brasil","14":"tag-toquio"},"aioseo_notices":[],"yoast_head":"<!-- This site is optimized with the Yoast SEO plugin v27.5 - https:\/\/yoast.com\/product\/yoast-seo-wordpress\/ -->\n<title>Atletismo do Brasil nas Olimp\u00edadas de T\u00f3quio - Portal Chelso Sports<\/title>\n<meta name=\"description\" content=\"Com a participa\u00e7\u00e3o de 55 atletas, Atletismo do Brasil estreia nessa quinta nas Olimp\u00edadas de T\u00f3quio de olho nas medalhas.\" \/>\n<meta name=\"robots\" content=\"index, follow, max-snippet:-1, max-image-preview:large, max-video-preview:-1\" \/>\n<link rel=\"canonical\" href=\"https:\/\/chelso.com.br\/site\/atletismo-do-brasil-nas-olimpiadas-de-toquio\/\" \/>\n<meta property=\"og:locale\" content=\"pt_BR\" \/>\n<meta property=\"og:type\" content=\"article\" \/>\n<meta property=\"og:title\" content=\"Atletismo do Brasil nas Olimp\u00edadas de T\u00f3quio - Portal Chelso Sports\" \/>\n<meta property=\"og:description\" content=\"Com a participa\u00e7\u00e3o de 55 atletas, Atletismo do Brasil estreia nessa quinta nas Olimp\u00edadas de T\u00f3quio de olho nas medalhas.\" \/>\n<meta property=\"og:url\" content=\"https:\/\/chelso.com.br\/site\/atletismo-do-brasil-nas-olimpiadas-de-toquio\/\" \/>\n<meta property=\"og:site_name\" content=\"Portal Chelso Sports\" \/>\n<meta property=\"article:published_time\" content=\"2021-07-29T16:54:27+00:00\" \/>\n<meta property=\"og:image\" content=\"https:\/\/chelso.com.br\/site\/wp-content\/uploads\/2021\/07\/30861.jpg\" \/>\n\t<meta property=\"og:image:width\" content=\"1500\" \/>\n\t<meta property=\"og:image:height\" content=\"998\" \/>\n\t<meta property=\"og:image:type\" content=\"image\/jpeg\" \/>\n<meta name=\"author\" content=\"Chelso\" \/>\n<meta name=\"twitter:card\" content=\"summary_large_image\" \/>\n<meta name=\"twitter:label1\" content=\"Escrito por\" \/>\n\t<meta name=\"twitter:data1\" content=\"Chelso\" \/>\n\t<meta name=\"twitter:label2\" content=\"Est. tempo de leitura\" \/>\n\t<meta name=\"twitter:data2\" content=\"4 minutos\" \/>\n<script type=\"application\/ld+json\" class=\"yoast-schema-graph\">{\"@context\":\"https:\\\/\\\/schema.org\",\"@graph\":[{\"@type\":\"Article\",\"@id\":\"https:\\\/\\\/chelso.com.br\\\/site\\\/atletismo-do-brasil-nas-olimpiadas-de-toquio\\\/#article\",\"isPartOf\":{\"@id\":\"https:\\\/\\\/chelso.com.br\\\/site\\\/atletismo-do-brasil-nas-olimpiadas-de-toquio\\\/\"},\"author\":{\"name\":\"Chelso\",\"@id\":\"https:\\\/\\\/chelso.com.br\\\/site\\\/#\\\/schema\\\/person\\\/06bf484f0ccbb71d4fd2128d594e1d0a\"},\"headline\":\"Atletismo do Brasil nas Olimp\u00edadas de T\u00f3quio\",\"datePublished\":\"2021-07-29T16:54:27+00:00\",\"mainEntityOfPage\":{\"@id\":\"https:\\\/\\\/chelso.com.br\\\/site\\\/atletismo-do-brasil-nas-olimpiadas-de-toquio\\\/\"},\"wordCount\":838,\"commentCount\":0,\"keywords\":[\"Atletismo\",\"Brasil\",\"CBAt\",\"Jogos Ol\u00edmpicos\",\"Maratona\",\"olimp\u00edadas\",\"Time Brasil\",\"T\u00f3quio\"],\"articleSection\":[\"Not\u00edcias\"],\"inLanguage\":\"pt-BR\",\"potentialAction\":[{\"@type\":\"CommentAction\",\"name\":\"Comment\",\"target\":[\"https:\\\/\\\/chelso.com.br\\\/site\\\/atletismo-do-brasil-nas-olimpiadas-de-toquio\\\/#respond\"]}]},{\"@type\":\"WebPage\",\"@id\":\"https:\\\/\\\/chelso.com.br\\\/site\\\/atletismo-do-brasil-nas-olimpiadas-de-toquio\\\/\",\"url\":\"https:\\\/\\\/chelso.com.br\\\/site\\\/atletismo-do-brasil-nas-olimpiadas-de-toquio\\\/\",\"name\":\"Atletismo do Brasil nas Olimp\u00edadas de T\u00f3quio - Portal Chelso Sports\",\"isPartOf\":{\"@id\":\"https:\\\/\\\/chelso.com.br\\\/site\\\/#website\"},\"datePublished\":\"2021-07-29T16:54:27+00:00\",\"author\":{\"@id\":\"https:\\\/\\\/chelso.com.br\\\/site\\\/#\\\/schema\\\/person\\\/06bf484f0ccbb71d4fd2128d594e1d0a\"},\"description\":\"Com a participa\u00e7\u00e3o de 55 atletas, Atletismo do Brasil estreia nessa quinta nas Olimp\u00edadas de T\u00f3quio de olho nas medalhas.\",\"breadcrumb\":{\"@id\":\"https:\\\/\\\/chelso.com.br\\\/site\\\/atletismo-do-brasil-nas-olimpiadas-de-toquio\\\/#breadcrumb\"},\"inLanguage\":\"pt-BR\",\"potentialAction\":[{\"@type\":\"ReadAction\",\"target\":[\"https:\\\/\\\/chelso.com.br\\\/site\\\/atletismo-do-brasil-nas-olimpiadas-de-toquio\\\/\"]}]},{\"@type\":\"BreadcrumbList\",\"@id\":\"https:\\\/\\\/chelso.com.br\\\/site\\\/atletismo-do-brasil-nas-olimpiadas-de-toquio\\\/#breadcrumb\",\"itemListElement\":[{\"@type\":\"ListItem\",\"position\":1,\"name\":\"In\u00edcio\",\"item\":\"https:\\\/\\\/chelso.com.br\\\/site\\\/\"},{\"@type\":\"ListItem\",\"position\":2,\"name\":\"Atletismo do Brasil nas Olimp\u00edadas de T\u00f3quio\"}]},{\"@type\":\"WebSite\",\"@id\":\"https:\\\/\\\/chelso.com.br\\\/site\\\/#website\",\"url\":\"https:\\\/\\\/chelso.com.br\\\/site\\\/\",\"name\":\"Portal Chelso Sports\",\"description\":\"Conte\u00fado especializado em corrida de rua e triathlon\",\"potentialAction\":[{\"@type\":\"SearchAction\",\"target\":{\"@type\":\"EntryPoint\",\"urlTemplate\":\"https:\\\/\\\/chelso.com.br\\\/site\\\/?s={search_term_string}\"},\"query-input\":{\"@type\":\"PropertyValueSpecification\",\"valueRequired\":true,\"valueName\":\"search_term_string\"}}],\"inLanguage\":\"pt-BR\"},{\"@type\":\"Person\",\"@id\":\"https:\\\/\\\/chelso.com.br\\\/site\\\/#\\\/schema\\\/person\\\/06bf484f0ccbb71d4fd2128d594e1d0a\",\"name\":\"Chelso\",\"image\":{\"@type\":\"ImageObject\",\"inLanguage\":\"pt-BR\",\"@id\":\"https:\\\/\\\/chelso.com.br\\\/site\\\/wp-content\\\/uploads\\\/2025\\\/04\\\/Perfil20192-150x149.png\",\"url\":\"https:\\\/\\\/chelso.com.br\\\/site\\\/wp-content\\\/uploads\\\/2025\\\/04\\\/Perfil20192-150x149.png\",\"contentUrl\":\"https:\\\/\\\/chelso.com.br\\\/site\\\/wp-content\\\/uploads\\\/2025\\\/04\\\/Perfil20192-150x149.png\",\"caption\":\"Chelso\"},\"sameAs\":[\"http:\\\/\\\/www.chelso.com.br\"],\"url\":\"https:\\\/\\\/chelso.com.br\\\/site\\\/author\\\/maryblog\\\/\"}]}<\/script>\n<!-- \/ Yoast SEO plugin. -->","yoast_head_json":{"title":"Atletismo do Brasil nas Olimp\u00edadas de T\u00f3quio - Portal Chelso Sports","description":"Com a participa\u00e7\u00e3o de 55 atletas, Atletismo do Brasil estreia nessa quinta nas Olimp\u00edadas de T\u00f3quio de olho nas medalhas.","robots":{"index":"index","follow":"follow","max-snippet":"max-snippet:-1","max-image-preview":"max-image-preview:large","max-video-preview":"max-video-preview:-1"},"canonical":"https:\/\/chelso.com.br\/site\/atletismo-do-brasil-nas-olimpiadas-de-toquio\/","og_locale":"pt_BR","og_type":"article","og_title":"Atletismo do Brasil nas Olimp\u00edadas de T\u00f3quio - Portal Chelso Sports","og_description":"Com a participa\u00e7\u00e3o de 55 atletas, Atletismo do Brasil estreia nessa quinta nas Olimp\u00edadas de T\u00f3quio de olho nas medalhas.","og_url":"https:\/\/chelso.com.br\/site\/atletismo-do-brasil-nas-olimpiadas-de-toquio\/","og_site_name":"Portal Chelso Sports","article_published_time":"2021-07-29T16:54:27+00:00","og_image":[{"width":1500,"height":998,"url":"https:\/\/chelso.com.br\/site\/wp-content\/uploads\/2021\/07\/30861.jpg","type":"image\/jpeg"}],"author":"Chelso","twitter_card":"summary_large_image","twitter_misc":{"Escrito por":"Chelso","Est. tempo de leitura":"4 minutos"},"schema":{"@context":"https:\/\/schema.org","@graph":[{"@type":"Article","@id":"https:\/\/chelso.com.br\/site\/atletismo-do-brasil-nas-olimpiadas-de-toquio\/#article","isPartOf":{"@id":"https:\/\/chelso.com.br\/site\/atletismo-do-brasil-nas-olimpiadas-de-toquio\/"},"author":{"name":"Chelso","@id":"https:\/\/chelso.com.br\/site\/#\/schema\/person\/06bf484f0ccbb71d4fd2128d594e1d0a"},"headline":"Atletismo do Brasil nas Olimp\u00edadas de T\u00f3quio","datePublished":"2021-07-29T16:54:27+00:00","mainEntityOfPage":{"@id":"https:\/\/chelso.com.br\/site\/atletismo-do-brasil-nas-olimpiadas-de-toquio\/"},"wordCount":838,"commentCount":0,"keywords":["Atletismo","Brasil","CBAt","Jogos Ol\u00edmpicos","Maratona","olimp\u00edadas","Time Brasil","T\u00f3quio"],"articleSection":["Not\u00edcias"],"inLanguage":"pt-BR","potentialAction":[{"@type":"CommentAction","name":"Comment","target":["https:\/\/chelso.com.br\/site\/atletismo-do-brasil-nas-olimpiadas-de-toquio\/#respond"]}]},{"@type":"WebPage","@id":"https:\/\/chelso.com.br\/site\/atletismo-do-brasil-nas-olimpiadas-de-toquio\/","url":"https:\/\/chelso.com.br\/site\/atletismo-do-brasil-nas-olimpiadas-de-toquio\/","name":"Atletismo do Brasil nas Olimp\u00edadas de T\u00f3quio - Portal Chelso Sports","isPartOf":{"@id":"https:\/\/chelso.com.br\/site\/#website"},"datePublished":"2021-07-29T16:54:27+00:00","author":{"@id":"https:\/\/chelso.com.br\/site\/#\/schema\/person\/06bf484f0ccbb71d4fd2128d594e1d0a"},"description":"Com a participa\u00e7\u00e3o de 55 atletas, Atletismo do Brasil estreia nessa quinta nas Olimp\u00edadas de T\u00f3quio de olho nas medalhas.","breadcrumb":{"@id":"https:\/\/chelso.com.br\/site\/atletismo-do-brasil-nas-olimpiadas-de-toquio\/#breadcrumb"},"inLanguage":"pt-BR","potentialAction":[{"@type":"ReadAction","target":["https:\/\/chelso.com.br\/site\/atletismo-do-brasil-nas-olimpiadas-de-toquio\/"]}]},{"@type":"BreadcrumbList","@id":"https:\/\/chelso.com.br\/site\/atletismo-do-brasil-nas-olimpiadas-de-toquio\/#breadcrumb","itemListElement":[{"@type":"ListItem","position":1,"name":"In\u00edcio","item":"https:\/\/chelso.com.br\/site\/"},{"@type":"ListItem","position":2,"name":"Atletismo do Brasil nas Olimp\u00edadas de T\u00f3quio"}]},{"@type":"WebSite","@id":"https:\/\/chelso.com.br\/site\/#website","url":"https:\/\/chelso.com.br\/site\/","name":"Portal Chelso Sports","description":"Conte\u00fado especializado em corrida de rua e triathlon","potentialAction":[{"@type":"SearchAction","target":{"@type":"EntryPoint","urlTemplate":"https:\/\/chelso.com.br\/site\/?s={search_term_string}"},"query-input":{"@type":"PropertyValueSpecification","valueRequired":true,"valueName":"search_term_string"}}],"inLanguage":"pt-BR"},{"@type":"Person","@id":"https:\/\/chelso.com.br\/site\/#\/schema\/person\/06bf484f0ccbb71d4fd2128d594e1d0a","name":"Chelso","image":{"@type":"ImageObject","inLanguage":"pt-BR","@id":"https:\/\/chelso.com.br\/site\/wp-content\/uploads\/2025\/04\/Perfil20192-150x149.png","url":"https:\/\/chelso.com.br\/site\/wp-content\/uploads\/2025\/04\/Perfil20192-150x149.png","contentUrl":"https:\/\/chelso.com.br\/site\/wp-content\/uploads\/2025\/04\/Perfil20192-150x149.png","caption":"Chelso"},"sameAs":["http:\/\/www.chelso.com.br"],"url":"https:\/\/chelso.com.br\/site\/author\/maryblog\/"}]}},"amp_enabled":true,"_links":{"self":[{"href":"https:\/\/chelso.com.br\/site\/wp-json\/wp\/v2\/posts\/10635","targetHints":{"allow":["GET"]}}],"collection":[{"href":"https:\/\/chelso.com.br\/site\/wp-json\/wp\/v2\/posts"}],"about":[{"href":"https:\/\/chelso.com.br\/site\/wp-json\/wp\/v2\/types\/post"}],"author":[{"embeddable":true,"href":"https:\/\/chelso.com.br\/site\/wp-json\/wp\/v2\/users\/21"}],"replies":[{"embeddable":true,"href":"https:\/\/chelso.com.br\/site\/wp-json\/wp\/v2\/comments?post=10635"}],"version-history":[{"count":1,"href":"https:\/\/chelso.com.br\/site\/wp-json\/wp\/v2\/posts\/10635\/revisions"}],"predecessor-version":[{"id":10637,"href":"https:\/\/chelso.com.br\/site\/wp-json\/wp\/v2\/posts\/10635\/revisions\/10637"}],"wp:attachment":[{"href":"https:\/\/chelso.com.br\/site\/wp-json\/wp\/v2\/media?parent=10635"}],"wp:term":[{"taxonomy":"category","embeddable":true,"href":"https:\/\/chelso.com.br\/site\/wp-json\/wp\/v2\/categories?post=10635"},{"taxonomy":"post_tag","embeddable":true,"href":"https:\/\/chelso.com.br\/site\/wp-json\/wp\/v2\/tags?post=10635"}],"curies":[{"name":"wp","href":"https:\/\/api.w.org\/{rel}","templated":true}]}}