{"id":11247,"date":"2021-09-27T16:12:01","date_gmt":"2021-09-27T19:12:01","guid":{"rendered":"https:\/\/chelso.com.br\/site\/?p=11247"},"modified":"2021-09-27T17:05:17","modified_gmt":"2021-09-27T20:05:17","slug":"maratona-de-berlim-sem-quebra-de-recorde","status":"publish","type":"post","link":"https:\/\/chelso.com.br\/site\/maratona-de-berlim-sem-quebra-de-recorde\/","title":{"rendered":"Maratona de Berlim sem quebra de recorde"},"content":{"rendered":"<p><span style=\"font-weight: 400;\">Maratona de Berlim sem quebra de recorde! N\u00e3o foi desta vez que o recorde mundial de Eliud Kipchoge caiu. Ap\u00f3s muita expectativa gerada em torno <a href=\"https:\/\/chelso.com.br\/site\/maratona-de-berlim\/\">das declara\u00e7\u00f5es de Kenenisa Bekele<\/a>, que afirmou antes da prova estar preparado para baixar o tempo de 2h01m41s, o domingo em Berlim foi de vit\u00f3ria de outro et\u00edope: Guye Adola, com 2h05m45s. No Feminino, outra et\u00edope no lugar mais alto do p\u00f3dio. Gotytom Gebreslase, com 2h20m09, fez sua estreia em maratonas e levou o t\u00edtulo em grande estilo.<\/span><\/p>\n<p><span style=\"font-weight: 400;\">Com mais de 20 mil atletas perfilados, a Maratona de Berlim foi a primeira major a ser realizada ap\u00f3s a espera devido \u00e0 pandemia de coronav\u00edrus. Considerada a prova mais r\u00e1pida do mundo, a expectativa era grande sobre um poss\u00edvel recorde mundial na vers\u00e3o masculina. O in\u00edcio de prova deixou claro que a marca de Eliud Kipchoge, feita justamente em Berlim, poderia cair. Os atletas passaram forte nos primeiros 5 km, 10 km, 15 km e 21 km. A passagem da meia foi em 1h00m48s, tr\u00eas segundos abaixo que o registro de Eliud Kpichoge.<\/span><\/p>\n<p><a href=\"https:\/\/chelso.com.br\/site\/category\/dicas\/\">Fique por dentro de todas as not\u00edcias e dicas de treinamento no blog da Chelso<\/a><\/p>\n<p><span style=\"font-weight: 400;\">Por\u00e9m, o calor e o ritmo forte dos primeiros 21 km mostraram que seria muito dif\u00edcil manter o pace at\u00e9 o fim. J\u00e1 na passagem dos 25 km, Adola, l\u00edder da prova, estava 36 segundos mais lento do que o recorde de Kipchoge. Da\u00ed em diante, tornou-se uma disputa pelo t\u00edtulo da prova e n\u00e3o mais pela quebra de recorde.\u00a0<\/span><\/p>\n<p><span style=\"font-weight: 400;\">Ao final, Bekele, que brigou ao longo da prova pelas primeiras posi\u00e7\u00f5es, acabou superado por Guye Adola, campe\u00e3o da prova, e Bethwel Yegon, do Qu\u00eania, segundo colocado. Adola foi o terceiro et\u00edope a vencer a Maratona de Berlim. Nas \u00faltimas 22 edi\u00e7\u00f5es foram 15 vit\u00f3rias para quenianos e 7 para atletas da Eti\u00f3pia.\u00a0<\/span><\/p>\n<blockquote class=\"instagram-media\" style=\"background: #FFF; border: 0; border-radius: 3px; box-shadow: 0 0 1px 0 rgba(0,0,0,0.5),0 1px 10px 0 rgba(0,0,0,0.15); margin: 1px; max-width: 540px; min-width: 326px; padding: 0; width: calc(100% - 2px);\" data-instgrm-captioned=\"\" data-instgrm-permalink=\"https:\/\/www.instagram.com\/p\/CUSCJEeLXGj\/?utm_source=ig_embed&amp;utm_campaign=loading\" data-instgrm-version=\"13\">\n<div style=\"padding: 16px;\">\n<p>&nbsp;<\/p>\n<div style=\"display: flex; flex-direction: row; align-items: center;\">\n<div style=\"background-color: #f4f4f4; border-radius: 50%; flex-grow: 0; height: 40px; margin-right: 14px; width: 40px;\"><\/div>\n<div style=\"display: flex; flex-direction: column; flex-grow: 1; justify-content: center;\">\n<div style=\"background-color: #f4f4f4; border-radius: 4px; flex-grow: 0; height: 14px; margin-bottom: 6px; width: 100px;\"><\/div>\n<div style=\"background-color: #f4f4f4; border-radius: 4px; flex-grow: 0; height: 14px; width: 60px;\"><\/div>\n<\/div>\n<\/div>\n<div style=\"padding: 19% 0;\"><\/div>\n<div style=\"display: block; height: 50px; margin: 0 auto 12px; width: 50px;\"><\/div>\n<div style=\"padding-top: 8px;\">\n<div style=\"color: #3897f0; font-family: Arial,sans-serif; font-size: 14px; font-style: normal; font-weight: 550; line-height: 18px;\">Ver essa foto no Instagram<\/div>\n<\/div>\n<div style=\"padding: 12.5% 0;\"><\/div>\n<div style=\"display: flex; flex-direction: row; margin-bottom: 14px; align-items: center;\">\n<div>\n<div style=\"background-color: #f4f4f4; border-radius: 50%; height: 12.5px; width: 12.5px; transform: translateX(0px) translateY(7px);\"><\/div>\n<div style=\"background-color: #f4f4f4; height: 12.5px; transform: rotate(-45deg) translateX(3px) translateY(1px); width: 12.5px; flex-grow: 0; margin-right: 14px; margin-left: 2px;\"><\/div>\n<div style=\"background-color: #f4f4f4; border-radius: 50%; height: 12.5px; width: 12.5px; transform: translateX(9px) translateY(-18px);\"><\/div>\n<\/div>\n<div style=\"margin-left: 8px;\">\n<div style=\"background-color: #f4f4f4; border-radius: 50%; flex-grow: 0; height: 20px; width: 20px;\"><\/div>\n<div style=\"width: 0; height: 0; border-top: 2px solid transparent; border-left: 6px solid #f4f4f4; border-bottom: 2px solid transparent; transform: translateX(16px) translateY(-4px) rotate(30deg);\"><\/div>\n<\/div>\n<div style=\"margin-left: auto;\">\n<div style=\"width: 0px; border-top: 8px solid #F4F4F4; border-right: 8px solid transparent; transform: translateY(16px);\"><\/div>\n<div style=\"background-color: #f4f4f4; flex-grow: 0; height: 12px; width: 16px; transform: translateY(-4px);\"><\/div>\n<div style=\"width: 0; height: 0; border-top: 8px solid #F4F4F4; border-left: 8px solid transparent; transform: translateY(-4px) translateX(8px);\"><\/div>\n<\/div>\n<\/div>\n<div style=\"display: flex; flex-direction: column; flex-grow: 1; justify-content: center; margin-bottom: 24px;\">\n<div style=\"background-color: #f4f4f4; border-radius: 4px; flex-grow: 0; height: 14px; margin-bottom: 6px; width: 224px;\"><\/div>\n<div style=\"background-color: #f4f4f4; border-radius: 4px; flex-grow: 0; height: 14px; width: 144px;\"><\/div>\n<\/div>\n<p>&nbsp;<\/p>\n<p style=\"color: #c9c8cd; font-family: Arial,sans-serif; font-size: 14px; line-height: 17px; margin-bottom: 0; margin-top: 8px; overflow: hidden; padding: 8px 0 7px; text-align: center; text-overflow: ellipsis; white-space: nowrap;\"><a style=\"color: #c9c8cd; font-family: Arial,sans-serif; font-size: 14px; font-style: normal; font-weight: normal; line-height: 17px; text-decoration: none;\" href=\"https:\/\/www.instagram.com\/p\/CUSCJEeLXGj\/?utm_source=ig_embed&amp;utm_campaign=loading\" target=\"_blank\" rel=\"noopener\">Uma publica\u00e7\u00e3o compartilhada por BMW BERLIN-MARATHON (@berlinmarathon)<\/a><\/p>\n<\/div>\n<\/blockquote>\n<p><script async src=\"\/\/www.instagram.com\/embed.js\"><\/script><\/p>\n<p><b>Gotytom Gebreslase estreia com vit\u00f3ria<\/b><\/p>\n<p><span style=\"font-weight: 400;\">Na prova feminina, a Eti\u00f3pia dominou por completo o podio. Fazendo sua estreia em provas de 42 km, Gotytom Gebreslase fechou a dist\u00e2ncia em 2h20m09s para celebrar o t\u00edtulo em Berlim. A et\u00edope mostrou bom controle de prova ao passar os primeiros 21 km para 1h09m19s e a segunda metade para 1h10m50s. Uma das favoritas, Hiwot Gebrekidan terminou na segunda posi\u00e7\u00e3o e Helen Tola foi a terceira.<\/span><\/p>\n<p><span style=\"font-weight: 400;\">Na pr\u00f3xima semana, 3 de outubro, ser\u00e1 a vez da Maratona de Londres ser o centro das aten\u00e7\u00f5es do atletismo mundial. O m\u00eas conta ainda com mais duas grandes provas: Chicago (10) e Boston (11). Por fim, no dia 7 de novembro, tem a Maratona de Nova York.\u00a0<\/span><\/p>\n<blockquote class=\"instagram-media\" style=\"background: #FFF; border: 0; border-radius: 3px; box-shadow: 0 0 1px 0 rgba(0,0,0,0.5),0 1px 10px 0 rgba(0,0,0,0.15); margin: 1px; max-width: 540px; min-width: 326px; padding: 0; width: calc(100% - 2px);\" data-instgrm-captioned=\"\" data-instgrm-permalink=\"https:\/\/www.instagram.com\/p\/CUSDPAzom1m\/?utm_source=ig_embed&amp;utm_campaign=loading\" data-instgrm-version=\"13\">\n<div style=\"padding: 16px;\">\n<p>&nbsp;<\/p>\n<div style=\"display: flex; flex-direction: row; align-items: center;\">\n<div style=\"background-color: #f4f4f4; border-radius: 50%; flex-grow: 0; height: 40px; margin-right: 14px; width: 40px;\"><\/div>\n<div style=\"display: flex; flex-direction: column; flex-grow: 1; justify-content: center;\">\n<div style=\"background-color: #f4f4f4; border-radius: 4px; flex-grow: 0; height: 14px; margin-bottom: 6px; width: 100px;\"><\/div>\n<div style=\"background-color: #f4f4f4; border-radius: 4px; flex-grow: 0; height: 14px; width: 60px;\"><\/div>\n<\/div>\n<\/div>\n<div style=\"padding: 19% 0;\"><\/div>\n<div style=\"display: block; height: 50px; margin: 0 auto 12px; width: 50px;\"><\/div>\n<div style=\"padding-top: 8px;\">\n<div style=\"color: #3897f0; font-family: Arial,sans-serif; font-size: 14px; font-style: normal; font-weight: 550; line-height: 18px;\">Ver essa foto no Instagram<\/div>\n<\/div>\n<div style=\"padding: 12.5% 0;\"><\/div>\n<div style=\"display: flex; flex-direction: row; margin-bottom: 14px; align-items: center;\">\n<div>\n<div style=\"background-color: #f4f4f4; border-radius: 50%; height: 12.5px; width: 12.5px; transform: translateX(0px) translateY(7px);\"><\/div>\n<div style=\"background-color: #f4f4f4; height: 12.5px; transform: rotate(-45deg) translateX(3px) translateY(1px); width: 12.5px; flex-grow: 0; margin-right: 14px; margin-left: 2px;\"><\/div>\n<div style=\"background-color: #f4f4f4; border-radius: 50%; height: 12.5px; width: 12.5px; transform: translateX(9px) translateY(-18px);\"><\/div>\n<\/div>\n<div style=\"margin-left: 8px;\">\n<div style=\"background-color: #f4f4f4; border-radius: 50%; flex-grow: 0; height: 20px; width: 20px;\"><\/div>\n<div style=\"width: 0; height: 0; border-top: 2px solid transparent; border-left: 6px solid #f4f4f4; border-bottom: 2px solid transparent; transform: translateX(16px) translateY(-4px) rotate(30deg);\"><\/div>\n<\/div>\n<div style=\"margin-left: auto;\">\n<div style=\"width: 0px; border-top: 8px solid #F4F4F4; border-right: 8px solid transparent; transform: translateY(16px);\"><\/div>\n<div style=\"background-color: #f4f4f4; flex-grow: 0; height: 12px; width: 16px; transform: translateY(-4px);\"><\/div>\n<div style=\"width: 0; height: 0; border-top: 8px solid #F4F4F4; border-left: 8px solid transparent; transform: translateY(-4px) translateX(8px);\"><\/div>\n<\/div>\n<\/div>\n<div style=\"display: flex; flex-direction: column; flex-grow: 1; justify-content: center; margin-bottom: 24px;\">\n<div style=\"background-color: #f4f4f4; border-radius: 4px; flex-grow: 0; height: 14px; margin-bottom: 6px; width: 224px;\"><\/div>\n<div style=\"background-color: #f4f4f4; border-radius: 4px; flex-grow: 0; height: 14px; width: 144px;\"><\/div>\n<\/div>\n<p>&nbsp;<\/p>\n<p style=\"color: #c9c8cd; font-family: Arial,sans-serif; font-size: 14px; line-height: 17px; margin-bottom: 0; margin-top: 8px; overflow: hidden; padding: 8px 0 7px; text-align: center; text-overflow: ellipsis; white-space: nowrap;\"><a style=\"color: #c9c8cd; font-family: Arial,sans-serif; font-size: 14px; font-style: normal; font-weight: normal; line-height: 17px; text-decoration: none;\" href=\"https:\/\/www.instagram.com\/p\/CUSDPAzom1m\/?utm_source=ig_embed&amp;utm_campaign=loading\" target=\"_blank\" rel=\"noopener\">Uma publica\u00e7\u00e3o compartilhada por BMW BERLIN-MARATHON (@berlinmarathon)<\/a><\/p>\n<\/div>\n<\/blockquote>\n<p><script async src=\"\/\/www.instagram.com\/embed.js\"><\/script><\/p>\n<p><a href=\"https:\/\/chelso.com.br\/site\/provas-presenciais\/\">Confira nosso calend\u00e1rio de provas presenciais<\/a><\/p>\n","protected":false},"excerpt":{"rendered":"<p>Maratona de Berlim sem quebra de recorde! N\u00e3o foi desta vez que o recorde mundial de Eliud Kipchoge caiu. Ap\u00f3s muita expectativa gerada em torno das declara\u00e7\u00f5es de Kenenisa Bekele, que afirmou antes da prova estar preparado para baixar o tempo de 2h01m41s, o domingo em Berlim foi de vit\u00f3ria de outro et\u00edope: Guye Adola,<\/p>\n","protected":false},"author":21,"featured_media":0,"comment_status":"open","ping_status":"closed","sticky":false,"template":"","format":"standard","meta":{"om_disable_all_campaigns":false,"_monsterinsights_skip_tracking":false,"_monsterinsights_sitenote_active":false,"_monsterinsights_sitenote_note":"","_monsterinsights_sitenote_category":0,"footnotes":""},"categories":[56,30],"tags":[841,864,735,37,869,868,870,123],"class_list":{"0":"post-11247","1":"post","2":"type-post","3":"status-publish","4":"format-standard","6":"category-eventos","7":"category-noticias","8":"tag-42k","9":"tag-berlin-marathon","10":"tag-chelso","11":"tag-corrida-de-rua","12":"tag-gotytom-gebreslase","13":"tag-guye-adola","14":"tag-maratona-de-berlim","15":"tag-run"},"aioseo_notices":[],"yoast_head":"<!-- This site is optimized with the Yoast SEO plugin v27.5 - https:\/\/yoast.com\/product\/yoast-seo-wordpress\/ -->\n<title>Maratona de Berlim sem quebra de recorde - Portal Chelso Sports<\/title>\n<meta name=\"description\" content=\"Maratona de Berlim sem quebra de recorde. Guye Adola, 2h05m45s, e Gotytom Gebreslase, 2h20m09, venceram a prova realizada neste domingo.\" \/>\n<meta name=\"robots\" content=\"index, follow, max-snippet:-1, max-image-preview:large, max-video-preview:-1\" \/>\n<link rel=\"canonical\" href=\"https:\/\/chelso.com.br\/site\/maratona-de-berlim-sem-quebra-de-recorde\/\" \/>\n<meta property=\"og:locale\" content=\"pt_BR\" \/>\n<meta property=\"og:type\" content=\"article\" \/>\n<meta property=\"og:title\" content=\"Maratona de Berlim sem quebra de recorde - Portal Chelso Sports\" \/>\n<meta property=\"og:description\" content=\"Maratona de Berlim sem quebra de recorde. Guye Adola, 2h05m45s, e Gotytom Gebreslase, 2h20m09, venceram a prova realizada neste domingo.\" \/>\n<meta property=\"og:url\" content=\"https:\/\/chelso.com.br\/site\/maratona-de-berlim-sem-quebra-de-recorde\/\" \/>\n<meta property=\"og:site_name\" content=\"Portal Chelso Sports\" \/>\n<meta property=\"article:published_time\" content=\"2021-09-27T19:12:01+00:00\" \/>\n<meta property=\"article:modified_time\" content=\"2021-09-27T20:05:17+00:00\" \/>\n<meta property=\"og:image\" content=\"https:\/\/chelso.com.br\/site\/wp-content\/uploads\/2021\/09\/csm_Maenner2SW_Sieger_M_10926we24_-_Kopie_a2f6e768fc-scaled.jpg\" \/>\n\t<meta property=\"og:image:width\" content=\"2560\" \/>\n\t<meta property=\"og:image:height\" content=\"1438\" \/>\n\t<meta property=\"og:image:type\" content=\"image\/jpeg\" \/>\n<meta name=\"author\" content=\"Chelso\" \/>\n<meta name=\"twitter:card\" content=\"summary_large_image\" \/>\n<meta name=\"twitter:label1\" content=\"Escrito por\" \/>\n\t<meta name=\"twitter:data1\" content=\"Chelso\" \/>\n\t<meta name=\"twitter:label2\" content=\"Est. tempo de leitura\" \/>\n\t<meta name=\"twitter:data2\" content=\"2 minutos\" \/>\n<script type=\"application\/ld+json\" class=\"yoast-schema-graph\">{\"@context\":\"https:\\\/\\\/schema.org\",\"@graph\":[{\"@type\":\"Article\",\"@id\":\"https:\\\/\\\/chelso.com.br\\\/site\\\/maratona-de-berlim-sem-quebra-de-recorde\\\/#article\",\"isPartOf\":{\"@id\":\"https:\\\/\\\/chelso.com.br\\\/site\\\/maratona-de-berlim-sem-quebra-de-recorde\\\/\"},\"author\":{\"name\":\"Chelso\",\"@id\":\"https:\\\/\\\/chelso.com.br\\\/site\\\/#\\\/schema\\\/person\\\/06bf484f0ccbb71d4fd2128d594e1d0a\"},\"headline\":\"Maratona de Berlim sem quebra de recorde\",\"datePublished\":\"2021-09-27T19:12:01+00:00\",\"dateModified\":\"2021-09-27T20:05:17+00:00\",\"mainEntityOfPage\":{\"@id\":\"https:\\\/\\\/chelso.com.br\\\/site\\\/maratona-de-berlim-sem-quebra-de-recorde\\\/\"},\"wordCount\":501,\"commentCount\":0,\"keywords\":[\"42k\",\"Berlin Marathon\",\"Chelso\",\"corrida de rua\",\"Gotytom Gebreslase\",\"Guye Adola\",\"Maratona de Berlim\",\"Run\"],\"articleSection\":[\"Eventos\",\"Not\u00edcias\"],\"inLanguage\":\"pt-BR\",\"potentialAction\":[{\"@type\":\"CommentAction\",\"name\":\"Comment\",\"target\":[\"https:\\\/\\\/chelso.com.br\\\/site\\\/maratona-de-berlim-sem-quebra-de-recorde\\\/#respond\"]}]},{\"@type\":\"WebPage\",\"@id\":\"https:\\\/\\\/chelso.com.br\\\/site\\\/maratona-de-berlim-sem-quebra-de-recorde\\\/\",\"url\":\"https:\\\/\\\/chelso.com.br\\\/site\\\/maratona-de-berlim-sem-quebra-de-recorde\\\/\",\"name\":\"Maratona de Berlim sem quebra de recorde - Portal Chelso Sports\",\"isPartOf\":{\"@id\":\"https:\\\/\\\/chelso.com.br\\\/site\\\/#website\"},\"datePublished\":\"2021-09-27T19:12:01+00:00\",\"dateModified\":\"2021-09-27T20:05:17+00:00\",\"author\":{\"@id\":\"https:\\\/\\\/chelso.com.br\\\/site\\\/#\\\/schema\\\/person\\\/06bf484f0ccbb71d4fd2128d594e1d0a\"},\"description\":\"Maratona de Berlim sem quebra de recorde. Guye Adola, 2h05m45s, e Gotytom Gebreslase, 2h20m09, venceram a prova realizada neste domingo.\",\"breadcrumb\":{\"@id\":\"https:\\\/\\\/chelso.com.br\\\/site\\\/maratona-de-berlim-sem-quebra-de-recorde\\\/#breadcrumb\"},\"inLanguage\":\"pt-BR\",\"potentialAction\":[{\"@type\":\"ReadAction\",\"target\":[\"https:\\\/\\\/chelso.com.br\\\/site\\\/maratona-de-berlim-sem-quebra-de-recorde\\\/\"]}]},{\"@type\":\"BreadcrumbList\",\"@id\":\"https:\\\/\\\/chelso.com.br\\\/site\\\/maratona-de-berlim-sem-quebra-de-recorde\\\/#breadcrumb\",\"itemListElement\":[{\"@type\":\"ListItem\",\"position\":1,\"name\":\"In\u00edcio\",\"item\":\"https:\\\/\\\/chelso.com.br\\\/site\\\/\"},{\"@type\":\"ListItem\",\"position\":2,\"name\":\"Maratona de Berlim sem quebra de recorde\"}]},{\"@type\":\"WebSite\",\"@id\":\"https:\\\/\\\/chelso.com.br\\\/site\\\/#website\",\"url\":\"https:\\\/\\\/chelso.com.br\\\/site\\\/\",\"name\":\"Portal Chelso Sports\",\"description\":\"Conte\u00fado especializado em corrida de rua e triathlon\",\"potentialAction\":[{\"@type\":\"SearchAction\",\"target\":{\"@type\":\"EntryPoint\",\"urlTemplate\":\"https:\\\/\\\/chelso.com.br\\\/site\\\/?s={search_term_string}\"},\"query-input\":{\"@type\":\"PropertyValueSpecification\",\"valueRequired\":true,\"valueName\":\"search_term_string\"}}],\"inLanguage\":\"pt-BR\"},{\"@type\":\"Person\",\"@id\":\"https:\\\/\\\/chelso.com.br\\\/site\\\/#\\\/schema\\\/person\\\/06bf484f0ccbb71d4fd2128d594e1d0a\",\"name\":\"Chelso\",\"image\":{\"@type\":\"ImageObject\",\"inLanguage\":\"pt-BR\",\"@id\":\"https:\\\/\\\/chelso.com.br\\\/site\\\/wp-content\\\/uploads\\\/2025\\\/04\\\/Perfil20192-150x149.png\",\"url\":\"https:\\\/\\\/chelso.com.br\\\/site\\\/wp-content\\\/uploads\\\/2025\\\/04\\\/Perfil20192-150x149.png\",\"contentUrl\":\"https:\\\/\\\/chelso.com.br\\\/site\\\/wp-content\\\/uploads\\\/2025\\\/04\\\/Perfil20192-150x149.png\",\"caption\":\"Chelso\"},\"sameAs\":[\"http:\\\/\\\/www.chelso.com.br\"],\"url\":\"https:\\\/\\\/chelso.com.br\\\/site\\\/author\\\/maryblog\\\/\"}]}<\/script>\n<!-- \/ Yoast SEO plugin. -->","yoast_head_json":{"title":"Maratona de Berlim sem quebra de recorde - Portal Chelso Sports","description":"Maratona de Berlim sem quebra de recorde. Guye Adola, 2h05m45s, e Gotytom Gebreslase, 2h20m09, venceram a prova realizada neste domingo.","robots":{"index":"index","follow":"follow","max-snippet":"max-snippet:-1","max-image-preview":"max-image-preview:large","max-video-preview":"max-video-preview:-1"},"canonical":"https:\/\/chelso.com.br\/site\/maratona-de-berlim-sem-quebra-de-recorde\/","og_locale":"pt_BR","og_type":"article","og_title":"Maratona de Berlim sem quebra de recorde - Portal Chelso Sports","og_description":"Maratona de Berlim sem quebra de recorde. Guye Adola, 2h05m45s, e Gotytom Gebreslase, 2h20m09, venceram a prova realizada neste domingo.","og_url":"https:\/\/chelso.com.br\/site\/maratona-de-berlim-sem-quebra-de-recorde\/","og_site_name":"Portal Chelso Sports","article_published_time":"2021-09-27T19:12:01+00:00","article_modified_time":"2021-09-27T20:05:17+00:00","og_image":[{"width":2560,"height":1438,"url":"https:\/\/chelso.com.br\/site\/wp-content\/uploads\/2021\/09\/csm_Maenner2SW_Sieger_M_10926we24_-_Kopie_a2f6e768fc-scaled.jpg","type":"image\/jpeg"}],"author":"Chelso","twitter_card":"summary_large_image","twitter_misc":{"Escrito por":"Chelso","Est. tempo de leitura":"2 minutos"},"schema":{"@context":"https:\/\/schema.org","@graph":[{"@type":"Article","@id":"https:\/\/chelso.com.br\/site\/maratona-de-berlim-sem-quebra-de-recorde\/#article","isPartOf":{"@id":"https:\/\/chelso.com.br\/site\/maratona-de-berlim-sem-quebra-de-recorde\/"},"author":{"name":"Chelso","@id":"https:\/\/chelso.com.br\/site\/#\/schema\/person\/06bf484f0ccbb71d4fd2128d594e1d0a"},"headline":"Maratona de Berlim sem quebra de recorde","datePublished":"2021-09-27T19:12:01+00:00","dateModified":"2021-09-27T20:05:17+00:00","mainEntityOfPage":{"@id":"https:\/\/chelso.com.br\/site\/maratona-de-berlim-sem-quebra-de-recorde\/"},"wordCount":501,"commentCount":0,"keywords":["42k","Berlin Marathon","Chelso","corrida de rua","Gotytom Gebreslase","Guye Adola","Maratona de Berlim","Run"],"articleSection":["Eventos","Not\u00edcias"],"inLanguage":"pt-BR","potentialAction":[{"@type":"CommentAction","name":"Comment","target":["https:\/\/chelso.com.br\/site\/maratona-de-berlim-sem-quebra-de-recorde\/#respond"]}]},{"@type":"WebPage","@id":"https:\/\/chelso.com.br\/site\/maratona-de-berlim-sem-quebra-de-recorde\/","url":"https:\/\/chelso.com.br\/site\/maratona-de-berlim-sem-quebra-de-recorde\/","name":"Maratona de Berlim sem quebra de recorde - Portal Chelso Sports","isPartOf":{"@id":"https:\/\/chelso.com.br\/site\/#website"},"datePublished":"2021-09-27T19:12:01+00:00","dateModified":"2021-09-27T20:05:17+00:00","author":{"@id":"https:\/\/chelso.com.br\/site\/#\/schema\/person\/06bf484f0ccbb71d4fd2128d594e1d0a"},"description":"Maratona de Berlim sem quebra de recorde. Guye Adola, 2h05m45s, e Gotytom Gebreslase, 2h20m09, venceram a prova realizada neste domingo.","breadcrumb":{"@id":"https:\/\/chelso.com.br\/site\/maratona-de-berlim-sem-quebra-de-recorde\/#breadcrumb"},"inLanguage":"pt-BR","potentialAction":[{"@type":"ReadAction","target":["https:\/\/chelso.com.br\/site\/maratona-de-berlim-sem-quebra-de-recorde\/"]}]},{"@type":"BreadcrumbList","@id":"https:\/\/chelso.com.br\/site\/maratona-de-berlim-sem-quebra-de-recorde\/#breadcrumb","itemListElement":[{"@type":"ListItem","position":1,"name":"In\u00edcio","item":"https:\/\/chelso.com.br\/site\/"},{"@type":"ListItem","position":2,"name":"Maratona de Berlim sem quebra de recorde"}]},{"@type":"WebSite","@id":"https:\/\/chelso.com.br\/site\/#website","url":"https:\/\/chelso.com.br\/site\/","name":"Portal Chelso Sports","description":"Conte\u00fado especializado em corrida de rua e triathlon","potentialAction":[{"@type":"SearchAction","target":{"@type":"EntryPoint","urlTemplate":"https:\/\/chelso.com.br\/site\/?s={search_term_string}"},"query-input":{"@type":"PropertyValueSpecification","valueRequired":true,"valueName":"search_term_string"}}],"inLanguage":"pt-BR"},{"@type":"Person","@id":"https:\/\/chelso.com.br\/site\/#\/schema\/person\/06bf484f0ccbb71d4fd2128d594e1d0a","name":"Chelso","image":{"@type":"ImageObject","inLanguage":"pt-BR","@id":"https:\/\/chelso.com.br\/site\/wp-content\/uploads\/2025\/04\/Perfil20192-150x149.png","url":"https:\/\/chelso.com.br\/site\/wp-content\/uploads\/2025\/04\/Perfil20192-150x149.png","contentUrl":"https:\/\/chelso.com.br\/site\/wp-content\/uploads\/2025\/04\/Perfil20192-150x149.png","caption":"Chelso"},"sameAs":["http:\/\/www.chelso.com.br"],"url":"https:\/\/chelso.com.br\/site\/author\/maryblog\/"}]}},"amp_enabled":true,"_links":{"self":[{"href":"https:\/\/chelso.com.br\/site\/wp-json\/wp\/v2\/posts\/11247","targetHints":{"allow":["GET"]}}],"collection":[{"href":"https:\/\/chelso.com.br\/site\/wp-json\/wp\/v2\/posts"}],"about":[{"href":"https:\/\/chelso.com.br\/site\/wp-json\/wp\/v2\/types\/post"}],"author":[{"embeddable":true,"href":"https:\/\/chelso.com.br\/site\/wp-json\/wp\/v2\/users\/21"}],"replies":[{"embeddable":true,"href":"https:\/\/chelso.com.br\/site\/wp-json\/wp\/v2\/comments?post=11247"}],"version-history":[{"count":2,"href":"https:\/\/chelso.com.br\/site\/wp-json\/wp\/v2\/posts\/11247\/revisions"}],"predecessor-version":[{"id":11250,"href":"https:\/\/chelso.com.br\/site\/wp-json\/wp\/v2\/posts\/11247\/revisions\/11250"}],"wp:attachment":[{"href":"https:\/\/chelso.com.br\/site\/wp-json\/wp\/v2\/media?parent=11247"}],"wp:term":[{"taxonomy":"category","embeddable":true,"href":"https:\/\/chelso.com.br\/site\/wp-json\/wp\/v2\/categories?post=11247"},{"taxonomy":"post_tag","embeddable":true,"href":"https:\/\/chelso.com.br\/site\/wp-json\/wp\/v2\/tags?post=11247"}],"curies":[{"name":"wp","href":"https:\/\/api.w.org\/{rel}","templated":true}]}}