{"id":11543,"date":"2021-11-09T06:00:38","date_gmt":"2021-11-09T09:00:38","guid":{"rendered":"https:\/\/chelso.com.br\/site\/?p=11543"},"modified":"2021-11-09T16:17:43","modified_gmt":"2021-11-09T19:17:43","slug":"meia-maratona-de-brotas","status":"publish","type":"post","link":"https:\/\/chelso.com.br\/site\/meia-maratona-de-brotas\/","title":{"rendered":"Meia Maratona de Brotas: veja como foi"},"content":{"rendered":"<p><span style=\"font-weight: 400;\">As corridas est\u00e3o voltando com tudo e neste final de semana foi realizado com sucesso mais uma prova organizada pela Chelso Sports. A Meia Maratona de Brotas reuniu diversos corredores nos percursos de 21 km, 10 km e 5 km na Capital da Aventura. Seguindo todos os protocolos de seguran\u00e7a, a prova contou com bel\u00edssimas paisagens em percursos passando por dentro da cidade, em total conex\u00e3o com a natureza.<\/span><\/p>\n<p><span style=\"font-weight: 400;\">A largada dos 21 km ocorreu no Recanto das Cachoeiras, enquanto as provas de 5 km e 10 km tiveram como ponto de partida a Pra\u00e7a Central de Brotas. Na Meia Maratona os campe\u00f5es foram F\u00e1bio Paiva e Noeme Pereira. F\u00e1bio correu a dist\u00e2ncia em 1h13m36s, seguido por Rodrigo Campos e Tiago Sampaio, segundo e terceiro respectivamente. J\u00e1 Noeme venceu os 21 km com 1h31m08s, com Renata dos Santos em segundo e Elaine Pauly em terceiro.<\/span><\/p>\n<h4><a href=\"https:\/\/chelso.com.br\/site\/provas-presenciais\/\">Confira nosso calend\u00e1rio de provas presenciais<\/a><\/h4>\n<p><span style=\"font-weight: 400;\">Na prova de 10 km o t\u00edtulo da vers\u00e3o masculina ficou com Vitor Levada, que completou o percurso em 35m47s. Manoel Sobrinho foi o vice-campe\u00e3o e Felipe Ali completou o p\u00f3dio na terceira posi\u00e7\u00e3o. Entre as mulheres, Suain Sutto foi a primeira a cruzar o p\u00f3rtico de chegada ap\u00f3s 46m23s. Logo atr\u00e1s vieram Leticia Louren\u00e7o, segunda colocada, e Marileide Ribeiro, em teceiro.<\/span><\/p>\n<p><span style=\"font-weight: 400;\">J\u00e1 na prova mais curta do dia, os 5 km, Lucas Andrade faturou o primeiro lugar com 17m29s. Roberto Amorim ficou em segundo lugar e Rafael Rodrigues em terceiro. Na prova feminina, Erica Mariano completou a dist\u00e2ncia em 22m51s, com Carla Caitano em segundo e Daniele Franzoni em terceiro.\u00a0<\/span><\/p>\n<p><a href=\"https:\/\/chelso.com.br\/site\/category\/dicas\/\">Fique por dentro de todas as not\u00edcias no blog da Chelso<\/a><\/p>\n<p><iframe  id=\"_ytid_92362\"  width=\"788\" height=\"443\"  data-origwidth=\"788\" data-origheight=\"443\" src=\"https:\/\/www.youtube.com\/embed\/aHZcn8fRrdY?enablejsapi=1&#038;autoplay=0&#038;cc_load_policy=0&#038;cc_lang_pref=&#038;iv_load_policy=1&#038;loop=0&#038;rel=1&#038;fs=1&#038;playsinline=0&#038;autohide=2&#038;theme=dark&#038;color=red&#038;controls=1&#038;disablekb=0&#038;\" class=\"__youtube_prefs__  epyt-is-override  no-lazyload\" title=\"YouTube player\"  allow=\"fullscreen; accelerometer; autoplay; clipboard-write; encrypted-media; gyroscope; picture-in-picture; web-share\" referrerpolicy=\"strict-origin-when-cross-origin\" allowfullscreen data-no-lazy=\"1\" data-skipgform_ajax_framebjll=\"\"><\/iframe><\/p>\n<blockquote><p><span style=\"font-weight: 400;\">\u201cEntregamos mais uma excelente prova. Gostar\u00edamos de agradecer aos atletas e a todos da Prefeitura Municipal de Brotas que nos possibilitaram promover a Meia Maratona. Aos poucos vamos retomando os eventos de forma gradativa, promovendo sa\u00fade e bem-estar para os nossos corredores\u201d, avalia Guilherme Celso, da Chelso Sports.\u00a0<\/span><\/p><\/blockquote>\n<h2><strong>Resultados &#8211; Meia Maratona de Brotas\u00a0<\/strong><\/h2>\n<p><b>21k &#8211; Feminino<\/b><\/p>\n<p><span style=\"font-weight: 400;\">1\u00aa Noeme Pereira &#8211; 1h31m08s<\/span><\/p>\n<p><span style=\"font-weight: 400;\">2\u00aa Renata Santos &#8211; 1h36m33s<\/span><\/p>\n<p><span style=\"font-weight: 400;\">3\u00aa Elaine Pauly &#8211; 1h38m01s<\/span><\/p>\n<p><b>21k &#8211; Masculino<\/b><\/p>\n<p><span style=\"font-weight: 400;\">1\u00ba Fabio Paiva &#8211; 1h13m36s<\/span><\/p>\n<p><span style=\"font-weight: 400;\">2\u00ba Rodrigo Campos &#8211; 1h15m21s<\/span><\/p>\n<p><span style=\"font-weight: 400;\">3\u00ba Tiago Sampaio &#8211; 1h15m59s<\/span><\/p>\n<p><b>10k &#8211; Feminino<\/b><\/p>\n<p><span style=\"font-weight: 400;\">1\u00aa Suian Sutto &#8211; 46m23s<\/span><\/p>\n<p><span style=\"font-weight: 400;\">2\u00aa Leticia Louren\u00e7o &#8211; 46m43s<\/span><\/p>\n<p><span style=\"font-weight: 400;\">3\u00aa Marileide Ribeiro &#8211; 48m00s<\/span><\/p>\n<p><b>10k &#8211; Masculino<\/b><\/p>\n<p><span style=\"font-weight: 400;\">1\u00ba Vitor Levada &#8211; 35m47s<\/span><\/p>\n<p><span style=\"font-weight: 400;\">2\u00ba Manoel Sobrinho &#8211; 37m32s<\/span><\/p>\n<p><span style=\"font-weight: 400;\">3\u00ba Felipe Ali &#8211; 39m12s<\/span><\/p>\n<p><img fetchpriority=\"high\" decoding=\"async\" class=\"alignnone size-large wp-image-11544\" src=\"https:\/\/chelso.com.br\/site\/wp-content\/uploads\/2021\/11\/WhatsApp-Image-2021-11-09-at-12.44.45-1024x682.jpeg\" alt=\"Meia Maratona de Brotas\" width=\"788\" height=\"525\" \/><\/p>\n<p><b>5k &#8211; Feminino<\/b><\/p>\n<p><span style=\"font-weight: 400;\">1\u00aa Erica Mariano &#8211; 22m51s<\/span><\/p>\n<p><span style=\"font-weight: 400;\">2\u00aa Carla Caitano 23m17s<\/span><\/p>\n<p><span style=\"font-weight: 400;\">3\u00aa Daniele Franzoni &#8211; 24m11s<\/span><\/p>\n<p><b>5k &#8211; Masculino<\/b><\/p>\n<p><span style=\"font-weight: 400;\">1\u00ba Lucas de Andrade &#8211; 17m29s<\/span><\/p>\n<p><span style=\"font-weight: 400;\">2\u00ba Roberto Amorim &#8211; 17m30s<\/span><\/p>\n<p><span style=\"font-weight: 400;\">3\u00ba Rafael Rodrigues &#8211; 17m55s<\/span><\/p>\n<p><span style=\"font-weight: 400;\">Confira os resultados completos clicando <\/span><a href=\"https:\/\/www.cronoserv.com.br\/resultado-21km-meia-maratona-turistica-de-brotas,2101142\/21K_,1,1\/#home\"><span style=\"font-weight: 400;\">aqui<\/span><\/a><\/p>\n<p><span style=\"font-weight: 400;\">As fotos da Meia Maratona de Brotas est\u00e3o dispon\u00edveis no site da <\/span><a href=\"https:\/\/fotop.com.br\/fotos\/eventos?evento=24733\"><span style=\"font-weight: 400;\">Fotop\u00a0<\/span><\/a><\/p>\n","protected":false},"excerpt":{"rendered":"<p>As corridas est\u00e3o voltando com tudo e neste final de semana foi realizado com sucesso mais uma prova organizada pela Chelso Sports. A Meia Maratona de Brotas reuniu diversos corredores nos percursos de 21 km, 10 km e 5 km na Capital da Aventura. Seguindo todos os protocolos de seguran\u00e7a, a prova contou com bel\u00edssimas<\/p>\n","protected":false},"author":21,"featured_media":0,"comment_status":"open","ping_status":"closed","sticky":false,"template":"","format":"standard","meta":{"om_disable_all_campaigns":false,"_monsterinsights_skip_tracking":false,"_monsterinsights_sitenote_active":false,"_monsterinsights_sitenote_note":"","_monsterinsights_sitenote_category":0,"footnotes":""},"categories":[56,30],"tags":[848,862,109,735,41,712,903],"class_list":{"0":"post-11543","1":"post","2":"type-post","3":"status-publish","4":"format-standard","6":"category-eventos","7":"category-noticias","8":"tag-21k","9":"tag-21km","10":"tag-brotas","11":"tag-chelso","12":"tag-chelso-sports","13":"tag-meia-maratona","14":"tag-meia-maratona-de-brotas"},"aioseo_notices":[],"yoast_head":"<!-- This site is optimized with the Yoast SEO plugin v27.5 - https:\/\/yoast.com\/product\/yoast-seo-wordpress\/ -->\n<title>Meia Maratona de Brotas: veja como foi - Portal Chelso Sports<\/title>\n<meta name=\"description\" content=\"Meia Maratona de Brotas foi realizada neste final de semana pela Chelso Sports em mais um evento presencial nesta retomada do calend\u00e1rio\" \/>\n<meta name=\"robots\" content=\"index, follow, max-snippet:-1, max-image-preview:large, max-video-preview:-1\" \/>\n<link rel=\"canonical\" href=\"https:\/\/chelso.com.br\/site\/meia-maratona-de-brotas\/\" \/>\n<meta property=\"og:locale\" content=\"pt_BR\" \/>\n<meta property=\"og:type\" content=\"article\" \/>\n<meta property=\"og:title\" content=\"Meia Maratona de Brotas: veja como foi - Portal Chelso Sports\" \/>\n<meta property=\"og:description\" content=\"Meia Maratona de Brotas foi realizada neste final de semana pela Chelso Sports em mais um evento presencial nesta retomada do calend\u00e1rio\" \/>\n<meta property=\"og:url\" content=\"https:\/\/chelso.com.br\/site\/meia-maratona-de-brotas\/\" \/>\n<meta property=\"og:site_name\" content=\"Portal Chelso Sports\" \/>\n<meta property=\"article:published_time\" content=\"2021-11-09T09:00:38+00:00\" \/>\n<meta property=\"article:modified_time\" content=\"2021-11-09T19:17:43+00:00\" \/>\n<meta property=\"og:image\" content=\"https:\/\/chelso.com.br\/site\/wp-content\/uploads\/2021\/11\/WhatsApp-Image-2021-11-09-at-12.44.47.jpeg\" \/>\n\t<meta property=\"og:image:width\" content=\"1280\" \/>\n\t<meta property=\"og:image:height\" content=\"853\" \/>\n\t<meta property=\"og:image:type\" content=\"image\/jpeg\" \/>\n<meta name=\"author\" content=\"Chelso\" \/>\n<meta name=\"twitter:card\" content=\"summary_large_image\" \/>\n<meta name=\"twitter:label1\" content=\"Escrito por\" \/>\n\t<meta name=\"twitter:data1\" content=\"Chelso\" \/>\n\t<meta name=\"twitter:label2\" content=\"Est. tempo de leitura\" \/>\n\t<meta name=\"twitter:data2\" content=\"3 minutos\" \/>\n<script type=\"application\/ld+json\" class=\"yoast-schema-graph\">{\"@context\":\"https:\\\/\\\/schema.org\",\"@graph\":[{\"@type\":\"Article\",\"@id\":\"https:\\\/\\\/chelso.com.br\\\/site\\\/meia-maratona-de-brotas\\\/#article\",\"isPartOf\":{\"@id\":\"https:\\\/\\\/chelso.com.br\\\/site\\\/meia-maratona-de-brotas\\\/\"},\"author\":{\"name\":\"Chelso\",\"@id\":\"https:\\\/\\\/chelso.com.br\\\/site\\\/#\\\/schema\\\/person\\\/06bf484f0ccbb71d4fd2128d594e1d0a\"},\"headline\":\"Meia Maratona de Brotas: veja como foi\",\"datePublished\":\"2021-11-09T09:00:38+00:00\",\"dateModified\":\"2021-11-09T19:17:43+00:00\",\"mainEntityOfPage\":{\"@id\":\"https:\\\/\\\/chelso.com.br\\\/site\\\/meia-maratona-de-brotas\\\/\"},\"wordCount\":500,\"commentCount\":0,\"image\":{\"@id\":\"https:\\\/\\\/chelso.com.br\\\/site\\\/meia-maratona-de-brotas\\\/#primaryimage\"},\"thumbnailUrl\":\"https:\\\/\\\/chelso.com.br\\\/site\\\/wp-content\\\/uploads\\\/2021\\\/11\\\/WhatsApp-Image-2021-11-09-at-12.44.45-1024x682.jpeg\",\"keywords\":[\"21k\",\"21km\",\"brotas\",\"Chelso\",\"chelso sports\",\"meia maratona\",\"Meia Maratona de Brotas\"],\"articleSection\":[\"Eventos\",\"Not\u00edcias\"],\"inLanguage\":\"pt-BR\",\"potentialAction\":[{\"@type\":\"CommentAction\",\"name\":\"Comment\",\"target\":[\"https:\\\/\\\/chelso.com.br\\\/site\\\/meia-maratona-de-brotas\\\/#respond\"]}]},{\"@type\":\"WebPage\",\"@id\":\"https:\\\/\\\/chelso.com.br\\\/site\\\/meia-maratona-de-brotas\\\/\",\"url\":\"https:\\\/\\\/chelso.com.br\\\/site\\\/meia-maratona-de-brotas\\\/\",\"name\":\"Meia Maratona de Brotas: veja como foi - Portal Chelso Sports\",\"isPartOf\":{\"@id\":\"https:\\\/\\\/chelso.com.br\\\/site\\\/#website\"},\"primaryImageOfPage\":{\"@id\":\"https:\\\/\\\/chelso.com.br\\\/site\\\/meia-maratona-de-brotas\\\/#primaryimage\"},\"image\":{\"@id\":\"https:\\\/\\\/chelso.com.br\\\/site\\\/meia-maratona-de-brotas\\\/#primaryimage\"},\"thumbnailUrl\":\"https:\\\/\\\/chelso.com.br\\\/site\\\/wp-content\\\/uploads\\\/2021\\\/11\\\/WhatsApp-Image-2021-11-09-at-12.44.45-1024x682.jpeg\",\"datePublished\":\"2021-11-09T09:00:38+00:00\",\"dateModified\":\"2021-11-09T19:17:43+00:00\",\"author\":{\"@id\":\"https:\\\/\\\/chelso.com.br\\\/site\\\/#\\\/schema\\\/person\\\/06bf484f0ccbb71d4fd2128d594e1d0a\"},\"description\":\"Meia Maratona de Brotas foi realizada neste final de semana pela Chelso Sports em mais um evento presencial nesta retomada do calend\u00e1rio\",\"breadcrumb\":{\"@id\":\"https:\\\/\\\/chelso.com.br\\\/site\\\/meia-maratona-de-brotas\\\/#breadcrumb\"},\"inLanguage\":\"pt-BR\",\"potentialAction\":[{\"@type\":\"ReadAction\",\"target\":[\"https:\\\/\\\/chelso.com.br\\\/site\\\/meia-maratona-de-brotas\\\/\"]}]},{\"@type\":\"ImageObject\",\"inLanguage\":\"pt-BR\",\"@id\":\"https:\\\/\\\/chelso.com.br\\\/site\\\/meia-maratona-de-brotas\\\/#primaryimage\",\"url\":\"\",\"contentUrl\":\"\"},{\"@type\":\"BreadcrumbList\",\"@id\":\"https:\\\/\\\/chelso.com.br\\\/site\\\/meia-maratona-de-brotas\\\/#breadcrumb\",\"itemListElement\":[{\"@type\":\"ListItem\",\"position\":1,\"name\":\"In\u00edcio\",\"item\":\"https:\\\/\\\/chelso.com.br\\\/site\\\/\"},{\"@type\":\"ListItem\",\"position\":2,\"name\":\"Meia Maratona de Brotas: veja como foi\"}]},{\"@type\":\"WebSite\",\"@id\":\"https:\\\/\\\/chelso.com.br\\\/site\\\/#website\",\"url\":\"https:\\\/\\\/chelso.com.br\\\/site\\\/\",\"name\":\"Portal Chelso Sports\",\"description\":\"Conte\u00fado especializado em corrida de rua e triathlon\",\"potentialAction\":[{\"@type\":\"SearchAction\",\"target\":{\"@type\":\"EntryPoint\",\"urlTemplate\":\"https:\\\/\\\/chelso.com.br\\\/site\\\/?s={search_term_string}\"},\"query-input\":{\"@type\":\"PropertyValueSpecification\",\"valueRequired\":true,\"valueName\":\"search_term_string\"}}],\"inLanguage\":\"pt-BR\"},{\"@type\":\"Person\",\"@id\":\"https:\\\/\\\/chelso.com.br\\\/site\\\/#\\\/schema\\\/person\\\/06bf484f0ccbb71d4fd2128d594e1d0a\",\"name\":\"Chelso\",\"image\":{\"@type\":\"ImageObject\",\"inLanguage\":\"pt-BR\",\"@id\":\"https:\\\/\\\/chelso.com.br\\\/site\\\/wp-content\\\/uploads\\\/2025\\\/04\\\/Perfil20192-150x149.png\",\"url\":\"https:\\\/\\\/chelso.com.br\\\/site\\\/wp-content\\\/uploads\\\/2025\\\/04\\\/Perfil20192-150x149.png\",\"contentUrl\":\"https:\\\/\\\/chelso.com.br\\\/site\\\/wp-content\\\/uploads\\\/2025\\\/04\\\/Perfil20192-150x149.png\",\"caption\":\"Chelso\"},\"sameAs\":[\"http:\\\/\\\/www.chelso.com.br\"],\"url\":\"https:\\\/\\\/chelso.com.br\\\/site\\\/author\\\/maryblog\\\/\"}]}<\/script>\n<!-- \/ Yoast SEO plugin. -->","yoast_head_json":{"title":"Meia Maratona de Brotas: veja como foi - Portal Chelso Sports","description":"Meia Maratona de Brotas foi realizada neste final de semana pela Chelso Sports em mais um evento presencial nesta retomada do calend\u00e1rio","robots":{"index":"index","follow":"follow","max-snippet":"max-snippet:-1","max-image-preview":"max-image-preview:large","max-video-preview":"max-video-preview:-1"},"canonical":"https:\/\/chelso.com.br\/site\/meia-maratona-de-brotas\/","og_locale":"pt_BR","og_type":"article","og_title":"Meia Maratona de Brotas: veja como foi - Portal Chelso Sports","og_description":"Meia Maratona de Brotas foi realizada neste final de semana pela Chelso Sports em mais um evento presencial nesta retomada do calend\u00e1rio","og_url":"https:\/\/chelso.com.br\/site\/meia-maratona-de-brotas\/","og_site_name":"Portal Chelso Sports","article_published_time":"2021-11-09T09:00:38+00:00","article_modified_time":"2021-11-09T19:17:43+00:00","og_image":[{"width":1280,"height":853,"url":"https:\/\/chelso.com.br\/site\/wp-content\/uploads\/2021\/11\/WhatsApp-Image-2021-11-09-at-12.44.47.jpeg","type":"image\/jpeg"}],"author":"Chelso","twitter_card":"summary_large_image","twitter_misc":{"Escrito por":"Chelso","Est. tempo de leitura":"3 minutos"},"schema":{"@context":"https:\/\/schema.org","@graph":[{"@type":"Article","@id":"https:\/\/chelso.com.br\/site\/meia-maratona-de-brotas\/#article","isPartOf":{"@id":"https:\/\/chelso.com.br\/site\/meia-maratona-de-brotas\/"},"author":{"name":"Chelso","@id":"https:\/\/chelso.com.br\/site\/#\/schema\/person\/06bf484f0ccbb71d4fd2128d594e1d0a"},"headline":"Meia Maratona de Brotas: veja como foi","datePublished":"2021-11-09T09:00:38+00:00","dateModified":"2021-11-09T19:17:43+00:00","mainEntityOfPage":{"@id":"https:\/\/chelso.com.br\/site\/meia-maratona-de-brotas\/"},"wordCount":500,"commentCount":0,"image":{"@id":"https:\/\/chelso.com.br\/site\/meia-maratona-de-brotas\/#primaryimage"},"thumbnailUrl":"https:\/\/chelso.com.br\/site\/wp-content\/uploads\/2021\/11\/WhatsApp-Image-2021-11-09-at-12.44.45-1024x682.jpeg","keywords":["21k","21km","brotas","Chelso","chelso sports","meia maratona","Meia Maratona de Brotas"],"articleSection":["Eventos","Not\u00edcias"],"inLanguage":"pt-BR","potentialAction":[{"@type":"CommentAction","name":"Comment","target":["https:\/\/chelso.com.br\/site\/meia-maratona-de-brotas\/#respond"]}]},{"@type":"WebPage","@id":"https:\/\/chelso.com.br\/site\/meia-maratona-de-brotas\/","url":"https:\/\/chelso.com.br\/site\/meia-maratona-de-brotas\/","name":"Meia Maratona de Brotas: veja como foi - Portal Chelso Sports","isPartOf":{"@id":"https:\/\/chelso.com.br\/site\/#website"},"primaryImageOfPage":{"@id":"https:\/\/chelso.com.br\/site\/meia-maratona-de-brotas\/#primaryimage"},"image":{"@id":"https:\/\/chelso.com.br\/site\/meia-maratona-de-brotas\/#primaryimage"},"thumbnailUrl":"https:\/\/chelso.com.br\/site\/wp-content\/uploads\/2021\/11\/WhatsApp-Image-2021-11-09-at-12.44.45-1024x682.jpeg","datePublished":"2021-11-09T09:00:38+00:00","dateModified":"2021-11-09T19:17:43+00:00","author":{"@id":"https:\/\/chelso.com.br\/site\/#\/schema\/person\/06bf484f0ccbb71d4fd2128d594e1d0a"},"description":"Meia Maratona de Brotas foi realizada neste final de semana pela Chelso Sports em mais um evento presencial nesta retomada do calend\u00e1rio","breadcrumb":{"@id":"https:\/\/chelso.com.br\/site\/meia-maratona-de-brotas\/#breadcrumb"},"inLanguage":"pt-BR","potentialAction":[{"@type":"ReadAction","target":["https:\/\/chelso.com.br\/site\/meia-maratona-de-brotas\/"]}]},{"@type":"ImageObject","inLanguage":"pt-BR","@id":"https:\/\/chelso.com.br\/site\/meia-maratona-de-brotas\/#primaryimage","url":"","contentUrl":""},{"@type":"BreadcrumbList","@id":"https:\/\/chelso.com.br\/site\/meia-maratona-de-brotas\/#breadcrumb","itemListElement":[{"@type":"ListItem","position":1,"name":"In\u00edcio","item":"https:\/\/chelso.com.br\/site\/"},{"@type":"ListItem","position":2,"name":"Meia Maratona de Brotas: veja como foi"}]},{"@type":"WebSite","@id":"https:\/\/chelso.com.br\/site\/#website","url":"https:\/\/chelso.com.br\/site\/","name":"Portal Chelso Sports","description":"Conte\u00fado especializado em corrida de rua e triathlon","potentialAction":[{"@type":"SearchAction","target":{"@type":"EntryPoint","urlTemplate":"https:\/\/chelso.com.br\/site\/?s={search_term_string}"},"query-input":{"@type":"PropertyValueSpecification","valueRequired":true,"valueName":"search_term_string"}}],"inLanguage":"pt-BR"},{"@type":"Person","@id":"https:\/\/chelso.com.br\/site\/#\/schema\/person\/06bf484f0ccbb71d4fd2128d594e1d0a","name":"Chelso","image":{"@type":"ImageObject","inLanguage":"pt-BR","@id":"https:\/\/chelso.com.br\/site\/wp-content\/uploads\/2025\/04\/Perfil20192-150x149.png","url":"https:\/\/chelso.com.br\/site\/wp-content\/uploads\/2025\/04\/Perfil20192-150x149.png","contentUrl":"https:\/\/chelso.com.br\/site\/wp-content\/uploads\/2025\/04\/Perfil20192-150x149.png","caption":"Chelso"},"sameAs":["http:\/\/www.chelso.com.br"],"url":"https:\/\/chelso.com.br\/site\/author\/maryblog\/"}]}},"amp_enabled":true,"_links":{"self":[{"href":"https:\/\/chelso.com.br\/site\/wp-json\/wp\/v2\/posts\/11543","targetHints":{"allow":["GET"]}}],"collection":[{"href":"https:\/\/chelso.com.br\/site\/wp-json\/wp\/v2\/posts"}],"about":[{"href":"https:\/\/chelso.com.br\/site\/wp-json\/wp\/v2\/types\/post"}],"author":[{"embeddable":true,"href":"https:\/\/chelso.com.br\/site\/wp-json\/wp\/v2\/users\/21"}],"replies":[{"embeddable":true,"href":"https:\/\/chelso.com.br\/site\/wp-json\/wp\/v2\/comments?post=11543"}],"version-history":[{"count":1,"href":"https:\/\/chelso.com.br\/site\/wp-json\/wp\/v2\/posts\/11543\/revisions"}],"predecessor-version":[{"id":11546,"href":"https:\/\/chelso.com.br\/site\/wp-json\/wp\/v2\/posts\/11543\/revisions\/11546"}],"wp:attachment":[{"href":"https:\/\/chelso.com.br\/site\/wp-json\/wp\/v2\/media?parent=11543"}],"wp:term":[{"taxonomy":"category","embeddable":true,"href":"https:\/\/chelso.com.br\/site\/wp-json\/wp\/v2\/categories?post=11543"},{"taxonomy":"post_tag","embeddable":true,"href":"https:\/\/chelso.com.br\/site\/wp-json\/wp\/v2\/tags?post=11543"}],"curies":[{"name":"wp","href":"https:\/\/api.w.org\/{rel}","templated":true}]}}