{"id":11697,"date":"2021-11-16T17:00:27","date_gmt":"2021-11-16T20:00:27","guid":{"rendered":"https:\/\/chelso.com.br\/site\/?p=11697"},"modified":"2021-11-16T17:13:19","modified_gmt":"2021-11-16T20:13:19","slug":"qual-a-importancia-de-treinar-com-um-profissional-de-educacao-fisica","status":"publish","type":"post","link":"https:\/\/chelso.com.br\/site\/qual-a-importancia-de-treinar-com-um-profissional-de-educacao-fisica\/","title":{"rendered":"Qual a import\u00e2ncia de treinar com um profissional de Educa\u00e7\u00e3o F\u00edsica?"},"content":{"rendered":"<p>Voc\u00ea sabe qual a import\u00e2ncia de treinar com um profissional de educa\u00e7\u00e3o f\u00edsica? Neste artigo, nossa colunista <a href=\"https:\/\/www.instagram.com\/jodoimo\/\">Joselia Doimo<\/a> aborda o tema. Confira!<\/p>\n<p>Com a chegada da pandemia, os adeptos \u00e0 rotina de treinos enfrentaram o desafio de treinar em casa devido aos protocolos de seguran\u00e7a como a medida de distanciamento social para evitar a contamina\u00e7\u00e3o. A pr\u00e1tica de exerc\u00edcios f\u00edsicos traz in\u00fameros benef\u00edcios comprovados \u00e0 sa\u00fade, como a manuten\u00e7\u00e3o do peso ideal, da musculatura e diminui\u00e7\u00e3o do estresse. Assim uma op\u00e7\u00e3o foi realizar os treinos em casa acompanhando v\u00eddeos na internet atrav\u00e9s de v\u00eddeos e aplicativos.<\/p>\n<p>Mas os treinos sem orienta\u00e7\u00e3o trazem riscos para a sa\u00fade, podendo causar danos como les\u00f5es ou complica\u00e7\u00f5es durante e ap\u00f3s a pr\u00e1tica.<\/p>\n<p><a href=\"https:\/\/chelso.com.br\/site\/category\/dicas\/\">Fique por dentro de todas as not\u00edcias no blog da Chelso<\/a><\/p>\n<h2>Voc\u00ea sabe qual a import\u00e2ncia de treinar com um profissional de educa\u00e7\u00e3o f\u00edsica?<\/h2>\n<p>Segundo o Conselho Federal de Educa\u00e7\u00e3o F\u00edsica \u2013 CONFEF, o profissional de Educa\u00e7\u00e3o F\u00edsica \u00e9 respons\u00e1vel por prescrever, orientar e acompanhar a todos que praticam atividade f\u00edsica ou esportiva, seja ela nas manifesta\u00e7\u00f5es de competi\u00e7\u00e3o, obten\u00e7\u00e3o de performance ou simplesmente recrea\u00e7\u00e3o. E \u00e9 seu dever garantir a integridade f\u00edsica do aluno, uma vez que a atividade f\u00edsica apresenta riscos, devendo, inclusive, ter responsabilidade frente ao ordenamento jur\u00eddico brasileiro.<\/p>\n<p>Antes da Lei n\u00ba 9.696\/98, que regulamenta a pr\u00e1tica profissional da Educa\u00e7\u00e3o F\u00edsica, era comum \u00e0s academias de gin\u00e1stica oferecer orienta\u00e7\u00e3o das atividades f\u00edsicas em suas diversas manifesta\u00e7\u00f5es atrav\u00e9s de ex-atletas, e pessoas com habilidades espec\u00edficas, como lutadores e dan\u00e7arinos, o que certamente casou muitos danos a diversos alunos, pois quem os orientava n\u00e3o tinha o conhecimento cient\u00edfico e t\u00e9cnico espec\u00edfico para a pr\u00e1tica.<\/p>\n<h4><a href=\"https:\/\/chelso.com.br\/site\/provas-presenciais\/\">Confira nosso calend\u00e1rio de provas presenciais<\/a><\/h4>\n<p><img fetchpriority=\"high\" decoding=\"async\" class=\"alignnone size-full wp-image-11699\" src=\"https:\/\/chelso.com.br\/site\/wp-content\/uploads\/2021\/11\/WhatsApp-Image-2021-11-16-at-16.49.14.jpeg\" alt=\"Neste artigo, nossa colunista Joselia Doimo aborda o tema. Confira!\" width=\"900\" height=\"600\" \/><\/p>\n<p>Com a regulamenta\u00e7\u00e3o da profiss\u00e3o hoje \u00e9 poss\u00edvel pesquisar a forma\u00e7\u00e3o do profissional. Pois mesmo na Educa\u00e7\u00e3o F\u00edsica existem duas forma\u00e7\u00f5es: Licenciatura em Educa\u00e7\u00e3o F\u00edsica e Bacharelado em Educa\u00e7\u00e3o F\u00edsica.<\/p>\n<ul>\n<li><strong>Bacharel em Educa\u00e7\u00e3o F\u00edsica:<\/strong> a forma\u00e7\u00e3o do Bacharel visa formar profissionais para atuar em atividades f\u00edsicas para melhorar a qualidade de vida das pessoas. S\u00e3o profissionais que atuam nas diferentes \u00e1reas do treinamento desportivo e do exerc\u00edcio f\u00edsico. O foco desse profissional ser\u00e1 manter a sa\u00fade, bem-estar e qualidade de vida de seus clientes.<\/li>\n<li><strong>Licenciado em Educa\u00e7\u00e3o F\u00edsica<\/strong>: a forma\u00e7\u00e3o \u00e9 direcionada para o\u00a0<strong>ensino nas escolas<\/strong>. Com isso o profissional est\u00e1 habilitado para ser professor de ensino profissional, fundamental e m\u00e9dio, tendo uma parte da grade curricular do curso superior destinada \u00e0s disciplinas da Pedagogia e Metodologia de ensino.<\/li>\n<\/ul>\n<h3>Mas para correr n\u00e3o basta colocar um par de t\u00eanis?<\/h3>\n<p>Negativo, mesmo parecendo um esporte simples se praticado sem orienta\u00e7\u00e3o adequada, a sua pr\u00e1tica pode causar les\u00f5es. Para obter uma boa evolu\u00e7\u00e3o e bons resultados na corrida os treinos devem ser preparados observando a individualidade de cada aluno al\u00e9m do objetivo com a pr\u00e1tica da corrida.<\/p>\n<p>Al\u00e9m da corrida deve-se incluir treinos de fortalecimento como muscula\u00e7\u00e3o, treinamento funcional e at\u00e9 mesmo Pilates. Hoje com a facilidade da internet muitas assessorias de corrida orientam os treinos tanto presencialmente como a dist\u00e2ncia atrav\u00e9s de aplicativos.<\/p>\n<p>Por isso, procure sempre um profissional formado e al\u00e9m disso busque indica\u00e7\u00f5es de outros corredores que j\u00e1 praticam a corrida a mais tempo. Assim, tanto na internet como nas pistas de corrida certifique-se que o profissional \u00a0 que ir\u00e1 que orientar \u00e9 devidamente formado para n\u00e3o sofrer com falta de evolu\u00e7\u00e3o nos treinos ou pior ainda ter uma les\u00e3o.<\/p>\n","protected":false},"excerpt":{"rendered":"<p>Voc\u00ea sabe qual a import\u00e2ncia de treinar com um profissional de educa\u00e7\u00e3o f\u00edsica? Neste artigo, nossa colunista Joselia Doimo aborda o tema. Confira! Com a chegada da pandemia, os adeptos \u00e0 rotina de treinos enfrentaram o desafio de treinar em casa devido aos protocolos de seguran\u00e7a como a medida de distanciamento social para evitar a<\/p>\n","protected":false},"author":6,"featured_media":0,"comment_status":"open","ping_status":"closed","sticky":false,"template":"","format":"standard","meta":{"om_disable_all_campaigns":false,"_monsterinsights_skip_tracking":false,"_monsterinsights_sitenote_active":false,"_monsterinsights_sitenote_note":"","_monsterinsights_sitenote_category":0,"footnotes":""},"categories":[89,30,28],"tags":[735,41,36,906,713],"class_list":{"0":"post-11697","1":"post","2":"type-post","3":"status-publish","4":"format-standard","6":"category-dicas","7":"category-noticias","8":"category-saude","9":"tag-chelso","10":"tag-chelso-sports","11":"tag-corrida","12":"tag-educacao-fisica","13":"tag-treinamento"},"aioseo_notices":[],"yoast_head":"<!-- This site is optimized with the Yoast SEO plugin v27.5 - https:\/\/yoast.com\/product\/yoast-seo-wordpress\/ -->\n<title>Qual a import\u00e2ncia de treinar com um profissional de Educa\u00e7\u00e3o F\u00edsica? - Portal Chelso Sports<\/title>\n<meta name=\"description\" content=\"Qual a import\u00e2ncia de treinar com um profissional de Educa\u00e7\u00e3o F\u00edsica? Neste artigo, nossa colunista Joselia Doimo aborda o tema. Confira!\" \/>\n<meta name=\"robots\" content=\"index, follow, max-snippet:-1, max-image-preview:large, max-video-preview:-1\" \/>\n<link rel=\"canonical\" href=\"https:\/\/chelso.com.br\/site\/qual-a-importancia-de-treinar-com-um-profissional-de-educacao-fisica\/\" \/>\n<meta property=\"og:locale\" content=\"pt_BR\" \/>\n<meta property=\"og:type\" content=\"article\" \/>\n<meta property=\"og:title\" content=\"Qual a import\u00e2ncia de treinar com um profissional de Educa\u00e7\u00e3o F\u00edsica? - Portal Chelso Sports\" \/>\n<meta property=\"og:description\" content=\"Qual a import\u00e2ncia de treinar com um profissional de Educa\u00e7\u00e3o F\u00edsica? Neste artigo, nossa colunista Joselia Doimo aborda o tema. Confira!\" \/>\n<meta property=\"og:url\" content=\"https:\/\/chelso.com.br\/site\/qual-a-importancia-de-treinar-com-um-profissional-de-educacao-fisica\/\" \/>\n<meta property=\"og:site_name\" content=\"Portal Chelso Sports\" \/>\n<meta property=\"article:published_time\" content=\"2021-11-16T20:00:27+00:00\" \/>\n<meta property=\"article:modified_time\" content=\"2021-11-16T20:13:19+00:00\" \/>\n<meta property=\"og:image\" content=\"https:\/\/chelso.com.br\/site\/wp-content\/uploads\/2021\/11\/Qual-a-importancia-de-treinar-com-um-profissional-de-Educacao-Fisica.jpg\" \/>\n\t<meta property=\"og:image:width\" content=\"1800\" \/>\n\t<meta property=\"og:image:height\" content=\"1080\" \/>\n\t<meta property=\"og:image:type\" content=\"image\/jpeg\" \/>\n<meta name=\"author\" content=\"Joselia Doimo\" \/>\n<meta name=\"twitter:card\" content=\"summary_large_image\" \/>\n<meta name=\"twitter:label1\" content=\"Escrito por\" \/>\n\t<meta name=\"twitter:data1\" content=\"Joselia Doimo\" \/>\n\t<meta name=\"twitter:label2\" content=\"Est. tempo de leitura\" \/>\n\t<meta name=\"twitter:data2\" content=\"3 minutos\" \/>\n<script type=\"application\/ld+json\" class=\"yoast-schema-graph\">{\"@context\":\"https:\\\/\\\/schema.org\",\"@graph\":[{\"@type\":\"Article\",\"@id\":\"https:\\\/\\\/chelso.com.br\\\/site\\\/qual-a-importancia-de-treinar-com-um-profissional-de-educacao-fisica\\\/#article\",\"isPartOf\":{\"@id\":\"https:\\\/\\\/chelso.com.br\\\/site\\\/qual-a-importancia-de-treinar-com-um-profissional-de-educacao-fisica\\\/\"},\"author\":{\"name\":\"Joselia Doimo\",\"@id\":\"https:\\\/\\\/chelso.com.br\\\/site\\\/#\\\/schema\\\/person\\\/054b5faf08851bccf296f0a9e1e9a157\"},\"headline\":\"Qual a import\u00e2ncia de treinar com um profissional de Educa\u00e7\u00e3o F\u00edsica?\",\"datePublished\":\"2021-11-16T20:00:27+00:00\",\"dateModified\":\"2021-11-16T20:13:19+00:00\",\"mainEntityOfPage\":{\"@id\":\"https:\\\/\\\/chelso.com.br\\\/site\\\/qual-a-importancia-de-treinar-com-um-profissional-de-educacao-fisica\\\/\"},\"wordCount\":663,\"commentCount\":0,\"image\":{\"@id\":\"https:\\\/\\\/chelso.com.br\\\/site\\\/qual-a-importancia-de-treinar-com-um-profissional-de-educacao-fisica\\\/#primaryimage\"},\"thumbnailUrl\":\"https:\\\/\\\/chelso.com.br\\\/site\\\/wp-content\\\/uploads\\\/2021\\\/11\\\/WhatsApp-Image-2021-11-16-at-16.49.14.jpeg\",\"keywords\":[\"Chelso\",\"chelso sports\",\"corrida\",\"Educa\u00e7\u00e3o F\u00edsica\",\"treinamento\"],\"articleSection\":[\"Dicas\",\"Not\u00edcias\",\"Sa\u00fade e Bem Estar\"],\"inLanguage\":\"pt-BR\",\"potentialAction\":[{\"@type\":\"CommentAction\",\"name\":\"Comment\",\"target\":[\"https:\\\/\\\/chelso.com.br\\\/site\\\/qual-a-importancia-de-treinar-com-um-profissional-de-educacao-fisica\\\/#respond\"]}]},{\"@type\":\"WebPage\",\"@id\":\"https:\\\/\\\/chelso.com.br\\\/site\\\/qual-a-importancia-de-treinar-com-um-profissional-de-educacao-fisica\\\/\",\"url\":\"https:\\\/\\\/chelso.com.br\\\/site\\\/qual-a-importancia-de-treinar-com-um-profissional-de-educacao-fisica\\\/\",\"name\":\"Qual a import\u00e2ncia de treinar com um profissional de Educa\u00e7\u00e3o F\u00edsica? - Portal Chelso Sports\",\"isPartOf\":{\"@id\":\"https:\\\/\\\/chelso.com.br\\\/site\\\/#website\"},\"primaryImageOfPage\":{\"@id\":\"https:\\\/\\\/chelso.com.br\\\/site\\\/qual-a-importancia-de-treinar-com-um-profissional-de-educacao-fisica\\\/#primaryimage\"},\"image\":{\"@id\":\"https:\\\/\\\/chelso.com.br\\\/site\\\/qual-a-importancia-de-treinar-com-um-profissional-de-educacao-fisica\\\/#primaryimage\"},\"thumbnailUrl\":\"https:\\\/\\\/chelso.com.br\\\/site\\\/wp-content\\\/uploads\\\/2021\\\/11\\\/WhatsApp-Image-2021-11-16-at-16.49.14.jpeg\",\"datePublished\":\"2021-11-16T20:00:27+00:00\",\"dateModified\":\"2021-11-16T20:13:19+00:00\",\"author\":{\"@id\":\"https:\\\/\\\/chelso.com.br\\\/site\\\/#\\\/schema\\\/person\\\/054b5faf08851bccf296f0a9e1e9a157\"},\"description\":\"Qual a import\u00e2ncia de treinar com um profissional de Educa\u00e7\u00e3o F\u00edsica? Neste artigo, nossa colunista Joselia Doimo aborda o tema. Confira!\",\"breadcrumb\":{\"@id\":\"https:\\\/\\\/chelso.com.br\\\/site\\\/qual-a-importancia-de-treinar-com-um-profissional-de-educacao-fisica\\\/#breadcrumb\"},\"inLanguage\":\"pt-BR\",\"potentialAction\":[{\"@type\":\"ReadAction\",\"target\":[\"https:\\\/\\\/chelso.com.br\\\/site\\\/qual-a-importancia-de-treinar-com-um-profissional-de-educacao-fisica\\\/\"]}]},{\"@type\":\"ImageObject\",\"inLanguage\":\"pt-BR\",\"@id\":\"https:\\\/\\\/chelso.com.br\\\/site\\\/qual-a-importancia-de-treinar-com-um-profissional-de-educacao-fisica\\\/#primaryimage\",\"url\":\"\",\"contentUrl\":\"\"},{\"@type\":\"BreadcrumbList\",\"@id\":\"https:\\\/\\\/chelso.com.br\\\/site\\\/qual-a-importancia-de-treinar-com-um-profissional-de-educacao-fisica\\\/#breadcrumb\",\"itemListElement\":[{\"@type\":\"ListItem\",\"position\":1,\"name\":\"In\u00edcio\",\"item\":\"https:\\\/\\\/chelso.com.br\\\/site\\\/\"},{\"@type\":\"ListItem\",\"position\":2,\"name\":\"Qual a import\u00e2ncia de treinar com um profissional de Educa\u00e7\u00e3o F\u00edsica?\"}]},{\"@type\":\"WebSite\",\"@id\":\"https:\\\/\\\/chelso.com.br\\\/site\\\/#website\",\"url\":\"https:\\\/\\\/chelso.com.br\\\/site\\\/\",\"name\":\"Portal Chelso Sports\",\"description\":\"Conte\u00fado especializado em corrida de rua e triathlon\",\"potentialAction\":[{\"@type\":\"SearchAction\",\"target\":{\"@type\":\"EntryPoint\",\"urlTemplate\":\"https:\\\/\\\/chelso.com.br\\\/site\\\/?s={search_term_string}\"},\"query-input\":{\"@type\":\"PropertyValueSpecification\",\"valueRequired\":true,\"valueName\":\"search_term_string\"}}],\"inLanguage\":\"pt-BR\"},{\"@type\":\"Person\",\"@id\":\"https:\\\/\\\/chelso.com.br\\\/site\\\/#\\\/schema\\\/person\\\/054b5faf08851bccf296f0a9e1e9a157\",\"name\":\"Joselia Doimo\",\"image\":{\"@type\":\"ImageObject\",\"inLanguage\":\"pt-BR\",\"@id\":\"https:\\\/\\\/secure.gravatar.com\\\/avatar\\\/893d8944c8a1c007cf6e9de42f693f53b1afe13d6349b8af812c658b579eeb9a?s=96&d=mm&r=g\",\"url\":\"https:\\\/\\\/secure.gravatar.com\\\/avatar\\\/893d8944c8a1c007cf6e9de42f693f53b1afe13d6349b8af812c658b579eeb9a?s=96&d=mm&r=g\",\"contentUrl\":\"https:\\\/\\\/secure.gravatar.com\\\/avatar\\\/893d8944c8a1c007cf6e9de42f693f53b1afe13d6349b8af812c658b579eeb9a?s=96&d=mm&r=g\",\"caption\":\"Joselia Doimo\"},\"description\":\"Joselia Doimo \u00e9 Profissional de Educa\u00e7\u00e3o F\u00edsica formada pela UNESP de Rio Claro com especializa\u00e7\u00e3o em Atividades F\u00edsicas para Grupos Especiais. Atua como Personal Trainer e Professora de Pilates e Yoga. Para conhecer mais seu trabalho acesse o INSTAGRAM.\",\"sameAs\":[\"http:\\\/\\\/instagram.com\\\/jodoimo\"],\"url\":\"https:\\\/\\\/chelso.com.br\\\/site\\\/author\\\/joseliadoimo\\\/\"}]}<\/script>\n<!-- \/ Yoast SEO plugin. -->","yoast_head_json":{"title":"Qual a import\u00e2ncia de treinar com um profissional de Educa\u00e7\u00e3o F\u00edsica? - Portal Chelso Sports","description":"Qual a import\u00e2ncia de treinar com um profissional de Educa\u00e7\u00e3o F\u00edsica? Neste artigo, nossa colunista Joselia Doimo aborda o tema. Confira!","robots":{"index":"index","follow":"follow","max-snippet":"max-snippet:-1","max-image-preview":"max-image-preview:large","max-video-preview":"max-video-preview:-1"},"canonical":"https:\/\/chelso.com.br\/site\/qual-a-importancia-de-treinar-com-um-profissional-de-educacao-fisica\/","og_locale":"pt_BR","og_type":"article","og_title":"Qual a import\u00e2ncia de treinar com um profissional de Educa\u00e7\u00e3o F\u00edsica? - Portal Chelso Sports","og_description":"Qual a import\u00e2ncia de treinar com um profissional de Educa\u00e7\u00e3o F\u00edsica? Neste artigo, nossa colunista Joselia Doimo aborda o tema. Confira!","og_url":"https:\/\/chelso.com.br\/site\/qual-a-importancia-de-treinar-com-um-profissional-de-educacao-fisica\/","og_site_name":"Portal Chelso Sports","article_published_time":"2021-11-16T20:00:27+00:00","article_modified_time":"2021-11-16T20:13:19+00:00","og_image":[{"width":1800,"height":1080,"url":"https:\/\/chelso.com.br\/site\/wp-content\/uploads\/2021\/11\/Qual-a-importancia-de-treinar-com-um-profissional-de-Educacao-Fisica.jpg","type":"image\/jpeg"}],"author":"Joselia Doimo","twitter_card":"summary_large_image","twitter_misc":{"Escrito por":"Joselia Doimo","Est. tempo de leitura":"3 minutos"},"schema":{"@context":"https:\/\/schema.org","@graph":[{"@type":"Article","@id":"https:\/\/chelso.com.br\/site\/qual-a-importancia-de-treinar-com-um-profissional-de-educacao-fisica\/#article","isPartOf":{"@id":"https:\/\/chelso.com.br\/site\/qual-a-importancia-de-treinar-com-um-profissional-de-educacao-fisica\/"},"author":{"name":"Joselia Doimo","@id":"https:\/\/chelso.com.br\/site\/#\/schema\/person\/054b5faf08851bccf296f0a9e1e9a157"},"headline":"Qual a import\u00e2ncia de treinar com um profissional de Educa\u00e7\u00e3o F\u00edsica?","datePublished":"2021-11-16T20:00:27+00:00","dateModified":"2021-11-16T20:13:19+00:00","mainEntityOfPage":{"@id":"https:\/\/chelso.com.br\/site\/qual-a-importancia-de-treinar-com-um-profissional-de-educacao-fisica\/"},"wordCount":663,"commentCount":0,"image":{"@id":"https:\/\/chelso.com.br\/site\/qual-a-importancia-de-treinar-com-um-profissional-de-educacao-fisica\/#primaryimage"},"thumbnailUrl":"https:\/\/chelso.com.br\/site\/wp-content\/uploads\/2021\/11\/WhatsApp-Image-2021-11-16-at-16.49.14.jpeg","keywords":["Chelso","chelso sports","corrida","Educa\u00e7\u00e3o F\u00edsica","treinamento"],"articleSection":["Dicas","Not\u00edcias","Sa\u00fade e Bem Estar"],"inLanguage":"pt-BR","potentialAction":[{"@type":"CommentAction","name":"Comment","target":["https:\/\/chelso.com.br\/site\/qual-a-importancia-de-treinar-com-um-profissional-de-educacao-fisica\/#respond"]}]},{"@type":"WebPage","@id":"https:\/\/chelso.com.br\/site\/qual-a-importancia-de-treinar-com-um-profissional-de-educacao-fisica\/","url":"https:\/\/chelso.com.br\/site\/qual-a-importancia-de-treinar-com-um-profissional-de-educacao-fisica\/","name":"Qual a import\u00e2ncia de treinar com um profissional de Educa\u00e7\u00e3o F\u00edsica? - Portal Chelso Sports","isPartOf":{"@id":"https:\/\/chelso.com.br\/site\/#website"},"primaryImageOfPage":{"@id":"https:\/\/chelso.com.br\/site\/qual-a-importancia-de-treinar-com-um-profissional-de-educacao-fisica\/#primaryimage"},"image":{"@id":"https:\/\/chelso.com.br\/site\/qual-a-importancia-de-treinar-com-um-profissional-de-educacao-fisica\/#primaryimage"},"thumbnailUrl":"https:\/\/chelso.com.br\/site\/wp-content\/uploads\/2021\/11\/WhatsApp-Image-2021-11-16-at-16.49.14.jpeg","datePublished":"2021-11-16T20:00:27+00:00","dateModified":"2021-11-16T20:13:19+00:00","author":{"@id":"https:\/\/chelso.com.br\/site\/#\/schema\/person\/054b5faf08851bccf296f0a9e1e9a157"},"description":"Qual a import\u00e2ncia de treinar com um profissional de Educa\u00e7\u00e3o F\u00edsica? Neste artigo, nossa colunista Joselia Doimo aborda o tema. Confira!","breadcrumb":{"@id":"https:\/\/chelso.com.br\/site\/qual-a-importancia-de-treinar-com-um-profissional-de-educacao-fisica\/#breadcrumb"},"inLanguage":"pt-BR","potentialAction":[{"@type":"ReadAction","target":["https:\/\/chelso.com.br\/site\/qual-a-importancia-de-treinar-com-um-profissional-de-educacao-fisica\/"]}]},{"@type":"ImageObject","inLanguage":"pt-BR","@id":"https:\/\/chelso.com.br\/site\/qual-a-importancia-de-treinar-com-um-profissional-de-educacao-fisica\/#primaryimage","url":"","contentUrl":""},{"@type":"BreadcrumbList","@id":"https:\/\/chelso.com.br\/site\/qual-a-importancia-de-treinar-com-um-profissional-de-educacao-fisica\/#breadcrumb","itemListElement":[{"@type":"ListItem","position":1,"name":"In\u00edcio","item":"https:\/\/chelso.com.br\/site\/"},{"@type":"ListItem","position":2,"name":"Qual a import\u00e2ncia de treinar com um profissional de Educa\u00e7\u00e3o F\u00edsica?"}]},{"@type":"WebSite","@id":"https:\/\/chelso.com.br\/site\/#website","url":"https:\/\/chelso.com.br\/site\/","name":"Portal Chelso Sports","description":"Conte\u00fado especializado em corrida de rua e triathlon","potentialAction":[{"@type":"SearchAction","target":{"@type":"EntryPoint","urlTemplate":"https:\/\/chelso.com.br\/site\/?s={search_term_string}"},"query-input":{"@type":"PropertyValueSpecification","valueRequired":true,"valueName":"search_term_string"}}],"inLanguage":"pt-BR"},{"@type":"Person","@id":"https:\/\/chelso.com.br\/site\/#\/schema\/person\/054b5faf08851bccf296f0a9e1e9a157","name":"Joselia Doimo","image":{"@type":"ImageObject","inLanguage":"pt-BR","@id":"https:\/\/secure.gravatar.com\/avatar\/893d8944c8a1c007cf6e9de42f693f53b1afe13d6349b8af812c658b579eeb9a?s=96&d=mm&r=g","url":"https:\/\/secure.gravatar.com\/avatar\/893d8944c8a1c007cf6e9de42f693f53b1afe13d6349b8af812c658b579eeb9a?s=96&d=mm&r=g","contentUrl":"https:\/\/secure.gravatar.com\/avatar\/893d8944c8a1c007cf6e9de42f693f53b1afe13d6349b8af812c658b579eeb9a?s=96&d=mm&r=g","caption":"Joselia Doimo"},"description":"Joselia Doimo \u00e9 Profissional de Educa\u00e7\u00e3o F\u00edsica formada pela UNESP de Rio Claro com especializa\u00e7\u00e3o em Atividades F\u00edsicas para Grupos Especiais. Atua como Personal Trainer e Professora de Pilates e Yoga. Para conhecer mais seu trabalho acesse o INSTAGRAM.","sameAs":["http:\/\/instagram.com\/jodoimo"],"url":"https:\/\/chelso.com.br\/site\/author\/joseliadoimo\/"}]}},"amp_enabled":true,"_links":{"self":[{"href":"https:\/\/chelso.com.br\/site\/wp-json\/wp\/v2\/posts\/11697","targetHints":{"allow":["GET"]}}],"collection":[{"href":"https:\/\/chelso.com.br\/site\/wp-json\/wp\/v2\/posts"}],"about":[{"href":"https:\/\/chelso.com.br\/site\/wp-json\/wp\/v2\/types\/post"}],"author":[{"embeddable":true,"href":"https:\/\/chelso.com.br\/site\/wp-json\/wp\/v2\/users\/6"}],"replies":[{"embeddable":true,"href":"https:\/\/chelso.com.br\/site\/wp-json\/wp\/v2\/comments?post=11697"}],"version-history":[{"count":1,"href":"https:\/\/chelso.com.br\/site\/wp-json\/wp\/v2\/posts\/11697\/revisions"}],"predecessor-version":[{"id":11700,"href":"https:\/\/chelso.com.br\/site\/wp-json\/wp\/v2\/posts\/11697\/revisions\/11700"}],"wp:attachment":[{"href":"https:\/\/chelso.com.br\/site\/wp-json\/wp\/v2\/media?parent=11697"}],"wp:term":[{"taxonomy":"category","embeddable":true,"href":"https:\/\/chelso.com.br\/site\/wp-json\/wp\/v2\/categories?post=11697"},{"taxonomy":"post_tag","embeddable":true,"href":"https:\/\/chelso.com.br\/site\/wp-json\/wp\/v2\/tags?post=11697"}],"curies":[{"name":"wp","href":"https:\/\/api.w.org\/{rel}","templated":true}]}}