{"id":11835,"date":"2021-11-27T07:00:30","date_gmt":"2021-11-27T10:00:30","guid":{"rendered":"https:\/\/chelso.com.br\/site\/?p=11835"},"modified":"2021-11-26T13:20:23","modified_gmt":"2021-11-26T16:20:23","slug":"neste-domingo-tem-wolf-series-charqueada","status":"publish","type":"post","link":"https:\/\/chelso.com.br\/site\/neste-domingo-tem-wolf-series-charqueada\/","title":{"rendered":"Neste domingo tem Wolf Series Charqueada"},"content":{"rendered":"<p><span style=\"font-weight: 400;\">Neste domingo tem Wolf Series Charqueada. O munic\u00edpio localizado a 180 km de S\u00e3o Paulo, sedia a \u00faltima etapa do ano da Wolf Series com provas de Trail Run e Duathlon Cross. Com inscri\u00e7\u00f5es esgotadas, a prova traz grandes desafios aos participantes, permitindo total contato com a natureza e paisagens incr\u00edveis ao longo dos percursos.<\/span><\/p>\n<p><a href=\"https:\/\/chelso.com.br\/site\/provas-presenciais\/\"><b>Confira nosso calend\u00e1rio de provas presenciais<\/b><\/a><\/p>\n<h2><strong>Neste domingo tem Wolf Series Charqueada<\/strong><\/h2>\n<p><span style=\"font-weight: 400;\">A prova conta com provas de Trail Run e Duathlon Cross e s\u00e3o divididas em dist\u00e2ncias que atraem atletas de todos os perfis. As corridas na trilha contam com tr\u00eas percursos, 6 km, 14 km e 30 km. Todos eles com largada no Centro de Eventos Helio Zanata.<\/span><\/p>\n<p><iframe  id=\"_ytid_51021\"  width=\"788\" height=\"443\"  data-origwidth=\"788\" data-origheight=\"443\" src=\"https:\/\/www.youtube.com\/embed\/k3dH45Xpatg?enablejsapi=1&#038;autoplay=0&#038;cc_load_policy=0&#038;cc_lang_pref=&#038;iv_load_policy=1&#038;loop=0&#038;rel=1&#038;fs=1&#038;playsinline=0&#038;autohide=2&#038;theme=dark&#038;color=red&#038;controls=1&#038;disablekb=0&#038;\" class=\"__youtube_prefs__  epyt-is-override  no-lazyload\" title=\"YouTube player\"  allow=\"fullscreen; accelerometer; autoplay; clipboard-write; encrypted-media; gyroscope; picture-in-picture; web-share\" referrerpolicy=\"strict-origin-when-cross-origin\" allowfullscreen data-no-lazy=\"1\" data-skipgform_ajax_framebjll=\"\"><\/iframe><\/p>\n<p><span style=\"font-weight: 400;\">J\u00e1 o Duathlon Cross oferece duas dist\u00e2ncias aos participantes: Sport e Pro. Na Sport, os atletas t\u00eam pela frente duas etapas de corrida, a primeira com 3 km e a segunda com 2 km, intercaladas por uma etapa de ciclismo de 14 km.\u00a0 No percurso da categoria Pro, a primeira perna da corrida conta com 6 km, seguida por um trecho de 30 km de ciclismo e mais uma etapa de corrida, desta vez de 4 km<\/span><\/p>\n<p><iframe  id=\"_ytid_18165\"  width=\"788\" height=\"443\"  data-origwidth=\"788\" data-origheight=\"443\" src=\"https:\/\/www.youtube.com\/embed\/iD5btezHOPQ?enablejsapi=1&#038;autoplay=0&#038;cc_load_policy=0&#038;cc_lang_pref=&#038;iv_load_policy=1&#038;loop=0&#038;rel=1&#038;fs=1&#038;playsinline=0&#038;autohide=2&#038;theme=dark&#038;color=red&#038;controls=1&#038;disablekb=0&#038;\" class=\"__youtube_prefs__  epyt-is-override  no-lazyload\" title=\"YouTube player\"  allow=\"fullscreen; accelerometer; autoplay; clipboard-write; encrypted-media; gyroscope; picture-in-picture; web-share\" referrerpolicy=\"strict-origin-when-cross-origin\" allowfullscreen data-no-lazy=\"1\" data-skipgform_ajax_framebjll=\"\"><\/iframe><\/p>\n<p><span style=\"font-weight: 400;\">Confira os mapas de prova com todos os detalhes \u2013 <\/span><a href=\"https:\/\/www.wolfseries.com.br\/resultados\"><span style=\"font-weight: 400;\">https:\/\/www.wolfseries.com.br\/resultados<\/span><\/a><span style=\"font-weight: 400;\">.<\/span><\/p>\n<p><b>Programa\u00e7\u00e3o, retirada de kits e largadas:<\/b><\/p>\n<p><span style=\"font-weight: 400;\">A programa\u00e7\u00e3o da Wolf Series come\u00e7a um dia antes. No s\u00e1bado, dia 27 de novembro, os atletas inscritos dever\u00e3o comparecer na Pra\u00e7a Ant\u00f4nio D\u00b4Alprat, no Centro de Charqueada, para retirar os kits, das10h e 15h.\u00a0<\/span><\/p>\n<p><span style=\"font-weight: 400;\">As largadas come\u00e7am \u00e0s 7h do domingo, com as categorias Pro de Duathlon Cross e para os 31 km da Trail Run. \u00c0s 7h05 larga a categoria Sport do Duathlon Cross, enquanto os atletas das provas de 6 km e 14 km largam \u00e0s 7h30.\u00a0<\/span><\/p>\n<p><a href=\"https:\/\/chelso.com.br\/site\/category\/dicas\/\"><span style=\"font-weight: 400;\">Fique por dentro de todas as not\u00edcias no blog da Chelso<\/span><\/a><\/p>\n<h3><b>Confira a programa\u00e7\u00e3o:<\/b><\/h3>\n<p><i><span style=\"font-weight: 400;\">S\u00e1bado \u2013 27 de novembro | Retirada de Kits<\/span><\/i><\/p>\n<p><span style=\"font-weight: 400;\">Hor\u00e1rio: Das 10h \u00e0s 15h<\/span><\/p>\n<p><span style=\"font-weight: 400;\">Local:\u00a0 Pra\u00e7a Antonio D\u2019 Alprat,1 \u2013 Centro \u2013 Charqueada SP\u00a0<\/span><\/p>\n<p>&nbsp;<\/p>\n<p><i><span style=\"font-weight: 400;\">Domingo \u2013 28 de novembro | Largadas<\/span><\/i><\/p>\n<p><span style=\"font-weight: 400;\">5h30 \u2013 Abertura da transi\u00e7\u00e3o<\/span><\/p>\n<p><span style=\"font-weight: 400;\">6h30 \u2013 Fechamento da transi\u00e7\u00e3o<\/span><\/p>\n<p><span style=\"font-weight: 400;\">7h \u2013 Largada Pro (Duathlon Cross) e 30 km (Trail Run)<\/span><\/p>\n<p><span style=\"font-weight: 400;\">7h05 \u2013 Largada Sport (Duathlon Cross), em ondas<\/span><\/p>\n<p><span style=\"font-weight: 400;\">7h30 \u2013 Largada 6 km e 14 km (Trail Run)<\/span><\/p>\n<p>&nbsp;<\/p>\n<p><b>Servi\u00e7o:<\/b><\/p>\n<p><span style=\"font-weight: 400;\">O que \u00e9: Wolf Series Charqueada<\/span><\/p>\n<p><span style=\"font-weight: 400;\">Quando: 28 de novembro de 2021<\/span><\/p>\n<p><span style=\"font-weight: 400;\">Provas: Trail Run e Duathlon Cross<\/span><\/p>\n<p><span style=\"font-weight: 400;\">Mais informa\u00e7\u00f5es: https:\/\/www.wolfseries.com.br\/<\/span><\/p>\n<p><strong>A primeira Wolf Series de 2022 j\u00e1 tem data e local<\/strong><\/p>\n<p>O ano ainda n\u00e3o acabou, mas n\u00f3s j\u00e1 estamos planejando um calend\u00e1rio com provas emocionantes e desafiadoras para 2022. E a primeira delas ser\u00e1 a Wolf Series de Brotas. E j\u00e1 tem data: 16 de janeiro. Quer saber mais? Ent\u00e3o se liga neste v\u00eddeo que preparamos especialmente para o nosso canal do Youtube.<\/p>\n<p><iframe  id=\"_ytid_98390\"  width=\"788\" height=\"443\"  data-origwidth=\"788\" data-origheight=\"443\" src=\"https:\/\/www.youtube.com\/embed\/NtTh3cJi2VE?enablejsapi=1&#038;autoplay=0&#038;cc_load_policy=0&#038;cc_lang_pref=&#038;iv_load_policy=1&#038;loop=0&#038;rel=1&#038;fs=1&#038;playsinline=0&#038;autohide=2&#038;theme=dark&#038;color=red&#038;controls=1&#038;disablekb=0&#038;\" class=\"__youtube_prefs__  epyt-is-override  no-lazyload\" title=\"YouTube player\"  allow=\"fullscreen; accelerometer; autoplay; clipboard-write; encrypted-media; gyroscope; picture-in-picture; web-share\" referrerpolicy=\"strict-origin-when-cross-origin\" allowfullscreen data-no-lazy=\"1\" data-skipgform_ajax_framebjll=\"\"><\/iframe><\/p>\n","protected":false},"excerpt":{"rendered":"<p>Neste domingo tem Wolf Series Charqueada. O munic\u00edpio localizado a 180 km de S\u00e3o Paulo, sedia a \u00faltima etapa do ano da Wolf Series com provas de Trail Run e Duathlon Cross. Com inscri\u00e7\u00f5es esgotadas, a prova traz grandes desafios aos participantes, permitindo total contato com a natureza e paisagens incr\u00edveis ao longo dos percursos.<\/p>\n","protected":false},"author":21,"featured_media":0,"comment_status":"open","ping_status":"closed","sticky":false,"template":"","format":"standard","meta":{"om_disable_all_campaigns":false,"_monsterinsights_skip_tracking":false,"_monsterinsights_sitenote_active":false,"_monsterinsights_sitenote_note":"","_monsterinsights_sitenote_category":0,"footnotes":""},"categories":[56,30],"tags":[904,41,32,33,34],"class_list":{"0":"post-11835","1":"post","2":"type-post","3":"status-publish","4":"format-standard","6":"category-eventos","7":"category-noticias","8":"tag-charqueada","9":"tag-chelso-sports","10":"tag-wolf-series","11":"tag-wolf-series-duathlon","12":"tag-wolf-series-trail-run"},"aioseo_notices":[],"yoast_head":"<!-- This site is optimized with the Yoast SEO plugin v27.5 - https:\/\/yoast.com\/product\/yoast-seo-wordpress\/ -->\n<title>Neste domingo tem Wolf Series Charqueada - Portal Chelso Sports<\/title>\n<meta name=\"description\" content=\"Neste domingo tem Wolf Series Charqueada. O munic\u00edpio sedia a \u00faltima etapa do ano da Wolf Series com provas de Trail Run e Duathlon Cross.\" \/>\n<meta name=\"robots\" content=\"index, follow, max-snippet:-1, max-image-preview:large, max-video-preview:-1\" \/>\n<link rel=\"canonical\" href=\"https:\/\/chelso.com.br\/site\/neste-domingo-tem-wolf-series-charqueada\/\" \/>\n<meta property=\"og:locale\" content=\"pt_BR\" \/>\n<meta property=\"og:type\" content=\"article\" \/>\n<meta property=\"og:title\" content=\"Neste domingo tem Wolf Series Charqueada - Portal Chelso Sports\" \/>\n<meta property=\"og:description\" content=\"Neste domingo tem Wolf Series Charqueada. O munic\u00edpio sedia a \u00faltima etapa do ano da Wolf Series com provas de Trail Run e Duathlon Cross.\" \/>\n<meta property=\"og:url\" content=\"https:\/\/chelso.com.br\/site\/neste-domingo-tem-wolf-series-charqueada\/\" \/>\n<meta property=\"og:site_name\" content=\"Portal Chelso Sports\" \/>\n<meta property=\"article:published_time\" content=\"2021-11-27T10:00:30+00:00\" \/>\n<meta property=\"og:image\" content=\"https:\/\/chelso.com.br\/site\/wp-content\/uploads\/2021\/11\/4EMUL16POKRHY3K238V1CB4HHGG4JZTJBGOYA4G88XTDF0V9XE-1024x426.png\" \/>\n\t<meta property=\"og:image:width\" content=\"1024\" \/>\n\t<meta property=\"og:image:height\" content=\"426\" \/>\n\t<meta property=\"og:image:type\" content=\"image\/png\" \/>\n<meta name=\"author\" content=\"Chelso\" \/>\n<meta name=\"twitter:card\" content=\"summary_large_image\" \/>\n<meta name=\"twitter:label1\" content=\"Escrito por\" \/>\n\t<meta name=\"twitter:data1\" content=\"Chelso\" \/>\n\t<meta name=\"twitter:label2\" content=\"Est. tempo de leitura\" \/>\n\t<meta name=\"twitter:data2\" content=\"2 minutos\" \/>\n<script type=\"application\/ld+json\" class=\"yoast-schema-graph\">{\"@context\":\"https:\\\/\\\/schema.org\",\"@graph\":[{\"@type\":\"Article\",\"@id\":\"https:\\\/\\\/chelso.com.br\\\/site\\\/neste-domingo-tem-wolf-series-charqueada\\\/#article\",\"isPartOf\":{\"@id\":\"https:\\\/\\\/chelso.com.br\\\/site\\\/neste-domingo-tem-wolf-series-charqueada\\\/\"},\"author\":{\"name\":\"Chelso\",\"@id\":\"https:\\\/\\\/chelso.com.br\\\/site\\\/#\\\/schema\\\/person\\\/06bf484f0ccbb71d4fd2128d594e1d0a\"},\"headline\":\"Neste domingo tem Wolf Series Charqueada\",\"datePublished\":\"2021-11-27T10:00:30+00:00\",\"mainEntityOfPage\":{\"@id\":\"https:\\\/\\\/chelso.com.br\\\/site\\\/neste-domingo-tem-wolf-series-charqueada\\\/\"},\"wordCount\":499,\"commentCount\":0,\"keywords\":[\"Charqueada\",\"chelso sports\",\"wolf series\",\"wolf series duathlon\",\"wolf series trail run\"],\"articleSection\":[\"Eventos\",\"Not\u00edcias\"],\"inLanguage\":\"pt-BR\",\"potentialAction\":[{\"@type\":\"CommentAction\",\"name\":\"Comment\",\"target\":[\"https:\\\/\\\/chelso.com.br\\\/site\\\/neste-domingo-tem-wolf-series-charqueada\\\/#respond\"]}]},{\"@type\":\"WebPage\",\"@id\":\"https:\\\/\\\/chelso.com.br\\\/site\\\/neste-domingo-tem-wolf-series-charqueada\\\/\",\"url\":\"https:\\\/\\\/chelso.com.br\\\/site\\\/neste-domingo-tem-wolf-series-charqueada\\\/\",\"name\":\"Neste domingo tem Wolf Series Charqueada - Portal Chelso Sports\",\"isPartOf\":{\"@id\":\"https:\\\/\\\/chelso.com.br\\\/site\\\/#website\"},\"datePublished\":\"2021-11-27T10:00:30+00:00\",\"author\":{\"@id\":\"https:\\\/\\\/chelso.com.br\\\/site\\\/#\\\/schema\\\/person\\\/06bf484f0ccbb71d4fd2128d594e1d0a\"},\"description\":\"Neste domingo tem Wolf Series Charqueada. O munic\u00edpio sedia a \u00faltima etapa do ano da Wolf Series com provas de Trail Run e Duathlon Cross.\",\"breadcrumb\":{\"@id\":\"https:\\\/\\\/chelso.com.br\\\/site\\\/neste-domingo-tem-wolf-series-charqueada\\\/#breadcrumb\"},\"inLanguage\":\"pt-BR\",\"potentialAction\":[{\"@type\":\"ReadAction\",\"target\":[\"https:\\\/\\\/chelso.com.br\\\/site\\\/neste-domingo-tem-wolf-series-charqueada\\\/\"]}]},{\"@type\":\"BreadcrumbList\",\"@id\":\"https:\\\/\\\/chelso.com.br\\\/site\\\/neste-domingo-tem-wolf-series-charqueada\\\/#breadcrumb\",\"itemListElement\":[{\"@type\":\"ListItem\",\"position\":1,\"name\":\"In\u00edcio\",\"item\":\"https:\\\/\\\/chelso.com.br\\\/site\\\/\"},{\"@type\":\"ListItem\",\"position\":2,\"name\":\"Neste domingo tem Wolf Series Charqueada\"}]},{\"@type\":\"WebSite\",\"@id\":\"https:\\\/\\\/chelso.com.br\\\/site\\\/#website\",\"url\":\"https:\\\/\\\/chelso.com.br\\\/site\\\/\",\"name\":\"Portal Chelso Sports\",\"description\":\"Conte\u00fado especializado em corrida de rua e triathlon\",\"potentialAction\":[{\"@type\":\"SearchAction\",\"target\":{\"@type\":\"EntryPoint\",\"urlTemplate\":\"https:\\\/\\\/chelso.com.br\\\/site\\\/?s={search_term_string}\"},\"query-input\":{\"@type\":\"PropertyValueSpecification\",\"valueRequired\":true,\"valueName\":\"search_term_string\"}}],\"inLanguage\":\"pt-BR\"},{\"@type\":\"Person\",\"@id\":\"https:\\\/\\\/chelso.com.br\\\/site\\\/#\\\/schema\\\/person\\\/06bf484f0ccbb71d4fd2128d594e1d0a\",\"name\":\"Chelso\",\"image\":{\"@type\":\"ImageObject\",\"inLanguage\":\"pt-BR\",\"@id\":\"https:\\\/\\\/chelso.com.br\\\/site\\\/wp-content\\\/uploads\\\/2025\\\/04\\\/Perfil20192-150x149.png\",\"url\":\"https:\\\/\\\/chelso.com.br\\\/site\\\/wp-content\\\/uploads\\\/2025\\\/04\\\/Perfil20192-150x149.png\",\"contentUrl\":\"https:\\\/\\\/chelso.com.br\\\/site\\\/wp-content\\\/uploads\\\/2025\\\/04\\\/Perfil20192-150x149.png\",\"caption\":\"Chelso\"},\"sameAs\":[\"http:\\\/\\\/www.chelso.com.br\"],\"url\":\"https:\\\/\\\/chelso.com.br\\\/site\\\/author\\\/maryblog\\\/\"}]}<\/script>\n<!-- \/ Yoast SEO plugin. -->","yoast_head_json":{"title":"Neste domingo tem Wolf Series Charqueada - Portal Chelso Sports","description":"Neste domingo tem Wolf Series Charqueada. O munic\u00edpio sedia a \u00faltima etapa do ano da Wolf Series com provas de Trail Run e Duathlon Cross.","robots":{"index":"index","follow":"follow","max-snippet":"max-snippet:-1","max-image-preview":"max-image-preview:large","max-video-preview":"max-video-preview:-1"},"canonical":"https:\/\/chelso.com.br\/site\/neste-domingo-tem-wolf-series-charqueada\/","og_locale":"pt_BR","og_type":"article","og_title":"Neste domingo tem Wolf Series Charqueada - Portal Chelso Sports","og_description":"Neste domingo tem Wolf Series Charqueada. O munic\u00edpio sedia a \u00faltima etapa do ano da Wolf Series com provas de Trail Run e Duathlon Cross.","og_url":"https:\/\/chelso.com.br\/site\/neste-domingo-tem-wolf-series-charqueada\/","og_site_name":"Portal Chelso Sports","article_published_time":"2021-11-27T10:00:30+00:00","og_image":[{"width":1024,"height":426,"url":"https:\/\/chelso.com.br\/site\/wp-content\/uploads\/2021\/11\/4EMUL16POKRHY3K238V1CB4HHGG4JZTJBGOYA4G88XTDF0V9XE-1024x426.png","type":"image\/png"}],"author":"Chelso","twitter_card":"summary_large_image","twitter_misc":{"Escrito por":"Chelso","Est. tempo de leitura":"2 minutos"},"schema":{"@context":"https:\/\/schema.org","@graph":[{"@type":"Article","@id":"https:\/\/chelso.com.br\/site\/neste-domingo-tem-wolf-series-charqueada\/#article","isPartOf":{"@id":"https:\/\/chelso.com.br\/site\/neste-domingo-tem-wolf-series-charqueada\/"},"author":{"name":"Chelso","@id":"https:\/\/chelso.com.br\/site\/#\/schema\/person\/06bf484f0ccbb71d4fd2128d594e1d0a"},"headline":"Neste domingo tem Wolf Series Charqueada","datePublished":"2021-11-27T10:00:30+00:00","mainEntityOfPage":{"@id":"https:\/\/chelso.com.br\/site\/neste-domingo-tem-wolf-series-charqueada\/"},"wordCount":499,"commentCount":0,"keywords":["Charqueada","chelso sports","wolf series","wolf series duathlon","wolf series trail run"],"articleSection":["Eventos","Not\u00edcias"],"inLanguage":"pt-BR","potentialAction":[{"@type":"CommentAction","name":"Comment","target":["https:\/\/chelso.com.br\/site\/neste-domingo-tem-wolf-series-charqueada\/#respond"]}]},{"@type":"WebPage","@id":"https:\/\/chelso.com.br\/site\/neste-domingo-tem-wolf-series-charqueada\/","url":"https:\/\/chelso.com.br\/site\/neste-domingo-tem-wolf-series-charqueada\/","name":"Neste domingo tem Wolf Series Charqueada - Portal Chelso Sports","isPartOf":{"@id":"https:\/\/chelso.com.br\/site\/#website"},"datePublished":"2021-11-27T10:00:30+00:00","author":{"@id":"https:\/\/chelso.com.br\/site\/#\/schema\/person\/06bf484f0ccbb71d4fd2128d594e1d0a"},"description":"Neste domingo tem Wolf Series Charqueada. O munic\u00edpio sedia a \u00faltima etapa do ano da Wolf Series com provas de Trail Run e Duathlon Cross.","breadcrumb":{"@id":"https:\/\/chelso.com.br\/site\/neste-domingo-tem-wolf-series-charqueada\/#breadcrumb"},"inLanguage":"pt-BR","potentialAction":[{"@type":"ReadAction","target":["https:\/\/chelso.com.br\/site\/neste-domingo-tem-wolf-series-charqueada\/"]}]},{"@type":"BreadcrumbList","@id":"https:\/\/chelso.com.br\/site\/neste-domingo-tem-wolf-series-charqueada\/#breadcrumb","itemListElement":[{"@type":"ListItem","position":1,"name":"In\u00edcio","item":"https:\/\/chelso.com.br\/site\/"},{"@type":"ListItem","position":2,"name":"Neste domingo tem Wolf Series Charqueada"}]},{"@type":"WebSite","@id":"https:\/\/chelso.com.br\/site\/#website","url":"https:\/\/chelso.com.br\/site\/","name":"Portal Chelso Sports","description":"Conte\u00fado especializado em corrida de rua e triathlon","potentialAction":[{"@type":"SearchAction","target":{"@type":"EntryPoint","urlTemplate":"https:\/\/chelso.com.br\/site\/?s={search_term_string}"},"query-input":{"@type":"PropertyValueSpecification","valueRequired":true,"valueName":"search_term_string"}}],"inLanguage":"pt-BR"},{"@type":"Person","@id":"https:\/\/chelso.com.br\/site\/#\/schema\/person\/06bf484f0ccbb71d4fd2128d594e1d0a","name":"Chelso","image":{"@type":"ImageObject","inLanguage":"pt-BR","@id":"https:\/\/chelso.com.br\/site\/wp-content\/uploads\/2025\/04\/Perfil20192-150x149.png","url":"https:\/\/chelso.com.br\/site\/wp-content\/uploads\/2025\/04\/Perfil20192-150x149.png","contentUrl":"https:\/\/chelso.com.br\/site\/wp-content\/uploads\/2025\/04\/Perfil20192-150x149.png","caption":"Chelso"},"sameAs":["http:\/\/www.chelso.com.br"],"url":"https:\/\/chelso.com.br\/site\/author\/maryblog\/"}]}},"amp_enabled":true,"_links":{"self":[{"href":"https:\/\/chelso.com.br\/site\/wp-json\/wp\/v2\/posts\/11835","targetHints":{"allow":["GET"]}}],"collection":[{"href":"https:\/\/chelso.com.br\/site\/wp-json\/wp\/v2\/posts"}],"about":[{"href":"https:\/\/chelso.com.br\/site\/wp-json\/wp\/v2\/types\/post"}],"author":[{"embeddable":true,"href":"https:\/\/chelso.com.br\/site\/wp-json\/wp\/v2\/users\/21"}],"replies":[{"embeddable":true,"href":"https:\/\/chelso.com.br\/site\/wp-json\/wp\/v2\/comments?post=11835"}],"version-history":[{"count":2,"href":"https:\/\/chelso.com.br\/site\/wp-json\/wp\/v2\/posts\/11835\/revisions"}],"predecessor-version":[{"id":11840,"href":"https:\/\/chelso.com.br\/site\/wp-json\/wp\/v2\/posts\/11835\/revisions\/11840"}],"wp:attachment":[{"href":"https:\/\/chelso.com.br\/site\/wp-json\/wp\/v2\/media?parent=11835"}],"wp:term":[{"taxonomy":"category","embeddable":true,"href":"https:\/\/chelso.com.br\/site\/wp-json\/wp\/v2\/categories?post=11835"},{"taxonomy":"post_tag","embeddable":true,"href":"https:\/\/chelso.com.br\/site\/wp-json\/wp\/v2\/tags?post=11835"}],"curies":[{"name":"wp","href":"https:\/\/api.w.org\/{rel}","templated":true}]}}