{"id":12112,"date":"2021-12-30T17:24:26","date_gmt":"2021-12-30T20:24:26","guid":{"rendered":"https:\/\/chelso.com.br\/site\/?p=12112"},"modified":"2021-12-30T17:24:26","modified_gmt":"2021-12-30T20:24:26","slug":"sao-silvestre","status":"publish","type":"post","link":"https:\/\/chelso.com.br\/site\/sao-silvestre\/","title":{"rendered":"Brasileiros querem colocar o pa\u00eds de volta ao topo do p\u00f3dio na S\u00e3o Silvestre"},"content":{"rendered":"<p align=\"justify\">Os destaques da 96<sup>a<\/sup>\u00a0Corrida Internacional de S\u00e3o Silvestre est\u00e3o prontos para a disputa da Prova que encerra o calend\u00e1rio 2021 de corridas de rua. Com um clima ainda mais especial, ap\u00f3s a aus\u00eancia em 2020, a Corrida promete ser acirrada com a boa e velha briga entre brasileiros e africanos. Daniel Nascimento e Grazieli Zarri s\u00e3o as esperan\u00e7as verde e amarela para que o pa\u00eds volte a ocupar o lugar no topo do p\u00f3dio. Os quenianos Elisa Rotich e Sandrafelis Chebet, e o et\u00edope Belay Bezabh s\u00e3o os principais advers\u00e1rios.<\/p>\n<p align=\"justify\">Na manh\u00e3 desta quinta-feira (30), em Sao Paulo, os destaques da Prova conversaram com a imprensa sobre suas estrat\u00e9gias. Os objetivos s\u00e3o un\u00e2nimes: todos querem brigar pela vit\u00f3ria, por melhorar seus tempos e v\u00e3o dar seu m\u00e1ximo nos 15 quil\u00f4metros.<\/p>\n<p align=\"justify\">A programa\u00e7\u00e3o de largadas amanh\u00e3, (31) ter\u00e1 os Cadeirantes a partir das 7h25; Elite Feminina \u00e0s 7h40 e Elite Masculina e Pelot\u00e3o Geral a partir das 8h05.<\/p>\n<p align=\"justify\"><a href=\"https:\/\/chelso.com.br\/site\/provas-presenciais\/\">Saiba mais sobre o nosso calend\u00e1rio de provas presenciais.<\/a><\/p>\n<h3 align=\"justify\">S\u00e3o Silvestre 2021 &#8211; <em><strong>Expectativas e declara\u00e7\u00f5es<\/strong><\/em><\/h3>\n<p align=\"justify\"><em>Daniel Nascimento, aos 23 anos, \u00e9 a renova\u00e7\u00e3o do atletismo brasileiro. Em 2019, na \u00faltima edi\u00e7\u00e3o da S\u00e3o Silvestre, foi o brasileiro mais bem colocado, com a 11<sup>a<\/sup>\u00a0coloca\u00e7\u00e3o. J\u00e1 neste ano, ficou no Top-10 na Maratona de Val\u00eancia e ainda conquistou \u00edndice para a Olimp\u00edada de T\u00f3quio, onde fez sua primeira prova de maratona na carreira.<\/em><\/p>\n<p align=\"justify\"><em>\u201cDurante a pandemia eu venho aprendendo muito. A vida precisa continuar e eu trabalhei todo esse tempo buscando evolu\u00e7\u00e3o. Tanto que fui para o Qu\u00eania para intensificar minha prepara\u00e7\u00e3o e treinar com os melhores, dessa forma pude aprender e evoluir. Poder voltar a competir na S\u00e3o Silvestre \u00e9 muito importante. Essa \u00e9 uma prova muito dif\u00edcil, mas acredito que estou em \u00f3tima forma e com bom rendimento. Vou entrar focado e fazer minha prova, sem olhar ou pensar nos advers\u00e1rios\u201d, considera Daniel.<\/em><\/p>\n<p align=\"justify\"><em>Grazi Zarri est\u00e1 otimista para a disputa. E revela o mesmo pensamento que Daniel. \u201cQuando as coisas melhoraram na pandemia, eu n\u00e3o parei e foquei nos treinos.\u00a0A vida tem que continuar. Acho a S\u00e3o Silvestre muito importante.\u00a0Eu estou em evolu\u00e7\u00e3o ainda, mas\u00a0me sinto\u00a0bem preparada\u00a0em brigar pela vit\u00f3ria. Nesse segundo semestre, foquei muito\u00a0e estou confiante para a prova.\u00a0Assim como o Daniel,\u00a0tenho vontade de ir para o Qu\u00eania, quero competir e aprender com os melhores. Absorver tudo de l\u00e1 e trazer para o meu pa\u00eds, para minha realidade. Ent\u00e3o, cada oportunidade e treino contam muito.\u00a0Na prova vou apostar no equil\u00edbrio e t\u00e1tica, dosando bem entre ritmo, e poupando a perna para o final, especialmente para a subida da Brigadeiro\u201d, analisa Grazi.<\/em><\/p>\n<blockquote class=\"instagram-media\" style=\"background: #FFF; border: 0; border-radius: 3px; box-shadow: 0 0 1px 0 rgba(0,0,0,0.5),0 1px 10px 0 rgba(0,0,0,0.15); margin: 1px; max-width: 540px; min-width: 326px; padding: 0; width: calc(100% - 2px);\" data-instgrm-captioned=\"\" data-instgrm-permalink=\"https:\/\/www.instagram.com\/tv\/CYG5o-WPaA4\/?utm_source=ig_embed&amp;utm_campaign=loading\" data-instgrm-version=\"14\">\n<div style=\"padding: 16px;\">\n<p>&nbsp;<\/p>\n<div style=\"display: flex; flex-direction: row; align-items: center;\">\n<div style=\"background-color: #f4f4f4; border-radius: 50%; flex-grow: 0; height: 40px; margin-right: 14px; width: 40px;\"><\/div>\n<div style=\"display: flex; flex-direction: column; flex-grow: 1; justify-content: center;\">\n<div style=\"background-color: #f4f4f4; border-radius: 4px; flex-grow: 0; height: 14px; margin-bottom: 6px; width: 100px;\"><\/div>\n<div style=\"background-color: #f4f4f4; border-radius: 4px; flex-grow: 0; height: 14px; width: 60px;\"><\/div>\n<\/div>\n<\/div>\n<div style=\"padding: 19% 0;\"><\/div>\n<div style=\"display: block; height: 50px; margin: 0 auto 12px; width: 50px;\"><\/div>\n<div style=\"padding-top: 8px;\">\n<div style=\"color: #3897f0; font-family: Arial,sans-serif; font-size: 14px; font-style: normal; font-weight: 550; line-height: 18px;\">Ver essa foto no Instagram<\/div>\n<\/div>\n<div style=\"padding: 12.5% 0;\"><\/div>\n<div style=\"display: flex; flex-direction: row; margin-bottom: 14px; align-items: center;\">\n<div>\n<div style=\"background-color: #f4f4f4; border-radius: 50%; height: 12.5px; width: 12.5px; transform: translateX(0px) translateY(7px);\"><\/div>\n<div style=\"background-color: #f4f4f4; height: 12.5px; transform: rotate(-45deg) translateX(3px) translateY(1px); width: 12.5px; flex-grow: 0; margin-right: 14px; margin-left: 2px;\"><\/div>\n<div style=\"background-color: #f4f4f4; border-radius: 50%; height: 12.5px; width: 12.5px; transform: translateX(9px) translateY(-18px);\"><\/div>\n<\/div>\n<div style=\"margin-left: 8px;\">\n<div style=\"background-color: #f4f4f4; border-radius: 50%; flex-grow: 0; height: 20px; width: 20px;\"><\/div>\n<div style=\"width: 0; height: 0; border-top: 2px solid transparent; border-left: 6px solid #f4f4f4; border-bottom: 2px solid transparent; transform: translateX(16px) translateY(-4px) rotate(30deg);\"><\/div>\n<\/div>\n<div style=\"margin-left: auto;\">\n<div style=\"width: 0px; border-top: 8px solid #F4F4F4; border-right: 8px solid transparent; transform: translateY(16px);\"><\/div>\n<div style=\"background-color: #f4f4f4; flex-grow: 0; height: 12px; width: 16px; transform: translateY(-4px);\"><\/div>\n<div style=\"width: 0; height: 0; border-top: 8px solid #F4F4F4; border-left: 8px solid transparent; transform: translateY(-4px) translateX(8px);\"><\/div>\n<\/div>\n<\/div>\n<div style=\"display: flex; flex-direction: column; flex-grow: 1; justify-content: center; margin-bottom: 24px;\">\n<div style=\"background-color: #f4f4f4; border-radius: 4px; flex-grow: 0; height: 14px; margin-bottom: 6px; width: 224px;\"><\/div>\n<div style=\"background-color: #f4f4f4; border-radius: 4px; flex-grow: 0; height: 14px; width: 144px;\"><\/div>\n<\/div>\n<p>&nbsp;<\/p>\n<p style=\"color: #c9c8cd; font-family: Arial,sans-serif; font-size: 14px; line-height: 17px; margin-bottom: 0; margin-top: 8px; overflow: hidden; padding: 8px 0 7px; text-align: center; text-overflow: ellipsis; white-space: nowrap;\"><a style=\"color: #c9c8cd; font-family: Arial,sans-serif; font-size: 14px; font-style: normal; font-weight: normal; line-height: 17px; text-decoration: none;\" href=\"https:\/\/www.instagram.com\/tv\/CYG5o-WPaA4\/?utm_source=ig_embed&amp;utm_campaign=loading\" target=\"_blank\" rel=\"noopener\">Uma publica\u00e7\u00e3o compartilhada por 96\u00aa Corrida de Sa\u0303o Silvestre (@sao_silvestre)<\/a><\/p>\n<\/div>\n<\/blockquote>\n<p><script async src=\"\/\/www.instagram.com\/embed.js\"><\/script><\/p>\n<p align=\"justify\"><em><strong>Estrangeiros<\/strong><\/em><\/p>\n<p align=\"justify\"><em>O queniano Elisa Rotich campe\u00e3o e recordista da maratona de Paris deste ano est\u00e1 feliz por voltar a competir a S\u00e3o Silvestre. E espera usar a prova para se autoavaliar e se preparar para as disputas do come\u00e7o de 2022.<\/em><\/p>\n<p align=\"justify\"><em>\u201cEu agrade\u00e7o a oportunidade de competir na S\u00e3o Silvestre novamente e tamb\u00e9m de estar no Brasil. Espero correr muito bem, mas isso depende da temperatura que estar\u00e1 no dia. Adaptei-me bem ao clima do Brasil, fui bem recebido, gostei da prova, \u00e9 bem organizada. Estou aqui de novo porque tenho a esperan\u00e7a de me autoavaliar, essa prova tem isso, voc\u00ea consegue refletir sobre os seus esfor\u00e7os e percebe os pontos que precisam ser melhorados. E sem contar que eu gosto do Brasil. Tamb\u00e9m fiquei feliz com os protocolos exigidos pela organiza\u00e7\u00e3o, isso mostra a preocupa\u00e7\u00e3o e cuidados com todos\u201d, disse Elisa.<\/em><\/p>\n<p align=\"justify\"><em>Belay Bezabh, campe\u00e3o em 2018 da S\u00e3o Silvestre, se junta a outros destaques da prova. E, chega novamente disposto e animado a brigar pela vit\u00f3ria.<\/em><\/p>\n<p align=\"justify\"><em>\u201cEssa \u00e9 a minha terceira vez na prova. Em 2017 fui vice-campe\u00e3o, e venci em 2018. Neste ano estou com a mesma expectativa de vit\u00f3ria. Eu gosto de competir na S\u00e3o Silvestre, tem diversos fatores que me fazem gostar de vir para c\u00e1, como o clima, adapta\u00e7\u00e3o ao percurso, o tratamento dos brasileiros. Tudo isso impacta no desempenho durante a prova. Sempre fico feliz quando venho para c\u00e1. A expectativa \u00e9 ser o campe\u00e3o novamente\u201d, contou Belay.<\/em><\/p>\n<p align=\"justify\"><em>Sandrafelis Chebet, outra queniana presente na disputa, aposta no seu bom desempenho e no bom clima da prova para obter um resultado positivo.<\/em><\/p>\n<p align=\"justify\"><em>\u201cMinha maior expectativa \u00e9 ter uma boa sa\u00fade para poder realizar a corrida, correr bem e ter um bom desempenho. Eu geralmente tenho uma boa perfomance quando corro aqui, isso que me move a sempre voltar. Claro, espero sempre melhorar para alcan\u00e7ar resultados cada vez melhores. Um dos motivos que me move a correr na S\u00e3o Silvestre \u00e9 o Brasil. Eu gosto de estar aqui. E, mesmo neste momento de pandemia, a vida continua. \u00d3bvio, tem que tomar cuidado, respeitar os protocolos, mas precisamos seguir. Estou tomando todos os cuidados com a minha sa\u00fade, porque esse momento representa uma grande avalia\u00e7\u00e3o do meu desempenho. Estou animada\u201d, observou a atleta.<\/em><\/p>\n<blockquote class=\"instagram-media\" style=\"background: #FFF; border: 0; border-radius: 3px; box-shadow: 0 0 1px 0 rgba(0,0,0,0.5),0 1px 10px 0 rgba(0,0,0,0.15); margin: 1px; max-width: 540px; min-width: 326px; padding: 0; width: calc(100% - 2px);\" data-instgrm-captioned=\"\" data-instgrm-permalink=\"https:\/\/www.instagram.com\/p\/CYCRbq7Ldmz\/?utm_source=ig_embed&amp;utm_campaign=loading\" data-instgrm-version=\"14\">\n<div style=\"padding: 16px;\">\n<p>&nbsp;<\/p>\n<div style=\"display: flex; flex-direction: row; align-items: center;\">\n<div style=\"background-color: #f4f4f4; border-radius: 50%; flex-grow: 0; height: 40px; margin-right: 14px; width: 40px;\"><\/div>\n<div style=\"display: flex; flex-direction: column; flex-grow: 1; justify-content: center;\">\n<div style=\"background-color: #f4f4f4; border-radius: 4px; flex-grow: 0; height: 14px; margin-bottom: 6px; width: 100px;\"><\/div>\n<div style=\"background-color: #f4f4f4; border-radius: 4px; flex-grow: 0; height: 14px; width: 60px;\"><\/div>\n<\/div>\n<\/div>\n<div style=\"padding: 19% 0;\"><\/div>\n<div style=\"display: block; height: 50px; margin: 0 auto 12px; width: 50px;\"><\/div>\n<div style=\"padding-top: 8px;\">\n<div style=\"color: #3897f0; font-family: Arial,sans-serif; font-size: 14px; font-style: normal; font-weight: 550; line-height: 18px;\">Ver essa foto no Instagram<\/div>\n<\/div>\n<div style=\"padding: 12.5% 0;\"><\/div>\n<div style=\"display: flex; flex-direction: row; margin-bottom: 14px; align-items: center;\">\n<div>\n<div style=\"background-color: #f4f4f4; border-radius: 50%; height: 12.5px; width: 12.5px; transform: translateX(0px) translateY(7px);\"><\/div>\n<div style=\"background-color: #f4f4f4; height: 12.5px; transform: rotate(-45deg) translateX(3px) translateY(1px); width: 12.5px; flex-grow: 0; margin-right: 14px; margin-left: 2px;\"><\/div>\n<div style=\"background-color: #f4f4f4; border-radius: 50%; height: 12.5px; width: 12.5px; transform: translateX(9px) translateY(-18px);\"><\/div>\n<\/div>\n<div style=\"margin-left: 8px;\">\n<div style=\"background-color: #f4f4f4; border-radius: 50%; flex-grow: 0; height: 20px; width: 20px;\"><\/div>\n<div style=\"width: 0; height: 0; border-top: 2px solid transparent; border-left: 6px solid #f4f4f4; border-bottom: 2px solid transparent; transform: translateX(16px) translateY(-4px) rotate(30deg);\"><\/div>\n<\/div>\n<div style=\"margin-left: auto;\">\n<div style=\"width: 0px; border-top: 8px solid #F4F4F4; border-right: 8px solid transparent; transform: translateY(16px);\"><\/div>\n<div style=\"background-color: #f4f4f4; flex-grow: 0; height: 12px; width: 16px; transform: translateY(-4px);\"><\/div>\n<div style=\"width: 0; height: 0; border-top: 8px solid #F4F4F4; border-left: 8px solid transparent; transform: translateY(-4px) translateX(8px);\"><\/div>\n<\/div>\n<\/div>\n<div style=\"display: flex; flex-direction: column; flex-grow: 1; justify-content: center; margin-bottom: 24px;\">\n<div style=\"background-color: #f4f4f4; border-radius: 4px; flex-grow: 0; height: 14px; margin-bottom: 6px; width: 224px;\"><\/div>\n<div style=\"background-color: #f4f4f4; border-radius: 4px; flex-grow: 0; height: 14px; width: 144px;\"><\/div>\n<\/div>\n<p>&nbsp;<\/p>\n<p style=\"color: #c9c8cd; font-family: Arial,sans-serif; font-size: 14px; line-height: 17px; margin-bottom: 0; margin-top: 8px; overflow: hidden; padding: 8px 0 7px; text-align: center; text-overflow: ellipsis; white-space: nowrap;\"><a style=\"color: #c9c8cd; font-family: Arial,sans-serif; font-size: 14px; font-style: normal; font-weight: normal; line-height: 17px; text-decoration: none;\" href=\"https:\/\/www.instagram.com\/p\/CYCRbq7Ldmz\/?utm_source=ig_embed&amp;utm_campaign=loading\" target=\"_blank\" rel=\"noopener\">Uma publica\u00e7\u00e3o compartilhada por DANIEL NASCIMENTO (@danielnascimentoatleta)<\/a><\/p>\n<\/div>\n<\/blockquote>\n<p><script async src=\"\/\/www.instagram.com\/embed.js\"><\/script><\/p>\n<p align=\"justify\"><em><strong>Percurso da S\u00e3o Silvestre<\/strong><\/em><\/p>\n<p align=\"justify\"><em>O percurso de 15 km passa por alguns dos principais pontos tur\u00edsticos da cidade de S\u00e3o Paulo, com largada na Avenida Paulista, pr\u00f3ximo ao n\u00famero 2000, e chegada em frente ao pr\u00e9dio da Funda\u00e7\u00e3o C\u00e1sper L\u00edbero, tamb\u00e9m na Avenida Paulista, 900.<\/em><\/p>\n<p align=\"justify\"><em>Mais informa\u00e7\u00f5es no site<\/em>\u00a0<a href=\"http:\/\/www.saosilvestre.com.br\/\"><em>www.saosilvestre.com.br<\/em><\/a><\/p>\n<p align=\"justify\">Com informa\u00e7\u00f5es: MBraga Comunica\u00e7\u00e3o<\/p>\n","protected":false},"excerpt":{"rendered":"<p>Os destaques da 96a\u00a0Corrida Internacional de S\u00e3o Silvestre est\u00e3o prontos para a disputa da Prova que encerra o calend\u00e1rio 2021 de corridas de rua. Com um clima ainda mais especial, ap\u00f3s a aus\u00eancia em 2020, a Corrida promete ser acirrada com a boa e velha briga entre brasileiros e africanos. Daniel Nascimento e Grazieli Zarri<\/p>\n","protected":false},"author":21,"featured_media":0,"comment_status":"open","ping_status":"closed","sticky":false,"template":"","format":"standard","meta":{"om_disable_all_campaigns":false,"_monsterinsights_skip_tracking":false,"_monsterinsights_sitenote_active":false,"_monsterinsights_sitenote_note":"","_monsterinsights_sitenote_category":0,"footnotes":""},"categories":[56,30],"tags":[929,41,932,928],"class_list":{"0":"post-12112","1":"post","2":"type-post","3":"status-publish","4":"format-standard","6":"category-eventos","7":"category-noticias","8":"tag-15k","9":"tag-chelso-sports","10":"tag-daniel-nascimento-grazieli-zarri","11":"tag-sao-silvestre"},"aioseo_notices":[],"yoast_head":"<!-- This site is optimized with the Yoast SEO plugin v27.5 - https:\/\/yoast.com\/product\/yoast-seo-wordpress\/ -->\n<title>Brasileiros querem colocar o pa\u00eds de volta ao topo do p\u00f3dio na S\u00e3o Silvestre - Portal Chelso Sports<\/title>\n<meta name=\"description\" content=\"Daniel Nascimento e Grazieli Zarry s\u00e3o as esperan\u00e7as do pa\u00eds na 96\u00aa edi\u00e7\u00e3o da S\u00e3o Silvestre, prova que encerra o calend\u00e1rio 2021 de corridas\" \/>\n<meta name=\"robots\" content=\"index, follow, max-snippet:-1, max-image-preview:large, max-video-preview:-1\" \/>\n<link rel=\"canonical\" href=\"https:\/\/chelso.com.br\/site\/sao-silvestre\/\" \/>\n<meta property=\"og:locale\" content=\"pt_BR\" \/>\n<meta property=\"og:type\" content=\"article\" \/>\n<meta property=\"og:title\" content=\"Brasileiros querem colocar o pa\u00eds de volta ao topo do p\u00f3dio na S\u00e3o Silvestre - Portal Chelso Sports\" \/>\n<meta property=\"og:description\" content=\"Daniel Nascimento e Grazieli Zarry s\u00e3o as esperan\u00e7as do pa\u00eds na 96\u00aa edi\u00e7\u00e3o da S\u00e3o Silvestre, prova que encerra o calend\u00e1rio 2021 de corridas\" \/>\n<meta property=\"og:url\" content=\"https:\/\/chelso.com.br\/site\/sao-silvestre\/\" \/>\n<meta property=\"og:site_name\" content=\"Portal Chelso Sports\" \/>\n<meta property=\"article:published_time\" content=\"2021-12-30T20:24:26+00:00\" \/>\n<meta property=\"og:image\" content=\"https:\/\/chelso.com.br\/site\/wp-content\/uploads\/2021\/12\/401815_999088_coletivabeijo_web_.jpeg\" \/>\n\t<meta property=\"og:image:width\" content=\"600\" \/>\n\t<meta property=\"og:image:height\" content=\"430\" \/>\n\t<meta property=\"og:image:type\" content=\"image\/jpeg\" \/>\n<meta name=\"author\" content=\"Chelso\" \/>\n<meta name=\"twitter:card\" content=\"summary_large_image\" \/>\n<meta name=\"twitter:label1\" content=\"Escrito por\" \/>\n\t<meta name=\"twitter:data1\" content=\"Chelso\" \/>\n\t<meta name=\"twitter:label2\" content=\"Est. tempo de leitura\" \/>\n\t<meta name=\"twitter:data2\" content=\"5 minutos\" \/>\n<script type=\"application\/ld+json\" class=\"yoast-schema-graph\">{\"@context\":\"https:\\\/\\\/schema.org\",\"@graph\":[{\"@type\":\"Article\",\"@id\":\"https:\\\/\\\/chelso.com.br\\\/site\\\/sao-silvestre\\\/#article\",\"isPartOf\":{\"@id\":\"https:\\\/\\\/chelso.com.br\\\/site\\\/sao-silvestre\\\/\"},\"author\":{\"name\":\"Chelso\",\"@id\":\"https:\\\/\\\/chelso.com.br\\\/site\\\/#\\\/schema\\\/person\\\/06bf484f0ccbb71d4fd2128d594e1d0a\"},\"headline\":\"Brasileiros querem colocar o pa\u00eds de volta ao topo do p\u00f3dio na S\u00e3o Silvestre\",\"datePublished\":\"2021-12-30T20:24:26+00:00\",\"mainEntityOfPage\":{\"@id\":\"https:\\\/\\\/chelso.com.br\\\/site\\\/sao-silvestre\\\/\"},\"wordCount\":985,\"commentCount\":0,\"keywords\":[\"15k\",\"chelso sports\",\"Daniel Nascimento Grazieli Zarri\",\"S\u00e3o Silvestre\"],\"articleSection\":[\"Eventos\",\"Not\u00edcias\"],\"inLanguage\":\"pt-BR\",\"potentialAction\":[{\"@type\":\"CommentAction\",\"name\":\"Comment\",\"target\":[\"https:\\\/\\\/chelso.com.br\\\/site\\\/sao-silvestre\\\/#respond\"]}]},{\"@type\":\"WebPage\",\"@id\":\"https:\\\/\\\/chelso.com.br\\\/site\\\/sao-silvestre\\\/\",\"url\":\"https:\\\/\\\/chelso.com.br\\\/site\\\/sao-silvestre\\\/\",\"name\":\"Brasileiros querem colocar o pa\u00eds de volta ao topo do p\u00f3dio na S\u00e3o Silvestre - Portal Chelso Sports\",\"isPartOf\":{\"@id\":\"https:\\\/\\\/chelso.com.br\\\/site\\\/#website\"},\"datePublished\":\"2021-12-30T20:24:26+00:00\",\"author\":{\"@id\":\"https:\\\/\\\/chelso.com.br\\\/site\\\/#\\\/schema\\\/person\\\/06bf484f0ccbb71d4fd2128d594e1d0a\"},\"description\":\"Daniel Nascimento e Grazieli Zarry s\u00e3o as esperan\u00e7as do pa\u00eds na 96\u00aa edi\u00e7\u00e3o da S\u00e3o Silvestre, prova que encerra o calend\u00e1rio 2021 de corridas\",\"breadcrumb\":{\"@id\":\"https:\\\/\\\/chelso.com.br\\\/site\\\/sao-silvestre\\\/#breadcrumb\"},\"inLanguage\":\"pt-BR\",\"potentialAction\":[{\"@type\":\"ReadAction\",\"target\":[\"https:\\\/\\\/chelso.com.br\\\/site\\\/sao-silvestre\\\/\"]}]},{\"@type\":\"BreadcrumbList\",\"@id\":\"https:\\\/\\\/chelso.com.br\\\/site\\\/sao-silvestre\\\/#breadcrumb\",\"itemListElement\":[{\"@type\":\"ListItem\",\"position\":1,\"name\":\"In\u00edcio\",\"item\":\"https:\\\/\\\/chelso.com.br\\\/site\\\/\"},{\"@type\":\"ListItem\",\"position\":2,\"name\":\"Brasileiros querem colocar o pa\u00eds de volta ao topo do p\u00f3dio na S\u00e3o Silvestre\"}]},{\"@type\":\"WebSite\",\"@id\":\"https:\\\/\\\/chelso.com.br\\\/site\\\/#website\",\"url\":\"https:\\\/\\\/chelso.com.br\\\/site\\\/\",\"name\":\"Portal Chelso Sports\",\"description\":\"Conte\u00fado especializado em corrida de rua e triathlon\",\"potentialAction\":[{\"@type\":\"SearchAction\",\"target\":{\"@type\":\"EntryPoint\",\"urlTemplate\":\"https:\\\/\\\/chelso.com.br\\\/site\\\/?s={search_term_string}\"},\"query-input\":{\"@type\":\"PropertyValueSpecification\",\"valueRequired\":true,\"valueName\":\"search_term_string\"}}],\"inLanguage\":\"pt-BR\"},{\"@type\":\"Person\",\"@id\":\"https:\\\/\\\/chelso.com.br\\\/site\\\/#\\\/schema\\\/person\\\/06bf484f0ccbb71d4fd2128d594e1d0a\",\"name\":\"Chelso\",\"image\":{\"@type\":\"ImageObject\",\"inLanguage\":\"pt-BR\",\"@id\":\"https:\\\/\\\/chelso.com.br\\\/site\\\/wp-content\\\/uploads\\\/2025\\\/04\\\/Perfil20192-150x149.png\",\"url\":\"https:\\\/\\\/chelso.com.br\\\/site\\\/wp-content\\\/uploads\\\/2025\\\/04\\\/Perfil20192-150x149.png\",\"contentUrl\":\"https:\\\/\\\/chelso.com.br\\\/site\\\/wp-content\\\/uploads\\\/2025\\\/04\\\/Perfil20192-150x149.png\",\"caption\":\"Chelso\"},\"sameAs\":[\"http:\\\/\\\/www.chelso.com.br\"],\"url\":\"https:\\\/\\\/chelso.com.br\\\/site\\\/author\\\/maryblog\\\/\"}]}<\/script>\n<!-- \/ Yoast SEO plugin. -->","yoast_head_json":{"title":"Brasileiros querem colocar o pa\u00eds de volta ao topo do p\u00f3dio na S\u00e3o Silvestre - Portal Chelso Sports","description":"Daniel Nascimento e Grazieli Zarry s\u00e3o as esperan\u00e7as do pa\u00eds na 96\u00aa edi\u00e7\u00e3o da S\u00e3o Silvestre, prova que encerra o calend\u00e1rio 2021 de corridas","robots":{"index":"index","follow":"follow","max-snippet":"max-snippet:-1","max-image-preview":"max-image-preview:large","max-video-preview":"max-video-preview:-1"},"canonical":"https:\/\/chelso.com.br\/site\/sao-silvestre\/","og_locale":"pt_BR","og_type":"article","og_title":"Brasileiros querem colocar o pa\u00eds de volta ao topo do p\u00f3dio na S\u00e3o Silvestre - Portal Chelso Sports","og_description":"Daniel Nascimento e Grazieli Zarry s\u00e3o as esperan\u00e7as do pa\u00eds na 96\u00aa edi\u00e7\u00e3o da S\u00e3o Silvestre, prova que encerra o calend\u00e1rio 2021 de corridas","og_url":"https:\/\/chelso.com.br\/site\/sao-silvestre\/","og_site_name":"Portal Chelso Sports","article_published_time":"2021-12-30T20:24:26+00:00","og_image":[{"width":600,"height":430,"url":"https:\/\/chelso.com.br\/site\/wp-content\/uploads\/2021\/12\/401815_999088_coletivabeijo_web_.jpeg","type":"image\/jpeg"}],"author":"Chelso","twitter_card":"summary_large_image","twitter_misc":{"Escrito por":"Chelso","Est. tempo de leitura":"5 minutos"},"schema":{"@context":"https:\/\/schema.org","@graph":[{"@type":"Article","@id":"https:\/\/chelso.com.br\/site\/sao-silvestre\/#article","isPartOf":{"@id":"https:\/\/chelso.com.br\/site\/sao-silvestre\/"},"author":{"name":"Chelso","@id":"https:\/\/chelso.com.br\/site\/#\/schema\/person\/06bf484f0ccbb71d4fd2128d594e1d0a"},"headline":"Brasileiros querem colocar o pa\u00eds de volta ao topo do p\u00f3dio na S\u00e3o Silvestre","datePublished":"2021-12-30T20:24:26+00:00","mainEntityOfPage":{"@id":"https:\/\/chelso.com.br\/site\/sao-silvestre\/"},"wordCount":985,"commentCount":0,"keywords":["15k","chelso sports","Daniel Nascimento Grazieli Zarri","S\u00e3o Silvestre"],"articleSection":["Eventos","Not\u00edcias"],"inLanguage":"pt-BR","potentialAction":[{"@type":"CommentAction","name":"Comment","target":["https:\/\/chelso.com.br\/site\/sao-silvestre\/#respond"]}]},{"@type":"WebPage","@id":"https:\/\/chelso.com.br\/site\/sao-silvestre\/","url":"https:\/\/chelso.com.br\/site\/sao-silvestre\/","name":"Brasileiros querem colocar o pa\u00eds de volta ao topo do p\u00f3dio na S\u00e3o Silvestre - Portal Chelso Sports","isPartOf":{"@id":"https:\/\/chelso.com.br\/site\/#website"},"datePublished":"2021-12-30T20:24:26+00:00","author":{"@id":"https:\/\/chelso.com.br\/site\/#\/schema\/person\/06bf484f0ccbb71d4fd2128d594e1d0a"},"description":"Daniel Nascimento e Grazieli Zarry s\u00e3o as esperan\u00e7as do pa\u00eds na 96\u00aa edi\u00e7\u00e3o da S\u00e3o Silvestre, prova que encerra o calend\u00e1rio 2021 de corridas","breadcrumb":{"@id":"https:\/\/chelso.com.br\/site\/sao-silvestre\/#breadcrumb"},"inLanguage":"pt-BR","potentialAction":[{"@type":"ReadAction","target":["https:\/\/chelso.com.br\/site\/sao-silvestre\/"]}]},{"@type":"BreadcrumbList","@id":"https:\/\/chelso.com.br\/site\/sao-silvestre\/#breadcrumb","itemListElement":[{"@type":"ListItem","position":1,"name":"In\u00edcio","item":"https:\/\/chelso.com.br\/site\/"},{"@type":"ListItem","position":2,"name":"Brasileiros querem colocar o pa\u00eds de volta ao topo do p\u00f3dio na S\u00e3o Silvestre"}]},{"@type":"WebSite","@id":"https:\/\/chelso.com.br\/site\/#website","url":"https:\/\/chelso.com.br\/site\/","name":"Portal Chelso Sports","description":"Conte\u00fado especializado em corrida de rua e triathlon","potentialAction":[{"@type":"SearchAction","target":{"@type":"EntryPoint","urlTemplate":"https:\/\/chelso.com.br\/site\/?s={search_term_string}"},"query-input":{"@type":"PropertyValueSpecification","valueRequired":true,"valueName":"search_term_string"}}],"inLanguage":"pt-BR"},{"@type":"Person","@id":"https:\/\/chelso.com.br\/site\/#\/schema\/person\/06bf484f0ccbb71d4fd2128d594e1d0a","name":"Chelso","image":{"@type":"ImageObject","inLanguage":"pt-BR","@id":"https:\/\/chelso.com.br\/site\/wp-content\/uploads\/2025\/04\/Perfil20192-150x149.png","url":"https:\/\/chelso.com.br\/site\/wp-content\/uploads\/2025\/04\/Perfil20192-150x149.png","contentUrl":"https:\/\/chelso.com.br\/site\/wp-content\/uploads\/2025\/04\/Perfil20192-150x149.png","caption":"Chelso"},"sameAs":["http:\/\/www.chelso.com.br"],"url":"https:\/\/chelso.com.br\/site\/author\/maryblog\/"}]}},"amp_enabled":true,"_links":{"self":[{"href":"https:\/\/chelso.com.br\/site\/wp-json\/wp\/v2\/posts\/12112","targetHints":{"allow":["GET"]}}],"collection":[{"href":"https:\/\/chelso.com.br\/site\/wp-json\/wp\/v2\/posts"}],"about":[{"href":"https:\/\/chelso.com.br\/site\/wp-json\/wp\/v2\/types\/post"}],"author":[{"embeddable":true,"href":"https:\/\/chelso.com.br\/site\/wp-json\/wp\/v2\/users\/21"}],"replies":[{"embeddable":true,"href":"https:\/\/chelso.com.br\/site\/wp-json\/wp\/v2\/comments?post=12112"}],"version-history":[{"count":1,"href":"https:\/\/chelso.com.br\/site\/wp-json\/wp\/v2\/posts\/12112\/revisions"}],"predecessor-version":[{"id":12114,"href":"https:\/\/chelso.com.br\/site\/wp-json\/wp\/v2\/posts\/12112\/revisions\/12114"}],"wp:attachment":[{"href":"https:\/\/chelso.com.br\/site\/wp-json\/wp\/v2\/media?parent=12112"}],"wp:term":[{"taxonomy":"category","embeddable":true,"href":"https:\/\/chelso.com.br\/site\/wp-json\/wp\/v2\/categories?post=12112"},{"taxonomy":"post_tag","embeddable":true,"href":"https:\/\/chelso.com.br\/site\/wp-json\/wp\/v2\/tags?post=12112"}],"curies":[{"name":"wp","href":"https:\/\/api.w.org\/{rel}","templated":true}]}}