{"id":12207,"date":"2022-01-24T07:00:35","date_gmt":"2022-01-24T10:00:35","guid":{"rendered":"https:\/\/chelso.com.br\/site\/?p=12207"},"modified":"2022-01-22T16:53:42","modified_gmt":"2022-01-22T19:53:42","slug":"quando-tenho-que-lavar-a-bike","status":"publish","type":"post","link":"https:\/\/chelso.com.br\/site\/quando-tenho-que-lavar-a-bike\/","title":{"rendered":"Quando tenho que lavar a bike?"},"content":{"rendered":"<p><strong>Quando tenho que lavar a bike?<\/strong> Precisa ser a cada pedal que fa\u00e7o?\u00a0<span style=\"font-weight: 400;\">Muitas s\u00e3o as perguntas em rela\u00e7\u00e3o a essa quest\u00e3o. Neste artigo, a colunista Alessandra Cardoso tira suas d\u00favidas sobre o momento certo de dar aquele tapa na sua bicicleta.\u00a0<\/span><\/p>\n<h3>Quando tenho que lavar a bike?<\/h3>\n<p><span style=\"font-weight: 400;\">Voc\u00ea n\u00e3o precisa lavar a cada pedal que voc\u00ea faz, mas h\u00e1 exce\u00e7\u00e3o \u00e0 regra. No caso de terrenos com muita poeira ou lama. <\/span><span style=\"font-weight: 400;\">A bike tem que ser lavada de forma que a \u00e1gua corrente caia sobre ela. NUNCA, EU DISSE NUNCA, NUNQUINHA deve ser lavada com a m\u00e1quina de alta press\u00e3o, aquela de lavar quintal, sabe!? &#8230; ou aquela paradinha no posto para bater uma \u00e1gua. ISSO N\u00c3O PODE!!.<\/span><\/p>\n<p><span style=\"font-weight: 400;\">O motivo: com a press\u00e3o da m\u00e1quina, toda a sujeira e as part\u00edculas pequenas de terra entram na rela\u00e7\u00e3o, suspens\u00e3o ou em qualquer outra parte com rolamentos e afins.<\/span><\/p>\n<p><strong>Confira o calend\u00e1rio de provas da Chelso Sports <a href=\"https:\/\/conteudo.chelso.com.br\/calendario-2022\">aqui.<\/a><\/strong><\/p>\n<p><span style=\"font-weight: 400;\">Essa sujeira, com o tempo, se torna abrasiva, como se fosse um esmeril, causando atrito e o desgaste dos componentes. Sem contar a ferrugem, pois a \u00e1gua fica parada no quadro, e isso causa preju\u00edzos a curto prazo (tudo que n\u00f3s n\u00e3o queremos).<\/span><\/p>\n<p><span style=\"font-weight: 400;\">O ideal seria levar a sua oficina de confian\u00e7a, onde h\u00e1 garantia e seguran\u00e7a de que a limpeza foi feita de modo correto. <\/span><span style=\"font-weight: 400;\">Ou, se preferir, em casa. \u00c1gua corrente, com a mangueira, sem esguicho, um detergente adequado e uma escova macia. Deixe a bike secar e depois passe na corrente o lubrificante de sua prefer\u00eancia.\u00a0<\/span><\/p>\n<p>Se liga nesse tutorial que gravei para o meu Instagram<\/p>\n<blockquote class=\"instagram-media\" style=\"background: #FFF; border: 0; border-radius: 3px; box-shadow: 0 0 1px 0 rgba(0,0,0,0.5),0 1px 10px 0 rgba(0,0,0,0.15); margin: 1px; max-width: 540px; min-width: 326px; padding: 0; width: calc(100% - 2px);\" data-instgrm-captioned=\"\" data-instgrm-permalink=\"https:\/\/www.instagram.com\/p\/CVLy9XkAWfg\/?utm_source=ig_embed&amp;utm_campaign=loading\" data-instgrm-version=\"14\">\n<div style=\"padding: 16px;\">\n<p>&nbsp;<\/p>\n<div style=\"display: flex; flex-direction: row; align-items: center;\">\n<div style=\"background-color: #f4f4f4; border-radius: 50%; flex-grow: 0; height: 40px; margin-right: 14px; width: 40px;\"><\/div>\n<div style=\"display: flex; flex-direction: column; flex-grow: 1; justify-content: center;\">\n<div style=\"background-color: #f4f4f4; border-radius: 4px; flex-grow: 0; height: 14px; margin-bottom: 6px; width: 100px;\"><\/div>\n<div style=\"background-color: #f4f4f4; border-radius: 4px; flex-grow: 0; height: 14px; width: 60px;\"><\/div>\n<\/div>\n<\/div>\n<div style=\"padding: 19% 0;\"><\/div>\n<div style=\"display: block; height: 50px; margin: 0 auto 12px; width: 50px;\"><\/div>\n<div style=\"padding-top: 8px;\">\n<div style=\"color: #3897f0; font-family: Arial,sans-serif; font-size: 14px; font-style: normal; font-weight: 550; line-height: 18px;\">Ver essa foto no Instagram<\/div>\n<\/div>\n<div style=\"padding: 12.5% 0;\"><\/div>\n<div style=\"display: flex; flex-direction: row; margin-bottom: 14px; align-items: center;\">\n<div>\n<div style=\"background-color: #f4f4f4; border-radius: 50%; height: 12.5px; width: 12.5px; transform: translateX(0px) translateY(7px);\"><\/div>\n<div style=\"background-color: #f4f4f4; height: 12.5px; transform: rotate(-45deg) translateX(3px) translateY(1px); width: 12.5px; flex-grow: 0; margin-right: 14px; margin-left: 2px;\"><\/div>\n<div style=\"background-color: #f4f4f4; border-radius: 50%; height: 12.5px; width: 12.5px; transform: translateX(9px) translateY(-18px);\"><\/div>\n<\/div>\n<div style=\"margin-left: 8px;\">\n<div style=\"background-color: #f4f4f4; border-radius: 50%; flex-grow: 0; height: 20px; width: 20px;\"><\/div>\n<div style=\"width: 0; height: 0; border-top: 2px solid transparent; border-left: 6px solid #f4f4f4; border-bottom: 2px solid transparent; transform: translateX(16px) translateY(-4px) rotate(30deg);\"><\/div>\n<\/div>\n<div style=\"margin-left: auto;\">\n<div style=\"width: 0px; border-top: 8px solid #F4F4F4; border-right: 8px solid transparent; transform: translateY(16px);\"><\/div>\n<div style=\"background-color: #f4f4f4; flex-grow: 0; height: 12px; width: 16px; transform: translateY(-4px);\"><\/div>\n<div style=\"width: 0; height: 0; border-top: 8px solid #F4F4F4; border-left: 8px solid transparent; transform: translateY(-4px) translateX(8px);\"><\/div>\n<\/div>\n<\/div>\n<div style=\"display: flex; flex-direction: column; flex-grow: 1; justify-content: center; margin-bottom: 24px;\">\n<div style=\"background-color: #f4f4f4; border-radius: 4px; flex-grow: 0; height: 14px; margin-bottom: 6px; width: 224px;\"><\/div>\n<div style=\"background-color: #f4f4f4; border-radius: 4px; flex-grow: 0; height: 14px; width: 144px;\"><\/div>\n<\/div>\n<p>&nbsp;<\/p>\n<p style=\"color: #c9c8cd; font-family: Arial,sans-serif; font-size: 14px; line-height: 17px; margin-bottom: 0; margin-top: 8px; overflow: hidden; padding: 8px 0 7px; text-align: center; text-overflow: ellipsis; white-space: nowrap;\"><a style=\"color: #c9c8cd; font-family: Arial,sans-serif; font-size: 14px; font-style: normal; font-weight: normal; line-height: 17px; text-decoration: none;\" href=\"https:\/\/www.instagram.com\/p\/CVLy9XkAWfg\/?utm_source=ig_embed&amp;utm_campaign=loading\" target=\"_blank\" rel=\"noopener\">Uma publica\u00e7\u00e3o compartilhada por \ud835\ude3c\ud835\ude61\ud835\ude5a\ud835\ude68\ud835\ude68\ud835\ude56\ud835\ude63\ud835\ude59\ud835\ude67\ud835\ude56 \ud835\ude3e\ud835\ude56\ud835\ude67\ud835\ude59\ud835\ude64\ud835\ude68\ud835\ude64 \ud83d\udeb4\u200d\u2640\ufe0f (@ale_cardosobiketrainer)<\/a><\/p>\n<\/div>\n<\/blockquote>\n<p><script async src=\"\/\/www.instagram.com\/embed.js\"><\/script><\/p>\n<p><span style=\"font-weight: 400;\">Bom pedal! At\u00e9 a pr\u00f3xima<br \/>\n<\/span><\/p>\n<p>A\u00a0<a href=\"https:\/\/chelso.com.br\/site\/\">Chelso<\/a>\u00a0tamb\u00e9m est\u00e1 no\u00a0<a href=\"https:\/\/www.youtube.com\/channel\/UC1VTjqCtASd4Tn3Z-U-SAqQ\">Youtube<\/a>. Se inscreva no nosso canal e acompanhe todas as novidades do mundo dos esportes por l\u00e1. Aproveite e siga a Chelso Sports no\u00a0<a href=\"https:\/\/www.instagram.com\/chelsosports\">Instagram,<\/a>\u00a0acompanhe todas as novidades sobre nosso calend\u00e1rio de provas e dicas de treinamentos e provas.<\/p>\n","protected":false},"excerpt":{"rendered":"<p>Quando tenho que lavar a bike? Precisa ser a cada pedal que fa\u00e7o?\u00a0Muitas s\u00e3o as perguntas em rela\u00e7\u00e3o a essa quest\u00e3o. Neste artigo, a colunista Alessandra Cardoso tira suas d\u00favidas sobre o momento certo de dar aquele tapa na sua bicicleta.\u00a0 Quando tenho que lavar a bike? Voc\u00ea n\u00e3o precisa lavar a cada pedal que<\/p>\n","protected":false},"author":24,"featured_media":0,"comment_status":"open","ping_status":"closed","sticky":false,"template":"","format":"standard","meta":{"om_disable_all_campaigns":false,"_monsterinsights_skip_tracking":false,"_monsterinsights_sitenote_active":false,"_monsterinsights_sitenote_note":"","_monsterinsights_sitenote_category":0,"footnotes":""},"categories":[89],"tags":[],"class_list":{"0":"post-12207","1":"post","2":"type-post","3":"status-publish","4":"format-standard","6":"category-dicas"},"aioseo_notices":[],"yoast_head":"<!-- This site is optimized with the Yoast SEO plugin v27.5 - https:\/\/yoast.com\/product\/yoast-seo-wordpress\/ -->\n<title>Quando tenho que lavar a bike? - Portal Chelso Sports<\/title>\n<meta name=\"description\" content=\"Quando tenho que lavar a bike? A colunista Alessandra Cardoso tira suas d\u00favidas sobre o momento certo de dar aquele tapa na sua bicicleta\" \/>\n<meta name=\"robots\" content=\"index, follow, max-snippet:-1, max-image-preview:large, max-video-preview:-1\" \/>\n<link rel=\"canonical\" href=\"https:\/\/chelso.com.br\/site\/quando-tenho-que-lavar-a-bike\/\" \/>\n<meta property=\"og:locale\" content=\"pt_BR\" \/>\n<meta property=\"og:type\" content=\"article\" \/>\n<meta property=\"og:title\" content=\"Quando tenho que lavar a bike? - Portal Chelso Sports\" \/>\n<meta property=\"og:description\" content=\"Quando tenho que lavar a bike? A colunista Alessandra Cardoso tira suas d\u00favidas sobre o momento certo de dar aquele tapa na sua bicicleta\" \/>\n<meta property=\"og:url\" content=\"https:\/\/chelso.com.br\/site\/quando-tenho-que-lavar-a-bike\/\" \/>\n<meta property=\"og:site_name\" content=\"Portal Chelso Sports\" \/>\n<meta property=\"article:published_time\" content=\"2022-01-24T10:00:35+00:00\" \/>\n<meta property=\"og:image\" content=\"https:\/\/chelso.com.br\/site\/wp-content\/uploads\/2022\/01\/Quando-tenho-que-lavar-a-bike-1024x614.png\" \/>\n\t<meta property=\"og:image:width\" content=\"1024\" \/>\n\t<meta property=\"og:image:height\" content=\"614\" \/>\n\t<meta property=\"og:image:type\" content=\"image\/png\" \/>\n<meta name=\"author\" content=\"Alessandra Cardoso\" \/>\n<meta name=\"twitter:card\" content=\"summary_large_image\" \/>\n<meta name=\"twitter:label1\" content=\"Escrito por\" \/>\n\t<meta name=\"twitter:data1\" content=\"Alessandra Cardoso\" \/>\n\t<meta name=\"twitter:label2\" content=\"Est. tempo de leitura\" \/>\n\t<meta name=\"twitter:data2\" content=\"2 minutos\" \/>\n<script type=\"application\/ld+json\" class=\"yoast-schema-graph\">{\"@context\":\"https:\\\/\\\/schema.org\",\"@graph\":[{\"@type\":\"Article\",\"@id\":\"https:\\\/\\\/chelso.com.br\\\/site\\\/quando-tenho-que-lavar-a-bike\\\/#article\",\"isPartOf\":{\"@id\":\"https:\\\/\\\/chelso.com.br\\\/site\\\/quando-tenho-que-lavar-a-bike\\\/\"},\"author\":{\"name\":\"Alessandra Cardoso\",\"@id\":\"https:\\\/\\\/chelso.com.br\\\/site\\\/#\\\/schema\\\/person\\\/3c7d7694843ca3e85839087163693222\"},\"headline\":\"Quando tenho que lavar a bike?\",\"datePublished\":\"2022-01-24T10:00:35+00:00\",\"mainEntityOfPage\":{\"@id\":\"https:\\\/\\\/chelso.com.br\\\/site\\\/quando-tenho-que-lavar-a-bike\\\/\"},\"wordCount\":359,\"commentCount\":0,\"articleSection\":[\"Dicas\"],\"inLanguage\":\"pt-BR\",\"potentialAction\":[{\"@type\":\"CommentAction\",\"name\":\"Comment\",\"target\":[\"https:\\\/\\\/chelso.com.br\\\/site\\\/quando-tenho-que-lavar-a-bike\\\/#respond\"]}]},{\"@type\":\"WebPage\",\"@id\":\"https:\\\/\\\/chelso.com.br\\\/site\\\/quando-tenho-que-lavar-a-bike\\\/\",\"url\":\"https:\\\/\\\/chelso.com.br\\\/site\\\/quando-tenho-que-lavar-a-bike\\\/\",\"name\":\"Quando tenho que lavar a bike? - Portal Chelso Sports\",\"isPartOf\":{\"@id\":\"https:\\\/\\\/chelso.com.br\\\/site\\\/#website\"},\"datePublished\":\"2022-01-24T10:00:35+00:00\",\"author\":{\"@id\":\"https:\\\/\\\/chelso.com.br\\\/site\\\/#\\\/schema\\\/person\\\/3c7d7694843ca3e85839087163693222\"},\"description\":\"Quando tenho que lavar a bike? A colunista Alessandra Cardoso tira suas d\u00favidas sobre o momento certo de dar aquele tapa na sua bicicleta\",\"breadcrumb\":{\"@id\":\"https:\\\/\\\/chelso.com.br\\\/site\\\/quando-tenho-que-lavar-a-bike\\\/#breadcrumb\"},\"inLanguage\":\"pt-BR\",\"potentialAction\":[{\"@type\":\"ReadAction\",\"target\":[\"https:\\\/\\\/chelso.com.br\\\/site\\\/quando-tenho-que-lavar-a-bike\\\/\"]}]},{\"@type\":\"BreadcrumbList\",\"@id\":\"https:\\\/\\\/chelso.com.br\\\/site\\\/quando-tenho-que-lavar-a-bike\\\/#breadcrumb\",\"itemListElement\":[{\"@type\":\"ListItem\",\"position\":1,\"name\":\"In\u00edcio\",\"item\":\"https:\\\/\\\/chelso.com.br\\\/site\\\/\"},{\"@type\":\"ListItem\",\"position\":2,\"name\":\"Quando tenho que lavar a bike?\"}]},{\"@type\":\"WebSite\",\"@id\":\"https:\\\/\\\/chelso.com.br\\\/site\\\/#website\",\"url\":\"https:\\\/\\\/chelso.com.br\\\/site\\\/\",\"name\":\"Portal Chelso Sports\",\"description\":\"Conte\u00fado especializado em corrida de rua e triathlon\",\"potentialAction\":[{\"@type\":\"SearchAction\",\"target\":{\"@type\":\"EntryPoint\",\"urlTemplate\":\"https:\\\/\\\/chelso.com.br\\\/site\\\/?s={search_term_string}\"},\"query-input\":{\"@type\":\"PropertyValueSpecification\",\"valueRequired\":true,\"valueName\":\"search_term_string\"}}],\"inLanguage\":\"pt-BR\"},{\"@type\":\"Person\",\"@id\":\"https:\\\/\\\/chelso.com.br\\\/site\\\/#\\\/schema\\\/person\\\/3c7d7694843ca3e85839087163693222\",\"name\":\"Alessandra Cardoso\",\"image\":{\"@type\":\"ImageObject\",\"inLanguage\":\"pt-BR\",\"@id\":\"https:\\\/\\\/secure.gravatar.com\\\/avatar\\\/db468fe96559553506ed5b4f00a01e8c0f73fe00398ee9ebf931b76fafef6384?s=96&d=mm&r=g\",\"url\":\"https:\\\/\\\/secure.gravatar.com\\\/avatar\\\/db468fe96559553506ed5b4f00a01e8c0f73fe00398ee9ebf931b76fafef6384?s=96&d=mm&r=g\",\"contentUrl\":\"https:\\\/\\\/secure.gravatar.com\\\/avatar\\\/db468fe96559553506ed5b4f00a01e8c0f73fe00398ee9ebf931b76fafef6384?s=96&d=mm&r=g\",\"caption\":\"Alessandra Cardoso\"},\"description\":\"Alessandra Cardoso, atleta, empres\u00e1ria administradora, ex-maratonista de mountain bike e corredora de rua. Credenciada em condu\u00e7\u00e3o de bicicletas pela \u201cFedera\u00e7\u00e3o Paulista de Ciclismo\u201d e multiplicadora de educa\u00e7\u00e3o para o tr\u00e2nsito, pelo \u201cDetran-SP\u201d, al\u00e9m de treinadora de pessoas em bicicleta e vida saud\u00e1vel, com mais de 25 anos de experi\u00eancia.\",\"sameAs\":[\"http:\\\/\\\/ale_cardosobiketrainer\"],\"url\":\"https:\\\/\\\/chelso.com.br\\\/site\\\/author\\\/alecardoso\\\/\"}]}<\/script>\n<!-- \/ Yoast SEO plugin. -->","yoast_head_json":{"title":"Quando tenho que lavar a bike? - Portal Chelso Sports","description":"Quando tenho que lavar a bike? A colunista Alessandra Cardoso tira suas d\u00favidas sobre o momento certo de dar aquele tapa na sua bicicleta","robots":{"index":"index","follow":"follow","max-snippet":"max-snippet:-1","max-image-preview":"max-image-preview:large","max-video-preview":"max-video-preview:-1"},"canonical":"https:\/\/chelso.com.br\/site\/quando-tenho-que-lavar-a-bike\/","og_locale":"pt_BR","og_type":"article","og_title":"Quando tenho que lavar a bike? - Portal Chelso Sports","og_description":"Quando tenho que lavar a bike? A colunista Alessandra Cardoso tira suas d\u00favidas sobre o momento certo de dar aquele tapa na sua bicicleta","og_url":"https:\/\/chelso.com.br\/site\/quando-tenho-que-lavar-a-bike\/","og_site_name":"Portal Chelso Sports","article_published_time":"2022-01-24T10:00:35+00:00","og_image":[{"width":1024,"height":614,"url":"https:\/\/chelso.com.br\/site\/wp-content\/uploads\/2022\/01\/Quando-tenho-que-lavar-a-bike-1024x614.png","type":"image\/png"}],"author":"Alessandra Cardoso","twitter_card":"summary_large_image","twitter_misc":{"Escrito por":"Alessandra Cardoso","Est. tempo de leitura":"2 minutos"},"schema":{"@context":"https:\/\/schema.org","@graph":[{"@type":"Article","@id":"https:\/\/chelso.com.br\/site\/quando-tenho-que-lavar-a-bike\/#article","isPartOf":{"@id":"https:\/\/chelso.com.br\/site\/quando-tenho-que-lavar-a-bike\/"},"author":{"name":"Alessandra Cardoso","@id":"https:\/\/chelso.com.br\/site\/#\/schema\/person\/3c7d7694843ca3e85839087163693222"},"headline":"Quando tenho que lavar a bike?","datePublished":"2022-01-24T10:00:35+00:00","mainEntityOfPage":{"@id":"https:\/\/chelso.com.br\/site\/quando-tenho-que-lavar-a-bike\/"},"wordCount":359,"commentCount":0,"articleSection":["Dicas"],"inLanguage":"pt-BR","potentialAction":[{"@type":"CommentAction","name":"Comment","target":["https:\/\/chelso.com.br\/site\/quando-tenho-que-lavar-a-bike\/#respond"]}]},{"@type":"WebPage","@id":"https:\/\/chelso.com.br\/site\/quando-tenho-que-lavar-a-bike\/","url":"https:\/\/chelso.com.br\/site\/quando-tenho-que-lavar-a-bike\/","name":"Quando tenho que lavar a bike? - Portal Chelso Sports","isPartOf":{"@id":"https:\/\/chelso.com.br\/site\/#website"},"datePublished":"2022-01-24T10:00:35+00:00","author":{"@id":"https:\/\/chelso.com.br\/site\/#\/schema\/person\/3c7d7694843ca3e85839087163693222"},"description":"Quando tenho que lavar a bike? A colunista Alessandra Cardoso tira suas d\u00favidas sobre o momento certo de dar aquele tapa na sua bicicleta","breadcrumb":{"@id":"https:\/\/chelso.com.br\/site\/quando-tenho-que-lavar-a-bike\/#breadcrumb"},"inLanguage":"pt-BR","potentialAction":[{"@type":"ReadAction","target":["https:\/\/chelso.com.br\/site\/quando-tenho-que-lavar-a-bike\/"]}]},{"@type":"BreadcrumbList","@id":"https:\/\/chelso.com.br\/site\/quando-tenho-que-lavar-a-bike\/#breadcrumb","itemListElement":[{"@type":"ListItem","position":1,"name":"In\u00edcio","item":"https:\/\/chelso.com.br\/site\/"},{"@type":"ListItem","position":2,"name":"Quando tenho que lavar a bike?"}]},{"@type":"WebSite","@id":"https:\/\/chelso.com.br\/site\/#website","url":"https:\/\/chelso.com.br\/site\/","name":"Portal Chelso Sports","description":"Conte\u00fado especializado em corrida de rua e triathlon","potentialAction":[{"@type":"SearchAction","target":{"@type":"EntryPoint","urlTemplate":"https:\/\/chelso.com.br\/site\/?s={search_term_string}"},"query-input":{"@type":"PropertyValueSpecification","valueRequired":true,"valueName":"search_term_string"}}],"inLanguage":"pt-BR"},{"@type":"Person","@id":"https:\/\/chelso.com.br\/site\/#\/schema\/person\/3c7d7694843ca3e85839087163693222","name":"Alessandra Cardoso","image":{"@type":"ImageObject","inLanguage":"pt-BR","@id":"https:\/\/secure.gravatar.com\/avatar\/db468fe96559553506ed5b4f00a01e8c0f73fe00398ee9ebf931b76fafef6384?s=96&d=mm&r=g","url":"https:\/\/secure.gravatar.com\/avatar\/db468fe96559553506ed5b4f00a01e8c0f73fe00398ee9ebf931b76fafef6384?s=96&d=mm&r=g","contentUrl":"https:\/\/secure.gravatar.com\/avatar\/db468fe96559553506ed5b4f00a01e8c0f73fe00398ee9ebf931b76fafef6384?s=96&d=mm&r=g","caption":"Alessandra Cardoso"},"description":"Alessandra Cardoso, atleta, empres\u00e1ria administradora, ex-maratonista de mountain bike e corredora de rua. Credenciada em condu\u00e7\u00e3o de bicicletas pela \u201cFedera\u00e7\u00e3o Paulista de Ciclismo\u201d e multiplicadora de educa\u00e7\u00e3o para o tr\u00e2nsito, pelo \u201cDetran-SP\u201d, al\u00e9m de treinadora de pessoas em bicicleta e vida saud\u00e1vel, com mais de 25 anos de experi\u00eancia.","sameAs":["http:\/\/ale_cardosobiketrainer"],"url":"https:\/\/chelso.com.br\/site\/author\/alecardoso\/"}]}},"amp_enabled":true,"_links":{"self":[{"href":"https:\/\/chelso.com.br\/site\/wp-json\/wp\/v2\/posts\/12207","targetHints":{"allow":["GET"]}}],"collection":[{"href":"https:\/\/chelso.com.br\/site\/wp-json\/wp\/v2\/posts"}],"about":[{"href":"https:\/\/chelso.com.br\/site\/wp-json\/wp\/v2\/types\/post"}],"author":[{"embeddable":true,"href":"https:\/\/chelso.com.br\/site\/wp-json\/wp\/v2\/users\/24"}],"replies":[{"embeddable":true,"href":"https:\/\/chelso.com.br\/site\/wp-json\/wp\/v2\/comments?post=12207"}],"version-history":[{"count":1,"href":"https:\/\/chelso.com.br\/site\/wp-json\/wp\/v2\/posts\/12207\/revisions"}],"predecessor-version":[{"id":12209,"href":"https:\/\/chelso.com.br\/site\/wp-json\/wp\/v2\/posts\/12207\/revisions\/12209"}],"wp:attachment":[{"href":"https:\/\/chelso.com.br\/site\/wp-json\/wp\/v2\/media?parent=12207"}],"wp:term":[{"taxonomy":"category","embeddable":true,"href":"https:\/\/chelso.com.br\/site\/wp-json\/wp\/v2\/categories?post=12207"},{"taxonomy":"post_tag","embeddable":true,"href":"https:\/\/chelso.com.br\/site\/wp-json\/wp\/v2\/tags?post=12207"}],"curies":[{"name":"wp","href":"https:\/\/api.w.org\/{rel}","templated":true}]}}