{"id":12443,"date":"2022-02-16T20:48:24","date_gmt":"2022-02-16T23:48:24","guid":{"rendered":"https:\/\/chelso.com.br\/site\/?p=12443"},"modified":"2022-02-16T20:48:24","modified_gmt":"2022-02-16T23:48:24","slug":"maratona-de-sevilha-2022","status":"publish","type":"post","link":"https:\/\/chelso.com.br\/site\/maratona-de-sevilha-2022\/","title":{"rendered":"Maratona de Sevilha 2022"},"content":{"rendered":"<p><span style=\"font-weight: 400;\">Quase 11.000 corredores de 82 pa\u00edses confirmaram participa\u00e7\u00e3o na Maratona de Sevilha 2022, na Espanha, que acontece neste domingo, 20 de fevereiro. A prova espanhola \u00e9 uma das mais importantes da Europa e atrai muitos atletas de elite para o pelot\u00e3o de largada. Nesta edi\u00e7\u00e3o, os destaques s\u00e3o os et\u00edopes Dadi Gemeda (2h05m41s) e Alemu Megertu (2h21m10s), ambos com os melhores tempos entre os inscritos.<\/span><\/p>\n<p><span style=\"font-weight: 400;\">No total, s\u00e3o onze atletas na Elite Feminina abaixo de 2h28, enquanto na Elite Masculina s\u00e3o 20 atletas abaixo de 2h08. A expectativa para a edi\u00e7\u00e3o deste ano \u00e9 por quebra de recordes, estabelecidos na edi\u00e7\u00e3o 2020 por Juliet Chekwel com 2h23m13s e Mekuant Ayenew Gebre com 2h04m46s.<\/span><\/p>\n<p><iframe  id=\"_ytid_15839\"  width=\"788\" height=\"443\"  data-origwidth=\"788\" data-origheight=\"443\" src=\"https:\/\/www.youtube.com\/embed\/2OK38PfQ5qo?enablejsapi=1&#038;autoplay=0&#038;cc_load_policy=0&#038;cc_lang_pref=&#038;iv_load_policy=1&#038;loop=0&#038;rel=1&#038;fs=1&#038;playsinline=0&#038;autohide=2&#038;theme=dark&#038;color=red&#038;controls=1&#038;disablekb=0&#038;\" class=\"__youtube_prefs__  epyt-is-override  no-lazyload\" title=\"YouTube player\"  allow=\"fullscreen; accelerometer; autoplay; clipboard-write; encrypted-media; gyroscope; picture-in-picture; web-share\" referrerpolicy=\"strict-origin-when-cross-origin\" allowfullscreen data-no-lazy=\"1\" data-skipgform_ajax_framebjll=\"\"><\/iframe><\/p>\n<p><span style=\"font-weight: 400;\">No Feminino, ser\u00e3o 47 atletas que comp\u00f5em o grupo de corredores de elite na categoria, incluindo 11 mulheres que j\u00e1 sabem o que significa correr menos de 2 horas e 28 minutos. Quatro participantes t\u00eam marca pessoal melhor do que o recorde do evento sevilhano. As quatro et\u00edopes s\u00e3o Alemu Megertu (2h21m10s), Sintayehu Lewetegn Hailemichael (2h22m45s), Sisay Meseret Gola (2h24m09s) e Yeshi Kalayu Chekole (2h24m28s). Destaque tamb\u00e9m para a estreia de Asnakesh Awoke, nova atleta et\u00edope que estreia na dist\u00e2ncia e tem o recorde pessoal de meia maratona de 1h07m04s.<\/span><\/p>\n<p><span style=\"font-weight: 400;\">Na Elite Masculino, 20 atletas que estar\u00e3o na linha de largada da Maratona de Sevilha 2022 tem maratona para baixo de 2h08m. Atletas do porte de Ghirmay Ghebreslassie, campe\u00e3o mundial de maratona em 2015, vencedor da Maratona de Nova York em 2016 e quarto nos Jogos Ol\u00edmpicos do Rio de Janeiro, Dadi Yami Gemeda, com 2h05m41s, Regasa Mndaye Bejiga, o marroquino Mohamed Ziani e o eritreu Merhawi Kesete, est\u00e3o entre os favoritos.<\/span><\/p>\n<p><a href=\"https:\/\/chelso.com.br\/site\/provas-presenciais\/\">Saiba mais sobre o nosso calend\u00e1rio de provas presenciais.<\/a><\/p>\n<h2>Brasileiros na Maratona de Sevilha 2022<\/h2>\n<p><span style=\"font-weight: 400;\">Entre os brasileiros, ser\u00e3o nove atletas de elite no evento. Adriana Aparecida da Silva, Valedilene Dos Santos Da Silva, Andreia Aparecida Hessel e Rosiane Xavier Dos Santos est\u00e3o escaladas no pelot\u00e3o feminino e Paulo Paula, Justino Pedro Da Silva, Wellington Bezerra da Silva, Edson Amaro Arruda Santos e Flavio Henrique De Guimar\u00e3es largam no pelot\u00e3o de elite masculino.\u00a0<\/span><\/p>\n<p><span style=\"font-weight: 400;\">\u201cA Maratona de Sevilha est\u00e1 mais forte do que nunca, consolidada como uma das mais r\u00e1pidas da Europa, o que fez com que o n\u00famero de atletas de elite ultrapasse os 170. Esta proje\u00e7\u00e3o internacional \u00e9 consequ\u00eancia da capacidade de Sevilha para organizar grandes eventos. Ingredientes que representam as melhores condi\u00e7\u00f5es poss\u00edveis para que participantes de todos os tipos de perfis venham e obtenham suas melhores marcas\u201d, falou David Guevara, integrante da organiza\u00e7\u00e3o do evento.<\/span><\/p>\n<blockquote class=\"instagram-media\" style=\"background: #FFF; border: 0; border-radius: 3px; box-shadow: 0 0 1px 0 rgba(0,0,0,0.5),0 1px 10px 0 rgba(0,0,0,0.15); margin: 1px; max-width: 540px; min-width: 326px; padding: 0; width: calc(100% - 2px);\" data-instgrm-captioned=\"\" data-instgrm-permalink=\"https:\/\/www.instagram.com\/p\/CaDKp8srZwi\/?utm_source=ig_embed&amp;utm_campaign=loading\" data-instgrm-version=\"14\">\n<div style=\"padding: 16px;\">\n<p>&nbsp;<\/p>\n<div style=\"display: flex; flex-direction: row; align-items: center;\">\n<div style=\"background-color: #f4f4f4; border-radius: 50%; flex-grow: 0; height: 40px; margin-right: 14px; width: 40px;\"><\/div>\n<div style=\"display: flex; flex-direction: column; flex-grow: 1; justify-content: center;\">\n<div style=\"background-color: #f4f4f4; border-radius: 4px; flex-grow: 0; height: 14px; margin-bottom: 6px; width: 100px;\"><\/div>\n<div style=\"background-color: #f4f4f4; border-radius: 4px; flex-grow: 0; height: 14px; width: 60px;\"><\/div>\n<\/div>\n<\/div>\n<div style=\"padding: 19% 0;\"><\/div>\n<div style=\"display: block; height: 50px; margin: 0 auto 12px; width: 50px;\"><\/div>\n<div style=\"padding-top: 8px;\">\n<div style=\"color: #3897f0; font-family: Arial,sans-serif; font-size: 14px; font-style: normal; font-weight: 550; line-height: 18px;\">Ver essa foto no Instagram<\/div>\n<\/div>\n<div style=\"padding: 12.5% 0;\"><\/div>\n<div style=\"display: flex; flex-direction: row; margin-bottom: 14px; align-items: center;\">\n<div>\n<div style=\"background-color: #f4f4f4; border-radius: 50%; height: 12.5px; width: 12.5px; transform: translateX(0px) translateY(7px);\"><\/div>\n<div style=\"background-color: #f4f4f4; height: 12.5px; transform: rotate(-45deg) translateX(3px) translateY(1px); width: 12.5px; flex-grow: 0; margin-right: 14px; margin-left: 2px;\"><\/div>\n<div style=\"background-color: #f4f4f4; border-radius: 50%; height: 12.5px; width: 12.5px; transform: translateX(9px) translateY(-18px);\"><\/div>\n<\/div>\n<div style=\"margin-left: 8px;\">\n<div style=\"background-color: #f4f4f4; border-radius: 50%; flex-grow: 0; height: 20px; width: 20px;\"><\/div>\n<div style=\"width: 0; height: 0; border-top: 2px solid transparent; border-left: 6px solid #f4f4f4; border-bottom: 2px solid transparent; transform: translateX(16px) translateY(-4px) rotate(30deg);\"><\/div>\n<\/div>\n<div style=\"margin-left: auto;\">\n<div style=\"width: 0px; border-top: 8px solid #F4F4F4; border-right: 8px solid transparent; transform: translateY(16px);\"><\/div>\n<div style=\"background-color: #f4f4f4; flex-grow: 0; height: 12px; width: 16px; transform: translateY(-4px);\"><\/div>\n<div style=\"width: 0; height: 0; border-top: 8px solid #F4F4F4; border-left: 8px solid transparent; transform: translateY(-4px) translateX(8px);\"><\/div>\n<\/div>\n<\/div>\n<div style=\"display: flex; flex-direction: column; flex-grow: 1; justify-content: center; margin-bottom: 24px;\">\n<div style=\"background-color: #f4f4f4; border-radius: 4px; flex-grow: 0; height: 14px; margin-bottom: 6px; width: 224px;\"><\/div>\n<div style=\"background-color: #f4f4f4; border-radius: 4px; flex-grow: 0; height: 14px; width: 144px;\"><\/div>\n<\/div>\n<p>&nbsp;<\/p>\n<p style=\"color: #c9c8cd; font-family: Arial,sans-serif; font-size: 14px; line-height: 17px; margin-bottom: 0; margin-top: 8px; overflow: hidden; padding: 8px 0 7px; text-align: center; text-overflow: ellipsis; white-space: nowrap;\"><a style=\"color: #c9c8cd; font-family: Arial,sans-serif; font-size: 14px; font-style: normal; font-weight: normal; line-height: 17px; text-decoration: none;\" href=\"https:\/\/www.instagram.com\/p\/CaDKp8srZwi\/?utm_source=ig_embed&amp;utm_campaign=loading\" target=\"_blank\" rel=\"noopener\">Uma publica\u00e7\u00e3o compartilhada por Zurich Marat\u00f3n de Sevilla (@maratondesevilla)<\/a><\/p>\n<\/div>\n<\/blockquote>\n<p><script async src=\"\/\/www.instagram.com\/embed.js\"><\/script><\/p>\n<p>A\u00a0<a href=\"https:\/\/chelso.com.br\/site\/\">Chelso<\/a>\u00a0tamb\u00e9m est\u00e1 no\u00a0<a href=\"https:\/\/www.youtube.com\/channel\/UC1VTjqCtASd4Tn3Z-U-SAqQ\">Youtube<\/a>. Se inscreva no nosso canal e acompanhe todas as novidades do mundo dos esportes por l\u00e1.<\/p>\n<p>Aproveite e siga a Chelso Sports no\u00a0<a href=\"https:\/\/www.instagram.com\/chelsosports\">Instagram,<\/a>\u00a0acompanhe todas as informa\u00e7\u00f5es sobre nosso calend\u00e1rio de provas e dicas de treinamentos e provas.<\/p>\n","protected":false},"excerpt":{"rendered":"<p>Quase 11.000 corredores de 82 pa\u00edses confirmaram participa\u00e7\u00e3o na Maratona de Sevilha 2022, na Espanha, que acontece neste domingo, 20 de fevereiro. A prova espanhola \u00e9 uma das mais importantes da Europa e atrai muitos atletas de elite para o pelot\u00e3o de largada. Nesta edi\u00e7\u00e3o, os destaques s\u00e3o os et\u00edopes Dadi Gemeda (2h05m41s) e Alemu<\/p>\n","protected":false},"author":21,"featured_media":0,"comment_status":"open","ping_status":"closed","sticky":false,"template":"","format":"standard","meta":{"om_disable_all_campaigns":false,"_monsterinsights_skip_tracking":false,"_monsterinsights_sitenote_active":false,"_monsterinsights_sitenote_note":"","_monsterinsights_sitenote_category":0,"footnotes":""},"categories":[56,30],"tags":[735,41,36,52,949],"class_list":{"0":"post-12443","1":"post","2":"type-post","3":"status-publish","4":"format-standard","6":"category-eventos","7":"category-noticias","8":"tag-chelso","9":"tag-chelso-sports","10":"tag-corrida","11":"tag-maratona","12":"tag-maratona-de-sevilha"},"aioseo_notices":[],"yoast_head":"<!-- This site is optimized with the Yoast SEO plugin v27.5 - https:\/\/yoast.com\/product\/yoast-seo-wordpress\/ -->\n<title>Maratona de Sevilha 2022 - Portal Chelso Sports<\/title>\n<meta name=\"description\" content=\"Maratona de Sevilha 2022. Confira todas as informa\u00e7\u00f5es sobre uma das principais maratonas da Europa que acontece neste domingo.\" \/>\n<meta name=\"robots\" content=\"index, follow, max-snippet:-1, max-image-preview:large, max-video-preview:-1\" \/>\n<link rel=\"canonical\" href=\"https:\/\/chelso.com.br\/site\/maratona-de-sevilha-2022\/\" \/>\n<meta property=\"og:locale\" content=\"pt_BR\" \/>\n<meta property=\"og:type\" content=\"article\" \/>\n<meta property=\"og:title\" content=\"Maratona de Sevilha 2022 - Portal Chelso Sports\" \/>\n<meta property=\"og:description\" content=\"Maratona de Sevilha 2022. Confira todas as informa\u00e7\u00f5es sobre uma das principais maratonas da Europa que acontece neste domingo.\" \/>\n<meta property=\"og:url\" content=\"https:\/\/chelso.com.br\/site\/maratona-de-sevilha-2022\/\" \/>\n<meta property=\"og:site_name\" content=\"Portal Chelso Sports\" \/>\n<meta property=\"article:published_time\" content=\"2022-02-16T23:48:24+00:00\" \/>\n<meta property=\"og:image\" content=\"https:\/\/chelso.com.br\/site\/wp-content\/uploads\/2022\/02\/zms-not-220215.jpg\" \/>\n\t<meta property=\"og:image:width\" content=\"900\" \/>\n\t<meta property=\"og:image:height\" content=\"598\" \/>\n\t<meta property=\"og:image:type\" content=\"image\/jpeg\" \/>\n<meta name=\"author\" content=\"Chelso\" \/>\n<meta name=\"twitter:card\" content=\"summary_large_image\" \/>\n<meta name=\"twitter:label1\" content=\"Escrito por\" \/>\n\t<meta name=\"twitter:data1\" content=\"Chelso\" \/>\n\t<meta name=\"twitter:label2\" content=\"Est. tempo de leitura\" \/>\n\t<meta name=\"twitter:data2\" content=\"3 minutos\" \/>\n<script type=\"application\/ld+json\" class=\"yoast-schema-graph\">{\"@context\":\"https:\\\/\\\/schema.org\",\"@graph\":[{\"@type\":\"Article\",\"@id\":\"https:\\\/\\\/chelso.com.br\\\/site\\\/maratona-de-sevilha-2022\\\/#article\",\"isPartOf\":{\"@id\":\"https:\\\/\\\/chelso.com.br\\\/site\\\/maratona-de-sevilha-2022\\\/\"},\"author\":{\"name\":\"Chelso\",\"@id\":\"https:\\\/\\\/chelso.com.br\\\/site\\\/#\\\/schema\\\/person\\\/06bf484f0ccbb71d4fd2128d594e1d0a\"},\"headline\":\"Maratona de Sevilha 2022\",\"datePublished\":\"2022-02-16T23:48:24+00:00\",\"mainEntityOfPage\":{\"@id\":\"https:\\\/\\\/chelso.com.br\\\/site\\\/maratona-de-sevilha-2022\\\/\"},\"wordCount\":542,\"commentCount\":0,\"keywords\":[\"Chelso\",\"chelso sports\",\"corrida\",\"Maratona\",\"Maratona de Sevilha\"],\"articleSection\":[\"Eventos\",\"Not\u00edcias\"],\"inLanguage\":\"pt-BR\",\"potentialAction\":[{\"@type\":\"CommentAction\",\"name\":\"Comment\",\"target\":[\"https:\\\/\\\/chelso.com.br\\\/site\\\/maratona-de-sevilha-2022\\\/#respond\"]}]},{\"@type\":\"WebPage\",\"@id\":\"https:\\\/\\\/chelso.com.br\\\/site\\\/maratona-de-sevilha-2022\\\/\",\"url\":\"https:\\\/\\\/chelso.com.br\\\/site\\\/maratona-de-sevilha-2022\\\/\",\"name\":\"Maratona de Sevilha 2022 - Portal Chelso Sports\",\"isPartOf\":{\"@id\":\"https:\\\/\\\/chelso.com.br\\\/site\\\/#website\"},\"datePublished\":\"2022-02-16T23:48:24+00:00\",\"author\":{\"@id\":\"https:\\\/\\\/chelso.com.br\\\/site\\\/#\\\/schema\\\/person\\\/06bf484f0ccbb71d4fd2128d594e1d0a\"},\"description\":\"Maratona de Sevilha 2022. Confira todas as informa\u00e7\u00f5es sobre uma das principais maratonas da Europa que acontece neste domingo.\",\"breadcrumb\":{\"@id\":\"https:\\\/\\\/chelso.com.br\\\/site\\\/maratona-de-sevilha-2022\\\/#breadcrumb\"},\"inLanguage\":\"pt-BR\",\"potentialAction\":[{\"@type\":\"ReadAction\",\"target\":[\"https:\\\/\\\/chelso.com.br\\\/site\\\/maratona-de-sevilha-2022\\\/\"]}]},{\"@type\":\"BreadcrumbList\",\"@id\":\"https:\\\/\\\/chelso.com.br\\\/site\\\/maratona-de-sevilha-2022\\\/#breadcrumb\",\"itemListElement\":[{\"@type\":\"ListItem\",\"position\":1,\"name\":\"In\u00edcio\",\"item\":\"https:\\\/\\\/chelso.com.br\\\/site\\\/\"},{\"@type\":\"ListItem\",\"position\":2,\"name\":\"Maratona de Sevilha 2022\"}]},{\"@type\":\"WebSite\",\"@id\":\"https:\\\/\\\/chelso.com.br\\\/site\\\/#website\",\"url\":\"https:\\\/\\\/chelso.com.br\\\/site\\\/\",\"name\":\"Portal Chelso Sports\",\"description\":\"Conte\u00fado especializado em corrida de rua e triathlon\",\"potentialAction\":[{\"@type\":\"SearchAction\",\"target\":{\"@type\":\"EntryPoint\",\"urlTemplate\":\"https:\\\/\\\/chelso.com.br\\\/site\\\/?s={search_term_string}\"},\"query-input\":{\"@type\":\"PropertyValueSpecification\",\"valueRequired\":true,\"valueName\":\"search_term_string\"}}],\"inLanguage\":\"pt-BR\"},{\"@type\":\"Person\",\"@id\":\"https:\\\/\\\/chelso.com.br\\\/site\\\/#\\\/schema\\\/person\\\/06bf484f0ccbb71d4fd2128d594e1d0a\",\"name\":\"Chelso\",\"image\":{\"@type\":\"ImageObject\",\"inLanguage\":\"pt-BR\",\"@id\":\"https:\\\/\\\/chelso.com.br\\\/site\\\/wp-content\\\/uploads\\\/2025\\\/04\\\/Perfil20192-150x149.png\",\"url\":\"https:\\\/\\\/chelso.com.br\\\/site\\\/wp-content\\\/uploads\\\/2025\\\/04\\\/Perfil20192-150x149.png\",\"contentUrl\":\"https:\\\/\\\/chelso.com.br\\\/site\\\/wp-content\\\/uploads\\\/2025\\\/04\\\/Perfil20192-150x149.png\",\"caption\":\"Chelso\"},\"sameAs\":[\"http:\\\/\\\/www.chelso.com.br\"],\"url\":\"https:\\\/\\\/chelso.com.br\\\/site\\\/author\\\/maryblog\\\/\"}]}<\/script>\n<!-- \/ Yoast SEO plugin. -->","yoast_head_json":{"title":"Maratona de Sevilha 2022 - Portal Chelso Sports","description":"Maratona de Sevilha 2022. Confira todas as informa\u00e7\u00f5es sobre uma das principais maratonas da Europa que acontece neste domingo.","robots":{"index":"index","follow":"follow","max-snippet":"max-snippet:-1","max-image-preview":"max-image-preview:large","max-video-preview":"max-video-preview:-1"},"canonical":"https:\/\/chelso.com.br\/site\/maratona-de-sevilha-2022\/","og_locale":"pt_BR","og_type":"article","og_title":"Maratona de Sevilha 2022 - Portal Chelso Sports","og_description":"Maratona de Sevilha 2022. Confira todas as informa\u00e7\u00f5es sobre uma das principais maratonas da Europa que acontece neste domingo.","og_url":"https:\/\/chelso.com.br\/site\/maratona-de-sevilha-2022\/","og_site_name":"Portal Chelso Sports","article_published_time":"2022-02-16T23:48:24+00:00","og_image":[{"width":900,"height":598,"url":"https:\/\/chelso.com.br\/site\/wp-content\/uploads\/2022\/02\/zms-not-220215.jpg","type":"image\/jpeg"}],"author":"Chelso","twitter_card":"summary_large_image","twitter_misc":{"Escrito por":"Chelso","Est. tempo de leitura":"3 minutos"},"schema":{"@context":"https:\/\/schema.org","@graph":[{"@type":"Article","@id":"https:\/\/chelso.com.br\/site\/maratona-de-sevilha-2022\/#article","isPartOf":{"@id":"https:\/\/chelso.com.br\/site\/maratona-de-sevilha-2022\/"},"author":{"name":"Chelso","@id":"https:\/\/chelso.com.br\/site\/#\/schema\/person\/06bf484f0ccbb71d4fd2128d594e1d0a"},"headline":"Maratona de Sevilha 2022","datePublished":"2022-02-16T23:48:24+00:00","mainEntityOfPage":{"@id":"https:\/\/chelso.com.br\/site\/maratona-de-sevilha-2022\/"},"wordCount":542,"commentCount":0,"keywords":["Chelso","chelso sports","corrida","Maratona","Maratona de Sevilha"],"articleSection":["Eventos","Not\u00edcias"],"inLanguage":"pt-BR","potentialAction":[{"@type":"CommentAction","name":"Comment","target":["https:\/\/chelso.com.br\/site\/maratona-de-sevilha-2022\/#respond"]}]},{"@type":"WebPage","@id":"https:\/\/chelso.com.br\/site\/maratona-de-sevilha-2022\/","url":"https:\/\/chelso.com.br\/site\/maratona-de-sevilha-2022\/","name":"Maratona de Sevilha 2022 - Portal Chelso Sports","isPartOf":{"@id":"https:\/\/chelso.com.br\/site\/#website"},"datePublished":"2022-02-16T23:48:24+00:00","author":{"@id":"https:\/\/chelso.com.br\/site\/#\/schema\/person\/06bf484f0ccbb71d4fd2128d594e1d0a"},"description":"Maratona de Sevilha 2022. Confira todas as informa\u00e7\u00f5es sobre uma das principais maratonas da Europa que acontece neste domingo.","breadcrumb":{"@id":"https:\/\/chelso.com.br\/site\/maratona-de-sevilha-2022\/#breadcrumb"},"inLanguage":"pt-BR","potentialAction":[{"@type":"ReadAction","target":["https:\/\/chelso.com.br\/site\/maratona-de-sevilha-2022\/"]}]},{"@type":"BreadcrumbList","@id":"https:\/\/chelso.com.br\/site\/maratona-de-sevilha-2022\/#breadcrumb","itemListElement":[{"@type":"ListItem","position":1,"name":"In\u00edcio","item":"https:\/\/chelso.com.br\/site\/"},{"@type":"ListItem","position":2,"name":"Maratona de Sevilha 2022"}]},{"@type":"WebSite","@id":"https:\/\/chelso.com.br\/site\/#website","url":"https:\/\/chelso.com.br\/site\/","name":"Portal Chelso Sports","description":"Conte\u00fado especializado em corrida de rua e triathlon","potentialAction":[{"@type":"SearchAction","target":{"@type":"EntryPoint","urlTemplate":"https:\/\/chelso.com.br\/site\/?s={search_term_string}"},"query-input":{"@type":"PropertyValueSpecification","valueRequired":true,"valueName":"search_term_string"}}],"inLanguage":"pt-BR"},{"@type":"Person","@id":"https:\/\/chelso.com.br\/site\/#\/schema\/person\/06bf484f0ccbb71d4fd2128d594e1d0a","name":"Chelso","image":{"@type":"ImageObject","inLanguage":"pt-BR","@id":"https:\/\/chelso.com.br\/site\/wp-content\/uploads\/2025\/04\/Perfil20192-150x149.png","url":"https:\/\/chelso.com.br\/site\/wp-content\/uploads\/2025\/04\/Perfil20192-150x149.png","contentUrl":"https:\/\/chelso.com.br\/site\/wp-content\/uploads\/2025\/04\/Perfil20192-150x149.png","caption":"Chelso"},"sameAs":["http:\/\/www.chelso.com.br"],"url":"https:\/\/chelso.com.br\/site\/author\/maryblog\/"}]}},"amp_enabled":true,"_links":{"self":[{"href":"https:\/\/chelso.com.br\/site\/wp-json\/wp\/v2\/posts\/12443","targetHints":{"allow":["GET"]}}],"collection":[{"href":"https:\/\/chelso.com.br\/site\/wp-json\/wp\/v2\/posts"}],"about":[{"href":"https:\/\/chelso.com.br\/site\/wp-json\/wp\/v2\/types\/post"}],"author":[{"embeddable":true,"href":"https:\/\/chelso.com.br\/site\/wp-json\/wp\/v2\/users\/21"}],"replies":[{"embeddable":true,"href":"https:\/\/chelso.com.br\/site\/wp-json\/wp\/v2\/comments?post=12443"}],"version-history":[{"count":1,"href":"https:\/\/chelso.com.br\/site\/wp-json\/wp\/v2\/posts\/12443\/revisions"}],"predecessor-version":[{"id":12445,"href":"https:\/\/chelso.com.br\/site\/wp-json\/wp\/v2\/posts\/12443\/revisions\/12445"}],"wp:attachment":[{"href":"https:\/\/chelso.com.br\/site\/wp-json\/wp\/v2\/media?parent=12443"}],"wp:term":[{"taxonomy":"category","embeddable":true,"href":"https:\/\/chelso.com.br\/site\/wp-json\/wp\/v2\/categories?post=12443"},{"taxonomy":"post_tag","embeddable":true,"href":"https:\/\/chelso.com.br\/site\/wp-json\/wp\/v2\/tags?post=12443"}],"curies":[{"name":"wp","href":"https:\/\/api.w.org\/{rel}","templated":true}]}}