{"id":12568,"date":"2022-03-03T19:47:35","date_gmt":"2022-03-03T22:47:35","guid":{"rendered":"https:\/\/chelso.com.br\/site\/?p=12568"},"modified":"2022-03-04T16:27:10","modified_gmt":"2022-03-04T19:27:10","slug":"maratona-de-toquio","status":"publish","type":"post","link":"https:\/\/chelso.com.br\/site\/maratona-de-toquio\/","title":{"rendered":"Maratona de T\u00f3quio acontece neste fim de semana"},"content":{"rendered":"<p><span style=\"font-weight: 400;\">Neste s\u00e1bado, 5 de mar\u00e7o, manh\u00e3 do dia 6 no Jap\u00e3o, acontece a Maratona de T\u00f3quio, a primeira Major do ano. A expectativa em torno do evento \u00e9 enorme uma vez que os dois recordistas mundiais est\u00e3o confirmados para correr a maratona japonesa. Eliud Kipchoge, dono de 2h01m39s, em Berlim 2018, e Brigid Kosgei, 2h14m04s, em Chicago 2019, s\u00e3o os grandes favoritos ao t\u00edtulo.<\/span><\/p>\n<p><a href=\"https:\/\/chelso.com.br\/site\/provas-presenciais\/\">Saiba mais sobre o nosso calend\u00e1rio de provas presenciais.<\/a><\/p>\n<p><iframe  id=\"_ytid_27467\"  width=\"788\" height=\"443\"  data-origwidth=\"788\" data-origheight=\"443\" src=\"https:\/\/www.youtube.com\/embed\/T7rf4iESKYI?enablejsapi=1&#038;autoplay=0&#038;cc_load_policy=0&#038;cc_lang_pref=&#038;iv_load_policy=1&#038;loop=0&#038;rel=1&#038;fs=1&#038;playsinline=0&#038;autohide=2&#038;theme=dark&#038;color=red&#038;controls=1&#038;disablekb=0&#038;\" class=\"__youtube_prefs__  epyt-is-override  no-lazyload\" title=\"YouTube player\"  allow=\"fullscreen; accelerometer; autoplay; clipboard-write; encrypted-media; gyroscope; picture-in-picture; web-share\" referrerpolicy=\"strict-origin-when-cross-origin\" allowfullscreen data-no-lazy=\"1\" data-skipgform_ajax_framebjll=\"\"><\/iframe><\/p>\n<h2>Maratona de T\u00f3quio: recordistas mundiais na disputa<\/h2>\n<p><span style=\"font-weight: 400;\">O evento ter\u00e1 transmiss\u00e3o ao vivo pela ESPN2 a partir das 21h deste s\u00e1bado. Uma \u00f3tima oportunidade para acompanhar alguns dos melhores fundistas do planeta em a\u00e7\u00e3o. Bicampe\u00e3o Ol\u00edmpico, Eliud Kipchoge quer aumentar sua cole\u00e7\u00e3o de t\u00edtulos em majors. Ele, que j\u00e1 venceu Chicago, Londres e Berlim, quer adicionar ao seu curr\u00edculo o t\u00edtulo em T\u00f3quio.<\/span><\/p>\n<blockquote class=\"instagram-media\" style=\"background: #FFF; border: 0; border-radius: 3px; box-shadow: 0 0 1px 0 rgba(0,0,0,0.5),0 1px 10px 0 rgba(0,0,0,0.15); margin: 1px; max-width: 540px; min-width: 326px; padding: 0; width: calc(100% - 2px);\" data-instgrm-captioned=\"\" data-instgrm-permalink=\"https:\/\/www.instagram.com\/p\/CakGestsLqy\/?utm_source=ig_embed&amp;utm_campaign=loading\" data-instgrm-version=\"14\">\n<div style=\"padding: 16px;\">\n<p>&nbsp;<\/p>\n<div style=\"display: flex; flex-direction: row; align-items: center;\">\n<div style=\"background-color: #f4f4f4; border-radius: 50%; flex-grow: 0; height: 40px; margin-right: 14px; width: 40px;\"><\/div>\n<div style=\"display: flex; flex-direction: column; flex-grow: 1; justify-content: center;\">\n<div style=\"background-color: #f4f4f4; border-radius: 4px; flex-grow: 0; height: 14px; margin-bottom: 6px; width: 100px;\"><\/div>\n<div style=\"background-color: #f4f4f4; border-radius: 4px; flex-grow: 0; height: 14px; width: 60px;\"><\/div>\n<\/div>\n<\/div>\n<div style=\"padding: 19% 0;\"><\/div>\n<div style=\"display: block; height: 50px; margin: 0 auto 12px; width: 50px;\"><\/div>\n<div style=\"padding-top: 8px;\">\n<div style=\"color: #3897f0; font-family: Arial,sans-serif; font-size: 14px; font-style: normal; font-weight: 550; line-height: 18px;\">Ver essa foto no Instagram<\/div>\n<\/div>\n<div style=\"padding: 12.5% 0;\"><\/div>\n<div style=\"display: flex; flex-direction: row; margin-bottom: 14px; align-items: center;\">\n<div>\n<div style=\"background-color: #f4f4f4; border-radius: 50%; height: 12.5px; width: 12.5px; transform: translateX(0px) translateY(7px);\"><\/div>\n<div style=\"background-color: #f4f4f4; height: 12.5px; transform: rotate(-45deg) translateX(3px) translateY(1px); width: 12.5px; flex-grow: 0; margin-right: 14px; margin-left: 2px;\"><\/div>\n<div style=\"background-color: #f4f4f4; border-radius: 50%; height: 12.5px; width: 12.5px; transform: translateX(9px) translateY(-18px);\"><\/div>\n<\/div>\n<div style=\"margin-left: 8px;\">\n<div style=\"background-color: #f4f4f4; border-radius: 50%; flex-grow: 0; height: 20px; width: 20px;\"><\/div>\n<div style=\"width: 0; height: 0; border-top: 2px solid transparent; border-left: 6px solid #f4f4f4; border-bottom: 2px solid transparent; transform: translateX(16px) translateY(-4px) rotate(30deg);\"><\/div>\n<\/div>\n<div style=\"margin-left: auto;\">\n<div style=\"width: 0px; border-top: 8px solid #F4F4F4; border-right: 8px solid transparent; transform: translateY(16px);\"><\/div>\n<div style=\"background-color: #f4f4f4; flex-grow: 0; height: 12px; width: 16px; transform: translateY(-4px);\"><\/div>\n<div style=\"width: 0; height: 0; border-top: 8px solid #F4F4F4; border-left: 8px solid transparent; transform: translateY(-4px) translateX(8px);\"><\/div>\n<\/div>\n<\/div>\n<div style=\"display: flex; flex-direction: column; flex-grow: 1; justify-content: center; margin-bottom: 24px;\">\n<div style=\"background-color: #f4f4f4; border-radius: 4px; flex-grow: 0; height: 14px; margin-bottom: 6px; width: 224px;\"><\/div>\n<div style=\"background-color: #f4f4f4; border-radius: 4px; flex-grow: 0; height: 14px; width: 144px;\"><\/div>\n<\/div>\n<p>&nbsp;<\/p>\n<p style=\"color: #c9c8cd; font-family: Arial,sans-serif; font-size: 14px; line-height: 17px; margin-bottom: 0; margin-top: 8px; overflow: hidden; padding: 8px 0 7px; text-align: center; text-overflow: ellipsis; white-space: nowrap;\"><a style=\"color: #c9c8cd; font-family: Arial,sans-serif; font-size: 14px; font-style: normal; font-weight: normal; line-height: 17px; text-decoration: none;\" href=\"https:\/\/www.instagram.com\/p\/CakGestsLqy\/?utm_source=ig_embed&amp;utm_campaign=loading\" target=\"_blank\" rel=\"noopener\">Uma publica\u00e7\u00e3o compartilhada por NN Running Team (@nnrunningteam)<\/a><\/p>\n<\/div>\n<\/blockquote>\n<p><script async src=\"\/\/www.instagram.com\/embed.js\"><\/script><\/p>\n<p><span style=\"font-weight: 400;\">Por\u00e9m, a vida do queniano n\u00e3o ser\u00e1 nada f\u00e1cil. Estima-se que esse seja o field mais forte da hist\u00f3ria de T\u00f3quio (assim como o de Boston). Al\u00e9m do recordista mundial, estar\u00e3o alinhados no start list os et\u00edopes Birhanu Legese e Mosint Geremew, ambos com marcas na casa das 2h02m.\u00a0<\/span><\/p>\n<p><span style=\"font-weight: 400;\">Al\u00e9m do trio, a prova tem ainda outros dois atletas com provas para 2h03m &#8211; Amos Kipruto (QUE) e Tamirat Tola (ETI) &#8211; outros dois com tempos na casa das 2h04m &#8211; Jonathan Korir (QUE) e Shura Kitata (ETI) &#8211; e Laban Korir com maratona para 2h05. Al\u00e9m disso, ser\u00e3o nove atletas japoneses largando com maratona para 2h07 ou menos, com destaque para Kengo Suzuki, 2h04m56s.\u00a0<\/span><\/p>\n<blockquote class=\"instagram-media\" style=\"background: #FFF; border: 0; border-radius: 3px; box-shadow: 0 0 1px 0 rgba(0,0,0,0.5),0 1px 10px 0 rgba(0,0,0,0.15); margin: 1px; max-width: 540px; min-width: 326px; padding: 0; width: calc(100% - 2px);\" data-instgrm-captioned=\"\" data-instgrm-permalink=\"https:\/\/www.instagram.com\/p\/Can3JBqp-Wa\/?utm_source=ig_embed&amp;utm_campaign=loading\" data-instgrm-version=\"14\">\n<div style=\"padding: 16px;\">\n<p>&nbsp;<\/p>\n<div style=\"display: flex; flex-direction: row; align-items: center;\">\n<div style=\"background-color: #f4f4f4; border-radius: 50%; flex-grow: 0; height: 40px; margin-right: 14px; width: 40px;\"><\/div>\n<div style=\"display: flex; flex-direction: column; flex-grow: 1; justify-content: center;\">\n<div style=\"background-color: #f4f4f4; border-radius: 4px; flex-grow: 0; height: 14px; margin-bottom: 6px; width: 100px;\"><\/div>\n<div style=\"background-color: #f4f4f4; border-radius: 4px; flex-grow: 0; height: 14px; width: 60px;\"><\/div>\n<\/div>\n<\/div>\n<div style=\"padding: 19% 0;\"><\/div>\n<div style=\"display: block; height: 50px; margin: 0 auto 12px; width: 50px;\"><\/div>\n<div style=\"padding-top: 8px;\">\n<div style=\"color: #3897f0; font-family: Arial,sans-serif; font-size: 14px; font-style: normal; font-weight: 550; line-height: 18px;\">Ver essa foto no Instagram<\/div>\n<\/div>\n<div style=\"padding: 12.5% 0;\"><\/div>\n<div style=\"display: flex; flex-direction: row; margin-bottom: 14px; align-items: center;\">\n<div>\n<div style=\"background-color: #f4f4f4; border-radius: 50%; height: 12.5px; width: 12.5px; transform: translateX(0px) translateY(7px);\"><\/div>\n<div style=\"background-color: #f4f4f4; height: 12.5px; transform: rotate(-45deg) translateX(3px) translateY(1px); width: 12.5px; flex-grow: 0; margin-right: 14px; margin-left: 2px;\"><\/div>\n<div style=\"background-color: #f4f4f4; border-radius: 50%; height: 12.5px; width: 12.5px; transform: translateX(9px) translateY(-18px);\"><\/div>\n<\/div>\n<div style=\"margin-left: 8px;\">\n<div style=\"background-color: #f4f4f4; border-radius: 50%; flex-grow: 0; height: 20px; width: 20px;\"><\/div>\n<div style=\"width: 0; height: 0; border-top: 2px solid transparent; border-left: 6px solid #f4f4f4; border-bottom: 2px solid transparent; transform: translateX(16px) translateY(-4px) rotate(30deg);\"><\/div>\n<\/div>\n<div style=\"margin-left: auto;\">\n<div style=\"width: 0px; border-top: 8px solid #F4F4F4; border-right: 8px solid transparent; transform: translateY(16px);\"><\/div>\n<div style=\"background-color: #f4f4f4; flex-grow: 0; height: 12px; width: 16px; transform: translateY(-4px);\"><\/div>\n<div style=\"width: 0; height: 0; border-top: 8px solid #F4F4F4; border-left: 8px solid transparent; transform: translateY(-4px) translateX(8px);\"><\/div>\n<\/div>\n<\/div>\n<div style=\"display: flex; flex-direction: column; flex-grow: 1; justify-content: center; margin-bottom: 24px;\">\n<div style=\"background-color: #f4f4f4; border-radius: 4px; flex-grow: 0; height: 14px; margin-bottom: 6px; width: 224px;\"><\/div>\n<div style=\"background-color: #f4f4f4; border-radius: 4px; flex-grow: 0; height: 14px; width: 144px;\"><\/div>\n<\/div>\n<p>&nbsp;<\/p>\n<p style=\"color: #c9c8cd; font-family: Arial,sans-serif; font-size: 14px; line-height: 17px; margin-bottom: 0; margin-top: 8px; overflow: hidden; padding: 8px 0 7px; text-align: center; text-overflow: ellipsis; white-space: nowrap;\"><a style=\"color: #c9c8cd; font-family: Arial,sans-serif; font-size: 14px; font-style: normal; font-weight: normal; line-height: 17px; text-decoration: none;\" href=\"https:\/\/www.instagram.com\/p\/Can3JBqp-Wa\/?utm_source=ig_embed&amp;utm_campaign=loading\" target=\"_blank\" rel=\"noopener\">Uma publica\u00e7\u00e3o compartilhada por Brigid Kosgei \ud83c\uddf0\ud83c\uddea (@brigidkosgeithereal)<\/a><\/p>\n<\/div>\n<\/blockquote>\n<p><script async src=\"\/\/www.instagram.com\/embed.js\"><\/script><\/p>\n<p><span style=\"font-weight: 400;\">Entre as mulheres, Brigid Kosgei far\u00e1 sua estreia na Maratona de T\u00f3quio. Suas maiores advers\u00e1rias s\u00e3o a queniana Angela Tanui, com 2h17m57s, e a et\u00edope Ashete Bekere, dona da marca 2h18m18s. A prova conta ainda com mais quatro atletas com tempos na casa de 2h21 ou menos. Entre as donas da casa, destaque para Mao Ichiyama, com 2h20m29s.\u00a0<\/span><\/p>\n<p><iframe  id=\"_ytid_85101\"  width=\"788\" height=\"443\"  data-origwidth=\"788\" data-origheight=\"443\" src=\"https:\/\/www.youtube.com\/embed\/kNulFEFybtw?enablejsapi=1&#038;autoplay=0&#038;cc_load_policy=0&#038;cc_lang_pref=&#038;iv_load_policy=1&#038;loop=0&#038;rel=1&#038;fs=1&#038;playsinline=0&#038;autohide=2&#038;theme=dark&#038;color=red&#038;controls=1&#038;disablekb=0&#038;\" class=\"__youtube_prefs__  epyt-is-override  no-lazyload\" title=\"YouTube player\"  allow=\"fullscreen; accelerometer; autoplay; clipboard-write; encrypted-media; gyroscope; picture-in-picture; web-share\" referrerpolicy=\"strict-origin-when-cross-origin\" allowfullscreen data-no-lazy=\"1\" data-skipgform_ajax_framebjll=\"\"><\/iframe><\/p>\n<p>A\u00a0<a href=\"https:\/\/chelso.com.br\/site\/\">Chelso<\/a>\u00a0tamb\u00e9m est\u00e1 no\u00a0<a href=\"https:\/\/www.youtube.com\/channel\/UC1VTjqCtASd4Tn3Z-U-SAqQ\">Youtube<\/a>. Se inscreva no nosso canal e acompanhe todas as novidades do mundo dos esportes por l\u00e1.<\/p>\n<p>Aproveite e siga a Chelso Sports no\u00a0<a href=\"https:\/\/www.instagram.com\/chelsosports\">Instagram,<\/a>\u00a0acompanhe todas as informa\u00e7\u00f5es sobre nosso calend\u00e1rio de provas e dicas de treinamentos e provas.<\/p>\n","protected":false},"excerpt":{"rendered":"<p>Neste s\u00e1bado, 5 de mar\u00e7o, manh\u00e3 do dia 6 no Jap\u00e3o, acontece a Maratona de T\u00f3quio, a primeira Major do ano. A expectativa em torno do evento \u00e9 enorme uma vez que os dois recordistas mundiais est\u00e3o confirmados para correr a maratona japonesa. Eliud Kipchoge, dono de 2h01m39s, em Berlim 2018, e Brigid Kosgei, 2h14m04s,<\/p>\n","protected":false},"author":21,"featured_media":0,"comment_status":"open","ping_status":"closed","sticky":false,"template":"","format":"standard","meta":{"om_disable_all_campaigns":false,"_monsterinsights_skip_tracking":false,"_monsterinsights_sitenote_active":false,"_monsterinsights_sitenote_note":"","_monsterinsights_sitenote_category":0,"footnotes":""},"categories":[56,30],"tags":[841,956,41,719,52,957],"class_list":{"0":"post-12568","1":"post","2":"type-post","3":"status-publish","4":"format-standard","6":"category-eventos","7":"category-noticias","8":"tag-42k","9":"tag-brigid-kosgey","10":"tag-chelso-sports","11":"tag-eliud-kipchoge","12":"tag-maratona","13":"tag-tokyo-marathon"},"aioseo_notices":[],"yoast_head":"<!-- This site is optimized with the Yoast SEO plugin v27.5 - https:\/\/yoast.com\/product\/yoast-seo-wordpress\/ -->\n<title>Maratona de T\u00f3quio acontece neste fim de semana - Portal Chelso Sports<\/title>\n<meta name=\"description\" content=\"Maratona de T\u00f3quio confirma presen\u00e7a dos recordistas mundiais Elidu Kipchoge e Brigid Kosgei na prova deste final de semana\" \/>\n<meta name=\"robots\" content=\"index, follow, max-snippet:-1, max-image-preview:large, max-video-preview:-1\" \/>\n<link rel=\"canonical\" href=\"https:\/\/chelso.com.br\/site\/maratona-de-toquio\/\" \/>\n<meta property=\"og:locale\" content=\"pt_BR\" \/>\n<meta property=\"og:type\" content=\"article\" \/>\n<meta property=\"og:title\" content=\"Maratona de T\u00f3quio acontece neste fim de semana - Portal Chelso Sports\" \/>\n<meta property=\"og:description\" content=\"Maratona de T\u00f3quio confirma presen\u00e7a dos recordistas mundiais Elidu Kipchoge e Brigid Kosgei na prova deste final de semana\" \/>\n<meta property=\"og:url\" content=\"https:\/\/chelso.com.br\/site\/maratona-de-toquio\/\" \/>\n<meta property=\"og:site_name\" content=\"Portal Chelso Sports\" \/>\n<meta property=\"article:published_time\" content=\"2022-03-03T22:47:35+00:00\" \/>\n<meta property=\"article:modified_time\" content=\"2022-03-04T19:27:10+00:00\" \/>\n<meta property=\"og:image\" content=\"https:\/\/chelso.com.br\/site\/wp-content\/uploads\/2022\/03\/2020-02-17t053840z-1-lynxmpeg1g0cb-oussp-rtroptp-3-sports-us-china-health-japan-marathon.jpg\" \/>\n\t<meta property=\"og:image:width\" content=\"984\" \/>\n\t<meta property=\"og:image:height\" content=\"685\" \/>\n\t<meta property=\"og:image:type\" content=\"image\/jpeg\" \/>\n<meta name=\"author\" content=\"Chelso\" \/>\n<meta name=\"twitter:card\" content=\"summary_large_image\" \/>\n<meta name=\"twitter:label1\" content=\"Escrito por\" \/>\n\t<meta name=\"twitter:data1\" content=\"Chelso\" \/>\n\t<meta name=\"twitter:label2\" content=\"Est. tempo de leitura\" \/>\n\t<meta name=\"twitter:data2\" content=\"3 minutos\" \/>\n<script type=\"application\/ld+json\" class=\"yoast-schema-graph\">{\"@context\":\"https:\\\/\\\/schema.org\",\"@graph\":[{\"@type\":\"Article\",\"@id\":\"https:\\\/\\\/chelso.com.br\\\/site\\\/maratona-de-toquio\\\/#article\",\"isPartOf\":{\"@id\":\"https:\\\/\\\/chelso.com.br\\\/site\\\/maratona-de-toquio\\\/\"},\"author\":{\"name\":\"Chelso\",\"@id\":\"https:\\\/\\\/chelso.com.br\\\/site\\\/#\\\/schema\\\/person\\\/06bf484f0ccbb71d4fd2128d594e1d0a\"},\"headline\":\"Maratona de T\u00f3quio acontece neste fim de semana\",\"datePublished\":\"2022-03-03T22:47:35+00:00\",\"dateModified\":\"2022-03-04T19:27:10+00:00\",\"mainEntityOfPage\":{\"@id\":\"https:\\\/\\\/chelso.com.br\\\/site\\\/maratona-de-toquio\\\/\"},\"wordCount\":457,\"commentCount\":0,\"keywords\":[\"42k\",\"Brigid Kosgey\",\"chelso sports\",\"eliud kipchoge\",\"Maratona\",\"Tokyo Marathon\"],\"articleSection\":[\"Eventos\",\"Not\u00edcias\"],\"inLanguage\":\"pt-BR\",\"potentialAction\":[{\"@type\":\"CommentAction\",\"name\":\"Comment\",\"target\":[\"https:\\\/\\\/chelso.com.br\\\/site\\\/maratona-de-toquio\\\/#respond\"]}]},{\"@type\":\"WebPage\",\"@id\":\"https:\\\/\\\/chelso.com.br\\\/site\\\/maratona-de-toquio\\\/\",\"url\":\"https:\\\/\\\/chelso.com.br\\\/site\\\/maratona-de-toquio\\\/\",\"name\":\"Maratona de T\u00f3quio acontece neste fim de semana - Portal Chelso Sports\",\"isPartOf\":{\"@id\":\"https:\\\/\\\/chelso.com.br\\\/site\\\/#website\"},\"datePublished\":\"2022-03-03T22:47:35+00:00\",\"dateModified\":\"2022-03-04T19:27:10+00:00\",\"author\":{\"@id\":\"https:\\\/\\\/chelso.com.br\\\/site\\\/#\\\/schema\\\/person\\\/06bf484f0ccbb71d4fd2128d594e1d0a\"},\"description\":\"Maratona de T\u00f3quio confirma presen\u00e7a dos recordistas mundiais Elidu Kipchoge e Brigid Kosgei na prova deste final de semana\",\"breadcrumb\":{\"@id\":\"https:\\\/\\\/chelso.com.br\\\/site\\\/maratona-de-toquio\\\/#breadcrumb\"},\"inLanguage\":\"pt-BR\",\"potentialAction\":[{\"@type\":\"ReadAction\",\"target\":[\"https:\\\/\\\/chelso.com.br\\\/site\\\/maratona-de-toquio\\\/\"]}]},{\"@type\":\"BreadcrumbList\",\"@id\":\"https:\\\/\\\/chelso.com.br\\\/site\\\/maratona-de-toquio\\\/#breadcrumb\",\"itemListElement\":[{\"@type\":\"ListItem\",\"position\":1,\"name\":\"In\u00edcio\",\"item\":\"https:\\\/\\\/chelso.com.br\\\/site\\\/\"},{\"@type\":\"ListItem\",\"position\":2,\"name\":\"Maratona de T\u00f3quio acontece neste fim de semana\"}]},{\"@type\":\"WebSite\",\"@id\":\"https:\\\/\\\/chelso.com.br\\\/site\\\/#website\",\"url\":\"https:\\\/\\\/chelso.com.br\\\/site\\\/\",\"name\":\"Portal Chelso Sports\",\"description\":\"Conte\u00fado especializado em corrida de rua e triathlon\",\"potentialAction\":[{\"@type\":\"SearchAction\",\"target\":{\"@type\":\"EntryPoint\",\"urlTemplate\":\"https:\\\/\\\/chelso.com.br\\\/site\\\/?s={search_term_string}\"},\"query-input\":{\"@type\":\"PropertyValueSpecification\",\"valueRequired\":true,\"valueName\":\"search_term_string\"}}],\"inLanguage\":\"pt-BR\"},{\"@type\":\"Person\",\"@id\":\"https:\\\/\\\/chelso.com.br\\\/site\\\/#\\\/schema\\\/person\\\/06bf484f0ccbb71d4fd2128d594e1d0a\",\"name\":\"Chelso\",\"image\":{\"@type\":\"ImageObject\",\"inLanguage\":\"pt-BR\",\"@id\":\"https:\\\/\\\/chelso.com.br\\\/site\\\/wp-content\\\/uploads\\\/2025\\\/04\\\/Perfil20192-150x149.png\",\"url\":\"https:\\\/\\\/chelso.com.br\\\/site\\\/wp-content\\\/uploads\\\/2025\\\/04\\\/Perfil20192-150x149.png\",\"contentUrl\":\"https:\\\/\\\/chelso.com.br\\\/site\\\/wp-content\\\/uploads\\\/2025\\\/04\\\/Perfil20192-150x149.png\",\"caption\":\"Chelso\"},\"sameAs\":[\"http:\\\/\\\/www.chelso.com.br\"],\"url\":\"https:\\\/\\\/chelso.com.br\\\/site\\\/author\\\/maryblog\\\/\"}]}<\/script>\n<!-- \/ Yoast SEO plugin. -->","yoast_head_json":{"title":"Maratona de T\u00f3quio acontece neste fim de semana - Portal Chelso Sports","description":"Maratona de T\u00f3quio confirma presen\u00e7a dos recordistas mundiais Elidu Kipchoge e Brigid Kosgei na prova deste final de semana","robots":{"index":"index","follow":"follow","max-snippet":"max-snippet:-1","max-image-preview":"max-image-preview:large","max-video-preview":"max-video-preview:-1"},"canonical":"https:\/\/chelso.com.br\/site\/maratona-de-toquio\/","og_locale":"pt_BR","og_type":"article","og_title":"Maratona de T\u00f3quio acontece neste fim de semana - Portal Chelso Sports","og_description":"Maratona de T\u00f3quio confirma presen\u00e7a dos recordistas mundiais Elidu Kipchoge e Brigid Kosgei na prova deste final de semana","og_url":"https:\/\/chelso.com.br\/site\/maratona-de-toquio\/","og_site_name":"Portal Chelso Sports","article_published_time":"2022-03-03T22:47:35+00:00","article_modified_time":"2022-03-04T19:27:10+00:00","og_image":[{"width":984,"height":685,"url":"https:\/\/chelso.com.br\/site\/wp-content\/uploads\/2022\/03\/2020-02-17t053840z-1-lynxmpeg1g0cb-oussp-rtroptp-3-sports-us-china-health-japan-marathon.jpg","type":"image\/jpeg"}],"author":"Chelso","twitter_card":"summary_large_image","twitter_misc":{"Escrito por":"Chelso","Est. tempo de leitura":"3 minutos"},"schema":{"@context":"https:\/\/schema.org","@graph":[{"@type":"Article","@id":"https:\/\/chelso.com.br\/site\/maratona-de-toquio\/#article","isPartOf":{"@id":"https:\/\/chelso.com.br\/site\/maratona-de-toquio\/"},"author":{"name":"Chelso","@id":"https:\/\/chelso.com.br\/site\/#\/schema\/person\/06bf484f0ccbb71d4fd2128d594e1d0a"},"headline":"Maratona de T\u00f3quio acontece neste fim de semana","datePublished":"2022-03-03T22:47:35+00:00","dateModified":"2022-03-04T19:27:10+00:00","mainEntityOfPage":{"@id":"https:\/\/chelso.com.br\/site\/maratona-de-toquio\/"},"wordCount":457,"commentCount":0,"keywords":["42k","Brigid Kosgey","chelso sports","eliud kipchoge","Maratona","Tokyo Marathon"],"articleSection":["Eventos","Not\u00edcias"],"inLanguage":"pt-BR","potentialAction":[{"@type":"CommentAction","name":"Comment","target":["https:\/\/chelso.com.br\/site\/maratona-de-toquio\/#respond"]}]},{"@type":"WebPage","@id":"https:\/\/chelso.com.br\/site\/maratona-de-toquio\/","url":"https:\/\/chelso.com.br\/site\/maratona-de-toquio\/","name":"Maratona de T\u00f3quio acontece neste fim de semana - Portal Chelso Sports","isPartOf":{"@id":"https:\/\/chelso.com.br\/site\/#website"},"datePublished":"2022-03-03T22:47:35+00:00","dateModified":"2022-03-04T19:27:10+00:00","author":{"@id":"https:\/\/chelso.com.br\/site\/#\/schema\/person\/06bf484f0ccbb71d4fd2128d594e1d0a"},"description":"Maratona de T\u00f3quio confirma presen\u00e7a dos recordistas mundiais Elidu Kipchoge e Brigid Kosgei na prova deste final de semana","breadcrumb":{"@id":"https:\/\/chelso.com.br\/site\/maratona-de-toquio\/#breadcrumb"},"inLanguage":"pt-BR","potentialAction":[{"@type":"ReadAction","target":["https:\/\/chelso.com.br\/site\/maratona-de-toquio\/"]}]},{"@type":"BreadcrumbList","@id":"https:\/\/chelso.com.br\/site\/maratona-de-toquio\/#breadcrumb","itemListElement":[{"@type":"ListItem","position":1,"name":"In\u00edcio","item":"https:\/\/chelso.com.br\/site\/"},{"@type":"ListItem","position":2,"name":"Maratona de T\u00f3quio acontece neste fim de semana"}]},{"@type":"WebSite","@id":"https:\/\/chelso.com.br\/site\/#website","url":"https:\/\/chelso.com.br\/site\/","name":"Portal Chelso Sports","description":"Conte\u00fado especializado em corrida de rua e triathlon","potentialAction":[{"@type":"SearchAction","target":{"@type":"EntryPoint","urlTemplate":"https:\/\/chelso.com.br\/site\/?s={search_term_string}"},"query-input":{"@type":"PropertyValueSpecification","valueRequired":true,"valueName":"search_term_string"}}],"inLanguage":"pt-BR"},{"@type":"Person","@id":"https:\/\/chelso.com.br\/site\/#\/schema\/person\/06bf484f0ccbb71d4fd2128d594e1d0a","name":"Chelso","image":{"@type":"ImageObject","inLanguage":"pt-BR","@id":"https:\/\/chelso.com.br\/site\/wp-content\/uploads\/2025\/04\/Perfil20192-150x149.png","url":"https:\/\/chelso.com.br\/site\/wp-content\/uploads\/2025\/04\/Perfil20192-150x149.png","contentUrl":"https:\/\/chelso.com.br\/site\/wp-content\/uploads\/2025\/04\/Perfil20192-150x149.png","caption":"Chelso"},"sameAs":["http:\/\/www.chelso.com.br"],"url":"https:\/\/chelso.com.br\/site\/author\/maryblog\/"}]}},"amp_enabled":true,"_links":{"self":[{"href":"https:\/\/chelso.com.br\/site\/wp-json\/wp\/v2\/posts\/12568","targetHints":{"allow":["GET"]}}],"collection":[{"href":"https:\/\/chelso.com.br\/site\/wp-json\/wp\/v2\/posts"}],"about":[{"href":"https:\/\/chelso.com.br\/site\/wp-json\/wp\/v2\/types\/post"}],"author":[{"embeddable":true,"href":"https:\/\/chelso.com.br\/site\/wp-json\/wp\/v2\/users\/21"}],"replies":[{"embeddable":true,"href":"https:\/\/chelso.com.br\/site\/wp-json\/wp\/v2\/comments?post=12568"}],"version-history":[{"count":3,"href":"https:\/\/chelso.com.br\/site\/wp-json\/wp\/v2\/posts\/12568\/revisions"}],"predecessor-version":[{"id":12623,"href":"https:\/\/chelso.com.br\/site\/wp-json\/wp\/v2\/posts\/12568\/revisions\/12623"}],"wp:attachment":[{"href":"https:\/\/chelso.com.br\/site\/wp-json\/wp\/v2\/media?parent=12568"}],"wp:term":[{"taxonomy":"category","embeddable":true,"href":"https:\/\/chelso.com.br\/site\/wp-json\/wp\/v2\/categories?post=12568"},{"taxonomy":"post_tag","embeddable":true,"href":"https:\/\/chelso.com.br\/site\/wp-json\/wp\/v2\/tags?post=12568"}],"curies":[{"name":"wp","href":"https:\/\/api.w.org\/{rel}","templated":true}]}}