{"id":12953,"date":"2022-04-11T19:39:30","date_gmt":"2022-04-11T22:39:30","guid":{"rendered":"https:\/\/chelso.com.br\/site\/?p=12953"},"modified":"2022-04-11T19:39:30","modified_gmt":"2022-04-11T22:39:30","slug":"maratona-de-boston-sem-kenenisa-bekele","status":"publish","type":"post","link":"https:\/\/chelso.com.br\/site\/maratona-de-boston-sem-kenenisa-bekele\/","title":{"rendered":"Maratona de Boston sem Kenenisa Bekele"},"content":{"rendered":"<p><span style=\"font-weight: 400;\"><strong>Maratona de Boston sem Kenenisa Bekele<\/strong>! Isso mesmo. Uma das principais estrelas do startlist da Maratona de Boston, o et\u00edope Kenenisa Bekele confirmou sua aus\u00eancia da Major mais aguardada do ano.\u00a0<\/span><span style=\"font-weight: 400;\">A confirma\u00e7\u00e3o foi feita pela Boston Athletic Association, organizadora da prova. Al\u00e9m de Kenenisa, Titus Ekiru e Sara Hall tamb\u00e9m est\u00e3o fora da prova que ocorre na pr\u00f3xima segunda-feira, 18 de abril.<\/span><\/p>\n<p><a href=\"https:\/\/chelso.com.br\/site\/provas-presenciais\/\">Saiba mais sobre o nosso calend\u00e1rio de provas presenciais.<\/a><\/p>\n<h2><strong>Maratona de Boston sem Kenenisa Bekele<\/strong><\/h2>\n<p><span style=\"font-weight: 400;\">Com a segunda melhor marca da hist\u00f3ria em Maratona, Bekele era o grande nome da prova americana. O motivo de sua desist\u00eancia n\u00e3o foi confirmada. J\u00e1 Titus Ekiru, do Qu\u00eania, tamb\u00e9m era apontado como um dos favoritos. Dono da melhor marca da temporada 2021, com 2h02m57s, em Mil\u00e3o (ITA), o atleta tenta se recuperar de uma les\u00e3o sofrida na <\/span><span style=\"font-weight: 400;\">RAK Meia Maratona, realizada nos Emirados \u00c1rabes, em fevereiro.<\/span><\/p>\n<p><span style=\"font-weight: 400;\">A novidade ser\u00e3o as presen\u00e7as de Sisay Lemma e Birhanu Legese, ambos da Eti\u00f3pia. Legese \u00e9 bicampe\u00e3o da Maratona de T\u00f3quio e tem como melhor marca 2h02m48s. Lemma tamb\u00e9m conta com \u00f3timos resultados, com t\u00edtulos em Londres, Berlim e T\u00f3quio, al\u00e9m de 2h03m36s.<\/span><\/p>\n<p><span style=\"font-weight: 400;\">A prova est\u00e1 marcada para 18 de abril e chega a sua 126\u00aa edi\u00e7\u00e3o em 2022.<\/span><\/p>\n<blockquote class=\"instagram-media\" style=\"background: #FFF; border: 0; border-radius: 3px; box-shadow: 0 0 1px 0 rgba(0,0,0,0.5),0 1px 10px 0 rgba(0,0,0,0.15); margin: 1px; max-width: 540px; min-width: 326px; padding: 0; width: calc(100% - 2px);\" data-instgrm-captioned=\"\" data-instgrm-permalink=\"https:\/\/www.instagram.com\/p\/CcOQntuOfwr\/?utm_source=ig_embed&amp;utm_campaign=loading\" data-instgrm-version=\"14\">\n<div style=\"padding: 16px;\">\n<p>&nbsp;<\/p>\n<div style=\"display: flex; flex-direction: row; align-items: center;\">\n<div style=\"background-color: #f4f4f4; border-radius: 50%; flex-grow: 0; height: 40px; margin-right: 14px; width: 40px;\"><\/div>\n<div style=\"display: flex; flex-direction: column; flex-grow: 1; justify-content: center;\">\n<div style=\"background-color: #f4f4f4; border-radius: 4px; flex-grow: 0; height: 14px; margin-bottom: 6px; width: 100px;\"><\/div>\n<div style=\"background-color: #f4f4f4; border-radius: 4px; flex-grow: 0; height: 14px; width: 60px;\"><\/div>\n<\/div>\n<\/div>\n<div style=\"padding: 19% 0;\"><\/div>\n<div style=\"display: block; height: 50px; margin: 0 auto 12px; width: 50px;\"><\/div>\n<div style=\"padding-top: 8px;\">\n<div style=\"color: #3897f0; font-family: Arial,sans-serif; font-size: 14px; font-style: normal; font-weight: 550; line-height: 18px;\">Ver essa foto no Instagram<\/div>\n<\/div>\n<div style=\"padding: 12.5% 0;\"><\/div>\n<div style=\"display: flex; flex-direction: row; margin-bottom: 14px; align-items: center;\">\n<div>\n<div style=\"background-color: #f4f4f4; border-radius: 50%; height: 12.5px; width: 12.5px; transform: translateX(0px) translateY(7px);\"><\/div>\n<div style=\"background-color: #f4f4f4; height: 12.5px; transform: rotate(-45deg) translateX(3px) translateY(1px); width: 12.5px; flex-grow: 0; margin-right: 14px; margin-left: 2px;\"><\/div>\n<div style=\"background-color: #f4f4f4; border-radius: 50%; height: 12.5px; width: 12.5px; transform: translateX(9px) translateY(-18px);\"><\/div>\n<\/div>\n<div style=\"margin-left: 8px;\">\n<div style=\"background-color: #f4f4f4; border-radius: 50%; flex-grow: 0; height: 20px; width: 20px;\"><\/div>\n<div style=\"width: 0; height: 0; border-top: 2px solid transparent; border-left: 6px solid #f4f4f4; border-bottom: 2px solid transparent; transform: translateX(16px) translateY(-4px) rotate(30deg);\"><\/div>\n<\/div>\n<div style=\"margin-left: auto;\">\n<div style=\"width: 0px; border-top: 8px solid #F4F4F4; border-right: 8px solid transparent; transform: translateY(16px);\"><\/div>\n<div style=\"background-color: #f4f4f4; flex-grow: 0; height: 12px; width: 16px; transform: translateY(-4px);\"><\/div>\n<div style=\"width: 0; height: 0; border-top: 8px solid #F4F4F4; border-left: 8px solid transparent; transform: translateY(-4px) translateX(8px);\"><\/div>\n<\/div>\n<\/div>\n<div style=\"display: flex; flex-direction: column; flex-grow: 1; justify-content: center; margin-bottom: 24px;\">\n<div style=\"background-color: #f4f4f4; border-radius: 4px; flex-grow: 0; height: 14px; margin-bottom: 6px; width: 224px;\"><\/div>\n<div style=\"background-color: #f4f4f4; border-radius: 4px; flex-grow: 0; height: 14px; width: 144px;\"><\/div>\n<\/div>\n<p>&nbsp;<\/p>\n<p style=\"color: #c9c8cd; font-family: Arial,sans-serif; font-size: 14px; line-height: 17px; margin-bottom: 0; margin-top: 8px; overflow: hidden; padding: 8px 0 7px; text-align: center; text-overflow: ellipsis; white-space: nowrap;\"><a style=\"color: #c9c8cd; font-family: Arial,sans-serif; font-size: 14px; font-style: normal; font-weight: normal; line-height: 17px; text-decoration: none;\" href=\"https:\/\/www.instagram.com\/p\/CcOQntuOfwr\/?utm_source=ig_embed&amp;utm_campaign=loading\" target=\"_blank\" rel=\"noopener\">Uma publica\u00e7\u00e3o compartilhada por Boston Marathon (@bostonmarathon)<\/a><\/p>\n<\/div>\n<\/blockquote>\n<p><script async src=\"\/\/www.instagram.com\/embed.js\"><\/script><\/p>\n<h3><strong>Como foi a Maratona de Boston em 2021?<\/strong><\/h3>\n<p><span style=\"font-weight: 400;\">Com um calend\u00e1rio bem apertado devido ao adiamento de muitas provas, a Maratona de Boston reuniu quase 16 mil corredores em sua 125\u00aa edi\u00e7\u00e3o. Os quenianos Benson Kipruto e Diana Kipyogei foram os campe\u00f5es da prova. Na vers\u00e3o masculina, Kipruto venceu com 2h09m51s, seguido pelos et\u00edopes Lemi Berhanu (2\u00ba) e Jemal Yimer (3\u00ba). Entre as mulheres, Diana Kipyogei levou o t\u00edtulo com 2h24m45s, enquanto as quenianas Edna Kiplagat, vice-campe\u00e3, e Mary Ngugi, terceira colocada, completaram o p\u00f3dio.<\/span><\/p>\n<p><iframe  id=\"_ytid_89713\"  width=\"788\" height=\"443\"  data-origwidth=\"788\" data-origheight=\"443\" src=\"https:\/\/www.youtube.com\/embed\/CEzT-csDDek?enablejsapi=1&#038;autoplay=0&#038;cc_load_policy=0&#038;cc_lang_pref=&#038;iv_load_policy=1&#038;loop=0&#038;rel=1&#038;fs=1&#038;playsinline=0&#038;autohide=2&#038;theme=dark&#038;color=red&#038;controls=1&#038;disablekb=0&#038;\" class=\"__youtube_prefs__  epyt-is-override  no-lazyload\" title=\"YouTube player\"  allow=\"fullscreen; accelerometer; autoplay; clipboard-write; encrypted-media; gyroscope; picture-in-picture; web-share\" referrerpolicy=\"strict-origin-when-cross-origin\" allowfullscreen data-no-lazy=\"1\" data-skipgform_ajax_framebjll=\"\"><\/iframe><\/p>\n<p><span style=\"font-weight: 400;\">A Chelso tamb\u00e9m est\u00e1 no Youtube. Se inscreva no nosso canal e acompanhe todas as novidades do mundo dos esportes por l\u00e1.<\/span><\/p>\n<p><span style=\"font-weight: 400;\">Aproveite e siga a Chelso Sports no <\/span><a href=\"https:\/\/www.instagram.com\/chelsosports\"><span style=\"font-weight: 400;\">Instagram,<\/span><\/a><span style=\"font-weight: 400;\"> acompanhe todas as informa\u00e7\u00f5es sobre nosso calend\u00e1rio de provas e dicas de treinamentos e provas.<\/span><\/p>\n","protected":false},"excerpt":{"rendered":"<p>Maratona de Boston sem Kenenisa Bekele! Isso mesmo. Uma das principais estrelas do startlist da Maratona de Boston, o et\u00edope Kenenisa Bekele confirmou sua aus\u00eancia da Major mais aguardada do ano.\u00a0A confirma\u00e7\u00e3o foi feita pela Boston Athletic Association, organizadora da prova. Al\u00e9m de Kenenisa, Titus Ekiru e Sara Hall tamb\u00e9m est\u00e3o fora da prova que<\/p>\n","protected":false},"author":21,"featured_media":0,"comment_status":"open","ping_status":"closed","sticky":false,"template":"","format":"standard","meta":{"om_disable_all_campaigns":false,"_monsterinsights_skip_tracking":false,"_monsterinsights_sitenote_active":false,"_monsterinsights_sitenote_note":"","_monsterinsights_sitenote_category":0,"footnotes":""},"categories":[30],"tags":[889,735,41,865,972],"class_list":{"0":"post-12953","1":"post","2":"type-post","3":"status-publish","4":"format-standard","6":"category-noticias","7":"tag-boston-marathon","8":"tag-chelso","9":"tag-chelso-sports","10":"tag-kenenisa-bekele","11":"tag-maratona-de-boston"},"aioseo_notices":[],"yoast_head":"<!-- This site is optimized with the Yoast SEO plugin v27.5 - https:\/\/yoast.com\/product\/yoast-seo-wordpress\/ -->\n<title>Maratona de Boston sem Kenenisa Bekele - Portal Chelso Sports<\/title>\n<meta name=\"description\" content=\"Maratona de Boston sem Kenenisa Bekele. Confirma\u00e7\u00e3o foi feita pela organiza\u00e7\u00e3o da prova, que ser\u00e1 realizada na segunda-feira, 18 de abril\" \/>\n<meta name=\"robots\" content=\"index, follow, max-snippet:-1, max-image-preview:large, max-video-preview:-1\" \/>\n<link rel=\"canonical\" href=\"https:\/\/chelso.com.br\/site\/maratona-de-boston-sem-kenenisa-bekele\/\" \/>\n<meta property=\"og:locale\" content=\"pt_BR\" \/>\n<meta property=\"og:type\" content=\"article\" \/>\n<meta property=\"og:title\" content=\"Maratona de Boston sem Kenenisa Bekele - Portal Chelso Sports\" \/>\n<meta property=\"og:description\" content=\"Maratona de Boston sem Kenenisa Bekele. Confirma\u00e7\u00e3o foi feita pela organiza\u00e7\u00e3o da prova, que ser\u00e1 realizada na segunda-feira, 18 de abril\" \/>\n<meta property=\"og:url\" content=\"https:\/\/chelso.com.br\/site\/maratona-de-boston-sem-kenenisa-bekele\/\" \/>\n<meta property=\"og:site_name\" content=\"Portal Chelso Sports\" \/>\n<meta property=\"article:published_time\" content=\"2022-04-11T22:39:30+00:00\" \/>\n<meta property=\"og:image\" content=\"https:\/\/chelso.com.br\/site\/wp-content\/uploads\/2022\/04\/Kenenisa-Bekele.jpg\" \/>\n\t<meta property=\"og:image:width\" content=\"1276\" \/>\n\t<meta property=\"og:image:height\" content=\"716\" \/>\n\t<meta property=\"og:image:type\" content=\"image\/jpeg\" \/>\n<meta name=\"author\" content=\"Chelso\" \/>\n<meta name=\"twitter:card\" content=\"summary_large_image\" \/>\n<meta name=\"twitter:label1\" content=\"Escrito por\" \/>\n\t<meta name=\"twitter:data1\" content=\"Chelso\" \/>\n\t<meta name=\"twitter:label2\" content=\"Est. tempo de leitura\" \/>\n\t<meta name=\"twitter:data2\" content=\"2 minutos\" \/>\n<script type=\"application\/ld+json\" class=\"yoast-schema-graph\">{\"@context\":\"https:\\\/\\\/schema.org\",\"@graph\":[{\"@type\":\"Article\",\"@id\":\"https:\\\/\\\/chelso.com.br\\\/site\\\/maratona-de-boston-sem-kenenisa-bekele\\\/#article\",\"isPartOf\":{\"@id\":\"https:\\\/\\\/chelso.com.br\\\/site\\\/maratona-de-boston-sem-kenenisa-bekele\\\/\"},\"author\":{\"name\":\"Chelso\",\"@id\":\"https:\\\/\\\/chelso.com.br\\\/site\\\/#\\\/schema\\\/person\\\/06bf484f0ccbb71d4fd2128d594e1d0a\"},\"headline\":\"Maratona de Boston sem Kenenisa Bekele\",\"datePublished\":\"2022-04-11T22:39:30+00:00\",\"mainEntityOfPage\":{\"@id\":\"https:\\\/\\\/chelso.com.br\\\/site\\\/maratona-de-boston-sem-kenenisa-bekele\\\/\"},\"wordCount\":397,\"commentCount\":0,\"keywords\":[\"Boston Marathon\",\"Chelso\",\"chelso sports\",\"Kenenisa Bekele\",\"Maratona de Boston\"],\"articleSection\":[\"Not\u00edcias\"],\"inLanguage\":\"pt-BR\",\"potentialAction\":[{\"@type\":\"CommentAction\",\"name\":\"Comment\",\"target\":[\"https:\\\/\\\/chelso.com.br\\\/site\\\/maratona-de-boston-sem-kenenisa-bekele\\\/#respond\"]}]},{\"@type\":\"WebPage\",\"@id\":\"https:\\\/\\\/chelso.com.br\\\/site\\\/maratona-de-boston-sem-kenenisa-bekele\\\/\",\"url\":\"https:\\\/\\\/chelso.com.br\\\/site\\\/maratona-de-boston-sem-kenenisa-bekele\\\/\",\"name\":\"Maratona de Boston sem Kenenisa Bekele - Portal Chelso Sports\",\"isPartOf\":{\"@id\":\"https:\\\/\\\/chelso.com.br\\\/site\\\/#website\"},\"datePublished\":\"2022-04-11T22:39:30+00:00\",\"author\":{\"@id\":\"https:\\\/\\\/chelso.com.br\\\/site\\\/#\\\/schema\\\/person\\\/06bf484f0ccbb71d4fd2128d594e1d0a\"},\"description\":\"Maratona de Boston sem Kenenisa Bekele. Confirma\u00e7\u00e3o foi feita pela organiza\u00e7\u00e3o da prova, que ser\u00e1 realizada na segunda-feira, 18 de abril\",\"breadcrumb\":{\"@id\":\"https:\\\/\\\/chelso.com.br\\\/site\\\/maratona-de-boston-sem-kenenisa-bekele\\\/#breadcrumb\"},\"inLanguage\":\"pt-BR\",\"potentialAction\":[{\"@type\":\"ReadAction\",\"target\":[\"https:\\\/\\\/chelso.com.br\\\/site\\\/maratona-de-boston-sem-kenenisa-bekele\\\/\"]}]},{\"@type\":\"BreadcrumbList\",\"@id\":\"https:\\\/\\\/chelso.com.br\\\/site\\\/maratona-de-boston-sem-kenenisa-bekele\\\/#breadcrumb\",\"itemListElement\":[{\"@type\":\"ListItem\",\"position\":1,\"name\":\"In\u00edcio\",\"item\":\"https:\\\/\\\/chelso.com.br\\\/site\\\/\"},{\"@type\":\"ListItem\",\"position\":2,\"name\":\"Maratona de Boston sem Kenenisa Bekele\"}]},{\"@type\":\"WebSite\",\"@id\":\"https:\\\/\\\/chelso.com.br\\\/site\\\/#website\",\"url\":\"https:\\\/\\\/chelso.com.br\\\/site\\\/\",\"name\":\"Portal Chelso Sports\",\"description\":\"Conte\u00fado especializado em corrida de rua e triathlon\",\"potentialAction\":[{\"@type\":\"SearchAction\",\"target\":{\"@type\":\"EntryPoint\",\"urlTemplate\":\"https:\\\/\\\/chelso.com.br\\\/site\\\/?s={search_term_string}\"},\"query-input\":{\"@type\":\"PropertyValueSpecification\",\"valueRequired\":true,\"valueName\":\"search_term_string\"}}],\"inLanguage\":\"pt-BR\"},{\"@type\":\"Person\",\"@id\":\"https:\\\/\\\/chelso.com.br\\\/site\\\/#\\\/schema\\\/person\\\/06bf484f0ccbb71d4fd2128d594e1d0a\",\"name\":\"Chelso\",\"image\":{\"@type\":\"ImageObject\",\"inLanguage\":\"pt-BR\",\"@id\":\"https:\\\/\\\/chelso.com.br\\\/site\\\/wp-content\\\/uploads\\\/2025\\\/04\\\/Perfil20192-150x149.png\",\"url\":\"https:\\\/\\\/chelso.com.br\\\/site\\\/wp-content\\\/uploads\\\/2025\\\/04\\\/Perfil20192-150x149.png\",\"contentUrl\":\"https:\\\/\\\/chelso.com.br\\\/site\\\/wp-content\\\/uploads\\\/2025\\\/04\\\/Perfil20192-150x149.png\",\"caption\":\"Chelso\"},\"sameAs\":[\"http:\\\/\\\/www.chelso.com.br\"],\"url\":\"https:\\\/\\\/chelso.com.br\\\/site\\\/author\\\/maryblog\\\/\"}]}<\/script>\n<!-- \/ Yoast SEO plugin. -->","yoast_head_json":{"title":"Maratona de Boston sem Kenenisa Bekele - Portal Chelso Sports","description":"Maratona de Boston sem Kenenisa Bekele. Confirma\u00e7\u00e3o foi feita pela organiza\u00e7\u00e3o da prova, que ser\u00e1 realizada na segunda-feira, 18 de abril","robots":{"index":"index","follow":"follow","max-snippet":"max-snippet:-1","max-image-preview":"max-image-preview:large","max-video-preview":"max-video-preview:-1"},"canonical":"https:\/\/chelso.com.br\/site\/maratona-de-boston-sem-kenenisa-bekele\/","og_locale":"pt_BR","og_type":"article","og_title":"Maratona de Boston sem Kenenisa Bekele - Portal Chelso Sports","og_description":"Maratona de Boston sem Kenenisa Bekele. Confirma\u00e7\u00e3o foi feita pela organiza\u00e7\u00e3o da prova, que ser\u00e1 realizada na segunda-feira, 18 de abril","og_url":"https:\/\/chelso.com.br\/site\/maratona-de-boston-sem-kenenisa-bekele\/","og_site_name":"Portal Chelso Sports","article_published_time":"2022-04-11T22:39:30+00:00","og_image":[{"width":1276,"height":716,"url":"https:\/\/chelso.com.br\/site\/wp-content\/uploads\/2022\/04\/Kenenisa-Bekele.jpg","type":"image\/jpeg"}],"author":"Chelso","twitter_card":"summary_large_image","twitter_misc":{"Escrito por":"Chelso","Est. tempo de leitura":"2 minutos"},"schema":{"@context":"https:\/\/schema.org","@graph":[{"@type":"Article","@id":"https:\/\/chelso.com.br\/site\/maratona-de-boston-sem-kenenisa-bekele\/#article","isPartOf":{"@id":"https:\/\/chelso.com.br\/site\/maratona-de-boston-sem-kenenisa-bekele\/"},"author":{"name":"Chelso","@id":"https:\/\/chelso.com.br\/site\/#\/schema\/person\/06bf484f0ccbb71d4fd2128d594e1d0a"},"headline":"Maratona de Boston sem Kenenisa Bekele","datePublished":"2022-04-11T22:39:30+00:00","mainEntityOfPage":{"@id":"https:\/\/chelso.com.br\/site\/maratona-de-boston-sem-kenenisa-bekele\/"},"wordCount":397,"commentCount":0,"keywords":["Boston Marathon","Chelso","chelso sports","Kenenisa Bekele","Maratona de Boston"],"articleSection":["Not\u00edcias"],"inLanguage":"pt-BR","potentialAction":[{"@type":"CommentAction","name":"Comment","target":["https:\/\/chelso.com.br\/site\/maratona-de-boston-sem-kenenisa-bekele\/#respond"]}]},{"@type":"WebPage","@id":"https:\/\/chelso.com.br\/site\/maratona-de-boston-sem-kenenisa-bekele\/","url":"https:\/\/chelso.com.br\/site\/maratona-de-boston-sem-kenenisa-bekele\/","name":"Maratona de Boston sem Kenenisa Bekele - Portal Chelso Sports","isPartOf":{"@id":"https:\/\/chelso.com.br\/site\/#website"},"datePublished":"2022-04-11T22:39:30+00:00","author":{"@id":"https:\/\/chelso.com.br\/site\/#\/schema\/person\/06bf484f0ccbb71d4fd2128d594e1d0a"},"description":"Maratona de Boston sem Kenenisa Bekele. Confirma\u00e7\u00e3o foi feita pela organiza\u00e7\u00e3o da prova, que ser\u00e1 realizada na segunda-feira, 18 de abril","breadcrumb":{"@id":"https:\/\/chelso.com.br\/site\/maratona-de-boston-sem-kenenisa-bekele\/#breadcrumb"},"inLanguage":"pt-BR","potentialAction":[{"@type":"ReadAction","target":["https:\/\/chelso.com.br\/site\/maratona-de-boston-sem-kenenisa-bekele\/"]}]},{"@type":"BreadcrumbList","@id":"https:\/\/chelso.com.br\/site\/maratona-de-boston-sem-kenenisa-bekele\/#breadcrumb","itemListElement":[{"@type":"ListItem","position":1,"name":"In\u00edcio","item":"https:\/\/chelso.com.br\/site\/"},{"@type":"ListItem","position":2,"name":"Maratona de Boston sem Kenenisa Bekele"}]},{"@type":"WebSite","@id":"https:\/\/chelso.com.br\/site\/#website","url":"https:\/\/chelso.com.br\/site\/","name":"Portal Chelso Sports","description":"Conte\u00fado especializado em corrida de rua e triathlon","potentialAction":[{"@type":"SearchAction","target":{"@type":"EntryPoint","urlTemplate":"https:\/\/chelso.com.br\/site\/?s={search_term_string}"},"query-input":{"@type":"PropertyValueSpecification","valueRequired":true,"valueName":"search_term_string"}}],"inLanguage":"pt-BR"},{"@type":"Person","@id":"https:\/\/chelso.com.br\/site\/#\/schema\/person\/06bf484f0ccbb71d4fd2128d594e1d0a","name":"Chelso","image":{"@type":"ImageObject","inLanguage":"pt-BR","@id":"https:\/\/chelso.com.br\/site\/wp-content\/uploads\/2025\/04\/Perfil20192-150x149.png","url":"https:\/\/chelso.com.br\/site\/wp-content\/uploads\/2025\/04\/Perfil20192-150x149.png","contentUrl":"https:\/\/chelso.com.br\/site\/wp-content\/uploads\/2025\/04\/Perfil20192-150x149.png","caption":"Chelso"},"sameAs":["http:\/\/www.chelso.com.br"],"url":"https:\/\/chelso.com.br\/site\/author\/maryblog\/"}]}},"amp_enabled":true,"_links":{"self":[{"href":"https:\/\/chelso.com.br\/site\/wp-json\/wp\/v2\/posts\/12953","targetHints":{"allow":["GET"]}}],"collection":[{"href":"https:\/\/chelso.com.br\/site\/wp-json\/wp\/v2\/posts"}],"about":[{"href":"https:\/\/chelso.com.br\/site\/wp-json\/wp\/v2\/types\/post"}],"author":[{"embeddable":true,"href":"https:\/\/chelso.com.br\/site\/wp-json\/wp\/v2\/users\/21"}],"replies":[{"embeddable":true,"href":"https:\/\/chelso.com.br\/site\/wp-json\/wp\/v2\/comments?post=12953"}],"version-history":[{"count":1,"href":"https:\/\/chelso.com.br\/site\/wp-json\/wp\/v2\/posts\/12953\/revisions"}],"predecessor-version":[{"id":12955,"href":"https:\/\/chelso.com.br\/site\/wp-json\/wp\/v2\/posts\/12953\/revisions\/12955"}],"wp:attachment":[{"href":"https:\/\/chelso.com.br\/site\/wp-json\/wp\/v2\/media?parent=12953"}],"wp:term":[{"taxonomy":"category","embeddable":true,"href":"https:\/\/chelso.com.br\/site\/wp-json\/wp\/v2\/categories?post=12953"},{"taxonomy":"post_tag","embeddable":true,"href":"https:\/\/chelso.com.br\/site\/wp-json\/wp\/v2\/tags?post=12953"}],"curies":[{"name":"wp","href":"https:\/\/api.w.org\/{rel}","templated":true}]}}