{"id":13050,"date":"2022-04-21T19:29:15","date_gmt":"2022-04-21T22:29:15","guid":{"rendered":"https:\/\/chelso.com.br\/site\/?p=13050"},"modified":"2022-04-21T19:29:15","modified_gmt":"2022-04-21T22:29:15","slug":"comecou-o-camp-corrida-no-ar","status":"publish","type":"post","link":"https:\/\/chelso.com.br\/site\/comecou-o-camp-corrida-no-ar\/","title":{"rendered":"Come\u00e7ou o Camp Corrida no Ar"},"content":{"rendered":"<p><span style=\"font-weight: 400;\">Come\u00e7ou o Camp Corrida no Ar. Ap\u00f3s as entregas de kits e simp\u00f3sio de abertura, nessa quinta-feira, 21 de abril, rolaram as primeiras atividades do Corrida no Ar Camp Eperience. E foi demais!<\/span><\/p>\n<blockquote class=\"instagram-media\" style=\"background: #FFF; border: 0; border-radius: 3px; box-shadow: 0 0 1px 0 rgba(0,0,0,0.5),0 1px 10px 0 rgba(0,0,0,0.15); margin: 1px; max-width: 540px; min-width: 326px; padding: 0; width: calc(100% - 2px);\" data-instgrm-captioned=\"\" data-instgrm-permalink=\"https:\/\/www.instagram.com\/reel\/CcoNHWXgfoj\/?utm_source=ig_embed&amp;utm_campaign=loading\" data-instgrm-version=\"14\">\n<div style=\"padding: 16px;\">\n<p>&nbsp;<\/p>\n<div style=\"display: flex; flex-direction: row; align-items: center;\">\n<div style=\"background-color: #f4f4f4; border-radius: 50%; flex-grow: 0; height: 40px; margin-right: 14px; width: 40px;\"><\/div>\n<div style=\"display: flex; flex-direction: column; flex-grow: 1; justify-content: center;\">\n<div style=\"background-color: #f4f4f4; border-radius: 4px; flex-grow: 0; height: 14px; margin-bottom: 6px; width: 100px;\"><\/div>\n<div style=\"background-color: #f4f4f4; border-radius: 4px; flex-grow: 0; height: 14px; width: 60px;\"><\/div>\n<\/div>\n<\/div>\n<div style=\"padding: 19% 0;\"><\/div>\n<div style=\"display: block; height: 50px; margin: 0 auto 12px; width: 50px;\"><\/div>\n<div style=\"padding-top: 8px;\">\n<div style=\"color: #3897f0; font-family: Arial,sans-serif; font-size: 14px; font-style: normal; font-weight: 550; line-height: 18px;\">Ver essa foto no Instagram<\/div>\n<\/div>\n<div style=\"padding: 12.5% 0;\"><\/div>\n<div style=\"display: flex; flex-direction: row; margin-bottom: 14px; align-items: center;\">\n<div>\n<div style=\"background-color: #f4f4f4; border-radius: 50%; height: 12.5px; width: 12.5px; transform: translateX(0px) translateY(7px);\"><\/div>\n<div style=\"background-color: #f4f4f4; height: 12.5px; transform: rotate(-45deg) translateX(3px) translateY(1px); width: 12.5px; flex-grow: 0; margin-right: 14px; margin-left: 2px;\"><\/div>\n<div style=\"background-color: #f4f4f4; border-radius: 50%; height: 12.5px; width: 12.5px; transform: translateX(9px) translateY(-18px);\"><\/div>\n<\/div>\n<div style=\"margin-left: 8px;\">\n<div style=\"background-color: #f4f4f4; border-radius: 50%; flex-grow: 0; height: 20px; width: 20px;\"><\/div>\n<div style=\"width: 0; height: 0; border-top: 2px solid transparent; border-left: 6px solid #f4f4f4; border-bottom: 2px solid transparent; transform: translateX(16px) translateY(-4px) rotate(30deg);\"><\/div>\n<\/div>\n<div style=\"margin-left: auto;\">\n<div style=\"width: 0px; border-top: 8px solid #F4F4F4; border-right: 8px solid transparent; transform: translateY(16px);\"><\/div>\n<div style=\"background-color: #f4f4f4; flex-grow: 0; height: 12px; width: 16px; transform: translateY(-4px);\"><\/div>\n<div style=\"width: 0; height: 0; border-top: 8px solid #F4F4F4; border-left: 8px solid transparent; transform: translateY(-4px) translateX(8px);\"><\/div>\n<\/div>\n<\/div>\n<div style=\"display: flex; flex-direction: column; flex-grow: 1; justify-content: center; margin-bottom: 24px;\">\n<div style=\"background-color: #f4f4f4; border-radius: 4px; flex-grow: 0; height: 14px; margin-bottom: 6px; width: 224px;\"><\/div>\n<div style=\"background-color: #f4f4f4; border-radius: 4px; flex-grow: 0; height: 14px; width: 144px;\"><\/div>\n<\/div>\n<p>&nbsp;<\/p>\n<p style=\"color: #c9c8cd; font-family: Arial,sans-serif; font-size: 14px; line-height: 17px; margin-bottom: 0; margin-top: 8px; overflow: hidden; padding: 8px 0 7px; text-align: center; text-overflow: ellipsis; white-space: nowrap;\"><a style=\"color: #c9c8cd; font-family: Arial,sans-serif; font-size: 14px; font-style: normal; font-weight: normal; line-height: 17px; text-decoration: none;\" href=\"https:\/\/www.instagram.com\/reel\/CcoNHWXgfoj\/?utm_source=ig_embed&amp;utm_campaign=loading\" target=\"_blank\" rel=\"noopener\">Uma publica\u00e7\u00e3o compartilhada por Camp Corrida no Ar (@campcorridanoar)<\/a><\/p>\n<\/div>\n<\/blockquote>\n<p><script async src=\"\/\/www.instagram.com\/embed.js\"><\/script><\/p>\n<p><a href=\"https:\/\/chelso.com.br\/site\/provas-presenciais\/\">Saiba mais sobre o nosso calend\u00e1rio de provas presenciais.<\/a><\/p>\n<h2><strong>Come\u00e7ou o Camp Corrida no Ar<\/strong><\/h2>\n<p><span style=\"font-weight: 400;\">Come\u00e7amos o dia com um alongamento e depois a turma foi toda para a Pista de Atletismo fazer treino de tiro longo. Tudo acompanhado de perto pelo treinador Adriano Bastos.<\/span><\/p>\n<p><span style=\"font-weight: 400;\">Saindo da pista, os atletas se reuniram para um bate-papo com o S\u00e9rgio Rocha e o Nishi ao melhor estilo, \u201cPergunte o que quiser, respondo se puder\u201d. Rolou at\u00e9 uma LIVE no nosso canal no Instagram.<\/span><\/p>\n<blockquote class=\"instagram-media\" style=\"background: #FFF; border: 0; border-radius: 3px; box-shadow: 0 0 1px 0 rgba(0,0,0,0.5),0 1px 10px 0 rgba(0,0,0,0.15); margin: 1px; max-width: 540px; min-width: 326px; padding: 0; width: calc(100% - 2px);\" data-instgrm-captioned=\"\" data-instgrm-permalink=\"https:\/\/www.instagram.com\/tv\/CcnfwxbgR0f\/?utm_source=ig_embed&amp;utm_campaign=loading\" data-instgrm-version=\"14\">\n<div style=\"padding: 16px;\">\n<p>&nbsp;<\/p>\n<div style=\"display: flex; flex-direction: row; align-items: center;\">\n<div style=\"background-color: #f4f4f4; border-radius: 50%; flex-grow: 0; height: 40px; margin-right: 14px; width: 40px;\"><\/div>\n<div style=\"display: flex; flex-direction: column; flex-grow: 1; justify-content: center;\">\n<div style=\"background-color: #f4f4f4; border-radius: 4px; flex-grow: 0; height: 14px; margin-bottom: 6px; width: 100px;\"><\/div>\n<div style=\"background-color: #f4f4f4; border-radius: 4px; flex-grow: 0; height: 14px; width: 60px;\"><\/div>\n<\/div>\n<\/div>\n<div style=\"padding: 19% 0;\"><\/div>\n<div style=\"display: block; height: 50px; margin: 0 auto 12px; width: 50px;\"><\/div>\n<div style=\"padding-top: 8px;\">\n<div style=\"color: #3897f0; font-family: Arial,sans-serif; font-size: 14px; font-style: normal; font-weight: 550; line-height: 18px;\">Ver essa foto no Instagram<\/div>\n<\/div>\n<div style=\"padding: 12.5% 0;\"><\/div>\n<div style=\"display: flex; flex-direction: row; margin-bottom: 14px; align-items: center;\">\n<div>\n<div style=\"background-color: #f4f4f4; border-radius: 50%; height: 12.5px; width: 12.5px; transform: translateX(0px) translateY(7px);\"><\/div>\n<div style=\"background-color: #f4f4f4; height: 12.5px; transform: rotate(-45deg) translateX(3px) translateY(1px); width: 12.5px; flex-grow: 0; margin-right: 14px; margin-left: 2px;\"><\/div>\n<div style=\"background-color: #f4f4f4; border-radius: 50%; height: 12.5px; width: 12.5px; transform: translateX(9px) translateY(-18px);\"><\/div>\n<\/div>\n<div style=\"margin-left: 8px;\">\n<div style=\"background-color: #f4f4f4; border-radius: 50%; flex-grow: 0; height: 20px; width: 20px;\"><\/div>\n<div style=\"width: 0; height: 0; border-top: 2px solid transparent; border-left: 6px solid #f4f4f4; border-bottom: 2px solid transparent; transform: translateX(16px) translateY(-4px) rotate(30deg);\"><\/div>\n<\/div>\n<div style=\"margin-left: auto;\">\n<div style=\"width: 0px; border-top: 8px solid #F4F4F4; border-right: 8px solid transparent; transform: translateY(16px);\"><\/div>\n<div style=\"background-color: #f4f4f4; flex-grow: 0; height: 12px; width: 16px; transform: translateY(-4px);\"><\/div>\n<div style=\"width: 0; height: 0; border-top: 8px solid #F4F4F4; border-left: 8px solid transparent; transform: translateY(-4px) translateX(8px);\"><\/div>\n<\/div>\n<\/div>\n<div style=\"display: flex; flex-direction: column; flex-grow: 1; justify-content: center; margin-bottom: 24px;\">\n<div style=\"background-color: #f4f4f4; border-radius: 4px; flex-grow: 0; height: 14px; margin-bottom: 6px; width: 224px;\"><\/div>\n<div style=\"background-color: #f4f4f4; border-radius: 4px; flex-grow: 0; height: 14px; width: 144px;\"><\/div>\n<\/div>\n<p>&nbsp;<\/p>\n<p style=\"color: #c9c8cd; font-family: Arial,sans-serif; font-size: 14px; line-height: 17px; margin-bottom: 0; margin-top: 8px; overflow: hidden; padding: 8px 0 7px; text-align: center; text-overflow: ellipsis; white-space: nowrap;\"><a style=\"color: #c9c8cd; font-family: Arial,sans-serif; font-size: 14px; font-style: normal; font-weight: normal; line-height: 17px; text-decoration: none;\" href=\"https:\/\/www.instagram.com\/tv\/CcnfwxbgR0f\/?utm_source=ig_embed&amp;utm_campaign=loading\" target=\"_blank\" rel=\"noopener\">Uma publica\u00e7\u00e3o compartilhada por Camp Corrida no Ar (@campcorridanoar)<\/a><\/p>\n<\/div>\n<\/blockquote>\n<p><script async src=\"\/\/www.instagram.com\/embed.js\"><\/script><\/p>\n<p><span style=\"font-weight: 400;\">Pausa para um almo\u00e7o e na sequ\u00eancia palestra com a Dra. Ana Paula Sim\u00f5es. Depois disso, tivemos outra troca de experi\u00eancias, desta vez com o time da Asics, que aproveitou o momento para apresentar os novos produtos da marca.<\/span><\/p>\n<p><img fetchpriority=\"high\" decoding=\"async\" class=\"alignnone size-large wp-image-13051\" src=\"https:\/\/chelso.com.br\/site\/wp-content\/uploads\/2022\/04\/CAMP_21_2574-1024x684.jpg\" alt=\"Come\u00e7ou o Camp Corrida no Ar\" width=\"788\" height=\"526\" \/><\/p>\n<p><span style=\"font-weight: 400;\">Antes do jantar o pessoal aproveitou para rodar mais uns trinta minutos por Brotas e mais tarde vai rolar uma surpresa para galera (que j\u00e1 n\u00e3o \u00e9 mais surpresa).<\/span><\/p>\n<p><span style=\"font-weight: 400;\">\u00c0s 20h30, a Corus vai disponibilizar o filme do Eliud Kipchoge para todos assistirem. Nada mal para encerrar as atividades dessa quinta.<\/span><\/p>\n<p><img decoding=\"async\" class=\"alignnone size-large wp-image-13055\" src=\"https:\/\/chelso.com.br\/site\/wp-content\/uploads\/2022\/04\/CAMP_21_2381-1024x684.jpg\" alt=\"Come\u00e7ou o Camp Corrida no Ar\" width=\"788\" height=\"526\" \/><\/p>\n<p><strong>Programa\u00e7\u00e3o:<\/strong><\/p>\n<p><strong>SEXTA-FEIRA \u2013 22\/04\/2022<\/strong><\/p>\n<p><span style=\"font-weight: 400;\">6h \u2013 Ponto de encontro no p\u00f3rtico de largada com caf\u00e9 pr\u00e9 treino e alongamento com Eduardo | ASICS FrontRunner\u00a0<\/span><\/p>\n<p><span style=\"font-weight: 400;\">6h30 \u2013 Treino de tiro curto \u2013 Pista de atletismo com o treinador Adriano Bastos<\/span><\/p>\n<p><span style=\"font-weight: 400;\">8h \u00e0s 9h- Caf\u00e9 da manh\u00e3\u00a0<\/span><\/p>\n<p><span style=\"font-weight: 400;\">10h30 \u2013 Palestra com Henrique \u2013 Sub4<\/span><\/p>\n<p><span style=\"font-weight: 400;\">12h30 \u2013 Almo\u00e7o\u00a0<\/span><\/p>\n<p><span style=\"font-weight: 400;\">14h30 \u2013 Palestra com Pedro Biachetti\u00a0<\/span><\/p>\n<p><span style=\"font-weight: 400;\">16h30 Palestra com o treinador convidado e Sergio Rocha\u00a0<\/span><\/p>\n<p><span style=\"font-weight: 400;\">17h30 \u2013 Treino sugestivo (n\u00e3o obrigat\u00f3rio) de soltura \u2013 Rodagem leve de 30min com Adriano Bastos<\/span><\/p>\n<p><span style=\"font-weight: 400;\">19h30 \u2013 Jantar com bingo<\/span><\/p>\n<p><span style=\"font-weight: 400;\">20h30 \u2013 Briefing do treino do dia seguinte com Adriano Bastos<\/span><\/p>\n<p><img decoding=\"async\" class=\"alignnone size-large wp-image-13053\" src=\"https:\/\/chelso.com.br\/site\/wp-content\/uploads\/2022\/04\/CAMP_21_2582-1024x684.jpg\" alt=\"Come\u00e7ou o Camp Corrida no Ar\" width=\"788\" height=\"526\" \/><\/p>\n<p><span style=\"font-weight: 400;\">Acompanhe tudo no <\/span><a href=\"https:\/\/www.instagram.com\/campcorridanoar\/\"><span style=\"font-weight: 400;\">Instagram<\/span><\/a><\/p>\n","protected":false},"excerpt":{"rendered":"<p>Come\u00e7ou o Camp Corrida no Ar. Ap\u00f3s as entregas de kits e simp\u00f3sio de abertura, nessa quinta-feira, 21 de abril, rolaram as primeiras atividades do Corrida no Ar Camp Eperience. E foi demais! &nbsp; Ver essa foto no Instagram &nbsp; Uma publica\u00e7\u00e3o compartilhada por Camp Corrida no Ar (@campcorridanoar) Saiba mais sobre o nosso calend\u00e1rio<\/p>\n","protected":false},"author":21,"featured_media":0,"comment_status":"open","ping_status":"closed","sticky":false,"template":"","format":"standard","meta":{"om_disable_all_campaigns":false,"_monsterinsights_skip_tracking":false,"_monsterinsights_sitenote_active":false,"_monsterinsights_sitenote_note":"","_monsterinsights_sitenote_category":0,"footnotes":""},"categories":[56,30],"tags":[41,36,829,830],"class_list":{"0":"post-13050","1":"post","2":"type-post","3":"status-publish","4":"format-standard","6":"category-eventos","7":"category-noticias","8":"tag-chelso-sports","9":"tag-corrida","10":"tag-corrida-no-ar","11":"tag-corrida-no-ar-camp-experience"},"aioseo_notices":[],"yoast_head":"<!-- This site is optimized with the Yoast SEO plugin v27.5 - https:\/\/yoast.com\/product\/yoast-seo-wordpress\/ -->\n<title>Come\u00e7ou o Camp Corrida no Ar - Portal Chelso Sports<\/title>\n<meta name=\"description\" content=\"Come\u00e7ou o Camp Corrida no Ar! Nesta quinta-feira, 21 de abril, rolaram as primeiras atividades em Brotas. E foi demais!\" \/>\n<meta name=\"robots\" content=\"index, follow, max-snippet:-1, max-image-preview:large, max-video-preview:-1\" \/>\n<link rel=\"canonical\" href=\"https:\/\/chelso.com.br\/site\/comecou-o-camp-corrida-no-ar\/\" \/>\n<meta property=\"og:locale\" content=\"pt_BR\" \/>\n<meta property=\"og:type\" content=\"article\" \/>\n<meta property=\"og:title\" content=\"Come\u00e7ou o Camp Corrida no Ar - Portal Chelso Sports\" \/>\n<meta property=\"og:description\" content=\"Come\u00e7ou o Camp Corrida no Ar! Nesta quinta-feira, 21 de abril, rolaram as primeiras atividades em Brotas. E foi demais!\" \/>\n<meta property=\"og:url\" content=\"https:\/\/chelso.com.br\/site\/comecou-o-camp-corrida-no-ar\/\" \/>\n<meta property=\"og:site_name\" content=\"Portal Chelso Sports\" \/>\n<meta property=\"article:published_time\" content=\"2022-04-21T22:29:15+00:00\" \/>\n<meta property=\"og:image\" content=\"https:\/\/chelso.com.br\/site\/wp-content\/uploads\/2022\/04\/CAMP_21_2397-scaled.jpg\" \/>\n\t<meta property=\"og:image:width\" content=\"2560\" \/>\n\t<meta property=\"og:image:height\" content=\"1709\" \/>\n\t<meta property=\"og:image:type\" content=\"image\/jpeg\" \/>\n<meta name=\"author\" content=\"Chelso\" \/>\n<meta name=\"twitter:card\" content=\"summary_large_image\" \/>\n<meta name=\"twitter:label1\" content=\"Escrito por\" \/>\n\t<meta name=\"twitter:data1\" content=\"Chelso\" \/>\n\t<meta name=\"twitter:label2\" content=\"Est. tempo de leitura\" \/>\n\t<meta name=\"twitter:data2\" content=\"3 minutos\" \/>\n<script type=\"application\/ld+json\" class=\"yoast-schema-graph\">{\"@context\":\"https:\\\/\\\/schema.org\",\"@graph\":[{\"@type\":\"Article\",\"@id\":\"https:\\\/\\\/chelso.com.br\\\/site\\\/comecou-o-camp-corrida-no-ar\\\/#article\",\"isPartOf\":{\"@id\":\"https:\\\/\\\/chelso.com.br\\\/site\\\/comecou-o-camp-corrida-no-ar\\\/\"},\"author\":{\"name\":\"Chelso\",\"@id\":\"https:\\\/\\\/chelso.com.br\\\/site\\\/#\\\/schema\\\/person\\\/06bf484f0ccbb71d4fd2128d594e1d0a\"},\"headline\":\"Come\u00e7ou o Camp Corrida no Ar\",\"datePublished\":\"2022-04-21T22:29:15+00:00\",\"mainEntityOfPage\":{\"@id\":\"https:\\\/\\\/chelso.com.br\\\/site\\\/comecou-o-camp-corrida-no-ar\\\/\"},\"wordCount\":352,\"commentCount\":0,\"image\":{\"@id\":\"https:\\\/\\\/chelso.com.br\\\/site\\\/comecou-o-camp-corrida-no-ar\\\/#primaryimage\"},\"thumbnailUrl\":\"https:\\\/\\\/chelso.com.br\\\/site\\\/wp-content\\\/uploads\\\/2022\\\/04\\\/CAMP_21_2574-1024x684.jpg\",\"keywords\":[\"chelso sports\",\"corrida\",\"Corrida no Ar\",\"Corrida no Ar Camp Experience\"],\"articleSection\":[\"Eventos\",\"Not\u00edcias\"],\"inLanguage\":\"pt-BR\",\"potentialAction\":[{\"@type\":\"CommentAction\",\"name\":\"Comment\",\"target\":[\"https:\\\/\\\/chelso.com.br\\\/site\\\/comecou-o-camp-corrida-no-ar\\\/#respond\"]}]},{\"@type\":\"WebPage\",\"@id\":\"https:\\\/\\\/chelso.com.br\\\/site\\\/comecou-o-camp-corrida-no-ar\\\/\",\"url\":\"https:\\\/\\\/chelso.com.br\\\/site\\\/comecou-o-camp-corrida-no-ar\\\/\",\"name\":\"Come\u00e7ou o Camp Corrida no Ar - Portal Chelso Sports\",\"isPartOf\":{\"@id\":\"https:\\\/\\\/chelso.com.br\\\/site\\\/#website\"},\"primaryImageOfPage\":{\"@id\":\"https:\\\/\\\/chelso.com.br\\\/site\\\/comecou-o-camp-corrida-no-ar\\\/#primaryimage\"},\"image\":{\"@id\":\"https:\\\/\\\/chelso.com.br\\\/site\\\/comecou-o-camp-corrida-no-ar\\\/#primaryimage\"},\"thumbnailUrl\":\"https:\\\/\\\/chelso.com.br\\\/site\\\/wp-content\\\/uploads\\\/2022\\\/04\\\/CAMP_21_2574-1024x684.jpg\",\"datePublished\":\"2022-04-21T22:29:15+00:00\",\"author\":{\"@id\":\"https:\\\/\\\/chelso.com.br\\\/site\\\/#\\\/schema\\\/person\\\/06bf484f0ccbb71d4fd2128d594e1d0a\"},\"description\":\"Come\u00e7ou o Camp Corrida no Ar! Nesta quinta-feira, 21 de abril, rolaram as primeiras atividades em Brotas. E foi demais!\",\"breadcrumb\":{\"@id\":\"https:\\\/\\\/chelso.com.br\\\/site\\\/comecou-o-camp-corrida-no-ar\\\/#breadcrumb\"},\"inLanguage\":\"pt-BR\",\"potentialAction\":[{\"@type\":\"ReadAction\",\"target\":[\"https:\\\/\\\/chelso.com.br\\\/site\\\/comecou-o-camp-corrida-no-ar\\\/\"]}]},{\"@type\":\"ImageObject\",\"inLanguage\":\"pt-BR\",\"@id\":\"https:\\\/\\\/chelso.com.br\\\/site\\\/comecou-o-camp-corrida-no-ar\\\/#primaryimage\",\"url\":\"https:\\\/\\\/chelso.com.br\\\/site\\\/wp-content\\\/uploads\\\/2022\\\/04\\\/CAMP_21_2574-1024x684.jpg\",\"contentUrl\":\"https:\\\/\\\/chelso.com.br\\\/site\\\/wp-content\\\/uploads\\\/2022\\\/04\\\/CAMP_21_2574-1024x684.jpg\"},{\"@type\":\"BreadcrumbList\",\"@id\":\"https:\\\/\\\/chelso.com.br\\\/site\\\/comecou-o-camp-corrida-no-ar\\\/#breadcrumb\",\"itemListElement\":[{\"@type\":\"ListItem\",\"position\":1,\"name\":\"In\u00edcio\",\"item\":\"https:\\\/\\\/chelso.com.br\\\/site\\\/\"},{\"@type\":\"ListItem\",\"position\":2,\"name\":\"Come\u00e7ou o Camp Corrida no Ar\"}]},{\"@type\":\"WebSite\",\"@id\":\"https:\\\/\\\/chelso.com.br\\\/site\\\/#website\",\"url\":\"https:\\\/\\\/chelso.com.br\\\/site\\\/\",\"name\":\"Portal Chelso Sports\",\"description\":\"Conte\u00fado especializado em corrida de rua e triathlon\",\"potentialAction\":[{\"@type\":\"SearchAction\",\"target\":{\"@type\":\"EntryPoint\",\"urlTemplate\":\"https:\\\/\\\/chelso.com.br\\\/site\\\/?s={search_term_string}\"},\"query-input\":{\"@type\":\"PropertyValueSpecification\",\"valueRequired\":true,\"valueName\":\"search_term_string\"}}],\"inLanguage\":\"pt-BR\"},{\"@type\":\"Person\",\"@id\":\"https:\\\/\\\/chelso.com.br\\\/site\\\/#\\\/schema\\\/person\\\/06bf484f0ccbb71d4fd2128d594e1d0a\",\"name\":\"Chelso\",\"image\":{\"@type\":\"ImageObject\",\"inLanguage\":\"pt-BR\",\"@id\":\"https:\\\/\\\/chelso.com.br\\\/site\\\/wp-content\\\/uploads\\\/2025\\\/04\\\/Perfil20192-150x149.png\",\"url\":\"https:\\\/\\\/chelso.com.br\\\/site\\\/wp-content\\\/uploads\\\/2025\\\/04\\\/Perfil20192-150x149.png\",\"contentUrl\":\"https:\\\/\\\/chelso.com.br\\\/site\\\/wp-content\\\/uploads\\\/2025\\\/04\\\/Perfil20192-150x149.png\",\"caption\":\"Chelso\"},\"sameAs\":[\"http:\\\/\\\/www.chelso.com.br\"],\"url\":\"https:\\\/\\\/chelso.com.br\\\/site\\\/author\\\/maryblog\\\/\"}]}<\/script>\n<!-- \/ Yoast SEO plugin. -->","yoast_head_json":{"title":"Come\u00e7ou o Camp Corrida no Ar - Portal Chelso Sports","description":"Come\u00e7ou o Camp Corrida no Ar! Nesta quinta-feira, 21 de abril, rolaram as primeiras atividades em Brotas. E foi demais!","robots":{"index":"index","follow":"follow","max-snippet":"max-snippet:-1","max-image-preview":"max-image-preview:large","max-video-preview":"max-video-preview:-1"},"canonical":"https:\/\/chelso.com.br\/site\/comecou-o-camp-corrida-no-ar\/","og_locale":"pt_BR","og_type":"article","og_title":"Come\u00e7ou o Camp Corrida no Ar - Portal Chelso Sports","og_description":"Come\u00e7ou o Camp Corrida no Ar! Nesta quinta-feira, 21 de abril, rolaram as primeiras atividades em Brotas. E foi demais!","og_url":"https:\/\/chelso.com.br\/site\/comecou-o-camp-corrida-no-ar\/","og_site_name":"Portal Chelso Sports","article_published_time":"2022-04-21T22:29:15+00:00","og_image":[{"width":2560,"height":1709,"url":"https:\/\/chelso.com.br\/site\/wp-content\/uploads\/2022\/04\/CAMP_21_2397-scaled.jpg","type":"image\/jpeg"}],"author":"Chelso","twitter_card":"summary_large_image","twitter_misc":{"Escrito por":"Chelso","Est. tempo de leitura":"3 minutos"},"schema":{"@context":"https:\/\/schema.org","@graph":[{"@type":"Article","@id":"https:\/\/chelso.com.br\/site\/comecou-o-camp-corrida-no-ar\/#article","isPartOf":{"@id":"https:\/\/chelso.com.br\/site\/comecou-o-camp-corrida-no-ar\/"},"author":{"name":"Chelso","@id":"https:\/\/chelso.com.br\/site\/#\/schema\/person\/06bf484f0ccbb71d4fd2128d594e1d0a"},"headline":"Come\u00e7ou o Camp Corrida no Ar","datePublished":"2022-04-21T22:29:15+00:00","mainEntityOfPage":{"@id":"https:\/\/chelso.com.br\/site\/comecou-o-camp-corrida-no-ar\/"},"wordCount":352,"commentCount":0,"image":{"@id":"https:\/\/chelso.com.br\/site\/comecou-o-camp-corrida-no-ar\/#primaryimage"},"thumbnailUrl":"https:\/\/chelso.com.br\/site\/wp-content\/uploads\/2022\/04\/CAMP_21_2574-1024x684.jpg","keywords":["chelso sports","corrida","Corrida no Ar","Corrida no Ar Camp Experience"],"articleSection":["Eventos","Not\u00edcias"],"inLanguage":"pt-BR","potentialAction":[{"@type":"CommentAction","name":"Comment","target":["https:\/\/chelso.com.br\/site\/comecou-o-camp-corrida-no-ar\/#respond"]}]},{"@type":"WebPage","@id":"https:\/\/chelso.com.br\/site\/comecou-o-camp-corrida-no-ar\/","url":"https:\/\/chelso.com.br\/site\/comecou-o-camp-corrida-no-ar\/","name":"Come\u00e7ou o Camp Corrida no Ar - Portal Chelso Sports","isPartOf":{"@id":"https:\/\/chelso.com.br\/site\/#website"},"primaryImageOfPage":{"@id":"https:\/\/chelso.com.br\/site\/comecou-o-camp-corrida-no-ar\/#primaryimage"},"image":{"@id":"https:\/\/chelso.com.br\/site\/comecou-o-camp-corrida-no-ar\/#primaryimage"},"thumbnailUrl":"https:\/\/chelso.com.br\/site\/wp-content\/uploads\/2022\/04\/CAMP_21_2574-1024x684.jpg","datePublished":"2022-04-21T22:29:15+00:00","author":{"@id":"https:\/\/chelso.com.br\/site\/#\/schema\/person\/06bf484f0ccbb71d4fd2128d594e1d0a"},"description":"Come\u00e7ou o Camp Corrida no Ar! Nesta quinta-feira, 21 de abril, rolaram as primeiras atividades em Brotas. E foi demais!","breadcrumb":{"@id":"https:\/\/chelso.com.br\/site\/comecou-o-camp-corrida-no-ar\/#breadcrumb"},"inLanguage":"pt-BR","potentialAction":[{"@type":"ReadAction","target":["https:\/\/chelso.com.br\/site\/comecou-o-camp-corrida-no-ar\/"]}]},{"@type":"ImageObject","inLanguage":"pt-BR","@id":"https:\/\/chelso.com.br\/site\/comecou-o-camp-corrida-no-ar\/#primaryimage","url":"https:\/\/chelso.com.br\/site\/wp-content\/uploads\/2022\/04\/CAMP_21_2574-1024x684.jpg","contentUrl":"https:\/\/chelso.com.br\/site\/wp-content\/uploads\/2022\/04\/CAMP_21_2574-1024x684.jpg"},{"@type":"BreadcrumbList","@id":"https:\/\/chelso.com.br\/site\/comecou-o-camp-corrida-no-ar\/#breadcrumb","itemListElement":[{"@type":"ListItem","position":1,"name":"In\u00edcio","item":"https:\/\/chelso.com.br\/site\/"},{"@type":"ListItem","position":2,"name":"Come\u00e7ou o Camp Corrida no Ar"}]},{"@type":"WebSite","@id":"https:\/\/chelso.com.br\/site\/#website","url":"https:\/\/chelso.com.br\/site\/","name":"Portal Chelso Sports","description":"Conte\u00fado especializado em corrida de rua e triathlon","potentialAction":[{"@type":"SearchAction","target":{"@type":"EntryPoint","urlTemplate":"https:\/\/chelso.com.br\/site\/?s={search_term_string}"},"query-input":{"@type":"PropertyValueSpecification","valueRequired":true,"valueName":"search_term_string"}}],"inLanguage":"pt-BR"},{"@type":"Person","@id":"https:\/\/chelso.com.br\/site\/#\/schema\/person\/06bf484f0ccbb71d4fd2128d594e1d0a","name":"Chelso","image":{"@type":"ImageObject","inLanguage":"pt-BR","@id":"https:\/\/chelso.com.br\/site\/wp-content\/uploads\/2025\/04\/Perfil20192-150x149.png","url":"https:\/\/chelso.com.br\/site\/wp-content\/uploads\/2025\/04\/Perfil20192-150x149.png","contentUrl":"https:\/\/chelso.com.br\/site\/wp-content\/uploads\/2025\/04\/Perfil20192-150x149.png","caption":"Chelso"},"sameAs":["http:\/\/www.chelso.com.br"],"url":"https:\/\/chelso.com.br\/site\/author\/maryblog\/"}]}},"amp_enabled":true,"_links":{"self":[{"href":"https:\/\/chelso.com.br\/site\/wp-json\/wp\/v2\/posts\/13050","targetHints":{"allow":["GET"]}}],"collection":[{"href":"https:\/\/chelso.com.br\/site\/wp-json\/wp\/v2\/posts"}],"about":[{"href":"https:\/\/chelso.com.br\/site\/wp-json\/wp\/v2\/types\/post"}],"author":[{"embeddable":true,"href":"https:\/\/chelso.com.br\/site\/wp-json\/wp\/v2\/users\/21"}],"replies":[{"embeddable":true,"href":"https:\/\/chelso.com.br\/site\/wp-json\/wp\/v2\/comments?post=13050"}],"version-history":[{"count":1,"href":"https:\/\/chelso.com.br\/site\/wp-json\/wp\/v2\/posts\/13050\/revisions"}],"predecessor-version":[{"id":13057,"href":"https:\/\/chelso.com.br\/site\/wp-json\/wp\/v2\/posts\/13050\/revisions\/13057"}],"wp:attachment":[{"href":"https:\/\/chelso.com.br\/site\/wp-json\/wp\/v2\/media?parent=13050"}],"wp:term":[{"taxonomy":"category","embeddable":true,"href":"https:\/\/chelso.com.br\/site\/wp-json\/wp\/v2\/categories?post=13050"},{"taxonomy":"post_tag","embeddable":true,"href":"https:\/\/chelso.com.br\/site\/wp-json\/wp\/v2\/tags?post=13050"}],"curies":[{"name":"wp","href":"https:\/\/api.w.org\/{rel}","templated":true}]}}