{"id":13450,"date":"2022-05-26T19:35:04","date_gmt":"2022-05-26T22:35:04","guid":{"rendered":"https:\/\/chelso.com.br\/site\/?p=13450"},"modified":"2022-05-26T19:35:04","modified_gmt":"2022-05-26T22:35:04","slug":"itau-bba-ironman-brasil","status":"publish","type":"post","link":"https:\/\/chelso.com.br\/site\/itau-bba-ironman-brasil\/","title":{"rendered":"Ita\u00fa BBA IRONMAN Brasil: destaques nacionais falam sobre a expectativa para o domingo"},"content":{"rendered":"<p><strong>Ita\u00fa BBA IRONMAN Brasil:<\/strong> Com a largada a partir das 6h40 de domingo, em Jurer\u00ea Internacional, o Ita\u00fa BBA IRONMAN Brasil marca seu retorno ap\u00f3s tr\u00eas anos de espera, provocada pela pandemia da Covid-19. Ser\u00e1 um retorno especial, j\u00e1 que o evento comemorar\u00e1 sua 20\u00aa edi\u00e7\u00e3o, reunindo triatletas profissionais e amadores de 34 pa\u00edses. Os destaques nacionais que disputar\u00e3o a categoria Elite j\u00e1 est\u00e3o na capital catarinense, acertando os \u00faltimos detalhes para um bom desempenho e a possibilidade de brigar pelo topo do p\u00f3dio no masculino e feminino.<\/p>\n<blockquote><p>Um dos grandes nomes \u00e9 o catarinense Igor Amorelli, \u00fanico atleta brasileiro da categoria masculina a vencer a prova, em maio de 2014, que destaca a expectativa para esse retorno t\u00e3o esperado. \u201cA expectativa \u00e9 bem grande para mais um IRONMAN em Florian\u00f3polis. Essa \u00e9 uma das minhas provas preferidas no circuito por ser no meu estado, com presen\u00e7a da torcida e dos meus familiares. Espero conseguir entregar a melhor prova poss\u00edvel. O resultado ser\u00e1 uma consequ\u00eancia\u201d, declara.<\/p><\/blockquote>\n<p><a href=\"https:\/\/chelso.com.br\/site\/provas-presenciais\/\">Saiba mais sobre o nosso calend\u00e1rio de provas presenciais.<\/a><\/p>\n<blockquote class=\"instagram-media\" style=\"background: #FFF; border: 0; border-radius: 3px; box-shadow: 0 0 1px 0 rgba(0,0,0,0.5),0 1px 10px 0 rgba(0,0,0,0.15); margin: 1px; max-width: 540px; min-width: 326px; padding: 0; width: calc(100% - 2px);\" data-instgrm-captioned=\"\" data-instgrm-permalink=\"https:\/\/www.instagram.com\/tv\/Cd_G5NvAoR4\/?utm_source=ig_embed&amp;utm_campaign=loading\" data-instgrm-version=\"14\">\n<div style=\"padding: 16px;\">\n<p>&nbsp;<\/p>\n<div style=\"display: flex; flex-direction: row; align-items: center;\">\n<div style=\"background-color: #f4f4f4; border-radius: 50%; flex-grow: 0; height: 40px; margin-right: 14px; width: 40px;\"><\/div>\n<div style=\"display: flex; flex-direction: column; flex-grow: 1; justify-content: center;\">\n<div style=\"background-color: #f4f4f4; border-radius: 4px; flex-grow: 0; height: 14px; margin-bottom: 6px; width: 100px;\"><\/div>\n<div style=\"background-color: #f4f4f4; border-radius: 4px; flex-grow: 0; height: 14px; width: 60px;\"><\/div>\n<\/div>\n<\/div>\n<div style=\"padding: 19% 0;\"><\/div>\n<div style=\"display: block; height: 50px; margin: 0 auto 12px; width: 50px;\"><\/div>\n<div style=\"padding-top: 8px;\">\n<div style=\"color: #3897f0; font-family: Arial,sans-serif; font-size: 14px; font-style: normal; font-weight: 550; line-height: 18px;\">Ver essa foto no Instagram<\/div>\n<\/div>\n<div style=\"padding: 12.5% 0;\"><\/div>\n<div style=\"display: flex; flex-direction: row; margin-bottom: 14px; align-items: center;\">\n<div>\n<div style=\"background-color: #f4f4f4; border-radius: 50%; height: 12.5px; width: 12.5px; transform: translateX(0px) translateY(7px);\"><\/div>\n<div style=\"background-color: #f4f4f4; height: 12.5px; transform: rotate(-45deg) translateX(3px) translateY(1px); width: 12.5px; flex-grow: 0; margin-right: 14px; margin-left: 2px;\"><\/div>\n<div style=\"background-color: #f4f4f4; border-radius: 50%; height: 12.5px; width: 12.5px; transform: translateX(9px) translateY(-18px);\"><\/div>\n<\/div>\n<div style=\"margin-left: 8px;\">\n<div style=\"background-color: #f4f4f4; border-radius: 50%; flex-grow: 0; height: 20px; width: 20px;\"><\/div>\n<div style=\"width: 0; height: 0; border-top: 2px solid transparent; border-left: 6px solid #f4f4f4; border-bottom: 2px solid transparent; transform: translateX(16px) translateY(-4px) rotate(30deg);\"><\/div>\n<\/div>\n<div style=\"margin-left: auto;\">\n<div style=\"width: 0px; border-top: 8px solid #F4F4F4; border-right: 8px solid transparent; transform: translateY(16px);\"><\/div>\n<div style=\"background-color: #f4f4f4; flex-grow: 0; height: 12px; width: 16px; transform: translateY(-4px);\"><\/div>\n<div style=\"width: 0; height: 0; border-top: 8px solid #F4F4F4; border-left: 8px solid transparent; transform: translateY(-4px) translateX(8px);\"><\/div>\n<\/div>\n<\/div>\n<div style=\"display: flex; flex-direction: column; flex-grow: 1; justify-content: center; margin-bottom: 24px;\">\n<div style=\"background-color: #f4f4f4; border-radius: 4px; flex-grow: 0; height: 14px; margin-bottom: 6px; width: 224px;\"><\/div>\n<div style=\"background-color: #f4f4f4; border-radius: 4px; flex-grow: 0; height: 14px; width: 144px;\"><\/div>\n<\/div>\n<p>&nbsp;<\/p>\n<p style=\"color: #c9c8cd; font-family: Arial,sans-serif; font-size: 14px; line-height: 17px; margin-bottom: 0; margin-top: 8px; overflow: hidden; padding: 8px 0 7px; text-align: center; text-overflow: ellipsis; white-space: nowrap;\"><a style=\"color: #c9c8cd; font-family: Arial,sans-serif; font-size: 14px; font-style: normal; font-weight: normal; line-height: 17px; text-decoration: none;\" href=\"https:\/\/www.instagram.com\/tv\/Cd_G5NvAoR4\/?utm_source=ig_embed&amp;utm_campaign=loading\" target=\"_blank\" rel=\"noopener\">Uma publica\u00e7\u00e3o compartilhada por Ironman Brasil Oficial (@brasilironman)<\/a><\/p>\n<\/div>\n<\/blockquote>\n<p><script async src=\"\/\/www.instagram.com\/embed.js\"><\/script><\/p>\n<h2><strong>Ita\u00fa BBA IRONMAN Brasil<\/strong><\/h2>\n<p>J\u00e1 a capixaba Pamella, vice-campe\u00e3 no IRONMAN Brasil 2019, em sua estreia na competi\u00e7\u00e3o, espera melhorar sua performance em rela\u00e7\u00e3o ao ano passado. Espero melhorar meu tempo. N\u00e3o estou ligada em coloca\u00e7\u00e3o ou vagas para o Mundial. Estou de boa com isso. Quero apenas me sentir bem como aconteceu nos \u00faltimos simulados e curtir muito a galera, especialmente na Avenida B\u00fazios, em Jurer\u00ea Internacional. Vou atr\u00e1s de melhorar meu tempo, destacou a atleta, que ainda tem no curr\u00edculo o quarto lugar no Mundial IRONMAN 70.3 em 2018, na \u00c1frica do Sul, al\u00e9m de conquistas no IRONMAN 70.3 Florian\u00f3polis (2018 e 2019), e no Rio de Janeiro (2017, 2018 e 2019), acredita<\/p>\n<p>As largadas no domingo ocorrem a partir das 6h40, com os atletas de elite, e seguem at\u00e9 as 7h28, no canto Sul da praia, em Jurer\u00ea Internacional. Os atletas t\u00eam at\u00e9 17 horas para concluir a prova, que prev\u00ea 3.8 km de nata\u00e7\u00e3o, 180 km de ciclismo e 42.1 km de corrida.<\/p>\n<p><iframe  id=\"_ytid_19751\"  width=\"788\" height=\"443\"  data-origwidth=\"788\" data-origheight=\"443\" src=\"https:\/\/www.youtube.com\/embed\/t8oeSVW64xQ?enablejsapi=1&#038;autoplay=0&#038;cc_load_policy=0&#038;cc_lang_pref=&#038;iv_load_policy=1&#038;loop=0&#038;rel=1&#038;fs=1&#038;playsinline=0&#038;autohide=2&#038;theme=dark&#038;color=red&#038;controls=1&#038;disablekb=0&#038;\" class=\"__youtube_prefs__  epyt-is-override  no-lazyload\" title=\"YouTube player\"  allow=\"fullscreen; accelerometer; autoplay; clipboard-write; encrypted-media; gyroscope; picture-in-picture; web-share\" referrerpolicy=\"strict-origin-when-cross-origin\" allowfullscreen data-no-lazy=\"1\" data-skipgform_ajax_framebjll=\"\"><\/iframe><\/p>\n<h4>Programa\u00e7\u00e3o do Ita\u00fa BBA IRONMAN Brasil 2022<\/h4>\n<p>Clube 12 de Agosto, Avenida Serv. Jos\u00e9 Cardoso de Oliveira, 668, Jurer\u00ea Internacional, Florian\u00f3polis (SC)<\/p>\n<p>Parador 12 (P12), em frente ao Clube 12 de Agosto<\/p>\n<p>27\/05<\/p>\n<p>9 h\/19 h \u2013 EXPO IRONMAN \u2013 P12<\/p>\n<p>9 h\/18 h \u2013 Entrega de Kits (hor\u00e1rio agendado no site e assinar o Termo M\u00e9dico) \u2013 P12<\/p>\n<p>11 h\/12 h \u2013 Plant\u00e3o de D\u00favidas do Congresso T\u00e9cnico com os diretores e prova \u2013 SAC (P12)<\/p>\n<p>28\/05<\/p>\n<p>9 h\/ 19 h \u2013 EXPO IRONMAN \u2013 P12<\/p>\n<p>9 h \u2013 IRONKIDS \u2013 Clube 12 de Agosto<\/p>\n<p>9 h \/ 12 h \u2013 Entrega de Kits (hor\u00e1rio agendado no site e assinar o Termo M\u00e9dico) \u2013 P12<\/p>\n<p>11 h \/12 h \u2013 Plant\u00e3o de D\u00favidas do Congresso T\u00e9cnico com os diretores e prova \u2013 SAC (P12)<\/p>\n<p>13 h \/20 h \u2013 Bike Check-in (de acordo com n\u00famero de peito) \u2013 Transi\u00e7\u00e3o Clube 12 de Agosto<\/p>\n<p>13 h \u2013 14 h &#8211; # 2001 \u2013 2400<\/p>\n<p>14h01 \u2013 15 h &#8211; # 1701 \u2013 2000<\/p>\n<p>15h01 \u2013 16 h &#8211; # 1201 \u2013 1700<\/p>\n<p>16h01 \u2013 17 h &#8211; # 0901 \u2013 1200<\/p>\n<p>17h01 \u2013 18 h &#8211; # 0601 \u2013 0900<\/p>\n<p>18h01 \u2013 19 h &#8211; # 0301 \u2013 0600<\/p>\n<p>19h01 \u2013 20 h &#8211; # 0001 \u2013 0300<\/p>\n<p>29\/05<\/p>\n<p>8 h \/ 20 h \u2013 EXPO IRONMAN \u2013 P12<\/p>\n<p>8 h \/22 h \u2013 Loja Oficial \u2013 EXPO<\/p>\n<p>4h30\/6h30 \u2013 Acesso dos atletas \u00e0 \u00c1rea de Transi\u00e7\u00e3o \u2013 Transi\u00e7\u00e3o (Clube 12 de Agosto)<\/p>\n<p>6h40 \u2013 Largada Elite Masculina<\/p>\n<p>6h45 \u2013 Largada Elite Feminina<\/p>\n<p>6h55\/7h28 \u2013 Largada Amadores (rolling start)<\/p>\n<p>18h10\/1 h \u2013 Bike e Sacolas Check-out \u2013 Transi\u00e7\u00e3o (Clube 12 de Agosto)<\/p>\n<p>30\/05<\/p>\n<p>9 h\/ 14 h \u2013 EXPO IRONMAN \u2013 Clube 12 de Agosto<\/p>\n<p>9 h\/12 h \u2013 Achados e Perdidos \u2013 Clube 12 de Agosto<\/p>\n<p>10 h \u2013 Premia\u00e7\u00e3o \u2013 Clube 12 de Agosto<\/p>\n<p>11h30 \u2013 Confirma\u00e7\u00e3o dos classificados para o IRONMAN World Championship<\/p>\n<p>Mais informa\u00e7\u00f5es no site oficial, <a href=\"http:\/\/www.ironmanbrasil.com.br\">www.ironmanbrasil.com.br<\/a><\/p>\n","protected":false},"excerpt":{"rendered":"<p>Ita\u00fa BBA IRONMAN Brasil: Com a largada a partir das 6h40 de domingo, em Jurer\u00ea Internacional, o Ita\u00fa BBA IRONMAN Brasil marca seu retorno ap\u00f3s tr\u00eas anos de espera, provocada pela pandemia da Covid-19. Ser\u00e1 um retorno especial, j\u00e1 que o evento comemorar\u00e1 sua 20\u00aa edi\u00e7\u00e3o, reunindo triatletas profissionais e amadores de 34 pa\u00edses. Os<\/p>\n","protected":false},"author":21,"featured_media":0,"comment_status":"open","ping_status":"closed","sticky":false,"template":"","format":"standard","meta":{"om_disable_all_campaigns":false,"_monsterinsights_skip_tracking":false,"_monsterinsights_sitenote_active":false,"_monsterinsights_sitenote_note":"","_monsterinsights_sitenote_category":0,"footnotes":""},"categories":[56,30],"tags":[735,41,782,1115],"class_list":{"0":"post-13450","1":"post","2":"type-post","3":"status-publish","4":"format-standard","6":"category-eventos","7":"category-noticias","8":"tag-chelso","9":"tag-chelso-sports","10":"tag-ironman","11":"tag-ironman-brasil"},"aioseo_notices":[],"yoast_head":"<!-- This site is optimized with the Yoast SEO plugin v27.5 - https:\/\/yoast.com\/product\/yoast-seo-wordpress\/ -->\n<title>Ita\u00fa BBA IRONMAN Brasil: destaques nacionais falam sobre a expectativa para o domingo - Portal Chelso Sports<\/title>\n<meta name=\"description\" content=\"Ita\u00fa BBA IRONMAN Brasil! Com a largada a partir das 6h40 de domingo, prova marca seu retorno ap\u00f3s tr\u00eas anos de espera na capital catarinense\" \/>\n<meta name=\"robots\" content=\"index, follow, max-snippet:-1, max-image-preview:large, max-video-preview:-1\" \/>\n<link rel=\"canonical\" href=\"https:\/\/chelso.com.br\/site\/itau-bba-ironman-brasil\/\" \/>\n<meta property=\"og:locale\" content=\"pt_BR\" \/>\n<meta property=\"og:type\" content=\"article\" \/>\n<meta property=\"og:title\" content=\"Ita\u00fa BBA IRONMAN Brasil: destaques nacionais falam sobre a expectativa para o domingo - Portal Chelso Sports\" \/>\n<meta property=\"og:description\" content=\"Ita\u00fa BBA IRONMAN Brasil! Com a largada a partir das 6h40 de domingo, prova marca seu retorno ap\u00f3s tr\u00eas anos de espera na capital catarinense\" \/>\n<meta property=\"og:url\" content=\"https:\/\/chelso.com.br\/site\/itau-bba-ironman-brasil\/\" \/>\n<meta property=\"og:site_name\" content=\"Portal Chelso Sports\" \/>\n<meta property=\"article:published_time\" content=\"2022-05-26T22:35:04+00:00\" \/>\n<meta property=\"og:image\" content=\"https:\/\/chelso.com.br\/site\/wp-content\/uploads\/2022\/05\/407447_1014914_igorbike.jpg\" \/>\n\t<meta property=\"og:image:width\" content=\"1280\" \/>\n\t<meta property=\"og:image:height\" content=\"853\" \/>\n\t<meta property=\"og:image:type\" content=\"image\/jpeg\" \/>\n<meta name=\"author\" content=\"Chelso\" \/>\n<meta name=\"twitter:card\" content=\"summary_large_image\" \/>\n<meta name=\"twitter:label1\" content=\"Escrito por\" \/>\n\t<meta name=\"twitter:data1\" content=\"Chelso\" \/>\n\t<meta name=\"twitter:label2\" content=\"Est. tempo de leitura\" \/>\n\t<meta name=\"twitter:data2\" content=\"4 minutos\" \/>\n<script type=\"application\/ld+json\" class=\"yoast-schema-graph\">{\"@context\":\"https:\\\/\\\/schema.org\",\"@graph\":[{\"@type\":\"Article\",\"@id\":\"https:\\\/\\\/chelso.com.br\\\/site\\\/itau-bba-ironman-brasil\\\/#article\",\"isPartOf\":{\"@id\":\"https:\\\/\\\/chelso.com.br\\\/site\\\/itau-bba-ironman-brasil\\\/\"},\"author\":{\"name\":\"Chelso\",\"@id\":\"https:\\\/\\\/chelso.com.br\\\/site\\\/#\\\/schema\\\/person\\\/06bf484f0ccbb71d4fd2128d594e1d0a\"},\"headline\":\"Ita\u00fa BBA IRONMAN Brasil: destaques nacionais falam sobre a expectativa para o domingo\",\"datePublished\":\"2022-05-26T22:35:04+00:00\",\"mainEntityOfPage\":{\"@id\":\"https:\\\/\\\/chelso.com.br\\\/site\\\/itau-bba-ironman-brasil\\\/\"},\"wordCount\":626,\"commentCount\":0,\"keywords\":[\"Chelso\",\"chelso sports\",\"Ironman\",\"Ironman Brasil\"],\"articleSection\":[\"Eventos\",\"Not\u00edcias\"],\"inLanguage\":\"pt-BR\",\"potentialAction\":[{\"@type\":\"CommentAction\",\"name\":\"Comment\",\"target\":[\"https:\\\/\\\/chelso.com.br\\\/site\\\/itau-bba-ironman-brasil\\\/#respond\"]}]},{\"@type\":\"WebPage\",\"@id\":\"https:\\\/\\\/chelso.com.br\\\/site\\\/itau-bba-ironman-brasil\\\/\",\"url\":\"https:\\\/\\\/chelso.com.br\\\/site\\\/itau-bba-ironman-brasil\\\/\",\"name\":\"Ita\u00fa BBA IRONMAN Brasil: destaques nacionais falam sobre a expectativa para o domingo - Portal Chelso Sports\",\"isPartOf\":{\"@id\":\"https:\\\/\\\/chelso.com.br\\\/site\\\/#website\"},\"datePublished\":\"2022-05-26T22:35:04+00:00\",\"author\":{\"@id\":\"https:\\\/\\\/chelso.com.br\\\/site\\\/#\\\/schema\\\/person\\\/06bf484f0ccbb71d4fd2128d594e1d0a\"},\"description\":\"Ita\u00fa BBA IRONMAN Brasil! Com a largada a partir das 6h40 de domingo, prova marca seu retorno ap\u00f3s tr\u00eas anos de espera na capital catarinense\",\"breadcrumb\":{\"@id\":\"https:\\\/\\\/chelso.com.br\\\/site\\\/itau-bba-ironman-brasil\\\/#breadcrumb\"},\"inLanguage\":\"pt-BR\",\"potentialAction\":[{\"@type\":\"ReadAction\",\"target\":[\"https:\\\/\\\/chelso.com.br\\\/site\\\/itau-bba-ironman-brasil\\\/\"]}]},{\"@type\":\"BreadcrumbList\",\"@id\":\"https:\\\/\\\/chelso.com.br\\\/site\\\/itau-bba-ironman-brasil\\\/#breadcrumb\",\"itemListElement\":[{\"@type\":\"ListItem\",\"position\":1,\"name\":\"In\u00edcio\",\"item\":\"https:\\\/\\\/chelso.com.br\\\/site\\\/\"},{\"@type\":\"ListItem\",\"position\":2,\"name\":\"Ita\u00fa BBA IRONMAN Brasil: destaques nacionais falam sobre a expectativa para o domingo\"}]},{\"@type\":\"WebSite\",\"@id\":\"https:\\\/\\\/chelso.com.br\\\/site\\\/#website\",\"url\":\"https:\\\/\\\/chelso.com.br\\\/site\\\/\",\"name\":\"Portal Chelso Sports\",\"description\":\"Conte\u00fado especializado em corrida de rua e triathlon\",\"potentialAction\":[{\"@type\":\"SearchAction\",\"target\":{\"@type\":\"EntryPoint\",\"urlTemplate\":\"https:\\\/\\\/chelso.com.br\\\/site\\\/?s={search_term_string}\"},\"query-input\":{\"@type\":\"PropertyValueSpecification\",\"valueRequired\":true,\"valueName\":\"search_term_string\"}}],\"inLanguage\":\"pt-BR\"},{\"@type\":\"Person\",\"@id\":\"https:\\\/\\\/chelso.com.br\\\/site\\\/#\\\/schema\\\/person\\\/06bf484f0ccbb71d4fd2128d594e1d0a\",\"name\":\"Chelso\",\"image\":{\"@type\":\"ImageObject\",\"inLanguage\":\"pt-BR\",\"@id\":\"https:\\\/\\\/chelso.com.br\\\/site\\\/wp-content\\\/uploads\\\/2025\\\/04\\\/Perfil20192-150x149.png\",\"url\":\"https:\\\/\\\/chelso.com.br\\\/site\\\/wp-content\\\/uploads\\\/2025\\\/04\\\/Perfil20192-150x149.png\",\"contentUrl\":\"https:\\\/\\\/chelso.com.br\\\/site\\\/wp-content\\\/uploads\\\/2025\\\/04\\\/Perfil20192-150x149.png\",\"caption\":\"Chelso\"},\"sameAs\":[\"http:\\\/\\\/www.chelso.com.br\"],\"url\":\"https:\\\/\\\/chelso.com.br\\\/site\\\/author\\\/maryblog\\\/\"}]}<\/script>\n<!-- \/ Yoast SEO plugin. -->","yoast_head_json":{"title":"Ita\u00fa BBA IRONMAN Brasil: destaques nacionais falam sobre a expectativa para o domingo - Portal Chelso Sports","description":"Ita\u00fa BBA IRONMAN Brasil! Com a largada a partir das 6h40 de domingo, prova marca seu retorno ap\u00f3s tr\u00eas anos de espera na capital catarinense","robots":{"index":"index","follow":"follow","max-snippet":"max-snippet:-1","max-image-preview":"max-image-preview:large","max-video-preview":"max-video-preview:-1"},"canonical":"https:\/\/chelso.com.br\/site\/itau-bba-ironman-brasil\/","og_locale":"pt_BR","og_type":"article","og_title":"Ita\u00fa BBA IRONMAN Brasil: destaques nacionais falam sobre a expectativa para o domingo - Portal Chelso Sports","og_description":"Ita\u00fa BBA IRONMAN Brasil! Com a largada a partir das 6h40 de domingo, prova marca seu retorno ap\u00f3s tr\u00eas anos de espera na capital catarinense","og_url":"https:\/\/chelso.com.br\/site\/itau-bba-ironman-brasil\/","og_site_name":"Portal Chelso Sports","article_published_time":"2022-05-26T22:35:04+00:00","og_image":[{"width":1280,"height":853,"url":"https:\/\/chelso.com.br\/site\/wp-content\/uploads\/2022\/05\/407447_1014914_igorbike.jpg","type":"image\/jpeg"}],"author":"Chelso","twitter_card":"summary_large_image","twitter_misc":{"Escrito por":"Chelso","Est. tempo de leitura":"4 minutos"},"schema":{"@context":"https:\/\/schema.org","@graph":[{"@type":"Article","@id":"https:\/\/chelso.com.br\/site\/itau-bba-ironman-brasil\/#article","isPartOf":{"@id":"https:\/\/chelso.com.br\/site\/itau-bba-ironman-brasil\/"},"author":{"name":"Chelso","@id":"https:\/\/chelso.com.br\/site\/#\/schema\/person\/06bf484f0ccbb71d4fd2128d594e1d0a"},"headline":"Ita\u00fa BBA IRONMAN Brasil: destaques nacionais falam sobre a expectativa para o domingo","datePublished":"2022-05-26T22:35:04+00:00","mainEntityOfPage":{"@id":"https:\/\/chelso.com.br\/site\/itau-bba-ironman-brasil\/"},"wordCount":626,"commentCount":0,"keywords":["Chelso","chelso sports","Ironman","Ironman Brasil"],"articleSection":["Eventos","Not\u00edcias"],"inLanguage":"pt-BR","potentialAction":[{"@type":"CommentAction","name":"Comment","target":["https:\/\/chelso.com.br\/site\/itau-bba-ironman-brasil\/#respond"]}]},{"@type":"WebPage","@id":"https:\/\/chelso.com.br\/site\/itau-bba-ironman-brasil\/","url":"https:\/\/chelso.com.br\/site\/itau-bba-ironman-brasil\/","name":"Ita\u00fa BBA IRONMAN Brasil: destaques nacionais falam sobre a expectativa para o domingo - Portal Chelso Sports","isPartOf":{"@id":"https:\/\/chelso.com.br\/site\/#website"},"datePublished":"2022-05-26T22:35:04+00:00","author":{"@id":"https:\/\/chelso.com.br\/site\/#\/schema\/person\/06bf484f0ccbb71d4fd2128d594e1d0a"},"description":"Ita\u00fa BBA IRONMAN Brasil! Com a largada a partir das 6h40 de domingo, prova marca seu retorno ap\u00f3s tr\u00eas anos de espera na capital catarinense","breadcrumb":{"@id":"https:\/\/chelso.com.br\/site\/itau-bba-ironman-brasil\/#breadcrumb"},"inLanguage":"pt-BR","potentialAction":[{"@type":"ReadAction","target":["https:\/\/chelso.com.br\/site\/itau-bba-ironman-brasil\/"]}]},{"@type":"BreadcrumbList","@id":"https:\/\/chelso.com.br\/site\/itau-bba-ironman-brasil\/#breadcrumb","itemListElement":[{"@type":"ListItem","position":1,"name":"In\u00edcio","item":"https:\/\/chelso.com.br\/site\/"},{"@type":"ListItem","position":2,"name":"Ita\u00fa BBA IRONMAN Brasil: destaques nacionais falam sobre a expectativa para o domingo"}]},{"@type":"WebSite","@id":"https:\/\/chelso.com.br\/site\/#website","url":"https:\/\/chelso.com.br\/site\/","name":"Portal Chelso Sports","description":"Conte\u00fado especializado em corrida de rua e triathlon","potentialAction":[{"@type":"SearchAction","target":{"@type":"EntryPoint","urlTemplate":"https:\/\/chelso.com.br\/site\/?s={search_term_string}"},"query-input":{"@type":"PropertyValueSpecification","valueRequired":true,"valueName":"search_term_string"}}],"inLanguage":"pt-BR"},{"@type":"Person","@id":"https:\/\/chelso.com.br\/site\/#\/schema\/person\/06bf484f0ccbb71d4fd2128d594e1d0a","name":"Chelso","image":{"@type":"ImageObject","inLanguage":"pt-BR","@id":"https:\/\/chelso.com.br\/site\/wp-content\/uploads\/2025\/04\/Perfil20192-150x149.png","url":"https:\/\/chelso.com.br\/site\/wp-content\/uploads\/2025\/04\/Perfil20192-150x149.png","contentUrl":"https:\/\/chelso.com.br\/site\/wp-content\/uploads\/2025\/04\/Perfil20192-150x149.png","caption":"Chelso"},"sameAs":["http:\/\/www.chelso.com.br"],"url":"https:\/\/chelso.com.br\/site\/author\/maryblog\/"}]}},"amp_enabled":true,"_links":{"self":[{"href":"https:\/\/chelso.com.br\/site\/wp-json\/wp\/v2\/posts\/13450","targetHints":{"allow":["GET"]}}],"collection":[{"href":"https:\/\/chelso.com.br\/site\/wp-json\/wp\/v2\/posts"}],"about":[{"href":"https:\/\/chelso.com.br\/site\/wp-json\/wp\/v2\/types\/post"}],"author":[{"embeddable":true,"href":"https:\/\/chelso.com.br\/site\/wp-json\/wp\/v2\/users\/21"}],"replies":[{"embeddable":true,"href":"https:\/\/chelso.com.br\/site\/wp-json\/wp\/v2\/comments?post=13450"}],"version-history":[{"count":1,"href":"https:\/\/chelso.com.br\/site\/wp-json\/wp\/v2\/posts\/13450\/revisions"}],"predecessor-version":[{"id":13452,"href":"https:\/\/chelso.com.br\/site\/wp-json\/wp\/v2\/posts\/13450\/revisions\/13452"}],"wp:attachment":[{"href":"https:\/\/chelso.com.br\/site\/wp-json\/wp\/v2\/media?parent=13450"}],"wp:term":[{"taxonomy":"category","embeddable":true,"href":"https:\/\/chelso.com.br\/site\/wp-json\/wp\/v2\/categories?post=13450"},{"taxonomy":"post_tag","embeddable":true,"href":"https:\/\/chelso.com.br\/site\/wp-json\/wp\/v2\/tags?post=13450"}],"curies":[{"name":"wp","href":"https:\/\/api.w.org\/{rel}","templated":true}]}}