{"id":13912,"date":"2022-06-24T21:50:00","date_gmt":"2022-06-25T00:50:00","guid":{"rendered":"https:\/\/chelso.com.br\/site\/?p=13912"},"modified":"2022-06-26T09:56:34","modified_gmt":"2022-06-26T12:56:34","slug":"asics-lanca-as-novas-versoes-do-metaspeed","status":"publish","type":"post","link":"https:\/\/chelso.com.br\/site\/asics-lanca-as-novas-versoes-do-metaspeed\/","title":{"rendered":"Asics lan\u00e7a as novas vers\u00f5es do Metaspeed"},"content":{"rendered":"<p><strong>Asics lan\u00e7a as novas vers\u00f5es do Metaspeed. <\/strong>A Asics est\u00e1 lan\u00e7ando as novas vers\u00f5es do t\u00eanis de corrida Metaspeed. Os modelos t\u00eam maior sofistica\u00e7\u00e3o em sua tecnologia, proporcionando mais conforto, estabilidade e amortecimento, e foram apresentados no evento Asics Meta: Time: Trials, realizado em M\u00e1laga, na Espanha.<\/p>\n<p><a href=\"https:\/\/chelso.com.br\/site\/provas-presenciais\/\">Saiba mais sobre o nosso calend\u00e1rio de provas presenciais.<\/a><\/p>\n<h2><strong>Asics lan\u00e7a as novas vers\u00f5es do Metaspeed<\/strong><\/h2>\n<p>A primeira edi\u00e7\u00e3o do Metaspeed foi lan\u00e7ada em 2021 e as atualiza\u00e7\u00f5es para 2022 dos modelos apresenta agora o Metaspeed Sky+ e Metaspeed Edge+. A Asics utilizou dados obtidos em competi\u00e7\u00f5es dos seus atletas de elite para refinar o design do produto e atender aos dois principais estilos de corrida (stride e cad\u00eancia), garantindo aos atletas melhor performance pela capacidade de adapta\u00e7\u00e3o \u00e0s necessidades espec\u00edficas de cada tipo de corrida.<\/p>\n<p>Desde seu lan\u00e7amento, os t\u00eanis da linha Metaspeed tem ajudado corredores de elite no desempenho e conquista em grandes competi\u00e7\u00f5es internacionais, incluindo medalhas de ouro no triathlon masculino e feminino nas Olimp\u00edadas de T\u00f3quio 2020, al\u00e9m de estar presente em mais de 200 recordes pessoais.<\/p>\n<blockquote class=\"instagram-media\" style=\"background: #FFF; border: 0; border-radius: 3px; box-shadow: 0 0 1px 0 rgba(0,0,0,0.5),0 1px 10px 0 rgba(0,0,0,0.15); margin: 1px; max-width: 540px; min-width: 326px; padding: 0; width: calc(100% - 2px);\" data-instgrm-captioned=\"\" data-instgrm-permalink=\"https:\/\/www.instagram.com\/reel\/Ce1L9FXuw8G\/?utm_source=ig_embed&amp;utm_campaign=loading\" data-instgrm-version=\"14\">\n<div style=\"padding: 16px;\">\n<p>&nbsp;<\/p>\n<div style=\"display: flex; flex-direction: row; align-items: center;\">\n<div style=\"background-color: #f4f4f4; border-radius: 50%; flex-grow: 0; height: 40px; margin-right: 14px; width: 40px;\"><\/div>\n<div style=\"display: flex; flex-direction: column; flex-grow: 1; justify-content: center;\">\n<div style=\"background-color: #f4f4f4; border-radius: 4px; flex-grow: 0; height: 14px; margin-bottom: 6px; width: 100px;\"><\/div>\n<div style=\"background-color: #f4f4f4; border-radius: 4px; flex-grow: 0; height: 14px; width: 60px;\"><\/div>\n<\/div>\n<\/div>\n<div style=\"padding: 19% 0;\"><\/div>\n<div style=\"display: block; height: 50px; margin: 0 auto 12px; width: 50px;\"><\/div>\n<div style=\"padding-top: 8px;\">\n<div style=\"color: #3897f0; font-family: Arial,sans-serif; font-size: 14px; font-style: normal; font-weight: 550; line-height: 18px;\">Ver essa foto no Instagram<\/div>\n<\/div>\n<div style=\"padding: 12.5% 0;\"><\/div>\n<div style=\"display: flex; flex-direction: row; margin-bottom: 14px; align-items: center;\">\n<div>\n<div style=\"background-color: #f4f4f4; border-radius: 50%; height: 12.5px; width: 12.5px; transform: translateX(0px) translateY(7px);\"><\/div>\n<div style=\"background-color: #f4f4f4; height: 12.5px; transform: rotate(-45deg) translateX(3px) translateY(1px); width: 12.5px; flex-grow: 0; margin-right: 14px; margin-left: 2px;\"><\/div>\n<div style=\"background-color: #f4f4f4; border-radius: 50%; height: 12.5px; width: 12.5px; transform: translateX(9px) translateY(-18px);\"><\/div>\n<\/div>\n<div style=\"margin-left: 8px;\">\n<div style=\"background-color: #f4f4f4; border-radius: 50%; flex-grow: 0; height: 20px; width: 20px;\"><\/div>\n<div style=\"width: 0; height: 0; border-top: 2px solid transparent; border-left: 6px solid #f4f4f4; border-bottom: 2px solid transparent; transform: translateX(16px) translateY(-4px) rotate(30deg);\"><\/div>\n<\/div>\n<div style=\"margin-left: auto;\">\n<div style=\"width: 0px; border-top: 8px solid #F4F4F4; border-right: 8px solid transparent; transform: translateY(16px);\"><\/div>\n<div style=\"background-color: #f4f4f4; flex-grow: 0; height: 12px; width: 16px; transform: translateY(-4px);\"><\/div>\n<div style=\"width: 0; height: 0; border-top: 8px solid #F4F4F4; border-left: 8px solid transparent; transform: translateY(-4px) translateX(8px);\"><\/div>\n<\/div>\n<\/div>\n<div style=\"display: flex; flex-direction: column; flex-grow: 1; justify-content: center; margin-bottom: 24px;\">\n<div style=\"background-color: #f4f4f4; border-radius: 4px; flex-grow: 0; height: 14px; margin-bottom: 6px; width: 224px;\"><\/div>\n<div style=\"background-color: #f4f4f4; border-radius: 4px; flex-grow: 0; height: 14px; width: 144px;\"><\/div>\n<\/div>\n<p>&nbsp;<\/p>\n<p style=\"color: #c9c8cd; font-family: Arial,sans-serif; font-size: 14px; line-height: 17px; margin-bottom: 0; margin-top: 8px; overflow: hidden; padding: 8px 0 7px; text-align: center; text-overflow: ellipsis; white-space: nowrap;\"><a style=\"color: #c9c8cd; font-family: Arial,sans-serif; font-size: 14px; font-style: normal; font-weight: normal; line-height: 17px; text-decoration: none;\" href=\"https:\/\/www.instagram.com\/reel\/Ce1L9FXuw8G\/?utm_source=ig_embed&amp;utm_campaign=loading\" target=\"_blank\" rel=\"noopener\">Uma publica\u00e7\u00e3o compartilhada por ASICS (@asics)<\/a><\/p>\n<\/div>\n<\/blockquote>\n<p><script async src=\"\/\/www.instagram.com\/embed.js\"><\/script><\/p>\n<h2>Modelos desenvolvidos para corredores com estilos stride e cad\u00eancia<\/h2>\n<p>O design \u00fanico do modelo Metaspeed SKY+, para corredores stride, e o modelo Metaspeed Edge+, para atletas do estilo cad\u00eancia, continuam como principal foco dos insights dos cientistas do Instituto de Ci\u00eancias do Esporte da Asics (ISS, em ingl\u00eas): a performance dos atletas \u00e9 aprimorada quando correm com cal\u00e7ados que otimizam especificamente o seu estilo de corrida. Desta forma, a Asics criou atualiza\u00e7\u00f5es dos dois modelos para que todos tenham a oportunidade de um desempenho mais r\u00e1pido dentro do seu estilo escolhido.<\/p>\n<p>Ambos os modelos trazem um aumento na tecnologia FF Blast Turbo, presente na entressola, e um posicionamento mais direcionado das placas de carbono para garantir que os atletas elevem a dist\u00e2ncia da passada e ganhem um aumento de velocidade de uma maneira pr\u00f3xima ao natural do seu estilo de corrida.<\/p>\n<h2>Aumento na performance<\/h2>\n<p>Os cientistas do ISS foram capazes de medir os ganhos que estes avan\u00e7os nos dois novos modelos de Metaspeed trouxeram aos atletas de elite. A conclus\u00e3o foi feita a partir do uso dos t\u00eanis para os dois principais estilos de corrida e como resultado observaram um aumento positivo na performance.<\/p>\n<p>Testes iniciais j\u00e1 apresentavam que o Metaspeed Sky+ e o Edge+ aumentavam a economia do tempo gasto na corrida em mais de 2% ao ser comparado com outros modelos tradicionais de corrida da Asics, oferecendo a todos os corredores a oportunidade de superar seu pr\u00f3prio tempo recorde.<\/p>\n<p><iframe  id=\"_ytid_92156\"  width=\"788\" height=\"443\"  data-origwidth=\"788\" data-origheight=\"443\" src=\"https:\/\/www.youtube.com\/embed\/e2GHkZcVqPc?enablejsapi=1&#038;autoplay=0&#038;cc_load_policy=0&#038;cc_lang_pref=&#038;iv_load_policy=1&#038;loop=0&#038;rel=1&#038;fs=1&#038;playsinline=0&#038;autohide=2&#038;theme=dark&#038;color=red&#038;controls=1&#038;disablekb=0&#038;\" class=\"__youtube_prefs__  epyt-is-override  no-lazyload\" title=\"YouTube player\"  allow=\"fullscreen; accelerometer; autoplay; clipboard-write; encrypted-media; gyroscope; picture-in-picture; web-share\" referrerpolicy=\"strict-origin-when-cross-origin\" allowfullscreen data-no-lazy=\"1\" data-skipgform_ajax_framebjll=\"\"><\/iframe><\/p>\n<h2><strong>O Asics Metaspeed Sky+<\/strong><\/h2>\n<p>Desenhado para auxiliar corredores do tipo stride, os que d\u00e3o uma passada mais longa quando come\u00e7am a aumentar sua velocidade, aumentando tamb\u00e9m consideravelmente a dist\u00e2ncia da passada, o Metaspeed Sky+ possui tecnologia energ\u00e9tica FF Blast Turbo, localizada na entressola, al\u00e9m de uma placa de carbono propulsora, precisamente aplicada para um maior ganho de retorno no movimento. Os atletas que usam este modelo conseguem reter mais energia enquanto mant\u00eam seu ritmo durante as fases finais da corrida.<\/p>\n<h2>O Asics\u00a0<strong>Metaspeed Edge+<\/strong><\/h2>\n<p>O Metaspeed Edge+ foi pensado para ajudar corredores do tipo cad\u00eancia, que s\u00e3o os que apresentam passadas menores, por\u00e9m com ritmo mais r\u00e1pido, aumentando a dist\u00e2ncia percorrida enquanto permite um controle mais simples durante as corridas. Atletas que escolhem esse modelo experimentam uma r\u00e1pida sensa\u00e7\u00e3o de conforto e estabilidade sob os p\u00e9s, devido \u00e0 espuma energ\u00e9tica da entressola e a placa de carbono que gera propuls\u00e3o, aplicada para um movimento de ciclo da passada mais eficiente, permitindo que a passada seja alongada e conserve energia, enquanto controla o ritmo da corrida.<\/p>\n<blockquote class=\"instagram-media\" style=\"background: #FFF; border: 0; border-radius: 3px; box-shadow: 0 0 1px 0 rgba(0,0,0,0.5),0 1px 10px 0 rgba(0,0,0,0.15); margin: 1px; max-width: 540px; min-width: 326px; padding: 0; width: calc(100% - 2px);\" data-instgrm-captioned=\"\" data-instgrm-permalink=\"https:\/\/www.instagram.com\/p\/Ce8j6QyOPsW\/?utm_source=ig_embed&amp;utm_campaign=loading\" data-instgrm-version=\"14\">\n<div style=\"padding: 16px;\">\n<p>&nbsp;<\/p>\n<div style=\"display: flex; flex-direction: row; align-items: center;\">\n<div style=\"background-color: #f4f4f4; border-radius: 50%; flex-grow: 0; height: 40px; margin-right: 14px; width: 40px;\"><\/div>\n<div style=\"display: flex; flex-direction: column; flex-grow: 1; justify-content: center;\">\n<div style=\"background-color: #f4f4f4; border-radius: 4px; flex-grow: 0; height: 14px; margin-bottom: 6px; width: 100px;\"><\/div>\n<div style=\"background-color: #f4f4f4; border-radius: 4px; flex-grow: 0; height: 14px; width: 60px;\"><\/div>\n<\/div>\n<\/div>\n<div style=\"padding: 19% 0;\"><\/div>\n<div style=\"display: block; height: 50px; margin: 0 auto 12px; width: 50px;\"><\/div>\n<div style=\"padding-top: 8px;\">\n<div style=\"color: #3897f0; font-family: Arial,sans-serif; font-size: 14px; font-style: normal; font-weight: 550; line-height: 18px;\">Ver essa foto no Instagram<\/div>\n<\/div>\n<div style=\"padding: 12.5% 0;\"><\/div>\n<div style=\"display: flex; flex-direction: row; margin-bottom: 14px; align-items: center;\">\n<div>\n<div style=\"background-color: #f4f4f4; border-radius: 50%; height: 12.5px; width: 12.5px; transform: translateX(0px) translateY(7px);\"><\/div>\n<div style=\"background-color: #f4f4f4; height: 12.5px; transform: rotate(-45deg) translateX(3px) translateY(1px); width: 12.5px; flex-grow: 0; margin-right: 14px; margin-left: 2px;\"><\/div>\n<div style=\"background-color: #f4f4f4; border-radius: 50%; height: 12.5px; width: 12.5px; transform: translateX(9px) translateY(-18px);\"><\/div>\n<\/div>\n<div style=\"margin-left: 8px;\">\n<div style=\"background-color: #f4f4f4; border-radius: 50%; flex-grow: 0; height: 20px; width: 20px;\"><\/div>\n<div style=\"width: 0; height: 0; border-top: 2px solid transparent; border-left: 6px solid #f4f4f4; border-bottom: 2px solid transparent; transform: translateX(16px) translateY(-4px) rotate(30deg);\"><\/div>\n<\/div>\n<div style=\"margin-left: auto;\">\n<div style=\"width: 0px; border-top: 8px solid #F4F4F4; border-right: 8px solid transparent; transform: translateY(16px);\"><\/div>\n<div style=\"background-color: #f4f4f4; flex-grow: 0; height: 12px; width: 16px; transform: translateY(-4px);\"><\/div>\n<div style=\"width: 0; height: 0; border-top: 8px solid #F4F4F4; border-left: 8px solid transparent; transform: translateY(-4px) translateX(8px);\"><\/div>\n<\/div>\n<\/div>\n<div style=\"display: flex; flex-direction: column; flex-grow: 1; justify-content: center; margin-bottom: 24px;\">\n<div style=\"background-color: #f4f4f4; border-radius: 4px; flex-grow: 0; height: 14px; margin-bottom: 6px; width: 224px;\"><\/div>\n<div style=\"background-color: #f4f4f4; border-radius: 4px; flex-grow: 0; height: 14px; width: 144px;\"><\/div>\n<\/div>\n<p>&nbsp;<\/p>\n<p style=\"color: #c9c8cd; font-family: Arial,sans-serif; font-size: 14px; line-height: 17px; margin-bottom: 0; margin-top: 8px; overflow: hidden; padding: 8px 0 7px; text-align: center; text-overflow: ellipsis; white-space: nowrap;\"><a style=\"color: #c9c8cd; font-family: Arial,sans-serif; font-size: 14px; font-style: normal; font-weight: normal; line-height: 17px; text-decoration: none;\" href=\"https:\/\/www.instagram.com\/p\/Ce8j6QyOPsW\/?utm_source=ig_embed&amp;utm_campaign=loading\" target=\"_blank\" rel=\"noopener\">Uma publica\u00e7\u00e3o compartilhada por ASICS (@asics)<\/a><\/p>\n<\/div>\n<\/blockquote>\n<p><script async src=\"\/\/www.instagram.com\/embed.js\"><\/script><\/p>\n<p>Os novos modelos da s\u00e9rie METASPEED\u2122+, que j\u00e1 est\u00e3o \u00e0 venda em lojas virtuais e f\u00edsicas, foram desenvolvidos e testados com alguns dos maiores atletas de alta performance do mundo, dentre eles os brasileiros Ederson Vilela, corredor de longa dist\u00e2ncia e medalhista de ouro nos 10.000m dos Jogos Pan-Americanos de 2019; Jeisson Suarez, maratonista colombiano multicampe\u00e3o que teve o seu\u00a0melhor tempo pessoal no Summit em M\u00e1laga; e a maratonista Valdilene dos Santos, \u00fanicos atletas do pa\u00eds a receberem em primeira m\u00e3o o novo modelo.<\/p>\n<h2>Preocupa\u00e7\u00e3o com a sustentabilidade<\/h2>\n<p>No campo da sustentabilidade, o uso de materiais reciclados e de baixa emiss\u00e3o de CO\u00b2, bem como de fontes de energia renov\u00e1vel, ajudam na meta da Asics de reduzir a emiss\u00e3o de CO\u00b2 para 63% em todas as opera\u00e7\u00f5es diretas e da cadeia de suprimentos at\u00e9 2030. Entre as iniciativas ambientais globais com as quais a empresa se comprometeu est\u00e3o a RE 100, que prev\u00ea o uso exclusivo de energia renov\u00e1vel em suas atividades, e o The Fashion Pact, que visa mitigar a mudan\u00e7a clim\u00e1tica, restaurar a biodiversidade e proteger os oceanos.<\/p>\n<p>A Asics, por meio da plataforma\u00a0<a href=\"https:\/\/minduplifter.asics.com\/\" target=\"_blank\" rel=\"noreferrer noopener\">Mind Uplifter<\/a>, tamb\u00e9m est\u00e1 permitindo que atletas em todo o mundo vejam, pela primeira vez, o impacto do movimento em suas pr\u00f3prias mentes. Usando uma combina\u00e7\u00e3o de tecnologia de escaneamento facial e coleta de dados de autorrelato, as pessoas ser\u00e3o capazes de capturar o impacto do esporte em dez m\u00e9tricas emocionais e cognitivas \u2013 incluindo confian\u00e7a, positividade, calma e foco \u2013 para ver como diferentes esportes impactam como pensam e sentem.<\/p>\n<div class=\"wp-container-1 wp-block-buttons\"><\/div>\n","protected":false},"excerpt":{"rendered":"<p>Asics lan\u00e7a as novas vers\u00f5es do Metaspeed. A Asics est\u00e1 lan\u00e7ando as novas vers\u00f5es do t\u00eanis de corrida Metaspeed. Os modelos t\u00eam maior sofistica\u00e7\u00e3o em sua tecnologia, proporcionando mais conforto, estabilidade e amortecimento, e foram apresentados no evento Asics Meta: Time: Trials, realizado em M\u00e1laga, na Espanha. Saiba mais sobre o nosso calend\u00e1rio de provas<\/p>\n","protected":false},"author":21,"featured_media":0,"comment_status":"open","ping_status":"closed","sticky":false,"template":"","format":"standard","meta":{"om_disable_all_campaigns":false,"_monsterinsights_skip_tracking":false,"_monsterinsights_sitenote_active":false,"_monsterinsights_sitenote_note":"","_monsterinsights_sitenote_category":0,"footnotes":""},"categories":[89,30],"tags":[878,735,41,1340,123],"class_list":{"0":"post-13912","1":"post","2":"type-post","3":"status-publish","4":"format-standard","6":"category-dicas","7":"category-noticias","8":"tag-asics","9":"tag-chelso","10":"tag-chelso-sports","11":"tag-meta-speed","12":"tag-run"},"aioseo_notices":[],"yoast_head":"<!-- This site is optimized with the Yoast SEO plugin v27.5 - https:\/\/yoast.com\/product\/yoast-seo-wordpress\/ -->\n<title>Asics lan\u00e7a as novas vers\u00f5es do Metaspeed - Portal Chelso Sports<\/title>\n<meta name=\"description\" content=\"Asics lan\u00e7a as novas vers\u00f5es do Metaspeed. Novos modelos foram apresentados no evento Asics Meta: Time: Trials, realizado na Espanha\" \/>\n<meta name=\"robots\" content=\"index, follow, max-snippet:-1, max-image-preview:large, max-video-preview:-1\" \/>\n<link rel=\"canonical\" href=\"https:\/\/chelso.com.br\/site\/asics-lanca-as-novas-versoes-do-metaspeed\/\" \/>\n<meta property=\"og:locale\" content=\"pt_BR\" \/>\n<meta property=\"og:type\" content=\"article\" \/>\n<meta property=\"og:title\" content=\"Asics lan\u00e7a as novas vers\u00f5es do Metaspeed - Portal Chelso Sports\" \/>\n<meta property=\"og:description\" content=\"Asics lan\u00e7a as novas vers\u00f5es do Metaspeed. Novos modelos foram apresentados no evento Asics Meta: Time: Trials, realizado na Espanha\" \/>\n<meta property=\"og:url\" content=\"https:\/\/chelso.com.br\/site\/asics-lanca-as-novas-versoes-do-metaspeed\/\" \/>\n<meta property=\"og:site_name\" content=\"Portal Chelso Sports\" \/>\n<meta property=\"article:published_time\" content=\"2022-06-25T00:50:00+00:00\" \/>\n<meta property=\"article:modified_time\" content=\"2022-06-26T12:56:34+00:00\" \/>\n<meta property=\"og:image\" content=\"https:\/\/chelso.com.br\/site\/wp-content\/uploads\/2022\/06\/MetaSpeed.png\" \/>\n\t<meta property=\"og:image:width\" content=\"676\" \/>\n\t<meta property=\"og:image:height\" content=\"380\" \/>\n\t<meta property=\"og:image:type\" content=\"image\/png\" \/>\n<meta name=\"author\" content=\"Chelso\" \/>\n<meta name=\"twitter:card\" content=\"summary_large_image\" \/>\n<meta name=\"twitter:label1\" content=\"Escrito por\" \/>\n\t<meta name=\"twitter:data1\" content=\"Chelso\" \/>\n\t<meta name=\"twitter:label2\" content=\"Est. tempo de leitura\" \/>\n\t<meta name=\"twitter:data2\" content=\"5 minutos\" \/>\n<script type=\"application\/ld+json\" class=\"yoast-schema-graph\">{\"@context\":\"https:\\\/\\\/schema.org\",\"@graph\":[{\"@type\":\"Article\",\"@id\":\"https:\\\/\\\/chelso.com.br\\\/site\\\/asics-lanca-as-novas-versoes-do-metaspeed\\\/#article\",\"isPartOf\":{\"@id\":\"https:\\\/\\\/chelso.com.br\\\/site\\\/asics-lanca-as-novas-versoes-do-metaspeed\\\/\"},\"author\":{\"name\":\"Chelso\",\"@id\":\"https:\\\/\\\/chelso.com.br\\\/site\\\/#\\\/schema\\\/person\\\/06bf484f0ccbb71d4fd2128d594e1d0a\"},\"headline\":\"Asics lan\u00e7a as novas vers\u00f5es do Metaspeed\",\"datePublished\":\"2022-06-25T00:50:00+00:00\",\"dateModified\":\"2022-06-26T12:56:34+00:00\",\"mainEntityOfPage\":{\"@id\":\"https:\\\/\\\/chelso.com.br\\\/site\\\/asics-lanca-as-novas-versoes-do-metaspeed\\\/\"},\"wordCount\":960,\"commentCount\":0,\"keywords\":[\"Asics\",\"Chelso\",\"chelso sports\",\"Meta Speed\",\"Run\"],\"articleSection\":[\"Dicas\",\"Not\u00edcias\"],\"inLanguage\":\"pt-BR\",\"potentialAction\":[{\"@type\":\"CommentAction\",\"name\":\"Comment\",\"target\":[\"https:\\\/\\\/chelso.com.br\\\/site\\\/asics-lanca-as-novas-versoes-do-metaspeed\\\/#respond\"]}]},{\"@type\":\"WebPage\",\"@id\":\"https:\\\/\\\/chelso.com.br\\\/site\\\/asics-lanca-as-novas-versoes-do-metaspeed\\\/\",\"url\":\"https:\\\/\\\/chelso.com.br\\\/site\\\/asics-lanca-as-novas-versoes-do-metaspeed\\\/\",\"name\":\"Asics lan\u00e7a as novas vers\u00f5es do Metaspeed - Portal Chelso Sports\",\"isPartOf\":{\"@id\":\"https:\\\/\\\/chelso.com.br\\\/site\\\/#website\"},\"datePublished\":\"2022-06-25T00:50:00+00:00\",\"dateModified\":\"2022-06-26T12:56:34+00:00\",\"author\":{\"@id\":\"https:\\\/\\\/chelso.com.br\\\/site\\\/#\\\/schema\\\/person\\\/06bf484f0ccbb71d4fd2128d594e1d0a\"},\"description\":\"Asics lan\u00e7a as novas vers\u00f5es do Metaspeed. Novos modelos foram apresentados no evento Asics Meta: Time: Trials, realizado na Espanha\",\"breadcrumb\":{\"@id\":\"https:\\\/\\\/chelso.com.br\\\/site\\\/asics-lanca-as-novas-versoes-do-metaspeed\\\/#breadcrumb\"},\"inLanguage\":\"pt-BR\",\"potentialAction\":[{\"@type\":\"ReadAction\",\"target\":[\"https:\\\/\\\/chelso.com.br\\\/site\\\/asics-lanca-as-novas-versoes-do-metaspeed\\\/\"]}]},{\"@type\":\"BreadcrumbList\",\"@id\":\"https:\\\/\\\/chelso.com.br\\\/site\\\/asics-lanca-as-novas-versoes-do-metaspeed\\\/#breadcrumb\",\"itemListElement\":[{\"@type\":\"ListItem\",\"position\":1,\"name\":\"In\u00edcio\",\"item\":\"https:\\\/\\\/chelso.com.br\\\/site\\\/\"},{\"@type\":\"ListItem\",\"position\":2,\"name\":\"Asics lan\u00e7a as novas vers\u00f5es do Metaspeed\"}]},{\"@type\":\"WebSite\",\"@id\":\"https:\\\/\\\/chelso.com.br\\\/site\\\/#website\",\"url\":\"https:\\\/\\\/chelso.com.br\\\/site\\\/\",\"name\":\"Portal Chelso Sports\",\"description\":\"Conte\u00fado especializado em corrida de rua e triathlon\",\"potentialAction\":[{\"@type\":\"SearchAction\",\"target\":{\"@type\":\"EntryPoint\",\"urlTemplate\":\"https:\\\/\\\/chelso.com.br\\\/site\\\/?s={search_term_string}\"},\"query-input\":{\"@type\":\"PropertyValueSpecification\",\"valueRequired\":true,\"valueName\":\"search_term_string\"}}],\"inLanguage\":\"pt-BR\"},{\"@type\":\"Person\",\"@id\":\"https:\\\/\\\/chelso.com.br\\\/site\\\/#\\\/schema\\\/person\\\/06bf484f0ccbb71d4fd2128d594e1d0a\",\"name\":\"Chelso\",\"image\":{\"@type\":\"ImageObject\",\"inLanguage\":\"pt-BR\",\"@id\":\"https:\\\/\\\/chelso.com.br\\\/site\\\/wp-content\\\/uploads\\\/2025\\\/04\\\/Perfil20192-150x149.png\",\"url\":\"https:\\\/\\\/chelso.com.br\\\/site\\\/wp-content\\\/uploads\\\/2025\\\/04\\\/Perfil20192-150x149.png\",\"contentUrl\":\"https:\\\/\\\/chelso.com.br\\\/site\\\/wp-content\\\/uploads\\\/2025\\\/04\\\/Perfil20192-150x149.png\",\"caption\":\"Chelso\"},\"sameAs\":[\"http:\\\/\\\/www.chelso.com.br\"],\"url\":\"https:\\\/\\\/chelso.com.br\\\/site\\\/author\\\/maryblog\\\/\"}]}<\/script>\n<!-- \/ Yoast SEO plugin. -->","yoast_head_json":{"title":"Asics lan\u00e7a as novas vers\u00f5es do Metaspeed - Portal Chelso Sports","description":"Asics lan\u00e7a as novas vers\u00f5es do Metaspeed. Novos modelos foram apresentados no evento Asics Meta: Time: Trials, realizado na Espanha","robots":{"index":"index","follow":"follow","max-snippet":"max-snippet:-1","max-image-preview":"max-image-preview:large","max-video-preview":"max-video-preview:-1"},"canonical":"https:\/\/chelso.com.br\/site\/asics-lanca-as-novas-versoes-do-metaspeed\/","og_locale":"pt_BR","og_type":"article","og_title":"Asics lan\u00e7a as novas vers\u00f5es do Metaspeed - Portal Chelso Sports","og_description":"Asics lan\u00e7a as novas vers\u00f5es do Metaspeed. Novos modelos foram apresentados no evento Asics Meta: Time: Trials, realizado na Espanha","og_url":"https:\/\/chelso.com.br\/site\/asics-lanca-as-novas-versoes-do-metaspeed\/","og_site_name":"Portal Chelso Sports","article_published_time":"2022-06-25T00:50:00+00:00","article_modified_time":"2022-06-26T12:56:34+00:00","og_image":[{"width":676,"height":380,"url":"https:\/\/chelso.com.br\/site\/wp-content\/uploads\/2022\/06\/MetaSpeed.png","type":"image\/png"}],"author":"Chelso","twitter_card":"summary_large_image","twitter_misc":{"Escrito por":"Chelso","Est. tempo de leitura":"5 minutos"},"schema":{"@context":"https:\/\/schema.org","@graph":[{"@type":"Article","@id":"https:\/\/chelso.com.br\/site\/asics-lanca-as-novas-versoes-do-metaspeed\/#article","isPartOf":{"@id":"https:\/\/chelso.com.br\/site\/asics-lanca-as-novas-versoes-do-metaspeed\/"},"author":{"name":"Chelso","@id":"https:\/\/chelso.com.br\/site\/#\/schema\/person\/06bf484f0ccbb71d4fd2128d594e1d0a"},"headline":"Asics lan\u00e7a as novas vers\u00f5es do Metaspeed","datePublished":"2022-06-25T00:50:00+00:00","dateModified":"2022-06-26T12:56:34+00:00","mainEntityOfPage":{"@id":"https:\/\/chelso.com.br\/site\/asics-lanca-as-novas-versoes-do-metaspeed\/"},"wordCount":960,"commentCount":0,"keywords":["Asics","Chelso","chelso sports","Meta Speed","Run"],"articleSection":["Dicas","Not\u00edcias"],"inLanguage":"pt-BR","potentialAction":[{"@type":"CommentAction","name":"Comment","target":["https:\/\/chelso.com.br\/site\/asics-lanca-as-novas-versoes-do-metaspeed\/#respond"]}]},{"@type":"WebPage","@id":"https:\/\/chelso.com.br\/site\/asics-lanca-as-novas-versoes-do-metaspeed\/","url":"https:\/\/chelso.com.br\/site\/asics-lanca-as-novas-versoes-do-metaspeed\/","name":"Asics lan\u00e7a as novas vers\u00f5es do Metaspeed - Portal Chelso Sports","isPartOf":{"@id":"https:\/\/chelso.com.br\/site\/#website"},"datePublished":"2022-06-25T00:50:00+00:00","dateModified":"2022-06-26T12:56:34+00:00","author":{"@id":"https:\/\/chelso.com.br\/site\/#\/schema\/person\/06bf484f0ccbb71d4fd2128d594e1d0a"},"description":"Asics lan\u00e7a as novas vers\u00f5es do Metaspeed. Novos modelos foram apresentados no evento Asics Meta: Time: Trials, realizado na Espanha","breadcrumb":{"@id":"https:\/\/chelso.com.br\/site\/asics-lanca-as-novas-versoes-do-metaspeed\/#breadcrumb"},"inLanguage":"pt-BR","potentialAction":[{"@type":"ReadAction","target":["https:\/\/chelso.com.br\/site\/asics-lanca-as-novas-versoes-do-metaspeed\/"]}]},{"@type":"BreadcrumbList","@id":"https:\/\/chelso.com.br\/site\/asics-lanca-as-novas-versoes-do-metaspeed\/#breadcrumb","itemListElement":[{"@type":"ListItem","position":1,"name":"In\u00edcio","item":"https:\/\/chelso.com.br\/site\/"},{"@type":"ListItem","position":2,"name":"Asics lan\u00e7a as novas vers\u00f5es do Metaspeed"}]},{"@type":"WebSite","@id":"https:\/\/chelso.com.br\/site\/#website","url":"https:\/\/chelso.com.br\/site\/","name":"Portal Chelso Sports","description":"Conte\u00fado especializado em corrida de rua e triathlon","potentialAction":[{"@type":"SearchAction","target":{"@type":"EntryPoint","urlTemplate":"https:\/\/chelso.com.br\/site\/?s={search_term_string}"},"query-input":{"@type":"PropertyValueSpecification","valueRequired":true,"valueName":"search_term_string"}}],"inLanguage":"pt-BR"},{"@type":"Person","@id":"https:\/\/chelso.com.br\/site\/#\/schema\/person\/06bf484f0ccbb71d4fd2128d594e1d0a","name":"Chelso","image":{"@type":"ImageObject","inLanguage":"pt-BR","@id":"https:\/\/chelso.com.br\/site\/wp-content\/uploads\/2025\/04\/Perfil20192-150x149.png","url":"https:\/\/chelso.com.br\/site\/wp-content\/uploads\/2025\/04\/Perfil20192-150x149.png","contentUrl":"https:\/\/chelso.com.br\/site\/wp-content\/uploads\/2025\/04\/Perfil20192-150x149.png","caption":"Chelso"},"sameAs":["http:\/\/www.chelso.com.br"],"url":"https:\/\/chelso.com.br\/site\/author\/maryblog\/"}]}},"amp_enabled":true,"_links":{"self":[{"href":"https:\/\/chelso.com.br\/site\/wp-json\/wp\/v2\/posts\/13912","targetHints":{"allow":["GET"]}}],"collection":[{"href":"https:\/\/chelso.com.br\/site\/wp-json\/wp\/v2\/posts"}],"about":[{"href":"https:\/\/chelso.com.br\/site\/wp-json\/wp\/v2\/types\/post"}],"author":[{"embeddable":true,"href":"https:\/\/chelso.com.br\/site\/wp-json\/wp\/v2\/users\/21"}],"replies":[{"embeddable":true,"href":"https:\/\/chelso.com.br\/site\/wp-json\/wp\/v2\/comments?post=13912"}],"version-history":[{"count":1,"href":"https:\/\/chelso.com.br\/site\/wp-json\/wp\/v2\/posts\/13912\/revisions"}],"predecessor-version":[{"id":13914,"href":"https:\/\/chelso.com.br\/site\/wp-json\/wp\/v2\/posts\/13912\/revisions\/13914"}],"wp:attachment":[{"href":"https:\/\/chelso.com.br\/site\/wp-json\/wp\/v2\/media?parent=13912"}],"wp:term":[{"taxonomy":"category","embeddable":true,"href":"https:\/\/chelso.com.br\/site\/wp-json\/wp\/v2\/categories?post=13912"},{"taxonomy":"post_tag","embeddable":true,"href":"https:\/\/chelso.com.br\/site\/wp-json\/wp\/v2\/tags?post=13912"}],"curies":[{"name":"wp","href":"https:\/\/api.w.org\/{rel}","templated":true}]}}