{"id":14075,"date":"2022-07-07T22:00:48","date_gmt":"2022-07-08T01:00:48","guid":{"rendered":"https:\/\/chelso.com.br\/site\/?p=14075"},"modified":"2022-07-08T06:19:57","modified_gmt":"2022-07-08T09:19:57","slug":"maratona-de-manaus","status":"publish","type":"post","link":"https:\/\/chelso.com.br\/site\/maratona-de-manaus\/","title":{"rendered":"Maratona de Manaus ter\u00e1 R$ 210 mil em premia\u00e7\u00e3o, a maior do Brasil em 2022"},"content":{"rendered":"<p><span style=\"font-weight: 400;\"><strong>Maratona de Manaus ter\u00e1 maior premia\u00e7\u00e3o do Brasil em 2022. <\/strong>Confirmada para os dias 22 e 23 de outubro, a Maratona de Manaus ter\u00e1 a maior premia\u00e7\u00e3o em maratona do Brasil em 2022. Ao todo, o evento esportivo vai distribuir R$ 210 mil para os melhores atletas. Al\u00e9m dos 42 km, a capital amazonense sedia tamb\u00e9m meia maratona e provas de 10 km e 5 km, todas com pr\u00eamios em dinheiro. As inscri\u00e7\u00f5es est\u00e3o abertas e podem ser feitas a partir do site do evento <\/span><a href=\"http:\/\/www.maratonademanaus.com.br\"><span style=\"font-weight: 400;\">www.maratonademanaus.com.br<\/span><\/a><span style=\"font-weight: 400;\">.<\/span><\/p>\n<p><span style=\"font-weight: 400;\">A expectativa da organiza\u00e7\u00e3o \u00e9 que a Maratona de Manaus atraia atletas de outras regi\u00f5es do Brasil em busca de experi\u00eancias diferentes, que conciliam esporte e turismo. No entanto, com a maior premia\u00e7\u00e3o em uma corrida de rua do pa\u00eds neste ano, o n\u00famero de atletas da elite nacional e tamb\u00e9m estrangeiros ser\u00e1 significativo. Inclusive porque todas as dist\u00e2ncias t\u00eam pr\u00eamio em dinheiro aos cinco mais bem colocados no geral, no masculino e feminino. Ser\u00e3o premiadas tamb\u00e9m financeiramente as duas maiores equipes em n\u00fameros de atletas na dist\u00e2ncia de 42km.<\/span><\/p>\n<p><a href=\"https:\/\/chelso.com.br\/site\/provas-presenciais\/\">Saiba mais sobre o nosso calend\u00e1rio de provas presenciais.<\/a><\/p>\n<p><iframe  id=\"_ytid_52206\"  width=\"788\" height=\"443\"  data-origwidth=\"788\" data-origheight=\"443\" src=\"https:\/\/www.youtube.com\/embed\/K_EhvI5hXPo?enablejsapi=1&#038;autoplay=0&#038;cc_load_policy=0&#038;cc_lang_pref=&#038;iv_load_policy=1&#038;loop=0&#038;rel=1&#038;fs=1&#038;playsinline=0&#038;autohide=2&#038;theme=dark&#038;color=red&#038;controls=1&#038;disablekb=0&#038;\" class=\"__youtube_prefs__  epyt-is-override  no-lazyload\" title=\"YouTube player\"  allow=\"fullscreen; accelerometer; autoplay; clipboard-write; encrypted-media; gyroscope; picture-in-picture; web-share\" referrerpolicy=\"strict-origin-when-cross-origin\" allowfullscreen data-no-lazy=\"1\" data-skipgform_ajax_framebjll=\"\"><\/iframe><\/p>\n<h1><span style=\"font-weight: 400;\"><strong>Maratona de Manaus<\/strong><\/span><\/h1>\n<blockquote><p><span style=\"font-weight: 400;\">\u201cA mais alta premia\u00e7\u00e3o para um evento de corrida de rua do Brasil revela o quanto a Maratona Internacional de Manaus acompanha a evolu\u00e7\u00e3o da cidade. Participar\u00e3o atletas de todo o Brasil e de outros pa\u00edses trazendo visibilidade e fluxo de fam\u00edlias em todas as dist\u00e2ncias. Al\u00e9m disso, gera a possibilidade de aproveitar o per\u00edodo para conhecer as belezas naturais de Manaus e do estado do Amazonas\u201d, afirma James J\u00fanior, CEO da To Goal Sports, realizadora do evento.<\/span><\/p><\/blockquote>\n<p><span style=\"font-weight: 400;\">Do total de R$ 210 mil da premia\u00e7\u00e3o, mais da metade ser\u00e1 destinada \u00e0 maratona. S\u00e3o R$ 18 mil somente aos campe\u00f5es gerais feminino e masculino. Al\u00e9m disso, ser\u00e3o distribu\u00eddos pr\u00eamios em dinheiro tamb\u00e9m aos tr\u00eas primeiros colocados nas categorias por faixa et\u00e1ria e categoria cadeirantes nos 42km. Ao todo, s\u00e3o R$ 137 mil para premia\u00e7\u00e3o da maratona.<\/span><\/p>\n<p><span style=\"font-weight: 400;\">J\u00e1 nos 21 km, nos 10 km e nos 5 km, a premia\u00e7\u00e3o \u00e9 destinada exclusivamente aos cinco primeiros colocados no geral de cada prova. Os melhores atletas locais, feminino e masculino, ganham b\u00f4nus em dinheiro nas duas maiores dist\u00e2ncias, ambas realizadas no dia 23 de outubro.<\/span><\/p>\n<blockquote class=\"instagram-media\" style=\"background: #FFF; border: 0; border-radius: 3px; box-shadow: 0 0 1px 0 rgba(0,0,0,0.5),0 1px 10px 0 rgba(0,0,0,0.15); margin: 1px; max-width: 540px; min-width: 326px; padding: 0; width: calc(100% - 2px);\" data-instgrm-captioned=\"\" data-instgrm-permalink=\"https:\/\/www.instagram.com\/p\/CfeNQyhrBeh\/?utm_source=ig_embed&amp;utm_campaign=loading\" data-instgrm-version=\"14\">\n<div style=\"padding: 16px;\">\n<p>&nbsp;<\/p>\n<div style=\"display: flex; flex-direction: row; align-items: center;\">\n<div style=\"background-color: #f4f4f4; border-radius: 50%; flex-grow: 0; height: 40px; margin-right: 14px; width: 40px;\"><\/div>\n<div style=\"display: flex; flex-direction: column; flex-grow: 1; justify-content: center;\">\n<div style=\"background-color: #f4f4f4; border-radius: 4px; flex-grow: 0; height: 14px; margin-bottom: 6px; width: 100px;\"><\/div>\n<div style=\"background-color: #f4f4f4; border-radius: 4px; flex-grow: 0; height: 14px; width: 60px;\"><\/div>\n<\/div>\n<\/div>\n<div style=\"padding: 19% 0;\"><\/div>\n<div style=\"display: block; height: 50px; margin: 0 auto 12px; width: 50px;\"><\/div>\n<div style=\"padding-top: 8px;\">\n<div style=\"color: #3897f0; font-family: Arial,sans-serif; font-size: 14px; font-style: normal; font-weight: 550; line-height: 18px;\">Ver essa foto no Instagram<\/div>\n<\/div>\n<div style=\"padding: 12.5% 0;\"><\/div>\n<div style=\"display: flex; flex-direction: row; margin-bottom: 14px; align-items: center;\">\n<div>\n<div style=\"background-color: #f4f4f4; border-radius: 50%; height: 12.5px; width: 12.5px; transform: translateX(0px) translateY(7px);\"><\/div>\n<div style=\"background-color: #f4f4f4; height: 12.5px; transform: rotate(-45deg) translateX(3px) translateY(1px); width: 12.5px; flex-grow: 0; margin-right: 14px; margin-left: 2px;\"><\/div>\n<div style=\"background-color: #f4f4f4; border-radius: 50%; height: 12.5px; width: 12.5px; transform: translateX(9px) translateY(-18px);\"><\/div>\n<\/div>\n<div style=\"margin-left: 8px;\">\n<div style=\"background-color: #f4f4f4; border-radius: 50%; flex-grow: 0; height: 20px; width: 20px;\"><\/div>\n<div style=\"width: 0; height: 0; border-top: 2px solid transparent; border-left: 6px solid #f4f4f4; border-bottom: 2px solid transparent; transform: translateX(16px) translateY(-4px) rotate(30deg);\"><\/div>\n<\/div>\n<div style=\"margin-left: auto;\">\n<div style=\"width: 0px; border-top: 8px solid #F4F4F4; border-right: 8px solid transparent; transform: translateY(16px);\"><\/div>\n<div style=\"background-color: #f4f4f4; flex-grow: 0; height: 12px; width: 16px; transform: translateY(-4px);\"><\/div>\n<div style=\"width: 0; height: 0; border-top: 8px solid #F4F4F4; border-left: 8px solid transparent; transform: translateY(-4px) translateX(8px);\"><\/div>\n<\/div>\n<\/div>\n<div style=\"display: flex; flex-direction: column; flex-grow: 1; justify-content: center; margin-bottom: 24px;\">\n<div style=\"background-color: #f4f4f4; border-radius: 4px; flex-grow: 0; height: 14px; margin-bottom: 6px; width: 224px;\"><\/div>\n<div style=\"background-color: #f4f4f4; border-radius: 4px; flex-grow: 0; height: 14px; width: 144px;\"><\/div>\n<\/div>\n<p>&nbsp;<\/p>\n<p style=\"color: #c9c8cd; font-family: Arial,sans-serif; font-size: 14px; line-height: 17px; margin-bottom: 0; margin-top: 8px; overflow: hidden; padding: 8px 0 7px; text-align: center; text-overflow: ellipsis; white-space: nowrap;\"><a style=\"color: #c9c8cd; font-family: Arial,sans-serif; font-size: 14px; font-style: normal; font-weight: normal; line-height: 17px; text-decoration: none;\" href=\"https:\/\/www.instagram.com\/p\/CfeNQyhrBeh\/?utm_source=ig_embed&amp;utm_campaign=loading\" target=\"_blank\" rel=\"noopener\">Uma publica\u00e7\u00e3o compartilhada por maratonademanaus (@maratonademanaus)<\/a><\/p>\n<\/div>\n<\/blockquote>\n<p><script async src=\"\/\/www.instagram.com\/embed.js\"><\/script><\/p>\n<p><b>Dois dias de corrida<\/b><\/p>\n<p><span style=\"font-weight: 400;\">No dia 22 de outubro est\u00e3o marcadas as provas com dist\u00e2ncias de 5 km e Corrida Kids, todas ter\u00e3o largada no Parque Ponta Negra, um dos tantos pontos tur\u00edsticos da cidade. O percurso \u00e9 feito pela orla do Rio Negro e entorno do parque. J\u00e1 os 42 km, 21 km e 10km ser\u00e3o realizados no dia seguinte. Em 23 de outubro, os atletas passar\u00e3o por pontos simb\u00f3licos de Manaus, como a Ponte Rio Negro, Teatro Amazonas, Arena da Amaz\u00f4nia e outros locais do centro hist\u00f3rico da cidade.<\/span><\/p>\n<p><span style=\"font-weight: 400;\">Al\u00e9m de medalha de participa\u00e7\u00e3o e n\u00famero de peito, os kits das quatro dist\u00e2ncias s\u00e3o compostos por camiseta, squeeze e viseira. O valor da inscri\u00e7\u00e3o varia conforme a prova. A maratona tem o pre\u00e7o de R$ 190 e da meia maratona de R$ 160. J\u00e1 para os 5 km e 10 km, a Family Run da Maratona de Manaus, o valor da inscri\u00e7\u00e3o \u00e9 de R$ 90 e a prova Kids, R$ 60.<\/span><\/p>\n<blockquote class=\"instagram-media\" style=\"background: #FFF; border: 0; border-radius: 3px; box-shadow: 0 0 1px 0 rgba(0,0,0,0.5),0 1px 10px 0 rgba(0,0,0,0.15); margin: 1px; max-width: 540px; min-width: 326px; padding: 0; width: calc(100% - 2px);\" data-instgrm-captioned=\"\" data-instgrm-permalink=\"https:\/\/www.instagram.com\/reel\/CfVCIPSFlze\/?utm_source=ig_embed&amp;utm_campaign=loading\" data-instgrm-version=\"14\">\n<div style=\"padding: 16px;\">\n<p>&nbsp;<\/p>\n<div style=\"display: flex; flex-direction: row; align-items: center;\">\n<div style=\"background-color: #f4f4f4; border-radius: 50%; flex-grow: 0; height: 40px; margin-right: 14px; width: 40px;\"><\/div>\n<div style=\"display: flex; flex-direction: column; flex-grow: 1; justify-content: center;\">\n<div style=\"background-color: #f4f4f4; border-radius: 4px; flex-grow: 0; height: 14px; margin-bottom: 6px; width: 100px;\"><\/div>\n<div style=\"background-color: #f4f4f4; border-radius: 4px; flex-grow: 0; height: 14px; width: 60px;\"><\/div>\n<\/div>\n<\/div>\n<div style=\"padding: 19% 0;\"><\/div>\n<div style=\"display: block; height: 50px; margin: 0 auto 12px; width: 50px;\"><\/div>\n<div style=\"padding-top: 8px;\">\n<div style=\"color: #3897f0; font-family: Arial,sans-serif; font-size: 14px; font-style: normal; font-weight: 550; line-height: 18px;\">Ver essa foto no Instagram<\/div>\n<\/div>\n<div style=\"padding: 12.5% 0;\"><\/div>\n<div style=\"display: flex; flex-direction: row; margin-bottom: 14px; align-items: center;\">\n<div>\n<div style=\"background-color: #f4f4f4; border-radius: 50%; height: 12.5px; width: 12.5px; transform: translateX(0px) translateY(7px);\"><\/div>\n<div style=\"background-color: #f4f4f4; height: 12.5px; transform: rotate(-45deg) translateX(3px) translateY(1px); width: 12.5px; flex-grow: 0; margin-right: 14px; margin-left: 2px;\"><\/div>\n<div style=\"background-color: #f4f4f4; border-radius: 50%; height: 12.5px; width: 12.5px; transform: translateX(9px) translateY(-18px);\"><\/div>\n<\/div>\n<div style=\"margin-left: 8px;\">\n<div style=\"background-color: #f4f4f4; border-radius: 50%; flex-grow: 0; height: 20px; width: 20px;\"><\/div>\n<div style=\"width: 0; height: 0; border-top: 2px solid transparent; border-left: 6px solid #f4f4f4; border-bottom: 2px solid transparent; transform: translateX(16px) translateY(-4px) rotate(30deg);\"><\/div>\n<\/div>\n<div style=\"margin-left: auto;\">\n<div style=\"width: 0px; border-top: 8px solid #F4F4F4; border-right: 8px solid transparent; transform: translateY(16px);\"><\/div>\n<div style=\"background-color: #f4f4f4; flex-grow: 0; height: 12px; width: 16px; transform: translateY(-4px);\"><\/div>\n<div style=\"width: 0; height: 0; border-top: 8px solid #F4F4F4; border-left: 8px solid transparent; transform: translateY(-4px) translateX(8px);\"><\/div>\n<\/div>\n<\/div>\n<div style=\"display: flex; flex-direction: column; flex-grow: 1; justify-content: center; margin-bottom: 24px;\">\n<div style=\"background-color: #f4f4f4; border-radius: 4px; flex-grow: 0; height: 14px; margin-bottom: 6px; width: 224px;\"><\/div>\n<div style=\"background-color: #f4f4f4; border-radius: 4px; flex-grow: 0; height: 14px; width: 144px;\"><\/div>\n<\/div>\n<p>&nbsp;<\/p>\n<p style=\"color: #c9c8cd; font-family: Arial,sans-serif; font-size: 14px; line-height: 17px; margin-bottom: 0; margin-top: 8px; overflow: hidden; padding: 8px 0 7px; text-align: center; text-overflow: ellipsis; white-space: nowrap;\"><a style=\"color: #c9c8cd; font-family: Arial,sans-serif; font-size: 14px; font-style: normal; font-weight: normal; line-height: 17px; text-decoration: none;\" href=\"https:\/\/www.instagram.com\/reel\/CfVCIPSFlze\/?utm_source=ig_embed&amp;utm_campaign=loading\" target=\"_blank\" rel=\"noopener\">Uma publica\u00e7\u00e3o compartilhada por Prefeitura de Manaus (@prefeiturademanaus)<\/a><\/p>\n<\/div>\n<\/blockquote>\n<p><script async src=\"\/\/www.instagram.com\/embed.js\"><\/script><\/p>\n<p><span style=\"font-weight: 400;\">O atleta que optar por participar dos 5 km no dia 22 de outubro e por uma das dist\u00e2ncias no dia seguinte, maratona, meia maratona ou 10km tem desconto no valor do combo. Todos os 100 primeiros colocados das quatro dist\u00e2ncias receber\u00e3o medalha Top-100 finisher. As inscri\u00e7\u00f5es podem ser feitas pelo site\u00a0 <\/span><a href=\"http:\/\/www.maratonademanaus.com.br\"><span style=\"font-weight: 400;\">www.maratonademanaus.com.br<\/span><\/a><span style=\"font-weight: 400;\">.<\/span><\/p>\n<p><span style=\"font-weight: 400;\">A Maratona de Manaus \u00e9 uma realiza\u00e7\u00e3o da To Goal Sports e Endurance Sports e tem o apoio institucional da Prefeitura de Manaus.<\/span><\/p>\n","protected":false},"excerpt":{"rendered":"<p>Maratona de Manaus ter\u00e1 maior premia\u00e7\u00e3o do Brasil em 2022. Confirmada para os dias 22 e 23 de outubro, a Maratona de Manaus ter\u00e1 a maior premia\u00e7\u00e3o em maratona do Brasil em 2022. Ao todo, o evento esportivo vai distribuir R$ 210 mil para os melhores atletas. Al\u00e9m dos 42 km, a capital amazonense sedia<\/p>\n","protected":false},"author":21,"featured_media":0,"comment_status":"open","ping_status":"closed","sticky":false,"template":"","format":"standard","meta":{"om_disable_all_campaigns":false,"_monsterinsights_skip_tracking":false,"_monsterinsights_sitenote_active":false,"_monsterinsights_sitenote_note":"","_monsterinsights_sitenote_category":0,"footnotes":""},"categories":[56,30],"tags":[910,41,1390,52,1389],"class_list":{"0":"post-14075","1":"post","2":"type-post","3":"status-publish","4":"format-standard","6":"category-eventos","7":"category-noticias","8":"tag-42-km","9":"tag-chelso-sports","10":"tag-manaus","11":"tag-maratona","12":"tag-maratona-de-manaus"},"aioseo_notices":[],"yoast_head":"<!-- This site is optimized with the Yoast SEO plugin v27.5 - https:\/\/yoast.com\/product\/yoast-seo-wordpress\/ -->\n<title>Maratona de Manaus ter\u00e1 R$ 210 mil em premia\u00e7\u00e3o, a maior do Brasil em 2022<\/title>\n<meta name=\"description\" content=\"Maratona de Manaus, confirmada para os dias 22 e 23 de outubro, ter\u00e1 a maior premia\u00e7\u00e3o em maratona do Brasil em 2022.\" \/>\n<meta name=\"robots\" content=\"index, follow, max-snippet:-1, max-image-preview:large, max-video-preview:-1\" \/>\n<link rel=\"canonical\" href=\"https:\/\/chelso.com.br\/site\/maratona-de-manaus\/\" \/>\n<meta property=\"og:locale\" content=\"pt_BR\" \/>\n<meta property=\"og:type\" content=\"article\" \/>\n<meta property=\"og:title\" content=\"Maratona de Manaus ter\u00e1 R$ 210 mil em premia\u00e7\u00e3o, a maior do Brasil em 2022\" \/>\n<meta property=\"og:description\" content=\"Maratona de Manaus, confirmada para os dias 22 e 23 de outubro, ter\u00e1 a maior premia\u00e7\u00e3o em maratona do Brasil em 2022.\" \/>\n<meta property=\"og:url\" content=\"https:\/\/chelso.com.br\/site\/maratona-de-manaus\/\" \/>\n<meta property=\"og:site_name\" content=\"Portal Chelso Sports\" \/>\n<meta property=\"article:published_time\" content=\"2022-07-08T01:00:48+00:00\" \/>\n<meta property=\"article:modified_time\" content=\"2022-07-08T09:19:57+00:00\" \/>\n<meta property=\"og:image\" content=\"https:\/\/chelso.com.br\/site\/wp-content\/uploads\/2022\/07\/WhatsApp-Image-2022-07-08-at-06.15.50.jpeg\" \/>\n\t<meta property=\"og:image:width\" content=\"1024\" \/>\n\t<meta property=\"og:image:height\" content=\"683\" \/>\n\t<meta property=\"og:image:type\" content=\"image\/jpeg\" \/>\n<meta name=\"author\" content=\"Chelso\" \/>\n<meta name=\"twitter:card\" content=\"summary_large_image\" \/>\n<meta name=\"twitter:label1\" content=\"Escrito por\" \/>\n\t<meta name=\"twitter:data1\" content=\"Chelso\" \/>\n\t<meta name=\"twitter:label2\" content=\"Est. tempo de leitura\" \/>\n\t<meta name=\"twitter:data2\" content=\"4 minutos\" \/>\n<script type=\"application\/ld+json\" class=\"yoast-schema-graph\">{\"@context\":\"https:\\\/\\\/schema.org\",\"@graph\":[{\"@type\":\"Article\",\"@id\":\"https:\\\/\\\/chelso.com.br\\\/site\\\/maratona-de-manaus\\\/#article\",\"isPartOf\":{\"@id\":\"https:\\\/\\\/chelso.com.br\\\/site\\\/maratona-de-manaus\\\/\"},\"author\":{\"name\":\"Chelso\",\"@id\":\"https:\\\/\\\/chelso.com.br\\\/site\\\/#\\\/schema\\\/person\\\/06bf484f0ccbb71d4fd2128d594e1d0a\"},\"headline\":\"Maratona de Manaus ter\u00e1 R$ 210 mil em premia\u00e7\u00e3o, a maior do Brasil em 2022\",\"datePublished\":\"2022-07-08T01:00:48+00:00\",\"dateModified\":\"2022-07-08T09:19:57+00:00\",\"mainEntityOfPage\":{\"@id\":\"https:\\\/\\\/chelso.com.br\\\/site\\\/maratona-de-manaus\\\/\"},\"wordCount\":703,\"commentCount\":0,\"keywords\":[\"42 km\",\"chelso sports\",\"Manaus\",\"Maratona\",\"Maratona de Manaus\"],\"articleSection\":[\"Eventos\",\"Not\u00edcias\"],\"inLanguage\":\"pt-BR\",\"potentialAction\":[{\"@type\":\"CommentAction\",\"name\":\"Comment\",\"target\":[\"https:\\\/\\\/chelso.com.br\\\/site\\\/maratona-de-manaus\\\/#respond\"]}]},{\"@type\":\"WebPage\",\"@id\":\"https:\\\/\\\/chelso.com.br\\\/site\\\/maratona-de-manaus\\\/\",\"url\":\"https:\\\/\\\/chelso.com.br\\\/site\\\/maratona-de-manaus\\\/\",\"name\":\"Maratona de Manaus ter\u00e1 R$ 210 mil em premia\u00e7\u00e3o, a maior do Brasil em 2022\",\"isPartOf\":{\"@id\":\"https:\\\/\\\/chelso.com.br\\\/site\\\/#website\"},\"datePublished\":\"2022-07-08T01:00:48+00:00\",\"dateModified\":\"2022-07-08T09:19:57+00:00\",\"author\":{\"@id\":\"https:\\\/\\\/chelso.com.br\\\/site\\\/#\\\/schema\\\/person\\\/06bf484f0ccbb71d4fd2128d594e1d0a\"},\"description\":\"Maratona de Manaus, confirmada para os dias 22 e 23 de outubro, ter\u00e1 a maior premia\u00e7\u00e3o em maratona do Brasil em 2022.\",\"breadcrumb\":{\"@id\":\"https:\\\/\\\/chelso.com.br\\\/site\\\/maratona-de-manaus\\\/#breadcrumb\"},\"inLanguage\":\"pt-BR\",\"potentialAction\":[{\"@type\":\"ReadAction\",\"target\":[\"https:\\\/\\\/chelso.com.br\\\/site\\\/maratona-de-manaus\\\/\"]}]},{\"@type\":\"BreadcrumbList\",\"@id\":\"https:\\\/\\\/chelso.com.br\\\/site\\\/maratona-de-manaus\\\/#breadcrumb\",\"itemListElement\":[{\"@type\":\"ListItem\",\"position\":1,\"name\":\"In\u00edcio\",\"item\":\"https:\\\/\\\/chelso.com.br\\\/site\\\/\"},{\"@type\":\"ListItem\",\"position\":2,\"name\":\"Maratona de Manaus ter\u00e1 R$ 210 mil em premia\u00e7\u00e3o, a maior do Brasil em 2022\"}]},{\"@type\":\"WebSite\",\"@id\":\"https:\\\/\\\/chelso.com.br\\\/site\\\/#website\",\"url\":\"https:\\\/\\\/chelso.com.br\\\/site\\\/\",\"name\":\"Portal Chelso Sports\",\"description\":\"Conte\u00fado especializado em corrida de rua e triathlon\",\"potentialAction\":[{\"@type\":\"SearchAction\",\"target\":{\"@type\":\"EntryPoint\",\"urlTemplate\":\"https:\\\/\\\/chelso.com.br\\\/site\\\/?s={search_term_string}\"},\"query-input\":{\"@type\":\"PropertyValueSpecification\",\"valueRequired\":true,\"valueName\":\"search_term_string\"}}],\"inLanguage\":\"pt-BR\"},{\"@type\":\"Person\",\"@id\":\"https:\\\/\\\/chelso.com.br\\\/site\\\/#\\\/schema\\\/person\\\/06bf484f0ccbb71d4fd2128d594e1d0a\",\"name\":\"Chelso\",\"image\":{\"@type\":\"ImageObject\",\"inLanguage\":\"pt-BR\",\"@id\":\"https:\\\/\\\/chelso.com.br\\\/site\\\/wp-content\\\/uploads\\\/2025\\\/04\\\/Perfil20192-150x149.png\",\"url\":\"https:\\\/\\\/chelso.com.br\\\/site\\\/wp-content\\\/uploads\\\/2025\\\/04\\\/Perfil20192-150x149.png\",\"contentUrl\":\"https:\\\/\\\/chelso.com.br\\\/site\\\/wp-content\\\/uploads\\\/2025\\\/04\\\/Perfil20192-150x149.png\",\"caption\":\"Chelso\"},\"sameAs\":[\"http:\\\/\\\/www.chelso.com.br\"],\"url\":\"https:\\\/\\\/chelso.com.br\\\/site\\\/author\\\/maryblog\\\/\"}]}<\/script>\n<!-- \/ Yoast SEO plugin. -->","yoast_head_json":{"title":"Maratona de Manaus ter\u00e1 R$ 210 mil em premia\u00e7\u00e3o, a maior do Brasil em 2022","description":"Maratona de Manaus, confirmada para os dias 22 e 23 de outubro, ter\u00e1 a maior premia\u00e7\u00e3o em maratona do Brasil em 2022.","robots":{"index":"index","follow":"follow","max-snippet":"max-snippet:-1","max-image-preview":"max-image-preview:large","max-video-preview":"max-video-preview:-1"},"canonical":"https:\/\/chelso.com.br\/site\/maratona-de-manaus\/","og_locale":"pt_BR","og_type":"article","og_title":"Maratona de Manaus ter\u00e1 R$ 210 mil em premia\u00e7\u00e3o, a maior do Brasil em 2022","og_description":"Maratona de Manaus, confirmada para os dias 22 e 23 de outubro, ter\u00e1 a maior premia\u00e7\u00e3o em maratona do Brasil em 2022.","og_url":"https:\/\/chelso.com.br\/site\/maratona-de-manaus\/","og_site_name":"Portal Chelso Sports","article_published_time":"2022-07-08T01:00:48+00:00","article_modified_time":"2022-07-08T09:19:57+00:00","og_image":[{"width":1024,"height":683,"url":"https:\/\/chelso.com.br\/site\/wp-content\/uploads\/2022\/07\/WhatsApp-Image-2022-07-08-at-06.15.50.jpeg","type":"image\/jpeg"}],"author":"Chelso","twitter_card":"summary_large_image","twitter_misc":{"Escrito por":"Chelso","Est. tempo de leitura":"4 minutos"},"schema":{"@context":"https:\/\/schema.org","@graph":[{"@type":"Article","@id":"https:\/\/chelso.com.br\/site\/maratona-de-manaus\/#article","isPartOf":{"@id":"https:\/\/chelso.com.br\/site\/maratona-de-manaus\/"},"author":{"name":"Chelso","@id":"https:\/\/chelso.com.br\/site\/#\/schema\/person\/06bf484f0ccbb71d4fd2128d594e1d0a"},"headline":"Maratona de Manaus ter\u00e1 R$ 210 mil em premia\u00e7\u00e3o, a maior do Brasil em 2022","datePublished":"2022-07-08T01:00:48+00:00","dateModified":"2022-07-08T09:19:57+00:00","mainEntityOfPage":{"@id":"https:\/\/chelso.com.br\/site\/maratona-de-manaus\/"},"wordCount":703,"commentCount":0,"keywords":["42 km","chelso sports","Manaus","Maratona","Maratona de Manaus"],"articleSection":["Eventos","Not\u00edcias"],"inLanguage":"pt-BR","potentialAction":[{"@type":"CommentAction","name":"Comment","target":["https:\/\/chelso.com.br\/site\/maratona-de-manaus\/#respond"]}]},{"@type":"WebPage","@id":"https:\/\/chelso.com.br\/site\/maratona-de-manaus\/","url":"https:\/\/chelso.com.br\/site\/maratona-de-manaus\/","name":"Maratona de Manaus ter\u00e1 R$ 210 mil em premia\u00e7\u00e3o, a maior do Brasil em 2022","isPartOf":{"@id":"https:\/\/chelso.com.br\/site\/#website"},"datePublished":"2022-07-08T01:00:48+00:00","dateModified":"2022-07-08T09:19:57+00:00","author":{"@id":"https:\/\/chelso.com.br\/site\/#\/schema\/person\/06bf484f0ccbb71d4fd2128d594e1d0a"},"description":"Maratona de Manaus, confirmada para os dias 22 e 23 de outubro, ter\u00e1 a maior premia\u00e7\u00e3o em maratona do Brasil em 2022.","breadcrumb":{"@id":"https:\/\/chelso.com.br\/site\/maratona-de-manaus\/#breadcrumb"},"inLanguage":"pt-BR","potentialAction":[{"@type":"ReadAction","target":["https:\/\/chelso.com.br\/site\/maratona-de-manaus\/"]}]},{"@type":"BreadcrumbList","@id":"https:\/\/chelso.com.br\/site\/maratona-de-manaus\/#breadcrumb","itemListElement":[{"@type":"ListItem","position":1,"name":"In\u00edcio","item":"https:\/\/chelso.com.br\/site\/"},{"@type":"ListItem","position":2,"name":"Maratona de Manaus ter\u00e1 R$ 210 mil em premia\u00e7\u00e3o, a maior do Brasil em 2022"}]},{"@type":"WebSite","@id":"https:\/\/chelso.com.br\/site\/#website","url":"https:\/\/chelso.com.br\/site\/","name":"Portal Chelso Sports","description":"Conte\u00fado especializado em corrida de rua e triathlon","potentialAction":[{"@type":"SearchAction","target":{"@type":"EntryPoint","urlTemplate":"https:\/\/chelso.com.br\/site\/?s={search_term_string}"},"query-input":{"@type":"PropertyValueSpecification","valueRequired":true,"valueName":"search_term_string"}}],"inLanguage":"pt-BR"},{"@type":"Person","@id":"https:\/\/chelso.com.br\/site\/#\/schema\/person\/06bf484f0ccbb71d4fd2128d594e1d0a","name":"Chelso","image":{"@type":"ImageObject","inLanguage":"pt-BR","@id":"https:\/\/chelso.com.br\/site\/wp-content\/uploads\/2025\/04\/Perfil20192-150x149.png","url":"https:\/\/chelso.com.br\/site\/wp-content\/uploads\/2025\/04\/Perfil20192-150x149.png","contentUrl":"https:\/\/chelso.com.br\/site\/wp-content\/uploads\/2025\/04\/Perfil20192-150x149.png","caption":"Chelso"},"sameAs":["http:\/\/www.chelso.com.br"],"url":"https:\/\/chelso.com.br\/site\/author\/maryblog\/"}]}},"amp_enabled":true,"_links":{"self":[{"href":"https:\/\/chelso.com.br\/site\/wp-json\/wp\/v2\/posts\/14075","targetHints":{"allow":["GET"]}}],"collection":[{"href":"https:\/\/chelso.com.br\/site\/wp-json\/wp\/v2\/posts"}],"about":[{"href":"https:\/\/chelso.com.br\/site\/wp-json\/wp\/v2\/types\/post"}],"author":[{"embeddable":true,"href":"https:\/\/chelso.com.br\/site\/wp-json\/wp\/v2\/users\/21"}],"replies":[{"embeddable":true,"href":"https:\/\/chelso.com.br\/site\/wp-json\/wp\/v2\/comments?post=14075"}],"version-history":[{"count":1,"href":"https:\/\/chelso.com.br\/site\/wp-json\/wp\/v2\/posts\/14075\/revisions"}],"predecessor-version":[{"id":14077,"href":"https:\/\/chelso.com.br\/site\/wp-json\/wp\/v2\/posts\/14075\/revisions\/14077"}],"wp:attachment":[{"href":"https:\/\/chelso.com.br\/site\/wp-json\/wp\/v2\/media?parent=14075"}],"wp:term":[{"taxonomy":"category","embeddable":true,"href":"https:\/\/chelso.com.br\/site\/wp-json\/wp\/v2\/categories?post=14075"},{"taxonomy":"post_tag","embeddable":true,"href":"https:\/\/chelso.com.br\/site\/wp-json\/wp\/v2\/tags?post=14075"}],"curies":[{"name":"wp","href":"https:\/\/api.w.org\/{rel}","templated":true}]}}