{"id":14078,"date":"2022-07-08T15:00:19","date_gmt":"2022-07-08T18:00:19","guid":{"rendered":"https:\/\/chelso.com.br\/site\/?p=14078"},"modified":"2022-07-08T06:26:36","modified_gmt":"2022-07-08T09:26:36","slug":"maratona-de-curitiba","status":"publish","type":"post","link":"https:\/\/chelso.com.br\/site\/maratona-de-curitiba\/","title":{"rendered":"Maratona de Curitiba abre inscri\u00e7\u00f5es e ter\u00e1 maior pr\u00eamio aos campe\u00f5es dos 42 km do Brasil"},"content":{"rendered":"<p><span style=\"font-weight: 400;\">Est\u00e3o abertas as inscri\u00e7\u00f5es para a Maratona de Curitiba. O evento esportivo est\u00e1 confirmado para 20 de novembro na capital paranaense. Ap\u00f3s hiato de dois anos, a tradicional prova retorna ao calend\u00e1rio nacional de corridas de rua e ter\u00e1 uma premia\u00e7\u00e3o de R$ 192 mil. Do total em dinheiro, s\u00e3o R$ 40 mil aos campe\u00f5es masculino e feminino da prova principal, o maior pr\u00eamio de maratona do Brasil em 2022. A estimativa \u00e9 de que entre 10 mil e 14 mil atletas participem nos percursos de 42 km, 21km, 10km e de 5 km, e mais de 30 mil pessoas circulem no Expo Village.<\/span><\/p>\n<p><span style=\"font-weight: 400;\">As inscri\u00e7\u00f5es para a Maratona de Curitiba podem ser feitas pelo site <\/span><a href=\"http:\/\/www.maratonadecuritiba.com.br\"><span style=\"font-weight: 400;\">www.maratonadecuritiba.com.br<\/span><\/a><span style=\"font-weight: 400;\">. O primeiro lote de inscri\u00e7\u00f5es est\u00e1 aberto desde esta ter\u00e7a-feira (5), e ir\u00e1 durar at\u00e9 o dia 15 deste m\u00eas. S\u00e3o quatro modalidades de kit para todas as dist\u00e2ncias, com valores a partir de R$ 89,00 no lote de lan\u00e7amento.\u00a0<\/span><\/p>\n<p><a href=\"https:\/\/chelso.com.br\/site\/provas-presenciais\/\">Saiba mais sobre o nosso calend\u00e1rio de provas presenciais.<\/a><\/p>\n<blockquote class=\"instagram-media\" style=\"background: #FFF; border: 0; border-radius: 3px; box-shadow: 0 0 1px 0 rgba(0,0,0,0.5),0 1px 10px 0 rgba(0,0,0,0.15); margin: 1px; max-width: 540px; min-width: 326px; padding: 0; width: calc(100% - 2px);\" data-instgrm-captioned=\"\" data-instgrm-permalink=\"https:\/\/www.instagram.com\/p\/CfoqsKrL6ar\/?utm_source=ig_embed&amp;utm_campaign=loading\" data-instgrm-version=\"14\">\n<div style=\"padding: 16px;\">\n<p>&nbsp;<\/p>\n<div style=\"display: flex; flex-direction: row; align-items: center;\">\n<div style=\"background-color: #f4f4f4; border-radius: 50%; flex-grow: 0; height: 40px; margin-right: 14px; width: 40px;\"><\/div>\n<div style=\"display: flex; flex-direction: column; flex-grow: 1; justify-content: center;\">\n<div style=\"background-color: #f4f4f4; border-radius: 4px; flex-grow: 0; height: 14px; margin-bottom: 6px; width: 100px;\"><\/div>\n<div style=\"background-color: #f4f4f4; border-radius: 4px; flex-grow: 0; height: 14px; width: 60px;\"><\/div>\n<\/div>\n<\/div>\n<div style=\"padding: 19% 0;\"><\/div>\n<div style=\"display: block; height: 50px; margin: 0 auto 12px; width: 50px;\"><\/div>\n<div style=\"padding-top: 8px;\">\n<div style=\"color: #3897f0; font-family: Arial,sans-serif; font-size: 14px; font-style: normal; font-weight: 550; line-height: 18px;\">Ver essa foto no Instagram<\/div>\n<\/div>\n<div style=\"padding: 12.5% 0;\"><\/div>\n<div style=\"display: flex; flex-direction: row; margin-bottom: 14px; align-items: center;\">\n<div>\n<div style=\"background-color: #f4f4f4; border-radius: 50%; height: 12.5px; width: 12.5px; transform: translateX(0px) translateY(7px);\"><\/div>\n<div style=\"background-color: #f4f4f4; height: 12.5px; transform: rotate(-45deg) translateX(3px) translateY(1px); width: 12.5px; flex-grow: 0; margin-right: 14px; margin-left: 2px;\"><\/div>\n<div style=\"background-color: #f4f4f4; border-radius: 50%; height: 12.5px; width: 12.5px; transform: translateX(9px) translateY(-18px);\"><\/div>\n<\/div>\n<div style=\"margin-left: 8px;\">\n<div style=\"background-color: #f4f4f4; border-radius: 50%; flex-grow: 0; height: 20px; width: 20px;\"><\/div>\n<div style=\"width: 0; height: 0; border-top: 2px solid transparent; border-left: 6px solid #f4f4f4; border-bottom: 2px solid transparent; transform: translateX(16px) translateY(-4px) rotate(30deg);\"><\/div>\n<\/div>\n<div style=\"margin-left: auto;\">\n<div style=\"width: 0px; border-top: 8px solid #F4F4F4; border-right: 8px solid transparent; transform: translateY(16px);\"><\/div>\n<div style=\"background-color: #f4f4f4; flex-grow: 0; height: 12px; width: 16px; transform: translateY(-4px);\"><\/div>\n<div style=\"width: 0; height: 0; border-top: 8px solid #F4F4F4; border-left: 8px solid transparent; transform: translateY(-4px) translateX(8px);\"><\/div>\n<\/div>\n<\/div>\n<div style=\"display: flex; flex-direction: column; flex-grow: 1; justify-content: center; margin-bottom: 24px;\">\n<div style=\"background-color: #f4f4f4; border-radius: 4px; flex-grow: 0; height: 14px; margin-bottom: 6px; width: 224px;\"><\/div>\n<div style=\"background-color: #f4f4f4; border-radius: 4px; flex-grow: 0; height: 14px; width: 144px;\"><\/div>\n<\/div>\n<p>&nbsp;<\/p>\n<p style=\"color: #c9c8cd; font-family: Arial,sans-serif; font-size: 14px; line-height: 17px; margin-bottom: 0; margin-top: 8px; overflow: hidden; padding: 8px 0 7px; text-align: center; text-overflow: ellipsis; white-space: nowrap;\"><a style=\"color: #c9c8cd; font-family: Arial,sans-serif; font-size: 14px; font-style: normal; font-weight: normal; line-height: 17px; text-decoration: none;\" href=\"https:\/\/www.instagram.com\/p\/CfoqsKrL6ar\/?utm_source=ig_embed&amp;utm_campaign=loading\" target=\"_blank\" rel=\"noopener\">Uma publica\u00e7\u00e3o compartilhada por Global Vita Sports (@globalvitasports)<\/a><\/p>\n<\/div>\n<\/blockquote>\n<p><script async src=\"\/\/www.instagram.com\/embed.js\"><\/script><\/p>\n<h1><strong>Maratona de Curitiba<\/strong><\/h1>\n<p><span style=\"font-weight: 400;\">Desde a primeira edi\u00e7\u00e3o, em 1997, a Maratona de Curitiba \u00e9 o maior e principal evento esportivo do Paran\u00e1 e um dos principais do calend\u00e1rio de corridas do Brasil. Tradicionalmente, a maratona re\u00fane atletas de todo o pa\u00eds e tamb\u00e9m de diversas outras nacionalidades. Nesta edi\u00e7\u00e3o de 2022, os 42,195 km v\u00e3o percorrer mais de 20 bairros de Curitiba e passar diante dos principais pontos tur\u00edsticos da cidade, como Pal\u00e1cio Igua\u00e7u, Jardim Bot\u00e2nico e Museu Oscar Niemeyer.<\/span><\/p>\n<blockquote><p><span style=\"font-weight: 400;\">\u201cA Maratona de Curitiba \u00e9 muito mais que um evento competitivo, \u00e9 o principal combust\u00edvel para o fortalecimento de todo o ecossistema de eventos de corridas da cidade e do estado do Paran\u00e1. A paralisa\u00e7\u00e3o da prova, durante o per\u00edodo de pandemia, gerou uma enorme saudade, pois \u00e9 um evento que se conecta profundamente com atletas, marcas e entusiastas que amam nossa cidade\u201d, aponta Arthur Trauczynski, diretor da Global Vita Sports, empresa realizadora do evento ao lado da Associa\u00e7\u00e3o Pro Correr de incentivo ao esporte.<\/span><\/p><\/blockquote>\n<blockquote class=\"instagram-media\" style=\"background: #FFF; border: 0; border-radius: 3px; box-shadow: 0 0 1px 0 rgba(0,0,0,0.5),0 1px 10px 0 rgba(0,0,0,0.15); margin: 1px; max-width: 540px; min-width: 326px; padding: 0; width: calc(100% - 2px);\" data-instgrm-captioned=\"\" data-instgrm-permalink=\"https:\/\/www.instagram.com\/p\/CfoqMrvLsVW\/?utm_source=ig_embed&amp;utm_campaign=loading\" data-instgrm-version=\"14\">\n<div style=\"padding: 16px;\">\n<p>&nbsp;<\/p>\n<div style=\"display: flex; flex-direction: row; align-items: center;\">\n<div style=\"background-color: #f4f4f4; border-radius: 50%; flex-grow: 0; height: 40px; margin-right: 14px; width: 40px;\"><\/div>\n<div style=\"display: flex; flex-direction: column; flex-grow: 1; justify-content: center;\">\n<div style=\"background-color: #f4f4f4; border-radius: 4px; flex-grow: 0; height: 14px; margin-bottom: 6px; width: 100px;\"><\/div>\n<div style=\"background-color: #f4f4f4; border-radius: 4px; flex-grow: 0; height: 14px; width: 60px;\"><\/div>\n<\/div>\n<\/div>\n<div style=\"padding: 19% 0;\"><\/div>\n<div style=\"display: block; height: 50px; margin: 0 auto 12px; width: 50px;\"><\/div>\n<div style=\"padding-top: 8px;\">\n<div style=\"color: #3897f0; font-family: Arial,sans-serif; font-size: 14px; font-style: normal; font-weight: 550; line-height: 18px;\">Ver essa foto no Instagram<\/div>\n<\/div>\n<div style=\"padding: 12.5% 0;\"><\/div>\n<div style=\"display: flex; flex-direction: row; margin-bottom: 14px; align-items: center;\">\n<div>\n<div style=\"background-color: #f4f4f4; border-radius: 50%; height: 12.5px; width: 12.5px; transform: translateX(0px) translateY(7px);\"><\/div>\n<div style=\"background-color: #f4f4f4; height: 12.5px; transform: rotate(-45deg) translateX(3px) translateY(1px); width: 12.5px; flex-grow: 0; margin-right: 14px; margin-left: 2px;\"><\/div>\n<div style=\"background-color: #f4f4f4; border-radius: 50%; height: 12.5px; width: 12.5px; transform: translateX(9px) translateY(-18px);\"><\/div>\n<\/div>\n<div style=\"margin-left: 8px;\">\n<div style=\"background-color: #f4f4f4; border-radius: 50%; flex-grow: 0; height: 20px; width: 20px;\"><\/div>\n<div style=\"width: 0; height: 0; border-top: 2px solid transparent; border-left: 6px solid #f4f4f4; border-bottom: 2px solid transparent; transform: translateX(16px) translateY(-4px) rotate(30deg);\"><\/div>\n<\/div>\n<div style=\"margin-left: auto;\">\n<div style=\"width: 0px; border-top: 8px solid #F4F4F4; border-right: 8px solid transparent; transform: translateY(16px);\"><\/div>\n<div style=\"background-color: #f4f4f4; flex-grow: 0; height: 12px; width: 16px; transform: translateY(-4px);\"><\/div>\n<div style=\"width: 0; height: 0; border-top: 8px solid #F4F4F4; border-left: 8px solid transparent; transform: translateY(-4px) translateX(8px);\"><\/div>\n<\/div>\n<\/div>\n<div style=\"display: flex; flex-direction: column; flex-grow: 1; justify-content: center; margin-bottom: 24px;\">\n<div style=\"background-color: #f4f4f4; border-radius: 4px; flex-grow: 0; height: 14px; margin-bottom: 6px; width: 224px;\"><\/div>\n<div style=\"background-color: #f4f4f4; border-radius: 4px; flex-grow: 0; height: 14px; width: 144px;\"><\/div>\n<\/div>\n<p>&nbsp;<\/p>\n<p style=\"color: #c9c8cd; font-family: Arial,sans-serif; font-size: 14px; line-height: 17px; margin-bottom: 0; margin-top: 8px; overflow: hidden; padding: 8px 0 7px; text-align: center; text-overflow: ellipsis; white-space: nowrap;\"><a style=\"color: #c9c8cd; font-family: Arial,sans-serif; font-size: 14px; font-style: normal; font-weight: normal; line-height: 17px; text-decoration: none;\" href=\"https:\/\/www.instagram.com\/p\/CfoqMrvLsVW\/?utm_source=ig_embed&amp;utm_campaign=loading\" target=\"_blank\" rel=\"noopener\">Uma publica\u00e7\u00e3o compartilhada por Global Vita Sports (@globalvitasports)<\/a><\/p>\n<\/div>\n<\/blockquote>\n<p><script async src=\"\/\/www.instagram.com\/embed.js\"><\/script><\/p>\n<p><b>Novidades para edi\u00e7\u00e3o 2022<\/b><\/p>\n<p><span style=\"font-weight: 400;\">A Maratona de Curitiba retorna ao calend\u00e1rio nacional com novidades. O grande destaque \u00e9 uma das mais altas premia\u00e7\u00f5es em corridas de rua do Brasil em 2022, Ser\u00e3o distribu\u00eddos R$ 192 mil aos primeiros colocados do evento. Os campe\u00f5es da maratona masculina e feminina recebem R$ 40 mil cada &#8211; o maior pr\u00eamio em dinheiro para os 42 km entregue em eventos em solo brasileiro neste ano. Por isso, a expectativa \u00e9 de que grandes nomes do atletismo brasileiro e maratonistas internacionais marquem presen\u00e7a na Maratona de Curitiba.\u00a0<\/span><\/p>\n<p><span style=\"font-weight: 400;\">Outra grande novidade para esta edi\u00e7\u00e3o \u00e9 a transmiss\u00e3o simult\u00e2nea do maratona. Al\u00e9m disso, o evento vai contar com tr\u00eas dias de Expo Village para ampliar a experi\u00eancia do atleta. O espa\u00e7o tem\u00e1tico ir\u00e1 sediar ativa\u00e7\u00f5es, muito conte\u00fado e diversas oportunidades comerciais para marcas que queiram se conectar com o p\u00fablico. A estimativa \u00e9 que mais de 30 mil pessoas passem pelo espa\u00e7o durante o per\u00edodo.\u00a0<\/span><\/p>\n<p><img fetchpriority=\"high\" decoding=\"async\" class=\"alignnone size-large wp-image-14080\" src=\"https:\/\/chelso.com.br\/site\/wp-content\/uploads\/2022\/07\/unnamed-20-1024x683.jpg\" alt=\"Maratona de Curitiba\" width=\"788\" height=\"526\" \/><\/p>\n<p><b>Maratona de Curitiba virtual<\/b><\/p>\n<p><span style=\"font-weight: 400;\">Al\u00e9m das inscri\u00e7\u00f5es para a maratona e para as outras tr\u00eas dist\u00e2ncias, o atleta tamb\u00e9m poder\u00e1 se inscrever para a Maratona de Curitiba Virtual. \u00c9 uma forma de integrar mais corredores \u00e0 tradicional prova do calend\u00e1rio esportivo brasileiro. O participante deve percorrer a dist\u00e2ncia escolhida durante a semana do evento, entre os dias 14 e 20 de novembro, em qualquer localidade e, depois, enviar a comprova\u00e7\u00e3o de conclus\u00e3o, por meio do aplicativo Strava ou foto do app de monitoramento de dist\u00e2ncia que j\u00e1 utiliza.<\/span><\/p>\n<p><span style=\"font-weight: 400;\">Os kits aos atletas inscritos na maratona virtual s\u00e3o id\u00eanticos aos das provas presenciais, e ser\u00e3o despachados entre os dias 21 e 25 de novembro. As inscri\u00e7\u00f5es para as provas virtuais da Maratona da Curitiba ser\u00e3o disponibilizadas ao p\u00fablico no m\u00eas de agosto.<\/span><\/p>\n<p><iframe  id=\"_ytid_38777\"  width=\"788\" height=\"443\"  data-origwidth=\"788\" data-origheight=\"443\" src=\"https:\/\/www.youtube.com\/embed\/s2Keui5ETiI?enablejsapi=1&#038;autoplay=0&#038;cc_load_policy=0&#038;cc_lang_pref=&#038;iv_load_policy=1&#038;loop=0&#038;rel=1&#038;fs=1&#038;playsinline=0&#038;autohide=2&#038;theme=dark&#038;color=red&#038;controls=1&#038;disablekb=0&#038;\" class=\"__youtube_prefs__  epyt-is-override  no-lazyload\" title=\"YouTube player\"  allow=\"fullscreen; accelerometer; autoplay; clipboard-write; encrypted-media; gyroscope; picture-in-picture; web-share\" referrerpolicy=\"strict-origin-when-cross-origin\" allowfullscreen data-no-lazy=\"1\" data-skipgform_ajax_framebjll=\"\"><\/iframe><\/p>\n<p><b>Sobre a Maratona de Curitiba 2022<\/b><\/p>\n<p><span style=\"font-weight: 400;\">A primeira edi\u00e7\u00e3o do evento aconteceu em 1997. Desde ent\u00e3o, \u00e9 realizado no terceiro final de semana do m\u00eas de novembro. Com um percurso t\u00e9cnico, subidas longas e suaves, a Maratona de Curitiba percorre 22 bairros da capital paranaense e passa por alguns dos principais pontos tur\u00edsticos. O evento tem o apoio institucional da Prefeitura de Curitiba, e realiza\u00e7\u00e3o e organiza\u00e7\u00e3o da Global Vita Sports e Associa\u00e7\u00e3o Pro Correr.<\/span><\/p>\n<p><b>Servi\u00e7os:<\/b><\/p>\n<p><b>Maratona de Curitiba\u00a0<\/b><\/p>\n<p><span style=\"font-weight: 400;\">Data: 20 de novembro\u00a0<\/span><\/p>\n<p><span style=\"font-weight: 400;\">Dist\u00e2ncias: 42 km, 21 km, 10 km e 5 km<\/span><\/p>\n<p><span style=\"font-weight: 400;\">Per\u00edodo de inscri\u00e7\u00f5es: a partir de 5 de julho &#8211; lote de lan\u00e7amento dispon\u00edvel at\u00e9 15 de julho.\u00a0<\/span><\/p>\n<p><span style=\"font-weight: 400;\">Site do evento: <\/span><a href=\"http:\/\/www.maratonadecuritiba.com.br\"><span style=\"font-weight: 400;\">www.maratonadecuritiba.com.br<\/span><\/a><\/p>\n<p><span style=\"font-weight: 400;\">Realiza\u00e7\u00e3o e Organiza\u00e7\u00e3o: Global Vita Sports e Associa\u00e7\u00e3o Pro Correr<\/span><\/p>\n<p><span style=\"font-weight: 400;\">Apoio Institucional: Prefeitura de Curitiba<\/span><\/p>\n","protected":false},"excerpt":{"rendered":"<p>Est\u00e3o abertas as inscri\u00e7\u00f5es para a Maratona de Curitiba. O evento esportivo est\u00e1 confirmado para 20 de novembro na capital paranaense. Ap\u00f3s hiato de dois anos, a tradicional prova retorna ao calend\u00e1rio nacional de corridas de rua e ter\u00e1 uma premia\u00e7\u00e3o de R$ 192 mil. Do total em dinheiro, s\u00e3o R$ 40 mil aos campe\u00f5es<\/p>\n","protected":false},"author":21,"featured_media":0,"comment_status":"open","ping_status":"closed","sticky":false,"template":"","format":"standard","meta":{"om_disable_all_campaigns":false,"_monsterinsights_skip_tracking":false,"_monsterinsights_sitenote_active":false,"_monsterinsights_sitenote_note":"","_monsterinsights_sitenote_category":0,"footnotes":""},"categories":[56,30],"tags":[877,41,37,52,1391],"class_list":{"0":"post-14078","1":"post","2":"type-post","3":"status-publish","4":"format-standard","6":"category-eventos","7":"category-noticias","8":"tag-42km","9":"tag-chelso-sports","10":"tag-corrida-de-rua","11":"tag-maratona","12":"tag-maratona-de-curitiba"},"aioseo_notices":[],"yoast_head":"<!-- This site is optimized with the Yoast SEO plugin v27.5 - https:\/\/yoast.com\/product\/yoast-seo-wordpress\/ -->\n<title>Maratona de Curitiba abre inscri\u00e7\u00f5es e ter\u00e1 maior pr\u00eamio aos campe\u00f5es dos 42 km do Brasil - Portal Chelso Sports<\/title>\n<meta name=\"description\" content=\"Maratona de Curitiba abre inscri\u00e7\u00f5es e ter\u00e1 maior pr\u00eamio aos campe\u00f5es dos 42 km do Brasil. Evento acontece dia 20 de novembro.\" \/>\n<meta name=\"robots\" content=\"index, follow, max-snippet:-1, max-image-preview:large, max-video-preview:-1\" \/>\n<link rel=\"canonical\" href=\"https:\/\/chelso.com.br\/site\/maratona-de-curitiba\/\" \/>\n<meta property=\"og:locale\" content=\"pt_BR\" \/>\n<meta property=\"og:type\" content=\"article\" \/>\n<meta property=\"og:title\" content=\"Maratona de Curitiba abre inscri\u00e7\u00f5es e ter\u00e1 maior pr\u00eamio aos campe\u00f5es dos 42 km do Brasil - Portal Chelso Sports\" \/>\n<meta property=\"og:description\" content=\"Maratona de Curitiba abre inscri\u00e7\u00f5es e ter\u00e1 maior pr\u00eamio aos campe\u00f5es dos 42 km do Brasil. Evento acontece dia 20 de novembro.\" \/>\n<meta property=\"og:url\" content=\"https:\/\/chelso.com.br\/site\/maratona-de-curitiba\/\" \/>\n<meta property=\"og:site_name\" content=\"Portal Chelso Sports\" \/>\n<meta property=\"article:published_time\" content=\"2022-07-08T18:00:19+00:00\" \/>\n<meta property=\"og:image\" content=\"https:\/\/chelso.com.br\/site\/wp-content\/uploads\/2022\/07\/unnamed-19-scaled.jpg\" \/>\n\t<meta property=\"og:image:width\" content=\"2560\" \/>\n\t<meta property=\"og:image:height\" content=\"1707\" \/>\n\t<meta property=\"og:image:type\" content=\"image\/jpeg\" \/>\n<meta name=\"author\" content=\"Chelso\" \/>\n<meta name=\"twitter:card\" content=\"summary_large_image\" \/>\n<meta name=\"twitter:label1\" content=\"Escrito por\" \/>\n\t<meta name=\"twitter:data1\" content=\"Chelso\" \/>\n\t<meta name=\"twitter:label2\" content=\"Est. tempo de leitura\" \/>\n\t<meta name=\"twitter:data2\" content=\"5 minutos\" \/>\n<script type=\"application\/ld+json\" class=\"yoast-schema-graph\">{\"@context\":\"https:\\\/\\\/schema.org\",\"@graph\":[{\"@type\":\"Article\",\"@id\":\"https:\\\/\\\/chelso.com.br\\\/site\\\/maratona-de-curitiba\\\/#article\",\"isPartOf\":{\"@id\":\"https:\\\/\\\/chelso.com.br\\\/site\\\/maratona-de-curitiba\\\/\"},\"author\":{\"name\":\"Chelso\",\"@id\":\"https:\\\/\\\/chelso.com.br\\\/site\\\/#\\\/schema\\\/person\\\/06bf484f0ccbb71d4fd2128d594e1d0a\"},\"headline\":\"Maratona de Curitiba abre inscri\u00e7\u00f5es e ter\u00e1 maior pr\u00eamio aos campe\u00f5es dos 42 km do Brasil\",\"datePublished\":\"2022-07-08T18:00:19+00:00\",\"mainEntityOfPage\":{\"@id\":\"https:\\\/\\\/chelso.com.br\\\/site\\\/maratona-de-curitiba\\\/\"},\"wordCount\":853,\"commentCount\":0,\"image\":{\"@id\":\"https:\\\/\\\/chelso.com.br\\\/site\\\/maratona-de-curitiba\\\/#primaryimage\"},\"thumbnailUrl\":\"https:\\\/\\\/chelso.com.br\\\/site\\\/wp-content\\\/uploads\\\/2022\\\/07\\\/unnamed-20-1024x683.jpg\",\"keywords\":[\"42km\",\"chelso sports\",\"corrida de rua\",\"Maratona\",\"Maratona de Curitiba\"],\"articleSection\":[\"Eventos\",\"Not\u00edcias\"],\"inLanguage\":\"pt-BR\",\"potentialAction\":[{\"@type\":\"CommentAction\",\"name\":\"Comment\",\"target\":[\"https:\\\/\\\/chelso.com.br\\\/site\\\/maratona-de-curitiba\\\/#respond\"]}]},{\"@type\":\"WebPage\",\"@id\":\"https:\\\/\\\/chelso.com.br\\\/site\\\/maratona-de-curitiba\\\/\",\"url\":\"https:\\\/\\\/chelso.com.br\\\/site\\\/maratona-de-curitiba\\\/\",\"name\":\"Maratona de Curitiba abre inscri\u00e7\u00f5es e ter\u00e1 maior pr\u00eamio aos campe\u00f5es dos 42 km do Brasil - Portal Chelso Sports\",\"isPartOf\":{\"@id\":\"https:\\\/\\\/chelso.com.br\\\/site\\\/#website\"},\"primaryImageOfPage\":{\"@id\":\"https:\\\/\\\/chelso.com.br\\\/site\\\/maratona-de-curitiba\\\/#primaryimage\"},\"image\":{\"@id\":\"https:\\\/\\\/chelso.com.br\\\/site\\\/maratona-de-curitiba\\\/#primaryimage\"},\"thumbnailUrl\":\"https:\\\/\\\/chelso.com.br\\\/site\\\/wp-content\\\/uploads\\\/2022\\\/07\\\/unnamed-20-1024x683.jpg\",\"datePublished\":\"2022-07-08T18:00:19+00:00\",\"author\":{\"@id\":\"https:\\\/\\\/chelso.com.br\\\/site\\\/#\\\/schema\\\/person\\\/06bf484f0ccbb71d4fd2128d594e1d0a\"},\"description\":\"Maratona de Curitiba abre inscri\u00e7\u00f5es e ter\u00e1 maior pr\u00eamio aos campe\u00f5es dos 42 km do Brasil. Evento acontece dia 20 de novembro.\",\"breadcrumb\":{\"@id\":\"https:\\\/\\\/chelso.com.br\\\/site\\\/maratona-de-curitiba\\\/#breadcrumb\"},\"inLanguage\":\"pt-BR\",\"potentialAction\":[{\"@type\":\"ReadAction\",\"target\":[\"https:\\\/\\\/chelso.com.br\\\/site\\\/maratona-de-curitiba\\\/\"]}]},{\"@type\":\"ImageObject\",\"inLanguage\":\"pt-BR\",\"@id\":\"https:\\\/\\\/chelso.com.br\\\/site\\\/maratona-de-curitiba\\\/#primaryimage\",\"url\":\"https:\\\/\\\/chelso.com.br\\\/site\\\/wp-content\\\/uploads\\\/2022\\\/07\\\/unnamed-20-1024x683.jpg\",\"contentUrl\":\"https:\\\/\\\/chelso.com.br\\\/site\\\/wp-content\\\/uploads\\\/2022\\\/07\\\/unnamed-20-1024x683.jpg\"},{\"@type\":\"BreadcrumbList\",\"@id\":\"https:\\\/\\\/chelso.com.br\\\/site\\\/maratona-de-curitiba\\\/#breadcrumb\",\"itemListElement\":[{\"@type\":\"ListItem\",\"position\":1,\"name\":\"In\u00edcio\",\"item\":\"https:\\\/\\\/chelso.com.br\\\/site\\\/\"},{\"@type\":\"ListItem\",\"position\":2,\"name\":\"Maratona de Curitiba abre inscri\u00e7\u00f5es e ter\u00e1 maior pr\u00eamio aos campe\u00f5es dos 42 km do Brasil\"}]},{\"@type\":\"WebSite\",\"@id\":\"https:\\\/\\\/chelso.com.br\\\/site\\\/#website\",\"url\":\"https:\\\/\\\/chelso.com.br\\\/site\\\/\",\"name\":\"Portal Chelso Sports\",\"description\":\"Conte\u00fado especializado em corrida de rua e triathlon\",\"potentialAction\":[{\"@type\":\"SearchAction\",\"target\":{\"@type\":\"EntryPoint\",\"urlTemplate\":\"https:\\\/\\\/chelso.com.br\\\/site\\\/?s={search_term_string}\"},\"query-input\":{\"@type\":\"PropertyValueSpecification\",\"valueRequired\":true,\"valueName\":\"search_term_string\"}}],\"inLanguage\":\"pt-BR\"},{\"@type\":\"Person\",\"@id\":\"https:\\\/\\\/chelso.com.br\\\/site\\\/#\\\/schema\\\/person\\\/06bf484f0ccbb71d4fd2128d594e1d0a\",\"name\":\"Chelso\",\"image\":{\"@type\":\"ImageObject\",\"inLanguage\":\"pt-BR\",\"@id\":\"https:\\\/\\\/chelso.com.br\\\/site\\\/wp-content\\\/uploads\\\/2025\\\/04\\\/Perfil20192-150x149.png\",\"url\":\"https:\\\/\\\/chelso.com.br\\\/site\\\/wp-content\\\/uploads\\\/2025\\\/04\\\/Perfil20192-150x149.png\",\"contentUrl\":\"https:\\\/\\\/chelso.com.br\\\/site\\\/wp-content\\\/uploads\\\/2025\\\/04\\\/Perfil20192-150x149.png\",\"caption\":\"Chelso\"},\"sameAs\":[\"http:\\\/\\\/www.chelso.com.br\"],\"url\":\"https:\\\/\\\/chelso.com.br\\\/site\\\/author\\\/maryblog\\\/\"}]}<\/script>\n<!-- \/ Yoast SEO plugin. -->","yoast_head_json":{"title":"Maratona de Curitiba abre inscri\u00e7\u00f5es e ter\u00e1 maior pr\u00eamio aos campe\u00f5es dos 42 km do Brasil - Portal Chelso Sports","description":"Maratona de Curitiba abre inscri\u00e7\u00f5es e ter\u00e1 maior pr\u00eamio aos campe\u00f5es dos 42 km do Brasil. Evento acontece dia 20 de novembro.","robots":{"index":"index","follow":"follow","max-snippet":"max-snippet:-1","max-image-preview":"max-image-preview:large","max-video-preview":"max-video-preview:-1"},"canonical":"https:\/\/chelso.com.br\/site\/maratona-de-curitiba\/","og_locale":"pt_BR","og_type":"article","og_title":"Maratona de Curitiba abre inscri\u00e7\u00f5es e ter\u00e1 maior pr\u00eamio aos campe\u00f5es dos 42 km do Brasil - Portal Chelso Sports","og_description":"Maratona de Curitiba abre inscri\u00e7\u00f5es e ter\u00e1 maior pr\u00eamio aos campe\u00f5es dos 42 km do Brasil. Evento acontece dia 20 de novembro.","og_url":"https:\/\/chelso.com.br\/site\/maratona-de-curitiba\/","og_site_name":"Portal Chelso Sports","article_published_time":"2022-07-08T18:00:19+00:00","og_image":[{"width":2560,"height":1707,"url":"https:\/\/chelso.com.br\/site\/wp-content\/uploads\/2022\/07\/unnamed-19-scaled.jpg","type":"image\/jpeg"}],"author":"Chelso","twitter_card":"summary_large_image","twitter_misc":{"Escrito por":"Chelso","Est. tempo de leitura":"5 minutos"},"schema":{"@context":"https:\/\/schema.org","@graph":[{"@type":"Article","@id":"https:\/\/chelso.com.br\/site\/maratona-de-curitiba\/#article","isPartOf":{"@id":"https:\/\/chelso.com.br\/site\/maratona-de-curitiba\/"},"author":{"name":"Chelso","@id":"https:\/\/chelso.com.br\/site\/#\/schema\/person\/06bf484f0ccbb71d4fd2128d594e1d0a"},"headline":"Maratona de Curitiba abre inscri\u00e7\u00f5es e ter\u00e1 maior pr\u00eamio aos campe\u00f5es dos 42 km do Brasil","datePublished":"2022-07-08T18:00:19+00:00","mainEntityOfPage":{"@id":"https:\/\/chelso.com.br\/site\/maratona-de-curitiba\/"},"wordCount":853,"commentCount":0,"image":{"@id":"https:\/\/chelso.com.br\/site\/maratona-de-curitiba\/#primaryimage"},"thumbnailUrl":"https:\/\/chelso.com.br\/site\/wp-content\/uploads\/2022\/07\/unnamed-20-1024x683.jpg","keywords":["42km","chelso sports","corrida de rua","Maratona","Maratona de Curitiba"],"articleSection":["Eventos","Not\u00edcias"],"inLanguage":"pt-BR","potentialAction":[{"@type":"CommentAction","name":"Comment","target":["https:\/\/chelso.com.br\/site\/maratona-de-curitiba\/#respond"]}]},{"@type":"WebPage","@id":"https:\/\/chelso.com.br\/site\/maratona-de-curitiba\/","url":"https:\/\/chelso.com.br\/site\/maratona-de-curitiba\/","name":"Maratona de Curitiba abre inscri\u00e7\u00f5es e ter\u00e1 maior pr\u00eamio aos campe\u00f5es dos 42 km do Brasil - Portal Chelso Sports","isPartOf":{"@id":"https:\/\/chelso.com.br\/site\/#website"},"primaryImageOfPage":{"@id":"https:\/\/chelso.com.br\/site\/maratona-de-curitiba\/#primaryimage"},"image":{"@id":"https:\/\/chelso.com.br\/site\/maratona-de-curitiba\/#primaryimage"},"thumbnailUrl":"https:\/\/chelso.com.br\/site\/wp-content\/uploads\/2022\/07\/unnamed-20-1024x683.jpg","datePublished":"2022-07-08T18:00:19+00:00","author":{"@id":"https:\/\/chelso.com.br\/site\/#\/schema\/person\/06bf484f0ccbb71d4fd2128d594e1d0a"},"description":"Maratona de Curitiba abre inscri\u00e7\u00f5es e ter\u00e1 maior pr\u00eamio aos campe\u00f5es dos 42 km do Brasil. Evento acontece dia 20 de novembro.","breadcrumb":{"@id":"https:\/\/chelso.com.br\/site\/maratona-de-curitiba\/#breadcrumb"},"inLanguage":"pt-BR","potentialAction":[{"@type":"ReadAction","target":["https:\/\/chelso.com.br\/site\/maratona-de-curitiba\/"]}]},{"@type":"ImageObject","inLanguage":"pt-BR","@id":"https:\/\/chelso.com.br\/site\/maratona-de-curitiba\/#primaryimage","url":"https:\/\/chelso.com.br\/site\/wp-content\/uploads\/2022\/07\/unnamed-20-1024x683.jpg","contentUrl":"https:\/\/chelso.com.br\/site\/wp-content\/uploads\/2022\/07\/unnamed-20-1024x683.jpg"},{"@type":"BreadcrumbList","@id":"https:\/\/chelso.com.br\/site\/maratona-de-curitiba\/#breadcrumb","itemListElement":[{"@type":"ListItem","position":1,"name":"In\u00edcio","item":"https:\/\/chelso.com.br\/site\/"},{"@type":"ListItem","position":2,"name":"Maratona de Curitiba abre inscri\u00e7\u00f5es e ter\u00e1 maior pr\u00eamio aos campe\u00f5es dos 42 km do Brasil"}]},{"@type":"WebSite","@id":"https:\/\/chelso.com.br\/site\/#website","url":"https:\/\/chelso.com.br\/site\/","name":"Portal Chelso Sports","description":"Conte\u00fado especializado em corrida de rua e triathlon","potentialAction":[{"@type":"SearchAction","target":{"@type":"EntryPoint","urlTemplate":"https:\/\/chelso.com.br\/site\/?s={search_term_string}"},"query-input":{"@type":"PropertyValueSpecification","valueRequired":true,"valueName":"search_term_string"}}],"inLanguage":"pt-BR"},{"@type":"Person","@id":"https:\/\/chelso.com.br\/site\/#\/schema\/person\/06bf484f0ccbb71d4fd2128d594e1d0a","name":"Chelso","image":{"@type":"ImageObject","inLanguage":"pt-BR","@id":"https:\/\/chelso.com.br\/site\/wp-content\/uploads\/2025\/04\/Perfil20192-150x149.png","url":"https:\/\/chelso.com.br\/site\/wp-content\/uploads\/2025\/04\/Perfil20192-150x149.png","contentUrl":"https:\/\/chelso.com.br\/site\/wp-content\/uploads\/2025\/04\/Perfil20192-150x149.png","caption":"Chelso"},"sameAs":["http:\/\/www.chelso.com.br"],"url":"https:\/\/chelso.com.br\/site\/author\/maryblog\/"}]}},"amp_enabled":true,"_links":{"self":[{"href":"https:\/\/chelso.com.br\/site\/wp-json\/wp\/v2\/posts\/14078","targetHints":{"allow":["GET"]}}],"collection":[{"href":"https:\/\/chelso.com.br\/site\/wp-json\/wp\/v2\/posts"}],"about":[{"href":"https:\/\/chelso.com.br\/site\/wp-json\/wp\/v2\/types\/post"}],"author":[{"embeddable":true,"href":"https:\/\/chelso.com.br\/site\/wp-json\/wp\/v2\/users\/21"}],"replies":[{"embeddable":true,"href":"https:\/\/chelso.com.br\/site\/wp-json\/wp\/v2\/comments?post=14078"}],"version-history":[{"count":1,"href":"https:\/\/chelso.com.br\/site\/wp-json\/wp\/v2\/posts\/14078\/revisions"}],"predecessor-version":[{"id":14081,"href":"https:\/\/chelso.com.br\/site\/wp-json\/wp\/v2\/posts\/14078\/revisions\/14081"}],"wp:attachment":[{"href":"https:\/\/chelso.com.br\/site\/wp-json\/wp\/v2\/media?parent=14078"}],"wp:term":[{"taxonomy":"category","embeddable":true,"href":"https:\/\/chelso.com.br\/site\/wp-json\/wp\/v2\/categories?post=14078"},{"taxonomy":"post_tag","embeddable":true,"href":"https:\/\/chelso.com.br\/site\/wp-json\/wp\/v2\/tags?post=14078"}],"curies":[{"name":"wp","href":"https:\/\/api.w.org\/{rel}","templated":true}]}}