{"id":14233,"date":"2022-07-21T17:55:48","date_gmt":"2022-07-21T20:55:48","guid":{"rendered":"https:\/\/chelso.com.br\/site\/?p=14233"},"modified":"2022-07-21T17:55:48","modified_gmt":"2022-07-21T20:55:48","slug":"alison-dos-santos-e-campeao-mundial","status":"publish","type":"post","link":"https:\/\/chelso.com.br\/site\/alison-dos-santos-e-campeao-mundial\/","title":{"rendered":"Alison dos Santos \u00e9 campe\u00e3o mundial dos 400 m com barreiras"},"content":{"rendered":"<p><strong>Alison dos Santos \u00e9 campe\u00e3o mundial!<\/strong> O paulista Alison dos Santos conquistou a medalha de ouro nesta ter\u00e7a-feira (19\/7) na prova dos 400 m com barreiras do Campeonato Mundial do Oregon de Atletismo, que ser\u00e1 disputado at\u00e9 domingo (24\/7) no Est\u00e1dio Hayward Field, em Eugene, Estados Unidos. Foi a primeira medalha brasileira na competi\u00e7\u00e3o, a segunda de ouro e a 14\u00aa na hist\u00f3ria dos Mundiais.<\/p>\n<p>Com o tempo de 46.29, novo recorde sul-americano e marca l\u00edder do ranking mundial de 2022, ele confirmou todas as expectativas, superando as brilhantes campanhas de 2019 e 2021, quando foi respectivamente finalista no Mundial de Doha, na Catar, aos 19 anos, e medalha de bronze nos Jogos Ol\u00edmpicos de T\u00f3quio. O recorde sul-americano anterior era do pr\u00f3prio Alison, com 46.72, desde a conquista da medalha de bronze nos Jogos Ol\u00edmpicos de T\u00f3quio-2021. Bateu ainda o recorde do Campeonato Mundial, que era de 47.18 do norte-americano Kevin Young.<\/p>\n<p><a href=\"https:\/\/chelso.com.br\/site\/provas-presenciais\/\">Saiba mais sobre o nosso calend\u00e1rio de provas presenciais.<\/a><\/p>\n<blockquote class=\"instagram-media\" style=\"background: #FFF; border: 0; border-radius: 3px; box-shadow: 0 0 1px 0 rgba(0,0,0,0.5),0 1px 10px 0 rgba(0,0,0,0.15); margin: 1px; max-width: 540px; min-width: 326px; padding: 0; width: calc(100% - 2px);\" data-instgrm-captioned=\"\" data-instgrm-permalink=\"https:\/\/www.instagram.com\/reel\/CgOFrVrDtRu\/?utm_source=ig_embed&amp;utm_campaign=loading\" data-instgrm-version=\"14\">\n<div style=\"padding: 16px;\">\n<p>&nbsp;<\/p>\n<div style=\"display: flex; flex-direction: row; align-items: center;\">\n<div style=\"background-color: #f4f4f4; border-radius: 50%; flex-grow: 0; height: 40px; margin-right: 14px; width: 40px;\"><\/div>\n<div style=\"display: flex; flex-direction: column; flex-grow: 1; justify-content: center;\">\n<div style=\"background-color: #f4f4f4; border-radius: 4px; flex-grow: 0; height: 14px; margin-bottom: 6px; width: 100px;\"><\/div>\n<div style=\"background-color: #f4f4f4; border-radius: 4px; flex-grow: 0; height: 14px; width: 60px;\"><\/div>\n<\/div>\n<\/div>\n<div style=\"padding: 19% 0;\"><\/div>\n<div style=\"display: block; height: 50px; margin: 0 auto 12px; width: 50px;\"><\/div>\n<div style=\"padding-top: 8px;\">\n<div style=\"color: #3897f0; font-family: Arial,sans-serif; font-size: 14px; font-style: normal; font-weight: 550; line-height: 18px;\">Ver essa foto no Instagram<\/div>\n<\/div>\n<div style=\"padding: 12.5% 0;\"><\/div>\n<div style=\"display: flex; flex-direction: row; margin-bottom: 14px; align-items: center;\">\n<div>\n<div style=\"background-color: #f4f4f4; border-radius: 50%; height: 12.5px; width: 12.5px; transform: translateX(0px) translateY(7px);\"><\/div>\n<div style=\"background-color: #f4f4f4; height: 12.5px; transform: rotate(-45deg) translateX(3px) translateY(1px); width: 12.5px; flex-grow: 0; margin-right: 14px; margin-left: 2px;\"><\/div>\n<div style=\"background-color: #f4f4f4; border-radius: 50%; height: 12.5px; width: 12.5px; transform: translateX(9px) translateY(-18px);\"><\/div>\n<\/div>\n<div style=\"margin-left: 8px;\">\n<div style=\"background-color: #f4f4f4; border-radius: 50%; flex-grow: 0; height: 20px; width: 20px;\"><\/div>\n<div style=\"width: 0; height: 0; border-top: 2px solid transparent; border-left: 6px solid #f4f4f4; border-bottom: 2px solid transparent; transform: translateX(16px) translateY(-4px) rotate(30deg);\"><\/div>\n<\/div>\n<div style=\"margin-left: auto;\">\n<div style=\"width: 0px; border-top: 8px solid #F4F4F4; border-right: 8px solid transparent; transform: translateY(16px);\"><\/div>\n<div style=\"background-color: #f4f4f4; flex-grow: 0; height: 12px; width: 16px; transform: translateY(-4px);\"><\/div>\n<div style=\"width: 0; height: 0; border-top: 8px solid #F4F4F4; border-left: 8px solid transparent; transform: translateY(-4px) translateX(8px);\"><\/div>\n<\/div>\n<\/div>\n<div style=\"display: flex; flex-direction: column; flex-grow: 1; justify-content: center; margin-bottom: 24px;\">\n<div style=\"background-color: #f4f4f4; border-radius: 4px; flex-grow: 0; height: 14px; margin-bottom: 6px; width: 224px;\"><\/div>\n<div style=\"background-color: #f4f4f4; border-radius: 4px; flex-grow: 0; height: 14px; width: 144px;\"><\/div>\n<\/div>\n<p>&nbsp;<\/p>\n<p style=\"color: #c9c8cd; font-family: Arial,sans-serif; font-size: 14px; line-height: 17px; margin-bottom: 0; margin-top: 8px; overflow: hidden; padding: 8px 0 7px; text-align: center; text-overflow: ellipsis; white-space: nowrap;\"><a style=\"color: #c9c8cd; font-family: Arial,sans-serif; font-size: 14px; font-style: normal; font-weight: normal; line-height: 17px; text-decoration: none;\" href=\"https:\/\/www.instagram.com\/reel\/CgOFrVrDtRu\/?utm_source=ig_embed&amp;utm_campaign=loading\" target=\"_blank\" rel=\"noopener\">Uma publica\u00e7\u00e3o compartilhada por World Athletics (@worldathletics)<\/a><\/p>\n<\/div>\n<\/blockquote>\n<p><script async src=\"\/\/www.instagram.com\/embed.js\"><\/script><\/p>\n<p>Os norte-americanos Rai Benjamim e Trevor Bassitt ficaram em segundo e em terceiro lugares, com os tempos de 46.89 e 47.39, respectivamente. O noruegu\u00eas Karsten Warholm, campe\u00e3o ol\u00edmpico e recordista mundial, terminou na s\u00e9tima coloca\u00e7\u00e3o, com 48.42, sentindo evidentemente falta de ritmo de competi\u00e7\u00e3o por les\u00e3o.<\/p>\n<p>Muito feliz e esbanjando simpatia, ele atendeu muitas pessoas na sa\u00edda da pista com a bandeira do Brasil nas costas. Ele agradeceu a fam\u00edlia e ofereceu a vit\u00f3ria para a sobrinha &#8220;que acaba de chegar&#8221;. &#8220;\u00c9 um momento inesquec\u00edvel, uma situa\u00e7\u00e3o maravilhosa de alcan\u00e7ar o topo do mundo&#8221;, disse ao chegar \u00e0 zona mista. &#8220;Estou tendo o apelido de gelado, mas aqui \u00e9 a parte f\u00e1cil, competir \u00e9 muito f\u00e1cil. N\u00e3o tem dificuldade, n\u00e3o tem estresse, n\u00e3o tem dor, n\u00e3o tem nada. O dif\u00edcil s\u00e3o os treinos. Quando estou aqui me sinto muito confort\u00e1vel porque sei que a parte dif\u00edcil j\u00e1 foi.&#8221;<\/p>\n<p><iframe  id=\"_ytid_99477\"  width=\"788\" height=\"443\"  data-origwidth=\"788\" data-origheight=\"443\" src=\"https:\/\/www.youtube.com\/embed\/s32Em_RESO0?enablejsapi=1&#038;autoplay=0&#038;cc_load_policy=0&#038;cc_lang_pref=&#038;iv_load_policy=1&#038;loop=0&#038;rel=1&#038;fs=1&#038;playsinline=0&#038;autohide=2&#038;theme=dark&#038;color=red&#038;controls=1&#038;disablekb=0&#038;\" class=\"__youtube_prefs__  epyt-is-override  no-lazyload\" title=\"YouTube player\"  allow=\"fullscreen; accelerometer; autoplay; clipboard-write; encrypted-media; gyroscope; picture-in-picture; web-share\" referrerpolicy=\"strict-origin-when-cross-origin\" allowfullscreen data-no-lazy=\"1\" data-skipgform_ajax_framebjll=\"\"><\/iframe><\/p>\n<blockquote><p>&#8220;Eu e o meu treinador (<em>Felipe de Siqueira<\/em>) &#8211; passamos da fase de ser s\u00f3 treinador e atleta e somos muito amigos, temos uma liga\u00e7\u00e3o muito forte &#8211; , a gente sempre conversou de querer fazer hist\u00f3ria. Conversei sobre isso com o Joaquim Cruz tamb\u00e9m (<em>campe\u00e3o ol\u00edmpico, Chefe de Equipe do Brasil em Oregon<\/em>). E a gente quer ser uma lenda, deixar o nosso nome no atletismo, nos 400 m com barreiras. E tinha de come\u00e7ar cedo, n\u00e3o dava pra esperar chegar 2024, 2028 pra fazer hist\u00f3ria&#8221;, prosseguiu<\/p><\/blockquote>\n<p>&#8220;Eu j\u00e1 corri com o recordista mundial e a gente tem no\u00e7\u00e3o de que em algum momento baixar essa marca \u00e9 poss\u00edvel (45.94). Os 46 j\u00e1 foram um sonho para a gente e hoje n\u00e3o \u00e9 mais&#8221;, disse Alison garantindo que sabe que ainda pode evoluir na prova. &#8220;A pergunta n\u00e3o \u00e9 nem se \u00e9 poss\u00edvel, mas quando vamos chegar. As portas est\u00e3o abertas. Se o Warholm corre 45, eu, o Benjamim tamb\u00e9m podemos correr. Ent\u00e3o a pergunta \u00e9 quando.&#8221;<\/p>\n<h2>Alison dos Santos \u00e9 campe\u00e3o mundial<\/h2>\n<p>Treinado por Felipe de Siqueira, que o acompanha no dia a dia desde 2018, Alison (Pinheiros-SP) chegou \u00e0 final do Mundial invicto nos 400 m com barreiras em 2022. Venceu no dia 30 de abril no Drake Relays, em Des Moines (USA), com 48.41; na etapa de Doha (QAT) da Liga Diamante (LD), em 30 de abril, com 47.24; em Eugene (USA), no dia 28 de maio, com 47.23 (LD); em Oslo (NOR), com 47.26, em 16 de junho (LD); e em Estocolmo (SWE), com 46.81, no dia 30 de junho (LD).<\/p>\n<blockquote class=\"instagram-media\" style=\"background: #FFF; border: 0; border-radius: 3px; box-shadow: 0 0 1px 0 rgba(0,0,0,0.5),0 1px 10px 0 rgba(0,0,0,0.15); margin: 1px; max-width: 540px; min-width: 326px; padding: 0; width: calc(100% - 2px);\" data-instgrm-captioned=\"\" data-instgrm-permalink=\"https:\/\/www.instagram.com\/p\/CgN934IqtQJ\/?utm_source=ig_embed&amp;utm_campaign=loading\" data-instgrm-version=\"14\">\n<div style=\"padding: 16px;\">\n<p>&nbsp;<\/p>\n<div style=\"display: flex; flex-direction: row; align-items: center;\">\n<div style=\"background-color: #f4f4f4; border-radius: 50%; flex-grow: 0; height: 40px; margin-right: 14px; width: 40px;\"><\/div>\n<div style=\"display: flex; flex-direction: column; flex-grow: 1; justify-content: center;\">\n<div style=\"background-color: #f4f4f4; border-radius: 4px; flex-grow: 0; height: 14px; margin-bottom: 6px; width: 100px;\"><\/div>\n<div style=\"background-color: #f4f4f4; border-radius: 4px; flex-grow: 0; height: 14px; width: 60px;\"><\/div>\n<\/div>\n<\/div>\n<div style=\"padding: 19% 0;\"><\/div>\n<div style=\"display: block; height: 50px; margin: 0 auto 12px; width: 50px;\"><\/div>\n<div style=\"padding-top: 8px;\">\n<div style=\"color: #3897f0; font-family: Arial,sans-serif; font-size: 14px; font-style: normal; font-weight: 550; line-height: 18px;\">Ver essa foto no Instagram<\/div>\n<\/div>\n<div style=\"padding: 12.5% 0;\"><\/div>\n<div style=\"display: flex; flex-direction: row; margin-bottom: 14px; align-items: center;\">\n<div>\n<div style=\"background-color: #f4f4f4; border-radius: 50%; height: 12.5px; width: 12.5px; transform: translateX(0px) translateY(7px);\"><\/div>\n<div style=\"background-color: #f4f4f4; height: 12.5px; transform: rotate(-45deg) translateX(3px) translateY(1px); width: 12.5px; flex-grow: 0; margin-right: 14px; margin-left: 2px;\"><\/div>\n<div style=\"background-color: #f4f4f4; border-radius: 50%; height: 12.5px; width: 12.5px; transform: translateX(9px) translateY(-18px);\"><\/div>\n<\/div>\n<div style=\"margin-left: 8px;\">\n<div style=\"background-color: #f4f4f4; border-radius: 50%; flex-grow: 0; height: 20px; width: 20px;\"><\/div>\n<div style=\"width: 0; height: 0; border-top: 2px solid transparent; border-left: 6px solid #f4f4f4; border-bottom: 2px solid transparent; transform: translateX(16px) translateY(-4px) rotate(30deg);\"><\/div>\n<\/div>\n<div style=\"margin-left: auto;\">\n<div style=\"width: 0px; border-top: 8px solid #F4F4F4; border-right: 8px solid transparent; transform: translateY(16px);\"><\/div>\n<div style=\"background-color: #f4f4f4; flex-grow: 0; height: 12px; width: 16px; transform: translateY(-4px);\"><\/div>\n<div style=\"width: 0; height: 0; border-top: 8px solid #F4F4F4; border-left: 8px solid transparent; transform: translateY(-4px) translateX(8px);\"><\/div>\n<\/div>\n<\/div>\n<div style=\"display: flex; flex-direction: column; flex-grow: 1; justify-content: center; margin-bottom: 24px;\">\n<div style=\"background-color: #f4f4f4; border-radius: 4px; flex-grow: 0; height: 14px; margin-bottom: 6px; width: 224px;\"><\/div>\n<div style=\"background-color: #f4f4f4; border-radius: 4px; flex-grow: 0; height: 14px; width: 144px;\"><\/div>\n<\/div>\n<p>&nbsp;<\/p>\n<p style=\"color: #c9c8cd; font-family: Arial,sans-serif; font-size: 14px; line-height: 17px; margin-bottom: 0; margin-top: 8px; overflow: hidden; padding: 8px 0 7px; text-align: center; text-overflow: ellipsis; white-space: nowrap;\"><a style=\"color: #c9c8cd; font-family: Arial,sans-serif; font-size: 14px; font-style: normal; font-weight: normal; line-height: 17px; text-decoration: none;\" href=\"https:\/\/www.instagram.com\/p\/CgN934IqtQJ\/?utm_source=ig_embed&amp;utm_campaign=loading\" target=\"_blank\" rel=\"noopener\">Uma publica\u00e7\u00e3o compartilhada por World Athletics (@worldathletics)<\/a><\/p>\n<\/div>\n<\/blockquote>\n<p><script async src=\"\/\/www.instagram.com\/embed.js\"><\/script><\/p>\n<p>No Mundial de Oregon, venceu a qualifica\u00e7\u00e3o no s\u00e1bado (16\/7), com 49.41, e a semifinal de domingo (17\/7), com 47.85, mantendo a lideran\u00e7a no Ranking Mundial do ano, obtida em Estocolmo, agora com a marca da final.<\/p>\n<p>O chefe da delega\u00e7\u00e3o do Brasil no Mundial, o campe\u00e3o ol\u00edmpico Joaquim Cruz, disse que estava confiante no bom desempenho do Alison. \u201cEst\u00e1 bem preparado. No ano passado, ele estava com bons resultados, ficando em segundo ou em terceiro lugares, mas falei com o Felipe (de Siqueira), o treinador dele, que precisava vencer provas. Este ano, est\u00e1 invicto\u201d, comentou Joaquim.<\/p>\n<p><strong>Todas as medalhas do Brasil<\/strong><\/p>\n<p><strong>Ouro<\/strong><\/p>\n<p>Fabiana Murer &#8211; salto com vara &#8211; 4,85 m \u2013 Daegu-2011<\/p>\n<p>Alison dos Santos \u2013 400 m com barreiras &#8211; 46.29 &#8211; Eugene-2022<\/p>\n<figure id=\"attachment_14234\" aria-describedby=\"caption-attachment-14234\" style=\"width: 788px\" class=\"wp-caption alignnone\"><img fetchpriority=\"high\" decoding=\"async\" class=\"size-large wp-image-14234\" src=\"https:\/\/chelso.com.br\/site\/wp-content\/uploads\/2022\/07\/52685-1024x712.jpg\" alt=\"Alison dos Santos \u00e9 campe\u00e3o mundial\" width=\"788\" height=\"548\" \/><figcaption id=\"caption-attachment-14234\" class=\"wp-caption-text\">Alison dos Santos &#8211; (Foto: Carol Coelho\/CBAt)<\/figcaption><\/figure>\n<p><strong>Prata<\/strong><\/p>\n<p>Jos\u00e9 Luiz Barbosa &#8211; 800 m &#8211; 1:44.24 \u2013 T\u00f3quio-1991<\/p>\n<p>Claudinei Quirino &#8211; 200 m &#8211; 19.89 (-0.8) \u2013 Sevilha-1999<\/p>\n<p>Sanderlei Parrela &#8211; 400 m &#8211; 44.29 \u2013 Sevilha-1999<\/p>\n<p>4&#215;100 m masculino \u2013 38.26 \u2013 Paris-2003 (Vicente Lenilson, Edson Luciano Ribeiro, Andr\u00e9 Domingos e Cl\u00e1udio Roberto de Sousa)<\/p>\n<p>Jadel Greg\u00f3rio &#8211; salto triplo \u2013 17,59 m \u2013 Osaka-2007<\/p>\n<p>Fabiana Murer &#8211; salto com vara \u2013 4,85 m \u2013 Pequim-2015<\/p>\n<p><strong>Bronze<\/strong><\/p>\n<p>Joaquim Cruz &#8211; 800 m \u2013 1:44.27 \u2013 Helsinque-1983<\/p>\n<p>Jos\u00e9 Luiz Barbosa &#8211; 800 m \u2013 1:43.76 \u2013 Roma-1987<\/p>\n<p>Luiz Ant\u00f4nio dos Santos &#8211; maratona &#8211; 2:12:49 \u2013 Gotemburgo-1995<\/p>\n<p>Claudinei Quirino &#8211; 200 m &#8211; 20.26 (2.3) \u2013 Atenas-1997<\/p>\n<p>4&#215;100 m masculino \u2013 38.05 \u2013 Sevilha-1999 (Raphael Raymundo de Oliveira, Claudinei Quirino, Edson Luciano Ribeiro e Andr\u00e9 Domingos)<\/p>\n<p>Caio Bonfim \u2013 20 km marcha atl\u00e9tica &#8211; 1:19.04 \u2013 Londres-2017<\/p>\n<p>Informa\u00e7\u00f5es sobre o Mundial est\u00e3o dispon\u00edveis no site do evento:\u00a0<a href=\"https:\/\/www.worldathletics.org\/competitions\/world-athletics-championships\/oregon22\" target=\"_blank\" rel=\"noopener noreferrer\">CLIQUE AQUI<\/a><\/p>\n<p>Texto: Assessoria de Comunica\u00e7\u00e3o CBAt<\/p>\n","protected":false},"excerpt":{"rendered":"<p>Alison dos Santos \u00e9 campe\u00e3o mundial! O paulista Alison dos Santos conquistou a medalha de ouro nesta ter\u00e7a-feira (19\/7) na prova dos 400 m com barreiras do Campeonato Mundial do Oregon de Atletismo, que ser\u00e1 disputado at\u00e9 domingo (24\/7) no Est\u00e1dio Hayward Field, em Eugene, Estados Unidos. Foi a primeira medalha brasileira na competi\u00e7\u00e3o, a<\/p>\n","protected":false},"author":21,"featured_media":0,"comment_status":"open","ping_status":"closed","sticky":false,"template":"","format":"standard","meta":{"om_disable_all_campaigns":false,"_monsterinsights_skip_tracking":false,"_monsterinsights_sitenote_active":false,"_monsterinsights_sitenote_note":"","_monsterinsights_sitenote_category":0,"footnotes":""},"categories":[30,57],"tags":[1410,800,41,1411],"class_list":{"0":"post-14233","1":"post","2":"type-post","3":"status-publish","4":"format-standard","6":"category-noticias","7":"category-resenha-do-atleta","8":"tag-alison-dos-santos","9":"tag-cbat","10":"tag-chelso-sports","11":"tag-mundial-de-atletismo"},"aioseo_notices":[],"yoast_head":"<!-- This site is optimized with the Yoast SEO plugin v27.5 - https:\/\/yoast.com\/product\/yoast-seo-wordpress\/ -->\n<title>Alison dos Santos \u00e9 campe\u00e3o mundial dos 400 m com barreiras<\/title>\n<meta name=\"description\" content=\"Alison dos Santos \u00e9 campe\u00e3o mundial! Paulista conquistou a medalha de ouro nesta ter\u00e7a-feira (19\/7) na prova dos 400 m com barreiras.\" \/>\n<meta name=\"robots\" content=\"index, follow, max-snippet:-1, max-image-preview:large, max-video-preview:-1\" \/>\n<link rel=\"canonical\" href=\"https:\/\/chelso.com.br\/site\/alison-dos-santos-e-campeao-mundial\/\" \/>\n<meta property=\"og:locale\" content=\"pt_BR\" \/>\n<meta property=\"og:type\" content=\"article\" \/>\n<meta property=\"og:title\" content=\"Alison dos Santos \u00e9 campe\u00e3o mundial dos 400 m com barreiras\" \/>\n<meta property=\"og:description\" content=\"Alison dos Santos \u00e9 campe\u00e3o mundial! Paulista conquistou a medalha de ouro nesta ter\u00e7a-feira (19\/7) na prova dos 400 m com barreiras.\" \/>\n<meta property=\"og:url\" content=\"https:\/\/chelso.com.br\/site\/alison-dos-santos-e-campeao-mundial\/\" \/>\n<meta property=\"og:site_name\" content=\"Portal Chelso Sports\" \/>\n<meta property=\"article:published_time\" content=\"2022-07-21T20:55:48+00:00\" \/>\n<meta property=\"og:image\" content=\"https:\/\/chelso.com.br\/site\/wp-content\/uploads\/2022\/07\/52686.jpg\" \/>\n\t<meta property=\"og:image:width\" content=\"1300\" \/>\n\t<meta property=\"og:image:height\" content=\"805\" \/>\n\t<meta property=\"og:image:type\" content=\"image\/jpeg\" \/>\n<meta name=\"author\" content=\"Chelso\" \/>\n<meta name=\"twitter:card\" content=\"summary_large_image\" \/>\n<meta name=\"twitter:label1\" content=\"Escrito por\" \/>\n\t<meta name=\"twitter:data1\" content=\"Chelso\" \/>\n\t<meta name=\"twitter:label2\" content=\"Est. tempo de leitura\" \/>\n\t<meta name=\"twitter:data2\" content=\"5 minutos\" \/>\n<script type=\"application\/ld+json\" class=\"yoast-schema-graph\">{\"@context\":\"https:\\\/\\\/schema.org\",\"@graph\":[{\"@type\":\"Article\",\"@id\":\"https:\\\/\\\/chelso.com.br\\\/site\\\/alison-dos-santos-e-campeao-mundial\\\/#article\",\"isPartOf\":{\"@id\":\"https:\\\/\\\/chelso.com.br\\\/site\\\/alison-dos-santos-e-campeao-mundial\\\/\"},\"author\":{\"name\":\"Chelso\",\"@id\":\"https:\\\/\\\/chelso.com.br\\\/site\\\/#\\\/schema\\\/person\\\/06bf484f0ccbb71d4fd2128d594e1d0a\"},\"headline\":\"Alison dos Santos \u00e9 campe\u00e3o mundial dos 400 m com barreiras\",\"datePublished\":\"2022-07-21T20:55:48+00:00\",\"mainEntityOfPage\":{\"@id\":\"https:\\\/\\\/chelso.com.br\\\/site\\\/alison-dos-santos-e-campeao-mundial\\\/\"},\"wordCount\":896,\"commentCount\":0,\"image\":{\"@id\":\"https:\\\/\\\/chelso.com.br\\\/site\\\/alison-dos-santos-e-campeao-mundial\\\/#primaryimage\"},\"thumbnailUrl\":\"https:\\\/\\\/chelso.com.br\\\/site\\\/wp-content\\\/uploads\\\/2022\\\/07\\\/52685-1024x712.jpg\",\"keywords\":[\"Alison dos Santos\",\"CBAt\",\"chelso sports\",\"Mundial de Atletismo\"],\"articleSection\":[\"Not\u00edcias\",\"Resenha do Atleta\"],\"inLanguage\":\"pt-BR\",\"potentialAction\":[{\"@type\":\"CommentAction\",\"name\":\"Comment\",\"target\":[\"https:\\\/\\\/chelso.com.br\\\/site\\\/alison-dos-santos-e-campeao-mundial\\\/#respond\"]}]},{\"@type\":\"WebPage\",\"@id\":\"https:\\\/\\\/chelso.com.br\\\/site\\\/alison-dos-santos-e-campeao-mundial\\\/\",\"url\":\"https:\\\/\\\/chelso.com.br\\\/site\\\/alison-dos-santos-e-campeao-mundial\\\/\",\"name\":\"Alison dos Santos \u00e9 campe\u00e3o mundial dos 400 m com barreiras\",\"isPartOf\":{\"@id\":\"https:\\\/\\\/chelso.com.br\\\/site\\\/#website\"},\"primaryImageOfPage\":{\"@id\":\"https:\\\/\\\/chelso.com.br\\\/site\\\/alison-dos-santos-e-campeao-mundial\\\/#primaryimage\"},\"image\":{\"@id\":\"https:\\\/\\\/chelso.com.br\\\/site\\\/alison-dos-santos-e-campeao-mundial\\\/#primaryimage\"},\"thumbnailUrl\":\"https:\\\/\\\/chelso.com.br\\\/site\\\/wp-content\\\/uploads\\\/2022\\\/07\\\/52685-1024x712.jpg\",\"datePublished\":\"2022-07-21T20:55:48+00:00\",\"author\":{\"@id\":\"https:\\\/\\\/chelso.com.br\\\/site\\\/#\\\/schema\\\/person\\\/06bf484f0ccbb71d4fd2128d594e1d0a\"},\"description\":\"Alison dos Santos \u00e9 campe\u00e3o mundial! Paulista conquistou a medalha de ouro nesta ter\u00e7a-feira (19\\\/7) na prova dos 400 m com barreiras.\",\"breadcrumb\":{\"@id\":\"https:\\\/\\\/chelso.com.br\\\/site\\\/alison-dos-santos-e-campeao-mundial\\\/#breadcrumb\"},\"inLanguage\":\"pt-BR\",\"potentialAction\":[{\"@type\":\"ReadAction\",\"target\":[\"https:\\\/\\\/chelso.com.br\\\/site\\\/alison-dos-santos-e-campeao-mundial\\\/\"]}]},{\"@type\":\"ImageObject\",\"inLanguage\":\"pt-BR\",\"@id\":\"https:\\\/\\\/chelso.com.br\\\/site\\\/alison-dos-santos-e-campeao-mundial\\\/#primaryimage\",\"url\":\"\",\"contentUrl\":\"\"},{\"@type\":\"BreadcrumbList\",\"@id\":\"https:\\\/\\\/chelso.com.br\\\/site\\\/alison-dos-santos-e-campeao-mundial\\\/#breadcrumb\",\"itemListElement\":[{\"@type\":\"ListItem\",\"position\":1,\"name\":\"In\u00edcio\",\"item\":\"https:\\\/\\\/chelso.com.br\\\/site\\\/\"},{\"@type\":\"ListItem\",\"position\":2,\"name\":\"Alison dos Santos \u00e9 campe\u00e3o mundial dos 400 m com barreiras\"}]},{\"@type\":\"WebSite\",\"@id\":\"https:\\\/\\\/chelso.com.br\\\/site\\\/#website\",\"url\":\"https:\\\/\\\/chelso.com.br\\\/site\\\/\",\"name\":\"Portal Chelso Sports\",\"description\":\"Conte\u00fado especializado em corrida de rua e triathlon\",\"potentialAction\":[{\"@type\":\"SearchAction\",\"target\":{\"@type\":\"EntryPoint\",\"urlTemplate\":\"https:\\\/\\\/chelso.com.br\\\/site\\\/?s={search_term_string}\"},\"query-input\":{\"@type\":\"PropertyValueSpecification\",\"valueRequired\":true,\"valueName\":\"search_term_string\"}}],\"inLanguage\":\"pt-BR\"},{\"@type\":\"Person\",\"@id\":\"https:\\\/\\\/chelso.com.br\\\/site\\\/#\\\/schema\\\/person\\\/06bf484f0ccbb71d4fd2128d594e1d0a\",\"name\":\"Chelso\",\"image\":{\"@type\":\"ImageObject\",\"inLanguage\":\"pt-BR\",\"@id\":\"https:\\\/\\\/chelso.com.br\\\/site\\\/wp-content\\\/uploads\\\/2025\\\/04\\\/Perfil20192-150x149.png\",\"url\":\"https:\\\/\\\/chelso.com.br\\\/site\\\/wp-content\\\/uploads\\\/2025\\\/04\\\/Perfil20192-150x149.png\",\"contentUrl\":\"https:\\\/\\\/chelso.com.br\\\/site\\\/wp-content\\\/uploads\\\/2025\\\/04\\\/Perfil20192-150x149.png\",\"caption\":\"Chelso\"},\"sameAs\":[\"http:\\\/\\\/www.chelso.com.br\"],\"url\":\"https:\\\/\\\/chelso.com.br\\\/site\\\/author\\\/maryblog\\\/\"}]}<\/script>\n<!-- \/ Yoast SEO plugin. -->","yoast_head_json":{"title":"Alison dos Santos \u00e9 campe\u00e3o mundial dos 400 m com barreiras","description":"Alison dos Santos \u00e9 campe\u00e3o mundial! Paulista conquistou a medalha de ouro nesta ter\u00e7a-feira (19\/7) na prova dos 400 m com barreiras.","robots":{"index":"index","follow":"follow","max-snippet":"max-snippet:-1","max-image-preview":"max-image-preview:large","max-video-preview":"max-video-preview:-1"},"canonical":"https:\/\/chelso.com.br\/site\/alison-dos-santos-e-campeao-mundial\/","og_locale":"pt_BR","og_type":"article","og_title":"Alison dos Santos \u00e9 campe\u00e3o mundial dos 400 m com barreiras","og_description":"Alison dos Santos \u00e9 campe\u00e3o mundial! Paulista conquistou a medalha de ouro nesta ter\u00e7a-feira (19\/7) na prova dos 400 m com barreiras.","og_url":"https:\/\/chelso.com.br\/site\/alison-dos-santos-e-campeao-mundial\/","og_site_name":"Portal Chelso Sports","article_published_time":"2022-07-21T20:55:48+00:00","og_image":[{"width":1300,"height":805,"url":"https:\/\/chelso.com.br\/site\/wp-content\/uploads\/2022\/07\/52686.jpg","type":"image\/jpeg"}],"author":"Chelso","twitter_card":"summary_large_image","twitter_misc":{"Escrito por":"Chelso","Est. tempo de leitura":"5 minutos"},"schema":{"@context":"https:\/\/schema.org","@graph":[{"@type":"Article","@id":"https:\/\/chelso.com.br\/site\/alison-dos-santos-e-campeao-mundial\/#article","isPartOf":{"@id":"https:\/\/chelso.com.br\/site\/alison-dos-santos-e-campeao-mundial\/"},"author":{"name":"Chelso","@id":"https:\/\/chelso.com.br\/site\/#\/schema\/person\/06bf484f0ccbb71d4fd2128d594e1d0a"},"headline":"Alison dos Santos \u00e9 campe\u00e3o mundial dos 400 m com barreiras","datePublished":"2022-07-21T20:55:48+00:00","mainEntityOfPage":{"@id":"https:\/\/chelso.com.br\/site\/alison-dos-santos-e-campeao-mundial\/"},"wordCount":896,"commentCount":0,"image":{"@id":"https:\/\/chelso.com.br\/site\/alison-dos-santos-e-campeao-mundial\/#primaryimage"},"thumbnailUrl":"https:\/\/chelso.com.br\/site\/wp-content\/uploads\/2022\/07\/52685-1024x712.jpg","keywords":["Alison dos Santos","CBAt","chelso sports","Mundial de Atletismo"],"articleSection":["Not\u00edcias","Resenha do Atleta"],"inLanguage":"pt-BR","potentialAction":[{"@type":"CommentAction","name":"Comment","target":["https:\/\/chelso.com.br\/site\/alison-dos-santos-e-campeao-mundial\/#respond"]}]},{"@type":"WebPage","@id":"https:\/\/chelso.com.br\/site\/alison-dos-santos-e-campeao-mundial\/","url":"https:\/\/chelso.com.br\/site\/alison-dos-santos-e-campeao-mundial\/","name":"Alison dos Santos \u00e9 campe\u00e3o mundial dos 400 m com barreiras","isPartOf":{"@id":"https:\/\/chelso.com.br\/site\/#website"},"primaryImageOfPage":{"@id":"https:\/\/chelso.com.br\/site\/alison-dos-santos-e-campeao-mundial\/#primaryimage"},"image":{"@id":"https:\/\/chelso.com.br\/site\/alison-dos-santos-e-campeao-mundial\/#primaryimage"},"thumbnailUrl":"https:\/\/chelso.com.br\/site\/wp-content\/uploads\/2022\/07\/52685-1024x712.jpg","datePublished":"2022-07-21T20:55:48+00:00","author":{"@id":"https:\/\/chelso.com.br\/site\/#\/schema\/person\/06bf484f0ccbb71d4fd2128d594e1d0a"},"description":"Alison dos Santos \u00e9 campe\u00e3o mundial! Paulista conquistou a medalha de ouro nesta ter\u00e7a-feira (19\/7) na prova dos 400 m com barreiras.","breadcrumb":{"@id":"https:\/\/chelso.com.br\/site\/alison-dos-santos-e-campeao-mundial\/#breadcrumb"},"inLanguage":"pt-BR","potentialAction":[{"@type":"ReadAction","target":["https:\/\/chelso.com.br\/site\/alison-dos-santos-e-campeao-mundial\/"]}]},{"@type":"ImageObject","inLanguage":"pt-BR","@id":"https:\/\/chelso.com.br\/site\/alison-dos-santos-e-campeao-mundial\/#primaryimage","url":"","contentUrl":""},{"@type":"BreadcrumbList","@id":"https:\/\/chelso.com.br\/site\/alison-dos-santos-e-campeao-mundial\/#breadcrumb","itemListElement":[{"@type":"ListItem","position":1,"name":"In\u00edcio","item":"https:\/\/chelso.com.br\/site\/"},{"@type":"ListItem","position":2,"name":"Alison dos Santos \u00e9 campe\u00e3o mundial dos 400 m com barreiras"}]},{"@type":"WebSite","@id":"https:\/\/chelso.com.br\/site\/#website","url":"https:\/\/chelso.com.br\/site\/","name":"Portal Chelso Sports","description":"Conte\u00fado especializado em corrida de rua e triathlon","potentialAction":[{"@type":"SearchAction","target":{"@type":"EntryPoint","urlTemplate":"https:\/\/chelso.com.br\/site\/?s={search_term_string}"},"query-input":{"@type":"PropertyValueSpecification","valueRequired":true,"valueName":"search_term_string"}}],"inLanguage":"pt-BR"},{"@type":"Person","@id":"https:\/\/chelso.com.br\/site\/#\/schema\/person\/06bf484f0ccbb71d4fd2128d594e1d0a","name":"Chelso","image":{"@type":"ImageObject","inLanguage":"pt-BR","@id":"https:\/\/chelso.com.br\/site\/wp-content\/uploads\/2025\/04\/Perfil20192-150x149.png","url":"https:\/\/chelso.com.br\/site\/wp-content\/uploads\/2025\/04\/Perfil20192-150x149.png","contentUrl":"https:\/\/chelso.com.br\/site\/wp-content\/uploads\/2025\/04\/Perfil20192-150x149.png","caption":"Chelso"},"sameAs":["http:\/\/www.chelso.com.br"],"url":"https:\/\/chelso.com.br\/site\/author\/maryblog\/"}]}},"amp_enabled":true,"_links":{"self":[{"href":"https:\/\/chelso.com.br\/site\/wp-json\/wp\/v2\/posts\/14233","targetHints":{"allow":["GET"]}}],"collection":[{"href":"https:\/\/chelso.com.br\/site\/wp-json\/wp\/v2\/posts"}],"about":[{"href":"https:\/\/chelso.com.br\/site\/wp-json\/wp\/v2\/types\/post"}],"author":[{"embeddable":true,"href":"https:\/\/chelso.com.br\/site\/wp-json\/wp\/v2\/users\/21"}],"replies":[{"embeddable":true,"href":"https:\/\/chelso.com.br\/site\/wp-json\/wp\/v2\/comments?post=14233"}],"version-history":[{"count":1,"href":"https:\/\/chelso.com.br\/site\/wp-json\/wp\/v2\/posts\/14233\/revisions"}],"predecessor-version":[{"id":14236,"href":"https:\/\/chelso.com.br\/site\/wp-json\/wp\/v2\/posts\/14233\/revisions\/14236"}],"wp:attachment":[{"href":"https:\/\/chelso.com.br\/site\/wp-json\/wp\/v2\/media?parent=14233"}],"wp:term":[{"taxonomy":"category","embeddable":true,"href":"https:\/\/chelso.com.br\/site\/wp-json\/wp\/v2\/categories?post=14233"},{"taxonomy":"post_tag","embeddable":true,"href":"https:\/\/chelso.com.br\/site\/wp-json\/wp\/v2\/tags?post=14233"}],"curies":[{"name":"wp","href":"https:\/\/api.w.org\/{rel}","templated":true}]}}