{"id":14470,"date":"2022-08-16T16:28:14","date_gmt":"2022-08-16T19:28:14","guid":{"rendered":"https:\/\/chelso.com.br\/site\/?p=14470"},"modified":"2022-08-16T16:28:14","modified_gmt":"2022-08-16T19:28:14","slug":"olympikus-retoma-bota-pra-correr","status":"publish","type":"post","link":"https:\/\/chelso.com.br\/site\/olympikus-retoma-bota-pra-correr\/","title":{"rendered":"Olympikus retoma Bota Pra Correr na Chapada dos Veadeiros"},"content":{"rendered":"<p><strong>Olympikus retoma Bota Pra Correr na Chapada dos Veadeiros! <\/strong>O Bota Pra Correr voltou em grande estilo neste final de semana, na Chapada dos Veadeiros, em Goi\u00e1s. Aproximadamente 400 pessoas, entre corredores amadores, profissionais e influenciadores digitais, fizeram parte da retomada do movimento que convida os participantes a conhecerem o Brasil correndo. A segunda prova ser\u00e1 em S\u00e3o Miguel dos Milagres (AL), em outubro.<\/p>\n<p><a href=\"https:\/\/chelso.com.br\/site\/provas-presenciais\/\">Saiba mais sobre o nosso calend\u00e1rio de provas presenciais.<\/a><\/p>\n<h2><strong>Olympikus retoma Bota Pra Correr na Chapada dos Veadeiros<\/strong><\/h2>\n<p>Com duas op\u00e7\u00f5es de dist\u00e2ncias, 10km e 21km, o Bota Pra Correr Chapada dos Veadeiros teve percurso 100% de asfalto e proporcionou aos participantes cen\u00e1rios exuberantes envoltos por chapad\u00f5es, serras, pared\u00f5es, c\u00e2nions e estradas. A prova reuniu atletas de todo o pa\u00eds e tamb\u00e9m contou com a presen\u00e7a ilustre do campe\u00e3o ol\u00edmpico de v\u00f4lei Bruninho. Corredores profissionais patrocinados pela Olympikus como Daniel Chaves, Wellinton Cip\u00f3, J\u00e9ssica Ladeira, Raisa Marcellino e os treinadores Chico Salgado e Ademir Paulino, tamb\u00e9m participaram do evento.<\/p>\n<blockquote><p>\u201cO prop\u00f3sito do Bota Pra Correr \u00e9 construir algo relevante, propriet\u00e1rio e leg\u00edtimo, que s\u00f3 uma marca brasileira poderia fazer, que \u00e9 convidar o brasileiro a conhecer o seu pa\u00eds correndo. Indo al\u00e9m do \u00f3bvio. N\u00e3o existe outro circuito parecido e quem est\u00e1 correndo tem a real sensa\u00e7\u00e3o de que esse momento vai ser lembrado pra sempre. Estamos criando mem\u00f3rias e momentos \u00fanicos que v\u00e3o al\u00e9m da uma competi\u00e7\u00e3o, e constroem aquilo que existe de mais valioso nos hoje em dia, que \u00e9 uma comunidade em torno da marca\u201d, afirma M\u00e1rcio Callage, diretor de marketing da Vulcabras.<\/p><\/blockquote>\n<p><strong>Mais do que uma corrida<\/strong>\u00a0\u2013 o Bota pra Correr n\u00e3o \u00e9 uma prova comum. O movimento, criado pela maior marca esportiva do Brasil, tem como objetivo proporcionar uma experi\u00eancia inesquec\u00edvel para os corredores nas mais belas paisagens brasileiras. Pessoas de diferentes idades, cidades e objetivos correram lado a lado e se conectaram com o cerrado. A corrida de s\u00e1bado tamb\u00e9m foi marcada pelo senso de comunidade atrav\u00e9s do incentivo e parceria entre os corredores. Como j\u00e1 virou tradi\u00e7\u00e3o, a \u00faltima colocada geral cruzou a linha de chegada com aplausos e a motiva\u00e7\u00e3o dos vencedores das categorias feminina e masculina, nas duas dist\u00e2ncias, mostrando que todos que conclu\u00edram a prova foram vencedores, cada um da sua maneira.<\/p>\n<blockquote class=\"instagram-media\" style=\"background: #FFF; border: 0; border-radius: 3px; box-shadow: 0 0 1px 0 rgba(0,0,0,0.5),0 1px 10px 0 rgba(0,0,0,0.15); margin: 1px; max-width: 540px; min-width: 326px; padding: 0; width: calc(100% - 2px);\" data-instgrm-captioned=\"\" data-instgrm-permalink=\"https:\/\/www.instagram.com\/p\/Cg7thLtOTyw\/?utm_source=ig_embed&amp;utm_campaign=loading\" data-instgrm-version=\"14\">\n<div style=\"padding: 16px;\">\n<p>&nbsp;<\/p>\n<div style=\"display: flex; flex-direction: row; align-items: center;\">\n<div style=\"background-color: #f4f4f4; border-radius: 50%; flex-grow: 0; height: 40px; margin-right: 14px; width: 40px;\"><\/div>\n<div style=\"display: flex; flex-direction: column; flex-grow: 1; justify-content: center;\">\n<div style=\"background-color: #f4f4f4; border-radius: 4px; flex-grow: 0; height: 14px; margin-bottom: 6px; width: 100px;\"><\/div>\n<div style=\"background-color: #f4f4f4; border-radius: 4px; flex-grow: 0; height: 14px; width: 60px;\"><\/div>\n<\/div>\n<\/div>\n<div style=\"padding: 19% 0;\"><\/div>\n<div style=\"display: block; height: 50px; margin: 0 auto 12px; width: 50px;\"><\/div>\n<div style=\"padding-top: 8px;\">\n<div style=\"color: #3897f0; font-family: Arial,sans-serif; font-size: 14px; font-style: normal; font-weight: 550; line-height: 18px;\">Ver essa foto no Instagram<\/div>\n<\/div>\n<div style=\"padding: 12.5% 0;\"><\/div>\n<div style=\"display: flex; flex-direction: row; margin-bottom: 14px; align-items: center;\">\n<div>\n<div style=\"background-color: #f4f4f4; border-radius: 50%; height: 12.5px; width: 12.5px; transform: translateX(0px) translateY(7px);\"><\/div>\n<div style=\"background-color: #f4f4f4; height: 12.5px; transform: rotate(-45deg) translateX(3px) translateY(1px); width: 12.5px; flex-grow: 0; margin-right: 14px; margin-left: 2px;\"><\/div>\n<div style=\"background-color: #f4f4f4; border-radius: 50%; height: 12.5px; width: 12.5px; transform: translateX(9px) translateY(-18px);\"><\/div>\n<\/div>\n<div style=\"margin-left: 8px;\">\n<div style=\"background-color: #f4f4f4; border-radius: 50%; flex-grow: 0; height: 20px; width: 20px;\"><\/div>\n<div style=\"width: 0; height: 0; border-top: 2px solid transparent; border-left: 6px solid #f4f4f4; border-bottom: 2px solid transparent; transform: translateX(16px) translateY(-4px) rotate(30deg);\"><\/div>\n<\/div>\n<div style=\"margin-left: auto;\">\n<div style=\"width: 0px; border-top: 8px solid #F4F4F4; border-right: 8px solid transparent; transform: translateY(16px);\"><\/div>\n<div style=\"background-color: #f4f4f4; flex-grow: 0; height: 12px; width: 16px; transform: translateY(-4px);\"><\/div>\n<div style=\"width: 0; height: 0; border-top: 8px solid #F4F4F4; border-left: 8px solid transparent; transform: translateY(-4px) translateX(8px);\"><\/div>\n<\/div>\n<\/div>\n<div style=\"display: flex; flex-direction: column; flex-grow: 1; justify-content: center; margin-bottom: 24px;\">\n<div style=\"background-color: #f4f4f4; border-radius: 4px; flex-grow: 0; height: 14px; margin-bottom: 6px; width: 224px;\"><\/div>\n<div style=\"background-color: #f4f4f4; border-radius: 4px; flex-grow: 0; height: 14px; width: 144px;\"><\/div>\n<\/div>\n<p>&nbsp;<\/p>\n<p style=\"color: #c9c8cd; font-family: Arial,sans-serif; font-size: 14px; line-height: 17px; margin-bottom: 0; margin-top: 8px; overflow: hidden; padding: 8px 0 7px; text-align: center; text-overflow: ellipsis; white-space: nowrap;\"><a style=\"color: #c9c8cd; font-family: Arial,sans-serif; font-size: 14px; font-style: normal; font-weight: normal; line-height: 17px; text-decoration: none;\" href=\"https:\/\/www.instagram.com\/p\/Cg7thLtOTyw\/?utm_source=ig_embed&amp;utm_campaign=loading\" target=\"_blank\" rel=\"noopener\">Uma publica\u00e7\u00e3o compartilhada por Olympikus (@olympikus)<\/a><\/p>\n<\/div>\n<\/blockquote>\n<p><script async src=\"\/\/www.instagram.com\/embed.js\"><\/script><\/p>\n<blockquote><p>\u201cFoi o meu primeiro Bota Pra Correr. Entrei nos 21km com a vis\u00e3o de fazer um trein\u00e3o, pois n\u00e3o conhecia o percurso, e terminei em primeiro lugar. Foi uma experi\u00eancia incr\u00edvel, n\u00e3o tenho palavras pra descrever\u201d, disse a campe\u00e3 Raisa Marcelino. \u201cTreino h\u00e1 seis anos com alto rendimento e nunca tinha vivido algo assim, corri vendo e curtindo tudo ao meu redor de uma forma distinta de tudo que j\u00e1 presenciei em outras provas. Uma sensa\u00e7\u00e3o indescrit\u00edvel. A subida do final foi desafiadora, mas a alegria e a emo\u00e7\u00e3o de estar ali eram muito maiores\u201d, completou.<\/p><\/blockquote>\n<p>Ademir Paulino, ex-atleta profissional, tamb\u00e9m participou da etapa da Chapada dos Veadeiros. \u201c\u00c9 um evento totalmente diferente do que a gente tem visto. \u00c9 uma prova que conseguiu chegar em lugares \u00fanicos, lugares paradis\u00edacos no Brasil que enchem os olhos do corredor. O Bota Pra Correr traz um olhar completamente diferente para os destinos, para a comunidade, para os atletas, para lugares bonitos e que tragam essa beleza para dentro da corrida e deixem um legado. \u00c9 um evento cuidado nos m\u00ednimos detalhes e que traz algo muito novo e diferenciado para o esporte, entregando uma prova inesquec\u00edvel para todos que participam\u201d, disse.<\/p>\n<p><strong>Sustentabilidade<\/strong>\u00a0\u2013 entre as iniciativas socioambientais do evento, al\u00e9m dos t\u00eanis fabricados com 100% de energia limpa, a tradicional reciclagem de res\u00edduos foi realizada via a cooperativa local Recicle Alto, somando mais de 80kg de materiais. A marca mantem a pr\u00e1tica de contribuir de forma positiva para o meio ambiente. Para tanto, todos os inscritos para o Bota pra Correr Chapada dos Veadeiros receberam no kit de inscri\u00e7\u00e3o copos retr\u00e1teis de silicone para serem utilizados nos postos de hidrata\u00e7\u00e3o, reduzindo a produ\u00e7\u00e3o de lixo e evitando o desperd\u00edcio de pl\u00e1stico.<\/p>\n<blockquote class=\"instagram-media\" style=\"background: #FFF; border: 0; border-radius: 3px; box-shadow: 0 0 1px 0 rgba(0,0,0,0.5),0 1px 10px 0 rgba(0,0,0,0.15); margin: 1px; max-width: 540px; min-width: 326px; padding: 0; width: calc(100% - 2px);\" data-instgrm-captioned=\"\" data-instgrm-permalink=\"https:\/\/www.instagram.com\/p\/ChC9rK_MTZn\/?utm_source=ig_embed&amp;utm_campaign=loading\" data-instgrm-version=\"14\">\n<div style=\"padding: 16px;\">\n<p>&nbsp;<\/p>\n<div style=\"display: flex; flex-direction: row; align-items: center;\">\n<div style=\"background-color: #f4f4f4; border-radius: 50%; flex-grow: 0; height: 40px; margin-right: 14px; width: 40px;\"><\/div>\n<div style=\"display: flex; flex-direction: column; flex-grow: 1; justify-content: center;\">\n<div style=\"background-color: #f4f4f4; border-radius: 4px; flex-grow: 0; height: 14px; margin-bottom: 6px; width: 100px;\"><\/div>\n<div style=\"background-color: #f4f4f4; border-radius: 4px; flex-grow: 0; height: 14px; width: 60px;\"><\/div>\n<\/div>\n<\/div>\n<div style=\"padding: 19% 0;\"><\/div>\n<div style=\"display: block; height: 50px; margin: 0 auto 12px; width: 50px;\"><\/div>\n<div style=\"padding-top: 8px;\">\n<div style=\"color: #3897f0; font-family: Arial,sans-serif; font-size: 14px; font-style: normal; font-weight: 550; line-height: 18px;\">Ver essa foto no Instagram<\/div>\n<\/div>\n<div style=\"padding: 12.5% 0;\"><\/div>\n<div style=\"display: flex; flex-direction: row; margin-bottom: 14px; align-items: center;\">\n<div>\n<div style=\"background-color: #f4f4f4; border-radius: 50%; height: 12.5px; width: 12.5px; transform: translateX(0px) translateY(7px);\"><\/div>\n<div style=\"background-color: #f4f4f4; height: 12.5px; transform: rotate(-45deg) translateX(3px) translateY(1px); width: 12.5px; flex-grow: 0; margin-right: 14px; margin-left: 2px;\"><\/div>\n<div style=\"background-color: #f4f4f4; border-radius: 50%; height: 12.5px; width: 12.5px; transform: translateX(9px) translateY(-18px);\"><\/div>\n<\/div>\n<div style=\"margin-left: 8px;\">\n<div style=\"background-color: #f4f4f4; border-radius: 50%; flex-grow: 0; height: 20px; width: 20px;\"><\/div>\n<div style=\"width: 0; height: 0; border-top: 2px solid transparent; border-left: 6px solid #f4f4f4; border-bottom: 2px solid transparent; transform: translateX(16px) translateY(-4px) rotate(30deg);\"><\/div>\n<\/div>\n<div style=\"margin-left: auto;\">\n<div style=\"width: 0px; border-top: 8px solid #F4F4F4; border-right: 8px solid transparent; transform: translateY(16px);\"><\/div>\n<div style=\"background-color: #f4f4f4; flex-grow: 0; height: 12px; width: 16px; transform: translateY(-4px);\"><\/div>\n<div style=\"width: 0; height: 0; border-top: 8px solid #F4F4F4; border-left: 8px solid transparent; transform: translateY(-4px) translateX(8px);\"><\/div>\n<\/div>\n<\/div>\n<div style=\"display: flex; flex-direction: column; flex-grow: 1; justify-content: center; margin-bottom: 24px;\">\n<div style=\"background-color: #f4f4f4; border-radius: 4px; flex-grow: 0; height: 14px; margin-bottom: 6px; width: 224px;\"><\/div>\n<div style=\"background-color: #f4f4f4; border-radius: 4px; flex-grow: 0; height: 14px; width: 144px;\"><\/div>\n<\/div>\n<p>&nbsp;<\/p>\n<p style=\"color: #c9c8cd; font-family: Arial,sans-serif; font-size: 14px; line-height: 17px; margin-bottom: 0; margin-top: 8px; overflow: hidden; padding: 8px 0 7px; text-align: center; text-overflow: ellipsis; white-space: nowrap;\"><a style=\"color: #c9c8cd; font-family: Arial,sans-serif; font-size: 14px; font-style: normal; font-weight: normal; line-height: 17px; text-decoration: none;\" href=\"https:\/\/www.instagram.com\/p\/ChC9rK_MTZn\/?utm_source=ig_embed&amp;utm_campaign=loading\" target=\"_blank\" rel=\"noopener\">Uma publica\u00e7\u00e3o compartilhada por Olympikus (@olympikus)<\/a><\/p>\n<\/div>\n<\/blockquote>\n<p><script async src=\"\/\/www.instagram.com\/embed.js\"><\/script><\/p>\n<p>Com a premissa de priorizar a regi\u00e3o e a comunidade, a etapa da Chapada tamb\u00e9m marcou o in\u00edcio da parceria da Olympikus com o projeto regional Turma Que Faz, iniciativa de arte-educa\u00e7\u00e3o de Doroty Marques e\u00a0<a href=\"https:\/\/click.cse360.com.br\/Click\/AddCampaignEmailClick\/f040b5cd-af3e-4f52-e248-08da6f7dee44\/https%253a%252f%252fwww.instagram.com%252fcasadeculturacavaleirodejorge%252f\/3d1d88ab-d90d-406e-f4c8-08d7c5ff26d1\/carolina@webrun.com.br\/True\" target=\"_blank\" rel=\"noopener noreferrer\" data-saferedirecturl=\"https:\/\/www.google.com\/url?q=https:\/\/click.cse360.com.br\/Click\/AddCampaignEmailClick\/f040b5cd-af3e-4f52-e248-08da6f7dee44\/https%25253a%25252f%25252fwww.instagram.com%25252fcasadeculturacavaleirodejorge%25252f\/3d1d88ab-d90d-406e-f4c8-08d7c5ff26d1\/carolina@webrun.com.br\/True&amp;source=gmail&amp;ust=1660225624325000&amp;usg=AOvVaw3ss5a-WHC_GD9KUWLbA4I8\">@<wbr \/>casadeculturacavaleirodejorge<\/a>, que envolve cerca de 50 crian\u00e7as e adolescentes. A marca realizou a doa\u00e7\u00e3o de produtos de t\u00eanis e vestu\u00e1rio com o objetivo de incentivar as crian\u00e7as do projeto a iniciarem sua hist\u00f3ria na corrida e trabalharem o esporte como ferramenta de transforma\u00e7\u00e3o.<\/p>\n<p><strong>Classifica\u00e7\u00e3o Bota pra Correr Chapada dos Veadeiros<\/strong><\/p>\n<p><strong>10km masculino<\/strong><\/p>\n<p>1\u00ba) Daniel Chaves Da Silva \u2013 34min48seg<\/p>\n<p>2\u00ba) Lucas Molina Ferreira \u2013 36min14seg<\/p>\n<p>3\u00ba) Jonatam Torres De Souza \u2013 37min06seg<\/p>\n<p>&nbsp;<\/p>\n<p><strong>10km feminino<\/strong><\/p>\n<p>1\u00ba) Jessica Ladeira Soares \u2013 38min44seg<\/p>\n<p>2\u00ba) Janaina Borges \u2013 43min30seg<\/p>\n<p>3\u00ba) Valeria Mello \u2013 44min11seg<\/p>\n<p>&nbsp;<\/p>\n<p><strong>21km masculino<\/strong><\/p>\n<p>1\u00ba) Wellington Bezerra Da Silva \u2013 1h12min15seg<\/p>\n<p>2\u00ba) Luis Felipe Leite Barboza \u2013 1h16min24seg<\/p>\n<p>3\u00ba) Vanilson Gomes Da Rocha\u00a0\u2013 1h16min53seg<\/p>\n<p>&nbsp;<\/p>\n<p><strong>21km feminino<\/strong><\/p>\n<p>1\u00ba) Raisa Marcelino \u2013 1h28min21seg<\/p>\n<p>2\u00ba) Elaine Pauly \u2013 1h38min51seg<\/p>\n<p>3\u00ba) Patricia Maria Nicolau De Andrade \u2013 1h40min33seg<\/p>\n<p>&nbsp;<\/p>\n<p><iframe  id=\"_ytid_19049\"  width=\"788\" height=\"443\"  data-origwidth=\"788\" data-origheight=\"443\" src=\"https:\/\/www.youtube.com\/embed\/Ef9bIgBlrW0?enablejsapi=1&#038;autoplay=0&#038;cc_load_policy=0&#038;cc_lang_pref=&#038;iv_load_policy=1&#038;loop=0&#038;rel=1&#038;fs=1&#038;playsinline=0&#038;autohide=2&#038;theme=dark&#038;color=red&#038;controls=1&#038;disablekb=0&#038;\" class=\"__youtube_prefs__  epyt-is-override  no-lazyload\" title=\"YouTube player\"  allow=\"fullscreen; accelerometer; autoplay; clipboard-write; encrypted-media; gyroscope; picture-in-picture; web-share\" referrerpolicy=\"strict-origin-when-cross-origin\" allowfullscreen data-no-lazy=\"1\" data-skipgform_ajax_framebjll=\"\"><\/iframe><\/p>\n<p>&nbsp;<\/p>\n<p><strong>Bota pra Correr S\u00e3o Miguel dos Milagres<\/strong>\u00a0\u2013 a jornada de descobrir correndo as paisagens mais belas do pa\u00eds continua em 22 de outubro, em S\u00e3o Miguel dos Milagres, no estado de Alagoas. As inscri\u00e7\u00f5es para a etapa s\u00e3o limitadas e est\u00e3o abertas ao p\u00fablico geral no site da\u00a0<strong><a href=\"https:\/\/www.ticketsports.com.br\/e\/bota-pra-correr-olympikus-33770?origem=WEBRUN&amp;campanha=CROSS\">Ticket Sports<\/a><\/strong>, contemplando inscri\u00e7\u00e3o de destino + kit corredor que inclui um dos lan\u00e7amentos mais recentes da marca, o t\u00eanis Corre 2.<\/p>\n<p><strong>Quando:\u00a0<\/strong>22 de outubro, hor\u00e1rio a definir<\/p>\n<p><strong>Percursos:\u00a0<\/strong>10km e 21km<\/p>\n<p><strong>Data das inscri\u00e7\u00f5es:\u00a0<\/strong>At\u00e9 o dia 15\/10<\/p>\n<p><strong>Inscri\u00e7\u00f5es:\u00a0<a href=\"https:\/\/www.ticketsports.com.br\/e\/bota-pra-correr-olympikus-33770?origem=WEBRUN&amp;campanha=CROSS\">Ticket Sports<\/a><\/strong><\/p>\n","protected":false},"excerpt":{"rendered":"<p>Olympikus retoma Bota Pra Correr na Chapada dos Veadeiros! O Bota Pra Correr voltou em grande estilo neste final de semana, na Chapada dos Veadeiros, em Goi\u00e1s. Aproximadamente 400 pessoas, entre corredores amadores, profissionais e influenciadores digitais, fizeram parte da retomada do movimento que convida os participantes a conhecerem o Brasil correndo. A segunda prova<\/p>\n","protected":false},"author":21,"featured_media":0,"comment_status":"open","ping_status":"closed","sticky":false,"template":"","format":"standard","meta":{"om_disable_all_campaigns":false,"_monsterinsights_skip_tracking":false,"_monsterinsights_sitenote_active":false,"_monsterinsights_sitenote_note":"","_monsterinsights_sitenote_category":0,"footnotes":""},"categories":[135,89,30],"tags":[1478,735,41,36,858],"class_list":{"0":"post-14470","1":"post","2":"type-post","3":"status-publish","4":"format-standard","6":"category-business","7":"category-dicas","8":"category-noticias","9":"tag-bota-pra-correr","10":"tag-chelso","11":"tag-chelso-sports","12":"tag-corrida","13":"tag-olympikus"},"aioseo_notices":[],"yoast_head":"<!-- This site is optimized with the Yoast SEO plugin v27.4 - https:\/\/yoast.com\/product\/yoast-seo-wordpress\/ -->\n<title>Olympikus retoma Bota Pra Correr na Chapada dos Veadeiros<\/title>\n<meta name=\"description\" content=\"Olympikus retoma Bota Pra Correr na Chapada dos Veadeiros. A segunda prova ser\u00e1 em S\u00e3o Miguel dos Milagres (AL), em outubro.\" \/>\n<meta name=\"robots\" content=\"index, follow, max-snippet:-1, max-image-preview:large, max-video-preview:-1\" \/>\n<link rel=\"canonical\" href=\"https:\/\/chelso.com.br\/site\/olympikus-retoma-bota-pra-correr\/\" \/>\n<meta property=\"og:locale\" content=\"pt_BR\" \/>\n<meta property=\"og:type\" content=\"article\" \/>\n<meta property=\"og:title\" content=\"Olympikus retoma Bota Pra Correr na Chapada dos Veadeiros\" \/>\n<meta property=\"og:description\" content=\"Olympikus retoma Bota Pra Correr na Chapada dos Veadeiros. A segunda prova ser\u00e1 em S\u00e3o Miguel dos Milagres (AL), em outubro.\" \/>\n<meta property=\"og:url\" content=\"https:\/\/chelso.com.br\/site\/olympikus-retoma-bota-pra-correr\/\" \/>\n<meta property=\"og:site_name\" content=\"Portal Chelso Sports\" \/>\n<meta property=\"article:published_time\" content=\"2022-08-16T19:28:14+00:00\" \/>\n<meta property=\"og:image\" content=\"https:\/\/chelso.com.br\/site\/wp-content\/uploads\/2022\/08\/220806_@brskphoto_4813-2048x1366-1.jpg\" \/>\n\t<meta property=\"og:image:width\" content=\"2048\" \/>\n\t<meta property=\"og:image:height\" content=\"1366\" \/>\n\t<meta property=\"og:image:type\" content=\"image\/jpeg\" \/>\n<meta name=\"author\" content=\"Chelso\" \/>\n<meta name=\"twitter:card\" content=\"summary_large_image\" \/>\n<meta name=\"twitter:label1\" content=\"Escrito por\" \/>\n\t<meta name=\"twitter:data1\" content=\"Chelso\" \/>\n\t<meta name=\"twitter:label2\" content=\"Est. tempo de leitura\" \/>\n\t<meta name=\"twitter:data2\" content=\"6 minutos\" \/>\n<script type=\"application\/ld+json\" class=\"yoast-schema-graph\">{\"@context\":\"https:\\\/\\\/schema.org\",\"@graph\":[{\"@type\":\"Article\",\"@id\":\"https:\\\/\\\/chelso.com.br\\\/site\\\/olympikus-retoma-bota-pra-correr\\\/#article\",\"isPartOf\":{\"@id\":\"https:\\\/\\\/chelso.com.br\\\/site\\\/olympikus-retoma-bota-pra-correr\\\/\"},\"author\":{\"name\":\"Chelso\",\"@id\":\"https:\\\/\\\/chelso.com.br\\\/site\\\/#\\\/schema\\\/person\\\/06bf484f0ccbb71d4fd2128d594e1d0a\"},\"headline\":\"Olympikus retoma Bota Pra Correr na Chapada dos Veadeiros\",\"datePublished\":\"2022-08-16T19:28:14+00:00\",\"mainEntityOfPage\":{\"@id\":\"https:\\\/\\\/chelso.com.br\\\/site\\\/olympikus-retoma-bota-pra-correr\\\/\"},\"wordCount\":1039,\"commentCount\":0,\"keywords\":[\"Bota Pra Correr\",\"Chelso\",\"chelso sports\",\"corrida\",\"Olympikus\"],\"articleSection\":[\"Business\",\"Dicas\",\"Not\u00edcias\"],\"inLanguage\":\"pt-BR\",\"potentialAction\":[{\"@type\":\"CommentAction\",\"name\":\"Comment\",\"target\":[\"https:\\\/\\\/chelso.com.br\\\/site\\\/olympikus-retoma-bota-pra-correr\\\/#respond\"]}]},{\"@type\":\"WebPage\",\"@id\":\"https:\\\/\\\/chelso.com.br\\\/site\\\/olympikus-retoma-bota-pra-correr\\\/\",\"url\":\"https:\\\/\\\/chelso.com.br\\\/site\\\/olympikus-retoma-bota-pra-correr\\\/\",\"name\":\"Olympikus retoma Bota Pra Correr na Chapada dos Veadeiros\",\"isPartOf\":{\"@id\":\"https:\\\/\\\/chelso.com.br\\\/site\\\/#website\"},\"datePublished\":\"2022-08-16T19:28:14+00:00\",\"author\":{\"@id\":\"https:\\\/\\\/chelso.com.br\\\/site\\\/#\\\/schema\\\/person\\\/06bf484f0ccbb71d4fd2128d594e1d0a\"},\"description\":\"Olympikus retoma Bota Pra Correr na Chapada dos Veadeiros. A segunda prova ser\u00e1 em S\u00e3o Miguel dos Milagres (AL), em outubro.\",\"breadcrumb\":{\"@id\":\"https:\\\/\\\/chelso.com.br\\\/site\\\/olympikus-retoma-bota-pra-correr\\\/#breadcrumb\"},\"inLanguage\":\"pt-BR\",\"potentialAction\":[{\"@type\":\"ReadAction\",\"target\":[\"https:\\\/\\\/chelso.com.br\\\/site\\\/olympikus-retoma-bota-pra-correr\\\/\"]}]},{\"@type\":\"BreadcrumbList\",\"@id\":\"https:\\\/\\\/chelso.com.br\\\/site\\\/olympikus-retoma-bota-pra-correr\\\/#breadcrumb\",\"itemListElement\":[{\"@type\":\"ListItem\",\"position\":1,\"name\":\"In\u00edcio\",\"item\":\"https:\\\/\\\/chelso.com.br\\\/site\\\/\"},{\"@type\":\"ListItem\",\"position\":2,\"name\":\"Olympikus retoma Bota Pra Correr na Chapada dos Veadeiros\"}]},{\"@type\":\"WebSite\",\"@id\":\"https:\\\/\\\/chelso.com.br\\\/site\\\/#website\",\"url\":\"https:\\\/\\\/chelso.com.br\\\/site\\\/\",\"name\":\"Portal Chelso Sports\",\"description\":\"Conte\u00fado especializado em corrida de rua e triathlon\",\"potentialAction\":[{\"@type\":\"SearchAction\",\"target\":{\"@type\":\"EntryPoint\",\"urlTemplate\":\"https:\\\/\\\/chelso.com.br\\\/site\\\/?s={search_term_string}\"},\"query-input\":{\"@type\":\"PropertyValueSpecification\",\"valueRequired\":true,\"valueName\":\"search_term_string\"}}],\"inLanguage\":\"pt-BR\"},{\"@type\":\"Person\",\"@id\":\"https:\\\/\\\/chelso.com.br\\\/site\\\/#\\\/schema\\\/person\\\/06bf484f0ccbb71d4fd2128d594e1d0a\",\"name\":\"Chelso\",\"image\":{\"@type\":\"ImageObject\",\"inLanguage\":\"pt-BR\",\"@id\":\"https:\\\/\\\/chelso.com.br\\\/site\\\/wp-content\\\/uploads\\\/2025\\\/04\\\/Perfil20192-150x149.png\",\"url\":\"https:\\\/\\\/chelso.com.br\\\/site\\\/wp-content\\\/uploads\\\/2025\\\/04\\\/Perfil20192-150x149.png\",\"contentUrl\":\"https:\\\/\\\/chelso.com.br\\\/site\\\/wp-content\\\/uploads\\\/2025\\\/04\\\/Perfil20192-150x149.png\",\"caption\":\"Chelso\"},\"sameAs\":[\"http:\\\/\\\/www.chelso.com.br\"],\"url\":\"https:\\\/\\\/chelso.com.br\\\/site\\\/author\\\/maryblog\\\/\"}]}<\/script>\n<!-- \/ Yoast SEO plugin. -->","yoast_head_json":{"title":"Olympikus retoma Bota Pra Correr na Chapada dos Veadeiros","description":"Olympikus retoma Bota Pra Correr na Chapada dos Veadeiros. A segunda prova ser\u00e1 em S\u00e3o Miguel dos Milagres (AL), em outubro.","robots":{"index":"index","follow":"follow","max-snippet":"max-snippet:-1","max-image-preview":"max-image-preview:large","max-video-preview":"max-video-preview:-1"},"canonical":"https:\/\/chelso.com.br\/site\/olympikus-retoma-bota-pra-correr\/","og_locale":"pt_BR","og_type":"article","og_title":"Olympikus retoma Bota Pra Correr na Chapada dos Veadeiros","og_description":"Olympikus retoma Bota Pra Correr na Chapada dos Veadeiros. A segunda prova ser\u00e1 em S\u00e3o Miguel dos Milagres (AL), em outubro.","og_url":"https:\/\/chelso.com.br\/site\/olympikus-retoma-bota-pra-correr\/","og_site_name":"Portal Chelso Sports","article_published_time":"2022-08-16T19:28:14+00:00","og_image":[{"width":2048,"height":1366,"url":"https:\/\/chelso.com.br\/site\/wp-content\/uploads\/2022\/08\/220806_@brskphoto_4813-2048x1366-1.jpg","type":"image\/jpeg"}],"author":"Chelso","twitter_card":"summary_large_image","twitter_misc":{"Escrito por":"Chelso","Est. tempo de leitura":"6 minutos"},"schema":{"@context":"https:\/\/schema.org","@graph":[{"@type":"Article","@id":"https:\/\/chelso.com.br\/site\/olympikus-retoma-bota-pra-correr\/#article","isPartOf":{"@id":"https:\/\/chelso.com.br\/site\/olympikus-retoma-bota-pra-correr\/"},"author":{"name":"Chelso","@id":"https:\/\/chelso.com.br\/site\/#\/schema\/person\/06bf484f0ccbb71d4fd2128d594e1d0a"},"headline":"Olympikus retoma Bota Pra Correr na Chapada dos Veadeiros","datePublished":"2022-08-16T19:28:14+00:00","mainEntityOfPage":{"@id":"https:\/\/chelso.com.br\/site\/olympikus-retoma-bota-pra-correr\/"},"wordCount":1039,"commentCount":0,"keywords":["Bota Pra Correr","Chelso","chelso sports","corrida","Olympikus"],"articleSection":["Business","Dicas","Not\u00edcias"],"inLanguage":"pt-BR","potentialAction":[{"@type":"CommentAction","name":"Comment","target":["https:\/\/chelso.com.br\/site\/olympikus-retoma-bota-pra-correr\/#respond"]}]},{"@type":"WebPage","@id":"https:\/\/chelso.com.br\/site\/olympikus-retoma-bota-pra-correr\/","url":"https:\/\/chelso.com.br\/site\/olympikus-retoma-bota-pra-correr\/","name":"Olympikus retoma Bota Pra Correr na Chapada dos Veadeiros","isPartOf":{"@id":"https:\/\/chelso.com.br\/site\/#website"},"datePublished":"2022-08-16T19:28:14+00:00","author":{"@id":"https:\/\/chelso.com.br\/site\/#\/schema\/person\/06bf484f0ccbb71d4fd2128d594e1d0a"},"description":"Olympikus retoma Bota Pra Correr na Chapada dos Veadeiros. A segunda prova ser\u00e1 em S\u00e3o Miguel dos Milagres (AL), em outubro.","breadcrumb":{"@id":"https:\/\/chelso.com.br\/site\/olympikus-retoma-bota-pra-correr\/#breadcrumb"},"inLanguage":"pt-BR","potentialAction":[{"@type":"ReadAction","target":["https:\/\/chelso.com.br\/site\/olympikus-retoma-bota-pra-correr\/"]}]},{"@type":"BreadcrumbList","@id":"https:\/\/chelso.com.br\/site\/olympikus-retoma-bota-pra-correr\/#breadcrumb","itemListElement":[{"@type":"ListItem","position":1,"name":"In\u00edcio","item":"https:\/\/chelso.com.br\/site\/"},{"@type":"ListItem","position":2,"name":"Olympikus retoma Bota Pra Correr na Chapada dos Veadeiros"}]},{"@type":"WebSite","@id":"https:\/\/chelso.com.br\/site\/#website","url":"https:\/\/chelso.com.br\/site\/","name":"Portal Chelso Sports","description":"Conte\u00fado especializado em corrida de rua e triathlon","potentialAction":[{"@type":"SearchAction","target":{"@type":"EntryPoint","urlTemplate":"https:\/\/chelso.com.br\/site\/?s={search_term_string}"},"query-input":{"@type":"PropertyValueSpecification","valueRequired":true,"valueName":"search_term_string"}}],"inLanguage":"pt-BR"},{"@type":"Person","@id":"https:\/\/chelso.com.br\/site\/#\/schema\/person\/06bf484f0ccbb71d4fd2128d594e1d0a","name":"Chelso","image":{"@type":"ImageObject","inLanguage":"pt-BR","@id":"https:\/\/chelso.com.br\/site\/wp-content\/uploads\/2025\/04\/Perfil20192-150x149.png","url":"https:\/\/chelso.com.br\/site\/wp-content\/uploads\/2025\/04\/Perfil20192-150x149.png","contentUrl":"https:\/\/chelso.com.br\/site\/wp-content\/uploads\/2025\/04\/Perfil20192-150x149.png","caption":"Chelso"},"sameAs":["http:\/\/www.chelso.com.br"],"url":"https:\/\/chelso.com.br\/site\/author\/maryblog\/"}]}},"amp_enabled":true,"_links":{"self":[{"href":"https:\/\/chelso.com.br\/site\/wp-json\/wp\/v2\/posts\/14470","targetHints":{"allow":["GET"]}}],"collection":[{"href":"https:\/\/chelso.com.br\/site\/wp-json\/wp\/v2\/posts"}],"about":[{"href":"https:\/\/chelso.com.br\/site\/wp-json\/wp\/v2\/types\/post"}],"author":[{"embeddable":true,"href":"https:\/\/chelso.com.br\/site\/wp-json\/wp\/v2\/users\/21"}],"replies":[{"embeddable":true,"href":"https:\/\/chelso.com.br\/site\/wp-json\/wp\/v2\/comments?post=14470"}],"version-history":[{"count":1,"href":"https:\/\/chelso.com.br\/site\/wp-json\/wp\/v2\/posts\/14470\/revisions"}],"predecessor-version":[{"id":14472,"href":"https:\/\/chelso.com.br\/site\/wp-json\/wp\/v2\/posts\/14470\/revisions\/14472"}],"wp:attachment":[{"href":"https:\/\/chelso.com.br\/site\/wp-json\/wp\/v2\/media?parent=14470"}],"wp:term":[{"taxonomy":"category","embeddable":true,"href":"https:\/\/chelso.com.br\/site\/wp-json\/wp\/v2\/categories?post=14470"},{"taxonomy":"post_tag","embeddable":true,"href":"https:\/\/chelso.com.br\/site\/wp-json\/wp\/v2\/tags?post=14470"}],"curies":[{"name":"wp","href":"https:\/\/api.w.org\/{rel}","templated":true}]}}