{"id":14529,"date":"2022-08-18T19:26:08","date_gmt":"2022-08-18T22:26:08","guid":{"rendered":"https:\/\/chelso.com.br\/site\/?p=14529"},"modified":"2022-08-18T19:26:08","modified_gmt":"2022-08-18T22:26:08","slug":"12a-corrida-da-gazeta-acontece-neste-domingo","status":"publish","type":"post","link":"https:\/\/chelso.com.br\/site\/12a-corrida-da-gazeta-acontece-neste-domingo\/","title":{"rendered":"12\u00aa Corrida da Gazeta acontece neste domingo"},"content":{"rendered":"<p><span style=\"font-weight: 400;\"><strong>12\u00aa Corrida da Gazeta acontece neste domingo!<\/strong> Com largada no Engenho Central, a partir das 7h, a 12\u00aa Corrida da Gazeta est\u00e1 confirmada para esse domingo (21), em Piracicaba. Com percursos de 5,5 km e 10 km, a prova \u00e9 uma das mais tradicionais da cidade do interior paulista, reunindo aproximadamente 1.500 corredores. Ap\u00f3s largarem de dentro do Engenho, os atletas seguem para o bairro Nova Piracicaba, passando pelas avenidas Cruzeiro do Sul e Paulista. Quer saber mais sobre a prova? Ent\u00e3o se liga nas dicas a seguir.<\/span><\/p>\n<p><a href=\"https:\/\/chelso.com.br\/site\/provas-presenciais\/\">Saiba mais sobre o nosso calend\u00e1rio de provas presenciais.<\/a><\/p>\n<p><iframe  id=\"_ytid_27841\"  width=\"788\" height=\"443\"  data-origwidth=\"788\" data-origheight=\"443\" src=\"https:\/\/www.youtube.com\/embed\/LDHrCGYSv4A?enablejsapi=1&#038;autoplay=0&#038;cc_load_policy=0&#038;cc_lang_pref=&#038;iv_load_policy=1&#038;loop=0&#038;rel=1&#038;fs=1&#038;playsinline=0&#038;autohide=2&#038;theme=dark&#038;color=red&#038;controls=1&#038;disablekb=0&#038;\" class=\"__youtube_prefs__  epyt-is-override  no-lazyload\" title=\"YouTube player\"  allow=\"fullscreen; accelerometer; autoplay; clipboard-write; encrypted-media; gyroscope; picture-in-picture; web-share\" referrerpolicy=\"strict-origin-when-cross-origin\" allowfullscreen data-no-lazy=\"1\" data-skipgform_ajax_framebjll=\"\"><\/iframe><\/p>\n<h2><strong>Simp\u00f3sio T\u00e9cnico &#8211; 12\u00aa Corrida da Gazeta acontece neste domingo!<\/strong><\/h2>\n<p><span style=\"font-weight: 400;\">Assistir o Simp\u00f3sio T\u00e9cnico \u00e9 obriga\u00e7\u00e3o para todos que participar\u00e3o do evento. Nossa equipe preparou um v\u00eddeo com todas as informa\u00e7\u00f5es. Confere l\u00e1!<\/span><\/p>\n<h4><strong>Retirada de Kits<\/strong><\/h4>\n<p><span style=\"font-weight: 400;\">A entrega dos kits da 12\u00aa Corrida da Gazeta come\u00e7a nesta sexta-feira (19). Os atletas devem comparecer \u00e0 Loja Runfor, localizada na avenida Dona Jane Concei\u00e7\u00e3o, 814, no bairro da Paulista, das 10h \u00e0s 15h, ou no s\u00e1bado (20), tamb\u00e9m das 10h \u00e0s 15h. N\u00e3o haver\u00e1 entrega de kits no dia da prova.\u00a0<\/span><\/p>\n<blockquote class=\"instagram-media\" style=\"background: #FFF; border: 0; border-radius: 3px; box-shadow: 0 0 1px 0 rgba(0,0,0,0.5),0 1px 10px 0 rgba(0,0,0,0.15); margin: 1px; max-width: 540px; min-width: 326px; padding: 0; width: calc(100% - 2px);\" data-instgrm-captioned=\"\" data-instgrm-permalink=\"https:\/\/www.instagram.com\/reel\/ChWDbSBD15T\/?utm_source=ig_embed&amp;utm_campaign=loading\" data-instgrm-version=\"14\">\n<div style=\"padding: 16px;\">\n<p>&nbsp;<\/p>\n<div style=\"display: flex; flex-direction: row; align-items: center;\">\n<div style=\"background-color: #f4f4f4; border-radius: 50%; flex-grow: 0; height: 40px; margin-right: 14px; width: 40px;\"><\/div>\n<div style=\"display: flex; flex-direction: column; flex-grow: 1; justify-content: center;\">\n<div style=\"background-color: #f4f4f4; border-radius: 4px; flex-grow: 0; height: 14px; margin-bottom: 6px; width: 100px;\"><\/div>\n<div style=\"background-color: #f4f4f4; border-radius: 4px; flex-grow: 0; height: 14px; width: 60px;\"><\/div>\n<\/div>\n<\/div>\n<div style=\"padding: 19% 0;\"><\/div>\n<div style=\"display: block; height: 50px; margin: 0 auto 12px; width: 50px;\"><\/div>\n<div style=\"padding-top: 8px;\">\n<div style=\"color: #3897f0; font-family: Arial,sans-serif; font-size: 14px; font-style: normal; font-weight: 550; line-height: 18px;\">Ver essa foto no Instagram<\/div>\n<\/div>\n<div style=\"padding: 12.5% 0;\"><\/div>\n<div style=\"display: flex; flex-direction: row; margin-bottom: 14px; align-items: center;\">\n<div>\n<div style=\"background-color: #f4f4f4; border-radius: 50%; height: 12.5px; width: 12.5px; transform: translateX(0px) translateY(7px);\"><\/div>\n<div style=\"background-color: #f4f4f4; height: 12.5px; transform: rotate(-45deg) translateX(3px) translateY(1px); width: 12.5px; flex-grow: 0; margin-right: 14px; margin-left: 2px;\"><\/div>\n<div style=\"background-color: #f4f4f4; border-radius: 50%; height: 12.5px; width: 12.5px; transform: translateX(9px) translateY(-18px);\"><\/div>\n<\/div>\n<div style=\"margin-left: 8px;\">\n<div style=\"background-color: #f4f4f4; border-radius: 50%; flex-grow: 0; height: 20px; width: 20px;\"><\/div>\n<div style=\"width: 0; height: 0; border-top: 2px solid transparent; border-left: 6px solid #f4f4f4; border-bottom: 2px solid transparent; transform: translateX(16px) translateY(-4px) rotate(30deg);\"><\/div>\n<\/div>\n<div style=\"margin-left: auto;\">\n<div style=\"width: 0px; border-top: 8px solid #F4F4F4; border-right: 8px solid transparent; transform: translateY(16px);\"><\/div>\n<div style=\"background-color: #f4f4f4; flex-grow: 0; height: 12px; width: 16px; transform: translateY(-4px);\"><\/div>\n<div style=\"width: 0; height: 0; border-top: 8px solid #F4F4F4; border-left: 8px solid transparent; transform: translateY(-4px) translateX(8px);\"><\/div>\n<\/div>\n<\/div>\n<div style=\"display: flex; flex-direction: column; flex-grow: 1; justify-content: center; margin-bottom: 24px;\">\n<div style=\"background-color: #f4f4f4; border-radius: 4px; flex-grow: 0; height: 14px; margin-bottom: 6px; width: 224px;\"><\/div>\n<div style=\"background-color: #f4f4f4; border-radius: 4px; flex-grow: 0; height: 14px; width: 144px;\"><\/div>\n<\/div>\n<p>&nbsp;<\/p>\n<p style=\"color: #c9c8cd; font-family: Arial,sans-serif; font-size: 14px; line-height: 17px; margin-bottom: 0; margin-top: 8px; overflow: hidden; padding: 8px 0 7px; text-align: center; text-overflow: ellipsis; white-space: nowrap;\"><a style=\"color: #c9c8cd; font-family: Arial,sans-serif; font-size: 14px; font-style: normal; font-weight: normal; line-height: 17px; text-decoration: none;\" href=\"https:\/\/www.instagram.com\/reel\/ChWDbSBD15T\/?utm_source=ig_embed&amp;utm_campaign=loading\" target=\"_blank\" rel=\"noopener\">Uma publica\u00e7\u00e3o compartilhada por Chelso Sports \u2022 Corrida de Rua (@chelsosports)<\/a><\/p>\n<\/div>\n<\/blockquote>\n<p><script async src=\"\/\/www.instagram.com\/embed.js\"><\/script><\/p>\n<h4><strong>Cronograma do evento<\/strong><\/h4>\n<p><span style=\"font-weight: 400;\">No domingo, as assessorias e grupos poder\u00e3o montar tendas das 5h \u00e0s 6h. A partir das 6h, os atletas poder\u00e3o se concentrar para a primeira largada, dos 10 km, marcada para \u00e0s 7h. Dez minutos depois, \u00e0s 7h10, largam os 5,5 km e caminhada.\u00a0<\/span><\/p>\n<h4><strong>Percursos<\/strong><\/h4>\n<p><span style=\"font-weight: 400;\">Os atletas podem acessar os mapas de percurso atrav\u00e9s do site &#8211; <\/span><a href=\"https:\/\/chelso.com.br\/site\/21-08-corrida-da-gazeta-de-piracicaba\/\"><span style=\"font-weight: 400;\">https:\/\/chelso.com.br\/site\/21-08-corrida-da-gazeta-de-piracicaba\/<\/span><\/a><span style=\"font-weight: 400;\">\u00a0<\/span><\/p>\n<p><span style=\"font-weight: 400;\">A <\/span><a href=\"https:\/\/chelso.com.br\/site\/\"><span style=\"font-weight: 400;\">Chelso<\/span><\/a><span style=\"font-weight: 400;\"> tamb\u00e9m est\u00e1 no <\/span><a href=\"https:\/\/www.youtube.com\/channel\/UC1VTjqCtASd4Tn3Z-U-SAqQ\"><span style=\"font-weight: 400;\">Youtube<\/span><\/a><span style=\"font-weight: 400;\">. Se inscreva no nosso canal, deixe seus coment\u00e1rios nos v\u00eddeos e acompanhe todas as novidades do mundo dos esportes por l\u00e1. Estamos pr\u00f3ximos de 3 mil inscritos no canal. Sua inscri\u00e7\u00e3o \u00e9 muito importante para n\u00f3s.<\/span><\/p>\n<p><span style=\"font-weight: 400;\">Aproveite e acompanhe todas as informa\u00e7\u00f5es sobre nosso calend\u00e1rio de provas e dicas de treinamentos.<\/span><\/p>\n","protected":false},"excerpt":{"rendered":"<p>12\u00aa Corrida da Gazeta acontece neste domingo! Com largada no Engenho Central, a partir das 7h, a 12\u00aa Corrida da Gazeta est\u00e1 confirmada para esse domingo (21), em Piracicaba. Com percursos de 5,5 km e 10 km, a prova \u00e9 uma das mais tradicionais da cidade do interior paulista, reunindo aproximadamente 1.500 corredores. Ap\u00f3s largarem<\/p>\n","protected":false},"author":21,"featured_media":14530,"comment_status":"open","ping_status":"closed","sticky":false,"template":"","format":"standard","meta":{"om_disable_all_campaigns":false,"_monsterinsights_skip_tracking":false,"_monsterinsights_sitenote_active":false,"_monsterinsights_sitenote_note":"","_monsterinsights_sitenote_category":0,"footnotes":""},"categories":[56,30],"tags":[804,803,735,41,1489,1490],"class_list":{"0":"post-14529","1":"post","2":"type-post","3":"status-publish","4":"format-standard","5":"has-post-thumbnail","7":"category-eventos","8":"category-noticias","9":"tag-10k","10":"tag-5k","11":"tag-chelso","12":"tag-chelso-sports","13":"tag-corrida-da-gazeta","14":"tag-runfor"},"aioseo_notices":[],"yoast_head":"<!-- This site is optimized with the Yoast SEO plugin v27.5 - https:\/\/yoast.com\/product\/yoast-seo-wordpress\/ -->\n<title>12\u00aa Corrida da Gazeta acontece neste domingo -<\/title>\n<meta name=\"description\" content=\"12\u00aa Corrida da Gazeta acontece neste domingo. Largada ser\u00e1 no Engenho Central, a partir das 7h, para os percursos de 5,5 km e 10 km\" \/>\n<meta name=\"robots\" content=\"index, follow, max-snippet:-1, max-image-preview:large, max-video-preview:-1\" \/>\n<link rel=\"canonical\" href=\"https:\/\/chelso.com.br\/site\/12a-corrida-da-gazeta-acontece-neste-domingo\/\" \/>\n<meta property=\"og:locale\" content=\"pt_BR\" \/>\n<meta property=\"og:type\" content=\"article\" \/>\n<meta property=\"og:title\" content=\"12\u00aa Corrida da Gazeta acontece neste domingo -\" \/>\n<meta property=\"og:description\" content=\"12\u00aa Corrida da Gazeta acontece neste domingo. Largada ser\u00e1 no Engenho Central, a partir das 7h, para os percursos de 5,5 km e 10 km\" \/>\n<meta property=\"og:url\" content=\"https:\/\/chelso.com.br\/site\/12a-corrida-da-gazeta-acontece-neste-domingo\/\" \/>\n<meta property=\"og:site_name\" content=\"Portal Chelso Sports\" \/>\n<meta property=\"article:published_time\" content=\"2022-08-18T22:26:08+00:00\" \/>\n<meta property=\"og:image\" content=\"https:\/\/chelso.com.br\/site\/wp-content\/uploads\/2022\/08\/OIFSD7OPDVW5Q71ETAS7OZDRC2O2BVEOT060QYX3Q71C72ZPOY.png\" \/>\n\t<meta property=\"og:image:width\" content=\"1900\" \/>\n\t<meta property=\"og:image:height\" content=\"791\" \/>\n\t<meta property=\"og:image:type\" content=\"image\/png\" \/>\n<meta name=\"author\" content=\"Chelso\" \/>\n<meta name=\"twitter:card\" content=\"summary_large_image\" \/>\n<meta name=\"twitter:label1\" content=\"Escrito por\" \/>\n\t<meta name=\"twitter:data1\" content=\"Chelso\" \/>\n\t<meta name=\"twitter:label2\" content=\"Est. tempo de leitura\" \/>\n\t<meta name=\"twitter:data2\" content=\"2 minutos\" \/>\n<script type=\"application\/ld+json\" class=\"yoast-schema-graph\">{\"@context\":\"https:\\\/\\\/schema.org\",\"@graph\":[{\"@type\":\"Article\",\"@id\":\"https:\\\/\\\/chelso.com.br\\\/site\\\/12a-corrida-da-gazeta-acontece-neste-domingo\\\/#article\",\"isPartOf\":{\"@id\":\"https:\\\/\\\/chelso.com.br\\\/site\\\/12a-corrida-da-gazeta-acontece-neste-domingo\\\/\"},\"author\":{\"name\":\"Chelso\",\"@id\":\"https:\\\/\\\/chelso.com.br\\\/site\\\/#\\\/schema\\\/person\\\/06bf484f0ccbb71d4fd2128d594e1d0a\"},\"headline\":\"12\u00aa Corrida da Gazeta acontece neste domingo\",\"datePublished\":\"2022-08-18T22:26:08+00:00\",\"mainEntityOfPage\":{\"@id\":\"https:\\\/\\\/chelso.com.br\\\/site\\\/12a-corrida-da-gazeta-acontece-neste-domingo\\\/\"},\"wordCount\":351,\"commentCount\":0,\"image\":{\"@id\":\"https:\\\/\\\/chelso.com.br\\\/site\\\/12a-corrida-da-gazeta-acontece-neste-domingo\\\/#primaryimage\"},\"thumbnailUrl\":\"https:\\\/\\\/chelso.com.br\\\/site\\\/wp-content\\\/uploads\\\/2022\\\/08\\\/OIFSD7OPDVW5Q71ETAS7OZDRC2O2BVEOT060QYX3Q71C72ZPOY.png\",\"keywords\":[\"10k\",\"5k\",\"Chelso\",\"chelso sports\",\"Corrida da Gazeta\",\"Runfor\"],\"articleSection\":[\"Eventos\",\"Not\u00edcias\"],\"inLanguage\":\"pt-BR\",\"potentialAction\":[{\"@type\":\"CommentAction\",\"name\":\"Comment\",\"target\":[\"https:\\\/\\\/chelso.com.br\\\/site\\\/12a-corrida-da-gazeta-acontece-neste-domingo\\\/#respond\"]}]},{\"@type\":\"WebPage\",\"@id\":\"https:\\\/\\\/chelso.com.br\\\/site\\\/12a-corrida-da-gazeta-acontece-neste-domingo\\\/\",\"url\":\"https:\\\/\\\/chelso.com.br\\\/site\\\/12a-corrida-da-gazeta-acontece-neste-domingo\\\/\",\"name\":\"12\u00aa Corrida da Gazeta acontece neste domingo -\",\"isPartOf\":{\"@id\":\"https:\\\/\\\/chelso.com.br\\\/site\\\/#website\"},\"primaryImageOfPage\":{\"@id\":\"https:\\\/\\\/chelso.com.br\\\/site\\\/12a-corrida-da-gazeta-acontece-neste-domingo\\\/#primaryimage\"},\"image\":{\"@id\":\"https:\\\/\\\/chelso.com.br\\\/site\\\/12a-corrida-da-gazeta-acontece-neste-domingo\\\/#primaryimage\"},\"thumbnailUrl\":\"https:\\\/\\\/chelso.com.br\\\/site\\\/wp-content\\\/uploads\\\/2022\\\/08\\\/OIFSD7OPDVW5Q71ETAS7OZDRC2O2BVEOT060QYX3Q71C72ZPOY.png\",\"datePublished\":\"2022-08-18T22:26:08+00:00\",\"author\":{\"@id\":\"https:\\\/\\\/chelso.com.br\\\/site\\\/#\\\/schema\\\/person\\\/06bf484f0ccbb71d4fd2128d594e1d0a\"},\"description\":\"12\u00aa Corrida da Gazeta acontece neste domingo. Largada ser\u00e1 no Engenho Central, a partir das 7h, para os percursos de 5,5 km e 10 km\",\"breadcrumb\":{\"@id\":\"https:\\\/\\\/chelso.com.br\\\/site\\\/12a-corrida-da-gazeta-acontece-neste-domingo\\\/#breadcrumb\"},\"inLanguage\":\"pt-BR\",\"potentialAction\":[{\"@type\":\"ReadAction\",\"target\":[\"https:\\\/\\\/chelso.com.br\\\/site\\\/12a-corrida-da-gazeta-acontece-neste-domingo\\\/\"]}]},{\"@type\":\"ImageObject\",\"inLanguage\":\"pt-BR\",\"@id\":\"https:\\\/\\\/chelso.com.br\\\/site\\\/12a-corrida-da-gazeta-acontece-neste-domingo\\\/#primaryimage\",\"url\":\"https:\\\/\\\/chelso.com.br\\\/site\\\/wp-content\\\/uploads\\\/2022\\\/08\\\/OIFSD7OPDVW5Q71ETAS7OZDRC2O2BVEOT060QYX3Q71C72ZPOY.png\",\"contentUrl\":\"https:\\\/\\\/chelso.com.br\\\/site\\\/wp-content\\\/uploads\\\/2022\\\/08\\\/OIFSD7OPDVW5Q71ETAS7OZDRC2O2BVEOT060QYX3Q71C72ZPOY.png\",\"width\":1900,\"height\":791,\"caption\":\"12\u00aa Corrida da Gazeta acontece neste domingo\"},{\"@type\":\"BreadcrumbList\",\"@id\":\"https:\\\/\\\/chelso.com.br\\\/site\\\/12a-corrida-da-gazeta-acontece-neste-domingo\\\/#breadcrumb\",\"itemListElement\":[{\"@type\":\"ListItem\",\"position\":1,\"name\":\"In\u00edcio\",\"item\":\"https:\\\/\\\/chelso.com.br\\\/site\\\/\"},{\"@type\":\"ListItem\",\"position\":2,\"name\":\"12\u00aa Corrida da Gazeta acontece neste domingo\"}]},{\"@type\":\"WebSite\",\"@id\":\"https:\\\/\\\/chelso.com.br\\\/site\\\/#website\",\"url\":\"https:\\\/\\\/chelso.com.br\\\/site\\\/\",\"name\":\"Portal Chelso Sports\",\"description\":\"Conte\u00fado especializado em corrida de rua e triathlon\",\"potentialAction\":[{\"@type\":\"SearchAction\",\"target\":{\"@type\":\"EntryPoint\",\"urlTemplate\":\"https:\\\/\\\/chelso.com.br\\\/site\\\/?s={search_term_string}\"},\"query-input\":{\"@type\":\"PropertyValueSpecification\",\"valueRequired\":true,\"valueName\":\"search_term_string\"}}],\"inLanguage\":\"pt-BR\"},{\"@type\":\"Person\",\"@id\":\"https:\\\/\\\/chelso.com.br\\\/site\\\/#\\\/schema\\\/person\\\/06bf484f0ccbb71d4fd2128d594e1d0a\",\"name\":\"Chelso\",\"image\":{\"@type\":\"ImageObject\",\"inLanguage\":\"pt-BR\",\"@id\":\"https:\\\/\\\/chelso.com.br\\\/site\\\/wp-content\\\/uploads\\\/2025\\\/04\\\/Perfil20192-150x149.png\",\"url\":\"https:\\\/\\\/chelso.com.br\\\/site\\\/wp-content\\\/uploads\\\/2025\\\/04\\\/Perfil20192-150x149.png\",\"contentUrl\":\"https:\\\/\\\/chelso.com.br\\\/site\\\/wp-content\\\/uploads\\\/2025\\\/04\\\/Perfil20192-150x149.png\",\"caption\":\"Chelso\"},\"sameAs\":[\"http:\\\/\\\/www.chelso.com.br\"],\"url\":\"https:\\\/\\\/chelso.com.br\\\/site\\\/author\\\/maryblog\\\/\"}]}<\/script>\n<!-- \/ Yoast SEO plugin. -->","yoast_head_json":{"title":"12\u00aa Corrida da Gazeta acontece neste domingo -","description":"12\u00aa Corrida da Gazeta acontece neste domingo. Largada ser\u00e1 no Engenho Central, a partir das 7h, para os percursos de 5,5 km e 10 km","robots":{"index":"index","follow":"follow","max-snippet":"max-snippet:-1","max-image-preview":"max-image-preview:large","max-video-preview":"max-video-preview:-1"},"canonical":"https:\/\/chelso.com.br\/site\/12a-corrida-da-gazeta-acontece-neste-domingo\/","og_locale":"pt_BR","og_type":"article","og_title":"12\u00aa Corrida da Gazeta acontece neste domingo -","og_description":"12\u00aa Corrida da Gazeta acontece neste domingo. Largada ser\u00e1 no Engenho Central, a partir das 7h, para os percursos de 5,5 km e 10 km","og_url":"https:\/\/chelso.com.br\/site\/12a-corrida-da-gazeta-acontece-neste-domingo\/","og_site_name":"Portal Chelso Sports","article_published_time":"2022-08-18T22:26:08+00:00","og_image":[{"width":1900,"height":791,"url":"https:\/\/chelso.com.br\/site\/wp-content\/uploads\/2022\/08\/OIFSD7OPDVW5Q71ETAS7OZDRC2O2BVEOT060QYX3Q71C72ZPOY.png","type":"image\/png"}],"author":"Chelso","twitter_card":"summary_large_image","twitter_misc":{"Escrito por":"Chelso","Est. tempo de leitura":"2 minutos"},"schema":{"@context":"https:\/\/schema.org","@graph":[{"@type":"Article","@id":"https:\/\/chelso.com.br\/site\/12a-corrida-da-gazeta-acontece-neste-domingo\/#article","isPartOf":{"@id":"https:\/\/chelso.com.br\/site\/12a-corrida-da-gazeta-acontece-neste-domingo\/"},"author":{"name":"Chelso","@id":"https:\/\/chelso.com.br\/site\/#\/schema\/person\/06bf484f0ccbb71d4fd2128d594e1d0a"},"headline":"12\u00aa Corrida da Gazeta acontece neste domingo","datePublished":"2022-08-18T22:26:08+00:00","mainEntityOfPage":{"@id":"https:\/\/chelso.com.br\/site\/12a-corrida-da-gazeta-acontece-neste-domingo\/"},"wordCount":351,"commentCount":0,"image":{"@id":"https:\/\/chelso.com.br\/site\/12a-corrida-da-gazeta-acontece-neste-domingo\/#primaryimage"},"thumbnailUrl":"https:\/\/chelso.com.br\/site\/wp-content\/uploads\/2022\/08\/OIFSD7OPDVW5Q71ETAS7OZDRC2O2BVEOT060QYX3Q71C72ZPOY.png","keywords":["10k","5k","Chelso","chelso sports","Corrida da Gazeta","Runfor"],"articleSection":["Eventos","Not\u00edcias"],"inLanguage":"pt-BR","potentialAction":[{"@type":"CommentAction","name":"Comment","target":["https:\/\/chelso.com.br\/site\/12a-corrida-da-gazeta-acontece-neste-domingo\/#respond"]}]},{"@type":"WebPage","@id":"https:\/\/chelso.com.br\/site\/12a-corrida-da-gazeta-acontece-neste-domingo\/","url":"https:\/\/chelso.com.br\/site\/12a-corrida-da-gazeta-acontece-neste-domingo\/","name":"12\u00aa Corrida da Gazeta acontece neste domingo -","isPartOf":{"@id":"https:\/\/chelso.com.br\/site\/#website"},"primaryImageOfPage":{"@id":"https:\/\/chelso.com.br\/site\/12a-corrida-da-gazeta-acontece-neste-domingo\/#primaryimage"},"image":{"@id":"https:\/\/chelso.com.br\/site\/12a-corrida-da-gazeta-acontece-neste-domingo\/#primaryimage"},"thumbnailUrl":"https:\/\/chelso.com.br\/site\/wp-content\/uploads\/2022\/08\/OIFSD7OPDVW5Q71ETAS7OZDRC2O2BVEOT060QYX3Q71C72ZPOY.png","datePublished":"2022-08-18T22:26:08+00:00","author":{"@id":"https:\/\/chelso.com.br\/site\/#\/schema\/person\/06bf484f0ccbb71d4fd2128d594e1d0a"},"description":"12\u00aa Corrida da Gazeta acontece neste domingo. Largada ser\u00e1 no Engenho Central, a partir das 7h, para os percursos de 5,5 km e 10 km","breadcrumb":{"@id":"https:\/\/chelso.com.br\/site\/12a-corrida-da-gazeta-acontece-neste-domingo\/#breadcrumb"},"inLanguage":"pt-BR","potentialAction":[{"@type":"ReadAction","target":["https:\/\/chelso.com.br\/site\/12a-corrida-da-gazeta-acontece-neste-domingo\/"]}]},{"@type":"ImageObject","inLanguage":"pt-BR","@id":"https:\/\/chelso.com.br\/site\/12a-corrida-da-gazeta-acontece-neste-domingo\/#primaryimage","url":"https:\/\/chelso.com.br\/site\/wp-content\/uploads\/2022\/08\/OIFSD7OPDVW5Q71ETAS7OZDRC2O2BVEOT060QYX3Q71C72ZPOY.png","contentUrl":"https:\/\/chelso.com.br\/site\/wp-content\/uploads\/2022\/08\/OIFSD7OPDVW5Q71ETAS7OZDRC2O2BVEOT060QYX3Q71C72ZPOY.png","width":1900,"height":791,"caption":"12\u00aa Corrida da Gazeta acontece neste domingo"},{"@type":"BreadcrumbList","@id":"https:\/\/chelso.com.br\/site\/12a-corrida-da-gazeta-acontece-neste-domingo\/#breadcrumb","itemListElement":[{"@type":"ListItem","position":1,"name":"In\u00edcio","item":"https:\/\/chelso.com.br\/site\/"},{"@type":"ListItem","position":2,"name":"12\u00aa Corrida da Gazeta acontece neste domingo"}]},{"@type":"WebSite","@id":"https:\/\/chelso.com.br\/site\/#website","url":"https:\/\/chelso.com.br\/site\/","name":"Portal Chelso Sports","description":"Conte\u00fado especializado em corrida de rua e triathlon","potentialAction":[{"@type":"SearchAction","target":{"@type":"EntryPoint","urlTemplate":"https:\/\/chelso.com.br\/site\/?s={search_term_string}"},"query-input":{"@type":"PropertyValueSpecification","valueRequired":true,"valueName":"search_term_string"}}],"inLanguage":"pt-BR"},{"@type":"Person","@id":"https:\/\/chelso.com.br\/site\/#\/schema\/person\/06bf484f0ccbb71d4fd2128d594e1d0a","name":"Chelso","image":{"@type":"ImageObject","inLanguage":"pt-BR","@id":"https:\/\/chelso.com.br\/site\/wp-content\/uploads\/2025\/04\/Perfil20192-150x149.png","url":"https:\/\/chelso.com.br\/site\/wp-content\/uploads\/2025\/04\/Perfil20192-150x149.png","contentUrl":"https:\/\/chelso.com.br\/site\/wp-content\/uploads\/2025\/04\/Perfil20192-150x149.png","caption":"Chelso"},"sameAs":["http:\/\/www.chelso.com.br"],"url":"https:\/\/chelso.com.br\/site\/author\/maryblog\/"}]}},"amp_enabled":true,"_links":{"self":[{"href":"https:\/\/chelso.com.br\/site\/wp-json\/wp\/v2\/posts\/14529","targetHints":{"allow":["GET"]}}],"collection":[{"href":"https:\/\/chelso.com.br\/site\/wp-json\/wp\/v2\/posts"}],"about":[{"href":"https:\/\/chelso.com.br\/site\/wp-json\/wp\/v2\/types\/post"}],"author":[{"embeddable":true,"href":"https:\/\/chelso.com.br\/site\/wp-json\/wp\/v2\/users\/21"}],"replies":[{"embeddable":true,"href":"https:\/\/chelso.com.br\/site\/wp-json\/wp\/v2\/comments?post=14529"}],"version-history":[{"count":2,"href":"https:\/\/chelso.com.br\/site\/wp-json\/wp\/v2\/posts\/14529\/revisions"}],"predecessor-version":[{"id":14532,"href":"https:\/\/chelso.com.br\/site\/wp-json\/wp\/v2\/posts\/14529\/revisions\/14532"}],"wp:featuredmedia":[{"embeddable":true,"href":"https:\/\/chelso.com.br\/site\/wp-json\/wp\/v2\/media\/14530"}],"wp:attachment":[{"href":"https:\/\/chelso.com.br\/site\/wp-json\/wp\/v2\/media?parent=14529"}],"wp:term":[{"taxonomy":"category","embeddable":true,"href":"https:\/\/chelso.com.br\/site\/wp-json\/wp\/v2\/categories?post=14529"},{"taxonomy":"post_tag","embeddable":true,"href":"https:\/\/chelso.com.br\/site\/wp-json\/wp\/v2\/tags?post=14529"}],"curies":[{"name":"wp","href":"https:\/\/api.w.org\/{rel}","templated":true}]}}