{"id":14979,"date":"2022-09-23T17:08:55","date_gmt":"2022-09-23T20:08:55","guid":{"rendered":"https:\/\/chelso.com.br\/site\/?p=14979"},"modified":"2022-09-23T17:08:55","modified_gmt":"2022-09-23T20:08:55","slug":"maratona-de-berlim-2","status":"publish","type":"post","link":"https:\/\/chelso.com.br\/site\/maratona-de-berlim-2\/","title":{"rendered":"Maratona de Berlim e a poss\u00edvel quebra de recorde mundial de Eliud Kipchoge"},"content":{"rendered":"<p><span style=\"font-weight: 400;\"><strong>Maratona de Berlim e a poss\u00edvel quebra de recorde mundial de Eliud Kipchoge!<\/strong> Melhor maratonista da hist\u00f3ria e dono do atual recorde mundial, o queniano Eliud Kipchoge compete neste domingo (25) querendo escrever mais um cap\u00edtulo de sua vitoriosa carreira. 2h01m39s \u00e9 o tempo que o dono da melhor marca de todos os tempos pretende superar na Maratona de Berlim. O recorde, estabelecido em 2018, foi feito justamente na prova alem\u00e3, onde Eliud j\u00e1 venceu por tr\u00eas vezes.<\/span><\/p>\n<blockquote><p><span style=\"font-weight: 400;\">&#8220;Berlim \u00e9 o percurso mais r\u00e1pido do mundo. \u00c9 onde o ser humano pode mostrar todo seu potencial para ultrapassar seus limites. Quero fazer uma corrida muito boa. E se conseguir meu recorde pessoal, eu vou ficar feliz. Mas eu n\u00e3o quero me comprometer com um tempo. Vou tentar me superar. Eu sempre digo, se voc\u00ea quer se superar, venha para Berlim\u201d, falou Eliud Kipchoge.<\/span><\/p><\/blockquote>\n<p><a href=\"https:\/\/chelso.com.br\/site\/provas-presenciais\/\"><b>Saiba mais sobre o nosso calend\u00e1rio de provas presenciais.<\/b><\/a><\/p>\n<blockquote class=\"instagram-media\" style=\"background: #FFF; border: 0; border-radius: 3px; box-shadow: 0 0 1px 0 rgba(0,0,0,0.5),0 1px 10px 0 rgba(0,0,0,0.15); margin: 1px; max-width: 540px; min-width: 326px; padding: 0; width: calc(100% - 2px);\" data-instgrm-captioned=\"\" data-instgrm-permalink=\"https:\/\/www.instagram.com\/reel\/Ci3FwUFscZd\/?utm_source=ig_embed&amp;utm_campaign=loading\" data-instgrm-version=\"14\">\n<div style=\"padding: 16px;\">\n<p>&nbsp;<\/p>\n<div style=\"display: flex; flex-direction: row; align-items: center;\">\n<div style=\"background-color: #f4f4f4; border-radius: 50%; flex-grow: 0; height: 40px; margin-right: 14px; width: 40px;\"><\/div>\n<div style=\"display: flex; flex-direction: column; flex-grow: 1; justify-content: center;\">\n<div style=\"background-color: #f4f4f4; border-radius: 4px; flex-grow: 0; height: 14px; margin-bottom: 6px; width: 100px;\"><\/div>\n<div style=\"background-color: #f4f4f4; border-radius: 4px; flex-grow: 0; height: 14px; width: 60px;\"><\/div>\n<\/div>\n<\/div>\n<div style=\"padding: 19% 0;\"><\/div>\n<div style=\"display: block; height: 50px; margin: 0 auto 12px; width: 50px;\"><\/div>\n<div style=\"padding-top: 8px;\">\n<div style=\"color: #3897f0; font-family: Arial,sans-serif; font-size: 14px; font-style: normal; font-weight: 550; line-height: 18px;\">Ver essa foto no Instagram<\/div>\n<\/div>\n<div style=\"padding: 12.5% 0;\"><\/div>\n<div style=\"display: flex; flex-direction: row; margin-bottom: 14px; align-items: center;\">\n<div>\n<div style=\"background-color: #f4f4f4; border-radius: 50%; height: 12.5px; width: 12.5px; transform: translateX(0px) translateY(7px);\"><\/div>\n<div style=\"background-color: #f4f4f4; height: 12.5px; transform: rotate(-45deg) translateX(3px) translateY(1px); width: 12.5px; flex-grow: 0; margin-right: 14px; margin-left: 2px;\"><\/div>\n<div style=\"background-color: #f4f4f4; border-radius: 50%; height: 12.5px; width: 12.5px; transform: translateX(9px) translateY(-18px);\"><\/div>\n<\/div>\n<div style=\"margin-left: 8px;\">\n<div style=\"background-color: #f4f4f4; border-radius: 50%; flex-grow: 0; height: 20px; width: 20px;\"><\/div>\n<div style=\"width: 0; height: 0; border-top: 2px solid transparent; border-left: 6px solid #f4f4f4; border-bottom: 2px solid transparent; transform: translateX(16px) translateY(-4px) rotate(30deg);\"><\/div>\n<\/div>\n<div style=\"margin-left: auto;\">\n<div style=\"width: 0px; border-top: 8px solid #F4F4F4; border-right: 8px solid transparent; transform: translateY(16px);\"><\/div>\n<div style=\"background-color: #f4f4f4; flex-grow: 0; height: 12px; width: 16px; transform: translateY(-4px);\"><\/div>\n<div style=\"width: 0; height: 0; border-top: 8px solid #F4F4F4; border-left: 8px solid transparent; transform: translateY(-4px) translateX(8px);\"><\/div>\n<\/div>\n<\/div>\n<div style=\"display: flex; flex-direction: column; flex-grow: 1; justify-content: center; margin-bottom: 24px;\">\n<div style=\"background-color: #f4f4f4; border-radius: 4px; flex-grow: 0; height: 14px; margin-bottom: 6px; width: 224px;\"><\/div>\n<div style=\"background-color: #f4f4f4; border-radius: 4px; flex-grow: 0; height: 14px; width: 144px;\"><\/div>\n<\/div>\n<p>&nbsp;<\/p>\n<p style=\"color: #c9c8cd; font-family: Arial,sans-serif; font-size: 14px; line-height: 17px; margin-bottom: 0; margin-top: 8px; overflow: hidden; padding: 8px 0 7px; text-align: center; text-overflow: ellipsis; white-space: nowrap;\"><a style=\"color: #c9c8cd; font-family: Arial,sans-serif; font-size: 14px; font-style: normal; font-weight: normal; line-height: 17px; text-decoration: none;\" href=\"https:\/\/www.instagram.com\/reel\/Ci3FwUFscZd\/?utm_source=ig_embed&amp;utm_campaign=loading\" target=\"_blank\" rel=\"noopener\">Uma publica\u00e7\u00e3o compartilhada por BMW BERLIN-MARATHON (@berlinmarathon)<\/a><\/p>\n<\/div>\n<\/blockquote>\n<p><script async src=\"\/\/www.instagram.com\/embed.js\"><\/script><\/p>\n<h2>Maratona de Berlim<\/h2>\n<p><span style=\"font-weight: 400;\">Campe\u00e3o em 2015, 2017 e 2018, o queniano ter\u00e1 um desafio \u00e1rduo pela frente. O tempo de 2h01m39s \u00e9 uma marca extremamente forte e dif\u00edcil de ser alcan\u00e7ada. Por\u00e9m, se existe um maratonista capaz de super\u00e1-la, esse maratonista \u00e9 Kipchoge. Al\u00e9m do recorde, um poss\u00edvel quarto t\u00edtulo colocaria o queniano empatado com o et\u00edope Haile Gebrselassie em n\u00famero de vit\u00f3rias em Berlim.<\/span><\/p>\n<p><span style=\"font-weight: 400;\">Seu maior advers\u00e1rio em Berlim ser\u00e1 o et\u00edope Guye Adola, campe\u00e3o da prova em 2021. Entre os outros concorrentes ao t\u00edtulo est\u00e3o o campe\u00e3o mundial de maratona de 2015, Ghirmay Ghebreslassie, da Eritreia, com 2h05m34s, Defene Debela Gonfa, da Eti\u00f3pia, com 2h05m46s, Mark Korir, do Qu\u00eania, com 2h05m49s, e Oqbe Kibrom, da Eritreia, com 2h05m53s.<\/span><\/p>\n<p>Entre as mulheres, as favoritas s\u00e3o a americana Keira d&#8217;Amato, que tem 2h19m12s, e\u00a0 Nancy Jelagat Meto, do Qu\u00eania, tamb\u00e9m com marca de 2h19m no curr\u00edculo. As principais concorrentes a desmbacar as duas favoritas s\u00e3o Gutemi Shone Imana e Workenesh Edesa, ambas da Eti\u00f3pia, al\u00e9m da queniana Maurine Chepkemoi.<\/p>\n<p><iframe  id=\"_ytid_18578\"  width=\"788\" height=\"443\"  data-origwidth=\"788\" data-origheight=\"443\" src=\"https:\/\/www.youtube.com\/embed\/Qp8_ubQzMhc?enablejsapi=1&#038;autoplay=0&#038;cc_load_policy=0&#038;cc_lang_pref=&#038;iv_load_policy=1&#038;loop=0&#038;rel=1&#038;fs=1&#038;playsinline=0&#038;autohide=2&#038;theme=dark&#038;color=red&#038;controls=1&#038;disablekb=0&#038;\" class=\"__youtube_prefs__  epyt-is-override  no-lazyload\" title=\"YouTube player\"  allow=\"fullscreen; accelerometer; autoplay; clipboard-write; encrypted-media; gyroscope; picture-in-picture; web-share\" referrerpolicy=\"strict-origin-when-cross-origin\" allowfullscreen data-no-lazy=\"1\" data-skipgform_ajax_framebjll=\"\"><\/iframe><\/p>\n<h4>Maratona de Berlim ter\u00e1 transmiss\u00e3o ao vivo para o Brasil<\/h4>\n<p>A Maratona de Berlim contar\u00e1 com mais de 45.000 atletas de 157 pa\u00edses na prova. O evento ter\u00e1 transmiss\u00e3o ao vivo pela ESPN 2 a partir das 4h (hor\u00e1rio de Bras\u00edlia).<\/p>\n<p><span style=\"font-size: 14px; color: var(--c-contrast-800);\">A\u00a0<\/span><a style=\"font-size: 14px;\" href=\"https:\/\/chelso.com.br\/site\/\">Chelso<\/a><span style=\"font-size: 14px; color: var(--c-contrast-800);\">\u00a0tamb\u00e9m est\u00e1 no\u00a0<\/span><a style=\"font-size: 14px;\" href=\"https:\/\/www.youtube.com\/channel\/UC1VTjqCtASd4Tn3Z-U-SAqQ\">Youtube<\/a><span style=\"font-size: 14px; color: var(--c-contrast-800);\">. Se inscreva no nosso canal, deixe seus coment\u00e1rios nos v\u00eddeos e acompanhe todas as novidades do mundo dos esportes por l\u00e1. Passamos da marca de 3 mil inscritos e agora nossa meta \u00e9 chegar aos 4 mil. Sua inscri\u00e7\u00e3o \u00e9 muito importante para n\u00f3s.<\/span><\/p>\n<p><span style=\"font-size: 14px; color: var(--c-contrast-800);\">Aproveite e siga a Chelso Sports no\u00a0<\/span><a style=\"font-size: 14px;\" href=\"https:\/\/www.instagram.com\/chelsosports\">Instagram,<\/a><span style=\"font-size: 14px; color: var(--c-contrast-800);\"> acompanhe todas as informa\u00e7\u00f5es sobre nosso calend\u00e1rio de provas e dicas de treinamentos.<\/span><\/p>\n","protected":false},"excerpt":{"rendered":"<p>Maratona de Berlim e a poss\u00edvel quebra de recorde mundial de Eliud Kipchoge! Melhor maratonista da hist\u00f3ria e dono do atual recorde mundial, o queniano Eliud Kipchoge compete neste domingo (25) querendo escrever mais um cap\u00edtulo de sua vitoriosa carreira. 2h01m39s \u00e9 o tempo que o dono da melhor marca de todos os tempos pretende<\/p>\n","protected":false},"author":21,"featured_media":0,"comment_status":"open","ping_status":"closed","sticky":false,"template":"","format":"standard","meta":{"om_disable_all_campaigns":false,"_monsterinsights_skip_tracking":false,"_monsterinsights_sitenote_active":false,"_monsterinsights_sitenote_note":"","_monsterinsights_sitenote_category":0,"footnotes":""},"categories":[56,30],"tags":[841,719,52,870],"class_list":{"0":"post-14979","1":"post","2":"type-post","3":"status-publish","4":"format-standard","6":"category-eventos","7":"category-noticias","8":"tag-42k","9":"tag-eliud-kipchoge","10":"tag-maratona","11":"tag-maratona-de-berlim"},"aioseo_notices":[],"yoast_head":"<!-- This site is optimized with the Yoast SEO plugin v27.5 - https:\/\/yoast.com\/product\/yoast-seo-wordpress\/ -->\n<title>Maratona de Berlim e a poss\u00edvel quebra de recorde mundial de Eliud Kipchoge<\/title>\n<meta name=\"description\" content=\"Maratona de Berlim! Dono do atual recorde mundial, Eliud Kipchoge compete neste domingo (25) querendo superar sua marca de 2h01m39s.\" \/>\n<meta name=\"robots\" content=\"index, follow, max-snippet:-1, max-image-preview:large, max-video-preview:-1\" \/>\n<link rel=\"canonical\" href=\"https:\/\/chelso.com.br\/site\/maratona-de-berlim-2\/\" \/>\n<meta property=\"og:locale\" content=\"pt_BR\" \/>\n<meta property=\"og:type\" content=\"article\" \/>\n<meta property=\"og:title\" content=\"Maratona de Berlim e a poss\u00edvel quebra de recorde mundial de Eliud Kipchoge\" \/>\n<meta property=\"og:description\" content=\"Maratona de Berlim! Dono do atual recorde mundial, Eliud Kipchoge compete neste domingo (25) querendo superar sua marca de 2h01m39s.\" \/>\n<meta property=\"og:url\" content=\"https:\/\/chelso.com.br\/site\/maratona-de-berlim-2\/\" \/>\n<meta property=\"og:site_name\" content=\"Portal Chelso Sports\" \/>\n<meta property=\"article:published_time\" content=\"2022-09-23T20:08:55+00:00\" \/>\n<meta property=\"og:image\" content=\"https:\/\/chelso.com.br\/site\/wp-content\/uploads\/2022\/09\/csm_publicpreview_068b8a2187.jpg\" \/>\n\t<meta property=\"og:image:width\" content=\"768\" \/>\n\t<meta property=\"og:image:height\" content=\"432\" \/>\n\t<meta property=\"og:image:type\" content=\"image\/jpeg\" \/>\n<meta name=\"author\" content=\"Chelso\" \/>\n<meta name=\"twitter:card\" content=\"summary_large_image\" \/>\n<meta name=\"twitter:label1\" content=\"Escrito por\" \/>\n\t<meta name=\"twitter:data1\" content=\"Chelso\" \/>\n\t<meta name=\"twitter:label2\" content=\"Est. tempo de leitura\" \/>\n\t<meta name=\"twitter:data2\" content=\"3 minutos\" \/>\n<script type=\"application\/ld+json\" class=\"yoast-schema-graph\">{\"@context\":\"https:\\\/\\\/schema.org\",\"@graph\":[{\"@type\":\"Article\",\"@id\":\"https:\\\/\\\/chelso.com.br\\\/site\\\/maratona-de-berlim-2\\\/#article\",\"isPartOf\":{\"@id\":\"https:\\\/\\\/chelso.com.br\\\/site\\\/maratona-de-berlim-2\\\/\"},\"author\":{\"name\":\"Chelso\",\"@id\":\"https:\\\/\\\/chelso.com.br\\\/site\\\/#\\\/schema\\\/person\\\/06bf484f0ccbb71d4fd2128d594e1d0a\"},\"headline\":\"Maratona de Berlim e a poss\u00edvel quebra de recorde mundial de Eliud Kipchoge\",\"datePublished\":\"2022-09-23T20:08:55+00:00\",\"mainEntityOfPage\":{\"@id\":\"https:\\\/\\\/chelso.com.br\\\/site\\\/maratona-de-berlim-2\\\/\"},\"wordCount\":515,\"commentCount\":0,\"keywords\":[\"42k\",\"eliud kipchoge\",\"Maratona\",\"Maratona de Berlim\"],\"articleSection\":[\"Eventos\",\"Not\u00edcias\"],\"inLanguage\":\"pt-BR\",\"potentialAction\":[{\"@type\":\"CommentAction\",\"name\":\"Comment\",\"target\":[\"https:\\\/\\\/chelso.com.br\\\/site\\\/maratona-de-berlim-2\\\/#respond\"]}]},{\"@type\":\"WebPage\",\"@id\":\"https:\\\/\\\/chelso.com.br\\\/site\\\/maratona-de-berlim-2\\\/\",\"url\":\"https:\\\/\\\/chelso.com.br\\\/site\\\/maratona-de-berlim-2\\\/\",\"name\":\"Maratona de Berlim e a poss\u00edvel quebra de recorde mundial de Eliud Kipchoge\",\"isPartOf\":{\"@id\":\"https:\\\/\\\/chelso.com.br\\\/site\\\/#website\"},\"datePublished\":\"2022-09-23T20:08:55+00:00\",\"author\":{\"@id\":\"https:\\\/\\\/chelso.com.br\\\/site\\\/#\\\/schema\\\/person\\\/06bf484f0ccbb71d4fd2128d594e1d0a\"},\"description\":\"Maratona de Berlim! Dono do atual recorde mundial, Eliud Kipchoge compete neste domingo (25) querendo superar sua marca de 2h01m39s.\",\"breadcrumb\":{\"@id\":\"https:\\\/\\\/chelso.com.br\\\/site\\\/maratona-de-berlim-2\\\/#breadcrumb\"},\"inLanguage\":\"pt-BR\",\"potentialAction\":[{\"@type\":\"ReadAction\",\"target\":[\"https:\\\/\\\/chelso.com.br\\\/site\\\/maratona-de-berlim-2\\\/\"]}]},{\"@type\":\"BreadcrumbList\",\"@id\":\"https:\\\/\\\/chelso.com.br\\\/site\\\/maratona-de-berlim-2\\\/#breadcrumb\",\"itemListElement\":[{\"@type\":\"ListItem\",\"position\":1,\"name\":\"In\u00edcio\",\"item\":\"https:\\\/\\\/chelso.com.br\\\/site\\\/\"},{\"@type\":\"ListItem\",\"position\":2,\"name\":\"Maratona de Berlim e a poss\u00edvel quebra de recorde mundial de Eliud Kipchoge\"}]},{\"@type\":\"WebSite\",\"@id\":\"https:\\\/\\\/chelso.com.br\\\/site\\\/#website\",\"url\":\"https:\\\/\\\/chelso.com.br\\\/site\\\/\",\"name\":\"Portal Chelso Sports\",\"description\":\"Conte\u00fado especializado em corrida de rua e triathlon\",\"potentialAction\":[{\"@type\":\"SearchAction\",\"target\":{\"@type\":\"EntryPoint\",\"urlTemplate\":\"https:\\\/\\\/chelso.com.br\\\/site\\\/?s={search_term_string}\"},\"query-input\":{\"@type\":\"PropertyValueSpecification\",\"valueRequired\":true,\"valueName\":\"search_term_string\"}}],\"inLanguage\":\"pt-BR\"},{\"@type\":\"Person\",\"@id\":\"https:\\\/\\\/chelso.com.br\\\/site\\\/#\\\/schema\\\/person\\\/06bf484f0ccbb71d4fd2128d594e1d0a\",\"name\":\"Chelso\",\"image\":{\"@type\":\"ImageObject\",\"inLanguage\":\"pt-BR\",\"@id\":\"https:\\\/\\\/chelso.com.br\\\/site\\\/wp-content\\\/uploads\\\/2025\\\/04\\\/Perfil20192-150x149.png\",\"url\":\"https:\\\/\\\/chelso.com.br\\\/site\\\/wp-content\\\/uploads\\\/2025\\\/04\\\/Perfil20192-150x149.png\",\"contentUrl\":\"https:\\\/\\\/chelso.com.br\\\/site\\\/wp-content\\\/uploads\\\/2025\\\/04\\\/Perfil20192-150x149.png\",\"caption\":\"Chelso\"},\"sameAs\":[\"http:\\\/\\\/www.chelso.com.br\"],\"url\":\"https:\\\/\\\/chelso.com.br\\\/site\\\/author\\\/maryblog\\\/\"}]}<\/script>\n<!-- \/ Yoast SEO plugin. -->","yoast_head_json":{"title":"Maratona de Berlim e a poss\u00edvel quebra de recorde mundial de Eliud Kipchoge","description":"Maratona de Berlim! Dono do atual recorde mundial, Eliud Kipchoge compete neste domingo (25) querendo superar sua marca de 2h01m39s.","robots":{"index":"index","follow":"follow","max-snippet":"max-snippet:-1","max-image-preview":"max-image-preview:large","max-video-preview":"max-video-preview:-1"},"canonical":"https:\/\/chelso.com.br\/site\/maratona-de-berlim-2\/","og_locale":"pt_BR","og_type":"article","og_title":"Maratona de Berlim e a poss\u00edvel quebra de recorde mundial de Eliud Kipchoge","og_description":"Maratona de Berlim! Dono do atual recorde mundial, Eliud Kipchoge compete neste domingo (25) querendo superar sua marca de 2h01m39s.","og_url":"https:\/\/chelso.com.br\/site\/maratona-de-berlim-2\/","og_site_name":"Portal Chelso Sports","article_published_time":"2022-09-23T20:08:55+00:00","og_image":[{"width":768,"height":432,"url":"https:\/\/chelso.com.br\/site\/wp-content\/uploads\/2022\/09\/csm_publicpreview_068b8a2187.jpg","type":"image\/jpeg"}],"author":"Chelso","twitter_card":"summary_large_image","twitter_misc":{"Escrito por":"Chelso","Est. tempo de leitura":"3 minutos"},"schema":{"@context":"https:\/\/schema.org","@graph":[{"@type":"Article","@id":"https:\/\/chelso.com.br\/site\/maratona-de-berlim-2\/#article","isPartOf":{"@id":"https:\/\/chelso.com.br\/site\/maratona-de-berlim-2\/"},"author":{"name":"Chelso","@id":"https:\/\/chelso.com.br\/site\/#\/schema\/person\/06bf484f0ccbb71d4fd2128d594e1d0a"},"headline":"Maratona de Berlim e a poss\u00edvel quebra de recorde mundial de Eliud Kipchoge","datePublished":"2022-09-23T20:08:55+00:00","mainEntityOfPage":{"@id":"https:\/\/chelso.com.br\/site\/maratona-de-berlim-2\/"},"wordCount":515,"commentCount":0,"keywords":["42k","eliud kipchoge","Maratona","Maratona de Berlim"],"articleSection":["Eventos","Not\u00edcias"],"inLanguage":"pt-BR","potentialAction":[{"@type":"CommentAction","name":"Comment","target":["https:\/\/chelso.com.br\/site\/maratona-de-berlim-2\/#respond"]}]},{"@type":"WebPage","@id":"https:\/\/chelso.com.br\/site\/maratona-de-berlim-2\/","url":"https:\/\/chelso.com.br\/site\/maratona-de-berlim-2\/","name":"Maratona de Berlim e a poss\u00edvel quebra de recorde mundial de Eliud Kipchoge","isPartOf":{"@id":"https:\/\/chelso.com.br\/site\/#website"},"datePublished":"2022-09-23T20:08:55+00:00","author":{"@id":"https:\/\/chelso.com.br\/site\/#\/schema\/person\/06bf484f0ccbb71d4fd2128d594e1d0a"},"description":"Maratona de Berlim! Dono do atual recorde mundial, Eliud Kipchoge compete neste domingo (25) querendo superar sua marca de 2h01m39s.","breadcrumb":{"@id":"https:\/\/chelso.com.br\/site\/maratona-de-berlim-2\/#breadcrumb"},"inLanguage":"pt-BR","potentialAction":[{"@type":"ReadAction","target":["https:\/\/chelso.com.br\/site\/maratona-de-berlim-2\/"]}]},{"@type":"BreadcrumbList","@id":"https:\/\/chelso.com.br\/site\/maratona-de-berlim-2\/#breadcrumb","itemListElement":[{"@type":"ListItem","position":1,"name":"In\u00edcio","item":"https:\/\/chelso.com.br\/site\/"},{"@type":"ListItem","position":2,"name":"Maratona de Berlim e a poss\u00edvel quebra de recorde mundial de Eliud Kipchoge"}]},{"@type":"WebSite","@id":"https:\/\/chelso.com.br\/site\/#website","url":"https:\/\/chelso.com.br\/site\/","name":"Portal Chelso Sports","description":"Conte\u00fado especializado em corrida de rua e triathlon","potentialAction":[{"@type":"SearchAction","target":{"@type":"EntryPoint","urlTemplate":"https:\/\/chelso.com.br\/site\/?s={search_term_string}"},"query-input":{"@type":"PropertyValueSpecification","valueRequired":true,"valueName":"search_term_string"}}],"inLanguage":"pt-BR"},{"@type":"Person","@id":"https:\/\/chelso.com.br\/site\/#\/schema\/person\/06bf484f0ccbb71d4fd2128d594e1d0a","name":"Chelso","image":{"@type":"ImageObject","inLanguage":"pt-BR","@id":"https:\/\/chelso.com.br\/site\/wp-content\/uploads\/2025\/04\/Perfil20192-150x149.png","url":"https:\/\/chelso.com.br\/site\/wp-content\/uploads\/2025\/04\/Perfil20192-150x149.png","contentUrl":"https:\/\/chelso.com.br\/site\/wp-content\/uploads\/2025\/04\/Perfil20192-150x149.png","caption":"Chelso"},"sameAs":["http:\/\/www.chelso.com.br"],"url":"https:\/\/chelso.com.br\/site\/author\/maryblog\/"}]}},"amp_enabled":true,"_links":{"self":[{"href":"https:\/\/chelso.com.br\/site\/wp-json\/wp\/v2\/posts\/14979","targetHints":{"allow":["GET"]}}],"collection":[{"href":"https:\/\/chelso.com.br\/site\/wp-json\/wp\/v2\/posts"}],"about":[{"href":"https:\/\/chelso.com.br\/site\/wp-json\/wp\/v2\/types\/post"}],"author":[{"embeddable":true,"href":"https:\/\/chelso.com.br\/site\/wp-json\/wp\/v2\/users\/21"}],"replies":[{"embeddable":true,"href":"https:\/\/chelso.com.br\/site\/wp-json\/wp\/v2\/comments?post=14979"}],"version-history":[{"count":1,"href":"https:\/\/chelso.com.br\/site\/wp-json\/wp\/v2\/posts\/14979\/revisions"}],"predecessor-version":[{"id":14981,"href":"https:\/\/chelso.com.br\/site\/wp-json\/wp\/v2\/posts\/14979\/revisions\/14981"}],"wp:attachment":[{"href":"https:\/\/chelso.com.br\/site\/wp-json\/wp\/v2\/media?parent=14979"}],"wp:term":[{"taxonomy":"category","embeddable":true,"href":"https:\/\/chelso.com.br\/site\/wp-json\/wp\/v2\/categories?post=14979"},{"taxonomy":"post_tag","embeddable":true,"href":"https:\/\/chelso.com.br\/site\/wp-json\/wp\/v2\/tags?post=14979"}],"curies":[{"name":"wp","href":"https:\/\/api.w.org\/{rel}","templated":true}]}}