{"id":15022,"date":"2022-09-26T19:57:08","date_gmt":"2022-09-26T22:57:08","guid":{"rendered":"https:\/\/chelso.com.br\/site\/?p=15022"},"modified":"2022-09-26T19:57:08","modified_gmt":"2022-09-26T22:57:08","slug":"novo-recorde-mundial-de-eliud-kipchoge","status":"publish","type":"post","link":"https:\/\/chelso.com.br\/site\/novo-recorde-mundial-de-eliud-kipchoge\/","title":{"rendered":"Novo recorde mundial de Eliud Kipchoge na Maratona de Berlim"},"content":{"rendered":"<p><span style=\"font-weight: 400;\">Novo recorde mundial de Eliud Kipchoge na Maratona de Berlim! Confirmado o novo recorde mundial de Eliud Kipchoge na maratona. O queniano fez hist\u00f3ria, mais uma vez, correndo em Berlim (ALE). Com condi\u00e7\u00f5es perfeitas, o maior maratonista de todos os tempos fez o que dele se esperava e quebrou a antiga marca (que tamb\u00e9m era sua) em meio minuto. 2h01m09s. Novo recorde mundial.<\/span><\/p>\n<p><a href=\"https:\/\/chelso.com.br\/site\/provas-presenciais\/\"><b>Saiba mais sobre o nosso calend\u00e1rio de provas presenciais.<\/b><\/a><\/p>\n<h2><b>Novo recorde mundial de Eliud Kipchoge<\/b><\/h2>\n<p><span style=\"font-weight: 400;\">Kipchoge, puxado pelos coelhos, ditou um ritmo forte desde o in\u00edcio. Ali\u00e1s, diferente de algumas outras provas, quando ia aumentando seu ritmo, o queniano for\u00e7ou muito logo no in\u00edcio. Sua passagem na marca da Meia Maratona foi de 59m51s, provando que a estrat\u00e9gia inicial era tentar baixar de 2h.<\/span><\/p>\n<blockquote class=\"instagram-media\" style=\"background: #FFF; border: 0; border-radius: 3px; box-shadow: 0 0 1px 0 rgba(0,0,0,0.5),0 1px 10px 0 rgba(0,0,0,0.15); margin: 1px; max-width: 540px; min-width: 326px; padding: 0; width: calc(100% - 2px);\" data-instgrm-captioned=\"\" data-instgrm-permalink=\"https:\/\/www.instagram.com\/p\/Ci7iUYpo8MW\/?utm_source=ig_embed&amp;utm_campaign=loading\" data-instgrm-version=\"14\">\n<div style=\"padding: 16px;\">\n<p>&nbsp;<\/p>\n<div style=\"display: flex; flex-direction: row; align-items: center;\">\n<div style=\"background-color: #f4f4f4; border-radius: 50%; flex-grow: 0; height: 40px; margin-right: 14px; width: 40px;\"><\/div>\n<div style=\"display: flex; flex-direction: column; flex-grow: 1; justify-content: center;\">\n<div style=\"background-color: #f4f4f4; border-radius: 4px; flex-grow: 0; height: 14px; margin-bottom: 6px; width: 100px;\"><\/div>\n<div style=\"background-color: #f4f4f4; border-radius: 4px; flex-grow: 0; height: 14px; width: 60px;\"><\/div>\n<\/div>\n<\/div>\n<div style=\"padding: 19% 0;\"><\/div>\n<div style=\"display: block; height: 50px; margin: 0 auto 12px; width: 50px;\"><\/div>\n<div style=\"padding-top: 8px;\">\n<div style=\"color: #3897f0; font-family: Arial,sans-serif; font-size: 14px; font-style: normal; font-weight: 550; line-height: 18px;\">Ver essa foto no Instagram<\/div>\n<\/div>\n<div style=\"padding: 12.5% 0;\"><\/div>\n<div style=\"display: flex; flex-direction: row; margin-bottom: 14px; align-items: center;\">\n<div>\n<div style=\"background-color: #f4f4f4; border-radius: 50%; height: 12.5px; width: 12.5px; transform: translateX(0px) translateY(7px);\"><\/div>\n<div style=\"background-color: #f4f4f4; height: 12.5px; transform: rotate(-45deg) translateX(3px) translateY(1px); width: 12.5px; flex-grow: 0; margin-right: 14px; margin-left: 2px;\"><\/div>\n<div style=\"background-color: #f4f4f4; border-radius: 50%; height: 12.5px; width: 12.5px; transform: translateX(9px) translateY(-18px);\"><\/div>\n<\/div>\n<div style=\"margin-left: 8px;\">\n<div style=\"background-color: #f4f4f4; border-radius: 50%; flex-grow: 0; height: 20px; width: 20px;\"><\/div>\n<div style=\"width: 0; height: 0; border-top: 2px solid transparent; border-left: 6px solid #f4f4f4; border-bottom: 2px solid transparent; transform: translateX(16px) translateY(-4px) rotate(30deg);\"><\/div>\n<\/div>\n<div style=\"margin-left: auto;\">\n<div style=\"width: 0px; border-top: 8px solid #F4F4F4; border-right: 8px solid transparent; transform: translateY(16px);\"><\/div>\n<div style=\"background-color: #f4f4f4; flex-grow: 0; height: 12px; width: 16px; transform: translateY(-4px);\"><\/div>\n<div style=\"width: 0; height: 0; border-top: 8px solid #F4F4F4; border-left: 8px solid transparent; transform: translateY(-4px) translateX(8px);\"><\/div>\n<\/div>\n<\/div>\n<div style=\"display: flex; flex-direction: column; flex-grow: 1; justify-content: center; margin-bottom: 24px;\">\n<div style=\"background-color: #f4f4f4; border-radius: 4px; flex-grow: 0; height: 14px; margin-bottom: 6px; width: 224px;\"><\/div>\n<div style=\"background-color: #f4f4f4; border-radius: 4px; flex-grow: 0; height: 14px; width: 144px;\"><\/div>\n<\/div>\n<p>&nbsp;<\/p>\n<p style=\"color: #c9c8cd; font-family: Arial,sans-serif; font-size: 14px; line-height: 17px; margin-bottom: 0; margin-top: 8px; overflow: hidden; padding: 8px 0 7px; text-align: center; text-overflow: ellipsis; white-space: nowrap;\"><a style=\"color: #c9c8cd; font-family: Arial,sans-serif; font-size: 14px; font-style: normal; font-weight: normal; line-height: 17px; text-decoration: none;\" href=\"https:\/\/www.instagram.com\/p\/Ci7iUYpo8MW\/?utm_source=ig_embed&amp;utm_campaign=loading\" target=\"_blank\" rel=\"noopener\">Uma publica\u00e7\u00e3o compartilhada por Eliud Kipchoge &#8211; EGH\ud83c\uddf0\ud83c\uddea (@kipchogeeliud)<\/a><\/p>\n<\/div>\n<\/blockquote>\n<p><script async src=\"\/\/www.instagram.com\/embed.js\"><\/script><\/p>\n<p><span style=\"font-weight: 400;\">Ap\u00f3s o km20, os coelhos sa\u00edram e Eliud seguiu em carreira solo at\u00e9 o fim da prova. O ritmo caiu um pouco e o que se viu foi uma verdadeira \u201caula\u201d de corrida. Com o passar dos quil\u00f4metros ficou claro que o sub-2h era um feito improv\u00e1vel, e, naquele momento, cabia seguir com a estrat\u00e9gia de manter um ritmo que permitisse a quebra do recorde mundial.<\/span><\/p>\n<p><span style=\"font-weight: 400;\">Ela veio! E com sobras. Trinta segundos abaixo da antiga marca. Eliud n\u00e3o s\u00f3 quebrou o recorde, como colocou uma boa sobra sobre seu antigo tempo de 2h01m39s. As 2h01m09s colocam o queniano como \u00fanico atleta da hist\u00f3ria a correr a prova na marca de 2h01m. Al\u00e9m disso, com o t\u00edtulo, Eliud chega a quatro vit\u00f3rias na prova alem\u00e3, igualando et\u00edope Haile Gebrselassie, soberano entre os anos de 2006 e 2009.<\/span><\/p>\n<p><span style=\"font-weight: 400;\">\u201cEstou muito feliz por baixar mais uma vez o recorde mundial. Agrade\u00e7o a todos os corredores do mundo que me inspiram diariamente a me esfor\u00e7ar. Espero que este resultado os inspire a quebrar seus pr\u00f3prios limites. Seja sua primeira corrida, um novo recorde pessoal ou qualquer outra coisa. Acredite que com o cora\u00e7\u00e3o e a mente voc\u00ea pode alcan\u00e7ar toda grandeza na vida\u201d, ressaltou o campe\u00e3o em seu Instagram.\u00a0<\/span><\/p>\n<h4><b>Passagens do recorde mundial\u00a0<\/b><\/h4>\n<ul>\n<li style=\"font-weight: 400;\" aria-level=\"1\"><span style=\"font-weight: 400;\">5 km &#8211; 14m14s<\/span><\/li>\n<li style=\"font-weight: 400;\" aria-level=\"1\"><span style=\"font-weight: 400;\">10 km &#8211; 28m23s<\/span><\/li>\n<li style=\"font-weight: 400;\" aria-level=\"1\"><span style=\"font-weight: 400;\">15 km &#8211; 42m33s<\/span><\/li>\n<li style=\"font-weight: 400;\" aria-level=\"1\"><span style=\"font-weight: 400;\">Meia Maratona &#8211; 59m51s<\/span><\/li>\n<li style=\"font-weight: 400;\" aria-level=\"1\"><span style=\"font-weight: 400;\">25 km &#8211; 1h11m08s<\/span><\/li>\n<li style=\"font-weight: 400;\" aria-level=\"1\"><span style=\"font-weight: 400;\">30 km &#8211; 1h25m40s<\/span><\/li>\n<li style=\"font-weight: 400;\" aria-level=\"1\"><span style=\"font-weight: 400;\">35 km &#8211; 1h40m10s<\/span><\/li>\n<li style=\"font-weight: 400;\" aria-level=\"1\"><span style=\"font-weight: 400;\">40 km &#8211; 1h54m53s<\/span><\/li>\n<li style=\"font-weight: 400;\" aria-level=\"1\"><span style=\"font-weight: 400;\">Maratona &#8211; 2h01m09s\u00a0<\/span><\/li>\n<\/ul>\n<p><iframe  id=\"_ytid_77735\"  width=\"788\" height=\"443\"  data-origwidth=\"788\" data-origheight=\"443\" src=\"https:\/\/www.youtube.com\/embed\/hxDn4EEMank?enablejsapi=1&#038;autoplay=0&#038;cc_load_policy=0&#038;cc_lang_pref=&#038;iv_load_policy=1&#038;loop=0&#038;rel=1&#038;fs=1&#038;playsinline=0&#038;autohide=2&#038;theme=dark&#038;color=red&#038;controls=1&#038;disablekb=0&#038;\" class=\"__youtube_prefs__  epyt-is-override  no-lazyload\" title=\"YouTube player\"  allow=\"fullscreen; accelerometer; autoplay; clipboard-write; encrypted-media; gyroscope; picture-in-picture; web-share\" referrerpolicy=\"strict-origin-when-cross-origin\" allowfullscreen data-no-lazy=\"1\" data-skipgform_ajax_framebjll=\"\"><\/iframe><\/p>\n<p><span style=\"font-weight: 400;\">O queniano Mark Korir finalizou a prova na segunda posi\u00e7\u00e3o com 2h05m58s e Tadu Abate, da Eti\u00f3pia, ficou com a terceira coloca\u00e7\u00e3o. Entre as mulheres, a et\u00edope Tigis Assefa fez o terceiro tempo mais r\u00e1pido da hist\u00f3ria da maratona: 2h15n37s. <\/span><a href=\"https:\/\/www.google.com\/search?sxsrf=ALiCzsahjdzVanL_CpBWzNlDuc8jygCOiQ:1664231976357&amp;ei=KCoyY_T-FNDc1sQPyYGK-A0&amp;q=rosemary+wanjiru&amp;kgmid=\/g\/11h_w23z8h&amp;sa=X&amp;ved=2ahUKEwj0spiew7P6AhVQrpUCHcmAAt8QlZgBegQIJhAa&amp;sxsrf=ALiCzsahjdzVanL_CpBWzNlDuc8jygCOiQ:1664231976357\"><span style=\"font-weight: 400;\">Rosemary Wanjiru, do Qu\u00eania, ficou em segundo, e <\/span><\/a><a href=\"https:\/\/www.google.com\/search?sxsrf=ALiCzsahjdzVanL_CpBWzNlDuc8jygCOiQ:1664231976357&amp;ei=KCoyY_T-FNDc1sQPyYGK-A0&amp;q=tigist+abayechew&amp;kgmid=\/g\/11fpg6fzl_&amp;sa=X&amp;ved=2ahUKEwj0spiew7P6AhVQrpUCHcmAAt8QlZgBegQIJhAY&amp;sxsrf=ALiCzsahjdzVanL_CpBWzNlDuc8jygCOiQ:1664231976357\"><span style=\"font-weight: 400;\">Tigist Abayechew<\/span><\/a><span style=\"font-weight: 400;\">, da Eti\u00f3pia, foi a terceira colocada.\u00a0<\/span><\/p>\n<p>A\u00a0<a href=\"https:\/\/chelso.com.br\/site\/\">Chelso<\/a>\u00a0tamb\u00e9m est\u00e1 no\u00a0<a href=\"https:\/\/www.youtube.com\/channel\/UC1VTjqCtASd4Tn3Z-U-SAqQ\">Youtube<\/a>. Se inscreva no nosso canal, deixe seus coment\u00e1rios nos v\u00eddeos e acompanhe todas as novidades do mundo dos esportes por l\u00e1. Passamos da marca de 3 mil inscritos e agora nossa meta \u00e9 chegar aos 4 mil. Sua inscri\u00e7\u00e3o \u00e9 muito importante para n\u00f3s.<\/p>\n<p>Aproveite e siga a Chelso Sports no\u00a0<a href=\"https:\/\/www.instagram.com\/chelsosports\">Instagram,<\/a>\u00a0acompanhe todas as informa\u00e7\u00f5es sobre nosso calend\u00e1rio de provas e dicas de treinamentos.<\/p>\n","protected":false},"excerpt":{"rendered":"<p>Novo recorde mundial de Eliud Kipchoge na Maratona de Berlim! Confirmado o novo recorde mundial de Eliud Kipchoge na maratona. O queniano fez hist\u00f3ria, mais uma vez, correndo em Berlim (ALE). Com condi\u00e7\u00f5es perfeitas, o maior maratonista de todos os tempos fez o que dele se esperava e quebrou a antiga marca (que tamb\u00e9m era<\/p>\n","protected":false},"author":21,"featured_media":0,"comment_status":"open","ping_status":"closed","sticky":false,"template":"","format":"standard","meta":{"om_disable_all_campaigns":false,"_monsterinsights_skip_tracking":false,"_monsterinsights_sitenote_active":false,"_monsterinsights_sitenote_note":"","_monsterinsights_sitenote_category":0,"footnotes":""},"categories":[56,30],"tags":[877,863,719,52,740],"class_list":{"0":"post-15022","1":"post","2":"type-post","3":"status-publish","4":"format-standard","6":"category-eventos","7":"category-noticias","8":"tag-42km","9":"tag-berlim","10":"tag-eliud-kipchoge","11":"tag-maratona","12":"tag-world-record"},"aioseo_notices":[],"yoast_head":"<!-- This site is optimized with the Yoast SEO plugin v27.5 - https:\/\/yoast.com\/product\/yoast-seo-wordpress\/ -->\n<title>Novo recorde mundial de Eliud Kipchoge na Maratona de Berlim - Portal Chelso Sports<\/title>\n<meta name=\"description\" content=\"Novo recorde mundial de Eliud Kipchoge! Queniano faz hist\u00f3ria mais uma vez e baixa sua marca em 30s: 2h01m09s \u00e9 o melhor tempo da hist\u00f3ria.\" \/>\n<meta name=\"robots\" content=\"index, follow, max-snippet:-1, max-image-preview:large, max-video-preview:-1\" \/>\n<link rel=\"canonical\" href=\"https:\/\/chelso.com.br\/site\/novo-recorde-mundial-de-eliud-kipchoge\/\" \/>\n<meta property=\"og:locale\" content=\"pt_BR\" \/>\n<meta property=\"og:type\" content=\"article\" \/>\n<meta property=\"og:title\" content=\"Novo recorde mundial de Eliud Kipchoge na Maratona de Berlim - Portal Chelso Sports\" \/>\n<meta property=\"og:description\" content=\"Novo recorde mundial de Eliud Kipchoge! Queniano faz hist\u00f3ria mais uma vez e baixa sua marca em 30s: 2h01m09s \u00e9 o melhor tempo da hist\u00f3ria.\" \/>\n<meta property=\"og:url\" content=\"https:\/\/chelso.com.br\/site\/novo-recorde-mundial-de-eliud-kipchoge\/\" \/>\n<meta property=\"og:site_name\" content=\"Portal Chelso Sports\" \/>\n<meta property=\"article:published_time\" content=\"2022-09-26T22:57:08+00:00\" \/>\n<meta property=\"og:image\" content=\"https:\/\/chelso.com.br\/site\/wp-content\/uploads\/2022\/09\/2022-09-25t121853z_475959416_up1ei9p0pzurk_rtrmadp_3_athletics-berlin-1.jpg\" \/>\n\t<meta property=\"og:image:width\" content=\"1170\" \/>\n\t<meta property=\"og:image:height\" content=\"700\" \/>\n\t<meta property=\"og:image:type\" content=\"image\/jpeg\" \/>\n<meta name=\"author\" content=\"Chelso\" \/>\n<meta name=\"twitter:card\" content=\"summary_large_image\" \/>\n<meta name=\"twitter:label1\" content=\"Escrito por\" \/>\n\t<meta name=\"twitter:data1\" content=\"Chelso\" \/>\n\t<meta name=\"twitter:label2\" content=\"Est. tempo de leitura\" \/>\n\t<meta name=\"twitter:data2\" content=\"3 minutos\" \/>\n<script type=\"application\/ld+json\" class=\"yoast-schema-graph\">{\"@context\":\"https:\\\/\\\/schema.org\",\"@graph\":[{\"@type\":\"Article\",\"@id\":\"https:\\\/\\\/chelso.com.br\\\/site\\\/novo-recorde-mundial-de-eliud-kipchoge\\\/#article\",\"isPartOf\":{\"@id\":\"https:\\\/\\\/chelso.com.br\\\/site\\\/novo-recorde-mundial-de-eliud-kipchoge\\\/\"},\"author\":{\"name\":\"Chelso\",\"@id\":\"https:\\\/\\\/chelso.com.br\\\/site\\\/#\\\/schema\\\/person\\\/06bf484f0ccbb71d4fd2128d594e1d0a\"},\"headline\":\"Novo recorde mundial de Eliud Kipchoge na Maratona de Berlim\",\"datePublished\":\"2022-09-26T22:57:08+00:00\",\"mainEntityOfPage\":{\"@id\":\"https:\\\/\\\/chelso.com.br\\\/site\\\/novo-recorde-mundial-de-eliud-kipchoge\\\/\"},\"wordCount\":589,\"commentCount\":0,\"keywords\":[\"42km\",\"Berlim\",\"eliud kipchoge\",\"Maratona\",\"World Record\"],\"articleSection\":[\"Eventos\",\"Not\u00edcias\"],\"inLanguage\":\"pt-BR\",\"potentialAction\":[{\"@type\":\"CommentAction\",\"name\":\"Comment\",\"target\":[\"https:\\\/\\\/chelso.com.br\\\/site\\\/novo-recorde-mundial-de-eliud-kipchoge\\\/#respond\"]}]},{\"@type\":\"WebPage\",\"@id\":\"https:\\\/\\\/chelso.com.br\\\/site\\\/novo-recorde-mundial-de-eliud-kipchoge\\\/\",\"url\":\"https:\\\/\\\/chelso.com.br\\\/site\\\/novo-recorde-mundial-de-eliud-kipchoge\\\/\",\"name\":\"Novo recorde mundial de Eliud Kipchoge na Maratona de Berlim - Portal Chelso Sports\",\"isPartOf\":{\"@id\":\"https:\\\/\\\/chelso.com.br\\\/site\\\/#website\"},\"datePublished\":\"2022-09-26T22:57:08+00:00\",\"author\":{\"@id\":\"https:\\\/\\\/chelso.com.br\\\/site\\\/#\\\/schema\\\/person\\\/06bf484f0ccbb71d4fd2128d594e1d0a\"},\"description\":\"Novo recorde mundial de Eliud Kipchoge! Queniano faz hist\u00f3ria mais uma vez e baixa sua marca em 30s: 2h01m09s \u00e9 o melhor tempo da hist\u00f3ria.\",\"breadcrumb\":{\"@id\":\"https:\\\/\\\/chelso.com.br\\\/site\\\/novo-recorde-mundial-de-eliud-kipchoge\\\/#breadcrumb\"},\"inLanguage\":\"pt-BR\",\"potentialAction\":[{\"@type\":\"ReadAction\",\"target\":[\"https:\\\/\\\/chelso.com.br\\\/site\\\/novo-recorde-mundial-de-eliud-kipchoge\\\/\"]}]},{\"@type\":\"BreadcrumbList\",\"@id\":\"https:\\\/\\\/chelso.com.br\\\/site\\\/novo-recorde-mundial-de-eliud-kipchoge\\\/#breadcrumb\",\"itemListElement\":[{\"@type\":\"ListItem\",\"position\":1,\"name\":\"In\u00edcio\",\"item\":\"https:\\\/\\\/chelso.com.br\\\/site\\\/\"},{\"@type\":\"ListItem\",\"position\":2,\"name\":\"Novo recorde mundial de Eliud Kipchoge na Maratona de Berlim\"}]},{\"@type\":\"WebSite\",\"@id\":\"https:\\\/\\\/chelso.com.br\\\/site\\\/#website\",\"url\":\"https:\\\/\\\/chelso.com.br\\\/site\\\/\",\"name\":\"Portal Chelso Sports\",\"description\":\"Conte\u00fado especializado em corrida de rua e triathlon\",\"potentialAction\":[{\"@type\":\"SearchAction\",\"target\":{\"@type\":\"EntryPoint\",\"urlTemplate\":\"https:\\\/\\\/chelso.com.br\\\/site\\\/?s={search_term_string}\"},\"query-input\":{\"@type\":\"PropertyValueSpecification\",\"valueRequired\":true,\"valueName\":\"search_term_string\"}}],\"inLanguage\":\"pt-BR\"},{\"@type\":\"Person\",\"@id\":\"https:\\\/\\\/chelso.com.br\\\/site\\\/#\\\/schema\\\/person\\\/06bf484f0ccbb71d4fd2128d594e1d0a\",\"name\":\"Chelso\",\"image\":{\"@type\":\"ImageObject\",\"inLanguage\":\"pt-BR\",\"@id\":\"https:\\\/\\\/chelso.com.br\\\/site\\\/wp-content\\\/uploads\\\/2025\\\/04\\\/Perfil20192-150x149.png\",\"url\":\"https:\\\/\\\/chelso.com.br\\\/site\\\/wp-content\\\/uploads\\\/2025\\\/04\\\/Perfil20192-150x149.png\",\"contentUrl\":\"https:\\\/\\\/chelso.com.br\\\/site\\\/wp-content\\\/uploads\\\/2025\\\/04\\\/Perfil20192-150x149.png\",\"caption\":\"Chelso\"},\"sameAs\":[\"http:\\\/\\\/www.chelso.com.br\"],\"url\":\"https:\\\/\\\/chelso.com.br\\\/site\\\/author\\\/maryblog\\\/\"}]}<\/script>\n<!-- \/ Yoast SEO plugin. -->","yoast_head_json":{"title":"Novo recorde mundial de Eliud Kipchoge na Maratona de Berlim - Portal Chelso Sports","description":"Novo recorde mundial de Eliud Kipchoge! Queniano faz hist\u00f3ria mais uma vez e baixa sua marca em 30s: 2h01m09s \u00e9 o melhor tempo da hist\u00f3ria.","robots":{"index":"index","follow":"follow","max-snippet":"max-snippet:-1","max-image-preview":"max-image-preview:large","max-video-preview":"max-video-preview:-1"},"canonical":"https:\/\/chelso.com.br\/site\/novo-recorde-mundial-de-eliud-kipchoge\/","og_locale":"pt_BR","og_type":"article","og_title":"Novo recorde mundial de Eliud Kipchoge na Maratona de Berlim - Portal Chelso Sports","og_description":"Novo recorde mundial de Eliud Kipchoge! Queniano faz hist\u00f3ria mais uma vez e baixa sua marca em 30s: 2h01m09s \u00e9 o melhor tempo da hist\u00f3ria.","og_url":"https:\/\/chelso.com.br\/site\/novo-recorde-mundial-de-eliud-kipchoge\/","og_site_name":"Portal Chelso Sports","article_published_time":"2022-09-26T22:57:08+00:00","og_image":[{"width":1170,"height":700,"url":"https:\/\/chelso.com.br\/site\/wp-content\/uploads\/2022\/09\/2022-09-25t121853z_475959416_up1ei9p0pzurk_rtrmadp_3_athletics-berlin-1.jpg","type":"image\/jpeg"}],"author":"Chelso","twitter_card":"summary_large_image","twitter_misc":{"Escrito por":"Chelso","Est. tempo de leitura":"3 minutos"},"schema":{"@context":"https:\/\/schema.org","@graph":[{"@type":"Article","@id":"https:\/\/chelso.com.br\/site\/novo-recorde-mundial-de-eliud-kipchoge\/#article","isPartOf":{"@id":"https:\/\/chelso.com.br\/site\/novo-recorde-mundial-de-eliud-kipchoge\/"},"author":{"name":"Chelso","@id":"https:\/\/chelso.com.br\/site\/#\/schema\/person\/06bf484f0ccbb71d4fd2128d594e1d0a"},"headline":"Novo recorde mundial de Eliud Kipchoge na Maratona de Berlim","datePublished":"2022-09-26T22:57:08+00:00","mainEntityOfPage":{"@id":"https:\/\/chelso.com.br\/site\/novo-recorde-mundial-de-eliud-kipchoge\/"},"wordCount":589,"commentCount":0,"keywords":["42km","Berlim","eliud kipchoge","Maratona","World Record"],"articleSection":["Eventos","Not\u00edcias"],"inLanguage":"pt-BR","potentialAction":[{"@type":"CommentAction","name":"Comment","target":["https:\/\/chelso.com.br\/site\/novo-recorde-mundial-de-eliud-kipchoge\/#respond"]}]},{"@type":"WebPage","@id":"https:\/\/chelso.com.br\/site\/novo-recorde-mundial-de-eliud-kipchoge\/","url":"https:\/\/chelso.com.br\/site\/novo-recorde-mundial-de-eliud-kipchoge\/","name":"Novo recorde mundial de Eliud Kipchoge na Maratona de Berlim - Portal Chelso Sports","isPartOf":{"@id":"https:\/\/chelso.com.br\/site\/#website"},"datePublished":"2022-09-26T22:57:08+00:00","author":{"@id":"https:\/\/chelso.com.br\/site\/#\/schema\/person\/06bf484f0ccbb71d4fd2128d594e1d0a"},"description":"Novo recorde mundial de Eliud Kipchoge! Queniano faz hist\u00f3ria mais uma vez e baixa sua marca em 30s: 2h01m09s \u00e9 o melhor tempo da hist\u00f3ria.","breadcrumb":{"@id":"https:\/\/chelso.com.br\/site\/novo-recorde-mundial-de-eliud-kipchoge\/#breadcrumb"},"inLanguage":"pt-BR","potentialAction":[{"@type":"ReadAction","target":["https:\/\/chelso.com.br\/site\/novo-recorde-mundial-de-eliud-kipchoge\/"]}]},{"@type":"BreadcrumbList","@id":"https:\/\/chelso.com.br\/site\/novo-recorde-mundial-de-eliud-kipchoge\/#breadcrumb","itemListElement":[{"@type":"ListItem","position":1,"name":"In\u00edcio","item":"https:\/\/chelso.com.br\/site\/"},{"@type":"ListItem","position":2,"name":"Novo recorde mundial de Eliud Kipchoge na Maratona de Berlim"}]},{"@type":"WebSite","@id":"https:\/\/chelso.com.br\/site\/#website","url":"https:\/\/chelso.com.br\/site\/","name":"Portal Chelso Sports","description":"Conte\u00fado especializado em corrida de rua e triathlon","potentialAction":[{"@type":"SearchAction","target":{"@type":"EntryPoint","urlTemplate":"https:\/\/chelso.com.br\/site\/?s={search_term_string}"},"query-input":{"@type":"PropertyValueSpecification","valueRequired":true,"valueName":"search_term_string"}}],"inLanguage":"pt-BR"},{"@type":"Person","@id":"https:\/\/chelso.com.br\/site\/#\/schema\/person\/06bf484f0ccbb71d4fd2128d594e1d0a","name":"Chelso","image":{"@type":"ImageObject","inLanguage":"pt-BR","@id":"https:\/\/chelso.com.br\/site\/wp-content\/uploads\/2025\/04\/Perfil20192-150x149.png","url":"https:\/\/chelso.com.br\/site\/wp-content\/uploads\/2025\/04\/Perfil20192-150x149.png","contentUrl":"https:\/\/chelso.com.br\/site\/wp-content\/uploads\/2025\/04\/Perfil20192-150x149.png","caption":"Chelso"},"sameAs":["http:\/\/www.chelso.com.br"],"url":"https:\/\/chelso.com.br\/site\/author\/maryblog\/"}]}},"amp_enabled":true,"_links":{"self":[{"href":"https:\/\/chelso.com.br\/site\/wp-json\/wp\/v2\/posts\/15022","targetHints":{"allow":["GET"]}}],"collection":[{"href":"https:\/\/chelso.com.br\/site\/wp-json\/wp\/v2\/posts"}],"about":[{"href":"https:\/\/chelso.com.br\/site\/wp-json\/wp\/v2\/types\/post"}],"author":[{"embeddable":true,"href":"https:\/\/chelso.com.br\/site\/wp-json\/wp\/v2\/users\/21"}],"replies":[{"embeddable":true,"href":"https:\/\/chelso.com.br\/site\/wp-json\/wp\/v2\/comments?post=15022"}],"version-history":[{"count":1,"href":"https:\/\/chelso.com.br\/site\/wp-json\/wp\/v2\/posts\/15022\/revisions"}],"predecessor-version":[{"id":15024,"href":"https:\/\/chelso.com.br\/site\/wp-json\/wp\/v2\/posts\/15022\/revisions\/15024"}],"wp:attachment":[{"href":"https:\/\/chelso.com.br\/site\/wp-json\/wp\/v2\/media?parent=15022"}],"wp:term":[{"taxonomy":"category","embeddable":true,"href":"https:\/\/chelso.com.br\/site\/wp-json\/wp\/v2\/categories?post=15022"},{"taxonomy":"post_tag","embeddable":true,"href":"https:\/\/chelso.com.br\/site\/wp-json\/wp\/v2\/tags?post=15022"}],"curies":[{"name":"wp","href":"https:\/\/api.w.org\/{rel}","templated":true}]}}