{"id":15192,"date":"2022-10-04T22:54:47","date_gmt":"2022-10-05T01:54:47","guid":{"rendered":"https:\/\/chelso.com.br\/site\/?p=15192"},"modified":"2022-10-04T22:56:08","modified_gmt":"2022-10-05T01:56:08","slug":"vai-sair-de-tarde-para-pedalar","status":"publish","type":"post","link":"https:\/\/chelso.com.br\/site\/vai-sair-de-tarde-para-pedalar\/","title":{"rendered":"Vai sair de tarde para pedalar?"},"content":{"rendered":"<p>Vai sair de tarde para pedalar? N\u00e3o quis levantar de manh\u00e3zinha nesse frio e a\u00ed marcou o rol\u00ea pro per\u00edodo da tarde e n\u00e3o sabe o que levar? Se voc\u00ea \u00e9 daquelas que tem s\u00e9rios problemas para acordar cedo para treinar, esse artigo da colunista Alessandra Cardoso \u00e9 perfeito para voc\u00ea. Se liga nas dicas que ela deu para todas as ciclistas que costumam perder a hora do treino bem cedinho.<\/p>\n<p><a href=\"https:\/\/chelso.com.br\/site\/preciso-de-uma-bicicleta-top\/\">Leia mais no blog: Preciso de uma bicileta top?<\/a><\/p>\n<h2>Vai sair de tarde para pedalar?<\/h2>\n<p>Te digo, caro amigo(a): leve farol que \u00e9 muito importante. Voc\u00ea pode encontr\u00e1-los nas lojas de bike, em diversos modelos e pot\u00eancia. Existem aqueles que t\u00eam mais lumiens. Esses modelos t\u00eam uma abrang\u00eancia maior de luminosidade e, se caso o amigo do pedal estiver sem farol, ele conseguir\u00e1 te acompanhar com seguran\u00e7a.<\/p>\n<p>Leve tamb\u00e9m o agasalho, ou corta-vento, e um lanchinho a mais. Pode estar calor na hora de sair para pedalar\u00a0 e voc\u00ea pode achar que volta antes do anoitecer. Por\u00e9m, como imprevistos acontecem, o rol\u00ea pode durar muito mais tempo e voc\u00ea pode voltar \u00e0 noite, arriscando estar sem nada pra comer e o tempo esfriar. Nesse caso \u00e9 melhor estar prevenido do que passar perrengue.<\/p>\n<p>Falo isso por experi\u00eancia pr\u00f3pria\u2026 kkk<\/p>\n<p>Curtiu? Ent\u00e3o siga tamb\u00e9m o perfil @<a href=\"http:\/\/www.instagram.com\/consertabikepiracicaba\">consertabikepiracicaba.<\/a><\/p>\n<p><a href=\"https:\/\/chelso.com.br\/site\/quando-tenho-que-lavar-a-bike\/\">Quando tenho que lavar a bike?<\/a><\/p>\n<p><iframe  id=\"_ytid_34887\"  width=\"788\" height=\"443\"  data-origwidth=\"788\" data-origheight=\"443\" src=\"https:\/\/www.youtube.com\/embed\/LB2TN7jqDwU?enablejsapi=1&#038;autoplay=0&#038;cc_load_policy=0&#038;cc_lang_pref=&#038;iv_load_policy=1&#038;loop=0&#038;rel=1&#038;fs=1&#038;playsinline=0&#038;autohide=2&#038;theme=dark&#038;color=red&#038;controls=1&#038;disablekb=0&#038;\" class=\"__youtube_prefs__  epyt-is-override  no-lazyload\" title=\"YouTube player\"  allow=\"fullscreen; accelerometer; autoplay; clipboard-write; encrypted-media; gyroscope; picture-in-picture; web-share\" referrerpolicy=\"strict-origin-when-cross-origin\" allowfullscreen data-no-lazy=\"1\" data-skipgform_ajax_framebjll=\"\"><\/iframe><\/p>\n<p>A\u00a0<a href=\"https:\/\/chelso.com.br\/site\/\">Chelso<\/a>\u00a0tamb\u00e9m est\u00e1 no\u00a0<a href=\"https:\/\/www.youtube.com\/channel\/UC1VTjqCtASd4Tn3Z-U-SAqQ\">Youtube<\/a>. Se inscreva no nosso canal, deixe seus coment\u00e1rios nos v\u00eddeos e acompanhe todas as novidades do mundo dos esportes por l\u00e1. Passamos da marca de 3 mil inscritos e agora nossa meta \u00e9 chegar aos 4 mil. Sua inscri\u00e7\u00e3o \u00e9 muito importante para n\u00f3s.<\/p>\n<p>Aproveite e siga a Chelso Sports no\u00a0<a href=\"https:\/\/www.instagram.com\/chelsosports\">Instagram,<\/a>\u00a0acompanhe todas as informa\u00e7\u00f5es sobre nosso calend\u00e1rio de provas e dicas de treinamentos.<\/p>\n<p>Leia mais mat\u00e9rias e conte\u00fados com dicas sobre ciclismo no blog da\u00a0<a href=\"https:\/\/chelso.com.br\/\">Chelso<\/a><\/p>\n<p><a href=\"https:\/\/chelso.com.br\/site\/qual-e-a-bicicleta-ideal-para-a-crianca\/\">Qual a bicicleta ideal para a crian\u00e7a iniciante?<\/a><\/p>\n<p><a href=\"https:\/\/chelso.com.br\/site\/o-que-e-o-bike-fit\/\">O que \u00e9 o bike fit?<\/a><\/p>\n<p><a href=\"https:\/\/chelso.com.br\/site\/quando-tenho-que-lavar-a-bike\/\">Quando tenho que lavar a bike?<\/a><\/p>\n<p><a href=\"https:\/\/chelso.com.br\/site\/preciso-de-uma-bicicleta-top\/\">Preciso de uma bicicleta top?<\/a><\/p>\n","protected":false},"excerpt":{"rendered":"<p>Vai sair de tarde para pedalar? N\u00e3o quis levantar de manh\u00e3zinha nesse frio e a\u00ed marcou o rol\u00ea pro per\u00edodo da tarde e n\u00e3o sabe o que levar? Se voc\u00ea \u00e9 daquelas que tem s\u00e9rios problemas para acordar cedo para treinar, esse artigo da colunista Alessandra Cardoso \u00e9 perfeito para voc\u00ea. Se liga nas dicas<\/p>\n","protected":false},"author":24,"featured_media":0,"comment_status":"open","ping_status":"closed","sticky":false,"template":"","format":"standard","meta":{"om_disable_all_campaigns":false,"_monsterinsights_skip_tracking":false,"_monsterinsights_sitenote_active":false,"_monsterinsights_sitenote_note":"","_monsterinsights_sitenote_category":0,"footnotes":""},"categories":[89,30],"tags":[1525,735,41,167],"class_list":{"0":"post-15192","1":"post","2":"type-post","3":"status-publish","4":"format-standard","6":"category-dicas","7":"category-noticias","8":"tag-alessandra-cardoso","9":"tag-chelso","10":"tag-chelso-sports","11":"tag-ciclismo"},"aioseo_notices":[],"yoast_head":"<!-- This site is optimized with the Yoast SEO plugin v27.5 - https:\/\/yoast.com\/product\/yoast-seo-wordpress\/ -->\n<title>Vai sair de tarde para pedalar? - Portal Chelso Sports<\/title>\n<meta name=\"description\" content=\"Vai sair de tarde para pedalar? Ent\u00e3o confira as dicas da colunista Alessandra Cardoso para n\u00e3o ser dar mal no ciclismo.\" \/>\n<meta name=\"robots\" content=\"index, follow, max-snippet:-1, max-image-preview:large, max-video-preview:-1\" \/>\n<link rel=\"canonical\" href=\"https:\/\/chelso.com.br\/site\/vai-sair-de-tarde-para-pedalar\/\" \/>\n<meta property=\"og:locale\" content=\"pt_BR\" \/>\n<meta property=\"og:type\" content=\"article\" \/>\n<meta property=\"og:title\" content=\"Vai sair de tarde para pedalar? - Portal Chelso Sports\" \/>\n<meta property=\"og:description\" content=\"Vai sair de tarde para pedalar? Ent\u00e3o confira as dicas da colunista Alessandra Cardoso para n\u00e3o ser dar mal no ciclismo.\" \/>\n<meta property=\"og:url\" content=\"https:\/\/chelso.com.br\/site\/vai-sair-de-tarde-para-pedalar\/\" \/>\n<meta property=\"og:site_name\" content=\"Portal Chelso Sports\" \/>\n<meta property=\"article:published_time\" content=\"2022-10-05T01:54:47+00:00\" \/>\n<meta property=\"article:modified_time\" content=\"2022-10-05T01:56:08+00:00\" \/>\n<meta property=\"og:image\" content=\"https:\/\/chelso.com.br\/site\/wp-content\/uploads\/2022\/10\/1.jpg\" \/>\n\t<meta property=\"og:image:width\" content=\"1920\" \/>\n\t<meta property=\"og:image:height\" content=\"1080\" \/>\n\t<meta property=\"og:image:type\" content=\"image\/jpeg\" \/>\n<meta name=\"author\" content=\"Alessandra Cardoso\" \/>\n<meta name=\"twitter:card\" content=\"summary_large_image\" \/>\n<meta name=\"twitter:label1\" content=\"Escrito por\" \/>\n\t<meta name=\"twitter:data1\" content=\"Alessandra Cardoso\" \/>\n\t<meta name=\"twitter:label2\" content=\"Est. tempo de leitura\" \/>\n\t<meta name=\"twitter:data2\" content=\"2 minutos\" \/>\n<script type=\"application\/ld+json\" class=\"yoast-schema-graph\">{\"@context\":\"https:\\\/\\\/schema.org\",\"@graph\":[{\"@type\":\"Article\",\"@id\":\"https:\\\/\\\/chelso.com.br\\\/site\\\/vai-sair-de-tarde-para-pedalar\\\/#article\",\"isPartOf\":{\"@id\":\"https:\\\/\\\/chelso.com.br\\\/site\\\/vai-sair-de-tarde-para-pedalar\\\/\"},\"author\":{\"name\":\"Alessandra Cardoso\",\"@id\":\"https:\\\/\\\/chelso.com.br\\\/site\\\/#\\\/schema\\\/person\\\/3c7d7694843ca3e85839087163693222\"},\"headline\":\"Vai sair de tarde para pedalar?\",\"datePublished\":\"2022-10-05T01:54:47+00:00\",\"dateModified\":\"2022-10-05T01:56:08+00:00\",\"mainEntityOfPage\":{\"@id\":\"https:\\\/\\\/chelso.com.br\\\/site\\\/vai-sair-de-tarde-para-pedalar\\\/\"},\"wordCount\":369,\"commentCount\":0,\"keywords\":[\"Alessandra Cardoso\",\"Chelso\",\"chelso sports\",\"ciclismo\"],\"articleSection\":[\"Dicas\",\"Not\u00edcias\"],\"inLanguage\":\"pt-BR\",\"potentialAction\":[{\"@type\":\"CommentAction\",\"name\":\"Comment\",\"target\":[\"https:\\\/\\\/chelso.com.br\\\/site\\\/vai-sair-de-tarde-para-pedalar\\\/#respond\"]}]},{\"@type\":\"WebPage\",\"@id\":\"https:\\\/\\\/chelso.com.br\\\/site\\\/vai-sair-de-tarde-para-pedalar\\\/\",\"url\":\"https:\\\/\\\/chelso.com.br\\\/site\\\/vai-sair-de-tarde-para-pedalar\\\/\",\"name\":\"Vai sair de tarde para pedalar? - Portal Chelso Sports\",\"isPartOf\":{\"@id\":\"https:\\\/\\\/chelso.com.br\\\/site\\\/#website\"},\"datePublished\":\"2022-10-05T01:54:47+00:00\",\"dateModified\":\"2022-10-05T01:56:08+00:00\",\"author\":{\"@id\":\"https:\\\/\\\/chelso.com.br\\\/site\\\/#\\\/schema\\\/person\\\/3c7d7694843ca3e85839087163693222\"},\"description\":\"Vai sair de tarde para pedalar? Ent\u00e3o confira as dicas da colunista Alessandra Cardoso para n\u00e3o ser dar mal no ciclismo.\",\"breadcrumb\":{\"@id\":\"https:\\\/\\\/chelso.com.br\\\/site\\\/vai-sair-de-tarde-para-pedalar\\\/#breadcrumb\"},\"inLanguage\":\"pt-BR\",\"potentialAction\":[{\"@type\":\"ReadAction\",\"target\":[\"https:\\\/\\\/chelso.com.br\\\/site\\\/vai-sair-de-tarde-para-pedalar\\\/\"]}]},{\"@type\":\"BreadcrumbList\",\"@id\":\"https:\\\/\\\/chelso.com.br\\\/site\\\/vai-sair-de-tarde-para-pedalar\\\/#breadcrumb\",\"itemListElement\":[{\"@type\":\"ListItem\",\"position\":1,\"name\":\"In\u00edcio\",\"item\":\"https:\\\/\\\/chelso.com.br\\\/site\\\/\"},{\"@type\":\"ListItem\",\"position\":2,\"name\":\"Vai sair de tarde para pedalar?\"}]},{\"@type\":\"WebSite\",\"@id\":\"https:\\\/\\\/chelso.com.br\\\/site\\\/#website\",\"url\":\"https:\\\/\\\/chelso.com.br\\\/site\\\/\",\"name\":\"Portal Chelso Sports\",\"description\":\"Conte\u00fado especializado em corrida de rua e triathlon\",\"potentialAction\":[{\"@type\":\"SearchAction\",\"target\":{\"@type\":\"EntryPoint\",\"urlTemplate\":\"https:\\\/\\\/chelso.com.br\\\/site\\\/?s={search_term_string}\"},\"query-input\":{\"@type\":\"PropertyValueSpecification\",\"valueRequired\":true,\"valueName\":\"search_term_string\"}}],\"inLanguage\":\"pt-BR\"},{\"@type\":\"Person\",\"@id\":\"https:\\\/\\\/chelso.com.br\\\/site\\\/#\\\/schema\\\/person\\\/3c7d7694843ca3e85839087163693222\",\"name\":\"Alessandra Cardoso\",\"image\":{\"@type\":\"ImageObject\",\"inLanguage\":\"pt-BR\",\"@id\":\"https:\\\/\\\/secure.gravatar.com\\\/avatar\\\/db468fe96559553506ed5b4f00a01e8c0f73fe00398ee9ebf931b76fafef6384?s=96&d=mm&r=g\",\"url\":\"https:\\\/\\\/secure.gravatar.com\\\/avatar\\\/db468fe96559553506ed5b4f00a01e8c0f73fe00398ee9ebf931b76fafef6384?s=96&d=mm&r=g\",\"contentUrl\":\"https:\\\/\\\/secure.gravatar.com\\\/avatar\\\/db468fe96559553506ed5b4f00a01e8c0f73fe00398ee9ebf931b76fafef6384?s=96&d=mm&r=g\",\"caption\":\"Alessandra Cardoso\"},\"description\":\"Alessandra Cardoso, atleta, empres\u00e1ria administradora, ex-maratonista de mountain bike e corredora de rua. Credenciada em condu\u00e7\u00e3o de bicicletas pela \u201cFedera\u00e7\u00e3o Paulista de Ciclismo\u201d e multiplicadora de educa\u00e7\u00e3o para o tr\u00e2nsito, pelo \u201cDetran-SP\u201d, al\u00e9m de treinadora de pessoas em bicicleta e vida saud\u00e1vel, com mais de 25 anos de experi\u00eancia.\",\"sameAs\":[\"http:\\\/\\\/ale_cardosobiketrainer\"],\"url\":\"https:\\\/\\\/chelso.com.br\\\/site\\\/author\\\/alecardoso\\\/\"}]}<\/script>\n<!-- \/ Yoast SEO plugin. -->","yoast_head_json":{"title":"Vai sair de tarde para pedalar? - Portal Chelso Sports","description":"Vai sair de tarde para pedalar? Ent\u00e3o confira as dicas da colunista Alessandra Cardoso para n\u00e3o ser dar mal no ciclismo.","robots":{"index":"index","follow":"follow","max-snippet":"max-snippet:-1","max-image-preview":"max-image-preview:large","max-video-preview":"max-video-preview:-1"},"canonical":"https:\/\/chelso.com.br\/site\/vai-sair-de-tarde-para-pedalar\/","og_locale":"pt_BR","og_type":"article","og_title":"Vai sair de tarde para pedalar? - Portal Chelso Sports","og_description":"Vai sair de tarde para pedalar? Ent\u00e3o confira as dicas da colunista Alessandra Cardoso para n\u00e3o ser dar mal no ciclismo.","og_url":"https:\/\/chelso.com.br\/site\/vai-sair-de-tarde-para-pedalar\/","og_site_name":"Portal Chelso Sports","article_published_time":"2022-10-05T01:54:47+00:00","article_modified_time":"2022-10-05T01:56:08+00:00","og_image":[{"width":1920,"height":1080,"url":"https:\/\/chelso.com.br\/site\/wp-content\/uploads\/2022\/10\/1.jpg","type":"image\/jpeg"}],"author":"Alessandra Cardoso","twitter_card":"summary_large_image","twitter_misc":{"Escrito por":"Alessandra Cardoso","Est. tempo de leitura":"2 minutos"},"schema":{"@context":"https:\/\/schema.org","@graph":[{"@type":"Article","@id":"https:\/\/chelso.com.br\/site\/vai-sair-de-tarde-para-pedalar\/#article","isPartOf":{"@id":"https:\/\/chelso.com.br\/site\/vai-sair-de-tarde-para-pedalar\/"},"author":{"name":"Alessandra Cardoso","@id":"https:\/\/chelso.com.br\/site\/#\/schema\/person\/3c7d7694843ca3e85839087163693222"},"headline":"Vai sair de tarde para pedalar?","datePublished":"2022-10-05T01:54:47+00:00","dateModified":"2022-10-05T01:56:08+00:00","mainEntityOfPage":{"@id":"https:\/\/chelso.com.br\/site\/vai-sair-de-tarde-para-pedalar\/"},"wordCount":369,"commentCount":0,"keywords":["Alessandra Cardoso","Chelso","chelso sports","ciclismo"],"articleSection":["Dicas","Not\u00edcias"],"inLanguage":"pt-BR","potentialAction":[{"@type":"CommentAction","name":"Comment","target":["https:\/\/chelso.com.br\/site\/vai-sair-de-tarde-para-pedalar\/#respond"]}]},{"@type":"WebPage","@id":"https:\/\/chelso.com.br\/site\/vai-sair-de-tarde-para-pedalar\/","url":"https:\/\/chelso.com.br\/site\/vai-sair-de-tarde-para-pedalar\/","name":"Vai sair de tarde para pedalar? - Portal Chelso Sports","isPartOf":{"@id":"https:\/\/chelso.com.br\/site\/#website"},"datePublished":"2022-10-05T01:54:47+00:00","dateModified":"2022-10-05T01:56:08+00:00","author":{"@id":"https:\/\/chelso.com.br\/site\/#\/schema\/person\/3c7d7694843ca3e85839087163693222"},"description":"Vai sair de tarde para pedalar? Ent\u00e3o confira as dicas da colunista Alessandra Cardoso para n\u00e3o ser dar mal no ciclismo.","breadcrumb":{"@id":"https:\/\/chelso.com.br\/site\/vai-sair-de-tarde-para-pedalar\/#breadcrumb"},"inLanguage":"pt-BR","potentialAction":[{"@type":"ReadAction","target":["https:\/\/chelso.com.br\/site\/vai-sair-de-tarde-para-pedalar\/"]}]},{"@type":"BreadcrumbList","@id":"https:\/\/chelso.com.br\/site\/vai-sair-de-tarde-para-pedalar\/#breadcrumb","itemListElement":[{"@type":"ListItem","position":1,"name":"In\u00edcio","item":"https:\/\/chelso.com.br\/site\/"},{"@type":"ListItem","position":2,"name":"Vai sair de tarde para pedalar?"}]},{"@type":"WebSite","@id":"https:\/\/chelso.com.br\/site\/#website","url":"https:\/\/chelso.com.br\/site\/","name":"Portal Chelso Sports","description":"Conte\u00fado especializado em corrida de rua e triathlon","potentialAction":[{"@type":"SearchAction","target":{"@type":"EntryPoint","urlTemplate":"https:\/\/chelso.com.br\/site\/?s={search_term_string}"},"query-input":{"@type":"PropertyValueSpecification","valueRequired":true,"valueName":"search_term_string"}}],"inLanguage":"pt-BR"},{"@type":"Person","@id":"https:\/\/chelso.com.br\/site\/#\/schema\/person\/3c7d7694843ca3e85839087163693222","name":"Alessandra Cardoso","image":{"@type":"ImageObject","inLanguage":"pt-BR","@id":"https:\/\/secure.gravatar.com\/avatar\/db468fe96559553506ed5b4f00a01e8c0f73fe00398ee9ebf931b76fafef6384?s=96&d=mm&r=g","url":"https:\/\/secure.gravatar.com\/avatar\/db468fe96559553506ed5b4f00a01e8c0f73fe00398ee9ebf931b76fafef6384?s=96&d=mm&r=g","contentUrl":"https:\/\/secure.gravatar.com\/avatar\/db468fe96559553506ed5b4f00a01e8c0f73fe00398ee9ebf931b76fafef6384?s=96&d=mm&r=g","caption":"Alessandra Cardoso"},"description":"Alessandra Cardoso, atleta, empres\u00e1ria administradora, ex-maratonista de mountain bike e corredora de rua. Credenciada em condu\u00e7\u00e3o de bicicletas pela \u201cFedera\u00e7\u00e3o Paulista de Ciclismo\u201d e multiplicadora de educa\u00e7\u00e3o para o tr\u00e2nsito, pelo \u201cDetran-SP\u201d, al\u00e9m de treinadora de pessoas em bicicleta e vida saud\u00e1vel, com mais de 25 anos de experi\u00eancia.","sameAs":["http:\/\/ale_cardosobiketrainer"],"url":"https:\/\/chelso.com.br\/site\/author\/alecardoso\/"}]}},"amp_enabled":true,"_links":{"self":[{"href":"https:\/\/chelso.com.br\/site\/wp-json\/wp\/v2\/posts\/15192","targetHints":{"allow":["GET"]}}],"collection":[{"href":"https:\/\/chelso.com.br\/site\/wp-json\/wp\/v2\/posts"}],"about":[{"href":"https:\/\/chelso.com.br\/site\/wp-json\/wp\/v2\/types\/post"}],"author":[{"embeddable":true,"href":"https:\/\/chelso.com.br\/site\/wp-json\/wp\/v2\/users\/24"}],"replies":[{"embeddable":true,"href":"https:\/\/chelso.com.br\/site\/wp-json\/wp\/v2\/comments?post=15192"}],"version-history":[{"count":2,"href":"https:\/\/chelso.com.br\/site\/wp-json\/wp\/v2\/posts\/15192\/revisions"}],"predecessor-version":[{"id":15196,"href":"https:\/\/chelso.com.br\/site\/wp-json\/wp\/v2\/posts\/15192\/revisions\/15196"}],"wp:attachment":[{"href":"https:\/\/chelso.com.br\/site\/wp-json\/wp\/v2\/media?parent=15192"}],"wp:term":[{"taxonomy":"category","embeddable":true,"href":"https:\/\/chelso.com.br\/site\/wp-json\/wp\/v2\/categories?post=15192"},{"taxonomy":"post_tag","embeddable":true,"href":"https:\/\/chelso.com.br\/site\/wp-json\/wp\/v2\/tags?post=15192"}],"curies":[{"name":"wp","href":"https:\/\/api.w.org\/{rel}","templated":true}]}}