{"id":15203,"date":"2022-10-07T22:32:14","date_gmt":"2022-10-08T01:32:14","guid":{"rendered":"https:\/\/chelso.com.br\/site\/?p=15203"},"modified":"2022-10-07T22:32:14","modified_gmt":"2022-10-08T01:32:14","slug":"dia-mundial-de-cuidados-paliativos","status":"publish","type":"post","link":"https:\/\/chelso.com.br\/site\/dia-mundial-de-cuidados-paliativos\/","title":{"rendered":"Dia Mundial de Cuidados Paliativos"},"content":{"rendered":"<p><strong>Dia Mundial de Cuidados Paliativos! <\/strong>A ci\u00eancia e a medicina v\u00eam avan\u00e7ando a passos largos. Por\u00e9m, mesmo com as melhorias, algumas doen\u00e7as n\u00e3o respondem aos medicamentos e tecnologias atuais. Em muitos casos, pacientes que t\u00eam condi\u00e7\u00f5es de sa\u00fade amea\u00e7adoras da vida, como \u00e9 o caso do c\u00e2ncer, se beneficiam com as medidas direcionadas para tratar a doen\u00e7a em conjunto com estrat\u00e9gias focadas na melhoria da qualidade de vida. Isso se d\u00e1 atrav\u00e9s da preven\u00e7\u00e3o e al\u00edvio do sofrimento, da identifica\u00e7\u00e3o precoce de situa\u00e7\u00f5es poss\u00edveis de serem tratadas, da avalia\u00e7\u00e3o cuidadosa e minuciosa e do tratamento da dor e de outros sintomas f\u00edsicos, sociais, psicol\u00f3gicos e espirituais. E essa \u00e9 a defini\u00e7\u00e3o do que s\u00e3o os Cuidados Paliativos, de acordo com o Instituto Nacional do C\u00e2ncer (INCA).<\/p>\n<p>Todavia, h\u00e1 ainda muitos mitos e preconceitos que impedem que a pr\u00e1tica seja adotada de forma ampla e irrestrita pela sociedade, uma realidade que aos poucos, vem mudando gra\u00e7as ao maior acesso \u00e0 informa\u00e7\u00e3o sobre o papel dos Cuidados Paliativos na medicina. E \u00e9 com o objetivo central de ampliar a conscientiza\u00e7\u00e3o sobre o assunto que est\u00e3o previstas uma s\u00e9rie de a\u00e7\u00f5es coletivas em celebra\u00e7\u00e3o ao <strong>Dia Mundial de Cuidados Paliativos<\/strong>, comemorado esse ano no dia 08 de outubro. A data, estabelecida pela ONG Worldwide Hospice Palliative Care Alliance (WHPCA), tem como objetivo central conscientizar e oferecer apoio \u00e0 popula\u00e7\u00e3o, orientando sobre a estrat\u00e9gia e oferecendo os recursos necess\u00e1rios para o acesso equitativo ao cuidado em prol do bem-estar de cada indiv\u00edduo.<\/p>\n<h2>Dia Mundial de Cuidados Paliativos<\/h2>\n<p>O tema da iniciativa para este ano \u00e9 \u201cCurando cora\u00e7\u00f5es e comunidades\u201d, uma escolha motivada com base nos eventos ocorridos nos \u00faltimos dois anos, como a pandemia de COVID-19 e, recentemente, a invas\u00e3o Russa da Ucr\u00e2nia, quando muitas fam\u00edlias perderam entes queridos e o luto foi experimentado globalmente. E entre as a\u00e7\u00f5es de destaque previstas dentro dessa mobiliza\u00e7\u00e3o global, est\u00e1 a campanha <strong><u><a href=\"https:\/\/www.grupooncoclinicas.com\/movimentopelavida\/movimente-se\/\">A vida n\u00e3o pode esperar: MoviMente-se<\/a><\/u><\/strong>, um movimento supra institucional liderado pelo\u00a0 Instituto Oncocl\u00ednicas,<strong> com apoio de diversas ONGS e sociedades, <\/strong>que trar\u00e1 ativa\u00e7\u00f5es nas redes sociais ao longo de todo o m\u00eas de Outubro.<\/p>\n<p>A partir do dia 09\/10, o movimento tamb\u00e9m convida a popula\u00e7\u00e3o em geral a participar de uma corrida e\/ou caminhada virtual, em todos os domingos de outubro, como forma de apoiar quem est\u00e1 passando por um processo de adoecimento ou luto, ou ainda \u00e0queles que fazem parte da rede de apoio de pessoas em tratamento. O convite \u00e9 extensivo tamb\u00e9m a pessoas com restri\u00e7\u00f5es de mobilidade, que podem participar ativamente realizando quaisquer movimentos poss\u00edveis, sejam eles com bra\u00e7os, m\u00e3os, pernas, dedos, cabe\u00e7a ou olhos.<\/p>\n<p>A campanha do Instituto Oncocl\u00ednicas \u00e9 importante para disseminar o conceito correto sobre essa filosofia do cuidado. \u201c\u00c9 muito importante frisar que os cuidados paliativos n\u00e3o s\u00e3o apenas para a fase final de vida, s\u00e3o essenciais desde o in\u00edcio, no processo e, principalmente, focam na qualidade de vida da pessoa, at\u00e9 o final. Essa \u00e1rea, inclusive, vem quebrando paradigmas da medicina e nos \u00faltimos anos cresce o n\u00famero de publica\u00e7\u00f5es que demonstram que quando iniciados precocemente, al\u00e9m da melhoria da qualidade de vida e redu\u00e7\u00e3o de depress\u00e3o, o acompanhamento conjunto com o cuidado paliativo pode contribuir com o aumento tamb\u00e9m da sobrevida desses pacientes\u201d, comenta Sarah Ananda Gomes, L\u00edder da Especialidade Cuidados Paliativos do Grupo Oncocl\u00ednicas e uma das idealizadoras da campanha Movimente-se.<\/p>\n<p>\u201cPor isso, o tratamento paliativo deve ser iniciado o mais precocemente poss\u00edvel, assim que seja diagnosticada uma doen\u00e7a que amea\u00e7a a vida e acompanhar os tratamentos direcionados. Assim, evita-se o sofrimento desnecess\u00e1rio e cuidam-se tamb\u00e9m dos aspectos psicol\u00f3gicos, sociais e espirituais que envolvem a trajet\u00f3ria de quem sofre de doen\u00e7as graves\u201d, frisa a especialista.<\/p>\n<p><a href=\"https:\/\/chelso.com.br\/site\/provas-presenciais\/\"><b>Saiba mais sobre o nosso calend\u00e1rio de provas presenciais.<\/b><\/a><\/p>\n<p><strong>O cen\u00e1rio global dos cuidados paliativos <\/strong><\/p>\n<p>Segundo um estudo da Ag\u00eancia Internacional para Pesquisa em C\u00e2ncer (IARC, da sigla em ingl\u00eas), intitulado GLOBOCAN, feito com 185 pa\u00edses, estima que no Brasil, em n\u00fameros de preval\u00eancia nos \u00faltimos cinco anos, 1,5 milh\u00e3o de pessoas vivem com c\u00e2ncer. Globalmente s\u00e3o esperados 28,4 milh\u00f5es de novos casos de c\u00e2ncer em 2040. Os Cuidados Paliativos s\u00e3o um direito e uma abordagem imprescind\u00edvel na trajet\u00f3ria do paciente com c\u00e2ncer e de doen\u00e7as que amea\u00e7am a continuidade da vida porem infelizmente,\u00a0 no mundo, de acordo com a Organiza\u00e7\u00e3o Mundial da Sa\u00fade, a cada ano, estima-se que mais de 56,8 milh\u00f5es de pessoas, incluindo 25,7 milh\u00f5es no \u00faltimo ano de vida, necessitem de cuidados paliativos, das quais 78% vivem em pa\u00edses de baixa e m\u00e9dia renda. Na Am\u00e9rica Latina e no Brasil, menos de 10% das pessoas recebem cuidados paliativos.<\/p>\n<p>\u201cSegundo a OMS, os cuidados paliativos s\u00e3o indicados j\u00e1 no in\u00edcio de qualquer doen\u00e7a amea\u00e7adora da vida, em conjunto com outros tratamentos destinados a aumentar a sobrevida, como quimioterapia ou radioterapia, e incluem o controle das complica\u00e7\u00f5es cl\u00ednicas angustiantes. As transi\u00e7\u00f5es na linha de cuidado s\u00e3o um processo cont\u00ednuo e sua din\u00e2mica difere para cada paciente\u201d, complementa Ana Kotinda, m\u00e9dica paliativista da Oncocl\u00ednicas Londrina.<\/p>\n<p>A OMS estima, adicionalmente que a\u00a0 demanda global por cuidados para pessoas com doen\u00e7as terminais continuar\u00e1 crescendo \u00e0 medida que a popula\u00e7\u00e3o envelhece e a carga de doen\u00e7as cr\u00f4nicas n\u00e3o transmiss\u00edveis aumenta. Em 2060, a necessidade de cuidados paliativos dever\u00e1 quase dobrar, e diante deste cen\u00e1rio, os pa\u00edses classificados como de Primeiro Mundo, como Inglaterra, Estados Unidos e Canad\u00e1, s\u00e3o tidos como refer\u00eancias. J\u00e1 o Brasil ainda precisa se fortalecer nesta quest\u00e3o, tendo ficado em 42\u00ba lugar entre as 80 regi\u00f5es que tiveram indicadores quantitativos e qualitativos dessa linha de cuidados avaliados por um estudo publicado pelo The Economist em 2015.<\/p>\n<p>\u201cVale, todavia, considerar que na \u00faltima d\u00e9cada muito tem sido feito por aqui e o n\u00famero de institui\u00e7\u00f5es que t\u00eam investido na \u00e1rea aumenta a cada ano\u201d, afirma a psic\u00f3loga Flavia Sorice, especialista nacional dos Cuidados Continuados no Grupo Oncocl\u00ednicas.<\/p>\n<p>\u201c\u00c9 importante ressaltar que a abordagem dos Cuidados Paliativos coloca em destaque a biografia do paciente, seus valores e como gostaria de ser cuidado. Al\u00e9m disso pode ser inserida desde o diagn\u00f3stico de forma precoce at\u00e9 o luto. Os lutos s\u00e3o processos de elabora\u00e7\u00e3o de perdas na vida. S\u00e3o experi\u00eancias que abalam as nossas convic\u00e7\u00f5es de dom\u00ednio, controle e previsibilidade. Em resumo a comemora\u00e7\u00e3o do dia mundial visa promover o cuidado as comunidades e quebrar o tabu sobre morte e luto\u201d, complementa Rafaella Aquino, fisioterapeuta da Equipe de Cuidados Continuados na Oncocentro.<\/p>\n<p>Dados do Atlas de Cuidados Paliativos 2019, o mais recente publicado pela Academia Nacional de Cuidados Paliativos (ANCP), apontam que dos 191 servi\u00e7os de Cuidados Paliativos existentes no pa\u00eds, 178 forneceram informa\u00e7\u00f5es sobre atendimento a pessoas com c\u00e2ncer. Desses, 81 (45,5%) t\u00eam 70% ou mais de pacientes oncol\u00f3gicos, sendo que 38 atendem via SUS (47%), 26 s\u00e3o focados em atendimento particular (32%) e 17 (21%) s\u00e3o mistos &#8211; p\u00fablico e privado.<\/p>\n<p>\u201cEm geral, as pessoas n\u00e3o querem falar sobre sua finitude. A doen\u00e7a, o envelhecimento e a morte n\u00e3o s\u00e3o acidentes de percurso, s\u00e3o caracter\u00edsticas inerentes da nossa condi\u00e7\u00e3o de seres humanos\u201d. A psic\u00f3loga Flavia Sorice esclarece que alguns outros pilares dessa abordagem se baseiam na import\u00e2ncia de sempre respeitar a autonomia do indiv\u00edduo, seus valores e prioridades e tamb\u00e9m no papel essencial do trabalho em equipe transdisciplinar para alcan\u00e7ar a melhoria da qualidade de vida do paciente atrav\u00e9s do olhar e cuidado integrado, voltado para sua dor total (dor f\u00edsica, emocional, espiritual e social), que beneficiam todos envolvidos.<\/p>\n<p>O investimento em amenizar a evolu\u00e7\u00e3o de tumores tem efeito pr\u00e1tico na Oncologia em geral, al\u00e9m dos cuidados paliativos. Novas drogas, tratamentos inovadores pautados pela an\u00e1lise de diagn\u00f3sticos cada vez mais avan\u00e7ados e pesquisas cient\u00edficas constantes contribuem amplamente para que um leque cada vez maior de tumores seja combatido com efic\u00e1cia, fazendo com que um n\u00famero expressivo de pacientes oncol\u00f3gicos viva &#8211; e bem &#8211; com a doen\u00e7a.<\/p>\n<p>&#8220;Quando falamos em cuidado paliativo, o que de imediato vem \u00e0 mente \u00e9 a ideia de que o paciente est\u00e1 morrendo e, portanto, n\u00e3o h\u00e1 nada mais a ser feito, o que gera um preconceito na busca por esse tipo de tratamento. Mas isso n\u00e3o \u00e9 real, precisamos desmistificar esse conceito: no cuidado paliativo h\u00e1 sempre muito a ser feito em prol do bem estar e da qualidade de vida, o objetivo \u00e9 tra\u00e7ar as melhores estrat\u00e9gias para assegurar a ele a melhor linha de cuidado integral e individualizado para que ele viva e conviva com a doen\u00e7a com plenitude e dignidade&#8221;, complementa Sarah Ananda.<\/p>\n<p><strong>E qual a import\u00e2ncia dos cuidados paliativos na fase de terminalidade?<\/strong><\/p>\n<p>Um princ\u00edpio importante dos Cuidados Paliativos \u00e9 \u201cAfirmar a vida e considerar a morte como um processo normal da vida.\u201d O Cuidado Paliativo enxerga a possibilidade da morte como um evento natural e esperado na presen\u00e7a de doen\u00e7a amea\u00e7adora da vida, colocando \u00eanfase na vida que ainda pode ser vivida. Outro princ\u00edpio difundido \u00e9: \u201cN\u00e3o acelerar nem adiar a morte\u201d, o que enfatiza que Cuidado Paliativo nada tem a ver com eutan\u00e1sia, como muitos se confundem. Preconiza-se a ortotan\u00e1sia, ou seja, a morte natural, no tempo certo, com dignidade.<\/p>\n<p>\u201cInfelizmente, muitos acabam por prolongar o processo do morrer sem qualquer qualidade de vida, com interna\u00e7\u00f5es e procedimentos invasivos que aumentam o sofrimento do paciente e pessoas pr\u00f3ximas. Mas n\u00e3o precisa ser assim. \u00c9 poss\u00edvel, por meio da pr\u00e1tica da medicina paliativa, oferecer qualidade nesse processo de transi\u00e7\u00e3o com apoio de uma equipe multidisciplinar formada por enfermeiros, psic\u00f3logos, nutricionistas, assistentes sociais e outros profissionais que atuam lado a lado com o m\u00e9dico respons\u00e1vel para que seja poss\u00edvel lidar da melhor maneira com as intercorr\u00eancias e, acima de tudo, dar ao paciente a oportunidade de ser o protagonista da sua pr\u00f3pria hist\u00f3ria\u201d, explica Ana Kotinda .<\/p>\n<p>Por isso, os benef\u00edcios para o paciente e sua fam\u00edlia s\u00e3o in\u00fameros, inclusive nessa fase final. Justamente quando as perspectivas de cura s\u00e3o restritas que muito se pode continuar fazendo em termos de cuidado, criando um verdadeiro ambiente de acolhimento, onde o papel principal deixa de ser a doen\u00e7a e passa a ser o doente. O paciente pode participar do processo de condu\u00e7\u00e3o ativamente, planejando desde quest\u00f5es burocr\u00e1ticas que envolvem o fim da vida at\u00e9 a despedida de familiares e a resolu\u00e7\u00e3o de pend\u00eancias. Para os familiares, \u00e9 uma chance de encarar o momento, de poder se despedir e apoiar o seu parente, ajudando na condu\u00e7\u00e3o dos processos.<\/p>\n<p>\u201cEssa capacidade de trazer e transformar o significado para cada momento da vida at\u00e9 o \u00faltimo segundo, respeitando sempre o sagrado individual de cada um, para mim \u00e9 muito forte e uma das coisas que mais me encanta nessa especialidade\u201d, finaliza Sarah Ananda Gomes.<\/p>\n<p><strong>Os quatro pilares do cuidado paliativo:<\/strong><\/p>\n<ul>\n<li><strong>Controle de sintomas:<\/strong> evitar desconfortos f\u00edsicos, emocionais, espirituais e sociais. Lidar com a dor em seus diferentes aspectos e prevenir desconfortos poss\u00edveis s\u00e3o prioridades. A chave est\u00e1 em assegurar o m\u00e1ximo de qualidade de vida.<\/li>\n<li><strong>Abordagem multidisciplinar:<\/strong> essa frente de atua\u00e7\u00e3o deve ser iniciada o mais precocemente poss\u00edvel, juntamente com outras medidas de prolongamento da vida, como o tratamento com quimioterapia, radioterapia ou outras terapias de controle do c\u00e2ncer. A integra\u00e7\u00e3o de diferentes disciplinas contribui para o acompanhamento mais individualizado e humanizado do paciente. Isso leva em conta, al\u00e9m das quest\u00f5es cl\u00ednicas de cada um, os aspectos psicol\u00f3gicos e espirituais na forma de cuidado ao paciente, incluindo todas as investiga\u00e7\u00f5es necess\u00e1rias para melhor compreender e controlar situa\u00e7\u00f5es que impactam diretamente e indiretamente.<\/li>\n<li><strong>Comunica\u00e7\u00e3o: <\/strong>\u00e9 preciso respeitar as escolhas de pacientes e fam\u00edlia. O debate sobre as melhores alternativas de tratamento deve ser conversado e compartilhado, para que n\u00e3o seja implementada ou retirada nenhuma linha terap\u00eautica sem que haja uma decis\u00e3o conjunta com a equipe de sa\u00fade respons\u00e1vel. Al\u00e9m da comunica\u00e7\u00e3o com o paciente e seus cuidadores, a comunica\u00e7\u00e3o adequada entre as equipes \u00e9 fundamental para um plano de cuidados alinhado e centrado no paciente.<\/li>\n<li><strong>Apoiar a fam\u00edlia:<\/strong> os profissionais envolvidos na linha de cuidado colaboram para que as tomadas de decis\u00f5es aconte\u00e7am da melhor maneira, ajudam a mediar conversas, prevenir o estresse do cuidador, e a lidar com o sofrimento durante a trajet\u00f3ria e tamb\u00e9m no per\u00edodo de luto.<\/li>\n<\/ul>\n<p><strong>Benef\u00edcios dos cuidados paliativos na oncologia<\/strong><\/p>\n<p>Ter o acompanhamento de uma equipe de cuidados paliativos faz toda a diferen\u00e7a ao longo do tratamento e traz diversos benef\u00edcios ao paciente, alguns citados abaixo:<\/p>\n<ul>\n<li>Melhora de controle de sintomas (dor, n\u00e1useas, v\u00f4mitos, constipa\u00e7\u00e3o intestinal, ansiedade, depress\u00e3o, etc);<\/li>\n<li>Atendimento com vis\u00e3o integral do paciente e de sua fam\u00edlia;<\/li>\n<li>Valoriza\u00e7\u00e3o da autonomia do paciente, sempre respeitando seus valores e prioridades;<\/li>\n<li>Planejamento de cuidados individualizados, de acordo com a necessidade e contexto f\u00edsico, social, familiar, emocional e espiritual de cada paciente;<\/li>\n<li>Vis\u00e3o humanizada e preven\u00e7\u00e3o do estresse dos envolvidos no cuidado com o paciente; e<\/li>\n<li>Suporte de uma equipe transdisciplinar no per\u00edodo de enfrentamento da doen\u00e7a e seu tratamento.<\/li>\n<\/ul>\n<p><strong>MoviMente-se<\/strong><\/p>\n<p>Para participar da campanha, \u00e9 necess\u00e1rio realizar sua inscri\u00e7\u00e3o no site do evento, durante todo o m\u00eas de Outubro. Em seguida, deve-se escolher qual ser\u00e1 a modalidade (caminhada ou corrida), dist\u00e2ncia e local do percurso. Os interessados poder\u00e3o registrar seu desempenho no site CHELSO, enviando a comprova\u00e7\u00e3o da atividade atrav\u00e9s de uma imagem ou link gerado por um aplicativo GPS.\u00a0 Al\u00e9m disso, pelo valor de R$ 30,00 (trinta reais), o participante do \u201cMoviMente-se\u201d receber\u00e1 em casa uma camiseta e uma medalha.<\/p>\n<p>Os 100 primeiros inscritos pagar\u00e3o o valor de R$ 34,90 (pela camiseta, medalha e frete). Todo valor da venda promocional dos 100 primeiros kits, excluindo impostos e frete, ser\u00e3o revertidos para ONGs filantr\u00f3picas, indicadas pelo realizador do evento.<\/p>\n<p>As inscri\u00e7\u00f5es para participar da Corrida e Caminhada Virtual Movimente obedecer\u00e3o aos valores seguintes:<\/p>\n<ul>\n<li><strong>Kit 100 primeiros inscritos (medalha, camiseta e frete)<\/strong><\/li>\n<\/ul>\n<p>Valor | R$ 34,90<\/p>\n<ul>\n<li><strong>Kit (medalha, camiseta e frete)<\/strong><\/li>\n<\/ul>\n<p>Valor | R$ 54,90<\/p>\n<p>Dentre algumas das ONGS apoiadoras da campanha est\u00e3o o <strong>Instituto Oncoguia <\/strong>, a <strong>ABRALE<\/strong>, a <strong>Comunidade Compassiva<\/strong>, o <strong>Infinito.etc, Beab\u00e1 , Associa\u00e7\u00e3o Presente <\/strong>e das sociedades podemos citar a <strong>SOTAMIG <\/strong>e a <strong>ANCP<\/strong> atrav\u00e9s da <strong>Alian\u00e7a Informativa ANCP. <\/strong><\/p>\n<p>Quem n\u00e3o puder caminhar ou correr, pode participar postando uma foto ou v\u00eddeo movimentando-se do seu jeito para apoiar essa causa, usando as hasghtags #MoviMente-se #Avidanaopodeesperar #DiaMundialCP #WHPCDay22 #CurandoCoracoeseComunidades #alian\u00e7ainformativaancp. Outros materiais ser\u00e3o disponibilizados no site da campanha. Haver\u00e1 tamb\u00e9m iniciativas como LIVES, encontros e palestras educativas, que ser\u00e3o divulgados posteriormente.<\/p>\n<p>A participa\u00e7\u00e3o no evento n\u00e3o est\u00e1 condicionada \u00e0 aquisi\u00e7\u00e3o do kit com a camiseta e medalha, qualquer um pode participar postando imagens e mensagens nas redes sociais com as hashtags da campanha.<\/p>\n<p>\u201cVamos curar cora\u00e7\u00f5es e comunidades com esse movimento. A vida n\u00e3o pode esperar: MoviMente-se\u201d, refor\u00e7a o slogan da iniciativa.<\/p>\n<p>Para mais informa\u00e7\u00f5es, acesse <u><a href=\"https:\/\/www.grupooncoclinicas.com\/movimentopelavida\/movimente-se\/\">https:\/\/www.grupooncoclinicas.com\/movimentopelavida\/movimente-se\/<\/a><\/u><\/p>\n","protected":false},"excerpt":{"rendered":"<p>Dia Mundial de Cuidados Paliativos! A ci\u00eancia e a medicina v\u00eam avan\u00e7ando a passos largos. Por\u00e9m, mesmo com as melhorias, algumas doen\u00e7as n\u00e3o respondem aos medicamentos e tecnologias atuais. Em muitos casos, pacientes que t\u00eam condi\u00e7\u00f5es de sa\u00fade amea\u00e7adoras da vida, como \u00e9 o caso do c\u00e2ncer, se beneficiam com as medidas direcionadas para tratar<\/p>\n","protected":false},"author":21,"featured_media":0,"comment_status":"open","ping_status":"closed","sticky":false,"template":"","format":"standard","meta":{"om_disable_all_campaigns":false,"_monsterinsights_skip_tracking":false,"_monsterinsights_sitenote_active":false,"_monsterinsights_sitenote_note":"","_monsterinsights_sitenote_category":0,"footnotes":""},"categories":[30,28],"tags":[735,41,1526,45],"class_list":{"0":"post-15203","1":"post","2":"type-post","3":"status-publish","4":"format-standard","6":"category-noticias","7":"category-saude","8":"tag-chelso","9":"tag-chelso-sports","10":"tag-cuidados-paleativos","11":"tag-saude"},"aioseo_notices":[],"yoast_head":"<!-- This site is optimized with the Yoast SEO plugin v27.5 - https:\/\/yoast.com\/product\/yoast-seo-wordpress\/ -->\n<title>Dia Mundial de Cuidados Paliativos<\/title>\n<meta name=\"description\" content=\"Dia Mundial de Cuidados Paliativos. Data promove conscientiza\u00e7\u00e3o sobre temas relacionados \u00e0 qualidade de vida.\" \/>\n<meta name=\"robots\" content=\"index, follow, max-snippet:-1, max-image-preview:large, max-video-preview:-1\" \/>\n<link rel=\"canonical\" href=\"https:\/\/chelso.com.br\/site\/dia-mundial-de-cuidados-paliativos\/\" \/>\n<meta property=\"og:locale\" content=\"pt_BR\" \/>\n<meta property=\"og:type\" content=\"article\" \/>\n<meta property=\"og:title\" content=\"Dia Mundial de Cuidados Paliativos\" \/>\n<meta property=\"og:description\" content=\"Dia Mundial de Cuidados Paliativos. Data promove conscientiza\u00e7\u00e3o sobre temas relacionados \u00e0 qualidade de vida.\" \/>\n<meta property=\"og:url\" content=\"https:\/\/chelso.com.br\/site\/dia-mundial-de-cuidados-paliativos\/\" \/>\n<meta property=\"og:site_name\" content=\"Portal Chelso Sports\" \/>\n<meta property=\"article:published_time\" content=\"2022-10-08T01:32:14+00:00\" \/>\n<meta property=\"og:image\" content=\"https:\/\/chelso.com.br\/site\/wp-content\/uploads\/2022\/10\/Dia-Mundial-de-Cuidados-Paliativos.jpg\" \/>\n\t<meta property=\"og:image:width\" content=\"1024\" \/>\n\t<meta property=\"og:image:height\" content=\"614\" \/>\n\t<meta property=\"og:image:type\" content=\"image\/jpeg\" \/>\n<meta name=\"author\" content=\"Chelso\" \/>\n<meta name=\"twitter:card\" content=\"summary_large_image\" \/>\n<meta name=\"twitter:label1\" content=\"Escrito por\" \/>\n\t<meta name=\"twitter:data1\" content=\"Chelso\" \/>\n\t<meta name=\"twitter:label2\" content=\"Est. tempo de leitura\" \/>\n\t<meta name=\"twitter:data2\" content=\"14 minutos\" \/>\n<script type=\"application\/ld+json\" class=\"yoast-schema-graph\">{\"@context\":\"https:\\\/\\\/schema.org\",\"@graph\":[{\"@type\":\"Article\",\"@id\":\"https:\\\/\\\/chelso.com.br\\\/site\\\/dia-mundial-de-cuidados-paliativos\\\/#article\",\"isPartOf\":{\"@id\":\"https:\\\/\\\/chelso.com.br\\\/site\\\/dia-mundial-de-cuidados-paliativos\\\/\"},\"author\":{\"name\":\"Chelso\",\"@id\":\"https:\\\/\\\/chelso.com.br\\\/site\\\/#\\\/schema\\\/person\\\/06bf484f0ccbb71d4fd2128d594e1d0a\"},\"headline\":\"Dia Mundial de Cuidados Paliativos\",\"datePublished\":\"2022-10-08T01:32:14+00:00\",\"mainEntityOfPage\":{\"@id\":\"https:\\\/\\\/chelso.com.br\\\/site\\\/dia-mundial-de-cuidados-paliativos\\\/\"},\"wordCount\":2658,\"commentCount\":0,\"keywords\":[\"Chelso\",\"chelso sports\",\"Cuidados Paleativos\",\"sa\u00fade\"],\"articleSection\":[\"Not\u00edcias\",\"Sa\u00fade e Bem Estar\"],\"inLanguage\":\"pt-BR\",\"potentialAction\":[{\"@type\":\"CommentAction\",\"name\":\"Comment\",\"target\":[\"https:\\\/\\\/chelso.com.br\\\/site\\\/dia-mundial-de-cuidados-paliativos\\\/#respond\"]}]},{\"@type\":\"WebPage\",\"@id\":\"https:\\\/\\\/chelso.com.br\\\/site\\\/dia-mundial-de-cuidados-paliativos\\\/\",\"url\":\"https:\\\/\\\/chelso.com.br\\\/site\\\/dia-mundial-de-cuidados-paliativos\\\/\",\"name\":\"Dia Mundial de Cuidados Paliativos\",\"isPartOf\":{\"@id\":\"https:\\\/\\\/chelso.com.br\\\/site\\\/#website\"},\"datePublished\":\"2022-10-08T01:32:14+00:00\",\"author\":{\"@id\":\"https:\\\/\\\/chelso.com.br\\\/site\\\/#\\\/schema\\\/person\\\/06bf484f0ccbb71d4fd2128d594e1d0a\"},\"description\":\"Dia Mundial de Cuidados Paliativos. Data promove conscientiza\u00e7\u00e3o sobre temas relacionados \u00e0 qualidade de vida.\",\"breadcrumb\":{\"@id\":\"https:\\\/\\\/chelso.com.br\\\/site\\\/dia-mundial-de-cuidados-paliativos\\\/#breadcrumb\"},\"inLanguage\":\"pt-BR\",\"potentialAction\":[{\"@type\":\"ReadAction\",\"target\":[\"https:\\\/\\\/chelso.com.br\\\/site\\\/dia-mundial-de-cuidados-paliativos\\\/\"]}]},{\"@type\":\"BreadcrumbList\",\"@id\":\"https:\\\/\\\/chelso.com.br\\\/site\\\/dia-mundial-de-cuidados-paliativos\\\/#breadcrumb\",\"itemListElement\":[{\"@type\":\"ListItem\",\"position\":1,\"name\":\"In\u00edcio\",\"item\":\"https:\\\/\\\/chelso.com.br\\\/site\\\/\"},{\"@type\":\"ListItem\",\"position\":2,\"name\":\"Dia Mundial de Cuidados Paliativos\"}]},{\"@type\":\"WebSite\",\"@id\":\"https:\\\/\\\/chelso.com.br\\\/site\\\/#website\",\"url\":\"https:\\\/\\\/chelso.com.br\\\/site\\\/\",\"name\":\"Portal Chelso Sports\",\"description\":\"Conte\u00fado especializado em corrida de rua e triathlon\",\"potentialAction\":[{\"@type\":\"SearchAction\",\"target\":{\"@type\":\"EntryPoint\",\"urlTemplate\":\"https:\\\/\\\/chelso.com.br\\\/site\\\/?s={search_term_string}\"},\"query-input\":{\"@type\":\"PropertyValueSpecification\",\"valueRequired\":true,\"valueName\":\"search_term_string\"}}],\"inLanguage\":\"pt-BR\"},{\"@type\":\"Person\",\"@id\":\"https:\\\/\\\/chelso.com.br\\\/site\\\/#\\\/schema\\\/person\\\/06bf484f0ccbb71d4fd2128d594e1d0a\",\"name\":\"Chelso\",\"image\":{\"@type\":\"ImageObject\",\"inLanguage\":\"pt-BR\",\"@id\":\"https:\\\/\\\/chelso.com.br\\\/site\\\/wp-content\\\/uploads\\\/2025\\\/04\\\/Perfil20192-150x149.png\",\"url\":\"https:\\\/\\\/chelso.com.br\\\/site\\\/wp-content\\\/uploads\\\/2025\\\/04\\\/Perfil20192-150x149.png\",\"contentUrl\":\"https:\\\/\\\/chelso.com.br\\\/site\\\/wp-content\\\/uploads\\\/2025\\\/04\\\/Perfil20192-150x149.png\",\"caption\":\"Chelso\"},\"sameAs\":[\"http:\\\/\\\/www.chelso.com.br\"],\"url\":\"https:\\\/\\\/chelso.com.br\\\/site\\\/author\\\/maryblog\\\/\"}]}<\/script>\n<!-- \/ Yoast SEO plugin. -->","yoast_head_json":{"title":"Dia Mundial de Cuidados Paliativos","description":"Dia Mundial de Cuidados Paliativos. Data promove conscientiza\u00e7\u00e3o sobre temas relacionados \u00e0 qualidade de vida.","robots":{"index":"index","follow":"follow","max-snippet":"max-snippet:-1","max-image-preview":"max-image-preview:large","max-video-preview":"max-video-preview:-1"},"canonical":"https:\/\/chelso.com.br\/site\/dia-mundial-de-cuidados-paliativos\/","og_locale":"pt_BR","og_type":"article","og_title":"Dia Mundial de Cuidados Paliativos","og_description":"Dia Mundial de Cuidados Paliativos. Data promove conscientiza\u00e7\u00e3o sobre temas relacionados \u00e0 qualidade de vida.","og_url":"https:\/\/chelso.com.br\/site\/dia-mundial-de-cuidados-paliativos\/","og_site_name":"Portal Chelso Sports","article_published_time":"2022-10-08T01:32:14+00:00","og_image":[{"width":1024,"height":614,"url":"https:\/\/chelso.com.br\/site\/wp-content\/uploads\/2022\/10\/Dia-Mundial-de-Cuidados-Paliativos.jpg","type":"image\/jpeg"}],"author":"Chelso","twitter_card":"summary_large_image","twitter_misc":{"Escrito por":"Chelso","Est. tempo de leitura":"14 minutos"},"schema":{"@context":"https:\/\/schema.org","@graph":[{"@type":"Article","@id":"https:\/\/chelso.com.br\/site\/dia-mundial-de-cuidados-paliativos\/#article","isPartOf":{"@id":"https:\/\/chelso.com.br\/site\/dia-mundial-de-cuidados-paliativos\/"},"author":{"name":"Chelso","@id":"https:\/\/chelso.com.br\/site\/#\/schema\/person\/06bf484f0ccbb71d4fd2128d594e1d0a"},"headline":"Dia Mundial de Cuidados Paliativos","datePublished":"2022-10-08T01:32:14+00:00","mainEntityOfPage":{"@id":"https:\/\/chelso.com.br\/site\/dia-mundial-de-cuidados-paliativos\/"},"wordCount":2658,"commentCount":0,"keywords":["Chelso","chelso sports","Cuidados Paleativos","sa\u00fade"],"articleSection":["Not\u00edcias","Sa\u00fade e Bem Estar"],"inLanguage":"pt-BR","potentialAction":[{"@type":"CommentAction","name":"Comment","target":["https:\/\/chelso.com.br\/site\/dia-mundial-de-cuidados-paliativos\/#respond"]}]},{"@type":"WebPage","@id":"https:\/\/chelso.com.br\/site\/dia-mundial-de-cuidados-paliativos\/","url":"https:\/\/chelso.com.br\/site\/dia-mundial-de-cuidados-paliativos\/","name":"Dia Mundial de Cuidados Paliativos","isPartOf":{"@id":"https:\/\/chelso.com.br\/site\/#website"},"datePublished":"2022-10-08T01:32:14+00:00","author":{"@id":"https:\/\/chelso.com.br\/site\/#\/schema\/person\/06bf484f0ccbb71d4fd2128d594e1d0a"},"description":"Dia Mundial de Cuidados Paliativos. Data promove conscientiza\u00e7\u00e3o sobre temas relacionados \u00e0 qualidade de vida.","breadcrumb":{"@id":"https:\/\/chelso.com.br\/site\/dia-mundial-de-cuidados-paliativos\/#breadcrumb"},"inLanguage":"pt-BR","potentialAction":[{"@type":"ReadAction","target":["https:\/\/chelso.com.br\/site\/dia-mundial-de-cuidados-paliativos\/"]}]},{"@type":"BreadcrumbList","@id":"https:\/\/chelso.com.br\/site\/dia-mundial-de-cuidados-paliativos\/#breadcrumb","itemListElement":[{"@type":"ListItem","position":1,"name":"In\u00edcio","item":"https:\/\/chelso.com.br\/site\/"},{"@type":"ListItem","position":2,"name":"Dia Mundial de Cuidados Paliativos"}]},{"@type":"WebSite","@id":"https:\/\/chelso.com.br\/site\/#website","url":"https:\/\/chelso.com.br\/site\/","name":"Portal Chelso Sports","description":"Conte\u00fado especializado em corrida de rua e triathlon","potentialAction":[{"@type":"SearchAction","target":{"@type":"EntryPoint","urlTemplate":"https:\/\/chelso.com.br\/site\/?s={search_term_string}"},"query-input":{"@type":"PropertyValueSpecification","valueRequired":true,"valueName":"search_term_string"}}],"inLanguage":"pt-BR"},{"@type":"Person","@id":"https:\/\/chelso.com.br\/site\/#\/schema\/person\/06bf484f0ccbb71d4fd2128d594e1d0a","name":"Chelso","image":{"@type":"ImageObject","inLanguage":"pt-BR","@id":"https:\/\/chelso.com.br\/site\/wp-content\/uploads\/2025\/04\/Perfil20192-150x149.png","url":"https:\/\/chelso.com.br\/site\/wp-content\/uploads\/2025\/04\/Perfil20192-150x149.png","contentUrl":"https:\/\/chelso.com.br\/site\/wp-content\/uploads\/2025\/04\/Perfil20192-150x149.png","caption":"Chelso"},"sameAs":["http:\/\/www.chelso.com.br"],"url":"https:\/\/chelso.com.br\/site\/author\/maryblog\/"}]}},"amp_enabled":true,"_links":{"self":[{"href":"https:\/\/chelso.com.br\/site\/wp-json\/wp\/v2\/posts\/15203","targetHints":{"allow":["GET"]}}],"collection":[{"href":"https:\/\/chelso.com.br\/site\/wp-json\/wp\/v2\/posts"}],"about":[{"href":"https:\/\/chelso.com.br\/site\/wp-json\/wp\/v2\/types\/post"}],"author":[{"embeddable":true,"href":"https:\/\/chelso.com.br\/site\/wp-json\/wp\/v2\/users\/21"}],"replies":[{"embeddable":true,"href":"https:\/\/chelso.com.br\/site\/wp-json\/wp\/v2\/comments?post=15203"}],"version-history":[{"count":1,"href":"https:\/\/chelso.com.br\/site\/wp-json\/wp\/v2\/posts\/15203\/revisions"}],"predecessor-version":[{"id":15205,"href":"https:\/\/chelso.com.br\/site\/wp-json\/wp\/v2\/posts\/15203\/revisions\/15205"}],"wp:attachment":[{"href":"https:\/\/chelso.com.br\/site\/wp-json\/wp\/v2\/media?parent=15203"}],"wp:term":[{"taxonomy":"category","embeddable":true,"href":"https:\/\/chelso.com.br\/site\/wp-json\/wp\/v2\/categories?post=15203"},{"taxonomy":"post_tag","embeddable":true,"href":"https:\/\/chelso.com.br\/site\/wp-json\/wp\/v2\/tags?post=15203"}],"curies":[{"name":"wp","href":"https:\/\/api.w.org\/{rel}","templated":true}]}}