{"id":15424,"date":"2022-11-03T20:07:08","date_gmt":"2022-11-03T23:07:08","guid":{"rendered":"https:\/\/chelso.com.br\/site\/?p=15424"},"modified":"2022-11-03T20:07:08","modified_gmt":"2022-11-03T23:07:08","slug":"maratona-de-curitiba-rumo-2022","status":"publish","type":"post","link":"https:\/\/chelso.com.br\/site\/maratona-de-curitiba-rumo-2022\/","title":{"rendered":"Maratona de Curitiba Rumo 2022 re\u00fane nomes de ponta do atletismo nacional"},"content":{"rendered":"<p><span class=\"il\">Maratona<\/span>\u00a0brasileira com a maior premia\u00e7\u00e3o\u00a0<span class=\"il\">em<\/span>\u00a0dinheiro neste ano, a\u00a0<strong><span class=\"il\">Maratona<\/span>\u00a0<span class=\"il\">de<\/span>\u00a0<span class=\"il\">Curitiba<\/span>\u00a0Rumo 2022<\/strong> vai contar com nomes\u00a0<span class=\"il\">de<\/span>\u00a0ponta do atletismo nacional na prova principal no dia 20\u00a0<span class=\"il\">de<\/span>\u00a0novembro. Entre eles est\u00e3o Franck Caldeira, atletas que defenderam o Brasil\u00a0<span class=\"il\">em<\/span>\u00a0Olimp\u00edadas e campe\u00f5es\u00a0<span class=\"il\">de<\/span>\u00a0outras maratonas neste ano. O evento na capital paranaense distribui R$ 192 mil\u00a0<span class=\"il\">em<\/span>\u00a0premia\u00e7\u00e3o e entra na reta final\u00a0<span class=\"il\">de<\/span>\u00a0inscri\u00e7\u00f5es\u00a0<span class=\"il\">para<\/span>\u00a0as provas\u00a0<span class=\"il\">de<\/span>\u00a042 km, 21 km, 10 km e 5 km. S\u00e3o esperados 10 mil\u00a0atletas do Brasil e do exterior, distribu\u00eddos\u00a0<span class=\"il\">em<\/span>\u00a0todas as dist\u00e2ncias, al\u00e9m\u00a0<span class=\"il\">de<\/span>\u00a0um fluxo superior a 30 mil pessoas nos tr\u00eas dias\u00a0<span class=\"il\">da<\/span>\u00a0Expo\u00a0<span class=\"il\">Maratona<\/span>\u00a0no Museu Oscar Niemeyer.<\/p>\n<p><a href=\"https:\/\/chelso.com.br\/site\/provas-presenciais\/\"><b>Saiba mais sobre o nosso calend\u00e1rio de provas presenciais.<\/b><\/a><\/p>\n<h2><strong><span class=\"il\">Maratona<\/span>\u00a0<span class=\"il\">de<\/span>\u00a0<span class=\"il\">Curitiba<\/span>\u00a0Rumo 2022<\/strong><\/h2>\n<p>As inscri\u00e7\u00f5es\u00a0<span class=\"il\">para<\/span>\u00a0uma das mais tradicionais corridas\u00a0<span class=\"il\">de<\/span>\u00a0rua do pa\u00eds podem ser feitas pelo site\u00a0<a href=\"http:\/\/www.maratonadecuritiba.com.br\/\" target=\"_blank\" rel=\"noopener noreferrer\" data-saferedirecturl=\"https:\/\/www.google.com\/url?q=http:\/\/www.maratonadecuritiba.com.br&amp;source=gmail&amp;ust=1667578477569000&amp;usg=AOvVaw1D6sj1KkLnxhRI44sJYggG\">www.maratonadecuritiba.com.br<\/a>\u00a0at\u00e9 7\u00a0<span class=\"il\">de<\/span>\u00a0novembro. S\u00e3o quatro modalidades\u00a0<span class=\"il\">de<\/span>\u00a0kit\u00a0<span class=\"il\">para<\/span>\u00a0todas as dist\u00e2ncias. J\u00e1 no lote final, as inscri\u00e7\u00f5es t\u00eam valores a partir\u00a0<span class=\"il\">de<\/span>\u00a0R$ 135,00\u00a0<span class=\"il\">para<\/span>\u00a0as dist\u00e2ncias\u00a0<span class=\"il\">de<\/span>\u00a042 km e 21 km e\u00a0<span class=\"il\">de<\/span>\u00a0R$ 125,00\u00a0<span class=\"il\">para<\/span>\u00a0as provas\u00a0<span class=\"il\">de<\/span>\u00a010 km e 5 km.<\/p>\n<p>Dos R$ 192 mil que ser\u00e3o distribu\u00eddos na premia\u00e7\u00e3o\u00a0<span class=\"il\">da<\/span>\u00a0<span class=\"il\">Maratona<\/span>\u00a0<span class=\"il\">de<\/span>\u00a0<span class=\"il\">Curitiba<\/span>\u00a0Rumo 2022, ser\u00e3o R$ 40 mil\u00a0<span class=\"il\">para<\/span>\u00a0cada um dos campe\u00f5es\u00a0<span class=\"il\">da<\/span>\u00a0prova masculina e feminina dos 42,195 km. Um atrativo e tanto\u00a0<span class=\"il\">para<\/span>\u00a0atletas\u00a0<span class=\"il\">de<\/span>\u00a0elite.<\/p>\n<p>Entre as mulheres, a largada\u00a0<span class=\"il\">da<\/span>\u00a0elite tem confirmada a participa\u00e7\u00e3o\u00a0<span class=\"il\">de<\/span>\u00a0Jana\u00edna Santana, duas vezes campe\u00e3 e atual recordista\u00a0<span class=\"il\">da<\/span>\u00a0<span class=\"il\">Maratona<\/span>\u00a0<span class=\"il\">de<\/span>\u00a0Floripa. Concei\u00e7\u00e3o\u00a0<span class=\"il\">de<\/span>\u00a0Maria Carvalho Oliveira, que j\u00e1 foi campe\u00e3\u00a0<span class=\"il\">da<\/span>\u00a0<span class=\"il\">Maratona<\/span>\u00a0Internacional\u00a0<span class=\"il\">de<\/span>\u00a0Porto Alegre, tamb\u00e9m est\u00e1 no start list\u00a0<span class=\"il\">da<\/span>\u00a0prova. A elite feminina conta ainda com atletas que t\u00eam subido ao p\u00f3dio\u00a0<span class=\"il\">em<\/span>\u00a0provas relevantes nesta temporada. Entre elas est\u00e3o Valquiria\u00a0<span class=\"il\">de<\/span>\u00a0Oliveira Weirich, Renata Moreno, M\u00e1rcia\u00a0<span class=\"il\">da<\/span>\u00a0Silva Magalh\u00e3es e a queniana Vivian Jeftanui.<\/p>\n<p>A elite masculina\u00a0<span class=\"il\">da<\/span>\u00a0<span class=\"il\">Maratona<\/span>\u00a0<span class=\"il\">de<\/span>\u00a0<span class=\"il\">Curitiba<\/span>\u00a0Rumo 2022 promete muita disputa. Entre os confirmados est\u00e1 Franck Caldeira\u00a0<span class=\"il\">de<\/span>\u00a0Almeida, ouro na\u00a0<span class=\"il\">maratona<\/span>\u00a0do Pan no Rio (2007) e vencedor\u00a0<span class=\"il\">de<\/span>\u00a0provas importantes, como a Volta\u00a0<span class=\"il\">da<\/span>\u00a0Pampulha. Atleta com duas participa\u00e7\u00f5es\u00a0<span class=\"il\">em<\/span>\u00a0olimp\u00edadas nos 3 mil metros com obst\u00e1culos e campe\u00e3o do Pan Lima-2019 nesta prova,\u00a0 Altobeli Santos\u00a0<span class=\"il\">da<\/span>\u00a0Silva \u00e9 outro que busca o t\u00edtulo na capital do Paran\u00e1. Al\u00e9m deles, a prova principal ter\u00e1 Giovani dos Santos, hexacampe\u00e3o seguido\u00a0<span class=\"il\">da<\/span>\u00a0Volta\u00a0<span class=\"il\">da<\/span>\u00a0Pampulha, entre 2012 e 2017, e com bons resultados\u00a0<span class=\"il\">em<\/span>\u00a0meias maratonas neste ano.<\/p>\n<p>\u201cA alta premia\u00e7\u00e3o especificamente\u00a0<span class=\"il\">para<\/span>\u00a0a\u00a0<span class=\"il\">maratona<\/span>, sem d\u00favidas, \u00e9 um\u00a0<span class=\"il\">grande<\/span>\u00a0atrativo\u00a0<span class=\"il\">para<\/span>\u00a0atletas\u00a0<span class=\"il\">de<\/span>\u00a0ponta e reconhecidos pelo p\u00fablico. Somado a isso, temos toda\u00a0a\u00a0tradi\u00e7\u00e3o\u00a0<span class=\"il\">da<\/span>\u00a0<span class=\"il\">Maratona<\/span>\u00a0<span class=\"il\">de<\/span>\u00a0<span class=\"il\">Curitiba<\/span>\u00a0no calend\u00e1rio\u00a0<span class=\"il\">de<\/span>\u00a0corridas\u00a0<span class=\"il\">de<\/span>\u00a0rua do Brasil, um evento reconhecido pelo alto n\u00edvel e qualidade na organiza\u00e7\u00e3o. A edi\u00e7\u00e3o\u00a0<span class=\"il\">de<\/span>\u00a02022 chega renovada com experi\u00eancias que v\u00e3o muito al\u00e9m das provas\u201d, afirma Arthur Trauczynski, diretor\u00a0<span class=\"il\">da<\/span>\u00a0Global Vita Sports, empresa realizadora do evento ao lado\u00a0<span class=\"il\">da<\/span>\u00a0Associa\u00e7\u00e3o Pro Correr\u00a0<span class=\"il\">de<\/span>\u00a0incentivo ao esporte.<\/p>\n<p>Com esse novo posicionamento, a\u00a0<span class=\"il\">Maratona<\/span>\u00a0<span class=\"il\">de<\/span>\u00a0<span class=\"il\">Curitiba<\/span>\u00a0Rumo 2022 atrai tamb\u00e9m atletas\u00a0<span class=\"il\">de<\/span>\u00a0elite que buscam mais uma conquista\u00a0<span class=\"il\">para<\/span>\u00a0fechar com chave\u00a0<span class=\"il\">de<\/span>\u00a0ouro a temporada. O start list masculino conta ainda com Fabr\u00edcio Gomes dos Santos Pancada, atual campe\u00e3o\u00a0<span class=\"il\">da<\/span>\u00a0<span class=\"il\">Maratona<\/span>\u00a0<span class=\"il\">de<\/span>\u00a0Floripa, Justino Pedro\u00a0<span class=\"il\">da<\/span>\u00a0Silva, bicampe\u00e3o\u00a0<span class=\"il\">da<\/span>\u00a0<span class=\"il\">Maratona<\/span>\u00a0do Rio neste ano, e Samuel Ribeiro, vencedor\u00a0<span class=\"il\">da<\/span>\u00a0SP City\u00a0<span class=\"il\">Marathon<\/span>\u00a02022.<\/p>\n<p><iframe  id=\"_ytid_27033\"  width=\"788\" height=\"443\"  data-origwidth=\"788\" data-origheight=\"443\" src=\"https:\/\/www.youtube.com\/embed\/rshFh93esnE?enablejsapi=1&#038;autoplay=0&#038;cc_load_policy=0&#038;cc_lang_pref=&#038;iv_load_policy=1&#038;loop=0&#038;rel=1&#038;fs=1&#038;playsinline=0&#038;autohide=2&#038;theme=dark&#038;color=red&#038;controls=1&#038;disablekb=0&#038;\" class=\"__youtube_prefs__  epyt-is-override  no-lazyload\" title=\"YouTube player\"  allow=\"fullscreen; accelerometer; autoplay; clipboard-write; encrypted-media; gyroscope; picture-in-picture; web-share\" referrerpolicy=\"strict-origin-when-cross-origin\" allowfullscreen data-no-lazy=\"1\" data-skipgform_ajax_framebjll=\"\"><\/iframe><\/p>\n<p><strong>Percursos por\u00a0<span class=\"il\">Curitiba<\/span><\/strong><\/p>\n<p>Um dos grandes destaques\u00a0<span class=\"il\">da<\/span>\u00a0<span class=\"il\">Maratona<\/span>\u00a0<span class=\"il\">de<\/span>\u00a0<span class=\"il\">Curitiba<\/span>\u00a0Rumo 2022 \u00e9 a mudan\u00e7a no percurso dos 42 km. A passagem pelos arredores do Pal\u00e1cio Igua\u00e7u e do Museu Oscar Niemeyer,\u00a0<span class=\"il\">em<\/span>\u00a02022, far\u00e3o parte dos quatro quil\u00f4metros finais, e n\u00e3o mais no in\u00edcio, como\u00a0<span class=\"il\">em<\/span>\u00a0edi\u00e7\u00f5es anteriores. Na prova principal, a largada e chegada ser\u00e1 na Pra\u00e7a Nossa Senhora\u00a0<span class=\"il\">da<\/span>\u00a0Salete, no p\u00f3rtico\u00a0<span class=\"il\">em<\/span>\u00a0frente ao pr\u00e9dio\u00a0<span class=\"il\">da<\/span>\u00a0Prefeitura\u00a0<span class=\"il\">de<\/span>\u00a0<span class=\"il\">Curitiba<\/span>.<\/p>\n<p>Ap\u00f3s largarem, os atletas passam pelo Passeio P\u00fablico e Pra\u00e7a\u00a0<span class=\"il\">da<\/span>\u00a0Espanha nos primeiros quil\u00f4metros e percorrem o bairro Pinheirinho at\u00e9 completarem a metade\u00a0<span class=\"il\">da<\/span>\u00a0prova nos arredores do est\u00e1dio do Athletico Paranaense, a Arena\u00a0<span class=\"il\">da<\/span>\u00a0Baixada. O emblem\u00e1tico Jardim Bot\u00e2nico estar\u00e1 no km 35 do trajeto e os atletas passar\u00e3o ainda pelos arredores dos est\u00e1dios Durival Britto e Silva, do Paran\u00e1 Clube, e o Couto Pereira, sede do Coritiba, antes\u00a0<span class=\"il\">de<\/span>\u00a0entrarem na regi\u00e3o do Centro C\u00edvico e alcan\u00e7arem a linha\u00a0<span class=\"il\">de<\/span>\u00a0chegada.<\/p>\n<p>O percurso dos 21 km \u00e9 o mesmo\u00a0<span class=\"il\">da<\/span>\u00a0primeira metade\u00a0<span class=\"il\">da<\/span>\u00a0<span class=\"il\">maratona<\/span>. Por isso, a linha\u00a0<span class=\"il\">de<\/span>\u00a0chegada\u00a0<span class=\"il\">da<\/span>\u00a0meia\u00a0<span class=\"il\">maratona<\/span>\u00a0estar\u00e1 na Pra\u00e7a Afonso Botelho. Todos os atletas ter\u00e3o transporte at\u00e9 a arena na Pra\u00e7a Nossa Senhora\u00a0<span class=\"il\">da<\/span>\u00a0Salete, caso queiram retornar \u00e0 largada, inclu\u00eddo na inscri\u00e7\u00e3o. Nos 10 km, os atletas encaram trechos pelas avenidas Mateus Leme e C\u00e2ndido\u00a0<span class=\"il\">de<\/span>\u00a0Abreu, com passagem no entorno do Bosque Papa Jo\u00e3o Paulo II e ruas do Centro C\u00edvico. J\u00e1 a prova\u00a0<span class=\"il\">de<\/span>\u00a05 km contempla o Centro C\u00edvico e seu entorno, muito parecido aos quil\u00f4metros finais\u00a0<span class=\"il\">da<\/span>\u00a0<span class=\"il\">maratona<\/span>.<\/p>\n<blockquote class=\"instagram-media\" style=\"background: #FFF; border: 0; border-radius: 3px; box-shadow: 0 0 1px 0 rgba(0,0,0,0.5),0 1px 10px 0 rgba(0,0,0,0.15); margin: 1px; max-width: 540px; min-width: 326px; padding: 0; width: calc(100% - 2px);\" data-instgrm-captioned=\"\" data-instgrm-permalink=\"https:\/\/www.instagram.com\/p\/Ckdg2kVLRIF\/?utm_source=ig_embed&amp;utm_campaign=loading\" data-instgrm-version=\"14\">\n<div style=\"padding: 16px;\">\n<p>&nbsp;<\/p>\n<div style=\"display: flex; flex-direction: row; align-items: center;\">\n<div style=\"background-color: #f4f4f4; border-radius: 50%; flex-grow: 0; height: 40px; margin-right: 14px; width: 40px;\"><\/div>\n<div style=\"display: flex; flex-direction: column; flex-grow: 1; justify-content: center;\">\n<div style=\"background-color: #f4f4f4; border-radius: 4px; flex-grow: 0; height: 14px; margin-bottom: 6px; width: 100px;\"><\/div>\n<div style=\"background-color: #f4f4f4; border-radius: 4px; flex-grow: 0; height: 14px; width: 60px;\"><\/div>\n<\/div>\n<\/div>\n<div style=\"padding: 19% 0;\"><\/div>\n<div style=\"display: block; height: 50px; margin: 0 auto 12px; width: 50px;\"><\/div>\n<div style=\"padding-top: 8px;\">\n<div style=\"color: #3897f0; font-family: Arial,sans-serif; font-size: 14px; font-style: normal; font-weight: 550; line-height: 18px;\">Ver essa foto no Instagram<\/div>\n<\/div>\n<div style=\"padding: 12.5% 0;\"><\/div>\n<div style=\"display: flex; flex-direction: row; margin-bottom: 14px; align-items: center;\">\n<div>\n<div style=\"background-color: #f4f4f4; border-radius: 50%; height: 12.5px; width: 12.5px; transform: translateX(0px) translateY(7px);\"><\/div>\n<div style=\"background-color: #f4f4f4; height: 12.5px; transform: rotate(-45deg) translateX(3px) translateY(1px); width: 12.5px; flex-grow: 0; margin-right: 14px; margin-left: 2px;\"><\/div>\n<div style=\"background-color: #f4f4f4; border-radius: 50%; height: 12.5px; width: 12.5px; transform: translateX(9px) translateY(-18px);\"><\/div>\n<\/div>\n<div style=\"margin-left: 8px;\">\n<div style=\"background-color: #f4f4f4; border-radius: 50%; flex-grow: 0; height: 20px; width: 20px;\"><\/div>\n<div style=\"width: 0; height: 0; border-top: 2px solid transparent; border-left: 6px solid #f4f4f4; border-bottom: 2px solid transparent; transform: translateX(16px) translateY(-4px) rotate(30deg);\"><\/div>\n<\/div>\n<div style=\"margin-left: auto;\">\n<div style=\"width: 0px; border-top: 8px solid #F4F4F4; border-right: 8px solid transparent; transform: translateY(16px);\"><\/div>\n<div style=\"background-color: #f4f4f4; flex-grow: 0; height: 12px; width: 16px; transform: translateY(-4px);\"><\/div>\n<div style=\"width: 0; height: 0; border-top: 8px solid #F4F4F4; border-left: 8px solid transparent; transform: translateY(-4px) translateX(8px);\"><\/div>\n<\/div>\n<\/div>\n<div style=\"display: flex; flex-direction: column; flex-grow: 1; justify-content: center; margin-bottom: 24px;\">\n<div style=\"background-color: #f4f4f4; border-radius: 4px; flex-grow: 0; height: 14px; margin-bottom: 6px; width: 224px;\"><\/div>\n<div style=\"background-color: #f4f4f4; border-radius: 4px; flex-grow: 0; height: 14px; width: 144px;\"><\/div>\n<\/div>\n<p>&nbsp;<\/p>\n<p style=\"color: #c9c8cd; font-family: Arial,sans-serif; font-size: 14px; line-height: 17px; margin-bottom: 0; margin-top: 8px; overflow: hidden; padding: 8px 0 7px; text-align: center; text-overflow: ellipsis; white-space: nowrap;\"><a style=\"color: #c9c8cd; font-family: Arial,sans-serif; font-size: 14px; font-style: normal; font-weight: normal; line-height: 17px; text-decoration: none;\" href=\"https:\/\/www.instagram.com\/p\/Ckdg2kVLRIF\/?utm_source=ig_embed&amp;utm_campaign=loading\" target=\"_blank\" rel=\"noopener\">Uma publica\u00e7\u00e3o compartilhada por Maratona de Curitiba Rumo 2022 (@maratonadecuritibaoficial)<\/a><\/p>\n<\/div>\n<\/blockquote>\n<p><script async src=\"\/\/www.instagram.com\/embed.js\"><\/script><\/p>\n<p><strong>Expo no Museu Oscar Niemeyer<\/strong><\/p>\n<p>Al\u00e9m\u00a0<span class=\"il\">de<\/span>\u00a0um dos pontos emblem\u00e1ticos dos percursos, o Museu Oscar Niemeyer vai sediar a\u00a0Expo\u00a0<span class=\"il\">Maratona<\/span>. No local\u00a0<span class=\"il\">de<\/span>\u00a0retirada\u00a0<span class=\"il\">de<\/span>\u00a0kits pelos atletas, os apaixonados pela corrida ter\u00e3o contato com diversas atra\u00e7\u00f5es e experi\u00eancias nos dias 17, 18 e 19\u00a0<span class=\"il\">de<\/span>\u00a0novembro. Entre elas est\u00e3o palestras, ativa\u00e7\u00f5es\u00a0<span class=\"il\">de<\/span>\u00a0marcas, venda\u00a0<span class=\"il\">de<\/span>\u00a0produtos do segmento running e um ambiente gastron\u00f4mico. A estimativa \u00e9 que mais\u00a0<span class=\"il\">de<\/span>\u00a030 mil pessoas passem pela feira esportiva nos tr\u00eas dias.<\/p>\n<p><strong>Atletas\u00a0<span class=\"il\">de<\/span>\u00a0elite nos 42 km\u00a0<span class=\"il\">da<\/span>\u00a0<span class=\"il\">Maratona<\/span>\u00a0<span class=\"il\">de<\/span>\u00a0<span class=\"il\">Curitiba<\/span>\u00a0Rumo 2022<\/strong><\/p>\n<p>Feminino: Concei\u00e7\u00e3o\u00a0<span class=\"il\">de<\/span>\u00a0Maria Carvalho Oliveira, M\u00e1rcia\u00a0<span class=\"il\">da<\/span>\u00a0Silva Magalh\u00e3es, Marlei Eunice Willers, Jana\u00edna Santana, Renata Moreno, Valquiria\u00a0<span class=\"il\">de<\/span>\u00a0Oliveira Weirich e Vivian Jeftanui.<\/p>\n<p>Masculino: Alessandro Souza, Altobeli Santos\u00a0<span class=\"il\">da<\/span>\u00a0Silva, Ederson Vilela Pereira, Eliezer\u00a0<span class=\"il\">de<\/span>\u00a0Jesus Santos, \u00c9der Uillian, Fabr\u00edcio Gomes Santos Pancada, Fl\u00e1vio Carvalho Stumpf, Franck Caldeira\u00a0<span class=\"il\">De<\/span>\u00a0Almeida, Giovani dos Santos, Givaldo Araujo Sena, Jurandyr Couto, Justino Pedro\u00a0<span class=\"il\">da<\/span>\u00a0Silva, Maicon Douglas\u00a0<span class=\"il\">da<\/span>\u00a0Silva Mancuso, Raimundo Nonato Pereira\u00a0<span class=\"il\">da<\/span>\u00a0Silva, Robson Pereira\u00a0<span class=\"il\">De<\/span>\u00a0Lima, Samuel Ribeiro, Vagner\u00a0<span class=\"il\">da<\/span>\u00a0Silva Noronha, Vestus Cheboi e Wellington Bezerra\u00a0<span class=\"il\">da<\/span>\u00a0Silva.<\/p>\n<p><strong>Sobre a\u00a0<span class=\"il\">Maratona<\/span>\u00a0<span class=\"il\">de<\/span>\u00a0<span class=\"il\">Curitiba<\/span>\u00a0Rumo 2022<\/strong><\/p>\n<p>A primeira edi\u00e7\u00e3o do evento aconteceu\u00a0<span class=\"il\">em<\/span>\u00a01997. Desde ent\u00e3o, \u00e9 realizado no terceiro final\u00a0<span class=\"il\">de<\/span>\u00a0semana do m\u00eas\u00a0<span class=\"il\">de<\/span>\u00a0novembro. Com um percurso t\u00e9cnico, subidas longas e suaves, a\u00a0<span class=\"il\">Maratona<\/span>\u00a0<span class=\"il\">de<\/span>\u00a0<span class=\"il\">Curitiba<\/span>\u00a0Rumo 2022 percorre 22 bairros\u00a0<span class=\"il\">da<\/span>\u00a0capital paranaense e passa por alguns dos principais pontos tur\u00edsticos. O evento tem o apoio institucional\u00a0<span class=\"il\">da<\/span>\u00a0Prefeitura\u00a0<span class=\"il\">de<\/span>\u00a0<span class=\"il\">Curitiba<\/span>, naming right\u00a0<span class=\"il\">da<\/span>\u00a0Rumo Log\u00edstica, patroc\u00ednios\u00a0<span class=\"il\">de<\/span>\u00a0Compass G\u00e1s e Energia, NotMilk High Protein, Volkswagen Barigui, Shopping\u00a0<span class=\"il\">Curitiba<\/span>\u00a0e Hard Rock Caf\u00e9\u00a0<span class=\"il\">Curitiba<\/span>, Pinati como marca parceira, promo\u00e7\u00e3o\u00a0<span class=\"il\">da<\/span>\u00a0Transam\u00e9rica e realiza\u00e7\u00e3o e organiza\u00e7\u00e3o\u00a0<span class=\"il\">da<\/span>\u00a0Global Vita Sports e Associa\u00e7\u00e3o Pro Correr.<\/p>\n<p>A\u00a0<a href=\"https:\/\/chelso.com.br\/site\/\">Chelso<\/a>\u00a0tamb\u00e9m est\u00e1 no\u00a0<a href=\"https:\/\/www.youtube.com\/channel\/UC1VTjqCtASd4Tn3Z-U-SAqQ\">Youtube<\/a>. Se inscreva no nosso canal, deixe seus coment\u00e1rios nos v\u00eddeos e acompanhe todas as novidades do mundo dos esportes por l\u00e1. Passamos da marca de 3 mil inscritos e agora nossa meta \u00e9 chegar aos 4 mil. Sua inscri\u00e7\u00e3o \u00e9 muito importante para n\u00f3s.<\/p>\n<p>Aproveite e siga a Chelso Sports no\u00a0<a href=\"https:\/\/www.instagram.com\/chelsosports\">Instagram,<\/a>\u00a0acompanhe todas as informa\u00e7\u00f5es sobre nosso calend\u00e1rio de provas e dicas de treinamentos, al\u00e9m de curiosidades sobre os esportes outdoor.<\/p>\n","protected":false},"excerpt":{"rendered":"<p>Maratona\u00a0brasileira com a maior premia\u00e7\u00e3o\u00a0em\u00a0dinheiro neste ano, a\u00a0Maratona\u00a0de\u00a0Curitiba\u00a0Rumo 2022 vai contar com nomes\u00a0de\u00a0ponta do atletismo nacional na prova principal no dia 20\u00a0de\u00a0novembro. Entre eles est\u00e3o Franck Caldeira, atletas que defenderam o Brasil\u00a0em\u00a0Olimp\u00edadas e campe\u00f5es\u00a0de\u00a0outras maratonas neste ano. O evento na capital paranaense distribui R$ 192 mil\u00a0em\u00a0premia\u00e7\u00e3o e entra na reta final\u00a0de\u00a0inscri\u00e7\u00f5es\u00a0para\u00a0as provas\u00a0de\u00a042 km, 21 km,<\/p>\n","protected":false},"author":21,"featured_media":0,"comment_status":"open","ping_status":"closed","sticky":false,"template":"","format":"standard","meta":{"om_disable_all_campaigns":false,"_monsterinsights_skip_tracking":false,"_monsterinsights_sitenote_active":false,"_monsterinsights_sitenote_note":"","_monsterinsights_sitenote_category":0,"footnotes":""},"categories":[56,30],"tags":[735,41,52,1391],"class_list":{"0":"post-15424","1":"post","2":"type-post","3":"status-publish","4":"format-standard","6":"category-eventos","7":"category-noticias","8":"tag-chelso","9":"tag-chelso-sports","10":"tag-maratona","11":"tag-maratona-de-curitiba"},"aioseo_notices":[],"yoast_head":"<!-- This site is optimized with the Yoast SEO plugin v27.5 - https:\/\/yoast.com\/product\/yoast-seo-wordpress\/ -->\n<title>Maratona de Curitiba Rumo 2022 re\u00fane nomes de ponta do atletismo nacional<\/title>\n<meta name=\"description\" content=\"Maratona\u00a0de\u00a0Curitiba\u00a0Rumo 2022 vai contar com nomes\u00a0de\u00a0ponta do atletismo nacional na prova principal no dia 20\u00a0de\u00a0novembro.\" \/>\n<meta name=\"robots\" content=\"index, follow, max-snippet:-1, max-image-preview:large, max-video-preview:-1\" \/>\n<link rel=\"canonical\" href=\"https:\/\/chelso.com.br\/site\/maratona-de-curitiba-rumo-2022\/\" \/>\n<meta property=\"og:locale\" content=\"pt_BR\" \/>\n<meta property=\"og:type\" content=\"article\" \/>\n<meta property=\"og:title\" content=\"Maratona de Curitiba Rumo 2022 re\u00fane nomes de ponta do atletismo nacional\" \/>\n<meta property=\"og:description\" content=\"Maratona\u00a0de\u00a0Curitiba\u00a0Rumo 2022 vai contar com nomes\u00a0de\u00a0ponta do atletismo nacional na prova principal no dia 20\u00a0de\u00a0novembro.\" \/>\n<meta property=\"og:url\" content=\"https:\/\/chelso.com.br\/site\/maratona-de-curitiba-rumo-2022\/\" \/>\n<meta property=\"og:site_name\" content=\"Portal Chelso Sports\" \/>\n<meta property=\"article:published_time\" content=\"2022-11-03T23:07:08+00:00\" \/>\n<meta property=\"og:image\" content=\"https:\/\/chelso.com.br\/site\/wp-content\/uploads\/2022\/11\/unnamed-28-scaled.jpg\" \/>\n\t<meta property=\"og:image:width\" content=\"2560\" \/>\n\t<meta property=\"og:image:height\" content=\"1707\" \/>\n\t<meta property=\"og:image:type\" content=\"image\/jpeg\" \/>\n<meta name=\"author\" content=\"Chelso\" \/>\n<meta name=\"twitter:card\" content=\"summary_large_image\" \/>\n<meta name=\"twitter:label1\" content=\"Escrito por\" \/>\n\t<meta name=\"twitter:data1\" content=\"Chelso\" \/>\n\t<meta name=\"twitter:label2\" content=\"Est. tempo de leitura\" \/>\n\t<meta name=\"twitter:data2\" content=\"7 minutos\" \/>\n<script type=\"application\/ld+json\" class=\"yoast-schema-graph\">{\"@context\":\"https:\\\/\\\/schema.org\",\"@graph\":[{\"@type\":\"Article\",\"@id\":\"https:\\\/\\\/chelso.com.br\\\/site\\\/maratona-de-curitiba-rumo-2022\\\/#article\",\"isPartOf\":{\"@id\":\"https:\\\/\\\/chelso.com.br\\\/site\\\/maratona-de-curitiba-rumo-2022\\\/\"},\"author\":{\"name\":\"Chelso\",\"@id\":\"https:\\\/\\\/chelso.com.br\\\/site\\\/#\\\/schema\\\/person\\\/06bf484f0ccbb71d4fd2128d594e1d0a\"},\"headline\":\"Maratona de Curitiba Rumo 2022 re\u00fane nomes de ponta do atletismo nacional\",\"datePublished\":\"2022-11-03T23:07:08+00:00\",\"mainEntityOfPage\":{\"@id\":\"https:\\\/\\\/chelso.com.br\\\/site\\\/maratona-de-curitiba-rumo-2022\\\/\"},\"wordCount\":1304,\"commentCount\":0,\"keywords\":[\"Chelso\",\"chelso sports\",\"Maratona\",\"Maratona de Curitiba\"],\"articleSection\":[\"Eventos\",\"Not\u00edcias\"],\"inLanguage\":\"pt-BR\",\"potentialAction\":[{\"@type\":\"CommentAction\",\"name\":\"Comment\",\"target\":[\"https:\\\/\\\/chelso.com.br\\\/site\\\/maratona-de-curitiba-rumo-2022\\\/#respond\"]}]},{\"@type\":\"WebPage\",\"@id\":\"https:\\\/\\\/chelso.com.br\\\/site\\\/maratona-de-curitiba-rumo-2022\\\/\",\"url\":\"https:\\\/\\\/chelso.com.br\\\/site\\\/maratona-de-curitiba-rumo-2022\\\/\",\"name\":\"Maratona de Curitiba Rumo 2022 re\u00fane nomes de ponta do atletismo nacional\",\"isPartOf\":{\"@id\":\"https:\\\/\\\/chelso.com.br\\\/site\\\/#website\"},\"datePublished\":\"2022-11-03T23:07:08+00:00\",\"author\":{\"@id\":\"https:\\\/\\\/chelso.com.br\\\/site\\\/#\\\/schema\\\/person\\\/06bf484f0ccbb71d4fd2128d594e1d0a\"},\"description\":\"Maratona\u00a0de\u00a0Curitiba\u00a0Rumo 2022 vai contar com nomes\u00a0de\u00a0ponta do atletismo nacional na prova principal no dia 20\u00a0de\u00a0novembro.\",\"breadcrumb\":{\"@id\":\"https:\\\/\\\/chelso.com.br\\\/site\\\/maratona-de-curitiba-rumo-2022\\\/#breadcrumb\"},\"inLanguage\":\"pt-BR\",\"potentialAction\":[{\"@type\":\"ReadAction\",\"target\":[\"https:\\\/\\\/chelso.com.br\\\/site\\\/maratona-de-curitiba-rumo-2022\\\/\"]}]},{\"@type\":\"BreadcrumbList\",\"@id\":\"https:\\\/\\\/chelso.com.br\\\/site\\\/maratona-de-curitiba-rumo-2022\\\/#breadcrumb\",\"itemListElement\":[{\"@type\":\"ListItem\",\"position\":1,\"name\":\"In\u00edcio\",\"item\":\"https:\\\/\\\/chelso.com.br\\\/site\\\/\"},{\"@type\":\"ListItem\",\"position\":2,\"name\":\"Maratona de Curitiba Rumo 2022 re\u00fane nomes de ponta do atletismo nacional\"}]},{\"@type\":\"WebSite\",\"@id\":\"https:\\\/\\\/chelso.com.br\\\/site\\\/#website\",\"url\":\"https:\\\/\\\/chelso.com.br\\\/site\\\/\",\"name\":\"Portal Chelso Sports\",\"description\":\"Conte\u00fado especializado em corrida de rua e triathlon\",\"potentialAction\":[{\"@type\":\"SearchAction\",\"target\":{\"@type\":\"EntryPoint\",\"urlTemplate\":\"https:\\\/\\\/chelso.com.br\\\/site\\\/?s={search_term_string}\"},\"query-input\":{\"@type\":\"PropertyValueSpecification\",\"valueRequired\":true,\"valueName\":\"search_term_string\"}}],\"inLanguage\":\"pt-BR\"},{\"@type\":\"Person\",\"@id\":\"https:\\\/\\\/chelso.com.br\\\/site\\\/#\\\/schema\\\/person\\\/06bf484f0ccbb71d4fd2128d594e1d0a\",\"name\":\"Chelso\",\"image\":{\"@type\":\"ImageObject\",\"inLanguage\":\"pt-BR\",\"@id\":\"https:\\\/\\\/chelso.com.br\\\/site\\\/wp-content\\\/uploads\\\/2025\\\/04\\\/Perfil20192-150x149.png\",\"url\":\"https:\\\/\\\/chelso.com.br\\\/site\\\/wp-content\\\/uploads\\\/2025\\\/04\\\/Perfil20192-150x149.png\",\"contentUrl\":\"https:\\\/\\\/chelso.com.br\\\/site\\\/wp-content\\\/uploads\\\/2025\\\/04\\\/Perfil20192-150x149.png\",\"caption\":\"Chelso\"},\"sameAs\":[\"http:\\\/\\\/www.chelso.com.br\"],\"url\":\"https:\\\/\\\/chelso.com.br\\\/site\\\/author\\\/maryblog\\\/\"}]}<\/script>\n<!-- \/ Yoast SEO plugin. -->","yoast_head_json":{"title":"Maratona de Curitiba Rumo 2022 re\u00fane nomes de ponta do atletismo nacional","description":"Maratona\u00a0de\u00a0Curitiba\u00a0Rumo 2022 vai contar com nomes\u00a0de\u00a0ponta do atletismo nacional na prova principal no dia 20\u00a0de\u00a0novembro.","robots":{"index":"index","follow":"follow","max-snippet":"max-snippet:-1","max-image-preview":"max-image-preview:large","max-video-preview":"max-video-preview:-1"},"canonical":"https:\/\/chelso.com.br\/site\/maratona-de-curitiba-rumo-2022\/","og_locale":"pt_BR","og_type":"article","og_title":"Maratona de Curitiba Rumo 2022 re\u00fane nomes de ponta do atletismo nacional","og_description":"Maratona\u00a0de\u00a0Curitiba\u00a0Rumo 2022 vai contar com nomes\u00a0de\u00a0ponta do atletismo nacional na prova principal no dia 20\u00a0de\u00a0novembro.","og_url":"https:\/\/chelso.com.br\/site\/maratona-de-curitiba-rumo-2022\/","og_site_name":"Portal Chelso Sports","article_published_time":"2022-11-03T23:07:08+00:00","og_image":[{"width":2560,"height":1707,"url":"https:\/\/chelso.com.br\/site\/wp-content\/uploads\/2022\/11\/unnamed-28-scaled.jpg","type":"image\/jpeg"}],"author":"Chelso","twitter_card":"summary_large_image","twitter_misc":{"Escrito por":"Chelso","Est. tempo de leitura":"7 minutos"},"schema":{"@context":"https:\/\/schema.org","@graph":[{"@type":"Article","@id":"https:\/\/chelso.com.br\/site\/maratona-de-curitiba-rumo-2022\/#article","isPartOf":{"@id":"https:\/\/chelso.com.br\/site\/maratona-de-curitiba-rumo-2022\/"},"author":{"name":"Chelso","@id":"https:\/\/chelso.com.br\/site\/#\/schema\/person\/06bf484f0ccbb71d4fd2128d594e1d0a"},"headline":"Maratona de Curitiba Rumo 2022 re\u00fane nomes de ponta do atletismo nacional","datePublished":"2022-11-03T23:07:08+00:00","mainEntityOfPage":{"@id":"https:\/\/chelso.com.br\/site\/maratona-de-curitiba-rumo-2022\/"},"wordCount":1304,"commentCount":0,"keywords":["Chelso","chelso sports","Maratona","Maratona de Curitiba"],"articleSection":["Eventos","Not\u00edcias"],"inLanguage":"pt-BR","potentialAction":[{"@type":"CommentAction","name":"Comment","target":["https:\/\/chelso.com.br\/site\/maratona-de-curitiba-rumo-2022\/#respond"]}]},{"@type":"WebPage","@id":"https:\/\/chelso.com.br\/site\/maratona-de-curitiba-rumo-2022\/","url":"https:\/\/chelso.com.br\/site\/maratona-de-curitiba-rumo-2022\/","name":"Maratona de Curitiba Rumo 2022 re\u00fane nomes de ponta do atletismo nacional","isPartOf":{"@id":"https:\/\/chelso.com.br\/site\/#website"},"datePublished":"2022-11-03T23:07:08+00:00","author":{"@id":"https:\/\/chelso.com.br\/site\/#\/schema\/person\/06bf484f0ccbb71d4fd2128d594e1d0a"},"description":"Maratona\u00a0de\u00a0Curitiba\u00a0Rumo 2022 vai contar com nomes\u00a0de\u00a0ponta do atletismo nacional na prova principal no dia 20\u00a0de\u00a0novembro.","breadcrumb":{"@id":"https:\/\/chelso.com.br\/site\/maratona-de-curitiba-rumo-2022\/#breadcrumb"},"inLanguage":"pt-BR","potentialAction":[{"@type":"ReadAction","target":["https:\/\/chelso.com.br\/site\/maratona-de-curitiba-rumo-2022\/"]}]},{"@type":"BreadcrumbList","@id":"https:\/\/chelso.com.br\/site\/maratona-de-curitiba-rumo-2022\/#breadcrumb","itemListElement":[{"@type":"ListItem","position":1,"name":"In\u00edcio","item":"https:\/\/chelso.com.br\/site\/"},{"@type":"ListItem","position":2,"name":"Maratona de Curitiba Rumo 2022 re\u00fane nomes de ponta do atletismo nacional"}]},{"@type":"WebSite","@id":"https:\/\/chelso.com.br\/site\/#website","url":"https:\/\/chelso.com.br\/site\/","name":"Portal Chelso Sports","description":"Conte\u00fado especializado em corrida de rua e triathlon","potentialAction":[{"@type":"SearchAction","target":{"@type":"EntryPoint","urlTemplate":"https:\/\/chelso.com.br\/site\/?s={search_term_string}"},"query-input":{"@type":"PropertyValueSpecification","valueRequired":true,"valueName":"search_term_string"}}],"inLanguage":"pt-BR"},{"@type":"Person","@id":"https:\/\/chelso.com.br\/site\/#\/schema\/person\/06bf484f0ccbb71d4fd2128d594e1d0a","name":"Chelso","image":{"@type":"ImageObject","inLanguage":"pt-BR","@id":"https:\/\/chelso.com.br\/site\/wp-content\/uploads\/2025\/04\/Perfil20192-150x149.png","url":"https:\/\/chelso.com.br\/site\/wp-content\/uploads\/2025\/04\/Perfil20192-150x149.png","contentUrl":"https:\/\/chelso.com.br\/site\/wp-content\/uploads\/2025\/04\/Perfil20192-150x149.png","caption":"Chelso"},"sameAs":["http:\/\/www.chelso.com.br"],"url":"https:\/\/chelso.com.br\/site\/author\/maryblog\/"}]}},"amp_enabled":true,"_links":{"self":[{"href":"https:\/\/chelso.com.br\/site\/wp-json\/wp\/v2\/posts\/15424","targetHints":{"allow":["GET"]}}],"collection":[{"href":"https:\/\/chelso.com.br\/site\/wp-json\/wp\/v2\/posts"}],"about":[{"href":"https:\/\/chelso.com.br\/site\/wp-json\/wp\/v2\/types\/post"}],"author":[{"embeddable":true,"href":"https:\/\/chelso.com.br\/site\/wp-json\/wp\/v2\/users\/21"}],"replies":[{"embeddable":true,"href":"https:\/\/chelso.com.br\/site\/wp-json\/wp\/v2\/comments?post=15424"}],"version-history":[{"count":1,"href":"https:\/\/chelso.com.br\/site\/wp-json\/wp\/v2\/posts\/15424\/revisions"}],"predecessor-version":[{"id":15426,"href":"https:\/\/chelso.com.br\/site\/wp-json\/wp\/v2\/posts\/15424\/revisions\/15426"}],"wp:attachment":[{"href":"https:\/\/chelso.com.br\/site\/wp-json\/wp\/v2\/media?parent=15424"}],"wp:term":[{"taxonomy":"category","embeddable":true,"href":"https:\/\/chelso.com.br\/site\/wp-json\/wp\/v2\/categories?post=15424"},{"taxonomy":"post_tag","embeddable":true,"href":"https:\/\/chelso.com.br\/site\/wp-json\/wp\/v2\/tags?post=15424"}],"curies":[{"name":"wp","href":"https:\/\/api.w.org\/{rel}","templated":true}]}}