{"id":15447,"date":"2022-11-06T15:16:09","date_gmt":"2022-11-06T18:16:09","guid":{"rendered":"https:\/\/chelso.com.br\/site\/?p=15447"},"modified":"2022-11-06T15:16:09","modified_gmt":"2022-11-06T18:16:09","slug":"daniel-nascimento-abandona-maratona-de-ny","status":"publish","type":"post","link":"https:\/\/chelso.com.br\/site\/daniel-nascimento-abandona-maratona-de-ny\/","title":{"rendered":"Daniel Nascimento abandona maratona de NY"},"content":{"rendered":"<p><strong>Daniel Nascimento abandona maratona de NY! <\/strong>Dono da melhor marca de um atleta n\u00e3o africano em maratonas, Daniel Nascimento liderou grande parte da Maratona de Nova York, realizada neste domingo (6), nos Estados Unidos. Com um ritmo alucinante de prova, o atleta chegou a ter as passagens iniciais com um <em>pace<\/em> pr\u00f3ximo de recorde mundial. No entanto, o desgaste bateu forte e Daniel abandonou a prova logo ap\u00f3s o quil\u00f4metro 32.<\/p>\n<p><a href=\"https:\/\/chelso.com.br\/site\/provas-presenciais\/\"><b>Saiba mais sobre o nosso calend\u00e1rio de provas presenciais.<\/b><\/a><\/p>\n<p>Logo nos primeiros quil\u00f4metros Daniel come\u00e7ou a impor um ritmo muito forte. Na marca dos 5 km, ele j\u00e1 liderava com quase 30 segundos de vantagem sobre o pelot\u00e3o. A diferen\u00e7a aumentava a cada nova passagem. Ao chegar na metade da prova, Daniel completou os 21 km em 1h01m22s, mais de dois minutos na frente dos advers\u00e1rios.<\/p>\n<blockquote class=\"instagram-media\" style=\"background: #FFF; border: 0; border-radius: 3px; box-shadow: 0 0 1px 0 rgba(0,0,0,0.5),0 1px 10px 0 rgba(0,0,0,0.15); margin: 1px; max-width: 540px; min-width: 326px; padding: 0; width: calc(100% - 2px);\" data-instgrm-captioned=\"\" data-instgrm-permalink=\"https:\/\/www.instagram.com\/p\/CkoLj9fLueK\/?utm_source=ig_embed&amp;utm_campaign=loading\" data-instgrm-version=\"14\">\n<div style=\"padding: 16px;\">\n<p>&nbsp;<\/p>\n<div style=\"display: flex; flex-direction: row; align-items: center;\">\n<div style=\"background-color: #f4f4f4; border-radius: 50%; flex-grow: 0; height: 40px; margin-right: 14px; width: 40px;\"><\/div>\n<div style=\"display: flex; flex-direction: column; flex-grow: 1; justify-content: center;\">\n<div style=\"background-color: #f4f4f4; border-radius: 4px; flex-grow: 0; height: 14px; margin-bottom: 6px; width: 100px;\"><\/div>\n<div style=\"background-color: #f4f4f4; border-radius: 4px; flex-grow: 0; height: 14px; width: 60px;\"><\/div>\n<\/div>\n<\/div>\n<div style=\"padding: 19% 0;\"><\/div>\n<div style=\"display: block; height: 50px; margin: 0 auto 12px; width: 50px;\"><\/div>\n<div style=\"padding-top: 8px;\">\n<div style=\"color: #3897f0; font-family: Arial,sans-serif; font-size: 14px; font-style: normal; font-weight: 550; line-height: 18px;\">Ver essa foto no Instagram<\/div>\n<\/div>\n<div style=\"padding: 12.5% 0;\"><\/div>\n<div style=\"display: flex; flex-direction: row; margin-bottom: 14px; align-items: center;\">\n<div>\n<div style=\"background-color: #f4f4f4; border-radius: 50%; height: 12.5px; width: 12.5px; transform: translateX(0px) translateY(7px);\"><\/div>\n<div style=\"background-color: #f4f4f4; height: 12.5px; transform: rotate(-45deg) translateX(3px) translateY(1px); width: 12.5px; flex-grow: 0; margin-right: 14px; margin-left: 2px;\"><\/div>\n<div style=\"background-color: #f4f4f4; border-radius: 50%; height: 12.5px; width: 12.5px; transform: translateX(9px) translateY(-18px);\"><\/div>\n<\/div>\n<div style=\"margin-left: 8px;\">\n<div style=\"background-color: #f4f4f4; border-radius: 50%; flex-grow: 0; height: 20px; width: 20px;\"><\/div>\n<div style=\"width: 0; height: 0; border-top: 2px solid transparent; border-left: 6px solid #f4f4f4; border-bottom: 2px solid transparent; transform: translateX(16px) translateY(-4px) rotate(30deg);\"><\/div>\n<\/div>\n<div style=\"margin-left: auto;\">\n<div style=\"width: 0px; border-top: 8px solid #F4F4F4; border-right: 8px solid transparent; transform: translateY(16px);\"><\/div>\n<div style=\"background-color: #f4f4f4; flex-grow: 0; height: 12px; width: 16px; transform: translateY(-4px);\"><\/div>\n<div style=\"width: 0; height: 0; border-top: 8px solid #F4F4F4; border-left: 8px solid transparent; transform: translateY(-4px) translateX(8px);\"><\/div>\n<\/div>\n<\/div>\n<div style=\"display: flex; flex-direction: column; flex-grow: 1; justify-content: center; margin-bottom: 24px;\">\n<div style=\"background-color: #f4f4f4; border-radius: 4px; flex-grow: 0; height: 14px; margin-bottom: 6px; width: 224px;\"><\/div>\n<div style=\"background-color: #f4f4f4; border-radius: 4px; flex-grow: 0; height: 14px; width: 144px;\"><\/div>\n<\/div>\n<p>&nbsp;<\/p>\n<p style=\"color: #c9c8cd; font-family: Arial,sans-serif; font-size: 14px; line-height: 17px; margin-bottom: 0; margin-top: 8px; overflow: hidden; padding: 8px 0 7px; text-align: center; text-overflow: ellipsis; white-space: nowrap;\"><a style=\"color: #c9c8cd; font-family: Arial,sans-serif; font-size: 14px; font-style: normal; font-weight: normal; line-height: 17px; text-decoration: none;\" href=\"https:\/\/www.instagram.com\/p\/CkoLj9fLueK\/?utm_source=ig_embed&amp;utm_campaign=loading\" target=\"_blank\" rel=\"noopener\">Uma publica\u00e7\u00e3o compartilhada por TCS New York City Marathon (@nycmarathon)<\/a><\/p>\n<\/div>\n<\/blockquote>\n<p><script async src=\"\/\/www.instagram.com\/embed.js\"><\/script><\/p>\n<h2>Daniel Nascimento abandona maratona de NY<\/h2>\n<p>O brasileiro arriscou. Na passagem dos 25 km, Daniel ainda dominava a prova, mas no km 28 o primeiro sinal veio. O brasileiro parou para ir ao banheiro. Em uma subida, pr\u00f3ximo do km 30, Daniel chegou a caminhar um pouco e, pouco depois, acabou desabando no ch\u00e3o.<\/p>\n<p>Com isso, o caminho ficou livre para o queniano Evans Chabet. Com 2h08m41s, o atleta venceu a disputa, seguido pelo et\u00edope Shura Kitata e pelo holand\u00eas Adbi Nageeye. Na prova feminina mais uma vit\u00f3ria para o Qu\u00eania com Sharon Lokedi vencendo a disputa com 2h23m23s. A israelense Lonah Salpeter foi a vice-campe\u00e3 e a et\u00edope Gotytom Gebreslase terminou em terceiro.<\/p>\n<p><iframe  id=\"_ytid_98948\"  width=\"788\" height=\"443\"  data-origwidth=\"788\" data-origheight=\"443\" src=\"https:\/\/www.youtube.com\/embed\/ChQIM0jOdn4?enablejsapi=1&#038;autoplay=0&#038;cc_load_policy=0&#038;cc_lang_pref=&#038;iv_load_policy=1&#038;loop=0&#038;rel=1&#038;fs=1&#038;playsinline=0&#038;autohide=2&#038;theme=dark&#038;color=red&#038;controls=1&#038;disablekb=0&#038;\" class=\"__youtube_prefs__  epyt-is-override  no-lazyload\" title=\"YouTube player\"  allow=\"fullscreen; accelerometer; autoplay; clipboard-write; encrypted-media; gyroscope; picture-in-picture; web-share\" referrerpolicy=\"strict-origin-when-cross-origin\" allowfullscreen data-no-lazy=\"1\" data-skipgform_ajax_framebjll=\"\"><\/iframe><\/p>\n<p>A\u00a0<a href=\"https:\/\/chelso.com.br\/site\/\">Chelso<\/a>\u00a0tamb\u00e9m est\u00e1 no\u00a0<a href=\"https:\/\/www.youtube.com\/channel\/UC1VTjqCtASd4Tn3Z-U-SAqQ\">Youtube<\/a>. Se inscreva no nosso canal, deixe seus coment\u00e1rios nos v\u00eddeos e acompanhe todas as novidades do mundo dos esportes por l\u00e1. Passamos da marca de 3 mil inscritos e agora nossa meta \u00e9 chegar aos 4 mil. Sua inscri\u00e7\u00e3o \u00e9 muito importante para n\u00f3s.<\/p>\n<p>Aproveite e siga a Chelso Sports no\u00a0<a href=\"https:\/\/www.instagram.com\/chelsosports\">Instagram,<\/a>\u00a0acompanhe todas as informa\u00e7\u00f5es sobre nosso calend\u00e1rio de provas e dicas de treinamentos, al\u00e9m de curiosidades sobre os esportes outdoor.<\/p>\n<p>&nbsp;<\/p>\n","protected":false},"excerpt":{"rendered":"<p>Daniel Nascimento abandona maratona de NY! Dono da melhor marca de um atleta n\u00e3o africano em maratonas, Daniel Nascimento liderou grande parte da Maratona de Nova York, realizada neste domingo (6), nos Estados Unidos. Com um ritmo alucinante de prova, o atleta chegou a ter as passagens iniciais com um pace pr\u00f3ximo de recorde mundial.<\/p>\n","protected":false},"author":21,"featured_media":0,"comment_status":"open","ping_status":"closed","sticky":false,"template":"","format":"standard","meta":{"om_disable_all_campaigns":false,"_monsterinsights_skip_tracking":false,"_monsterinsights_sitenote_active":false,"_monsterinsights_sitenote_note":"","_monsterinsights_sitenote_category":0,"footnotes":""},"categories":[56,30],"tags":[910,37,921,52,899],"class_list":{"0":"post-15447","1":"post","2":"type-post","3":"status-publish","4":"format-standard","6":"category-eventos","7":"category-noticias","8":"tag-42-km","9":"tag-corrida-de-rua","10":"tag-daniel-nascimento","11":"tag-maratona","12":"tag-maratona-de-nova-york"},"aioseo_notices":[],"yoast_head":"<!-- This site is optimized with the Yoast SEO plugin v27.5 - https:\/\/yoast.com\/product\/yoast-seo-wordpress\/ -->\n<title>Daniel Nascimento abandona maratona de NY - Portal Chelso Sports<\/title>\n<meta name=\"description\" content=\"Daniel Nascimento abandona maratona de NY de ap\u00f3s liderar mais de 30 quil\u00f4metros. T\u00edtulo ficou com os quenianos Evans Chabet e Sharon Lokedi\" \/>\n<meta name=\"robots\" content=\"index, follow, max-snippet:-1, max-image-preview:large, max-video-preview:-1\" \/>\n<link rel=\"canonical\" href=\"https:\/\/chelso.com.br\/site\/daniel-nascimento-abandona-maratona-de-ny\/\" \/>\n<meta property=\"og:locale\" content=\"pt_BR\" \/>\n<meta property=\"og:type\" content=\"article\" \/>\n<meta property=\"og:title\" content=\"Daniel Nascimento abandona maratona de NY - Portal Chelso Sports\" \/>\n<meta property=\"og:description\" content=\"Daniel Nascimento abandona maratona de NY de ap\u00f3s liderar mais de 30 quil\u00f4metros. T\u00edtulo ficou com os quenianos Evans Chabet e Sharon Lokedi\" \/>\n<meta property=\"og:url\" content=\"https:\/\/chelso.com.br\/site\/daniel-nascimento-abandona-maratona-de-ny\/\" \/>\n<meta property=\"og:site_name\" content=\"Portal Chelso Sports\" \/>\n<meta property=\"article:published_time\" content=\"2022-11-06T18:16:09+00:00\" \/>\n<meta property=\"og:image\" content=\"https:\/\/chelso.com.br\/site\/wp-content\/uploads\/2022\/11\/Daniel-Nascimento-abandona-maratona-de-NY.jpg\" \/>\n\t<meta property=\"og:image:width\" content=\"984\" \/>\n\t<meta property=\"og:image:height\" content=\"665\" \/>\n\t<meta property=\"og:image:type\" content=\"image\/jpeg\" \/>\n<meta name=\"author\" content=\"Chelso\" \/>\n<meta name=\"twitter:card\" content=\"summary_large_image\" \/>\n<meta name=\"twitter:label1\" content=\"Escrito por\" \/>\n\t<meta name=\"twitter:data1\" content=\"Chelso\" \/>\n\t<meta name=\"twitter:label2\" content=\"Est. tempo de leitura\" \/>\n\t<meta name=\"twitter:data2\" content=\"2 minutos\" \/>\n<script type=\"application\/ld+json\" class=\"yoast-schema-graph\">{\"@context\":\"https:\\\/\\\/schema.org\",\"@graph\":[{\"@type\":\"Article\",\"@id\":\"https:\\\/\\\/chelso.com.br\\\/site\\\/daniel-nascimento-abandona-maratona-de-ny\\\/#article\",\"isPartOf\":{\"@id\":\"https:\\\/\\\/chelso.com.br\\\/site\\\/daniel-nascimento-abandona-maratona-de-ny\\\/\"},\"author\":{\"name\":\"Chelso\",\"@id\":\"https:\\\/\\\/chelso.com.br\\\/site\\\/#\\\/schema\\\/person\\\/06bf484f0ccbb71d4fd2128d594e1d0a\"},\"headline\":\"Daniel Nascimento abandona maratona de NY\",\"datePublished\":\"2022-11-06T18:16:09+00:00\",\"mainEntityOfPage\":{\"@id\":\"https:\\\/\\\/chelso.com.br\\\/site\\\/daniel-nascimento-abandona-maratona-de-ny\\\/\"},\"wordCount\":381,\"commentCount\":0,\"keywords\":[\"42 km\",\"corrida de rua\",\"Daniel Nascimento\",\"Maratona\",\"Maratona de Nova York\"],\"articleSection\":[\"Eventos\",\"Not\u00edcias\"],\"inLanguage\":\"pt-BR\",\"potentialAction\":[{\"@type\":\"CommentAction\",\"name\":\"Comment\",\"target\":[\"https:\\\/\\\/chelso.com.br\\\/site\\\/daniel-nascimento-abandona-maratona-de-ny\\\/#respond\"]}]},{\"@type\":\"WebPage\",\"@id\":\"https:\\\/\\\/chelso.com.br\\\/site\\\/daniel-nascimento-abandona-maratona-de-ny\\\/\",\"url\":\"https:\\\/\\\/chelso.com.br\\\/site\\\/daniel-nascimento-abandona-maratona-de-ny\\\/\",\"name\":\"Daniel Nascimento abandona maratona de NY - Portal Chelso Sports\",\"isPartOf\":{\"@id\":\"https:\\\/\\\/chelso.com.br\\\/site\\\/#website\"},\"datePublished\":\"2022-11-06T18:16:09+00:00\",\"author\":{\"@id\":\"https:\\\/\\\/chelso.com.br\\\/site\\\/#\\\/schema\\\/person\\\/06bf484f0ccbb71d4fd2128d594e1d0a\"},\"description\":\"Daniel Nascimento abandona maratona de NY de ap\u00f3s liderar mais de 30 quil\u00f4metros. T\u00edtulo ficou com os quenianos Evans Chabet e Sharon Lokedi\",\"breadcrumb\":{\"@id\":\"https:\\\/\\\/chelso.com.br\\\/site\\\/daniel-nascimento-abandona-maratona-de-ny\\\/#breadcrumb\"},\"inLanguage\":\"pt-BR\",\"potentialAction\":[{\"@type\":\"ReadAction\",\"target\":[\"https:\\\/\\\/chelso.com.br\\\/site\\\/daniel-nascimento-abandona-maratona-de-ny\\\/\"]}]},{\"@type\":\"BreadcrumbList\",\"@id\":\"https:\\\/\\\/chelso.com.br\\\/site\\\/daniel-nascimento-abandona-maratona-de-ny\\\/#breadcrumb\",\"itemListElement\":[{\"@type\":\"ListItem\",\"position\":1,\"name\":\"In\u00edcio\",\"item\":\"https:\\\/\\\/chelso.com.br\\\/site\\\/\"},{\"@type\":\"ListItem\",\"position\":2,\"name\":\"Daniel Nascimento abandona maratona de NY\"}]},{\"@type\":\"WebSite\",\"@id\":\"https:\\\/\\\/chelso.com.br\\\/site\\\/#website\",\"url\":\"https:\\\/\\\/chelso.com.br\\\/site\\\/\",\"name\":\"Portal Chelso Sports\",\"description\":\"Conte\u00fado especializado em corrida de rua e triathlon\",\"potentialAction\":[{\"@type\":\"SearchAction\",\"target\":{\"@type\":\"EntryPoint\",\"urlTemplate\":\"https:\\\/\\\/chelso.com.br\\\/site\\\/?s={search_term_string}\"},\"query-input\":{\"@type\":\"PropertyValueSpecification\",\"valueRequired\":true,\"valueName\":\"search_term_string\"}}],\"inLanguage\":\"pt-BR\"},{\"@type\":\"Person\",\"@id\":\"https:\\\/\\\/chelso.com.br\\\/site\\\/#\\\/schema\\\/person\\\/06bf484f0ccbb71d4fd2128d594e1d0a\",\"name\":\"Chelso\",\"image\":{\"@type\":\"ImageObject\",\"inLanguage\":\"pt-BR\",\"@id\":\"https:\\\/\\\/chelso.com.br\\\/site\\\/wp-content\\\/uploads\\\/2025\\\/04\\\/Perfil20192-150x149.png\",\"url\":\"https:\\\/\\\/chelso.com.br\\\/site\\\/wp-content\\\/uploads\\\/2025\\\/04\\\/Perfil20192-150x149.png\",\"contentUrl\":\"https:\\\/\\\/chelso.com.br\\\/site\\\/wp-content\\\/uploads\\\/2025\\\/04\\\/Perfil20192-150x149.png\",\"caption\":\"Chelso\"},\"sameAs\":[\"http:\\\/\\\/www.chelso.com.br\"],\"url\":\"https:\\\/\\\/chelso.com.br\\\/site\\\/author\\\/maryblog\\\/\"}]}<\/script>\n<!-- \/ Yoast SEO plugin. -->","yoast_head_json":{"title":"Daniel Nascimento abandona maratona de NY - Portal Chelso Sports","description":"Daniel Nascimento abandona maratona de NY de ap\u00f3s liderar mais de 30 quil\u00f4metros. T\u00edtulo ficou com os quenianos Evans Chabet e Sharon Lokedi","robots":{"index":"index","follow":"follow","max-snippet":"max-snippet:-1","max-image-preview":"max-image-preview:large","max-video-preview":"max-video-preview:-1"},"canonical":"https:\/\/chelso.com.br\/site\/daniel-nascimento-abandona-maratona-de-ny\/","og_locale":"pt_BR","og_type":"article","og_title":"Daniel Nascimento abandona maratona de NY - Portal Chelso Sports","og_description":"Daniel Nascimento abandona maratona de NY de ap\u00f3s liderar mais de 30 quil\u00f4metros. T\u00edtulo ficou com os quenianos Evans Chabet e Sharon Lokedi","og_url":"https:\/\/chelso.com.br\/site\/daniel-nascimento-abandona-maratona-de-ny\/","og_site_name":"Portal Chelso Sports","article_published_time":"2022-11-06T18:16:09+00:00","og_image":[{"width":984,"height":665,"url":"https:\/\/chelso.com.br\/site\/wp-content\/uploads\/2022\/11\/Daniel-Nascimento-abandona-maratona-de-NY.jpg","type":"image\/jpeg"}],"author":"Chelso","twitter_card":"summary_large_image","twitter_misc":{"Escrito por":"Chelso","Est. tempo de leitura":"2 minutos"},"schema":{"@context":"https:\/\/schema.org","@graph":[{"@type":"Article","@id":"https:\/\/chelso.com.br\/site\/daniel-nascimento-abandona-maratona-de-ny\/#article","isPartOf":{"@id":"https:\/\/chelso.com.br\/site\/daniel-nascimento-abandona-maratona-de-ny\/"},"author":{"name":"Chelso","@id":"https:\/\/chelso.com.br\/site\/#\/schema\/person\/06bf484f0ccbb71d4fd2128d594e1d0a"},"headline":"Daniel Nascimento abandona maratona de NY","datePublished":"2022-11-06T18:16:09+00:00","mainEntityOfPage":{"@id":"https:\/\/chelso.com.br\/site\/daniel-nascimento-abandona-maratona-de-ny\/"},"wordCount":381,"commentCount":0,"keywords":["42 km","corrida de rua","Daniel Nascimento","Maratona","Maratona de Nova York"],"articleSection":["Eventos","Not\u00edcias"],"inLanguage":"pt-BR","potentialAction":[{"@type":"CommentAction","name":"Comment","target":["https:\/\/chelso.com.br\/site\/daniel-nascimento-abandona-maratona-de-ny\/#respond"]}]},{"@type":"WebPage","@id":"https:\/\/chelso.com.br\/site\/daniel-nascimento-abandona-maratona-de-ny\/","url":"https:\/\/chelso.com.br\/site\/daniel-nascimento-abandona-maratona-de-ny\/","name":"Daniel Nascimento abandona maratona de NY - Portal Chelso Sports","isPartOf":{"@id":"https:\/\/chelso.com.br\/site\/#website"},"datePublished":"2022-11-06T18:16:09+00:00","author":{"@id":"https:\/\/chelso.com.br\/site\/#\/schema\/person\/06bf484f0ccbb71d4fd2128d594e1d0a"},"description":"Daniel Nascimento abandona maratona de NY de ap\u00f3s liderar mais de 30 quil\u00f4metros. T\u00edtulo ficou com os quenianos Evans Chabet e Sharon Lokedi","breadcrumb":{"@id":"https:\/\/chelso.com.br\/site\/daniel-nascimento-abandona-maratona-de-ny\/#breadcrumb"},"inLanguage":"pt-BR","potentialAction":[{"@type":"ReadAction","target":["https:\/\/chelso.com.br\/site\/daniel-nascimento-abandona-maratona-de-ny\/"]}]},{"@type":"BreadcrumbList","@id":"https:\/\/chelso.com.br\/site\/daniel-nascimento-abandona-maratona-de-ny\/#breadcrumb","itemListElement":[{"@type":"ListItem","position":1,"name":"In\u00edcio","item":"https:\/\/chelso.com.br\/site\/"},{"@type":"ListItem","position":2,"name":"Daniel Nascimento abandona maratona de NY"}]},{"@type":"WebSite","@id":"https:\/\/chelso.com.br\/site\/#website","url":"https:\/\/chelso.com.br\/site\/","name":"Portal Chelso Sports","description":"Conte\u00fado especializado em corrida de rua e triathlon","potentialAction":[{"@type":"SearchAction","target":{"@type":"EntryPoint","urlTemplate":"https:\/\/chelso.com.br\/site\/?s={search_term_string}"},"query-input":{"@type":"PropertyValueSpecification","valueRequired":true,"valueName":"search_term_string"}}],"inLanguage":"pt-BR"},{"@type":"Person","@id":"https:\/\/chelso.com.br\/site\/#\/schema\/person\/06bf484f0ccbb71d4fd2128d594e1d0a","name":"Chelso","image":{"@type":"ImageObject","inLanguage":"pt-BR","@id":"https:\/\/chelso.com.br\/site\/wp-content\/uploads\/2025\/04\/Perfil20192-150x149.png","url":"https:\/\/chelso.com.br\/site\/wp-content\/uploads\/2025\/04\/Perfil20192-150x149.png","contentUrl":"https:\/\/chelso.com.br\/site\/wp-content\/uploads\/2025\/04\/Perfil20192-150x149.png","caption":"Chelso"},"sameAs":["http:\/\/www.chelso.com.br"],"url":"https:\/\/chelso.com.br\/site\/author\/maryblog\/"}]}},"amp_enabled":true,"_links":{"self":[{"href":"https:\/\/chelso.com.br\/site\/wp-json\/wp\/v2\/posts\/15447","targetHints":{"allow":["GET"]}}],"collection":[{"href":"https:\/\/chelso.com.br\/site\/wp-json\/wp\/v2\/posts"}],"about":[{"href":"https:\/\/chelso.com.br\/site\/wp-json\/wp\/v2\/types\/post"}],"author":[{"embeddable":true,"href":"https:\/\/chelso.com.br\/site\/wp-json\/wp\/v2\/users\/21"}],"replies":[{"embeddable":true,"href":"https:\/\/chelso.com.br\/site\/wp-json\/wp\/v2\/comments?post=15447"}],"version-history":[{"count":1,"href":"https:\/\/chelso.com.br\/site\/wp-json\/wp\/v2\/posts\/15447\/revisions"}],"predecessor-version":[{"id":15449,"href":"https:\/\/chelso.com.br\/site\/wp-json\/wp\/v2\/posts\/15447\/revisions\/15449"}],"wp:attachment":[{"href":"https:\/\/chelso.com.br\/site\/wp-json\/wp\/v2\/media?parent=15447"}],"wp:term":[{"taxonomy":"category","embeddable":true,"href":"https:\/\/chelso.com.br\/site\/wp-json\/wp\/v2\/categories?post=15447"},{"taxonomy":"post_tag","embeddable":true,"href":"https:\/\/chelso.com.br\/site\/wp-json\/wp\/v2\/tags?post=15447"}],"curies":[{"name":"wp","href":"https:\/\/api.w.org\/{rel}","templated":true}]}}