{"id":15501,"date":"2022-11-19T20:03:35","date_gmt":"2022-11-19T23:03:35","guid":{"rendered":"https:\/\/chelso.com.br\/site\/?p=15501"},"modified":"2022-11-19T20:03:35","modified_gmt":"2022-11-19T23:03:35","slug":"corrida-do-alvinegro-acontece-neste-domingo","status":"publish","type":"post","link":"https:\/\/chelso.com.br\/site\/corrida-do-alvinegro-acontece-neste-domingo\/","title":{"rendered":"Corrida do Alvinegro acontece neste domingo"},"content":{"rendered":"<p>Corrida do Alvinegro acontece neste domingo! Reunindo 3.000 atletas (com inscri\u00e7\u00f5es esgotadas com bastante anteced\u00eancia), acontece neste domingo uma das corridas mais tradicionais provas de Piracicaba. Criada em homenagem ao XV de Piracicaba, a Corrida do Alvinegro come\u00e7a \u00e0s 6h, com largada no Est\u00e1dio Bar\u00e3o de Serra Negra.<\/p>\n<p><a href=\"https:\/\/chelso.com.br\/site\/provas-presenciais\/\">Saiba mais sobre o nosso calend\u00e1rio de provas presenciais.<\/a><\/p>\n<p>Voc\u00ea vai correr a prova e ficou com alguma d\u00favida? Ent\u00e3o confira o Simp\u00f3sio T\u00e9cnico.<\/p>\n<p><iframe  id=\"_ytid_52272\"  width=\"788\" height=\"443\"  data-origwidth=\"788\" data-origheight=\"443\" src=\"https:\/\/www.youtube.com\/embed\/Dt1c2kfcD0U?enablejsapi=1&#038;autoplay=0&#038;cc_load_policy=0&#038;cc_lang_pref=&#038;iv_load_policy=1&#038;loop=0&#038;rel=1&#038;fs=1&#038;playsinline=0&#038;autohide=2&#038;theme=dark&#038;color=red&#038;controls=1&#038;disablekb=0&#038;\" class=\"__youtube_prefs__  epyt-is-override  no-lazyload\" title=\"YouTube player\"  allow=\"fullscreen; accelerometer; autoplay; clipboard-write; encrypted-media; gyroscope; picture-in-picture; web-share\" referrerpolicy=\"strict-origin-when-cross-origin\" allowfullscreen data-no-lazy=\"1\" data-skipgform_ajax_framebjll=\"\"><\/iframe><\/p>\n<p>&nbsp;<\/p>\n<h2>Corrida do Alvinegro acontece neste domingo<\/h2>\n<p>Com percursos de 15 km, 10 km e 5 km, a Corrida do Alvinegro \u00e9 a \u00fanica prova com autoriza\u00e7\u00e3o para ocorrer na Avenida Independ\u00eancia, uma das principais de Piracicaba. Unindo este elemento a paix\u00e3o dos torcedores, a prova tornou-se um sucesso antes mesmo de seu in\u00edcio. As tr\u00eas mil vagas esgotaram rapidamente.<\/p>\n<p>Neste domingo, a programa\u00e7\u00e3o tem in\u00edcio \u00e0s 6h30 com a largada da prova de 15 km. Dez minutos depois largam os atletas dos 10 km e \u00e0s 6h50 saem os atletas de 5 km. Confira os mapas de percurso clicando <a href=\"https:\/\/chelso.com.br\/site\/a-corrida-do-alvinegro\/\">aqui<\/a>.<\/p>\n<blockquote class=\"instagram-media\" style=\"background: #FFF; border: 0; border-radius: 3px; box-shadow: 0 0 1px 0 rgba(0,0,0,0.5),0 1px 10px 0 rgba(0,0,0,0.15); margin: 1px; max-width: 540px; min-width: 326px; padding: 0; width: calc(100% - 2px);\" data-instgrm-captioned=\"\" data-instgrm-permalink=\"https:\/\/www.instagram.com\/p\/ClKJOqwLCAK\/?utm_source=ig_embed&amp;utm_campaign=loading\" data-instgrm-version=\"14\">\n<div style=\"padding: 16px;\">\n<p>&nbsp;<\/p>\n<div style=\"display: flex; flex-direction: row; align-items: center;\">\n<div style=\"background-color: #f4f4f4; border-radius: 50%; flex-grow: 0; height: 40px; margin-right: 14px; width: 40px;\"><\/div>\n<div style=\"display: flex; flex-direction: column; flex-grow: 1; justify-content: center;\">\n<div style=\"background-color: #f4f4f4; border-radius: 4px; flex-grow: 0; height: 14px; margin-bottom: 6px; width: 100px;\"><\/div>\n<div style=\"background-color: #f4f4f4; border-radius: 4px; flex-grow: 0; height: 14px; width: 60px;\"><\/div>\n<\/div>\n<\/div>\n<div style=\"padding: 19% 0;\"><\/div>\n<div style=\"display: block; height: 50px; margin: 0 auto 12px; width: 50px;\"><\/div>\n<div style=\"padding-top: 8px;\">\n<div style=\"color: #3897f0; font-family: Arial,sans-serif; font-size: 14px; font-style: normal; font-weight: 550; line-height: 18px;\">Ver essa foto no Instagram<\/div>\n<\/div>\n<div style=\"padding: 12.5% 0;\"><\/div>\n<div style=\"display: flex; flex-direction: row; margin-bottom: 14px; align-items: center;\">\n<div>\n<div style=\"background-color: #f4f4f4; border-radius: 50%; height: 12.5px; width: 12.5px; transform: translateX(0px) translateY(7px);\"><\/div>\n<div style=\"background-color: #f4f4f4; height: 12.5px; transform: rotate(-45deg) translateX(3px) translateY(1px); width: 12.5px; flex-grow: 0; margin-right: 14px; margin-left: 2px;\"><\/div>\n<div style=\"background-color: #f4f4f4; border-radius: 50%; height: 12.5px; width: 12.5px; transform: translateX(9px) translateY(-18px);\"><\/div>\n<\/div>\n<div style=\"margin-left: 8px;\">\n<div style=\"background-color: #f4f4f4; border-radius: 50%; flex-grow: 0; height: 20px; width: 20px;\"><\/div>\n<div style=\"width: 0; height: 0; border-top: 2px solid transparent; border-left: 6px solid #f4f4f4; border-bottom: 2px solid transparent; transform: translateX(16px) translateY(-4px) rotate(30deg);\"><\/div>\n<\/div>\n<div style=\"margin-left: auto;\">\n<div style=\"width: 0px; border-top: 8px solid #F4F4F4; border-right: 8px solid transparent; transform: translateY(16px);\"><\/div>\n<div style=\"background-color: #f4f4f4; flex-grow: 0; height: 12px; width: 16px; transform: translateY(-4px);\"><\/div>\n<div style=\"width: 0; height: 0; border-top: 8px solid #F4F4F4; border-left: 8px solid transparent; transform: translateY(-4px) translateX(8px);\"><\/div>\n<\/div>\n<\/div>\n<div style=\"display: flex; flex-direction: column; flex-grow: 1; justify-content: center; margin-bottom: 24px;\">\n<div style=\"background-color: #f4f4f4; border-radius: 4px; flex-grow: 0; height: 14px; margin-bottom: 6px; width: 224px;\"><\/div>\n<div style=\"background-color: #f4f4f4; border-radius: 4px; flex-grow: 0; height: 14px; width: 144px;\"><\/div>\n<\/div>\n<p>&nbsp;<\/p>\n<p style=\"color: #c9c8cd; font-family: Arial,sans-serif; font-size: 14px; line-height: 17px; margin-bottom: 0; margin-top: 8px; overflow: hidden; padding: 8px 0 7px; text-align: center; text-overflow: ellipsis; white-space: nowrap;\"><a style=\"color: #c9c8cd; font-family: Arial,sans-serif; font-size: 14px; font-style: normal; font-weight: normal; line-height: 17px; text-decoration: none;\" href=\"https:\/\/www.instagram.com\/p\/ClKJOqwLCAK\/?utm_source=ig_embed&amp;utm_campaign=loading\" target=\"_blank\" rel=\"noopener\">Uma publica\u00e7\u00e3o compartilhada por Chelso Sports \u2022 Corrida de Rua (@chelsosports)<\/a><\/p>\n<\/div>\n<\/blockquote>\n<p><script async src=\"\/\/www.instagram.com\/embed.js\"><\/script><\/p>\n<p>Os corredores tamb\u00e9m contar\u00e3o com uma incr\u00edvel atmosfera em torno do evento. Al\u00e9m da corrida, haver\u00e1 venda de produtos oficiais do XV de Piracicaba para os apaixonados pelo Clube.<\/p>\n<p>A Corrida do Alvinegro conta com o patroc\u00ednio do Shopping Piracicaba, Raizen, Unimed Piracicaba, Runfor, My Safe Sport, Care Club Piracicaba, Jack Links Brasil, Amigo Hortifruti, A\u00e7ai da Barra, Drogal e Catagu\u00e1 Construtora. O evento tem o apoio Cosan Brasil e Prefeitura de Piracicaba e \u00e9 uma realiza\u00e7\u00e3o da Chelso Sports em parceria com o XV de Piracicaba.<\/p>\n<p>A\u00a0<a href=\"https:\/\/chelso.com.br\/site\/\">Chelso<\/a>\u00a0tamb\u00e9m est\u00e1 no\u00a0<a href=\"https:\/\/www.youtube.com\/channel\/UC1VTjqCtASd4Tn3Z-U-SAqQ\">Youtube<\/a>. Se inscreva no nosso canal e acompanhe todas as novidades do mundo dos esportes por l\u00e1.<\/p>\n<p>Aproveite e siga a Chelso Sports no\u00a0<a href=\"https:\/\/www.instagram.com\/chelsosports\">Instagram,<\/a>\u00a0acompanhe todas as informa\u00e7\u00f5es sobre nosso calend\u00e1rio de provas e dicas de treinamentos e provas.<\/p>\n","protected":false},"excerpt":{"rendered":"<p>Corrida do Alvinegro acontece neste domingo! Reunindo 3.000 atletas (com inscri\u00e7\u00f5es esgotadas com bastante anteced\u00eancia), acontece neste domingo uma das corridas mais tradicionais provas de Piracicaba. Criada em homenagem ao XV de Piracicaba, a Corrida do Alvinegro come\u00e7a \u00e0s 6h, com largada no Est\u00e1dio Bar\u00e3o de Serra Negra. Saiba mais sobre o nosso calend\u00e1rio de<\/p>\n","protected":false},"author":21,"featured_media":0,"comment_status":"open","ping_status":"closed","sticky":false,"template":"","format":"standard","meta":{"om_disable_all_campaigns":false,"_monsterinsights_skip_tracking":false,"_monsterinsights_sitenote_active":false,"_monsterinsights_sitenote_note":"","_monsterinsights_sitenote_category":0,"footnotes":""},"categories":[56,30],"tags":[1540,1534],"class_list":{"0":"post-15501","1":"post","2":"type-post","3":"status-publish","4":"format-standard","6":"category-eventos","7":"category-noticias","8":"tag-chelso-corrida-do-alvinegro","9":"tag-xv-de-piracicaba"},"aioseo_notices":[],"yoast_head":"<!-- This site is optimized with the Yoast SEO plugin v27.5 - https:\/\/yoast.com\/product\/yoast-seo-wordpress\/ -->\n<title>Corrida do Alvinegro acontece neste domingo - Portal Chelso Sports<\/title>\n<meta name=\"description\" content=\"Corrida do Alvinegro acontece neste domingo. Prova come\u00e7a \u00e0s 6h, com largada no Est\u00e1dio Bar\u00e3o de Serra Negra.\" \/>\n<meta name=\"robots\" content=\"index, follow, max-snippet:-1, max-image-preview:large, max-video-preview:-1\" \/>\n<link rel=\"canonical\" href=\"https:\/\/chelso.com.br\/site\/corrida-do-alvinegro-acontece-neste-domingo\/\" \/>\n<meta property=\"og:locale\" content=\"pt_BR\" \/>\n<meta property=\"og:type\" content=\"article\" \/>\n<meta property=\"og:title\" content=\"Corrida do Alvinegro acontece neste domingo - Portal Chelso Sports\" \/>\n<meta property=\"og:description\" content=\"Corrida do Alvinegro acontece neste domingo. Prova come\u00e7a \u00e0s 6h, com largada no Est\u00e1dio Bar\u00e3o de Serra Negra.\" \/>\n<meta property=\"og:url\" content=\"https:\/\/chelso.com.br\/site\/corrida-do-alvinegro-acontece-neste-domingo\/\" \/>\n<meta property=\"og:site_name\" content=\"Portal Chelso Sports\" \/>\n<meta property=\"article:published_time\" content=\"2022-11-19T23:03:35+00:00\" \/>\n<meta property=\"og:image\" content=\"https:\/\/chelso.com.br\/site\/wp-content\/uploads\/2022\/08\/Kit-Premium-Fundo-Transparente.png\" \/>\n\t<meta property=\"og:image:width\" content=\"1080\" \/>\n\t<meta property=\"og:image:height\" content=\"1080\" \/>\n\t<meta property=\"og:image:type\" content=\"image\/png\" \/>\n<meta name=\"author\" content=\"Chelso\" \/>\n<meta name=\"twitter:card\" content=\"summary_large_image\" \/>\n<meta name=\"twitter:label1\" content=\"Escrito por\" \/>\n\t<meta name=\"twitter:data1\" content=\"Chelso\" \/>\n\t<meta name=\"twitter:label2\" content=\"Est. tempo de leitura\" \/>\n\t<meta name=\"twitter:data2\" content=\"2 minutos\" \/>\n<script type=\"application\/ld+json\" class=\"yoast-schema-graph\">{\"@context\":\"https:\\\/\\\/schema.org\",\"@graph\":[{\"@type\":\"Article\",\"@id\":\"https:\\\/\\\/chelso.com.br\\\/site\\\/corrida-do-alvinegro-acontece-neste-domingo\\\/#article\",\"isPartOf\":{\"@id\":\"https:\\\/\\\/chelso.com.br\\\/site\\\/corrida-do-alvinegro-acontece-neste-domingo\\\/\"},\"author\":{\"name\":\"Chelso\",\"@id\":\"https:\\\/\\\/chelso.com.br\\\/site\\\/#\\\/schema\\\/person\\\/06bf484f0ccbb71d4fd2128d594e1d0a\"},\"headline\":\"Corrida do Alvinegro acontece neste domingo\",\"datePublished\":\"2022-11-19T23:03:35+00:00\",\"mainEntityOfPage\":{\"@id\":\"https:\\\/\\\/chelso.com.br\\\/site\\\/corrida-do-alvinegro-acontece-neste-domingo\\\/\"},\"wordCount\":357,\"commentCount\":0,\"keywords\":[\"Chelso. Corrida do Alvinegro\",\"XV de Piracicaba\"],\"articleSection\":[\"Eventos\",\"Not\u00edcias\"],\"inLanguage\":\"pt-BR\",\"potentialAction\":[{\"@type\":\"CommentAction\",\"name\":\"Comment\",\"target\":[\"https:\\\/\\\/chelso.com.br\\\/site\\\/corrida-do-alvinegro-acontece-neste-domingo\\\/#respond\"]}]},{\"@type\":\"WebPage\",\"@id\":\"https:\\\/\\\/chelso.com.br\\\/site\\\/corrida-do-alvinegro-acontece-neste-domingo\\\/\",\"url\":\"https:\\\/\\\/chelso.com.br\\\/site\\\/corrida-do-alvinegro-acontece-neste-domingo\\\/\",\"name\":\"Corrida do Alvinegro acontece neste domingo - Portal Chelso Sports\",\"isPartOf\":{\"@id\":\"https:\\\/\\\/chelso.com.br\\\/site\\\/#website\"},\"datePublished\":\"2022-11-19T23:03:35+00:00\",\"author\":{\"@id\":\"https:\\\/\\\/chelso.com.br\\\/site\\\/#\\\/schema\\\/person\\\/06bf484f0ccbb71d4fd2128d594e1d0a\"},\"description\":\"Corrida do Alvinegro acontece neste domingo. Prova come\u00e7a \u00e0s 6h, com largada no Est\u00e1dio Bar\u00e3o de Serra Negra.\",\"breadcrumb\":{\"@id\":\"https:\\\/\\\/chelso.com.br\\\/site\\\/corrida-do-alvinegro-acontece-neste-domingo\\\/#breadcrumb\"},\"inLanguage\":\"pt-BR\",\"potentialAction\":[{\"@type\":\"ReadAction\",\"target\":[\"https:\\\/\\\/chelso.com.br\\\/site\\\/corrida-do-alvinegro-acontece-neste-domingo\\\/\"]}]},{\"@type\":\"BreadcrumbList\",\"@id\":\"https:\\\/\\\/chelso.com.br\\\/site\\\/corrida-do-alvinegro-acontece-neste-domingo\\\/#breadcrumb\",\"itemListElement\":[{\"@type\":\"ListItem\",\"position\":1,\"name\":\"In\u00edcio\",\"item\":\"https:\\\/\\\/chelso.com.br\\\/site\\\/\"},{\"@type\":\"ListItem\",\"position\":2,\"name\":\"Corrida do Alvinegro acontece neste domingo\"}]},{\"@type\":\"WebSite\",\"@id\":\"https:\\\/\\\/chelso.com.br\\\/site\\\/#website\",\"url\":\"https:\\\/\\\/chelso.com.br\\\/site\\\/\",\"name\":\"Portal Chelso Sports\",\"description\":\"Conte\u00fado especializado em corrida de rua e triathlon\",\"potentialAction\":[{\"@type\":\"SearchAction\",\"target\":{\"@type\":\"EntryPoint\",\"urlTemplate\":\"https:\\\/\\\/chelso.com.br\\\/site\\\/?s={search_term_string}\"},\"query-input\":{\"@type\":\"PropertyValueSpecification\",\"valueRequired\":true,\"valueName\":\"search_term_string\"}}],\"inLanguage\":\"pt-BR\"},{\"@type\":\"Person\",\"@id\":\"https:\\\/\\\/chelso.com.br\\\/site\\\/#\\\/schema\\\/person\\\/06bf484f0ccbb71d4fd2128d594e1d0a\",\"name\":\"Chelso\",\"image\":{\"@type\":\"ImageObject\",\"inLanguage\":\"pt-BR\",\"@id\":\"https:\\\/\\\/chelso.com.br\\\/site\\\/wp-content\\\/uploads\\\/2025\\\/04\\\/Perfil20192-150x149.png\",\"url\":\"https:\\\/\\\/chelso.com.br\\\/site\\\/wp-content\\\/uploads\\\/2025\\\/04\\\/Perfil20192-150x149.png\",\"contentUrl\":\"https:\\\/\\\/chelso.com.br\\\/site\\\/wp-content\\\/uploads\\\/2025\\\/04\\\/Perfil20192-150x149.png\",\"caption\":\"Chelso\"},\"sameAs\":[\"http:\\\/\\\/www.chelso.com.br\"],\"url\":\"https:\\\/\\\/chelso.com.br\\\/site\\\/author\\\/maryblog\\\/\"}]}<\/script>\n<!-- \/ Yoast SEO plugin. -->","yoast_head_json":{"title":"Corrida do Alvinegro acontece neste domingo - Portal Chelso Sports","description":"Corrida do Alvinegro acontece neste domingo. Prova come\u00e7a \u00e0s 6h, com largada no Est\u00e1dio Bar\u00e3o de Serra Negra.","robots":{"index":"index","follow":"follow","max-snippet":"max-snippet:-1","max-image-preview":"max-image-preview:large","max-video-preview":"max-video-preview:-1"},"canonical":"https:\/\/chelso.com.br\/site\/corrida-do-alvinegro-acontece-neste-domingo\/","og_locale":"pt_BR","og_type":"article","og_title":"Corrida do Alvinegro acontece neste domingo - Portal Chelso Sports","og_description":"Corrida do Alvinegro acontece neste domingo. Prova come\u00e7a \u00e0s 6h, com largada no Est\u00e1dio Bar\u00e3o de Serra Negra.","og_url":"https:\/\/chelso.com.br\/site\/corrida-do-alvinegro-acontece-neste-domingo\/","og_site_name":"Portal Chelso Sports","article_published_time":"2022-11-19T23:03:35+00:00","og_image":[{"width":1080,"height":1080,"url":"https:\/\/chelso.com.br\/site\/wp-content\/uploads\/2022\/08\/Kit-Premium-Fundo-Transparente.png","type":"image\/png"}],"author":"Chelso","twitter_card":"summary_large_image","twitter_misc":{"Escrito por":"Chelso","Est. tempo de leitura":"2 minutos"},"schema":{"@context":"https:\/\/schema.org","@graph":[{"@type":"Article","@id":"https:\/\/chelso.com.br\/site\/corrida-do-alvinegro-acontece-neste-domingo\/#article","isPartOf":{"@id":"https:\/\/chelso.com.br\/site\/corrida-do-alvinegro-acontece-neste-domingo\/"},"author":{"name":"Chelso","@id":"https:\/\/chelso.com.br\/site\/#\/schema\/person\/06bf484f0ccbb71d4fd2128d594e1d0a"},"headline":"Corrida do Alvinegro acontece neste domingo","datePublished":"2022-11-19T23:03:35+00:00","mainEntityOfPage":{"@id":"https:\/\/chelso.com.br\/site\/corrida-do-alvinegro-acontece-neste-domingo\/"},"wordCount":357,"commentCount":0,"keywords":["Chelso. Corrida do Alvinegro","XV de Piracicaba"],"articleSection":["Eventos","Not\u00edcias"],"inLanguage":"pt-BR","potentialAction":[{"@type":"CommentAction","name":"Comment","target":["https:\/\/chelso.com.br\/site\/corrida-do-alvinegro-acontece-neste-domingo\/#respond"]}]},{"@type":"WebPage","@id":"https:\/\/chelso.com.br\/site\/corrida-do-alvinegro-acontece-neste-domingo\/","url":"https:\/\/chelso.com.br\/site\/corrida-do-alvinegro-acontece-neste-domingo\/","name":"Corrida do Alvinegro acontece neste domingo - Portal Chelso Sports","isPartOf":{"@id":"https:\/\/chelso.com.br\/site\/#website"},"datePublished":"2022-11-19T23:03:35+00:00","author":{"@id":"https:\/\/chelso.com.br\/site\/#\/schema\/person\/06bf484f0ccbb71d4fd2128d594e1d0a"},"description":"Corrida do Alvinegro acontece neste domingo. Prova come\u00e7a \u00e0s 6h, com largada no Est\u00e1dio Bar\u00e3o de Serra Negra.","breadcrumb":{"@id":"https:\/\/chelso.com.br\/site\/corrida-do-alvinegro-acontece-neste-domingo\/#breadcrumb"},"inLanguage":"pt-BR","potentialAction":[{"@type":"ReadAction","target":["https:\/\/chelso.com.br\/site\/corrida-do-alvinegro-acontece-neste-domingo\/"]}]},{"@type":"BreadcrumbList","@id":"https:\/\/chelso.com.br\/site\/corrida-do-alvinegro-acontece-neste-domingo\/#breadcrumb","itemListElement":[{"@type":"ListItem","position":1,"name":"In\u00edcio","item":"https:\/\/chelso.com.br\/site\/"},{"@type":"ListItem","position":2,"name":"Corrida do Alvinegro acontece neste domingo"}]},{"@type":"WebSite","@id":"https:\/\/chelso.com.br\/site\/#website","url":"https:\/\/chelso.com.br\/site\/","name":"Portal Chelso Sports","description":"Conte\u00fado especializado em corrida de rua e triathlon","potentialAction":[{"@type":"SearchAction","target":{"@type":"EntryPoint","urlTemplate":"https:\/\/chelso.com.br\/site\/?s={search_term_string}"},"query-input":{"@type":"PropertyValueSpecification","valueRequired":true,"valueName":"search_term_string"}}],"inLanguage":"pt-BR"},{"@type":"Person","@id":"https:\/\/chelso.com.br\/site\/#\/schema\/person\/06bf484f0ccbb71d4fd2128d594e1d0a","name":"Chelso","image":{"@type":"ImageObject","inLanguage":"pt-BR","@id":"https:\/\/chelso.com.br\/site\/wp-content\/uploads\/2025\/04\/Perfil20192-150x149.png","url":"https:\/\/chelso.com.br\/site\/wp-content\/uploads\/2025\/04\/Perfil20192-150x149.png","contentUrl":"https:\/\/chelso.com.br\/site\/wp-content\/uploads\/2025\/04\/Perfil20192-150x149.png","caption":"Chelso"},"sameAs":["http:\/\/www.chelso.com.br"],"url":"https:\/\/chelso.com.br\/site\/author\/maryblog\/"}]}},"amp_enabled":true,"_links":{"self":[{"href":"https:\/\/chelso.com.br\/site\/wp-json\/wp\/v2\/posts\/15501","targetHints":{"allow":["GET"]}}],"collection":[{"href":"https:\/\/chelso.com.br\/site\/wp-json\/wp\/v2\/posts"}],"about":[{"href":"https:\/\/chelso.com.br\/site\/wp-json\/wp\/v2\/types\/post"}],"author":[{"embeddable":true,"href":"https:\/\/chelso.com.br\/site\/wp-json\/wp\/v2\/users\/21"}],"replies":[{"embeddable":true,"href":"https:\/\/chelso.com.br\/site\/wp-json\/wp\/v2\/comments?post=15501"}],"version-history":[{"count":1,"href":"https:\/\/chelso.com.br\/site\/wp-json\/wp\/v2\/posts\/15501\/revisions"}],"predecessor-version":[{"id":15502,"href":"https:\/\/chelso.com.br\/site\/wp-json\/wp\/v2\/posts\/15501\/revisions\/15502"}],"wp:attachment":[{"href":"https:\/\/chelso.com.br\/site\/wp-json\/wp\/v2\/media?parent=15501"}],"wp:term":[{"taxonomy":"category","embeddable":true,"href":"https:\/\/chelso.com.br\/site\/wp-json\/wp\/v2\/categories?post=15501"},{"taxonomy":"post_tag","embeddable":true,"href":"https:\/\/chelso.com.br\/site\/wp-json\/wp\/v2\/tags?post=15501"}],"curies":[{"name":"wp","href":"https:\/\/api.w.org\/{rel}","templated":true}]}}