{"id":15505,"date":"2022-11-21T19:58:06","date_gmt":"2022-11-21T22:58:06","guid":{"rendered":"https:\/\/chelso.com.br\/site\/?p=15505"},"modified":"2022-11-22T12:40:24","modified_gmt":"2022-11-22T15:40:24","slug":"o-que-e-melhor-para-emagrecer","status":"publish","type":"post","link":"https:\/\/chelso.com.br\/site\/o-que-e-melhor-para-emagrecer\/","title":{"rendered":"O que \u00e9 melhor para emagrecer?"},"content":{"rendered":"<p>O que \u00e9 melhor para emagrecer? Fazer treino de for\u00e7a ou apenas aer\u00f3bio? Nesta segunda-feira, o colunista Wilder Moreira de Moraes faz sua estreia aqui no Blog da Chelso abordando um tema bastante pertinente e que gera d\u00favida em v\u00e1rios atletas. Aproveite a leitura!<\/p>\n<p><a href=\"https:\/\/chelso.com.br\/site\/provas-presenciais\/\">Saiba mais sobre o nosso calend\u00e1rio de provas presenciais.<\/a><\/p>\n<h2>O que \u00e9 melhor para emagrecer?<\/h2>\n<p>Hoje vamos conversar um pouco mais como o treino de pot\u00eancia e o treinamento de for\u00e7a podem ajudar a melhorar seu tempo e seu rendimento nas corridas. Primeiramente vamos explicar o que \u00e9 cada um desses treinos.<\/p>\n<p>O treinamento de for\u00e7a s\u00e3o exerc\u00edcios que ajudam seus m\u00fasculos a ficarem mais fortes. Com isso ele traz in\u00fameros benef\u00edcios para nosso corpo, como constru\u00e7\u00e3o muscular, redu\u00e7\u00e3o de risco de les\u00f5es, melhora na postura do dia a dia, al\u00e9m de aumentar a resist\u00eancia nas suas atividades, entre outros benef\u00edcios.<\/p>\n<p>O treino de pot\u00eancia \u00e9 um treinamento que trabalha a acelera\u00e7\u00e3o, realiza movimentos de diversas dificuldades o mais r\u00e1pido poss\u00edvel para assim aumentar sua pot\u00eancia. \u00c9 um \u00f3timo treino para pessoas que buscam alta performance, at\u00e9 para quem quer conseguir completar uma prova.<\/p>\n<p>Agora que j\u00e1 voc\u00eas j\u00e1 sabem o que s\u00e3o esses treinos, vamos falar de como eles poder\u00e3o te ajudar a correr melhor. O treino de for\u00e7a \u00e9 indispens\u00e1vel para corredores, pois ajudar\u00e1 a fortalecer os seus m\u00fasculos. M\u00fasculos mais fortes ser\u00e3o mais resistentes, tendo uma enorme contribui\u00e7\u00e3o na preven\u00e7\u00e3o de les\u00f5es articulares e musculares.<\/p>\n<blockquote class=\"instagram-media\" style=\"background: #FFF; border: 0; border-radius: 3px; box-shadow: 0 0 1px 0 rgba(0,0,0,0.5),0 1px 10px 0 rgba(0,0,0,0.15); margin: 1px; max-width: 540px; min-width: 326px; padding: 0; width: calc(100% - 2px);\" data-instgrm-captioned=\"\" data-instgrm-permalink=\"https:\/\/www.instagram.com\/reel\/CiU1-wbjanY\/?utm_source=ig_embed&amp;utm_campaign=loading\" data-instgrm-version=\"14\">\n<div style=\"padding: 16px;\">\n<p>&nbsp;<\/p>\n<div style=\"display: flex; flex-direction: row; align-items: center;\">\n<div style=\"background-color: #f4f4f4; border-radius: 50%; flex-grow: 0; height: 40px; margin-right: 14px; width: 40px;\"><\/div>\n<div style=\"display: flex; flex-direction: column; flex-grow: 1; justify-content: center;\">\n<div style=\"background-color: #f4f4f4; border-radius: 4px; flex-grow: 0; height: 14px; margin-bottom: 6px; width: 100px;\"><\/div>\n<div style=\"background-color: #f4f4f4; border-radius: 4px; flex-grow: 0; height: 14px; width: 60px;\"><\/div>\n<\/div>\n<\/div>\n<div style=\"padding: 19% 0;\"><\/div>\n<div style=\"display: block; height: 50px; margin: 0 auto 12px; width: 50px;\"><\/div>\n<div style=\"padding-top: 8px;\">\n<div style=\"color: #3897f0; font-family: Arial,sans-serif; font-size: 14px; font-style: normal; font-weight: 550; line-height: 18px;\">Ver essa foto no Instagram<\/div>\n<\/div>\n<div style=\"padding: 12.5% 0;\"><\/div>\n<div style=\"display: flex; flex-direction: row; margin-bottom: 14px; align-items: center;\">\n<div>\n<div style=\"background-color: #f4f4f4; border-radius: 50%; height: 12.5px; width: 12.5px; transform: translateX(0px) translateY(7px);\"><\/div>\n<div style=\"background-color: #f4f4f4; height: 12.5px; transform: rotate(-45deg) translateX(3px) translateY(1px); width: 12.5px; flex-grow: 0; margin-right: 14px; margin-left: 2px;\"><\/div>\n<div style=\"background-color: #f4f4f4; border-radius: 50%; height: 12.5px; width: 12.5px; transform: translateX(9px) translateY(-18px);\"><\/div>\n<\/div>\n<div style=\"margin-left: 8px;\">\n<div style=\"background-color: #f4f4f4; border-radius: 50%; flex-grow: 0; height: 20px; width: 20px;\"><\/div>\n<div style=\"width: 0; height: 0; border-top: 2px solid transparent; border-left: 6px solid #f4f4f4; border-bottom: 2px solid transparent; transform: translateX(16px) translateY(-4px) rotate(30deg);\"><\/div>\n<\/div>\n<div style=\"margin-left: auto;\">\n<div style=\"width: 0px; border-top: 8px solid #F4F4F4; border-right: 8px solid transparent; transform: translateY(16px);\"><\/div>\n<div style=\"background-color: #f4f4f4; flex-grow: 0; height: 12px; width: 16px; transform: translateY(-4px);\"><\/div>\n<div style=\"width: 0; height: 0; border-top: 8px solid #F4F4F4; border-left: 8px solid transparent; transform: translateY(-4px) translateX(8px);\"><\/div>\n<\/div>\n<\/div>\n<div style=\"display: flex; flex-direction: column; flex-grow: 1; justify-content: center; margin-bottom: 24px;\">\n<div style=\"background-color: #f4f4f4; border-radius: 4px; flex-grow: 0; height: 14px; margin-bottom: 6px; width: 224px;\"><\/div>\n<div style=\"background-color: #f4f4f4; border-radius: 4px; flex-grow: 0; height: 14px; width: 144px;\"><\/div>\n<\/div>\n<p>&nbsp;<\/p>\n<p style=\"color: #c9c8cd; font-family: Arial,sans-serif; font-size: 14px; line-height: 17px; margin-bottom: 0; margin-top: 8px; overflow: hidden; padding: 8px 0 7px; text-align: center; text-overflow: ellipsis; white-space: nowrap;\"><a style=\"color: #c9c8cd; font-family: Arial,sans-serif; font-size: 14px; font-style: normal; font-weight: normal; line-height: 17px; text-decoration: none;\" href=\"https:\/\/www.instagram.com\/reel\/CiU1-wbjanY\/?utm_source=ig_embed&amp;utm_campaign=loading\" target=\"_blank\" rel=\"noopener\">Uma publica\u00e7\u00e3o compartilhada por Care Club Piracicaba (@care.club.pira)<\/a><\/p>\n<\/div>\n<\/blockquote>\n<p><script async src=\"\/\/www.instagram.com\/embed.js\"><\/script><\/p>\n<p>Quando ficamos cansados, nosso corpo tende a tentar recompensar esse cansa\u00e7o, aumentando o estresse mec\u00e2nico. \u00c9 muito comum quando ficamos cansados as passadas ficarem mais curtas, demoramos mais para sair do lugar,<\/p>\n<p>O treino de pot\u00eancia ir\u00e1 te ajudar na sua fadiga durante a corrida. Ajudar\u00e1 para que suas passadas fiquem mais longas por mais tempo, melhora o recrutamento das fibras musculares durante a corrida ajudando no aumento da velocidade e na impuls\u00e3o do seu corpo durante a prova.<\/p>\n<p>Por \u00faltimo, e n\u00e3o menos importante, fa\u00e7a os treinos de for\u00e7a e de pot\u00eancia com acompanhamento de um profissional qualificado, pois esses treinos trazem muitos benef\u00edcios, por\u00e9m se forem feitos da maneira errada e mal planejada, podem ser prejudiciais para seu rendimento e at\u00e9 mesmo causar les\u00f5es.<\/p>\n<p><iframe  id=\"_ytid_32717\"  width=\"788\" height=\"443\"  data-origwidth=\"788\" data-origheight=\"443\" src=\"https:\/\/www.youtube.com\/embed\/9doZo8SXpMI?enablejsapi=1&#038;autoplay=0&#038;cc_load_policy=0&#038;cc_lang_pref=&#038;iv_load_policy=1&#038;loop=0&#038;rel=1&#038;fs=1&#038;playsinline=0&#038;autohide=2&#038;theme=dark&#038;color=red&#038;controls=1&#038;disablekb=0&#038;\" class=\"__youtube_prefs__  epyt-is-override  no-lazyload\" title=\"YouTube player\"  allow=\"fullscreen; accelerometer; autoplay; clipboard-write; encrypted-media; gyroscope; picture-in-picture; web-share\" referrerpolicy=\"strict-origin-when-cross-origin\" allowfullscreen data-no-lazy=\"1\" data-skipgform_ajax_framebjll=\"\"><\/iframe><\/p>\n<p>A\u00a0<a href=\"https:\/\/chelso.com.br\/site\/\">Chelso<\/a>\u00a0tamb\u00e9m est\u00e1 no\u00a0<a href=\"https:\/\/www.youtube.com\/channel\/UC1VTjqCtASd4Tn3Z-U-SAqQ\">Youtube<\/a>. Se inscreva no nosso canal e acompanhe todas as novidades do mundo dos esportes por l\u00e1.<\/p>\n<p>Aproveite e siga a Chelso Sports no\u00a0<a href=\"https:\/\/www.instagram.com\/chelsosports\">Instagram,<\/a>\u00a0acompanhe todas as informa\u00e7\u00f5es sobre nosso calend\u00e1rio de provas e dicas de treinamentos e provas.<\/p>\n","protected":false},"excerpt":{"rendered":"<p>O que \u00e9 melhor para emagrecer? Fazer treino de for\u00e7a ou apenas aer\u00f3bio? Nesta segunda-feira, o colunista Wilder Moreira de Moraes faz sua estreia aqui no Blog da Chelso abordando um tema bastante pertinente e que gera d\u00favida em v\u00e1rios atletas. Aproveite a leitura! Saiba mais sobre o nosso calend\u00e1rio de provas presenciais. O que<\/p>\n","protected":false},"author":34,"featured_media":0,"comment_status":"open","ping_status":"closed","sticky":false,"template":"","format":"standard","meta":{"om_disable_all_campaigns":false,"_monsterinsights_skip_tracking":false,"_monsterinsights_sitenote_active":false,"_monsterinsights_sitenote_note":"","_monsterinsights_sitenote_category":0,"footnotes":""},"categories":[89,28,31],"tags":[735,41,71,63],"class_list":{"0":"post-15505","1":"post","2":"type-post","3":"status-publish","4":"format-standard","6":"category-dicas","7":"category-saude","8":"category-treinos","9":"tag-chelso","10":"tag-chelso-sports","11":"tag-emagrecimento","12":"tag-fortalecimento"},"aioseo_notices":[],"yoast_head":"<!-- This site is optimized with the Yoast SEO plugin v27.5 - https:\/\/yoast.com\/product\/yoast-seo-wordpress\/ -->\n<title>O que \u00e9 melhor para emagrecer? - Portal Chelso Sports<\/title>\n<meta name=\"description\" content=\"O que \u00e9 melhor para emagrecer? Fazer treino de for\u00e7a ou apenas aer\u00f3bio? Confira o texto do colunista Wilder Moreira de Moraes.\" \/>\n<meta name=\"robots\" content=\"index, follow, max-snippet:-1, max-image-preview:large, max-video-preview:-1\" \/>\n<link rel=\"canonical\" href=\"https:\/\/chelso.com.br\/site\/o-que-e-melhor-para-emagrecer\/\" \/>\n<meta property=\"og:locale\" content=\"pt_BR\" \/>\n<meta property=\"og:type\" content=\"article\" \/>\n<meta property=\"og:title\" content=\"O que \u00e9 melhor para emagrecer? - Portal Chelso Sports\" \/>\n<meta property=\"og:description\" content=\"O que \u00e9 melhor para emagrecer? Fazer treino de for\u00e7a ou apenas aer\u00f3bio? Confira o texto do colunista Wilder Moreira de Moraes.\" \/>\n<meta property=\"og:url\" content=\"https:\/\/chelso.com.br\/site\/o-que-e-melhor-para-emagrecer\/\" \/>\n<meta property=\"og:site_name\" content=\"Portal Chelso Sports\" \/>\n<meta property=\"article:published_time\" content=\"2022-11-21T22:58:06+00:00\" \/>\n<meta property=\"article:modified_time\" content=\"2022-11-22T15:40:24+00:00\" \/>\n<meta property=\"og:image\" content=\"https:\/\/chelso.com.br\/site\/wp-content\/uploads\/2022\/11\/O-que-e-melhor-para-emagrecer.jpg\" \/>\n\t<meta property=\"og:image:width\" content=\"1800\" \/>\n\t<meta property=\"og:image:height\" content=\"1020\" \/>\n\t<meta property=\"og:image:type\" content=\"image\/jpeg\" \/>\n<meta name=\"author\" content=\"Wilder Moreira de Moraes\" \/>\n<meta name=\"twitter:card\" content=\"summary_large_image\" \/>\n<meta name=\"twitter:label1\" content=\"Escrito por\" \/>\n\t<meta name=\"twitter:data1\" content=\"Wilder Moreira de Moraes\" \/>\n\t<meta name=\"twitter:label2\" content=\"Est. tempo de leitura\" \/>\n\t<meta name=\"twitter:data2\" content=\"3 minutos\" \/>\n<script type=\"application\/ld+json\" class=\"yoast-schema-graph\">{\"@context\":\"https:\\\/\\\/schema.org\",\"@graph\":[{\"@type\":\"Article\",\"@id\":\"https:\\\/\\\/chelso.com.br\\\/site\\\/o-que-e-melhor-para-emagrecer\\\/#article\",\"isPartOf\":{\"@id\":\"https:\\\/\\\/chelso.com.br\\\/site\\\/o-que-e-melhor-para-emagrecer\\\/\"},\"author\":{\"name\":\"Wilder Moreira de Moraes\",\"@id\":\"https:\\\/\\\/chelso.com.br\\\/site\\\/#\\\/schema\\\/person\\\/27571dbadd4016e4c2cf3636b75471f2\"},\"headline\":\"O que \u00e9 melhor para emagrecer?\",\"datePublished\":\"2022-11-21T22:58:06+00:00\",\"dateModified\":\"2022-11-22T15:40:24+00:00\",\"mainEntityOfPage\":{\"@id\":\"https:\\\/\\\/chelso.com.br\\\/site\\\/o-que-e-melhor-para-emagrecer\\\/\"},\"wordCount\":488,\"commentCount\":0,\"keywords\":[\"Chelso\",\"chelso sports\",\"emagrecimento\",\"Fortalecimento\"],\"articleSection\":[\"Dicas\",\"Sa\u00fade e Bem Estar\",\"Treinos\"],\"inLanguage\":\"pt-BR\",\"potentialAction\":[{\"@type\":\"CommentAction\",\"name\":\"Comment\",\"target\":[\"https:\\\/\\\/chelso.com.br\\\/site\\\/o-que-e-melhor-para-emagrecer\\\/#respond\"]}]},{\"@type\":\"WebPage\",\"@id\":\"https:\\\/\\\/chelso.com.br\\\/site\\\/o-que-e-melhor-para-emagrecer\\\/\",\"url\":\"https:\\\/\\\/chelso.com.br\\\/site\\\/o-que-e-melhor-para-emagrecer\\\/\",\"name\":\"O que \u00e9 melhor para emagrecer? - Portal Chelso Sports\",\"isPartOf\":{\"@id\":\"https:\\\/\\\/chelso.com.br\\\/site\\\/#website\"},\"datePublished\":\"2022-11-21T22:58:06+00:00\",\"dateModified\":\"2022-11-22T15:40:24+00:00\",\"author\":{\"@id\":\"https:\\\/\\\/chelso.com.br\\\/site\\\/#\\\/schema\\\/person\\\/27571dbadd4016e4c2cf3636b75471f2\"},\"description\":\"O que \u00e9 melhor para emagrecer? Fazer treino de for\u00e7a ou apenas aer\u00f3bio? Confira o texto do colunista Wilder Moreira de Moraes.\",\"breadcrumb\":{\"@id\":\"https:\\\/\\\/chelso.com.br\\\/site\\\/o-que-e-melhor-para-emagrecer\\\/#breadcrumb\"},\"inLanguage\":\"pt-BR\",\"potentialAction\":[{\"@type\":\"ReadAction\",\"target\":[\"https:\\\/\\\/chelso.com.br\\\/site\\\/o-que-e-melhor-para-emagrecer\\\/\"]}]},{\"@type\":\"BreadcrumbList\",\"@id\":\"https:\\\/\\\/chelso.com.br\\\/site\\\/o-que-e-melhor-para-emagrecer\\\/#breadcrumb\",\"itemListElement\":[{\"@type\":\"ListItem\",\"position\":1,\"name\":\"In\u00edcio\",\"item\":\"https:\\\/\\\/chelso.com.br\\\/site\\\/\"},{\"@type\":\"ListItem\",\"position\":2,\"name\":\"O que \u00e9 melhor para emagrecer?\"}]},{\"@type\":\"WebSite\",\"@id\":\"https:\\\/\\\/chelso.com.br\\\/site\\\/#website\",\"url\":\"https:\\\/\\\/chelso.com.br\\\/site\\\/\",\"name\":\"Portal Chelso Sports\",\"description\":\"Conte\u00fado especializado em corrida de rua e triathlon\",\"potentialAction\":[{\"@type\":\"SearchAction\",\"target\":{\"@type\":\"EntryPoint\",\"urlTemplate\":\"https:\\\/\\\/chelso.com.br\\\/site\\\/?s={search_term_string}\"},\"query-input\":{\"@type\":\"PropertyValueSpecification\",\"valueRequired\":true,\"valueName\":\"search_term_string\"}}],\"inLanguage\":\"pt-BR\"},{\"@type\":\"Person\",\"@id\":\"https:\\\/\\\/chelso.com.br\\\/site\\\/#\\\/schema\\\/person\\\/27571dbadd4016e4c2cf3636b75471f2\",\"name\":\"Wilder Moreira de Moraes\",\"image\":{\"@type\":\"ImageObject\",\"inLanguage\":\"pt-BR\",\"@id\":\"https:\\\/\\\/secure.gravatar.com\\\/avatar\\\/28bf15ebd4904249399d9dd378bd93514a235e9626b27f4c5c27e28a5fd1507c?s=96&d=mm&r=g\",\"url\":\"https:\\\/\\\/secure.gravatar.com\\\/avatar\\\/28bf15ebd4904249399d9dd378bd93514a235e9626b27f4c5c27e28a5fd1507c?s=96&d=mm&r=g\",\"contentUrl\":\"https:\\\/\\\/secure.gravatar.com\\\/avatar\\\/28bf15ebd4904249399d9dd378bd93514a235e9626b27f4c5c27e28a5fd1507c?s=96&d=mm&r=g\",\"caption\":\"Wilder Moreira de Moraes\"},\"description\":\"Sou Wilder Moreira de Moraes, sou formado em Educa\u00e7\u00e3o F\u00edsica-Bacharelado, pela Universidade Metodista de Piracicaba, trabalhei muito tempo com PCD, at\u00e9 chegar como treinador de nata\u00e7\u00e3o e Atletismo da equipe PCD de Piracicaba, atualmente trabalho como treinador de sala da Care Club Piracicaba e como Personal Trainer\",\"url\":\"https:\\\/\\\/chelso.com.br\\\/site\\\/author\\\/wilder-moreira-de-moraes\\\/\"}]}<\/script>\n<!-- \/ Yoast SEO plugin. -->","yoast_head_json":{"title":"O que \u00e9 melhor para emagrecer? - Portal Chelso Sports","description":"O que \u00e9 melhor para emagrecer? Fazer treino de for\u00e7a ou apenas aer\u00f3bio? Confira o texto do colunista Wilder Moreira de Moraes.","robots":{"index":"index","follow":"follow","max-snippet":"max-snippet:-1","max-image-preview":"max-image-preview:large","max-video-preview":"max-video-preview:-1"},"canonical":"https:\/\/chelso.com.br\/site\/o-que-e-melhor-para-emagrecer\/","og_locale":"pt_BR","og_type":"article","og_title":"O que \u00e9 melhor para emagrecer? - Portal Chelso Sports","og_description":"O que \u00e9 melhor para emagrecer? Fazer treino de for\u00e7a ou apenas aer\u00f3bio? Confira o texto do colunista Wilder Moreira de Moraes.","og_url":"https:\/\/chelso.com.br\/site\/o-que-e-melhor-para-emagrecer\/","og_site_name":"Portal Chelso Sports","article_published_time":"2022-11-21T22:58:06+00:00","article_modified_time":"2022-11-22T15:40:24+00:00","og_image":[{"width":1800,"height":1020,"url":"https:\/\/chelso.com.br\/site\/wp-content\/uploads\/2022\/11\/O-que-e-melhor-para-emagrecer.jpg","type":"image\/jpeg"}],"author":"Wilder Moreira de Moraes","twitter_card":"summary_large_image","twitter_misc":{"Escrito por":"Wilder Moreira de Moraes","Est. tempo de leitura":"3 minutos"},"schema":{"@context":"https:\/\/schema.org","@graph":[{"@type":"Article","@id":"https:\/\/chelso.com.br\/site\/o-que-e-melhor-para-emagrecer\/#article","isPartOf":{"@id":"https:\/\/chelso.com.br\/site\/o-que-e-melhor-para-emagrecer\/"},"author":{"name":"Wilder Moreira de Moraes","@id":"https:\/\/chelso.com.br\/site\/#\/schema\/person\/27571dbadd4016e4c2cf3636b75471f2"},"headline":"O que \u00e9 melhor para emagrecer?","datePublished":"2022-11-21T22:58:06+00:00","dateModified":"2022-11-22T15:40:24+00:00","mainEntityOfPage":{"@id":"https:\/\/chelso.com.br\/site\/o-que-e-melhor-para-emagrecer\/"},"wordCount":488,"commentCount":0,"keywords":["Chelso","chelso sports","emagrecimento","Fortalecimento"],"articleSection":["Dicas","Sa\u00fade e Bem Estar","Treinos"],"inLanguage":"pt-BR","potentialAction":[{"@type":"CommentAction","name":"Comment","target":["https:\/\/chelso.com.br\/site\/o-que-e-melhor-para-emagrecer\/#respond"]}]},{"@type":"WebPage","@id":"https:\/\/chelso.com.br\/site\/o-que-e-melhor-para-emagrecer\/","url":"https:\/\/chelso.com.br\/site\/o-que-e-melhor-para-emagrecer\/","name":"O que \u00e9 melhor para emagrecer? - Portal Chelso Sports","isPartOf":{"@id":"https:\/\/chelso.com.br\/site\/#website"},"datePublished":"2022-11-21T22:58:06+00:00","dateModified":"2022-11-22T15:40:24+00:00","author":{"@id":"https:\/\/chelso.com.br\/site\/#\/schema\/person\/27571dbadd4016e4c2cf3636b75471f2"},"description":"O que \u00e9 melhor para emagrecer? Fazer treino de for\u00e7a ou apenas aer\u00f3bio? Confira o texto do colunista Wilder Moreira de Moraes.","breadcrumb":{"@id":"https:\/\/chelso.com.br\/site\/o-que-e-melhor-para-emagrecer\/#breadcrumb"},"inLanguage":"pt-BR","potentialAction":[{"@type":"ReadAction","target":["https:\/\/chelso.com.br\/site\/o-que-e-melhor-para-emagrecer\/"]}]},{"@type":"BreadcrumbList","@id":"https:\/\/chelso.com.br\/site\/o-que-e-melhor-para-emagrecer\/#breadcrumb","itemListElement":[{"@type":"ListItem","position":1,"name":"In\u00edcio","item":"https:\/\/chelso.com.br\/site\/"},{"@type":"ListItem","position":2,"name":"O que \u00e9 melhor para emagrecer?"}]},{"@type":"WebSite","@id":"https:\/\/chelso.com.br\/site\/#website","url":"https:\/\/chelso.com.br\/site\/","name":"Portal Chelso Sports","description":"Conte\u00fado especializado em corrida de rua e triathlon","potentialAction":[{"@type":"SearchAction","target":{"@type":"EntryPoint","urlTemplate":"https:\/\/chelso.com.br\/site\/?s={search_term_string}"},"query-input":{"@type":"PropertyValueSpecification","valueRequired":true,"valueName":"search_term_string"}}],"inLanguage":"pt-BR"},{"@type":"Person","@id":"https:\/\/chelso.com.br\/site\/#\/schema\/person\/27571dbadd4016e4c2cf3636b75471f2","name":"Wilder Moreira de Moraes","image":{"@type":"ImageObject","inLanguage":"pt-BR","@id":"https:\/\/secure.gravatar.com\/avatar\/28bf15ebd4904249399d9dd378bd93514a235e9626b27f4c5c27e28a5fd1507c?s=96&d=mm&r=g","url":"https:\/\/secure.gravatar.com\/avatar\/28bf15ebd4904249399d9dd378bd93514a235e9626b27f4c5c27e28a5fd1507c?s=96&d=mm&r=g","contentUrl":"https:\/\/secure.gravatar.com\/avatar\/28bf15ebd4904249399d9dd378bd93514a235e9626b27f4c5c27e28a5fd1507c?s=96&d=mm&r=g","caption":"Wilder Moreira de Moraes"},"description":"Sou Wilder Moreira de Moraes, sou formado em Educa\u00e7\u00e3o F\u00edsica-Bacharelado, pela Universidade Metodista de Piracicaba, trabalhei muito tempo com PCD, at\u00e9 chegar como treinador de nata\u00e7\u00e3o e Atletismo da equipe PCD de Piracicaba, atualmente trabalho como treinador de sala da Care Club Piracicaba e como Personal Trainer","url":"https:\/\/chelso.com.br\/site\/author\/wilder-moreira-de-moraes\/"}]}},"amp_enabled":true,"_links":{"self":[{"href":"https:\/\/chelso.com.br\/site\/wp-json\/wp\/v2\/posts\/15505","targetHints":{"allow":["GET"]}}],"collection":[{"href":"https:\/\/chelso.com.br\/site\/wp-json\/wp\/v2\/posts"}],"about":[{"href":"https:\/\/chelso.com.br\/site\/wp-json\/wp\/v2\/types\/post"}],"author":[{"embeddable":true,"href":"https:\/\/chelso.com.br\/site\/wp-json\/wp\/v2\/users\/34"}],"replies":[{"embeddable":true,"href":"https:\/\/chelso.com.br\/site\/wp-json\/wp\/v2\/comments?post=15505"}],"version-history":[{"count":2,"href":"https:\/\/chelso.com.br\/site\/wp-json\/wp\/v2\/posts\/15505\/revisions"}],"predecessor-version":[{"id":15509,"href":"https:\/\/chelso.com.br\/site\/wp-json\/wp\/v2\/posts\/15505\/revisions\/15509"}],"wp:attachment":[{"href":"https:\/\/chelso.com.br\/site\/wp-json\/wp\/v2\/media?parent=15505"}],"wp:term":[{"taxonomy":"category","embeddable":true,"href":"https:\/\/chelso.com.br\/site\/wp-json\/wp\/v2\/categories?post=15505"},{"taxonomy":"post_tag","embeddable":true,"href":"https:\/\/chelso.com.br\/site\/wp-json\/wp\/v2\/tags?post=15505"}],"curies":[{"name":"wp","href":"https:\/\/api.w.org\/{rel}","templated":true}]}}