{"id":15726,"date":"2022-12-20T21:36:11","date_gmt":"2022-12-21T00:36:11","guid":{"rendered":"https:\/\/chelso.com.br\/site\/?p=15726"},"modified":"2022-12-20T21:36:11","modified_gmt":"2022-12-21T00:36:11","slug":"brasil-confirma-destaques-na-sao-silvestre","status":"publish","type":"post","link":"https:\/\/chelso.com.br\/site\/brasil-confirma-destaques-na-sao-silvestre\/","title":{"rendered":"Brasil confirma destaques na S\u00e3o Silvestre"},"content":{"rendered":"<p align=\"justify\">Brasil confirma destaques na S\u00e3o Silvestre! O Brasil segue em busca do retorno ao topo do p\u00f3dio da Corrida Internacional da S\u00e3o Silvestre. Sem vencer no masculino desde 2010, quando Mar\u00edlson dos Santos garantiu o tri, e desde 2006 no feminino, vencida por Luc\u00e9lia Peres, o pa\u00eds contar\u00e1 mais uma vez com alguns de seus principais nomes para quebrar esse jejum. A 97\u00aa edi\u00e7\u00e3o da principal prova de rua na Am\u00e9rica Latina acontecer\u00e1 no dia 31 de dezembro, em S\u00e3o Paulo.<\/p>\n<p align=\"justify\">No grupo masculino estar\u00e3o o mineiro Giovani dos Santos, o paulista Ederson Vilela e o pernambucano Jos\u00e9 M\u00e1rcio Le\u00e3o. Giovani tem seis t\u00edtulos da Volta da Pampulha, bicampe\u00e3o da Meia Maratona Internacional de S\u00e3o Paulo e neste ano venceu a Meia Maratona Internacional de Guarulhos e a Dez Milhas Garoto, al\u00e9m de um terceiro lugar na Meia Maratona Internacional do Rio de Janeiro. Ederson, por sua vez, conquistou a Pampulha em 2019, foi quarto neste ano. Jos\u00e9 Marcio Le\u00e3o tem na lista de vit\u00f3rias o t\u00edtulo da Meia Maratona Internacional do Rio de Janeiro de 2017 e na S\u00e3o Silvestre de 2021 foi o segundo melhor brasileiro, com o quinto lugar.<\/p>\n<p align=\"justify\"><a href=\"https:\/\/chelso.com.br\/site\/provas-presenciais\/\">Saiba mais sobre o nosso calend\u00e1rio de provas presenciais.<\/a><\/p>\n<h2 align=\"justify\"><strong>Brasil confirma destaques na S\u00e3o Silvestre<\/strong><\/h2>\n<p align=\"justify\">Na edi\u00e7\u00e3o passada, no feminino, o pa\u00eds conseguiu um significativo terceiro lugar, al\u00e9m de colocar duas atletas entre as top 5, Jenifer do Nascimento e Franciane Moura. Nesta edi\u00e7\u00e3o, Jenifer j\u00e1 confirmou presen\u00e7a, pretende melhorar a sua marcar e estar mais uma vez entre as primeiras colocadas.<\/p>\n<p align=\"justify\">Outros destaques no feminino ser\u00e3o as mineiras Amanda de Oliveira e Larissa Quint\u00e3o e a pernambucana Mirela Andrade. Amanda, que no curr\u00edculo conta top 5 nos 21 km de Maratona do Rio de Janeiro de 2021, recentemente ficou com o segundo lugar na Volta Internacional da Pampulha. Larissa ganhou a Meia Maratona de Belo Horizonte neste ano e terminou em terceiro lugar na Pampulha, enquanto Mirela garantiu o bi no Sul-Americano de Maratonas.<\/p>\n<p><iframe  id=\"_ytid_81990\"  width=\"788\" height=\"443\"  data-origwidth=\"788\" data-origheight=\"443\" src=\"https:\/\/www.youtube.com\/embed\/ff34uxWsGuo?enablejsapi=1&#038;autoplay=0&#038;cc_load_policy=0&#038;cc_lang_pref=&#038;iv_load_policy=1&#038;loop=0&#038;rel=1&#038;fs=1&#038;playsinline=0&#038;autohide=2&#038;theme=dark&#038;color=red&#038;controls=1&#038;disablekb=0&#038;\" class=\"__youtube_prefs__  epyt-is-override  no-lazyload\" title=\"YouTube player\"  allow=\"fullscreen; accelerometer; autoplay; clipboard-write; encrypted-media; gyroscope; picture-in-picture; web-share\" referrerpolicy=\"strict-origin-when-cross-origin\" allowfullscreen data-no-lazy=\"1\" data-skipgform_ajax_framebjll=\"\"><\/iframe><\/p>\n<h3 align=\"justify\"><b>Largadas, entrega de kit e percurso<\/b><\/h3>\n<p align=\"justify\">A programa\u00e7\u00e3o completa da Prova no dia 31 come\u00e7ar\u00e1 a partir das\u00a07h25min, com a largada da categoria Cadeirantes. Em seguida, a partir das\u00a07h40min, ser\u00e1 a vez da Elite feminina, ficando para a partir das\u00a08h05min o in\u00edcio da Elite masculina, Pelot\u00e3o Premium, Cadeirantes com Guia e Pelot\u00e3o Geral.<\/p>\n<p align=\"justify\">A entrega de kit da 97\u00aa S\u00e3o Silvestre ser\u00e1 nos dias 27, 28 e 29 de dezembro de 2022, das 9h \u00e0s 20h, e no dia 30 de dezembro de 2022, das 9h \u00e0s 17h, no Pal\u00e1cio das Conven\u00e7\u00f5es do Anhembi \u2013 Hall Nobre (Av. Olavo Fontoura, 1.209, acesso pela entrada do Audit\u00f3rio Elis Regina, em Santana, SP).<\/p>\n<p>A\u00a0<a href=\"https:\/\/chelso.com.br\/site\/\">Chelso<\/a>\u00a0tamb\u00e9m est\u00e1 no\u00a0<a href=\"https:\/\/www.youtube.com\/channel\/UC1VTjqCtASd4Tn3Z-U-SAqQ\">Youtube<\/a>. Se inscreva no nosso canal, deixe seus coment\u00e1rios nos v\u00eddeos e acompanhe todas as novidades do mundo dos esportes por l\u00e1. Estamos pr\u00f3ximos de 4 mil inscritos e sua inscri\u00e7\u00e3o \u00e9 muito importante para n\u00f3s.<\/p>\n<p>Aproveite e siga a Chelso Sports no\u00a0<a href=\"https:\/\/www.instagram.com\/chelsosports\">Instagram,<\/a>\u00a0acompanhe todas as informa\u00e7\u00f5es sobre nosso calend\u00e1rio de provas e dicas de treinamentos.<\/p>\n","protected":false},"excerpt":{"rendered":"<p>Brasil confirma destaques na S\u00e3o Silvestre! O Brasil segue em busca do retorno ao topo do p\u00f3dio da Corrida Internacional da S\u00e3o Silvestre. Sem vencer no masculino desde 2010, quando Mar\u00edlson dos Santos garantiu o tri, e desde 2006 no feminino, vencida por Luc\u00e9lia Peres, o pa\u00eds contar\u00e1 mais uma vez com alguns de seus<\/p>\n","protected":false},"author":21,"featured_media":0,"comment_status":"open","ping_status":"closed","sticky":false,"template":"","format":"standard","meta":{"om_disable_all_campaigns":false,"_monsterinsights_skip_tracking":false,"_monsterinsights_sitenote_active":false,"_monsterinsights_sitenote_note":"","_monsterinsights_sitenote_category":0,"footnotes":""},"categories":[56,30],"tags":[735,41,36,37,928],"class_list":{"0":"post-15726","1":"post","2":"type-post","3":"status-publish","4":"format-standard","6":"category-eventos","7":"category-noticias","8":"tag-chelso","9":"tag-chelso-sports","10":"tag-corrida","11":"tag-corrida-de-rua","12":"tag-sao-silvestre"},"aioseo_notices":[],"yoast_head":"<!-- This site is optimized with the Yoast SEO plugin v27.5 - https:\/\/yoast.com\/product\/yoast-seo-wordpress\/ -->\n<title>Brasil confirma destaques na S\u00e3o Silvestre - Portal Chelso Sports<\/title>\n<meta name=\"description\" content=\"Brasil confirma destaques na S\u00e3o Silvestre. Confira quem s\u00e3o os atletas do pa\u00eds que podem brilhar na corrida do dia 31 de dezembro\" \/>\n<meta name=\"robots\" content=\"index, follow, max-snippet:-1, max-image-preview:large, max-video-preview:-1\" \/>\n<link rel=\"canonical\" href=\"https:\/\/chelso.com.br\/site\/brasil-confirma-destaques-na-sao-silvestre\/\" \/>\n<meta property=\"og:locale\" content=\"pt_BR\" \/>\n<meta property=\"og:type\" content=\"article\" \/>\n<meta property=\"og:title\" content=\"Brasil confirma destaques na S\u00e3o Silvestre - Portal Chelso Sports\" \/>\n<meta property=\"og:description\" content=\"Brasil confirma destaques na S\u00e3o Silvestre. Confira quem s\u00e3o os atletas do pa\u00eds que podem brilhar na corrida do dia 31 de dezembro\" \/>\n<meta property=\"og:url\" content=\"https:\/\/chelso.com.br\/site\/brasil-confirma-destaques-na-sao-silvestre\/\" \/>\n<meta property=\"og:site_name\" content=\"Portal Chelso Sports\" \/>\n<meta property=\"article:published_time\" content=\"2022-12-21T00:36:11+00:00\" \/>\n<meta property=\"og:image\" content=\"https:\/\/chelso.com.br\/site\/wp-content\/uploads\/2022\/12\/2021ssjeniferleone-2048x1366-1.jpg\" \/>\n\t<meta property=\"og:image:width\" content=\"2048\" \/>\n\t<meta property=\"og:image:height\" content=\"1366\" \/>\n\t<meta property=\"og:image:type\" content=\"image\/jpeg\" \/>\n<meta name=\"author\" content=\"Chelso\" \/>\n<meta name=\"twitter:card\" content=\"summary_large_image\" \/>\n<meta name=\"twitter:label1\" content=\"Escrito por\" \/>\n\t<meta name=\"twitter:data1\" content=\"Chelso\" \/>\n\t<meta name=\"twitter:label2\" content=\"Est. tempo de leitura\" \/>\n\t<meta name=\"twitter:data2\" content=\"3 minutos\" \/>\n<script type=\"application\/ld+json\" class=\"yoast-schema-graph\">{\"@context\":\"https:\\\/\\\/schema.org\",\"@graph\":[{\"@type\":\"Article\",\"@id\":\"https:\\\/\\\/chelso.com.br\\\/site\\\/brasil-confirma-destaques-na-sao-silvestre\\\/#article\",\"isPartOf\":{\"@id\":\"https:\\\/\\\/chelso.com.br\\\/site\\\/brasil-confirma-destaques-na-sao-silvestre\\\/\"},\"author\":{\"name\":\"Chelso\",\"@id\":\"https:\\\/\\\/chelso.com.br\\\/site\\\/#\\\/schema\\\/person\\\/06bf484f0ccbb71d4fd2128d594e1d0a\"},\"headline\":\"Brasil confirma destaques na S\u00e3o Silvestre\",\"datePublished\":\"2022-12-21T00:36:11+00:00\",\"mainEntityOfPage\":{\"@id\":\"https:\\\/\\\/chelso.com.br\\\/site\\\/brasil-confirma-destaques-na-sao-silvestre\\\/\"},\"wordCount\":545,\"commentCount\":0,\"keywords\":[\"Chelso\",\"chelso sports\",\"corrida\",\"corrida de rua\",\"S\u00e3o Silvestre\"],\"articleSection\":[\"Eventos\",\"Not\u00edcias\"],\"inLanguage\":\"pt-BR\",\"potentialAction\":[{\"@type\":\"CommentAction\",\"name\":\"Comment\",\"target\":[\"https:\\\/\\\/chelso.com.br\\\/site\\\/brasil-confirma-destaques-na-sao-silvestre\\\/#respond\"]}]},{\"@type\":\"WebPage\",\"@id\":\"https:\\\/\\\/chelso.com.br\\\/site\\\/brasil-confirma-destaques-na-sao-silvestre\\\/\",\"url\":\"https:\\\/\\\/chelso.com.br\\\/site\\\/brasil-confirma-destaques-na-sao-silvestre\\\/\",\"name\":\"Brasil confirma destaques na S\u00e3o Silvestre - Portal Chelso Sports\",\"isPartOf\":{\"@id\":\"https:\\\/\\\/chelso.com.br\\\/site\\\/#website\"},\"datePublished\":\"2022-12-21T00:36:11+00:00\",\"author\":{\"@id\":\"https:\\\/\\\/chelso.com.br\\\/site\\\/#\\\/schema\\\/person\\\/06bf484f0ccbb71d4fd2128d594e1d0a\"},\"description\":\"Brasil confirma destaques na S\u00e3o Silvestre. Confira quem s\u00e3o os atletas do pa\u00eds que podem brilhar na corrida do dia 31 de dezembro\",\"breadcrumb\":{\"@id\":\"https:\\\/\\\/chelso.com.br\\\/site\\\/brasil-confirma-destaques-na-sao-silvestre\\\/#breadcrumb\"},\"inLanguage\":\"pt-BR\",\"potentialAction\":[{\"@type\":\"ReadAction\",\"target\":[\"https:\\\/\\\/chelso.com.br\\\/site\\\/brasil-confirma-destaques-na-sao-silvestre\\\/\"]}]},{\"@type\":\"BreadcrumbList\",\"@id\":\"https:\\\/\\\/chelso.com.br\\\/site\\\/brasil-confirma-destaques-na-sao-silvestre\\\/#breadcrumb\",\"itemListElement\":[{\"@type\":\"ListItem\",\"position\":1,\"name\":\"In\u00edcio\",\"item\":\"https:\\\/\\\/chelso.com.br\\\/site\\\/\"},{\"@type\":\"ListItem\",\"position\":2,\"name\":\"Brasil confirma destaques na S\u00e3o Silvestre\"}]},{\"@type\":\"WebSite\",\"@id\":\"https:\\\/\\\/chelso.com.br\\\/site\\\/#website\",\"url\":\"https:\\\/\\\/chelso.com.br\\\/site\\\/\",\"name\":\"Portal Chelso Sports\",\"description\":\"Conte\u00fado especializado em corrida de rua e triathlon\",\"potentialAction\":[{\"@type\":\"SearchAction\",\"target\":{\"@type\":\"EntryPoint\",\"urlTemplate\":\"https:\\\/\\\/chelso.com.br\\\/site\\\/?s={search_term_string}\"},\"query-input\":{\"@type\":\"PropertyValueSpecification\",\"valueRequired\":true,\"valueName\":\"search_term_string\"}}],\"inLanguage\":\"pt-BR\"},{\"@type\":\"Person\",\"@id\":\"https:\\\/\\\/chelso.com.br\\\/site\\\/#\\\/schema\\\/person\\\/06bf484f0ccbb71d4fd2128d594e1d0a\",\"name\":\"Chelso\",\"image\":{\"@type\":\"ImageObject\",\"inLanguage\":\"pt-BR\",\"@id\":\"https:\\\/\\\/chelso.com.br\\\/site\\\/wp-content\\\/uploads\\\/2025\\\/04\\\/Perfil20192-150x149.png\",\"url\":\"https:\\\/\\\/chelso.com.br\\\/site\\\/wp-content\\\/uploads\\\/2025\\\/04\\\/Perfil20192-150x149.png\",\"contentUrl\":\"https:\\\/\\\/chelso.com.br\\\/site\\\/wp-content\\\/uploads\\\/2025\\\/04\\\/Perfil20192-150x149.png\",\"caption\":\"Chelso\"},\"sameAs\":[\"http:\\\/\\\/www.chelso.com.br\"],\"url\":\"https:\\\/\\\/chelso.com.br\\\/site\\\/author\\\/maryblog\\\/\"}]}<\/script>\n<!-- \/ Yoast SEO plugin. -->","yoast_head_json":{"title":"Brasil confirma destaques na S\u00e3o Silvestre - Portal Chelso Sports","description":"Brasil confirma destaques na S\u00e3o Silvestre. Confira quem s\u00e3o os atletas do pa\u00eds que podem brilhar na corrida do dia 31 de dezembro","robots":{"index":"index","follow":"follow","max-snippet":"max-snippet:-1","max-image-preview":"max-image-preview:large","max-video-preview":"max-video-preview:-1"},"canonical":"https:\/\/chelso.com.br\/site\/brasil-confirma-destaques-na-sao-silvestre\/","og_locale":"pt_BR","og_type":"article","og_title":"Brasil confirma destaques na S\u00e3o Silvestre - Portal Chelso Sports","og_description":"Brasil confirma destaques na S\u00e3o Silvestre. Confira quem s\u00e3o os atletas do pa\u00eds que podem brilhar na corrida do dia 31 de dezembro","og_url":"https:\/\/chelso.com.br\/site\/brasil-confirma-destaques-na-sao-silvestre\/","og_site_name":"Portal Chelso Sports","article_published_time":"2022-12-21T00:36:11+00:00","og_image":[{"width":2048,"height":1366,"url":"https:\/\/chelso.com.br\/site\/wp-content\/uploads\/2022\/12\/2021ssjeniferleone-2048x1366-1.jpg","type":"image\/jpeg"}],"author":"Chelso","twitter_card":"summary_large_image","twitter_misc":{"Escrito por":"Chelso","Est. tempo de leitura":"3 minutos"},"schema":{"@context":"https:\/\/schema.org","@graph":[{"@type":"Article","@id":"https:\/\/chelso.com.br\/site\/brasil-confirma-destaques-na-sao-silvestre\/#article","isPartOf":{"@id":"https:\/\/chelso.com.br\/site\/brasil-confirma-destaques-na-sao-silvestre\/"},"author":{"name":"Chelso","@id":"https:\/\/chelso.com.br\/site\/#\/schema\/person\/06bf484f0ccbb71d4fd2128d594e1d0a"},"headline":"Brasil confirma destaques na S\u00e3o Silvestre","datePublished":"2022-12-21T00:36:11+00:00","mainEntityOfPage":{"@id":"https:\/\/chelso.com.br\/site\/brasil-confirma-destaques-na-sao-silvestre\/"},"wordCount":545,"commentCount":0,"keywords":["Chelso","chelso sports","corrida","corrida de rua","S\u00e3o Silvestre"],"articleSection":["Eventos","Not\u00edcias"],"inLanguage":"pt-BR","potentialAction":[{"@type":"CommentAction","name":"Comment","target":["https:\/\/chelso.com.br\/site\/brasil-confirma-destaques-na-sao-silvestre\/#respond"]}]},{"@type":"WebPage","@id":"https:\/\/chelso.com.br\/site\/brasil-confirma-destaques-na-sao-silvestre\/","url":"https:\/\/chelso.com.br\/site\/brasil-confirma-destaques-na-sao-silvestre\/","name":"Brasil confirma destaques na S\u00e3o Silvestre - Portal Chelso Sports","isPartOf":{"@id":"https:\/\/chelso.com.br\/site\/#website"},"datePublished":"2022-12-21T00:36:11+00:00","author":{"@id":"https:\/\/chelso.com.br\/site\/#\/schema\/person\/06bf484f0ccbb71d4fd2128d594e1d0a"},"description":"Brasil confirma destaques na S\u00e3o Silvestre. Confira quem s\u00e3o os atletas do pa\u00eds que podem brilhar na corrida do dia 31 de dezembro","breadcrumb":{"@id":"https:\/\/chelso.com.br\/site\/brasil-confirma-destaques-na-sao-silvestre\/#breadcrumb"},"inLanguage":"pt-BR","potentialAction":[{"@type":"ReadAction","target":["https:\/\/chelso.com.br\/site\/brasil-confirma-destaques-na-sao-silvestre\/"]}]},{"@type":"BreadcrumbList","@id":"https:\/\/chelso.com.br\/site\/brasil-confirma-destaques-na-sao-silvestre\/#breadcrumb","itemListElement":[{"@type":"ListItem","position":1,"name":"In\u00edcio","item":"https:\/\/chelso.com.br\/site\/"},{"@type":"ListItem","position":2,"name":"Brasil confirma destaques na S\u00e3o Silvestre"}]},{"@type":"WebSite","@id":"https:\/\/chelso.com.br\/site\/#website","url":"https:\/\/chelso.com.br\/site\/","name":"Portal Chelso Sports","description":"Conte\u00fado especializado em corrida de rua e triathlon","potentialAction":[{"@type":"SearchAction","target":{"@type":"EntryPoint","urlTemplate":"https:\/\/chelso.com.br\/site\/?s={search_term_string}"},"query-input":{"@type":"PropertyValueSpecification","valueRequired":true,"valueName":"search_term_string"}}],"inLanguage":"pt-BR"},{"@type":"Person","@id":"https:\/\/chelso.com.br\/site\/#\/schema\/person\/06bf484f0ccbb71d4fd2128d594e1d0a","name":"Chelso","image":{"@type":"ImageObject","inLanguage":"pt-BR","@id":"https:\/\/chelso.com.br\/site\/wp-content\/uploads\/2025\/04\/Perfil20192-150x149.png","url":"https:\/\/chelso.com.br\/site\/wp-content\/uploads\/2025\/04\/Perfil20192-150x149.png","contentUrl":"https:\/\/chelso.com.br\/site\/wp-content\/uploads\/2025\/04\/Perfil20192-150x149.png","caption":"Chelso"},"sameAs":["http:\/\/www.chelso.com.br"],"url":"https:\/\/chelso.com.br\/site\/author\/maryblog\/"}]}},"amp_enabled":true,"_links":{"self":[{"href":"https:\/\/chelso.com.br\/site\/wp-json\/wp\/v2\/posts\/15726","targetHints":{"allow":["GET"]}}],"collection":[{"href":"https:\/\/chelso.com.br\/site\/wp-json\/wp\/v2\/posts"}],"about":[{"href":"https:\/\/chelso.com.br\/site\/wp-json\/wp\/v2\/types\/post"}],"author":[{"embeddable":true,"href":"https:\/\/chelso.com.br\/site\/wp-json\/wp\/v2\/users\/21"}],"replies":[{"embeddable":true,"href":"https:\/\/chelso.com.br\/site\/wp-json\/wp\/v2\/comments?post=15726"}],"version-history":[{"count":1,"href":"https:\/\/chelso.com.br\/site\/wp-json\/wp\/v2\/posts\/15726\/revisions"}],"predecessor-version":[{"id":15728,"href":"https:\/\/chelso.com.br\/site\/wp-json\/wp\/v2\/posts\/15726\/revisions\/15728"}],"wp:attachment":[{"href":"https:\/\/chelso.com.br\/site\/wp-json\/wp\/v2\/media?parent=15726"}],"wp:term":[{"taxonomy":"category","embeddable":true,"href":"https:\/\/chelso.com.br\/site\/wp-json\/wp\/v2\/categories?post=15726"},{"taxonomy":"post_tag","embeddable":true,"href":"https:\/\/chelso.com.br\/site\/wp-json\/wp\/v2\/tags?post=15726"}],"curies":[{"name":"wp","href":"https:\/\/api.w.org\/{rel}","templated":true}]}}