{"id":16337,"date":"2023-02-03T17:06:51","date_gmt":"2023-02-03T20:06:51","guid":{"rendered":"https:\/\/chelso.com.br\/site\/?p=16337"},"modified":"2023-02-03T17:06:51","modified_gmt":"2023-02-03T20:06:51","slug":"vai-comecar-a-copa-interior-de-triathlon","status":"publish","type":"post","link":"https:\/\/chelso.com.br\/site\/vai-comecar-a-copa-interior-de-triathlon\/","title":{"rendered":"Vai come\u00e7ar a Copa Interior de Triathlon"},"content":{"rendered":"<p>Vai come\u00e7ar a Copa Interior de Triathlon! <span style=\"font-weight: 400;\">Neste domingo (5), a cidade de Len\u00e7\u00f3is Paulista d\u00e1 o start para a Copa Interior de Triathlon. A primeira das seis etapas do circuito promete ser emocionante. Visando <\/span>apresentar aos atletas do interior de S\u00e3o Paulo a possibilidade de ingressar em um dos esportes mais desafiadores e completos que existe, a Copa 2023 seguir\u00e1 todos os padr\u00f5es de organiza\u00e7\u00e3o da Chelso Sports. Sempre entregando uma verdadeira experi\u00eancia aos atletas. Ent\u00e3o, <span style=\"font-weight: 400;\">se voc\u00ea \u00e9 um dos atletas inscritos na etapa, n\u00e3o deixe de assistir o Simp\u00f3sio T\u00e9cnico no nosso canal do Youtube.<\/span><\/p>\n<p><a href=\"https:\/\/chelso.com.br\/site\/provas-presenciais\/\">Saiba mais sobre o nosso calend\u00e1rio de provas presenciais.<\/a><\/p>\n<p><iframe  id=\"_ytid_32001\"  width=\"788\" height=\"443\"  data-origwidth=\"788\" data-origheight=\"443\" src=\"https:\/\/www.youtube.com\/embed\/TKMs63wN4uY?enablejsapi=1&#038;autoplay=0&#038;cc_load_policy=0&#038;cc_lang_pref=&#038;iv_load_policy=1&#038;loop=0&#038;rel=1&#038;fs=1&#038;playsinline=0&#038;autohide=2&#038;theme=dark&#038;color=red&#038;controls=1&#038;disablekb=0&#038;\" class=\"__youtube_prefs__  epyt-is-override  no-lazyload\" title=\"YouTube player\"  allow=\"fullscreen; accelerometer; autoplay; clipboard-write; encrypted-media; gyroscope; picture-in-picture; web-share\" referrerpolicy=\"strict-origin-when-cross-origin\" allowfullscreen data-no-lazy=\"1\" data-skipgform_ajax_framebjll=\"\"><\/iframe><\/p>\n<h2><strong>Vai come\u00e7ar a Copa Interior de Triathlon &#8211; Entrega de Kits e Programa\u00e7\u00e3o:<\/strong><\/h2>\n<p><span style=\"font-weight: 400;\">A entrega dos kits da etapa de Len\u00e7\u00f3is Paulista come\u00e7ou nesta sexta-feira. Neste s\u00e1bado, os atletas devem comparecer a FACILPA (Av. L\u00e1zaro Br\u00edgido Dutra, 300 &#8211; Jardim Village), das 10h \u00e0s 15h, ou no domingo, no mesmo local, das 5h \u00e0s 6h.<\/span><\/p>\n<p><span style=\"font-weight: 400;\">J\u00e1 os hor\u00e1rios de largada ser\u00e3o os mesmos para as tr\u00eas modalidades: Triathlon, Duathlon e Aquathlon:<\/span><\/p>\n<ul>\n<li style=\"font-weight: 400;\" aria-level=\"1\"><span style=\"font-weight: 400;\">07h00 &#8211; Ol\u00edmpico Masculino<\/span><\/li>\n<li style=\"font-weight: 400;\" aria-level=\"1\"><span style=\"font-weight: 400;\">07h03 &#8211; Ol\u00edmpico Feminino<\/span><\/li>\n<li style=\"font-weight: 400;\" aria-level=\"1\"><span style=\"font-weight: 400;\">08h00 &#8211; Sprint Masculino<\/span><\/li>\n<li style=\"font-weight: 400;\" aria-level=\"1\"><span style=\"font-weight: 400;\">08h03 &#8211; Sprint Feminino<\/span><\/li>\n<li style=\"font-weight: 400;\" aria-level=\"1\"><span style=\"font-weight: 400;\">08h30 &#8211; Fitness Masculino<\/span><\/li>\n<li style=\"font-weight: 400;\" aria-level=\"1\"><span style=\"font-weight: 400;\">08h33 &#8211; Fitness Feminino<\/span><\/li>\n<\/ul>\n<blockquote class=\"instagram-media\" style=\"background: #FFF; border: 0; border-radius: 3px; box-shadow: 0 0 1px 0 rgba(0,0,0,0.5),0 1px 10px 0 rgba(0,0,0,0.15); margin: 1px; max-width: 540px; min-width: 326px; padding: 0; width: calc(100% - 2px);\" data-instgrm-captioned=\"\" data-instgrm-permalink=\"https:\/\/www.instagram.com\/p\/CoLQ2QXvd2F\/?utm_source=ig_embed&amp;utm_campaign=loading\" data-instgrm-version=\"14\">\n<div style=\"padding: 16px;\">\n<p>&nbsp;<\/p>\n<div style=\"display: flex; flex-direction: row; align-items: center;\">\n<div style=\"background-color: #f4f4f4; border-radius: 50%; flex-grow: 0; height: 40px; margin-right: 14px; width: 40px;\"><\/div>\n<div style=\"display: flex; flex-direction: column; flex-grow: 1; justify-content: center;\">\n<div style=\"background-color: #f4f4f4; border-radius: 4px; flex-grow: 0; height: 14px; margin-bottom: 6px; width: 100px;\"><\/div>\n<div style=\"background-color: #f4f4f4; border-radius: 4px; flex-grow: 0; height: 14px; width: 60px;\"><\/div>\n<\/div>\n<\/div>\n<div style=\"padding: 19% 0;\"><\/div>\n<div style=\"display: block; height: 50px; margin: 0 auto 12px; width: 50px;\"><\/div>\n<div style=\"padding-top: 8px;\">\n<div style=\"color: #3897f0; font-family: Arial,sans-serif; font-size: 14px; font-style: normal; font-weight: 550; line-height: 18px;\">Ver essa foto no Instagram<\/div>\n<\/div>\n<div style=\"padding: 12.5% 0;\"><\/div>\n<div style=\"display: flex; flex-direction: row; margin-bottom: 14px; align-items: center;\">\n<div>\n<div style=\"background-color: #f4f4f4; border-radius: 50%; height: 12.5px; width: 12.5px; transform: translateX(0px) translateY(7px);\"><\/div>\n<div style=\"background-color: #f4f4f4; height: 12.5px; transform: rotate(-45deg) translateX(3px) translateY(1px); width: 12.5px; flex-grow: 0; margin-right: 14px; margin-left: 2px;\"><\/div>\n<div style=\"background-color: #f4f4f4; border-radius: 50%; height: 12.5px; width: 12.5px; transform: translateX(9px) translateY(-18px);\"><\/div>\n<\/div>\n<div style=\"margin-left: 8px;\">\n<div style=\"background-color: #f4f4f4; border-radius: 50%; flex-grow: 0; height: 20px; width: 20px;\"><\/div>\n<div style=\"width: 0; height: 0; border-top: 2px solid transparent; border-left: 6px solid #f4f4f4; border-bottom: 2px solid transparent; transform: translateX(16px) translateY(-4px) rotate(30deg);\"><\/div>\n<\/div>\n<div style=\"margin-left: auto;\">\n<div style=\"width: 0px; border-top: 8px solid #F4F4F4; border-right: 8px solid transparent; transform: translateY(16px);\"><\/div>\n<div style=\"background-color: #f4f4f4; flex-grow: 0; height: 12px; width: 16px; transform: translateY(-4px);\"><\/div>\n<div style=\"width: 0; height: 0; border-top: 8px solid #F4F4F4; border-left: 8px solid transparent; transform: translateY(-4px) translateX(8px);\"><\/div>\n<\/div>\n<\/div>\n<div style=\"display: flex; flex-direction: column; flex-grow: 1; justify-content: center; margin-bottom: 24px;\">\n<div style=\"background-color: #f4f4f4; border-radius: 4px; flex-grow: 0; height: 14px; margin-bottom: 6px; width: 224px;\"><\/div>\n<div style=\"background-color: #f4f4f4; border-radius: 4px; flex-grow: 0; height: 14px; width: 144px;\"><\/div>\n<\/div>\n<p>&nbsp;<\/p>\n<p style=\"color: #c9c8cd; font-family: Arial,sans-serif; font-size: 14px; line-height: 17px; margin-bottom: 0; margin-top: 8px; overflow: hidden; padding: 8px 0 7px; text-align: center; text-overflow: ellipsis; white-space: nowrap;\"><a style=\"color: #c9c8cd; font-family: Arial,sans-serif; font-size: 14px; font-style: normal; font-weight: normal; line-height: 17px; text-decoration: none;\" href=\"https:\/\/www.instagram.com\/p\/CoLQ2QXvd2F\/?utm_source=ig_embed&amp;utm_campaign=loading\" target=\"_blank\" rel=\"noopener\">Uma publica\u00e7\u00e3o compartilhada por COPA INTERIOR (@copainteriorcs)<\/a><\/p>\n<\/div>\n<\/blockquote>\n<p><script async src=\"\/\/www.instagram.com\/embed.js\"><\/script><\/p>\n<h3>Confira as dist\u00e2ncias por modalidade:<\/h3>\n<p><strong>Triathlon<\/strong><\/p>\n<ul>\n<li aria-level=\"1\">Fitness: 375 m de nata\u00e7\u00e3o + 5 km de bike + 2 km de corrida<\/li>\n<\/ul>\n<ul>\n<li aria-level=\"1\">Sprint: 750 m de nata\u00e7\u00e3o + 20 km de bike + 5 km de corrida<\/li>\n<\/ul>\n<ul>\n<li aria-level=\"1\">Ol\u00edmpico: 1.500 m de nata\u00e7\u00e3o + 40 km de bike + 10 km de corrida<\/li>\n<\/ul>\n<p><strong>Duathlon<\/strong><\/p>\n<ul>\n<li aria-level=\"1\">Fitness: 1 km de corrida + 5 km de bike + 2 km de corrida<\/li>\n<\/ul>\n<ul>\n<li aria-level=\"1\">Sprint: 2,5 km de corrida + 20 km de bike + 5 km de corrida<\/li>\n<\/ul>\n<ul>\n<li aria-level=\"1\">Ol\u00edmpico: 5km de corrida + 40km de bike + 10km de corrida<\/li>\n<\/ul>\n<p><strong>Aquathlon<\/strong><\/p>\n<ul>\n<li aria-level=\"1\">Fitness: 375 m de nata\u00e7\u00e3o + 2 km de corrida<\/li>\n<\/ul>\n<ul>\n<li aria-level=\"1\">Sprint: 750 m de nata\u00e7\u00e3o + 5 km de corrida<\/li>\n<\/ul>\n<ul>\n<li aria-level=\"1\">Ol\u00edmpico: 1.500 m de nata\u00e7\u00e3o + 10 km de corrida<\/li>\n<\/ul>\n<h4>Calend\u00e1rio 2023:<\/h4>\n<p>A primeira das seis etapas ocorre em Len\u00e7\u00f3is Paulista, dia 5 de fevereiro. Depois o circuito passa por S\u00e3o Pedro (2 de abril) e Itatiba (7 de maio). A segunda metade do calend\u00e1rio tem duas etapas seguidas em Paul\u00ednea (13 de agosto e 22 de outubro), e finaliza novamente em Itatiba (26 de novembro).<\/p>\n<p>1\u00aa Etapa &#8211; Len\u00e7\u00f3is Paulista &#8211; 5 de fevereiro<\/p>\n<p>2\u00aa Etapa &#8211; S\u00e3o Pedro &#8211; 2 de abril<\/p>\n<p>3\u00aa Etapa &#8211; Itatiba &#8211; 7 de maio<\/p>\n<p>4\u00aa Etapa &#8211; Paul\u00ednea &#8211; 13 de agosto<\/p>\n<p>5\u00aa Etapa &#8211; Paul\u00ednea &#8211; 22 de outubro<\/p>\n<p>6\u00aa Etapa &#8211; Itatiba &#8211; 26 de novembro.<\/p>\n<blockquote class=\"instagram-media\" style=\"background: #FFF; border: 0; border-radius: 3px; box-shadow: 0 0 1px 0 rgba(0,0,0,0.5),0 1px 10px 0 rgba(0,0,0,0.15); margin: 1px; max-width: 540px; min-width: 326px; padding: 0; width: calc(100% - 2px);\" data-instgrm-captioned=\"\" data-instgrm-permalink=\"https:\/\/www.instagram.com\/p\/CoNY1YbOyZY\/?utm_source=ig_embed&amp;utm_campaign=loading\" data-instgrm-version=\"14\">\n<div style=\"padding: 16px;\">\n<p>&nbsp;<\/p>\n<div style=\"display: flex; flex-direction: row; align-items: center;\">\n<div style=\"background-color: #f4f4f4; border-radius: 50%; flex-grow: 0; height: 40px; margin-right: 14px; width: 40px;\"><\/div>\n<div style=\"display: flex; flex-direction: column; flex-grow: 1; justify-content: center;\">\n<div style=\"background-color: #f4f4f4; border-radius: 4px; flex-grow: 0; height: 14px; margin-bottom: 6px; width: 100px;\"><\/div>\n<div style=\"background-color: #f4f4f4; border-radius: 4px; flex-grow: 0; height: 14px; width: 60px;\"><\/div>\n<\/div>\n<\/div>\n<div style=\"padding: 19% 0;\"><\/div>\n<div style=\"display: block; height: 50px; margin: 0 auto 12px; width: 50px;\"><\/div>\n<div style=\"padding-top: 8px;\">\n<div style=\"color: #3897f0; font-family: Arial,sans-serif; font-size: 14px; font-style: normal; font-weight: 550; line-height: 18px;\">Ver essa foto no Instagram<\/div>\n<\/div>\n<div style=\"padding: 12.5% 0;\"><\/div>\n<div style=\"display: flex; flex-direction: row; margin-bottom: 14px; align-items: center;\">\n<div>\n<div style=\"background-color: #f4f4f4; border-radius: 50%; height: 12.5px; width: 12.5px; transform: translateX(0px) translateY(7px);\"><\/div>\n<div style=\"background-color: #f4f4f4; height: 12.5px; transform: rotate(-45deg) translateX(3px) translateY(1px); width: 12.5px; flex-grow: 0; margin-right: 14px; margin-left: 2px;\"><\/div>\n<div style=\"background-color: #f4f4f4; border-radius: 50%; height: 12.5px; width: 12.5px; transform: translateX(9px) translateY(-18px);\"><\/div>\n<\/div>\n<div style=\"margin-left: 8px;\">\n<div style=\"background-color: #f4f4f4; border-radius: 50%; flex-grow: 0; height: 20px; width: 20px;\"><\/div>\n<div style=\"width: 0; height: 0; border-top: 2px solid transparent; border-left: 6px solid #f4f4f4; border-bottom: 2px solid transparent; transform: translateX(16px) translateY(-4px) rotate(30deg);\"><\/div>\n<\/div>\n<div style=\"margin-left: auto;\">\n<div style=\"width: 0px; border-top: 8px solid #F4F4F4; border-right: 8px solid transparent; transform: translateY(16px);\"><\/div>\n<div style=\"background-color: #f4f4f4; flex-grow: 0; height: 12px; width: 16px; transform: translateY(-4px);\"><\/div>\n<div style=\"width: 0; height: 0; border-top: 8px solid #F4F4F4; border-left: 8px solid transparent; transform: translateY(-4px) translateX(8px);\"><\/div>\n<\/div>\n<\/div>\n<div style=\"display: flex; flex-direction: column; flex-grow: 1; justify-content: center; margin-bottom: 24px;\">\n<div style=\"background-color: #f4f4f4; border-radius: 4px; flex-grow: 0; height: 14px; margin-bottom: 6px; width: 224px;\"><\/div>\n<div style=\"background-color: #f4f4f4; border-radius: 4px; flex-grow: 0; height: 14px; width: 144px;\"><\/div>\n<\/div>\n<p>&nbsp;<\/p>\n<p style=\"color: #c9c8cd; font-family: Arial,sans-serif; font-size: 14px; line-height: 17px; margin-bottom: 0; margin-top: 8px; overflow: hidden; padding: 8px 0 7px; text-align: center; text-overflow: ellipsis; white-space: nowrap;\"><a style=\"color: #c9c8cd; font-family: Arial,sans-serif; font-size: 14px; font-style: normal; font-weight: normal; line-height: 17px; text-decoration: none;\" href=\"https:\/\/www.instagram.com\/p\/CoNY1YbOyZY\/?utm_source=ig_embed&amp;utm_campaign=loading\" target=\"_blank\" rel=\"noopener\">Uma publica\u00e7\u00e3o compartilhada por COPA INTERIOR (@copainteriorcs)<\/a><\/p>\n<\/div>\n<\/blockquote>\n<p><script async src=\"\/\/www.instagram.com\/embed.js\"><\/script><\/p>\n<p>A<a href=\"https:\/\/chelso.com.br\/site\/\"> Chelso<\/a> tamb\u00e9m est\u00e1 no<a href=\"https:\/\/www.youtube.com\/channel\/UC1VTjqCtASd4Tn3Z-U-SAqQ\"> Youtube<\/a>. Se inscreva no nosso canal, deixe seus coment\u00e1rios nos v\u00eddeos e acompanhe todas as novidades do mundo dos esportes por l\u00e1. Passamos da marca de 3 mil inscritos e agora nossa meta \u00e9 chegar aos 4 mil. Sua inscri\u00e7\u00e3o \u00e9 muito importante para n\u00f3s.<\/p>\n<p>Aproveite e siga a Chelso Sports no<a href=\"https:\/\/www.instagram.com\/chelsosports\"> Instagram,<\/a> acompanhe todas as informa\u00e7\u00f5es sobre nosso calend\u00e1rio de provas e dicas de treinamentos, al\u00e9m de curiosidades sobre os esportes outdoor.<\/p>\n","protected":false},"excerpt":{"rendered":"<p>Vai come\u00e7ar a Copa Interior de Triathlon! Neste domingo (5), a cidade de Len\u00e7\u00f3is Paulista d\u00e1 o start para a Copa Interior de Triathlon. A primeira das seis etapas do circuito promete ser emocionante. Visando apresentar aos atletas do interior de S\u00e3o Paulo a possibilidade de ingressar em um dos esportes mais desafiadores e completos<\/p>\n","protected":false},"author":21,"featured_media":0,"comment_status":"open","ping_status":"closed","sticky":false,"template":"","format":"standard","meta":{"om_disable_all_campaigns":false,"_monsterinsights_skip_tracking":false,"footnotes":""},"categories":[56,30],"tags":[157,735,41,918,156,2016,130],"class_list":["post-16337","post","type-post","status-publish","format-standard","category-eventos","category-noticias","tag-aquathlon","tag-chelso","tag-chelso-sports","tag-copa-interior-de-triathlon","tag-duathlon","tag-lencois-paulista","tag-triathlon"],"aioseo_notices":[],"aioseo_head":"\n\t\t<!-- All in One SEO 5.0.1 - aioseo.com -->\n\t<meta name=\"description\" content=\"Vai come\u00e7ar a Copa Interior de Triathlon! Neste domingo (5), a cidade de Len\u00e7\u00f3is Paulista d\u00e1 o start para a Copa Interior de Triathlon. A primeira das seis etapas do circuito promete ser emocionante. Visando apresentar aos atletas do interior de S\u00e3o Paulo a possibilidade de ingressar em um dos esportes mais desafiadores e completos\" \/>\n\t<meta name=\"robots\" content=\"max-image-preview:large\" \/>\n\t<meta name=\"author\" content=\"Chelso\"\/>\n\t<link rel=\"canonical\" href=\"https:\/\/chelso.com.br\/site\/vai-comecar-a-copa-interior-de-triathlon\/\" \/>\n\t<meta name=\"generator\" content=\"All in One SEO (AIOSEO) 5.0.1\" \/>\n\t\t<meta property=\"og:locale\" content=\"pt_BR\" \/>\n\t\t<meta property=\"og:site_name\" content=\"Portal Chelso Sports - Conte\u00fado especializado em corrida de rua e triathlon\" \/>\n\t\t<meta property=\"og:type\" content=\"article\" \/>\n\t\t<meta property=\"og:title\" content=\"Vai come\u00e7ar a Copa Interior de Triathlon - Portal Chelso Sports\" \/>\n\t\t<meta property=\"og:description\" content=\"Vai come\u00e7ar a Copa Interior de Triathlon! Neste domingo (5), a cidade de Len\u00e7\u00f3is Paulista d\u00e1 o start para a Copa Interior de Triathlon. A primeira das seis etapas do circuito promete ser emocionante. Visando apresentar aos atletas do interior de S\u00e3o Paulo a possibilidade de ingressar em um dos esportes mais desafiadores e completos\" \/>\n\t\t<meta property=\"og:url\" content=\"https:\/\/chelso.com.br\/site\/vai-comecar-a-copa-interior-de-triathlon\/\" \/>\n\t\t<meta property=\"article:published_time\" content=\"2023-02-03T20:06:51+00:00\" \/>\n\t\t<meta property=\"article:modified_time\" content=\"2023-02-03T20:06:51+00:00\" \/>\n\t\t<meta name=\"twitter:card\" content=\"summary_large_image\" \/>\n\t\t<meta name=\"twitter:title\" content=\"Vai come\u00e7ar a Copa Interior de Triathlon - Portal Chelso Sports\" \/>\n\t\t<meta name=\"twitter:description\" content=\"Vai come\u00e7ar a Copa Interior de Triathlon! Neste domingo (5), a cidade de Len\u00e7\u00f3is Paulista d\u00e1 o start para a Copa Interior de Triathlon. A primeira das seis etapas do circuito promete ser emocionante. Visando apresentar aos atletas do interior de S\u00e3o Paulo a possibilidade de ingressar em um dos esportes mais desafiadores e completos\" \/>\n\t\t<script type=\"application\/ld+json\" class=\"aioseo-schema\">\n\t\t\t{\"@context\":\"https:\\\/\\\/schema.org\",\"@graph\":[{\"@type\":\"BlogPosting\",\"@id\":\"https:\\\/\\\/chelso.com.br\\\/site\\\/vai-comecar-a-copa-interior-de-triathlon\\\/#blogposting\",\"name\":\"Vai come\\u00e7ar a Copa Interior de Triathlon - Portal Chelso Sports\",\"headline\":\"Vai come\\u00e7ar a Copa Interior de Triathlon\",\"author\":{\"@id\":\"https:\\\/\\\/chelso.com.br\\\/site\\\/author\\\/maryblog\\\/#author\"},\"publisher\":{\"@id\":\"https:\\\/\\\/chelso.com.br\\\/site\\\/#organization\"},\"datePublished\":\"2023-02-03T17:06:51-03:00\",\"dateModified\":\"2023-02-03T17:06:51-03:00\",\"inLanguage\":\"pt-BR\",\"mainEntityOfPage\":{\"@id\":\"https:\\\/\\\/chelso.com.br\\\/site\\\/vai-comecar-a-copa-interior-de-triathlon\\\/#webpage\"},\"isPartOf\":{\"@id\":\"https:\\\/\\\/chelso.com.br\\\/site\\\/vai-comecar-a-copa-interior-de-triathlon\\\/#webpage\"},\"articleSection\":\"Eventos, Not\\u00edcias, aquathlon, Chelso, chelso sports, Copa Interior de Triathlon, duathlon, Len\\u00e7\\u00f3is Paulista, triathlon\"},{\"@type\":\"BreadcrumbList\",\"@id\":\"https:\\\/\\\/chelso.com.br\\\/site\\\/vai-comecar-a-copa-interior-de-triathlon\\\/#breadcrumblist\",\"itemListElement\":[{\"@type\":\"ListItem\",\"@id\":\"https:\\\/\\\/chelso.com.br\\\/site#listItem\",\"position\":1,\"name\":\"Home\",\"item\":\"https:\\\/\\\/chelso.com.br\\\/site\",\"nextItem\":{\"@type\":\"ListItem\",\"@id\":\"https:\\\/\\\/chelso.com.br\\\/site\\\/category\\\/noticias\\\/#listItem\",\"name\":\"Not\\u00edcias\"}},{\"@type\":\"ListItem\",\"@id\":\"https:\\\/\\\/chelso.com.br\\\/site\\\/category\\\/noticias\\\/#listItem\",\"position\":2,\"name\":\"Not\\u00edcias\",\"item\":\"https:\\\/\\\/chelso.com.br\\\/site\\\/category\\\/noticias\\\/\",\"nextItem\":{\"@type\":\"ListItem\",\"@id\":\"https:\\\/\\\/chelso.com.br\\\/site\\\/vai-comecar-a-copa-interior-de-triathlon\\\/#listItem\",\"name\":\"Vai come\\u00e7ar a Copa Interior de Triathlon\"},\"previousItem\":{\"@type\":\"ListItem\",\"@id\":\"https:\\\/\\\/chelso.com.br\\\/site#listItem\",\"name\":\"Home\"}},{\"@type\":\"ListItem\",\"@id\":\"https:\\\/\\\/chelso.com.br\\\/site\\\/vai-comecar-a-copa-interior-de-triathlon\\\/#listItem\",\"position\":3,\"name\":\"Vai come\\u00e7ar a Copa Interior de Triathlon\",\"previousItem\":{\"@type\":\"ListItem\",\"@id\":\"https:\\\/\\\/chelso.com.br\\\/site\\\/category\\\/noticias\\\/#listItem\",\"name\":\"Not\\u00edcias\"}}]},{\"@type\":\"Organization\",\"@id\":\"https:\\\/\\\/chelso.com.br\\\/site\\\/#organization\",\"name\":\"Portal Chelso Sports\",\"description\":\"Conte\\u00fado especializado em corrida de rua e triathlon\",\"url\":\"https:\\\/\\\/chelso.com.br\\\/site\\\/\"},{\"@type\":\"Person\",\"@id\":\"https:\\\/\\\/chelso.com.br\\\/site\\\/author\\\/maryblog\\\/#author\",\"url\":\"https:\\\/\\\/chelso.com.br\\\/site\\\/author\\\/maryblog\\\/\",\"name\":\"Chelso\",\"image\":{\"@type\":\"ImageObject\",\"@id\":\"https:\\\/\\\/chelso.com.br\\\/site\\\/vai-comecar-a-copa-interior-de-triathlon\\\/#authorImage\",\"url\":\"https:\\\/\\\/chelso.com.br\\\/site\\\/wp-content\\\/uploads\\\/2025\\\/04\\\/Perfil20192-150x149.png\",\"width\":96,\"height\":96,\"caption\":\"Chelso\"}},{\"@type\":\"WebPage\",\"@id\":\"https:\\\/\\\/chelso.com.br\\\/site\\\/vai-comecar-a-copa-interior-de-triathlon\\\/#webpage\",\"url\":\"https:\\\/\\\/chelso.com.br\\\/site\\\/vai-comecar-a-copa-interior-de-triathlon\\\/\",\"name\":\"Vai come\\u00e7ar a Copa Interior de Triathlon - Portal Chelso Sports\",\"description\":\"Vai come\\u00e7ar a Copa Interior de Triathlon! Neste domingo (5), a cidade de Len\\u00e7\\u00f3is Paulista d\\u00e1 o start para a Copa Interior de Triathlon. A primeira das seis etapas do circuito promete ser emocionante. Visando apresentar aos atletas do interior de S\\u00e3o Paulo a possibilidade de ingressar em um dos esportes mais desafiadores e completos\",\"inLanguage\":\"pt-BR\",\"isPartOf\":{\"@id\":\"https:\\\/\\\/chelso.com.br\\\/site\\\/#website\"},\"breadcrumb\":{\"@id\":\"https:\\\/\\\/chelso.com.br\\\/site\\\/vai-comecar-a-copa-interior-de-triathlon\\\/#breadcrumblist\"},\"author\":{\"@id\":\"https:\\\/\\\/chelso.com.br\\\/site\\\/author\\\/maryblog\\\/#author\"},\"creator\":{\"@id\":\"https:\\\/\\\/chelso.com.br\\\/site\\\/author\\\/maryblog\\\/#author\"},\"datePublished\":\"2023-02-03T17:06:51-03:00\",\"dateModified\":\"2023-02-03T17:06:51-03:00\"},{\"@type\":\"WebSite\",\"@id\":\"https:\\\/\\\/chelso.com.br\\\/site\\\/#website\",\"url\":\"https:\\\/\\\/chelso.com.br\\\/site\\\/\",\"name\":\"Portal Chelso Sports\",\"description\":\"Conte\\u00fado especializado em corrida de rua e triathlon\",\"inLanguage\":\"pt-BR\",\"publisher\":{\"@id\":\"https:\\\/\\\/chelso.com.br\\\/site\\\/#organization\"}}]}\n\t\t<\/script>\n\t\t<!-- All in One SEO -->\n\n","aioseo_head_json":{"title":"Vai come\u00e7ar a Copa Interior de Triathlon - Portal Chelso Sports","description":"Vai come\u00e7ar a Copa Interior de Triathlon! Neste domingo (5), a cidade de Len\u00e7\u00f3is Paulista d\u00e1 o start para a Copa Interior de Triathlon. A primeira das seis etapas do circuito promete ser emocionante. Visando apresentar aos atletas do interior de S\u00e3o Paulo a possibilidade de ingressar em um dos esportes mais desafiadores e completos","canonical_url":"https:\/\/chelso.com.br\/site\/vai-comecar-a-copa-interior-de-triathlon\/","robots":"max-image-preview:large","keywords":"","webmasterTools":{"miscellaneous":""},"schema":{"@context":"https:\/\/schema.org","@graph":[{"@type":"BlogPosting","@id":"https:\/\/chelso.com.br\/site\/vai-comecar-a-copa-interior-de-triathlon\/#blogposting","name":"Vai come\u00e7ar a Copa Interior de Triathlon - Portal Chelso Sports","headline":"Vai come\u00e7ar a Copa Interior de Triathlon","author":{"@id":"https:\/\/chelso.com.br\/site\/author\/maryblog\/#author"},"publisher":{"@id":"https:\/\/chelso.com.br\/site\/#organization"},"datePublished":"2023-02-03T17:06:51-03:00","dateModified":"2023-02-03T17:06:51-03:00","inLanguage":"pt-BR","mainEntityOfPage":{"@id":"https:\/\/chelso.com.br\/site\/vai-comecar-a-copa-interior-de-triathlon\/#webpage"},"isPartOf":{"@id":"https:\/\/chelso.com.br\/site\/vai-comecar-a-copa-interior-de-triathlon\/#webpage"},"articleSection":"Eventos, Not\u00edcias, aquathlon, Chelso, chelso sports, Copa Interior de Triathlon, duathlon, Len\u00e7\u00f3is Paulista, triathlon"},{"@type":"BreadcrumbList","@id":"https:\/\/chelso.com.br\/site\/vai-comecar-a-copa-interior-de-triathlon\/#breadcrumblist","itemListElement":[{"@type":"ListItem","@id":"https:\/\/chelso.com.br\/site#listItem","position":1,"name":"Home","item":"https:\/\/chelso.com.br\/site","nextItem":{"@type":"ListItem","@id":"https:\/\/chelso.com.br\/site\/category\/noticias\/#listItem","name":"Not\u00edcias"}},{"@type":"ListItem","@id":"https:\/\/chelso.com.br\/site\/category\/noticias\/#listItem","position":2,"name":"Not\u00edcias","item":"https:\/\/chelso.com.br\/site\/category\/noticias\/","nextItem":{"@type":"ListItem","@id":"https:\/\/chelso.com.br\/site\/vai-comecar-a-copa-interior-de-triathlon\/#listItem","name":"Vai come\u00e7ar a Copa Interior de Triathlon"},"previousItem":{"@type":"ListItem","@id":"https:\/\/chelso.com.br\/site#listItem","name":"Home"}},{"@type":"ListItem","@id":"https:\/\/chelso.com.br\/site\/vai-comecar-a-copa-interior-de-triathlon\/#listItem","position":3,"name":"Vai come\u00e7ar a Copa Interior de Triathlon","previousItem":{"@type":"ListItem","@id":"https:\/\/chelso.com.br\/site\/category\/noticias\/#listItem","name":"Not\u00edcias"}}]},{"@type":"Organization","@id":"https:\/\/chelso.com.br\/site\/#organization","name":"Portal Chelso Sports","description":"Conte\u00fado especializado em corrida de rua e triathlon","url":"https:\/\/chelso.com.br\/site\/"},{"@type":"Person","@id":"https:\/\/chelso.com.br\/site\/author\/maryblog\/#author","url":"https:\/\/chelso.com.br\/site\/author\/maryblog\/","name":"Chelso","image":{"@type":"ImageObject","@id":"https:\/\/chelso.com.br\/site\/vai-comecar-a-copa-interior-de-triathlon\/#authorImage","url":"https:\/\/chelso.com.br\/site\/wp-content\/uploads\/2025\/04\/Perfil20192-150x149.png","width":96,"height":96,"caption":"Chelso"}},{"@type":"WebPage","@id":"https:\/\/chelso.com.br\/site\/vai-comecar-a-copa-interior-de-triathlon\/#webpage","url":"https:\/\/chelso.com.br\/site\/vai-comecar-a-copa-interior-de-triathlon\/","name":"Vai come\u00e7ar a Copa Interior de Triathlon - Portal Chelso Sports","description":"Vai come\u00e7ar a Copa Interior de Triathlon! Neste domingo (5), a cidade de Len\u00e7\u00f3is Paulista d\u00e1 o start para a Copa Interior de Triathlon. A primeira das seis etapas do circuito promete ser emocionante. Visando apresentar aos atletas do interior de S\u00e3o Paulo a possibilidade de ingressar em um dos esportes mais desafiadores e completos","inLanguage":"pt-BR","isPartOf":{"@id":"https:\/\/chelso.com.br\/site\/#website"},"breadcrumb":{"@id":"https:\/\/chelso.com.br\/site\/vai-comecar-a-copa-interior-de-triathlon\/#breadcrumblist"},"author":{"@id":"https:\/\/chelso.com.br\/site\/author\/maryblog\/#author"},"creator":{"@id":"https:\/\/chelso.com.br\/site\/author\/maryblog\/#author"},"datePublished":"2023-02-03T17:06:51-03:00","dateModified":"2023-02-03T17:06:51-03:00"},{"@type":"WebSite","@id":"https:\/\/chelso.com.br\/site\/#website","url":"https:\/\/chelso.com.br\/site\/","name":"Portal Chelso Sports","description":"Conte\u00fado especializado em corrida de rua e triathlon","inLanguage":"pt-BR","publisher":{"@id":"https:\/\/chelso.com.br\/site\/#organization"}}]},"og:locale":"pt_BR","og:site_name":"Portal Chelso Sports - Conte\u00fado especializado em corrida de rua e triathlon","og:type":"article","og:title":"Vai come\u00e7ar a Copa Interior de Triathlon - Portal Chelso Sports","og:description":"Vai come\u00e7ar a Copa Interior de Triathlon! Neste domingo (5), a cidade de Len\u00e7\u00f3is Paulista d\u00e1 o start para a Copa Interior de Triathlon. A primeira das seis etapas do circuito promete ser emocionante. Visando apresentar aos atletas do interior de S\u00e3o Paulo a possibilidade de ingressar em um dos esportes mais desafiadores e completos","og:url":"https:\/\/chelso.com.br\/site\/vai-comecar-a-copa-interior-de-triathlon\/","article:published_time":"2023-02-03T20:06:51+00:00","article:modified_time":"2023-02-03T20:06:51+00:00","twitter:card":"summary_large_image","twitter:title":"Vai come\u00e7ar a Copa Interior de Triathlon - Portal Chelso Sports","twitter:description":"Vai come\u00e7ar a Copa Interior de Triathlon! Neste domingo (5), a cidade de Len\u00e7\u00f3is Paulista d\u00e1 o start para a Copa Interior de Triathlon. A primeira das seis etapas do circuito promete ser emocionante. Visando apresentar aos atletas do interior de S\u00e3o Paulo a possibilidade de ingressar em um dos esportes mais desafiadores e completos"},"aioseo_meta_data":{"post_id":"16337","title":null,"description":null,"keywords":null,"keyphrases":null,"primary_term":null,"canonical_url":null,"og_title":null,"og_description":null,"og_object_type":"default","og_image_type":"default","og_image_url":null,"og_image_width":null,"og_image_height":null,"og_image_custom_url":null,"og_image_custom_fields":null,"og_video":null,"og_custom_url":null,"og_article_section":null,"og_article_tags":null,"twitter_use_og":false,"twitter_card":"default","twitter_image_type":"default","twitter_image_url":null,"twitter_image_custom_url":null,"twitter_image_custom_fields":null,"twitter_title":null,"twitter_description":null,"schema":{"blockGraphs":[],"customGraphs":[],"default":{"data":{"Article":[],"Course":[],"Dataset":[],"FAQPage":[],"Movie":[],"Person":[],"Product":[],"ProductReview":[],"Car":[],"Recipe":[],"Service":[],"SoftwareApplication":[],"WebPage":[]},"graphName":"","isEnabled":true},"graphs":[]},"schema_type":"default","schema_type_options":null,"pillar_content":false,"robots_default":true,"robots_noindex":false,"robots_noarchive":false,"robots_nosnippet":false,"robots_nofollow":false,"robots_noimageindex":false,"robots_noodp":false,"robots_notranslate":false,"robots_max_snippet":null,"robots_max_videopreview":null,"robots_max_imagepreview":"large","priority":null,"frequency":null,"local_seo":null,"breadcrumb_settings":null,"limit_modified_date":false,"ai":null,"created":"2024-03-06 01:38:18","updated":"2025-07-02 18:48:02","focus_keyword":null,"additional_keywords":null,"truseo_locale":null,"seo_analyzer_scan_date":null},"aioseo_breadcrumb":"<div class=\"aioseo-breadcrumbs\"><span class=\"aioseo-breadcrumb\">\n\t\t\t<a href=\"https:\/\/chelso.com.br\/site\" title=\"Home\">Home<\/a>\n\t\t<\/span><span class=\"aioseo-breadcrumb-separator\">&raquo;<\/span><span class=\"aioseo-breadcrumb\">\n\t\t\t<a href=\"https:\/\/chelso.com.br\/site\/category\/noticias\/\" title=\"Not\u00edcias\">Not\u00edcias<\/a>\n\t\t<\/span><span class=\"aioseo-breadcrumb-separator\">&raquo;<\/span><span class=\"aioseo-breadcrumb\">\n\t\t\tVai come\u00e7ar a Copa Interior de Triathlon\n\t\t<\/span><\/div>","aioseo_breadcrumb_json":[{"label":"Home","link":"https:\/\/chelso.com.br\/site"},{"label":"Not\u00edcias","link":"https:\/\/chelso.com.br\/site\/category\/noticias\/"},{"label":"Vai come\u00e7ar a Copa Interior de Triathlon","link":"https:\/\/chelso.com.br\/site\/vai-comecar-a-copa-interior-de-triathlon\/"}],"amp_enabled":true,"_links":{"self":[{"href":"https:\/\/chelso.com.br\/site\/wp-json\/wp\/v2\/posts\/16337","targetHints":{"allow":["GET"]}}],"collection":[{"href":"https:\/\/chelso.com.br\/site\/wp-json\/wp\/v2\/posts"}],"about":[{"href":"https:\/\/chelso.com.br\/site\/wp-json\/wp\/v2\/types\/post"}],"author":[{"embeddable":true,"href":"https:\/\/chelso.com.br\/site\/wp-json\/wp\/v2\/users\/21"}],"replies":[{"embeddable":true,"href":"https:\/\/chelso.com.br\/site\/wp-json\/wp\/v2\/comments?post=16337"}],"version-history":[{"count":1,"href":"https:\/\/chelso.com.br\/site\/wp-json\/wp\/v2\/posts\/16337\/revisions"}],"predecessor-version":[{"id":16339,"href":"https:\/\/chelso.com.br\/site\/wp-json\/wp\/v2\/posts\/16337\/revisions\/16339"}],"wp:attachment":[{"href":"https:\/\/chelso.com.br\/site\/wp-json\/wp\/v2\/media?parent=16337"}],"wp:term":[{"taxonomy":"category","embeddable":true,"href":"https:\/\/chelso.com.br\/site\/wp-json\/wp\/v2\/categories?post=16337"},{"taxonomy":"post_tag","embeddable":true,"href":"https:\/\/chelso.com.br\/site\/wp-json\/wp\/v2\/tags?post=16337"}],"curies":[{"name":"wp","href":"https:\/\/api.w.org\/{rel}","templated":true}]}}