{"id":16655,"date":"2023-02-20T11:04:06","date_gmt":"2023-02-20T14:04:06","guid":{"rendered":"https:\/\/chelso.com.br\/site\/?p=16655"},"modified":"2023-02-20T11:04:06","modified_gmt":"2023-02-20T14:04:06","slug":"maratona-de-sevilha-e-muito-mais","status":"publish","type":"post","link":"https:\/\/chelso.com.br\/site\/maratona-de-sevilha-e-muito-mais\/","title":{"rendered":"Maratona de Sevilha e muito mais"},"content":{"rendered":"<p><span style=\"font-weight: 400;\">Maratona de Sevilha e muito mais! O fim de semana de Carnaval foi de muita festa \u2026 e tamb\u00e9m de corrida. Muita corrida. Come\u00e7ando pela Maratona de Sevilha, que contou com um grande pelot\u00e3o de atletas brasileiros em uma das provas mais r\u00e1pidas do mundo. A queniana Jackline Chelal venceu com 2h20m29, em segundo lugar ficou a et\u00edope Aberu Ayana Mulisa, com 2h21m54 e, completando o p\u00f3dio feminino, Urge Diro Sokoba com 2h23m05.<\/span><\/p>\n<p><a href=\"https:\/\/chelso.com.br\/site\/provas-presenciais\/\">Saiba mais sobre o nosso calend\u00e1rio de provas presenciais.<\/a><\/p>\n<h2><strong>Maratona de Sevilha e muito mais<\/strong><\/h2>\n<p><span style=\"font-weight: 400;\">O p\u00f3dio masculino foi todo da Eti\u00f3pia. Gadisa Birhanu Shumie venceu com 2h04m59, seguido por Kebede Tulu Wami, com 2h05m18, e Mekuant Ayenew Gebre, 2h05m23. Entre os brasileiros, Paulo Paula fez 2h10m28, Justino Pedro fechou em 2h12m38s e Joilson da Silva estreou com 2h15m04s. Vagner Noronha fechou com 2h17m10 e Mirela Saturnino com 2h42m34.<\/span><\/p>\n<p><span style=\"font-weight: 400;\">Na Austr\u00e1lia, em , foi realizado o Mundial de Cross-country. A queniana Beatrice Chebet venceu uma prova com final emocionante. O p\u00f3dio teve ainda a et\u00edope Tsigie Gebreselama na segunda posi\u00e7\u00e3o e a queniana Agnes Ngetich em terceiro. Por\u00e9m, o que mais chamou a aten\u00e7\u00e3o foi a chegada de Letesenbet Gidey. Faltando poucos metros, a et\u00edope caiu sem conseguir completar a prova. Confira:<\/span><\/p>\n<p><iframe  id=\"_ytid_80669\"  width=\"788\" height=\"443\"  data-origwidth=\"788\" data-origheight=\"443\" src=\"https:\/\/www.youtube.com\/embed\/VjxmlYORpi8?enablejsapi=1&#038;autoplay=0&#038;cc_load_policy=0&#038;cc_lang_pref=&#038;iv_load_policy=1&#038;loop=0&#038;rel=1&#038;fs=1&#038;playsinline=0&#038;autohide=2&#038;theme=dark&#038;color=red&#038;controls=1&#038;disablekb=0&#038;\" class=\"__youtube_prefs__  epyt-is-override  no-lazyload\" title=\"YouTube player\"  allow=\"fullscreen; accelerometer; autoplay; clipboard-write; encrypted-media; gyroscope; picture-in-picture; web-share\" referrerpolicy=\"strict-origin-when-cross-origin\" allowfullscreen data-no-lazy=\"1\" data-skipgform_ajax_framebjll=\"\"><\/iframe><\/p>\n<p><span style=\"font-weight: 400;\">Na disputa masculina deu Jacob Kiplimo, de Uganda, seguido por Berihu Aregawi, da Eti\u00f3pia, e Joshua Cheptegei, tamb\u00e9m de Uganda.<\/span><\/p>\n<p><span style=\"font-weight: 400;\">Na Ras Al-Khaimah Half Marathon 2023, muita emo\u00e7\u00e3o com as vit\u00f3rias dos quenianos Bernard Koech e Hellen Obiri. No Masculino, Koech fez sua melhor marca pessoal, com 58m45. Ele foi seguido de perto pelo compatriota Daniel Mateiko, vice-campe\u00e3o, e por Richard Kimunyan, terceiro colocado.\u00a0<\/span><span style=\"font-weight: 400;\">Com 1h05m05, Hellen Obiri venceu de forma incontest\u00e1vel entre as mulheres. Gotytom Gebreslase, da Eti\u00f3pia, ficou em segundo lugar, enquanto a terceira posi\u00e7\u00e3o ficou com Ftaw Zeray.<\/span><\/p>\n<p><span style=\"font-weight: 400;\">Fechando o fim de semana, mais uma dobradinha queniana em provas de 21 km. Na Meia Maratona de Barcelona deu Charles Langat, 58m53, e Irene Kimais, 1h04m37, ambos quebrando recordes pessoais.\u00a0<\/span><\/p>\n<blockquote class=\"instagram-media\" style=\"background: #FFF; border: 0; border-radius: 3px; box-shadow: 0 0 1px 0 rgba(0,0,0,0.5),0 1px 10px 0 rgba(0,0,0,0.15); margin: 1px; max-width: 540px; min-width: 326px; padding: 0; width: calc(100% - 2px);\" data-instgrm-captioned=\"\" data-instgrm-permalink=\"https:\/\/www.instagram.com\/p\/CoysFk8JSL5\/?utm_source=ig_embed&amp;utm_campaign=loading\" data-instgrm-version=\"14\">\n<div style=\"padding: 16px;\">\n<p>&nbsp;<\/p>\n<div style=\"display: flex; flex-direction: row; align-items: center;\">\n<div style=\"background-color: #f4f4f4; border-radius: 50%; flex-grow: 0; height: 40px; margin-right: 14px; width: 40px;\"><\/div>\n<div style=\"display: flex; flex-direction: column; flex-grow: 1; justify-content: center;\">\n<div style=\"background-color: #f4f4f4; border-radius: 4px; flex-grow: 0; height: 14px; margin-bottom: 6px; width: 100px;\"><\/div>\n<div style=\"background-color: #f4f4f4; border-radius: 4px; flex-grow: 0; height: 14px; width: 60px;\"><\/div>\n<\/div>\n<\/div>\n<div style=\"padding: 19% 0;\"><\/div>\n<div style=\"display: block; height: 50px; margin: 0 auto 12px; width: 50px;\"><\/div>\n<div style=\"padding-top: 8px;\">\n<div style=\"color: #3897f0; font-family: Arial,sans-serif; font-size: 14px; font-style: normal; font-weight: 550; line-height: 18px;\">Ver essa foto no Instagram<\/div>\n<\/div>\n<div style=\"padding: 12.5% 0;\"><\/div>\n<div style=\"display: flex; flex-direction: row; margin-bottom: 14px; align-items: center;\">\n<div>\n<div style=\"background-color: #f4f4f4; border-radius: 50%; height: 12.5px; width: 12.5px; transform: translateX(0px) translateY(7px);\"><\/div>\n<div style=\"background-color: #f4f4f4; height: 12.5px; transform: rotate(-45deg) translateX(3px) translateY(1px); width: 12.5px; flex-grow: 0; margin-right: 14px; margin-left: 2px;\"><\/div>\n<div style=\"background-color: #f4f4f4; border-radius: 50%; height: 12.5px; width: 12.5px; transform: translateX(9px) translateY(-18px);\"><\/div>\n<\/div>\n<div style=\"margin-left: 8px;\">\n<div style=\"background-color: #f4f4f4; border-radius: 50%; flex-grow: 0; height: 20px; width: 20px;\"><\/div>\n<div style=\"width: 0; height: 0; border-top: 2px solid transparent; border-left: 6px solid #f4f4f4; border-bottom: 2px solid transparent; transform: translateX(16px) translateY(-4px) rotate(30deg);\"><\/div>\n<\/div>\n<div style=\"margin-left: auto;\">\n<div style=\"width: 0px; border-top: 8px solid #F4F4F4; border-right: 8px solid transparent; transform: translateY(16px);\"><\/div>\n<div style=\"background-color: #f4f4f4; flex-grow: 0; height: 12px; width: 16px; transform: translateY(-4px);\"><\/div>\n<div style=\"width: 0; height: 0; border-top: 8px solid #F4F4F4; border-left: 8px solid transparent; transform: translateY(-4px) translateX(8px);\"><\/div>\n<\/div>\n<\/div>\n<div style=\"display: flex; flex-direction: column; flex-grow: 1; justify-content: center; margin-bottom: 24px;\">\n<div style=\"background-color: #f4f4f4; border-radius: 4px; flex-grow: 0; height: 14px; margin-bottom: 6px; width: 224px;\"><\/div>\n<div style=\"background-color: #f4f4f4; border-radius: 4px; flex-grow: 0; height: 14px; width: 144px;\"><\/div>\n<\/div>\n<p>&nbsp;<\/p>\n<p style=\"color: #c9c8cd; font-family: Arial,sans-serif; font-size: 14px; line-height: 17px; margin-bottom: 0; margin-top: 8px; overflow: hidden; padding: 8px 0 7px; text-align: center; text-overflow: ellipsis; white-space: nowrap;\"><a style=\"color: #c9c8cd; font-family: Arial,sans-serif; font-size: 14px; font-style: normal; font-weight: normal; line-height: 17px; text-decoration: none;\" href=\"https:\/\/www.instagram.com\/p\/CoysFk8JSL5\/?utm_source=ig_embed&amp;utm_campaign=loading\" target=\"_blank\" rel=\"noopener\">Uma publica\u00e7\u00e3o compartilhada por @therakhalfmarathon<\/a><\/p>\n<\/div>\n<\/blockquote>\n<p><script async src=\"\/\/www.instagram.com\/embed.js\"><\/script><\/p>\n<p>A<a href=\"https:\/\/chelso.com.br\/site\/\">\u00a0Chelso<\/a>\u00a0est\u00e1 no<a href=\"https:\/\/www.youtube.com\/channel\/UC1VTjqCtASd4Tn3Z-U-SAqQ\">\u00a0Youtube<\/a>. Se inscreva no nosso canal, deixe seus coment\u00e1rios nos v\u00eddeos e acompanhe todas as novidades do mundo dos esportes por l\u00e1. Passamos da marca de 3 mil inscritos e agora nossa meta \u00e9 chegar aos 4 mil. Sua inscri\u00e7\u00e3o \u00e9 muito importante para n\u00f3s.<\/p>\n<p>Aproveite e siga a Chelso Sports no<a href=\"https:\/\/www.instagram.com\/chelsosports\">\u00a0Instagram,<\/a>\u00a0acompanhe todas as informa\u00e7\u00f5es sobre nosso calend\u00e1rio de provas e dicas de treinamentos, al\u00e9m de curiosidades sobre os esportes outdoor.<\/p>\n","protected":false},"excerpt":{"rendered":"<p>Maratona de Sevilha e muito mais! O fim de semana de Carnaval foi de muita festa \u2026 e tamb\u00e9m de corrida. Muita corrida. Come\u00e7ando pela Maratona de Sevilha, que contou com um grande pelot\u00e3o de atletas brasileiros em uma das provas mais r\u00e1pidas do mundo. A queniana Jackline Chelal venceu com 2h20m29, em segundo lugar<\/p>\n","protected":false},"author":21,"featured_media":0,"comment_status":"open","ping_status":"closed","sticky":false,"template":"","format":"standard","meta":{"om_disable_all_campaigns":false,"_monsterinsights_skip_tracking":false,"footnotes":""},"categories":[30],"tags":[735,2333,52,712,2334],"class_list":["post-16655","post","type-post","status-publish","format-standard","category-noticias","tag-chelso","tag-cross-country","tag-maratona","tag-meia-maratona","tag-sevilla"],"aioseo_notices":[],"aioseo_head":"\n\t\t<!-- All in One SEO 5.0.1 - aioseo.com -->\n\t<meta name=\"description\" content=\"Maratona de Sevilha e muito mais! O fim de semana de Carnaval foi de muita festa \u2026 e tamb\u00e9m de corrida. Muita corrida. Come\u00e7ando pela Maratona de Sevilha, que contou com um grande pelot\u00e3o de atletas brasileiros em uma das provas mais r\u00e1pidas do mundo. A queniana Jackline Chelal venceu com 2h20m29, em segundo lugar\" \/>\n\t<meta name=\"robots\" content=\"max-image-preview:large\" \/>\n\t<meta name=\"author\" content=\"Chelso\"\/>\n\t<link rel=\"canonical\" href=\"https:\/\/chelso.com.br\/site\/maratona-de-sevilha-e-muito-mais\/\" \/>\n\t<meta name=\"generator\" content=\"All in One SEO (AIOSEO) 5.0.1\" \/>\n\t\t<meta property=\"og:locale\" content=\"pt_BR\" \/>\n\t\t<meta property=\"og:site_name\" content=\"Portal Chelso Sports - Conte\u00fado especializado em corrida de rua e triathlon\" \/>\n\t\t<meta property=\"og:type\" content=\"article\" \/>\n\t\t<meta property=\"og:title\" content=\"Maratona de Sevilha e muito mais - Portal Chelso Sports\" \/>\n\t\t<meta property=\"og:description\" content=\"Maratona de Sevilha e muito mais! O fim de semana de Carnaval foi de muita festa \u2026 e tamb\u00e9m de corrida. Muita corrida. Come\u00e7ando pela Maratona de Sevilha, que contou com um grande pelot\u00e3o de atletas brasileiros em uma das provas mais r\u00e1pidas do mundo. A queniana Jackline Chelal venceu com 2h20m29, em segundo lugar\" \/>\n\t\t<meta property=\"og:url\" content=\"https:\/\/chelso.com.br\/site\/maratona-de-sevilha-e-muito-mais\/\" \/>\n\t\t<meta property=\"article:published_time\" content=\"2023-02-20T14:04:06+00:00\" \/>\n\t\t<meta property=\"article:modified_time\" content=\"2023-02-20T14:04:06+00:00\" \/>\n\t\t<meta name=\"twitter:card\" content=\"summary_large_image\" \/>\n\t\t<meta name=\"twitter:title\" content=\"Maratona de Sevilha e muito mais - Portal Chelso Sports\" \/>\n\t\t<meta name=\"twitter:description\" content=\"Maratona de Sevilha e muito mais! O fim de semana de Carnaval foi de muita festa \u2026 e tamb\u00e9m de corrida. Muita corrida. Come\u00e7ando pela Maratona de Sevilha, que contou com um grande pelot\u00e3o de atletas brasileiros em uma das provas mais r\u00e1pidas do mundo. A queniana Jackline Chelal venceu com 2h20m29, em segundo lugar\" \/>\n\t\t<script type=\"application\/ld+json\" class=\"aioseo-schema\">\n\t\t\t{\"@context\":\"https:\\\/\\\/schema.org\",\"@graph\":[{\"@type\":\"BlogPosting\",\"@id\":\"https:\\\/\\\/chelso.com.br\\\/site\\\/maratona-de-sevilha-e-muito-mais\\\/#blogposting\",\"name\":\"Maratona de Sevilha e muito mais - Portal Chelso Sports\",\"headline\":\"Maratona de Sevilha e muito mais\",\"author\":{\"@id\":\"https:\\\/\\\/chelso.com.br\\\/site\\\/author\\\/maryblog\\\/#author\"},\"publisher\":{\"@id\":\"https:\\\/\\\/chelso.com.br\\\/site\\\/#organization\"},\"datePublished\":\"2023-02-20T11:04:06-03:00\",\"dateModified\":\"2023-02-20T11:04:06-03:00\",\"inLanguage\":\"pt-BR\",\"mainEntityOfPage\":{\"@id\":\"https:\\\/\\\/chelso.com.br\\\/site\\\/maratona-de-sevilha-e-muito-mais\\\/#webpage\"},\"isPartOf\":{\"@id\":\"https:\\\/\\\/chelso.com.br\\\/site\\\/maratona-de-sevilha-e-muito-mais\\\/#webpage\"},\"articleSection\":\"Not\\u00edcias, Chelso, Cross Country, Maratona, meia maratona, Sevilla\"},{\"@type\":\"BreadcrumbList\",\"@id\":\"https:\\\/\\\/chelso.com.br\\\/site\\\/maratona-de-sevilha-e-muito-mais\\\/#breadcrumblist\",\"itemListElement\":[{\"@type\":\"ListItem\",\"@id\":\"https:\\\/\\\/chelso.com.br\\\/site#listItem\",\"position\":1,\"name\":\"Home\",\"item\":\"https:\\\/\\\/chelso.com.br\\\/site\",\"nextItem\":{\"@type\":\"ListItem\",\"@id\":\"https:\\\/\\\/chelso.com.br\\\/site\\\/category\\\/noticias\\\/#listItem\",\"name\":\"Not\\u00edcias\"}},{\"@type\":\"ListItem\",\"@id\":\"https:\\\/\\\/chelso.com.br\\\/site\\\/category\\\/noticias\\\/#listItem\",\"position\":2,\"name\":\"Not\\u00edcias\",\"item\":\"https:\\\/\\\/chelso.com.br\\\/site\\\/category\\\/noticias\\\/\",\"nextItem\":{\"@type\":\"ListItem\",\"@id\":\"https:\\\/\\\/chelso.com.br\\\/site\\\/maratona-de-sevilha-e-muito-mais\\\/#listItem\",\"name\":\"Maratona de Sevilha e muito mais\"},\"previousItem\":{\"@type\":\"ListItem\",\"@id\":\"https:\\\/\\\/chelso.com.br\\\/site#listItem\",\"name\":\"Home\"}},{\"@type\":\"ListItem\",\"@id\":\"https:\\\/\\\/chelso.com.br\\\/site\\\/maratona-de-sevilha-e-muito-mais\\\/#listItem\",\"position\":3,\"name\":\"Maratona de Sevilha e muito mais\",\"previousItem\":{\"@type\":\"ListItem\",\"@id\":\"https:\\\/\\\/chelso.com.br\\\/site\\\/category\\\/noticias\\\/#listItem\",\"name\":\"Not\\u00edcias\"}}]},{\"@type\":\"Organization\",\"@id\":\"https:\\\/\\\/chelso.com.br\\\/site\\\/#organization\",\"name\":\"Portal Chelso Sports\",\"description\":\"Conte\\u00fado especializado em corrida de rua e triathlon\",\"url\":\"https:\\\/\\\/chelso.com.br\\\/site\\\/\"},{\"@type\":\"Person\",\"@id\":\"https:\\\/\\\/chelso.com.br\\\/site\\\/author\\\/maryblog\\\/#author\",\"url\":\"https:\\\/\\\/chelso.com.br\\\/site\\\/author\\\/maryblog\\\/\",\"name\":\"Chelso\",\"image\":{\"@type\":\"ImageObject\",\"@id\":\"https:\\\/\\\/chelso.com.br\\\/site\\\/maratona-de-sevilha-e-muito-mais\\\/#authorImage\",\"url\":\"https:\\\/\\\/chelso.com.br\\\/site\\\/wp-content\\\/uploads\\\/2025\\\/04\\\/Perfil20192-150x149.png\",\"width\":96,\"height\":96,\"caption\":\"Chelso\"}},{\"@type\":\"WebPage\",\"@id\":\"https:\\\/\\\/chelso.com.br\\\/site\\\/maratona-de-sevilha-e-muito-mais\\\/#webpage\",\"url\":\"https:\\\/\\\/chelso.com.br\\\/site\\\/maratona-de-sevilha-e-muito-mais\\\/\",\"name\":\"Maratona de Sevilha e muito mais - Portal Chelso Sports\",\"description\":\"Maratona de Sevilha e muito mais! O fim de semana de Carnaval foi de muita festa \\u2026 e tamb\\u00e9m de corrida. Muita corrida. Come\\u00e7ando pela Maratona de Sevilha, que contou com um grande pelot\\u00e3o de atletas brasileiros em uma das provas mais r\\u00e1pidas do mundo. A queniana Jackline Chelal venceu com 2h20m29, em segundo lugar\",\"inLanguage\":\"pt-BR\",\"isPartOf\":{\"@id\":\"https:\\\/\\\/chelso.com.br\\\/site\\\/#website\"},\"breadcrumb\":{\"@id\":\"https:\\\/\\\/chelso.com.br\\\/site\\\/maratona-de-sevilha-e-muito-mais\\\/#breadcrumblist\"},\"author\":{\"@id\":\"https:\\\/\\\/chelso.com.br\\\/site\\\/author\\\/maryblog\\\/#author\"},\"creator\":{\"@id\":\"https:\\\/\\\/chelso.com.br\\\/site\\\/author\\\/maryblog\\\/#author\"},\"datePublished\":\"2023-02-20T11:04:06-03:00\",\"dateModified\":\"2023-02-20T11:04:06-03:00\"},{\"@type\":\"WebSite\",\"@id\":\"https:\\\/\\\/chelso.com.br\\\/site\\\/#website\",\"url\":\"https:\\\/\\\/chelso.com.br\\\/site\\\/\",\"name\":\"Portal Chelso Sports\",\"description\":\"Conte\\u00fado especializado em corrida de rua e triathlon\",\"inLanguage\":\"pt-BR\",\"publisher\":{\"@id\":\"https:\\\/\\\/chelso.com.br\\\/site\\\/#organization\"}}]}\n\t\t<\/script>\n\t\t<!-- All in One SEO -->\n\n","aioseo_head_json":{"title":"Maratona de Sevilha e muito mais - Portal Chelso Sports","description":"Maratona de Sevilha e muito mais! O fim de semana de Carnaval foi de muita festa \u2026 e tamb\u00e9m de corrida. Muita corrida. Come\u00e7ando pela Maratona de Sevilha, que contou com um grande pelot\u00e3o de atletas brasileiros em uma das provas mais r\u00e1pidas do mundo. A queniana Jackline Chelal venceu com 2h20m29, em segundo lugar","canonical_url":"https:\/\/chelso.com.br\/site\/maratona-de-sevilha-e-muito-mais\/","robots":"max-image-preview:large","keywords":"","webmasterTools":{"miscellaneous":""},"schema":{"@context":"https:\/\/schema.org","@graph":[{"@type":"BlogPosting","@id":"https:\/\/chelso.com.br\/site\/maratona-de-sevilha-e-muito-mais\/#blogposting","name":"Maratona de Sevilha e muito mais - Portal Chelso Sports","headline":"Maratona de Sevilha e muito mais","author":{"@id":"https:\/\/chelso.com.br\/site\/author\/maryblog\/#author"},"publisher":{"@id":"https:\/\/chelso.com.br\/site\/#organization"},"datePublished":"2023-02-20T11:04:06-03:00","dateModified":"2023-02-20T11:04:06-03:00","inLanguage":"pt-BR","mainEntityOfPage":{"@id":"https:\/\/chelso.com.br\/site\/maratona-de-sevilha-e-muito-mais\/#webpage"},"isPartOf":{"@id":"https:\/\/chelso.com.br\/site\/maratona-de-sevilha-e-muito-mais\/#webpage"},"articleSection":"Not\u00edcias, Chelso, Cross Country, Maratona, meia maratona, Sevilla"},{"@type":"BreadcrumbList","@id":"https:\/\/chelso.com.br\/site\/maratona-de-sevilha-e-muito-mais\/#breadcrumblist","itemListElement":[{"@type":"ListItem","@id":"https:\/\/chelso.com.br\/site#listItem","position":1,"name":"Home","item":"https:\/\/chelso.com.br\/site","nextItem":{"@type":"ListItem","@id":"https:\/\/chelso.com.br\/site\/category\/noticias\/#listItem","name":"Not\u00edcias"}},{"@type":"ListItem","@id":"https:\/\/chelso.com.br\/site\/category\/noticias\/#listItem","position":2,"name":"Not\u00edcias","item":"https:\/\/chelso.com.br\/site\/category\/noticias\/","nextItem":{"@type":"ListItem","@id":"https:\/\/chelso.com.br\/site\/maratona-de-sevilha-e-muito-mais\/#listItem","name":"Maratona de Sevilha e muito mais"},"previousItem":{"@type":"ListItem","@id":"https:\/\/chelso.com.br\/site#listItem","name":"Home"}},{"@type":"ListItem","@id":"https:\/\/chelso.com.br\/site\/maratona-de-sevilha-e-muito-mais\/#listItem","position":3,"name":"Maratona de Sevilha e muito mais","previousItem":{"@type":"ListItem","@id":"https:\/\/chelso.com.br\/site\/category\/noticias\/#listItem","name":"Not\u00edcias"}}]},{"@type":"Organization","@id":"https:\/\/chelso.com.br\/site\/#organization","name":"Portal Chelso Sports","description":"Conte\u00fado especializado em corrida de rua e triathlon","url":"https:\/\/chelso.com.br\/site\/"},{"@type":"Person","@id":"https:\/\/chelso.com.br\/site\/author\/maryblog\/#author","url":"https:\/\/chelso.com.br\/site\/author\/maryblog\/","name":"Chelso","image":{"@type":"ImageObject","@id":"https:\/\/chelso.com.br\/site\/maratona-de-sevilha-e-muito-mais\/#authorImage","url":"https:\/\/chelso.com.br\/site\/wp-content\/uploads\/2025\/04\/Perfil20192-150x149.png","width":96,"height":96,"caption":"Chelso"}},{"@type":"WebPage","@id":"https:\/\/chelso.com.br\/site\/maratona-de-sevilha-e-muito-mais\/#webpage","url":"https:\/\/chelso.com.br\/site\/maratona-de-sevilha-e-muito-mais\/","name":"Maratona de Sevilha e muito mais - Portal Chelso Sports","description":"Maratona de Sevilha e muito mais! O fim de semana de Carnaval foi de muita festa \u2026 e tamb\u00e9m de corrida. Muita corrida. Come\u00e7ando pela Maratona de Sevilha, que contou com um grande pelot\u00e3o de atletas brasileiros em uma das provas mais r\u00e1pidas do mundo. A queniana Jackline Chelal venceu com 2h20m29, em segundo lugar","inLanguage":"pt-BR","isPartOf":{"@id":"https:\/\/chelso.com.br\/site\/#website"},"breadcrumb":{"@id":"https:\/\/chelso.com.br\/site\/maratona-de-sevilha-e-muito-mais\/#breadcrumblist"},"author":{"@id":"https:\/\/chelso.com.br\/site\/author\/maryblog\/#author"},"creator":{"@id":"https:\/\/chelso.com.br\/site\/author\/maryblog\/#author"},"datePublished":"2023-02-20T11:04:06-03:00","dateModified":"2023-02-20T11:04:06-03:00"},{"@type":"WebSite","@id":"https:\/\/chelso.com.br\/site\/#website","url":"https:\/\/chelso.com.br\/site\/","name":"Portal Chelso Sports","description":"Conte\u00fado especializado em corrida de rua e triathlon","inLanguage":"pt-BR","publisher":{"@id":"https:\/\/chelso.com.br\/site\/#organization"}}]},"og:locale":"pt_BR","og:site_name":"Portal Chelso Sports - Conte\u00fado especializado em corrida de rua e triathlon","og:type":"article","og:title":"Maratona de Sevilha e muito mais - Portal Chelso Sports","og:description":"Maratona de Sevilha e muito mais! O fim de semana de Carnaval foi de muita festa \u2026 e tamb\u00e9m de corrida. Muita corrida. Come\u00e7ando pela Maratona de Sevilha, que contou com um grande pelot\u00e3o de atletas brasileiros em uma das provas mais r\u00e1pidas do mundo. A queniana Jackline Chelal venceu com 2h20m29, em segundo lugar","og:url":"https:\/\/chelso.com.br\/site\/maratona-de-sevilha-e-muito-mais\/","article:published_time":"2023-02-20T14:04:06+00:00","article:modified_time":"2023-02-20T14:04:06+00:00","twitter:card":"summary_large_image","twitter:title":"Maratona de Sevilha e muito mais - Portal Chelso Sports","twitter:description":"Maratona de Sevilha e muito mais! O fim de semana de Carnaval foi de muita festa \u2026 e tamb\u00e9m de corrida. Muita corrida. Come\u00e7ando pela Maratona de Sevilha, que contou com um grande pelot\u00e3o de atletas brasileiros em uma das provas mais r\u00e1pidas do mundo. A queniana Jackline Chelal venceu com 2h20m29, em segundo lugar"},"aioseo_meta_data":{"post_id":"16655","title":null,"description":null,"keywords":null,"keyphrases":null,"primary_term":null,"canonical_url":null,"og_title":null,"og_description":null,"og_object_type":"default","og_image_type":"default","og_image_url":null,"og_image_width":null,"og_image_height":null,"og_image_custom_url":null,"og_image_custom_fields":null,"og_video":null,"og_custom_url":null,"og_article_section":null,"og_article_tags":null,"twitter_use_og":false,"twitter_card":"default","twitter_image_type":"default","twitter_image_url":null,"twitter_image_custom_url":null,"twitter_image_custom_fields":null,"twitter_title":null,"twitter_description":null,"schema":{"blockGraphs":[],"customGraphs":[],"default":{"data":{"Article":[],"Course":[],"Dataset":[],"FAQPage":[],"Movie":[],"Person":[],"Product":[],"ProductReview":[],"Car":[],"Recipe":[],"Service":[],"SoftwareApplication":[],"WebPage":[]},"graphName":"","isEnabled":true},"graphs":[]},"schema_type":"default","schema_type_options":null,"pillar_content":false,"robots_default":true,"robots_noindex":false,"robots_noarchive":false,"robots_nosnippet":false,"robots_nofollow":false,"robots_noimageindex":false,"robots_noodp":false,"robots_notranslate":false,"robots_max_snippet":null,"robots_max_videopreview":null,"robots_max_imagepreview":"large","priority":null,"frequency":null,"local_seo":null,"breadcrumb_settings":null,"limit_modified_date":false,"ai":null,"created":"2024-03-06 01:39:01","updated":"2025-07-02 18:48:54","focus_keyword":null,"additional_keywords":null,"truseo_locale":null,"seo_analyzer_scan_date":null},"aioseo_breadcrumb":"<div class=\"aioseo-breadcrumbs\"><span class=\"aioseo-breadcrumb\">\n\t\t\t<a href=\"https:\/\/chelso.com.br\/site\" title=\"Home\">Home<\/a>\n\t\t<\/span><span class=\"aioseo-breadcrumb-separator\">&raquo;<\/span><span class=\"aioseo-breadcrumb\">\n\t\t\t<a href=\"https:\/\/chelso.com.br\/site\/category\/noticias\/\" title=\"Not\u00edcias\">Not\u00edcias<\/a>\n\t\t<\/span><span class=\"aioseo-breadcrumb-separator\">&raquo;<\/span><span class=\"aioseo-breadcrumb\">\n\t\t\tMaratona de Sevilha e muito mais\n\t\t<\/span><\/div>","aioseo_breadcrumb_json":[{"label":"Home","link":"https:\/\/chelso.com.br\/site"},{"label":"Not\u00edcias","link":"https:\/\/chelso.com.br\/site\/category\/noticias\/"},{"label":"Maratona de Sevilha e muito mais","link":"https:\/\/chelso.com.br\/site\/maratona-de-sevilha-e-muito-mais\/"}],"amp_enabled":true,"_links":{"self":[{"href":"https:\/\/chelso.com.br\/site\/wp-json\/wp\/v2\/posts\/16655","targetHints":{"allow":["GET"]}}],"collection":[{"href":"https:\/\/chelso.com.br\/site\/wp-json\/wp\/v2\/posts"}],"about":[{"href":"https:\/\/chelso.com.br\/site\/wp-json\/wp\/v2\/types\/post"}],"author":[{"embeddable":true,"href":"https:\/\/chelso.com.br\/site\/wp-json\/wp\/v2\/users\/21"}],"replies":[{"embeddable":true,"href":"https:\/\/chelso.com.br\/site\/wp-json\/wp\/v2\/comments?post=16655"}],"version-history":[{"count":1,"href":"https:\/\/chelso.com.br\/site\/wp-json\/wp\/v2\/posts\/16655\/revisions"}],"predecessor-version":[{"id":16657,"href":"https:\/\/chelso.com.br\/site\/wp-json\/wp\/v2\/posts\/16655\/revisions\/16657"}],"wp:attachment":[{"href":"https:\/\/chelso.com.br\/site\/wp-json\/wp\/v2\/media?parent=16655"}],"wp:term":[{"taxonomy":"category","embeddable":true,"href":"https:\/\/chelso.com.br\/site\/wp-json\/wp\/v2\/categories?post=16655"},{"taxonomy":"post_tag","embeddable":true,"href":"https:\/\/chelso.com.br\/site\/wp-json\/wp\/v2\/tags?post=16655"}],"curies":[{"name":"wp","href":"https:\/\/api.w.org\/{rel}","templated":true}]}}