{"id":16717,"date":"2023-03-03T15:29:02","date_gmt":"2023-03-03T18:29:02","guid":{"rendered":"https:\/\/chelso.com.br\/site\/?p=16717"},"modified":"2023-03-03T15:29:02","modified_gmt":"2023-03-03T18:29:02","slug":"olympikus-atualiza-familia-corre-e-acrescenta-tenis-para-trilha","status":"publish","type":"post","link":"https:\/\/chelso.com.br\/site\/olympikus-atualiza-familia-corre-e-acrescenta-tenis-para-trilha\/","title":{"rendered":"Olympikus atualiza Fam\u00edlia Corre e acrescenta t\u00eanis para trilha"},"content":{"rendered":"<p><strong>Olympikus atualiza Fam\u00edlia Corre<\/strong>! A <a href=\"https:\/\/www.instagram.com\/olympikus\/\" target=\"_blank\" rel=\"noopener\"><strong>Olympikus<\/strong>\u00a0<\/a>realizou, nesta ter\u00e7a-feira (28), a primeira edi\u00e7\u00e3o do Corre Show. O evento foi concebido para que atletas, colaboradores, influenciadores e jornalistas visitassem a principal f\u00e1brica da\u00a0<a href=\"https:\/\/www.instagram.com\/somosvulca\/\" target=\"_blank\" rel=\"noopener\"><strong>Vulcabras<\/strong><\/a>, em Horizonte (CE), para saber as novidades da marca no mercado de running em 2023.<\/p>\n<p><a href=\"https:\/\/chelso.com.br\/site\/provas-presenciais\/\">Saiba mais sobre o nosso calend\u00e1rio de provas presenciais.<\/a><\/p>\n<h4><strong>Fam\u00edlia Corre atualizada<\/strong><\/h4>\n<p>De uma s\u00f3 vez, a Olympikus revelou seus quatro lan\u00e7amentos de t\u00eanis para a corrida de rua. Tr\u00eas deles s\u00e3o atualiza\u00e7\u00f5es dos modelos que impulsionaram a marca de vez no running no ano passado (<strong>Corre 3<\/strong>,\u00a0<strong>Corre Vento 2<\/strong>\u00a0e\u00a0<strong>Corre Grafeno 2<\/strong>). O quarto \u00e9 um novo segmento que a empresa decidiu abra\u00e7ar a partir deste ano, seguindo um \u201cchamado da natureza\u201d (<strong>Corre Trilha<\/strong>).<\/p>\n<p>O\u00a0<strong>Corre 3<\/strong>\u00a0ser\u00e1 lan\u00e7ado oficialmente dentro de uma outra novidade: a Casa do Corre. O espa\u00e7o para corredores voltar\u00e1 ap\u00f3s o sucesso em 2022, mas, dessa vez, ficar\u00e1 instalado por um m\u00eas no Parque Villa-Lobos, em S\u00e3o Paulo, mais precisamente de 18 de mar\u00e7o a 18 de abril. A ideia \u00e9 que a Casa do Corre sirva como pr\u00e9 e p\u00f3s-evento da\u00a0<a href=\"https:\/\/www.instagram.com\/maratonadesaopaulo\/\" target=\"_blank\" rel=\"noopener\"><strong>Maratona Internacional de S\u00e3o Paulo<\/strong><\/a>, patrocinada pela Olympikus e que ser\u00e1 disputada em 2 de abril.<\/p>\n<h4><strong>Olympikus atualiza Fam\u00edlia Corre<\/strong><\/h4>\n<p>O modelo conta com a tecnologia Eleva Pro, que proporciona melhor resposta, e tamb\u00e9m a tecnologia Gripper e Gripper Plus, uma borracha antiderrapante com resist\u00eancia \u00e0 abras\u00e3o, que oferece estabilidade e ainda mais conforto e maior propuls\u00e3o. Na quest\u00e3o do peso, o Corre 3 perdeu 14 gramas, o que \u00e9 considerado muito nesse n\u00edvel de t\u00eanis.<\/p>\n<blockquote class=\"instagram-media\" style=\"background: #FFF; border: 0; border-radius: 3px; box-shadow: 0 0 1px 0 rgba(0,0,0,0.5),0 1px 10px 0 rgba(0,0,0,0.15); margin: 1px; max-width: 540px; min-width: 326px; padding: 0; width: calc(100% - 2px);\" data-instgrm-captioned=\"\" data-instgrm-permalink=\"https:\/\/www.instagram.com\/p\/CoDii78D3nr\/?utm_source=ig_embed&amp;utm_campaign=loading\" data-instgrm-version=\"14\">\n<div style=\"padding: 16px;\">\n<p>&nbsp;<\/p>\n<div style=\"display: flex; flex-direction: row; align-items: center;\">\n<div style=\"background-color: #f4f4f4; border-radius: 50%; flex-grow: 0; height: 40px; margin-right: 14px; width: 40px;\"><\/div>\n<div style=\"display: flex; flex-direction: column; flex-grow: 1; justify-content: center;\">\n<div style=\"background-color: #f4f4f4; border-radius: 4px; flex-grow: 0; height: 14px; margin-bottom: 6px; width: 100px;\"><\/div>\n<div style=\"background-color: #f4f4f4; border-radius: 4px; flex-grow: 0; height: 14px; width: 60px;\"><\/div>\n<\/div>\n<\/div>\n<div style=\"padding: 19% 0;\"><\/div>\n<div style=\"display: block; height: 50px; margin: 0 auto 12px; width: 50px;\"><\/div>\n<div style=\"padding-top: 8px;\">\n<div style=\"color: #3897f0; font-family: Arial,sans-serif; font-size: 14px; font-style: normal; font-weight: 550; line-height: 18px;\">Ver essa foto no Instagram<\/div>\n<\/div>\n<div style=\"padding: 12.5% 0;\"><\/div>\n<div style=\"display: flex; flex-direction: row; margin-bottom: 14px; align-items: center;\">\n<div>\n<div style=\"background-color: #f4f4f4; border-radius: 50%; height: 12.5px; width: 12.5px; transform: translateX(0px) translateY(7px);\"><\/div>\n<div style=\"background-color: #f4f4f4; height: 12.5px; transform: rotate(-45deg) translateX(3px) translateY(1px); width: 12.5px; flex-grow: 0; margin-right: 14px; margin-left: 2px;\"><\/div>\n<div style=\"background-color: #f4f4f4; border-radius: 50%; height: 12.5px; width: 12.5px; transform: translateX(9px) translateY(-18px);\"><\/div>\n<\/div>\n<div style=\"margin-left: 8px;\">\n<div style=\"background-color: #f4f4f4; border-radius: 50%; flex-grow: 0; height: 20px; width: 20px;\"><\/div>\n<div style=\"width: 0; height: 0; border-top: 2px solid transparent; border-left: 6px solid #f4f4f4; border-bottom: 2px solid transparent; transform: translateX(16px) translateY(-4px) rotate(30deg);\"><\/div>\n<\/div>\n<div style=\"margin-left: auto;\">\n<div style=\"width: 0px; border-top: 8px solid #F4F4F4; border-right: 8px solid transparent; transform: translateY(16px);\"><\/div>\n<div style=\"background-color: #f4f4f4; flex-grow: 0; height: 12px; width: 16px; transform: translateY(-4px);\"><\/div>\n<div style=\"width: 0; height: 0; border-top: 8px solid #F4F4F4; border-left: 8px solid transparent; transform: translateY(-4px) translateX(8px);\"><\/div>\n<\/div>\n<\/div>\n<div style=\"display: flex; flex-direction: column; flex-grow: 1; justify-content: center; margin-bottom: 24px;\">\n<div style=\"background-color: #f4f4f4; border-radius: 4px; flex-grow: 0; height: 14px; margin-bottom: 6px; width: 224px;\"><\/div>\n<div style=\"background-color: #f4f4f4; border-radius: 4px; flex-grow: 0; height: 14px; width: 144px;\"><\/div>\n<\/div>\n<p>&nbsp;<\/p>\n<p style=\"color: #c9c8cd; font-family: Arial,sans-serif; font-size: 14px; line-height: 17px; margin-bottom: 0; margin-top: 8px; overflow: hidden; padding: 8px 0 7px; text-align: center; text-overflow: ellipsis; white-space: nowrap;\"><a style=\"color: #c9c8cd; font-family: Arial,sans-serif; font-size: 14px; font-style: normal; font-weight: normal; line-height: 17px; text-decoration: none;\" href=\"https:\/\/www.instagram.com\/p\/CoDii78D3nr\/?utm_source=ig_embed&amp;utm_campaign=loading\" target=\"_blank\" rel=\"noopener\">Uma publica\u00e7\u00e3o compartilhada por Olympikus (@olympikus)<\/a><\/p>\n<\/div>\n<\/blockquote>\n<p><script async src=\"\/\/www.instagram.com\/embed.js\"><\/script><\/p>\n<p>J\u00e1 os modelos\u00a0<strong>Corre Vento 2<\/strong>\u00a0e\u00a0<strong>Corre Trilha<\/strong>\u00a0chegar\u00e3o aos pontos de venda na segunda quinzena de mar\u00e7o, o que far\u00e1 com que estejam presentes, junto ao Corre 3, no espa\u00e7o da Olympikus na Maratona de SP. O\u00a0<strong>Vento 2<\/strong>\u00a0segue sendo a aposta da marca para provas de velocidade, dessa vez com peso de 168 gramas, 5 gramas a menos que a primeira vers\u00e3o. As tecnologias s\u00e3o praticamente as mesmas do\u00a0<strong>Corre 3<\/strong>, com maior respirabilidade.<\/p>\n<h4><strong>Corre Trilha, um chamado da Natureza<\/strong><\/h4>\n<p>Com rela\u00e7\u00e3o ao\u00a0<strong>Trilha<\/strong>, ali\u00e1s, a marca quer que o quarto modelo da Fam\u00edlia Corre siga o mesmo caminho de sucesso dos outros tr\u00eas. Al\u00e9m de possuir a tecnologia Eleva Pro, o solado do t\u00eanis conta com uma parceria com a Vibram, cuja borracha feita para terrenos desafiadores garante maior estabilidade, sustenta\u00e7\u00e3o e seguran\u00e7a. Por fim, o modelo ainda foi produzido para evitar a absor\u00e7\u00e3o de \u00e1gua.<\/p>\n<p><em>\u201cPercebemos que, principalmente ap\u00f3s o surgimento da pandemia, os corredores passaram a buscar cada vez mais a natureza para correr. \u00c9 a comunidade que mais cresce depois da pandemia, por conta daqueles que migraram do asfalto e das pistas. O Trilha \u00e9 para quem sentiu o chamado da natureza\u201d,<\/em>\u00a0afirmou\u00a0<a href=\"https:\/\/www.instagram.com\/marciocallage\/\" target=\"_blank\" rel=\"noopener\"><strong>M\u00e1rcio Callage<\/strong><\/a>, diretor de marketing da Olympikus.<\/p>\n<h4><strong>Marca oficial na Maratona de Porto Alegre<\/strong><\/h4>\n<p>Por \u00faltimo, o\u00a0<strong>Corre Grafeno 2<\/strong>, o t\u00eanis com placa da Olympikus, ser\u00e1 lan\u00e7ado na segunda quinzena de maio, pouco antes da\u00a0<a href=\"https:\/\/www.instagram.com\/maratonainternacionaldepoa\/\" target=\"_blank\" rel=\"noopener\"><strong>Maratona Internacional de Porto Alegre<\/strong><\/a>, que desta vez n\u00e3o ser\u00e1 apenas apoiada pela marca.\u00a0<a href=\"https:\/\/www.perunning.com.br\/olympikus-e-a-patrocinadora-oficial-da-38a-maratona-internacional-de-porto-alegre\/\"><strong>A Olympikus ser\u00e1 a nova marca esportiva oficial da prova<\/strong><\/a>, que ser\u00e1 disputada entre os dias 3 e 4 de junho.<\/p>\n<p>No modelo, produzido para alta performance, a principal novidade \u00e9 uma parceria com a Michelin, respons\u00e1vel pela borracha do solado, que promete garantir mais propuls\u00e3o, grau superior de resposta e m\u00e1xima ader\u00eancia.<\/p>\n<p>Os quatro t\u00eanis ganharam cabedais mais resistentes e ajustados, assim como lingueta com passadores laterais. Todos tamb\u00e9m possuem a tecnologia Oxitec, com uma nova composi\u00e7\u00e3o de fios que proporciona mais leveza, conforto t\u00e9rmico e melhor absor\u00e7\u00e3o de \u00e1gua.<\/p>\n<figure id=\"attachment_16719\" aria-describedby=\"caption-attachment-16719\" style=\"width: 768px\" class=\"wp-caption alignnone\"><img fetchpriority=\"high\" decoding=\"async\" class=\"size-full wp-image-16719\" src=\"https:\/\/chelso.com.br\/site\/wp-content\/uploads\/2023\/03\/Sem.jpg\" alt=\"Olympikus atualiza Fam\u00edlia Corre\" width=\"768\" height=\"432\" \/><figcaption id=\"caption-attachment-16719\" class=\"wp-caption-text\">Olympikus Grafeno 2 ser\u00e1 o t\u00eanis oficial da Maratona de Porto Alegre &#8211; Foto: Olympikus\/Divulga\u00e7\u00e3o<\/figcaption><\/figure>\n<p>Por fim, com exce\u00e7\u00e3o do Trilha, os outros tr\u00eas contam com uma palmilha feita de EVA e projetada com perfuros para facilitar o escoamento de \u00e1gua ou suor.<\/p>\n<p><em>\u201cEm 2022, primeiro ano da Fam\u00edlia Corre, tivemos resultados muito bons. Ent\u00e3o, come\u00e7amos a entender que a gente pode mais. A corrida \u00e9, hoje, o esporte mais praticado no Brasil, ent\u00e3o, se a gente conseguir mobilizar as pessoas para que mais e mais pessoas corram, a gente entende que pode ser protagonista desse processo\u201d<\/em>, explicou Callage.<\/p>\n<h5><strong>Olympikus atualiza Fam\u00edlia Corre &#8211; Pre\u00e7os<\/strong><\/h5>\n<p>Com rela\u00e7\u00e3o aos pre\u00e7os, o mais barato ser\u00e1 o\u00a0<strong>Corre Vento 2<\/strong>, que custar\u00e1 R$ 449. Em seguida, o\u00a0<strong>Corre 3<\/strong>\u00a0sair\u00e1 por R$ 499. Estreantes, o\u00a0<strong>Corre Trilha<\/strong>\u00a0chegar\u00e1 ao mercado por R$ 599. E o mais caro seguir\u00e1 sendo o t\u00eanis com placa, com o\u00a0<strong>Corre Grafeno 2<\/strong>\u00a0custando R$ 799.<\/p>\n<h4><strong>Bota Pra Correr 2023<\/strong><\/h4>\n<p>A Olympikus ainda aproveitou o Corre Show para divulgar os dois novos locais escolhidos para o\u00a0<strong>Bota Pra Correr (BPC)<\/strong>, circuito de corridas propriet\u00e1rias da marca, em 2023. Ap\u00f3s Jalap\u00e3o (TO), Pantanal (MT\/MS), Alter do Ch\u00e3o (PA), Rio do Vento (RN), Chapada dos Veadeiros (GO) e S\u00e3o Miguel dos Milagres (AL), o BPC passar\u00e1 por\u00a0<a href=\"https:\/\/www.perunning.com.br\/21k-do-conde-inscricoes-abertas-para-correr-no-paraiso\/\" target=\"_blank\" rel=\"noopener\"><strong>Costa do Conde (PB)<\/strong><\/a>\u00a0em 9 de setembro e\u00a0<strong>Vale dos Vinhedos (RS)<\/strong>\u00a0em 18 de novembro.<\/p>\n<p>No caso da primeira etapa, haver\u00e1 provas de 11k e 21k no asfalto e tamb\u00e9m 4k e 15k na trilha. O inscrito ter\u00e1 que escolher um ou outro tipo de piso, j\u00e1 que as provas ser\u00e3o realizadas no mesmo dia e praticamente ao mesmo tempo. J\u00e1 na segunda etapa, o percurso de asfalto e paralelep\u00edpedo ter\u00e1 5k, enquanto a trilha contar\u00e1 com um percurso de 18k.<\/p>\n<p>As inscri\u00e7\u00f5es para qualquer uma das duas etapas ter\u00e3o in\u00edcio junto \u00e0 inaugura\u00e7\u00e3o da Casa do Corre, em 18 de mar\u00e7o. No entanto, j\u00e1 \u00e9 poss\u00edvel realizar um pr\u00e9-cadastro no site oficial do circuito.<\/p>\n<p><em>\u201cTemos muito orgulho do que estamos construindo com a Olympikus atrav\u00e9s da corrida. Nossos produtos foram pensados exclusivamente para a necessidade do brasileiro na modalidade e as provas propriet\u00e1rias, para que possam testar esses produtos e explorar nosso pa\u00eds t\u00e3o rico em beleza natural. Fazemos um trabalho dedicado aos clientes e funcion\u00e1rios para que todos tenham orgulho do que estamos fazendo\u201d,<\/em>\u00a0comentou\u00a0<a href=\"https:\/\/www.instagram.com\/pedrobartelle\/\" target=\"_blank\" rel=\"noopener\"><strong>Pedro Bartelle<\/strong><\/a>, CEO da Vulcabras.<\/p>\n","protected":false},"excerpt":{"rendered":"<p>Olympikus atualiza Fam\u00edlia Corre! A Olympikus\u00a0realizou, nesta ter\u00e7a-feira (28), a primeira edi\u00e7\u00e3o do Corre Show. O evento foi concebido para que atletas, colaboradores, influenciadores e jornalistas visitassem a principal f\u00e1brica da\u00a0Vulcabras, em Horizonte (CE), para saber as novidades da marca no mercado de running em 2023. Saiba mais sobre o nosso calend\u00e1rio de provas presenciais.<\/p>\n","protected":false},"author":21,"featured_media":0,"comment_status":"open","ping_status":"closed","sticky":false,"template":"","format":"standard","meta":{"om_disable_all_campaigns":false,"_monsterinsights_skip_tracking":false,"_monsterinsights_sitenote_active":false,"_monsterinsights_sitenote_note":"","_monsterinsights_sitenote_category":0,"footnotes":""},"categories":[89,30],"tags":[735,41,172,1531,2372,858],"class_list":{"0":"post-16717","1":"post","2":"type-post","3":"status-publish","4":"format-standard","6":"category-dicas","7":"category-noticias","8":"tag-chelso","9":"tag-chelso-sports","10":"tag-corre","11":"tag-familia-corre","12":"tag-grafeno","13":"tag-olympikus"},"aioseo_notices":[],"yoast_head":"<!-- This site is optimized with the Yoast SEO plugin v27.5 - https:\/\/yoast.com\/product\/yoast-seo-wordpress\/ -->\n<title>Olympikus atualiza Fam\u00edlia Corre e acrescenta t\u00eanis para trilha - Portal Chelso Sports<\/title>\n<meta name=\"description\" content=\"Olympikus atualiza Fam\u00edlia Corre e acrescenta t\u00eanis para trilha. Marca decidiu revelar as quatro novidades de uma vez em 2023.\" \/>\n<meta name=\"robots\" content=\"index, follow, max-snippet:-1, max-image-preview:large, max-video-preview:-1\" \/>\n<link rel=\"canonical\" href=\"https:\/\/chelso.com.br\/site\/olympikus-atualiza-familia-corre-e-acrescenta-tenis-para-trilha\/\" \/>\n<meta property=\"og:locale\" content=\"pt_BR\" \/>\n<meta property=\"og:type\" content=\"article\" \/>\n<meta property=\"og:title\" content=\"Olympikus atualiza Fam\u00edlia Corre e acrescenta t\u00eanis para trilha - Portal Chelso Sports\" \/>\n<meta property=\"og:description\" content=\"Olympikus atualiza Fam\u00edlia Corre e acrescenta t\u00eanis para trilha. Marca decidiu revelar as quatro novidades de uma vez em 2023.\" \/>\n<meta property=\"og:url\" content=\"https:\/\/chelso.com.br\/site\/olympikus-atualiza-familia-corre-e-acrescenta-tenis-para-trilha\/\" \/>\n<meta property=\"og:site_name\" content=\"Portal Chelso Sports\" \/>\n<meta property=\"article:published_time\" content=\"2023-03-03T18:29:02+00:00\" \/>\n<meta property=\"og:image\" content=\"https:\/\/chelso.com.br\/site\/wp-content\/uploads\/2023\/03\/Sem-titulo.jpg\" \/>\n\t<meta property=\"og:image:width\" content=\"1280\" \/>\n\t<meta property=\"og:image:height\" content=\"720\" \/>\n\t<meta property=\"og:image:type\" content=\"image\/jpeg\" \/>\n<meta name=\"author\" content=\"Chelso\" \/>\n<meta name=\"twitter:card\" content=\"summary_large_image\" \/>\n<meta name=\"twitter:label1\" content=\"Escrito por\" \/>\n\t<meta name=\"twitter:data1\" content=\"Chelso\" \/>\n\t<meta name=\"twitter:label2\" content=\"Est. tempo de leitura\" \/>\n\t<meta name=\"twitter:data2\" content=\"6 minutos\" \/>\n<script type=\"application\/ld+json\" class=\"yoast-schema-graph\">{\"@context\":\"https:\\\/\\\/schema.org\",\"@graph\":[{\"@type\":\"Article\",\"@id\":\"https:\\\/\\\/chelso.com.br\\\/site\\\/olympikus-atualiza-familia-corre-e-acrescenta-tenis-para-trilha\\\/#article\",\"isPartOf\":{\"@id\":\"https:\\\/\\\/chelso.com.br\\\/site\\\/olympikus-atualiza-familia-corre-e-acrescenta-tenis-para-trilha\\\/\"},\"author\":{\"name\":\"Chelso\",\"@id\":\"https:\\\/\\\/chelso.com.br\\\/site\\\/#\\\/schema\\\/person\\\/06bf484f0ccbb71d4fd2128d594e1d0a\"},\"headline\":\"Olympikus atualiza Fam\u00edlia Corre e acrescenta t\u00eanis para trilha\",\"datePublished\":\"2023-03-03T18:29:02+00:00\",\"mainEntityOfPage\":{\"@id\":\"https:\\\/\\\/chelso.com.br\\\/site\\\/olympikus-atualiza-familia-corre-e-acrescenta-tenis-para-trilha\\\/\"},\"wordCount\":1085,\"commentCount\":0,\"image\":{\"@id\":\"https:\\\/\\\/chelso.com.br\\\/site\\\/olympikus-atualiza-familia-corre-e-acrescenta-tenis-para-trilha\\\/#primaryimage\"},\"thumbnailUrl\":\"https:\\\/\\\/chelso.com.br\\\/site\\\/wp-content\\\/uploads\\\/2023\\\/03\\\/Sem.jpg\",\"keywords\":[\"Chelso\",\"chelso sports\",\"corre\",\"Fam\u00edlia Corre\",\"Grafeno\",\"Olympikus\"],\"articleSection\":[\"Dicas\",\"Not\u00edcias\"],\"inLanguage\":\"pt-BR\",\"potentialAction\":[{\"@type\":\"CommentAction\",\"name\":\"Comment\",\"target\":[\"https:\\\/\\\/chelso.com.br\\\/site\\\/olympikus-atualiza-familia-corre-e-acrescenta-tenis-para-trilha\\\/#respond\"]}]},{\"@type\":\"WebPage\",\"@id\":\"https:\\\/\\\/chelso.com.br\\\/site\\\/olympikus-atualiza-familia-corre-e-acrescenta-tenis-para-trilha\\\/\",\"url\":\"https:\\\/\\\/chelso.com.br\\\/site\\\/olympikus-atualiza-familia-corre-e-acrescenta-tenis-para-trilha\\\/\",\"name\":\"Olympikus atualiza Fam\u00edlia Corre e acrescenta t\u00eanis para trilha - Portal Chelso Sports\",\"isPartOf\":{\"@id\":\"https:\\\/\\\/chelso.com.br\\\/site\\\/#website\"},\"primaryImageOfPage\":{\"@id\":\"https:\\\/\\\/chelso.com.br\\\/site\\\/olympikus-atualiza-familia-corre-e-acrescenta-tenis-para-trilha\\\/#primaryimage\"},\"image\":{\"@id\":\"https:\\\/\\\/chelso.com.br\\\/site\\\/olympikus-atualiza-familia-corre-e-acrescenta-tenis-para-trilha\\\/#primaryimage\"},\"thumbnailUrl\":\"https:\\\/\\\/chelso.com.br\\\/site\\\/wp-content\\\/uploads\\\/2023\\\/03\\\/Sem.jpg\",\"datePublished\":\"2023-03-03T18:29:02+00:00\",\"author\":{\"@id\":\"https:\\\/\\\/chelso.com.br\\\/site\\\/#\\\/schema\\\/person\\\/06bf484f0ccbb71d4fd2128d594e1d0a\"},\"description\":\"Olympikus atualiza Fam\u00edlia Corre e acrescenta t\u00eanis para trilha. Marca decidiu revelar as quatro novidades de uma vez em 2023.\",\"breadcrumb\":{\"@id\":\"https:\\\/\\\/chelso.com.br\\\/site\\\/olympikus-atualiza-familia-corre-e-acrescenta-tenis-para-trilha\\\/#breadcrumb\"},\"inLanguage\":\"pt-BR\",\"potentialAction\":[{\"@type\":\"ReadAction\",\"target\":[\"https:\\\/\\\/chelso.com.br\\\/site\\\/olympikus-atualiza-familia-corre-e-acrescenta-tenis-para-trilha\\\/\"]}]},{\"@type\":\"ImageObject\",\"inLanguage\":\"pt-BR\",\"@id\":\"https:\\\/\\\/chelso.com.br\\\/site\\\/olympikus-atualiza-familia-corre-e-acrescenta-tenis-para-trilha\\\/#primaryimage\",\"url\":\"\",\"contentUrl\":\"\"},{\"@type\":\"BreadcrumbList\",\"@id\":\"https:\\\/\\\/chelso.com.br\\\/site\\\/olympikus-atualiza-familia-corre-e-acrescenta-tenis-para-trilha\\\/#breadcrumb\",\"itemListElement\":[{\"@type\":\"ListItem\",\"position\":1,\"name\":\"In\u00edcio\",\"item\":\"https:\\\/\\\/chelso.com.br\\\/site\\\/\"},{\"@type\":\"ListItem\",\"position\":2,\"name\":\"Olympikus atualiza Fam\u00edlia Corre e acrescenta t\u00eanis para trilha\"}]},{\"@type\":\"WebSite\",\"@id\":\"https:\\\/\\\/chelso.com.br\\\/site\\\/#website\",\"url\":\"https:\\\/\\\/chelso.com.br\\\/site\\\/\",\"name\":\"Portal Chelso Sports\",\"description\":\"Conte\u00fado especializado em corrida de rua e triathlon\",\"potentialAction\":[{\"@type\":\"SearchAction\",\"target\":{\"@type\":\"EntryPoint\",\"urlTemplate\":\"https:\\\/\\\/chelso.com.br\\\/site\\\/?s={search_term_string}\"},\"query-input\":{\"@type\":\"PropertyValueSpecification\",\"valueRequired\":true,\"valueName\":\"search_term_string\"}}],\"inLanguage\":\"pt-BR\"},{\"@type\":\"Person\",\"@id\":\"https:\\\/\\\/chelso.com.br\\\/site\\\/#\\\/schema\\\/person\\\/06bf484f0ccbb71d4fd2128d594e1d0a\",\"name\":\"Chelso\",\"image\":{\"@type\":\"ImageObject\",\"inLanguage\":\"pt-BR\",\"@id\":\"https:\\\/\\\/chelso.com.br\\\/site\\\/wp-content\\\/uploads\\\/2025\\\/04\\\/Perfil20192-150x149.png\",\"url\":\"https:\\\/\\\/chelso.com.br\\\/site\\\/wp-content\\\/uploads\\\/2025\\\/04\\\/Perfil20192-150x149.png\",\"contentUrl\":\"https:\\\/\\\/chelso.com.br\\\/site\\\/wp-content\\\/uploads\\\/2025\\\/04\\\/Perfil20192-150x149.png\",\"caption\":\"Chelso\"},\"sameAs\":[\"http:\\\/\\\/www.chelso.com.br\"],\"url\":\"https:\\\/\\\/chelso.com.br\\\/site\\\/author\\\/maryblog\\\/\"}]}<\/script>\n<!-- \/ Yoast SEO plugin. -->","yoast_head_json":{"title":"Olympikus atualiza Fam\u00edlia Corre e acrescenta t\u00eanis para trilha - Portal Chelso Sports","description":"Olympikus atualiza Fam\u00edlia Corre e acrescenta t\u00eanis para trilha. Marca decidiu revelar as quatro novidades de uma vez em 2023.","robots":{"index":"index","follow":"follow","max-snippet":"max-snippet:-1","max-image-preview":"max-image-preview:large","max-video-preview":"max-video-preview:-1"},"canonical":"https:\/\/chelso.com.br\/site\/olympikus-atualiza-familia-corre-e-acrescenta-tenis-para-trilha\/","og_locale":"pt_BR","og_type":"article","og_title":"Olympikus atualiza Fam\u00edlia Corre e acrescenta t\u00eanis para trilha - Portal Chelso Sports","og_description":"Olympikus atualiza Fam\u00edlia Corre e acrescenta t\u00eanis para trilha. Marca decidiu revelar as quatro novidades de uma vez em 2023.","og_url":"https:\/\/chelso.com.br\/site\/olympikus-atualiza-familia-corre-e-acrescenta-tenis-para-trilha\/","og_site_name":"Portal Chelso Sports","article_published_time":"2023-03-03T18:29:02+00:00","og_image":[{"width":1280,"height":720,"url":"https:\/\/chelso.com.br\/site\/wp-content\/uploads\/2023\/03\/Sem-titulo.jpg","type":"image\/jpeg"}],"author":"Chelso","twitter_card":"summary_large_image","twitter_misc":{"Escrito por":"Chelso","Est. tempo de leitura":"6 minutos"},"schema":{"@context":"https:\/\/schema.org","@graph":[{"@type":"Article","@id":"https:\/\/chelso.com.br\/site\/olympikus-atualiza-familia-corre-e-acrescenta-tenis-para-trilha\/#article","isPartOf":{"@id":"https:\/\/chelso.com.br\/site\/olympikus-atualiza-familia-corre-e-acrescenta-tenis-para-trilha\/"},"author":{"name":"Chelso","@id":"https:\/\/chelso.com.br\/site\/#\/schema\/person\/06bf484f0ccbb71d4fd2128d594e1d0a"},"headline":"Olympikus atualiza Fam\u00edlia Corre e acrescenta t\u00eanis para trilha","datePublished":"2023-03-03T18:29:02+00:00","mainEntityOfPage":{"@id":"https:\/\/chelso.com.br\/site\/olympikus-atualiza-familia-corre-e-acrescenta-tenis-para-trilha\/"},"wordCount":1085,"commentCount":0,"image":{"@id":"https:\/\/chelso.com.br\/site\/olympikus-atualiza-familia-corre-e-acrescenta-tenis-para-trilha\/#primaryimage"},"thumbnailUrl":"https:\/\/chelso.com.br\/site\/wp-content\/uploads\/2023\/03\/Sem.jpg","keywords":["Chelso","chelso sports","corre","Fam\u00edlia Corre","Grafeno","Olympikus"],"articleSection":["Dicas","Not\u00edcias"],"inLanguage":"pt-BR","potentialAction":[{"@type":"CommentAction","name":"Comment","target":["https:\/\/chelso.com.br\/site\/olympikus-atualiza-familia-corre-e-acrescenta-tenis-para-trilha\/#respond"]}]},{"@type":"WebPage","@id":"https:\/\/chelso.com.br\/site\/olympikus-atualiza-familia-corre-e-acrescenta-tenis-para-trilha\/","url":"https:\/\/chelso.com.br\/site\/olympikus-atualiza-familia-corre-e-acrescenta-tenis-para-trilha\/","name":"Olympikus atualiza Fam\u00edlia Corre e acrescenta t\u00eanis para trilha - Portal Chelso Sports","isPartOf":{"@id":"https:\/\/chelso.com.br\/site\/#website"},"primaryImageOfPage":{"@id":"https:\/\/chelso.com.br\/site\/olympikus-atualiza-familia-corre-e-acrescenta-tenis-para-trilha\/#primaryimage"},"image":{"@id":"https:\/\/chelso.com.br\/site\/olympikus-atualiza-familia-corre-e-acrescenta-tenis-para-trilha\/#primaryimage"},"thumbnailUrl":"https:\/\/chelso.com.br\/site\/wp-content\/uploads\/2023\/03\/Sem.jpg","datePublished":"2023-03-03T18:29:02+00:00","author":{"@id":"https:\/\/chelso.com.br\/site\/#\/schema\/person\/06bf484f0ccbb71d4fd2128d594e1d0a"},"description":"Olympikus atualiza Fam\u00edlia Corre e acrescenta t\u00eanis para trilha. Marca decidiu revelar as quatro novidades de uma vez em 2023.","breadcrumb":{"@id":"https:\/\/chelso.com.br\/site\/olympikus-atualiza-familia-corre-e-acrescenta-tenis-para-trilha\/#breadcrumb"},"inLanguage":"pt-BR","potentialAction":[{"@type":"ReadAction","target":["https:\/\/chelso.com.br\/site\/olympikus-atualiza-familia-corre-e-acrescenta-tenis-para-trilha\/"]}]},{"@type":"ImageObject","inLanguage":"pt-BR","@id":"https:\/\/chelso.com.br\/site\/olympikus-atualiza-familia-corre-e-acrescenta-tenis-para-trilha\/#primaryimage","url":"","contentUrl":""},{"@type":"BreadcrumbList","@id":"https:\/\/chelso.com.br\/site\/olympikus-atualiza-familia-corre-e-acrescenta-tenis-para-trilha\/#breadcrumb","itemListElement":[{"@type":"ListItem","position":1,"name":"In\u00edcio","item":"https:\/\/chelso.com.br\/site\/"},{"@type":"ListItem","position":2,"name":"Olympikus atualiza Fam\u00edlia Corre e acrescenta t\u00eanis para trilha"}]},{"@type":"WebSite","@id":"https:\/\/chelso.com.br\/site\/#website","url":"https:\/\/chelso.com.br\/site\/","name":"Portal Chelso Sports","description":"Conte\u00fado especializado em corrida de rua e triathlon","potentialAction":[{"@type":"SearchAction","target":{"@type":"EntryPoint","urlTemplate":"https:\/\/chelso.com.br\/site\/?s={search_term_string}"},"query-input":{"@type":"PropertyValueSpecification","valueRequired":true,"valueName":"search_term_string"}}],"inLanguage":"pt-BR"},{"@type":"Person","@id":"https:\/\/chelso.com.br\/site\/#\/schema\/person\/06bf484f0ccbb71d4fd2128d594e1d0a","name":"Chelso","image":{"@type":"ImageObject","inLanguage":"pt-BR","@id":"https:\/\/chelso.com.br\/site\/wp-content\/uploads\/2025\/04\/Perfil20192-150x149.png","url":"https:\/\/chelso.com.br\/site\/wp-content\/uploads\/2025\/04\/Perfil20192-150x149.png","contentUrl":"https:\/\/chelso.com.br\/site\/wp-content\/uploads\/2025\/04\/Perfil20192-150x149.png","caption":"Chelso"},"sameAs":["http:\/\/www.chelso.com.br"],"url":"https:\/\/chelso.com.br\/site\/author\/maryblog\/"}]}},"amp_enabled":true,"_links":{"self":[{"href":"https:\/\/chelso.com.br\/site\/wp-json\/wp\/v2\/posts\/16717","targetHints":{"allow":["GET"]}}],"collection":[{"href":"https:\/\/chelso.com.br\/site\/wp-json\/wp\/v2\/posts"}],"about":[{"href":"https:\/\/chelso.com.br\/site\/wp-json\/wp\/v2\/types\/post"}],"author":[{"embeddable":true,"href":"https:\/\/chelso.com.br\/site\/wp-json\/wp\/v2\/users\/21"}],"replies":[{"embeddable":true,"href":"https:\/\/chelso.com.br\/site\/wp-json\/wp\/v2\/comments?post=16717"}],"version-history":[{"count":1,"href":"https:\/\/chelso.com.br\/site\/wp-json\/wp\/v2\/posts\/16717\/revisions"}],"predecessor-version":[{"id":16720,"href":"https:\/\/chelso.com.br\/site\/wp-json\/wp\/v2\/posts\/16717\/revisions\/16720"}],"wp:attachment":[{"href":"https:\/\/chelso.com.br\/site\/wp-json\/wp\/v2\/media?parent=16717"}],"wp:term":[{"taxonomy":"category","embeddable":true,"href":"https:\/\/chelso.com.br\/site\/wp-json\/wp\/v2\/categories?post=16717"},{"taxonomy":"post_tag","embeddable":true,"href":"https:\/\/chelso.com.br\/site\/wp-json\/wp\/v2\/tags?post=16717"}],"curies":[{"name":"wp","href":"https:\/\/api.w.org\/{rel}","templated":true}]}}