{"id":16842,"date":"2023-03-30T20:43:28","date_gmt":"2023-03-30T23:43:28","guid":{"rendered":"https:\/\/chelso.com.br\/site\/?p=16842"},"modified":"2023-03-30T20:43:28","modified_gmt":"2023-03-30T23:43:28","slug":"maratona-de-paris-2023","status":"publish","type":"post","link":"https:\/\/chelso.com.br\/site\/maratona-de-paris-2023\/","title":{"rendered":"Maratona de Paris 2023"},"content":{"rendered":"<p><strong>Maratona de Paris 2023!<\/strong> <span style=\"font-weight: 400;\">Mundialmente conhecida, a Maratona de Paris est\u00e1 confirmada para este domingo (2). Ao longo dos \u00faltimos dias cogitou-se o cancelamento da prova devido \u00e0s manifesta\u00e7\u00f5es e greves que bloqueiam a Fran\u00e7a, mas a confirma\u00e7\u00e3o veio atrav\u00e9s de um post de Pierre Rabadan, representante do esporte e das Olimp\u00edadas de Paris. \u201cNunca se falou em cancelar ou adiar a Maratona de Paris. At\u00e9 domingo\u201d, disse Pierre atrav\u00e9s de um post no twett.<\/span><\/p>\n<p><a href=\"https:\/\/chelso.com.br\/site\/judith-jeptum-quebra-recorde-da-maratona-de-paris\/\">Confira como foi a prova em 2022<\/a><\/p>\n<h2><strong>Maratona de Paris 2023!<\/strong><\/h2>\n<p><span style=\"font-weight: 400;\">Desta forma, s\u00e3o esperados 50 mil atletas de todo mundo correndo nas ruas charmosas da capital francesa. Como j\u00e1 \u00e9 tradi\u00e7\u00e3o, a largada ocorre na Champs-\u00c9lys\u00e9es, cart\u00e3o postal de Paris, e percorre trechos famosos da cidade, entre eles a Place de la Concorde, a Op\u00e9ra Garnier, o Louvre, Torre Eiffel, entre outros pontos tur\u00edsticos.<\/span><\/p>\n<p><span style=\"font-weight: 400;\">Em 2022, a prova teve como destaque a queniana Judith Jeptum, campe\u00e3 da Maratona de Paris com novo recorde: 2h19m48s, sendo a primeira atleta da hist\u00f3ria a baixar de 2h20m na competi\u00e7\u00e3o francesa. Entre os homens, o campe\u00e3o foi Deso Gelmisa, com 2h05m07s, tempo superior ao recorde de Elisha Rotich, que marcou 2h04m21s em 2021.\u00a0<\/span><\/p>\n<blockquote class=\"instagram-media\" style=\"background: #FFF; border: 0; border-radius: 3px; box-shadow: 0 0 1px 0 rgba(0,0,0,0.5),0 1px 10px 0 rgba(0,0,0,0.15); margin: 1px; max-width: 540px; min-width: 326px; padding: 0; width: calc(100% - 2px);\" data-instgrm-captioned=\"\" data-instgrm-permalink=\"https:\/\/www.instagram.com\/p\/CqbB5lVIOVD\/?utm_source=ig_embed&amp;utm_campaign=loading\" data-instgrm-version=\"14\">\n<div style=\"padding: 16px;\">\n<p>&nbsp;<\/p>\n<div style=\"display: flex; flex-direction: row; align-items: center;\">\n<div style=\"background-color: #f4f4f4; border-radius: 50%; flex-grow: 0; height: 40px; margin-right: 14px; width: 40px;\"><\/div>\n<div style=\"display: flex; flex-direction: column; flex-grow: 1; justify-content: center;\">\n<div style=\"background-color: #f4f4f4; border-radius: 4px; flex-grow: 0; height: 14px; margin-bottom: 6px; width: 100px;\"><\/div>\n<div style=\"background-color: #f4f4f4; border-radius: 4px; flex-grow: 0; height: 14px; width: 60px;\"><\/div>\n<\/div>\n<\/div>\n<div style=\"padding: 19% 0;\"><\/div>\n<div style=\"display: block; height: 50px; margin: 0 auto 12px; width: 50px;\"><\/div>\n<div style=\"padding-top: 8px;\">\n<div style=\"color: #3897f0; font-family: Arial,sans-serif; font-size: 14px; font-style: normal; font-weight: 550; line-height: 18px;\">Ver essa foto no Instagram<\/div>\n<\/div>\n<div style=\"padding: 12.5% 0;\"><\/div>\n<div style=\"display: flex; flex-direction: row; margin-bottom: 14px; align-items: center;\">\n<div>\n<div style=\"background-color: #f4f4f4; border-radius: 50%; height: 12.5px; width: 12.5px; transform: translateX(0px) translateY(7px);\"><\/div>\n<div style=\"background-color: #f4f4f4; height: 12.5px; transform: rotate(-45deg) translateX(3px) translateY(1px); width: 12.5px; flex-grow: 0; margin-right: 14px; margin-left: 2px;\"><\/div>\n<div style=\"background-color: #f4f4f4; border-radius: 50%; height: 12.5px; width: 12.5px; transform: translateX(9px) translateY(-18px);\"><\/div>\n<\/div>\n<div style=\"margin-left: 8px;\">\n<div style=\"background-color: #f4f4f4; border-radius: 50%; flex-grow: 0; height: 20px; width: 20px;\"><\/div>\n<div style=\"width: 0; height: 0; border-top: 2px solid transparent; border-left: 6px solid #f4f4f4; border-bottom: 2px solid transparent; transform: translateX(16px) translateY(-4px) rotate(30deg);\"><\/div>\n<\/div>\n<div style=\"margin-left: auto;\">\n<div style=\"width: 0px; border-top: 8px solid #F4F4F4; border-right: 8px solid transparent; transform: translateY(16px);\"><\/div>\n<div style=\"background-color: #f4f4f4; flex-grow: 0; height: 12px; width: 16px; transform: translateY(-4px);\"><\/div>\n<div style=\"width: 0; height: 0; border-top: 8px solid #F4F4F4; border-left: 8px solid transparent; transform: translateY(-4px) translateX(8px);\"><\/div>\n<\/div>\n<\/div>\n<div style=\"display: flex; flex-direction: column; flex-grow: 1; justify-content: center; margin-bottom: 24px;\">\n<div style=\"background-color: #f4f4f4; border-radius: 4px; flex-grow: 0; height: 14px; margin-bottom: 6px; width: 224px;\"><\/div>\n<div style=\"background-color: #f4f4f4; border-radius: 4px; flex-grow: 0; height: 14px; width: 144px;\"><\/div>\n<\/div>\n<p>&nbsp;<\/p>\n<p style=\"color: #c9c8cd; font-family: Arial,sans-serif; font-size: 14px; line-height: 17px; margin-bottom: 0; margin-top: 8px; overflow: hidden; padding: 8px 0 7px; text-align: center; text-overflow: ellipsis; white-space: nowrap;\"><a style=\"color: #c9c8cd; font-family: Arial,sans-serif; font-size: 14px; font-style: normal; font-weight: normal; line-height: 17px; text-decoration: none;\" href=\"https:\/\/www.instagram.com\/p\/CqbB5lVIOVD\/?utm_source=ig_embed&amp;utm_campaign=loading\" target=\"_blank\" rel=\"noopener\">Uma publica\u00e7\u00e3o compartilhada por SE Marathon de Paris (@parismarathon)<\/a><\/p>\n<\/div>\n<\/blockquote>\n<p><script async src=\"\/\/www.instagram.com\/embed.js\"><\/script><\/p>\n<p><span style=\"font-weight: 400;\">Resultados\u00a0 \u2013 Maratona de Paris 2022<\/span><\/p>\n<p><span style=\"font-weight: 400;\">Masculino \u2013 Top 5<\/span><span style=\"font-weight: 400;\"><br \/>\n<\/span><span style=\"font-weight: 400;\">1. Deso Gelmisa (Eti\u00f3pia) \u2013 2h05m07s<\/span><span style=\"font-weight: 400;\"><br \/>\n<\/span><span style=\"font-weight: 400;\">2. Seifu Tura (Eti\u00f3pia) \u2013 2h05m10s<\/span><span style=\"font-weight: 400;\"><br \/>\n<\/span><span style=\"font-weight: 400;\">3. Morhad Amdouni (Fran\u00e7a) \u2013 2h05m22s<\/span><span style=\"font-weight: 400;\"><br \/>\n<\/span><span style=\"font-weight: 400;\">4. Abyeneh Degu (Eti\u00f3pia) \u2013 2h06m03s<\/span><span style=\"font-weight: 400;\"><br \/>\n<\/span><span style=\"font-weight: 400;\">5. Olika Adugna (Eti\u00f3pia) \u2013 2h06m27s<\/span><\/p>\n<p><span style=\"font-weight: 400;\">Feminino \u2013 Top 5<\/span><span style=\"font-weight: 400;\"><br \/>\n<\/span><span style=\"font-weight: 400;\">1. Judith Jeptum (Qu\u00eania) \u2013 2h19m48s<\/span><span style=\"font-weight: 400;\"><br \/>\n<\/span><span style=\"font-weight: 400;\">2. Fantu Jimma (Eti\u00f3pia) \u2013 2h22m52s<\/span><span style=\"font-weight: 400;\"><br \/>\n<\/span><span style=\"font-weight: 400;\">3. Besu Sado (Eti\u00f3pia) \u2013 2h23m16s<\/span><span style=\"font-weight: 400;\"><br \/>\n<\/span><span style=\"font-weight: 400;\">4. Adanech Anbesa (Eti\u00f3pia) \u2013 2h24m07s<\/span><span style=\"font-weight: 400;\"><br \/>\n<\/span><span style=\"font-weight: 400;\">5. Yenenessh Dinkesa (Eti\u00f3pia) \u2013 2h24m07s<\/span><\/p>\n<p><iframe  id=\"_ytid_41625\"  width=\"788\" height=\"443\"  data-origwidth=\"788\" data-origheight=\"443\" src=\"https:\/\/www.youtube.com\/embed\/VhCRG4sDhI8?enablejsapi=1&#038;autoplay=0&#038;cc_load_policy=0&#038;cc_lang_pref=&#038;iv_load_policy=1&#038;loop=0&#038;rel=1&#038;fs=1&#038;playsinline=0&#038;autohide=2&#038;theme=dark&#038;color=red&#038;controls=1&#038;disablekb=0&#038;\" class=\"__youtube_prefs__  epyt-is-override  no-lazyload\" title=\"YouTube player\"  allow=\"fullscreen; accelerometer; autoplay; clipboard-write; encrypted-media; gyroscope; picture-in-picture; web-share\" referrerpolicy=\"strict-origin-when-cross-origin\" allowfullscreen data-no-lazy=\"1\" data-skipgform_ajax_framebjll=\"\"><\/iframe><\/p>\n<p><span style=\"font-weight: 400;\">A Chelso tamb\u00e9m est\u00e1 no <a href=\"https:\/\/www.youtube.com\/@ChelsoSports\">Youtube<\/a>. Se inscreva no nosso canal, deixe seus coment\u00e1rios nos v\u00eddeos e acompanhe todas as novidades do mundo dos esportes por l\u00e1. Passamos da marca de 3 mil inscritos e agora nossa meta \u00e9 chegar aos 4 mil. Sua inscri\u00e7\u00e3o \u00e9 muito importante para n\u00f3s.<\/span><\/p>\n<p><span style=\"font-weight: 400;\">Aproveite e siga a Chelso Sports no <a href=\"http:\/\/www.instagram.com\/chelsosports\">Instagram<\/a>, acompanhe todas as informa\u00e7\u00f5es sobre nosso calend\u00e1rio de provas e dicas de treinamentos, al\u00e9m de curiosidades sobre os esportes outdoor.<\/span><\/p>\n","protected":false},"excerpt":{"rendered":"<p>Maratona de Paris 2023! Mundialmente conhecida, a Maratona de Paris est\u00e1 confirmada para este domingo (2). Ao longo dos \u00faltimos dias cogitou-se o cancelamento da prova devido \u00e0s manifesta\u00e7\u00f5es e greves que bloqueiam a Fran\u00e7a, mas a confirma\u00e7\u00e3o veio atrav\u00e9s de um post de Pierre Rabadan, representante do esporte e das Olimp\u00edadas de Paris. \u201cNunca<\/p>\n","protected":false},"author":21,"featured_media":0,"comment_status":"open","ping_status":"closed","sticky":false,"template":"","format":"standard","meta":{"om_disable_all_campaigns":false,"_monsterinsights_skip_tracking":false,"_monsterinsights_sitenote_active":false,"_monsterinsights_sitenote_note":"","_monsterinsights_sitenote_category":0,"footnotes":""},"categories":[56,30],"tags":[735,41,943,2414],"class_list":{"0":"post-16842","1":"post","2":"type-post","3":"status-publish","4":"format-standard","6":"category-eventos","7":"category-noticias","8":"tag-chelso","9":"tag-chelso-sports","10":"tag-maratona-de-paris","11":"tag-paris-marathon"},"aioseo_notices":[],"yoast_head":"<!-- This site is optimized with the Yoast SEO plugin v27.5 - https:\/\/yoast.com\/product\/yoast-seo-wordpress\/ -->\n<title>Maratona de Paris 2023 - Portal Chelso Sports<\/title>\n<meta name=\"description\" content=\"Maratona de Paris 2023! Confira todas as informa\u00e7\u00f5es sobre a prova que acontece neste domingo na capital francesa.\" \/>\n<meta name=\"robots\" content=\"index, follow, max-snippet:-1, max-image-preview:large, max-video-preview:-1\" \/>\n<link rel=\"canonical\" href=\"https:\/\/chelso.com.br\/site\/maratona-de-paris-2023\/\" \/>\n<meta property=\"og:locale\" content=\"pt_BR\" \/>\n<meta property=\"og:type\" content=\"article\" \/>\n<meta property=\"og:title\" content=\"Maratona de Paris 2023 - Portal Chelso Sports\" \/>\n<meta property=\"og:description\" content=\"Maratona de Paris 2023! Confira todas as informa\u00e7\u00f5es sobre a prova que acontece neste domingo na capital francesa.\" \/>\n<meta property=\"og:url\" content=\"https:\/\/chelso.com.br\/site\/maratona-de-paris-2023\/\" \/>\n<meta property=\"og:site_name\" content=\"Portal Chelso Sports\" \/>\n<meta property=\"article:published_time\" content=\"2023-03-30T23:43:28+00:00\" \/>\n<meta property=\"og:image\" content=\"https:\/\/chelso.com.br\/site\/wp-content\/uploads\/2023\/03\/Maratona-Paris.jpg\" \/>\n\t<meta property=\"og:image:width\" content=\"684\" \/>\n\t<meta property=\"og:image:height\" content=\"513\" \/>\n\t<meta property=\"og:image:type\" content=\"image\/jpeg\" \/>\n<meta name=\"author\" content=\"Chelso\" \/>\n<meta name=\"twitter:card\" content=\"summary_large_image\" \/>\n<meta name=\"twitter:label1\" content=\"Escrito por\" \/>\n\t<meta name=\"twitter:data1\" content=\"Chelso\" \/>\n\t<meta name=\"twitter:label2\" content=\"Est. tempo de leitura\" \/>\n\t<meta name=\"twitter:data2\" content=\"2 minutos\" \/>\n<script type=\"application\/ld+json\" class=\"yoast-schema-graph\">{\"@context\":\"https:\\\/\\\/schema.org\",\"@graph\":[{\"@type\":\"Article\",\"@id\":\"https:\\\/\\\/chelso.com.br\\\/site\\\/maratona-de-paris-2023\\\/#article\",\"isPartOf\":{\"@id\":\"https:\\\/\\\/chelso.com.br\\\/site\\\/maratona-de-paris-2023\\\/\"},\"author\":{\"name\":\"Chelso\",\"@id\":\"https:\\\/\\\/chelso.com.br\\\/site\\\/#\\\/schema\\\/person\\\/06bf484f0ccbb71d4fd2128d594e1d0a\"},\"headline\":\"Maratona de Paris 2023\",\"datePublished\":\"2023-03-30T23:43:28+00:00\",\"mainEntityOfPage\":{\"@id\":\"https:\\\/\\\/chelso.com.br\\\/site\\\/maratona-de-paris-2023\\\/\"},\"wordCount\":398,\"commentCount\":0,\"keywords\":[\"Chelso\",\"chelso sports\",\"Maratona de Paris\",\"Paris Marathon\"],\"articleSection\":[\"Eventos\",\"Not\u00edcias\"],\"inLanguage\":\"pt-BR\",\"potentialAction\":[{\"@type\":\"CommentAction\",\"name\":\"Comment\",\"target\":[\"https:\\\/\\\/chelso.com.br\\\/site\\\/maratona-de-paris-2023\\\/#respond\"]}]},{\"@type\":\"WebPage\",\"@id\":\"https:\\\/\\\/chelso.com.br\\\/site\\\/maratona-de-paris-2023\\\/\",\"url\":\"https:\\\/\\\/chelso.com.br\\\/site\\\/maratona-de-paris-2023\\\/\",\"name\":\"Maratona de Paris 2023 - Portal Chelso Sports\",\"isPartOf\":{\"@id\":\"https:\\\/\\\/chelso.com.br\\\/site\\\/#website\"},\"datePublished\":\"2023-03-30T23:43:28+00:00\",\"author\":{\"@id\":\"https:\\\/\\\/chelso.com.br\\\/site\\\/#\\\/schema\\\/person\\\/06bf484f0ccbb71d4fd2128d594e1d0a\"},\"description\":\"Maratona de Paris 2023! Confira todas as informa\u00e7\u00f5es sobre a prova que acontece neste domingo na capital francesa.\",\"breadcrumb\":{\"@id\":\"https:\\\/\\\/chelso.com.br\\\/site\\\/maratona-de-paris-2023\\\/#breadcrumb\"},\"inLanguage\":\"pt-BR\",\"potentialAction\":[{\"@type\":\"ReadAction\",\"target\":[\"https:\\\/\\\/chelso.com.br\\\/site\\\/maratona-de-paris-2023\\\/\"]}]},{\"@type\":\"BreadcrumbList\",\"@id\":\"https:\\\/\\\/chelso.com.br\\\/site\\\/maratona-de-paris-2023\\\/#breadcrumb\",\"itemListElement\":[{\"@type\":\"ListItem\",\"position\":1,\"name\":\"In\u00edcio\",\"item\":\"https:\\\/\\\/chelso.com.br\\\/site\\\/\"},{\"@type\":\"ListItem\",\"position\":2,\"name\":\"Maratona de Paris 2023\"}]},{\"@type\":\"WebSite\",\"@id\":\"https:\\\/\\\/chelso.com.br\\\/site\\\/#website\",\"url\":\"https:\\\/\\\/chelso.com.br\\\/site\\\/\",\"name\":\"Portal Chelso Sports\",\"description\":\"Conte\u00fado especializado em corrida de rua e triathlon\",\"potentialAction\":[{\"@type\":\"SearchAction\",\"target\":{\"@type\":\"EntryPoint\",\"urlTemplate\":\"https:\\\/\\\/chelso.com.br\\\/site\\\/?s={search_term_string}\"},\"query-input\":{\"@type\":\"PropertyValueSpecification\",\"valueRequired\":true,\"valueName\":\"search_term_string\"}}],\"inLanguage\":\"pt-BR\"},{\"@type\":\"Person\",\"@id\":\"https:\\\/\\\/chelso.com.br\\\/site\\\/#\\\/schema\\\/person\\\/06bf484f0ccbb71d4fd2128d594e1d0a\",\"name\":\"Chelso\",\"image\":{\"@type\":\"ImageObject\",\"inLanguage\":\"pt-BR\",\"@id\":\"https:\\\/\\\/chelso.com.br\\\/site\\\/wp-content\\\/uploads\\\/2025\\\/04\\\/Perfil20192-150x149.png\",\"url\":\"https:\\\/\\\/chelso.com.br\\\/site\\\/wp-content\\\/uploads\\\/2025\\\/04\\\/Perfil20192-150x149.png\",\"contentUrl\":\"https:\\\/\\\/chelso.com.br\\\/site\\\/wp-content\\\/uploads\\\/2025\\\/04\\\/Perfil20192-150x149.png\",\"caption\":\"Chelso\"},\"sameAs\":[\"http:\\\/\\\/www.chelso.com.br\"],\"url\":\"https:\\\/\\\/chelso.com.br\\\/site\\\/author\\\/maryblog\\\/\"}]}<\/script>\n<!-- \/ Yoast SEO plugin. -->","yoast_head_json":{"title":"Maratona de Paris 2023 - Portal Chelso Sports","description":"Maratona de Paris 2023! Confira todas as informa\u00e7\u00f5es sobre a prova que acontece neste domingo na capital francesa.","robots":{"index":"index","follow":"follow","max-snippet":"max-snippet:-1","max-image-preview":"max-image-preview:large","max-video-preview":"max-video-preview:-1"},"canonical":"https:\/\/chelso.com.br\/site\/maratona-de-paris-2023\/","og_locale":"pt_BR","og_type":"article","og_title":"Maratona de Paris 2023 - Portal Chelso Sports","og_description":"Maratona de Paris 2023! Confira todas as informa\u00e7\u00f5es sobre a prova que acontece neste domingo na capital francesa.","og_url":"https:\/\/chelso.com.br\/site\/maratona-de-paris-2023\/","og_site_name":"Portal Chelso Sports","article_published_time":"2023-03-30T23:43:28+00:00","og_image":[{"width":684,"height":513,"url":"https:\/\/chelso.com.br\/site\/wp-content\/uploads\/2023\/03\/Maratona-Paris.jpg","type":"image\/jpeg"}],"author":"Chelso","twitter_card":"summary_large_image","twitter_misc":{"Escrito por":"Chelso","Est. tempo de leitura":"2 minutos"},"schema":{"@context":"https:\/\/schema.org","@graph":[{"@type":"Article","@id":"https:\/\/chelso.com.br\/site\/maratona-de-paris-2023\/#article","isPartOf":{"@id":"https:\/\/chelso.com.br\/site\/maratona-de-paris-2023\/"},"author":{"name":"Chelso","@id":"https:\/\/chelso.com.br\/site\/#\/schema\/person\/06bf484f0ccbb71d4fd2128d594e1d0a"},"headline":"Maratona de Paris 2023","datePublished":"2023-03-30T23:43:28+00:00","mainEntityOfPage":{"@id":"https:\/\/chelso.com.br\/site\/maratona-de-paris-2023\/"},"wordCount":398,"commentCount":0,"keywords":["Chelso","chelso sports","Maratona de Paris","Paris Marathon"],"articleSection":["Eventos","Not\u00edcias"],"inLanguage":"pt-BR","potentialAction":[{"@type":"CommentAction","name":"Comment","target":["https:\/\/chelso.com.br\/site\/maratona-de-paris-2023\/#respond"]}]},{"@type":"WebPage","@id":"https:\/\/chelso.com.br\/site\/maratona-de-paris-2023\/","url":"https:\/\/chelso.com.br\/site\/maratona-de-paris-2023\/","name":"Maratona de Paris 2023 - Portal Chelso Sports","isPartOf":{"@id":"https:\/\/chelso.com.br\/site\/#website"},"datePublished":"2023-03-30T23:43:28+00:00","author":{"@id":"https:\/\/chelso.com.br\/site\/#\/schema\/person\/06bf484f0ccbb71d4fd2128d594e1d0a"},"description":"Maratona de Paris 2023! Confira todas as informa\u00e7\u00f5es sobre a prova que acontece neste domingo na capital francesa.","breadcrumb":{"@id":"https:\/\/chelso.com.br\/site\/maratona-de-paris-2023\/#breadcrumb"},"inLanguage":"pt-BR","potentialAction":[{"@type":"ReadAction","target":["https:\/\/chelso.com.br\/site\/maratona-de-paris-2023\/"]}]},{"@type":"BreadcrumbList","@id":"https:\/\/chelso.com.br\/site\/maratona-de-paris-2023\/#breadcrumb","itemListElement":[{"@type":"ListItem","position":1,"name":"In\u00edcio","item":"https:\/\/chelso.com.br\/site\/"},{"@type":"ListItem","position":2,"name":"Maratona de Paris 2023"}]},{"@type":"WebSite","@id":"https:\/\/chelso.com.br\/site\/#website","url":"https:\/\/chelso.com.br\/site\/","name":"Portal Chelso Sports","description":"Conte\u00fado especializado em corrida de rua e triathlon","potentialAction":[{"@type":"SearchAction","target":{"@type":"EntryPoint","urlTemplate":"https:\/\/chelso.com.br\/site\/?s={search_term_string}"},"query-input":{"@type":"PropertyValueSpecification","valueRequired":true,"valueName":"search_term_string"}}],"inLanguage":"pt-BR"},{"@type":"Person","@id":"https:\/\/chelso.com.br\/site\/#\/schema\/person\/06bf484f0ccbb71d4fd2128d594e1d0a","name":"Chelso","image":{"@type":"ImageObject","inLanguage":"pt-BR","@id":"https:\/\/chelso.com.br\/site\/wp-content\/uploads\/2025\/04\/Perfil20192-150x149.png","url":"https:\/\/chelso.com.br\/site\/wp-content\/uploads\/2025\/04\/Perfil20192-150x149.png","contentUrl":"https:\/\/chelso.com.br\/site\/wp-content\/uploads\/2025\/04\/Perfil20192-150x149.png","caption":"Chelso"},"sameAs":["http:\/\/www.chelso.com.br"],"url":"https:\/\/chelso.com.br\/site\/author\/maryblog\/"}]}},"amp_enabled":true,"_links":{"self":[{"href":"https:\/\/chelso.com.br\/site\/wp-json\/wp\/v2\/posts\/16842","targetHints":{"allow":["GET"]}}],"collection":[{"href":"https:\/\/chelso.com.br\/site\/wp-json\/wp\/v2\/posts"}],"about":[{"href":"https:\/\/chelso.com.br\/site\/wp-json\/wp\/v2\/types\/post"}],"author":[{"embeddable":true,"href":"https:\/\/chelso.com.br\/site\/wp-json\/wp\/v2\/users\/21"}],"replies":[{"embeddable":true,"href":"https:\/\/chelso.com.br\/site\/wp-json\/wp\/v2\/comments?post=16842"}],"version-history":[{"count":1,"href":"https:\/\/chelso.com.br\/site\/wp-json\/wp\/v2\/posts\/16842\/revisions"}],"predecessor-version":[{"id":16844,"href":"https:\/\/chelso.com.br\/site\/wp-json\/wp\/v2\/posts\/16842\/revisions\/16844"}],"wp:attachment":[{"href":"https:\/\/chelso.com.br\/site\/wp-json\/wp\/v2\/media?parent=16842"}],"wp:term":[{"taxonomy":"category","embeddable":true,"href":"https:\/\/chelso.com.br\/site\/wp-json\/wp\/v2\/categories?post=16842"},{"taxonomy":"post_tag","embeddable":true,"href":"https:\/\/chelso.com.br\/site\/wp-json\/wp\/v2\/tags?post=16842"}],"curies":[{"name":"wp","href":"https:\/\/api.w.org\/{rel}","templated":true}]}}