{"id":16850,"date":"2023-04-03T20:42:47","date_gmt":"2023-04-03T23:42:47","guid":{"rendered":"https:\/\/chelso.com.br\/site\/?p=16850"},"modified":"2023-04-03T20:42:47","modified_gmt":"2023-04-03T23:42:47","slug":"abeje-ayana-e-helah-kiprop-vencem-a-maratona-de-paris","status":"publish","type":"post","link":"https:\/\/chelso.com.br\/site\/abeje-ayana-e-helah-kiprop-vencem-a-maratona-de-paris\/","title":{"rendered":"Abeje Ayana e Helah Kiprop vencem a Maratona de Paris"},"content":{"rendered":"<p><span style=\"font-weight: 400;\">Abeje Ayana e Helah Kiprop vencem a Maratona de Paris! O et\u00edope Abeje Ayana e a queniana Helah Kipropo venceram, neste domingo (2), a Maratona de Paris. A prova francesa contou com incr\u00edveis 51.100 concluintes, sendo a primeira maratona para 43% dos atletas. Um n\u00famero bem expressivo e que mostra a grandeza do evento.<\/span><\/p>\n<p><a href=\"https:\/\/chelso.com.br\/site\/provas-presenciais\/\">Saiba mais sobre o nosso calend\u00e1rio de provas presenciais.<\/a><\/p>\n<p><iframe  id=\"_ytid_76228\"  width=\"788\" height=\"443\"  data-origwidth=\"788\" data-origheight=\"443\" src=\"https:\/\/www.youtube.com\/embed\/eHmY8KYK3t0?enablejsapi=1&#038;list=PL73091773A2642C6F&#038;index=1&#038;autoplay=0&#038;cc_load_policy=0&#038;cc_lang_pref=&#038;iv_load_policy=1&#038;loop=0&#038;rel=1&#038;fs=1&#038;playsinline=0&#038;autohide=2&#038;theme=dark&#038;color=red&#038;controls=1&#038;disablekb=0&#038;\" class=\"__youtube_prefs__  epyt-is-override  no-lazyload\" title=\"YouTube player\"  allow=\"fullscreen; accelerometer; autoplay; clipboard-write; encrypted-media; gyroscope; picture-in-picture; web-share\" referrerpolicy=\"strict-origin-when-cross-origin\" allowfullscreen data-no-lazy=\"1\" data-skipgform_ajax_framebjll=\"\"><\/iframe><\/p>\n<h3><strong>Abeje Ayana e Helah Kiprop conquistam a prova<\/strong><\/h3>\n<p><span style=\"font-weight: 400;\">Como manda a tradi\u00e7\u00e3o, os atletas largaram da Champs-\u00c9lys\u00e9es, passando por pontos tradicionais da charmosa cidade luz.\u00a0 Abeje Ayana foi o mais r\u00e1pido entre todos os corredores, completando a prova em 2h07m15s, \u00e0 frente do compatriota Guye Adola, vice-campe\u00e3o, e do queniano Josphat Boit.\u00a0<\/span><\/p>\n<p><span style=\"font-weight: 400;\">Na corrida feminina, a queniana Helah Kiprop levou a melhor com 2h23m19s, vencendo no detalhe a et\u00edope Atalel Anmut. Tamb\u00e9m da Eti\u00f3pia, Kiktre Wereta fechou o p\u00f3dio na terceira posi\u00e7\u00e3o.<\/span><\/p>\n<blockquote class=\"instagram-media\" style=\"background: #FFF; border: 0; border-radius: 3px; box-shadow: 0 0 1px 0 rgba(0,0,0,0.5),0 1px 10px 0 rgba(0,0,0,0.15); margin: 1px; max-width: 540px; min-width: 326px; padding: 0; width: calc(100% - 2px);\" data-instgrm-captioned=\"\" data-instgrm-permalink=\"https:\/\/www.instagram.com\/p\/CqipbjatQaD\/?utm_source=ig_embed&amp;utm_campaign=loading\" data-instgrm-version=\"14\">\n<div style=\"padding: 16px;\">\n<p>&nbsp;<\/p>\n<div style=\"display: flex; flex-direction: row; align-items: center;\">\n<div style=\"background-color: #f4f4f4; border-radius: 50%; flex-grow: 0; height: 40px; margin-right: 14px; width: 40px;\"><\/div>\n<div style=\"display: flex; flex-direction: column; flex-grow: 1; justify-content: center;\">\n<div style=\"background-color: #f4f4f4; border-radius: 4px; flex-grow: 0; height: 14px; margin-bottom: 6px; width: 100px;\"><\/div>\n<div style=\"background-color: #f4f4f4; border-radius: 4px; flex-grow: 0; height: 14px; width: 60px;\"><\/div>\n<\/div>\n<\/div>\n<div style=\"padding: 19% 0;\"><\/div>\n<div style=\"display: block; height: 50px; margin: 0 auto 12px; width: 50px;\"><\/div>\n<div style=\"padding-top: 8px;\">\n<div style=\"color: #3897f0; font-family: Arial,sans-serif; font-size: 14px; font-style: normal; font-weight: 550; line-height: 18px;\">Ver essa foto no Instagram<\/div>\n<\/div>\n<div style=\"padding: 12.5% 0;\"><\/div>\n<div style=\"display: flex; flex-direction: row; margin-bottom: 14px; align-items: center;\">\n<div>\n<div style=\"background-color: #f4f4f4; border-radius: 50%; height: 12.5px; width: 12.5px; transform: translateX(0px) translateY(7px);\"><\/div>\n<div style=\"background-color: #f4f4f4; height: 12.5px; transform: rotate(-45deg) translateX(3px) translateY(1px); width: 12.5px; flex-grow: 0; margin-right: 14px; margin-left: 2px;\"><\/div>\n<div style=\"background-color: #f4f4f4; border-radius: 50%; height: 12.5px; width: 12.5px; transform: translateX(9px) translateY(-18px);\"><\/div>\n<\/div>\n<div style=\"margin-left: 8px;\">\n<div style=\"background-color: #f4f4f4; border-radius: 50%; flex-grow: 0; height: 20px; width: 20px;\"><\/div>\n<div style=\"width: 0; height: 0; border-top: 2px solid transparent; border-left: 6px solid #f4f4f4; border-bottom: 2px solid transparent; transform: translateX(16px) translateY(-4px) rotate(30deg);\"><\/div>\n<\/div>\n<div style=\"margin-left: auto;\">\n<div style=\"width: 0px; border-top: 8px solid #F4F4F4; border-right: 8px solid transparent; transform: translateY(16px);\"><\/div>\n<div style=\"background-color: #f4f4f4; flex-grow: 0; height: 12px; width: 16px; transform: translateY(-4px);\"><\/div>\n<div style=\"width: 0; height: 0; border-top: 8px solid #F4F4F4; border-left: 8px solid transparent; transform: translateY(-4px) translateX(8px);\"><\/div>\n<\/div>\n<\/div>\n<div style=\"display: flex; flex-direction: column; flex-grow: 1; justify-content: center; margin-bottom: 24px;\">\n<div style=\"background-color: #f4f4f4; border-radius: 4px; flex-grow: 0; height: 14px; margin-bottom: 6px; width: 224px;\"><\/div>\n<div style=\"background-color: #f4f4f4; border-radius: 4px; flex-grow: 0; height: 14px; width: 144px;\"><\/div>\n<\/div>\n<p>&nbsp;<\/p>\n<p style=\"color: #c9c8cd; font-family: Arial,sans-serif; font-size: 14px; line-height: 17px; margin-bottom: 0; margin-top: 8px; overflow: hidden; padding: 8px 0 7px; text-align: center; text-overflow: ellipsis; white-space: nowrap;\"><a style=\"color: #c9c8cd; font-family: Arial,sans-serif; font-size: 14px; font-style: normal; font-weight: normal; line-height: 17px; text-decoration: none;\" href=\"https:\/\/www.instagram.com\/p\/CqipbjatQaD\/?utm_source=ig_embed&amp;utm_campaign=loading\" target=\"_blank\" rel=\"noopener\">Uma publica\u00e7\u00e3o compartilhada por SE Marathon de Paris (@parismarathon)<\/a><\/p>\n<\/div>\n<\/blockquote>\n<p><script async src=\"\/\/www.instagram.com\/embed.js\"><\/script><\/p>\n<p><strong>Maratona Feminina:<\/strong><\/p>\n<p><span style=\"font-weight: 400;\">1\u00aa Helah Kiprop (Qu\u00eania) &#8211; 2h23m19s<\/span><\/p>\n<p><span style=\"font-weight: 400;\">2\u00aa Atalel Anmut (Eti\u00f3pia) &#8211; 2h23m19s<\/span><\/p>\n<p><span style=\"font-weight: 400;\">3\u00aa Fikrte Wereta (Eti\u00f3pia) &#8211; 2h23m22s<\/span><\/p>\n<p><b>Maratona Masculina:<\/b><\/p>\n<p><span style=\"font-weight: 400;\">1\u00ba Abeje Ayana (Eti\u00f3pia) &#8211; 2h07&#8217;15<\/span><\/p>\n<p><span style=\"font-weight: 400;\">2\u00ba Guye Adola (Eti\u00f3pia) &#8211; 2h07&#8217;35<\/span><\/p>\n<p><span style=\"font-weight: 400;\">3\u00ba Josphat Boit (Qu\u00e9nia) &#8211; 2h07&#8217;40<\/span><\/p>\n<h4>Van Agnelo, Pri Mengate e Marina Vidotti conquistam as ruas de Paris<\/h4>\n<p>Entre os mais de 50 mil participantes, tr\u00eas atletas muito especiais estavam em Paris correndo mais uma Maratona. Van Agnelo, Pri Mengate e Marina Vidotti, nossas parceiras na<a href=\"https:\/\/www.instagram.com\/letsrungirlsbr\/\"> Let\u00b4s Run Girls<\/a>, fizeram bonito em mais uma prova internacional.<\/p>\n<blockquote class=\"instagram-media\" style=\"background: #FFF; border: 0; border-radius: 3px; box-shadow: 0 0 1px 0 rgba(0,0,0,0.5),0 1px 10px 0 rgba(0,0,0,0.15); margin: 1px; max-width: 540px; min-width: 326px; padding: 0; width: calc(100% - 2px);\" data-instgrm-captioned=\"\" data-instgrm-permalink=\"https:\/\/www.instagram.com\/p\/CqizdaIuezn\/?utm_source=ig_embed&amp;utm_campaign=loading\" data-instgrm-version=\"14\">\n<div style=\"padding: 16px;\">\n<p>&nbsp;<\/p>\n<div style=\"display: flex; flex-direction: row; align-items: center;\">\n<div style=\"background-color: #f4f4f4; border-radius: 50%; flex-grow: 0; height: 40px; margin-right: 14px; width: 40px;\"><\/div>\n<div style=\"display: flex; flex-direction: column; flex-grow: 1; justify-content: center;\">\n<div style=\"background-color: #f4f4f4; border-radius: 4px; flex-grow: 0; height: 14px; margin-bottom: 6px; width: 100px;\"><\/div>\n<div style=\"background-color: #f4f4f4; border-radius: 4px; flex-grow: 0; height: 14px; width: 60px;\"><\/div>\n<\/div>\n<\/div>\n<div style=\"padding: 19% 0;\"><\/div>\n<div style=\"display: block; height: 50px; margin: 0 auto 12px; width: 50px;\"><\/div>\n<div style=\"padding-top: 8px;\">\n<div style=\"color: #3897f0; font-family: Arial,sans-serif; font-size: 14px; font-style: normal; font-weight: 550; line-height: 18px;\">Ver essa foto no Instagram<\/div>\n<\/div>\n<div style=\"padding: 12.5% 0;\"><\/div>\n<div style=\"display: flex; flex-direction: row; margin-bottom: 14px; align-items: center;\">\n<div>\n<div style=\"background-color: #f4f4f4; border-radius: 50%; height: 12.5px; width: 12.5px; transform: translateX(0px) translateY(7px);\"><\/div>\n<div style=\"background-color: #f4f4f4; height: 12.5px; transform: rotate(-45deg) translateX(3px) translateY(1px); width: 12.5px; flex-grow: 0; margin-right: 14px; margin-left: 2px;\"><\/div>\n<div style=\"background-color: #f4f4f4; border-radius: 50%; height: 12.5px; width: 12.5px; transform: translateX(9px) translateY(-18px);\"><\/div>\n<\/div>\n<div style=\"margin-left: 8px;\">\n<div style=\"background-color: #f4f4f4; border-radius: 50%; flex-grow: 0; height: 20px; width: 20px;\"><\/div>\n<div style=\"width: 0; height: 0; border-top: 2px solid transparent; border-left: 6px solid #f4f4f4; border-bottom: 2px solid transparent; transform: translateX(16px) translateY(-4px) rotate(30deg);\"><\/div>\n<\/div>\n<div style=\"margin-left: auto;\">\n<div style=\"width: 0px; border-top: 8px solid #F4F4F4; border-right: 8px solid transparent; transform: translateY(16px);\"><\/div>\n<div style=\"background-color: #f4f4f4; flex-grow: 0; height: 12px; width: 16px; transform: translateY(-4px);\"><\/div>\n<div style=\"width: 0; height: 0; border-top: 8px solid #F4F4F4; border-left: 8px solid transparent; transform: translateY(-4px) translateX(8px);\"><\/div>\n<\/div>\n<\/div>\n<div style=\"display: flex; flex-direction: column; flex-grow: 1; justify-content: center; margin-bottom: 24px;\">\n<div style=\"background-color: #f4f4f4; border-radius: 4px; flex-grow: 0; height: 14px; margin-bottom: 6px; width: 224px;\"><\/div>\n<div style=\"background-color: #f4f4f4; border-radius: 4px; flex-grow: 0; height: 14px; width: 144px;\"><\/div>\n<\/div>\n<p>&nbsp;<\/p>\n<p style=\"color: #c9c8cd; font-family: Arial,sans-serif; font-size: 14px; line-height: 17px; margin-bottom: 0; margin-top: 8px; overflow: hidden; padding: 8px 0 7px; text-align: center; text-overflow: ellipsis; white-space: nowrap;\"><a style=\"color: #c9c8cd; font-family: Arial,sans-serif; font-size: 14px; font-style: normal; font-weight: normal; line-height: 17px; text-decoration: none;\" href=\"https:\/\/www.instagram.com\/p\/CqizdaIuezn\/?utm_source=ig_embed&amp;utm_campaign=loading\" target=\"_blank\" rel=\"noopener\">Uma publica\u00e7\u00e3o compartilhada por Van Agnelo (@vanagnelo)<\/a><\/p>\n<\/div>\n<\/blockquote>\n<p><script async src=\"\/\/www.instagram.com\/embed.js\"><\/script><\/p>\n<blockquote class=\"instagram-media\" style=\"background: #FFF; border: 0; border-radius: 3px; box-shadow: 0 0 1px 0 rgba(0,0,0,0.5),0 1px 10px 0 rgba(0,0,0,0.15); margin: 1px; max-width: 540px; min-width: 326px; padding: 0; width: calc(100% - 2px);\" data-instgrm-captioned=\"\" data-instgrm-permalink=\"https:\/\/www.instagram.com\/p\/CqixJ5tLUv3\/?utm_source=ig_embed&amp;utm_campaign=loading\" data-instgrm-version=\"14\">\n<div style=\"padding: 16px;\">\n<p>&nbsp;<\/p>\n<div style=\"display: flex; flex-direction: row; align-items: center;\">\n<div style=\"background-color: #f4f4f4; border-radius: 50%; flex-grow: 0; height: 40px; margin-right: 14px; width: 40px;\"><\/div>\n<div style=\"display: flex; flex-direction: column; flex-grow: 1; justify-content: center;\">\n<div style=\"background-color: #f4f4f4; border-radius: 4px; flex-grow: 0; height: 14px; margin-bottom: 6px; width: 100px;\"><\/div>\n<div style=\"background-color: #f4f4f4; border-radius: 4px; flex-grow: 0; height: 14px; width: 60px;\"><\/div>\n<\/div>\n<\/div>\n<div style=\"padding: 19% 0;\"><\/div>\n<div style=\"display: block; height: 50px; margin: 0 auto 12px; width: 50px;\"><\/div>\n<div style=\"padding-top: 8px;\">\n<div style=\"color: #3897f0; font-family: Arial,sans-serif; font-size: 14px; font-style: normal; font-weight: 550; line-height: 18px;\">Ver essa foto no Instagram<\/div>\n<\/div>\n<div style=\"padding: 12.5% 0;\"><\/div>\n<div style=\"display: flex; flex-direction: row; margin-bottom: 14px; align-items: center;\">\n<div>\n<div style=\"background-color: #f4f4f4; border-radius: 50%; height: 12.5px; width: 12.5px; transform: translateX(0px) translateY(7px);\"><\/div>\n<div style=\"background-color: #f4f4f4; height: 12.5px; transform: rotate(-45deg) translateX(3px) translateY(1px); width: 12.5px; flex-grow: 0; margin-right: 14px; margin-left: 2px;\"><\/div>\n<div style=\"background-color: #f4f4f4; border-radius: 50%; height: 12.5px; width: 12.5px; transform: translateX(9px) translateY(-18px);\"><\/div>\n<\/div>\n<div style=\"margin-left: 8px;\">\n<div style=\"background-color: #f4f4f4; border-radius: 50%; flex-grow: 0; height: 20px; width: 20px;\"><\/div>\n<div style=\"width: 0; height: 0; border-top: 2px solid transparent; border-left: 6px solid #f4f4f4; border-bottom: 2px solid transparent; transform: translateX(16px) translateY(-4px) rotate(30deg);\"><\/div>\n<\/div>\n<div style=\"margin-left: auto;\">\n<div style=\"width: 0px; border-top: 8px solid #F4F4F4; border-right: 8px solid transparent; transform: translateY(16px);\"><\/div>\n<div style=\"background-color: #f4f4f4; flex-grow: 0; height: 12px; width: 16px; transform: translateY(-4px);\"><\/div>\n<div style=\"width: 0; height: 0; border-top: 8px solid #F4F4F4; border-left: 8px solid transparent; transform: translateY(-4px) translateX(8px);\"><\/div>\n<\/div>\n<\/div>\n<div style=\"display: flex; flex-direction: column; flex-grow: 1; justify-content: center; margin-bottom: 24px;\">\n<div style=\"background-color: #f4f4f4; border-radius: 4px; flex-grow: 0; height: 14px; margin-bottom: 6px; width: 224px;\"><\/div>\n<div style=\"background-color: #f4f4f4; border-radius: 4px; flex-grow: 0; height: 14px; width: 144px;\"><\/div>\n<\/div>\n<p>&nbsp;<\/p>\n<p style=\"color: #c9c8cd; font-family: Arial,sans-serif; font-size: 14px; line-height: 17px; margin-bottom: 0; margin-top: 8px; overflow: hidden; padding: 8px 0 7px; text-align: center; text-overflow: ellipsis; white-space: nowrap;\"><a style=\"color: #c9c8cd; font-family: Arial,sans-serif; font-size: 14px; font-style: normal; font-weight: normal; line-height: 17px; text-decoration: none;\" href=\"https:\/\/www.instagram.com\/p\/CqixJ5tLUv3\/?utm_source=ig_embed&amp;utm_campaign=loading\" target=\"_blank\" rel=\"noopener\">Uma publica\u00e7\u00e3o compartilhada por Pri Mengate \ud83c\udde7\ud83c\uddf7 (@primengate)<\/a><\/p>\n<\/div>\n<\/blockquote>\n<p><script async src=\"\/\/www.instagram.com\/embed.js\"><\/script><\/p>\n<blockquote class=\"instagram-media\" style=\"background: #FFF; border: 0; border-radius: 3px; box-shadow: 0 0 1px 0 rgba(0,0,0,0.5),0 1px 10px 0 rgba(0,0,0,0.15); margin: 1px; max-width: 540px; min-width: 326px; padding: 0; width: calc(100% - 2px);\" data-instgrm-captioned=\"\" data-instgrm-permalink=\"https:\/\/www.instagram.com\/p\/CqizycVtIFC\/?utm_source=ig_embed&amp;utm_campaign=loading\" data-instgrm-version=\"14\">\n<div style=\"padding: 16px;\">\n<p>&nbsp;<\/p>\n<div style=\"display: flex; flex-direction: row; align-items: center;\">\n<div style=\"background-color: #f4f4f4; border-radius: 50%; flex-grow: 0; height: 40px; margin-right: 14px; width: 40px;\"><\/div>\n<div style=\"display: flex; flex-direction: column; flex-grow: 1; justify-content: center;\">\n<div style=\"background-color: #f4f4f4; border-radius: 4px; flex-grow: 0; height: 14px; margin-bottom: 6px; width: 100px;\"><\/div>\n<div style=\"background-color: #f4f4f4; border-radius: 4px; flex-grow: 0; height: 14px; width: 60px;\"><\/div>\n<\/div>\n<\/div>\n<div style=\"padding: 19% 0;\"><\/div>\n<div style=\"display: block; height: 50px; margin: 0 auto 12px; width: 50px;\"><\/div>\n<div style=\"padding-top: 8px;\">\n<div style=\"color: #3897f0; font-family: Arial,sans-serif; font-size: 14px; font-style: normal; font-weight: 550; line-height: 18px;\">Ver essa foto no Instagram<\/div>\n<\/div>\n<div style=\"padding: 12.5% 0;\"><\/div>\n<div style=\"display: flex; flex-direction: row; margin-bottom: 14px; align-items: center;\">\n<div>\n<div style=\"background-color: #f4f4f4; border-radius: 50%; height: 12.5px; width: 12.5px; transform: translateX(0px) translateY(7px);\"><\/div>\n<div style=\"background-color: #f4f4f4; height: 12.5px; transform: rotate(-45deg) translateX(3px) translateY(1px); width: 12.5px; flex-grow: 0; margin-right: 14px; margin-left: 2px;\"><\/div>\n<div style=\"background-color: #f4f4f4; border-radius: 50%; height: 12.5px; width: 12.5px; transform: translateX(9px) translateY(-18px);\"><\/div>\n<\/div>\n<div style=\"margin-left: 8px;\">\n<div style=\"background-color: #f4f4f4; border-radius: 50%; flex-grow: 0; height: 20px; width: 20px;\"><\/div>\n<div style=\"width: 0; height: 0; border-top: 2px solid transparent; border-left: 6px solid #f4f4f4; border-bottom: 2px solid transparent; transform: translateX(16px) translateY(-4px) rotate(30deg);\"><\/div>\n<\/div>\n<div style=\"margin-left: auto;\">\n<div style=\"width: 0px; border-top: 8px solid #F4F4F4; border-right: 8px solid transparent; transform: translateY(16px);\"><\/div>\n<div style=\"background-color: #f4f4f4; flex-grow: 0; height: 12px; width: 16px; transform: translateY(-4px);\"><\/div>\n<div style=\"width: 0; height: 0; border-top: 8px solid #F4F4F4; border-left: 8px solid transparent; transform: translateY(-4px) translateX(8px);\"><\/div>\n<\/div>\n<\/div>\n<div style=\"display: flex; flex-direction: column; flex-grow: 1; justify-content: center; margin-bottom: 24px;\">\n<div style=\"background-color: #f4f4f4; border-radius: 4px; flex-grow: 0; height: 14px; margin-bottom: 6px; width: 224px;\"><\/div>\n<div style=\"background-color: #f4f4f4; border-radius: 4px; flex-grow: 0; height: 14px; width: 144px;\"><\/div>\n<\/div>\n<p>&nbsp;<\/p>\n<p style=\"color: #c9c8cd; font-family: Arial,sans-serif; font-size: 14px; line-height: 17px; margin-bottom: 0; margin-top: 8px; overflow: hidden; padding: 8px 0 7px; text-align: center; text-overflow: ellipsis; white-space: nowrap;\"><a style=\"color: #c9c8cd; font-family: Arial,sans-serif; font-size: 14px; font-style: normal; font-weight: normal; line-height: 17px; text-decoration: none;\" href=\"https:\/\/www.instagram.com\/p\/CqizycVtIFC\/?utm_source=ig_embed&amp;utm_campaign=loading\" target=\"_blank\" rel=\"noopener\">Uma publica\u00e7\u00e3o compartilhada por Marina P. Vidotti Roque \ud83c\udde7\ud83c\uddf7 (@mavidotti_)<\/a><\/p>\n<\/div>\n<\/blockquote>\n<p><script async src=\"\/\/www.instagram.com\/embed.js\"><\/script><\/p>\n<p>A Chelso tamb\u00e9m est\u00e1 no\u00a0<a href=\"https:\/\/www.youtube.com\/@ChelsoSports\">Youtube<\/a>. Se inscreva no nosso canal, deixe seus coment\u00e1rios nos v\u00eddeos e acompanhe todas as novidades do mundo dos esportes por l\u00e1. Passamos da marca de 3 mil inscritos e agora nossa meta \u00e9 chegar aos 4 mil.<\/p>\n<p>Aproveite e siga a Chelso Sports no\u00a0<a href=\"http:\/\/www.instagram.com\/chelsosports\">Instagram<\/a>, acompanhe todas as informa\u00e7\u00f5es sobre nosso calend\u00e1rio de provas e dicas de treinamentos, al\u00e9m de curiosidades sobre os esportes outdoor.<\/p>\n","protected":false},"excerpt":{"rendered":"<p>Abeje Ayana e Helah Kiprop vencem a Maratona de Paris! O et\u00edope Abeje Ayana e a queniana Helah Kipropo venceram, neste domingo (2), a Maratona de Paris. A prova francesa contou com incr\u00edveis 51.100 concluintes, sendo a primeira maratona para 43% dos atletas. Um n\u00famero bem expressivo e que mostra a grandeza do evento. Saiba<\/p>\n","protected":false},"author":21,"featured_media":0,"comment_status":"open","ping_status":"closed","sticky":false,"template":"","format":"standard","meta":{"om_disable_all_campaigns":false,"_monsterinsights_skip_tracking":false,"footnotes":""},"categories":[30],"tags":[735,41,52,943,942,2414],"class_list":["post-16850","post","type-post","status-publish","format-standard","category-noticias","tag-chelso","tag-chelso-sports","tag-maratona","tag-maratona-de-paris","tag-paris","tag-paris-marathon"],"aioseo_notices":[],"aioseo_head":"\n\t\t<!-- All in One SEO 5.0.1 - aioseo.com -->\n\t<meta name=\"description\" content=\"Abeje Ayana e Helah Kiprop vencem a Maratona de Paris! O et\u00edope Abeje Ayana e a queniana Helah Kipropo venceram, neste domingo (2), a Maratona de Paris. A prova francesa contou com incr\u00edveis 51.100 concluintes, sendo a primeira maratona para 43% dos atletas. Um n\u00famero bem expressivo e que mostra a grandeza do evento. Saiba\" \/>\n\t<meta name=\"robots\" content=\"max-image-preview:large\" \/>\n\t<meta name=\"author\" content=\"Chelso\"\/>\n\t<link rel=\"canonical\" href=\"https:\/\/chelso.com.br\/site\/abeje-ayana-e-helah-kiprop-vencem-a-maratona-de-paris\/\" \/>\n\t<meta name=\"generator\" content=\"All in One SEO (AIOSEO) 5.0.1\" \/>\n\t\t<meta property=\"og:locale\" content=\"pt_BR\" \/>\n\t\t<meta property=\"og:site_name\" content=\"Portal Chelso Sports - Conte\u00fado especializado em corrida de rua e triathlon\" \/>\n\t\t<meta property=\"og:type\" content=\"article\" \/>\n\t\t<meta property=\"og:title\" content=\"Abeje Ayana e Helah Kiprop vencem a Maratona de Paris - Portal Chelso Sports\" \/>\n\t\t<meta property=\"og:description\" content=\"Abeje Ayana e Helah Kiprop vencem a Maratona de Paris! O et\u00edope Abeje Ayana e a queniana Helah Kipropo venceram, neste domingo (2), a Maratona de Paris. A prova francesa contou com incr\u00edveis 51.100 concluintes, sendo a primeira maratona para 43% dos atletas. Um n\u00famero bem expressivo e que mostra a grandeza do evento. Saiba\" \/>\n\t\t<meta property=\"og:url\" content=\"https:\/\/chelso.com.br\/site\/abeje-ayana-e-helah-kiprop-vencem-a-maratona-de-paris\/\" \/>\n\t\t<meta property=\"article:published_time\" content=\"2023-04-03T23:42:47+00:00\" \/>\n\t\t<meta property=\"article:modified_time\" content=\"2023-04-03T23:42:47+00:00\" \/>\n\t\t<meta name=\"twitter:card\" content=\"summary_large_image\" \/>\n\t\t<meta name=\"twitter:title\" content=\"Abeje Ayana e Helah Kiprop vencem a Maratona de Paris - Portal Chelso Sports\" \/>\n\t\t<meta name=\"twitter:description\" content=\"Abeje Ayana e Helah Kiprop vencem a Maratona de Paris! O et\u00edope Abeje Ayana e a queniana Helah Kipropo venceram, neste domingo (2), a Maratona de Paris. A prova francesa contou com incr\u00edveis 51.100 concluintes, sendo a primeira maratona para 43% dos atletas. Um n\u00famero bem expressivo e que mostra a grandeza do evento. Saiba\" \/>\n\t\t<script type=\"application\/ld+json\" class=\"aioseo-schema\">\n\t\t\t{\"@context\":\"https:\\\/\\\/schema.org\",\"@graph\":[{\"@type\":\"BlogPosting\",\"@id\":\"https:\\\/\\\/chelso.com.br\\\/site\\\/abeje-ayana-e-helah-kiprop-vencem-a-maratona-de-paris\\\/#blogposting\",\"name\":\"Abeje Ayana e Helah Kiprop vencem a Maratona de Paris - Portal Chelso Sports\",\"headline\":\"Abeje Ayana e Helah Kiprop vencem a Maratona de Paris\",\"author\":{\"@id\":\"https:\\\/\\\/chelso.com.br\\\/site\\\/author\\\/maryblog\\\/#author\"},\"publisher\":{\"@id\":\"https:\\\/\\\/chelso.com.br\\\/site\\\/#organization\"},\"datePublished\":\"2023-04-03T20:42:47-03:00\",\"dateModified\":\"2023-04-03T20:42:47-03:00\",\"inLanguage\":\"pt-BR\",\"mainEntityOfPage\":{\"@id\":\"https:\\\/\\\/chelso.com.br\\\/site\\\/abeje-ayana-e-helah-kiprop-vencem-a-maratona-de-paris\\\/#webpage\"},\"isPartOf\":{\"@id\":\"https:\\\/\\\/chelso.com.br\\\/site\\\/abeje-ayana-e-helah-kiprop-vencem-a-maratona-de-paris\\\/#webpage\"},\"articleSection\":\"Not\\u00edcias, Chelso, chelso sports, Maratona, Maratona de Paris, Paris, Paris Marathon\"},{\"@type\":\"BreadcrumbList\",\"@id\":\"https:\\\/\\\/chelso.com.br\\\/site\\\/abeje-ayana-e-helah-kiprop-vencem-a-maratona-de-paris\\\/#breadcrumblist\",\"itemListElement\":[{\"@type\":\"ListItem\",\"@id\":\"https:\\\/\\\/chelso.com.br\\\/site#listItem\",\"position\":1,\"name\":\"Home\",\"item\":\"https:\\\/\\\/chelso.com.br\\\/site\",\"nextItem\":{\"@type\":\"ListItem\",\"@id\":\"https:\\\/\\\/chelso.com.br\\\/site\\\/category\\\/noticias\\\/#listItem\",\"name\":\"Not\\u00edcias\"}},{\"@type\":\"ListItem\",\"@id\":\"https:\\\/\\\/chelso.com.br\\\/site\\\/category\\\/noticias\\\/#listItem\",\"position\":2,\"name\":\"Not\\u00edcias\",\"item\":\"https:\\\/\\\/chelso.com.br\\\/site\\\/category\\\/noticias\\\/\",\"nextItem\":{\"@type\":\"ListItem\",\"@id\":\"https:\\\/\\\/chelso.com.br\\\/site\\\/abeje-ayana-e-helah-kiprop-vencem-a-maratona-de-paris\\\/#listItem\",\"name\":\"Abeje Ayana e Helah Kiprop vencem a Maratona de Paris\"},\"previousItem\":{\"@type\":\"ListItem\",\"@id\":\"https:\\\/\\\/chelso.com.br\\\/site#listItem\",\"name\":\"Home\"}},{\"@type\":\"ListItem\",\"@id\":\"https:\\\/\\\/chelso.com.br\\\/site\\\/abeje-ayana-e-helah-kiprop-vencem-a-maratona-de-paris\\\/#listItem\",\"position\":3,\"name\":\"Abeje Ayana e Helah Kiprop vencem a Maratona de Paris\",\"previousItem\":{\"@type\":\"ListItem\",\"@id\":\"https:\\\/\\\/chelso.com.br\\\/site\\\/category\\\/noticias\\\/#listItem\",\"name\":\"Not\\u00edcias\"}}]},{\"@type\":\"Organization\",\"@id\":\"https:\\\/\\\/chelso.com.br\\\/site\\\/#organization\",\"name\":\"Portal Chelso Sports\",\"description\":\"Conte\\u00fado especializado em corrida de rua e triathlon\",\"url\":\"https:\\\/\\\/chelso.com.br\\\/site\\\/\"},{\"@type\":\"Person\",\"@id\":\"https:\\\/\\\/chelso.com.br\\\/site\\\/author\\\/maryblog\\\/#author\",\"url\":\"https:\\\/\\\/chelso.com.br\\\/site\\\/author\\\/maryblog\\\/\",\"name\":\"Chelso\",\"image\":{\"@type\":\"ImageObject\",\"@id\":\"https:\\\/\\\/chelso.com.br\\\/site\\\/abeje-ayana-e-helah-kiprop-vencem-a-maratona-de-paris\\\/#authorImage\",\"url\":\"https:\\\/\\\/chelso.com.br\\\/site\\\/wp-content\\\/uploads\\\/2025\\\/04\\\/Perfil20192-150x149.png\",\"width\":96,\"height\":96,\"caption\":\"Chelso\"}},{\"@type\":\"WebPage\",\"@id\":\"https:\\\/\\\/chelso.com.br\\\/site\\\/abeje-ayana-e-helah-kiprop-vencem-a-maratona-de-paris\\\/#webpage\",\"url\":\"https:\\\/\\\/chelso.com.br\\\/site\\\/abeje-ayana-e-helah-kiprop-vencem-a-maratona-de-paris\\\/\",\"name\":\"Abeje Ayana e Helah Kiprop vencem a Maratona de Paris - Portal Chelso Sports\",\"description\":\"Abeje Ayana e Helah Kiprop vencem a Maratona de Paris! O et\\u00edope Abeje Ayana e a queniana Helah Kipropo venceram, neste domingo (2), a Maratona de Paris. A prova francesa contou com incr\\u00edveis 51.100 concluintes, sendo a primeira maratona para 43% dos atletas. Um n\\u00famero bem expressivo e que mostra a grandeza do evento. Saiba\",\"inLanguage\":\"pt-BR\",\"isPartOf\":{\"@id\":\"https:\\\/\\\/chelso.com.br\\\/site\\\/#website\"},\"breadcrumb\":{\"@id\":\"https:\\\/\\\/chelso.com.br\\\/site\\\/abeje-ayana-e-helah-kiprop-vencem-a-maratona-de-paris\\\/#breadcrumblist\"},\"author\":{\"@id\":\"https:\\\/\\\/chelso.com.br\\\/site\\\/author\\\/maryblog\\\/#author\"},\"creator\":{\"@id\":\"https:\\\/\\\/chelso.com.br\\\/site\\\/author\\\/maryblog\\\/#author\"},\"datePublished\":\"2023-04-03T20:42:47-03:00\",\"dateModified\":\"2023-04-03T20:42:47-03:00\"},{\"@type\":\"WebSite\",\"@id\":\"https:\\\/\\\/chelso.com.br\\\/site\\\/#website\",\"url\":\"https:\\\/\\\/chelso.com.br\\\/site\\\/\",\"name\":\"Portal Chelso Sports\",\"description\":\"Conte\\u00fado especializado em corrida de rua e triathlon\",\"inLanguage\":\"pt-BR\",\"publisher\":{\"@id\":\"https:\\\/\\\/chelso.com.br\\\/site\\\/#organization\"}}]}\n\t\t<\/script>\n\t\t<!-- All in One SEO -->\n\n","aioseo_head_json":{"title":"Abeje Ayana e Helah Kiprop vencem a Maratona de Paris - Portal Chelso Sports","description":"Abeje Ayana e Helah Kiprop vencem a Maratona de Paris! O et\u00edope Abeje Ayana e a queniana Helah Kipropo venceram, neste domingo (2), a Maratona de Paris. A prova francesa contou com incr\u00edveis 51.100 concluintes, sendo a primeira maratona para 43% dos atletas. Um n\u00famero bem expressivo e que mostra a grandeza do evento. Saiba","canonical_url":"https:\/\/chelso.com.br\/site\/abeje-ayana-e-helah-kiprop-vencem-a-maratona-de-paris\/","robots":"max-image-preview:large","keywords":"","webmasterTools":{"miscellaneous":""},"schema":{"@context":"https:\/\/schema.org","@graph":[{"@type":"BlogPosting","@id":"https:\/\/chelso.com.br\/site\/abeje-ayana-e-helah-kiprop-vencem-a-maratona-de-paris\/#blogposting","name":"Abeje Ayana e Helah Kiprop vencem a Maratona de Paris - Portal Chelso Sports","headline":"Abeje Ayana e Helah Kiprop vencem a Maratona de Paris","author":{"@id":"https:\/\/chelso.com.br\/site\/author\/maryblog\/#author"},"publisher":{"@id":"https:\/\/chelso.com.br\/site\/#organization"},"datePublished":"2023-04-03T20:42:47-03:00","dateModified":"2023-04-03T20:42:47-03:00","inLanguage":"pt-BR","mainEntityOfPage":{"@id":"https:\/\/chelso.com.br\/site\/abeje-ayana-e-helah-kiprop-vencem-a-maratona-de-paris\/#webpage"},"isPartOf":{"@id":"https:\/\/chelso.com.br\/site\/abeje-ayana-e-helah-kiprop-vencem-a-maratona-de-paris\/#webpage"},"articleSection":"Not\u00edcias, Chelso, chelso sports, Maratona, Maratona de Paris, Paris, Paris Marathon"},{"@type":"BreadcrumbList","@id":"https:\/\/chelso.com.br\/site\/abeje-ayana-e-helah-kiprop-vencem-a-maratona-de-paris\/#breadcrumblist","itemListElement":[{"@type":"ListItem","@id":"https:\/\/chelso.com.br\/site#listItem","position":1,"name":"Home","item":"https:\/\/chelso.com.br\/site","nextItem":{"@type":"ListItem","@id":"https:\/\/chelso.com.br\/site\/category\/noticias\/#listItem","name":"Not\u00edcias"}},{"@type":"ListItem","@id":"https:\/\/chelso.com.br\/site\/category\/noticias\/#listItem","position":2,"name":"Not\u00edcias","item":"https:\/\/chelso.com.br\/site\/category\/noticias\/","nextItem":{"@type":"ListItem","@id":"https:\/\/chelso.com.br\/site\/abeje-ayana-e-helah-kiprop-vencem-a-maratona-de-paris\/#listItem","name":"Abeje Ayana e Helah Kiprop vencem a Maratona de Paris"},"previousItem":{"@type":"ListItem","@id":"https:\/\/chelso.com.br\/site#listItem","name":"Home"}},{"@type":"ListItem","@id":"https:\/\/chelso.com.br\/site\/abeje-ayana-e-helah-kiprop-vencem-a-maratona-de-paris\/#listItem","position":3,"name":"Abeje Ayana e Helah Kiprop vencem a Maratona de Paris","previousItem":{"@type":"ListItem","@id":"https:\/\/chelso.com.br\/site\/category\/noticias\/#listItem","name":"Not\u00edcias"}}]},{"@type":"Organization","@id":"https:\/\/chelso.com.br\/site\/#organization","name":"Portal Chelso Sports","description":"Conte\u00fado especializado em corrida de rua e triathlon","url":"https:\/\/chelso.com.br\/site\/"},{"@type":"Person","@id":"https:\/\/chelso.com.br\/site\/author\/maryblog\/#author","url":"https:\/\/chelso.com.br\/site\/author\/maryblog\/","name":"Chelso","image":{"@type":"ImageObject","@id":"https:\/\/chelso.com.br\/site\/abeje-ayana-e-helah-kiprop-vencem-a-maratona-de-paris\/#authorImage","url":"https:\/\/chelso.com.br\/site\/wp-content\/uploads\/2025\/04\/Perfil20192-150x149.png","width":96,"height":96,"caption":"Chelso"}},{"@type":"WebPage","@id":"https:\/\/chelso.com.br\/site\/abeje-ayana-e-helah-kiprop-vencem-a-maratona-de-paris\/#webpage","url":"https:\/\/chelso.com.br\/site\/abeje-ayana-e-helah-kiprop-vencem-a-maratona-de-paris\/","name":"Abeje Ayana e Helah Kiprop vencem a Maratona de Paris - Portal Chelso Sports","description":"Abeje Ayana e Helah Kiprop vencem a Maratona de Paris! O et\u00edope Abeje Ayana e a queniana Helah Kipropo venceram, neste domingo (2), a Maratona de Paris. A prova francesa contou com incr\u00edveis 51.100 concluintes, sendo a primeira maratona para 43% dos atletas. Um n\u00famero bem expressivo e que mostra a grandeza do evento. Saiba","inLanguage":"pt-BR","isPartOf":{"@id":"https:\/\/chelso.com.br\/site\/#website"},"breadcrumb":{"@id":"https:\/\/chelso.com.br\/site\/abeje-ayana-e-helah-kiprop-vencem-a-maratona-de-paris\/#breadcrumblist"},"author":{"@id":"https:\/\/chelso.com.br\/site\/author\/maryblog\/#author"},"creator":{"@id":"https:\/\/chelso.com.br\/site\/author\/maryblog\/#author"},"datePublished":"2023-04-03T20:42:47-03:00","dateModified":"2023-04-03T20:42:47-03:00"},{"@type":"WebSite","@id":"https:\/\/chelso.com.br\/site\/#website","url":"https:\/\/chelso.com.br\/site\/","name":"Portal Chelso Sports","description":"Conte\u00fado especializado em corrida de rua e triathlon","inLanguage":"pt-BR","publisher":{"@id":"https:\/\/chelso.com.br\/site\/#organization"}}]},"og:locale":"pt_BR","og:site_name":"Portal Chelso Sports - Conte\u00fado especializado em corrida de rua e triathlon","og:type":"article","og:title":"Abeje Ayana e Helah Kiprop vencem a Maratona de Paris - Portal Chelso Sports","og:description":"Abeje Ayana e Helah Kiprop vencem a Maratona de Paris! O et\u00edope Abeje Ayana e a queniana Helah Kipropo venceram, neste domingo (2), a Maratona de Paris. A prova francesa contou com incr\u00edveis 51.100 concluintes, sendo a primeira maratona para 43% dos atletas. Um n\u00famero bem expressivo e que mostra a grandeza do evento. Saiba","og:url":"https:\/\/chelso.com.br\/site\/abeje-ayana-e-helah-kiprop-vencem-a-maratona-de-paris\/","article:published_time":"2023-04-03T23:42:47+00:00","article:modified_time":"2023-04-03T23:42:47+00:00","twitter:card":"summary_large_image","twitter:title":"Abeje Ayana e Helah Kiprop vencem a Maratona de Paris - Portal Chelso Sports","twitter:description":"Abeje Ayana e Helah Kiprop vencem a Maratona de Paris! O et\u00edope Abeje Ayana e a queniana Helah Kipropo venceram, neste domingo (2), a Maratona de Paris. A prova francesa contou com incr\u00edveis 51.100 concluintes, sendo a primeira maratona para 43% dos atletas. Um n\u00famero bem expressivo e que mostra a grandeza do evento. Saiba"},"aioseo_meta_data":{"post_id":"16850","title":null,"description":null,"keywords":null,"keyphrases":null,"primary_term":null,"canonical_url":null,"og_title":null,"og_description":null,"og_object_type":"default","og_image_type":"default","og_image_url":null,"og_image_width":null,"og_image_height":null,"og_image_custom_url":null,"og_image_custom_fields":null,"og_video":null,"og_custom_url":null,"og_article_section":null,"og_article_tags":null,"twitter_use_og":false,"twitter_card":"default","twitter_image_type":"default","twitter_image_url":null,"twitter_image_custom_url":null,"twitter_image_custom_fields":null,"twitter_title":null,"twitter_description":null,"schema":{"blockGraphs":[],"customGraphs":[],"default":{"data":{"Article":[],"Course":[],"Dataset":[],"FAQPage":[],"Movie":[],"Person":[],"Product":[],"ProductReview":[],"Car":[],"Recipe":[],"Service":[],"SoftwareApplication":[],"WebPage":[]},"graphName":"","isEnabled":true},"graphs":[]},"schema_type":"default","schema_type_options":null,"pillar_content":false,"robots_default":true,"robots_noindex":false,"robots_noarchive":false,"robots_nosnippet":false,"robots_nofollow":false,"robots_noimageindex":false,"robots_noodp":false,"robots_notranslate":false,"robots_max_snippet":null,"robots_max_videopreview":null,"robots_max_imagepreview":"large","priority":null,"frequency":null,"local_seo":null,"breadcrumb_settings":null,"limit_modified_date":false,"ai":null,"created":"2024-03-06 01:40:52","updated":"2025-07-02 18:49:48","focus_keyword":null,"additional_keywords":null,"truseo_locale":null,"seo_analyzer_scan_date":null},"aioseo_breadcrumb":"<div class=\"aioseo-breadcrumbs\"><span class=\"aioseo-breadcrumb\">\n\t\t\t<a href=\"https:\/\/chelso.com.br\/site\" title=\"Home\">Home<\/a>\n\t\t<\/span><span class=\"aioseo-breadcrumb-separator\">&raquo;<\/span><span class=\"aioseo-breadcrumb\">\n\t\t\t<a href=\"https:\/\/chelso.com.br\/site\/category\/noticias\/\" title=\"Not\u00edcias\">Not\u00edcias<\/a>\n\t\t<\/span><span class=\"aioseo-breadcrumb-separator\">&raquo;<\/span><span class=\"aioseo-breadcrumb\">\n\t\t\tAbeje Ayana e Helah Kiprop vencem a Maratona de Paris\n\t\t<\/span><\/div>","aioseo_breadcrumb_json":[{"label":"Home","link":"https:\/\/chelso.com.br\/site"},{"label":"Not\u00edcias","link":"https:\/\/chelso.com.br\/site\/category\/noticias\/"},{"label":"Abeje Ayana e Helah Kiprop vencem a Maratona de Paris","link":"https:\/\/chelso.com.br\/site\/abeje-ayana-e-helah-kiprop-vencem-a-maratona-de-paris\/"}],"amp_enabled":true,"_links":{"self":[{"href":"https:\/\/chelso.com.br\/site\/wp-json\/wp\/v2\/posts\/16850","targetHints":{"allow":["GET"]}}],"collection":[{"href":"https:\/\/chelso.com.br\/site\/wp-json\/wp\/v2\/posts"}],"about":[{"href":"https:\/\/chelso.com.br\/site\/wp-json\/wp\/v2\/types\/post"}],"author":[{"embeddable":true,"href":"https:\/\/chelso.com.br\/site\/wp-json\/wp\/v2\/users\/21"}],"replies":[{"embeddable":true,"href":"https:\/\/chelso.com.br\/site\/wp-json\/wp\/v2\/comments?post=16850"}],"version-history":[{"count":1,"href":"https:\/\/chelso.com.br\/site\/wp-json\/wp\/v2\/posts\/16850\/revisions"}],"predecessor-version":[{"id":16852,"href":"https:\/\/chelso.com.br\/site\/wp-json\/wp\/v2\/posts\/16850\/revisions\/16852"}],"wp:attachment":[{"href":"https:\/\/chelso.com.br\/site\/wp-json\/wp\/v2\/media?parent=16850"}],"wp:term":[{"taxonomy":"category","embeddable":true,"href":"https:\/\/chelso.com.br\/site\/wp-json\/wp\/v2\/categories?post=16850"},{"taxonomy":"post_tag","embeddable":true,"href":"https:\/\/chelso.com.br\/site\/wp-json\/wp\/v2\/tags?post=16850"}],"curies":[{"name":"wp","href":"https:\/\/api.w.org\/{rel}","templated":true}]}}