{"id":16882,"date":"2023-04-10T20:20:15","date_gmt":"2023-04-10T23:20:15","guid":{"rendered":"https:\/\/chelso.com.br\/site\/?p=16882"},"modified":"2023-04-10T20:20:15","modified_gmt":"2023-04-10T23:20:15","slug":"olympikus-corre-vento-2","status":"publish","type":"post","link":"https:\/\/chelso.com.br\/site\/olympikus-corre-vento-2\/","title":{"rendered":"Olympikus Corre Vento 2"},"content":{"rendered":"<p><strong>Olympikus Corre Vento 2<\/strong>! A Olympikus, maior marca de cal\u00e7ados esportivos do Brasil, lan\u00e7ou ontem na capital paulista o Corre Vento 2, a 2\u00aa edi\u00e7\u00e3o do t\u00eanis com foco em velocidade que ganha atualiza\u00e7\u00f5es e chega ao mercado pesando apenas 168g, na numera\u00e7\u00e3o 40. O modelo faz parte da Fam\u00edlia Corre e \u00e9 o mais leve da linha especial de alta performance voltada para corrida, que est\u00e1 dispon\u00edvel no e-commerce da marca e nas melhores lojas de cal\u00e7ados e artigos esportivos do pa\u00eds, no valor de R$ 449,99.<\/p>\n<p><a href=\"https:\/\/chelso.com.br\/site\/provas-presenciais\/\">Saiba mais sobre o nosso calend\u00e1rio de provas presenciais.<\/a><\/p>\n<h2>Olympikus Corre Vento 2!<\/h2>\n<p>Com shape anat\u00f4mico, minimalista e sofisticado, o Corre Vento 2 ganhou melhorias para proporcionar mais leveza, conforto, tecnologia e durabilidade aos p\u00e9s dos brasileiros. No cabedal, a lingueta e a g\u00e1spea, que possui uma aplica\u00e7\u00e3o de TPU fusionado de 0.35mm de espessura para maior suporte e estrutura\u00e7\u00e3o, foram desenvolvidas em tecido OXITEC, dando mais conforto t\u00e9rmico para a corrida e a n\u00e3o absor\u00e7\u00e3o de \u00e1gua pela chuva ou pelo contato com o suor, impedindo o aumento de peso. Ainda na lingueta, dois passadores foram adicionados em suas laterais, al\u00e9m do passador central, evitando desconforto.<\/p>\n<p>No puxador traseiro, peito do p\u00e9 e lateral interna, materiais refletivos foram aplicados para garantir mais seguran\u00e7a na corrida noturna. Sua palmilha \u00e9 anat\u00f4mica produzida com EVA, revestida por tecido poli\u00e9ster e projetada com perfuros estrategicamente posicionados para o escoamento da \u00e1gua ou suor. Foi adicionado um QRCode que direciona para uma p\u00e1gina exclusiva com todas as informa\u00e7\u00f5es do produto, abrindo com canal de transpar\u00eancia ainda maior com o consumidor.<\/p>\n<p>A tecnologia ELEVA PRO, que conquista cada vez mais os cora\u00e7\u00f5es dos brasileiros, comp\u00f5e o solado que possui 8mm de Drop e explora o limite de expans\u00e3o do EVA \u2013 leve e de baixa densidade \u2013 para alcan\u00e7ar m\u00e1xima resposta e garantir menor deforma\u00e7\u00e3o. Antiderrapante, com alta resist\u00eancia \u00e0 abras\u00e3o e com visual transl\u00facido, a tecnologia GRIPPER traz uma est\u00e9tica suave e minimalista, ideal para manter mais seguran\u00e7a nas passadas.<\/p>\n<blockquote class=\"instagram-media\" style=\"background: #FFF; border: 0; border-radius: 3px; box-shadow: 0 0 1px 0 rgba(0,0,0,0.5),0 1px 10px 0 rgba(0,0,0,0.15); margin: 1px; max-width: 540px; min-width: 326px; padding: 0; width: calc(100% - 2px);\" data-instgrm-captioned=\"\" data-instgrm-permalink=\"https:\/\/www.instagram.com\/reel\/CqtlpirJxUd\/?utm_source=ig_embed&amp;utm_campaign=loading\" data-instgrm-version=\"14\">\n<div style=\"padding: 16px;\">\n<p>&nbsp;<\/p>\n<div style=\"display: flex; flex-direction: row; align-items: center;\">\n<div style=\"background-color: #f4f4f4; border-radius: 50%; flex-grow: 0; height: 40px; margin-right: 14px; width: 40px;\"><\/div>\n<div style=\"display: flex; flex-direction: column; flex-grow: 1; justify-content: center;\">\n<div style=\"background-color: #f4f4f4; border-radius: 4px; flex-grow: 0; height: 14px; margin-bottom: 6px; width: 100px;\"><\/div>\n<div style=\"background-color: #f4f4f4; border-radius: 4px; flex-grow: 0; height: 14px; width: 60px;\"><\/div>\n<\/div>\n<\/div>\n<div style=\"padding: 19% 0;\"><\/div>\n<div style=\"display: block; height: 50px; margin: 0 auto 12px; width: 50px;\"><\/div>\n<div style=\"padding-top: 8px;\">\n<div style=\"color: #3897f0; font-family: Arial,sans-serif; font-size: 14px; font-style: normal; font-weight: 550; line-height: 18px;\">Ver essa foto no Instagram<\/div>\n<\/div>\n<div style=\"padding: 12.5% 0;\"><\/div>\n<div style=\"display: flex; flex-direction: row; margin-bottom: 14px; align-items: center;\">\n<div>\n<div style=\"background-color: #f4f4f4; border-radius: 50%; height: 12.5px; width: 12.5px; transform: translateX(0px) translateY(7px);\"><\/div>\n<div style=\"background-color: #f4f4f4; height: 12.5px; transform: rotate(-45deg) translateX(3px) translateY(1px); width: 12.5px; flex-grow: 0; margin-right: 14px; margin-left: 2px;\"><\/div>\n<div style=\"background-color: #f4f4f4; border-radius: 50%; height: 12.5px; width: 12.5px; transform: translateX(9px) translateY(-18px);\"><\/div>\n<\/div>\n<div style=\"margin-left: 8px;\">\n<div style=\"background-color: #f4f4f4; border-radius: 50%; flex-grow: 0; height: 20px; width: 20px;\"><\/div>\n<div style=\"width: 0; height: 0; border-top: 2px solid transparent; border-left: 6px solid #f4f4f4; border-bottom: 2px solid transparent; transform: translateX(16px) translateY(-4px) rotate(30deg);\"><\/div>\n<\/div>\n<div style=\"margin-left: auto;\">\n<div style=\"width: 0px; border-top: 8px solid #F4F4F4; border-right: 8px solid transparent; transform: translateY(16px);\"><\/div>\n<div style=\"background-color: #f4f4f4; flex-grow: 0; height: 12px; width: 16px; transform: translateY(-4px);\"><\/div>\n<div style=\"width: 0; height: 0; border-top: 8px solid #F4F4F4; border-left: 8px solid transparent; transform: translateY(-4px) translateX(8px);\"><\/div>\n<\/div>\n<\/div>\n<div style=\"display: flex; flex-direction: column; flex-grow: 1; justify-content: center; margin-bottom: 24px;\">\n<div style=\"background-color: #f4f4f4; border-radius: 4px; flex-grow: 0; height: 14px; margin-bottom: 6px; width: 224px;\"><\/div>\n<div style=\"background-color: #f4f4f4; border-radius: 4px; flex-grow: 0; height: 14px; width: 144px;\"><\/div>\n<\/div>\n<p>&nbsp;<\/p>\n<p style=\"color: #c9c8cd; font-family: Arial,sans-serif; font-size: 14px; line-height: 17px; margin-bottom: 0; margin-top: 8px; overflow: hidden; padding: 8px 0 7px; text-align: center; text-overflow: ellipsis; white-space: nowrap;\"><a style=\"color: #c9c8cd; font-family: Arial,sans-serif; font-size: 14px; font-style: normal; font-weight: normal; line-height: 17px; text-decoration: none;\" href=\"https:\/\/www.instagram.com\/reel\/CqtlpirJxUd\/?utm_source=ig_embed&amp;utm_campaign=loading\" target=\"_blank\" rel=\"noopener\">Uma publica\u00e7\u00e3o compartilhada por Olympikus (@olympikus)<\/a><\/p>\n<\/div>\n<\/blockquote>\n<p><script async src=\"\/\/www.instagram.com\/embed.js\"><\/script><\/p>\n<p>Lan\u00e7amento na Casa do Corre<br \/>\nO evento de lan\u00e7amento reuniu na \u00faltima quarta-feira (05) atletas, clientes e convidados para uma noite de treino e trocas na Casa do Corre, no Parque Villa-Lobos, em S\u00e3o Paulo. Na ocasi\u00e3o, um talk com a presen\u00e7a dos atletas patrocinados pela Olympikus Wellington Cip\u00f3, Jessica Ladeira e Raisa Marcelino, intermediado por Ademir Paulino, trouxe mais informa\u00e7\u00f5es t\u00e9cnicas e declara\u00e7\u00f5es sobre o Corre Vento 2, de quem entende do assunto e testou o produto em treinos e competi\u00e7\u00f5es. Logo ap\u00f3s, um treino comandado por Ademir, fez os presentes suarem a camisa e desfrutarem de passadas ainda mais leves e confort\u00e1veis, todos usando a novidade da marca.<\/p>\n<p>Para ficar por dentro de todas as novidades da marca, acesse: @olympikus, nas redes sociais.<\/p>\n<p>Ficha t\u00e9cnica Corre Vento 2<br \/>\nIndica\u00e7\u00e3o: Corrida<br \/>\nTecnologia: ELEVA PRO, OXITEC e GRIPPER<br \/>\nPeso: 168g | Drop: 8mm<br \/>\nPre\u00e7o: R$449,99<\/p>\n<p><iframe  id=\"_ytid_20419\"  width=\"788\" height=\"443\"  data-origwidth=\"788\" data-origheight=\"443\" src=\"https:\/\/www.youtube.com\/embed\/Hu7fQIibQqM?enablejsapi=1&#038;autoplay=0&#038;cc_load_policy=0&#038;cc_lang_pref=&#038;iv_load_policy=1&#038;loop=0&#038;rel=1&#038;fs=1&#038;playsinline=0&#038;autohide=2&#038;theme=dark&#038;color=red&#038;controls=1&#038;disablekb=0&#038;\" class=\"__youtube_prefs__  epyt-is-override  no-lazyload\" title=\"YouTube player\"  allow=\"fullscreen; accelerometer; autoplay; clipboard-write; encrypted-media; gyroscope; picture-in-picture; web-share\" referrerpolicy=\"strict-origin-when-cross-origin\" allowfullscreen data-no-lazy=\"1\" data-skipgform_ajax_framebjll=\"\"><\/iframe><\/p>\n<p>A Chelso tamb\u00e9m est\u00e1 no\u00a0<a href=\"https:\/\/www.youtube.com\/@ChelsoSports\">Youtube<\/a>. Se inscreva no nosso canal, deixe seus coment\u00e1rios nos v\u00eddeos e acompanhe todas as novidades do mundo dos esportes por l\u00e1. Passamos da marca de 3 mil inscritos e agora nossa meta \u00e9 chegar aos 4 mil.<\/p>\n<p>Aproveite e siga a Chelso Sports no\u00a0<a href=\"http:\/\/www.instagram.com\/chelsosports\">Instagram<\/a>, acompanhe todas as informa\u00e7\u00f5es sobre nosso calend\u00e1rio de provas e dicas de treinamentos, al\u00e9m de curiosidades sobre os esportes outdoor.<\/p>\n","protected":false},"excerpt":{"rendered":"<p>Olympikus Corre Vento 2! A Olympikus, maior marca de cal\u00e7ados esportivos do Brasil, lan\u00e7ou ontem na capital paulista o Corre Vento 2, a 2\u00aa edi\u00e7\u00e3o do t\u00eanis com foco em velocidade que ganha atualiza\u00e7\u00f5es e chega ao mercado pesando apenas 168g, na numera\u00e7\u00e3o 40. O modelo faz parte da Fam\u00edlia Corre e \u00e9 o mais<\/p>\n","protected":false},"author":21,"featured_media":0,"comment_status":"open","ping_status":"closed","sticky":false,"template":"","format":"standard","meta":{"om_disable_all_campaigns":false,"_monsterinsights_skip_tracking":false,"footnotes":""},"categories":[135,89,30],"tags":[735,41,2437,858],"class_list":["post-16882","post","type-post","status-publish","format-standard","category-business","category-dicas","category-noticias","tag-chelso","tag-chelso-sports","tag-corre-vento-2","tag-olympikus"],"aioseo_notices":[],"aioseo_head":"\n\t\t<!-- All in One SEO 5.0.1 - aioseo.com -->\n\t<meta name=\"description\" content=\"Olympikus Corre Vento 2! A Olympikus, maior marca de cal\u00e7ados esportivos do Brasil, lan\u00e7ou ontem na capital paulista o Corre Vento 2, a 2\u00aa edi\u00e7\u00e3o do t\u00eanis com foco em velocidade que ganha atualiza\u00e7\u00f5es e chega ao mercado pesando apenas 168g, na numera\u00e7\u00e3o 40. O modelo faz parte da Fam\u00edlia Corre e \u00e9 o mais\" \/>\n\t<meta name=\"robots\" content=\"max-image-preview:large\" \/>\n\t<meta name=\"author\" content=\"Chelso\"\/>\n\t<link rel=\"canonical\" href=\"https:\/\/chelso.com.br\/site\/olympikus-corre-vento-2\/\" \/>\n\t<meta name=\"generator\" content=\"All in One SEO (AIOSEO) 5.0.1\" \/>\n\t\t<meta property=\"og:locale\" content=\"pt_BR\" \/>\n\t\t<meta property=\"og:site_name\" content=\"Portal Chelso Sports - Conte\u00fado especializado em corrida de rua e triathlon\" \/>\n\t\t<meta property=\"og:type\" content=\"article\" \/>\n\t\t<meta property=\"og:title\" content=\"Olympikus Corre Vento 2 - Portal Chelso Sports\" \/>\n\t\t<meta property=\"og:description\" content=\"Olympikus Corre Vento 2! A Olympikus, maior marca de cal\u00e7ados esportivos do Brasil, lan\u00e7ou ontem na capital paulista o Corre Vento 2, a 2\u00aa edi\u00e7\u00e3o do t\u00eanis com foco em velocidade que ganha atualiza\u00e7\u00f5es e chega ao mercado pesando apenas 168g, na numera\u00e7\u00e3o 40. O modelo faz parte da Fam\u00edlia Corre e \u00e9 o mais\" \/>\n\t\t<meta property=\"og:url\" content=\"https:\/\/chelso.com.br\/site\/olympikus-corre-vento-2\/\" \/>\n\t\t<meta property=\"article:published_time\" content=\"2023-04-10T23:20:15+00:00\" \/>\n\t\t<meta property=\"article:modified_time\" content=\"2023-04-10T23:20:15+00:00\" \/>\n\t\t<meta name=\"twitter:card\" content=\"summary_large_image\" \/>\n\t\t<meta name=\"twitter:title\" content=\"Olympikus Corre Vento 2 - Portal Chelso Sports\" \/>\n\t\t<meta name=\"twitter:description\" content=\"Olympikus Corre Vento 2! A Olympikus, maior marca de cal\u00e7ados esportivos do Brasil, lan\u00e7ou ontem na capital paulista o Corre Vento 2, a 2\u00aa edi\u00e7\u00e3o do t\u00eanis com foco em velocidade que ganha atualiza\u00e7\u00f5es e chega ao mercado pesando apenas 168g, na numera\u00e7\u00e3o 40. O modelo faz parte da Fam\u00edlia Corre e \u00e9 o mais\" \/>\n\t\t<script type=\"application\/ld+json\" class=\"aioseo-schema\">\n\t\t\t{\"@context\":\"https:\\\/\\\/schema.org\",\"@graph\":[{\"@type\":\"BlogPosting\",\"@id\":\"https:\\\/\\\/chelso.com.br\\\/site\\\/olympikus-corre-vento-2\\\/#blogposting\",\"name\":\"Olympikus Corre Vento 2 - Portal Chelso Sports\",\"headline\":\"Olympikus Corre Vento 2\",\"author\":{\"@id\":\"https:\\\/\\\/chelso.com.br\\\/site\\\/author\\\/maryblog\\\/#author\"},\"publisher\":{\"@id\":\"https:\\\/\\\/chelso.com.br\\\/site\\\/#organization\"},\"datePublished\":\"2023-04-10T20:20:15-03:00\",\"dateModified\":\"2023-04-10T20:20:15-03:00\",\"inLanguage\":\"pt-BR\",\"mainEntityOfPage\":{\"@id\":\"https:\\\/\\\/chelso.com.br\\\/site\\\/olympikus-corre-vento-2\\\/#webpage\"},\"isPartOf\":{\"@id\":\"https:\\\/\\\/chelso.com.br\\\/site\\\/olympikus-corre-vento-2\\\/#webpage\"},\"articleSection\":\"Business, Dicas, Not\\u00edcias, Chelso, chelso sports, Corre Vento 2, Olympikus\"},{\"@type\":\"BreadcrumbList\",\"@id\":\"https:\\\/\\\/chelso.com.br\\\/site\\\/olympikus-corre-vento-2\\\/#breadcrumblist\",\"itemListElement\":[{\"@type\":\"ListItem\",\"@id\":\"https:\\\/\\\/chelso.com.br\\\/site#listItem\",\"position\":1,\"name\":\"Home\",\"item\":\"https:\\\/\\\/chelso.com.br\\\/site\",\"nextItem\":{\"@type\":\"ListItem\",\"@id\":\"https:\\\/\\\/chelso.com.br\\\/site\\\/category\\\/noticias\\\/#listItem\",\"name\":\"Not\\u00edcias\"}},{\"@type\":\"ListItem\",\"@id\":\"https:\\\/\\\/chelso.com.br\\\/site\\\/category\\\/noticias\\\/#listItem\",\"position\":2,\"name\":\"Not\\u00edcias\",\"item\":\"https:\\\/\\\/chelso.com.br\\\/site\\\/category\\\/noticias\\\/\",\"nextItem\":{\"@type\":\"ListItem\",\"@id\":\"https:\\\/\\\/chelso.com.br\\\/site\\\/olympikus-corre-vento-2\\\/#listItem\",\"name\":\"Olympikus Corre Vento 2\"},\"previousItem\":{\"@type\":\"ListItem\",\"@id\":\"https:\\\/\\\/chelso.com.br\\\/site#listItem\",\"name\":\"Home\"}},{\"@type\":\"ListItem\",\"@id\":\"https:\\\/\\\/chelso.com.br\\\/site\\\/olympikus-corre-vento-2\\\/#listItem\",\"position\":3,\"name\":\"Olympikus Corre Vento 2\",\"previousItem\":{\"@type\":\"ListItem\",\"@id\":\"https:\\\/\\\/chelso.com.br\\\/site\\\/category\\\/noticias\\\/#listItem\",\"name\":\"Not\\u00edcias\"}}]},{\"@type\":\"Organization\",\"@id\":\"https:\\\/\\\/chelso.com.br\\\/site\\\/#organization\",\"name\":\"Portal Chelso Sports\",\"description\":\"Conte\\u00fado especializado em corrida de rua e triathlon\",\"url\":\"https:\\\/\\\/chelso.com.br\\\/site\\\/\"},{\"@type\":\"Person\",\"@id\":\"https:\\\/\\\/chelso.com.br\\\/site\\\/author\\\/maryblog\\\/#author\",\"url\":\"https:\\\/\\\/chelso.com.br\\\/site\\\/author\\\/maryblog\\\/\",\"name\":\"Chelso\",\"image\":{\"@type\":\"ImageObject\",\"@id\":\"https:\\\/\\\/chelso.com.br\\\/site\\\/olympikus-corre-vento-2\\\/#authorImage\",\"url\":\"https:\\\/\\\/chelso.com.br\\\/site\\\/wp-content\\\/uploads\\\/2025\\\/04\\\/Perfil20192-150x149.png\",\"width\":96,\"height\":96,\"caption\":\"Chelso\"}},{\"@type\":\"WebPage\",\"@id\":\"https:\\\/\\\/chelso.com.br\\\/site\\\/olympikus-corre-vento-2\\\/#webpage\",\"url\":\"https:\\\/\\\/chelso.com.br\\\/site\\\/olympikus-corre-vento-2\\\/\",\"name\":\"Olympikus Corre Vento 2 - Portal Chelso Sports\",\"description\":\"Olympikus Corre Vento 2! A Olympikus, maior marca de cal\\u00e7ados esportivos do Brasil, lan\\u00e7ou ontem na capital paulista o Corre Vento 2, a 2\\u00aa edi\\u00e7\\u00e3o do t\\u00eanis com foco em velocidade que ganha atualiza\\u00e7\\u00f5es e chega ao mercado pesando apenas 168g, na numera\\u00e7\\u00e3o 40. O modelo faz parte da Fam\\u00edlia Corre e \\u00e9 o mais\",\"inLanguage\":\"pt-BR\",\"isPartOf\":{\"@id\":\"https:\\\/\\\/chelso.com.br\\\/site\\\/#website\"},\"breadcrumb\":{\"@id\":\"https:\\\/\\\/chelso.com.br\\\/site\\\/olympikus-corre-vento-2\\\/#breadcrumblist\"},\"author\":{\"@id\":\"https:\\\/\\\/chelso.com.br\\\/site\\\/author\\\/maryblog\\\/#author\"},\"creator\":{\"@id\":\"https:\\\/\\\/chelso.com.br\\\/site\\\/author\\\/maryblog\\\/#author\"},\"datePublished\":\"2023-04-10T20:20:15-03:00\",\"dateModified\":\"2023-04-10T20:20:15-03:00\"},{\"@type\":\"WebSite\",\"@id\":\"https:\\\/\\\/chelso.com.br\\\/site\\\/#website\",\"url\":\"https:\\\/\\\/chelso.com.br\\\/site\\\/\",\"name\":\"Portal Chelso Sports\",\"description\":\"Conte\\u00fado especializado em corrida de rua e triathlon\",\"inLanguage\":\"pt-BR\",\"publisher\":{\"@id\":\"https:\\\/\\\/chelso.com.br\\\/site\\\/#organization\"}}]}\n\t\t<\/script>\n\t\t<!-- All in One SEO -->\n\n","aioseo_head_json":{"title":"Olympikus Corre Vento 2 - Portal Chelso Sports","description":"Olympikus Corre Vento 2! A Olympikus, maior marca de cal\u00e7ados esportivos do Brasil, lan\u00e7ou ontem na capital paulista o Corre Vento 2, a 2\u00aa edi\u00e7\u00e3o do t\u00eanis com foco em velocidade que ganha atualiza\u00e7\u00f5es e chega ao mercado pesando apenas 168g, na numera\u00e7\u00e3o 40. O modelo faz parte da Fam\u00edlia Corre e \u00e9 o mais","canonical_url":"https:\/\/chelso.com.br\/site\/olympikus-corre-vento-2\/","robots":"max-image-preview:large","keywords":"","webmasterTools":{"miscellaneous":""},"schema":{"@context":"https:\/\/schema.org","@graph":[{"@type":"BlogPosting","@id":"https:\/\/chelso.com.br\/site\/olympikus-corre-vento-2\/#blogposting","name":"Olympikus Corre Vento 2 - Portal Chelso Sports","headline":"Olympikus Corre Vento 2","author":{"@id":"https:\/\/chelso.com.br\/site\/author\/maryblog\/#author"},"publisher":{"@id":"https:\/\/chelso.com.br\/site\/#organization"},"datePublished":"2023-04-10T20:20:15-03:00","dateModified":"2023-04-10T20:20:15-03:00","inLanguage":"pt-BR","mainEntityOfPage":{"@id":"https:\/\/chelso.com.br\/site\/olympikus-corre-vento-2\/#webpage"},"isPartOf":{"@id":"https:\/\/chelso.com.br\/site\/olympikus-corre-vento-2\/#webpage"},"articleSection":"Business, Dicas, Not\u00edcias, Chelso, chelso sports, Corre Vento 2, Olympikus"},{"@type":"BreadcrumbList","@id":"https:\/\/chelso.com.br\/site\/olympikus-corre-vento-2\/#breadcrumblist","itemListElement":[{"@type":"ListItem","@id":"https:\/\/chelso.com.br\/site#listItem","position":1,"name":"Home","item":"https:\/\/chelso.com.br\/site","nextItem":{"@type":"ListItem","@id":"https:\/\/chelso.com.br\/site\/category\/noticias\/#listItem","name":"Not\u00edcias"}},{"@type":"ListItem","@id":"https:\/\/chelso.com.br\/site\/category\/noticias\/#listItem","position":2,"name":"Not\u00edcias","item":"https:\/\/chelso.com.br\/site\/category\/noticias\/","nextItem":{"@type":"ListItem","@id":"https:\/\/chelso.com.br\/site\/olympikus-corre-vento-2\/#listItem","name":"Olympikus Corre Vento 2"},"previousItem":{"@type":"ListItem","@id":"https:\/\/chelso.com.br\/site#listItem","name":"Home"}},{"@type":"ListItem","@id":"https:\/\/chelso.com.br\/site\/olympikus-corre-vento-2\/#listItem","position":3,"name":"Olympikus Corre Vento 2","previousItem":{"@type":"ListItem","@id":"https:\/\/chelso.com.br\/site\/category\/noticias\/#listItem","name":"Not\u00edcias"}}]},{"@type":"Organization","@id":"https:\/\/chelso.com.br\/site\/#organization","name":"Portal Chelso Sports","description":"Conte\u00fado especializado em corrida de rua e triathlon","url":"https:\/\/chelso.com.br\/site\/"},{"@type":"Person","@id":"https:\/\/chelso.com.br\/site\/author\/maryblog\/#author","url":"https:\/\/chelso.com.br\/site\/author\/maryblog\/","name":"Chelso","image":{"@type":"ImageObject","@id":"https:\/\/chelso.com.br\/site\/olympikus-corre-vento-2\/#authorImage","url":"https:\/\/chelso.com.br\/site\/wp-content\/uploads\/2025\/04\/Perfil20192-150x149.png","width":96,"height":96,"caption":"Chelso"}},{"@type":"WebPage","@id":"https:\/\/chelso.com.br\/site\/olympikus-corre-vento-2\/#webpage","url":"https:\/\/chelso.com.br\/site\/olympikus-corre-vento-2\/","name":"Olympikus Corre Vento 2 - Portal Chelso Sports","description":"Olympikus Corre Vento 2! A Olympikus, maior marca de cal\u00e7ados esportivos do Brasil, lan\u00e7ou ontem na capital paulista o Corre Vento 2, a 2\u00aa edi\u00e7\u00e3o do t\u00eanis com foco em velocidade que ganha atualiza\u00e7\u00f5es e chega ao mercado pesando apenas 168g, na numera\u00e7\u00e3o 40. O modelo faz parte da Fam\u00edlia Corre e \u00e9 o mais","inLanguage":"pt-BR","isPartOf":{"@id":"https:\/\/chelso.com.br\/site\/#website"},"breadcrumb":{"@id":"https:\/\/chelso.com.br\/site\/olympikus-corre-vento-2\/#breadcrumblist"},"author":{"@id":"https:\/\/chelso.com.br\/site\/author\/maryblog\/#author"},"creator":{"@id":"https:\/\/chelso.com.br\/site\/author\/maryblog\/#author"},"datePublished":"2023-04-10T20:20:15-03:00","dateModified":"2023-04-10T20:20:15-03:00"},{"@type":"WebSite","@id":"https:\/\/chelso.com.br\/site\/#website","url":"https:\/\/chelso.com.br\/site\/","name":"Portal Chelso Sports","description":"Conte\u00fado especializado em corrida de rua e triathlon","inLanguage":"pt-BR","publisher":{"@id":"https:\/\/chelso.com.br\/site\/#organization"}}]},"og:locale":"pt_BR","og:site_name":"Portal Chelso Sports - Conte\u00fado especializado em corrida de rua e triathlon","og:type":"article","og:title":"Olympikus Corre Vento 2 - Portal Chelso Sports","og:description":"Olympikus Corre Vento 2! A Olympikus, maior marca de cal\u00e7ados esportivos do Brasil, lan\u00e7ou ontem na capital paulista o Corre Vento 2, a 2\u00aa edi\u00e7\u00e3o do t\u00eanis com foco em velocidade que ganha atualiza\u00e7\u00f5es e chega ao mercado pesando apenas 168g, na numera\u00e7\u00e3o 40. O modelo faz parte da Fam\u00edlia Corre e \u00e9 o mais","og:url":"https:\/\/chelso.com.br\/site\/olympikus-corre-vento-2\/","article:published_time":"2023-04-10T23:20:15+00:00","article:modified_time":"2023-04-10T23:20:15+00:00","twitter:card":"summary_large_image","twitter:title":"Olympikus Corre Vento 2 - Portal Chelso Sports","twitter:description":"Olympikus Corre Vento 2! A Olympikus, maior marca de cal\u00e7ados esportivos do Brasil, lan\u00e7ou ontem na capital paulista o Corre Vento 2, a 2\u00aa edi\u00e7\u00e3o do t\u00eanis com foco em velocidade que ganha atualiza\u00e7\u00f5es e chega ao mercado pesando apenas 168g, na numera\u00e7\u00e3o 40. O modelo faz parte da Fam\u00edlia Corre e \u00e9 o mais"},"aioseo_meta_data":{"post_id":"16882","title":null,"description":null,"keywords":null,"keyphrases":null,"primary_term":null,"canonical_url":null,"og_title":null,"og_description":null,"og_object_type":"default","og_image_type":"default","og_image_url":null,"og_image_width":null,"og_image_height":null,"og_image_custom_url":null,"og_image_custom_fields":null,"og_video":null,"og_custom_url":null,"og_article_section":null,"og_article_tags":null,"twitter_use_og":false,"twitter_card":"default","twitter_image_type":"default","twitter_image_url":null,"twitter_image_custom_url":null,"twitter_image_custom_fields":null,"twitter_title":null,"twitter_description":null,"schema":{"blockGraphs":[],"customGraphs":[],"default":{"data":{"Article":[],"Course":[],"Dataset":[],"FAQPage":[],"Movie":[],"Person":[],"Product":[],"ProductReview":[],"Car":[],"Recipe":[],"Service":[],"SoftwareApplication":[],"WebPage":[]},"graphName":"","isEnabled":true},"graphs":[]},"schema_type":"default","schema_type_options":null,"pillar_content":false,"robots_default":true,"robots_noindex":false,"robots_noarchive":false,"robots_nosnippet":false,"robots_nofollow":false,"robots_noimageindex":false,"robots_noodp":false,"robots_notranslate":false,"robots_max_snippet":null,"robots_max_videopreview":null,"robots_max_imagepreview":"large","priority":null,"frequency":null,"local_seo":null,"breadcrumb_settings":null,"limit_modified_date":false,"ai":null,"created":"2024-03-06 01:40:53","updated":"2025-07-02 18:49:48","focus_keyword":null,"additional_keywords":null,"truseo_locale":null,"seo_analyzer_scan_date":null},"aioseo_breadcrumb":"<div class=\"aioseo-breadcrumbs\"><span class=\"aioseo-breadcrumb\">\n\t\t\t<a href=\"https:\/\/chelso.com.br\/site\" title=\"Home\">Home<\/a>\n\t\t<\/span><span class=\"aioseo-breadcrumb-separator\">&raquo;<\/span><span class=\"aioseo-breadcrumb\">\n\t\t\t<a href=\"https:\/\/chelso.com.br\/site\/category\/noticias\/\" title=\"Not\u00edcias\">Not\u00edcias<\/a>\n\t\t<\/span><span class=\"aioseo-breadcrumb-separator\">&raquo;<\/span><span class=\"aioseo-breadcrumb\">\n\t\t\tOlympikus Corre Vento 2\n\t\t<\/span><\/div>","aioseo_breadcrumb_json":[{"label":"Home","link":"https:\/\/chelso.com.br\/site"},{"label":"Not\u00edcias","link":"https:\/\/chelso.com.br\/site\/category\/noticias\/"},{"label":"Olympikus Corre Vento 2","link":"https:\/\/chelso.com.br\/site\/olympikus-corre-vento-2\/"}],"amp_enabled":true,"_links":{"self":[{"href":"https:\/\/chelso.com.br\/site\/wp-json\/wp\/v2\/posts\/16882","targetHints":{"allow":["GET"]}}],"collection":[{"href":"https:\/\/chelso.com.br\/site\/wp-json\/wp\/v2\/posts"}],"about":[{"href":"https:\/\/chelso.com.br\/site\/wp-json\/wp\/v2\/types\/post"}],"author":[{"embeddable":true,"href":"https:\/\/chelso.com.br\/site\/wp-json\/wp\/v2\/users\/21"}],"replies":[{"embeddable":true,"href":"https:\/\/chelso.com.br\/site\/wp-json\/wp\/v2\/comments?post=16882"}],"version-history":[{"count":1,"href":"https:\/\/chelso.com.br\/site\/wp-json\/wp\/v2\/posts\/16882\/revisions"}],"predecessor-version":[{"id":16884,"href":"https:\/\/chelso.com.br\/site\/wp-json\/wp\/v2\/posts\/16882\/revisions\/16884"}],"wp:attachment":[{"href":"https:\/\/chelso.com.br\/site\/wp-json\/wp\/v2\/media?parent=16882"}],"wp:term":[{"taxonomy":"category","embeddable":true,"href":"https:\/\/chelso.com.br\/site\/wp-json\/wp\/v2\/categories?post=16882"},{"taxonomy":"post_tag","embeddable":true,"href":"https:\/\/chelso.com.br\/site\/wp-json\/wp\/v2\/tags?post=16882"}],"curies":[{"name":"wp","href":"https:\/\/api.w.org\/{rel}","templated":true}]}}