{"id":16918,"date":"2023-04-13T19:06:42","date_gmt":"2023-04-13T22:06:42","guid":{"rendered":"https:\/\/chelso.com.br\/site\/?p=16918"},"modified":"2023-04-13T19:06:42","modified_gmt":"2023-04-13T22:06:42","slug":"allegra-pacaembu-e-cbat-assinam-termo-de-parceria-para-uso-do-complexo","status":"publish","type":"post","link":"https:\/\/chelso.com.br\/site\/allegra-pacaembu-e-cbat-assinam-termo-de-parceria-para-uso-do-complexo\/","title":{"rendered":"Allegra Pacaembu e CBAT assinam termo de parceria para uso do complexo"},"content":{"rendered":"<p><strong>Allegra Pacaembu e CBAT! <\/strong>A partir de 2024, o Pacaembu volta a receber a pr\u00e1tica do atletismo em suas instala\u00e7\u00f5es. A Allegra Pacaembu e a Confedera\u00e7\u00e3o Brasileira de Atletismo (CBAt) assinaram um termo de inten\u00e7\u00f5es que prev\u00ea o uso da pista de atletismo, que ser\u00e1 novamente instalada no complexo, por atletas desde o n\u00edvel estudantil, passando por categorias de base, at\u00e9 o profissional. Al\u00e9m disso, h\u00e1 a previs\u00e3o de parceria para recupera\u00e7\u00e3o de atletas no centro de medicina esportiva do Hospital Albert Einstein, que ficar\u00e1 no edif\u00edcio multifuncional dentro do Pacaembu.<\/p>\n<p>Ap\u00f3s as obras de reforma, moderniza\u00e7\u00e3o e restauro, o Pacaembu contar\u00e1 com uma pista de atletismo em volta do campo de futebol. A ideia \u00e9 receber competi\u00e7\u00f5es de pista, como provas de meio fundo e fundo, desafios de velocidade, entre outras atividades.<\/p>\n<p><a href=\"https:\/\/chelso.com.br\/site\/provas-presenciais\/\">Saiba mais sobre o nosso calend\u00e1rio de provas presenciais.<\/a><\/p>\n<h2>Allegra Pacaembu e CBAT assinam termo de parceria para uso do complexo<\/h2>\n<p>\u201cA identidade do Pacaembu \u00e9 muito marcada pelo futebol, mas o complexo estar\u00e1 pronto para abrigar tamb\u00e9m outras pr\u00e1ticas esportivas. Queremos que o Pacaembu seja plural e a casa de diversas modalidades. A parceria com a CBAt, o \u00f3rg\u00e3o m\u00e1ximo do atletismo, corrobora com o nosso desejo de oferecer mais op\u00e7\u00f5es para os atletas praticarem o esporte\u201d, explica Eduardo Barella, CEO da Concession\u00e1ria Allegra Pacaembu.<\/p>\n<p>A CBAt \u00e9 a primeira confedera\u00e7\u00e3o a fazer parceria com o Pacaembu e foi reconhecida como a melhor federa\u00e7\u00e3o de atletismo do mundo em 2022, dentre as 213 federa\u00e7\u00f5es membro da World Athletics. Foi premiada com o trof\u00e9u do World Athletics Awards 2022.<\/p>\n<p>\u201cSomos a primeira confedera\u00e7\u00e3o a assinar um termo de inten\u00e7\u00f5es com a Allegra Pacaembu e isso nos orgulha muito. Os nossos atletas poder\u00e3o ter acesso ao equipamento. Eu estive na obra e impressiona o n\u00famero de pessoas e m\u00e1quinas que est\u00e3o trabalhando. O atletismo estar\u00e1 presente no novo Pacaembu\u201d, disse Wlamir Motta Campos, presidente do Conselho de Administra\u00e7\u00e3o da CBAt.<\/p>\n<blockquote class=\"instagram-media\" style=\"background: #FFF; border: 0; border-radius: 3px; box-shadow: 0 0 1px 0 rgba(0,0,0,0.5),0 1px 10px 0 rgba(0,0,0,0.15); margin: 1px; max-width: 540px; min-width: 326px; padding: 0; width: calc(100% - 2px);\" data-instgrm-captioned=\"\" data-instgrm-permalink=\"https:\/\/www.instagram.com\/p\/CqxzXg1tVVh\/?utm_source=ig_embed&amp;utm_campaign=loading\" data-instgrm-version=\"14\">\n<div style=\"padding: 16px;\">\n<p>&nbsp;<\/p>\n<div style=\"display: flex; flex-direction: row; align-items: center;\">\n<div style=\"background-color: #f4f4f4; border-radius: 50%; flex-grow: 0; height: 40px; margin-right: 14px; width: 40px;\"><\/div>\n<div style=\"display: flex; flex-direction: column; flex-grow: 1; justify-content: center;\">\n<div style=\"background-color: #f4f4f4; border-radius: 4px; flex-grow: 0; height: 14px; margin-bottom: 6px; width: 100px;\"><\/div>\n<div style=\"background-color: #f4f4f4; border-radius: 4px; flex-grow: 0; height: 14px; width: 60px;\"><\/div>\n<\/div>\n<\/div>\n<div style=\"padding: 19% 0;\"><\/div>\n<div style=\"display: block; height: 50px; margin: 0 auto 12px; width: 50px;\"><\/div>\n<div style=\"padding-top: 8px;\">\n<div style=\"color: #3897f0; font-family: Arial,sans-serif; font-size: 14px; font-style: normal; font-weight: 550; line-height: 18px;\">Ver essa foto no Instagram<\/div>\n<\/div>\n<div style=\"padding: 12.5% 0;\"><\/div>\n<div style=\"display: flex; flex-direction: row; margin-bottom: 14px; align-items: center;\">\n<div>\n<div style=\"background-color: #f4f4f4; border-radius: 50%; height: 12.5px; width: 12.5px; transform: translateX(0px) translateY(7px);\"><\/div>\n<div style=\"background-color: #f4f4f4; height: 12.5px; transform: rotate(-45deg) translateX(3px) translateY(1px); width: 12.5px; flex-grow: 0; margin-right: 14px; margin-left: 2px;\"><\/div>\n<div style=\"background-color: #f4f4f4; border-radius: 50%; height: 12.5px; width: 12.5px; transform: translateX(9px) translateY(-18px);\"><\/div>\n<\/div>\n<div style=\"margin-left: 8px;\">\n<div style=\"background-color: #f4f4f4; border-radius: 50%; flex-grow: 0; height: 20px; width: 20px;\"><\/div>\n<div style=\"width: 0; height: 0; border-top: 2px solid transparent; border-left: 6px solid #f4f4f4; border-bottom: 2px solid transparent; transform: translateX(16px) translateY(-4px) rotate(30deg);\"><\/div>\n<\/div>\n<div style=\"margin-left: auto;\">\n<div style=\"width: 0px; border-top: 8px solid #F4F4F4; border-right: 8px solid transparent; transform: translateY(16px);\"><\/div>\n<div style=\"background-color: #f4f4f4; flex-grow: 0; height: 12px; width: 16px; transform: translateY(-4px);\"><\/div>\n<div style=\"width: 0; height: 0; border-top: 8px solid #F4F4F4; border-left: 8px solid transparent; transform: translateY(-4px) translateX(8px);\"><\/div>\n<\/div>\n<\/div>\n<div style=\"display: flex; flex-direction: column; flex-grow: 1; justify-content: center; margin-bottom: 24px;\">\n<div style=\"background-color: #f4f4f4; border-radius: 4px; flex-grow: 0; height: 14px; margin-bottom: 6px; width: 224px;\"><\/div>\n<div style=\"background-color: #f4f4f4; border-radius: 4px; flex-grow: 0; height: 14px; width: 144px;\"><\/div>\n<\/div>\n<p>&nbsp;<\/p>\n<p style=\"color: #c9c8cd; font-family: Arial,sans-serif; font-size: 14px; line-height: 17px; margin-bottom: 0; margin-top: 8px; overflow: hidden; padding: 8px 0 7px; text-align: center; text-overflow: ellipsis; white-space: nowrap;\"><a style=\"color: #c9c8cd; font-family: Arial,sans-serif; font-size: 14px; font-style: normal; font-weight: normal; line-height: 17px; text-decoration: none;\" href=\"https:\/\/www.instagram.com\/p\/CqxzXg1tVVh\/?utm_source=ig_embed&amp;utm_campaign=loading\" target=\"_blank\" rel=\"noopener\">Uma publica\u00e7\u00e3o compartilhada por Chelso Sports \u2022 Corrida de Rua (@chelsosports)<\/a><\/p>\n<\/div>\n<\/blockquote>\n<p><script async src=\"\/\/www.instagram.com\/embed.js\"><\/script><\/p>\n<p><strong>Novas parcerias a caminho<\/strong><\/p>\n<p>A Allegra Pacaembu pretende ampliar a quantidade de acordos de coopera\u00e7\u00e3o atraindo outras modalidades esportivas para dentro do Complexo. \u201cO Pacaembu tem potencial para receber e incentivar a pr\u00e1tica de v\u00e1rias modalidades esportivas. Temos uma piscina ol\u00edmpica, duas quadras de t\u00eanis e um gin\u00e1sio poliesportivo a disposi\u00e7\u00e3o das organiza\u00e7\u00f5es esportivas e da popula\u00e7\u00e3o em geral. Estamos conversando com outras Confedera\u00e7\u00f5es para que novos acordos sejam firmados\u201d, afirma Bruno Souza, diretor da Concession\u00e1ria Allegra Pacaembu.<\/p>\n<p><strong>Sobre as obras em andamento<\/strong><\/p>\n<p>As obras de reforma, restauro e moderniza\u00e7\u00e3o no Complexo do Pacaembu foram iniciadas em 29 de junho de 2021, seguindo o projeto aprovado pelos Conselhos Estadual e Municipal de Preserva\u00e7\u00e3o do Patrim\u00f4nio Hist\u00f3rico e pelas Secretarias Municipais competentes. O complexo ser\u00e1 inteiramente restaurado, respeitando e renovando o conjunto arquitet\u00f4nico original de 1940.<\/p>\n<p>Um edif\u00edcio multifuncional de nove andares, quatro deles subterr\u00e2neos, est\u00e1 em constru\u00e7\u00e3o. Em tr\u00eas de seus pavimentos funcionar\u00e1 um hotel, em parceria com a UMusic Hotels, joint venture entre a Universal Music Group, l\u00edder mundial em entretenimento baseado em m\u00fasica, e a Dakia U-Ventures, grupo de internacional de investimentos. O Hospital Albert Einstein tamb\u00e9m ocupar\u00e1 o espa\u00e7o com um centro de medicina esportiva.<\/p>\n<p>O edif\u00edcio ter\u00e1, ainda, um centro de eventos e conven\u00e7\u00f5es para at\u00e9 oito mil e quinhentas pessoas; al\u00e9m de um amplo estacionamento em seu subsolo. A nova edifica\u00e7\u00e3o contar\u00e1, ainda, com um centro de medicina esportiva, um hub de empreendedorismo e inova\u00e7\u00e3o e uma unidade da Galleria Continua, uma das mais importantes galerias de arte contempor\u00e2nea do mundo. O Complexo ter\u00e1, tamb\u00e9m, restaurantes, caf\u00e9s, bares, lojas e escrit\u00f3rios. E uma passarela p\u00fablica elevada ligando as ruas It\u00e1polis e Desembargador Paulo Passal\u00e1qua.<\/p>\n<p>As arquibancadas Leste e Oeste tamb\u00e9m est\u00e3o em obras desde o ano passado e, ap\u00f3s a renova\u00e7\u00e3o, essas estruturas oferecer\u00e3o mais conforto, seguran\u00e7a e acessibilidade aos frequentadores. Al\u00e9m de abrigar camarotes, uma arena de eSports, espa\u00e7os para eventos e hospitalidade, novos sanit\u00e1rios e \u00e1reas de alimenta\u00e7\u00e3o.<\/p>\n<p>A Prevent Senior NewOn \u00e9 patrocinadora do atletismo brasileiro oferecendo medicina esportiva de precis\u00e3o e estilo de vida para os que se ligam no esporte e apoio \u00e0s competi\u00e7\u00f5es.<\/p>\n<p>As Loterias Caixa s\u00e3o a patrocinadora m\u00e1ster do atletismo brasileiro.<\/p>\n<p><iframe  id=\"_ytid_58894\"  width=\"788\" height=\"443\"  data-origwidth=\"788\" data-origheight=\"443\" src=\"https:\/\/www.youtube.com\/embed\/s2Keui5ETiI?enablejsapi=1&#038;autoplay=0&#038;cc_load_policy=0&#038;cc_lang_pref=&#038;iv_load_policy=1&#038;loop=0&#038;rel=1&#038;fs=1&#038;playsinline=0&#038;autohide=2&#038;theme=dark&#038;color=red&#038;controls=1&#038;disablekb=0&#038;\" class=\"__youtube_prefs__  epyt-is-override  no-lazyload\" title=\"YouTube player\"  allow=\"fullscreen; accelerometer; autoplay; clipboard-write; encrypted-media; gyroscope; picture-in-picture; web-share\" referrerpolicy=\"strict-origin-when-cross-origin\" allowfullscreen data-no-lazy=\"1\" data-skipgform_ajax_framebjll=\"\"><\/iframe><\/p>\n<div>A Chelso tamb\u00e9m est\u00e1 no\u00a0<a href=\"https:\/\/www.youtube.com\/@ChelsoSports\">Youtube<\/a>. Se inscreva no nosso canal, deixe seus coment\u00e1rios nos v\u00eddeos e acompanhe todas as novidades do mundo dos esportes por l\u00e1. Passamos da marca de 3 mil inscritos e agora nossa meta \u00e9 chegar aos 4 mil.<\/div>\n<div id=\"conteudo_principal\" class=\"containerCentro\">\n<p>Aproveite e siga a Chelso Sports no\u00a0<a href=\"http:\/\/www.instagram.com\/chelsosports\">Instagram<\/a>, acompanhe todas as informa\u00e7\u00f5es sobre nosso calend\u00e1rio de provas e dicas de treinamentos, al\u00e9m de curiosidades sobre os esportes outdoor.<\/p>\n<\/div>\n","protected":false},"excerpt":{"rendered":"<p>Allegra Pacaembu e CBAT! A partir de 2024, o Pacaembu volta a receber a pr\u00e1tica do atletismo em suas instala\u00e7\u00f5es. A Allegra Pacaembu e a Confedera\u00e7\u00e3o Brasileira de Atletismo (CBAt) assinaram um termo de inten\u00e7\u00f5es que prev\u00ea o uso da pista de atletismo, que ser\u00e1 novamente instalada no complexo, por atletas desde o n\u00edvel estudantil,<\/p>\n","protected":false},"author":21,"featured_media":0,"comment_status":"open","ping_status":"closed","sticky":false,"template":"","format":"standard","meta":{"om_disable_all_campaigns":false,"_monsterinsights_skip_tracking":false,"_monsterinsights_sitenote_active":false,"_monsterinsights_sitenote_note":"","_monsterinsights_sitenote_category":0,"footnotes":""},"categories":[135,30],"tags":[2453,800,735,41,2452],"class_list":{"0":"post-16918","1":"post","2":"type-post","3":"status-publish","4":"format-standard","6":"category-business","7":"category-noticias","8":"tag-allegra","9":"tag-cbat","10":"tag-chelso","11":"tag-chelso-sports","12":"tag-pacaembu"},"aioseo_notices":[],"yoast_head":"<!-- This site is optimized with the Yoast SEO plugin v27.5 - https:\/\/yoast.com\/product\/yoast-seo-wordpress\/ -->\n<title>Allegra Pacaembu e CBAT assinam termo de parceria para uso do complexo - Portal Chelso Sports<\/title>\n<meta name=\"description\" content=\"Allegra Pacaembu e CBAT assinam termo de parceria para uso do complexo. Confira a mat\u00e9ria completa no Blog da Chelso Sports.\" \/>\n<meta name=\"robots\" content=\"index, follow, max-snippet:-1, max-image-preview:large, max-video-preview:-1\" \/>\n<link rel=\"canonical\" href=\"https:\/\/chelso.com.br\/site\/allegra-pacaembu-e-cbat-assinam-termo-de-parceria-para-uso-do-complexo\/\" \/>\n<meta property=\"og:locale\" content=\"pt_BR\" \/>\n<meta property=\"og:type\" content=\"article\" \/>\n<meta property=\"og:title\" content=\"Allegra Pacaembu e CBAT assinam termo de parceria para uso do complexo - Portal Chelso Sports\" \/>\n<meta property=\"og:description\" content=\"Allegra Pacaembu e CBAT assinam termo de parceria para uso do complexo. Confira a mat\u00e9ria completa no Blog da Chelso Sports.\" \/>\n<meta property=\"og:url\" content=\"https:\/\/chelso.com.br\/site\/allegra-pacaembu-e-cbat-assinam-termo-de-parceria-para-uso-do-complexo\/\" \/>\n<meta property=\"og:site_name\" content=\"Portal Chelso Sports\" \/>\n<meta property=\"article:published_time\" content=\"2023-04-13T22:06:42+00:00\" \/>\n<meta property=\"og:image\" content=\"https:\/\/chelso.com.br\/site\/wp-content\/uploads\/2023\/04\/Allegra-Pacaembu-e-CBAT-assinam-termo-de-parceria-para-uso-do-complexo.jpeg\" \/>\n\t<meta property=\"og:image:width\" content=\"768\" \/>\n\t<meta property=\"og:image:height\" content=\"1024\" \/>\n\t<meta property=\"og:image:type\" content=\"image\/jpeg\" \/>\n<meta name=\"author\" content=\"Chelso\" \/>\n<meta name=\"twitter:card\" content=\"summary_large_image\" \/>\n<meta name=\"twitter:label1\" content=\"Escrito por\" \/>\n\t<meta name=\"twitter:data1\" content=\"Chelso\" \/>\n\t<meta name=\"twitter:label2\" content=\"Est. tempo de leitura\" \/>\n\t<meta name=\"twitter:data2\" content=\"5 minutos\" \/>\n<script type=\"application\/ld+json\" class=\"yoast-schema-graph\">{\"@context\":\"https:\\\/\\\/schema.org\",\"@graph\":[{\"@type\":\"Article\",\"@id\":\"https:\\\/\\\/chelso.com.br\\\/site\\\/allegra-pacaembu-e-cbat-assinam-termo-de-parceria-para-uso-do-complexo\\\/#article\",\"isPartOf\":{\"@id\":\"https:\\\/\\\/chelso.com.br\\\/site\\\/allegra-pacaembu-e-cbat-assinam-termo-de-parceria-para-uso-do-complexo\\\/\"},\"author\":{\"name\":\"Chelso\",\"@id\":\"https:\\\/\\\/chelso.com.br\\\/site\\\/#\\\/schema\\\/person\\\/06bf484f0ccbb71d4fd2128d594e1d0a\"},\"headline\":\"Allegra Pacaembu e CBAT assinam termo de parceria para uso do complexo\",\"datePublished\":\"2023-04-13T22:06:42+00:00\",\"mainEntityOfPage\":{\"@id\":\"https:\\\/\\\/chelso.com.br\\\/site\\\/allegra-pacaembu-e-cbat-assinam-termo-de-parceria-para-uso-do-complexo\\\/\"},\"wordCount\":871,\"commentCount\":0,\"keywords\":[\"Allegra\",\"CBAt\",\"Chelso\",\"chelso sports\",\"Pacaembu\"],\"articleSection\":[\"Business\",\"Not\u00edcias\"],\"inLanguage\":\"pt-BR\",\"potentialAction\":[{\"@type\":\"CommentAction\",\"name\":\"Comment\",\"target\":[\"https:\\\/\\\/chelso.com.br\\\/site\\\/allegra-pacaembu-e-cbat-assinam-termo-de-parceria-para-uso-do-complexo\\\/#respond\"]}]},{\"@type\":\"WebPage\",\"@id\":\"https:\\\/\\\/chelso.com.br\\\/site\\\/allegra-pacaembu-e-cbat-assinam-termo-de-parceria-para-uso-do-complexo\\\/\",\"url\":\"https:\\\/\\\/chelso.com.br\\\/site\\\/allegra-pacaembu-e-cbat-assinam-termo-de-parceria-para-uso-do-complexo\\\/\",\"name\":\"Allegra Pacaembu e CBAT assinam termo de parceria para uso do complexo - Portal Chelso Sports\",\"isPartOf\":{\"@id\":\"https:\\\/\\\/chelso.com.br\\\/site\\\/#website\"},\"datePublished\":\"2023-04-13T22:06:42+00:00\",\"author\":{\"@id\":\"https:\\\/\\\/chelso.com.br\\\/site\\\/#\\\/schema\\\/person\\\/06bf484f0ccbb71d4fd2128d594e1d0a\"},\"description\":\"Allegra Pacaembu e CBAT assinam termo de parceria para uso do complexo. Confira a mat\u00e9ria completa no Blog da Chelso Sports.\",\"breadcrumb\":{\"@id\":\"https:\\\/\\\/chelso.com.br\\\/site\\\/allegra-pacaembu-e-cbat-assinam-termo-de-parceria-para-uso-do-complexo\\\/#breadcrumb\"},\"inLanguage\":\"pt-BR\",\"potentialAction\":[{\"@type\":\"ReadAction\",\"target\":[\"https:\\\/\\\/chelso.com.br\\\/site\\\/allegra-pacaembu-e-cbat-assinam-termo-de-parceria-para-uso-do-complexo\\\/\"]}]},{\"@type\":\"BreadcrumbList\",\"@id\":\"https:\\\/\\\/chelso.com.br\\\/site\\\/allegra-pacaembu-e-cbat-assinam-termo-de-parceria-para-uso-do-complexo\\\/#breadcrumb\",\"itemListElement\":[{\"@type\":\"ListItem\",\"position\":1,\"name\":\"In\u00edcio\",\"item\":\"https:\\\/\\\/chelso.com.br\\\/site\\\/\"},{\"@type\":\"ListItem\",\"position\":2,\"name\":\"Allegra Pacaembu e CBAT assinam termo de parceria para uso do complexo\"}]},{\"@type\":\"WebSite\",\"@id\":\"https:\\\/\\\/chelso.com.br\\\/site\\\/#website\",\"url\":\"https:\\\/\\\/chelso.com.br\\\/site\\\/\",\"name\":\"Portal Chelso Sports\",\"description\":\"Conte\u00fado especializado em corrida de rua e triathlon\",\"potentialAction\":[{\"@type\":\"SearchAction\",\"target\":{\"@type\":\"EntryPoint\",\"urlTemplate\":\"https:\\\/\\\/chelso.com.br\\\/site\\\/?s={search_term_string}\"},\"query-input\":{\"@type\":\"PropertyValueSpecification\",\"valueRequired\":true,\"valueName\":\"search_term_string\"}}],\"inLanguage\":\"pt-BR\"},{\"@type\":\"Person\",\"@id\":\"https:\\\/\\\/chelso.com.br\\\/site\\\/#\\\/schema\\\/person\\\/06bf484f0ccbb71d4fd2128d594e1d0a\",\"name\":\"Chelso\",\"image\":{\"@type\":\"ImageObject\",\"inLanguage\":\"pt-BR\",\"@id\":\"https:\\\/\\\/chelso.com.br\\\/site\\\/wp-content\\\/uploads\\\/2025\\\/04\\\/Perfil20192-150x149.png\",\"url\":\"https:\\\/\\\/chelso.com.br\\\/site\\\/wp-content\\\/uploads\\\/2025\\\/04\\\/Perfil20192-150x149.png\",\"contentUrl\":\"https:\\\/\\\/chelso.com.br\\\/site\\\/wp-content\\\/uploads\\\/2025\\\/04\\\/Perfil20192-150x149.png\",\"caption\":\"Chelso\"},\"sameAs\":[\"http:\\\/\\\/www.chelso.com.br\"],\"url\":\"https:\\\/\\\/chelso.com.br\\\/site\\\/author\\\/maryblog\\\/\"}]}<\/script>\n<!-- \/ Yoast SEO plugin. -->","yoast_head_json":{"title":"Allegra Pacaembu e CBAT assinam termo de parceria para uso do complexo - Portal Chelso Sports","description":"Allegra Pacaembu e CBAT assinam termo de parceria para uso do complexo. Confira a mat\u00e9ria completa no Blog da Chelso Sports.","robots":{"index":"index","follow":"follow","max-snippet":"max-snippet:-1","max-image-preview":"max-image-preview:large","max-video-preview":"max-video-preview:-1"},"canonical":"https:\/\/chelso.com.br\/site\/allegra-pacaembu-e-cbat-assinam-termo-de-parceria-para-uso-do-complexo\/","og_locale":"pt_BR","og_type":"article","og_title":"Allegra Pacaembu e CBAT assinam termo de parceria para uso do complexo - Portal Chelso Sports","og_description":"Allegra Pacaembu e CBAT assinam termo de parceria para uso do complexo. Confira a mat\u00e9ria completa no Blog da Chelso Sports.","og_url":"https:\/\/chelso.com.br\/site\/allegra-pacaembu-e-cbat-assinam-termo-de-parceria-para-uso-do-complexo\/","og_site_name":"Portal Chelso Sports","article_published_time":"2023-04-13T22:06:42+00:00","og_image":[{"width":768,"height":1024,"url":"https:\/\/chelso.com.br\/site\/wp-content\/uploads\/2023\/04\/Allegra-Pacaembu-e-CBAT-assinam-termo-de-parceria-para-uso-do-complexo.jpeg","type":"image\/jpeg"}],"author":"Chelso","twitter_card":"summary_large_image","twitter_misc":{"Escrito por":"Chelso","Est. tempo de leitura":"5 minutos"},"schema":{"@context":"https:\/\/schema.org","@graph":[{"@type":"Article","@id":"https:\/\/chelso.com.br\/site\/allegra-pacaembu-e-cbat-assinam-termo-de-parceria-para-uso-do-complexo\/#article","isPartOf":{"@id":"https:\/\/chelso.com.br\/site\/allegra-pacaembu-e-cbat-assinam-termo-de-parceria-para-uso-do-complexo\/"},"author":{"name":"Chelso","@id":"https:\/\/chelso.com.br\/site\/#\/schema\/person\/06bf484f0ccbb71d4fd2128d594e1d0a"},"headline":"Allegra Pacaembu e CBAT assinam termo de parceria para uso do complexo","datePublished":"2023-04-13T22:06:42+00:00","mainEntityOfPage":{"@id":"https:\/\/chelso.com.br\/site\/allegra-pacaembu-e-cbat-assinam-termo-de-parceria-para-uso-do-complexo\/"},"wordCount":871,"commentCount":0,"keywords":["Allegra","CBAt","Chelso","chelso sports","Pacaembu"],"articleSection":["Business","Not\u00edcias"],"inLanguage":"pt-BR","potentialAction":[{"@type":"CommentAction","name":"Comment","target":["https:\/\/chelso.com.br\/site\/allegra-pacaembu-e-cbat-assinam-termo-de-parceria-para-uso-do-complexo\/#respond"]}]},{"@type":"WebPage","@id":"https:\/\/chelso.com.br\/site\/allegra-pacaembu-e-cbat-assinam-termo-de-parceria-para-uso-do-complexo\/","url":"https:\/\/chelso.com.br\/site\/allegra-pacaembu-e-cbat-assinam-termo-de-parceria-para-uso-do-complexo\/","name":"Allegra Pacaembu e CBAT assinam termo de parceria para uso do complexo - Portal Chelso Sports","isPartOf":{"@id":"https:\/\/chelso.com.br\/site\/#website"},"datePublished":"2023-04-13T22:06:42+00:00","author":{"@id":"https:\/\/chelso.com.br\/site\/#\/schema\/person\/06bf484f0ccbb71d4fd2128d594e1d0a"},"description":"Allegra Pacaembu e CBAT assinam termo de parceria para uso do complexo. Confira a mat\u00e9ria completa no Blog da Chelso Sports.","breadcrumb":{"@id":"https:\/\/chelso.com.br\/site\/allegra-pacaembu-e-cbat-assinam-termo-de-parceria-para-uso-do-complexo\/#breadcrumb"},"inLanguage":"pt-BR","potentialAction":[{"@type":"ReadAction","target":["https:\/\/chelso.com.br\/site\/allegra-pacaembu-e-cbat-assinam-termo-de-parceria-para-uso-do-complexo\/"]}]},{"@type":"BreadcrumbList","@id":"https:\/\/chelso.com.br\/site\/allegra-pacaembu-e-cbat-assinam-termo-de-parceria-para-uso-do-complexo\/#breadcrumb","itemListElement":[{"@type":"ListItem","position":1,"name":"In\u00edcio","item":"https:\/\/chelso.com.br\/site\/"},{"@type":"ListItem","position":2,"name":"Allegra Pacaembu e CBAT assinam termo de parceria para uso do complexo"}]},{"@type":"WebSite","@id":"https:\/\/chelso.com.br\/site\/#website","url":"https:\/\/chelso.com.br\/site\/","name":"Portal Chelso Sports","description":"Conte\u00fado especializado em corrida de rua e triathlon","potentialAction":[{"@type":"SearchAction","target":{"@type":"EntryPoint","urlTemplate":"https:\/\/chelso.com.br\/site\/?s={search_term_string}"},"query-input":{"@type":"PropertyValueSpecification","valueRequired":true,"valueName":"search_term_string"}}],"inLanguage":"pt-BR"},{"@type":"Person","@id":"https:\/\/chelso.com.br\/site\/#\/schema\/person\/06bf484f0ccbb71d4fd2128d594e1d0a","name":"Chelso","image":{"@type":"ImageObject","inLanguage":"pt-BR","@id":"https:\/\/chelso.com.br\/site\/wp-content\/uploads\/2025\/04\/Perfil20192-150x149.png","url":"https:\/\/chelso.com.br\/site\/wp-content\/uploads\/2025\/04\/Perfil20192-150x149.png","contentUrl":"https:\/\/chelso.com.br\/site\/wp-content\/uploads\/2025\/04\/Perfil20192-150x149.png","caption":"Chelso"},"sameAs":["http:\/\/www.chelso.com.br"],"url":"https:\/\/chelso.com.br\/site\/author\/maryblog\/"}]}},"amp_enabled":true,"_links":{"self":[{"href":"https:\/\/chelso.com.br\/site\/wp-json\/wp\/v2\/posts\/16918","targetHints":{"allow":["GET"]}}],"collection":[{"href":"https:\/\/chelso.com.br\/site\/wp-json\/wp\/v2\/posts"}],"about":[{"href":"https:\/\/chelso.com.br\/site\/wp-json\/wp\/v2\/types\/post"}],"author":[{"embeddable":true,"href":"https:\/\/chelso.com.br\/site\/wp-json\/wp\/v2\/users\/21"}],"replies":[{"embeddable":true,"href":"https:\/\/chelso.com.br\/site\/wp-json\/wp\/v2\/comments?post=16918"}],"version-history":[{"count":1,"href":"https:\/\/chelso.com.br\/site\/wp-json\/wp\/v2\/posts\/16918\/revisions"}],"predecessor-version":[{"id":16920,"href":"https:\/\/chelso.com.br\/site\/wp-json\/wp\/v2\/posts\/16918\/revisions\/16920"}],"wp:attachment":[{"href":"https:\/\/chelso.com.br\/site\/wp-json\/wp\/v2\/media?parent=16918"}],"wp:term":[{"taxonomy":"category","embeddable":true,"href":"https:\/\/chelso.com.br\/site\/wp-json\/wp\/v2\/categories?post=16918"},{"taxonomy":"post_tag","embeddable":true,"href":"https:\/\/chelso.com.br\/site\/wp-json\/wp\/v2\/tags?post=16918"}],"curies":[{"name":"wp","href":"https:\/\/api.w.org\/{rel}","templated":true}]}}