{"id":17151,"date":"2023-05-15T12:00:42","date_gmt":"2023-05-15T15:00:42","guid":{"rendered":"https:\/\/chelso.com.br\/site\/?p=17151"},"modified":"2023-05-15T07:34:49","modified_gmt":"2023-05-15T10:34:49","slug":"integralmedica-apresenta-diferenciais-do-ready-to-drink-my-whey-ao-publico-da-apas-show-2023","status":"publish","type":"post","link":"https:\/\/chelso.com.br\/site\/integralmedica-apresenta-diferenciais-do-ready-to-drink-my-whey-ao-publico-da-apas-show-2023\/","title":{"rendered":"Integralm\u00e9dica apresenta diferenciais do ready to drink My Whey ao p\u00fablico da APAS Show 2023"},"content":{"rendered":"<p><strong>Integralm\u00e9dica apresenta diferenciais do ready to drink My Whey ao p\u00fablico da APAS Show 2023.<\/strong> A Integralm\u00e9dica, uma das tr\u00eas marcas que integram o grupo brasileiro BRG, l\u00edder em suplementa\u00e7\u00e3o alimentar esportiva na Am\u00e9rica Latina, ser\u00e1 pela primeira vez expositora na APAS Show, feira de alimentos e bebidas que acontece entre 15 e 18 de maio, no Expo Center Norte, na cidade de S\u00e3o Paulo.<\/p>\n<p>A feira \u00e9 reconhecida como a maior das Am\u00e9ricas e que re\u00fane os expoentes mundiais no segmento supermercadista. A equipe da Integralm\u00e9dica estar\u00e1 em um estande de 148 m\u00b2 para apresentar diversos produtos e promover o lan\u00e7amento do My Whey, proteico pronto para beber que possui a f\u00f3rmula mais tecnol\u00f3gica e equilibrada do mercado e se destaca por ser pr\u00e1tico, saud\u00e1vel, saboroso e adequado para o consumo a qualquer momento do dia.<\/p>\n<p><a href=\"https:\/\/chelso.com.br\/site\/provas-presenciais\/\">Saiba mais sobre o nosso calend\u00e1rio de provas presenciais.<\/a><\/p>\n<blockquote><p>\u201cMy Whey \u00e9 atraente por v\u00e1rios motivos. Quatro sabores (chocolate, morango, coco e banana), elaborados \u00e0 base de prote\u00ednas de alta qualidade. Principal diferencial da marca \u00e9 n\u00e3o conter leite, lactose e gl\u00faten em sua composi\u00e7\u00e3o. Al\u00e9m de ser rico em fibras e ter a menor concentra\u00e7\u00e3o de carboidratos\u201d, explica Daniela Martoni, gerente de marketing da Integralm\u00e9dica.<\/p><\/blockquote>\n<h2><strong>Integralm\u00e9dica apresenta diferenciais do ready to drink My Whey<\/strong><\/h2>\n<p>\u201cCom 20 gramas de prote\u00edna e 8 gramas de amino\u00e1cidos essenciais, tais como leucina, isoleucina e valina, por dose, My Whey favorece a s\u00edntese proteica e auxilia na recupera\u00e7\u00e3o muscular p\u00f3s-treino\u201d, completa a nutricionista.<\/p>\n<p>Para melhor intera\u00e7\u00e3o com os visitantes, a Integralm\u00e9dica preparou algumas surpresas. Dentro do estande haver\u00e1 um bar para servir bebidas n\u00e3o-alco\u00f3licas preparadas com o My Whey, grande lan\u00e7amento da empresa, e outras com o energ\u00e9tico Booster. O p\u00fablico tamb\u00e9m poder\u00e1 conhecer a barra de prote\u00edna Protein Crisp, entre outros lan\u00e7amentos e produtos.<\/p>\n<p>A renomada equipe comercial da Integralm\u00e9dica, que atua em todas as regi\u00f5es do pa\u00eds, tamb\u00e9m marcar\u00e1 presen\u00e7a nos quatro dias do evento para atender os diversos representantes do mercado especializado. Em 2022, a APAS reuniu 819 expositores, gerou mais de 30 milh\u00f5es de reais em neg\u00f3cios e atraiu mais de 60 mil visitantes.<\/p>\n<blockquote class=\"instagram-media\" style=\"background: #FFF; border: 0; border-radius: 3px; box-shadow: 0 0 1px 0 rgba(0,0,0,0.5),0 1px 10px 0 rgba(0,0,0,0.15); margin: 1px; max-width: 540px; min-width: 326px; padding: 0; width: calc(100% - 2px);\" data-instgrm-captioned=\"\" data-instgrm-permalink=\"https:\/\/www.instagram.com\/reel\/CsEIAKkteph\/?utm_source=ig_embed&amp;utm_campaign=loading\" data-instgrm-version=\"14\">\n<div style=\"padding: 16px;\">\n<p>&nbsp;<\/p>\n<div style=\"display: flex; flex-direction: row; align-items: center;\">\n<div style=\"background-color: #f4f4f4; border-radius: 50%; flex-grow: 0; height: 40px; margin-right: 14px; width: 40px;\"><\/div>\n<div style=\"display: flex; flex-direction: column; flex-grow: 1; justify-content: center;\">\n<div style=\"background-color: #f4f4f4; border-radius: 4px; flex-grow: 0; height: 14px; margin-bottom: 6px; width: 100px;\"><\/div>\n<div style=\"background-color: #f4f4f4; border-radius: 4px; flex-grow: 0; height: 14px; width: 60px;\"><\/div>\n<\/div>\n<\/div>\n<div style=\"padding: 19% 0;\"><\/div>\n<div style=\"display: block; height: 50px; margin: 0 auto 12px; width: 50px;\"><\/div>\n<div style=\"padding-top: 8px;\">\n<div style=\"color: #3897f0; font-family: Arial,sans-serif; font-size: 14px; font-style: normal; font-weight: 550; line-height: 18px;\">Ver essa foto no Instagram<\/div>\n<\/div>\n<div style=\"padding: 12.5% 0;\"><\/div>\n<div style=\"display: flex; flex-direction: row; margin-bottom: 14px; align-items: center;\">\n<div>\n<div style=\"background-color: #f4f4f4; border-radius: 50%; height: 12.5px; width: 12.5px; transform: translateX(0px) translateY(7px);\"><\/div>\n<div style=\"background-color: #f4f4f4; height: 12.5px; transform: rotate(-45deg) translateX(3px) translateY(1px); width: 12.5px; flex-grow: 0; margin-right: 14px; margin-left: 2px;\"><\/div>\n<div style=\"background-color: #f4f4f4; border-radius: 50%; height: 12.5px; width: 12.5px; transform: translateX(9px) translateY(-18px);\"><\/div>\n<\/div>\n<div style=\"margin-left: 8px;\">\n<div style=\"background-color: #f4f4f4; border-radius: 50%; flex-grow: 0; height: 20px; width: 20px;\"><\/div>\n<div style=\"width: 0; height: 0; border-top: 2px solid transparent; border-left: 6px solid #f4f4f4; border-bottom: 2px solid transparent; transform: translateX(16px) translateY(-4px) rotate(30deg);\"><\/div>\n<\/div>\n<div style=\"margin-left: auto;\">\n<div style=\"width: 0px; border-top: 8px solid #F4F4F4; border-right: 8px solid transparent; transform: translateY(16px);\"><\/div>\n<div style=\"background-color: #f4f4f4; flex-grow: 0; height: 12px; width: 16px; transform: translateY(-4px);\"><\/div>\n<div style=\"width: 0; height: 0; border-top: 8px solid #F4F4F4; border-left: 8px solid transparent; transform: translateY(-4px) translateX(8px);\"><\/div>\n<\/div>\n<\/div>\n<div style=\"display: flex; flex-direction: column; flex-grow: 1; justify-content: center; margin-bottom: 24px;\">\n<div style=\"background-color: #f4f4f4; border-radius: 4px; flex-grow: 0; height: 14px; margin-bottom: 6px; width: 224px;\"><\/div>\n<div style=\"background-color: #f4f4f4; border-radius: 4px; flex-grow: 0; height: 14px; width: 144px;\"><\/div>\n<\/div>\n<p>&nbsp;<\/p>\n<p style=\"color: #c9c8cd; font-family: Arial,sans-serif; font-size: 14px; line-height: 17px; margin-bottom: 0; margin-top: 8px; overflow: hidden; padding: 8px 0 7px; text-align: center; text-overflow: ellipsis; white-space: nowrap;\"><a style=\"color: #c9c8cd; font-family: Arial,sans-serif; font-size: 14px; font-style: normal; font-weight: normal; line-height: 17px; text-decoration: none;\" href=\"https:\/\/www.instagram.com\/reel\/CsEIAKkteph\/?utm_source=ig_embed&amp;utm_campaign=loading\" target=\"_blank\" rel=\"noopener\">Uma publica\u00e7\u00e3o compartilhada por Integralmedica \u00ae (@integralmedica)<\/a><\/p>\n<\/div>\n<\/blockquote>\n<p><script async src=\"\/\/www.instagram.com\/embed.js\"><\/script><\/p>\n<h3><strong>Sobre a Integralm\u00e9dica<\/strong><\/h3>\n<p>Fundada em 1983, em S\u00e3o Paulo, a Integralm\u00e9dica \u00e9 pioneira em suplementa\u00e7\u00e3o alimentar esportiva e l\u00edder de mercado na Am\u00e9rica Latina, segundo levantamento do Euromonitor. A empresa tem o objetivo de promover performance, sa\u00fade e bem-estar.<\/p>\n<p>Possui uma f\u00e1brica central na cidade paulista de Embu-Gua\u00e7u com mais de 320 mil m\u00b2 de \u00e1rea constru\u00edda. Mais de 500 colaboradores trabalham na empresa com dedica\u00e7\u00e3o e paix\u00e3o para levar aos consumidores o que h\u00e1 de melhor em tecnologia de nutri\u00e7\u00e3o esportiva. A empresa possui tamb\u00e9m o maior centro de distribui\u00e7\u00e3o da Am\u00e9rica Latina, com \u00e1rea acima de 9 mil m\u00b2.<\/p>\n<p>A Integralm\u00e9dica patrocina dezenas de atletas de alto desempenho e est\u00e1 presente em eventos internacionais e nacionais do segmento, como Arnold Classic, Mr. Olympia Brazil, Brasil Trade Fitness Fair (BTFF) e Musclecontest.<\/p>\n<p>Ao longo de quatro d\u00e9cadas, a empresa de capital 100% brasileiro conquistou respeito e admira\u00e7\u00e3o de consumidores e influenciadores, atrav\u00e9s dos seus produtos que primam pela inova\u00e7\u00e3o e pela extrema qualidade.<\/p>\n<p><iframe  id=\"_ytid_75739\"  width=\"788\" height=\"443\"  data-origwidth=\"788\" data-origheight=\"443\" src=\"https:\/\/www.youtube.com\/embed\/s2Keui5ETiI?enablejsapi=1&#038;autoplay=0&#038;cc_load_policy=0&#038;cc_lang_pref=&#038;iv_load_policy=1&#038;loop=0&#038;rel=1&#038;fs=1&#038;playsinline=0&#038;autohide=2&#038;theme=dark&#038;color=red&#038;controls=1&#038;disablekb=0&#038;\" class=\"__youtube_prefs__  epyt-is-override  no-lazyload\" title=\"YouTube player\"  allow=\"fullscreen; accelerometer; autoplay; clipboard-write; encrypted-media; gyroscope; picture-in-picture; web-share\" referrerpolicy=\"strict-origin-when-cross-origin\" allowfullscreen data-no-lazy=\"1\" data-skipgform_ajax_framebjll=\"\"><\/iframe><\/p>\n<p>A Chelso Sports est\u00e1 presente no\u00a0<a href=\"https:\/\/www.youtube.com\/@ChelsoSports\">YouTube<\/a>! Por isso, convidamos voc\u00ea a se inscrever em nosso canal, deixar seus coment\u00e1rios e ficar por dentro de todas as novidades do mundo dos esportes. Recentemente, ultrapassamos a marca de 3 mil inscritos e, como nossa nova meta \u00e9 chegar aos 4 mil, n\u00e3o deixe de acompanhar nossos v\u00eddeos exclusivos.<\/p>\n<p>Al\u00e9m disso, n\u00e3o para por a\u00ed! Se voc\u00ea quer ter acesso a todas as informa\u00e7\u00f5es sobre nosso calend\u00e1rio de provas e dicas de treinamento, \u00e9 s\u00f3 seguir a Chelso Sports no\u00a0<a href=\"https:\/\/www.instagram.com\/chelsosports\/\">Instagram<\/a>. Fique por dentro de curiosidades e novidades sobre os esportes outdoor. Ent\u00e3o, n\u00e3o perca tempo e nos acompanhe agora mesmo nas redes sociais!<\/p>\n","protected":false},"excerpt":{"rendered":"<p>Integralm\u00e9dica apresenta diferenciais do ready to drink My Whey ao p\u00fablico da APAS Show 2023. A Integralm\u00e9dica, uma das tr\u00eas marcas que integram o grupo brasileiro BRG, l\u00edder em suplementa\u00e7\u00e3o alimentar esportiva na Am\u00e9rica Latina, ser\u00e1 pela primeira vez expositora na APAS Show, feira de alimentos e bebidas que acontece entre 15 e 18 de<\/p>\n","protected":false},"author":21,"featured_media":0,"comment_status":"open","ping_status":"closed","sticky":false,"template":"","format":"standard","meta":{"om_disable_all_campaigns":false,"_monsterinsights_skip_tracking":false,"_monsterinsights_sitenote_active":false,"_monsterinsights_sitenote_note":"","_monsterinsights_sitenote_category":0,"footnotes":""},"categories":[135,89,56,30],"tags":[735,41,2564,2565],"class_list":{"0":"post-17151","1":"post","2":"type-post","3":"status-publish","4":"format-standard","6":"category-business","7":"category-dicas","8":"category-eventos","9":"category-noticias","10":"tag-chelso","11":"tag-chelso-sports","12":"tag-integral-medica","13":"tag-my-whey"},"aioseo_notices":[],"yoast_head":"<!-- This site is optimized with the Yoast SEO plugin v27.5 - https:\/\/yoast.com\/product\/yoast-seo-wordpress\/ -->\n<title>Integralm\u00e9dica apresenta diferenciais do ready to drink My Whey ao p\u00fablico da APAS Show 2023 - Portal Chelso Sports<\/title>\n<meta name=\"description\" content=\"Marca l\u00edder em nutri\u00e7\u00e3o esportiva estreia na maior feira de alimentos e bebidas das Am\u00e9ricas, entre 15 e 18 de maio, no Expo Center Norte.\" \/>\n<meta name=\"robots\" content=\"index, follow, max-snippet:-1, max-image-preview:large, max-video-preview:-1\" \/>\n<link rel=\"canonical\" href=\"https:\/\/chelso.com.br\/site\/integralmedica-apresenta-diferenciais-do-ready-to-drink-my-whey-ao-publico-da-apas-show-2023\/\" \/>\n<meta property=\"og:locale\" content=\"pt_BR\" \/>\n<meta property=\"og:type\" content=\"article\" \/>\n<meta property=\"og:title\" content=\"Integralm\u00e9dica apresenta diferenciais do ready to drink My Whey ao p\u00fablico da APAS Show 2023 - Portal Chelso Sports\" \/>\n<meta property=\"og:description\" content=\"Marca l\u00edder em nutri\u00e7\u00e3o esportiva estreia na maior feira de alimentos e bebidas das Am\u00e9ricas, entre 15 e 18 de maio, no Expo Center Norte.\" \/>\n<meta property=\"og:url\" content=\"https:\/\/chelso.com.br\/site\/integralmedica-apresenta-diferenciais-do-ready-to-drink-my-whey-ao-publico-da-apas-show-2023\/\" \/>\n<meta property=\"og:site_name\" content=\"Portal Chelso Sports\" \/>\n<meta property=\"article:published_time\" content=\"2023-05-15T15:00:42+00:00\" \/>\n<meta property=\"og:image\" content=\"https:\/\/chelso.com.br\/site\/wp-content\/uploads\/2023\/05\/unnamed-1-scaled.jpg\" \/>\n\t<meta property=\"og:image:width\" content=\"2560\" \/>\n\t<meta property=\"og:image:height\" content=\"1707\" \/>\n\t<meta property=\"og:image:type\" content=\"image\/jpeg\" \/>\n<meta name=\"author\" content=\"Chelso\" \/>\n<meta name=\"twitter:card\" content=\"summary_large_image\" \/>\n<meta name=\"twitter:label1\" content=\"Escrito por\" \/>\n\t<meta name=\"twitter:data1\" content=\"Chelso\" \/>\n\t<meta name=\"twitter:label2\" content=\"Est. tempo de leitura\" \/>\n\t<meta name=\"twitter:data2\" content=\"4 minutos\" \/>\n<script type=\"application\/ld+json\" class=\"yoast-schema-graph\">{\"@context\":\"https:\\\/\\\/schema.org\",\"@graph\":[{\"@type\":\"Article\",\"@id\":\"https:\\\/\\\/chelso.com.br\\\/site\\\/integralmedica-apresenta-diferenciais-do-ready-to-drink-my-whey-ao-publico-da-apas-show-2023\\\/#article\",\"isPartOf\":{\"@id\":\"https:\\\/\\\/chelso.com.br\\\/site\\\/integralmedica-apresenta-diferenciais-do-ready-to-drink-my-whey-ao-publico-da-apas-show-2023\\\/\"},\"author\":{\"name\":\"Chelso\",\"@id\":\"https:\\\/\\\/chelso.com.br\\\/site\\\/#\\\/schema\\\/person\\\/06bf484f0ccbb71d4fd2128d594e1d0a\"},\"headline\":\"Integralm\u00e9dica apresenta diferenciais do ready to drink My Whey ao p\u00fablico da APAS Show 2023\",\"datePublished\":\"2023-05-15T15:00:42+00:00\",\"mainEntityOfPage\":{\"@id\":\"https:\\\/\\\/chelso.com.br\\\/site\\\/integralmedica-apresenta-diferenciais-do-ready-to-drink-my-whey-ao-publico-da-apas-show-2023\\\/\"},\"wordCount\":723,\"commentCount\":0,\"keywords\":[\"Chelso\",\"chelso sports\",\"Integral M\u00e9dica\",\"My Whey\"],\"articleSection\":[\"Business\",\"Dicas\",\"Eventos\",\"Not\u00edcias\"],\"inLanguage\":\"pt-BR\",\"potentialAction\":[{\"@type\":\"CommentAction\",\"name\":\"Comment\",\"target\":[\"https:\\\/\\\/chelso.com.br\\\/site\\\/integralmedica-apresenta-diferenciais-do-ready-to-drink-my-whey-ao-publico-da-apas-show-2023\\\/#respond\"]}]},{\"@type\":\"WebPage\",\"@id\":\"https:\\\/\\\/chelso.com.br\\\/site\\\/integralmedica-apresenta-diferenciais-do-ready-to-drink-my-whey-ao-publico-da-apas-show-2023\\\/\",\"url\":\"https:\\\/\\\/chelso.com.br\\\/site\\\/integralmedica-apresenta-diferenciais-do-ready-to-drink-my-whey-ao-publico-da-apas-show-2023\\\/\",\"name\":\"Integralm\u00e9dica apresenta diferenciais do ready to drink My Whey ao p\u00fablico da APAS Show 2023 - Portal Chelso Sports\",\"isPartOf\":{\"@id\":\"https:\\\/\\\/chelso.com.br\\\/site\\\/#website\"},\"datePublished\":\"2023-05-15T15:00:42+00:00\",\"author\":{\"@id\":\"https:\\\/\\\/chelso.com.br\\\/site\\\/#\\\/schema\\\/person\\\/06bf484f0ccbb71d4fd2128d594e1d0a\"},\"description\":\"Marca l\u00edder em nutri\u00e7\u00e3o esportiva estreia na maior feira de alimentos e bebidas das Am\u00e9ricas, entre 15 e 18 de maio, no Expo Center Norte.\",\"breadcrumb\":{\"@id\":\"https:\\\/\\\/chelso.com.br\\\/site\\\/integralmedica-apresenta-diferenciais-do-ready-to-drink-my-whey-ao-publico-da-apas-show-2023\\\/#breadcrumb\"},\"inLanguage\":\"pt-BR\",\"potentialAction\":[{\"@type\":\"ReadAction\",\"target\":[\"https:\\\/\\\/chelso.com.br\\\/site\\\/integralmedica-apresenta-diferenciais-do-ready-to-drink-my-whey-ao-publico-da-apas-show-2023\\\/\"]}]},{\"@type\":\"BreadcrumbList\",\"@id\":\"https:\\\/\\\/chelso.com.br\\\/site\\\/integralmedica-apresenta-diferenciais-do-ready-to-drink-my-whey-ao-publico-da-apas-show-2023\\\/#breadcrumb\",\"itemListElement\":[{\"@type\":\"ListItem\",\"position\":1,\"name\":\"In\u00edcio\",\"item\":\"https:\\\/\\\/chelso.com.br\\\/site\\\/\"},{\"@type\":\"ListItem\",\"position\":2,\"name\":\"Integralm\u00e9dica apresenta diferenciais do ready to drink My Whey ao p\u00fablico da APAS Show 2023\"}]},{\"@type\":\"WebSite\",\"@id\":\"https:\\\/\\\/chelso.com.br\\\/site\\\/#website\",\"url\":\"https:\\\/\\\/chelso.com.br\\\/site\\\/\",\"name\":\"Portal Chelso Sports\",\"description\":\"Conte\u00fado especializado em corrida de rua e triathlon\",\"potentialAction\":[{\"@type\":\"SearchAction\",\"target\":{\"@type\":\"EntryPoint\",\"urlTemplate\":\"https:\\\/\\\/chelso.com.br\\\/site\\\/?s={search_term_string}\"},\"query-input\":{\"@type\":\"PropertyValueSpecification\",\"valueRequired\":true,\"valueName\":\"search_term_string\"}}],\"inLanguage\":\"pt-BR\"},{\"@type\":\"Person\",\"@id\":\"https:\\\/\\\/chelso.com.br\\\/site\\\/#\\\/schema\\\/person\\\/06bf484f0ccbb71d4fd2128d594e1d0a\",\"name\":\"Chelso\",\"image\":{\"@type\":\"ImageObject\",\"inLanguage\":\"pt-BR\",\"@id\":\"https:\\\/\\\/chelso.com.br\\\/site\\\/wp-content\\\/uploads\\\/2025\\\/04\\\/Perfil20192-150x149.png\",\"url\":\"https:\\\/\\\/chelso.com.br\\\/site\\\/wp-content\\\/uploads\\\/2025\\\/04\\\/Perfil20192-150x149.png\",\"contentUrl\":\"https:\\\/\\\/chelso.com.br\\\/site\\\/wp-content\\\/uploads\\\/2025\\\/04\\\/Perfil20192-150x149.png\",\"caption\":\"Chelso\"},\"sameAs\":[\"http:\\\/\\\/www.chelso.com.br\"],\"url\":\"https:\\\/\\\/chelso.com.br\\\/site\\\/author\\\/maryblog\\\/\"}]}<\/script>\n<!-- \/ Yoast SEO plugin. -->","yoast_head_json":{"title":"Integralm\u00e9dica apresenta diferenciais do ready to drink My Whey ao p\u00fablico da APAS Show 2023 - Portal Chelso Sports","description":"Marca l\u00edder em nutri\u00e7\u00e3o esportiva estreia na maior feira de alimentos e bebidas das Am\u00e9ricas, entre 15 e 18 de maio, no Expo Center Norte.","robots":{"index":"index","follow":"follow","max-snippet":"max-snippet:-1","max-image-preview":"max-image-preview:large","max-video-preview":"max-video-preview:-1"},"canonical":"https:\/\/chelso.com.br\/site\/integralmedica-apresenta-diferenciais-do-ready-to-drink-my-whey-ao-publico-da-apas-show-2023\/","og_locale":"pt_BR","og_type":"article","og_title":"Integralm\u00e9dica apresenta diferenciais do ready to drink My Whey ao p\u00fablico da APAS Show 2023 - Portal Chelso Sports","og_description":"Marca l\u00edder em nutri\u00e7\u00e3o esportiva estreia na maior feira de alimentos e bebidas das Am\u00e9ricas, entre 15 e 18 de maio, no Expo Center Norte.","og_url":"https:\/\/chelso.com.br\/site\/integralmedica-apresenta-diferenciais-do-ready-to-drink-my-whey-ao-publico-da-apas-show-2023\/","og_site_name":"Portal Chelso Sports","article_published_time":"2023-05-15T15:00:42+00:00","og_image":[{"width":2560,"height":1707,"url":"https:\/\/chelso.com.br\/site\/wp-content\/uploads\/2023\/05\/unnamed-1-scaled.jpg","type":"image\/jpeg"}],"author":"Chelso","twitter_card":"summary_large_image","twitter_misc":{"Escrito por":"Chelso","Est. tempo de leitura":"4 minutos"},"schema":{"@context":"https:\/\/schema.org","@graph":[{"@type":"Article","@id":"https:\/\/chelso.com.br\/site\/integralmedica-apresenta-diferenciais-do-ready-to-drink-my-whey-ao-publico-da-apas-show-2023\/#article","isPartOf":{"@id":"https:\/\/chelso.com.br\/site\/integralmedica-apresenta-diferenciais-do-ready-to-drink-my-whey-ao-publico-da-apas-show-2023\/"},"author":{"name":"Chelso","@id":"https:\/\/chelso.com.br\/site\/#\/schema\/person\/06bf484f0ccbb71d4fd2128d594e1d0a"},"headline":"Integralm\u00e9dica apresenta diferenciais do ready to drink My Whey ao p\u00fablico da APAS Show 2023","datePublished":"2023-05-15T15:00:42+00:00","mainEntityOfPage":{"@id":"https:\/\/chelso.com.br\/site\/integralmedica-apresenta-diferenciais-do-ready-to-drink-my-whey-ao-publico-da-apas-show-2023\/"},"wordCount":723,"commentCount":0,"keywords":["Chelso","chelso sports","Integral M\u00e9dica","My Whey"],"articleSection":["Business","Dicas","Eventos","Not\u00edcias"],"inLanguage":"pt-BR","potentialAction":[{"@type":"CommentAction","name":"Comment","target":["https:\/\/chelso.com.br\/site\/integralmedica-apresenta-diferenciais-do-ready-to-drink-my-whey-ao-publico-da-apas-show-2023\/#respond"]}]},{"@type":"WebPage","@id":"https:\/\/chelso.com.br\/site\/integralmedica-apresenta-diferenciais-do-ready-to-drink-my-whey-ao-publico-da-apas-show-2023\/","url":"https:\/\/chelso.com.br\/site\/integralmedica-apresenta-diferenciais-do-ready-to-drink-my-whey-ao-publico-da-apas-show-2023\/","name":"Integralm\u00e9dica apresenta diferenciais do ready to drink My Whey ao p\u00fablico da APAS Show 2023 - Portal Chelso Sports","isPartOf":{"@id":"https:\/\/chelso.com.br\/site\/#website"},"datePublished":"2023-05-15T15:00:42+00:00","author":{"@id":"https:\/\/chelso.com.br\/site\/#\/schema\/person\/06bf484f0ccbb71d4fd2128d594e1d0a"},"description":"Marca l\u00edder em nutri\u00e7\u00e3o esportiva estreia na maior feira de alimentos e bebidas das Am\u00e9ricas, entre 15 e 18 de maio, no Expo Center Norte.","breadcrumb":{"@id":"https:\/\/chelso.com.br\/site\/integralmedica-apresenta-diferenciais-do-ready-to-drink-my-whey-ao-publico-da-apas-show-2023\/#breadcrumb"},"inLanguage":"pt-BR","potentialAction":[{"@type":"ReadAction","target":["https:\/\/chelso.com.br\/site\/integralmedica-apresenta-diferenciais-do-ready-to-drink-my-whey-ao-publico-da-apas-show-2023\/"]}]},{"@type":"BreadcrumbList","@id":"https:\/\/chelso.com.br\/site\/integralmedica-apresenta-diferenciais-do-ready-to-drink-my-whey-ao-publico-da-apas-show-2023\/#breadcrumb","itemListElement":[{"@type":"ListItem","position":1,"name":"In\u00edcio","item":"https:\/\/chelso.com.br\/site\/"},{"@type":"ListItem","position":2,"name":"Integralm\u00e9dica apresenta diferenciais do ready to drink My Whey ao p\u00fablico da APAS Show 2023"}]},{"@type":"WebSite","@id":"https:\/\/chelso.com.br\/site\/#website","url":"https:\/\/chelso.com.br\/site\/","name":"Portal Chelso Sports","description":"Conte\u00fado especializado em corrida de rua e triathlon","potentialAction":[{"@type":"SearchAction","target":{"@type":"EntryPoint","urlTemplate":"https:\/\/chelso.com.br\/site\/?s={search_term_string}"},"query-input":{"@type":"PropertyValueSpecification","valueRequired":true,"valueName":"search_term_string"}}],"inLanguage":"pt-BR"},{"@type":"Person","@id":"https:\/\/chelso.com.br\/site\/#\/schema\/person\/06bf484f0ccbb71d4fd2128d594e1d0a","name":"Chelso","image":{"@type":"ImageObject","inLanguage":"pt-BR","@id":"https:\/\/chelso.com.br\/site\/wp-content\/uploads\/2025\/04\/Perfil20192-150x149.png","url":"https:\/\/chelso.com.br\/site\/wp-content\/uploads\/2025\/04\/Perfil20192-150x149.png","contentUrl":"https:\/\/chelso.com.br\/site\/wp-content\/uploads\/2025\/04\/Perfil20192-150x149.png","caption":"Chelso"},"sameAs":["http:\/\/www.chelso.com.br"],"url":"https:\/\/chelso.com.br\/site\/author\/maryblog\/"}]}},"amp_enabled":true,"_links":{"self":[{"href":"https:\/\/chelso.com.br\/site\/wp-json\/wp\/v2\/posts\/17151","targetHints":{"allow":["GET"]}}],"collection":[{"href":"https:\/\/chelso.com.br\/site\/wp-json\/wp\/v2\/posts"}],"about":[{"href":"https:\/\/chelso.com.br\/site\/wp-json\/wp\/v2\/types\/post"}],"author":[{"embeddable":true,"href":"https:\/\/chelso.com.br\/site\/wp-json\/wp\/v2\/users\/21"}],"replies":[{"embeddable":true,"href":"https:\/\/chelso.com.br\/site\/wp-json\/wp\/v2\/comments?post=17151"}],"version-history":[{"count":1,"href":"https:\/\/chelso.com.br\/site\/wp-json\/wp\/v2\/posts\/17151\/revisions"}],"predecessor-version":[{"id":17153,"href":"https:\/\/chelso.com.br\/site\/wp-json\/wp\/v2\/posts\/17151\/revisions\/17153"}],"wp:attachment":[{"href":"https:\/\/chelso.com.br\/site\/wp-json\/wp\/v2\/media?parent=17151"}],"wp:term":[{"taxonomy":"category","embeddable":true,"href":"https:\/\/chelso.com.br\/site\/wp-json\/wp\/v2\/categories?post=17151"},{"taxonomy":"post_tag","embeddable":true,"href":"https:\/\/chelso.com.br\/site\/wp-json\/wp\/v2\/tags?post=17151"}],"curies":[{"name":"wp","href":"https:\/\/api.w.org\/{rel}","templated":true}]}}