{"id":17926,"date":"2023-08-22T20:42:57","date_gmt":"2023-08-22T23:42:57","guid":{"rendered":"https:\/\/chelso.com.br\/site\/?p=17926"},"modified":"2023-08-22T20:42:57","modified_gmt":"2023-08-22T23:42:57","slug":"13a-corrida-gazeta-de-piracicaba-celebra-vencedores","status":"publish","type":"post","link":"https:\/\/chelso.com.br\/site\/13a-corrida-gazeta-de-piracicaba-celebra-vencedores\/","title":{"rendered":"13\u00aa Corrida Gazeta de Piracicaba celebra vencedores"},"content":{"rendered":"<p><strong>13\u00aa Corrida Gazeta de Piracicaba celebra vencedores! <span style=\"font-weight: 400;\">No \u00faltimo domingo, dia 20 de agosto, ocorreu a 13\u00aa Corrida Gazeta de Piracicaba, com presen\u00e7a de mais de 1.500 atletas largando no Engenho Central, em um lindo dia de sol. A concentra\u00e7\u00e3o come\u00e7ou \u00e0s 6h, com muito \u00e2nimo entre os atletas. \u00c0s 7 horas, os corredores da prova de 10 km largaram, seguidos pela largada da corrida de 5,5 km e da caminhada de 5,5 km \u00e0s 7h10.<\/span><\/strong><\/p>\n<blockquote><p>\u00c9 com grande satisfa\u00e7\u00e3o que celebramos mais essa edi\u00e7\u00e3o da Corrida Gazeta de Piracicaba. Agradecemos \u00e0 Prefeitura, aos nossos valiosos patrocinadores e, principalmente, aos atletas que abra\u00e7aram essa iniciativa. Cada passo dado hoje \u00e9 um investimento no futuro de uma cidade mais saud\u00e1vel e vibrante. Parab\u00e9ns a todos por fazerem deste evento um marco t\u00e3o especial!&#8221;, explicou Guilherme Celso, da Chelso Sports.<\/p><\/blockquote>\n<p><a href=\"https:\/\/chelso.com.br\/site\/provas-presenciais\/\">Saiba mais sobre o nosso calend\u00e1rio de provas presenciais.<\/a><\/p>\n<blockquote class=\"instagram-media\" style=\"background: #FFF; border: 0; border-radius: 3px; box-shadow: 0 0 1px 0 rgba(0,0,0,0.5),0 1px 10px 0 rgba(0,0,0,0.15); margin: 1px; max-width: 540px; min-width: 326px; padding: 0; width: calc(100% - 2px);\" data-instgrm-captioned=\"\" data-instgrm-permalink=\"https:\/\/www.instagram.com\/p\/CwNlFPtLoOL\/?utm_source=ig_embed&amp;utm_campaign=loading\" data-instgrm-version=\"14\">\n<div style=\"padding: 16px;\">\n<p>&nbsp;<\/p>\n<div style=\"display: flex; flex-direction: row; align-items: center;\">\n<div style=\"background-color: #f4f4f4; border-radius: 50%; flex-grow: 0; height: 40px; margin-right: 14px; width: 40px;\"><\/div>\n<div style=\"display: flex; flex-direction: column; flex-grow: 1; justify-content: center;\">\n<div style=\"background-color: #f4f4f4; border-radius: 4px; flex-grow: 0; height: 14px; margin-bottom: 6px; width: 100px;\"><\/div>\n<div style=\"background-color: #f4f4f4; border-radius: 4px; flex-grow: 0; height: 14px; width: 60px;\"><\/div>\n<\/div>\n<\/div>\n<div style=\"padding: 19% 0;\"><\/div>\n<div style=\"display: block; height: 50px; margin: 0 auto 12px; width: 50px;\"><\/div>\n<div style=\"padding-top: 8px;\">\n<div style=\"color: #3897f0; font-family: Arial,sans-serif; font-size: 14px; font-style: normal; font-weight: 550; line-height: 18px;\">Ver essa foto no Instagram<\/div>\n<\/div>\n<div style=\"padding: 12.5% 0;\"><\/div>\n<div style=\"display: flex; flex-direction: row; margin-bottom: 14px; align-items: center;\">\n<div>\n<div style=\"background-color: #f4f4f4; border-radius: 50%; height: 12.5px; width: 12.5px; transform: translateX(0px) translateY(7px);\"><\/div>\n<div style=\"background-color: #f4f4f4; height: 12.5px; transform: rotate(-45deg) translateX(3px) translateY(1px); width: 12.5px; flex-grow: 0; margin-right: 14px; margin-left: 2px;\"><\/div>\n<div style=\"background-color: #f4f4f4; border-radius: 50%; height: 12.5px; width: 12.5px; transform: translateX(9px) translateY(-18px);\"><\/div>\n<\/div>\n<div style=\"margin-left: 8px;\">\n<div style=\"background-color: #f4f4f4; border-radius: 50%; flex-grow: 0; height: 20px; width: 20px;\"><\/div>\n<div style=\"width: 0; height: 0; border-top: 2px solid transparent; border-left: 6px solid #f4f4f4; border-bottom: 2px solid transparent; transform: translateX(16px) translateY(-4px) rotate(30deg);\"><\/div>\n<\/div>\n<div style=\"margin-left: auto;\">\n<div style=\"width: 0px; border-top: 8px solid #F4F4F4; border-right: 8px solid transparent; transform: translateY(16px);\"><\/div>\n<div style=\"background-color: #f4f4f4; flex-grow: 0; height: 12px; width: 16px; transform: translateY(-4px);\"><\/div>\n<div style=\"width: 0; height: 0; border-top: 8px solid #F4F4F4; border-left: 8px solid transparent; transform: translateY(-4px) translateX(8px);\"><\/div>\n<\/div>\n<\/div>\n<div style=\"display: flex; flex-direction: column; flex-grow: 1; justify-content: center; margin-bottom: 24px;\">\n<div style=\"background-color: #f4f4f4; border-radius: 4px; flex-grow: 0; height: 14px; margin-bottom: 6px; width: 224px;\"><\/div>\n<div style=\"background-color: #f4f4f4; border-radius: 4px; flex-grow: 0; height: 14px; width: 144px;\"><\/div>\n<\/div>\n<p>&nbsp;<\/p>\n<p style=\"color: #c9c8cd; font-family: Arial,sans-serif; font-size: 14px; line-height: 17px; margin-bottom: 0; margin-top: 8px; overflow: hidden; padding: 8px 0 7px; text-align: center; text-overflow: ellipsis; white-space: nowrap;\"><a style=\"color: #c9c8cd; font-family: Arial,sans-serif; font-size: 14px; font-style: normal; font-weight: normal; line-height: 17px; text-decoration: none;\" href=\"https:\/\/www.instagram.com\/p\/CwNlFPtLoOL\/?utm_source=ig_embed&amp;utm_campaign=loading\" target=\"_blank\" rel=\"noopener\">Uma publica\u00e7\u00e3o compartilhada por Chelso Sports \u2022 Corrida de Rua (@chelsosports)<\/a><\/p>\n<\/div>\n<\/blockquote>\n<p><script async src=\"\/\/www.instagram.com\/embed.js\"><\/script><\/p>\n<h2><strong>13\u00aa Corrida Gazeta de Piracicaba &#8211; Resultados<\/strong><\/h2>\n<p><strong>Dist\u00e2ncia 5,5 km:<\/strong><br \/>\n&#8211; Feminino:<br \/>\n1. Thais Vidotto Baggio (Time Runner) &#8211; Tempo: 00:23:07<br \/>\n2. Jakciane Vieira da Silva &#8211; Tempo: 00:23:46<br \/>\n3. Silvinha Nogueira (Dryfit Adventure) &#8211; Tempo: 00:23:57<br \/>\n4. Gislene Cristina Fereira dos (Raia1) &#8211; Tempo: 00:24:27<br \/>\n5. Iris Flavia Moitinho Silva (Raia 1) &#8211; Tempo: 00:24:35<\/p>\n<p>&#8211; Masculino:<br \/>\n1. Marco Aurelio Ferrari (Mathletics) &#8211; Tempo: 00:17:57<br \/>\n2. Esequiel Silva (Corredores de A\u00e7o) &#8211; Tempo: 00:18:27<br \/>\n3. Ronaldo Cristiano Guizo (Rio das Pedras) &#8211; Tempo: 00:18:46<br \/>\n4. Sebastiao Araujo (Equipe Venus) &#8211; Tempo: 00:18:55<br \/>\n5. Renan Garcia (Venus) &#8211; Tempo: 00:18:59<\/p>\n<p>Dist\u00e2ncia 10 km:<br \/>\n&#8211; Feminino:<br \/>\n1. Gisele Cristina Goncalves So (Raia 1) &#8211; Tempo: 00:43:25<br \/>\n2. Giovana Cristina Aguiar &#8211; Tempo: 00:43:52<br \/>\n3. Maria Aparecida Ribeiro Romu (Semprefit) &#8211; Tempo: 00:44:22<br \/>\n4. Alessandra Apda de Godoi da (Anderson Teles) &#8211; Tempo: 00:44:29<br \/>\n5. Daniele Ortolan Bueno (Personow) &#8211; Tempo: 00:44:29<\/p>\n<p>&#8211; Masculino:<br \/>\n1. Renato Jose da Silva (Runners Tiete) &#8211; Tempo: 00:34:39<br \/>\n2. Quedes Silvestre Elias Menar (S2 Assessoria Esportiva) &#8211; Tempo: 00:34:44<br \/>\n3. Patrick dos Santos Ariozi (Equipe Venus) &#8211; Tempo: 00:34:46<br \/>\n4. Ralph Stenico Bedusqui (E.M.A S\u00e3o Pedro) &#8211; Tempo: 00:35:45<br \/>\n5. Luiz Gustavo Queiroz de Frei (HRB Team) &#8211; Tempo: 00:36:03<\/p>\n<h4>Corrida Gazeta de Piracicaba<\/h4>\n<p>A 13\u00aa Corrida Gazeta de Piracicaba contou com a organiza\u00e7\u00e3o da Chelso Sports em parceria com o Jornal Gazeta. A prova teve o patroc\u00ednio do Supermercado S\u00e3o Vicente, Care Club Piracicaba, Finofly, Runfor, Better Seguros, Dynami Vinhos, Catagu\u00e1 Construtora e Unimed Piracicaba, apoio da Prefeitura de Piracicaba. O Hotel Oficial \u00e9 o Nacional Inn Piracicaba e a cobertura oficial \u00e9 da Fotop.<\/p>\n<blockquote class=\"instagram-media\" style=\"background: #FFF; border: 0; border-radius: 3px; box-shadow: 0 0 1px 0 rgba(0,0,0,0.5),0 1px 10px 0 rgba(0,0,0,0.15); margin: 1px; max-width: 540px; min-width: 326px; padding: 0; width: calc(100% - 2px);\" data-instgrm-captioned=\"\" data-instgrm-permalink=\"https:\/\/www.instagram.com\/reel\/CwLdujeoj7F\/?utm_source=ig_embed&amp;utm_campaign=loading\" data-instgrm-version=\"14\">\n<div style=\"padding: 16px;\">\n<p>&nbsp;<\/p>\n<div style=\"display: flex; flex-direction: row; align-items: center;\">\n<div style=\"background-color: #f4f4f4; border-radius: 50%; flex-grow: 0; height: 40px; margin-right: 14px; width: 40px;\"><\/div>\n<div style=\"display: flex; flex-direction: column; flex-grow: 1; justify-content: center;\">\n<div style=\"background-color: #f4f4f4; border-radius: 4px; flex-grow: 0; height: 14px; margin-bottom: 6px; width: 100px;\"><\/div>\n<div style=\"background-color: #f4f4f4; border-radius: 4px; flex-grow: 0; height: 14px; width: 60px;\"><\/div>\n<\/div>\n<\/div>\n<div style=\"padding: 19% 0;\"><\/div>\n<div style=\"display: block; height: 50px; margin: 0 auto 12px; width: 50px;\"><\/div>\n<div style=\"padding-top: 8px;\">\n<div style=\"color: #3897f0; font-family: Arial,sans-serif; font-size: 14px; font-style: normal; font-weight: 550; line-height: 18px;\">Ver essa foto no Instagram<\/div>\n<\/div>\n<div style=\"padding: 12.5% 0;\"><\/div>\n<div style=\"display: flex; flex-direction: row; margin-bottom: 14px; align-items: center;\">\n<div>\n<div style=\"background-color: #f4f4f4; border-radius: 50%; height: 12.5px; width: 12.5px; transform: translateX(0px) translateY(7px);\"><\/div>\n<div style=\"background-color: #f4f4f4; height: 12.5px; transform: rotate(-45deg) translateX(3px) translateY(1px); width: 12.5px; flex-grow: 0; margin-right: 14px; margin-left: 2px;\"><\/div>\n<div style=\"background-color: #f4f4f4; border-radius: 50%; height: 12.5px; width: 12.5px; transform: translateX(9px) translateY(-18px);\"><\/div>\n<\/div>\n<div style=\"margin-left: 8px;\">\n<div style=\"background-color: #f4f4f4; border-radius: 50%; flex-grow: 0; height: 20px; width: 20px;\"><\/div>\n<div style=\"width: 0; height: 0; border-top: 2px solid transparent; border-left: 6px solid #f4f4f4; border-bottom: 2px solid transparent; transform: translateX(16px) translateY(-4px) rotate(30deg);\"><\/div>\n<\/div>\n<div style=\"margin-left: auto;\">\n<div style=\"width: 0px; border-top: 8px solid #F4F4F4; border-right: 8px solid transparent; transform: translateY(16px);\"><\/div>\n<div style=\"background-color: #f4f4f4; flex-grow: 0; height: 12px; width: 16px; transform: translateY(-4px);\"><\/div>\n<div style=\"width: 0; height: 0; border-top: 8px solid #F4F4F4; border-left: 8px solid transparent; transform: translateY(-4px) translateX(8px);\"><\/div>\n<\/div>\n<\/div>\n<div style=\"display: flex; flex-direction: column; flex-grow: 1; justify-content: center; margin-bottom: 24px;\">\n<div style=\"background-color: #f4f4f4; border-radius: 4px; flex-grow: 0; height: 14px; margin-bottom: 6px; width: 224px;\"><\/div>\n<div style=\"background-color: #f4f4f4; border-radius: 4px; flex-grow: 0; height: 14px; width: 144px;\"><\/div>\n<\/div>\n<p>&nbsp;<\/p>\n<p style=\"color: #c9c8cd; font-family: Arial,sans-serif; font-size: 14px; line-height: 17px; margin-bottom: 0; margin-top: 8px; overflow: hidden; padding: 8px 0 7px; text-align: center; text-overflow: ellipsis; white-space: nowrap;\"><a style=\"color: #c9c8cd; font-family: Arial,sans-serif; font-size: 14px; font-style: normal; font-weight: normal; line-height: 17px; text-decoration: none;\" href=\"https:\/\/www.instagram.com\/reel\/CwLdujeoj7F\/?utm_source=ig_embed&amp;utm_campaign=loading\" target=\"_blank\" rel=\"noopener\">Uma publica\u00e7\u00e3o compartilhada por Chelso Sports \u2022 Corrida de Rua (@chelsosports)<\/a><\/p>\n<\/div>\n<\/blockquote>\n<p><script async src=\"\/\/www.instagram.com\/embed.js\"><\/script><\/p>\n<h3><b>Siga a Chelso<\/b><\/h3>\n<p>A Chelso Sports est\u00e1 presente no\u00a0<a href=\"https:\/\/www.youtube.com\/@ChelsoSports\">YouTube<\/a>! Por isso, convidamos voc\u00ea a se inscrever em nosso canal, deixar seus coment\u00e1rios e ficar por dentro de todas as novidades do mundo dos esportes. Recentemente, ultrapassamos a marca de 3 mil inscritos e, como nossa nova meta \u00e9 chegar aos 4 mil, n\u00e3o deixe de acompanhar nossos v\u00eddeos exclusivos.<\/p>\n<p>Al\u00e9m disso, n\u00e3o para por a\u00ed! Se voc\u00ea quer ter acesso a todas as informa\u00e7\u00f5es sobre nosso calend\u00e1rio de provas e dicas de treinamento, \u00e9 s\u00f3 seguir a Chelso Sports no\u00a0<a href=\"https:\/\/www.instagram.com\/chelsosports\/\">Instagram<\/a>. Fique por dentro de curiosidades e novidades sobre os esportes outdoor. Ent\u00e3o, n\u00e3o perca tempo e nos acompanhe agora mesmo nas redes sociais!<\/p>\n","protected":false},"excerpt":{"rendered":"<p>13\u00aa Corrida Gazeta de Piracicaba celebra vencedores! No \u00faltimo domingo, dia 20 de agosto, ocorreu a 13\u00aa Corrida Gazeta de Piracicaba, com presen\u00e7a de mais de 1.500 atletas largando no Engenho Central, em um lindo dia de sol. A concentra\u00e7\u00e3o come\u00e7ou \u00e0s 6h, com muito \u00e2nimo entre os atletas. \u00c0s 7 horas, os corredores da<\/p>\n","protected":false},"author":21,"featured_media":0,"comment_status":"open","ping_status":"closed","sticky":false,"template":"","format":"standard","meta":{"om_disable_all_campaigns":false,"_monsterinsights_skip_tracking":false,"_monsterinsights_sitenote_active":false,"_monsterinsights_sitenote_note":"","_monsterinsights_sitenote_category":0,"footnotes":""},"categories":[56,30],"tags":[2949,735,41,941],"class_list":{"0":"post-17926","1":"post","2":"type-post","3":"status-publish","4":"format-standard","6":"category-eventos","7":"category-noticias","8":"tag-13a-corrida-gazeta-de-piracicaba","9":"tag-chelso","10":"tag-chelso-sports","11":"tag-piracicaba"},"aioseo_notices":[],"yoast_head":"<!-- This site is optimized with the Yoast SEO plugin v27.5 - https:\/\/yoast.com\/product\/yoast-seo-wordpress\/ -->\n<title>13\u00aa Corrida Gazeta de Piracicaba celebra vencedores - Portal Chelso Sports<\/title>\n<meta name=\"description\" content=\"13\u00aa Corrida Gazeta de Piracicaba conhece os vencedores. Prova contou com mais de 1.500 atletas em um lindo dia de sol.\" \/>\n<meta name=\"robots\" content=\"index, follow, max-snippet:-1, max-image-preview:large, max-video-preview:-1\" \/>\n<link rel=\"canonical\" href=\"https:\/\/chelso.com.br\/site\/13a-corrida-gazeta-de-piracicaba-celebra-vencedores\/\" \/>\n<meta property=\"og:locale\" content=\"pt_BR\" \/>\n<meta property=\"og:type\" content=\"article\" \/>\n<meta property=\"og:title\" content=\"13\u00aa Corrida Gazeta de Piracicaba celebra vencedores - Portal Chelso Sports\" \/>\n<meta property=\"og:description\" content=\"13\u00aa Corrida Gazeta de Piracicaba conhece os vencedores. Prova contou com mais de 1.500 atletas em um lindo dia de sol.\" \/>\n<meta property=\"og:url\" content=\"https:\/\/chelso.com.br\/site\/13a-corrida-gazeta-de-piracicaba-celebra-vencedores\/\" \/>\n<meta property=\"og:site_name\" content=\"Portal Chelso Sports\" \/>\n<meta property=\"article:published_time\" content=\"2023-08-22T23:42:57+00:00\" \/>\n<meta property=\"og:image\" content=\"https:\/\/chelso.com.br\/site\/wp-content\/uploads\/2023\/08\/13.png\" \/>\n\t<meta property=\"og:image:width\" content=\"757\" \/>\n\t<meta property=\"og:image:height\" content=\"586\" \/>\n\t<meta property=\"og:image:type\" content=\"image\/png\" \/>\n<meta name=\"author\" content=\"Chelso\" \/>\n<meta name=\"twitter:card\" content=\"summary_large_image\" \/>\n<meta name=\"twitter:label1\" content=\"Escrito por\" \/>\n\t<meta name=\"twitter:data1\" content=\"Chelso\" \/>\n\t<meta name=\"twitter:label2\" content=\"Est. tempo de leitura\" \/>\n\t<meta name=\"twitter:data2\" content=\"3 minutos\" \/>\n<script type=\"application\/ld+json\" class=\"yoast-schema-graph\">{\"@context\":\"https:\\\/\\\/schema.org\",\"@graph\":[{\"@type\":\"Article\",\"@id\":\"https:\\\/\\\/chelso.com.br\\\/site\\\/13a-corrida-gazeta-de-piracicaba-celebra-vencedores\\\/#article\",\"isPartOf\":{\"@id\":\"https:\\\/\\\/chelso.com.br\\\/site\\\/13a-corrida-gazeta-de-piracicaba-celebra-vencedores\\\/\"},\"author\":{\"name\":\"Chelso\",\"@id\":\"https:\\\/\\\/chelso.com.br\\\/site\\\/#\\\/schema\\\/person\\\/06bf484f0ccbb71d4fd2128d594e1d0a\"},\"headline\":\"13\u00aa Corrida Gazeta de Piracicaba celebra vencedores\",\"datePublished\":\"2023-08-22T23:42:57+00:00\",\"mainEntityOfPage\":{\"@id\":\"https:\\\/\\\/chelso.com.br\\\/site\\\/13a-corrida-gazeta-de-piracicaba-celebra-vencedores\\\/\"},\"wordCount\":539,\"commentCount\":0,\"keywords\":[\"13\u00aa Corrida Gazeta de Piracicaba\",\"Chelso\",\"chelso sports\",\"Piracicaba\"],\"articleSection\":[\"Eventos\",\"Not\u00edcias\"],\"inLanguage\":\"pt-BR\",\"potentialAction\":[{\"@type\":\"CommentAction\",\"name\":\"Comment\",\"target\":[\"https:\\\/\\\/chelso.com.br\\\/site\\\/13a-corrida-gazeta-de-piracicaba-celebra-vencedores\\\/#respond\"]}]},{\"@type\":\"WebPage\",\"@id\":\"https:\\\/\\\/chelso.com.br\\\/site\\\/13a-corrida-gazeta-de-piracicaba-celebra-vencedores\\\/\",\"url\":\"https:\\\/\\\/chelso.com.br\\\/site\\\/13a-corrida-gazeta-de-piracicaba-celebra-vencedores\\\/\",\"name\":\"13\u00aa Corrida Gazeta de Piracicaba celebra vencedores - Portal Chelso Sports\",\"isPartOf\":{\"@id\":\"https:\\\/\\\/chelso.com.br\\\/site\\\/#website\"},\"datePublished\":\"2023-08-22T23:42:57+00:00\",\"author\":{\"@id\":\"https:\\\/\\\/chelso.com.br\\\/site\\\/#\\\/schema\\\/person\\\/06bf484f0ccbb71d4fd2128d594e1d0a\"},\"description\":\"13\u00aa Corrida Gazeta de Piracicaba conhece os vencedores. Prova contou com mais de 1.500 atletas em um lindo dia de sol.\",\"breadcrumb\":{\"@id\":\"https:\\\/\\\/chelso.com.br\\\/site\\\/13a-corrida-gazeta-de-piracicaba-celebra-vencedores\\\/#breadcrumb\"},\"inLanguage\":\"pt-BR\",\"potentialAction\":[{\"@type\":\"ReadAction\",\"target\":[\"https:\\\/\\\/chelso.com.br\\\/site\\\/13a-corrida-gazeta-de-piracicaba-celebra-vencedores\\\/\"]}]},{\"@type\":\"BreadcrumbList\",\"@id\":\"https:\\\/\\\/chelso.com.br\\\/site\\\/13a-corrida-gazeta-de-piracicaba-celebra-vencedores\\\/#breadcrumb\",\"itemListElement\":[{\"@type\":\"ListItem\",\"position\":1,\"name\":\"In\u00edcio\",\"item\":\"https:\\\/\\\/chelso.com.br\\\/site\\\/\"},{\"@type\":\"ListItem\",\"position\":2,\"name\":\"13\u00aa Corrida Gazeta de Piracicaba celebra vencedores\"}]},{\"@type\":\"WebSite\",\"@id\":\"https:\\\/\\\/chelso.com.br\\\/site\\\/#website\",\"url\":\"https:\\\/\\\/chelso.com.br\\\/site\\\/\",\"name\":\"Portal Chelso Sports\",\"description\":\"Conte\u00fado especializado em corrida de rua e triathlon\",\"potentialAction\":[{\"@type\":\"SearchAction\",\"target\":{\"@type\":\"EntryPoint\",\"urlTemplate\":\"https:\\\/\\\/chelso.com.br\\\/site\\\/?s={search_term_string}\"},\"query-input\":{\"@type\":\"PropertyValueSpecification\",\"valueRequired\":true,\"valueName\":\"search_term_string\"}}],\"inLanguage\":\"pt-BR\"},{\"@type\":\"Person\",\"@id\":\"https:\\\/\\\/chelso.com.br\\\/site\\\/#\\\/schema\\\/person\\\/06bf484f0ccbb71d4fd2128d594e1d0a\",\"name\":\"Chelso\",\"image\":{\"@type\":\"ImageObject\",\"inLanguage\":\"pt-BR\",\"@id\":\"https:\\\/\\\/chelso.com.br\\\/site\\\/wp-content\\\/uploads\\\/2025\\\/04\\\/Perfil20192-150x149.png\",\"url\":\"https:\\\/\\\/chelso.com.br\\\/site\\\/wp-content\\\/uploads\\\/2025\\\/04\\\/Perfil20192-150x149.png\",\"contentUrl\":\"https:\\\/\\\/chelso.com.br\\\/site\\\/wp-content\\\/uploads\\\/2025\\\/04\\\/Perfil20192-150x149.png\",\"caption\":\"Chelso\"},\"sameAs\":[\"http:\\\/\\\/www.chelso.com.br\"],\"url\":\"https:\\\/\\\/chelso.com.br\\\/site\\\/author\\\/maryblog\\\/\"}]}<\/script>\n<!-- \/ Yoast SEO plugin. -->","yoast_head_json":{"title":"13\u00aa Corrida Gazeta de Piracicaba celebra vencedores - Portal Chelso Sports","description":"13\u00aa Corrida Gazeta de Piracicaba conhece os vencedores. Prova contou com mais de 1.500 atletas em um lindo dia de sol.","robots":{"index":"index","follow":"follow","max-snippet":"max-snippet:-1","max-image-preview":"max-image-preview:large","max-video-preview":"max-video-preview:-1"},"canonical":"https:\/\/chelso.com.br\/site\/13a-corrida-gazeta-de-piracicaba-celebra-vencedores\/","og_locale":"pt_BR","og_type":"article","og_title":"13\u00aa Corrida Gazeta de Piracicaba celebra vencedores - Portal Chelso Sports","og_description":"13\u00aa Corrida Gazeta de Piracicaba conhece os vencedores. Prova contou com mais de 1.500 atletas em um lindo dia de sol.","og_url":"https:\/\/chelso.com.br\/site\/13a-corrida-gazeta-de-piracicaba-celebra-vencedores\/","og_site_name":"Portal Chelso Sports","article_published_time":"2023-08-22T23:42:57+00:00","og_image":[{"width":757,"height":586,"url":"https:\/\/chelso.com.br\/site\/wp-content\/uploads\/2023\/08\/13.png","type":"image\/png"}],"author":"Chelso","twitter_card":"summary_large_image","twitter_misc":{"Escrito por":"Chelso","Est. tempo de leitura":"3 minutos"},"schema":{"@context":"https:\/\/schema.org","@graph":[{"@type":"Article","@id":"https:\/\/chelso.com.br\/site\/13a-corrida-gazeta-de-piracicaba-celebra-vencedores\/#article","isPartOf":{"@id":"https:\/\/chelso.com.br\/site\/13a-corrida-gazeta-de-piracicaba-celebra-vencedores\/"},"author":{"name":"Chelso","@id":"https:\/\/chelso.com.br\/site\/#\/schema\/person\/06bf484f0ccbb71d4fd2128d594e1d0a"},"headline":"13\u00aa Corrida Gazeta de Piracicaba celebra vencedores","datePublished":"2023-08-22T23:42:57+00:00","mainEntityOfPage":{"@id":"https:\/\/chelso.com.br\/site\/13a-corrida-gazeta-de-piracicaba-celebra-vencedores\/"},"wordCount":539,"commentCount":0,"keywords":["13\u00aa Corrida Gazeta de Piracicaba","Chelso","chelso sports","Piracicaba"],"articleSection":["Eventos","Not\u00edcias"],"inLanguage":"pt-BR","potentialAction":[{"@type":"CommentAction","name":"Comment","target":["https:\/\/chelso.com.br\/site\/13a-corrida-gazeta-de-piracicaba-celebra-vencedores\/#respond"]}]},{"@type":"WebPage","@id":"https:\/\/chelso.com.br\/site\/13a-corrida-gazeta-de-piracicaba-celebra-vencedores\/","url":"https:\/\/chelso.com.br\/site\/13a-corrida-gazeta-de-piracicaba-celebra-vencedores\/","name":"13\u00aa Corrida Gazeta de Piracicaba celebra vencedores - Portal Chelso Sports","isPartOf":{"@id":"https:\/\/chelso.com.br\/site\/#website"},"datePublished":"2023-08-22T23:42:57+00:00","author":{"@id":"https:\/\/chelso.com.br\/site\/#\/schema\/person\/06bf484f0ccbb71d4fd2128d594e1d0a"},"description":"13\u00aa Corrida Gazeta de Piracicaba conhece os vencedores. Prova contou com mais de 1.500 atletas em um lindo dia de sol.","breadcrumb":{"@id":"https:\/\/chelso.com.br\/site\/13a-corrida-gazeta-de-piracicaba-celebra-vencedores\/#breadcrumb"},"inLanguage":"pt-BR","potentialAction":[{"@type":"ReadAction","target":["https:\/\/chelso.com.br\/site\/13a-corrida-gazeta-de-piracicaba-celebra-vencedores\/"]}]},{"@type":"BreadcrumbList","@id":"https:\/\/chelso.com.br\/site\/13a-corrida-gazeta-de-piracicaba-celebra-vencedores\/#breadcrumb","itemListElement":[{"@type":"ListItem","position":1,"name":"In\u00edcio","item":"https:\/\/chelso.com.br\/site\/"},{"@type":"ListItem","position":2,"name":"13\u00aa Corrida Gazeta de Piracicaba celebra vencedores"}]},{"@type":"WebSite","@id":"https:\/\/chelso.com.br\/site\/#website","url":"https:\/\/chelso.com.br\/site\/","name":"Portal Chelso Sports","description":"Conte\u00fado especializado em corrida de rua e triathlon","potentialAction":[{"@type":"SearchAction","target":{"@type":"EntryPoint","urlTemplate":"https:\/\/chelso.com.br\/site\/?s={search_term_string}"},"query-input":{"@type":"PropertyValueSpecification","valueRequired":true,"valueName":"search_term_string"}}],"inLanguage":"pt-BR"},{"@type":"Person","@id":"https:\/\/chelso.com.br\/site\/#\/schema\/person\/06bf484f0ccbb71d4fd2128d594e1d0a","name":"Chelso","image":{"@type":"ImageObject","inLanguage":"pt-BR","@id":"https:\/\/chelso.com.br\/site\/wp-content\/uploads\/2025\/04\/Perfil20192-150x149.png","url":"https:\/\/chelso.com.br\/site\/wp-content\/uploads\/2025\/04\/Perfil20192-150x149.png","contentUrl":"https:\/\/chelso.com.br\/site\/wp-content\/uploads\/2025\/04\/Perfil20192-150x149.png","caption":"Chelso"},"sameAs":["http:\/\/www.chelso.com.br"],"url":"https:\/\/chelso.com.br\/site\/author\/maryblog\/"}]}},"amp_enabled":true,"_links":{"self":[{"href":"https:\/\/chelso.com.br\/site\/wp-json\/wp\/v2\/posts\/17926","targetHints":{"allow":["GET"]}}],"collection":[{"href":"https:\/\/chelso.com.br\/site\/wp-json\/wp\/v2\/posts"}],"about":[{"href":"https:\/\/chelso.com.br\/site\/wp-json\/wp\/v2\/types\/post"}],"author":[{"embeddable":true,"href":"https:\/\/chelso.com.br\/site\/wp-json\/wp\/v2\/users\/21"}],"replies":[{"embeddable":true,"href":"https:\/\/chelso.com.br\/site\/wp-json\/wp\/v2\/comments?post=17926"}],"version-history":[{"count":1,"href":"https:\/\/chelso.com.br\/site\/wp-json\/wp\/v2\/posts\/17926\/revisions"}],"predecessor-version":[{"id":17928,"href":"https:\/\/chelso.com.br\/site\/wp-json\/wp\/v2\/posts\/17926\/revisions\/17928"}],"wp:attachment":[{"href":"https:\/\/chelso.com.br\/site\/wp-json\/wp\/v2\/media?parent=17926"}],"wp:term":[{"taxonomy":"category","embeddable":true,"href":"https:\/\/chelso.com.br\/site\/wp-json\/wp\/v2\/categories?post=17926"},{"taxonomy":"post_tag","embeddable":true,"href":"https:\/\/chelso.com.br\/site\/wp-json\/wp\/v2\/tags?post=17926"}],"curies":[{"name":"wp","href":"https:\/\/api.w.org\/{rel}","templated":true}]}}