{"id":18495,"date":"2023-11-06T20:18:55","date_gmt":"2023-11-06T23:18:55","guid":{"rendered":"https:\/\/chelso.com.br\/site\/?p=18495"},"modified":"2023-11-06T20:20:34","modified_gmt":"2023-11-06T23:20:34","slug":"tola-e-obiri-vencem-em-ny","status":"publish","type":"post","link":"https:\/\/chelso.com.br\/site\/tola-e-obiri-vencem-em-ny\/","title":{"rendered":"Tola e Obiri vencem em NY"},"content":{"rendered":"<p><strong>Tola e Obiri vencem em NY!<\/strong> Tamirat Tola, da Eti\u00f3pia, e Hellen Obiri, do Qu\u00eania, conquistaram a 52\u00aa edi\u00e7\u00e3o da Maratona de Nova York neste domingo. Mais de 50 mil atletas participaram da prova na <em>big apple, <\/em>que contou com recorde na prova masculina e uma chegada eletrizante na categoria feminina.<\/p>\n<p>Tamirat Tola, campe\u00e3o do Mundial de Atletismo de 2022, dominou a corrida do in\u00edcio ao fim, completando-a em incr\u00edveis 2h04min58. Ele superou o tempo do queniano Geoffrey Mutai, que havia conclu\u00eddo o percurso em 2h05min06 em 2011.<\/p>\n<blockquote class=\"instagram-media\" style=\"background: #FFF; border: 0; border-radius: 3px; box-shadow: 0 0 1px 0 rgba(0,0,0,0.5),0 1px 10px 0 rgba(0,0,0,0.15); margin: 1px; max-width: 540px; min-width: 326px; padding: 0; width: calc(100% - 2px);\" data-instgrm-captioned=\"\" data-instgrm-permalink=\"https:\/\/www.instagram.com\/p\/CzRoITHMRAE\/?utm_source=ig_embed&amp;utm_campaign=loading\" data-instgrm-version=\"14\">\n<div style=\"padding: 16px;\">\n<p>&nbsp;<\/p>\n<div style=\"display: flex; flex-direction: row; align-items: center;\">\n<div style=\"background-color: #f4f4f4; border-radius: 50%; flex-grow: 0; height: 40px; margin-right: 14px; width: 40px;\"><\/div>\n<div style=\"display: flex; flex-direction: column; flex-grow: 1; justify-content: center;\">\n<div style=\"background-color: #f4f4f4; border-radius: 4px; flex-grow: 0; height: 14px; margin-bottom: 6px; width: 100px;\"><\/div>\n<div style=\"background-color: #f4f4f4; border-radius: 4px; flex-grow: 0; height: 14px; width: 60px;\"><\/div>\n<\/div>\n<\/div>\n<div style=\"padding: 19% 0;\"><\/div>\n<div style=\"display: block; height: 50px; margin: 0 auto 12px; width: 50px;\"><\/div>\n<div style=\"padding-top: 8px;\">\n<div style=\"color: #3897f0; font-family: Arial,sans-serif; font-size: 14px; font-style: normal; font-weight: 550; line-height: 18px;\">Ver essa foto no Instagram<\/div>\n<\/div>\n<div style=\"padding: 12.5% 0;\"><\/div>\n<div style=\"display: flex; flex-direction: row; margin-bottom: 14px; align-items: center;\">\n<div>\n<div style=\"background-color: #f4f4f4; border-radius: 50%; height: 12.5px; width: 12.5px; transform: translateX(0px) translateY(7px);\"><\/div>\n<div style=\"background-color: #f4f4f4; height: 12.5px; transform: rotate(-45deg) translateX(3px) translateY(1px); width: 12.5px; flex-grow: 0; margin-right: 14px; margin-left: 2px;\"><\/div>\n<div style=\"background-color: #f4f4f4; border-radius: 50%; height: 12.5px; width: 12.5px; transform: translateX(9px) translateY(-18px);\"><\/div>\n<\/div>\n<div style=\"margin-left: 8px;\">\n<div style=\"background-color: #f4f4f4; border-radius: 50%; flex-grow: 0; height: 20px; width: 20px;\"><\/div>\n<div style=\"width: 0; height: 0; border-top: 2px solid transparent; border-left: 6px solid #f4f4f4; border-bottom: 2px solid transparent; transform: translateX(16px) translateY(-4px) rotate(30deg);\"><\/div>\n<\/div>\n<div style=\"margin-left: auto;\">\n<div style=\"width: 0px; border-top: 8px solid #F4F4F4; border-right: 8px solid transparent; transform: translateY(16px);\"><\/div>\n<div style=\"background-color: #f4f4f4; flex-grow: 0; height: 12px; width: 16px; transform: translateY(-4px);\"><\/div>\n<div style=\"width: 0; height: 0; border-top: 8px solid #F4F4F4; border-left: 8px solid transparent; transform: translateY(-4px) translateX(8px);\"><\/div>\n<\/div>\n<\/div>\n<div style=\"display: flex; flex-direction: column; flex-grow: 1; justify-content: center; margin-bottom: 24px;\">\n<div style=\"background-color: #f4f4f4; border-radius: 4px; flex-grow: 0; height: 14px; margin-bottom: 6px; width: 224px;\"><\/div>\n<div style=\"background-color: #f4f4f4; border-radius: 4px; flex-grow: 0; height: 14px; width: 144px;\"><\/div>\n<\/div>\n<p>&nbsp;<\/p>\n<p style=\"color: #c9c8cd; font-family: Arial,sans-serif; font-size: 14px; line-height: 17px; margin-bottom: 0; margin-top: 8px; overflow: hidden; padding: 8px 0 7px; text-align: center; text-overflow: ellipsis; white-space: nowrap;\"><a style=\"color: #c9c8cd; font-family: Arial,sans-serif; font-size: 14px; font-style: normal; font-weight: normal; line-height: 17px; text-decoration: none;\" href=\"https:\/\/www.instagram.com\/p\/CzRoITHMRAE\/?utm_source=ig_embed&amp;utm_campaign=loading\" target=\"_blank\" rel=\"noopener\">Uma publica\u00e7\u00e3o compartilhada por adidas Running (@adidasrunning)<\/a><\/p>\n<\/div>\n<\/blockquote>\n<p><script async src=\"\/\/www.instagram.com\/embed.js\"><\/script><\/p>\n<p><a href=\"https:\/\/chelso.com.br\/site\/provas-presenciais\/\">Saiba mais sobre o nosso calend\u00e1rio de provas presenciais.<\/a><\/p>\n<h2>Tola e Obiri vencem em NY<\/h2>\n<blockquote><p>\u201cEstou muito, muito feliz hoje. <span style=\"font-size: 14px; color: var(--c-contrast-800);\">At\u00e9 os 20 km havia alguns corredores muito bons comigo, mas continuei trabalhando nas partes de subida e descida do percurso. Eu sabia que manter aquele ritmo n\u00e3o estava muito dif\u00edcil para mim, ent\u00e3o continuei correndo o mais r\u00e1pido que pude&#8221;, comentou o campe\u00e3o em entrevista a Outside USA<\/span><\/p><\/blockquote>\n<p>No feminino, Hellen Obiri conseguiu conter os v\u00e1rios ataques de suas advers\u00e1rias e cruzar a linha de chegada em primeiro lugar, com uma pequena diferen\u00e7a de tempo. Vencedora da Maratona de Boston deste ano, Obiri completou a prova em 2h27min23.<\/p>\n<blockquote><p>\u201cEu sabia que seria dif\u00edcil porque (Letesenbet) Gidey e (Sharon) Lokedi s\u00e3o muito r\u00e1pidas\u201d, disse Obiri. \u201cMas a maratona \u00e9 tudo sobre paci\u00eancia, ent\u00e3o faltando 400 metros tentei acelerar e escapar, e funcionou&#8221;, disse a campe\u00e3.<\/p><\/blockquote>\n<blockquote class=\"instagram-media\" style=\"background: #FFF; border: 0; border-radius: 3px; box-shadow: 0 0 1px 0 rgba(0,0,0,0.5),0 1px 10px 0 rgba(0,0,0,0.15); margin: 1px; max-width: 540px; min-width: 326px; padding: 0; width: calc(100% - 2px);\" data-instgrm-captioned=\"\" data-instgrm-permalink=\"https:\/\/www.instagram.com\/p\/CzRVbXwLERn\/?utm_source=ig_embed&amp;utm_campaign=loading\" data-instgrm-version=\"14\">\n<div style=\"padding: 16px;\">\n<p>&nbsp;<\/p>\n<div style=\"display: flex; flex-direction: row; align-items: center;\">\n<div style=\"background-color: #f4f4f4; border-radius: 50%; flex-grow: 0; height: 40px; margin-right: 14px; width: 40px;\"><\/div>\n<div style=\"display: flex; flex-direction: column; flex-grow: 1; justify-content: center;\">\n<div style=\"background-color: #f4f4f4; border-radius: 4px; flex-grow: 0; height: 14px; margin-bottom: 6px; width: 100px;\"><\/div>\n<div style=\"background-color: #f4f4f4; border-radius: 4px; flex-grow: 0; height: 14px; width: 60px;\"><\/div>\n<\/div>\n<\/div>\n<div style=\"padding: 19% 0;\"><\/div>\n<div style=\"display: block; height: 50px; margin: 0 auto 12px; width: 50px;\"><\/div>\n<div style=\"padding-top: 8px;\">\n<div style=\"color: #3897f0; font-family: Arial,sans-serif; font-size: 14px; font-style: normal; font-weight: 550; line-height: 18px;\">Ver essa foto no Instagram<\/div>\n<\/div>\n<div style=\"padding: 12.5% 0;\"><\/div>\n<div style=\"display: flex; flex-direction: row; margin-bottom: 14px; align-items: center;\">\n<div>\n<div style=\"background-color: #f4f4f4; border-radius: 50%; height: 12.5px; width: 12.5px; transform: translateX(0px) translateY(7px);\"><\/div>\n<div style=\"background-color: #f4f4f4; height: 12.5px; transform: rotate(-45deg) translateX(3px) translateY(1px); width: 12.5px; flex-grow: 0; margin-right: 14px; margin-left: 2px;\"><\/div>\n<div style=\"background-color: #f4f4f4; border-radius: 50%; height: 12.5px; width: 12.5px; transform: translateX(9px) translateY(-18px);\"><\/div>\n<\/div>\n<div style=\"margin-left: 8px;\">\n<div style=\"background-color: #f4f4f4; border-radius: 50%; flex-grow: 0; height: 20px; width: 20px;\"><\/div>\n<div style=\"width: 0; height: 0; border-top: 2px solid transparent; border-left: 6px solid #f4f4f4; border-bottom: 2px solid transparent; transform: translateX(16px) translateY(-4px) rotate(30deg);\"><\/div>\n<\/div>\n<div style=\"margin-left: auto;\">\n<div style=\"width: 0px; border-top: 8px solid #F4F4F4; border-right: 8px solid transparent; transform: translateY(16px);\"><\/div>\n<div style=\"background-color: #f4f4f4; flex-grow: 0; height: 12px; width: 16px; transform: translateY(-4px);\"><\/div>\n<div style=\"width: 0; height: 0; border-top: 8px solid #F4F4F4; border-left: 8px solid transparent; transform: translateY(-4px) translateX(8px);\"><\/div>\n<\/div>\n<\/div>\n<div style=\"display: flex; flex-direction: column; flex-grow: 1; justify-content: center; margin-bottom: 24px;\">\n<div style=\"background-color: #f4f4f4; border-radius: 4px; flex-grow: 0; height: 14px; margin-bottom: 6px; width: 224px;\"><\/div>\n<div style=\"background-color: #f4f4f4; border-radius: 4px; flex-grow: 0; height: 14px; width: 144px;\"><\/div>\n<\/div>\n<p>&nbsp;<\/p>\n<p style=\"color: #c9c8cd; font-family: Arial,sans-serif; font-size: 14px; line-height: 17px; margin-bottom: 0; margin-top: 8px; overflow: hidden; padding: 8px 0 7px; text-align: center; text-overflow: ellipsis; white-space: nowrap;\"><a style=\"color: #c9c8cd; font-family: Arial,sans-serif; font-size: 14px; font-style: normal; font-weight: normal; line-height: 17px; text-decoration: none;\" href=\"https:\/\/www.instagram.com\/p\/CzRVbXwLERn\/?utm_source=ig_embed&amp;utm_campaign=loading\" target=\"_blank\" rel=\"noopener\">Uma publica\u00e7\u00e3o compartilhada por CITIUS MAG | Running + Track and Field News (@citiusmag)<\/a><\/p>\n<\/div>\n<\/blockquote>\n<p><script async src=\"\/\/www.instagram.com\/embed.js\"><\/script><\/p>\n<h4>Resultados\u00a0 &#8211; Maratona de Nova York<\/h4>\n<h4>Masculino<\/h4>\n<ol>\n<li>Tamirat Tola (ETI) &#8211; 2h04min58s<\/li>\n<li>Albert Korir (QUE) &#8211; 2h06min57s<\/li>\n<li>Shura Kitata (ETI) &#8211; 2h07min11s<\/li>\n<li>Adbi Nageeye (HOL) &#8211; 2h10min21s<\/li>\n<li>Koen Naert (BEL) &#8211; 2h10min25<\/li>\n<\/ol>\n<h4>Feminino<\/h4>\n<ol>\n<li>Hellen Obiri (QUE) &#8211; 2h27min23s<\/li>\n<li>Letesenbet Gidey (ETI) &#8211; 2h27min29s<\/li>\n<li>Sharon Lokedi (QUE) &#8211; 2h27min33s<\/li>\n<li>Brigid Kosgei (QUE) &#8211; 2h27min45s<\/li>\n<li>Mary Ngugi (QUE) &#8211; 2h27min53s<\/li>\n<\/ol>\n<p><iframe  id=\"_ytid_91965\"  width=\"788\" height=\"443\"  data-origwidth=\"788\" data-origheight=\"443\" src=\"https:\/\/www.youtube.com\/embed\/UZQJWgzTnhY?enablejsapi=1&#038;autoplay=0&#038;cc_load_policy=0&#038;cc_lang_pref=&#038;iv_load_policy=1&#038;loop=0&#038;rel=1&#038;fs=1&#038;playsinline=0&#038;autohide=2&#038;theme=dark&#038;color=red&#038;controls=1&#038;disablekb=0&#038;\" class=\"__youtube_prefs__  epyt-is-override  no-lazyload\" title=\"YouTube player\"  allow=\"fullscreen; accelerometer; autoplay; clipboard-write; encrypted-media; gyroscope; picture-in-picture; web-share\" referrerpolicy=\"strict-origin-when-cross-origin\" allowfullscreen data-no-lazy=\"1\" data-skipgform_ajax_framebjll=\"\"><\/iframe><\/p>\n<h3><b>Siga a Chelso<\/b><\/h3>\n<p>A Chelso Sports est\u00e1 presente no\u00a0<a href=\"https:\/\/www.youtube.com\/@ChelsoSports\">YouTube<\/a>! Por isso, convidamos voc\u00ea a se inscrever em nosso canal, deixar seus coment\u00e1rios e ficar por dentro de todas as novidades do mundo dos esportes. Ultrapassamos a marca de 4 mil inscritos e, como nossa nova meta \u00e9 chegar aos 5 mil, n\u00e3o deixe de acompanhar nossos v\u00eddeos exclusivos.<\/p>\n<p>Al\u00e9m disso, n\u00e3o para por a\u00ed! Se voc\u00ea quer ter acesso a todas as informa\u00e7\u00f5es sobre nosso calend\u00e1rio de provas e dicas de treinamento, \u00e9 s\u00f3 seguir a Chelso Sports no\u00a0<a href=\"https:\/\/www.instagram.com\/chelsosports\/\">Instagram<\/a>. Fique por dentro de curiosidades e novidades sobre os esportes outdoor. Ent\u00e3o, n\u00e3o perca tempo e nos acompanhe agora mesmo nas redes sociais!<\/p>\n<p>&nbsp;<\/p>\n","protected":false},"excerpt":{"rendered":"<p>Tola e Obiri vencem em NY! Tamirat Tola, da Eti\u00f3pia, e Hellen Obiri, do Qu\u00eania, conquistaram a 52\u00aa edi\u00e7\u00e3o da Maratona de Nova York neste domingo. Mais de 50 mil atletas participaram da prova na big apple, que contou com recorde na prova masculina e uma chegada eletrizante na categoria feminina. Tamirat Tola, campe\u00e3o do<\/p>\n","protected":false},"author":21,"featured_media":18496,"comment_status":"open","ping_status":"closed","sticky":false,"template":"","format":"standard","meta":{"om_disable_all_campaigns":false,"_monsterinsights_skip_tracking":false,"_monsterinsights_sitenote_active":false,"_monsterinsights_sitenote_note":"","_monsterinsights_sitenote_category":0,"footnotes":""},"categories":[30],"tags":[735,41,3573,899,3572],"class_list":{"0":"post-18495","1":"post","2":"type-post","3":"status-publish","4":"format-standard","5":"has-post-thumbnail","7":"category-noticias","8":"tag-chelso","9":"tag-chelso-sports","10":"tag-hellen-obiri","11":"tag-maratona-de-nova-york","12":"tag-tamirat-tola"},"aioseo_notices":[],"yoast_head":"<!-- This site is optimized with the Yoast SEO plugin v27.5 - https:\/\/yoast.com\/product\/yoast-seo-wordpress\/ -->\n<title>Tola e Obiri vencem em NY - Portal Chelso Sports<\/title>\n<meta name=\"description\" content=\"Tola e Obiri vencem em NY! Maratona foi realizada neste domingo com presen\u00e7a de mais de 50 mil corredores nas ruas da cidade americana\" \/>\n<meta name=\"robots\" content=\"index, follow, max-snippet:-1, max-image-preview:large, max-video-preview:-1\" \/>\n<link rel=\"canonical\" href=\"https:\/\/chelso.com.br\/site\/tola-e-obiri-vencem-em-ny\/\" \/>\n<meta property=\"og:locale\" content=\"pt_BR\" \/>\n<meta property=\"og:type\" content=\"article\" \/>\n<meta property=\"og:title\" content=\"Tola e Obiri vencem em NY - Portal Chelso Sports\" \/>\n<meta property=\"og:description\" content=\"Tola e Obiri vencem em NY! Maratona foi realizada neste domingo com presen\u00e7a de mais de 50 mil corredores nas ruas da cidade americana\" \/>\n<meta property=\"og:url\" content=\"https:\/\/chelso.com.br\/site\/tola-e-obiri-vencem-em-ny\/\" \/>\n<meta property=\"og:site_name\" content=\"Portal Chelso Sports\" \/>\n<meta property=\"article:published_time\" content=\"2023-11-06T23:18:55+00:00\" \/>\n<meta property=\"article:modified_time\" content=\"2023-11-06T23:20:34+00:00\" \/>\n<meta property=\"og:image\" content=\"https:\/\/chelso.com.br\/site\/wp-content\/uploads\/2023\/11\/Tola-e-Obiri-vencem-em-NY.jpg\" \/>\n\t<meta property=\"og:image:width\" content=\"1080\" \/>\n\t<meta property=\"og:image:height\" content=\"810\" \/>\n\t<meta property=\"og:image:type\" content=\"image\/jpeg\" \/>\n<meta name=\"author\" content=\"Chelso\" \/>\n<meta name=\"twitter:card\" content=\"summary_large_image\" \/>\n<meta name=\"twitter:label1\" content=\"Escrito por\" \/>\n\t<meta name=\"twitter:data1\" content=\"Chelso\" \/>\n\t<meta name=\"twitter:label2\" content=\"Est. tempo de leitura\" \/>\n\t<meta name=\"twitter:data2\" content=\"2 minutos\" \/>\n<script type=\"application\/ld+json\" class=\"yoast-schema-graph\">{\"@context\":\"https:\\\/\\\/schema.org\",\"@graph\":[{\"@type\":\"Article\",\"@id\":\"https:\\\/\\\/chelso.com.br\\\/site\\\/tola-e-obiri-vencem-em-ny\\\/#article\",\"isPartOf\":{\"@id\":\"https:\\\/\\\/chelso.com.br\\\/site\\\/tola-e-obiri-vencem-em-ny\\\/\"},\"author\":{\"name\":\"Chelso\",\"@id\":\"https:\\\/\\\/chelso.com.br\\\/site\\\/#\\\/schema\\\/person\\\/06bf484f0ccbb71d4fd2128d594e1d0a\"},\"headline\":\"Tola e Obiri vencem em NY\",\"datePublished\":\"2023-11-06T23:18:55+00:00\",\"dateModified\":\"2023-11-06T23:20:34+00:00\",\"mainEntityOfPage\":{\"@id\":\"https:\\\/\\\/chelso.com.br\\\/site\\\/tola-e-obiri-vencem-em-ny\\\/\"},\"wordCount\":495,\"commentCount\":0,\"image\":{\"@id\":\"https:\\\/\\\/chelso.com.br\\\/site\\\/tola-e-obiri-vencem-em-ny\\\/#primaryimage\"},\"thumbnailUrl\":\"https:\\\/\\\/chelso.com.br\\\/site\\\/wp-content\\\/uploads\\\/2023\\\/11\\\/Tola-e-Obiri-vencem-em-NY.jpg\",\"keywords\":[\"Chelso\",\"chelso sports\",\"Hellen Obiri\",\"Maratona de Nova York\",\"Tamirat Tola\"],\"articleSection\":[\"Not\u00edcias\"],\"inLanguage\":\"pt-BR\",\"potentialAction\":[{\"@type\":\"CommentAction\",\"name\":\"Comment\",\"target\":[\"https:\\\/\\\/chelso.com.br\\\/site\\\/tola-e-obiri-vencem-em-ny\\\/#respond\"]}]},{\"@type\":\"WebPage\",\"@id\":\"https:\\\/\\\/chelso.com.br\\\/site\\\/tola-e-obiri-vencem-em-ny\\\/\",\"url\":\"https:\\\/\\\/chelso.com.br\\\/site\\\/tola-e-obiri-vencem-em-ny\\\/\",\"name\":\"Tola e Obiri vencem em NY - Portal Chelso Sports\",\"isPartOf\":{\"@id\":\"https:\\\/\\\/chelso.com.br\\\/site\\\/#website\"},\"primaryImageOfPage\":{\"@id\":\"https:\\\/\\\/chelso.com.br\\\/site\\\/tola-e-obiri-vencem-em-ny\\\/#primaryimage\"},\"image\":{\"@id\":\"https:\\\/\\\/chelso.com.br\\\/site\\\/tola-e-obiri-vencem-em-ny\\\/#primaryimage\"},\"thumbnailUrl\":\"https:\\\/\\\/chelso.com.br\\\/site\\\/wp-content\\\/uploads\\\/2023\\\/11\\\/Tola-e-Obiri-vencem-em-NY.jpg\",\"datePublished\":\"2023-11-06T23:18:55+00:00\",\"dateModified\":\"2023-11-06T23:20:34+00:00\",\"author\":{\"@id\":\"https:\\\/\\\/chelso.com.br\\\/site\\\/#\\\/schema\\\/person\\\/06bf484f0ccbb71d4fd2128d594e1d0a\"},\"description\":\"Tola e Obiri vencem em NY! Maratona foi realizada neste domingo com presen\u00e7a de mais de 50 mil corredores nas ruas da cidade americana\",\"breadcrumb\":{\"@id\":\"https:\\\/\\\/chelso.com.br\\\/site\\\/tola-e-obiri-vencem-em-ny\\\/#breadcrumb\"},\"inLanguage\":\"pt-BR\",\"potentialAction\":[{\"@type\":\"ReadAction\",\"target\":[\"https:\\\/\\\/chelso.com.br\\\/site\\\/tola-e-obiri-vencem-em-ny\\\/\"]}]},{\"@type\":\"ImageObject\",\"inLanguage\":\"pt-BR\",\"@id\":\"https:\\\/\\\/chelso.com.br\\\/site\\\/tola-e-obiri-vencem-em-ny\\\/#primaryimage\",\"url\":\"https:\\\/\\\/chelso.com.br\\\/site\\\/wp-content\\\/uploads\\\/2023\\\/11\\\/Tola-e-Obiri-vencem-em-NY.jpg\",\"contentUrl\":\"https:\\\/\\\/chelso.com.br\\\/site\\\/wp-content\\\/uploads\\\/2023\\\/11\\\/Tola-e-Obiri-vencem-em-NY.jpg\",\"width\":1080,\"height\":810,\"caption\":\"Tamirat Tola \u00e9 o novo recordista da Maratona de Nova York - Foto: Foto: wmmajors\"},{\"@type\":\"BreadcrumbList\",\"@id\":\"https:\\\/\\\/chelso.com.br\\\/site\\\/tola-e-obiri-vencem-em-ny\\\/#breadcrumb\",\"itemListElement\":[{\"@type\":\"ListItem\",\"position\":1,\"name\":\"In\u00edcio\",\"item\":\"https:\\\/\\\/chelso.com.br\\\/site\\\/\"},{\"@type\":\"ListItem\",\"position\":2,\"name\":\"Tola e Obiri vencem em NY\"}]},{\"@type\":\"WebSite\",\"@id\":\"https:\\\/\\\/chelso.com.br\\\/site\\\/#website\",\"url\":\"https:\\\/\\\/chelso.com.br\\\/site\\\/\",\"name\":\"Portal Chelso Sports\",\"description\":\"Conte\u00fado especializado em corrida de rua e triathlon\",\"potentialAction\":[{\"@type\":\"SearchAction\",\"target\":{\"@type\":\"EntryPoint\",\"urlTemplate\":\"https:\\\/\\\/chelso.com.br\\\/site\\\/?s={search_term_string}\"},\"query-input\":{\"@type\":\"PropertyValueSpecification\",\"valueRequired\":true,\"valueName\":\"search_term_string\"}}],\"inLanguage\":\"pt-BR\"},{\"@type\":\"Person\",\"@id\":\"https:\\\/\\\/chelso.com.br\\\/site\\\/#\\\/schema\\\/person\\\/06bf484f0ccbb71d4fd2128d594e1d0a\",\"name\":\"Chelso\",\"image\":{\"@type\":\"ImageObject\",\"inLanguage\":\"pt-BR\",\"@id\":\"https:\\\/\\\/chelso.com.br\\\/site\\\/wp-content\\\/uploads\\\/2025\\\/04\\\/Perfil20192-150x149.png\",\"url\":\"https:\\\/\\\/chelso.com.br\\\/site\\\/wp-content\\\/uploads\\\/2025\\\/04\\\/Perfil20192-150x149.png\",\"contentUrl\":\"https:\\\/\\\/chelso.com.br\\\/site\\\/wp-content\\\/uploads\\\/2025\\\/04\\\/Perfil20192-150x149.png\",\"caption\":\"Chelso\"},\"sameAs\":[\"http:\\\/\\\/www.chelso.com.br\"],\"url\":\"https:\\\/\\\/chelso.com.br\\\/site\\\/author\\\/maryblog\\\/\"}]}<\/script>\n<!-- \/ Yoast SEO plugin. -->","yoast_head_json":{"title":"Tola e Obiri vencem em NY - Portal Chelso Sports","description":"Tola e Obiri vencem em NY! Maratona foi realizada neste domingo com presen\u00e7a de mais de 50 mil corredores nas ruas da cidade americana","robots":{"index":"index","follow":"follow","max-snippet":"max-snippet:-1","max-image-preview":"max-image-preview:large","max-video-preview":"max-video-preview:-1"},"canonical":"https:\/\/chelso.com.br\/site\/tola-e-obiri-vencem-em-ny\/","og_locale":"pt_BR","og_type":"article","og_title":"Tola e Obiri vencem em NY - Portal Chelso Sports","og_description":"Tola e Obiri vencem em NY! Maratona foi realizada neste domingo com presen\u00e7a de mais de 50 mil corredores nas ruas da cidade americana","og_url":"https:\/\/chelso.com.br\/site\/tola-e-obiri-vencem-em-ny\/","og_site_name":"Portal Chelso Sports","article_published_time":"2023-11-06T23:18:55+00:00","article_modified_time":"2023-11-06T23:20:34+00:00","og_image":[{"width":1080,"height":810,"url":"https:\/\/chelso.com.br\/site\/wp-content\/uploads\/2023\/11\/Tola-e-Obiri-vencem-em-NY.jpg","type":"image\/jpeg"}],"author":"Chelso","twitter_card":"summary_large_image","twitter_misc":{"Escrito por":"Chelso","Est. tempo de leitura":"2 minutos"},"schema":{"@context":"https:\/\/schema.org","@graph":[{"@type":"Article","@id":"https:\/\/chelso.com.br\/site\/tola-e-obiri-vencem-em-ny\/#article","isPartOf":{"@id":"https:\/\/chelso.com.br\/site\/tola-e-obiri-vencem-em-ny\/"},"author":{"name":"Chelso","@id":"https:\/\/chelso.com.br\/site\/#\/schema\/person\/06bf484f0ccbb71d4fd2128d594e1d0a"},"headline":"Tola e Obiri vencem em NY","datePublished":"2023-11-06T23:18:55+00:00","dateModified":"2023-11-06T23:20:34+00:00","mainEntityOfPage":{"@id":"https:\/\/chelso.com.br\/site\/tola-e-obiri-vencem-em-ny\/"},"wordCount":495,"commentCount":0,"image":{"@id":"https:\/\/chelso.com.br\/site\/tola-e-obiri-vencem-em-ny\/#primaryimage"},"thumbnailUrl":"https:\/\/chelso.com.br\/site\/wp-content\/uploads\/2023\/11\/Tola-e-Obiri-vencem-em-NY.jpg","keywords":["Chelso","chelso sports","Hellen Obiri","Maratona de Nova York","Tamirat Tola"],"articleSection":["Not\u00edcias"],"inLanguage":"pt-BR","potentialAction":[{"@type":"CommentAction","name":"Comment","target":["https:\/\/chelso.com.br\/site\/tola-e-obiri-vencem-em-ny\/#respond"]}]},{"@type":"WebPage","@id":"https:\/\/chelso.com.br\/site\/tola-e-obiri-vencem-em-ny\/","url":"https:\/\/chelso.com.br\/site\/tola-e-obiri-vencem-em-ny\/","name":"Tola e Obiri vencem em NY - Portal Chelso Sports","isPartOf":{"@id":"https:\/\/chelso.com.br\/site\/#website"},"primaryImageOfPage":{"@id":"https:\/\/chelso.com.br\/site\/tola-e-obiri-vencem-em-ny\/#primaryimage"},"image":{"@id":"https:\/\/chelso.com.br\/site\/tola-e-obiri-vencem-em-ny\/#primaryimage"},"thumbnailUrl":"https:\/\/chelso.com.br\/site\/wp-content\/uploads\/2023\/11\/Tola-e-Obiri-vencem-em-NY.jpg","datePublished":"2023-11-06T23:18:55+00:00","dateModified":"2023-11-06T23:20:34+00:00","author":{"@id":"https:\/\/chelso.com.br\/site\/#\/schema\/person\/06bf484f0ccbb71d4fd2128d594e1d0a"},"description":"Tola e Obiri vencem em NY! Maratona foi realizada neste domingo com presen\u00e7a de mais de 50 mil corredores nas ruas da cidade americana","breadcrumb":{"@id":"https:\/\/chelso.com.br\/site\/tola-e-obiri-vencem-em-ny\/#breadcrumb"},"inLanguage":"pt-BR","potentialAction":[{"@type":"ReadAction","target":["https:\/\/chelso.com.br\/site\/tola-e-obiri-vencem-em-ny\/"]}]},{"@type":"ImageObject","inLanguage":"pt-BR","@id":"https:\/\/chelso.com.br\/site\/tola-e-obiri-vencem-em-ny\/#primaryimage","url":"https:\/\/chelso.com.br\/site\/wp-content\/uploads\/2023\/11\/Tola-e-Obiri-vencem-em-NY.jpg","contentUrl":"https:\/\/chelso.com.br\/site\/wp-content\/uploads\/2023\/11\/Tola-e-Obiri-vencem-em-NY.jpg","width":1080,"height":810,"caption":"Tamirat Tola \u00e9 o novo recordista da Maratona de Nova York - Foto: Foto: wmmajors"},{"@type":"BreadcrumbList","@id":"https:\/\/chelso.com.br\/site\/tola-e-obiri-vencem-em-ny\/#breadcrumb","itemListElement":[{"@type":"ListItem","position":1,"name":"In\u00edcio","item":"https:\/\/chelso.com.br\/site\/"},{"@type":"ListItem","position":2,"name":"Tola e Obiri vencem em NY"}]},{"@type":"WebSite","@id":"https:\/\/chelso.com.br\/site\/#website","url":"https:\/\/chelso.com.br\/site\/","name":"Portal Chelso Sports","description":"Conte\u00fado especializado em corrida de rua e triathlon","potentialAction":[{"@type":"SearchAction","target":{"@type":"EntryPoint","urlTemplate":"https:\/\/chelso.com.br\/site\/?s={search_term_string}"},"query-input":{"@type":"PropertyValueSpecification","valueRequired":true,"valueName":"search_term_string"}}],"inLanguage":"pt-BR"},{"@type":"Person","@id":"https:\/\/chelso.com.br\/site\/#\/schema\/person\/06bf484f0ccbb71d4fd2128d594e1d0a","name":"Chelso","image":{"@type":"ImageObject","inLanguage":"pt-BR","@id":"https:\/\/chelso.com.br\/site\/wp-content\/uploads\/2025\/04\/Perfil20192-150x149.png","url":"https:\/\/chelso.com.br\/site\/wp-content\/uploads\/2025\/04\/Perfil20192-150x149.png","contentUrl":"https:\/\/chelso.com.br\/site\/wp-content\/uploads\/2025\/04\/Perfil20192-150x149.png","caption":"Chelso"},"sameAs":["http:\/\/www.chelso.com.br"],"url":"https:\/\/chelso.com.br\/site\/author\/maryblog\/"}]}},"amp_enabled":true,"_links":{"self":[{"href":"https:\/\/chelso.com.br\/site\/wp-json\/wp\/v2\/posts\/18495","targetHints":{"allow":["GET"]}}],"collection":[{"href":"https:\/\/chelso.com.br\/site\/wp-json\/wp\/v2\/posts"}],"about":[{"href":"https:\/\/chelso.com.br\/site\/wp-json\/wp\/v2\/types\/post"}],"author":[{"embeddable":true,"href":"https:\/\/chelso.com.br\/site\/wp-json\/wp\/v2\/users\/21"}],"replies":[{"embeddable":true,"href":"https:\/\/chelso.com.br\/site\/wp-json\/wp\/v2\/comments?post=18495"}],"version-history":[{"count":2,"href":"https:\/\/chelso.com.br\/site\/wp-json\/wp\/v2\/posts\/18495\/revisions"}],"predecessor-version":[{"id":18498,"href":"https:\/\/chelso.com.br\/site\/wp-json\/wp\/v2\/posts\/18495\/revisions\/18498"}],"wp:featuredmedia":[{"embeddable":true,"href":"https:\/\/chelso.com.br\/site\/wp-json\/wp\/v2\/media\/18496"}],"wp:attachment":[{"href":"https:\/\/chelso.com.br\/site\/wp-json\/wp\/v2\/media?parent=18495"}],"wp:term":[{"taxonomy":"category","embeddable":true,"href":"https:\/\/chelso.com.br\/site\/wp-json\/wp\/v2\/categories?post=18495"},{"taxonomy":"post_tag","embeddable":true,"href":"https:\/\/chelso.com.br\/site\/wp-json\/wp\/v2\/tags?post=18495"}],"curies":[{"name":"wp","href":"https:\/\/api.w.org\/{rel}","templated":true}]}}