{"id":18499,"date":"2023-11-07T09:19:33","date_gmt":"2023-11-07T12:19:33","guid":{"rendered":"https:\/\/chelso.com.br\/site\/?p=18499"},"modified":"2023-11-07T09:26:35","modified_gmt":"2023-11-07T12:26:35","slug":"renault-andreta-patrocina-corrida-do-alvinegro","status":"publish","type":"post","link":"https:\/\/chelso.com.br\/site\/renault-andreta-patrocina-corrida-do-alvinegro\/","title":{"rendered":"Renault Andreta patrocina Corrida do Alvinegro"},"content":{"rendered":"<p><span style=\"font-weight: 400;\"><strong>Renault Andreta patrocina Corrida do Alvinegro<\/strong>! <\/span>Neste domingo, dia 12, acontece a Corrida do Alvinegro em Piracicaba! Um dos maiores eventos esportivos do interior paulista, que reunir\u00e1 mais de 4.000 atletas para celebrar duas grandes paix\u00f5es dos piracicabanos: o XV de Piracicaba e a corrida. E para abrilhantar ainda mais essa grande festa, contaremos com importantes parceiros.<\/p>\n<p>A Renault Andreta confirmou sua participa\u00e7\u00e3o como patrocinadora do evento! O carro madrinha da prova ser\u00e1 o Renault Duster, que acompanhar\u00e1 os atletas durante a largada dos 15 km. O Grupo Renault Andreta est\u00e1 presente no mercado desde 2006, oferecendo produtos e servi\u00e7os que garantem a satisfa\u00e7\u00e3o de seus clientes, sempre mantendo os mais elevados padr\u00f5es de qualidade.<\/p>\n<p><a href=\"https:\/\/chelso.com.br\/site\/provas-presenciais\/\">Saiba mais sobre o nosso calend\u00e1rio de provas presenciais.<\/a><\/p>\n<blockquote class=\"instagram-media\" style=\"background: #FFF; border: 0; border-radius: 3px; box-shadow: 0 0 1px 0 rgba(0,0,0,0.5),0 1px 10px 0 rgba(0,0,0,0.15); margin: 1px; max-width: 540px; min-width: 326px; padding: 0; width: calc(100% - 2px);\" data-instgrm-captioned=\"\" data-instgrm-permalink=\"https:\/\/www.instagram.com\/reel\/CzUUUZEv9sM\/?utm_source=ig_embed&amp;utm_campaign=loading\" data-instgrm-version=\"14\">\n<div style=\"padding: 16px;\">\n<p>&nbsp;<\/p>\n<div style=\"display: flex; flex-direction: row; align-items: center;\">\n<div style=\"background-color: #f4f4f4; border-radius: 50%; flex-grow: 0; height: 40px; margin-right: 14px; width: 40px;\"><\/div>\n<div style=\"display: flex; flex-direction: column; flex-grow: 1; justify-content: center;\">\n<div style=\"background-color: #f4f4f4; border-radius: 4px; flex-grow: 0; height: 14px; margin-bottom: 6px; width: 100px;\"><\/div>\n<div style=\"background-color: #f4f4f4; border-radius: 4px; flex-grow: 0; height: 14px; width: 60px;\"><\/div>\n<\/div>\n<\/div>\n<div style=\"padding: 19% 0;\"><\/div>\n<div style=\"display: block; height: 50px; margin: 0 auto 12px; width: 50px;\"><\/div>\n<div style=\"padding-top: 8px;\">\n<div style=\"color: #3897f0; font-family: Arial,sans-serif; font-size: 14px; font-style: normal; font-weight: 550; line-height: 18px;\">Ver essa foto no Instagram<\/div>\n<\/div>\n<div style=\"padding: 12.5% 0;\"><\/div>\n<div style=\"display: flex; flex-direction: row; margin-bottom: 14px; align-items: center;\">\n<div>\n<div style=\"background-color: #f4f4f4; border-radius: 50%; height: 12.5px; width: 12.5px; transform: translateX(0px) translateY(7px);\"><\/div>\n<div style=\"background-color: #f4f4f4; height: 12.5px; transform: rotate(-45deg) translateX(3px) translateY(1px); width: 12.5px; flex-grow: 0; margin-right: 14px; margin-left: 2px;\"><\/div>\n<div style=\"background-color: #f4f4f4; border-radius: 50%; height: 12.5px; width: 12.5px; transform: translateX(9px) translateY(-18px);\"><\/div>\n<\/div>\n<div style=\"margin-left: 8px;\">\n<div style=\"background-color: #f4f4f4; border-radius: 50%; flex-grow: 0; height: 20px; width: 20px;\"><\/div>\n<div style=\"width: 0; height: 0; border-top: 2px solid transparent; border-left: 6px solid #f4f4f4; border-bottom: 2px solid transparent; transform: translateX(16px) translateY(-4px) rotate(30deg);\"><\/div>\n<\/div>\n<div style=\"margin-left: auto;\">\n<div style=\"width: 0px; border-top: 8px solid #F4F4F4; border-right: 8px solid transparent; transform: translateY(16px);\"><\/div>\n<div style=\"background-color: #f4f4f4; flex-grow: 0; height: 12px; width: 16px; transform: translateY(-4px);\"><\/div>\n<div style=\"width: 0; height: 0; border-top: 8px solid #F4F4F4; border-left: 8px solid transparent; transform: translateY(-4px) translateX(8px);\"><\/div>\n<\/div>\n<\/div>\n<div style=\"display: flex; flex-direction: column; flex-grow: 1; justify-content: center; margin-bottom: 24px;\">\n<div style=\"background-color: #f4f4f4; border-radius: 4px; flex-grow: 0; height: 14px; margin-bottom: 6px; width: 224px;\"><\/div>\n<div style=\"background-color: #f4f4f4; border-radius: 4px; flex-grow: 0; height: 14px; width: 144px;\"><\/div>\n<\/div>\n<p>&nbsp;<\/p>\n<p style=\"color: #c9c8cd; font-family: Arial,sans-serif; font-size: 14px; line-height: 17px; margin-bottom: 0; margin-top: 8px; overflow: hidden; padding: 8px 0 7px; text-align: center; text-overflow: ellipsis; white-space: nowrap;\"><a style=\"color: #c9c8cd; font-family: Arial,sans-serif; font-size: 14px; font-style: normal; font-weight: normal; line-height: 17px; text-decoration: none;\" href=\"https:\/\/www.instagram.com\/reel\/CzUUUZEv9sM\/?utm_source=ig_embed&amp;utm_campaign=loading\" target=\"_blank\" rel=\"noopener\">Uma publica\u00e7\u00e3o compartilhada por Chelso Sports \u2022 Corrida de Rua (@chelsosports)<\/a><\/p>\n<\/div>\n<\/blockquote>\n<p><script async src=\"\/\/www.instagram.com\/embed.js\"><\/script><\/p>\n<h2><strong>Renault Andreta patrocina Corrida do Alvinegro<\/strong><\/h2>\n<p><span style=\"font-weight: 400;\">Inclusive, al\u00e9m da parceria no dia da prova, a Renault Andreta ser\u00e1 o ponto de encontro dos atletas para a entrega de kits. A retirada ocorrer\u00e1 em diferentes dias e hor\u00e1rios, para garantir a comodidade de todos os participantes.\u00a0<\/span><\/p>\n<ul>\n<li><span style=\"font-weight: 400;\">Data: 09\/11 (Quinta-Feira) &#8211; <\/span><span style=\"font-weight: 400;\">Hor\u00e1rio: Das 13h \u00e0s 18h<\/span><\/li>\n<li>Data: 10\/11 (Sexta-feira) &#8211; Hor\u00e1rio: Das 10h \u00e0s 18h<\/li>\n<li>Data: 11\/11 (S\u00e1bado) &#8211; Hor\u00e1rio: Das 10h \u00e0s 15h<\/li>\n<\/ul>\n<p><span style=\"font-weight: 400;\">Endere\u00e7o: Rodovia SP 135 (Piracicaba-Tupi), Km 21,5, no bairro Sert\u00e3ozinho, em Piracicaba.\u00a0<\/span><\/p>\n<p><span style=\"font-weight: 400;\">\u00c9 fundamental comparecer dentro dos hor\u00e1rios estabelecidos para retirar o seu kit. Lembre-se de levar um documento de identifica\u00e7\u00e3o com foto e o comprovante de pagamento da inscri\u00e7\u00e3o.<\/span><\/p>\n<blockquote class=\"instagram-media\" style=\"background: #FFF; border: 0; border-radius: 3px; box-shadow: 0 0 1px 0 rgba(0,0,0,0.5),0 1px 10px 0 rgba(0,0,0,0.15); margin: 1px; max-width: 540px; min-width: 326px; padding: 0; width: calc(100% - 2px);\" data-instgrm-captioned=\"\" data-instgrm-permalink=\"https:\/\/www.instagram.com\/p\/CzUAcZsNnUj\/?utm_source=ig_embed&amp;utm_campaign=loading\" data-instgrm-version=\"14\">\n<div style=\"padding: 16px;\">\n<p>&nbsp;<\/p>\n<div style=\"display: flex; flex-direction: row; align-items: center;\">\n<div style=\"background-color: #f4f4f4; border-radius: 50%; flex-grow: 0; height: 40px; margin-right: 14px; width: 40px;\"><\/div>\n<div style=\"display: flex; flex-direction: column; flex-grow: 1; justify-content: center;\">\n<div style=\"background-color: #f4f4f4; border-radius: 4px; flex-grow: 0; height: 14px; margin-bottom: 6px; width: 100px;\"><\/div>\n<div style=\"background-color: #f4f4f4; border-radius: 4px; flex-grow: 0; height: 14px; width: 60px;\"><\/div>\n<\/div>\n<\/div>\n<div style=\"padding: 19% 0;\"><\/div>\n<div style=\"display: block; height: 50px; margin: 0 auto 12px; width: 50px;\"><\/div>\n<div style=\"padding-top: 8px;\">\n<div style=\"color: #3897f0; font-family: Arial,sans-serif; font-size: 14px; font-style: normal; font-weight: 550; line-height: 18px;\">Ver essa foto no Instagram<\/div>\n<\/div>\n<div style=\"padding: 12.5% 0;\"><\/div>\n<div style=\"display: flex; flex-direction: row; margin-bottom: 14px; align-items: center;\">\n<div>\n<div style=\"background-color: #f4f4f4; border-radius: 50%; height: 12.5px; width: 12.5px; transform: translateX(0px) translateY(7px);\"><\/div>\n<div style=\"background-color: #f4f4f4; height: 12.5px; transform: rotate(-45deg) translateX(3px) translateY(1px); width: 12.5px; flex-grow: 0; margin-right: 14px; margin-left: 2px;\"><\/div>\n<div style=\"background-color: #f4f4f4; border-radius: 50%; height: 12.5px; width: 12.5px; transform: translateX(9px) translateY(-18px);\"><\/div>\n<\/div>\n<div style=\"margin-left: 8px;\">\n<div style=\"background-color: #f4f4f4; border-radius: 50%; flex-grow: 0; height: 20px; width: 20px;\"><\/div>\n<div style=\"width: 0; height: 0; border-top: 2px solid transparent; border-left: 6px solid #f4f4f4; border-bottom: 2px solid transparent; transform: translateX(16px) translateY(-4px) rotate(30deg);\"><\/div>\n<\/div>\n<div style=\"margin-left: auto;\">\n<div style=\"width: 0px; border-top: 8px solid #F4F4F4; border-right: 8px solid transparent; transform: translateY(16px);\"><\/div>\n<div style=\"background-color: #f4f4f4; flex-grow: 0; height: 12px; width: 16px; transform: translateY(-4px);\"><\/div>\n<div style=\"width: 0; height: 0; border-top: 8px solid #F4F4F4; border-left: 8px solid transparent; transform: translateY(-4px) translateX(8px);\"><\/div>\n<\/div>\n<\/div>\n<div style=\"display: flex; flex-direction: column; flex-grow: 1; justify-content: center; margin-bottom: 24px;\">\n<div style=\"background-color: #f4f4f4; border-radius: 4px; flex-grow: 0; height: 14px; margin-bottom: 6px; width: 224px;\"><\/div>\n<div style=\"background-color: #f4f4f4; border-radius: 4px; flex-grow: 0; height: 14px; width: 144px;\"><\/div>\n<\/div>\n<p>&nbsp;<\/p>\n<p style=\"color: #c9c8cd; font-family: Arial,sans-serif; font-size: 14px; line-height: 17px; margin-bottom: 0; margin-top: 8px; overflow: hidden; padding: 8px 0 7px; text-align: center; text-overflow: ellipsis; white-space: nowrap;\"><a style=\"color: #c9c8cd; font-family: Arial,sans-serif; font-size: 14px; font-style: normal; font-weight: normal; line-height: 17px; text-decoration: none;\" href=\"https:\/\/www.instagram.com\/p\/CzUAcZsNnUj\/?utm_source=ig_embed&amp;utm_campaign=loading\" target=\"_blank\" rel=\"noopener\">Uma publica\u00e7\u00e3o compartilhada por Chelso Sports \u2022 Corrida de Rua (@chelsosports)<\/a><\/p>\n<\/div>\n<\/blockquote>\n<p><script async src=\"\/\/www.instagram.com\/embed.js\"><\/script><\/p>\n<h4><strong>Mais de 4.000 corredores!<\/strong><\/h4>\n<p><span style=\"font-weight: 400;\">Com largada e chegada no Est\u00e1dio Bar\u00e3o de Serra Negra, lar do XV de Piracicaba, a Corrida do Alvinegro oferece percursos de 5 km, 10 km e 15 km. A edi\u00e7\u00e3o deste ano tem tudo para ser hist\u00f3rica. Mais de 4.000 atletas s\u00e3o esperados no evento esportivo. As inscri\u00e7\u00f5es est\u00e3o na reta final e podem ser adquiridas <\/span><a href=\"https:\/\/site.ticketsports.com.br\/Inscricao\/categoria.aspx?__idEvento=36846&amp;lang=pt-BR#\"><span style=\"font-weight: 400;\">aqui<\/span><\/a><span style=\"font-weight: 400;\">! Os kits da prova partem dos mais simples at\u00e9 os mais completos, caso do Premium, com Medalha Finisher, Camiseta, \u00d3culos de Sol Yopp do XV, al\u00e9m de toda estrutura oferecida pela Chelso Sports.<\/span><\/p>\n<p><span style=\"font-weight: 400;\">Os percursos j\u00e1 foram divulgados pela Chelso Sports, e est\u00e3o dispon\u00edveis no site \u2013<\/span><a href=\"https:\/\/chelso.com.br\/site\/a-corrida-do-alvinegro\/\"><span style=\"font-weight: 400;\"> https:\/\/chelso.com.br\/site\/a-corrida-do-alvinegro\/<\/span><\/a><\/p>\n<p><iframe  id=\"_ytid_84902\"  width=\"788\" height=\"443\"  data-origwidth=\"788\" data-origheight=\"443\" src=\"https:\/\/www.youtube.com\/embed\/-f0OCK8etGM?enablejsapi=1&#038;autoplay=0&#038;cc_load_policy=0&#038;cc_lang_pref=&#038;iv_load_policy=1&#038;loop=0&#038;rel=1&#038;fs=1&#038;playsinline=0&#038;autohide=2&#038;theme=dark&#038;color=red&#038;controls=1&#038;disablekb=0&#038;\" class=\"__youtube_prefs__  epyt-is-override  no-lazyload\" title=\"YouTube player\"  allow=\"fullscreen; accelerometer; autoplay; clipboard-write; encrypted-media; gyroscope; picture-in-picture; web-share\" referrerpolicy=\"strict-origin-when-cross-origin\" allowfullscreen data-no-lazy=\"1\" data-skipgform_ajax_framebjll=\"\"><\/iframe><\/p>\n<h3><b>Siga a Chelso<\/b><\/h3>\n<p>A Chelso Sports est\u00e1 presente no\u00a0<a href=\"https:\/\/www.youtube.com\/@ChelsoSports\">YouTube<\/a>! Por isso, convidamos voc\u00ea a se inscrever em nosso canal, deixar seus coment\u00e1rios e ficar por dentro de todas as novidades do mundo dos esportes. Ultrapassamos a marca de 4 mil inscritos e, como nossa nova meta \u00e9 chegar aos 5 mil, n\u00e3o deixe de acompanhar nossos v\u00eddeos exclusivos.<\/p>\n<p>Al\u00e9m disso, n\u00e3o para por a\u00ed! Se voc\u00ea quer ter acesso a todas as informa\u00e7\u00f5es sobre nosso calend\u00e1rio de provas e dicas de treinamento, \u00e9 s\u00f3 seguir a Chelso Sports no\u00a0<a href=\"https:\/\/www.instagram.com\/chelsosports\/\">Instagram<\/a>. Fique por dentro de curiosidades e novidades sobre os esportes outdoor. Ent\u00e3o, n\u00e3o perca tempo e nos acompanhe agora mesmo nas redes sociais!<\/p>\n","protected":false},"excerpt":{"rendered":"<p>Renault Andreta patrocina Corrida do Alvinegro! Neste domingo, dia 12, acontece a Corrida do Alvinegro em Piracicaba! Um dos maiores eventos esportivos do interior paulista, que reunir\u00e1 mais de 4.000 atletas para celebrar duas grandes paix\u00f5es dos piracicabanos: o XV de Piracicaba e a corrida. E para abrilhantar ainda mais essa grande festa, contaremos com<\/p>\n","protected":false},"author":21,"featured_media":18500,"comment_status":"open","ping_status":"closed","sticky":false,"template":"","format":"standard","meta":{"om_disable_all_campaigns":false,"_monsterinsights_skip_tracking":false,"_monsterinsights_sitenote_active":false,"_monsterinsights_sitenote_note":"","_monsterinsights_sitenote_category":0,"footnotes":""},"categories":[135,56,30],"tags":[804,929,803,41,1535,3574,3575,1534],"class_list":{"0":"post-18499","1":"post","2":"type-post","3":"status-publish","4":"format-standard","5":"has-post-thumbnail","7":"category-business","8":"category-eventos","9":"category-noticias","10":"tag-10k","11":"tag-15k","12":"tag-5k","13":"tag-chelso-sports","14":"tag-corrida-do-alvinegro","15":"tag-renault","16":"tag-renault-andreta","17":"tag-xv-de-piracicaba"},"aioseo_notices":[],"yoast_head":"<!-- This site is optimized with the Yoast SEO plugin v27.5 - https:\/\/yoast.com\/product\/yoast-seo-wordpress\/ -->\n<title>Renault Andreta patrocina Corrida do Alvinegro - Portal Chelso Sports<\/title>\n<meta name=\"description\" content=\"Renault Andreta patrocina Corrida do Alvinegro! O carro madrinha da prova ser\u00e1 o Renault Duster, que vai acompanhar os atletas na largada.\" \/>\n<meta name=\"robots\" content=\"index, follow, max-snippet:-1, max-image-preview:large, max-video-preview:-1\" \/>\n<link rel=\"canonical\" href=\"https:\/\/chelso.com.br\/site\/renault-andreta-patrocina-corrida-do-alvinegro\/\" \/>\n<meta property=\"og:locale\" content=\"pt_BR\" \/>\n<meta property=\"og:type\" content=\"article\" \/>\n<meta property=\"og:title\" content=\"Renault Andreta patrocina Corrida do Alvinegro - Portal Chelso Sports\" \/>\n<meta property=\"og:description\" content=\"Renault Andreta patrocina Corrida do Alvinegro! O carro madrinha da prova ser\u00e1 o Renault Duster, que vai acompanhar os atletas na largada.\" \/>\n<meta property=\"og:url\" content=\"https:\/\/chelso.com.br\/site\/renault-andreta-patrocina-corrida-do-alvinegro\/\" \/>\n<meta property=\"og:site_name\" content=\"Portal Chelso Sports\" \/>\n<meta property=\"article:published_time\" content=\"2023-11-07T12:19:33+00:00\" \/>\n<meta property=\"article:modified_time\" content=\"2023-11-07T12:26:35+00:00\" \/>\n<meta property=\"og:image\" content=\"https:\/\/chelso.com.br\/site\/wp-content\/uploads\/2023\/11\/WhatsApp-Image-2023-11-07-at-09.04.35.jpeg\" \/>\n\t<meta property=\"og:image:width\" content=\"1600\" \/>\n\t<meta property=\"og:image:height\" content=\"900\" \/>\n\t<meta property=\"og:image:type\" content=\"image\/jpeg\" \/>\n<meta name=\"author\" content=\"Chelso\" \/>\n<meta name=\"twitter:card\" content=\"summary_large_image\" \/>\n<meta name=\"twitter:label1\" content=\"Escrito por\" \/>\n\t<meta name=\"twitter:data1\" content=\"Chelso\" \/>\n\t<meta name=\"twitter:label2\" content=\"Est. tempo de leitura\" \/>\n\t<meta name=\"twitter:data2\" content=\"3 minutos\" \/>\n<script type=\"application\/ld+json\" class=\"yoast-schema-graph\">{\"@context\":\"https:\\\/\\\/schema.org\",\"@graph\":[{\"@type\":\"Article\",\"@id\":\"https:\\\/\\\/chelso.com.br\\\/site\\\/renault-andreta-patrocina-corrida-do-alvinegro\\\/#article\",\"isPartOf\":{\"@id\":\"https:\\\/\\\/chelso.com.br\\\/site\\\/renault-andreta-patrocina-corrida-do-alvinegro\\\/\"},\"author\":{\"name\":\"Chelso\",\"@id\":\"https:\\\/\\\/chelso.com.br\\\/site\\\/#\\\/schema\\\/person\\\/06bf484f0ccbb71d4fd2128d594e1d0a\"},\"headline\":\"Renault Andreta patrocina Corrida do Alvinegro\",\"datePublished\":\"2023-11-07T12:19:33+00:00\",\"dateModified\":\"2023-11-07T12:26:35+00:00\",\"mainEntityOfPage\":{\"@id\":\"https:\\\/\\\/chelso.com.br\\\/site\\\/renault-andreta-patrocina-corrida-do-alvinegro\\\/\"},\"wordCount\":532,\"commentCount\":0,\"image\":{\"@id\":\"https:\\\/\\\/chelso.com.br\\\/site\\\/renault-andreta-patrocina-corrida-do-alvinegro\\\/#primaryimage\"},\"thumbnailUrl\":\"https:\\\/\\\/chelso.com.br\\\/site\\\/wp-content\\\/uploads\\\/2023\\\/11\\\/WhatsApp-Image-2023-11-07-at-09.04.35.jpeg\",\"keywords\":[\"10k\",\"15k\",\"5k\",\"chelso sports\",\"Corrida do Alvinegro\",\"Renault\",\"Renault Andreta\",\"XV de Piracicaba\"],\"articleSection\":[\"Business\",\"Eventos\",\"Not\u00edcias\"],\"inLanguage\":\"pt-BR\",\"potentialAction\":[{\"@type\":\"CommentAction\",\"name\":\"Comment\",\"target\":[\"https:\\\/\\\/chelso.com.br\\\/site\\\/renault-andreta-patrocina-corrida-do-alvinegro\\\/#respond\"]}]},{\"@type\":\"WebPage\",\"@id\":\"https:\\\/\\\/chelso.com.br\\\/site\\\/renault-andreta-patrocina-corrida-do-alvinegro\\\/\",\"url\":\"https:\\\/\\\/chelso.com.br\\\/site\\\/renault-andreta-patrocina-corrida-do-alvinegro\\\/\",\"name\":\"Renault Andreta patrocina Corrida do Alvinegro - Portal Chelso Sports\",\"isPartOf\":{\"@id\":\"https:\\\/\\\/chelso.com.br\\\/site\\\/#website\"},\"primaryImageOfPage\":{\"@id\":\"https:\\\/\\\/chelso.com.br\\\/site\\\/renault-andreta-patrocina-corrida-do-alvinegro\\\/#primaryimage\"},\"image\":{\"@id\":\"https:\\\/\\\/chelso.com.br\\\/site\\\/renault-andreta-patrocina-corrida-do-alvinegro\\\/#primaryimage\"},\"thumbnailUrl\":\"https:\\\/\\\/chelso.com.br\\\/site\\\/wp-content\\\/uploads\\\/2023\\\/11\\\/WhatsApp-Image-2023-11-07-at-09.04.35.jpeg\",\"datePublished\":\"2023-11-07T12:19:33+00:00\",\"dateModified\":\"2023-11-07T12:26:35+00:00\",\"author\":{\"@id\":\"https:\\\/\\\/chelso.com.br\\\/site\\\/#\\\/schema\\\/person\\\/06bf484f0ccbb71d4fd2128d594e1d0a\"},\"description\":\"Renault Andreta patrocina Corrida do Alvinegro! O carro madrinha da prova ser\u00e1 o Renault Duster, que vai acompanhar os atletas na largada.\",\"breadcrumb\":{\"@id\":\"https:\\\/\\\/chelso.com.br\\\/site\\\/renault-andreta-patrocina-corrida-do-alvinegro\\\/#breadcrumb\"},\"inLanguage\":\"pt-BR\",\"potentialAction\":[{\"@type\":\"ReadAction\",\"target\":[\"https:\\\/\\\/chelso.com.br\\\/site\\\/renault-andreta-patrocina-corrida-do-alvinegro\\\/\"]}]},{\"@type\":\"ImageObject\",\"inLanguage\":\"pt-BR\",\"@id\":\"https:\\\/\\\/chelso.com.br\\\/site\\\/renault-andreta-patrocina-corrida-do-alvinegro\\\/#primaryimage\",\"url\":\"https:\\\/\\\/chelso.com.br\\\/site\\\/wp-content\\\/uploads\\\/2023\\\/11\\\/WhatsApp-Image-2023-11-07-at-09.04.35.jpeg\",\"contentUrl\":\"https:\\\/\\\/chelso.com.br\\\/site\\\/wp-content\\\/uploads\\\/2023\\\/11\\\/WhatsApp-Image-2023-11-07-at-09.04.35.jpeg\",\"width\":1600,\"height\":900,\"caption\":\"Renault Andreta patrocina Corrida do Alvinegro\"},{\"@type\":\"BreadcrumbList\",\"@id\":\"https:\\\/\\\/chelso.com.br\\\/site\\\/renault-andreta-patrocina-corrida-do-alvinegro\\\/#breadcrumb\",\"itemListElement\":[{\"@type\":\"ListItem\",\"position\":1,\"name\":\"In\u00edcio\",\"item\":\"https:\\\/\\\/chelso.com.br\\\/site\\\/\"},{\"@type\":\"ListItem\",\"position\":2,\"name\":\"Renault Andreta patrocina Corrida do Alvinegro\"}]},{\"@type\":\"WebSite\",\"@id\":\"https:\\\/\\\/chelso.com.br\\\/site\\\/#website\",\"url\":\"https:\\\/\\\/chelso.com.br\\\/site\\\/\",\"name\":\"Portal Chelso Sports\",\"description\":\"Conte\u00fado especializado em corrida de rua e triathlon\",\"potentialAction\":[{\"@type\":\"SearchAction\",\"target\":{\"@type\":\"EntryPoint\",\"urlTemplate\":\"https:\\\/\\\/chelso.com.br\\\/site\\\/?s={search_term_string}\"},\"query-input\":{\"@type\":\"PropertyValueSpecification\",\"valueRequired\":true,\"valueName\":\"search_term_string\"}}],\"inLanguage\":\"pt-BR\"},{\"@type\":\"Person\",\"@id\":\"https:\\\/\\\/chelso.com.br\\\/site\\\/#\\\/schema\\\/person\\\/06bf484f0ccbb71d4fd2128d594e1d0a\",\"name\":\"Chelso\",\"image\":{\"@type\":\"ImageObject\",\"inLanguage\":\"pt-BR\",\"@id\":\"https:\\\/\\\/chelso.com.br\\\/site\\\/wp-content\\\/uploads\\\/2025\\\/04\\\/Perfil20192-150x149.png\",\"url\":\"https:\\\/\\\/chelso.com.br\\\/site\\\/wp-content\\\/uploads\\\/2025\\\/04\\\/Perfil20192-150x149.png\",\"contentUrl\":\"https:\\\/\\\/chelso.com.br\\\/site\\\/wp-content\\\/uploads\\\/2025\\\/04\\\/Perfil20192-150x149.png\",\"caption\":\"Chelso\"},\"sameAs\":[\"http:\\\/\\\/www.chelso.com.br\"],\"url\":\"https:\\\/\\\/chelso.com.br\\\/site\\\/author\\\/maryblog\\\/\"}]}<\/script>\n<!-- \/ Yoast SEO plugin. -->","yoast_head_json":{"title":"Renault Andreta patrocina Corrida do Alvinegro - Portal Chelso Sports","description":"Renault Andreta patrocina Corrida do Alvinegro! O carro madrinha da prova ser\u00e1 o Renault Duster, que vai acompanhar os atletas na largada.","robots":{"index":"index","follow":"follow","max-snippet":"max-snippet:-1","max-image-preview":"max-image-preview:large","max-video-preview":"max-video-preview:-1"},"canonical":"https:\/\/chelso.com.br\/site\/renault-andreta-patrocina-corrida-do-alvinegro\/","og_locale":"pt_BR","og_type":"article","og_title":"Renault Andreta patrocina Corrida do Alvinegro - Portal Chelso Sports","og_description":"Renault Andreta patrocina Corrida do Alvinegro! O carro madrinha da prova ser\u00e1 o Renault Duster, que vai acompanhar os atletas na largada.","og_url":"https:\/\/chelso.com.br\/site\/renault-andreta-patrocina-corrida-do-alvinegro\/","og_site_name":"Portal Chelso Sports","article_published_time":"2023-11-07T12:19:33+00:00","article_modified_time":"2023-11-07T12:26:35+00:00","og_image":[{"width":1600,"height":900,"url":"https:\/\/chelso.com.br\/site\/wp-content\/uploads\/2023\/11\/WhatsApp-Image-2023-11-07-at-09.04.35.jpeg","type":"image\/jpeg"}],"author":"Chelso","twitter_card":"summary_large_image","twitter_misc":{"Escrito por":"Chelso","Est. tempo de leitura":"3 minutos"},"schema":{"@context":"https:\/\/schema.org","@graph":[{"@type":"Article","@id":"https:\/\/chelso.com.br\/site\/renault-andreta-patrocina-corrida-do-alvinegro\/#article","isPartOf":{"@id":"https:\/\/chelso.com.br\/site\/renault-andreta-patrocina-corrida-do-alvinegro\/"},"author":{"name":"Chelso","@id":"https:\/\/chelso.com.br\/site\/#\/schema\/person\/06bf484f0ccbb71d4fd2128d594e1d0a"},"headline":"Renault Andreta patrocina Corrida do Alvinegro","datePublished":"2023-11-07T12:19:33+00:00","dateModified":"2023-11-07T12:26:35+00:00","mainEntityOfPage":{"@id":"https:\/\/chelso.com.br\/site\/renault-andreta-patrocina-corrida-do-alvinegro\/"},"wordCount":532,"commentCount":0,"image":{"@id":"https:\/\/chelso.com.br\/site\/renault-andreta-patrocina-corrida-do-alvinegro\/#primaryimage"},"thumbnailUrl":"https:\/\/chelso.com.br\/site\/wp-content\/uploads\/2023\/11\/WhatsApp-Image-2023-11-07-at-09.04.35.jpeg","keywords":["10k","15k","5k","chelso sports","Corrida do Alvinegro","Renault","Renault Andreta","XV de Piracicaba"],"articleSection":["Business","Eventos","Not\u00edcias"],"inLanguage":"pt-BR","potentialAction":[{"@type":"CommentAction","name":"Comment","target":["https:\/\/chelso.com.br\/site\/renault-andreta-patrocina-corrida-do-alvinegro\/#respond"]}]},{"@type":"WebPage","@id":"https:\/\/chelso.com.br\/site\/renault-andreta-patrocina-corrida-do-alvinegro\/","url":"https:\/\/chelso.com.br\/site\/renault-andreta-patrocina-corrida-do-alvinegro\/","name":"Renault Andreta patrocina Corrida do Alvinegro - Portal Chelso Sports","isPartOf":{"@id":"https:\/\/chelso.com.br\/site\/#website"},"primaryImageOfPage":{"@id":"https:\/\/chelso.com.br\/site\/renault-andreta-patrocina-corrida-do-alvinegro\/#primaryimage"},"image":{"@id":"https:\/\/chelso.com.br\/site\/renault-andreta-patrocina-corrida-do-alvinegro\/#primaryimage"},"thumbnailUrl":"https:\/\/chelso.com.br\/site\/wp-content\/uploads\/2023\/11\/WhatsApp-Image-2023-11-07-at-09.04.35.jpeg","datePublished":"2023-11-07T12:19:33+00:00","dateModified":"2023-11-07T12:26:35+00:00","author":{"@id":"https:\/\/chelso.com.br\/site\/#\/schema\/person\/06bf484f0ccbb71d4fd2128d594e1d0a"},"description":"Renault Andreta patrocina Corrida do Alvinegro! O carro madrinha da prova ser\u00e1 o Renault Duster, que vai acompanhar os atletas na largada.","breadcrumb":{"@id":"https:\/\/chelso.com.br\/site\/renault-andreta-patrocina-corrida-do-alvinegro\/#breadcrumb"},"inLanguage":"pt-BR","potentialAction":[{"@type":"ReadAction","target":["https:\/\/chelso.com.br\/site\/renault-andreta-patrocina-corrida-do-alvinegro\/"]}]},{"@type":"ImageObject","inLanguage":"pt-BR","@id":"https:\/\/chelso.com.br\/site\/renault-andreta-patrocina-corrida-do-alvinegro\/#primaryimage","url":"https:\/\/chelso.com.br\/site\/wp-content\/uploads\/2023\/11\/WhatsApp-Image-2023-11-07-at-09.04.35.jpeg","contentUrl":"https:\/\/chelso.com.br\/site\/wp-content\/uploads\/2023\/11\/WhatsApp-Image-2023-11-07-at-09.04.35.jpeg","width":1600,"height":900,"caption":"Renault Andreta patrocina Corrida do Alvinegro"},{"@type":"BreadcrumbList","@id":"https:\/\/chelso.com.br\/site\/renault-andreta-patrocina-corrida-do-alvinegro\/#breadcrumb","itemListElement":[{"@type":"ListItem","position":1,"name":"In\u00edcio","item":"https:\/\/chelso.com.br\/site\/"},{"@type":"ListItem","position":2,"name":"Renault Andreta patrocina Corrida do Alvinegro"}]},{"@type":"WebSite","@id":"https:\/\/chelso.com.br\/site\/#website","url":"https:\/\/chelso.com.br\/site\/","name":"Portal Chelso Sports","description":"Conte\u00fado especializado em corrida de rua e triathlon","potentialAction":[{"@type":"SearchAction","target":{"@type":"EntryPoint","urlTemplate":"https:\/\/chelso.com.br\/site\/?s={search_term_string}"},"query-input":{"@type":"PropertyValueSpecification","valueRequired":true,"valueName":"search_term_string"}}],"inLanguage":"pt-BR"},{"@type":"Person","@id":"https:\/\/chelso.com.br\/site\/#\/schema\/person\/06bf484f0ccbb71d4fd2128d594e1d0a","name":"Chelso","image":{"@type":"ImageObject","inLanguage":"pt-BR","@id":"https:\/\/chelso.com.br\/site\/wp-content\/uploads\/2025\/04\/Perfil20192-150x149.png","url":"https:\/\/chelso.com.br\/site\/wp-content\/uploads\/2025\/04\/Perfil20192-150x149.png","contentUrl":"https:\/\/chelso.com.br\/site\/wp-content\/uploads\/2025\/04\/Perfil20192-150x149.png","caption":"Chelso"},"sameAs":["http:\/\/www.chelso.com.br"],"url":"https:\/\/chelso.com.br\/site\/author\/maryblog\/"}]}},"amp_enabled":true,"_links":{"self":[{"href":"https:\/\/chelso.com.br\/site\/wp-json\/wp\/v2\/posts\/18499","targetHints":{"allow":["GET"]}}],"collection":[{"href":"https:\/\/chelso.com.br\/site\/wp-json\/wp\/v2\/posts"}],"about":[{"href":"https:\/\/chelso.com.br\/site\/wp-json\/wp\/v2\/types\/post"}],"author":[{"embeddable":true,"href":"https:\/\/chelso.com.br\/site\/wp-json\/wp\/v2\/users\/21"}],"replies":[{"embeddable":true,"href":"https:\/\/chelso.com.br\/site\/wp-json\/wp\/v2\/comments?post=18499"}],"version-history":[{"count":3,"href":"https:\/\/chelso.com.br\/site\/wp-json\/wp\/v2\/posts\/18499\/revisions"}],"predecessor-version":[{"id":18503,"href":"https:\/\/chelso.com.br\/site\/wp-json\/wp\/v2\/posts\/18499\/revisions\/18503"}],"wp:featuredmedia":[{"embeddable":true,"href":"https:\/\/chelso.com.br\/site\/wp-json\/wp\/v2\/media\/18500"}],"wp:attachment":[{"href":"https:\/\/chelso.com.br\/site\/wp-json\/wp\/v2\/media?parent=18499"}],"wp:term":[{"taxonomy":"category","embeddable":true,"href":"https:\/\/chelso.com.br\/site\/wp-json\/wp\/v2\/categories?post=18499"},{"taxonomy":"post_tag","embeddable":true,"href":"https:\/\/chelso.com.br\/site\/wp-json\/wp\/v2\/tags?post=18499"}],"curies":[{"name":"wp","href":"https:\/\/api.w.org\/{rel}","templated":true}]}}