{"id":18504,"date":"2023-11-09T16:28:15","date_gmt":"2023-11-09T19:28:15","guid":{"rendered":"https:\/\/chelso.com.br\/site\/?p=18504"},"modified":"2023-11-09T16:28:15","modified_gmt":"2023-11-09T19:28:15","slug":"corrida-do-alvinegro-neste-domingo","status":"publish","type":"post","link":"https:\/\/chelso.com.br\/site\/corrida-do-alvinegro-neste-domingo\/","title":{"rendered":"Corrida do Alvinegro neste domingo"},"content":{"rendered":"<p><span style=\"font-weight: 400;\"><strong>Corrida do Alvinegro neste domingo<\/strong>! Neste domingo, dia 12, mais de 4 mil atletas v\u00e3o lotar as ruas de Piracicaba para um dos eventos esportivos mais aguardados de Piracicaba. Unindo duas paix\u00f5es dos moradores da cidade, o XV e a corrida, os atletas v\u00e3o encarar os desafios de <\/span><span style=\"font-weight: 400;\">5 km, 10 km e 15 km, com largada e chegada no Est\u00e1dio Bar\u00e3o de Serra Negra. Confira todas as informa\u00e7\u00f5es sobre o evento no Simp\u00f3sio T\u00e9cnico.<\/span><\/p>\n<p><a href=\"https:\/\/chelso.com.br\/site\/provas-presenciais\/\"><span style=\"font-weight: 400;\">Saiba mais sobre o nosso calend\u00e1rio de provas presenciais.<\/span><\/a><\/p>\n<p><iframe  id=\"_ytid_91106\"  width=\"788\" height=\"443\"  data-origwidth=\"788\" data-origheight=\"443\" src=\"https:\/\/www.youtube.com\/embed\/BXdZu5xgfvE?enablejsapi=1&#038;autoplay=0&#038;cc_load_policy=0&#038;cc_lang_pref=&#038;iv_load_policy=1&#038;loop=0&#038;rel=1&#038;fs=1&#038;playsinline=0&#038;autohide=2&#038;theme=dark&#038;color=red&#038;controls=1&#038;disablekb=0&#038;\" class=\"__youtube_prefs__  epyt-is-override  no-lazyload\" title=\"YouTube player\"  allow=\"fullscreen; accelerometer; autoplay; clipboard-write; encrypted-media; gyroscope; picture-in-picture; web-share\" referrerpolicy=\"strict-origin-when-cross-origin\" allowfullscreen data-no-lazy=\"1\" data-skipgform_ajax_framebjll=\"\"><\/iframe><\/p>\n<h2><b>Corrida do Alvinegro neste domingo<\/b><\/h2>\n<p><span style=\"font-weight: 400;\">A Corrida do Alvinegro promete muitas emo\u00e7\u00f5es. Todas as inscri\u00e7\u00f5es foram vendidas de forma antecipada. A entrega de kits acontecer\u00e1 na Renault Andreta, patrocinadora do evento. A retirada ocorrer\u00e1 em diferentes dias e hor\u00e1rios, para garantir a comodidade de todos os participantes.\u00a0<\/span><\/p>\n<ul>\n<li style=\"font-weight: 400;\" aria-level=\"1\"><span style=\"font-weight: 400;\">Data: 09\/11 (Quinta-Feira) \u2013 Hor\u00e1rio: Das 13h \u00e0s 18h<\/span><\/li>\n<li style=\"font-weight: 400;\" aria-level=\"1\"><span style=\"font-weight: 400;\">Data: 10\/11 (Sexta-feira) \u2013 Hor\u00e1rio: Das 10h \u00e0s 18h<\/span><\/li>\n<li style=\"font-weight: 400;\" aria-level=\"1\"><span style=\"font-weight: 400;\">Data: 11\/11 (S\u00e1bado) \u2013 Hor\u00e1rio: Das 10h \u00e0s 15h<\/span><\/li>\n<\/ul>\n<blockquote class=\"instagram-media\" style=\"background: #FFF; border: 0; border-radius: 3px; box-shadow: 0 0 1px 0 rgba(0,0,0,0.5),0 1px 10px 0 rgba(0,0,0,0.15); margin: 1px; max-width: 540px; min-width: 326px; padding: 0; width: calc(100% - 2px);\" data-instgrm-captioned=\"\" data-instgrm-permalink=\"https:\/\/www.instagram.com\/p\/CzUAcZsNnUj\/?utm_source=ig_embed&amp;utm_campaign=loading\" data-instgrm-version=\"14\">\n<div style=\"padding: 16px;\">\n<p>&nbsp;<\/p>\n<div style=\"display: flex; flex-direction: row; align-items: center;\">\n<div style=\"background-color: #f4f4f4; border-radius: 50%; flex-grow: 0; height: 40px; margin-right: 14px; width: 40px;\"><\/div>\n<div style=\"display: flex; flex-direction: column; flex-grow: 1; justify-content: center;\">\n<div style=\"background-color: #f4f4f4; border-radius: 4px; flex-grow: 0; height: 14px; margin-bottom: 6px; width: 100px;\"><\/div>\n<div style=\"background-color: #f4f4f4; border-radius: 4px; flex-grow: 0; height: 14px; width: 60px;\"><\/div>\n<\/div>\n<\/div>\n<div style=\"padding: 19% 0;\"><\/div>\n<div style=\"display: block; height: 50px; margin: 0 auto 12px; width: 50px;\"><\/div>\n<div style=\"padding-top: 8px;\">\n<div style=\"color: #3897f0; font-family: Arial,sans-serif; font-size: 14px; font-style: normal; font-weight: 550; line-height: 18px;\">Ver essa foto no Instagram<\/div>\n<\/div>\n<div style=\"padding: 12.5% 0;\"><\/div>\n<div style=\"display: flex; flex-direction: row; margin-bottom: 14px; align-items: center;\">\n<div>\n<div style=\"background-color: #f4f4f4; border-radius: 50%; height: 12.5px; width: 12.5px; transform: translateX(0px) translateY(7px);\"><\/div>\n<div style=\"background-color: #f4f4f4; height: 12.5px; transform: rotate(-45deg) translateX(3px) translateY(1px); width: 12.5px; flex-grow: 0; margin-right: 14px; margin-left: 2px;\"><\/div>\n<div style=\"background-color: #f4f4f4; border-radius: 50%; height: 12.5px; width: 12.5px; transform: translateX(9px) translateY(-18px);\"><\/div>\n<\/div>\n<div style=\"margin-left: 8px;\">\n<div style=\"background-color: #f4f4f4; border-radius: 50%; flex-grow: 0; height: 20px; width: 20px;\"><\/div>\n<div style=\"width: 0; height: 0; border-top: 2px solid transparent; border-left: 6px solid #f4f4f4; border-bottom: 2px solid transparent; transform: translateX(16px) translateY(-4px) rotate(30deg);\"><\/div>\n<\/div>\n<div style=\"margin-left: auto;\">\n<div style=\"width: 0px; border-top: 8px solid #F4F4F4; border-right: 8px solid transparent; transform: translateY(16px);\"><\/div>\n<div style=\"background-color: #f4f4f4; flex-grow: 0; height: 12px; width: 16px; transform: translateY(-4px);\"><\/div>\n<div style=\"width: 0; height: 0; border-top: 8px solid #F4F4F4; border-left: 8px solid transparent; transform: translateY(-4px) translateX(8px);\"><\/div>\n<\/div>\n<\/div>\n<div style=\"display: flex; flex-direction: column; flex-grow: 1; justify-content: center; margin-bottom: 24px;\">\n<div style=\"background-color: #f4f4f4; border-radius: 4px; flex-grow: 0; height: 14px; margin-bottom: 6px; width: 224px;\"><\/div>\n<div style=\"background-color: #f4f4f4; border-radius: 4px; flex-grow: 0; height: 14px; width: 144px;\"><\/div>\n<\/div>\n<p>&nbsp;<\/p>\n<p style=\"color: #c9c8cd; font-family: Arial,sans-serif; font-size: 14px; line-height: 17px; margin-bottom: 0; margin-top: 8px; overflow: hidden; padding: 8px 0 7px; text-align: center; text-overflow: ellipsis; white-space: nowrap;\"><a style=\"color: #c9c8cd; font-family: Arial,sans-serif; font-size: 14px; font-style: normal; font-weight: normal; line-height: 17px; text-decoration: none;\" href=\"https:\/\/www.instagram.com\/p\/CzUAcZsNnUj\/?utm_source=ig_embed&amp;utm_campaign=loading\" target=\"_blank\" rel=\"noopener\">Uma publica\u00e7\u00e3o compartilhada por Chelso Sports \u2022 Corrida de Rua (@chelsosports)<\/a><\/p>\n<\/div>\n<\/blockquote>\n<p><script async src=\"\/\/www.instagram.com\/embed.js\"><\/script><\/p>\n<p><span style=\"font-weight: 400;\">Endere\u00e7o: Rodovia SP 135 (Piracicaba-Tupi), Km 21,5, no bairro Sert\u00e3ozinho, em Piracicaba.\u00a0<\/span><\/p>\n<p><span style=\"font-weight: 400;\">\u00c9 fundamental comparecer dentro dos hor\u00e1rios estabelecidos para retirar o seu kit. Lembre-se de levar um documento de identifica\u00e7\u00e3o com foto e o comprovante de pagamento da inscri\u00e7\u00e3o.<\/span><\/p>\n<p><span style=\"font-weight: 400;\">Confira os percursos &#8211; <\/span><a href=\"https:\/\/chelso.com.br\/site\/a-corrida-do-alvinegro\/\"><span style=\"font-weight: 400;\">https:\/\/chelso.com.br\/site\/a-corrida-do-alvinegro\/<\/span><\/a><span style=\"font-weight: 400;\">\u00a0<\/span><\/p>\n<blockquote class=\"instagram-media\" style=\"background: #FFF; border: 0; border-radius: 3px; box-shadow: 0 0 1px 0 rgba(0,0,0,0.5),0 1px 10px 0 rgba(0,0,0,0.15); margin: 1px; max-width: 540px; min-width: 326px; padding: 0; width: calc(100% - 2px);\" data-instgrm-captioned=\"\" data-instgrm-permalink=\"https:\/\/www.instagram.com\/p\/CzbVBpDx035\/?utm_source=ig_embed&amp;utm_campaign=loading\" data-instgrm-version=\"14\">\n<div style=\"padding: 16px;\">\n<p>&nbsp;<\/p>\n<div style=\"display: flex; flex-direction: row; align-items: center;\">\n<div style=\"background-color: #f4f4f4; border-radius: 50%; flex-grow: 0; height: 40px; margin-right: 14px; width: 40px;\"><\/div>\n<div style=\"display: flex; flex-direction: column; flex-grow: 1; justify-content: center;\">\n<div style=\"background-color: #f4f4f4; border-radius: 4px; flex-grow: 0; height: 14px; margin-bottom: 6px; width: 100px;\"><\/div>\n<div style=\"background-color: #f4f4f4; border-radius: 4px; flex-grow: 0; height: 14px; width: 60px;\"><\/div>\n<\/div>\n<\/div>\n<div style=\"padding: 19% 0;\"><\/div>\n<div style=\"display: block; height: 50px; margin: 0 auto 12px; width: 50px;\"><\/div>\n<div style=\"padding-top: 8px;\">\n<div style=\"color: #3897f0; font-family: Arial,sans-serif; font-size: 14px; font-style: normal; font-weight: 550; line-height: 18px;\">Ver essa foto no Instagram<\/div>\n<\/div>\n<div style=\"padding: 12.5% 0;\"><\/div>\n<div style=\"display: flex; flex-direction: row; margin-bottom: 14px; align-items: center;\">\n<div>\n<div style=\"background-color: #f4f4f4; border-radius: 50%; height: 12.5px; width: 12.5px; transform: translateX(0px) translateY(7px);\"><\/div>\n<div style=\"background-color: #f4f4f4; height: 12.5px; transform: rotate(-45deg) translateX(3px) translateY(1px); width: 12.5px; flex-grow: 0; margin-right: 14px; margin-left: 2px;\"><\/div>\n<div style=\"background-color: #f4f4f4; border-radius: 50%; height: 12.5px; width: 12.5px; transform: translateX(9px) translateY(-18px);\"><\/div>\n<\/div>\n<div style=\"margin-left: 8px;\">\n<div style=\"background-color: #f4f4f4; border-radius: 50%; flex-grow: 0; height: 20px; width: 20px;\"><\/div>\n<div style=\"width: 0; height: 0; border-top: 2px solid transparent; border-left: 6px solid #f4f4f4; border-bottom: 2px solid transparent; transform: translateX(16px) translateY(-4px) rotate(30deg);\"><\/div>\n<\/div>\n<div style=\"margin-left: auto;\">\n<div style=\"width: 0px; border-top: 8px solid #F4F4F4; border-right: 8px solid transparent; transform: translateY(16px);\"><\/div>\n<div style=\"background-color: #f4f4f4; flex-grow: 0; height: 12px; width: 16px; transform: translateY(-4px);\"><\/div>\n<div style=\"width: 0; height: 0; border-top: 8px solid #F4F4F4; border-left: 8px solid transparent; transform: translateY(-4px) translateX(8px);\"><\/div>\n<\/div>\n<\/div>\n<div style=\"display: flex; flex-direction: column; flex-grow: 1; justify-content: center; margin-bottom: 24px;\">\n<div style=\"background-color: #f4f4f4; border-radius: 4px; flex-grow: 0; height: 14px; margin-bottom: 6px; width: 224px;\"><\/div>\n<div style=\"background-color: #f4f4f4; border-radius: 4px; flex-grow: 0; height: 14px; width: 144px;\"><\/div>\n<\/div>\n<p>&nbsp;<\/p>\n<p style=\"color: #c9c8cd; font-family: Arial,sans-serif; font-size: 14px; line-height: 17px; margin-bottom: 0; margin-top: 8px; overflow: hidden; padding: 8px 0 7px; text-align: center; text-overflow: ellipsis; white-space: nowrap;\"><a style=\"color: #c9c8cd; font-family: Arial,sans-serif; font-size: 14px; font-style: normal; font-weight: normal; line-height: 17px; text-decoration: none;\" href=\"https:\/\/www.instagram.com\/p\/CzbVBpDx035\/?utm_source=ig_embed&amp;utm_campaign=loading\" target=\"_blank\" rel=\"noopener\">Uma publica\u00e7\u00e3o compartilhada por Chelso Sports \u2022 Corrida de Rua (@chelsosports)<\/a><\/p>\n<\/div>\n<\/blockquote>\n<p><script async src=\"\/\/www.instagram.com\/embed.js\"><\/script><\/p>\n<h3><b>Siga a Chelso<\/b><\/h3>\n<p><span style=\"font-weight: 400;\">A Chelso Sports est\u00e1 presente no <\/span><a href=\"https:\/\/www.youtube.com\/@ChelsoSports\"><span style=\"font-weight: 400;\">YouTube<\/span><\/a><span style=\"font-weight: 400;\">! Por isso, convidamos voc\u00ea a se inscrever em nosso canal, deixar seus coment\u00e1rios e ficar por dentro de todas as novidades do mundo dos esportes. Recentemente, ultrapassamos a marca de 3 mil inscritos e, como nossa nova meta \u00e9 chegar aos 4 mil, n\u00e3o deixe de acompanhar nossos v\u00eddeos exclusivos.<\/span><\/p>\n<p><span style=\"font-weight: 400;\">Al\u00e9m disso, n\u00e3o para por a\u00ed! Se voc\u00ea quer ter acesso a todas as informa\u00e7\u00f5es sobre nosso calend\u00e1rio de provas e dicas de treinamento, \u00e9 s\u00f3 seguir a Chelso Sports no <\/span><a href=\"https:\/\/www.instagram.com\/chelsosports\/\"><span style=\"font-weight: 400;\">Instagram<\/span><\/a><span style=\"font-weight: 400;\">. Fique por dentro de curiosidades e novidades sobre os esportes outdoor. Ent\u00e3o, n\u00e3o perca tempo e nos acompanhe agora mesmo nas redes sociais!<\/span><\/p>\n<p>&nbsp;<\/p>\n","protected":false},"excerpt":{"rendered":"<p>Corrida do Alvinegro neste domingo! Neste domingo, dia 12, mais de 4 mil atletas v\u00e3o lotar as ruas de Piracicaba para um dos eventos esportivos mais aguardados de Piracicaba. Unindo duas paix\u00f5es dos moradores da cidade, o XV e a corrida, os atletas v\u00e3o encarar os desafios de 5 km, 10 km e 15 km,<\/p>\n","protected":false},"author":21,"featured_media":18505,"comment_status":"open","ping_status":"closed","sticky":false,"template":"","format":"standard","meta":{"om_disable_all_campaigns":false,"_monsterinsights_skip_tracking":false,"footnotes":""},"categories":[56,30],"tags":[735,41,1535,941,1534],"class_list":["post-18504","post","type-post","status-publish","format-standard","has-post-thumbnail","category-eventos","category-noticias","tag-chelso","tag-chelso-sports","tag-corrida-do-alvinegro","tag-piracicaba","tag-xv-de-piracicaba"],"aioseo_notices":[],"aioseo_head":"\n\t\t<!-- All in One SEO 5.0.1 - aioseo.com -->\n\t<meta name=\"description\" content=\"Corrida do Alvinegro neste domingo! Neste domingo, dia 12, mais de 4 mil atletas v\u00e3o lotar as ruas de Piracicaba para um dos eventos esportivos mais aguardados de Piracicaba. Unindo duas paix\u00f5es dos moradores da cidade, o XV e a corrida, os atletas v\u00e3o encarar os desafios de 5 km, 10 km e 15 km,\" \/>\n\t<meta name=\"robots\" content=\"max-image-preview:large\" \/>\n\t<meta name=\"author\" content=\"Chelso\"\/>\n\t<link rel=\"canonical\" href=\"https:\/\/chelso.com.br\/site\/corrida-do-alvinegro-neste-domingo\/\" \/>\n\t<meta name=\"generator\" content=\"All in One SEO (AIOSEO) 5.0.1\" \/>\n\t\t<meta property=\"og:locale\" content=\"pt_BR\" \/>\n\t\t<meta property=\"og:site_name\" content=\"Portal Chelso Sports - Conte\u00fado especializado em corrida de rua e triathlon\" \/>\n\t\t<meta property=\"og:type\" content=\"article\" \/>\n\t\t<meta property=\"og:title\" content=\"Corrida do Alvinegro neste domingo - Portal Chelso Sports\" \/>\n\t\t<meta property=\"og:description\" content=\"Corrida do Alvinegro neste domingo! Neste domingo, dia 12, mais de 4 mil atletas v\u00e3o lotar as ruas de Piracicaba para um dos eventos esportivos mais aguardados de Piracicaba. Unindo duas paix\u00f5es dos moradores da cidade, o XV e a corrida, os atletas v\u00e3o encarar os desafios de 5 km, 10 km e 15 km,\" \/>\n\t\t<meta property=\"og:url\" content=\"https:\/\/chelso.com.br\/site\/corrida-do-alvinegro-neste-domingo\/\" \/>\n\t\t<meta property=\"article:published_time\" content=\"2023-11-09T19:28:15+00:00\" \/>\n\t\t<meta property=\"article:modified_time\" content=\"2023-11-09T19:28:15+00:00\" \/>\n\t\t<meta name=\"twitter:card\" content=\"summary_large_image\" \/>\n\t\t<meta name=\"twitter:title\" content=\"Corrida do Alvinegro neste domingo - Portal Chelso Sports\" \/>\n\t\t<meta name=\"twitter:description\" content=\"Corrida do Alvinegro neste domingo! Neste domingo, dia 12, mais de 4 mil atletas v\u00e3o lotar as ruas de Piracicaba para um dos eventos esportivos mais aguardados de Piracicaba. Unindo duas paix\u00f5es dos moradores da cidade, o XV e a corrida, os atletas v\u00e3o encarar os desafios de 5 km, 10 km e 15 km,\" \/>\n\t\t<script type=\"application\/ld+json\" class=\"aioseo-schema\">\n\t\t\t{\"@context\":\"https:\\\/\\\/schema.org\",\"@graph\":[{\"@type\":\"BlogPosting\",\"@id\":\"https:\\\/\\\/chelso.com.br\\\/site\\\/corrida-do-alvinegro-neste-domingo\\\/#blogposting\",\"name\":\"Corrida do Alvinegro neste domingo - Portal Chelso Sports\",\"headline\":\"Corrida do Alvinegro neste domingo\",\"author\":{\"@id\":\"https:\\\/\\\/chelso.com.br\\\/site\\\/author\\\/maryblog\\\/#author\"},\"publisher\":{\"@id\":\"https:\\\/\\\/chelso.com.br\\\/site\\\/#organization\"},\"image\":{\"@type\":\"ImageObject\",\"url\":\"https:\\\/\\\/chelso.com.br\\\/site\\\/wp-content\\\/uploads\\\/2023\\\/11\\\/Corrida-do-Alvinegro-neste-domingo.jpg\",\"width\":697,\"height\":500,\"caption\":\"Corrida do Alvinegro neste domingo\"},\"datePublished\":\"2023-11-09T16:28:15-03:00\",\"dateModified\":\"2023-11-09T16:28:15-03:00\",\"inLanguage\":\"pt-BR\",\"mainEntityOfPage\":{\"@id\":\"https:\\\/\\\/chelso.com.br\\\/site\\\/corrida-do-alvinegro-neste-domingo\\\/#webpage\"},\"isPartOf\":{\"@id\":\"https:\\\/\\\/chelso.com.br\\\/site\\\/corrida-do-alvinegro-neste-domingo\\\/#webpage\"},\"articleSection\":\"Eventos, Not\\u00edcias, Chelso, chelso sports, Corrida do Alvinegro, Piracicaba, XV de Piracicaba\"},{\"@type\":\"BreadcrumbList\",\"@id\":\"https:\\\/\\\/chelso.com.br\\\/site\\\/corrida-do-alvinegro-neste-domingo\\\/#breadcrumblist\",\"itemListElement\":[{\"@type\":\"ListItem\",\"@id\":\"https:\\\/\\\/chelso.com.br\\\/site#listItem\",\"position\":1,\"name\":\"Home\",\"item\":\"https:\\\/\\\/chelso.com.br\\\/site\",\"nextItem\":{\"@type\":\"ListItem\",\"@id\":\"https:\\\/\\\/chelso.com.br\\\/site\\\/category\\\/noticias\\\/#listItem\",\"name\":\"Not\\u00edcias\"}},{\"@type\":\"ListItem\",\"@id\":\"https:\\\/\\\/chelso.com.br\\\/site\\\/category\\\/noticias\\\/#listItem\",\"position\":2,\"name\":\"Not\\u00edcias\",\"item\":\"https:\\\/\\\/chelso.com.br\\\/site\\\/category\\\/noticias\\\/\",\"nextItem\":{\"@type\":\"ListItem\",\"@id\":\"https:\\\/\\\/chelso.com.br\\\/site\\\/corrida-do-alvinegro-neste-domingo\\\/#listItem\",\"name\":\"Corrida do Alvinegro neste domingo\"},\"previousItem\":{\"@type\":\"ListItem\",\"@id\":\"https:\\\/\\\/chelso.com.br\\\/site#listItem\",\"name\":\"Home\"}},{\"@type\":\"ListItem\",\"@id\":\"https:\\\/\\\/chelso.com.br\\\/site\\\/corrida-do-alvinegro-neste-domingo\\\/#listItem\",\"position\":3,\"name\":\"Corrida do Alvinegro neste domingo\",\"previousItem\":{\"@type\":\"ListItem\",\"@id\":\"https:\\\/\\\/chelso.com.br\\\/site\\\/category\\\/noticias\\\/#listItem\",\"name\":\"Not\\u00edcias\"}}]},{\"@type\":\"Organization\",\"@id\":\"https:\\\/\\\/chelso.com.br\\\/site\\\/#organization\",\"name\":\"Portal Chelso Sports\",\"description\":\"Conte\\u00fado especializado em corrida de rua e triathlon\",\"url\":\"https:\\\/\\\/chelso.com.br\\\/site\\\/\"},{\"@type\":\"Person\",\"@id\":\"https:\\\/\\\/chelso.com.br\\\/site\\\/author\\\/maryblog\\\/#author\",\"url\":\"https:\\\/\\\/chelso.com.br\\\/site\\\/author\\\/maryblog\\\/\",\"name\":\"Chelso\",\"image\":{\"@type\":\"ImageObject\",\"@id\":\"https:\\\/\\\/chelso.com.br\\\/site\\\/corrida-do-alvinegro-neste-domingo\\\/#authorImage\",\"url\":\"https:\\\/\\\/chelso.com.br\\\/site\\\/wp-content\\\/uploads\\\/2025\\\/04\\\/Perfil20192-150x149.png\",\"width\":96,\"height\":96,\"caption\":\"Chelso\"}},{\"@type\":\"WebPage\",\"@id\":\"https:\\\/\\\/chelso.com.br\\\/site\\\/corrida-do-alvinegro-neste-domingo\\\/#webpage\",\"url\":\"https:\\\/\\\/chelso.com.br\\\/site\\\/corrida-do-alvinegro-neste-domingo\\\/\",\"name\":\"Corrida do Alvinegro neste domingo - Portal Chelso Sports\",\"description\":\"Corrida do Alvinegro neste domingo! Neste domingo, dia 12, mais de 4 mil atletas v\\u00e3o lotar as ruas de Piracicaba para um dos eventos esportivos mais aguardados de Piracicaba. Unindo duas paix\\u00f5es dos moradores da cidade, o XV e a corrida, os atletas v\\u00e3o encarar os desafios de 5 km, 10 km e 15 km,\",\"inLanguage\":\"pt-BR\",\"isPartOf\":{\"@id\":\"https:\\\/\\\/chelso.com.br\\\/site\\\/#website\"},\"breadcrumb\":{\"@id\":\"https:\\\/\\\/chelso.com.br\\\/site\\\/corrida-do-alvinegro-neste-domingo\\\/#breadcrumblist\"},\"author\":{\"@id\":\"https:\\\/\\\/chelso.com.br\\\/site\\\/author\\\/maryblog\\\/#author\"},\"creator\":{\"@id\":\"https:\\\/\\\/chelso.com.br\\\/site\\\/author\\\/maryblog\\\/#author\"},\"image\":{\"@type\":\"ImageObject\",\"url\":\"https:\\\/\\\/chelso.com.br\\\/site\\\/wp-content\\\/uploads\\\/2023\\\/11\\\/Corrida-do-Alvinegro-neste-domingo.jpg\",\"@id\":\"https:\\\/\\\/chelso.com.br\\\/site\\\/corrida-do-alvinegro-neste-domingo\\\/#mainImage\",\"width\":697,\"height\":500,\"caption\":\"Corrida do Alvinegro neste domingo\"},\"primaryImageOfPage\":{\"@id\":\"https:\\\/\\\/chelso.com.br\\\/site\\\/corrida-do-alvinegro-neste-domingo\\\/#mainImage\"},\"datePublished\":\"2023-11-09T16:28:15-03:00\",\"dateModified\":\"2023-11-09T16:28:15-03:00\"},{\"@type\":\"WebSite\",\"@id\":\"https:\\\/\\\/chelso.com.br\\\/site\\\/#website\",\"url\":\"https:\\\/\\\/chelso.com.br\\\/site\\\/\",\"name\":\"Portal Chelso Sports\",\"description\":\"Conte\\u00fado especializado em corrida de rua e triathlon\",\"inLanguage\":\"pt-BR\",\"publisher\":{\"@id\":\"https:\\\/\\\/chelso.com.br\\\/site\\\/#organization\"}}]}\n\t\t<\/script>\n\t\t<!-- All in One SEO -->\n\n","aioseo_head_json":{"title":"Corrida do Alvinegro neste domingo - Portal Chelso Sports","description":"Corrida do Alvinegro neste domingo! Neste domingo, dia 12, mais de 4 mil atletas v\u00e3o lotar as ruas de Piracicaba para um dos eventos esportivos mais aguardados de Piracicaba. Unindo duas paix\u00f5es dos moradores da cidade, o XV e a corrida, os atletas v\u00e3o encarar os desafios de 5 km, 10 km e 15 km,","canonical_url":"https:\/\/chelso.com.br\/site\/corrida-do-alvinegro-neste-domingo\/","robots":"max-image-preview:large","keywords":"","webmasterTools":{"miscellaneous":""},"schema":{"@context":"https:\/\/schema.org","@graph":[{"@type":"BlogPosting","@id":"https:\/\/chelso.com.br\/site\/corrida-do-alvinegro-neste-domingo\/#blogposting","name":"Corrida do Alvinegro neste domingo - Portal Chelso Sports","headline":"Corrida do Alvinegro neste domingo","author":{"@id":"https:\/\/chelso.com.br\/site\/author\/maryblog\/#author"},"publisher":{"@id":"https:\/\/chelso.com.br\/site\/#organization"},"image":{"@type":"ImageObject","url":"https:\/\/chelso.com.br\/site\/wp-content\/uploads\/2023\/11\/Corrida-do-Alvinegro-neste-domingo.jpg","width":697,"height":500,"caption":"Corrida do Alvinegro neste domingo"},"datePublished":"2023-11-09T16:28:15-03:00","dateModified":"2023-11-09T16:28:15-03:00","inLanguage":"pt-BR","mainEntityOfPage":{"@id":"https:\/\/chelso.com.br\/site\/corrida-do-alvinegro-neste-domingo\/#webpage"},"isPartOf":{"@id":"https:\/\/chelso.com.br\/site\/corrida-do-alvinegro-neste-domingo\/#webpage"},"articleSection":"Eventos, Not\u00edcias, Chelso, chelso sports, Corrida do Alvinegro, Piracicaba, XV de Piracicaba"},{"@type":"BreadcrumbList","@id":"https:\/\/chelso.com.br\/site\/corrida-do-alvinegro-neste-domingo\/#breadcrumblist","itemListElement":[{"@type":"ListItem","@id":"https:\/\/chelso.com.br\/site#listItem","position":1,"name":"Home","item":"https:\/\/chelso.com.br\/site","nextItem":{"@type":"ListItem","@id":"https:\/\/chelso.com.br\/site\/category\/noticias\/#listItem","name":"Not\u00edcias"}},{"@type":"ListItem","@id":"https:\/\/chelso.com.br\/site\/category\/noticias\/#listItem","position":2,"name":"Not\u00edcias","item":"https:\/\/chelso.com.br\/site\/category\/noticias\/","nextItem":{"@type":"ListItem","@id":"https:\/\/chelso.com.br\/site\/corrida-do-alvinegro-neste-domingo\/#listItem","name":"Corrida do Alvinegro neste domingo"},"previousItem":{"@type":"ListItem","@id":"https:\/\/chelso.com.br\/site#listItem","name":"Home"}},{"@type":"ListItem","@id":"https:\/\/chelso.com.br\/site\/corrida-do-alvinegro-neste-domingo\/#listItem","position":3,"name":"Corrida do Alvinegro neste domingo","previousItem":{"@type":"ListItem","@id":"https:\/\/chelso.com.br\/site\/category\/noticias\/#listItem","name":"Not\u00edcias"}}]},{"@type":"Organization","@id":"https:\/\/chelso.com.br\/site\/#organization","name":"Portal Chelso Sports","description":"Conte\u00fado especializado em corrida de rua e triathlon","url":"https:\/\/chelso.com.br\/site\/"},{"@type":"Person","@id":"https:\/\/chelso.com.br\/site\/author\/maryblog\/#author","url":"https:\/\/chelso.com.br\/site\/author\/maryblog\/","name":"Chelso","image":{"@type":"ImageObject","@id":"https:\/\/chelso.com.br\/site\/corrida-do-alvinegro-neste-domingo\/#authorImage","url":"https:\/\/chelso.com.br\/site\/wp-content\/uploads\/2025\/04\/Perfil20192-150x149.png","width":96,"height":96,"caption":"Chelso"}},{"@type":"WebPage","@id":"https:\/\/chelso.com.br\/site\/corrida-do-alvinegro-neste-domingo\/#webpage","url":"https:\/\/chelso.com.br\/site\/corrida-do-alvinegro-neste-domingo\/","name":"Corrida do Alvinegro neste domingo - Portal Chelso Sports","description":"Corrida do Alvinegro neste domingo! Neste domingo, dia 12, mais de 4 mil atletas v\u00e3o lotar as ruas de Piracicaba para um dos eventos esportivos mais aguardados de Piracicaba. Unindo duas paix\u00f5es dos moradores da cidade, o XV e a corrida, os atletas v\u00e3o encarar os desafios de 5 km, 10 km e 15 km,","inLanguage":"pt-BR","isPartOf":{"@id":"https:\/\/chelso.com.br\/site\/#website"},"breadcrumb":{"@id":"https:\/\/chelso.com.br\/site\/corrida-do-alvinegro-neste-domingo\/#breadcrumblist"},"author":{"@id":"https:\/\/chelso.com.br\/site\/author\/maryblog\/#author"},"creator":{"@id":"https:\/\/chelso.com.br\/site\/author\/maryblog\/#author"},"image":{"@type":"ImageObject","url":"https:\/\/chelso.com.br\/site\/wp-content\/uploads\/2023\/11\/Corrida-do-Alvinegro-neste-domingo.jpg","@id":"https:\/\/chelso.com.br\/site\/corrida-do-alvinegro-neste-domingo\/#mainImage","width":697,"height":500,"caption":"Corrida do Alvinegro neste domingo"},"primaryImageOfPage":{"@id":"https:\/\/chelso.com.br\/site\/corrida-do-alvinegro-neste-domingo\/#mainImage"},"datePublished":"2023-11-09T16:28:15-03:00","dateModified":"2023-11-09T16:28:15-03:00"},{"@type":"WebSite","@id":"https:\/\/chelso.com.br\/site\/#website","url":"https:\/\/chelso.com.br\/site\/","name":"Portal Chelso Sports","description":"Conte\u00fado especializado em corrida de rua e triathlon","inLanguage":"pt-BR","publisher":{"@id":"https:\/\/chelso.com.br\/site\/#organization"}}]},"og:locale":"pt_BR","og:site_name":"Portal Chelso Sports - Conte\u00fado especializado em corrida de rua e triathlon","og:type":"article","og:title":"Corrida do Alvinegro neste domingo - Portal Chelso Sports","og:description":"Corrida do Alvinegro neste domingo! Neste domingo, dia 12, mais de 4 mil atletas v\u00e3o lotar as ruas de Piracicaba para um dos eventos esportivos mais aguardados de Piracicaba. Unindo duas paix\u00f5es dos moradores da cidade, o XV e a corrida, os atletas v\u00e3o encarar os desafios de 5 km, 10 km e 15 km,","og:url":"https:\/\/chelso.com.br\/site\/corrida-do-alvinegro-neste-domingo\/","article:published_time":"2023-11-09T19:28:15+00:00","article:modified_time":"2023-11-09T19:28:15+00:00","twitter:card":"summary_large_image","twitter:title":"Corrida do Alvinegro neste domingo - Portal Chelso Sports","twitter:description":"Corrida do Alvinegro neste domingo! Neste domingo, dia 12, mais de 4 mil atletas v\u00e3o lotar as ruas de Piracicaba para um dos eventos esportivos mais aguardados de Piracicaba. Unindo duas paix\u00f5es dos moradores da cidade, o XV e a corrida, os atletas v\u00e3o encarar os desafios de 5 km, 10 km e 15 km,"},"aioseo_meta_data":{"post_id":"18504","title":null,"description":null,"keywords":null,"keyphrases":null,"primary_term":null,"canonical_url":null,"og_title":null,"og_description":null,"og_object_type":"default","og_image_type":"default","og_image_url":null,"og_image_width":null,"og_image_height":null,"og_image_custom_url":null,"og_image_custom_fields":null,"og_video":null,"og_custom_url":null,"og_article_section":null,"og_article_tags":null,"twitter_use_og":false,"twitter_card":"default","twitter_image_type":"default","twitter_image_url":null,"twitter_image_custom_url":null,"twitter_image_custom_fields":null,"twitter_title":null,"twitter_description":null,"schema":{"blockGraphs":[],"customGraphs":[],"default":{"data":{"Article":[],"Course":[],"Dataset":[],"FAQPage":[],"Movie":[],"Person":[],"Product":[],"ProductReview":[],"Car":[],"Recipe":[],"Service":[],"SoftwareApplication":[],"WebPage":[]},"graphName":"","isEnabled":true},"graphs":[]},"schema_type":"default","schema_type_options":null,"pillar_content":false,"robots_default":true,"robots_noindex":false,"robots_noarchive":false,"robots_nosnippet":false,"robots_nofollow":false,"robots_noimageindex":false,"robots_noodp":false,"robots_notranslate":false,"robots_max_snippet":null,"robots_max_videopreview":null,"robots_max_imagepreview":"large","priority":null,"frequency":null,"local_seo":null,"breadcrumb_settings":null,"limit_modified_date":false,"ai":null,"created":"2024-03-06 01:55:48","updated":"2025-07-02 19:04:30","focus_keyword":null,"additional_keywords":null,"truseo_locale":null,"seo_analyzer_scan_date":null},"aioseo_breadcrumb":"<div class=\"aioseo-breadcrumbs\"><span class=\"aioseo-breadcrumb\">\n\t\t\t<a href=\"https:\/\/chelso.com.br\/site\" title=\"Home\">Home<\/a>\n\t\t<\/span><span class=\"aioseo-breadcrumb-separator\">&raquo;<\/span><span class=\"aioseo-breadcrumb\">\n\t\t\t<a href=\"https:\/\/chelso.com.br\/site\/category\/noticias\/\" title=\"Not\u00edcias\">Not\u00edcias<\/a>\n\t\t<\/span><span class=\"aioseo-breadcrumb-separator\">&raquo;<\/span><span class=\"aioseo-breadcrumb\">\n\t\t\tCorrida do Alvinegro neste domingo\n\t\t<\/span><\/div>","aioseo_breadcrumb_json":[{"label":"Home","link":"https:\/\/chelso.com.br\/site"},{"label":"Not\u00edcias","link":"https:\/\/chelso.com.br\/site\/category\/noticias\/"},{"label":"Corrida do Alvinegro neste domingo","link":"https:\/\/chelso.com.br\/site\/corrida-do-alvinegro-neste-domingo\/"}],"amp_enabled":true,"_links":{"self":[{"href":"https:\/\/chelso.com.br\/site\/wp-json\/wp\/v2\/posts\/18504","targetHints":{"allow":["GET"]}}],"collection":[{"href":"https:\/\/chelso.com.br\/site\/wp-json\/wp\/v2\/posts"}],"about":[{"href":"https:\/\/chelso.com.br\/site\/wp-json\/wp\/v2\/types\/post"}],"author":[{"embeddable":true,"href":"https:\/\/chelso.com.br\/site\/wp-json\/wp\/v2\/users\/21"}],"replies":[{"embeddable":true,"href":"https:\/\/chelso.com.br\/site\/wp-json\/wp\/v2\/comments?post=18504"}],"version-history":[{"count":1,"href":"https:\/\/chelso.com.br\/site\/wp-json\/wp\/v2\/posts\/18504\/revisions"}],"predecessor-version":[{"id":18506,"href":"https:\/\/chelso.com.br\/site\/wp-json\/wp\/v2\/posts\/18504\/revisions\/18506"}],"wp:featuredmedia":[{"embeddable":true,"href":"https:\/\/chelso.com.br\/site\/wp-json\/wp\/v2\/media\/18505"}],"wp:attachment":[{"href":"https:\/\/chelso.com.br\/site\/wp-json\/wp\/v2\/media?parent=18504"}],"wp:term":[{"taxonomy":"category","embeddable":true,"href":"https:\/\/chelso.com.br\/site\/wp-json\/wp\/v2\/categories?post=18504"},{"taxonomy":"post_tag","embeddable":true,"href":"https:\/\/chelso.com.br\/site\/wp-json\/wp\/v2\/tags?post=18504"}],"curies":[{"name":"wp","href":"https:\/\/api.w.org\/{rel}","templated":true}]}}