{"id":18539,"date":"2023-11-18T07:00:48","date_gmt":"2023-11-18T10:00:48","guid":{"rendered":"https:\/\/chelso.com.br\/site\/?p=18539"},"modified":"2023-11-21T13:58:33","modified_gmt":"2023-11-21T16:58:33","slug":"se-eu-nao-me-fortalecer-o-que-vai-acontecer","status":"publish","type":"post","link":"https:\/\/chelso.com.br\/site\/se-eu-nao-me-fortalecer-o-que-vai-acontecer\/","title":{"rendered":"Se eu n\u00e3o me fortalecer, o que vai acontecer?"},"content":{"rendered":"<p>Se eu n\u00e3o me fortalecer, o que vai acontecer? Mais uma vez, vamos abordar o tema do fortalecimento. Um assunto de extrema import\u00e2ncia para atletas de endurance. Confira o artigo do fisioterapeuta Pedro Bianchetti e esclare\u00e7a todas as suas d\u00favidas.<\/p>\n<p><a href=\"https:\/\/chelso.com.br\/site\/provas-presenciais\/\">Saiba mais sobre o nosso calend\u00e1rio de provas presenciais.<\/a><\/p>\n<h2><strong>Se eu n\u00e3o me fortalecer, o que vai acontecer?<\/strong><\/h2>\n<p>Suponho que voc\u00ea, leitor, seja praticante de alguma modalidade de endurance, como corrida, triathlon ou ciclismo. Correto? Se voc\u00ea est\u00e1 interessado em saber o que pode acontecer caso voc\u00ea n\u00e3o fortale\u00e7a, acredito que voc\u00ea ainda n\u00e3o tenha deixado de cumprir o b\u00e1sico, que s\u00e3o os treinos da sua modalidade.<\/p>\n<p>Se voc\u00ea est\u00e1 seguindo a planilha \u00e0 risca, mas n\u00e3o est\u00e1 incluindo treinos de fortalecimento, posso afirmar com base em publica\u00e7\u00f5es cient\u00edficas que voc\u00ea est\u00e1 perdendo uma grande oportunidade de melhorar ainda mais sua performance. N\u00e3o \u00e9 novidade que os treinos de fortalecimento s\u00e3o capazes de torn\u00e1-lo um corredor melhor.<\/p>\n<p>Al\u00e9m disso, podemos afirmar que o fortalecimento \u00e9 uma ferramenta importante para aumentar a capacidade do corpo em enfrentar demandas f\u00edsicas. Indiretamente, tamb\u00e9m reduz a probabilidade de les\u00f5es. Portanto, se voc\u00ea fortalecer, ter\u00e1 benef\u00edcios reais e indubit\u00e1veis.<\/p>\n<p>N\u00e3o perca tempo, fa\u00e7a um planejamento e inclua os treinos de fortalecimento na sua rotina. Duas vezes por semana, treinos de 20 a 30 minutos s\u00e3o suficientes.<\/p>\n<p>Um grande abra\u00e7o e \u00f3timos treinos!<\/p>\n<p><iframe  id=\"_ytid_46224\"  width=\"788\" height=\"443\"  data-origwidth=\"788\" data-origheight=\"443\" src=\"https:\/\/www.youtube.com\/embed\/OvRv7O_AzLs?enablejsapi=1&#038;autoplay=0&#038;cc_load_policy=0&#038;cc_lang_pref=&#038;iv_load_policy=1&#038;loop=0&#038;rel=1&#038;fs=1&#038;playsinline=0&#038;autohide=2&#038;theme=dark&#038;color=red&#038;controls=1&#038;disablekb=0&#038;\" class=\"__youtube_prefs__  epyt-is-override  no-lazyload\" title=\"YouTube player\"  allow=\"fullscreen; accelerometer; autoplay; clipboard-write; encrypted-media; gyroscope; picture-in-picture; web-share\" referrerpolicy=\"strict-origin-when-cross-origin\" allowfullscreen data-no-lazy=\"1\" data-skipgform_ajax_framebjll=\"\"><\/iframe><\/p>\n<h3><b>Siga a Chelso<\/b><\/h3>\n<p>A Chelso Sports est\u00e1 presente no\u00a0<a href=\"https:\/\/www.youtube.com\/@ChelsoSports\">YouTube<\/a>! Por isso, convidamos voc\u00ea a se inscrever em nosso canal, deixar seus coment\u00e1rios e ficar por dentro de todas as novidades do mundo dos esportes. Ultrapassamos a marca de 4 mil inscritos e, como nossa nova meta \u00e9 chegar aos 5 mil, n\u00e3o deixe de acompanhar nossos v\u00eddeos exclusivos.<\/p>\n<p>Al\u00e9m disso, n\u00e3o para por a\u00ed! Se voc\u00ea quer ter acesso a todas as informa\u00e7\u00f5es sobre nosso calend\u00e1rio de provas e dicas de treinamento, \u00e9 s\u00f3 seguir a Chelso Sports no\u00a0<a href=\"https:\/\/www.instagram.com\/chelsosports\/\">Instagram<\/a>. Fique por dentro de curiosidades e novidades sobre os esportes outdoor. Ent\u00e3o, n\u00e3o perca tempo e nos acompanhe agora mesmo nas redes sociais!<\/p>\n","protected":false},"excerpt":{"rendered":"<p>Se eu n\u00e3o me fortalecer, o que vai acontecer? Mais uma vez, vamos abordar o tema do fortalecimento. Um assunto de extrema import\u00e2ncia para atletas de endurance. Confira o artigo do fisioterapeuta Pedro Bianchetti e esclare\u00e7a todas as suas d\u00favidas. Saiba mais sobre o nosso calend\u00e1rio de provas presenciais. Se eu n\u00e3o me fortalecer, o<\/p>\n","protected":false},"author":41,"featured_media":18540,"comment_status":"open","ping_status":"closed","sticky":false,"template":"","format":"standard","meta":{"om_disable_all_campaigns":false,"_monsterinsights_skip_tracking":false,"_monsterinsights_sitenote_active":false,"_monsterinsights_sitenote_note":"","_monsterinsights_sitenote_category":0,"footnotes":""},"categories":[89,30],"tags":[962,735,41,36,63],"class_list":{"0":"post-18539","1":"post","2":"type-post","3":"status-publish","4":"format-standard","5":"has-post-thumbnail","7":"category-dicas","8":"category-noticias","9":"tag-care-club-piracicaba","10":"tag-chelso","11":"tag-chelso-sports","12":"tag-corrida","13":"tag-fortalecimento"},"aioseo_notices":[],"yoast_head":"<!-- This site is optimized with the Yoast SEO plugin v27.5 - https:\/\/yoast.com\/product\/yoast-seo-wordpress\/ -->\n<title>Se eu n\u00e3o me fortalecer, o que vai acontecer? - Portal Chelso Sports<\/title>\n<meta name=\"description\" content=\"Se eu n\u00e3o me fortalecer, o que vai acontecer? Confira o artigo do fisioterapeuta Pedro Bianchetti, especialmente para o Blog da Chelso.\" \/>\n<meta name=\"robots\" content=\"index, follow, max-snippet:-1, max-image-preview:large, max-video-preview:-1\" \/>\n<link rel=\"canonical\" href=\"https:\/\/chelso.com.br\/site\/se-eu-nao-me-fortalecer-o-que-vai-acontecer\/\" \/>\n<meta property=\"og:locale\" content=\"pt_BR\" \/>\n<meta property=\"og:type\" content=\"article\" \/>\n<meta property=\"og:title\" content=\"Se eu n\u00e3o me fortalecer, o que vai acontecer? - Portal Chelso Sports\" \/>\n<meta property=\"og:description\" content=\"Se eu n\u00e3o me fortalecer, o que vai acontecer? Confira o artigo do fisioterapeuta Pedro Bianchetti, especialmente para o Blog da Chelso.\" \/>\n<meta property=\"og:url\" content=\"https:\/\/chelso.com.br\/site\/se-eu-nao-me-fortalecer-o-que-vai-acontecer\/\" \/>\n<meta property=\"og:site_name\" content=\"Portal Chelso Sports\" \/>\n<meta property=\"article:published_time\" content=\"2023-11-18T10:00:48+00:00\" \/>\n<meta property=\"article:modified_time\" content=\"2023-11-21T16:58:33+00:00\" \/>\n<meta property=\"og:image\" content=\"https:\/\/chelso.com.br\/site\/wp-content\/uploads\/2023\/11\/Se-eu-nao-me-fortalecer-o-que-vai-acontecer.jpg\" \/>\n\t<meta property=\"og:image:width\" content=\"1800\" \/>\n\t<meta property=\"og:image:height\" content=\"1200\" \/>\n\t<meta property=\"og:image:type\" content=\"image\/jpeg\" \/>\n<meta name=\"author\" content=\"Pedro Biancheti\" \/>\n<meta name=\"twitter:card\" content=\"summary_large_image\" \/>\n<meta name=\"twitter:label1\" content=\"Escrito por\" \/>\n\t<meta name=\"twitter:data1\" content=\"Pedro Biancheti\" \/>\n\t<meta name=\"twitter:label2\" content=\"Est. tempo de leitura\" \/>\n\t<meta name=\"twitter:data2\" content=\"2 minutos\" \/>\n<script type=\"application\/ld+json\" class=\"yoast-schema-graph\">{\"@context\":\"https:\\\/\\\/schema.org\",\"@graph\":[{\"@type\":\"Article\",\"@id\":\"https:\\\/\\\/chelso.com.br\\\/site\\\/se-eu-nao-me-fortalecer-o-que-vai-acontecer\\\/#article\",\"isPartOf\":{\"@id\":\"https:\\\/\\\/chelso.com.br\\\/site\\\/se-eu-nao-me-fortalecer-o-que-vai-acontecer\\\/\"},\"author\":{\"name\":\"Pedro Biancheti\",\"@id\":\"https:\\\/\\\/chelso.com.br\\\/site\\\/#\\\/schema\\\/person\\\/90f41572c7c9eb5f52627c7b0112f5bc\"},\"headline\":\"Se eu n\u00e3o me fortalecer, o que vai acontecer?\",\"datePublished\":\"2023-11-18T10:00:48+00:00\",\"dateModified\":\"2023-11-21T16:58:33+00:00\",\"mainEntityOfPage\":{\"@id\":\"https:\\\/\\\/chelso.com.br\\\/site\\\/se-eu-nao-me-fortalecer-o-que-vai-acontecer\\\/\"},\"wordCount\":387,\"commentCount\":0,\"image\":{\"@id\":\"https:\\\/\\\/chelso.com.br\\\/site\\\/se-eu-nao-me-fortalecer-o-que-vai-acontecer\\\/#primaryimage\"},\"thumbnailUrl\":\"https:\\\/\\\/chelso.com.br\\\/site\\\/wp-content\\\/uploads\\\/2023\\\/11\\\/Se-eu-nao-me-fortalecer-o-que-vai-acontecer.jpg\",\"keywords\":[\"Care Club Piracicaba\",\"Chelso\",\"chelso sports\",\"corrida\",\"Fortalecimento\"],\"articleSection\":[\"Dicas\",\"Not\u00edcias\"],\"inLanguage\":\"pt-BR\",\"potentialAction\":[{\"@type\":\"CommentAction\",\"name\":\"Comment\",\"target\":[\"https:\\\/\\\/chelso.com.br\\\/site\\\/se-eu-nao-me-fortalecer-o-que-vai-acontecer\\\/#respond\"]}]},{\"@type\":\"WebPage\",\"@id\":\"https:\\\/\\\/chelso.com.br\\\/site\\\/se-eu-nao-me-fortalecer-o-que-vai-acontecer\\\/\",\"url\":\"https:\\\/\\\/chelso.com.br\\\/site\\\/se-eu-nao-me-fortalecer-o-que-vai-acontecer\\\/\",\"name\":\"Se eu n\u00e3o me fortalecer, o que vai acontecer? - Portal Chelso Sports\",\"isPartOf\":{\"@id\":\"https:\\\/\\\/chelso.com.br\\\/site\\\/#website\"},\"primaryImageOfPage\":{\"@id\":\"https:\\\/\\\/chelso.com.br\\\/site\\\/se-eu-nao-me-fortalecer-o-que-vai-acontecer\\\/#primaryimage\"},\"image\":{\"@id\":\"https:\\\/\\\/chelso.com.br\\\/site\\\/se-eu-nao-me-fortalecer-o-que-vai-acontecer\\\/#primaryimage\"},\"thumbnailUrl\":\"https:\\\/\\\/chelso.com.br\\\/site\\\/wp-content\\\/uploads\\\/2023\\\/11\\\/Se-eu-nao-me-fortalecer-o-que-vai-acontecer.jpg\",\"datePublished\":\"2023-11-18T10:00:48+00:00\",\"dateModified\":\"2023-11-21T16:58:33+00:00\",\"author\":{\"@id\":\"https:\\\/\\\/chelso.com.br\\\/site\\\/#\\\/schema\\\/person\\\/90f41572c7c9eb5f52627c7b0112f5bc\"},\"description\":\"Se eu n\u00e3o me fortalecer, o que vai acontecer? Confira o artigo do fisioterapeuta Pedro Bianchetti, especialmente para o Blog da Chelso.\",\"breadcrumb\":{\"@id\":\"https:\\\/\\\/chelso.com.br\\\/site\\\/se-eu-nao-me-fortalecer-o-que-vai-acontecer\\\/#breadcrumb\"},\"inLanguage\":\"pt-BR\",\"potentialAction\":[{\"@type\":\"ReadAction\",\"target\":[\"https:\\\/\\\/chelso.com.br\\\/site\\\/se-eu-nao-me-fortalecer-o-que-vai-acontecer\\\/\"]}]},{\"@type\":\"ImageObject\",\"inLanguage\":\"pt-BR\",\"@id\":\"https:\\\/\\\/chelso.com.br\\\/site\\\/se-eu-nao-me-fortalecer-o-que-vai-acontecer\\\/#primaryimage\",\"url\":\"https:\\\/\\\/chelso.com.br\\\/site\\\/wp-content\\\/uploads\\\/2023\\\/11\\\/Se-eu-nao-me-fortalecer-o-que-vai-acontecer.jpg\",\"contentUrl\":\"https:\\\/\\\/chelso.com.br\\\/site\\\/wp-content\\\/uploads\\\/2023\\\/11\\\/Se-eu-nao-me-fortalecer-o-que-vai-acontecer.jpg\",\"width\":1800,\"height\":1200,\"caption\":\"Se eu n\u00e3o me fortalecer, o que vai acontecer\"},{\"@type\":\"BreadcrumbList\",\"@id\":\"https:\\\/\\\/chelso.com.br\\\/site\\\/se-eu-nao-me-fortalecer-o-que-vai-acontecer\\\/#breadcrumb\",\"itemListElement\":[{\"@type\":\"ListItem\",\"position\":1,\"name\":\"In\u00edcio\",\"item\":\"https:\\\/\\\/chelso.com.br\\\/site\\\/\"},{\"@type\":\"ListItem\",\"position\":2,\"name\":\"Se eu n\u00e3o me fortalecer, o que vai acontecer?\"}]},{\"@type\":\"WebSite\",\"@id\":\"https:\\\/\\\/chelso.com.br\\\/site\\\/#website\",\"url\":\"https:\\\/\\\/chelso.com.br\\\/site\\\/\",\"name\":\"Portal Chelso Sports\",\"description\":\"Conte\u00fado especializado em corrida de rua e triathlon\",\"potentialAction\":[{\"@type\":\"SearchAction\",\"target\":{\"@type\":\"EntryPoint\",\"urlTemplate\":\"https:\\\/\\\/chelso.com.br\\\/site\\\/?s={search_term_string}\"},\"query-input\":{\"@type\":\"PropertyValueSpecification\",\"valueRequired\":true,\"valueName\":\"search_term_string\"}}],\"inLanguage\":\"pt-BR\"},{\"@type\":\"Person\",\"@id\":\"https:\\\/\\\/chelso.com.br\\\/site\\\/#\\\/schema\\\/person\\\/90f41572c7c9eb5f52627c7b0112f5bc\",\"name\":\"Pedro Biancheti\",\"image\":{\"@type\":\"ImageObject\",\"inLanguage\":\"pt-BR\",\"@id\":\"https:\\\/\\\/chelso.com.br\\\/site\\\/wp-content\\\/uploads\\\/2023\\\/11\\\/Captura-de-tela-2023-11-21-135946-150x150.png\",\"url\":\"https:\\\/\\\/chelso.com.br\\\/site\\\/wp-content\\\/uploads\\\/2023\\\/11\\\/Captura-de-tela-2023-11-21-135946-150x150.png\",\"contentUrl\":\"https:\\\/\\\/chelso.com.br\\\/site\\\/wp-content\\\/uploads\\\/2023\\\/11\\\/Captura-de-tela-2023-11-21-135946-150x150.png\",\"caption\":\"Pedro Biancheti\"},\"description\":\"Graduado em Educa\u00e7\u00e3o F\u00edsica e Fisioterapia. P\u00f3s Graduado em Ergonomia pela PUC Minas. P\u00f3s Graduado em Muscula\u00e7\u00e3o e treinamento em Academias - UFMG. Assessoria do Fortalecimento para Corredores.\",\"url\":\"https:\\\/\\\/chelso.com.br\\\/site\\\/author\\\/pedro-bianchetti\\\/\"}]}<\/script>\n<!-- \/ Yoast SEO plugin. -->","yoast_head_json":{"title":"Se eu n\u00e3o me fortalecer, o que vai acontecer? - Portal Chelso Sports","description":"Se eu n\u00e3o me fortalecer, o que vai acontecer? Confira o artigo do fisioterapeuta Pedro Bianchetti, especialmente para o Blog da Chelso.","robots":{"index":"index","follow":"follow","max-snippet":"max-snippet:-1","max-image-preview":"max-image-preview:large","max-video-preview":"max-video-preview:-1"},"canonical":"https:\/\/chelso.com.br\/site\/se-eu-nao-me-fortalecer-o-que-vai-acontecer\/","og_locale":"pt_BR","og_type":"article","og_title":"Se eu n\u00e3o me fortalecer, o que vai acontecer? - Portal Chelso Sports","og_description":"Se eu n\u00e3o me fortalecer, o que vai acontecer? Confira o artigo do fisioterapeuta Pedro Bianchetti, especialmente para o Blog da Chelso.","og_url":"https:\/\/chelso.com.br\/site\/se-eu-nao-me-fortalecer-o-que-vai-acontecer\/","og_site_name":"Portal Chelso Sports","article_published_time":"2023-11-18T10:00:48+00:00","article_modified_time":"2023-11-21T16:58:33+00:00","og_image":[{"width":1800,"height":1200,"url":"https:\/\/chelso.com.br\/site\/wp-content\/uploads\/2023\/11\/Se-eu-nao-me-fortalecer-o-que-vai-acontecer.jpg","type":"image\/jpeg"}],"author":"Pedro Biancheti","twitter_card":"summary_large_image","twitter_misc":{"Escrito por":"Pedro Biancheti","Est. tempo de leitura":"2 minutos"},"schema":{"@context":"https:\/\/schema.org","@graph":[{"@type":"Article","@id":"https:\/\/chelso.com.br\/site\/se-eu-nao-me-fortalecer-o-que-vai-acontecer\/#article","isPartOf":{"@id":"https:\/\/chelso.com.br\/site\/se-eu-nao-me-fortalecer-o-que-vai-acontecer\/"},"author":{"name":"Pedro Biancheti","@id":"https:\/\/chelso.com.br\/site\/#\/schema\/person\/90f41572c7c9eb5f52627c7b0112f5bc"},"headline":"Se eu n\u00e3o me fortalecer, o que vai acontecer?","datePublished":"2023-11-18T10:00:48+00:00","dateModified":"2023-11-21T16:58:33+00:00","mainEntityOfPage":{"@id":"https:\/\/chelso.com.br\/site\/se-eu-nao-me-fortalecer-o-que-vai-acontecer\/"},"wordCount":387,"commentCount":0,"image":{"@id":"https:\/\/chelso.com.br\/site\/se-eu-nao-me-fortalecer-o-que-vai-acontecer\/#primaryimage"},"thumbnailUrl":"https:\/\/chelso.com.br\/site\/wp-content\/uploads\/2023\/11\/Se-eu-nao-me-fortalecer-o-que-vai-acontecer.jpg","keywords":["Care Club Piracicaba","Chelso","chelso sports","corrida","Fortalecimento"],"articleSection":["Dicas","Not\u00edcias"],"inLanguage":"pt-BR","potentialAction":[{"@type":"CommentAction","name":"Comment","target":["https:\/\/chelso.com.br\/site\/se-eu-nao-me-fortalecer-o-que-vai-acontecer\/#respond"]}]},{"@type":"WebPage","@id":"https:\/\/chelso.com.br\/site\/se-eu-nao-me-fortalecer-o-que-vai-acontecer\/","url":"https:\/\/chelso.com.br\/site\/se-eu-nao-me-fortalecer-o-que-vai-acontecer\/","name":"Se eu n\u00e3o me fortalecer, o que vai acontecer? - Portal Chelso Sports","isPartOf":{"@id":"https:\/\/chelso.com.br\/site\/#website"},"primaryImageOfPage":{"@id":"https:\/\/chelso.com.br\/site\/se-eu-nao-me-fortalecer-o-que-vai-acontecer\/#primaryimage"},"image":{"@id":"https:\/\/chelso.com.br\/site\/se-eu-nao-me-fortalecer-o-que-vai-acontecer\/#primaryimage"},"thumbnailUrl":"https:\/\/chelso.com.br\/site\/wp-content\/uploads\/2023\/11\/Se-eu-nao-me-fortalecer-o-que-vai-acontecer.jpg","datePublished":"2023-11-18T10:00:48+00:00","dateModified":"2023-11-21T16:58:33+00:00","author":{"@id":"https:\/\/chelso.com.br\/site\/#\/schema\/person\/90f41572c7c9eb5f52627c7b0112f5bc"},"description":"Se eu n\u00e3o me fortalecer, o que vai acontecer? Confira o artigo do fisioterapeuta Pedro Bianchetti, especialmente para o Blog da Chelso.","breadcrumb":{"@id":"https:\/\/chelso.com.br\/site\/se-eu-nao-me-fortalecer-o-que-vai-acontecer\/#breadcrumb"},"inLanguage":"pt-BR","potentialAction":[{"@type":"ReadAction","target":["https:\/\/chelso.com.br\/site\/se-eu-nao-me-fortalecer-o-que-vai-acontecer\/"]}]},{"@type":"ImageObject","inLanguage":"pt-BR","@id":"https:\/\/chelso.com.br\/site\/se-eu-nao-me-fortalecer-o-que-vai-acontecer\/#primaryimage","url":"https:\/\/chelso.com.br\/site\/wp-content\/uploads\/2023\/11\/Se-eu-nao-me-fortalecer-o-que-vai-acontecer.jpg","contentUrl":"https:\/\/chelso.com.br\/site\/wp-content\/uploads\/2023\/11\/Se-eu-nao-me-fortalecer-o-que-vai-acontecer.jpg","width":1800,"height":1200,"caption":"Se eu n\u00e3o me fortalecer, o que vai acontecer"},{"@type":"BreadcrumbList","@id":"https:\/\/chelso.com.br\/site\/se-eu-nao-me-fortalecer-o-que-vai-acontecer\/#breadcrumb","itemListElement":[{"@type":"ListItem","position":1,"name":"In\u00edcio","item":"https:\/\/chelso.com.br\/site\/"},{"@type":"ListItem","position":2,"name":"Se eu n\u00e3o me fortalecer, o que vai acontecer?"}]},{"@type":"WebSite","@id":"https:\/\/chelso.com.br\/site\/#website","url":"https:\/\/chelso.com.br\/site\/","name":"Portal Chelso Sports","description":"Conte\u00fado especializado em corrida de rua e triathlon","potentialAction":[{"@type":"SearchAction","target":{"@type":"EntryPoint","urlTemplate":"https:\/\/chelso.com.br\/site\/?s={search_term_string}"},"query-input":{"@type":"PropertyValueSpecification","valueRequired":true,"valueName":"search_term_string"}}],"inLanguage":"pt-BR"},{"@type":"Person","@id":"https:\/\/chelso.com.br\/site\/#\/schema\/person\/90f41572c7c9eb5f52627c7b0112f5bc","name":"Pedro Biancheti","image":{"@type":"ImageObject","inLanguage":"pt-BR","@id":"https:\/\/chelso.com.br\/site\/wp-content\/uploads\/2023\/11\/Captura-de-tela-2023-11-21-135946-150x150.png","url":"https:\/\/chelso.com.br\/site\/wp-content\/uploads\/2023\/11\/Captura-de-tela-2023-11-21-135946-150x150.png","contentUrl":"https:\/\/chelso.com.br\/site\/wp-content\/uploads\/2023\/11\/Captura-de-tela-2023-11-21-135946-150x150.png","caption":"Pedro Biancheti"},"description":"Graduado em Educa\u00e7\u00e3o F\u00edsica e Fisioterapia. P\u00f3s Graduado em Ergonomia pela PUC Minas. P\u00f3s Graduado em Muscula\u00e7\u00e3o e treinamento em Academias - UFMG. Assessoria do Fortalecimento para Corredores.","url":"https:\/\/chelso.com.br\/site\/author\/pedro-bianchetti\/"}]}},"amp_enabled":true,"_links":{"self":[{"href":"https:\/\/chelso.com.br\/site\/wp-json\/wp\/v2\/posts\/18539","targetHints":{"allow":["GET"]}}],"collection":[{"href":"https:\/\/chelso.com.br\/site\/wp-json\/wp\/v2\/posts"}],"about":[{"href":"https:\/\/chelso.com.br\/site\/wp-json\/wp\/v2\/types\/post"}],"author":[{"embeddable":true,"href":"https:\/\/chelso.com.br\/site\/wp-json\/wp\/v2\/users\/41"}],"replies":[{"embeddable":true,"href":"https:\/\/chelso.com.br\/site\/wp-json\/wp\/v2\/comments?post=18539"}],"version-history":[{"count":1,"href":"https:\/\/chelso.com.br\/site\/wp-json\/wp\/v2\/posts\/18539\/revisions"}],"predecessor-version":[{"id":18541,"href":"https:\/\/chelso.com.br\/site\/wp-json\/wp\/v2\/posts\/18539\/revisions\/18541"}],"wp:featuredmedia":[{"embeddable":true,"href":"https:\/\/chelso.com.br\/site\/wp-json\/wp\/v2\/media\/18540"}],"wp:attachment":[{"href":"https:\/\/chelso.com.br\/site\/wp-json\/wp\/v2\/media?parent=18539"}],"wp:term":[{"taxonomy":"category","embeddable":true,"href":"https:\/\/chelso.com.br\/site\/wp-json\/wp\/v2\/categories?post=18539"},{"taxonomy":"post_tag","embeddable":true,"href":"https:\/\/chelso.com.br\/site\/wp-json\/wp\/v2\/tags?post=18539"}],"curies":[{"name":"wp","href":"https:\/\/api.w.org\/{rel}","templated":true}]}}