{"id":18777,"date":"2024-01-04T18:38:00","date_gmt":"2024-01-04T21:38:00","guid":{"rendered":"https:\/\/chelso.com.br\/site\/?p=18777"},"modified":"2024-01-04T18:38:00","modified_gmt":"2024-01-04T21:38:00","slug":"copa-interior-estreia-em-indaiatuba","status":"publish","type":"post","link":"https:\/\/chelso.com.br\/site\/copa-interior-estreia-em-indaiatuba\/","title":{"rendered":"Copa Interior estreia em Indaiatuba"},"content":{"rendered":"<p><span style=\"font-weight: 400;\"><strong>Copa Interior estreia em Indaiatuba<\/strong>! <\/span>A primeira etapa da Copa Interior de Triathlon j\u00e1 tem local e data confirmados: Indaiatuba, 28 de janeiro. A temporada 2024 do circuito de triathlon mais democr\u00e1tico do Brasil promete come\u00e7ar agitando o cen\u00e1rio esportivo do interior de S\u00e3o Paulo.<\/p>\n<p>As inscri\u00e7\u00f5es para o evento est\u00e3o abertas e as vagas est\u00e3o se esgotando rapidamente. Portanto, nossa dica \u00e9 que voc\u00ea n\u00e3o perca mais tempo e garanta a sua vaga agora mesmo!<\/p>\n<p><a href=\"https:\/\/www.copainterior.com.br\/1%C2%AAetapaindaiatuba\"><span style=\"font-weight: 400;\">Garanta sua vaga para a primeira etapa aqui<\/span><\/a><\/p>\n<blockquote class=\"instagram-media\" style=\"background: #FFF; border: 0; border-radius: 3px; box-shadow: 0 0 1px 0 rgba(0,0,0,0.5),0 1px 10px 0 rgba(0,0,0,0.15); margin: 1px; max-width: 540px; min-width: 326px; padding: 0; width: calc(100% - 2px);\" data-instgrm-captioned=\"\" data-instgrm-permalink=\"https:\/\/www.instagram.com\/p\/C1r4PT-uY8n\/?utm_source=ig_embed&amp;utm_campaign=loading\" data-instgrm-version=\"14\">\n<div style=\"padding: 16px;\">\n<p>&nbsp;<\/p>\n<div style=\"display: flex; flex-direction: row; align-items: center;\">\n<div style=\"background-color: #f4f4f4; border-radius: 50%; flex-grow: 0; height: 40px; margin-right: 14px; width: 40px;\"><\/div>\n<div style=\"display: flex; flex-direction: column; flex-grow: 1; justify-content: center;\">\n<div style=\"background-color: #f4f4f4; border-radius: 4px; flex-grow: 0; height: 14px; margin-bottom: 6px; width: 100px;\"><\/div>\n<div style=\"background-color: #f4f4f4; border-radius: 4px; flex-grow: 0; height: 14px; width: 60px;\"><\/div>\n<\/div>\n<\/div>\n<div style=\"padding: 19% 0;\"><\/div>\n<div style=\"display: block; height: 50px; margin: 0 auto 12px; width: 50px;\"><\/div>\n<div style=\"padding-top: 8px;\">\n<div style=\"color: #3897f0; font-family: Arial,sans-serif; font-size: 14px; font-style: normal; font-weight: 550; line-height: 18px;\">Ver essa foto no Instagram<\/div>\n<\/div>\n<div style=\"padding: 12.5% 0;\"><\/div>\n<div style=\"display: flex; flex-direction: row; margin-bottom: 14px; align-items: center;\">\n<div>\n<div style=\"background-color: #f4f4f4; border-radius: 50%; height: 12.5px; width: 12.5px; transform: translateX(0px) translateY(7px);\"><\/div>\n<div style=\"background-color: #f4f4f4; height: 12.5px; transform: rotate(-45deg) translateX(3px) translateY(1px); width: 12.5px; flex-grow: 0; margin-right: 14px; margin-left: 2px;\"><\/div>\n<div style=\"background-color: #f4f4f4; border-radius: 50%; height: 12.5px; width: 12.5px; transform: translateX(9px) translateY(-18px);\"><\/div>\n<\/div>\n<div style=\"margin-left: 8px;\">\n<div style=\"background-color: #f4f4f4; border-radius: 50%; flex-grow: 0; height: 20px; width: 20px;\"><\/div>\n<div style=\"width: 0; height: 0; border-top: 2px solid transparent; border-left: 6px solid #f4f4f4; border-bottom: 2px solid transparent; transform: translateX(16px) translateY(-4px) rotate(30deg);\"><\/div>\n<\/div>\n<div style=\"margin-left: auto;\">\n<div style=\"width: 0px; border-top: 8px solid #F4F4F4; border-right: 8px solid transparent; transform: translateY(16px);\"><\/div>\n<div style=\"background-color: #f4f4f4; flex-grow: 0; height: 12px; width: 16px; transform: translateY(-4px);\"><\/div>\n<div style=\"width: 0; height: 0; border-top: 8px solid #F4F4F4; border-left: 8px solid transparent; transform: translateY(-4px) translateX(8px);\"><\/div>\n<\/div>\n<\/div>\n<div style=\"display: flex; flex-direction: column; flex-grow: 1; justify-content: center; margin-bottom: 24px;\">\n<div style=\"background-color: #f4f4f4; border-radius: 4px; flex-grow: 0; height: 14px; margin-bottom: 6px; width: 224px;\"><\/div>\n<div style=\"background-color: #f4f4f4; border-radius: 4px; flex-grow: 0; height: 14px; width: 144px;\"><\/div>\n<\/div>\n<p>&nbsp;<\/p>\n<p style=\"color: #c9c8cd; font-family: Arial,sans-serif; font-size: 14px; line-height: 17px; margin-bottom: 0; margin-top: 8px; overflow: hidden; padding: 8px 0 7px; text-align: center; text-overflow: ellipsis; white-space: nowrap;\"><a style=\"color: #c9c8cd; font-family: Arial,sans-serif; font-size: 14px; font-style: normal; font-weight: normal; line-height: 17px; text-decoration: none;\" href=\"https:\/\/www.instagram.com\/p\/C1r4PT-uY8n\/?utm_source=ig_embed&amp;utm_campaign=loading\" target=\"_blank\" rel=\"noopener\">Uma publica\u00e7\u00e3o compartilhada por COPA INTERIOR (@copainteriorcs)<\/a><\/p>\n<\/div>\n<\/blockquote>\n<p><script async src=\"\/\/www.instagram.com\/embed.js\"><\/script><\/p>\n<h2><strong>Copa Interior estreia em Indaiatuba &#8211; Calend\u00e1rio 2024<\/strong><\/h2>\n<ul>\n<li style=\"font-weight: 400;\" aria-level=\"1\"><span style=\"font-weight: 400;\">1\u00aa Etapa \u2013 28 de janeiro \u2013 Indaiatuba<\/span><\/li>\n<li style=\"font-weight: 400;\" aria-level=\"1\"><span style=\"font-weight: 400;\">2\u00aa Etapa \u2013 21 de abril \u2013 Sorocaba<\/span><\/li>\n<li style=\"font-weight: 400;\" aria-level=\"1\"><span style=\"font-weight: 400;\">3\u00aa Etapa \u2013 19 de maio \u2013 Paul\u00ednia<\/span><\/li>\n<li style=\"font-weight: 400;\" aria-level=\"1\"><span style=\"font-weight: 400;\">4\u00aa Etapa \u2013 13 de outubro \u2013 S\u00e3o Pedro<\/span><\/li>\n<li style=\"font-weight: 400;\" aria-level=\"1\"><span style=\"font-weight: 400;\">5\u00aa Etapa \u2013 24 de novembro \u2013 Itatiba<\/span><\/li>\n<\/ul>\n<p><a href=\"https:\/\/chelso.com.br\/site\/provas-presenciais\/\"><span style=\"font-weight: 400;\">Saiba mais sobre o nosso calend\u00e1rio de provas presenciais<\/span><\/a><\/p>\n<h3><b>Confira as dist\u00e2ncias por modalidade:<\/b><\/h3>\n<h4><b>Triathlon<\/b><\/h4>\n<ul>\n<li style=\"font-weight: 400;\" aria-level=\"1\"><span style=\"font-weight: 400;\">Fitness: 375 m de nata\u00e7\u00e3o + 5 km de bike + 2 km de corrida<\/span><\/li>\n<li style=\"font-weight: 400;\" aria-level=\"1\"><span style=\"font-weight: 400;\">Sprint: 750 m de nata\u00e7\u00e3o + 20 km de bike + 5 km de corrida<\/span><\/li>\n<li style=\"font-weight: 400;\" aria-level=\"1\"><span style=\"font-weight: 400;\">Ol\u00edmpico: 1.500 m de nata\u00e7\u00e3o + 40 km de bike + 10 km de corrida<\/span><\/li>\n<\/ul>\n<h4><b>Duathlon<\/b><\/h4>\n<ul>\n<li style=\"font-weight: 400;\" aria-level=\"1\"><span style=\"font-weight: 400;\">Fitness: 1 km de corrida + 5 km de bike + 2 km de corrida<\/span><\/li>\n<li style=\"font-weight: 400;\" aria-level=\"1\"><span style=\"font-weight: 400;\">Sprint: 2,5 km de corrida + 20 km de bike + 5 km de corrida\u00a0<\/span><\/li>\n<li style=\"font-weight: 400;\" aria-level=\"1\"><span style=\"font-weight: 400;\">Ol\u00edmpico: 5km de corrida + 40km de bike + 10km de corrida<\/span><\/li>\n<\/ul>\n<h4><b>Aquathlon<\/b><\/h4>\n<ul>\n<li style=\"font-weight: 400;\" aria-level=\"1\"><span style=\"font-weight: 400;\">Fitness: 375 m de nata\u00e7\u00e3o + 2 km de corrida<\/span><\/li>\n<li style=\"font-weight: 400;\" aria-level=\"1\"><span style=\"font-weight: 400;\">Sprint: 750 m de nata\u00e7\u00e3o + 5 km de corrida<\/span><\/li>\n<li style=\"font-weight: 400;\" aria-level=\"1\"><span style=\"font-weight: 400;\">Ol\u00edmpico: 1.500 m de nata\u00e7\u00e3o + 10 km de corrida<\/span><\/li>\n<\/ul>\n<blockquote class=\"instagram-media\" style=\"background: #FFF; border: 0; border-radius: 3px; box-shadow: 0 0 1px 0 rgba(0,0,0,0.5),0 1px 10px 0 rgba(0,0,0,0.15); margin: 1px; max-width: 540px; min-width: 326px; padding: 0; width: calc(100% - 2px);\" data-instgrm-captioned=\"\" data-instgrm-permalink=\"https:\/\/www.instagram.com\/p\/C1rrUXihgso\/?utm_source=ig_embed&amp;utm_campaign=loading\" data-instgrm-version=\"14\">\n<div style=\"padding: 16px;\">\n<p>&nbsp;<\/p>\n<div style=\"display: flex; flex-direction: row; align-items: center;\">\n<div style=\"background-color: #f4f4f4; border-radius: 50%; flex-grow: 0; height: 40px; margin-right: 14px; width: 40px;\"><\/div>\n<div style=\"display: flex; flex-direction: column; flex-grow: 1; justify-content: center;\">\n<div style=\"background-color: #f4f4f4; border-radius: 4px; flex-grow: 0; height: 14px; margin-bottom: 6px; width: 100px;\"><\/div>\n<div style=\"background-color: #f4f4f4; border-radius: 4px; flex-grow: 0; height: 14px; width: 60px;\"><\/div>\n<\/div>\n<\/div>\n<div style=\"padding: 19% 0;\"><\/div>\n<div style=\"display: block; height: 50px; margin: 0 auto 12px; width: 50px;\"><\/div>\n<div style=\"padding-top: 8px;\">\n<div style=\"color: #3897f0; font-family: Arial,sans-serif; font-size: 14px; font-style: normal; font-weight: 550; line-height: 18px;\">Ver essa foto no Instagram<\/div>\n<\/div>\n<div style=\"padding: 12.5% 0;\"><\/div>\n<div style=\"display: flex; flex-direction: row; margin-bottom: 14px; align-items: center;\">\n<div>\n<div style=\"background-color: #f4f4f4; border-radius: 50%; height: 12.5px; width: 12.5px; transform: translateX(0px) translateY(7px);\"><\/div>\n<div style=\"background-color: #f4f4f4; height: 12.5px; transform: rotate(-45deg) translateX(3px) translateY(1px); width: 12.5px; flex-grow: 0; margin-right: 14px; margin-left: 2px;\"><\/div>\n<div style=\"background-color: #f4f4f4; border-radius: 50%; height: 12.5px; width: 12.5px; transform: translateX(9px) translateY(-18px);\"><\/div>\n<\/div>\n<div style=\"margin-left: 8px;\">\n<div style=\"background-color: #f4f4f4; border-radius: 50%; flex-grow: 0; height: 20px; width: 20px;\"><\/div>\n<div style=\"width: 0; height: 0; border-top: 2px solid transparent; border-left: 6px solid #f4f4f4; border-bottom: 2px solid transparent; transform: translateX(16px) translateY(-4px) rotate(30deg);\"><\/div>\n<\/div>\n<div style=\"margin-left: auto;\">\n<div style=\"width: 0px; border-top: 8px solid #F4F4F4; border-right: 8px solid transparent; transform: translateY(16px);\"><\/div>\n<div style=\"background-color: #f4f4f4; flex-grow: 0; height: 12px; width: 16px; transform: translateY(-4px);\"><\/div>\n<div style=\"width: 0; height: 0; border-top: 8px solid #F4F4F4; border-left: 8px solid transparent; transform: translateY(-4px) translateX(8px);\"><\/div>\n<\/div>\n<\/div>\n<div style=\"display: flex; flex-direction: column; flex-grow: 1; justify-content: center; margin-bottom: 24px;\">\n<div style=\"background-color: #f4f4f4; border-radius: 4px; flex-grow: 0; height: 14px; margin-bottom: 6px; width: 224px;\"><\/div>\n<div style=\"background-color: #f4f4f4; border-radius: 4px; flex-grow: 0; height: 14px; width: 144px;\"><\/div>\n<\/div>\n<p>&nbsp;<\/p>\n<p style=\"color: #c9c8cd; font-family: Arial,sans-serif; font-size: 14px; line-height: 17px; margin-bottom: 0; margin-top: 8px; overflow: hidden; padding: 8px 0 7px; text-align: center; text-overflow: ellipsis; white-space: nowrap;\"><a style=\"color: #c9c8cd; font-family: Arial,sans-serif; font-size: 14px; font-style: normal; font-weight: normal; line-height: 17px; text-decoration: none;\" href=\"https:\/\/www.instagram.com\/p\/C1rrUXihgso\/?utm_source=ig_embed&amp;utm_campaign=loading\" target=\"_blank\" rel=\"noopener\">Uma publica\u00e7\u00e3o compartilhada por COPA INTERIOR (@copainteriorcs)<\/a><\/p>\n<\/div>\n<\/blockquote>\n<p><script async src=\"\/\/www.instagram.com\/embed.js\"><\/script><\/p>\n<h4><b>Sobre a Copa Interior de Triathlon<\/b><\/h4>\n<p><span style=\"font-weight: 400;\">A Copa Interior tem como objetivo levar provas de v\u00e1rias modalidades para o interior de S\u00e3o Paulo.<\/span><\/p>\n<p><span style=\"font-weight: 400;\">Ao passar por v\u00e1rias cidades, a Copa Interior oferece diferentes dist\u00e2ncias e modalidades, desde o n\u00edvel Fitness, voltado para atletas iniciantes, at\u00e9 o n\u00edvel Ol\u00edmpico, com dist\u00e2ncias mais longas. Promovendo uma competi\u00e7\u00e3o saud\u00e1vel entre os atletas, a Copa oferece premia\u00e7\u00f5es por categoria em todas as etapas, al\u00e9m de uma premia\u00e7\u00e3o geral ao final do circuito.<\/span><\/p>\n<p><span style=\"font-weight: 400;\">As provas tamb\u00e9m contam com uma estrutura de alta qualidade, proporcionando uma experi\u00eancia completa aos participantes. Al\u00e9m disso, a Copa Interior estabeleceu parcerias com diversas prefeituras locais, o que contribui para democratizar as provas de v\u00e1rias modalidades no interior de S\u00e3o Paulo.<\/span><\/p>\n<p><iframe  id=\"_ytid_79296\"  width=\"788\" height=\"443\"  data-origwidth=\"788\" data-origheight=\"443\" src=\"https:\/\/www.youtube.com\/embed\/kxi7PyOkoTI?enablejsapi=1&#038;autoplay=0&#038;cc_load_policy=0&#038;cc_lang_pref=&#038;iv_load_policy=1&#038;loop=0&#038;rel=1&#038;fs=1&#038;playsinline=0&#038;autohide=2&#038;theme=dark&#038;color=red&#038;controls=1&#038;disablekb=0&#038;\" class=\"__youtube_prefs__  epyt-is-override  no-lazyload\" title=\"YouTube player\"  allow=\"fullscreen; accelerometer; autoplay; clipboard-write; encrypted-media; gyroscope; picture-in-picture; web-share\" referrerpolicy=\"strict-origin-when-cross-origin\" allowfullscreen data-no-lazy=\"1\" data-skipgform_ajax_framebjll=\"\"><\/iframe><\/p>\n<h4><b>Siga a Chelso<\/b><\/h4>\n<p><span style=\"font-weight: 400;\">A Chelso Sports est\u00e1 presente no <\/span><a href=\"https:\/\/www.youtube.com\/@ChelsoSports\"><span style=\"font-weight: 400;\">YouTube<\/span><\/a><span style=\"font-weight: 400;\">! Por isso, convidamos voc\u00ea a se inscrever em nosso canal, deixar seus coment\u00e1rios e ficar por dentro de todas as novidades do mundo dos esportes. Ultrapassamos a marca de 4 mil inscritos e, como nossa nova meta \u00e9 chegar aos 5 mil, n\u00e3o deixe de acompanhar nossos v\u00eddeos exclusivos.<\/span><\/p>\n<p><span style=\"font-weight: 400;\">Al\u00e9m disso, n\u00e3o para por a\u00ed! Se voc\u00ea quer ter acesso a todas as informa\u00e7\u00f5es sobre nosso calend\u00e1rio de provas e dicas de treinamento, \u00e9 s\u00f3 seguir a Chelso Sports no <\/span><a href=\"https:\/\/www.instagram.com\/chelsosports\/\"><span style=\"font-weight: 400;\">Instagram<\/span><\/a><span style=\"font-weight: 400;\">. Fique por dentro de curiosidades e novidades sobre os esportes outdoor. Ent\u00e3o, n\u00e3o perca tempo e nos acompanhe agora mesmo nas redes sociais!<\/span><\/p>\n","protected":false},"excerpt":{"rendered":"<p>Copa Interior estreia em Indaiatuba! A primeira etapa da Copa Interior de Triathlon j\u00e1 tem local e data confirmados: Indaiatuba, 28 de janeiro. A temporada 2024 do circuito de triathlon mais democr\u00e1tico do Brasil promete come\u00e7ar agitando o cen\u00e1rio esportivo do interior de S\u00e3o Paulo. As inscri\u00e7\u00f5es para o evento est\u00e3o abertas e as vagas<\/p>\n","protected":false},"author":21,"featured_media":18778,"comment_status":"open","ping_status":"closed","sticky":false,"template":"","format":"standard","meta":{"om_disable_all_campaigns":false,"_monsterinsights_skip_tracking":false,"_monsterinsights_sitenote_active":false,"_monsterinsights_sitenote_note":"","_monsterinsights_sitenote_category":0,"footnotes":""},"categories":[56,30],"tags":[157,41,1059,156,3697,130],"class_list":{"0":"post-18777","1":"post","2":"type-post","3":"status-publish","4":"format-standard","5":"has-post-thumbnail","7":"category-eventos","8":"category-noticias","9":"tag-aquathlon","10":"tag-chelso-sports","11":"tag-copa-interior","12":"tag-duathlon","13":"tag-indaiatuba","14":"tag-triathlon"},"aioseo_notices":[],"yoast_head":"<!-- This site is optimized with the Yoast SEO plugin v27.5 - https:\/\/yoast.com\/product\/yoast-seo-wordpress\/ -->\n<title>Copa Interior estreia em Indaiatuba - Portal Chelso Sports<\/title>\n<meta name=\"description\" content=\"Copa Interior estreia em Indaiatuba! Evento que abre a temporada 2024 ser\u00e1 realizado no dia 28 de janeiro. Confira todas as informa\u00e7\u00f5es.\" \/>\n<meta name=\"robots\" content=\"index, follow, max-snippet:-1, max-image-preview:large, max-video-preview:-1\" \/>\n<link rel=\"canonical\" href=\"https:\/\/chelso.com.br\/site\/copa-interior-estreia-em-indaiatuba\/\" \/>\n<meta property=\"og:locale\" content=\"pt_BR\" \/>\n<meta property=\"og:type\" content=\"article\" \/>\n<meta property=\"og:title\" content=\"Copa Interior estreia em Indaiatuba - Portal Chelso Sports\" \/>\n<meta property=\"og:description\" content=\"Copa Interior estreia em Indaiatuba! Evento que abre a temporada 2024 ser\u00e1 realizado no dia 28 de janeiro. Confira todas as informa\u00e7\u00f5es.\" \/>\n<meta property=\"og:url\" content=\"https:\/\/chelso.com.br\/site\/copa-interior-estreia-em-indaiatuba\/\" \/>\n<meta property=\"og:site_name\" content=\"Portal Chelso Sports\" \/>\n<meta property=\"article:published_time\" content=\"2024-01-04T21:38:00+00:00\" \/>\n<meta property=\"og:image\" content=\"https:\/\/chelso.com.br\/site\/wp-content\/uploads\/2024\/01\/Copa-Interior-estreia-em-Indaiatuba.png\" \/>\n\t<meta property=\"og:image:width\" content=\"808\" \/>\n\t<meta property=\"og:image:height\" content=\"480\" \/>\n\t<meta property=\"og:image:type\" content=\"image\/png\" \/>\n<meta name=\"author\" content=\"Chelso\" \/>\n<meta name=\"twitter:card\" content=\"summary_large_image\" \/>\n<meta name=\"twitter:label1\" content=\"Escrito por\" \/>\n\t<meta name=\"twitter:data1\" content=\"Chelso\" \/>\n\t<meta name=\"twitter:label2\" content=\"Est. tempo de leitura\" \/>\n\t<meta name=\"twitter:data2\" content=\"3 minutos\" \/>\n<script type=\"application\/ld+json\" class=\"yoast-schema-graph\">{\"@context\":\"https:\\\/\\\/schema.org\",\"@graph\":[{\"@type\":\"Article\",\"@id\":\"https:\\\/\\\/chelso.com.br\\\/site\\\/copa-interior-estreia-em-indaiatuba\\\/#article\",\"isPartOf\":{\"@id\":\"https:\\\/\\\/chelso.com.br\\\/site\\\/copa-interior-estreia-em-indaiatuba\\\/\"},\"author\":{\"name\":\"Chelso\",\"@id\":\"https:\\\/\\\/chelso.com.br\\\/site\\\/#\\\/schema\\\/person\\\/06bf484f0ccbb71d4fd2128d594e1d0a\"},\"headline\":\"Copa Interior estreia em Indaiatuba\",\"datePublished\":\"2024-01-04T21:38:00+00:00\",\"mainEntityOfPage\":{\"@id\":\"https:\\\/\\\/chelso.com.br\\\/site\\\/copa-interior-estreia-em-indaiatuba\\\/\"},\"wordCount\":529,\"commentCount\":0,\"image\":{\"@id\":\"https:\\\/\\\/chelso.com.br\\\/site\\\/copa-interior-estreia-em-indaiatuba\\\/#primaryimage\"},\"thumbnailUrl\":\"https:\\\/\\\/chelso.com.br\\\/site\\\/wp-content\\\/uploads\\\/2024\\\/01\\\/Copa-Interior-estreia-em-Indaiatuba.png\",\"keywords\":[\"aquathlon\",\"chelso sports\",\"Copa Interior\",\"duathlon\",\"Indaiatuba\",\"triathlon\"],\"articleSection\":[\"Eventos\",\"Not\u00edcias\"],\"inLanguage\":\"pt-BR\",\"potentialAction\":[{\"@type\":\"CommentAction\",\"name\":\"Comment\",\"target\":[\"https:\\\/\\\/chelso.com.br\\\/site\\\/copa-interior-estreia-em-indaiatuba\\\/#respond\"]}]},{\"@type\":\"WebPage\",\"@id\":\"https:\\\/\\\/chelso.com.br\\\/site\\\/copa-interior-estreia-em-indaiatuba\\\/\",\"url\":\"https:\\\/\\\/chelso.com.br\\\/site\\\/copa-interior-estreia-em-indaiatuba\\\/\",\"name\":\"Copa Interior estreia em Indaiatuba - Portal Chelso Sports\",\"isPartOf\":{\"@id\":\"https:\\\/\\\/chelso.com.br\\\/site\\\/#website\"},\"primaryImageOfPage\":{\"@id\":\"https:\\\/\\\/chelso.com.br\\\/site\\\/copa-interior-estreia-em-indaiatuba\\\/#primaryimage\"},\"image\":{\"@id\":\"https:\\\/\\\/chelso.com.br\\\/site\\\/copa-interior-estreia-em-indaiatuba\\\/#primaryimage\"},\"thumbnailUrl\":\"https:\\\/\\\/chelso.com.br\\\/site\\\/wp-content\\\/uploads\\\/2024\\\/01\\\/Copa-Interior-estreia-em-Indaiatuba.png\",\"datePublished\":\"2024-01-04T21:38:00+00:00\",\"author\":{\"@id\":\"https:\\\/\\\/chelso.com.br\\\/site\\\/#\\\/schema\\\/person\\\/06bf484f0ccbb71d4fd2128d594e1d0a\"},\"description\":\"Copa Interior estreia em Indaiatuba! Evento que abre a temporada 2024 ser\u00e1 realizado no dia 28 de janeiro. Confira todas as informa\u00e7\u00f5es.\",\"breadcrumb\":{\"@id\":\"https:\\\/\\\/chelso.com.br\\\/site\\\/copa-interior-estreia-em-indaiatuba\\\/#breadcrumb\"},\"inLanguage\":\"pt-BR\",\"potentialAction\":[{\"@type\":\"ReadAction\",\"target\":[\"https:\\\/\\\/chelso.com.br\\\/site\\\/copa-interior-estreia-em-indaiatuba\\\/\"]}]},{\"@type\":\"ImageObject\",\"inLanguage\":\"pt-BR\",\"@id\":\"https:\\\/\\\/chelso.com.br\\\/site\\\/copa-interior-estreia-em-indaiatuba\\\/#primaryimage\",\"url\":\"https:\\\/\\\/chelso.com.br\\\/site\\\/wp-content\\\/uploads\\\/2024\\\/01\\\/Copa-Interior-estreia-em-Indaiatuba.png\",\"contentUrl\":\"https:\\\/\\\/chelso.com.br\\\/site\\\/wp-content\\\/uploads\\\/2024\\\/01\\\/Copa-Interior-estreia-em-Indaiatuba.png\",\"width\":808,\"height\":480,\"caption\":\"Copa Interior estreia em Indaiatuba\"},{\"@type\":\"BreadcrumbList\",\"@id\":\"https:\\\/\\\/chelso.com.br\\\/site\\\/copa-interior-estreia-em-indaiatuba\\\/#breadcrumb\",\"itemListElement\":[{\"@type\":\"ListItem\",\"position\":1,\"name\":\"In\u00edcio\",\"item\":\"https:\\\/\\\/chelso.com.br\\\/site\\\/\"},{\"@type\":\"ListItem\",\"position\":2,\"name\":\"Copa Interior estreia em Indaiatuba\"}]},{\"@type\":\"WebSite\",\"@id\":\"https:\\\/\\\/chelso.com.br\\\/site\\\/#website\",\"url\":\"https:\\\/\\\/chelso.com.br\\\/site\\\/\",\"name\":\"Portal Chelso Sports\",\"description\":\"Conte\u00fado especializado em corrida de rua e triathlon\",\"potentialAction\":[{\"@type\":\"SearchAction\",\"target\":{\"@type\":\"EntryPoint\",\"urlTemplate\":\"https:\\\/\\\/chelso.com.br\\\/site\\\/?s={search_term_string}\"},\"query-input\":{\"@type\":\"PropertyValueSpecification\",\"valueRequired\":true,\"valueName\":\"search_term_string\"}}],\"inLanguage\":\"pt-BR\"},{\"@type\":\"Person\",\"@id\":\"https:\\\/\\\/chelso.com.br\\\/site\\\/#\\\/schema\\\/person\\\/06bf484f0ccbb71d4fd2128d594e1d0a\",\"name\":\"Chelso\",\"image\":{\"@type\":\"ImageObject\",\"inLanguage\":\"pt-BR\",\"@id\":\"https:\\\/\\\/chelso.com.br\\\/site\\\/wp-content\\\/uploads\\\/2025\\\/04\\\/Perfil20192-150x149.png\",\"url\":\"https:\\\/\\\/chelso.com.br\\\/site\\\/wp-content\\\/uploads\\\/2025\\\/04\\\/Perfil20192-150x149.png\",\"contentUrl\":\"https:\\\/\\\/chelso.com.br\\\/site\\\/wp-content\\\/uploads\\\/2025\\\/04\\\/Perfil20192-150x149.png\",\"caption\":\"Chelso\"},\"sameAs\":[\"http:\\\/\\\/www.chelso.com.br\"],\"url\":\"https:\\\/\\\/chelso.com.br\\\/site\\\/author\\\/maryblog\\\/\"}]}<\/script>\n<!-- \/ Yoast SEO plugin. -->","yoast_head_json":{"title":"Copa Interior estreia em Indaiatuba - Portal Chelso Sports","description":"Copa Interior estreia em Indaiatuba! Evento que abre a temporada 2024 ser\u00e1 realizado no dia 28 de janeiro. Confira todas as informa\u00e7\u00f5es.","robots":{"index":"index","follow":"follow","max-snippet":"max-snippet:-1","max-image-preview":"max-image-preview:large","max-video-preview":"max-video-preview:-1"},"canonical":"https:\/\/chelso.com.br\/site\/copa-interior-estreia-em-indaiatuba\/","og_locale":"pt_BR","og_type":"article","og_title":"Copa Interior estreia em Indaiatuba - Portal Chelso Sports","og_description":"Copa Interior estreia em Indaiatuba! Evento que abre a temporada 2024 ser\u00e1 realizado no dia 28 de janeiro. Confira todas as informa\u00e7\u00f5es.","og_url":"https:\/\/chelso.com.br\/site\/copa-interior-estreia-em-indaiatuba\/","og_site_name":"Portal Chelso Sports","article_published_time":"2024-01-04T21:38:00+00:00","og_image":[{"width":808,"height":480,"url":"https:\/\/chelso.com.br\/site\/wp-content\/uploads\/2024\/01\/Copa-Interior-estreia-em-Indaiatuba.png","type":"image\/png"}],"author":"Chelso","twitter_card":"summary_large_image","twitter_misc":{"Escrito por":"Chelso","Est. tempo de leitura":"3 minutos"},"schema":{"@context":"https:\/\/schema.org","@graph":[{"@type":"Article","@id":"https:\/\/chelso.com.br\/site\/copa-interior-estreia-em-indaiatuba\/#article","isPartOf":{"@id":"https:\/\/chelso.com.br\/site\/copa-interior-estreia-em-indaiatuba\/"},"author":{"name":"Chelso","@id":"https:\/\/chelso.com.br\/site\/#\/schema\/person\/06bf484f0ccbb71d4fd2128d594e1d0a"},"headline":"Copa Interior estreia em Indaiatuba","datePublished":"2024-01-04T21:38:00+00:00","mainEntityOfPage":{"@id":"https:\/\/chelso.com.br\/site\/copa-interior-estreia-em-indaiatuba\/"},"wordCount":529,"commentCount":0,"image":{"@id":"https:\/\/chelso.com.br\/site\/copa-interior-estreia-em-indaiatuba\/#primaryimage"},"thumbnailUrl":"https:\/\/chelso.com.br\/site\/wp-content\/uploads\/2024\/01\/Copa-Interior-estreia-em-Indaiatuba.png","keywords":["aquathlon","chelso sports","Copa Interior","duathlon","Indaiatuba","triathlon"],"articleSection":["Eventos","Not\u00edcias"],"inLanguage":"pt-BR","potentialAction":[{"@type":"CommentAction","name":"Comment","target":["https:\/\/chelso.com.br\/site\/copa-interior-estreia-em-indaiatuba\/#respond"]}]},{"@type":"WebPage","@id":"https:\/\/chelso.com.br\/site\/copa-interior-estreia-em-indaiatuba\/","url":"https:\/\/chelso.com.br\/site\/copa-interior-estreia-em-indaiatuba\/","name":"Copa Interior estreia em Indaiatuba - Portal Chelso Sports","isPartOf":{"@id":"https:\/\/chelso.com.br\/site\/#website"},"primaryImageOfPage":{"@id":"https:\/\/chelso.com.br\/site\/copa-interior-estreia-em-indaiatuba\/#primaryimage"},"image":{"@id":"https:\/\/chelso.com.br\/site\/copa-interior-estreia-em-indaiatuba\/#primaryimage"},"thumbnailUrl":"https:\/\/chelso.com.br\/site\/wp-content\/uploads\/2024\/01\/Copa-Interior-estreia-em-Indaiatuba.png","datePublished":"2024-01-04T21:38:00+00:00","author":{"@id":"https:\/\/chelso.com.br\/site\/#\/schema\/person\/06bf484f0ccbb71d4fd2128d594e1d0a"},"description":"Copa Interior estreia em Indaiatuba! Evento que abre a temporada 2024 ser\u00e1 realizado no dia 28 de janeiro. Confira todas as informa\u00e7\u00f5es.","breadcrumb":{"@id":"https:\/\/chelso.com.br\/site\/copa-interior-estreia-em-indaiatuba\/#breadcrumb"},"inLanguage":"pt-BR","potentialAction":[{"@type":"ReadAction","target":["https:\/\/chelso.com.br\/site\/copa-interior-estreia-em-indaiatuba\/"]}]},{"@type":"ImageObject","inLanguage":"pt-BR","@id":"https:\/\/chelso.com.br\/site\/copa-interior-estreia-em-indaiatuba\/#primaryimage","url":"https:\/\/chelso.com.br\/site\/wp-content\/uploads\/2024\/01\/Copa-Interior-estreia-em-Indaiatuba.png","contentUrl":"https:\/\/chelso.com.br\/site\/wp-content\/uploads\/2024\/01\/Copa-Interior-estreia-em-Indaiatuba.png","width":808,"height":480,"caption":"Copa Interior estreia em Indaiatuba"},{"@type":"BreadcrumbList","@id":"https:\/\/chelso.com.br\/site\/copa-interior-estreia-em-indaiatuba\/#breadcrumb","itemListElement":[{"@type":"ListItem","position":1,"name":"In\u00edcio","item":"https:\/\/chelso.com.br\/site\/"},{"@type":"ListItem","position":2,"name":"Copa Interior estreia em Indaiatuba"}]},{"@type":"WebSite","@id":"https:\/\/chelso.com.br\/site\/#website","url":"https:\/\/chelso.com.br\/site\/","name":"Portal Chelso Sports","description":"Conte\u00fado especializado em corrida de rua e triathlon","potentialAction":[{"@type":"SearchAction","target":{"@type":"EntryPoint","urlTemplate":"https:\/\/chelso.com.br\/site\/?s={search_term_string}"},"query-input":{"@type":"PropertyValueSpecification","valueRequired":true,"valueName":"search_term_string"}}],"inLanguage":"pt-BR"},{"@type":"Person","@id":"https:\/\/chelso.com.br\/site\/#\/schema\/person\/06bf484f0ccbb71d4fd2128d594e1d0a","name":"Chelso","image":{"@type":"ImageObject","inLanguage":"pt-BR","@id":"https:\/\/chelso.com.br\/site\/wp-content\/uploads\/2025\/04\/Perfil20192-150x149.png","url":"https:\/\/chelso.com.br\/site\/wp-content\/uploads\/2025\/04\/Perfil20192-150x149.png","contentUrl":"https:\/\/chelso.com.br\/site\/wp-content\/uploads\/2025\/04\/Perfil20192-150x149.png","caption":"Chelso"},"sameAs":["http:\/\/www.chelso.com.br"],"url":"https:\/\/chelso.com.br\/site\/author\/maryblog\/"}]}},"amp_enabled":true,"_links":{"self":[{"href":"https:\/\/chelso.com.br\/site\/wp-json\/wp\/v2\/posts\/18777","targetHints":{"allow":["GET"]}}],"collection":[{"href":"https:\/\/chelso.com.br\/site\/wp-json\/wp\/v2\/posts"}],"about":[{"href":"https:\/\/chelso.com.br\/site\/wp-json\/wp\/v2\/types\/post"}],"author":[{"embeddable":true,"href":"https:\/\/chelso.com.br\/site\/wp-json\/wp\/v2\/users\/21"}],"replies":[{"embeddable":true,"href":"https:\/\/chelso.com.br\/site\/wp-json\/wp\/v2\/comments?post=18777"}],"version-history":[{"count":1,"href":"https:\/\/chelso.com.br\/site\/wp-json\/wp\/v2\/posts\/18777\/revisions"}],"predecessor-version":[{"id":18779,"href":"https:\/\/chelso.com.br\/site\/wp-json\/wp\/v2\/posts\/18777\/revisions\/18779"}],"wp:featuredmedia":[{"embeddable":true,"href":"https:\/\/chelso.com.br\/site\/wp-json\/wp\/v2\/media\/18778"}],"wp:attachment":[{"href":"https:\/\/chelso.com.br\/site\/wp-json\/wp\/v2\/media?parent=18777"}],"wp:term":[{"taxonomy":"category","embeddable":true,"href":"https:\/\/chelso.com.br\/site\/wp-json\/wp\/v2\/categories?post=18777"},{"taxonomy":"post_tag","embeddable":true,"href":"https:\/\/chelso.com.br\/site\/wp-json\/wp\/v2\/tags?post=18777"}],"curies":[{"name":"wp","href":"https:\/\/api.w.org\/{rel}","templated":true}]}}