{"id":19032,"date":"2024-01-31T10:16:33","date_gmt":"2024-01-31T13:16:33","guid":{"rendered":"https:\/\/chelso.com.br\/site\/?p=19032"},"modified":"2024-01-31T10:16:33","modified_gmt":"2024-01-31T13:16:33","slug":"abertura-do-summit-abraceo-cbat","status":"publish","type":"post","link":"https:\/\/chelso.com.br\/site\/abertura-do-summit-abraceo-cbat\/","title":{"rendered":"Abertura do Summit ABRACEO\/CBAt"},"content":{"rendered":"<p>Abertura do Summit ABRACEO\/CBAt! Na abertura do 2\u00ba Summit ABRACEO\/CBAt, nesta ter\u00e7a-feira (30\/1), em Bragan\u00e7a Paulista, Wlamir Motta Campos, presidente da Confedera\u00e7\u00e3o Brasileira de Atletismo, e Guilherme Celso, presidente da\u00a0Associa\u00e7\u00e3o Brasileira de Organizadores de Corrida de Rua e Esportes Outdoor, refor\u00e7aram a parceria entre as entidades e com as Federa\u00e7\u00f5es Estaduais de Atletismo de todo o Pa\u00eds pelo crescimento das corridas de rua.\u00a0Iziane Marques,\u00a0secret\u00e1ria nacional de Esportes de Alto Desempenho, do Minist\u00e9rio do Esporte, participou da abertura destacando a import\u00e2ncia da corrida de rua.<\/p>\n<blockquote><p>&#8220;O que estamos fazendo aqui? Derrubando muros e construindo pontes, falando no fortalecimento de uma atividade gigante que \u00e9 a corrida de rua, com a necess\u00e1ria profissionaliza\u00e7\u00e3o e responsabilidade de cada um de n\u00f3s porque estamos falando em vidas. O foco principal \u00e9 a integridade f\u00edsica dos corredores, o que faz com que tenhamos uma grande responsabilidade e profissionaliza\u00e7\u00e3o&#8221;, disse Wlamir Motta Campos.<\/p><\/blockquote>\n<p><a href=\"https:\/\/chelso.com.br\/site\/provas-presenciais\/\">Saiba mais sobre o nosso calend\u00e1rio de provas presenciais<\/a><\/p>\n<blockquote class=\"instagram-media\" style=\"background: #FFF; border: 0; border-radius: 3px; box-shadow: 0 0 1px 0 rgba(0,0,0,0.5),0 1px 10px 0 rgba(0,0,0,0.15); margin: 1px; max-width: 540px; min-width: 326px; padding: 0; width: calc(100% - 2px);\" data-instgrm-captioned=\"\" data-instgrm-permalink=\"https:\/\/www.instagram.com\/p\/C2uceGGujyt\/?utm_source=ig_embed&amp;utm_campaign=loading\" data-instgrm-version=\"14\">\n<div style=\"padding: 16px;\">\n<p>&nbsp;<\/p>\n<div style=\"display: flex; flex-direction: row; align-items: center;\">\n<div style=\"background-color: #f4f4f4; border-radius: 50%; flex-grow: 0; height: 40px; margin-right: 14px; width: 40px;\"><\/div>\n<div style=\"display: flex; flex-direction: column; flex-grow: 1; justify-content: center;\">\n<div style=\"background-color: #f4f4f4; border-radius: 4px; flex-grow: 0; height: 14px; margin-bottom: 6px; width: 100px;\"><\/div>\n<div style=\"background-color: #f4f4f4; border-radius: 4px; flex-grow: 0; height: 14px; width: 60px;\"><\/div>\n<\/div>\n<\/div>\n<div style=\"padding: 19% 0;\"><\/div>\n<div style=\"display: block; height: 50px; margin: 0 auto 12px; width: 50px;\"><\/div>\n<div style=\"padding-top: 8px;\">\n<div style=\"color: #3897f0; font-family: Arial,sans-serif; font-size: 14px; font-style: normal; font-weight: 550; line-height: 18px;\">Ver essa foto no Instagram<\/div>\n<\/div>\n<div style=\"padding: 12.5% 0;\"><\/div>\n<div style=\"display: flex; flex-direction: row; margin-bottom: 14px; align-items: center;\">\n<div>\n<div style=\"background-color: #f4f4f4; border-radius: 50%; height: 12.5px; width: 12.5px; transform: translateX(0px) translateY(7px);\"><\/div>\n<div style=\"background-color: #f4f4f4; height: 12.5px; transform: rotate(-45deg) translateX(3px) translateY(1px); width: 12.5px; flex-grow: 0; margin-right: 14px; margin-left: 2px;\"><\/div>\n<div style=\"background-color: #f4f4f4; border-radius: 50%; height: 12.5px; width: 12.5px; transform: translateX(9px) translateY(-18px);\"><\/div>\n<\/div>\n<div style=\"margin-left: 8px;\">\n<div style=\"background-color: #f4f4f4; border-radius: 50%; flex-grow: 0; height: 20px; width: 20px;\"><\/div>\n<div style=\"width: 0; height: 0; border-top: 2px solid transparent; border-left: 6px solid #f4f4f4; border-bottom: 2px solid transparent; transform: translateX(16px) translateY(-4px) rotate(30deg);\"><\/div>\n<\/div>\n<div style=\"margin-left: auto;\">\n<div style=\"width: 0px; border-top: 8px solid #F4F4F4; border-right: 8px solid transparent; transform: translateY(16px);\"><\/div>\n<div style=\"background-color: #f4f4f4; flex-grow: 0; height: 12px; width: 16px; transform: translateY(-4px);\"><\/div>\n<div style=\"width: 0; height: 0; border-top: 8px solid #F4F4F4; border-left: 8px solid transparent; transform: translateY(-4px) translateX(8px);\"><\/div>\n<\/div>\n<\/div>\n<div style=\"display: flex; flex-direction: column; flex-grow: 1; justify-content: center; margin-bottom: 24px;\">\n<div style=\"background-color: #f4f4f4; border-radius: 4px; flex-grow: 0; height: 14px; margin-bottom: 6px; width: 224px;\"><\/div>\n<div style=\"background-color: #f4f4f4; border-radius: 4px; flex-grow: 0; height: 14px; width: 144px;\"><\/div>\n<\/div>\n<p>&nbsp;<\/p>\n<p style=\"color: #c9c8cd; font-family: Arial,sans-serif; font-size: 14px; line-height: 17px; margin-bottom: 0; margin-top: 8px; overflow: hidden; padding: 8px 0 7px; text-align: center; text-overflow: ellipsis; white-space: nowrap;\"><a style=\"color: #c9c8cd; font-family: Arial,sans-serif; font-size: 14px; font-style: normal; font-weight: normal; line-height: 17px; text-decoration: none;\" href=\"https:\/\/www.instagram.com\/p\/C2uceGGujyt\/?utm_source=ig_embed&amp;utm_campaign=loading\" target=\"_blank\" rel=\"noopener\">Uma publica\u00e7\u00e3o compartilhada por ABRACEO (@abraceo)<\/a><\/p>\n<\/div>\n<\/blockquote>\n<p><script async src=\"\/\/www.instagram.com\/embed.js\"><\/script><\/p>\n<h2>Abertura do Summit ABRACEO\/CBAt<\/h2>\n<p>Wlamir refor\u00e7ou sobre a import\u00e2ncia dos Permits da CBAt e das Federa\u00e7\u00f5es, previsto em lei, no Artigo 67 do C\u00f3digo de Tr\u00e2nsito. &#8220;\u00c9 necess\u00e1ria a chancela das Federa\u00e7\u00f5es. \u00c9 importante os organizadores entenderem que o Permit \u00e9 um selo que agrega valor a sua prova, al\u00e9m da integridade f\u00edsica, estamos falando de business, de patroc\u00ednio, marketing. Ambul\u00e2ncia, antidoping, postos de hidrata\u00e7\u00e3o, n\u00fameros de banheiros&#8230; quest\u00f5es &#8216;simples&#8217;, mas que fazem toda a diferen\u00e7a.&#8221;<\/p>\n<p>Acrescentou que &#8220;corrida de rua \u00e9 atletismo&#8221; e citou, inclusive, que a Wolrd Athletics criou\u00a0 o Mundial de Corridas de Rua &#8211; a primeira edi\u00e7\u00e3o foi em 2023, em Riga, na Let\u00f4nia.<\/p>\n<blockquote><p>Guilherme Celso, presidente da ABRACEO, destacou a parceria com a CBAt. &#8220;Estou muito feliz por ver todos os meus amigos organizadores dentro da casa do atletismo&#8221;, disse. &#8220;Toda semana eu converso com algum organizador e ele me pergunta sobre o Permit. Quando a gente conseguir que organizadores e Federa\u00e7\u00f5es falem de Permit significar\u00e1 que o organizador est\u00e1 vendo valor na Federa\u00e7\u00e3o e ela agregando ao evento do organizador&#8221;, disse Guilherme.<\/p><\/blockquote>\n<p>O 2\u00ba Summit ABRACEO\/CBAt tem como principal objetivo conectar os stakeholders do mercado dos organizadores de eventos outdoor. Visa a aproximar os v\u00e1rios atores de institui\u00e7\u00f5es e empresas para troca de experi\u00eancias e informa\u00e7\u00f5es com especialistas nacionais e internacionais num ambiente de neg\u00f3cios e termina amanh\u00e3, no audit\u00f3rio do Pequeno Mundo, que est\u00e1 localizado no mesmo condom\u00ednio da CBAt.<\/p>\n<p>Mariana Dantas, secret\u00e1ria de Esportes de Sergipe, Jefferson Neves, secret\u00e1rio de Esportes e Cultura de Mato Grosso &#8211; que vai receber o Ibero-Americano de Atletismo, em maio -, o deputado federal Julio Cesar Ribeiro e H\u00e9lio Gesta de Melo, presidente da Federa\u00e7\u00e3o Sul-Americana, participaram do talk\u00a0Pol\u00edtica P\u00fablica e Crescimento da Corrida de Rua na Am\u00e9rica do Sul, mediado por Ricardo Vidal, assessor de Rela\u00e7\u00f5es institucionais da CBAt em Bras\u00edlia.<\/p>\n<blockquote class=\"instagram-media\" style=\"background: #FFF; border: 0; border-radius: 3px; box-shadow: 0 0 1px 0 rgba(0,0,0,0.5),0 1px 10px 0 rgba(0,0,0,0.15); margin: 1px; max-width: 540px; min-width: 326px; padding: 0; width: calc(100% - 2px);\" data-instgrm-captioned=\"\" data-instgrm-permalink=\"https:\/\/www.instagram.com\/reel\/C2vSseDuk26\/?utm_source=ig_embed&amp;utm_campaign=loading\" data-instgrm-version=\"14\">\n<div style=\"padding: 16px;\">\n<p>&nbsp;<\/p>\n<div style=\"display: flex; flex-direction: row; align-items: center;\">\n<div style=\"background-color: #f4f4f4; border-radius: 50%; flex-grow: 0; height: 40px; margin-right: 14px; width: 40px;\"><\/div>\n<div style=\"display: flex; flex-direction: column; flex-grow: 1; justify-content: center;\">\n<div style=\"background-color: #f4f4f4; border-radius: 4px; flex-grow: 0; height: 14px; margin-bottom: 6px; width: 100px;\"><\/div>\n<div style=\"background-color: #f4f4f4; border-radius: 4px; flex-grow: 0; height: 14px; width: 60px;\"><\/div>\n<\/div>\n<\/div>\n<div style=\"padding: 19% 0;\"><\/div>\n<div style=\"display: block; height: 50px; margin: 0 auto 12px; width: 50px;\"><\/div>\n<div style=\"padding-top: 8px;\">\n<div style=\"color: #3897f0; font-family: Arial,sans-serif; font-size: 14px; font-style: normal; font-weight: 550; line-height: 18px;\">Ver essa foto no Instagram<\/div>\n<\/div>\n<div style=\"padding: 12.5% 0;\"><\/div>\n<div style=\"display: flex; flex-direction: row; margin-bottom: 14px; align-items: center;\">\n<div>\n<div style=\"background-color: #f4f4f4; border-radius: 50%; height: 12.5px; width: 12.5px; transform: translateX(0px) translateY(7px);\"><\/div>\n<div style=\"background-color: #f4f4f4; height: 12.5px; transform: rotate(-45deg) translateX(3px) translateY(1px); width: 12.5px; flex-grow: 0; margin-right: 14px; margin-left: 2px;\"><\/div>\n<div style=\"background-color: #f4f4f4; border-radius: 50%; height: 12.5px; width: 12.5px; transform: translateX(9px) translateY(-18px);\"><\/div>\n<\/div>\n<div style=\"margin-left: 8px;\">\n<div style=\"background-color: #f4f4f4; border-radius: 50%; flex-grow: 0; height: 20px; width: 20px;\"><\/div>\n<div style=\"width: 0; height: 0; border-top: 2px solid transparent; border-left: 6px solid #f4f4f4; border-bottom: 2px solid transparent; transform: translateX(16px) translateY(-4px) rotate(30deg);\"><\/div>\n<\/div>\n<div style=\"margin-left: auto;\">\n<div style=\"width: 0px; border-top: 8px solid #F4F4F4; border-right: 8px solid transparent; transform: translateY(16px);\"><\/div>\n<div style=\"background-color: #f4f4f4; flex-grow: 0; height: 12px; width: 16px; transform: translateY(-4px);\"><\/div>\n<div style=\"width: 0; height: 0; border-top: 8px solid #F4F4F4; border-left: 8px solid transparent; transform: translateY(-4px) translateX(8px);\"><\/div>\n<\/div>\n<\/div>\n<div style=\"display: flex; flex-direction: column; flex-grow: 1; justify-content: center; margin-bottom: 24px;\">\n<div style=\"background-color: #f4f4f4; border-radius: 4px; flex-grow: 0; height: 14px; margin-bottom: 6px; width: 224px;\"><\/div>\n<div style=\"background-color: #f4f4f4; border-radius: 4px; flex-grow: 0; height: 14px; width: 144px;\"><\/div>\n<\/div>\n<p>&nbsp;<\/p>\n<p style=\"color: #c9c8cd; font-family: Arial,sans-serif; font-size: 14px; line-height: 17px; margin-bottom: 0; margin-top: 8px; overflow: hidden; padding: 8px 0 7px; text-align: center; text-overflow: ellipsis; white-space: nowrap;\"><a style=\"color: #c9c8cd; font-family: Arial,sans-serif; font-size: 14px; font-style: normal; font-weight: normal; line-height: 17px; text-decoration: none;\" href=\"https:\/\/www.instagram.com\/reel\/C2vSseDuk26\/?utm_source=ig_embed&amp;utm_campaign=loading\" target=\"_blank\" rel=\"noopener\">Uma publica\u00e7\u00e3o compartilhada por ABRACEO (@abraceo)<\/a><\/p>\n<\/div>\n<\/blockquote>\n<p><script async src=\"\/\/www.instagram.com\/embed.js\"><\/script><\/p>\n<p>&#8220;O Permit as corridas foi inclu\u00eddo na Lei Geral do Esporte, com contribui\u00e7\u00e3o da senadora Leila passou no Congresso, mas foi vetado pelo Minist\u00e9rio. Estamos trabalhando para derrubar o veto e agora temos o apoio do ministro atual e acho que vamos conseguir&#8221;, disse o deputado federal Julio Cesar que, como secret\u00e1rio de Esportes e Lazer do Distrito Federal, retomou a Corrida de Reis de Bras\u00edlia, este ano com 13 mil participantes.<\/p>\n<p>Michelle Vinecky, diretora da Lei de Incentivo do Governo Federal, fechou as atividades da manh\u00e3 do primeiro dia do Summit.<\/p>\n<h4><strong>Pequeno Mundo<\/strong><\/h4>\n<p>A Associa\u00e7\u00e3o Pequeno Mundo, presidida por Daysi M\u00e9ssici, mereceu um agradecimento especial pela cess\u00e3o de instala\u00e7\u00f5es e audit\u00f3rio para a realiza\u00e7\u00e3o do 2\u00ba Summit. Wlamir agradeceu e os participantes do Summit viram um v\u00eddeo sobre o projeto da Associa\u00e7\u00e3o Pequeno Mundo, que atua em Bragan\u00e7a Paulista desde 20 de outubro de 2018.<\/p>\n<p>A entidade forma jovens de 14 a 18 anos em situa\u00e7\u00e3o de vulnerabilidade financeira, de forma totalmente gratuita, em cursos profissionalizantes livre de est\u00e9tica e beleza, gastronomia, tecnologia da informa\u00e7\u00e3o e edifica\u00e7\u00f5es e reformas. Possui consult\u00f3rios de psicologia e odontologia e atua tamb\u00e9m na coloca\u00e7\u00e3o dos jovens formados no mercado de trabalho.<\/p>\n<p>A Prevent Senior NewOn \u00e9 patrocinadora do atletismo brasileiro oferecendo medicina esportiva de precis\u00e3o e estilo de vida para os que se ligam no esporte e apoio \u00e0s competi\u00e7\u00f5es.<\/p>\n<p>As Loterias Caixa s\u00e3o a patrocinadora m\u00e1ster do atletismo brasileiro.<\/p>\n<p><img fetchpriority=\"high\" decoding=\"async\" class=\"wp-image-19033 size-full\" src=\"https:\/\/chelso.com.br\/site\/wp-content\/uploads\/2024\/01\/ABRACEO.jpg\" alt=\"Abertura do Summit ABRACEO\/CBAt\" width=\"1024\" height=\"620\" srcset=\"https:\/\/chelso.com.br\/site\/wp-content\/uploads\/2024\/01\/ABRACEO.jpg 1024w, https:\/\/chelso.com.br\/site\/wp-content\/uploads\/2024\/01\/ABRACEO-300x182.jpg 300w, https:\/\/chelso.com.br\/site\/wp-content\/uploads\/2024\/01\/ABRACEO-150x91.jpg 150w, https:\/\/chelso.com.br\/site\/wp-content\/uploads\/2024\/01\/ABRACEO-450x272.jpg 450w, https:\/\/chelso.com.br\/site\/wp-content\/uploads\/2024\/01\/ABRACEO-768x465.jpg 768w\" sizes=\"(max-width: 1024px) 100vw, 1024px\" \/><\/p>\n<h4><b>Siga a Chelso<\/b><\/h4>\n<p>A Chelso Sports est\u00e1 presente no\u00a0<a href=\"https:\/\/www.youtube.com\/@ChelsoSports\">YouTube<\/a>! Por isso, convidamos voc\u00ea a se inscrever em nosso canal, deixar seus coment\u00e1rios e ficar por dentro de todas as novidades do mundo dos esportes. Ultrapassamos a marca de 4 mil inscritos e, como nossa nova meta \u00e9 chegar aos 5 mil, n\u00e3o deixe de acompanhar nossos v\u00eddeos exclusivos.<\/p>\n<p>Al\u00e9m disso, n\u00e3o para por a\u00ed! Se voc\u00ea quer ter acesso a todas as informa\u00e7\u00f5es sobre nosso calend\u00e1rio de provas e dicas de treinamento, \u00e9 s\u00f3 seguir a Chelso Sports no\u00a0<a href=\"https:\/\/www.instagram.com\/chelsosports\/\">Instagram<\/a>. Fique por dentro de curiosidades e novidades sobre os esportes outdoor. Ent\u00e3o, n\u00e3o perca tempo e nos acompanhe agora mesmo nas redes sociais!<\/p>\n","protected":false},"excerpt":{"rendered":"<p>Abertura do Summit ABRACEO\/CBAt! Na abertura do 2\u00ba Summit ABRACEO\/CBAt, nesta ter\u00e7a-feira (30\/1), em Bragan\u00e7a Paulista, Wlamir Motta Campos, presidente da Confedera\u00e7\u00e3o Brasileira de Atletismo, e Guilherme Celso, presidente da\u00a0Associa\u00e7\u00e3o Brasileira de Organizadores de Corrida de Rua e Esportes Outdoor, refor\u00e7aram a parceria entre as entidades e com as Federa\u00e7\u00f5es Estaduais de Atletismo de todo<\/p>\n","protected":false},"author":21,"featured_media":19034,"comment_status":"open","ping_status":"closed","sticky":false,"template":"","format":"standard","meta":{"om_disable_all_campaigns":false,"_monsterinsights_skip_tracking":false,"_monsterinsights_sitenote_active":false,"_monsterinsights_sitenote_note":"","_monsterinsights_sitenote_category":0,"footnotes":""},"categories":[56,30],"tags":[800,735,41,2912],"class_list":{"0":"post-19032","1":"post","2":"type-post","3":"status-publish","4":"format-standard","5":"has-post-thumbnail","7":"category-eventos","8":"category-noticias","9":"tag-cbat","10":"tag-chelso","11":"tag-chelso-sports","12":"tag-summit"},"aioseo_notices":[],"yoast_head":"<!-- This site is optimized with the Yoast SEO plugin v27.5 - https:\/\/yoast.com\/product\/yoast-seo-wordpress\/ -->\n<title>Abertura do Summit ABRACEO\/CBAt - Portal Chelso Sports<\/title>\n<meta name=\"description\" content=\"Abertura do Summit ABRACEO\/CBAt! Confira como foi o primeiro dia do evento realizado na cidade de Bragan\u00e7a, interior de S\u00e3o Paulo\" \/>\n<meta name=\"robots\" content=\"index, follow, max-snippet:-1, max-image-preview:large, max-video-preview:-1\" \/>\n<link rel=\"canonical\" href=\"https:\/\/chelso.com.br\/site\/abertura-do-summit-abraceo-cbat\/\" \/>\n<meta property=\"og:locale\" content=\"pt_BR\" \/>\n<meta property=\"og:type\" content=\"article\" \/>\n<meta property=\"og:title\" content=\"Abertura do Summit ABRACEO\/CBAt - Portal Chelso Sports\" \/>\n<meta property=\"og:description\" content=\"Abertura do Summit ABRACEO\/CBAt! Confira como foi o primeiro dia do evento realizado na cidade de Bragan\u00e7a, interior de S\u00e3o Paulo\" \/>\n<meta property=\"og:url\" content=\"https:\/\/chelso.com.br\/site\/abertura-do-summit-abraceo-cbat\/\" \/>\n<meta property=\"og:site_name\" content=\"Portal Chelso Sports\" \/>\n<meta property=\"article:published_time\" content=\"2024-01-31T13:16:33+00:00\" \/>\n<meta property=\"og:image\" content=\"https:\/\/chelso.com.br\/site\/wp-content\/uploads\/2024\/01\/Abraceo-2.jpg\" \/>\n\t<meta property=\"og:image:width\" content=\"962\" \/>\n\t<meta property=\"og:image:height\" content=\"768\" \/>\n\t<meta property=\"og:image:type\" content=\"image\/jpeg\" \/>\n<meta name=\"author\" content=\"Chelso\" \/>\n<meta name=\"twitter:card\" content=\"summary_large_image\" \/>\n<meta name=\"twitter:label1\" content=\"Escrito por\" \/>\n\t<meta name=\"twitter:data1\" content=\"Chelso\" \/>\n\t<meta name=\"twitter:label2\" content=\"Est. tempo de leitura\" \/>\n\t<meta name=\"twitter:data2\" content=\"5 minutos\" \/>\n<script type=\"application\/ld+json\" class=\"yoast-schema-graph\">{\"@context\":\"https:\\\/\\\/schema.org\",\"@graph\":[{\"@type\":\"Article\",\"@id\":\"https:\\\/\\\/chelso.com.br\\\/site\\\/abertura-do-summit-abraceo-cbat\\\/#article\",\"isPartOf\":{\"@id\":\"https:\\\/\\\/chelso.com.br\\\/site\\\/abertura-do-summit-abraceo-cbat\\\/\"},\"author\":{\"name\":\"Chelso\",\"@id\":\"https:\\\/\\\/chelso.com.br\\\/site\\\/#\\\/schema\\\/person\\\/06bf484f0ccbb71d4fd2128d594e1d0a\"},\"headline\":\"Abertura do Summit ABRACEO\\\/CBAt\",\"datePublished\":\"2024-01-31T13:16:33+00:00\",\"mainEntityOfPage\":{\"@id\":\"https:\\\/\\\/chelso.com.br\\\/site\\\/abertura-do-summit-abraceo-cbat\\\/\"},\"wordCount\":917,\"commentCount\":0,\"image\":{\"@id\":\"https:\\\/\\\/chelso.com.br\\\/site\\\/abertura-do-summit-abraceo-cbat\\\/#primaryimage\"},\"thumbnailUrl\":\"https:\\\/\\\/chelso.com.br\\\/site\\\/wp-content\\\/uploads\\\/2024\\\/01\\\/Abraceo-2.jpg\",\"keywords\":[\"CBAt\",\"Chelso\",\"chelso sports\",\"Summit\"],\"articleSection\":[\"Eventos\",\"Not\u00edcias\"],\"inLanguage\":\"pt-BR\",\"potentialAction\":[{\"@type\":\"CommentAction\",\"name\":\"Comment\",\"target\":[\"https:\\\/\\\/chelso.com.br\\\/site\\\/abertura-do-summit-abraceo-cbat\\\/#respond\"]}]},{\"@type\":\"WebPage\",\"@id\":\"https:\\\/\\\/chelso.com.br\\\/site\\\/abertura-do-summit-abraceo-cbat\\\/\",\"url\":\"https:\\\/\\\/chelso.com.br\\\/site\\\/abertura-do-summit-abraceo-cbat\\\/\",\"name\":\"Abertura do Summit ABRACEO\\\/CBAt - Portal Chelso Sports\",\"isPartOf\":{\"@id\":\"https:\\\/\\\/chelso.com.br\\\/site\\\/#website\"},\"primaryImageOfPage\":{\"@id\":\"https:\\\/\\\/chelso.com.br\\\/site\\\/abertura-do-summit-abraceo-cbat\\\/#primaryimage\"},\"image\":{\"@id\":\"https:\\\/\\\/chelso.com.br\\\/site\\\/abertura-do-summit-abraceo-cbat\\\/#primaryimage\"},\"thumbnailUrl\":\"https:\\\/\\\/chelso.com.br\\\/site\\\/wp-content\\\/uploads\\\/2024\\\/01\\\/Abraceo-2.jpg\",\"datePublished\":\"2024-01-31T13:16:33+00:00\",\"author\":{\"@id\":\"https:\\\/\\\/chelso.com.br\\\/site\\\/#\\\/schema\\\/person\\\/06bf484f0ccbb71d4fd2128d594e1d0a\"},\"description\":\"Abertura do Summit ABRACEO\\\/CBAt! Confira como foi o primeiro dia do evento realizado na cidade de Bragan\u00e7a, interior de S\u00e3o Paulo\",\"breadcrumb\":{\"@id\":\"https:\\\/\\\/chelso.com.br\\\/site\\\/abertura-do-summit-abraceo-cbat\\\/#breadcrumb\"},\"inLanguage\":\"pt-BR\",\"potentialAction\":[{\"@type\":\"ReadAction\",\"target\":[\"https:\\\/\\\/chelso.com.br\\\/site\\\/abertura-do-summit-abraceo-cbat\\\/\"]}]},{\"@type\":\"ImageObject\",\"inLanguage\":\"pt-BR\",\"@id\":\"https:\\\/\\\/chelso.com.br\\\/site\\\/abertura-do-summit-abraceo-cbat\\\/#primaryimage\",\"url\":\"https:\\\/\\\/chelso.com.br\\\/site\\\/wp-content\\\/uploads\\\/2024\\\/01\\\/Abraceo-2.jpg\",\"contentUrl\":\"https:\\\/\\\/chelso.com.br\\\/site\\\/wp-content\\\/uploads\\\/2024\\\/01\\\/Abraceo-2.jpg\",\"width\":962,\"height\":768,\"caption\":\"Abertura do Summit ABRACEO\\\/CBAt\"},{\"@type\":\"BreadcrumbList\",\"@id\":\"https:\\\/\\\/chelso.com.br\\\/site\\\/abertura-do-summit-abraceo-cbat\\\/#breadcrumb\",\"itemListElement\":[{\"@type\":\"ListItem\",\"position\":1,\"name\":\"In\u00edcio\",\"item\":\"https:\\\/\\\/chelso.com.br\\\/site\\\/\"},{\"@type\":\"ListItem\",\"position\":2,\"name\":\"Abertura do Summit ABRACEO\\\/CBAt\"}]},{\"@type\":\"WebSite\",\"@id\":\"https:\\\/\\\/chelso.com.br\\\/site\\\/#website\",\"url\":\"https:\\\/\\\/chelso.com.br\\\/site\\\/\",\"name\":\"Portal Chelso Sports\",\"description\":\"Conte\u00fado especializado em corrida de rua e triathlon\",\"potentialAction\":[{\"@type\":\"SearchAction\",\"target\":{\"@type\":\"EntryPoint\",\"urlTemplate\":\"https:\\\/\\\/chelso.com.br\\\/site\\\/?s={search_term_string}\"},\"query-input\":{\"@type\":\"PropertyValueSpecification\",\"valueRequired\":true,\"valueName\":\"search_term_string\"}}],\"inLanguage\":\"pt-BR\"},{\"@type\":\"Person\",\"@id\":\"https:\\\/\\\/chelso.com.br\\\/site\\\/#\\\/schema\\\/person\\\/06bf484f0ccbb71d4fd2128d594e1d0a\",\"name\":\"Chelso\",\"image\":{\"@type\":\"ImageObject\",\"inLanguage\":\"pt-BR\",\"@id\":\"https:\\\/\\\/chelso.com.br\\\/site\\\/wp-content\\\/uploads\\\/2025\\\/04\\\/Perfil20192-150x149.png\",\"url\":\"https:\\\/\\\/chelso.com.br\\\/site\\\/wp-content\\\/uploads\\\/2025\\\/04\\\/Perfil20192-150x149.png\",\"contentUrl\":\"https:\\\/\\\/chelso.com.br\\\/site\\\/wp-content\\\/uploads\\\/2025\\\/04\\\/Perfil20192-150x149.png\",\"caption\":\"Chelso\"},\"sameAs\":[\"http:\\\/\\\/www.chelso.com.br\"],\"url\":\"https:\\\/\\\/chelso.com.br\\\/site\\\/author\\\/maryblog\\\/\"}]}<\/script>\n<!-- \/ Yoast SEO plugin. -->","yoast_head_json":{"title":"Abertura do Summit ABRACEO\/CBAt - Portal Chelso Sports","description":"Abertura do Summit ABRACEO\/CBAt! Confira como foi o primeiro dia do evento realizado na cidade de Bragan\u00e7a, interior de S\u00e3o Paulo","robots":{"index":"index","follow":"follow","max-snippet":"max-snippet:-1","max-image-preview":"max-image-preview:large","max-video-preview":"max-video-preview:-1"},"canonical":"https:\/\/chelso.com.br\/site\/abertura-do-summit-abraceo-cbat\/","og_locale":"pt_BR","og_type":"article","og_title":"Abertura do Summit ABRACEO\/CBAt - Portal Chelso Sports","og_description":"Abertura do Summit ABRACEO\/CBAt! Confira como foi o primeiro dia do evento realizado na cidade de Bragan\u00e7a, interior de S\u00e3o Paulo","og_url":"https:\/\/chelso.com.br\/site\/abertura-do-summit-abraceo-cbat\/","og_site_name":"Portal Chelso Sports","article_published_time":"2024-01-31T13:16:33+00:00","og_image":[{"width":962,"height":768,"url":"https:\/\/chelso.com.br\/site\/wp-content\/uploads\/2024\/01\/Abraceo-2.jpg","type":"image\/jpeg"}],"author":"Chelso","twitter_card":"summary_large_image","twitter_misc":{"Escrito por":"Chelso","Est. tempo de leitura":"5 minutos"},"schema":{"@context":"https:\/\/schema.org","@graph":[{"@type":"Article","@id":"https:\/\/chelso.com.br\/site\/abertura-do-summit-abraceo-cbat\/#article","isPartOf":{"@id":"https:\/\/chelso.com.br\/site\/abertura-do-summit-abraceo-cbat\/"},"author":{"name":"Chelso","@id":"https:\/\/chelso.com.br\/site\/#\/schema\/person\/06bf484f0ccbb71d4fd2128d594e1d0a"},"headline":"Abertura do Summit ABRACEO\/CBAt","datePublished":"2024-01-31T13:16:33+00:00","mainEntityOfPage":{"@id":"https:\/\/chelso.com.br\/site\/abertura-do-summit-abraceo-cbat\/"},"wordCount":917,"commentCount":0,"image":{"@id":"https:\/\/chelso.com.br\/site\/abertura-do-summit-abraceo-cbat\/#primaryimage"},"thumbnailUrl":"https:\/\/chelso.com.br\/site\/wp-content\/uploads\/2024\/01\/Abraceo-2.jpg","keywords":["CBAt","Chelso","chelso sports","Summit"],"articleSection":["Eventos","Not\u00edcias"],"inLanguage":"pt-BR","potentialAction":[{"@type":"CommentAction","name":"Comment","target":["https:\/\/chelso.com.br\/site\/abertura-do-summit-abraceo-cbat\/#respond"]}]},{"@type":"WebPage","@id":"https:\/\/chelso.com.br\/site\/abertura-do-summit-abraceo-cbat\/","url":"https:\/\/chelso.com.br\/site\/abertura-do-summit-abraceo-cbat\/","name":"Abertura do Summit ABRACEO\/CBAt - Portal Chelso Sports","isPartOf":{"@id":"https:\/\/chelso.com.br\/site\/#website"},"primaryImageOfPage":{"@id":"https:\/\/chelso.com.br\/site\/abertura-do-summit-abraceo-cbat\/#primaryimage"},"image":{"@id":"https:\/\/chelso.com.br\/site\/abertura-do-summit-abraceo-cbat\/#primaryimage"},"thumbnailUrl":"https:\/\/chelso.com.br\/site\/wp-content\/uploads\/2024\/01\/Abraceo-2.jpg","datePublished":"2024-01-31T13:16:33+00:00","author":{"@id":"https:\/\/chelso.com.br\/site\/#\/schema\/person\/06bf484f0ccbb71d4fd2128d594e1d0a"},"description":"Abertura do Summit ABRACEO\/CBAt! Confira como foi o primeiro dia do evento realizado na cidade de Bragan\u00e7a, interior de S\u00e3o Paulo","breadcrumb":{"@id":"https:\/\/chelso.com.br\/site\/abertura-do-summit-abraceo-cbat\/#breadcrumb"},"inLanguage":"pt-BR","potentialAction":[{"@type":"ReadAction","target":["https:\/\/chelso.com.br\/site\/abertura-do-summit-abraceo-cbat\/"]}]},{"@type":"ImageObject","inLanguage":"pt-BR","@id":"https:\/\/chelso.com.br\/site\/abertura-do-summit-abraceo-cbat\/#primaryimage","url":"https:\/\/chelso.com.br\/site\/wp-content\/uploads\/2024\/01\/Abraceo-2.jpg","contentUrl":"https:\/\/chelso.com.br\/site\/wp-content\/uploads\/2024\/01\/Abraceo-2.jpg","width":962,"height":768,"caption":"Abertura do Summit ABRACEO\/CBAt"},{"@type":"BreadcrumbList","@id":"https:\/\/chelso.com.br\/site\/abertura-do-summit-abraceo-cbat\/#breadcrumb","itemListElement":[{"@type":"ListItem","position":1,"name":"In\u00edcio","item":"https:\/\/chelso.com.br\/site\/"},{"@type":"ListItem","position":2,"name":"Abertura do Summit ABRACEO\/CBAt"}]},{"@type":"WebSite","@id":"https:\/\/chelso.com.br\/site\/#website","url":"https:\/\/chelso.com.br\/site\/","name":"Portal Chelso Sports","description":"Conte\u00fado especializado em corrida de rua e triathlon","potentialAction":[{"@type":"SearchAction","target":{"@type":"EntryPoint","urlTemplate":"https:\/\/chelso.com.br\/site\/?s={search_term_string}"},"query-input":{"@type":"PropertyValueSpecification","valueRequired":true,"valueName":"search_term_string"}}],"inLanguage":"pt-BR"},{"@type":"Person","@id":"https:\/\/chelso.com.br\/site\/#\/schema\/person\/06bf484f0ccbb71d4fd2128d594e1d0a","name":"Chelso","image":{"@type":"ImageObject","inLanguage":"pt-BR","@id":"https:\/\/chelso.com.br\/site\/wp-content\/uploads\/2025\/04\/Perfil20192-150x149.png","url":"https:\/\/chelso.com.br\/site\/wp-content\/uploads\/2025\/04\/Perfil20192-150x149.png","contentUrl":"https:\/\/chelso.com.br\/site\/wp-content\/uploads\/2025\/04\/Perfil20192-150x149.png","caption":"Chelso"},"sameAs":["http:\/\/www.chelso.com.br"],"url":"https:\/\/chelso.com.br\/site\/author\/maryblog\/"}]}},"amp_enabled":true,"_links":{"self":[{"href":"https:\/\/chelso.com.br\/site\/wp-json\/wp\/v2\/posts\/19032","targetHints":{"allow":["GET"]}}],"collection":[{"href":"https:\/\/chelso.com.br\/site\/wp-json\/wp\/v2\/posts"}],"about":[{"href":"https:\/\/chelso.com.br\/site\/wp-json\/wp\/v2\/types\/post"}],"author":[{"embeddable":true,"href":"https:\/\/chelso.com.br\/site\/wp-json\/wp\/v2\/users\/21"}],"replies":[{"embeddable":true,"href":"https:\/\/chelso.com.br\/site\/wp-json\/wp\/v2\/comments?post=19032"}],"version-history":[{"count":1,"href":"https:\/\/chelso.com.br\/site\/wp-json\/wp\/v2\/posts\/19032\/revisions"}],"predecessor-version":[{"id":19035,"href":"https:\/\/chelso.com.br\/site\/wp-json\/wp\/v2\/posts\/19032\/revisions\/19035"}],"wp:featuredmedia":[{"embeddable":true,"href":"https:\/\/chelso.com.br\/site\/wp-json\/wp\/v2\/media\/19034"}],"wp:attachment":[{"href":"https:\/\/chelso.com.br\/site\/wp-json\/wp\/v2\/media?parent=19032"}],"wp:term":[{"taxonomy":"category","embeddable":true,"href":"https:\/\/chelso.com.br\/site\/wp-json\/wp\/v2\/categories?post=19032"},{"taxonomy":"post_tag","embeddable":true,"href":"https:\/\/chelso.com.br\/site\/wp-json\/wp\/v2\/tags?post=19032"}],"curies":[{"name":"wp","href":"https:\/\/api.w.org\/{rel}","templated":true}]}}