{"id":19095,"date":"2024-02-05T17:27:28","date_gmt":"2024-02-05T20:27:28","guid":{"rendered":"https:\/\/chelso.com.br\/site\/?p=19095"},"modified":"2024-02-05T17:27:28","modified_gmt":"2024-02-05T20:27:28","slug":"kitpum-em-bsuca-do-sub-2h","status":"publish","type":"post","link":"https:\/\/chelso.com.br\/site\/kitpum-em-bsuca-do-sub-2h\/","title":{"rendered":"Kitpum em busca do sub-2h"},"content":{"rendered":"<p><span style=\"font-weight: 400;\"><strong>Kitpum em busca do sub-2h<\/strong>! O recordista mundial de maratona, Kelvim Kiptum, com um tempo de 2h00m35s, chamou novamente a aten\u00e7\u00e3o dos f\u00e3s de corrida na semana passada. Anunciado como parte do pelot\u00e3o de elite da Maratona de Roterd\u00e3, na Holanda, o atleta ganhou destaque ap\u00f3s um post de um de seus patrocinadores, a marca de rel\u00f3gios esportivos Amazfit, afirmar que Kiptum deseja quebrar a barreira das 2 horas na prova holandesa.<\/span><\/p>\n<blockquote><p><span style=\"font-weight: 400;\">No entanto, n\u00e3o foi apenas o post da Amazfit que chamou a aten\u00e7\u00e3o. O pr\u00f3prio Kiptum endossou a informa\u00e7\u00e3o, declarando: &#8220;Enquanto busco quebrar a marca de duas horas em Roterd\u00e3 e lutar pelo ouro nas Olimp\u00edadas de Paris, tenho confian\u00e7a de que a Amazfit ser\u00e1 minha aliada definitiva para ultrapassar os limites do potencial humano. Juntos, estamos prontos para redefinir o que \u00e9 poss\u00edvel.&#8221;<\/span><\/p><\/blockquote>\n<p><a href=\"https:\/\/chelso.com.br\/site\/provas-presenciais\/\">Saiba mais sobre o nosso calend\u00e1rio de provas presenciais<\/a><\/p>\n<blockquote class=\"instagram-media\" style=\"background: #FFF; border: 0; border-radius: 3px; box-shadow: 0 0 1px 0 rgba(0,0,0,0.5),0 1px 10px 0 rgba(0,0,0,0.15); margin: 1px; max-width: 540px; min-width: 326px; padding: 0; width: calc(100% - 2px);\" data-instgrm-captioned=\"\" data-instgrm-permalink=\"https:\/\/www.instagram.com\/reel\/C2zrfFMN2iK\/?utm_source=ig_embed&amp;utm_campaign=loading\" data-instgrm-version=\"14\">\n<div style=\"padding: 16px;\">\n<p>&nbsp;<\/p>\n<div style=\"display: flex; flex-direction: row; align-items: center;\">\n<div style=\"background-color: #f4f4f4; border-radius: 50%; flex-grow: 0; height: 40px; margin-right: 14px; width: 40px;\"><\/div>\n<div style=\"display: flex; flex-direction: column; flex-grow: 1; justify-content: center;\">\n<div style=\"background-color: #f4f4f4; border-radius: 4px; flex-grow: 0; height: 14px; margin-bottom: 6px; width: 100px;\"><\/div>\n<div style=\"background-color: #f4f4f4; border-radius: 4px; flex-grow: 0; height: 14px; width: 60px;\"><\/div>\n<\/div>\n<\/div>\n<div style=\"padding: 19% 0;\"><\/div>\n<div style=\"display: block; height: 50px; margin: 0 auto 12px; width: 50px;\"><\/div>\n<div style=\"padding-top: 8px;\">\n<div style=\"color: #3897f0; font-family: Arial,sans-serif; font-size: 14px; font-style: normal; font-weight: 550; line-height: 18px;\">Ver essa foto no Instagram<\/div>\n<\/div>\n<div style=\"padding: 12.5% 0;\"><\/div>\n<div style=\"display: flex; flex-direction: row; margin-bottom: 14px; align-items: center;\">\n<div>\n<div style=\"background-color: #f4f4f4; border-radius: 50%; height: 12.5px; width: 12.5px; transform: translateX(0px) translateY(7px);\"><\/div>\n<div style=\"background-color: #f4f4f4; height: 12.5px; transform: rotate(-45deg) translateX(3px) translateY(1px); width: 12.5px; flex-grow: 0; margin-right: 14px; margin-left: 2px;\"><\/div>\n<div style=\"background-color: #f4f4f4; border-radius: 50%; height: 12.5px; width: 12.5px; transform: translateX(9px) translateY(-18px);\"><\/div>\n<\/div>\n<div style=\"margin-left: 8px;\">\n<div style=\"background-color: #f4f4f4; border-radius: 50%; flex-grow: 0; height: 20px; width: 20px;\"><\/div>\n<div style=\"width: 0; height: 0; border-top: 2px solid transparent; border-left: 6px solid #f4f4f4; border-bottom: 2px solid transparent; transform: translateX(16px) translateY(-4px) rotate(30deg);\"><\/div>\n<\/div>\n<div style=\"margin-left: auto;\">\n<div style=\"width: 0px; border-top: 8px solid #F4F4F4; border-right: 8px solid transparent; transform: translateY(16px);\"><\/div>\n<div style=\"background-color: #f4f4f4; flex-grow: 0; height: 12px; width: 16px; transform: translateY(-4px);\"><\/div>\n<div style=\"width: 0; height: 0; border-top: 8px solid #F4F4F4; border-left: 8px solid transparent; transform: translateY(-4px) translateX(8px);\"><\/div>\n<\/div>\n<\/div>\n<div style=\"display: flex; flex-direction: column; flex-grow: 1; justify-content: center; margin-bottom: 24px;\">\n<div style=\"background-color: #f4f4f4; border-radius: 4px; flex-grow: 0; height: 14px; margin-bottom: 6px; width: 224px;\"><\/div>\n<div style=\"background-color: #f4f4f4; border-radius: 4px; flex-grow: 0; height: 14px; width: 144px;\"><\/div>\n<\/div>\n<p>&nbsp;<\/p>\n<p style=\"color: #c9c8cd; font-family: Arial,sans-serif; font-size: 14px; line-height: 17px; margin-bottom: 0; margin-top: 8px; overflow: hidden; padding: 8px 0 7px; text-align: center; text-overflow: ellipsis; white-space: nowrap;\"><a style=\"color: #c9c8cd; font-family: Arial,sans-serif; font-size: 14px; font-style: normal; font-weight: normal; line-height: 17px; text-decoration: none;\" href=\"https:\/\/www.instagram.com\/reel\/C2zrfFMN2iK\/?utm_source=ig_embed&amp;utm_campaign=loading\" target=\"_blank\" rel=\"noopener\">Uma publica\u00e7\u00e3o compartilhada por Kelvin Kiptum Cheruiyot \ud83c\uddf0\ud83c\uddea (@kelvinkiptumcheruiyot)<\/a><\/p>\n<\/div>\n<\/blockquote>\n<p><script async src=\"\/\/www.instagram.com\/embed.js\"><\/script><\/p>\n<h2>Kitpum em busca do sub-2h<\/h2>\n<p><span style=\"font-weight: 400;\">Fica claro que Kiptum tem dois objetivos para esta temporada: baixar de 2 horas em uma prova oficial (e, consequentemente, estabelecer um novo recorde mundial) e conquistar sua primeira medalha de ouro ol\u00edmpica em Paris.<\/span><\/p>\n<p><span style=\"font-weight: 400;\">A meta \u00e9 ousada, j\u00e1 que a Maratona de Roterd\u00e3 acontece em 14 de abril, e a competi\u00e7\u00e3o ol\u00edmpica est\u00e1 marcada para 10 de agosto. Apenas quatro meses separam as duas provas. No entanto, quando se trata de Kiptum, nada \u00e9 imposs\u00edvel.<\/span><\/p>\n<p><span style=\"font-weight: 400;\">Vale lembrar que o queniano j\u00e1 competiu em tr\u00eas maratonas. A primeira delas foi em dezembro de 2022, na Maratona de Val\u00eancia, onde registrou o tempo de 2h01m53s, marcando a estreia mais r\u00e1pida da hist\u00f3ria e a terceira melhor marca de todos os tempos. Em abril de 2023, em Londres, Kiptum correu em 2h01m25s, ficando pr\u00f3ximo do recorde mundial de Eliud Kipchoge (2h01m09s). Por fim, em outubro do ano passado, na Maratona de Chicago, Kiptum quebrou o recorde mundial, sendo o primeiro e \u00fanico atleta a correr em menos de 2 horas e 1 minuto, com o tempo de 2h00m35s.<\/span><\/p>\n<p><iframe  id=\"_ytid_86647\"  width=\"788\" height=\"443\"  data-origwidth=\"788\" data-origheight=\"443\" src=\"https:\/\/www.youtube.com\/embed\/sIoHbNL-o20?enablejsapi=1&#038;autoplay=0&#038;cc_load_policy=0&#038;cc_lang_pref=&#038;iv_load_policy=1&#038;loop=0&#038;rel=1&#038;fs=1&#038;playsinline=0&#038;autohide=2&#038;theme=dark&#038;color=red&#038;controls=1&#038;disablekb=0&#038;\" class=\"__youtube_prefs__  epyt-is-override  no-lazyload\" title=\"YouTube player\"  allow=\"fullscreen; accelerometer; autoplay; clipboard-write; encrypted-media; gyroscope; picture-in-picture; web-share\" referrerpolicy=\"strict-origin-when-cross-origin\" allowfullscreen data-no-lazy=\"1\" data-skipgform_ajax_framebjll=\"\"><\/iframe><\/p>\n<h4><b>Siga a Chelso<\/b><\/h4>\n<p>A Chelso Sports est\u00e1 presente no\u00a0<a href=\"https:\/\/www.youtube.com\/@ChelsoSports\">YouTube<\/a>! Por isso, convidamos voc\u00ea a se inscrever em nosso canal, deixar seus coment\u00e1rios e ficar por dentro de todas as novidades do mundo dos esportes. Ultrapassamos a marca de 4 mil inscritos e, como nossa nova meta \u00e9 chegar aos 5 mil, n\u00e3o deixe de acompanhar nossos v\u00eddeos exclusivos.<\/p>\n<p>Al\u00e9m disso, n\u00e3o para por a\u00ed! Se voc\u00ea quer ter acesso a todas as informa\u00e7\u00f5es sobre nosso calend\u00e1rio de provas e dicas de treinamento, \u00e9 s\u00f3 seguir a Chelso Sports no\u00a0<a href=\"https:\/\/www.instagram.com\/chelsosports\/\">Instagram<\/a>. Fique por dentro de curiosidades e novidades sobre os esportes outdoor. Ent\u00e3o, n\u00e3o perca tempo e nos acompanhe agora mesmo nas redes sociais!<\/p>\n","protected":false},"excerpt":{"rendered":"<p>Kitpum em busca do sub-2h! O recordista mundial de maratona, Kelvim Kiptum, com um tempo de 2h00m35s, chamou novamente a aten\u00e7\u00e3o dos f\u00e3s de corrida na semana passada. Anunciado como parte do pelot\u00e3o de elite da Maratona de Roterd\u00e3, na Holanda, o atleta ganhou destaque ap\u00f3s um post de um de seus patrocinadores, a marca<\/p>\n","protected":false},"author":21,"featured_media":19096,"comment_status":"open","ping_status":"closed","sticky":false,"template":"","format":"standard","meta":{"om_disable_all_campaigns":false,"_monsterinsights_skip_tracking":false,"_monsterinsights_sitenote_active":false,"_monsterinsights_sitenote_note":"","_monsterinsights_sitenote_category":0,"footnotes":""},"categories":[30],"tags":[735,41,3759,3758,739,3760],"class_list":{"0":"post-19095","1":"post","2":"type-post","3":"status-publish","4":"format-standard","5":"has-post-thumbnail","7":"category-noticias","8":"tag-chelso","9":"tag-chelso-sports","10":"tag-kelvin-kitpum","11":"tag-maratona-de-roterda","12":"tag-recorde-mundial","13":"tag-sub-2h"},"aioseo_notices":[],"yoast_head":"<!-- This site is optimized with the Yoast SEO plugin v27.5 - https:\/\/yoast.com\/product\/yoast-seo-wordpress\/ -->\n<title>Kitpum em busca do sub-2h - Portal Chelso Sports<\/title>\n<meta name=\"description\" content=\"Kitpum em busca do sub-2h! Atual recordista mundial, Kelvin Kitpum declarou que pretende correr abaixo de 2 horas em Roterd\u00e3.\" \/>\n<meta name=\"robots\" content=\"index, follow, max-snippet:-1, max-image-preview:large, max-video-preview:-1\" \/>\n<link rel=\"canonical\" href=\"https:\/\/chelso.com.br\/site\/kitpum-em-bsuca-do-sub-2h\/\" \/>\n<meta property=\"og:locale\" content=\"pt_BR\" \/>\n<meta property=\"og:type\" content=\"article\" \/>\n<meta property=\"og:title\" content=\"Kitpum em busca do sub-2h - Portal Chelso Sports\" \/>\n<meta property=\"og:description\" content=\"Kitpum em busca do sub-2h! Atual recordista mundial, Kelvin Kitpum declarou que pretende correr abaixo de 2 horas em Roterd\u00e3.\" \/>\n<meta property=\"og:url\" content=\"https:\/\/chelso.com.br\/site\/kitpum-em-bsuca-do-sub-2h\/\" \/>\n<meta property=\"og:site_name\" content=\"Portal Chelso Sports\" \/>\n<meta property=\"article:published_time\" content=\"2024-02-05T20:27:28+00:00\" \/>\n<meta property=\"og:image\" content=\"https:\/\/chelso.com.br\/site\/wp-content\/uploads\/2024\/02\/Kitpum-em-busca-do-sub-2h.jpg\" \/>\n\t<meta property=\"og:image:width\" content=\"948\" \/>\n\t<meta property=\"og:image:height\" content=\"556\" \/>\n\t<meta property=\"og:image:type\" content=\"image\/jpeg\" \/>\n<meta name=\"author\" content=\"Chelso\" \/>\n<meta name=\"twitter:card\" content=\"summary_large_image\" \/>\n<meta name=\"twitter:label1\" content=\"Escrito por\" \/>\n\t<meta name=\"twitter:data1\" content=\"Chelso\" \/>\n\t<meta name=\"twitter:label2\" content=\"Est. tempo de leitura\" \/>\n\t<meta name=\"twitter:data2\" content=\"3 minutos\" \/>\n<script type=\"application\/ld+json\" class=\"yoast-schema-graph\">{\"@context\":\"https:\\\/\\\/schema.org\",\"@graph\":[{\"@type\":\"Article\",\"@id\":\"https:\\\/\\\/chelso.com.br\\\/site\\\/kitpum-em-bsuca-do-sub-2h\\\/#article\",\"isPartOf\":{\"@id\":\"https:\\\/\\\/chelso.com.br\\\/site\\\/kitpum-em-bsuca-do-sub-2h\\\/\"},\"author\":{\"name\":\"Chelso\",\"@id\":\"https:\\\/\\\/chelso.com.br\\\/site\\\/#\\\/schema\\\/person\\\/06bf484f0ccbb71d4fd2128d594e1d0a\"},\"headline\":\"Kitpum em busca do sub-2h\",\"datePublished\":\"2024-02-05T20:27:28+00:00\",\"mainEntityOfPage\":{\"@id\":\"https:\\\/\\\/chelso.com.br\\\/site\\\/kitpum-em-bsuca-do-sub-2h\\\/\"},\"wordCount\":501,\"commentCount\":0,\"image\":{\"@id\":\"https:\\\/\\\/chelso.com.br\\\/site\\\/kitpum-em-bsuca-do-sub-2h\\\/#primaryimage\"},\"thumbnailUrl\":\"https:\\\/\\\/chelso.com.br\\\/site\\\/wp-content\\\/uploads\\\/2024\\\/02\\\/Kitpum-em-busca-do-sub-2h.jpg\",\"keywords\":[\"Chelso\",\"chelso sports\",\"Kelvin Kitpum\",\"Maratona de Roterd\u00e3\",\"Recorde Mundial\",\"Sub-2h\"],\"articleSection\":[\"Not\u00edcias\"],\"inLanguage\":\"pt-BR\",\"potentialAction\":[{\"@type\":\"CommentAction\",\"name\":\"Comment\",\"target\":[\"https:\\\/\\\/chelso.com.br\\\/site\\\/kitpum-em-bsuca-do-sub-2h\\\/#respond\"]}]},{\"@type\":\"WebPage\",\"@id\":\"https:\\\/\\\/chelso.com.br\\\/site\\\/kitpum-em-bsuca-do-sub-2h\\\/\",\"url\":\"https:\\\/\\\/chelso.com.br\\\/site\\\/kitpum-em-bsuca-do-sub-2h\\\/\",\"name\":\"Kitpum em busca do sub-2h - Portal Chelso Sports\",\"isPartOf\":{\"@id\":\"https:\\\/\\\/chelso.com.br\\\/site\\\/#website\"},\"primaryImageOfPage\":{\"@id\":\"https:\\\/\\\/chelso.com.br\\\/site\\\/kitpum-em-bsuca-do-sub-2h\\\/#primaryimage\"},\"image\":{\"@id\":\"https:\\\/\\\/chelso.com.br\\\/site\\\/kitpum-em-bsuca-do-sub-2h\\\/#primaryimage\"},\"thumbnailUrl\":\"https:\\\/\\\/chelso.com.br\\\/site\\\/wp-content\\\/uploads\\\/2024\\\/02\\\/Kitpum-em-busca-do-sub-2h.jpg\",\"datePublished\":\"2024-02-05T20:27:28+00:00\",\"author\":{\"@id\":\"https:\\\/\\\/chelso.com.br\\\/site\\\/#\\\/schema\\\/person\\\/06bf484f0ccbb71d4fd2128d594e1d0a\"},\"description\":\"Kitpum em busca do sub-2h! Atual recordista mundial, Kelvin Kitpum declarou que pretende correr abaixo de 2 horas em Roterd\u00e3.\",\"breadcrumb\":{\"@id\":\"https:\\\/\\\/chelso.com.br\\\/site\\\/kitpum-em-bsuca-do-sub-2h\\\/#breadcrumb\"},\"inLanguage\":\"pt-BR\",\"potentialAction\":[{\"@type\":\"ReadAction\",\"target\":[\"https:\\\/\\\/chelso.com.br\\\/site\\\/kitpum-em-bsuca-do-sub-2h\\\/\"]}]},{\"@type\":\"ImageObject\",\"inLanguage\":\"pt-BR\",\"@id\":\"https:\\\/\\\/chelso.com.br\\\/site\\\/kitpum-em-bsuca-do-sub-2h\\\/#primaryimage\",\"url\":\"https:\\\/\\\/chelso.com.br\\\/site\\\/wp-content\\\/uploads\\\/2024\\\/02\\\/Kitpum-em-busca-do-sub-2h.jpg\",\"contentUrl\":\"https:\\\/\\\/chelso.com.br\\\/site\\\/wp-content\\\/uploads\\\/2024\\\/02\\\/Kitpum-em-busca-do-sub-2h.jpg\",\"width\":948,\"height\":556,\"caption\":\"Kitpum em busca do sub-2h - Foto: Getty\"},{\"@type\":\"BreadcrumbList\",\"@id\":\"https:\\\/\\\/chelso.com.br\\\/site\\\/kitpum-em-bsuca-do-sub-2h\\\/#breadcrumb\",\"itemListElement\":[{\"@type\":\"ListItem\",\"position\":1,\"name\":\"In\u00edcio\",\"item\":\"https:\\\/\\\/chelso.com.br\\\/site\\\/\"},{\"@type\":\"ListItem\",\"position\":2,\"name\":\"Kitpum em busca do sub-2h\"}]},{\"@type\":\"WebSite\",\"@id\":\"https:\\\/\\\/chelso.com.br\\\/site\\\/#website\",\"url\":\"https:\\\/\\\/chelso.com.br\\\/site\\\/\",\"name\":\"Portal Chelso Sports\",\"description\":\"Conte\u00fado especializado em corrida de rua e triathlon\",\"potentialAction\":[{\"@type\":\"SearchAction\",\"target\":{\"@type\":\"EntryPoint\",\"urlTemplate\":\"https:\\\/\\\/chelso.com.br\\\/site\\\/?s={search_term_string}\"},\"query-input\":{\"@type\":\"PropertyValueSpecification\",\"valueRequired\":true,\"valueName\":\"search_term_string\"}}],\"inLanguage\":\"pt-BR\"},{\"@type\":\"Person\",\"@id\":\"https:\\\/\\\/chelso.com.br\\\/site\\\/#\\\/schema\\\/person\\\/06bf484f0ccbb71d4fd2128d594e1d0a\",\"name\":\"Chelso\",\"image\":{\"@type\":\"ImageObject\",\"inLanguage\":\"pt-BR\",\"@id\":\"https:\\\/\\\/chelso.com.br\\\/site\\\/wp-content\\\/uploads\\\/2025\\\/04\\\/Perfil20192-150x149.png\",\"url\":\"https:\\\/\\\/chelso.com.br\\\/site\\\/wp-content\\\/uploads\\\/2025\\\/04\\\/Perfil20192-150x149.png\",\"contentUrl\":\"https:\\\/\\\/chelso.com.br\\\/site\\\/wp-content\\\/uploads\\\/2025\\\/04\\\/Perfil20192-150x149.png\",\"caption\":\"Chelso\"},\"sameAs\":[\"http:\\\/\\\/www.chelso.com.br\"],\"url\":\"https:\\\/\\\/chelso.com.br\\\/site\\\/author\\\/maryblog\\\/\"}]}<\/script>\n<!-- \/ Yoast SEO plugin. -->","yoast_head_json":{"title":"Kitpum em busca do sub-2h - Portal Chelso Sports","description":"Kitpum em busca do sub-2h! Atual recordista mundial, Kelvin Kitpum declarou que pretende correr abaixo de 2 horas em Roterd\u00e3.","robots":{"index":"index","follow":"follow","max-snippet":"max-snippet:-1","max-image-preview":"max-image-preview:large","max-video-preview":"max-video-preview:-1"},"canonical":"https:\/\/chelso.com.br\/site\/kitpum-em-bsuca-do-sub-2h\/","og_locale":"pt_BR","og_type":"article","og_title":"Kitpum em busca do sub-2h - Portal Chelso Sports","og_description":"Kitpum em busca do sub-2h! Atual recordista mundial, Kelvin Kitpum declarou que pretende correr abaixo de 2 horas em Roterd\u00e3.","og_url":"https:\/\/chelso.com.br\/site\/kitpum-em-bsuca-do-sub-2h\/","og_site_name":"Portal Chelso Sports","article_published_time":"2024-02-05T20:27:28+00:00","og_image":[{"width":948,"height":556,"url":"https:\/\/chelso.com.br\/site\/wp-content\/uploads\/2024\/02\/Kitpum-em-busca-do-sub-2h.jpg","type":"image\/jpeg"}],"author":"Chelso","twitter_card":"summary_large_image","twitter_misc":{"Escrito por":"Chelso","Est. tempo de leitura":"3 minutos"},"schema":{"@context":"https:\/\/schema.org","@graph":[{"@type":"Article","@id":"https:\/\/chelso.com.br\/site\/kitpum-em-bsuca-do-sub-2h\/#article","isPartOf":{"@id":"https:\/\/chelso.com.br\/site\/kitpum-em-bsuca-do-sub-2h\/"},"author":{"name":"Chelso","@id":"https:\/\/chelso.com.br\/site\/#\/schema\/person\/06bf484f0ccbb71d4fd2128d594e1d0a"},"headline":"Kitpum em busca do sub-2h","datePublished":"2024-02-05T20:27:28+00:00","mainEntityOfPage":{"@id":"https:\/\/chelso.com.br\/site\/kitpum-em-bsuca-do-sub-2h\/"},"wordCount":501,"commentCount":0,"image":{"@id":"https:\/\/chelso.com.br\/site\/kitpum-em-bsuca-do-sub-2h\/#primaryimage"},"thumbnailUrl":"https:\/\/chelso.com.br\/site\/wp-content\/uploads\/2024\/02\/Kitpum-em-busca-do-sub-2h.jpg","keywords":["Chelso","chelso sports","Kelvin Kitpum","Maratona de Roterd\u00e3","Recorde Mundial","Sub-2h"],"articleSection":["Not\u00edcias"],"inLanguage":"pt-BR","potentialAction":[{"@type":"CommentAction","name":"Comment","target":["https:\/\/chelso.com.br\/site\/kitpum-em-bsuca-do-sub-2h\/#respond"]}]},{"@type":"WebPage","@id":"https:\/\/chelso.com.br\/site\/kitpum-em-bsuca-do-sub-2h\/","url":"https:\/\/chelso.com.br\/site\/kitpum-em-bsuca-do-sub-2h\/","name":"Kitpum em busca do sub-2h - Portal Chelso Sports","isPartOf":{"@id":"https:\/\/chelso.com.br\/site\/#website"},"primaryImageOfPage":{"@id":"https:\/\/chelso.com.br\/site\/kitpum-em-bsuca-do-sub-2h\/#primaryimage"},"image":{"@id":"https:\/\/chelso.com.br\/site\/kitpum-em-bsuca-do-sub-2h\/#primaryimage"},"thumbnailUrl":"https:\/\/chelso.com.br\/site\/wp-content\/uploads\/2024\/02\/Kitpum-em-busca-do-sub-2h.jpg","datePublished":"2024-02-05T20:27:28+00:00","author":{"@id":"https:\/\/chelso.com.br\/site\/#\/schema\/person\/06bf484f0ccbb71d4fd2128d594e1d0a"},"description":"Kitpum em busca do sub-2h! Atual recordista mundial, Kelvin Kitpum declarou que pretende correr abaixo de 2 horas em Roterd\u00e3.","breadcrumb":{"@id":"https:\/\/chelso.com.br\/site\/kitpum-em-bsuca-do-sub-2h\/#breadcrumb"},"inLanguage":"pt-BR","potentialAction":[{"@type":"ReadAction","target":["https:\/\/chelso.com.br\/site\/kitpum-em-bsuca-do-sub-2h\/"]}]},{"@type":"ImageObject","inLanguage":"pt-BR","@id":"https:\/\/chelso.com.br\/site\/kitpum-em-bsuca-do-sub-2h\/#primaryimage","url":"https:\/\/chelso.com.br\/site\/wp-content\/uploads\/2024\/02\/Kitpum-em-busca-do-sub-2h.jpg","contentUrl":"https:\/\/chelso.com.br\/site\/wp-content\/uploads\/2024\/02\/Kitpum-em-busca-do-sub-2h.jpg","width":948,"height":556,"caption":"Kitpum em busca do sub-2h - Foto: Getty"},{"@type":"BreadcrumbList","@id":"https:\/\/chelso.com.br\/site\/kitpum-em-bsuca-do-sub-2h\/#breadcrumb","itemListElement":[{"@type":"ListItem","position":1,"name":"In\u00edcio","item":"https:\/\/chelso.com.br\/site\/"},{"@type":"ListItem","position":2,"name":"Kitpum em busca do sub-2h"}]},{"@type":"WebSite","@id":"https:\/\/chelso.com.br\/site\/#website","url":"https:\/\/chelso.com.br\/site\/","name":"Portal Chelso Sports","description":"Conte\u00fado especializado em corrida de rua e triathlon","potentialAction":[{"@type":"SearchAction","target":{"@type":"EntryPoint","urlTemplate":"https:\/\/chelso.com.br\/site\/?s={search_term_string}"},"query-input":{"@type":"PropertyValueSpecification","valueRequired":true,"valueName":"search_term_string"}}],"inLanguage":"pt-BR"},{"@type":"Person","@id":"https:\/\/chelso.com.br\/site\/#\/schema\/person\/06bf484f0ccbb71d4fd2128d594e1d0a","name":"Chelso","image":{"@type":"ImageObject","inLanguage":"pt-BR","@id":"https:\/\/chelso.com.br\/site\/wp-content\/uploads\/2025\/04\/Perfil20192-150x149.png","url":"https:\/\/chelso.com.br\/site\/wp-content\/uploads\/2025\/04\/Perfil20192-150x149.png","contentUrl":"https:\/\/chelso.com.br\/site\/wp-content\/uploads\/2025\/04\/Perfil20192-150x149.png","caption":"Chelso"},"sameAs":["http:\/\/www.chelso.com.br"],"url":"https:\/\/chelso.com.br\/site\/author\/maryblog\/"}]}},"amp_enabled":true,"_links":{"self":[{"href":"https:\/\/chelso.com.br\/site\/wp-json\/wp\/v2\/posts\/19095","targetHints":{"allow":["GET"]}}],"collection":[{"href":"https:\/\/chelso.com.br\/site\/wp-json\/wp\/v2\/posts"}],"about":[{"href":"https:\/\/chelso.com.br\/site\/wp-json\/wp\/v2\/types\/post"}],"author":[{"embeddable":true,"href":"https:\/\/chelso.com.br\/site\/wp-json\/wp\/v2\/users\/21"}],"replies":[{"embeddable":true,"href":"https:\/\/chelso.com.br\/site\/wp-json\/wp\/v2\/comments?post=19095"}],"version-history":[{"count":1,"href":"https:\/\/chelso.com.br\/site\/wp-json\/wp\/v2\/posts\/19095\/revisions"}],"predecessor-version":[{"id":19097,"href":"https:\/\/chelso.com.br\/site\/wp-json\/wp\/v2\/posts\/19095\/revisions\/19097"}],"wp:featuredmedia":[{"embeddable":true,"href":"https:\/\/chelso.com.br\/site\/wp-json\/wp\/v2\/media\/19096"}],"wp:attachment":[{"href":"https:\/\/chelso.com.br\/site\/wp-json\/wp\/v2\/media?parent=19095"}],"wp:term":[{"taxonomy":"category","embeddable":true,"href":"https:\/\/chelso.com.br\/site\/wp-json\/wp\/v2\/categories?post=19095"},{"taxonomy":"post_tag","embeddable":true,"href":"https:\/\/chelso.com.br\/site\/wp-json\/wp\/v2\/tags?post=19095"}],"curies":[{"name":"wp","href":"https:\/\/api.w.org\/{rel}","templated":true}]}}