{"id":19956,"date":"2024-04-27T07:00:55","date_gmt":"2024-04-27T10:00:55","guid":{"rendered":"https:\/\/chelso.com.br\/site\/?p=19956"},"modified":"2024-04-25T21:06:24","modified_gmt":"2024-04-26T00:06:24","slug":"polar-no-dia-das-maes","status":"publish","type":"post","link":"https:\/\/chelso.com.br\/site\/polar-no-dia-das-maes\/","title":{"rendered":"Polar no Dia das M\u00e3es"},"content":{"rendered":"<p><strong>Polar no Dia das M\u00e3es<\/strong>! A Polar, l\u00edder mundial em wearables e tecnologia de frequ\u00eancia card\u00edaca, apresenta as condi\u00e7\u00f5es especiais da sua j\u00e1 esperada promo\u00e7\u00e3o de Dia das M\u00e3es, com uma s\u00e9rie de modelos ideais para presentear os diferentes perfis de atletas. Com descontos de 15% a 25%, a promo\u00e7\u00e3o tem in\u00edcio dia 24 de abril e vai at\u00e9 o dia 13 de maio, estendendo-se por um dia al\u00e9m da data especial, e contando com produtos selecionados da marca que atendem praticantes de diferentes modalidades esportivas: da Muscula\u00e7\u00e3o a Nata\u00e7\u00e3o, Caminhada, Triathlon, V\u00f4lei, Artes Marciais, Dan\u00e7a, Treino Funcional, Pilates, Corrida e entre outros. Veja os modelos participantes abaixo:<\/p>\n<h2>Polar no Dia das M\u00e3es &#8211; Linha Pacer<\/h2>\n<p>Para as m\u00e3es corredoras ou f\u00e3s de trilhas e caminhadas, a linha contendo os modelos Polar Pacer e Polar Pacer Pro \u00e9 uma \u00f3tima op\u00e7\u00e3o. Trata-se de modelos com GPS avan\u00e7ado, monitorando dist\u00e2ncia e pace\/ritmo em atividades ao ar livre, al\u00e9m de contar com testes espec\u00edficos para monitoramento de condicionamento f\u00edsico (com estimativa de VO2M\u00e1x), tanto na Corrida, quanto na Caminhada e em repouso, al\u00e9m de importa\u00e7\u00e3o de rotas (apenas na vers\u00e3o \u201cPro\u201d), monitoramento das atividades di\u00e1rias e do sono, entre outros recursos. Nesta promo\u00e7\u00e3o, o Polar Pacer estar\u00e1 com 20% de desconto (de R$ 2.299 por R$ 1.83) no site oficial da marca e voc\u00ea poder\u00e1 presentear a sua m\u00e3e nas cores White Cloud e Purple Desk, que apresentam um design luxuoso e moderno, para te acompanhar em todos os momentos. J\u00e1 a linha Pacer Pro poder\u00e1 ser adquirida nas cores Gold Dust, Snow White e Autumn Maroon, contando com 15% de desconto (de R$ 3.299 por R$ 2.805) at\u00e9 o dia 14 de maio.<\/p>\n<blockquote class=\"instagram-media\" style=\"background: #FFF; border: 0; border-radius: 3px; box-shadow: 0 0 1px 0 rgba(0,0,0,0.5),0 1px 10px 0 rgba(0,0,0,0.15); margin: 1px; max-width: 540px; min-width: 326px; padding: 0; width: calc(100% - 2px);\" data-instgrm-captioned=\"\" data-instgrm-permalink=\"https:\/\/www.instagram.com\/p\/C6Jcz6_s4MY\/?utm_source=ig_embed&amp;utm_campaign=loading\" data-instgrm-version=\"14\">\n<div style=\"padding: 16px;\">\n<p>&nbsp;<\/p>\n<div style=\"display: flex; flex-direction: row; align-items: center;\">\n<div style=\"background-color: #f4f4f4; border-radius: 50%; flex-grow: 0; height: 40px; margin-right: 14px; width: 40px;\"><\/div>\n<div style=\"display: flex; flex-direction: column; flex-grow: 1; justify-content: center;\">\n<div style=\"background-color: #f4f4f4; border-radius: 4px; flex-grow: 0; height: 14px; margin-bottom: 6px; width: 100px;\"><\/div>\n<div style=\"background-color: #f4f4f4; border-radius: 4px; flex-grow: 0; height: 14px; width: 60px;\"><\/div>\n<\/div>\n<\/div>\n<div style=\"padding: 19% 0;\"><\/div>\n<div style=\"display: block; height: 50px; margin: 0 auto 12px; width: 50px;\"><\/div>\n<div style=\"padding-top: 8px;\">\n<div style=\"color: #3897f0; font-family: Arial,sans-serif; font-size: 14px; font-style: normal; font-weight: 550; line-height: 18px;\">Ver essa foto no Instagram<\/div>\n<\/div>\n<div style=\"padding: 12.5% 0;\"><\/div>\n<div style=\"display: flex; flex-direction: row; margin-bottom: 14px; align-items: center;\">\n<div>\n<div style=\"background-color: #f4f4f4; border-radius: 50%; height: 12.5px; width: 12.5px; transform: translateX(0px) translateY(7px);\"><\/div>\n<div style=\"background-color: #f4f4f4; height: 12.5px; transform: rotate(-45deg) translateX(3px) translateY(1px); width: 12.5px; flex-grow: 0; margin-right: 14px; margin-left: 2px;\"><\/div>\n<div style=\"background-color: #f4f4f4; border-radius: 50%; height: 12.5px; width: 12.5px; transform: translateX(9px) translateY(-18px);\"><\/div>\n<\/div>\n<div style=\"margin-left: 8px;\">\n<div style=\"background-color: #f4f4f4; border-radius: 50%; flex-grow: 0; height: 20px; width: 20px;\"><\/div>\n<div style=\"width: 0; height: 0; border-top: 2px solid transparent; border-left: 6px solid #f4f4f4; border-bottom: 2px solid transparent; transform: translateX(16px) translateY(-4px) rotate(30deg);\"><\/div>\n<\/div>\n<div style=\"margin-left: auto;\">\n<div style=\"width: 0px; border-top: 8px solid #F4F4F4; border-right: 8px solid transparent; transform: translateY(16px);\"><\/div>\n<div style=\"background-color: #f4f4f4; flex-grow: 0; height: 12px; width: 16px; transform: translateY(-4px);\"><\/div>\n<div style=\"width: 0; height: 0; border-top: 8px solid #F4F4F4; border-left: 8px solid transparent; transform: translateY(-4px) translateX(8px);\"><\/div>\n<\/div>\n<\/div>\n<div style=\"display: flex; flex-direction: column; flex-grow: 1; justify-content: center; margin-bottom: 24px;\">\n<div style=\"background-color: #f4f4f4; border-radius: 4px; flex-grow: 0; height: 14px; margin-bottom: 6px; width: 224px;\"><\/div>\n<div style=\"background-color: #f4f4f4; border-radius: 4px; flex-grow: 0; height: 14px; width: 144px;\"><\/div>\n<\/div>\n<p>&nbsp;<\/p>\n<p style=\"color: #c9c8cd; font-family: Arial,sans-serif; font-size: 14px; line-height: 17px; margin-bottom: 0; margin-top: 8px; overflow: hidden; padding: 8px 0 7px; text-align: center; text-overflow: ellipsis; white-space: nowrap;\"><a style=\"color: #c9c8cd; font-family: Arial,sans-serif; font-size: 14px; font-style: normal; font-weight: normal; line-height: 17px; text-decoration: none;\" href=\"https:\/\/www.instagram.com\/p\/C6Jcz6_s4MY\/?utm_source=ig_embed&amp;utm_campaign=loading\" target=\"_blank\" rel=\"noopener\">Uma publica\u00e7\u00e3o compartilhada por Polar Brasil (@polarbrasil)<\/a><\/p>\n<\/div>\n<\/blockquote>\n<p><script async src=\"\/\/www.instagram.com\/embed.js\"><\/script><br \/>\n<strong>Linha Ignite<\/strong><\/p>\n<p>As m\u00e3es que fazem parte do universo da muscula\u00e7\u00e3o, dan\u00e7a, pilates, artes marciais, CrossFit, entre outras modalidades fitness presentes nos mais de 150 perfis esportivos da marca, podem contar com os modelos Polar Ignite 2 e Polar Ignite 3, que tamb\u00e9m entram na promo\u00e7\u00e3o durante o per\u00edodo, com 25% (de R$ 2.299 por R$ 1.725) e 15% (de R$ 2.299 por R$ 2.539) de desconto, respectivamente. Trata-se de modelos com tela touch, design fino, moderno e mais delicado, que monitoram a frequ\u00eancia card\u00edaca 24h\/dia, al\u00e9m do gasto cal\u00f3rico dentro e fora do treino, atividades di\u00e1rias e a qualidade do sono diariamente.<\/p>\n<p>Com tecnologias avan\u00e7adas de conectividade e monitoramento do bem-estar e do ciclo circadiano, com design aprimorado em tela AMOLED, mais r\u00e1pido e responsivo, o Polar Ignite 3 estar\u00e1 dispon\u00edvel com condi\u00e7\u00f5es especiais nas cores Greige Sand, Purple Dusk e Brown Copper.<\/p>\n<p><strong>Linha Unite<\/strong><\/p>\n<p>J\u00e1 as mam\u00e3es que apreciam o universo fitness e est\u00e3o num momento mais de entrada no esporte, o Polar Unite \u00e9 uma \u00f3tima op\u00e7\u00e3o de presente. O modelo conta com os mesmos mais de 150 perfis de modalidades esportivas e \u00e9 voltado especialmente para aquelas que treinam em indoor, com destaque para o monitoramento de treino de for\u00e7a, treino funcional, HIIT, Corrida em esteira, exerc\u00edcios aer\u00f3bicos e entre outros. Este modelo de entrada poder\u00e1 ser adquirido com 25% de desconto (de R$ 1.699 por R$ 1.275) durante as 3 semanas de promo\u00e7\u00e3o.<\/p>\n<blockquote class=\"instagram-media\" style=\"background: #FFF; border: 0; border-radius: 3px; box-shadow: 0 0 1px 0 rgba(0,0,0,0.5),0 1px 10px 0 rgba(0,0,0,0.15); margin: 1px; max-width: 540px; min-width: 326px; padding: 0; width: calc(100% - 2px);\" data-instgrm-captioned=\"\" data-instgrm-permalink=\"https:\/\/www.instagram.com\/p\/C6Mk-r0NPBX\/?utm_source=ig_embed&amp;utm_campaign=loading\" data-instgrm-version=\"14\">\n<div style=\"padding: 16px;\">\n<p>&nbsp;<\/p>\n<div style=\"display: flex; flex-direction: row; align-items: center;\">\n<div style=\"background-color: #f4f4f4; border-radius: 50%; flex-grow: 0; height: 40px; margin-right: 14px; width: 40px;\"><\/div>\n<div style=\"display: flex; flex-direction: column; flex-grow: 1; justify-content: center;\">\n<div style=\"background-color: #f4f4f4; border-radius: 4px; flex-grow: 0; height: 14px; margin-bottom: 6px; width: 100px;\"><\/div>\n<div style=\"background-color: #f4f4f4; border-radius: 4px; flex-grow: 0; height: 14px; width: 60px;\"><\/div>\n<\/div>\n<\/div>\n<div style=\"padding: 19% 0;\"><\/div>\n<div style=\"display: block; height: 50px; margin: 0 auto 12px; width: 50px;\"><\/div>\n<div style=\"padding-top: 8px;\">\n<div style=\"color: #3897f0; font-family: Arial,sans-serif; font-size: 14px; font-style: normal; font-weight: 550; line-height: 18px;\">Ver essa foto no Instagram<\/div>\n<\/div>\n<div style=\"padding: 12.5% 0;\"><\/div>\n<div style=\"display: flex; flex-direction: row; margin-bottom: 14px; align-items: center;\">\n<div>\n<div style=\"background-color: #f4f4f4; border-radius: 50%; height: 12.5px; width: 12.5px; transform: translateX(0px) translateY(7px);\"><\/div>\n<div style=\"background-color: #f4f4f4; height: 12.5px; transform: rotate(-45deg) translateX(3px) translateY(1px); width: 12.5px; flex-grow: 0; margin-right: 14px; margin-left: 2px;\"><\/div>\n<div style=\"background-color: #f4f4f4; border-radius: 50%; height: 12.5px; width: 12.5px; transform: translateX(9px) translateY(-18px);\"><\/div>\n<\/div>\n<div style=\"margin-left: 8px;\">\n<div style=\"background-color: #f4f4f4; border-radius: 50%; flex-grow: 0; height: 20px; width: 20px;\"><\/div>\n<div style=\"width: 0; height: 0; border-top: 2px solid transparent; border-left: 6px solid #f4f4f4; border-bottom: 2px solid transparent; transform: translateX(16px) translateY(-4px) rotate(30deg);\"><\/div>\n<\/div>\n<div style=\"margin-left: auto;\">\n<div style=\"width: 0px; border-top: 8px solid #F4F4F4; border-right: 8px solid transparent; transform: translateY(16px);\"><\/div>\n<div style=\"background-color: #f4f4f4; flex-grow: 0; height: 12px; width: 16px; transform: translateY(-4px);\"><\/div>\n<div style=\"width: 0; height: 0; border-top: 8px solid #F4F4F4; border-left: 8px solid transparent; transform: translateY(-4px) translateX(8px);\"><\/div>\n<\/div>\n<\/div>\n<div style=\"display: flex; flex-direction: column; flex-grow: 1; justify-content: center; margin-bottom: 24px;\">\n<div style=\"background-color: #f4f4f4; border-radius: 4px; flex-grow: 0; height: 14px; margin-bottom: 6px; width: 224px;\"><\/div>\n<div style=\"background-color: #f4f4f4; border-radius: 4px; flex-grow: 0; height: 14px; width: 144px;\"><\/div>\n<\/div>\n<p>&nbsp;<\/p>\n<p style=\"color: #c9c8cd; font-family: Arial,sans-serif; font-size: 14px; line-height: 17px; margin-bottom: 0; margin-top: 8px; overflow: hidden; padding: 8px 0 7px; text-align: center; text-overflow: ellipsis; white-space: nowrap;\"><a style=\"color: #c9c8cd; font-family: Arial,sans-serif; font-size: 14px; font-style: normal; font-weight: normal; line-height: 17px; text-decoration: none;\" href=\"https:\/\/www.instagram.com\/p\/C6Mk-r0NPBX\/?utm_source=ig_embed&amp;utm_campaign=loading\" target=\"_blank\" rel=\"noopener\">Uma publica\u00e7\u00e3o compartilhada por Polar Brasil (@polarbrasil)<\/a><\/p>\n<\/div>\n<\/blockquote>\n<p><script async src=\"\/\/www.instagram.com\/embed.js\"><\/script><\/p>\n<h4>Sensores de frequ\u00eancia card\u00edaca<\/h4>\n<p>Al\u00e9m dos diferentes tipos de rel\u00f3gios esportivos, o sensor de frequ\u00eancia card\u00edaca Polar H10 tamb\u00e9m \u00e9 uma das possibilidades de presentes para sua m\u00e3e e entrar\u00e1 na promo\u00e7\u00e3o. Com 15% de desconto (de R$ 799 por R$ 679), o produto garante que a frequ\u00eancia card\u00edaca do usu\u00e1rio seja monitorada da melhor forma poss\u00edvel, com mais precis\u00e3o e liberdade de movimento dos pulsos, proporcionando ainda mais seguran\u00e7a na hora da atividade f\u00edsica.<\/p>\n<p>Para presentear a sua m\u00e3e com estes descontos exclusivos, basta entrar no site\u00a0polar.com\/br\/dia-das-maes-polar, e garantir o seu modelo preferido.<\/p>\n<h4>Sobre a Polar:<\/h4>\n<p>Por mais de 45 anos, a Polar fornece orienta\u00e7\u00e3o para sa\u00fade, esportes e condicionamento f\u00edsico com a melhor tecnologia de medi\u00e7\u00e3o do mundo e informa\u00e7\u00f5es do usu\u00e1rio baseadas em dados para ajudar as pessoas &#8211; de iniciantes a atletas profissionais &#8211; a ter sucesso em sua busca por uma vida mais feliz e saud\u00e1vel. Reconhecida por uma dedica\u00e7\u00e3o inigual\u00e1vel \u00e0 ci\u00eancia e profundo conhecimento de esportes, bem-estar e tecnologia, a Polar se consolidou globalmente no setor como o parceiro ideal para quem procura descobrir seu verdadeiro potencial. O nosso premiado portf\u00f3lio de produtos inclui rel\u00f3gios e solu\u00e7\u00f5es que buscam, de forma elegante e com recursos avan\u00e7ados e intuitivos, a melhor evolu\u00e7\u00e3o de quem os utiliza, sempre.<\/p>\n<p>Para mais informa\u00e7\u00f5es,\u00a0polar.com\/br.<\/p>\n<p><iframe  id=\"_ytid_52787\"  width=\"788\" height=\"443\"  data-origwidth=\"788\" data-origheight=\"443\" src=\"https:\/\/www.youtube.com\/embed\/T8WkwEu7mJU?enablejsapi=1&#038;autoplay=0&#038;cc_load_policy=0&#038;cc_lang_pref=&#038;iv_load_policy=1&#038;loop=0&#038;rel=1&#038;fs=1&#038;playsinline=0&#038;autohide=2&#038;theme=dark&#038;color=red&#038;controls=1&#038;disablekb=0&#038;\" class=\"__youtube_prefs__  epyt-is-override  no-lazyload\" title=\"YouTube player\"  allow=\"fullscreen; accelerometer; autoplay; clipboard-write; encrypted-media; gyroscope; picture-in-picture; web-share\" referrerpolicy=\"strict-origin-when-cross-origin\" allowfullscreen data-no-lazy=\"1\" data-skipgform_ajax_framebjll=\"\"><\/iframe><\/p>\n<p>00<\/p>\n<p><a href=\"https:\/\/chelso.com.br\/site\/provas-presenciais\/\"><span style=\"font-weight: 400;\">Saiba mais sobre o nosso calend\u00e1rio de provas presenciais<\/span><\/a><\/p>\n<h4><b>Siga a Chelso<\/b><\/h4>\n<p><span style=\"font-weight: 400;\">A Chelso Sports est\u00e1 presente no <\/span><a href=\"https:\/\/www.youtube.com\/@ChelsoSports\"><span style=\"font-weight: 400;\">YouTube<\/span><\/a><span style=\"font-weight: 400;\">! Por isso, convidamos voc\u00ea a se inscrever em nosso canal, deixar seus coment\u00e1rios e ficar por dentro de todas as novidades do mundo dos esportes. Ultrapassamos a marca de 4 mil inscritos e, como nossa nova meta \u00e9 chegar aos 5 mil, n\u00e3o deixe de acompanhar nossos v\u00eddeos exclusivos.<\/span><\/p>\n<p><span style=\"font-weight: 400;\">Al\u00e9m disso, n\u00e3o para por a\u00ed! Se voc\u00ea quer ter acesso a todas as informa\u00e7\u00f5es sobre nosso calend\u00e1rio de provas e dicas de treinamento, \u00e9 s\u00f3 seguir a Chelso Sports no <\/span><a href=\"https:\/\/www.instagram.com\/chelsosports\/\"><span style=\"font-weight: 400;\">Instagram<\/span><\/a><span style=\"font-weight: 400;\">. Fique por dentro de curiosidades e novidades sobre os esportes outdoor. Ent\u00e3o, n\u00e3o perca tempo e nos acompanhe agora mesmo nas redes sociais!<\/span><\/p>\n","protected":false},"excerpt":{"rendered":"<p>Polar no Dia das M\u00e3es! A Polar, l\u00edder mundial em wearables e tecnologia de frequ\u00eancia card\u00edaca, apresenta as condi\u00e7\u00f5es especiais da sua j\u00e1 esperada promo\u00e7\u00e3o de Dia das M\u00e3es, com uma s\u00e9rie de modelos ideais para presentear os diferentes perfis de atletas. Com descontos de 15% a 25%, a promo\u00e7\u00e3o tem in\u00edcio dia 24 de<\/p>\n","protected":false},"author":21,"featured_media":19957,"comment_status":"open","ping_status":"closed","sticky":false,"template":"","format":"standard","meta":{"om_disable_all_campaigns":false,"_monsterinsights_skip_tracking":false,"_monsterinsights_sitenote_active":false,"_monsterinsights_sitenote_note":"","_monsterinsights_sitenote_category":0,"footnotes":""},"categories":[89,30],"tags":[735,675,1537,2718],"class_list":{"0":"post-19956","1":"post","2":"type-post","3":"status-publish","4":"format-standard","5":"has-post-thumbnail","7":"category-dicas","8":"category-noticias","9":"tag-chelso","10":"tag-dia-das-maes","11":"tag-polar","12":"tag-polar-brasil"},"aioseo_notices":[],"yoast_head":"<!-- This site is optimized with the Yoast SEO plugin v27.5 - https:\/\/yoast.com\/product\/yoast-seo-wordpress\/ -->\n<title>Polar no Dia das M\u00e3es - Portal Chelso Sports<\/title>\n<meta name=\"description\" content=\"Polar no Dia das M\u00e3es! Polar oferece uma s\u00e9rie de modelos com at\u00e9 25% de desconto para comemorar o Dia das M\u00e3es.\" \/>\n<meta name=\"robots\" content=\"index, follow, max-snippet:-1, max-image-preview:large, max-video-preview:-1\" \/>\n<link rel=\"canonical\" href=\"https:\/\/chelso.com.br\/site\/polar-no-dia-das-maes\/\" \/>\n<meta property=\"og:locale\" content=\"pt_BR\" \/>\n<meta property=\"og:type\" content=\"article\" \/>\n<meta property=\"og:title\" content=\"Polar no Dia das M\u00e3es - Portal Chelso Sports\" \/>\n<meta property=\"og:description\" content=\"Polar no Dia das M\u00e3es! Polar oferece uma s\u00e9rie de modelos com at\u00e9 25% de desconto para comemorar o Dia das M\u00e3es.\" \/>\n<meta property=\"og:url\" content=\"https:\/\/chelso.com.br\/site\/polar-no-dia-das-maes\/\" \/>\n<meta property=\"og:site_name\" content=\"Portal Chelso Sports\" \/>\n<meta property=\"article:published_time\" content=\"2024-04-27T10:00:55+00:00\" \/>\n<meta property=\"og:image\" content=\"https:\/\/chelso.com.br\/site\/wp-content\/uploads\/2024\/04\/Polar-no-dia-das-Maes.jpg\" \/>\n\t<meta property=\"og:image:width\" content=\"666\" \/>\n\t<meta property=\"og:image:height\" content=\"295\" \/>\n\t<meta property=\"og:image:type\" content=\"image\/jpeg\" \/>\n<meta name=\"author\" content=\"Chelso\" \/>\n<meta name=\"twitter:card\" content=\"summary_large_image\" \/>\n<meta name=\"twitter:label1\" content=\"Escrito por\" \/>\n\t<meta name=\"twitter:data1\" content=\"Chelso\" \/>\n\t<meta name=\"twitter:label2\" content=\"Est. tempo de leitura\" \/>\n\t<meta name=\"twitter:data2\" content=\"5 minutos\" \/>\n<script type=\"application\/ld+json\" class=\"yoast-schema-graph\">{\"@context\":\"https:\\\/\\\/schema.org\",\"@graph\":[{\"@type\":\"Article\",\"@id\":\"https:\\\/\\\/chelso.com.br\\\/site\\\/polar-no-dia-das-maes\\\/#article\",\"isPartOf\":{\"@id\":\"https:\\\/\\\/chelso.com.br\\\/site\\\/polar-no-dia-das-maes\\\/\"},\"author\":{\"name\":\"Chelso\",\"@id\":\"https:\\\/\\\/chelso.com.br\\\/site\\\/#\\\/schema\\\/person\\\/06bf484f0ccbb71d4fd2128d594e1d0a\"},\"headline\":\"Polar no Dia das M\u00e3es\",\"datePublished\":\"2024-04-27T10:00:55+00:00\",\"mainEntityOfPage\":{\"@id\":\"https:\\\/\\\/chelso.com.br\\\/site\\\/polar-no-dia-das-maes\\\/\"},\"wordCount\":971,\"commentCount\":0,\"image\":{\"@id\":\"https:\\\/\\\/chelso.com.br\\\/site\\\/polar-no-dia-das-maes\\\/#primaryimage\"},\"thumbnailUrl\":\"https:\\\/\\\/chelso.com.br\\\/site\\\/wp-content\\\/uploads\\\/2024\\\/04\\\/Polar-no-dia-das-Maes.jpg\",\"keywords\":[\"Chelso\",\"dia das m\u00e3es\",\"Polar\",\"Polar Brasil\"],\"articleSection\":[\"Dicas\",\"Not\u00edcias\"],\"inLanguage\":\"pt-BR\",\"potentialAction\":[{\"@type\":\"CommentAction\",\"name\":\"Comment\",\"target\":[\"https:\\\/\\\/chelso.com.br\\\/site\\\/polar-no-dia-das-maes\\\/#respond\"]}]},{\"@type\":\"WebPage\",\"@id\":\"https:\\\/\\\/chelso.com.br\\\/site\\\/polar-no-dia-das-maes\\\/\",\"url\":\"https:\\\/\\\/chelso.com.br\\\/site\\\/polar-no-dia-das-maes\\\/\",\"name\":\"Polar no Dia das M\u00e3es - Portal Chelso Sports\",\"isPartOf\":{\"@id\":\"https:\\\/\\\/chelso.com.br\\\/site\\\/#website\"},\"primaryImageOfPage\":{\"@id\":\"https:\\\/\\\/chelso.com.br\\\/site\\\/polar-no-dia-das-maes\\\/#primaryimage\"},\"image\":{\"@id\":\"https:\\\/\\\/chelso.com.br\\\/site\\\/polar-no-dia-das-maes\\\/#primaryimage\"},\"thumbnailUrl\":\"https:\\\/\\\/chelso.com.br\\\/site\\\/wp-content\\\/uploads\\\/2024\\\/04\\\/Polar-no-dia-das-Maes.jpg\",\"datePublished\":\"2024-04-27T10:00:55+00:00\",\"author\":{\"@id\":\"https:\\\/\\\/chelso.com.br\\\/site\\\/#\\\/schema\\\/person\\\/06bf484f0ccbb71d4fd2128d594e1d0a\"},\"description\":\"Polar no Dia das M\u00e3es! Polar oferece uma s\u00e9rie de modelos com at\u00e9 25% de desconto para comemorar o Dia das M\u00e3es.\",\"breadcrumb\":{\"@id\":\"https:\\\/\\\/chelso.com.br\\\/site\\\/polar-no-dia-das-maes\\\/#breadcrumb\"},\"inLanguage\":\"pt-BR\",\"potentialAction\":[{\"@type\":\"ReadAction\",\"target\":[\"https:\\\/\\\/chelso.com.br\\\/site\\\/polar-no-dia-das-maes\\\/\"]}]},{\"@type\":\"ImageObject\",\"inLanguage\":\"pt-BR\",\"@id\":\"https:\\\/\\\/chelso.com.br\\\/site\\\/polar-no-dia-das-maes\\\/#primaryimage\",\"url\":\"https:\\\/\\\/chelso.com.br\\\/site\\\/wp-content\\\/uploads\\\/2024\\\/04\\\/Polar-no-dia-das-Maes.jpg\",\"contentUrl\":\"https:\\\/\\\/chelso.com.br\\\/site\\\/wp-content\\\/uploads\\\/2024\\\/04\\\/Polar-no-dia-das-Maes.jpg\",\"width\":666,\"height\":295,\"caption\":\"Polar no Dia das M\u00e3es\"},{\"@type\":\"BreadcrumbList\",\"@id\":\"https:\\\/\\\/chelso.com.br\\\/site\\\/polar-no-dia-das-maes\\\/#breadcrumb\",\"itemListElement\":[{\"@type\":\"ListItem\",\"position\":1,\"name\":\"In\u00edcio\",\"item\":\"https:\\\/\\\/chelso.com.br\\\/site\\\/\"},{\"@type\":\"ListItem\",\"position\":2,\"name\":\"Polar no Dia das M\u00e3es\"}]},{\"@type\":\"WebSite\",\"@id\":\"https:\\\/\\\/chelso.com.br\\\/site\\\/#website\",\"url\":\"https:\\\/\\\/chelso.com.br\\\/site\\\/\",\"name\":\"Portal Chelso Sports\",\"description\":\"Conte\u00fado especializado em corrida de rua e triathlon\",\"potentialAction\":[{\"@type\":\"SearchAction\",\"target\":{\"@type\":\"EntryPoint\",\"urlTemplate\":\"https:\\\/\\\/chelso.com.br\\\/site\\\/?s={search_term_string}\"},\"query-input\":{\"@type\":\"PropertyValueSpecification\",\"valueRequired\":true,\"valueName\":\"search_term_string\"}}],\"inLanguage\":\"pt-BR\"},{\"@type\":\"Person\",\"@id\":\"https:\\\/\\\/chelso.com.br\\\/site\\\/#\\\/schema\\\/person\\\/06bf484f0ccbb71d4fd2128d594e1d0a\",\"name\":\"Chelso\",\"image\":{\"@type\":\"ImageObject\",\"inLanguage\":\"pt-BR\",\"@id\":\"https:\\\/\\\/chelso.com.br\\\/site\\\/wp-content\\\/uploads\\\/2025\\\/04\\\/Perfil20192-150x149.png\",\"url\":\"https:\\\/\\\/chelso.com.br\\\/site\\\/wp-content\\\/uploads\\\/2025\\\/04\\\/Perfil20192-150x149.png\",\"contentUrl\":\"https:\\\/\\\/chelso.com.br\\\/site\\\/wp-content\\\/uploads\\\/2025\\\/04\\\/Perfil20192-150x149.png\",\"caption\":\"Chelso\"},\"sameAs\":[\"http:\\\/\\\/www.chelso.com.br\"],\"url\":\"https:\\\/\\\/chelso.com.br\\\/site\\\/author\\\/maryblog\\\/\"}]}<\/script>\n<!-- \/ Yoast SEO plugin. -->","yoast_head_json":{"title":"Polar no Dia das M\u00e3es - Portal Chelso Sports","description":"Polar no Dia das M\u00e3es! Polar oferece uma s\u00e9rie de modelos com at\u00e9 25% de desconto para comemorar o Dia das M\u00e3es.","robots":{"index":"index","follow":"follow","max-snippet":"max-snippet:-1","max-image-preview":"max-image-preview:large","max-video-preview":"max-video-preview:-1"},"canonical":"https:\/\/chelso.com.br\/site\/polar-no-dia-das-maes\/","og_locale":"pt_BR","og_type":"article","og_title":"Polar no Dia das M\u00e3es - Portal Chelso Sports","og_description":"Polar no Dia das M\u00e3es! Polar oferece uma s\u00e9rie de modelos com at\u00e9 25% de desconto para comemorar o Dia das M\u00e3es.","og_url":"https:\/\/chelso.com.br\/site\/polar-no-dia-das-maes\/","og_site_name":"Portal Chelso Sports","article_published_time":"2024-04-27T10:00:55+00:00","og_image":[{"width":666,"height":295,"url":"https:\/\/chelso.com.br\/site\/wp-content\/uploads\/2024\/04\/Polar-no-dia-das-Maes.jpg","type":"image\/jpeg"}],"author":"Chelso","twitter_card":"summary_large_image","twitter_misc":{"Escrito por":"Chelso","Est. tempo de leitura":"5 minutos"},"schema":{"@context":"https:\/\/schema.org","@graph":[{"@type":"Article","@id":"https:\/\/chelso.com.br\/site\/polar-no-dia-das-maes\/#article","isPartOf":{"@id":"https:\/\/chelso.com.br\/site\/polar-no-dia-das-maes\/"},"author":{"name":"Chelso","@id":"https:\/\/chelso.com.br\/site\/#\/schema\/person\/06bf484f0ccbb71d4fd2128d594e1d0a"},"headline":"Polar no Dia das M\u00e3es","datePublished":"2024-04-27T10:00:55+00:00","mainEntityOfPage":{"@id":"https:\/\/chelso.com.br\/site\/polar-no-dia-das-maes\/"},"wordCount":971,"commentCount":0,"image":{"@id":"https:\/\/chelso.com.br\/site\/polar-no-dia-das-maes\/#primaryimage"},"thumbnailUrl":"https:\/\/chelso.com.br\/site\/wp-content\/uploads\/2024\/04\/Polar-no-dia-das-Maes.jpg","keywords":["Chelso","dia das m\u00e3es","Polar","Polar Brasil"],"articleSection":["Dicas","Not\u00edcias"],"inLanguage":"pt-BR","potentialAction":[{"@type":"CommentAction","name":"Comment","target":["https:\/\/chelso.com.br\/site\/polar-no-dia-das-maes\/#respond"]}]},{"@type":"WebPage","@id":"https:\/\/chelso.com.br\/site\/polar-no-dia-das-maes\/","url":"https:\/\/chelso.com.br\/site\/polar-no-dia-das-maes\/","name":"Polar no Dia das M\u00e3es - Portal Chelso Sports","isPartOf":{"@id":"https:\/\/chelso.com.br\/site\/#website"},"primaryImageOfPage":{"@id":"https:\/\/chelso.com.br\/site\/polar-no-dia-das-maes\/#primaryimage"},"image":{"@id":"https:\/\/chelso.com.br\/site\/polar-no-dia-das-maes\/#primaryimage"},"thumbnailUrl":"https:\/\/chelso.com.br\/site\/wp-content\/uploads\/2024\/04\/Polar-no-dia-das-Maes.jpg","datePublished":"2024-04-27T10:00:55+00:00","author":{"@id":"https:\/\/chelso.com.br\/site\/#\/schema\/person\/06bf484f0ccbb71d4fd2128d594e1d0a"},"description":"Polar no Dia das M\u00e3es! Polar oferece uma s\u00e9rie de modelos com at\u00e9 25% de desconto para comemorar o Dia das M\u00e3es.","breadcrumb":{"@id":"https:\/\/chelso.com.br\/site\/polar-no-dia-das-maes\/#breadcrumb"},"inLanguage":"pt-BR","potentialAction":[{"@type":"ReadAction","target":["https:\/\/chelso.com.br\/site\/polar-no-dia-das-maes\/"]}]},{"@type":"ImageObject","inLanguage":"pt-BR","@id":"https:\/\/chelso.com.br\/site\/polar-no-dia-das-maes\/#primaryimage","url":"https:\/\/chelso.com.br\/site\/wp-content\/uploads\/2024\/04\/Polar-no-dia-das-Maes.jpg","contentUrl":"https:\/\/chelso.com.br\/site\/wp-content\/uploads\/2024\/04\/Polar-no-dia-das-Maes.jpg","width":666,"height":295,"caption":"Polar no Dia das M\u00e3es"},{"@type":"BreadcrumbList","@id":"https:\/\/chelso.com.br\/site\/polar-no-dia-das-maes\/#breadcrumb","itemListElement":[{"@type":"ListItem","position":1,"name":"In\u00edcio","item":"https:\/\/chelso.com.br\/site\/"},{"@type":"ListItem","position":2,"name":"Polar no Dia das M\u00e3es"}]},{"@type":"WebSite","@id":"https:\/\/chelso.com.br\/site\/#website","url":"https:\/\/chelso.com.br\/site\/","name":"Portal Chelso Sports","description":"Conte\u00fado especializado em corrida de rua e triathlon","potentialAction":[{"@type":"SearchAction","target":{"@type":"EntryPoint","urlTemplate":"https:\/\/chelso.com.br\/site\/?s={search_term_string}"},"query-input":{"@type":"PropertyValueSpecification","valueRequired":true,"valueName":"search_term_string"}}],"inLanguage":"pt-BR"},{"@type":"Person","@id":"https:\/\/chelso.com.br\/site\/#\/schema\/person\/06bf484f0ccbb71d4fd2128d594e1d0a","name":"Chelso","image":{"@type":"ImageObject","inLanguage":"pt-BR","@id":"https:\/\/chelso.com.br\/site\/wp-content\/uploads\/2025\/04\/Perfil20192-150x149.png","url":"https:\/\/chelso.com.br\/site\/wp-content\/uploads\/2025\/04\/Perfil20192-150x149.png","contentUrl":"https:\/\/chelso.com.br\/site\/wp-content\/uploads\/2025\/04\/Perfil20192-150x149.png","caption":"Chelso"},"sameAs":["http:\/\/www.chelso.com.br"],"url":"https:\/\/chelso.com.br\/site\/author\/maryblog\/"}]}},"amp_enabled":true,"_links":{"self":[{"href":"https:\/\/chelso.com.br\/site\/wp-json\/wp\/v2\/posts\/19956","targetHints":{"allow":["GET"]}}],"collection":[{"href":"https:\/\/chelso.com.br\/site\/wp-json\/wp\/v2\/posts"}],"about":[{"href":"https:\/\/chelso.com.br\/site\/wp-json\/wp\/v2\/types\/post"}],"author":[{"embeddable":true,"href":"https:\/\/chelso.com.br\/site\/wp-json\/wp\/v2\/users\/21"}],"replies":[{"embeddable":true,"href":"https:\/\/chelso.com.br\/site\/wp-json\/wp\/v2\/comments?post=19956"}],"version-history":[{"count":1,"href":"https:\/\/chelso.com.br\/site\/wp-json\/wp\/v2\/posts\/19956\/revisions"}],"predecessor-version":[{"id":19958,"href":"https:\/\/chelso.com.br\/site\/wp-json\/wp\/v2\/posts\/19956\/revisions\/19958"}],"wp:featuredmedia":[{"embeddable":true,"href":"https:\/\/chelso.com.br\/site\/wp-json\/wp\/v2\/media\/19957"}],"wp:attachment":[{"href":"https:\/\/chelso.com.br\/site\/wp-json\/wp\/v2\/media?parent=19956"}],"wp:term":[{"taxonomy":"category","embeddable":true,"href":"https:\/\/chelso.com.br\/site\/wp-json\/wp\/v2\/categories?post=19956"},{"taxonomy":"post_tag","embeddable":true,"href":"https:\/\/chelso.com.br\/site\/wp-json\/wp\/v2\/tags?post=19956"}],"curies":[{"name":"wp","href":"https:\/\/api.w.org\/{rel}","templated":true}]}}