{"id":20294,"date":"2024-06-03T19:35:00","date_gmt":"2024-06-03T22:35:00","guid":{"rendered":"https:\/\/chelso.com.br\/site\/?p=20294"},"modified":"2024-06-03T19:35:00","modified_gmt":"2024-06-03T22:35:00","slug":"missao-rio-chelso-sports","status":"publish","type":"post","link":"https:\/\/chelso.com.br\/site\/missao-rio-chelso-sports\/","title":{"rendered":"Miss\u00e3o Rio, Chelso Sports!"},"content":{"rendered":"<p><span style=\"font-weight: 400;\"><strong>Miss\u00e3o Rio, Chelso Sports<\/strong>! A 22\u00aa edi\u00e7\u00e3o da Maratona do Rio foi um sucesso! Quebrando todos os recordes, o maior evento de corrida da Am\u00e9rica Latina reuniu mais de 40 mil atletas durante o feriado. Mais do que as provas de 42 km, 21 km, 10 km e 5 km, a Maratona do Rio se mostrou um evento que transcende a esfera esportiva. A cidade parou para receber o p\u00fablico, proporcionando uma atmosfera inigual\u00e1vel.<\/span><\/p>\n<p><span style=\"font-weight: 400;\">Com muitas ativa\u00e7\u00f5es ao longo dos dias, a organiza\u00e7\u00e3o da Maratona do Rio mostrou que o Brasil est\u00e1 preparado para realizar provas de alto n\u00edvel internacional. Foi pensando nisso que a nossa equipe foi em peso aprender e vivenciar o maior evento do segmento.<\/span><\/p>\n<p><a href=\"https:\/\/chelso.com.br\/site\/provas-presenciais\/\">Saiba mais sobre o nosso calend\u00e1rio de provas presenciais<\/a><\/p>\n<blockquote class=\"instagram-media\" style=\"background: #FFF; border: 0; border-radius: 3px; box-shadow: 0 0 1px 0 rgba(0,0,0,0.5),0 1px 10px 0 rgba(0,0,0,0.15); margin: 1px; max-width: 540px; min-width: 326px; padding: 0; width: calc(100% - 2px);\" data-instgrm-captioned=\"\" data-instgrm-permalink=\"https:\/\/www.instagram.com\/p\/C7xLcCXud5G\/?utm_source=ig_embed&amp;utm_campaign=loading\" data-instgrm-version=\"14\">\n<div style=\"padding: 16px;\">\n<p>&nbsp;<\/p>\n<div style=\"display: flex; flex-direction: row; align-items: center;\">\n<div style=\"background-color: #f4f4f4; border-radius: 50%; flex-grow: 0; height: 40px; margin-right: 14px; width: 40px;\"><\/div>\n<div style=\"display: flex; flex-direction: column; flex-grow: 1; justify-content: center;\">\n<div style=\"background-color: #f4f4f4; border-radius: 4px; flex-grow: 0; height: 14px; margin-bottom: 6px; width: 100px;\"><\/div>\n<div style=\"background-color: #f4f4f4; border-radius: 4px; flex-grow: 0; height: 14px; width: 60px;\"><\/div>\n<\/div>\n<\/div>\n<div style=\"padding: 19% 0;\"><\/div>\n<div style=\"display: block; height: 50px; margin: 0 auto 12px; width: 50px;\"><\/div>\n<div style=\"padding-top: 8px;\">\n<div style=\"color: #3897f0; font-family: Arial,sans-serif; font-size: 14px; font-style: normal; font-weight: 550; line-height: 18px;\">Ver essa foto no Instagram<\/div>\n<\/div>\n<div style=\"padding: 12.5% 0;\"><\/div>\n<div style=\"display: flex; flex-direction: row; margin-bottom: 14px; align-items: center;\">\n<div>\n<div style=\"background-color: #f4f4f4; border-radius: 50%; height: 12.5px; width: 12.5px; transform: translateX(0px) translateY(7px);\"><\/div>\n<div style=\"background-color: #f4f4f4; height: 12.5px; transform: rotate(-45deg) translateX(3px) translateY(1px); width: 12.5px; flex-grow: 0; margin-right: 14px; margin-left: 2px;\"><\/div>\n<div style=\"background-color: #f4f4f4; border-radius: 50%; height: 12.5px; width: 12.5px; transform: translateX(9px) translateY(-18px);\"><\/div>\n<\/div>\n<div style=\"margin-left: 8px;\">\n<div style=\"background-color: #f4f4f4; border-radius: 50%; flex-grow: 0; height: 20px; width: 20px;\"><\/div>\n<div style=\"width: 0; height: 0; border-top: 2px solid transparent; border-left: 6px solid #f4f4f4; border-bottom: 2px solid transparent; transform: translateX(16px) translateY(-4px) rotate(30deg);\"><\/div>\n<\/div>\n<div style=\"margin-left: auto;\">\n<div style=\"width: 0px; border-top: 8px solid #F4F4F4; border-right: 8px solid transparent; transform: translateY(16px);\"><\/div>\n<div style=\"background-color: #f4f4f4; flex-grow: 0; height: 12px; width: 16px; transform: translateY(-4px);\"><\/div>\n<div style=\"width: 0; height: 0; border-top: 8px solid #F4F4F4; border-left: 8px solid transparent; transform: translateY(-4px) translateX(8px);\"><\/div>\n<\/div>\n<\/div>\n<div style=\"display: flex; flex-direction: column; flex-grow: 1; justify-content: center; margin-bottom: 24px;\">\n<div style=\"background-color: #f4f4f4; border-radius: 4px; flex-grow: 0; height: 14px; margin-bottom: 6px; width: 224px;\"><\/div>\n<div style=\"background-color: #f4f4f4; border-radius: 4px; flex-grow: 0; height: 14px; width: 144px;\"><\/div>\n<\/div>\n<p>&nbsp;<\/p>\n<p style=\"color: #c9c8cd; font-family: Arial,sans-serif; font-size: 14px; line-height: 17px; margin-bottom: 0; margin-top: 8px; overflow: hidden; padding: 8px 0 7px; text-align: center; text-overflow: ellipsis; white-space: nowrap;\"><a style=\"color: #c9c8cd; font-family: Arial,sans-serif; font-size: 14px; font-style: normal; font-weight: normal; line-height: 17px; text-decoration: none;\" href=\"https:\/\/www.instagram.com\/p\/C7xLcCXud5G\/?utm_source=ig_embed&amp;utm_campaign=loading\" target=\"_blank\" rel=\"noopener\">Uma publica\u00e7\u00e3o compartilhada por Secretaria de Esporte e Lazer (@esportegovrj)<\/a><\/p>\n<\/div>\n<\/blockquote>\n<p><script async src=\"\/\/www.instagram.com\/embed.js\"><\/script><\/p>\n<h2>Miss\u00e3o Rio, Chelso Sports!<\/h2>\n<p><span style=\"font-weight: 400;\">De 30\/05 a 02\/06, imergimos nos bastidores de um dos maiores eventos esportivos do Brasil, aprendendo sobre log\u00edstica, seguran\u00e7a, gerenciamento de multid\u00f5es e muito mais.<\/span><\/p>\n<ul>\n<li style=\"font-weight: 400;\" aria-level=\"1\"><span style=\"font-weight: 400;\">Na Retirada dos Kits, observamos a organiza\u00e7\u00e3o impec\u00e1vel e a efici\u00eancia no atendimento aos corredores.<\/span><\/li>\n<li style=\"font-weight: 400;\" aria-level=\"1\"><span style=\"font-weight: 400;\">Na Largada e Chegada, analisamos toda a estrutura e o suporte oferecido aos participantes desde a linha de partida at\u00e9 a linha de chegada.<\/span><\/li>\n<li style=\"font-weight: 400;\" aria-level=\"1\"><span style=\"font-weight: 400;\">Nos Pontos de Hidrata\u00e7\u00e3o, conferimos a distribui\u00e7\u00e3o estrat\u00e9gica e a qualidade do suporte oferecido aos atletas.<\/span><\/li>\n<li style=\"font-weight: 400;\" aria-level=\"1\"><span style=\"font-weight: 400;\">No Networking e Parcerias, interagimos com patrocinadores, expositores e outros profissionais do esporte, fortalecendo nossa rede de contatos.<\/span><\/li>\n<\/ul>\n<h4><strong>Quase 40 mil concluintes, um novo recorde!\u00a0<\/strong><\/h4>\n<p><span style=\"font-weight: 400;\">A edi\u00e7\u00e3o de 2024 da Maratona do Rio foi a maior da hist\u00f3ria da prova. Os n\u00fameros impressionam: 9.328 concluintes nos 42 km, 18.990 nos 21 km, 5.684 nos 10 km e 4.577 nos 5 km, totalizando 38.676 participantes no geral.<\/span><\/p>\n<p><iframe  id=\"_ytid_64481\"  width=\"788\" height=\"443\"  data-origwidth=\"788\" data-origheight=\"443\" src=\"https:\/\/www.youtube.com\/embed\/-QLNofB7k6A?enablejsapi=1&#038;autoplay=0&#038;cc_load_policy=0&#038;cc_lang_pref=&#038;iv_load_policy=1&#038;loop=0&#038;rel=1&#038;fs=1&#038;playsinline=0&#038;autohide=2&#038;theme=dark&#038;color=red&#038;controls=1&#038;disablekb=0&#038;\" class=\"__youtube_prefs__  epyt-is-override  no-lazyload\" title=\"YouTube player\"  allow=\"fullscreen; accelerometer; autoplay; clipboard-write; encrypted-media; gyroscope; picture-in-picture; web-share\" referrerpolicy=\"strict-origin-when-cross-origin\" allowfullscreen data-no-lazy=\"1\" data-skipgform_ajax_framebjll=\"\"><\/iframe><\/p>\n<h4><strong>Campe\u00f5es da Maratona do Rio!<\/strong><\/h4>\n<p><span style=\"font-weight: 400;\">O queniano Josphat Kiprotich conquistou o bicampeonato, com o tempo de 2h12min35s, batendo a pr\u00f3pria marca de 2023 (2h13min29s). Mersimoy Alem foi o terceiro, enquanto o melhor brasileiro na prova foi Ederson Vilela Pereira, que terminou em quarto.<\/span><\/p>\n<blockquote><p><span style=\"font-weight: 400;\">&#8220;Estou muito feliz por vencer e bater o recorde da maratona. Eu me preparei bem nos \u00faltimos tr\u00eas meses e tentei puxar o ritmo o mais forte poss\u00edvel&#8221;, falou o campe\u00e3o<\/span><\/p><\/blockquote>\n<p><span style=\"font-weight: 400;\">Entre as mulheres, uma disputa equilibrada entre as tr\u00eas primeiras colocadas, que se revezaram na lideran\u00e7a e chegaram separadas por apenas 20 segundos. A et\u00edope Betelhem Moges venceu em sua primeira participa\u00e7\u00e3o na Maratona do Rio. Amanda Aparecida de Oliveira chegou em segundo, apenas seis segundos atr\u00e1s da primeira colocada, seguida por Andrea Hessel.<\/span><\/p>\n<blockquote><p><span style=\"font-weight: 400;\">&#8220;Estou contente com o meu desempenho, porque estou vindo de um longo per\u00edodo de contus\u00e3o. Quero voltar ano que vem para buscar o bicampeonato&#8221;, falou a vencedora.<\/span><\/p><\/blockquote>\n<blockquote class=\"instagram-media\" style=\"background: #FFF; border: 0; border-radius: 3px; box-shadow: 0 0 1px 0 rgba(0,0,0,0.5),0 1px 10px 0 rgba(0,0,0,0.15); margin: 1px; max-width: 540px; min-width: 326px; padding: 0; width: calc(100% - 2px);\" data-instgrm-captioned=\"\" data-instgrm-permalink=\"https:\/\/www.instagram.com\/reel\/C7uLJdwuz57\/?utm_source=ig_embed&amp;utm_campaign=loading\" data-instgrm-version=\"14\">\n<div style=\"padding: 16px;\">\n<p>&nbsp;<\/p>\n<div style=\"display: flex; flex-direction: row; align-items: center;\">\n<div style=\"background-color: #f4f4f4; border-radius: 50%; flex-grow: 0; height: 40px; margin-right: 14px; width: 40px;\"><\/div>\n<div style=\"display: flex; flex-direction: column; flex-grow: 1; justify-content: center;\">\n<div style=\"background-color: #f4f4f4; border-radius: 4px; flex-grow: 0; height: 14px; margin-bottom: 6px; width: 100px;\"><\/div>\n<div style=\"background-color: #f4f4f4; border-radius: 4px; flex-grow: 0; height: 14px; width: 60px;\"><\/div>\n<\/div>\n<\/div>\n<div style=\"padding: 19% 0;\"><\/div>\n<div style=\"display: block; height: 50px; margin: 0 auto 12px; width: 50px;\"><\/div>\n<div style=\"padding-top: 8px;\">\n<div style=\"color: #3897f0; font-family: Arial,sans-serif; font-size: 14px; font-style: normal; font-weight: 550; line-height: 18px;\">Ver essa foto no Instagram<\/div>\n<\/div>\n<div style=\"padding: 12.5% 0;\"><\/div>\n<div style=\"display: flex; flex-direction: row; margin-bottom: 14px; align-items: center;\">\n<div>\n<div style=\"background-color: #f4f4f4; border-radius: 50%; height: 12.5px; width: 12.5px; transform: translateX(0px) translateY(7px);\"><\/div>\n<div style=\"background-color: #f4f4f4; height: 12.5px; transform: rotate(-45deg) translateX(3px) translateY(1px); width: 12.5px; flex-grow: 0; margin-right: 14px; margin-left: 2px;\"><\/div>\n<div style=\"background-color: #f4f4f4; border-radius: 50%; height: 12.5px; width: 12.5px; transform: translateX(9px) translateY(-18px);\"><\/div>\n<\/div>\n<div style=\"margin-left: 8px;\">\n<div style=\"background-color: #f4f4f4; border-radius: 50%; flex-grow: 0; height: 20px; width: 20px;\"><\/div>\n<div style=\"width: 0; height: 0; border-top: 2px solid transparent; border-left: 6px solid #f4f4f4; border-bottom: 2px solid transparent; transform: translateX(16px) translateY(-4px) rotate(30deg);\"><\/div>\n<\/div>\n<div style=\"margin-left: auto;\">\n<div style=\"width: 0px; border-top: 8px solid #F4F4F4; border-right: 8px solid transparent; transform: translateY(16px);\"><\/div>\n<div style=\"background-color: #f4f4f4; flex-grow: 0; height: 12px; width: 16px; transform: translateY(-4px);\"><\/div>\n<div style=\"width: 0; height: 0; border-top: 8px solid #F4F4F4; border-left: 8px solid transparent; transform: translateY(-4px) translateX(8px);\"><\/div>\n<\/div>\n<\/div>\n<div style=\"display: flex; flex-direction: column; flex-grow: 1; justify-content: center; margin-bottom: 24px;\">\n<div style=\"background-color: #f4f4f4; border-radius: 4px; flex-grow: 0; height: 14px; margin-bottom: 6px; width: 224px;\"><\/div>\n<div style=\"background-color: #f4f4f4; border-radius: 4px; flex-grow: 0; height: 14px; width: 144px;\"><\/div>\n<\/div>\n<p>&nbsp;<\/p>\n<p style=\"color: #c9c8cd; font-family: Arial,sans-serif; font-size: 14px; line-height: 17px; margin-bottom: 0; margin-top: 8px; overflow: hidden; padding: 8px 0 7px; text-align: center; text-overflow: ellipsis; white-space: nowrap;\"><a style=\"color: #c9c8cd; font-family: Arial,sans-serif; font-size: 14px; font-style: normal; font-weight: normal; line-height: 17px; text-decoration: none;\" href=\"https:\/\/www.instagram.com\/reel\/C7uLJdwuz57\/?utm_source=ig_embed&amp;utm_campaign=loading\" target=\"_blank\" rel=\"noopener\">Uma publica\u00e7\u00e3o compartilhada por Chelso Sports \u2022 Corrida de Rua (@chelsosports)<\/a><\/p>\n<\/div>\n<\/blockquote>\n<p><script async src=\"\/\/www.instagram.com\/embed.js\"><\/script><\/p>\n<h4><span style=\"font-weight: 400;\">Resultados &#8211; 42 km<\/span><\/h4>\n<p><strong>Masculino:<\/strong><\/p>\n<p><span style=\"font-weight: 400;\">1\u00ba) Josphat Kiprotich (QUE): 02:12:35<\/span><\/p>\n<p><span style=\"font-weight: 400;\">2\u00ba) Zablon Chumba (QUE): 02:15:19<\/span><\/p>\n<p><span style=\"font-weight: 400;\">3\u00b0) Mersimoy Niguse Alem (QUE): 02:15:23<\/span><\/p>\n<p><span style=\"font-weight: 400;\">4\u00b0) Ederson Vilela Pereira (BRA): 02:16:26<\/span><\/p>\n<p><span style=\"font-weight: 400;\">5\u00ba) Ant\u00f4nio Marco Pereira de Ara\u00fajo (BRA): 02:19:18<\/span><\/p>\n<p><strong>Feminino:<\/strong><\/p>\n<p><span style=\"font-weight: 400;\">1\u00ba) Betelhem Moges (ETI): 02:39:53<\/span><\/p>\n<p><span style=\"font-weight: 400;\">2\u00ba) Amanda Aparecida de Oliveira (BRA): 02:39:59<\/span><\/p>\n<p><span style=\"font-weight: 400;\">3\u00ba) Andreia Aparecida Hessel (BRA): 02:40:13<\/span><\/p>\n<p><span style=\"font-weight: 400;\">4\u00ba) Rejane Ester Bispo da Silva (BRA): 02:41:24<\/span><\/p>\n<p><span style=\"font-weight: 400;\">5\u00ba) Tsehay Maru (ETI): 02:43:46<\/span><\/p>\n<h3><img fetchpriority=\"high\" decoding=\"async\" class=\"alignnone wp-image-20296 size-large\" src=\"https:\/\/chelso.com.br\/site\/wp-content\/uploads\/2024\/06\/WhatsApp-Image-2024-06-02-at-07.58.03-850x1024.jpeg\" alt=\"Ant\u00f4nio Marco, de Piracicaba, sobe no p\u00f3dio\" width=\"788\" height=\"949\" srcset=\"https:\/\/chelso.com.br\/site\/wp-content\/uploads\/2024\/06\/WhatsApp-Image-2024-06-02-at-07.58.03-850x1024.jpeg 850w, https:\/\/chelso.com.br\/site\/wp-content\/uploads\/2024\/06\/WhatsApp-Image-2024-06-02-at-07.58.03-249x300.jpeg 249w, https:\/\/chelso.com.br\/site\/wp-content\/uploads\/2024\/06\/WhatsApp-Image-2024-06-02-at-07.58.03-1276x1536.jpeg 1276w, https:\/\/chelso.com.br\/site\/wp-content\/uploads\/2024\/06\/WhatsApp-Image-2024-06-02-at-07.58.03-1701x2048.jpeg 1701w, https:\/\/chelso.com.br\/site\/wp-content\/uploads\/2024\/06\/WhatsApp-Image-2024-06-02-at-07.58.03-150x181.jpeg 150w, https:\/\/chelso.com.br\/site\/wp-content\/uploads\/2024\/06\/WhatsApp-Image-2024-06-02-at-07.58.03-450x542.jpeg 450w, https:\/\/chelso.com.br\/site\/wp-content\/uploads\/2024\/06\/WhatsApp-Image-2024-06-02-at-07.58.03-1200x1445.jpeg 1200w, https:\/\/chelso.com.br\/site\/wp-content\/uploads\/2024\/06\/WhatsApp-Image-2024-06-02-at-07.58.03-768x925.jpeg 768w\" sizes=\"(max-width: 788px) 100vw, 788px\" \/><\/h3>\n<p>Em quinto lugar na classifica\u00e7\u00e3o geral, o atleta de Piracicaba, Ant\u00f4nio Marcos, fez uma prova espetacular e subiu ao p\u00f3dio. Para a comunidade de Piracicaba, \u00e9 motivo de muito orgulho ter um representante da nossa cidade conquistando esse importante resultado na principal maratona do pa\u00eds.<\/p>\n<h3><strong>21 km re\u00fane quase 20 mil atletas <\/strong><\/h3>\n<p>O ponto alto da Maratona do Rio foram as disputas de 42 km no domingo, mas o s\u00e1bado foi o dia que concentrou o maior n\u00famero de atletas para uma \u00fanica dist\u00e2ncia. Os 21 km contaram com quase 20 mil atletas, sendo 18.990 concluintes.<\/p>\n<p>A vit\u00f3ria no masculino ficou com o queniano Abera Mamo, de 21 anos. Ele completou a prova em 1h02min02s. Na prova feminina a vit\u00f3ria foi da queniana Nelly Jepchumba, que completou em 1h10min08s. Ela tornou-se bicampe\u00e3 da prova e bateu o tempo conquistado no ano passado, quando completou a etapa em 1h11min46s.<\/p>\n<blockquote class=\"instagram-media\" style=\"background: #FFF; border: 0; border-radius: 3px; box-shadow: 0 0 1px 0 rgba(0,0,0,0.5),0 1px 10px 0 rgba(0,0,0,0.15); margin: 1px; max-width: 540px; min-width: 326px; padding: 0; width: calc(100% - 2px);\" data-instgrm-captioned=\"\" data-instgrm-permalink=\"https:\/\/www.instagram.com\/reel\/C7uMBdWu5Ue\/?utm_source=ig_embed&amp;utm_campaign=loading\" data-instgrm-version=\"14\">\n<div style=\"padding: 16px;\">\n<p>&nbsp;<\/p>\n<div style=\"display: flex; flex-direction: row; align-items: center;\">\n<div style=\"background-color: #f4f4f4; border-radius: 50%; flex-grow: 0; height: 40px; margin-right: 14px; width: 40px;\"><\/div>\n<div style=\"display: flex; flex-direction: column; flex-grow: 1; justify-content: center;\">\n<div style=\"background-color: #f4f4f4; border-radius: 4px; flex-grow: 0; height: 14px; margin-bottom: 6px; width: 100px;\"><\/div>\n<div style=\"background-color: #f4f4f4; border-radius: 4px; flex-grow: 0; height: 14px; width: 60px;\"><\/div>\n<\/div>\n<\/div>\n<div style=\"padding: 19% 0;\"><\/div>\n<div style=\"display: block; height: 50px; margin: 0 auto 12px; width: 50px;\"><\/div>\n<div style=\"padding-top: 8px;\">\n<div style=\"color: #3897f0; font-family: Arial,sans-serif; font-size: 14px; font-style: normal; font-weight: 550; line-height: 18px;\">Ver essa foto no Instagram<\/div>\n<\/div>\n<div style=\"padding: 12.5% 0;\"><\/div>\n<div style=\"display: flex; flex-direction: row; margin-bottom: 14px; align-items: center;\">\n<div>\n<div style=\"background-color: #f4f4f4; border-radius: 50%; height: 12.5px; width: 12.5px; transform: translateX(0px) translateY(7px);\"><\/div>\n<div style=\"background-color: #f4f4f4; height: 12.5px; transform: rotate(-45deg) translateX(3px) translateY(1px); width: 12.5px; flex-grow: 0; margin-right: 14px; margin-left: 2px;\"><\/div>\n<div style=\"background-color: #f4f4f4; border-radius: 50%; height: 12.5px; width: 12.5px; transform: translateX(9px) translateY(-18px);\"><\/div>\n<\/div>\n<div style=\"margin-left: 8px;\">\n<div style=\"background-color: #f4f4f4; border-radius: 50%; flex-grow: 0; height: 20px; width: 20px;\"><\/div>\n<div style=\"width: 0; height: 0; border-top: 2px solid transparent; border-left: 6px solid #f4f4f4; border-bottom: 2px solid transparent; transform: translateX(16px) translateY(-4px) rotate(30deg);\"><\/div>\n<\/div>\n<div style=\"margin-left: auto;\">\n<div style=\"width: 0px; border-top: 8px solid #F4F4F4; border-right: 8px solid transparent; transform: translateY(16px);\"><\/div>\n<div style=\"background-color: #f4f4f4; flex-grow: 0; height: 12px; width: 16px; transform: translateY(-4px);\"><\/div>\n<div style=\"width: 0; height: 0; border-top: 8px solid #F4F4F4; border-left: 8px solid transparent; transform: translateY(-4px) translateX(8px);\"><\/div>\n<\/div>\n<\/div>\n<div style=\"display: flex; flex-direction: column; flex-grow: 1; justify-content: center; margin-bottom: 24px;\">\n<div style=\"background-color: #f4f4f4; border-radius: 4px; flex-grow: 0; height: 14px; margin-bottom: 6px; width: 224px;\"><\/div>\n<div style=\"background-color: #f4f4f4; border-radius: 4px; flex-grow: 0; height: 14px; width: 144px;\"><\/div>\n<\/div>\n<p>&nbsp;<\/p>\n<p style=\"color: #c9c8cd; font-family: Arial,sans-serif; font-size: 14px; line-height: 17px; margin-bottom: 0; margin-top: 8px; overflow: hidden; padding: 8px 0 7px; text-align: center; text-overflow: ellipsis; white-space: nowrap;\"><a style=\"color: #c9c8cd; font-family: Arial,sans-serif; font-size: 14px; font-style: normal; font-weight: normal; line-height: 17px; text-decoration: none;\" href=\"https:\/\/www.instagram.com\/reel\/C7uMBdWu5Ue\/?utm_source=ig_embed&amp;utm_campaign=loading\" target=\"_blank\" rel=\"noopener\">Uma publica\u00e7\u00e3o compartilhada por Chelso Sports \u2022 Corrida de Rua (@chelsosports)<\/a><\/p>\n<\/div>\n<\/blockquote>\n<p><script async src=\"\/\/www.instagram.com\/embed.js\"><\/script><\/p>\n<h4><span style=\"font-weight: 400;\">Resultados &#8211; 21 km<\/span><\/h4>\n<p><strong>Masculino:<\/strong><\/p>\n<p><span style=\"font-weight: 400;\">1\u00ba) Abera Mano (QUE) \u2013 01:02:02<\/span><\/p>\n<p><span style=\"font-weight: 400;\">2\u00ba) Justus Kipkogei Kangogo (QUE) \u2013 1:02:07<\/span><\/p>\n<p><span style=\"font-weight: 400;\">3\u00ba) Abraham Kiplimo (UGA) \u2013 1:05:02<\/span><\/p>\n<p><span style=\"font-weight: 400;\">4\u00ba) Alequessandro Paulo da Silva (BRA) \u2013 01:06:37<\/span><\/p>\n<p><span style=\"font-weight: 400;\">5\u00ba) Ronan Moraes da Silva (BRA) \u2013 01:07:28<\/span><\/p>\n<p><strong>Feminino:<\/strong><\/p>\n<p><span style=\"font-weight: 400;\">1\u00aa) Nelly Jepchumba (QUE) \u2013 01:10:08<\/span><\/p>\n<p><span style=\"font-weight: 400;\">2\u00aa) Nelly Jeptoo (QUE) \u2013 01:10:10<\/span><\/p>\n<p><span style=\"font-weight: 400;\">3\u00aa) Viola Jelagat Kosgei (QUE) \u2013 01:14:49<\/span><\/p>\n<p><span style=\"font-weight: 400;\">4\u00aa) Vivian Jeftanui Kiplagati (QUE) \u2013 01:14:51<\/span><\/p>\n<p><span style=\"font-weight: 400;\">5\u00aa) Jessica Ladeira Soares (BRA) \u2013 01:16:29<\/span><\/p>\n<blockquote class=\"instagram-media\" style=\"background: #FFF; border: 0; border-radius: 3px; box-shadow: 0 0 1px 0 rgba(0,0,0,0.5),0 1px 10px 0 rgba(0,0,0,0.15); margin: 1px; max-width: 540px; min-width: 326px; padding: 0; width: calc(100% - 2px);\" data-instgrm-captioned=\"\" data-instgrm-permalink=\"https:\/\/www.instagram.com\/reel\/C7sPO_Vuv-Z\/?utm_source=ig_embed&amp;utm_campaign=loading\" data-instgrm-version=\"14\">\n<div style=\"padding: 16px;\">\n<p>&nbsp;<\/p>\n<div style=\"display: flex; flex-direction: row; align-items: center;\">\n<div style=\"background-color: #f4f4f4; border-radius: 50%; flex-grow: 0; height: 40px; margin-right: 14px; width: 40px;\"><\/div>\n<div style=\"display: flex; flex-direction: column; flex-grow: 1; justify-content: center;\">\n<div style=\"background-color: #f4f4f4; border-radius: 4px; flex-grow: 0; height: 14px; margin-bottom: 6px; width: 100px;\"><\/div>\n<div style=\"background-color: #f4f4f4; border-radius: 4px; flex-grow: 0; height: 14px; width: 60px;\"><\/div>\n<\/div>\n<\/div>\n<div style=\"padding: 19% 0;\"><\/div>\n<div style=\"display: block; height: 50px; margin: 0 auto 12px; width: 50px;\"><\/div>\n<div style=\"padding-top: 8px;\">\n<div style=\"color: #3897f0; font-family: Arial,sans-serif; font-size: 14px; font-style: normal; font-weight: 550; line-height: 18px;\">Ver essa foto no Instagram<\/div>\n<\/div>\n<div style=\"padding: 12.5% 0;\"><\/div>\n<div style=\"display: flex; flex-direction: row; margin-bottom: 14px; align-items: center;\">\n<div>\n<div style=\"background-color: #f4f4f4; border-radius: 50%; height: 12.5px; width: 12.5px; transform: translateX(0px) translateY(7px);\"><\/div>\n<div style=\"background-color: #f4f4f4; height: 12.5px; transform: rotate(-45deg) translateX(3px) translateY(1px); width: 12.5px; flex-grow: 0; margin-right: 14px; margin-left: 2px;\"><\/div>\n<div style=\"background-color: #f4f4f4; border-radius: 50%; height: 12.5px; width: 12.5px; transform: translateX(9px) translateY(-18px);\"><\/div>\n<\/div>\n<div style=\"margin-left: 8px;\">\n<div style=\"background-color: #f4f4f4; border-radius: 50%; flex-grow: 0; height: 20px; width: 20px;\"><\/div>\n<div style=\"width: 0; height: 0; border-top: 2px solid transparent; border-left: 6px solid #f4f4f4; border-bottom: 2px solid transparent; transform: translateX(16px) translateY(-4px) rotate(30deg);\"><\/div>\n<\/div>\n<div style=\"margin-left: auto;\">\n<div style=\"width: 0px; border-top: 8px solid #F4F4F4; border-right: 8px solid transparent; transform: translateY(16px);\"><\/div>\n<div style=\"background-color: #f4f4f4; flex-grow: 0; height: 12px; width: 16px; transform: translateY(-4px);\"><\/div>\n<div style=\"width: 0; height: 0; border-top: 8px solid #F4F4F4; border-left: 8px solid transparent; transform: translateY(-4px) translateX(8px);\"><\/div>\n<\/div>\n<\/div>\n<div style=\"display: flex; flex-direction: column; flex-grow: 1; justify-content: center; margin-bottom: 24px;\">\n<div style=\"background-color: #f4f4f4; border-radius: 4px; flex-grow: 0; height: 14px; margin-bottom: 6px; width: 224px;\"><\/div>\n<div style=\"background-color: #f4f4f4; border-radius: 4px; flex-grow: 0; height: 14px; width: 144px;\"><\/div>\n<\/div>\n<p>&nbsp;<\/p>\n<p style=\"color: #c9c8cd; font-family: Arial,sans-serif; font-size: 14px; line-height: 17px; margin-bottom: 0; margin-top: 8px; overflow: hidden; padding: 8px 0 7px; text-align: center; text-overflow: ellipsis; white-space: nowrap;\"><a style=\"color: #c9c8cd; font-family: Arial,sans-serif; font-size: 14px; font-style: normal; font-weight: normal; line-height: 17px; text-decoration: none;\" href=\"https:\/\/www.instagram.com\/reel\/C7sPO_Vuv-Z\/?utm_source=ig_embed&amp;utm_campaign=loading\" target=\"_blank\" rel=\"noopener\">Uma publica\u00e7\u00e3o compartilhada por Maratona do Rio (@maratonadoriooficial)<\/a><\/p>\n<\/div>\n<\/blockquote>\n<p><script async src=\"\/\/www.instagram.com\/embed.js\"><\/script><\/p>\n<h4><b>Siga a Chelso<\/b><\/h4>\n<p>A Chelso Sports est\u00e1 presente no\u00a0<a href=\"https:\/\/www.youtube.com\/@ChelsoSports\">YouTube<\/a>! Por isso, convidamos voc\u00ea a se inscrever em nosso canal, deixar seus coment\u00e1rios e ficar por dentro de todas as novidades do mundo dos esportes. Ultrapassamos a marca de 4 mil inscritos e, como nossa nova meta \u00e9 chegar aos 5 mil, n\u00e3o deixe de acompanhar nossos v\u00eddeos exclusivos.<\/p>\n<p>Al\u00e9m disso, n\u00e3o para por a\u00ed! Se voc\u00ea quer ter acesso a todas as informa\u00e7\u00f5es sobre nosso calend\u00e1rio de provas e dicas de treinamento, \u00e9 s\u00f3 seguir a Chelso Sports no\u00a0<a href=\"https:\/\/www.instagram.com\/chelsosports\/\">Instagram<\/a>. Fique por dentro de curiosidades e novidades sobre os esportes outdoor. Ent\u00e3o, n\u00e3o perca tempo e nos acompanhe agora mesmo nas redes sociais!<\/p>\n","protected":false},"excerpt":{"rendered":"<p>Miss\u00e3o Rio, Chelso Sports! A 22\u00aa edi\u00e7\u00e3o da Maratona do Rio foi um sucesso! Quebrando todos os recordes, o maior evento de corrida da Am\u00e9rica Latina reuniu mais de 40 mil atletas durante o feriado. Mais do que as provas de 42 km, 21 km, 10 km e 5 km, a Maratona do Rio se<\/p>\n","protected":false},"author":21,"featured_media":20295,"comment_status":"open","ping_status":"closed","sticky":false,"template":"","format":"standard","meta":{"om_disable_all_campaigns":false,"_monsterinsights_skip_tracking":false,"_monsterinsights_sitenote_active":false,"_monsterinsights_sitenote_note":"","_monsterinsights_sitenote_category":0,"footnotes":""},"categories":[135,89,56,30],"tags":[910,735,41,1245],"class_list":{"0":"post-20294","1":"post","2":"type-post","3":"status-publish","4":"format-standard","5":"has-post-thumbnail","7":"category-business","8":"category-dicas","9":"category-eventos","10":"category-noticias","11":"tag-42-km","12":"tag-chelso","13":"tag-chelso-sports","14":"tag-maratona-do-rio"},"aioseo_notices":[],"yoast_head":"<!-- This site is optimized with the Yoast SEO plugin v27.4 - https:\/\/yoast.com\/product\/yoast-seo-wordpress\/ -->\n<title>Miss\u00e3o Rio, Chelso Sports! - Portal Chelso Sports<\/title>\n<meta name=\"description\" content=\"Miss\u00e3o Rio, Chelso Sports! Confira tudo que rolou na maior corrida de rua da Am\u00e9rica Latina, realizada neste final de semana\" \/>\n<meta name=\"robots\" content=\"index, follow, max-snippet:-1, max-image-preview:large, max-video-preview:-1\" \/>\n<link rel=\"canonical\" href=\"https:\/\/chelso.com.br\/site\/missao-rio-chelso-sports\/\" \/>\n<meta property=\"og:locale\" content=\"pt_BR\" \/>\n<meta property=\"og:type\" content=\"article\" \/>\n<meta property=\"og:title\" content=\"Miss\u00e3o Rio, Chelso Sports! - Portal Chelso Sports\" \/>\n<meta property=\"og:description\" content=\"Miss\u00e3o Rio, Chelso Sports! Confira tudo que rolou na maior corrida de rua da Am\u00e9rica Latina, realizada neste final de semana\" \/>\n<meta property=\"og:url\" content=\"https:\/\/chelso.com.br\/site\/missao-rio-chelso-sports\/\" \/>\n<meta property=\"og:site_name\" content=\"Portal Chelso Sports\" \/>\n<meta property=\"article:published_time\" content=\"2024-06-03T22:35:00+00:00\" \/>\n<meta property=\"og:image\" content=\"https:\/\/chelso.com.br\/site\/wp-content\/uploads\/2024\/06\/Missao-Rio-Chelso-Sports.jpg\" \/>\n\t<meta property=\"og:image:width\" content=\"798\" \/>\n\t<meta property=\"og:image:height\" content=\"576\" \/>\n\t<meta property=\"og:image:type\" content=\"image\/jpeg\" \/>\n<meta name=\"author\" content=\"Chelso\" \/>\n<meta name=\"twitter:card\" content=\"summary_large_image\" \/>\n<meta name=\"twitter:label1\" content=\"Escrito por\" \/>\n\t<meta name=\"twitter:data1\" content=\"Chelso\" \/>\n\t<meta name=\"twitter:label2\" content=\"Est. tempo de leitura\" \/>\n\t<meta name=\"twitter:data2\" content=\"5 minutos\" \/>\n<script type=\"application\/ld+json\" class=\"yoast-schema-graph\">{\"@context\":\"https:\\\/\\\/schema.org\",\"@graph\":[{\"@type\":\"Article\",\"@id\":\"https:\\\/\\\/chelso.com.br\\\/site\\\/missao-rio-chelso-sports\\\/#article\",\"isPartOf\":{\"@id\":\"https:\\\/\\\/chelso.com.br\\\/site\\\/missao-rio-chelso-sports\\\/\"},\"author\":{\"name\":\"Chelso\",\"@id\":\"https:\\\/\\\/chelso.com.br\\\/site\\\/#\\\/schema\\\/person\\\/06bf484f0ccbb71d4fd2128d594e1d0a\"},\"headline\":\"Miss\u00e3o Rio, Chelso Sports!\",\"datePublished\":\"2024-06-03T22:35:00+00:00\",\"mainEntityOfPage\":{\"@id\":\"https:\\\/\\\/chelso.com.br\\\/site\\\/missao-rio-chelso-sports\\\/\"},\"wordCount\":899,\"commentCount\":0,\"image\":{\"@id\":\"https:\\\/\\\/chelso.com.br\\\/site\\\/missao-rio-chelso-sports\\\/#primaryimage\"},\"thumbnailUrl\":\"https:\\\/\\\/chelso.com.br\\\/site\\\/wp-content\\\/uploads\\\/2024\\\/06\\\/Missao-Rio-Chelso-Sports.jpg\",\"keywords\":[\"42 km\",\"Chelso\",\"chelso sports\",\"Maratona do Rio\"],\"articleSection\":[\"Business\",\"Dicas\",\"Eventos\",\"Not\u00edcias\"],\"inLanguage\":\"pt-BR\",\"potentialAction\":[{\"@type\":\"CommentAction\",\"name\":\"Comment\",\"target\":[\"https:\\\/\\\/chelso.com.br\\\/site\\\/missao-rio-chelso-sports\\\/#respond\"]}]},{\"@type\":\"WebPage\",\"@id\":\"https:\\\/\\\/chelso.com.br\\\/site\\\/missao-rio-chelso-sports\\\/\",\"url\":\"https:\\\/\\\/chelso.com.br\\\/site\\\/missao-rio-chelso-sports\\\/\",\"name\":\"Miss\u00e3o Rio, Chelso Sports! - Portal Chelso Sports\",\"isPartOf\":{\"@id\":\"https:\\\/\\\/chelso.com.br\\\/site\\\/#website\"},\"primaryImageOfPage\":{\"@id\":\"https:\\\/\\\/chelso.com.br\\\/site\\\/missao-rio-chelso-sports\\\/#primaryimage\"},\"image\":{\"@id\":\"https:\\\/\\\/chelso.com.br\\\/site\\\/missao-rio-chelso-sports\\\/#primaryimage\"},\"thumbnailUrl\":\"https:\\\/\\\/chelso.com.br\\\/site\\\/wp-content\\\/uploads\\\/2024\\\/06\\\/Missao-Rio-Chelso-Sports.jpg\",\"datePublished\":\"2024-06-03T22:35:00+00:00\",\"author\":{\"@id\":\"https:\\\/\\\/chelso.com.br\\\/site\\\/#\\\/schema\\\/person\\\/06bf484f0ccbb71d4fd2128d594e1d0a\"},\"description\":\"Miss\u00e3o Rio, Chelso Sports! Confira tudo que rolou na maior corrida de rua da Am\u00e9rica Latina, realizada neste final de semana\",\"breadcrumb\":{\"@id\":\"https:\\\/\\\/chelso.com.br\\\/site\\\/missao-rio-chelso-sports\\\/#breadcrumb\"},\"inLanguage\":\"pt-BR\",\"potentialAction\":[{\"@type\":\"ReadAction\",\"target\":[\"https:\\\/\\\/chelso.com.br\\\/site\\\/missao-rio-chelso-sports\\\/\"]}]},{\"@type\":\"ImageObject\",\"inLanguage\":\"pt-BR\",\"@id\":\"https:\\\/\\\/chelso.com.br\\\/site\\\/missao-rio-chelso-sports\\\/#primaryimage\",\"url\":\"https:\\\/\\\/chelso.com.br\\\/site\\\/wp-content\\\/uploads\\\/2024\\\/06\\\/Missao-Rio-Chelso-Sports.jpg\",\"contentUrl\":\"https:\\\/\\\/chelso.com.br\\\/site\\\/wp-content\\\/uploads\\\/2024\\\/06\\\/Missao-Rio-Chelso-Sports.jpg\",\"width\":798,\"height\":576,\"caption\":\"Miss\u00e3o Rio, Chelso Sports!\"},{\"@type\":\"BreadcrumbList\",\"@id\":\"https:\\\/\\\/chelso.com.br\\\/site\\\/missao-rio-chelso-sports\\\/#breadcrumb\",\"itemListElement\":[{\"@type\":\"ListItem\",\"position\":1,\"name\":\"In\u00edcio\",\"item\":\"https:\\\/\\\/chelso.com.br\\\/site\\\/\"},{\"@type\":\"ListItem\",\"position\":2,\"name\":\"Miss\u00e3o Rio, Chelso Sports!\"}]},{\"@type\":\"WebSite\",\"@id\":\"https:\\\/\\\/chelso.com.br\\\/site\\\/#website\",\"url\":\"https:\\\/\\\/chelso.com.br\\\/site\\\/\",\"name\":\"Portal Chelso Sports\",\"description\":\"Conte\u00fado especializado em corrida de rua e triathlon\",\"potentialAction\":[{\"@type\":\"SearchAction\",\"target\":{\"@type\":\"EntryPoint\",\"urlTemplate\":\"https:\\\/\\\/chelso.com.br\\\/site\\\/?s={search_term_string}\"},\"query-input\":{\"@type\":\"PropertyValueSpecification\",\"valueRequired\":true,\"valueName\":\"search_term_string\"}}],\"inLanguage\":\"pt-BR\"},{\"@type\":\"Person\",\"@id\":\"https:\\\/\\\/chelso.com.br\\\/site\\\/#\\\/schema\\\/person\\\/06bf484f0ccbb71d4fd2128d594e1d0a\",\"name\":\"Chelso\",\"image\":{\"@type\":\"ImageObject\",\"inLanguage\":\"pt-BR\",\"@id\":\"https:\\\/\\\/chelso.com.br\\\/site\\\/wp-content\\\/uploads\\\/2025\\\/04\\\/Perfil20192-150x149.png\",\"url\":\"https:\\\/\\\/chelso.com.br\\\/site\\\/wp-content\\\/uploads\\\/2025\\\/04\\\/Perfil20192-150x149.png\",\"contentUrl\":\"https:\\\/\\\/chelso.com.br\\\/site\\\/wp-content\\\/uploads\\\/2025\\\/04\\\/Perfil20192-150x149.png\",\"caption\":\"Chelso\"},\"sameAs\":[\"http:\\\/\\\/www.chelso.com.br\"],\"url\":\"https:\\\/\\\/chelso.com.br\\\/site\\\/author\\\/maryblog\\\/\"}]}<\/script>\n<!-- \/ Yoast SEO plugin. -->","yoast_head_json":{"title":"Miss\u00e3o Rio, Chelso Sports! - Portal Chelso Sports","description":"Miss\u00e3o Rio, Chelso Sports! Confira tudo que rolou na maior corrida de rua da Am\u00e9rica Latina, realizada neste final de semana","robots":{"index":"index","follow":"follow","max-snippet":"max-snippet:-1","max-image-preview":"max-image-preview:large","max-video-preview":"max-video-preview:-1"},"canonical":"https:\/\/chelso.com.br\/site\/missao-rio-chelso-sports\/","og_locale":"pt_BR","og_type":"article","og_title":"Miss\u00e3o Rio, Chelso Sports! - Portal Chelso Sports","og_description":"Miss\u00e3o Rio, Chelso Sports! Confira tudo que rolou na maior corrida de rua da Am\u00e9rica Latina, realizada neste final de semana","og_url":"https:\/\/chelso.com.br\/site\/missao-rio-chelso-sports\/","og_site_name":"Portal Chelso Sports","article_published_time":"2024-06-03T22:35:00+00:00","og_image":[{"width":798,"height":576,"url":"https:\/\/chelso.com.br\/site\/wp-content\/uploads\/2024\/06\/Missao-Rio-Chelso-Sports.jpg","type":"image\/jpeg"}],"author":"Chelso","twitter_card":"summary_large_image","twitter_misc":{"Escrito por":"Chelso","Est. tempo de leitura":"5 minutos"},"schema":{"@context":"https:\/\/schema.org","@graph":[{"@type":"Article","@id":"https:\/\/chelso.com.br\/site\/missao-rio-chelso-sports\/#article","isPartOf":{"@id":"https:\/\/chelso.com.br\/site\/missao-rio-chelso-sports\/"},"author":{"name":"Chelso","@id":"https:\/\/chelso.com.br\/site\/#\/schema\/person\/06bf484f0ccbb71d4fd2128d594e1d0a"},"headline":"Miss\u00e3o Rio, Chelso Sports!","datePublished":"2024-06-03T22:35:00+00:00","mainEntityOfPage":{"@id":"https:\/\/chelso.com.br\/site\/missao-rio-chelso-sports\/"},"wordCount":899,"commentCount":0,"image":{"@id":"https:\/\/chelso.com.br\/site\/missao-rio-chelso-sports\/#primaryimage"},"thumbnailUrl":"https:\/\/chelso.com.br\/site\/wp-content\/uploads\/2024\/06\/Missao-Rio-Chelso-Sports.jpg","keywords":["42 km","Chelso","chelso sports","Maratona do Rio"],"articleSection":["Business","Dicas","Eventos","Not\u00edcias"],"inLanguage":"pt-BR","potentialAction":[{"@type":"CommentAction","name":"Comment","target":["https:\/\/chelso.com.br\/site\/missao-rio-chelso-sports\/#respond"]}]},{"@type":"WebPage","@id":"https:\/\/chelso.com.br\/site\/missao-rio-chelso-sports\/","url":"https:\/\/chelso.com.br\/site\/missao-rio-chelso-sports\/","name":"Miss\u00e3o Rio, Chelso Sports! - Portal Chelso Sports","isPartOf":{"@id":"https:\/\/chelso.com.br\/site\/#website"},"primaryImageOfPage":{"@id":"https:\/\/chelso.com.br\/site\/missao-rio-chelso-sports\/#primaryimage"},"image":{"@id":"https:\/\/chelso.com.br\/site\/missao-rio-chelso-sports\/#primaryimage"},"thumbnailUrl":"https:\/\/chelso.com.br\/site\/wp-content\/uploads\/2024\/06\/Missao-Rio-Chelso-Sports.jpg","datePublished":"2024-06-03T22:35:00+00:00","author":{"@id":"https:\/\/chelso.com.br\/site\/#\/schema\/person\/06bf484f0ccbb71d4fd2128d594e1d0a"},"description":"Miss\u00e3o Rio, Chelso Sports! Confira tudo que rolou na maior corrida de rua da Am\u00e9rica Latina, realizada neste final de semana","breadcrumb":{"@id":"https:\/\/chelso.com.br\/site\/missao-rio-chelso-sports\/#breadcrumb"},"inLanguage":"pt-BR","potentialAction":[{"@type":"ReadAction","target":["https:\/\/chelso.com.br\/site\/missao-rio-chelso-sports\/"]}]},{"@type":"ImageObject","inLanguage":"pt-BR","@id":"https:\/\/chelso.com.br\/site\/missao-rio-chelso-sports\/#primaryimage","url":"https:\/\/chelso.com.br\/site\/wp-content\/uploads\/2024\/06\/Missao-Rio-Chelso-Sports.jpg","contentUrl":"https:\/\/chelso.com.br\/site\/wp-content\/uploads\/2024\/06\/Missao-Rio-Chelso-Sports.jpg","width":798,"height":576,"caption":"Miss\u00e3o Rio, Chelso Sports!"},{"@type":"BreadcrumbList","@id":"https:\/\/chelso.com.br\/site\/missao-rio-chelso-sports\/#breadcrumb","itemListElement":[{"@type":"ListItem","position":1,"name":"In\u00edcio","item":"https:\/\/chelso.com.br\/site\/"},{"@type":"ListItem","position":2,"name":"Miss\u00e3o Rio, Chelso Sports!"}]},{"@type":"WebSite","@id":"https:\/\/chelso.com.br\/site\/#website","url":"https:\/\/chelso.com.br\/site\/","name":"Portal Chelso Sports","description":"Conte\u00fado especializado em corrida de rua e triathlon","potentialAction":[{"@type":"SearchAction","target":{"@type":"EntryPoint","urlTemplate":"https:\/\/chelso.com.br\/site\/?s={search_term_string}"},"query-input":{"@type":"PropertyValueSpecification","valueRequired":true,"valueName":"search_term_string"}}],"inLanguage":"pt-BR"},{"@type":"Person","@id":"https:\/\/chelso.com.br\/site\/#\/schema\/person\/06bf484f0ccbb71d4fd2128d594e1d0a","name":"Chelso","image":{"@type":"ImageObject","inLanguage":"pt-BR","@id":"https:\/\/chelso.com.br\/site\/wp-content\/uploads\/2025\/04\/Perfil20192-150x149.png","url":"https:\/\/chelso.com.br\/site\/wp-content\/uploads\/2025\/04\/Perfil20192-150x149.png","contentUrl":"https:\/\/chelso.com.br\/site\/wp-content\/uploads\/2025\/04\/Perfil20192-150x149.png","caption":"Chelso"},"sameAs":["http:\/\/www.chelso.com.br"],"url":"https:\/\/chelso.com.br\/site\/author\/maryblog\/"}]}},"amp_enabled":true,"_links":{"self":[{"href":"https:\/\/chelso.com.br\/site\/wp-json\/wp\/v2\/posts\/20294","targetHints":{"allow":["GET"]}}],"collection":[{"href":"https:\/\/chelso.com.br\/site\/wp-json\/wp\/v2\/posts"}],"about":[{"href":"https:\/\/chelso.com.br\/site\/wp-json\/wp\/v2\/types\/post"}],"author":[{"embeddable":true,"href":"https:\/\/chelso.com.br\/site\/wp-json\/wp\/v2\/users\/21"}],"replies":[{"embeddable":true,"href":"https:\/\/chelso.com.br\/site\/wp-json\/wp\/v2\/comments?post=20294"}],"version-history":[{"count":1,"href":"https:\/\/chelso.com.br\/site\/wp-json\/wp\/v2\/posts\/20294\/revisions"}],"predecessor-version":[{"id":20297,"href":"https:\/\/chelso.com.br\/site\/wp-json\/wp\/v2\/posts\/20294\/revisions\/20297"}],"wp:featuredmedia":[{"embeddable":true,"href":"https:\/\/chelso.com.br\/site\/wp-json\/wp\/v2\/media\/20295"}],"wp:attachment":[{"href":"https:\/\/chelso.com.br\/site\/wp-json\/wp\/v2\/media?parent=20294"}],"wp:term":[{"taxonomy":"category","embeddable":true,"href":"https:\/\/chelso.com.br\/site\/wp-json\/wp\/v2\/categories?post=20294"},{"taxonomy":"post_tag","embeddable":true,"href":"https:\/\/chelso.com.br\/site\/wp-json\/wp\/v2\/tags?post=20294"}],"curies":[{"name":"wp","href":"https:\/\/api.w.org\/{rel}","templated":true}]}}