{"id":20429,"date":"2024-06-24T09:19:33","date_gmt":"2024-06-24T12:19:33","guid":{"rendered":"https:\/\/chelso.com.br\/site\/?p=20429"},"modified":"2024-06-24T09:19:33","modified_gmt":"2024-06-24T12:19:33","slug":"cuidados-ao-pedalar-na-poeira","status":"publish","type":"post","link":"https:\/\/chelso.com.br\/site\/cuidados-ao-pedalar-na-poeira\/","title":{"rendered":"Cuidados ao pedalar na poeira"},"content":{"rendered":"<p><strong>Cuidados ao pedalar na poeira! <\/strong>Em sua coluna no Blog da Chelso, a especialista Alessandra Cardoso aborda um tema importante para os ciclistas: os cuidados necess\u00e1rios durante a pr\u00e1tica de ciclismo em locais com muita poeira no ar. Confira a seguir os principais riscos \u00e0 sa\u00fade e dicas para se proteger.<\/p>\n<p><a href=\"https:\/\/chelso.com.br\/site\/provas-presenciais\/\">Saiba mais sobre o nosso calend\u00e1rio de provas presenciais<\/a><\/p>\n<h2><strong>Cuidados ao pedalar na poeira<\/strong><\/h2>\n<p>Voc\u00ea sabia que a inala\u00e7\u00e3o de poeira durante a pr\u00e1tica de ciclismo pode causar diversos problemas de sa\u00fade? A inala\u00e7\u00e3o excessiva de part\u00edculas no ar pode irritar as vias respirat\u00f3rias, desencadeando sintomas como asma, rinite al\u00e9rgica, tosse, espirros, chiado no peito, coriza, coceira nos olhos e desconforto geral.<\/p>\n<p>Especialmente durante treinos ou passeios em estradas de terra, \u00e9 comum sentir dor de cabe\u00e7a ap\u00f3s a exposi\u00e7\u00e3o prolongada \u00e0 poeira. Isso acontece pois a irrita\u00e7\u00e3o das vias a\u00e9reas superiores pode causar inflama\u00e7\u00e3o e congest\u00e3o, comprimindo os vasos sangu\u00edneos cerebrais e gerando a dor de cabe\u00e7a.<\/p>\n<p>Para se proteger desses inc\u00f4modos, algumas medidas simples podem ser tomadas antes e depois do treino:<\/p>\n<ul>\n<li>Use uma bandana, m\u00e1scara ou len\u00e7o umedecido para cobrir o nariz e a boca, impedindo a entrada de part\u00edculas de poeira;<\/li>\n<li>Utilize \u00f3culos de ciclismo com lentes claras ou transparentes para proteger os olhos;<\/li>\n<li>Ap\u00f3s o treino, lave bem as narinas com soro fisiol\u00f3gico para remover qualquer res\u00edduo de poeira.<\/li>\n<\/ul>\n<p>Adotar esses cuidados \u00e9 essencial para prevenir problemas respirat\u00f3rios e desconfortos durante a pr\u00e1tica esportiva, garantindo uma experi\u00eancia mais agrad\u00e1vel e saud\u00e1vel para os ciclistas.<\/p>\n<p><iframe  id=\"_ytid_11393\"  width=\"788\" height=\"443\"  data-origwidth=\"788\" data-origheight=\"443\" src=\"https:\/\/www.youtube.com\/embed\/LB2TN7jqDwU?enablejsapi=1&#038;autoplay=0&#038;cc_load_policy=0&#038;cc_lang_pref=&#038;iv_load_policy=1&#038;loop=0&#038;rel=1&#038;fs=1&#038;playsinline=0&#038;autohide=2&#038;theme=dark&#038;color=red&#038;controls=1&#038;disablekb=0&#038;\" class=\"__youtube_prefs__  epyt-is-override  no-lazyload\" title=\"YouTube player\"  allow=\"fullscreen; accelerometer; autoplay; clipboard-write; encrypted-media; gyroscope; picture-in-picture; web-share\" referrerpolicy=\"strict-origin-when-cross-origin\" allowfullscreen data-no-lazy=\"1\" data-skipgform_ajax_framebjll=\"\"><\/iframe><\/p>\n<h3><b>Siga a Chelso<\/b><\/h3>\n<p>A Chelso Sports est\u00e1 presente no\u00a0<a href=\"https:\/\/www.youtube.com\/@ChelsoSports\">YouTube<\/a>! Por isso, convidamos voc\u00ea a se inscrever em nosso canal, deixar seus coment\u00e1rios e ficar por dentro de todas as novidades do mundo dos esportes. Ultrapassamos a marca de 4 mil inscritos e, como nossa nova meta \u00e9 chegar aos 5 mil, n\u00e3o deixe de acompanhar nossos v\u00eddeos exclusivos.<\/p>\n<p>Al\u00e9m disso, n\u00e3o para por a\u00ed! Se voc\u00ea quer ter acesso a todas as informa\u00e7\u00f5es sobre nosso calend\u00e1rio de provas e dicas de treinamento, \u00e9 s\u00f3 seguir a Chelso Sports no\u00a0<a href=\"https:\/\/www.instagram.com\/chelsosports\/\">Instagram<\/a>. Fique por dentro de curiosidades e novidades sobre os esportes outdoor. Ent\u00e3o, n\u00e3o perca tempo e nos acompanhe agora mesmo nas redes sociais!<\/p>\n","protected":false},"excerpt":{"rendered":"<p>Cuidados ao pedalar na poeira! Em sua coluna no Blog da Chelso, a especialista Alessandra Cardoso aborda um tema importante para os ciclistas: os cuidados necess\u00e1rios durante a pr\u00e1tica de ciclismo em locais com muita poeira no ar. Confira a seguir os principais riscos \u00e0 sa\u00fade e dicas para se proteger. Saiba mais sobre o<\/p>\n","protected":false},"author":21,"featured_media":20430,"comment_status":"open","ping_status":"closed","sticky":false,"template":"","format":"standard","meta":{"om_disable_all_campaigns":false,"_monsterinsights_skip_tracking":false,"_monsterinsights_sitenote_active":false,"_monsterinsights_sitenote_note":"","_monsterinsights_sitenote_category":0,"footnotes":""},"categories":[89,30],"tags":[168,735,41,167,4251,926],"class_list":{"0":"post-20429","1":"post","2":"type-post","3":"status-publish","4":"format-standard","5":"has-post-thumbnail","7":"category-dicas","8":"category-noticias","9":"tag-bike","10":"tag-chelso","11":"tag-chelso-sports","12":"tag-ciclismo","13":"tag-cuidados-ao-pedalar-na-poeira","14":"tag-pedal"},"aioseo_notices":[],"yoast_head":"<!-- This site is optimized with the Yoast SEO plugin v27.5 - https:\/\/yoast.com\/product\/yoast-seo-wordpress\/ -->\n<title>Cuidados ao pedalar na poeira - Portal Chelso Sports<\/title>\n<meta name=\"description\" content=\"Cuidados ao pedalar na poeira! Em sua coluna no Blog da Chelso, Alessandra Cardoso aborda um tema importante para os ciclistas.\" \/>\n<meta name=\"robots\" content=\"index, follow, max-snippet:-1, max-image-preview:large, max-video-preview:-1\" \/>\n<link rel=\"canonical\" href=\"https:\/\/chelso.com.br\/site\/cuidados-ao-pedalar-na-poeira\/\" \/>\n<meta property=\"og:locale\" content=\"pt_BR\" \/>\n<meta property=\"og:type\" content=\"article\" \/>\n<meta property=\"og:title\" content=\"Cuidados ao pedalar na poeira - Portal Chelso Sports\" \/>\n<meta property=\"og:description\" content=\"Cuidados ao pedalar na poeira! Em sua coluna no Blog da Chelso, Alessandra Cardoso aborda um tema importante para os ciclistas.\" \/>\n<meta property=\"og:url\" content=\"https:\/\/chelso.com.br\/site\/cuidados-ao-pedalar-na-poeira\/\" \/>\n<meta property=\"og:site_name\" content=\"Portal Chelso Sports\" \/>\n<meta property=\"article:published_time\" content=\"2024-06-24T12:19:33+00:00\" \/>\n<meta property=\"og:image\" content=\"https:\/\/chelso.com.br\/site\/wp-content\/uploads\/2024\/06\/Cuidados-ao-pedalar-na-poeira.jpg\" \/>\n\t<meta property=\"og:image:width\" content=\"1024\" \/>\n\t<meta property=\"og:image:height\" content=\"788\" \/>\n\t<meta property=\"og:image:type\" content=\"image\/jpeg\" \/>\n<meta name=\"author\" content=\"Chelso\" \/>\n<meta name=\"twitter:card\" content=\"summary_large_image\" \/>\n<meta name=\"twitter:label1\" content=\"Escrito por\" \/>\n\t<meta name=\"twitter:data1\" content=\"Chelso\" \/>\n\t<meta name=\"twitter:label2\" content=\"Est. tempo de leitura\" \/>\n\t<meta name=\"twitter:data2\" content=\"3 minutos\" \/>\n<script type=\"application\/ld+json\" class=\"yoast-schema-graph\">{\"@context\":\"https:\\\/\\\/schema.org\",\"@graph\":[{\"@type\":\"Article\",\"@id\":\"https:\\\/\\\/chelso.com.br\\\/site\\\/cuidados-ao-pedalar-na-poeira\\\/#article\",\"isPartOf\":{\"@id\":\"https:\\\/\\\/chelso.com.br\\\/site\\\/cuidados-ao-pedalar-na-poeira\\\/\"},\"author\":{\"name\":\"Chelso\",\"@id\":\"https:\\\/\\\/chelso.com.br\\\/site\\\/#\\\/schema\\\/person\\\/06bf484f0ccbb71d4fd2128d594e1d0a\"},\"headline\":\"Cuidados ao pedalar na poeira\",\"datePublished\":\"2024-06-24T12:19:33+00:00\",\"mainEntityOfPage\":{\"@id\":\"https:\\\/\\\/chelso.com.br\\\/site\\\/cuidados-ao-pedalar-na-poeira\\\/\"},\"wordCount\":414,\"commentCount\":0,\"image\":{\"@id\":\"https:\\\/\\\/chelso.com.br\\\/site\\\/cuidados-ao-pedalar-na-poeira\\\/#primaryimage\"},\"thumbnailUrl\":\"https:\\\/\\\/chelso.com.br\\\/site\\\/wp-content\\\/uploads\\\/2024\\\/06\\\/Cuidados-ao-pedalar-na-poeira.jpg\",\"keywords\":[\"bike\",\"Chelso\",\"chelso sports\",\"ciclismo\",\"Cuidados ao pedalar na poeira\",\"Pedal\"],\"articleSection\":[\"Dicas\",\"Not\u00edcias\"],\"inLanguage\":\"pt-BR\",\"potentialAction\":[{\"@type\":\"CommentAction\",\"name\":\"Comment\",\"target\":[\"https:\\\/\\\/chelso.com.br\\\/site\\\/cuidados-ao-pedalar-na-poeira\\\/#respond\"]}]},{\"@type\":\"WebPage\",\"@id\":\"https:\\\/\\\/chelso.com.br\\\/site\\\/cuidados-ao-pedalar-na-poeira\\\/\",\"url\":\"https:\\\/\\\/chelso.com.br\\\/site\\\/cuidados-ao-pedalar-na-poeira\\\/\",\"name\":\"Cuidados ao pedalar na poeira - Portal Chelso Sports\",\"isPartOf\":{\"@id\":\"https:\\\/\\\/chelso.com.br\\\/site\\\/#website\"},\"primaryImageOfPage\":{\"@id\":\"https:\\\/\\\/chelso.com.br\\\/site\\\/cuidados-ao-pedalar-na-poeira\\\/#primaryimage\"},\"image\":{\"@id\":\"https:\\\/\\\/chelso.com.br\\\/site\\\/cuidados-ao-pedalar-na-poeira\\\/#primaryimage\"},\"thumbnailUrl\":\"https:\\\/\\\/chelso.com.br\\\/site\\\/wp-content\\\/uploads\\\/2024\\\/06\\\/Cuidados-ao-pedalar-na-poeira.jpg\",\"datePublished\":\"2024-06-24T12:19:33+00:00\",\"author\":{\"@id\":\"https:\\\/\\\/chelso.com.br\\\/site\\\/#\\\/schema\\\/person\\\/06bf484f0ccbb71d4fd2128d594e1d0a\"},\"description\":\"Cuidados ao pedalar na poeira! Em sua coluna no Blog da Chelso, Alessandra Cardoso aborda um tema importante para os ciclistas.\",\"breadcrumb\":{\"@id\":\"https:\\\/\\\/chelso.com.br\\\/site\\\/cuidados-ao-pedalar-na-poeira\\\/#breadcrumb\"},\"inLanguage\":\"pt-BR\",\"potentialAction\":[{\"@type\":\"ReadAction\",\"target\":[\"https:\\\/\\\/chelso.com.br\\\/site\\\/cuidados-ao-pedalar-na-poeira\\\/\"]}]},{\"@type\":\"ImageObject\",\"inLanguage\":\"pt-BR\",\"@id\":\"https:\\\/\\\/chelso.com.br\\\/site\\\/cuidados-ao-pedalar-na-poeira\\\/#primaryimage\",\"url\":\"https:\\\/\\\/chelso.com.br\\\/site\\\/wp-content\\\/uploads\\\/2024\\\/06\\\/Cuidados-ao-pedalar-na-poeira.jpg\",\"contentUrl\":\"https:\\\/\\\/chelso.com.br\\\/site\\\/wp-content\\\/uploads\\\/2024\\\/06\\\/Cuidados-ao-pedalar-na-poeira.jpg\",\"width\":1024,\"height\":788,\"caption\":\"Cuidados ao pedalar na poeira\"},{\"@type\":\"BreadcrumbList\",\"@id\":\"https:\\\/\\\/chelso.com.br\\\/site\\\/cuidados-ao-pedalar-na-poeira\\\/#breadcrumb\",\"itemListElement\":[{\"@type\":\"ListItem\",\"position\":1,\"name\":\"In\u00edcio\",\"item\":\"https:\\\/\\\/chelso.com.br\\\/site\\\/\"},{\"@type\":\"ListItem\",\"position\":2,\"name\":\"Cuidados ao pedalar na poeira\"}]},{\"@type\":\"WebSite\",\"@id\":\"https:\\\/\\\/chelso.com.br\\\/site\\\/#website\",\"url\":\"https:\\\/\\\/chelso.com.br\\\/site\\\/\",\"name\":\"Portal Chelso Sports\",\"description\":\"Conte\u00fado especializado em corrida de rua e triathlon\",\"potentialAction\":[{\"@type\":\"SearchAction\",\"target\":{\"@type\":\"EntryPoint\",\"urlTemplate\":\"https:\\\/\\\/chelso.com.br\\\/site\\\/?s={search_term_string}\"},\"query-input\":{\"@type\":\"PropertyValueSpecification\",\"valueRequired\":true,\"valueName\":\"search_term_string\"}}],\"inLanguage\":\"pt-BR\"},{\"@type\":\"Person\",\"@id\":\"https:\\\/\\\/chelso.com.br\\\/site\\\/#\\\/schema\\\/person\\\/06bf484f0ccbb71d4fd2128d594e1d0a\",\"name\":\"Chelso\",\"image\":{\"@type\":\"ImageObject\",\"inLanguage\":\"pt-BR\",\"@id\":\"https:\\\/\\\/chelso.com.br\\\/site\\\/wp-content\\\/uploads\\\/2025\\\/04\\\/Perfil20192-150x149.png\",\"url\":\"https:\\\/\\\/chelso.com.br\\\/site\\\/wp-content\\\/uploads\\\/2025\\\/04\\\/Perfil20192-150x149.png\",\"contentUrl\":\"https:\\\/\\\/chelso.com.br\\\/site\\\/wp-content\\\/uploads\\\/2025\\\/04\\\/Perfil20192-150x149.png\",\"caption\":\"Chelso\"},\"sameAs\":[\"http:\\\/\\\/www.chelso.com.br\"],\"url\":\"https:\\\/\\\/chelso.com.br\\\/site\\\/author\\\/maryblog\\\/\"}]}<\/script>\n<!-- \/ Yoast SEO plugin. -->","yoast_head_json":{"title":"Cuidados ao pedalar na poeira - Portal Chelso Sports","description":"Cuidados ao pedalar na poeira! Em sua coluna no Blog da Chelso, Alessandra Cardoso aborda um tema importante para os ciclistas.","robots":{"index":"index","follow":"follow","max-snippet":"max-snippet:-1","max-image-preview":"max-image-preview:large","max-video-preview":"max-video-preview:-1"},"canonical":"https:\/\/chelso.com.br\/site\/cuidados-ao-pedalar-na-poeira\/","og_locale":"pt_BR","og_type":"article","og_title":"Cuidados ao pedalar na poeira - Portal Chelso Sports","og_description":"Cuidados ao pedalar na poeira! Em sua coluna no Blog da Chelso, Alessandra Cardoso aborda um tema importante para os ciclistas.","og_url":"https:\/\/chelso.com.br\/site\/cuidados-ao-pedalar-na-poeira\/","og_site_name":"Portal Chelso Sports","article_published_time":"2024-06-24T12:19:33+00:00","og_image":[{"width":1024,"height":788,"url":"https:\/\/chelso.com.br\/site\/wp-content\/uploads\/2024\/06\/Cuidados-ao-pedalar-na-poeira.jpg","type":"image\/jpeg"}],"author":"Chelso","twitter_card":"summary_large_image","twitter_misc":{"Escrito por":"Chelso","Est. tempo de leitura":"3 minutos"},"schema":{"@context":"https:\/\/schema.org","@graph":[{"@type":"Article","@id":"https:\/\/chelso.com.br\/site\/cuidados-ao-pedalar-na-poeira\/#article","isPartOf":{"@id":"https:\/\/chelso.com.br\/site\/cuidados-ao-pedalar-na-poeira\/"},"author":{"name":"Chelso","@id":"https:\/\/chelso.com.br\/site\/#\/schema\/person\/06bf484f0ccbb71d4fd2128d594e1d0a"},"headline":"Cuidados ao pedalar na poeira","datePublished":"2024-06-24T12:19:33+00:00","mainEntityOfPage":{"@id":"https:\/\/chelso.com.br\/site\/cuidados-ao-pedalar-na-poeira\/"},"wordCount":414,"commentCount":0,"image":{"@id":"https:\/\/chelso.com.br\/site\/cuidados-ao-pedalar-na-poeira\/#primaryimage"},"thumbnailUrl":"https:\/\/chelso.com.br\/site\/wp-content\/uploads\/2024\/06\/Cuidados-ao-pedalar-na-poeira.jpg","keywords":["bike","Chelso","chelso sports","ciclismo","Cuidados ao pedalar na poeira","Pedal"],"articleSection":["Dicas","Not\u00edcias"],"inLanguage":"pt-BR","potentialAction":[{"@type":"CommentAction","name":"Comment","target":["https:\/\/chelso.com.br\/site\/cuidados-ao-pedalar-na-poeira\/#respond"]}]},{"@type":"WebPage","@id":"https:\/\/chelso.com.br\/site\/cuidados-ao-pedalar-na-poeira\/","url":"https:\/\/chelso.com.br\/site\/cuidados-ao-pedalar-na-poeira\/","name":"Cuidados ao pedalar na poeira - Portal Chelso Sports","isPartOf":{"@id":"https:\/\/chelso.com.br\/site\/#website"},"primaryImageOfPage":{"@id":"https:\/\/chelso.com.br\/site\/cuidados-ao-pedalar-na-poeira\/#primaryimage"},"image":{"@id":"https:\/\/chelso.com.br\/site\/cuidados-ao-pedalar-na-poeira\/#primaryimage"},"thumbnailUrl":"https:\/\/chelso.com.br\/site\/wp-content\/uploads\/2024\/06\/Cuidados-ao-pedalar-na-poeira.jpg","datePublished":"2024-06-24T12:19:33+00:00","author":{"@id":"https:\/\/chelso.com.br\/site\/#\/schema\/person\/06bf484f0ccbb71d4fd2128d594e1d0a"},"description":"Cuidados ao pedalar na poeira! Em sua coluna no Blog da Chelso, Alessandra Cardoso aborda um tema importante para os ciclistas.","breadcrumb":{"@id":"https:\/\/chelso.com.br\/site\/cuidados-ao-pedalar-na-poeira\/#breadcrumb"},"inLanguage":"pt-BR","potentialAction":[{"@type":"ReadAction","target":["https:\/\/chelso.com.br\/site\/cuidados-ao-pedalar-na-poeira\/"]}]},{"@type":"ImageObject","inLanguage":"pt-BR","@id":"https:\/\/chelso.com.br\/site\/cuidados-ao-pedalar-na-poeira\/#primaryimage","url":"https:\/\/chelso.com.br\/site\/wp-content\/uploads\/2024\/06\/Cuidados-ao-pedalar-na-poeira.jpg","contentUrl":"https:\/\/chelso.com.br\/site\/wp-content\/uploads\/2024\/06\/Cuidados-ao-pedalar-na-poeira.jpg","width":1024,"height":788,"caption":"Cuidados ao pedalar na poeira"},{"@type":"BreadcrumbList","@id":"https:\/\/chelso.com.br\/site\/cuidados-ao-pedalar-na-poeira\/#breadcrumb","itemListElement":[{"@type":"ListItem","position":1,"name":"In\u00edcio","item":"https:\/\/chelso.com.br\/site\/"},{"@type":"ListItem","position":2,"name":"Cuidados ao pedalar na poeira"}]},{"@type":"WebSite","@id":"https:\/\/chelso.com.br\/site\/#website","url":"https:\/\/chelso.com.br\/site\/","name":"Portal Chelso Sports","description":"Conte\u00fado especializado em corrida de rua e triathlon","potentialAction":[{"@type":"SearchAction","target":{"@type":"EntryPoint","urlTemplate":"https:\/\/chelso.com.br\/site\/?s={search_term_string}"},"query-input":{"@type":"PropertyValueSpecification","valueRequired":true,"valueName":"search_term_string"}}],"inLanguage":"pt-BR"},{"@type":"Person","@id":"https:\/\/chelso.com.br\/site\/#\/schema\/person\/06bf484f0ccbb71d4fd2128d594e1d0a","name":"Chelso","image":{"@type":"ImageObject","inLanguage":"pt-BR","@id":"https:\/\/chelso.com.br\/site\/wp-content\/uploads\/2025\/04\/Perfil20192-150x149.png","url":"https:\/\/chelso.com.br\/site\/wp-content\/uploads\/2025\/04\/Perfil20192-150x149.png","contentUrl":"https:\/\/chelso.com.br\/site\/wp-content\/uploads\/2025\/04\/Perfil20192-150x149.png","caption":"Chelso"},"sameAs":["http:\/\/www.chelso.com.br"],"url":"https:\/\/chelso.com.br\/site\/author\/maryblog\/"}]}},"amp_enabled":true,"_links":{"self":[{"href":"https:\/\/chelso.com.br\/site\/wp-json\/wp\/v2\/posts\/20429","targetHints":{"allow":["GET"]}}],"collection":[{"href":"https:\/\/chelso.com.br\/site\/wp-json\/wp\/v2\/posts"}],"about":[{"href":"https:\/\/chelso.com.br\/site\/wp-json\/wp\/v2\/types\/post"}],"author":[{"embeddable":true,"href":"https:\/\/chelso.com.br\/site\/wp-json\/wp\/v2\/users\/21"}],"replies":[{"embeddable":true,"href":"https:\/\/chelso.com.br\/site\/wp-json\/wp\/v2\/comments?post=20429"}],"version-history":[{"count":1,"href":"https:\/\/chelso.com.br\/site\/wp-json\/wp\/v2\/posts\/20429\/revisions"}],"predecessor-version":[{"id":20431,"href":"https:\/\/chelso.com.br\/site\/wp-json\/wp\/v2\/posts\/20429\/revisions\/20431"}],"wp:featuredmedia":[{"embeddable":true,"href":"https:\/\/chelso.com.br\/site\/wp-json\/wp\/v2\/media\/20430"}],"wp:attachment":[{"href":"https:\/\/chelso.com.br\/site\/wp-json\/wp\/v2\/media?parent=20429"}],"wp:term":[{"taxonomy":"category","embeddable":true,"href":"https:\/\/chelso.com.br\/site\/wp-json\/wp\/v2\/categories?post=20429"},{"taxonomy":"post_tag","embeddable":true,"href":"https:\/\/chelso.com.br\/site\/wp-json\/wp\/v2\/tags?post=20429"}],"curies":[{"name":"wp","href":"https:\/\/api.w.org\/{rel}","templated":true}]}}