{"id":20746,"date":"2024-08-06T20:51:57","date_gmt":"2024-08-06T23:51:57","guid":{"rendered":"https:\/\/chelso.com.br\/site\/?p=20746"},"modified":"2024-08-06T20:51:57","modified_gmt":"2024-08-06T23:51:57","slug":"corrida-do-alvinegro-2024","status":"publish","type":"post","link":"https:\/\/chelso.com.br\/site\/corrida-do-alvinegro-2024\/","title":{"rendered":"Corrida do Alvinegro 2024"},"content":{"rendered":"<div>\n<p lang=\"PT-BR\"><span lang=\"PT-BR\"><strong>Corrida do Alvinegro 2024<\/strong>! Tradicional prova de rua do calend\u00e1rio de Piracicaba, a Corrida do Alvinegro chega \u00e0 sua d\u00e9cima edi\u00e7\u00e3o em 2024, e com data definida para acontecer: em 10 de novembro, <\/span><span lang=\"PT-BR\">contemplando os percursos de 5, 10 e 15 km, com largada e chegada no Est\u00e1dio Municipal Bar\u00e3o da Serra Negra. As inscri\u00e7\u00f5es est\u00e3o abertas e devem ser feitas no\u00a0<\/span><a href=\"https:\/\/chelso.com.br\/site\/corrida-do-alvinegro-10-de-novembro-de-2024\/\" target=\"_blank\" rel=\"noreferrer noopener\" data-saferedirecturl=\"https:\/\/www.google.com\/url?q=https:\/\/chelso.com.br\/site\/corrida-do-alvinegro-10-de-novembro-de-2024\/&amp;source=gmail&amp;ust=1722973897285000&amp;usg=AOvVaw2Hw8TSLXQ0pYaBugGl1I-d\"><span lang=\"PT-BR\">site da Chelso Sports &amp; Business<\/span><\/a><span lang=\"PT-BR\">, organizadora do\u00a0evento. S\u00e3o tr\u00eas tipos de kits dispon\u00edveis, al\u00e9m de condi\u00e7\u00f5es especiais para grupos e assessorias.<\/span><\/p>\n<\/div>\n<div>\n<p lang=\"PT-BR\"><span lang=\"PT-BR\">A Corrida do Alvinegro foi criada em 2013, como parte das festividades do anivers\u00e1rio de 100 anos do XV de Piracicaba, e desde ent\u00e3o s\u00f3 n\u00e3o foi realizada nos anos de 2020 e 2021, por conta da pandemia de Covid-19. Os participantes t\u00eam a oportunidade de percorrer as principais ruas e avenidas da cidade, sendo a \u00fanica prova com autoriza\u00e7\u00e3o para utilizar a Avenida Independ\u00eancia. O CEO da\u00a0Chelso, Guilherme Celso, externou a satisfa\u00e7\u00e3o da equipe no desenvolvimento\u00a0dessa a\u00e7\u00e3o.<\/span><\/p>\n<p lang=\"PT-BR\"><a href=\"https:\/\/chelso.com.br\/site\/provas-presenciais\/\">Saiba mais sobre o nosso calend\u00e1rio de provas presenciais<\/a><\/p>\n<blockquote class=\"instagram-media\" style=\"background: #FFF; border: 0; border-radius: 3px; box-shadow: 0 0 1px 0 rgba(0,0,0,0.5),0 1px 10px 0 rgba(0,0,0,0.15); margin: 1px; max-width: 540px; min-width: 326px; padding: 0; width: calc(100% - 2px);\" data-instgrm-captioned=\"\" data-instgrm-permalink=\"https:\/\/www.instagram.com\/p\/C-TSO3KSllH\/?utm_source=ig_embed&amp;utm_campaign=loading\" data-instgrm-version=\"14\">\n<div style=\"padding: 16px;\">\n<p>&nbsp;<\/p>\n<div style=\"display: flex; flex-direction: row; align-items: center;\">\n<div style=\"background-color: #f4f4f4; border-radius: 50%; flex-grow: 0; height: 40px; margin-right: 14px; width: 40px;\"><\/div>\n<div style=\"display: flex; flex-direction: column; flex-grow: 1; justify-content: center;\">\n<div style=\"background-color: #f4f4f4; border-radius: 4px; flex-grow: 0; height: 14px; margin-bottom: 6px; width: 100px;\"><\/div>\n<div style=\"background-color: #f4f4f4; border-radius: 4px; flex-grow: 0; height: 14px; width: 60px;\"><\/div>\n<\/div>\n<\/div>\n<div style=\"padding: 19% 0;\"><\/div>\n<div style=\"display: block; height: 50px; margin: 0 auto 12px; width: 50px;\"><\/div>\n<div style=\"padding-top: 8px;\">\n<div style=\"color: #3897f0; font-family: Arial,sans-serif; font-size: 14px; font-style: normal; font-weight: 550; line-height: 18px;\">Ver essa foto no Instagram<\/div>\n<\/div>\n<div style=\"padding: 12.5% 0;\"><\/div>\n<div style=\"display: flex; flex-direction: row; margin-bottom: 14px; align-items: center;\">\n<div>\n<div style=\"background-color: #f4f4f4; border-radius: 50%; height: 12.5px; width: 12.5px; transform: translateX(0px) translateY(7px);\"><\/div>\n<div style=\"background-color: #f4f4f4; height: 12.5px; transform: rotate(-45deg) translateX(3px) translateY(1px); width: 12.5px; flex-grow: 0; margin-right: 14px; margin-left: 2px;\"><\/div>\n<div style=\"background-color: #f4f4f4; border-radius: 50%; height: 12.5px; width: 12.5px; transform: translateX(9px) translateY(-18px);\"><\/div>\n<\/div>\n<div style=\"margin-left: 8px;\">\n<div style=\"background-color: #f4f4f4; border-radius: 50%; flex-grow: 0; height: 20px; width: 20px;\"><\/div>\n<div style=\"width: 0; height: 0; border-top: 2px solid transparent; border-left: 6px solid #f4f4f4; border-bottom: 2px solid transparent; transform: translateX(16px) translateY(-4px) rotate(30deg);\"><\/div>\n<\/div>\n<div style=\"margin-left: auto;\">\n<div style=\"width: 0px; border-top: 8px solid #F4F4F4; border-right: 8px solid transparent; transform: translateY(16px);\"><\/div>\n<div style=\"background-color: #f4f4f4; flex-grow: 0; height: 12px; width: 16px; transform: translateY(-4px);\"><\/div>\n<div style=\"width: 0; height: 0; border-top: 8px solid #F4F4F4; border-left: 8px solid transparent; transform: translateY(-4px) translateX(8px);\"><\/div>\n<\/div>\n<\/div>\n<div style=\"display: flex; flex-direction: column; flex-grow: 1; justify-content: center; margin-bottom: 24px;\">\n<div style=\"background-color: #f4f4f4; border-radius: 4px; flex-grow: 0; height: 14px; margin-bottom: 6px; width: 224px;\"><\/div>\n<div style=\"background-color: #f4f4f4; border-radius: 4px; flex-grow: 0; height: 14px; width: 144px;\"><\/div>\n<\/div>\n<p>&nbsp;<\/p>\n<p style=\"color: #c9c8cd; font-family: Arial,sans-serif; font-size: 14px; line-height: 17px; margin-bottom: 0; margin-top: 8px; overflow: hidden; padding: 8px 0 7px; text-align: center; text-overflow: ellipsis; white-space: nowrap;\"><a style=\"color: #c9c8cd; font-family: Arial,sans-serif; font-size: 14px; font-style: normal; font-weight: normal; line-height: 17px; text-decoration: none;\" href=\"https:\/\/www.instagram.com\/p\/C-TSO3KSllH\/?utm_source=ig_embed&amp;utm_campaign=loading\" target=\"_blank\" rel=\"noopener\">Uma publica\u00e7\u00e3o compartilhada por Chelso Sports \u2022 Corrida de Rua (@chelsosports)<\/a><\/p>\n<\/div>\n<\/blockquote>\n<p><script async src=\"\/\/www.instagram.com\/embed.js\"><\/script><\/p>\n<h2 lang=\"PT-BR\">Corrida do Alvinegro 2024<\/h2>\n<\/div>\n<div>\n<blockquote>\n<p lang=\"PT-BR\"><span lang=\"PT-BR\">\u201cEstamos muito felizes, por mais este ano de parceria com o XV. Temos muito orgulho de fazermos essa corrida, que todos n\u00f3s aqui, como piracicabanos e apaixonados pelo clube, amamos. Poder promover o atletismo, por meio do XV, \u00e9 muito legal. A edi\u00e7\u00e3o de 2024 promete ficar para a hist\u00f3ria, pois em uma hora e meia de abertura, tivemos mais de 1.500\u00a0inscritos, e agora estamos com mais de 2.000. Encerraremos com 5.000, e acredito que chegaremos nessa marca em agosto\u201d, disse.<\/span><\/p>\n<\/blockquote>\n<\/div>\n<div>\n<p lang=\"PT-BR\"><span lang=\"PT-BR\">A Corrida do Alvinegro 2024 tem patroc\u00ednio dos Supermercados S\u00e3o Vicente, do Shopping\u00a0Piracicaba, do\u00a0Care\u00a0Club, da\u00a0Runfor, da Leve-me, da\u00a0My\u00a0Safe Sport, da Desktop, da Lan Evo, da Unimed Piracicaba e da Axis Coaching, com organiza\u00e7\u00e3o da\u00a0Chelso\u00a0Sports &amp; Business, apoio do Morro Grande e realiza\u00e7\u00e3o do XV de Piracicaba.<\/span><\/p>\n<blockquote class=\"instagram-media\" style=\"background: #FFF; border: 0; border-radius: 3px; box-shadow: 0 0 1px 0 rgba(0,0,0,0.5),0 1px 10px 0 rgba(0,0,0,0.15); margin: 1px; max-width: 540px; min-width: 326px; padding: 0; width: calc(100% - 2px);\" data-instgrm-captioned=\"\" data-instgrm-permalink=\"https:\/\/www.instagram.com\/p\/C-TSO3KSllH\/?utm_source=ig_embed&amp;utm_campaign=loading\" data-instgrm-version=\"14\">\n<div style=\"padding: 16px;\">\n<p>&nbsp;<\/p>\n<div style=\"display: flex; flex-direction: row; align-items: center;\">\n<div style=\"background-color: #f4f4f4; border-radius: 50%; flex-grow: 0; height: 40px; margin-right: 14px; width: 40px;\"><\/div>\n<div style=\"display: flex; flex-direction: column; flex-grow: 1; justify-content: center;\">\n<div style=\"background-color: #f4f4f4; border-radius: 4px; flex-grow: 0; height: 14px; margin-bottom: 6px; width: 100px;\"><\/div>\n<div style=\"background-color: #f4f4f4; border-radius: 4px; flex-grow: 0; height: 14px; width: 60px;\"><\/div>\n<\/div>\n<\/div>\n<div style=\"padding: 19% 0;\"><\/div>\n<div style=\"display: block; height: 50px; margin: 0 auto 12px; width: 50px;\"><\/div>\n<div style=\"padding-top: 8px;\">\n<div style=\"color: #3897f0; font-family: Arial,sans-serif; font-size: 14px; font-style: normal; font-weight: 550; line-height: 18px;\">Ver essa foto no Instagram<\/div>\n<\/div>\n<div style=\"padding: 12.5% 0;\"><\/div>\n<div style=\"display: flex; flex-direction: row; margin-bottom: 14px; align-items: center;\">\n<div>\n<div style=\"background-color: #f4f4f4; border-radius: 50%; height: 12.5px; width: 12.5px; transform: translateX(0px) translateY(7px);\"><\/div>\n<div style=\"background-color: #f4f4f4; height: 12.5px; transform: rotate(-45deg) translateX(3px) translateY(1px); width: 12.5px; flex-grow: 0; margin-right: 14px; margin-left: 2px;\"><\/div>\n<div style=\"background-color: #f4f4f4; border-radius: 50%; height: 12.5px; width: 12.5px; transform: translateX(9px) translateY(-18px);\"><\/div>\n<\/div>\n<div style=\"margin-left: 8px;\">\n<div style=\"background-color: #f4f4f4; border-radius: 50%; flex-grow: 0; height: 20px; width: 20px;\"><\/div>\n<div style=\"width: 0; height: 0; border-top: 2px solid transparent; border-left: 6px solid #f4f4f4; border-bottom: 2px solid transparent; transform: translateX(16px) translateY(-4px) rotate(30deg);\"><\/div>\n<\/div>\n<div style=\"margin-left: auto;\">\n<div style=\"width: 0px; border-top: 8px solid #F4F4F4; border-right: 8px solid transparent; transform: translateY(16px);\"><\/div>\n<div style=\"background-color: #f4f4f4; flex-grow: 0; height: 12px; width: 16px; transform: translateY(-4px);\"><\/div>\n<div style=\"width: 0; height: 0; border-top: 8px solid #F4F4F4; border-left: 8px solid transparent; transform: translateY(-4px) translateX(8px);\"><\/div>\n<\/div>\n<\/div>\n<div style=\"display: flex; flex-direction: column; flex-grow: 1; justify-content: center; margin-bottom: 24px;\">\n<div style=\"background-color: #f4f4f4; border-radius: 4px; flex-grow: 0; height: 14px; margin-bottom: 6px; width: 224px;\"><\/div>\n<div style=\"background-color: #f4f4f4; border-radius: 4px; flex-grow: 0; height: 14px; width: 144px;\"><\/div>\n<\/div>\n<p>&nbsp;<\/p>\n<p style=\"color: #c9c8cd; font-family: Arial,sans-serif; font-size: 14px; line-height: 17px; margin-bottom: 0; margin-top: 8px; overflow: hidden; padding: 8px 0 7px; text-align: center; text-overflow: ellipsis; white-space: nowrap;\"><a style=\"color: #c9c8cd; font-family: Arial,sans-serif; font-size: 14px; font-style: normal; font-weight: normal; line-height: 17px; text-decoration: none;\" href=\"https:\/\/www.instagram.com\/p\/C-TSO3KSllH\/?utm_source=ig_embed&amp;utm_campaign=loading\" target=\"_blank\" rel=\"noopener\">Uma publica\u00e7\u00e3o compartilhada por Chelso Sports \u2022 Corrida de Rua (@chelsosports)<\/a><\/p>\n<\/div>\n<\/blockquote>\n<p><script async src=\"\/\/www.instagram.com\/embed.js\"><\/script><\/p>\n<\/div>\n<div>\n<h5 lang=\"PT-BR\"><span lang=\"PT-BR\">SERVI\u00c7O<\/span><\/h5>\n<\/div>\n<div>\n<p lang=\"PT-BR\"><span lang=\"PT-BR\">Corrida do Alvinegro 2024<\/span><\/p>\n<\/div>\n<div>\n<p lang=\"PT-BR\"><span lang=\"PT-BR\">Local:\u00a0<\/span><span lang=\"PT-BR\">Est\u00e1dio Municipal Bar\u00e3o da Serra Negra<\/span><br \/>\n<span lang=\"PT-BR\">Data:\u00a0<\/span><span lang=\"PT-BR\">10 de novembro<\/span><br \/>\n<span lang=\"PT-BR\">Dist\u00e2ncias:\u00a0<\/span><span lang=\"PT-BR\">5km\/10km\/15km<\/span><\/p>\n<\/div>\n<div>\n<h6 lang=\"PT-BR\"><span lang=\"PT-BR\">Retirada dos\u00a0kits<\/span><\/h6>\n<\/div>\n<div>\n<p lang=\"PT-BR\"><span lang=\"PT-BR\">Data:\u00a0<\/span><span lang=\"PT-BR\">07\/11\/2024 (quinta-feira)<\/span><br \/>\n<span lang=\"PT-BR\">Hor\u00e1rio:<\/span><span lang=\"PT-BR\">\u00a013h00 \u00e0s\u00a018h00\u00a0<\/span><br \/>\n<span lang=\"PT-BR\">Local:\u00a0<\/span><span lang=\"PT-BR\">Supermercado S\u00e3o Vicente (Avenida 31 de Mar\u00e7o, 741 \u2013 Paulic\u00e9ia, Piracicaba \u2013 SP)<\/span><\/p>\n<\/div>\n<div>\n<p lang=\"PT-BR\"><span lang=\"PT-BR\">Data:<\/span><span lang=\"PT-BR\">\u00a008\/11\/2024 (sexta-Feira)<\/span><br \/>\n<span lang=\"PT-BR\">Hor\u00e1rio:\u00a0<\/span><span lang=\"PT-BR\">10h00 \u00e0s\u00a018h00<\/span><br \/>\n<span lang=\"PT-BR\">Local:\u00a0<\/span><span lang=\"PT-BR\">Supermercado S\u00e3o Vicente (Avenida 31 de Mar\u00e7o, 741 \u2013 Paulic\u00e9ia, Piracicaba \u2013 SP)<\/span><\/p>\n<\/div>\n<div>\n<p lang=\"PT-BR\"><span lang=\"PT-BR\">Data:<\/span><span lang=\"PT-BR\">\u00a009\/11\/2023 (s\u00e1bado)<\/span><br \/>\n<span lang=\"PT-BR\">Hor\u00e1rio:\u00a0<\/span><span lang=\"PT-BR\">10h00 \u00e0s\u00a015h00<\/span><br \/>\n<span lang=\"PT-BR\">Local:\u00a0<\/span><span lang=\"PT-BR\">Supermercado S\u00e3o Vicente (Avenida 31 de Mar\u00e7o, 741 \u2013 Paulic\u00e9ia, Piracicaba \u2013 SP)<\/span><\/p>\n<p><iframe  id=\"_ytid_24295\"  width=\"788\" height=\"443\"  data-origwidth=\"788\" data-origheight=\"443\" src=\"https:\/\/www.youtube.com\/embed\/op_8WrmuvII?enablejsapi=1&#038;autoplay=0&#038;cc_load_policy=0&#038;cc_lang_pref=&#038;iv_load_policy=1&#038;loop=0&#038;rel=1&#038;fs=1&#038;playsinline=0&#038;autohide=2&#038;theme=dark&#038;color=red&#038;controls=1&#038;disablekb=0&#038;\" class=\"__youtube_prefs__  epyt-is-override  no-lazyload\" title=\"YouTube player\"  allow=\"fullscreen; accelerometer; autoplay; clipboard-write; encrypted-media; gyroscope; picture-in-picture; web-share\" referrerpolicy=\"strict-origin-when-cross-origin\" allowfullscreen data-no-lazy=\"1\" data-skipgform_ajax_framebjll=\"\"><\/iframe><\/p>\n<\/div>\n<div>\n<h6 lang=\"PT-BR\"><span lang=\"PT-BR\">Cronograma da prova<\/span><\/h6>\n<\/div>\n<div>\n<p lang=\"PT-BR\"><span lang=\"PT-BR\">Hor\u00e1rios:<\/span><\/p>\n<\/div>\n<div>\n<p lang=\"PT-BR\"><span lang=\"PT-BR\">\u2013\u00a0Largada 15km:<\/span><span lang=\"PT-BR\">\u00a06h30<\/span><br \/>\n<span lang=\"PT-BR\">\u2013\u00a0Largada 10km:<\/span><span lang=\"PT-BR\">\u00a06h40<\/span><br \/>\n<span lang=\"PT-BR\">\u2013\u00a0Largada 5km:<\/span><span lang=\"PT-BR\">\u00a06h50<\/span><\/p>\n<\/div>\n<div>\n<p lang=\"PT-BR\"><span lang=\"PT-BR\">Local:\u00a0<\/span><span lang=\"PT-BR\">Est\u00e1dio Municipal Bar\u00e3o de Serra Negra<\/span><\/p>\n<\/div>\n<div>\n<p lang=\"PT-BR\"><span lang=\"PT-BR\">Inscri\u00e7\u00f5es:\u00a0<\/span><a href=\"https:\/\/site.ticketsports.com.br\/Inscricao\/Categoria.aspx?__idEvento=69467&amp;lang=pt-BR\" target=\"_blank\" rel=\"noreferrer noopener\" data-saferedirecturl=\"https:\/\/www.google.com\/url?q=https:\/\/site.ticketsports.com.br\/Inscricao\/Categoria.aspx?__idEvento%3D69467%26lang%3Dpt-BR&amp;source=gmail&amp;ust=1722973897285000&amp;usg=AOvVaw27U3Eq955B4MbVpbFz0GPw\"><span lang=\"PT-BR\">https:\/\/site.<wbr \/>ticketsports.com.br\/Inscricao\/<wbr \/>Categoria.aspx?__idEvento=<wbr \/>69467&amp;lang=pt-BR<\/span><\/a><\/p>\n<\/div>\n<div>\n<p lang=\"PT-BR\"><span lang=\"PT-BR\">Mais informa\u00e7\u00f5es:<\/span><span lang=\"PT-BR\">\u00a0<\/span><a href=\"https:\/\/chelso.com.br\/site\/corrida-do-alvinegro-10-de-novembro-de-2024\/\" target=\"_blank\" rel=\"noreferrer noopener\" data-saferedirecturl=\"https:\/\/www.google.com\/url?q=https:\/\/chelso.com.br\/site\/corrida-do-alvinegro-10-de-novembro-de-2024\/&amp;source=gmail&amp;ust=1722973897285000&amp;usg=AOvVaw2Hw8TSLXQ0pYaBugGl1I-d\"><span lang=\"PT-BR\">https:\/\/chelso.<wbr \/>com.br\/site\/corrida-do-<wbr \/>alvinegro-10-de-novembro-de-<wbr \/>2024\/<\/span><\/a><\/p>\n<blockquote class=\"instagram-media\" style=\"background: #FFF; border: 0; border-radius: 3px; box-shadow: 0 0 1px 0 rgba(0,0,0,0.5),0 1px 10px 0 rgba(0,0,0,0.15); margin: 1px; max-width: 540px; min-width: 326px; padding: 0; width: calc(100% - 2px);\" data-instgrm-captioned=\"\" data-instgrm-permalink=\"https:\/\/www.instagram.com\/p\/C-QtUTvtLRz\/?utm_source=ig_embed&amp;utm_campaign=loading\" data-instgrm-version=\"14\">\n<div style=\"padding: 16px;\">\n<p>&nbsp;<\/p>\n<div style=\"display: flex; flex-direction: row; align-items: center;\">\n<div style=\"background-color: #f4f4f4; border-radius: 50%; flex-grow: 0; height: 40px; margin-right: 14px; width: 40px;\"><\/div>\n<div style=\"display: flex; flex-direction: column; flex-grow: 1; justify-content: center;\">\n<div style=\"background-color: #f4f4f4; border-radius: 4px; flex-grow: 0; height: 14px; margin-bottom: 6px; width: 100px;\"><\/div>\n<div style=\"background-color: #f4f4f4; border-radius: 4px; flex-grow: 0; height: 14px; width: 60px;\"><\/div>\n<\/div>\n<\/div>\n<div style=\"padding: 19% 0;\"><\/div>\n<div style=\"display: block; height: 50px; margin: 0 auto 12px; width: 50px;\"><\/div>\n<div style=\"padding-top: 8px;\">\n<div style=\"color: #3897f0; font-family: Arial,sans-serif; font-size: 14px; font-style: normal; font-weight: 550; line-height: 18px;\">Ver essa foto no Instagram<\/div>\n<\/div>\n<div style=\"padding: 12.5% 0;\"><\/div>\n<div style=\"display: flex; flex-direction: row; margin-bottom: 14px; align-items: center;\">\n<div>\n<div style=\"background-color: #f4f4f4; border-radius: 50%; height: 12.5px; width: 12.5px; transform: translateX(0px) translateY(7px);\"><\/div>\n<div style=\"background-color: #f4f4f4; height: 12.5px; transform: rotate(-45deg) translateX(3px) translateY(1px); width: 12.5px; flex-grow: 0; margin-right: 14px; margin-left: 2px;\"><\/div>\n<div style=\"background-color: #f4f4f4; border-radius: 50%; height: 12.5px; width: 12.5px; transform: translateX(9px) translateY(-18px);\"><\/div>\n<\/div>\n<div style=\"margin-left: 8px;\">\n<div style=\"background-color: #f4f4f4; border-radius: 50%; flex-grow: 0; height: 20px; width: 20px;\"><\/div>\n<div style=\"width: 0; height: 0; border-top: 2px solid transparent; border-left: 6px solid #f4f4f4; border-bottom: 2px solid transparent; transform: translateX(16px) translateY(-4px) rotate(30deg);\"><\/div>\n<\/div>\n<div style=\"margin-left: auto;\">\n<div style=\"width: 0px; border-top: 8px solid #F4F4F4; border-right: 8px solid transparent; transform: translateY(16px);\"><\/div>\n<div style=\"background-color: #f4f4f4; flex-grow: 0; height: 12px; width: 16px; transform: translateY(-4px);\"><\/div>\n<div style=\"width: 0; height: 0; border-top: 8px solid #F4F4F4; border-left: 8px solid transparent; transform: translateY(-4px) translateX(8px);\"><\/div>\n<\/div>\n<\/div>\n<div style=\"display: flex; flex-direction: column; flex-grow: 1; justify-content: center; margin-bottom: 24px;\">\n<div style=\"background-color: #f4f4f4; border-radius: 4px; flex-grow: 0; height: 14px; margin-bottom: 6px; width: 224px;\"><\/div>\n<div style=\"background-color: #f4f4f4; border-radius: 4px; flex-grow: 0; height: 14px; width: 144px;\"><\/div>\n<\/div>\n<p>&nbsp;<\/p>\n<p style=\"color: #c9c8cd; font-family: Arial,sans-serif; font-size: 14px; line-height: 17px; margin-bottom: 0; margin-top: 8px; overflow: hidden; padding: 8px 0 7px; text-align: center; text-overflow: ellipsis; white-space: nowrap;\"><a style=\"color: #c9c8cd; font-family: Arial,sans-serif; font-size: 14px; font-style: normal; font-weight: normal; line-height: 17px; text-decoration: none;\" href=\"https:\/\/www.instagram.com\/p\/C-QtUTvtLRz\/?utm_source=ig_embed&amp;utm_campaign=loading\" target=\"_blank\" rel=\"noopener\">Uma publica\u00e7\u00e3o compartilhada por Chelso Sports \u2022 Corrida de Rua (@chelsosports)<\/a><\/p>\n<\/div>\n<\/blockquote>\n<p><script async src=\"\/\/www.instagram.com\/embed.js\"><\/script><\/p>\n<h3><b>Siga a Chelso<\/b><\/h3>\n<p>A Chelso Sports est\u00e1 presente no\u00a0<a href=\"https:\/\/www.youtube.com\/@ChelsoSports\">YouTube<\/a>! Por isso, convidamos voc\u00ea a se inscrever em nosso canal, deixar seus coment\u00e1rios e ficar por dentro de todas as novidades do mundo dos esportes. Ultrapassamos a marca de 4 mil inscritos e, como nossa nova meta \u00e9 chegar aos 5 mil, n\u00e3o deixe de acompanhar nossos v\u00eddeos exclusivos.<\/p>\n<p>Al\u00e9m disso, n\u00e3o para por a\u00ed! Se voc\u00ea quer ter acesso a todas as informa\u00e7\u00f5es sobre nosso calend\u00e1rio de provas e dicas de treinamento, \u00e9 s\u00f3 seguir a Chelso Sports no\u00a0<a href=\"https:\/\/www.instagram.com\/chelsosports\/\">Instagram<\/a>. Fique por dentro de curiosidades e novidades sobre os esportes outdoor. Ent\u00e3o, n\u00e3o perca tempo e nos acompanhe agora mesmo nas redes sociais!<\/p>\n<\/div>\n","protected":false},"excerpt":{"rendered":"<p>Corrida do Alvinegro 2024! Tradicional prova de rua do calend\u00e1rio de Piracicaba, a Corrida do Alvinegro chega \u00e0 sua d\u00e9cima edi\u00e7\u00e3o em 2024, e com data definida para acontecer: em 10 de novembro, contemplando os percursos de 5, 10 e 15 km, com largada e chegada no Est\u00e1dio Municipal Bar\u00e3o da Serra Negra. As inscri\u00e7\u00f5es<\/p>\n","protected":false},"author":21,"featured_media":20747,"comment_status":"open","ping_status":"closed","sticky":false,"template":"","format":"standard","meta":{"om_disable_all_campaigns":false,"_monsterinsights_skip_tracking":false,"footnotes":""},"categories":[56,30],"tags":[735,41,1535,3694],"class_list":["post-20746","post","type-post","status-publish","format-standard","has-post-thumbnail","category-eventos","category-noticias","tag-chelso","tag-chelso-sports","tag-corrida-do-alvinegro","tag-supermercado-sao-vicente"],"aioseo_notices":[],"aioseo_head":"\n\t\t<!-- All in One SEO 5.0.1 - aioseo.com -->\n\t<meta name=\"description\" content=\"Corrida do Alvinegro 2024! Tradicional prova de rua do calend\u00e1rio de Piracicaba, a Corrida do Alvinegro chega \u00e0 sua d\u00e9cima edi\u00e7\u00e3o em 2024, e com data definida para acontecer: em 10 de novembro, contemplando os percursos de 5, 10 e 15 km, com largada e chegada no Est\u00e1dio Municipal Bar\u00e3o da Serra Negra. As inscri\u00e7\u00f5es\" \/>\n\t<meta name=\"robots\" content=\"max-image-preview:large\" \/>\n\t<meta name=\"author\" content=\"Chelso\"\/>\n\t<link rel=\"canonical\" href=\"https:\/\/chelso.com.br\/site\/corrida-do-alvinegro-2024\/\" \/>\n\t<meta name=\"generator\" content=\"All in One SEO (AIOSEO) 5.0.1\" \/>\n\t\t<meta property=\"og:locale\" content=\"pt_BR\" \/>\n\t\t<meta property=\"og:site_name\" content=\"Portal Chelso Sports - Conte\u00fado especializado em corrida de rua e triathlon\" \/>\n\t\t<meta property=\"og:type\" content=\"article\" \/>\n\t\t<meta property=\"og:title\" content=\"Corrida do Alvinegro 2024 - Portal Chelso Sports\" \/>\n\t\t<meta property=\"og:description\" content=\"Corrida do Alvinegro 2024! Tradicional prova de rua do calend\u00e1rio de Piracicaba, a Corrida do Alvinegro chega \u00e0 sua d\u00e9cima edi\u00e7\u00e3o em 2024, e com data definida para acontecer: em 10 de novembro, contemplando os percursos de 5, 10 e 15 km, com largada e chegada no Est\u00e1dio Municipal Bar\u00e3o da Serra Negra. As inscri\u00e7\u00f5es\" \/>\n\t\t<meta property=\"og:url\" content=\"https:\/\/chelso.com.br\/site\/corrida-do-alvinegro-2024\/\" \/>\n\t\t<meta property=\"article:published_time\" content=\"2024-08-06T23:51:57+00:00\" \/>\n\t\t<meta property=\"article:modified_time\" content=\"2024-08-06T23:51:57+00:00\" \/>\n\t\t<meta name=\"twitter:card\" content=\"summary_large_image\" \/>\n\t\t<meta name=\"twitter:title\" content=\"Corrida do Alvinegro 2024 - Portal Chelso Sports\" \/>\n\t\t<meta name=\"twitter:description\" content=\"Corrida do Alvinegro 2024! Tradicional prova de rua do calend\u00e1rio de Piracicaba, a Corrida do Alvinegro chega \u00e0 sua d\u00e9cima edi\u00e7\u00e3o em 2024, e com data definida para acontecer: em 10 de novembro, contemplando os percursos de 5, 10 e 15 km, com largada e chegada no Est\u00e1dio Municipal Bar\u00e3o da Serra Negra. As inscri\u00e7\u00f5es\" \/>\n\t\t<script type=\"application\/ld+json\" class=\"aioseo-schema\">\n\t\t\t{\"@context\":\"https:\\\/\\\/schema.org\",\"@graph\":[{\"@type\":\"BlogPosting\",\"@id\":\"https:\\\/\\\/chelso.com.br\\\/site\\\/corrida-do-alvinegro-2024\\\/#blogposting\",\"name\":\"Corrida do Alvinegro 2024 - Portal Chelso Sports\",\"headline\":\"Corrida do Alvinegro 2024\",\"author\":{\"@id\":\"https:\\\/\\\/chelso.com.br\\\/site\\\/author\\\/maryblog\\\/#author\"},\"publisher\":{\"@id\":\"https:\\\/\\\/chelso.com.br\\\/site\\\/#organization\"},\"image\":{\"@type\":\"ImageObject\",\"url\":\"https:\\\/\\\/chelso.com.br\\\/site\\\/wp-content\\\/uploads\\\/2024\\\/08\\\/Corrida-do-Alvinegro-2024.jpg\",\"width\":1520,\"height\":633,\"caption\":\"Corrida do Alvinegro 2024\"},\"datePublished\":\"2024-08-06T20:51:57-03:00\",\"dateModified\":\"2024-08-06T20:51:57-03:00\",\"inLanguage\":\"pt-BR\",\"mainEntityOfPage\":{\"@id\":\"https:\\\/\\\/chelso.com.br\\\/site\\\/corrida-do-alvinegro-2024\\\/#webpage\"},\"isPartOf\":{\"@id\":\"https:\\\/\\\/chelso.com.br\\\/site\\\/corrida-do-alvinegro-2024\\\/#webpage\"},\"articleSection\":\"Eventos, Not\\u00edcias, Chelso, chelso sports, Corrida do Alvinegro, Supermercado S\\u00e3o Vicente\"},{\"@type\":\"BreadcrumbList\",\"@id\":\"https:\\\/\\\/chelso.com.br\\\/site\\\/corrida-do-alvinegro-2024\\\/#breadcrumblist\",\"itemListElement\":[{\"@type\":\"ListItem\",\"@id\":\"https:\\\/\\\/chelso.com.br\\\/site#listItem\",\"position\":1,\"name\":\"Home\",\"item\":\"https:\\\/\\\/chelso.com.br\\\/site\",\"nextItem\":{\"@type\":\"ListItem\",\"@id\":\"https:\\\/\\\/chelso.com.br\\\/site\\\/category\\\/noticias\\\/#listItem\",\"name\":\"Not\\u00edcias\"}},{\"@type\":\"ListItem\",\"@id\":\"https:\\\/\\\/chelso.com.br\\\/site\\\/category\\\/noticias\\\/#listItem\",\"position\":2,\"name\":\"Not\\u00edcias\",\"item\":\"https:\\\/\\\/chelso.com.br\\\/site\\\/category\\\/noticias\\\/\",\"nextItem\":{\"@type\":\"ListItem\",\"@id\":\"https:\\\/\\\/chelso.com.br\\\/site\\\/corrida-do-alvinegro-2024\\\/#listItem\",\"name\":\"Corrida do Alvinegro 2024\"},\"previousItem\":{\"@type\":\"ListItem\",\"@id\":\"https:\\\/\\\/chelso.com.br\\\/site#listItem\",\"name\":\"Home\"}},{\"@type\":\"ListItem\",\"@id\":\"https:\\\/\\\/chelso.com.br\\\/site\\\/corrida-do-alvinegro-2024\\\/#listItem\",\"position\":3,\"name\":\"Corrida do Alvinegro 2024\",\"previousItem\":{\"@type\":\"ListItem\",\"@id\":\"https:\\\/\\\/chelso.com.br\\\/site\\\/category\\\/noticias\\\/#listItem\",\"name\":\"Not\\u00edcias\"}}]},{\"@type\":\"Organization\",\"@id\":\"https:\\\/\\\/chelso.com.br\\\/site\\\/#organization\",\"name\":\"Portal Chelso Sports\",\"description\":\"Conte\\u00fado especializado em corrida de rua e triathlon\",\"url\":\"https:\\\/\\\/chelso.com.br\\\/site\\\/\"},{\"@type\":\"Person\",\"@id\":\"https:\\\/\\\/chelso.com.br\\\/site\\\/author\\\/maryblog\\\/#author\",\"url\":\"https:\\\/\\\/chelso.com.br\\\/site\\\/author\\\/maryblog\\\/\",\"name\":\"Chelso\",\"image\":{\"@type\":\"ImageObject\",\"@id\":\"https:\\\/\\\/chelso.com.br\\\/site\\\/corrida-do-alvinegro-2024\\\/#authorImage\",\"url\":\"https:\\\/\\\/chelso.com.br\\\/site\\\/wp-content\\\/uploads\\\/2025\\\/04\\\/Perfil20192-150x149.png\",\"width\":96,\"height\":96,\"caption\":\"Chelso\"}},{\"@type\":\"WebPage\",\"@id\":\"https:\\\/\\\/chelso.com.br\\\/site\\\/corrida-do-alvinegro-2024\\\/#webpage\",\"url\":\"https:\\\/\\\/chelso.com.br\\\/site\\\/corrida-do-alvinegro-2024\\\/\",\"name\":\"Corrida do Alvinegro 2024 - Portal Chelso Sports\",\"description\":\"Corrida do Alvinegro 2024! Tradicional prova de rua do calend\\u00e1rio de Piracicaba, a Corrida do Alvinegro chega \\u00e0 sua d\\u00e9cima edi\\u00e7\\u00e3o em 2024, e com data definida para acontecer: em 10 de novembro, contemplando os percursos de 5, 10 e 15 km, com largada e chegada no Est\\u00e1dio Municipal Bar\\u00e3o da Serra Negra. As inscri\\u00e7\\u00f5es\",\"inLanguage\":\"pt-BR\",\"isPartOf\":{\"@id\":\"https:\\\/\\\/chelso.com.br\\\/site\\\/#website\"},\"breadcrumb\":{\"@id\":\"https:\\\/\\\/chelso.com.br\\\/site\\\/corrida-do-alvinegro-2024\\\/#breadcrumblist\"},\"author\":{\"@id\":\"https:\\\/\\\/chelso.com.br\\\/site\\\/author\\\/maryblog\\\/#author\"},\"creator\":{\"@id\":\"https:\\\/\\\/chelso.com.br\\\/site\\\/author\\\/maryblog\\\/#author\"},\"image\":{\"@type\":\"ImageObject\",\"url\":\"https:\\\/\\\/chelso.com.br\\\/site\\\/wp-content\\\/uploads\\\/2024\\\/08\\\/Corrida-do-Alvinegro-2024.jpg\",\"@id\":\"https:\\\/\\\/chelso.com.br\\\/site\\\/corrida-do-alvinegro-2024\\\/#mainImage\",\"width\":1520,\"height\":633,\"caption\":\"Corrida do Alvinegro 2024\"},\"primaryImageOfPage\":{\"@id\":\"https:\\\/\\\/chelso.com.br\\\/site\\\/corrida-do-alvinegro-2024\\\/#mainImage\"},\"datePublished\":\"2024-08-06T20:51:57-03:00\",\"dateModified\":\"2024-08-06T20:51:57-03:00\"},{\"@type\":\"WebSite\",\"@id\":\"https:\\\/\\\/chelso.com.br\\\/site\\\/#website\",\"url\":\"https:\\\/\\\/chelso.com.br\\\/site\\\/\",\"name\":\"Portal Chelso Sports\",\"description\":\"Conte\\u00fado especializado em corrida de rua e triathlon\",\"inLanguage\":\"pt-BR\",\"publisher\":{\"@id\":\"https:\\\/\\\/chelso.com.br\\\/site\\\/#organization\"}}]}\n\t\t<\/script>\n\t\t<!-- All in One SEO -->\n\n","aioseo_head_json":{"title":"Corrida do Alvinegro 2024 - Portal Chelso Sports","description":"Corrida do Alvinegro 2024! Tradicional prova de rua do calend\u00e1rio de Piracicaba, a Corrida do Alvinegro chega \u00e0 sua d\u00e9cima edi\u00e7\u00e3o em 2024, e com data definida para acontecer: em 10 de novembro, contemplando os percursos de 5, 10 e 15 km, com largada e chegada no Est\u00e1dio Municipal Bar\u00e3o da Serra Negra. As inscri\u00e7\u00f5es","canonical_url":"https:\/\/chelso.com.br\/site\/corrida-do-alvinegro-2024\/","robots":"max-image-preview:large","keywords":"","webmasterTools":{"miscellaneous":""},"schema":{"@context":"https:\/\/schema.org","@graph":[{"@type":"BlogPosting","@id":"https:\/\/chelso.com.br\/site\/corrida-do-alvinegro-2024\/#blogposting","name":"Corrida do Alvinegro 2024 - Portal Chelso Sports","headline":"Corrida do Alvinegro 2024","author":{"@id":"https:\/\/chelso.com.br\/site\/author\/maryblog\/#author"},"publisher":{"@id":"https:\/\/chelso.com.br\/site\/#organization"},"image":{"@type":"ImageObject","url":"https:\/\/chelso.com.br\/site\/wp-content\/uploads\/2024\/08\/Corrida-do-Alvinegro-2024.jpg","width":1520,"height":633,"caption":"Corrida do Alvinegro 2024"},"datePublished":"2024-08-06T20:51:57-03:00","dateModified":"2024-08-06T20:51:57-03:00","inLanguage":"pt-BR","mainEntityOfPage":{"@id":"https:\/\/chelso.com.br\/site\/corrida-do-alvinegro-2024\/#webpage"},"isPartOf":{"@id":"https:\/\/chelso.com.br\/site\/corrida-do-alvinegro-2024\/#webpage"},"articleSection":"Eventos, Not\u00edcias, Chelso, chelso sports, Corrida do Alvinegro, Supermercado S\u00e3o Vicente"},{"@type":"BreadcrumbList","@id":"https:\/\/chelso.com.br\/site\/corrida-do-alvinegro-2024\/#breadcrumblist","itemListElement":[{"@type":"ListItem","@id":"https:\/\/chelso.com.br\/site#listItem","position":1,"name":"Home","item":"https:\/\/chelso.com.br\/site","nextItem":{"@type":"ListItem","@id":"https:\/\/chelso.com.br\/site\/category\/noticias\/#listItem","name":"Not\u00edcias"}},{"@type":"ListItem","@id":"https:\/\/chelso.com.br\/site\/category\/noticias\/#listItem","position":2,"name":"Not\u00edcias","item":"https:\/\/chelso.com.br\/site\/category\/noticias\/","nextItem":{"@type":"ListItem","@id":"https:\/\/chelso.com.br\/site\/corrida-do-alvinegro-2024\/#listItem","name":"Corrida do Alvinegro 2024"},"previousItem":{"@type":"ListItem","@id":"https:\/\/chelso.com.br\/site#listItem","name":"Home"}},{"@type":"ListItem","@id":"https:\/\/chelso.com.br\/site\/corrida-do-alvinegro-2024\/#listItem","position":3,"name":"Corrida do Alvinegro 2024","previousItem":{"@type":"ListItem","@id":"https:\/\/chelso.com.br\/site\/category\/noticias\/#listItem","name":"Not\u00edcias"}}]},{"@type":"Organization","@id":"https:\/\/chelso.com.br\/site\/#organization","name":"Portal Chelso Sports","description":"Conte\u00fado especializado em corrida de rua e triathlon","url":"https:\/\/chelso.com.br\/site\/"},{"@type":"Person","@id":"https:\/\/chelso.com.br\/site\/author\/maryblog\/#author","url":"https:\/\/chelso.com.br\/site\/author\/maryblog\/","name":"Chelso","image":{"@type":"ImageObject","@id":"https:\/\/chelso.com.br\/site\/corrida-do-alvinegro-2024\/#authorImage","url":"https:\/\/chelso.com.br\/site\/wp-content\/uploads\/2025\/04\/Perfil20192-150x149.png","width":96,"height":96,"caption":"Chelso"}},{"@type":"WebPage","@id":"https:\/\/chelso.com.br\/site\/corrida-do-alvinegro-2024\/#webpage","url":"https:\/\/chelso.com.br\/site\/corrida-do-alvinegro-2024\/","name":"Corrida do Alvinegro 2024 - Portal Chelso Sports","description":"Corrida do Alvinegro 2024! Tradicional prova de rua do calend\u00e1rio de Piracicaba, a Corrida do Alvinegro chega \u00e0 sua d\u00e9cima edi\u00e7\u00e3o em 2024, e com data definida para acontecer: em 10 de novembro, contemplando os percursos de 5, 10 e 15 km, com largada e chegada no Est\u00e1dio Municipal Bar\u00e3o da Serra Negra. As inscri\u00e7\u00f5es","inLanguage":"pt-BR","isPartOf":{"@id":"https:\/\/chelso.com.br\/site\/#website"},"breadcrumb":{"@id":"https:\/\/chelso.com.br\/site\/corrida-do-alvinegro-2024\/#breadcrumblist"},"author":{"@id":"https:\/\/chelso.com.br\/site\/author\/maryblog\/#author"},"creator":{"@id":"https:\/\/chelso.com.br\/site\/author\/maryblog\/#author"},"image":{"@type":"ImageObject","url":"https:\/\/chelso.com.br\/site\/wp-content\/uploads\/2024\/08\/Corrida-do-Alvinegro-2024.jpg","@id":"https:\/\/chelso.com.br\/site\/corrida-do-alvinegro-2024\/#mainImage","width":1520,"height":633,"caption":"Corrida do Alvinegro 2024"},"primaryImageOfPage":{"@id":"https:\/\/chelso.com.br\/site\/corrida-do-alvinegro-2024\/#mainImage"},"datePublished":"2024-08-06T20:51:57-03:00","dateModified":"2024-08-06T20:51:57-03:00"},{"@type":"WebSite","@id":"https:\/\/chelso.com.br\/site\/#website","url":"https:\/\/chelso.com.br\/site\/","name":"Portal Chelso Sports","description":"Conte\u00fado especializado em corrida de rua e triathlon","inLanguage":"pt-BR","publisher":{"@id":"https:\/\/chelso.com.br\/site\/#organization"}}]},"og:locale":"pt_BR","og:site_name":"Portal Chelso Sports - Conte\u00fado especializado em corrida de rua e triathlon","og:type":"article","og:title":"Corrida do Alvinegro 2024 - Portal Chelso Sports","og:description":"Corrida do Alvinegro 2024! Tradicional prova de rua do calend\u00e1rio de Piracicaba, a Corrida do Alvinegro chega \u00e0 sua d\u00e9cima edi\u00e7\u00e3o em 2024, e com data definida para acontecer: em 10 de novembro, contemplando os percursos de 5, 10 e 15 km, com largada e chegada no Est\u00e1dio Municipal Bar\u00e3o da Serra Negra. As inscri\u00e7\u00f5es","og:url":"https:\/\/chelso.com.br\/site\/corrida-do-alvinegro-2024\/","article:published_time":"2024-08-06T23:51:57+00:00","article:modified_time":"2024-08-06T23:51:57+00:00","twitter:card":"summary_large_image","twitter:title":"Corrida do Alvinegro 2024 - Portal Chelso Sports","twitter:description":"Corrida do Alvinegro 2024! Tradicional prova de rua do calend\u00e1rio de Piracicaba, a Corrida do Alvinegro chega \u00e0 sua d\u00e9cima edi\u00e7\u00e3o em 2024, e com data definida para acontecer: em 10 de novembro, contemplando os percursos de 5, 10 e 15 km, com largada e chegada no Est\u00e1dio Municipal Bar\u00e3o da Serra Negra. As inscri\u00e7\u00f5es"},"aioseo_meta_data":{"post_id":"20746","title":null,"description":null,"keywords":null,"keyphrases":{"focus":{"keyphrase":"","score":0,"analysis":{"keyphraseInTitle":{"score":0,"maxScore":9,"error":1}}},"additional":[]},"primary_term":null,"canonical_url":null,"og_title":null,"og_description":null,"og_object_type":"default","og_image_type":"default","og_image_url":null,"og_image_width":null,"og_image_height":null,"og_image_custom_url":null,"og_image_custom_fields":null,"og_video":"","og_custom_url":null,"og_article_section":null,"og_article_tags":null,"twitter_use_og":false,"twitter_card":"default","twitter_image_type":"default","twitter_image_url":null,"twitter_image_custom_url":null,"twitter_image_custom_fields":null,"twitter_title":null,"twitter_description":null,"schema":{"blockGraphs":[],"customGraphs":[],"default":{"data":{"Article":[],"Course":[],"Dataset":[],"FAQPage":[],"Movie":[],"Person":[],"Product":[],"ProductReview":[],"Car":[],"Recipe":[],"Service":[],"SoftwareApplication":[],"WebPage":[]},"graphName":"BlogPosting","isEnabled":true},"graphs":[]},"schema_type":"default","schema_type_options":null,"pillar_content":false,"robots_default":true,"robots_noindex":false,"robots_noarchive":false,"robots_nosnippet":false,"robots_nofollow":false,"robots_noimageindex":false,"robots_noodp":false,"robots_notranslate":false,"robots_max_snippet":"-1","robots_max_videopreview":"-1","robots_max_imagepreview":"large","priority":null,"frequency":"default","local_seo":null,"breadcrumb_settings":null,"limit_modified_date":false,"ai":null,"created":"2024-08-06 23:51:57","updated":"2025-07-02 19:14:47","focus_keyword":null,"additional_keywords":null,"truseo_locale":null,"seo_analyzer_scan_date":null},"aioseo_breadcrumb":"<div class=\"aioseo-breadcrumbs\"><span class=\"aioseo-breadcrumb\">\n\t\t\t<a href=\"https:\/\/chelso.com.br\/site\" title=\"Home\">Home<\/a>\n\t\t<\/span><span class=\"aioseo-breadcrumb-separator\">&raquo;<\/span><span class=\"aioseo-breadcrumb\">\n\t\t\t<a href=\"https:\/\/chelso.com.br\/site\/category\/noticias\/\" title=\"Not\u00edcias\">Not\u00edcias<\/a>\n\t\t<\/span><span class=\"aioseo-breadcrumb-separator\">&raquo;<\/span><span class=\"aioseo-breadcrumb\">\n\t\t\tCorrida do Alvinegro 2024\n\t\t<\/span><\/div>","aioseo_breadcrumb_json":[{"label":"Home","link":"https:\/\/chelso.com.br\/site"},{"label":"Not\u00edcias","link":"https:\/\/chelso.com.br\/site\/category\/noticias\/"},{"label":"Corrida do Alvinegro 2024","link":"https:\/\/chelso.com.br\/site\/corrida-do-alvinegro-2024\/"}],"amp_enabled":true,"_links":{"self":[{"href":"https:\/\/chelso.com.br\/site\/wp-json\/wp\/v2\/posts\/20746","targetHints":{"allow":["GET"]}}],"collection":[{"href":"https:\/\/chelso.com.br\/site\/wp-json\/wp\/v2\/posts"}],"about":[{"href":"https:\/\/chelso.com.br\/site\/wp-json\/wp\/v2\/types\/post"}],"author":[{"embeddable":true,"href":"https:\/\/chelso.com.br\/site\/wp-json\/wp\/v2\/users\/21"}],"replies":[{"embeddable":true,"href":"https:\/\/chelso.com.br\/site\/wp-json\/wp\/v2\/comments?post=20746"}],"version-history":[{"count":1,"href":"https:\/\/chelso.com.br\/site\/wp-json\/wp\/v2\/posts\/20746\/revisions"}],"predecessor-version":[{"id":20748,"href":"https:\/\/chelso.com.br\/site\/wp-json\/wp\/v2\/posts\/20746\/revisions\/20748"}],"wp:featuredmedia":[{"embeddable":true,"href":"https:\/\/chelso.com.br\/site\/wp-json\/wp\/v2\/media\/20747"}],"wp:attachment":[{"href":"https:\/\/chelso.com.br\/site\/wp-json\/wp\/v2\/media?parent=20746"}],"wp:term":[{"taxonomy":"category","embeddable":true,"href":"https:\/\/chelso.com.br\/site\/wp-json\/wp\/v2\/categories?post=20746"},{"taxonomy":"post_tag","embeddable":true,"href":"https:\/\/chelso.com.br\/site\/wp-json\/wp\/v2\/tags?post=20746"}],"curies":[{"name":"wp","href":"https:\/\/api.w.org\/{rel}","templated":true}]}}