{"id":22006,"date":"2024-10-30T07:45:54","date_gmt":"2024-10-30T10:45:54","guid":{"rendered":"https:\/\/chelso.com.br\/site\/?p=22006"},"modified":"2024-11-01T14:20:54","modified_gmt":"2024-11-01T17:20:54","slug":"os-resultados-da-8a-edicao-da-sao-vicente-uacai-night-run","status":"publish","type":"post","link":"https:\/\/chelso.com.br\/site\/os-resultados-da-8a-edicao-da-sao-vicente-uacai-night-run\/","title":{"rendered":"Os resultados da 8\u00aa edi\u00e7\u00e3o da S\u00e3o Vicente Ua\u00e7a\u00ed Night Run"},"content":{"rendered":"<p><span style=\"color: #000000;\"><span style=\"font-family: Calibri, sans-serif;\">A prova disputada no s\u00e1bado, dia 26 de outubro entrou para a hist\u00f3ria como a maior em n\u00fameros de inscritos da cidade de Americana. <span style=\"font-size: medium;\">Com a organiza\u00e7\u00e3o da Chelso Sports o evento de 5 km e 10 km foi um sucesso.<\/span><\/span><\/span><\/p>\n<p><span style=\"color: #000000;\"><span style=\"font-family: Calibri, sans-serif;\"><span style=\"font-size: medium;\">Confira os vencedores do 5 km e dos 10 km:<\/span><\/span><\/span><\/p>\n<p><span style=\"color: #000000;\"><span style=\"font-family: Calibri, sans-serif;\"><b><span style=\"font-size: medium;\">Campe\u00f5es 5 Km (masculino)<\/span><\/b><\/span><\/span><\/p>\n<p><span style=\"color: #000000;\"><span style=\"font-family: Calibri, sans-serif;\"><span style=\"font-size: medium;\"><b>1\u00ba lugar <\/b><\/span><span style=\"font-size: medium;\">\u2013 Rodrigo Dantas de Campos (15:52)<\/span><\/span><\/span><\/p>\n<p><span style=\"color: #000000;\"><span style=\"font-family: Calibri, sans-serif;\"><span style=\"font-size: medium;\"><b>2\u00ba lugar <\/b><\/span><span style=\"font-size: medium;\">\u2013 Ronaldo Cristiano Guizo (16:53)<\/span><\/span><\/span><\/p>\n<p><span style=\"color: #000000;\"><span style=\"font-family: Calibri, sans-serif;\"><span style=\"font-size: medium;\"><b>3\u00ba lugar <\/b><\/span><span style=\"font-size: medium;\">\u2013 Guilherme Santiago de Brito (17:01)<\/span><\/span><\/span><\/p>\n<p><span style=\"color: #000000;\"><span style=\"font-family: Calibri, sans-serif;\"><span style=\"font-size: medium;\"><b>4\u00ba lugar <\/b><\/span><span style=\"font-size: medium;\">\u2013 Thiago Costa Albanez (17:04)<\/span><\/span><\/span><\/p>\n<p><span style=\"color: #000000;\"><span style=\"font-family: Calibri, sans-serif;\"><span style=\"font-size: medium;\"><b>5\u00ba lugar<\/b><\/span><span style=\"font-size: medium;\"> \u2013 Renan Cesar Ribeiro Lima (17:05)<\/span><\/span><\/span><\/p>\n<p><span style=\"color: #000000;\"><span style=\"font-family: Calibri, sans-serif;\"><b><span style=\"font-size: medium;\">Campe\u00f5es 5 Km (feminino)<\/span><\/b><\/span><\/span><\/p>\n<p><span style=\"color: #000000;\"><span style=\"font-family: Calibri, sans-serif;\"><span style=\"font-size: medium;\"><b>1\u00ba lugar <\/b><\/span><span style=\"font-size: medium;\">\u2013 Nat\u00e1lia Regina Painelli (18:29)<\/span><\/span><\/span><\/p>\n<p><span style=\"color: #000000;\"><span style=\"font-family: Calibri, sans-serif;\"><span style=\"font-size: medium;\"><b>2\u00ba lugar <\/b><\/span><span style=\"font-size: medium;\">\u2013 Lara do Nascimento Fernandes (20:08)<\/span><\/span><\/span><\/p>\n<p><span style=\"color: #000000;\"><span style=\"font-family: Calibri, sans-serif;\"><span style=\"font-size: medium;\"><b>3\u00ba lugar <\/b><\/span><span style=\"font-size: medium;\">\u2013 Tha\u00eds Vidotto Baggio (20:32)<\/span><\/span><\/span><\/p>\n<p><span style=\"color: #000000;\"><span style=\"font-family: Calibri, sans-serif;\"><span style=\"font-size: medium;\"><b>4\u00ba lugar <\/b><\/span><span style=\"font-size: medium;\">\u2013 Aline Regina Braga (21:03)<\/span><\/span><\/span><\/p>\n<p><span style=\"color: #000000;\"><span style=\"font-family: Calibri, sans-serif;\"><span style=\"font-size: medium;\"><b>5\u00ba lugar<\/b><\/span><span style=\"font-size: medium;\"> \u2013 Caroline Ferreira Sou (21:04)<\/span><\/span><\/span><\/p>\n<p><span style=\"color: #000000;\"><span style=\"font-family: Calibri, sans-serif;\"><b><span style=\"font-size: medium;\">Campe\u00f5es 10 Km (masculino):<\/span><\/b><\/span><\/span><\/p>\n<p><span style=\"color: #000000;\"><span style=\"font-family: Calibri, sans-serif;\"><span style=\"font-size: medium;\"><b>1\u00ba lugar<\/b><\/span><span style=\"font-size: medium;\"> \u2013 Luan Bissoli (31:34)<\/span><\/span><\/span><\/p>\n<p><span style=\"color: #000000;\"><span style=\"font-family: Calibri, sans-serif;\"><span style=\"font-size: medium;\"><b>2\u00ba lugar<\/b><\/span><span style=\"font-size: medium;\"> \u2013 Lucas Vieira Canavesi (34:28)<\/span><\/span><\/span><\/p>\n<p><span style=\"color: #000000;\"><span style=\"font-family: Calibri, sans-serif;\"><span style=\"font-size: medium;\"><b>3\u00ba lugar<\/b><\/span><span style=\"font-size: medium;\"> \u2013 Edson Sousa Alves (34:41)<\/span><\/span><\/span><\/p>\n<p><span style=\"color: #000000;\"><span style=\"font-family: Calibri, sans-serif;\"><span style=\"font-size: medium;\"><b>4\u00ba lugar<\/b><\/span><span style=\"font-size: medium;\"> \u2013 Leonardo de Sousa Santos (35:14)<\/span><\/span><\/span><\/p>\n<p><span style=\"color: #000000;\"><span style=\"font-family: Calibri, sans-serif;\"><span style=\"font-size: medium;\"><b>5\u00ba lugar<\/b><\/span><span style=\"font-size: medium;\"> \u2013 Jos\u00e9 Gustavo da Silva (35:30)<\/span><\/span><\/span><\/p>\n<p><span style=\"color: #000000;\"><span style=\"font-family: Calibri, sans-serif;\"><b><span style=\"font-size: medium;\">Campe\u00f5es 10 Km (feminino):<\/span><\/b><\/span><\/span><\/p>\n<p><span style=\"color: #000000;\"><span style=\"font-family: Calibri, sans-serif;\"><span style=\"font-size: medium;\"><b>1\u00ba lugar<\/b><\/span><span style=\"font-size: medium;\"> \u2013 Mirian de Farias (40:45)<\/span><\/span><\/span><\/p>\n<p><span style=\"color: #000000;\"><span style=\"font-family: Calibri, sans-serif;\"><span style=\"font-size: medium;\"><b>2\u00ba lugar<\/b><\/span><span style=\"font-size: medium;\"> \u2013 Geise Maria da Silva de Souza (44:48)<\/span><\/span><\/span><\/p>\n<p><span style=\"color: #000000;\"><span style=\"font-family: Calibri, sans-serif;\"><span style=\"font-size: medium;\"><b>3\u00ba lugar<\/b><\/span><span style=\"font-size: medium;\"> \u2013 Talitha Biasi Tandelo (45:33)<\/span><\/span><\/span><\/p>\n<p><span style=\"color: #000000;\"><span style=\"font-family: Calibri, sans-serif;\"><span style=\"font-size: medium;\"><b>4\u00ba lugar<\/b><\/span><span style=\"font-size: medium;\"> \u2013 Bruna Oliveira Garbiatti (45:49)<\/span><\/span><\/span><\/p>\n<p><span style=\"color: #000000;\"><span style=\"font-family: Calibri, sans-serif;\"><span style=\"font-size: medium;\"><b>5\u00ba lugar<\/b><\/span><span style=\"font-size: medium;\"> \u2013 Sidin\u00e9ia Ribeiro da Cunha (45:54)<\/span><\/span><\/span><\/p>\n<p><span style=\"color: #000000;\"><span style=\"font-family: Calibri, sans-serif;\"><b><span style=\"font-size: medium;\">Observa\u00e7\u00e3o: <\/span><\/b><\/span><\/span><\/p>\n<p><span style=\"color: #000000;\"><span style=\"font-family: Calibri, sans-serif;\"><span style=\"font-size: medium;\">Voc\u00ea pode verificar seu tempo no link: <a href=\"https:\/\/www.cronoserv.com.br\/resultado\/uacai-night-run,240225\/#home\">https:\/\/www.cronoserv.com.br\/resultado\/uacai-night-run,240225\/#home<\/a><\/span><\/span><\/span><\/p>\n<p>&nbsp;<\/p>\n","protected":false},"excerpt":{"rendered":"<p>A prova disputada no s\u00e1bado, dia 26 de outubro entrou para a hist\u00f3ria como a maior em n\u00fameros de inscritos da cidade de Americana. Com a organiza\u00e7\u00e3o da Chelso Sports o evento de 5 km e 10 km foi um sucesso. Confira os vencedores do 5 km e dos 10 km: Campe\u00f5es 5 Km (masculino)<\/p>\n","protected":false},"author":43,"featured_media":22007,"comment_status":"open","ping_status":"closed","sticky":false,"template":"","format":"standard","meta":{"om_disable_all_campaigns":false,"_monsterinsights_skip_tracking":false,"_monsterinsights_sitenote_active":false,"_monsterinsights_sitenote_note":"","_monsterinsights_sitenote_category":0,"footnotes":""},"categories":[30],"tags":[],"class_list":{"0":"post-22006","1":"post","2":"type-post","3":"status-publish","4":"format-standard","5":"has-post-thumbnail","7":"category-noticias"},"aioseo_notices":[],"yoast_head":"<!-- This site is optimized with the Yoast SEO plugin v27.5 - https:\/\/yoast.com\/product\/yoast-seo-wordpress\/ -->\n<title>Os resultados da 8\u00aa edi\u00e7\u00e3o da S\u00e3o Vicente Ua\u00e7a\u00ed Night Run - Portal Chelso Sports<\/title>\n<meta name=\"robots\" content=\"index, follow, max-snippet:-1, max-image-preview:large, max-video-preview:-1\" \/>\n<link rel=\"canonical\" href=\"https:\/\/chelso.com.br\/site\/os-resultados-da-8a-edicao-da-sao-vicente-uacai-night-run\/\" \/>\n<meta property=\"og:locale\" content=\"pt_BR\" \/>\n<meta property=\"og:type\" content=\"article\" \/>\n<meta property=\"og:title\" content=\"Os resultados da 8\u00aa edi\u00e7\u00e3o da S\u00e3o Vicente Ua\u00e7a\u00ed Night Run - Portal Chelso Sports\" \/>\n<meta property=\"og:description\" content=\"A prova disputada no s\u00e1bado, dia 26 de outubro entrou para a hist\u00f3ria como a maior em n\u00fameros de inscritos da cidade de Americana. Com a organiza\u00e7\u00e3o da Chelso Sports o evento de 5 km e 10 km foi um sucesso. Confira os vencedores do 5 km e dos 10 km: Campe\u00f5es 5 Km (masculino)\" \/>\n<meta property=\"og:url\" content=\"https:\/\/chelso.com.br\/site\/os-resultados-da-8a-edicao-da-sao-vicente-uacai-night-run\/\" \/>\n<meta property=\"og:site_name\" content=\"Portal Chelso Sports\" \/>\n<meta property=\"article:published_time\" content=\"2024-10-30T10:45:54+00:00\" \/>\n<meta property=\"article:modified_time\" content=\"2024-11-01T17:20:54+00:00\" \/>\n<meta property=\"og:image\" content=\"https:\/\/chelso.com.br\/site\/wp-content\/uploads\/2024\/10\/OSEGYIMOHDV0HJHQXXEE26IH7FFDD6KSNGFBESEPOM7Y3D7SAR-1024x426.png\" \/>\n\t<meta property=\"og:image:width\" content=\"1024\" \/>\n\t<meta property=\"og:image:height\" content=\"426\" \/>\n\t<meta property=\"og:image:type\" content=\"image\/png\" \/>\n<meta name=\"author\" content=\"Edilson Rodrigues\" \/>\n<meta name=\"twitter:card\" content=\"summary_large_image\" \/>\n<meta name=\"twitter:label1\" content=\"Escrito por\" \/>\n\t<meta name=\"twitter:data1\" content=\"Edilson Rodrigues\" \/>\n\t<meta name=\"twitter:label2\" content=\"Est. tempo de leitura\" \/>\n\t<meta name=\"twitter:data2\" content=\"2 minutos\" \/>\n<script type=\"application\/ld+json\" class=\"yoast-schema-graph\">{\"@context\":\"https:\\\/\\\/schema.org\",\"@graph\":[{\"@type\":\"Article\",\"@id\":\"https:\\\/\\\/chelso.com.br\\\/site\\\/os-resultados-da-8a-edicao-da-sao-vicente-uacai-night-run\\\/#article\",\"isPartOf\":{\"@id\":\"https:\\\/\\\/chelso.com.br\\\/site\\\/os-resultados-da-8a-edicao-da-sao-vicente-uacai-night-run\\\/\"},\"author\":{\"name\":\"Edilson Rodrigues\",\"@id\":\"https:\\\/\\\/chelso.com.br\\\/site\\\/#\\\/schema\\\/person\\\/a1e459f9cc882778a4f1367cb2ba51e3\"},\"headline\":\"Os resultados da 8\u00aa edi\u00e7\u00e3o da S\u00e3o Vicente Ua\u00e7a\u00ed Night Run\",\"datePublished\":\"2024-10-30T10:45:54+00:00\",\"dateModified\":\"2024-11-01T17:20:54+00:00\",\"mainEntityOfPage\":{\"@id\":\"https:\\\/\\\/chelso.com.br\\\/site\\\/os-resultados-da-8a-edicao-da-sao-vicente-uacai-night-run\\\/\"},\"wordCount\":189,\"commentCount\":0,\"image\":{\"@id\":\"https:\\\/\\\/chelso.com.br\\\/site\\\/os-resultados-da-8a-edicao-da-sao-vicente-uacai-night-run\\\/#primaryimage\"},\"thumbnailUrl\":\"https:\\\/\\\/chelso.com.br\\\/site\\\/wp-content\\\/uploads\\\/2024\\\/10\\\/OSEGYIMOHDV0HJHQXXEE26IH7FFDD6KSNGFBESEPOM7Y3D7SAR.png\",\"articleSection\":[\"Not\u00edcias\"],\"inLanguage\":\"pt-BR\",\"potentialAction\":[{\"@type\":\"CommentAction\",\"name\":\"Comment\",\"target\":[\"https:\\\/\\\/chelso.com.br\\\/site\\\/os-resultados-da-8a-edicao-da-sao-vicente-uacai-night-run\\\/#respond\"]}]},{\"@type\":\"WebPage\",\"@id\":\"https:\\\/\\\/chelso.com.br\\\/site\\\/os-resultados-da-8a-edicao-da-sao-vicente-uacai-night-run\\\/\",\"url\":\"https:\\\/\\\/chelso.com.br\\\/site\\\/os-resultados-da-8a-edicao-da-sao-vicente-uacai-night-run\\\/\",\"name\":\"Os resultados da 8\u00aa edi\u00e7\u00e3o da S\u00e3o Vicente Ua\u00e7a\u00ed Night Run - Portal Chelso Sports\",\"isPartOf\":{\"@id\":\"https:\\\/\\\/chelso.com.br\\\/site\\\/#website\"},\"primaryImageOfPage\":{\"@id\":\"https:\\\/\\\/chelso.com.br\\\/site\\\/os-resultados-da-8a-edicao-da-sao-vicente-uacai-night-run\\\/#primaryimage\"},\"image\":{\"@id\":\"https:\\\/\\\/chelso.com.br\\\/site\\\/os-resultados-da-8a-edicao-da-sao-vicente-uacai-night-run\\\/#primaryimage\"},\"thumbnailUrl\":\"https:\\\/\\\/chelso.com.br\\\/site\\\/wp-content\\\/uploads\\\/2024\\\/10\\\/OSEGYIMOHDV0HJHQXXEE26IH7FFDD6KSNGFBESEPOM7Y3D7SAR.png\",\"datePublished\":\"2024-10-30T10:45:54+00:00\",\"dateModified\":\"2024-11-01T17:20:54+00:00\",\"author\":{\"@id\":\"https:\\\/\\\/chelso.com.br\\\/site\\\/#\\\/schema\\\/person\\\/a1e459f9cc882778a4f1367cb2ba51e3\"},\"breadcrumb\":{\"@id\":\"https:\\\/\\\/chelso.com.br\\\/site\\\/os-resultados-da-8a-edicao-da-sao-vicente-uacai-night-run\\\/#breadcrumb\"},\"inLanguage\":\"pt-BR\",\"potentialAction\":[{\"@type\":\"ReadAction\",\"target\":[\"https:\\\/\\\/chelso.com.br\\\/site\\\/os-resultados-da-8a-edicao-da-sao-vicente-uacai-night-run\\\/\"]}]},{\"@type\":\"ImageObject\",\"inLanguage\":\"pt-BR\",\"@id\":\"https:\\\/\\\/chelso.com.br\\\/site\\\/os-resultados-da-8a-edicao-da-sao-vicente-uacai-night-run\\\/#primaryimage\",\"url\":\"https:\\\/\\\/chelso.com.br\\\/site\\\/wp-content\\\/uploads\\\/2024\\\/10\\\/OSEGYIMOHDV0HJHQXXEE26IH7FFDD6KSNGFBESEPOM7Y3D7SAR.png\",\"contentUrl\":\"https:\\\/\\\/chelso.com.br\\\/site\\\/wp-content\\\/uploads\\\/2024\\\/10\\\/OSEGYIMOHDV0HJHQXXEE26IH7FFDD6KSNGFBESEPOM7Y3D7SAR.png\",\"width\":1900,\"height\":791},{\"@type\":\"BreadcrumbList\",\"@id\":\"https:\\\/\\\/chelso.com.br\\\/site\\\/os-resultados-da-8a-edicao-da-sao-vicente-uacai-night-run\\\/#breadcrumb\",\"itemListElement\":[{\"@type\":\"ListItem\",\"position\":1,\"name\":\"In\u00edcio\",\"item\":\"https:\\\/\\\/chelso.com.br\\\/site\\\/\"},{\"@type\":\"ListItem\",\"position\":2,\"name\":\"Os resultados da 8\u00aa edi\u00e7\u00e3o da S\u00e3o Vicente Ua\u00e7a\u00ed Night Run\"}]},{\"@type\":\"WebSite\",\"@id\":\"https:\\\/\\\/chelso.com.br\\\/site\\\/#website\",\"url\":\"https:\\\/\\\/chelso.com.br\\\/site\\\/\",\"name\":\"Portal Chelso Sports\",\"description\":\"Conte\u00fado especializado em corrida de rua e triathlon\",\"potentialAction\":[{\"@type\":\"SearchAction\",\"target\":{\"@type\":\"EntryPoint\",\"urlTemplate\":\"https:\\\/\\\/chelso.com.br\\\/site\\\/?s={search_term_string}\"},\"query-input\":{\"@type\":\"PropertyValueSpecification\",\"valueRequired\":true,\"valueName\":\"search_term_string\"}}],\"inLanguage\":\"pt-BR\"},{\"@type\":\"Person\",\"@id\":\"https:\\\/\\\/chelso.com.br\\\/site\\\/#\\\/schema\\\/person\\\/a1e459f9cc882778a4f1367cb2ba51e3\",\"name\":\"Edilson Rodrigues\",\"image\":{\"@type\":\"ImageObject\",\"inLanguage\":\"pt-BR\",\"@id\":\"https:\\\/\\\/chelso.com.br\\\/site\\\/wp-content\\\/uploads\\\/2024\\\/09\\\/Captura-de-tela-2024-09-27-170323-150x150.png\",\"url\":\"https:\\\/\\\/chelso.com.br\\\/site\\\/wp-content\\\/uploads\\\/2024\\\/09\\\/Captura-de-tela-2024-09-27-170323-150x150.png\",\"contentUrl\":\"https:\\\/\\\/chelso.com.br\\\/site\\\/wp-content\\\/uploads\\\/2024\\\/09\\\/Captura-de-tela-2024-09-27-170323-150x150.png\",\"caption\":\"Edilson Rodrigues\"},\"url\":\"https:\\\/\\\/chelso.com.br\\\/site\\\/author\\\/edilson\\\/\"}]}<\/script>\n<!-- \/ Yoast SEO plugin. -->","yoast_head_json":{"title":"Os resultados da 8\u00aa edi\u00e7\u00e3o da S\u00e3o Vicente Ua\u00e7a\u00ed Night Run - Portal Chelso Sports","robots":{"index":"index","follow":"follow","max-snippet":"max-snippet:-1","max-image-preview":"max-image-preview:large","max-video-preview":"max-video-preview:-1"},"canonical":"https:\/\/chelso.com.br\/site\/os-resultados-da-8a-edicao-da-sao-vicente-uacai-night-run\/","og_locale":"pt_BR","og_type":"article","og_title":"Os resultados da 8\u00aa edi\u00e7\u00e3o da S\u00e3o Vicente Ua\u00e7a\u00ed Night Run - Portal Chelso Sports","og_description":"A prova disputada no s\u00e1bado, dia 26 de outubro entrou para a hist\u00f3ria como a maior em n\u00fameros de inscritos da cidade de Americana. Com a organiza\u00e7\u00e3o da Chelso Sports o evento de 5 km e 10 km foi um sucesso. Confira os vencedores do 5 km e dos 10 km: Campe\u00f5es 5 Km (masculino)","og_url":"https:\/\/chelso.com.br\/site\/os-resultados-da-8a-edicao-da-sao-vicente-uacai-night-run\/","og_site_name":"Portal Chelso Sports","article_published_time":"2024-10-30T10:45:54+00:00","article_modified_time":"2024-11-01T17:20:54+00:00","og_image":[{"width":1024,"height":426,"url":"https:\/\/chelso.com.br\/site\/wp-content\/uploads\/2024\/10\/OSEGYIMOHDV0HJHQXXEE26IH7FFDD6KSNGFBESEPOM7Y3D7SAR-1024x426.png","type":"image\/png"}],"author":"Edilson Rodrigues","twitter_card":"summary_large_image","twitter_misc":{"Escrito por":"Edilson Rodrigues","Est. tempo de leitura":"2 minutos"},"schema":{"@context":"https:\/\/schema.org","@graph":[{"@type":"Article","@id":"https:\/\/chelso.com.br\/site\/os-resultados-da-8a-edicao-da-sao-vicente-uacai-night-run\/#article","isPartOf":{"@id":"https:\/\/chelso.com.br\/site\/os-resultados-da-8a-edicao-da-sao-vicente-uacai-night-run\/"},"author":{"name":"Edilson Rodrigues","@id":"https:\/\/chelso.com.br\/site\/#\/schema\/person\/a1e459f9cc882778a4f1367cb2ba51e3"},"headline":"Os resultados da 8\u00aa edi\u00e7\u00e3o da S\u00e3o Vicente Ua\u00e7a\u00ed Night Run","datePublished":"2024-10-30T10:45:54+00:00","dateModified":"2024-11-01T17:20:54+00:00","mainEntityOfPage":{"@id":"https:\/\/chelso.com.br\/site\/os-resultados-da-8a-edicao-da-sao-vicente-uacai-night-run\/"},"wordCount":189,"commentCount":0,"image":{"@id":"https:\/\/chelso.com.br\/site\/os-resultados-da-8a-edicao-da-sao-vicente-uacai-night-run\/#primaryimage"},"thumbnailUrl":"https:\/\/chelso.com.br\/site\/wp-content\/uploads\/2024\/10\/OSEGYIMOHDV0HJHQXXEE26IH7FFDD6KSNGFBESEPOM7Y3D7SAR.png","articleSection":["Not\u00edcias"],"inLanguage":"pt-BR","potentialAction":[{"@type":"CommentAction","name":"Comment","target":["https:\/\/chelso.com.br\/site\/os-resultados-da-8a-edicao-da-sao-vicente-uacai-night-run\/#respond"]}]},{"@type":"WebPage","@id":"https:\/\/chelso.com.br\/site\/os-resultados-da-8a-edicao-da-sao-vicente-uacai-night-run\/","url":"https:\/\/chelso.com.br\/site\/os-resultados-da-8a-edicao-da-sao-vicente-uacai-night-run\/","name":"Os resultados da 8\u00aa edi\u00e7\u00e3o da S\u00e3o Vicente Ua\u00e7a\u00ed Night Run - Portal Chelso Sports","isPartOf":{"@id":"https:\/\/chelso.com.br\/site\/#website"},"primaryImageOfPage":{"@id":"https:\/\/chelso.com.br\/site\/os-resultados-da-8a-edicao-da-sao-vicente-uacai-night-run\/#primaryimage"},"image":{"@id":"https:\/\/chelso.com.br\/site\/os-resultados-da-8a-edicao-da-sao-vicente-uacai-night-run\/#primaryimage"},"thumbnailUrl":"https:\/\/chelso.com.br\/site\/wp-content\/uploads\/2024\/10\/OSEGYIMOHDV0HJHQXXEE26IH7FFDD6KSNGFBESEPOM7Y3D7SAR.png","datePublished":"2024-10-30T10:45:54+00:00","dateModified":"2024-11-01T17:20:54+00:00","author":{"@id":"https:\/\/chelso.com.br\/site\/#\/schema\/person\/a1e459f9cc882778a4f1367cb2ba51e3"},"breadcrumb":{"@id":"https:\/\/chelso.com.br\/site\/os-resultados-da-8a-edicao-da-sao-vicente-uacai-night-run\/#breadcrumb"},"inLanguage":"pt-BR","potentialAction":[{"@type":"ReadAction","target":["https:\/\/chelso.com.br\/site\/os-resultados-da-8a-edicao-da-sao-vicente-uacai-night-run\/"]}]},{"@type":"ImageObject","inLanguage":"pt-BR","@id":"https:\/\/chelso.com.br\/site\/os-resultados-da-8a-edicao-da-sao-vicente-uacai-night-run\/#primaryimage","url":"https:\/\/chelso.com.br\/site\/wp-content\/uploads\/2024\/10\/OSEGYIMOHDV0HJHQXXEE26IH7FFDD6KSNGFBESEPOM7Y3D7SAR.png","contentUrl":"https:\/\/chelso.com.br\/site\/wp-content\/uploads\/2024\/10\/OSEGYIMOHDV0HJHQXXEE26IH7FFDD6KSNGFBESEPOM7Y3D7SAR.png","width":1900,"height":791},{"@type":"BreadcrumbList","@id":"https:\/\/chelso.com.br\/site\/os-resultados-da-8a-edicao-da-sao-vicente-uacai-night-run\/#breadcrumb","itemListElement":[{"@type":"ListItem","position":1,"name":"In\u00edcio","item":"https:\/\/chelso.com.br\/site\/"},{"@type":"ListItem","position":2,"name":"Os resultados da 8\u00aa edi\u00e7\u00e3o da S\u00e3o Vicente Ua\u00e7a\u00ed Night Run"}]},{"@type":"WebSite","@id":"https:\/\/chelso.com.br\/site\/#website","url":"https:\/\/chelso.com.br\/site\/","name":"Portal Chelso Sports","description":"Conte\u00fado especializado em corrida de rua e triathlon","potentialAction":[{"@type":"SearchAction","target":{"@type":"EntryPoint","urlTemplate":"https:\/\/chelso.com.br\/site\/?s={search_term_string}"},"query-input":{"@type":"PropertyValueSpecification","valueRequired":true,"valueName":"search_term_string"}}],"inLanguage":"pt-BR"},{"@type":"Person","@id":"https:\/\/chelso.com.br\/site\/#\/schema\/person\/a1e459f9cc882778a4f1367cb2ba51e3","name":"Edilson Rodrigues","image":{"@type":"ImageObject","inLanguage":"pt-BR","@id":"https:\/\/chelso.com.br\/site\/wp-content\/uploads\/2024\/09\/Captura-de-tela-2024-09-27-170323-150x150.png","url":"https:\/\/chelso.com.br\/site\/wp-content\/uploads\/2024\/09\/Captura-de-tela-2024-09-27-170323-150x150.png","contentUrl":"https:\/\/chelso.com.br\/site\/wp-content\/uploads\/2024\/09\/Captura-de-tela-2024-09-27-170323-150x150.png","caption":"Edilson Rodrigues"},"url":"https:\/\/chelso.com.br\/site\/author\/edilson\/"}]}},"amp_enabled":true,"_links":{"self":[{"href":"https:\/\/chelso.com.br\/site\/wp-json\/wp\/v2\/posts\/22006","targetHints":{"allow":["GET"]}}],"collection":[{"href":"https:\/\/chelso.com.br\/site\/wp-json\/wp\/v2\/posts"}],"about":[{"href":"https:\/\/chelso.com.br\/site\/wp-json\/wp\/v2\/types\/post"}],"author":[{"embeddable":true,"href":"https:\/\/chelso.com.br\/site\/wp-json\/wp\/v2\/users\/43"}],"replies":[{"embeddable":true,"href":"https:\/\/chelso.com.br\/site\/wp-json\/wp\/v2\/comments?post=22006"}],"version-history":[{"count":4,"href":"https:\/\/chelso.com.br\/site\/wp-json\/wp\/v2\/posts\/22006\/revisions"}],"predecessor-version":[{"id":22024,"href":"https:\/\/chelso.com.br\/site\/wp-json\/wp\/v2\/posts\/22006\/revisions\/22024"}],"wp:featuredmedia":[{"embeddable":true,"href":"https:\/\/chelso.com.br\/site\/wp-json\/wp\/v2\/media\/22007"}],"wp:attachment":[{"href":"https:\/\/chelso.com.br\/site\/wp-json\/wp\/v2\/media?parent=22006"}],"wp:term":[{"taxonomy":"category","embeddable":true,"href":"https:\/\/chelso.com.br\/site\/wp-json\/wp\/v2\/categories?post=22006"},{"taxonomy":"post_tag","embeddable":true,"href":"https:\/\/chelso.com.br\/site\/wp-json\/wp\/v2\/tags?post=22006"}],"curies":[{"name":"wp","href":"https:\/\/api.w.org\/{rel}","templated":true}]}}