{"id":22037,"date":"2024-11-05T07:25:15","date_gmt":"2024-11-05T10:25:15","guid":{"rendered":"https:\/\/chelso.com.br\/site\/?p=22037"},"modified":"2024-11-07T13:51:41","modified_gmt":"2024-11-07T16:51:41","slug":"copa-interior-de-thiathlon-2025-lancamento-oficial-nesta-quarta-feira-dia-6-de-novembro","status":"publish","type":"post","link":"https:\/\/chelso.com.br\/site\/copa-interior-de-thiathlon-2025-lancamento-oficial-nesta-quarta-feira-dia-6-de-novembro\/","title":{"rendered":"Copa Interior de Triathlon 2025: Lan\u00e7amento oficial na sexta, dia 8 de novembro"},"content":{"rendered":"<p style=\"text-align: center;\"><span style=\"color: #000000;\"><span style=\"font-family: Calibri, sans-serif;\"><span style=\"font-size: large;\">Preparem-se para os desafios da temporada 2025 da Copa Interior de Triathlon!<\/span><\/span><\/span><\/p>\n<p style=\"text-align: center;\"><span style=\"color: #000000;\"><span style=\"font-family: Calibri, sans-serif;\"><span style=\"font-size: large;\">Com a realiza\u00e7\u00e3o e a organiza\u00e7\u00e3o da Chelso Sports, o evento vai percorrer algumas das principais cidades do interior paulista com provas emocionantes de Triathlon, Duathlon e Aquathlon.<\/span><\/span><\/span><\/p>\n<p style=\"text-align: center;\"><span style=\"color: #000000;\"><span style=\"font-family: Calibri, sans-serif;\"><span style=\"font-size: large;\">Nesta sexta-feira, dia 8 de novembro, o link para inscri\u00e7\u00e3o ser\u00e1 enviando antecipadamente<\/span><\/span><\/span><span style=\"color: #000000;\"><span style=\"font-family: Calibri, sans-serif;\"><span style=\"font-size: large;\"> para todos os atletas que estiverem no Grupo VIP.<\/span><\/span><\/span><\/p>\n<p style=\"text-align: center;\"><span style=\"color: #000000;\"><span style=\"font-family: Calibri, sans-serif;\"><span style=\"font-size: large;\">As inscri\u00e7\u00f5es online <\/span><\/span><\/span><span style=\"color: #000000;\"><span style=\"font-family: Calibri, sans-serif;\"><span style=\"font-size: large;\">podem ser realizadas pelo site<\/span><\/span><\/span><span style=\"color: #000000;\"><span style=\"font-family: Calibri, sans-serif;\"><span style=\"font-size: large;\"><b>: <\/b><\/span><\/span><\/span><span style=\"color: #000000;\"><span style=\"font-family: Calibri, sans-serif;\"><span style=\"font-size: large;\"><a href=\"http:\/\/www.copainterior.com.br\/\">www.copainterior.com.br<\/a>.<\/span><\/span><\/span><\/p>\n<p><img fetchpriority=\"high\" decoding=\"async\" class=\"wp-image-22039 aligncenter\" src=\"https:\/\/chelso.com.br\/site\/wp-content\/uploads\/2024\/11\/WhatsApp-Image-2024-11-04-at-10.20.54-1-300x200.jpeg\" alt=\"\" width=\"488\" height=\"325\" srcset=\"https:\/\/chelso.com.br\/site\/wp-content\/uploads\/2024\/11\/WhatsApp-Image-2024-11-04-at-10.20.54-1-300x200.jpeg 300w, https:\/\/chelso.com.br\/site\/wp-content\/uploads\/2024\/11\/WhatsApp-Image-2024-11-04-at-10.20.54-1-1024x684.jpeg 1024w, https:\/\/chelso.com.br\/site\/wp-content\/uploads\/2024\/11\/WhatsApp-Image-2024-11-04-at-10.20.54-1-1536x1025.jpeg 1536w, https:\/\/chelso.com.br\/site\/wp-content\/uploads\/2024\/11\/WhatsApp-Image-2024-11-04-at-10.20.54-1-150x100.jpeg 150w, https:\/\/chelso.com.br\/site\/wp-content\/uploads\/2024\/11\/WhatsApp-Image-2024-11-04-at-10.20.54-1-450x300.jpeg 450w, https:\/\/chelso.com.br\/site\/wp-content\/uploads\/2024\/11\/WhatsApp-Image-2024-11-04-at-10.20.54-1-1200x801.jpeg 1200w, https:\/\/chelso.com.br\/site\/wp-content\/uploads\/2024\/11\/WhatsApp-Image-2024-11-04-at-10.20.54-1-768x513.jpeg 768w, https:\/\/chelso.com.br\/site\/wp-content\/uploads\/2024\/11\/WhatsApp-Image-2024-11-04-at-10.20.54-1.jpeg 1600w\" sizes=\"(max-width: 488px) 100vw, 488px\" \/><\/p>\n<p style=\"text-align: center;\"><span style=\"color: #000000;\"><span style=\"font-family: Calibri, sans-serif;\"><b><span style=\"font-size: large;\">Calend\u00e1rio das Provas em 2025<\/span><\/b><\/span><\/span><\/p>\n<p style=\"text-align: center;\"><span style=\"font-family: Calibri, sans-serif;\"><span style=\"font-size: large;\"><span style=\"color: #000000;\">Dia 9 de fevereiro \u2013 1\u00aa Etapa \u2013 Indaiatuba<\/span><\/span><\/span><\/p>\n<p style=\"text-align: center;\"><span style=\"font-family: Calibri, sans-serif;\"><span style=\"font-size: large;\"><span style=\"color: #000000;\">Dia 13 de abril \u2013 2\u00aa Etapa \u2013 S\u00e3o Pedro<\/span><\/span><\/span><\/p>\n<p style=\"text-align: center;\"><span style=\"font-family: Calibri, sans-serif;\"><span style=\"font-size: large;\"><span style=\"color: #000000;\">Dia 25 de maio \u2013 3\u00aa Etapa \u2013 Sorocaba<\/span><\/span><\/span><\/p>\n<p style=\"text-align: center;\"><span style=\"font-family: Calibri, sans-serif;\"><span style=\"font-size: large;\"><span style=\"color: #000000;\">Dia 5 de outubro \u2013 4\u00aa Etapa \u2013 Paul\u00ednia<\/span><\/span><\/span><\/p>\n<p style=\"text-align: center;\"><span style=\"font-family: Calibri, sans-serif;\"><span style=\"font-size: large;\"><span style=\"color: #000000;\">Dia 30 de novembro \u2013 5\u00aa Etapa \u2013 Itatiba<\/span><\/span><\/span><\/p>\n<p><img decoding=\"async\" class=\"wp-image-22040 aligncenter\" src=\"https:\/\/chelso.com.br\/site\/wp-content\/uploads\/2024\/11\/WhatsApp-Image-2024-11-04-at-10.20.54-300x200.jpeg\" alt=\"\" width=\"496\" height=\"330\" srcset=\"https:\/\/chelso.com.br\/site\/wp-content\/uploads\/2024\/11\/WhatsApp-Image-2024-11-04-at-10.20.54-300x200.jpeg 300w, https:\/\/chelso.com.br\/site\/wp-content\/uploads\/2024\/11\/WhatsApp-Image-2024-11-04-at-10.20.54-1024x684.jpeg 1024w, https:\/\/chelso.com.br\/site\/wp-content\/uploads\/2024\/11\/WhatsApp-Image-2024-11-04-at-10.20.54-1536x1025.jpeg 1536w, https:\/\/chelso.com.br\/site\/wp-content\/uploads\/2024\/11\/WhatsApp-Image-2024-11-04-at-10.20.54-150x100.jpeg 150w, https:\/\/chelso.com.br\/site\/wp-content\/uploads\/2024\/11\/WhatsApp-Image-2024-11-04-at-10.20.54-450x300.jpeg 450w, https:\/\/chelso.com.br\/site\/wp-content\/uploads\/2024\/11\/WhatsApp-Image-2024-11-04-at-10.20.54-1200x801.jpeg 1200w, https:\/\/chelso.com.br\/site\/wp-content\/uploads\/2024\/11\/WhatsApp-Image-2024-11-04-at-10.20.54-768x513.jpeg 768w, https:\/\/chelso.com.br\/site\/wp-content\/uploads\/2024\/11\/WhatsApp-Image-2024-11-04-at-10.20.54.jpeg 1600w\" sizes=\"(max-width: 496px) 100vw, 496px\" \/><\/p>\n<p style=\"text-align: center;\"><span style=\"color: #000000;\"><span style=\"font-family: Calibri, sans-serif;\"><span style=\"font-size: large;\"><b>Informa\u00e7\u00f5es gerais:<\/b><\/span><\/span><\/span><\/p>\n<p style=\"text-align: center;\"><span style=\"color: #000000;\"><span style=\"font-family: Calibri, sans-serif;\"><span style=\"font-size: large;\"><b>Dist\u00e2ncias: <\/b><\/span><\/span><\/span><\/p>\n<p style=\"text-align: center;\"><span style=\"color: #000000;\"><span style=\"font-family: Calibri, sans-serif;\"><span style=\"font-size: large;\"><b>TRIATH<\/b><b>L<\/b><b>ON:<\/b> <\/span><\/span><\/span><\/p>\n<p style=\"text-align: center;\"><span style=\"color: #000000;\"><span style=\"font-family: Calibri, sans-serif;\"><span style=\"font-size: large;\">Fitness: 375 m de nata\u00e7\u00e3o + 5 km de bike + 2 km de corrida; <\/span><\/span><\/span><\/p>\n<p style=\"text-align: center;\"><span style=\"color: #000000;\"><span style=\"font-family: Calibri, sans-serif;\"><span style=\"font-size: large;\">Sprint: 750 m de nata\u00e7\u00e3o + 20 km de bike + 5 km de corrida;<\/span><\/span><\/span><\/p>\n<p style=\"text-align: center;\"><span style=\"color: #000000;\"><span style=\"font-family: Calibri, sans-serif;\"><span style=\"font-size: large;\">Ol\u00edmpico: 1.500 m de nata\u00e7\u00e3o + 40 km de bike + 10 km de corrida. <\/span><\/span><\/span><\/p>\n<p style=\"text-align: center;\"><span style=\"color: #000000;\"><span style=\"font-family: Calibri, sans-serif;\"><span style=\"font-size: large;\"><b>DUATHLON: <\/b><\/span><\/span><\/span><\/p>\n<p style=\"text-align: center;\"><span style=\"color: #000000;\"><span style=\"font-family: Calibri, sans-serif;\"><span style=\"font-size: large;\">Fitness: 1 km de corrida + 5 km de bike + 2 km de corrida; <\/span><\/span><\/span><\/p>\n<p style=\"text-align: center;\"><span style=\"color: #000000;\"><span style=\"font-family: Calibri, sans-serif;\"><span style=\"font-size: large;\">Sprint: 2,5 km de corrida + 20 km de bike + 5 km de corrida; <\/span><\/span><\/span><\/p>\n<p style=\"text-align: center;\"><span style=\"color: #000000;\"><span style=\"font-family: Calibri, sans-serif;\"><span style=\"font-size: large;\">Ol\u00edmpico: 5 km de corrida + 40 km de bike + 10 km de corrida. <\/span><\/span><\/span><\/p>\n<p style=\"text-align: center;\"><span style=\"color: #000000;\"><span style=\"font-family: Calibri, sans-serif;\"><span style=\"font-size: large;\"><b>AQUATHLON: <\/b><\/span><\/span><\/span><\/p>\n<p style=\"text-align: center;\"><span style=\"color: #000000;\"><span style=\"font-family: Calibri, sans-serif;\"><span style=\"font-size: large;\">Fitness: 375 m de nata\u00e7\u00e3o + 2 km de corrida; <\/span><\/span><\/span><\/p>\n<p style=\"text-align: center;\"><span style=\"color: #000000;\"><span style=\"font-family: Calibri, sans-serif;\"><span style=\"font-size: large;\">Sprint: 750 m de nata\u00e7\u00e3o + 5 km de corrida; <\/span><\/span><\/span><\/p>\n<p style=\"text-align: center;\"><span style=\"color: #000000;\"><span style=\"font-family: Calibri, sans-serif;\"><span style=\"font-size: large;\">Ol\u00edmpico: 1.500 m de nata\u00e7\u00e3o + 10 km de corrida. <\/span><\/span><\/span><\/p>\n<p style=\"text-align: center;\"><span style=\"color: #000000;\"><span style=\"font-family: Calibri, sans-serif;\"><span style=\"font-size: large;\"><b>Idade m\u00ednima:<\/b><\/span><\/span><\/span><\/p>\n<p style=\"text-align: center;\"><span style=\"color: #000000;\"><span style=\"font-family: Calibri, sans-serif;\"><span style=\"font-size: large;\">Dist\u00e2ncia fitness: 13 anos;<\/span><\/span><\/span><\/p>\n<p style=\"text-align: center;\"><span style=\"color: #000000;\"><span style=\"font-family: Calibri, sans-serif;\"><span style=\"font-size: large;\">Dist\u00e2ncia Sprint: 16 anos;<\/span><\/span><\/span><\/p>\n<p style=\"text-align: center;\"><span style=\"color: #000000;\"><span style=\"font-family: Calibri, sans-serif;\"><span style=\"font-size: large;\">Dist\u00e2ncia Ol\u00edmpica: 18 anos.<\/span><\/span><\/span><\/p>\n<p><img decoding=\"async\" class=\"wp-image-22041 aligncenter\" src=\"https:\/\/chelso.com.br\/site\/wp-content\/uploads\/2024\/11\/WhatsApp-Image-2024-11-04-at-10.20.53-300x200.jpeg\" alt=\"\" width=\"452\" height=\"301\" srcset=\"https:\/\/chelso.com.br\/site\/wp-content\/uploads\/2024\/11\/WhatsApp-Image-2024-11-04-at-10.20.53-300x200.jpeg 300w, https:\/\/chelso.com.br\/site\/wp-content\/uploads\/2024\/11\/WhatsApp-Image-2024-11-04-at-10.20.53-1024x682.jpeg 1024w, https:\/\/chelso.com.br\/site\/wp-content\/uploads\/2024\/11\/WhatsApp-Image-2024-11-04-at-10.20.53-1536x1023.jpeg 1536w, https:\/\/chelso.com.br\/site\/wp-content\/uploads\/2024\/11\/WhatsApp-Image-2024-11-04-at-10.20.53-150x100.jpeg 150w, https:\/\/chelso.com.br\/site\/wp-content\/uploads\/2024\/11\/WhatsApp-Image-2024-11-04-at-10.20.53-450x300.jpeg 450w, https:\/\/chelso.com.br\/site\/wp-content\/uploads\/2024\/11\/WhatsApp-Image-2024-11-04-at-10.20.53-1200x800.jpeg 1200w, https:\/\/chelso.com.br\/site\/wp-content\/uploads\/2024\/11\/WhatsApp-Image-2024-11-04-at-10.20.53-768x512.jpeg 768w, https:\/\/chelso.com.br\/site\/wp-content\/uploads\/2024\/11\/WhatsApp-Image-2024-11-04-at-10.20.53.jpeg 1600w\" sizes=\"(max-width: 452px) 100vw, 452px\" \/><\/p>\n<p style=\"text-align: center;\"><span style=\"color: #000000;\"><span style=\"font-family: Calibri, sans-serif;\"><span style=\"font-size: large;\"><b>Sobre a <\/b><b>16\u00aa <\/b><b>Copa Interior de Triathlon<\/b><\/span><\/span><\/span><\/p>\n<p style=\"text-align: center;\"><span style=\"color: #000000;\"><span style=\"font-family: Calibri, sans-serif;\"><span style=\"font-size: large;\">A Copa Interior de Triathlon tem o objetivo de levar provas de v\u00e1rias modalidades para o interior de S\u00e3o Paulo. <\/span><\/span><\/span><\/p>\n<p style=\"text-align: center;\"><span style=\"color: #000000;\"><span style=\"font-family: Calibri, sans-serif;\"><span style=\"font-size: large;\">Ao passar por v\u00e1rias cidades, a Copa Interior oferece diferentes dist\u00e2ncias e modalidades, desde o n\u00edvel Fitness, voltado para atletas iniciantes, at\u00e9 o n\u00edvel Ol\u00edmpico, com dist\u00e2ncias mais longas para promover uma competi\u00e7\u00e3o saud\u00e1vel entre os atletas. A Copa oferece premia\u00e7\u00f5es por categoria em todas as etapas, al\u00e9m de uma premia\u00e7\u00e3o geral ao final do circuito.<\/span><\/span><\/span><\/p>\n<p style=\"text-align: center;\"><span style=\"color: #000000;\"><span style=\"font-family: Calibri, sans-serif;\"><span style=\"font-size: large;\">As provas contam com uma estrutura de alta qualidade para proporcionar uma experi\u00eancia completa aos participantes. Al\u00e9m disso, a Copa Interior estabeleceu parcerias com diversas prefeituras locais, o que contribui para democratizar as provas de v\u00e1rias modalidades no interior de S\u00e3o Paulo.<\/span><\/span><\/span><\/p>\n","protected":false},"excerpt":{"rendered":"<p>Preparem-se para os desafios da temporada 2025 da Copa Interior de Triathlon! Com a realiza\u00e7\u00e3o e a organiza\u00e7\u00e3o da Chelso Sports, o evento vai percorrer algumas das principais cidades do interior paulista com provas emocionantes de Triathlon, Duathlon e Aquathlon. Nesta sexta-feira, dia 8 de novembro, o link para inscri\u00e7\u00e3o ser\u00e1 enviando antecipadamente para todos<\/p>\n","protected":false},"author":43,"featured_media":22038,"comment_status":"open","ping_status":"closed","sticky":false,"template":"","format":"standard","meta":{"om_disable_all_campaigns":false,"_monsterinsights_skip_tracking":false,"_monsterinsights_sitenote_active":false,"_monsterinsights_sitenote_note":"","_monsterinsights_sitenote_category":0,"footnotes":""},"categories":[30],"tags":[],"class_list":{"0":"post-22037","1":"post","2":"type-post","3":"status-publish","4":"format-standard","5":"has-post-thumbnail","7":"category-noticias"},"aioseo_notices":[],"yoast_head":"<!-- This site is optimized with the Yoast SEO plugin v27.5 - https:\/\/yoast.com\/product\/yoast-seo-wordpress\/ -->\n<title>Copa Interior de Triathlon 2025: Lan\u00e7amento oficial na sexta, dia 8 de novembro - Portal Chelso Sports<\/title>\n<meta name=\"robots\" content=\"index, follow, max-snippet:-1, max-image-preview:large, max-video-preview:-1\" \/>\n<link rel=\"canonical\" href=\"https:\/\/chelso.com.br\/site\/copa-interior-de-thiathlon-2025-lancamento-oficial-nesta-quarta-feira-dia-6-de-novembro\/\" \/>\n<meta property=\"og:locale\" content=\"pt_BR\" \/>\n<meta property=\"og:type\" content=\"article\" \/>\n<meta property=\"og:title\" content=\"Copa Interior de Triathlon 2025: Lan\u00e7amento oficial na sexta, dia 8 de novembro - Portal Chelso Sports\" \/>\n<meta property=\"og:description\" content=\"Preparem-se para os desafios da temporada 2025 da Copa Interior de Triathlon! Com a realiza\u00e7\u00e3o e a organiza\u00e7\u00e3o da Chelso Sports, o evento vai percorrer algumas das principais cidades do interior paulista com provas emocionantes de Triathlon, Duathlon e Aquathlon. Nesta sexta-feira, dia 8 de novembro, o link para inscri\u00e7\u00e3o ser\u00e1 enviando antecipadamente para todos\" \/>\n<meta property=\"og:url\" content=\"https:\/\/chelso.com.br\/site\/copa-interior-de-thiathlon-2025-lancamento-oficial-nesta-quarta-feira-dia-6-de-novembro\/\" \/>\n<meta property=\"og:site_name\" content=\"Portal Chelso Sports\" \/>\n<meta property=\"article:published_time\" content=\"2024-11-05T10:25:15+00:00\" \/>\n<meta property=\"article:modified_time\" content=\"2024-11-07T16:51:41+00:00\" \/>\n<meta property=\"og:image\" content=\"https:\/\/chelso.com.br\/site\/wp-content\/uploads\/2024\/11\/WhatsApp-Image-2024-11-04-at-10.20.54-2.jpeg\" \/>\n\t<meta property=\"og:image:width\" content=\"1600\" \/>\n\t<meta property=\"og:image:height\" content=\"1068\" \/>\n\t<meta property=\"og:image:type\" content=\"image\/jpeg\" \/>\n<meta name=\"author\" content=\"Edilson Rodrigues\" \/>\n<meta name=\"twitter:card\" content=\"summary_large_image\" \/>\n<meta name=\"twitter:label1\" content=\"Escrito por\" \/>\n\t<meta name=\"twitter:data1\" content=\"Edilson Rodrigues\" \/>\n\t<meta name=\"twitter:label2\" content=\"Est. tempo de leitura\" \/>\n\t<meta name=\"twitter:data2\" content=\"3 minutos\" \/>\n<script type=\"application\/ld+json\" class=\"yoast-schema-graph\">{\"@context\":\"https:\\\/\\\/schema.org\",\"@graph\":[{\"@type\":\"Article\",\"@id\":\"https:\\\/\\\/chelso.com.br\\\/site\\\/copa-interior-de-thiathlon-2025-lancamento-oficial-nesta-quarta-feira-dia-6-de-novembro\\\/#article\",\"isPartOf\":{\"@id\":\"https:\\\/\\\/chelso.com.br\\\/site\\\/copa-interior-de-thiathlon-2025-lancamento-oficial-nesta-quarta-feira-dia-6-de-novembro\\\/\"},\"author\":{\"name\":\"Edilson Rodrigues\",\"@id\":\"https:\\\/\\\/chelso.com.br\\\/site\\\/#\\\/schema\\\/person\\\/a1e459f9cc882778a4f1367cb2ba51e3\"},\"headline\":\"Copa Interior de Triathlon 2025: Lan\u00e7amento oficial na sexta, dia 8 de novembro\",\"datePublished\":\"2024-11-05T10:25:15+00:00\",\"dateModified\":\"2024-11-07T16:51:41+00:00\",\"mainEntityOfPage\":{\"@id\":\"https:\\\/\\\/chelso.com.br\\\/site\\\/copa-interior-de-thiathlon-2025-lancamento-oficial-nesta-quarta-feira-dia-6-de-novembro\\\/\"},\"wordCount\":378,\"commentCount\":0,\"image\":{\"@id\":\"https:\\\/\\\/chelso.com.br\\\/site\\\/copa-interior-de-thiathlon-2025-lancamento-oficial-nesta-quarta-feira-dia-6-de-novembro\\\/#primaryimage\"},\"thumbnailUrl\":\"https:\\\/\\\/chelso.com.br\\\/site\\\/wp-content\\\/uploads\\\/2024\\\/11\\\/WhatsApp-Image-2024-11-04-at-10.20.54-2.jpeg\",\"articleSection\":[\"Not\u00edcias\"],\"inLanguage\":\"pt-BR\",\"potentialAction\":[{\"@type\":\"CommentAction\",\"name\":\"Comment\",\"target\":[\"https:\\\/\\\/chelso.com.br\\\/site\\\/copa-interior-de-thiathlon-2025-lancamento-oficial-nesta-quarta-feira-dia-6-de-novembro\\\/#respond\"]}]},{\"@type\":\"WebPage\",\"@id\":\"https:\\\/\\\/chelso.com.br\\\/site\\\/copa-interior-de-thiathlon-2025-lancamento-oficial-nesta-quarta-feira-dia-6-de-novembro\\\/\",\"url\":\"https:\\\/\\\/chelso.com.br\\\/site\\\/copa-interior-de-thiathlon-2025-lancamento-oficial-nesta-quarta-feira-dia-6-de-novembro\\\/\",\"name\":\"Copa Interior de Triathlon 2025: Lan\u00e7amento oficial na sexta, dia 8 de novembro - Portal Chelso Sports\",\"isPartOf\":{\"@id\":\"https:\\\/\\\/chelso.com.br\\\/site\\\/#website\"},\"primaryImageOfPage\":{\"@id\":\"https:\\\/\\\/chelso.com.br\\\/site\\\/copa-interior-de-thiathlon-2025-lancamento-oficial-nesta-quarta-feira-dia-6-de-novembro\\\/#primaryimage\"},\"image\":{\"@id\":\"https:\\\/\\\/chelso.com.br\\\/site\\\/copa-interior-de-thiathlon-2025-lancamento-oficial-nesta-quarta-feira-dia-6-de-novembro\\\/#primaryimage\"},\"thumbnailUrl\":\"https:\\\/\\\/chelso.com.br\\\/site\\\/wp-content\\\/uploads\\\/2024\\\/11\\\/WhatsApp-Image-2024-11-04-at-10.20.54-2.jpeg\",\"datePublished\":\"2024-11-05T10:25:15+00:00\",\"dateModified\":\"2024-11-07T16:51:41+00:00\",\"author\":{\"@id\":\"https:\\\/\\\/chelso.com.br\\\/site\\\/#\\\/schema\\\/person\\\/a1e459f9cc882778a4f1367cb2ba51e3\"},\"breadcrumb\":{\"@id\":\"https:\\\/\\\/chelso.com.br\\\/site\\\/copa-interior-de-thiathlon-2025-lancamento-oficial-nesta-quarta-feira-dia-6-de-novembro\\\/#breadcrumb\"},\"inLanguage\":\"pt-BR\",\"potentialAction\":[{\"@type\":\"ReadAction\",\"target\":[\"https:\\\/\\\/chelso.com.br\\\/site\\\/copa-interior-de-thiathlon-2025-lancamento-oficial-nesta-quarta-feira-dia-6-de-novembro\\\/\"]}]},{\"@type\":\"ImageObject\",\"inLanguage\":\"pt-BR\",\"@id\":\"https:\\\/\\\/chelso.com.br\\\/site\\\/copa-interior-de-thiathlon-2025-lancamento-oficial-nesta-quarta-feira-dia-6-de-novembro\\\/#primaryimage\",\"url\":\"https:\\\/\\\/chelso.com.br\\\/site\\\/wp-content\\\/uploads\\\/2024\\\/11\\\/WhatsApp-Image-2024-11-04-at-10.20.54-2.jpeg\",\"contentUrl\":\"https:\\\/\\\/chelso.com.br\\\/site\\\/wp-content\\\/uploads\\\/2024\\\/11\\\/WhatsApp-Image-2024-11-04-at-10.20.54-2.jpeg\",\"width\":1600,\"height\":1068},{\"@type\":\"BreadcrumbList\",\"@id\":\"https:\\\/\\\/chelso.com.br\\\/site\\\/copa-interior-de-thiathlon-2025-lancamento-oficial-nesta-quarta-feira-dia-6-de-novembro\\\/#breadcrumb\",\"itemListElement\":[{\"@type\":\"ListItem\",\"position\":1,\"name\":\"In\u00edcio\",\"item\":\"https:\\\/\\\/chelso.com.br\\\/site\\\/\"},{\"@type\":\"ListItem\",\"position\":2,\"name\":\"Copa Interior de Triathlon 2025: Lan\u00e7amento oficial na sexta, dia 8 de novembro\"}]},{\"@type\":\"WebSite\",\"@id\":\"https:\\\/\\\/chelso.com.br\\\/site\\\/#website\",\"url\":\"https:\\\/\\\/chelso.com.br\\\/site\\\/\",\"name\":\"Portal Chelso Sports\",\"description\":\"Conte\u00fado especializado em corrida de rua e triathlon\",\"potentialAction\":[{\"@type\":\"SearchAction\",\"target\":{\"@type\":\"EntryPoint\",\"urlTemplate\":\"https:\\\/\\\/chelso.com.br\\\/site\\\/?s={search_term_string}\"},\"query-input\":{\"@type\":\"PropertyValueSpecification\",\"valueRequired\":true,\"valueName\":\"search_term_string\"}}],\"inLanguage\":\"pt-BR\"},{\"@type\":\"Person\",\"@id\":\"https:\\\/\\\/chelso.com.br\\\/site\\\/#\\\/schema\\\/person\\\/a1e459f9cc882778a4f1367cb2ba51e3\",\"name\":\"Edilson Rodrigues\",\"image\":{\"@type\":\"ImageObject\",\"inLanguage\":\"pt-BR\",\"@id\":\"https:\\\/\\\/chelso.com.br\\\/site\\\/wp-content\\\/uploads\\\/2024\\\/09\\\/Captura-de-tela-2024-09-27-170323-150x150.png\",\"url\":\"https:\\\/\\\/chelso.com.br\\\/site\\\/wp-content\\\/uploads\\\/2024\\\/09\\\/Captura-de-tela-2024-09-27-170323-150x150.png\",\"contentUrl\":\"https:\\\/\\\/chelso.com.br\\\/site\\\/wp-content\\\/uploads\\\/2024\\\/09\\\/Captura-de-tela-2024-09-27-170323-150x150.png\",\"caption\":\"Edilson Rodrigues\"},\"url\":\"https:\\\/\\\/chelso.com.br\\\/site\\\/author\\\/edilson\\\/\"}]}<\/script>\n<!-- \/ Yoast SEO plugin. -->","yoast_head_json":{"title":"Copa Interior de Triathlon 2025: Lan\u00e7amento oficial na sexta, dia 8 de novembro - Portal Chelso Sports","robots":{"index":"index","follow":"follow","max-snippet":"max-snippet:-1","max-image-preview":"max-image-preview:large","max-video-preview":"max-video-preview:-1"},"canonical":"https:\/\/chelso.com.br\/site\/copa-interior-de-thiathlon-2025-lancamento-oficial-nesta-quarta-feira-dia-6-de-novembro\/","og_locale":"pt_BR","og_type":"article","og_title":"Copa Interior de Triathlon 2025: Lan\u00e7amento oficial na sexta, dia 8 de novembro - Portal Chelso Sports","og_description":"Preparem-se para os desafios da temporada 2025 da Copa Interior de Triathlon! Com a realiza\u00e7\u00e3o e a organiza\u00e7\u00e3o da Chelso Sports, o evento vai percorrer algumas das principais cidades do interior paulista com provas emocionantes de Triathlon, Duathlon e Aquathlon. Nesta sexta-feira, dia 8 de novembro, o link para inscri\u00e7\u00e3o ser\u00e1 enviando antecipadamente para todos","og_url":"https:\/\/chelso.com.br\/site\/copa-interior-de-thiathlon-2025-lancamento-oficial-nesta-quarta-feira-dia-6-de-novembro\/","og_site_name":"Portal Chelso Sports","article_published_time":"2024-11-05T10:25:15+00:00","article_modified_time":"2024-11-07T16:51:41+00:00","og_image":[{"width":1600,"height":1068,"url":"https:\/\/chelso.com.br\/site\/wp-content\/uploads\/2024\/11\/WhatsApp-Image-2024-11-04-at-10.20.54-2.jpeg","type":"image\/jpeg"}],"author":"Edilson Rodrigues","twitter_card":"summary_large_image","twitter_misc":{"Escrito por":"Edilson Rodrigues","Est. tempo de leitura":"3 minutos"},"schema":{"@context":"https:\/\/schema.org","@graph":[{"@type":"Article","@id":"https:\/\/chelso.com.br\/site\/copa-interior-de-thiathlon-2025-lancamento-oficial-nesta-quarta-feira-dia-6-de-novembro\/#article","isPartOf":{"@id":"https:\/\/chelso.com.br\/site\/copa-interior-de-thiathlon-2025-lancamento-oficial-nesta-quarta-feira-dia-6-de-novembro\/"},"author":{"name":"Edilson Rodrigues","@id":"https:\/\/chelso.com.br\/site\/#\/schema\/person\/a1e459f9cc882778a4f1367cb2ba51e3"},"headline":"Copa Interior de Triathlon 2025: Lan\u00e7amento oficial na sexta, dia 8 de novembro","datePublished":"2024-11-05T10:25:15+00:00","dateModified":"2024-11-07T16:51:41+00:00","mainEntityOfPage":{"@id":"https:\/\/chelso.com.br\/site\/copa-interior-de-thiathlon-2025-lancamento-oficial-nesta-quarta-feira-dia-6-de-novembro\/"},"wordCount":378,"commentCount":0,"image":{"@id":"https:\/\/chelso.com.br\/site\/copa-interior-de-thiathlon-2025-lancamento-oficial-nesta-quarta-feira-dia-6-de-novembro\/#primaryimage"},"thumbnailUrl":"https:\/\/chelso.com.br\/site\/wp-content\/uploads\/2024\/11\/WhatsApp-Image-2024-11-04-at-10.20.54-2.jpeg","articleSection":["Not\u00edcias"],"inLanguage":"pt-BR","potentialAction":[{"@type":"CommentAction","name":"Comment","target":["https:\/\/chelso.com.br\/site\/copa-interior-de-thiathlon-2025-lancamento-oficial-nesta-quarta-feira-dia-6-de-novembro\/#respond"]}]},{"@type":"WebPage","@id":"https:\/\/chelso.com.br\/site\/copa-interior-de-thiathlon-2025-lancamento-oficial-nesta-quarta-feira-dia-6-de-novembro\/","url":"https:\/\/chelso.com.br\/site\/copa-interior-de-thiathlon-2025-lancamento-oficial-nesta-quarta-feira-dia-6-de-novembro\/","name":"Copa Interior de Triathlon 2025: Lan\u00e7amento oficial na sexta, dia 8 de novembro - Portal Chelso Sports","isPartOf":{"@id":"https:\/\/chelso.com.br\/site\/#website"},"primaryImageOfPage":{"@id":"https:\/\/chelso.com.br\/site\/copa-interior-de-thiathlon-2025-lancamento-oficial-nesta-quarta-feira-dia-6-de-novembro\/#primaryimage"},"image":{"@id":"https:\/\/chelso.com.br\/site\/copa-interior-de-thiathlon-2025-lancamento-oficial-nesta-quarta-feira-dia-6-de-novembro\/#primaryimage"},"thumbnailUrl":"https:\/\/chelso.com.br\/site\/wp-content\/uploads\/2024\/11\/WhatsApp-Image-2024-11-04-at-10.20.54-2.jpeg","datePublished":"2024-11-05T10:25:15+00:00","dateModified":"2024-11-07T16:51:41+00:00","author":{"@id":"https:\/\/chelso.com.br\/site\/#\/schema\/person\/a1e459f9cc882778a4f1367cb2ba51e3"},"breadcrumb":{"@id":"https:\/\/chelso.com.br\/site\/copa-interior-de-thiathlon-2025-lancamento-oficial-nesta-quarta-feira-dia-6-de-novembro\/#breadcrumb"},"inLanguage":"pt-BR","potentialAction":[{"@type":"ReadAction","target":["https:\/\/chelso.com.br\/site\/copa-interior-de-thiathlon-2025-lancamento-oficial-nesta-quarta-feira-dia-6-de-novembro\/"]}]},{"@type":"ImageObject","inLanguage":"pt-BR","@id":"https:\/\/chelso.com.br\/site\/copa-interior-de-thiathlon-2025-lancamento-oficial-nesta-quarta-feira-dia-6-de-novembro\/#primaryimage","url":"https:\/\/chelso.com.br\/site\/wp-content\/uploads\/2024\/11\/WhatsApp-Image-2024-11-04-at-10.20.54-2.jpeg","contentUrl":"https:\/\/chelso.com.br\/site\/wp-content\/uploads\/2024\/11\/WhatsApp-Image-2024-11-04-at-10.20.54-2.jpeg","width":1600,"height":1068},{"@type":"BreadcrumbList","@id":"https:\/\/chelso.com.br\/site\/copa-interior-de-thiathlon-2025-lancamento-oficial-nesta-quarta-feira-dia-6-de-novembro\/#breadcrumb","itemListElement":[{"@type":"ListItem","position":1,"name":"In\u00edcio","item":"https:\/\/chelso.com.br\/site\/"},{"@type":"ListItem","position":2,"name":"Copa Interior de Triathlon 2025: Lan\u00e7amento oficial na sexta, dia 8 de novembro"}]},{"@type":"WebSite","@id":"https:\/\/chelso.com.br\/site\/#website","url":"https:\/\/chelso.com.br\/site\/","name":"Portal Chelso Sports","description":"Conte\u00fado especializado em corrida de rua e triathlon","potentialAction":[{"@type":"SearchAction","target":{"@type":"EntryPoint","urlTemplate":"https:\/\/chelso.com.br\/site\/?s={search_term_string}"},"query-input":{"@type":"PropertyValueSpecification","valueRequired":true,"valueName":"search_term_string"}}],"inLanguage":"pt-BR"},{"@type":"Person","@id":"https:\/\/chelso.com.br\/site\/#\/schema\/person\/a1e459f9cc882778a4f1367cb2ba51e3","name":"Edilson Rodrigues","image":{"@type":"ImageObject","inLanguage":"pt-BR","@id":"https:\/\/chelso.com.br\/site\/wp-content\/uploads\/2024\/09\/Captura-de-tela-2024-09-27-170323-150x150.png","url":"https:\/\/chelso.com.br\/site\/wp-content\/uploads\/2024\/09\/Captura-de-tela-2024-09-27-170323-150x150.png","contentUrl":"https:\/\/chelso.com.br\/site\/wp-content\/uploads\/2024\/09\/Captura-de-tela-2024-09-27-170323-150x150.png","caption":"Edilson Rodrigues"},"url":"https:\/\/chelso.com.br\/site\/author\/edilson\/"}]}},"amp_enabled":true,"_links":{"self":[{"href":"https:\/\/chelso.com.br\/site\/wp-json\/wp\/v2\/posts\/22037","targetHints":{"allow":["GET"]}}],"collection":[{"href":"https:\/\/chelso.com.br\/site\/wp-json\/wp\/v2\/posts"}],"about":[{"href":"https:\/\/chelso.com.br\/site\/wp-json\/wp\/v2\/types\/post"}],"author":[{"embeddable":true,"href":"https:\/\/chelso.com.br\/site\/wp-json\/wp\/v2\/users\/43"}],"replies":[{"embeddable":true,"href":"https:\/\/chelso.com.br\/site\/wp-json\/wp\/v2\/comments?post=22037"}],"version-history":[{"count":5,"href":"https:\/\/chelso.com.br\/site\/wp-json\/wp\/v2\/posts\/22037\/revisions"}],"predecessor-version":[{"id":22055,"href":"https:\/\/chelso.com.br\/site\/wp-json\/wp\/v2\/posts\/22037\/revisions\/22055"}],"wp:featuredmedia":[{"embeddable":true,"href":"https:\/\/chelso.com.br\/site\/wp-json\/wp\/v2\/media\/22038"}],"wp:attachment":[{"href":"https:\/\/chelso.com.br\/site\/wp-json\/wp\/v2\/media?parent=22037"}],"wp:term":[{"taxonomy":"category","embeddable":true,"href":"https:\/\/chelso.com.br\/site\/wp-json\/wp\/v2\/categories?post=22037"},{"taxonomy":"post_tag","embeddable":true,"href":"https:\/\/chelso.com.br\/site\/wp-json\/wp\/v2\/tags?post=22037"}],"curies":[{"name":"wp","href":"https:\/\/api.w.org\/{rel}","templated":true}]}}